{"id":98396,"date":"2021-10-23T00:00:00","date_gmt":"2021-10-23T02:00:00","guid":{"rendered":"http:\/\/pre.boxrepsol.com\/uncategorized\/espargaro-to-start-fourth-at-misano\/"},"modified":"2021-10-23T00:00:00","modified_gmt":"2021-10-23T02:00:00","slug":"espargaro-to-start-fourth-at-misano","status":"publish","type":"post","link":"https:\/\/www.boxrepsol.com\/en\/motogp-en\/espargaro-to-start-fourth-at-misano\/","title":{"rendered":"Espargar\u00f3 to start fourth at Misano"},"content":{"rendered":"<p>Fog, cold and a light rain were present throughout the day at <strong>Misano.<\/strong> This forced the <strong>MotoGP<\/strong> riders to ride cautiously from the start of FP3, both with slick and wet tyres, in a session in which there were several crashes.<\/p>\n<p><strong>Pol Espargar\u00f3<\/strong> went straight into Q2 after setting the sixth best time in FP3. In Q2, he kept up his pace and made steady improvement to rise up the timesheets.<\/p>\n<p>As the chequered flag fell, he dropped from third to fourth by just 0.183s, with a best time of 1:33.313.<\/p>\n<p>Just like his teammate, <strong>Marc M\u00e1rquez<\/strong> also qualified directly for Q2. The <strong>Repsol Honda<\/strong> team rider suffered a crash during Q2 that prevented him from improving his times.<\/p>\n<p>He will start from the third row tomorrow, after setting a best time of 1:33.850.<\/p>\n<h3>Rider Statements<\/h3>\n<p><a href=\"https:\/\/twitter.com\/search?q=%23MM93&amp;src=hashtag_click\" target=\"_blank\" rel=\"noopener\">#MM93<\/a><\/p>\n<p>&#8220;If we look at the final time sheets, today wasn\u2019t a bad day as seventh place is more or less our position here, like Misano 1. But it\u2019s true that I wasn\u2019t able to take profit from the situation and I couldn\u2019t perform how I wanted to. In Q2 I already had a big warning in the first lap and then I did an OK lap but when I tried to push for something more the feeling wasn\u2019t there. In the past I enjoyed saving crashes, but the save I made today was not as fun as the position was a lot more extreme and it caused me to lose some confidence. On the last lap I said \u2018ok, maybe I crash\u2019 and I crashed. For tomorrow it\u2019s looking like more normal conditions so I think we can put together a good race but maybe the podium is one step too far at the moment.&#8221;<\/p>\n<p><a href=\"https:\/\/twitter.com\/search?q=%23POL44&amp;src=hashtag_click\" target=\"_blank\" rel=\"noopener\">#POL44<\/a><\/p>\n<p>&#8220;The conditions today were super tricky. In the morning in the wet I was really struggling to put one whole lap together and I really had to risk a lot to get into Q2. But for sure it was good to achieve this, it was a weight off my shoulders. All today we saw how tough it was and Q1 was even worse. I was quite confident going into Q2 because I knew in the dry I was ahead of a lot of riders, even if the conditions were still difficult. If you went just a tiny bit wide the track was wet, it was tough but I am really happy. The first two rows are very important here with the tight first sector so I am pleased. Tomorrow the plan is to push right from the start because there is a lot of competition around us.&#8221;<\/p>\n","protected":false},"excerpt":{"rendered":"<p>The Repsol Honda Team rider will start the Emilia Romagna Grand Prix from the second row of the grid. Marc M\u00e1rquez will take off from seventh after having suffered two crashes<\/p>\n","protected":false},"author":1,"featured_media":44421,"comment_status":"open","ping_status":"open","sticky":false,"template":"","format":"standard","meta":{"footnotes":""},"categories":[146],"tags":[194,6,283,142,326,128],"class_list":["post-98396","post","type-post","status-publish","format-standard","hentry","category-motogp-en","tag-194","tag-marc-marquez","tag-marc-marquez-en","tag-motogp-misano","tag-motogp-misano-en","tag-pol-espargaro"],"yoast_head":"<!-- This site is optimized with the Yoast SEO plugin v27.3 - https:\/\/yoast.com\/product\/yoast-seo-wordpress\/ -->\n<title>Espargar\u00f3 to start fourth at Misano - Box Repsol<\/title>\n<link rel=\"canonical\" href=\"https:\/\/www.boxrepsol.com\/en\/motogp-en\/espargaro-to-start-fourth-at-misano\/\" \/>\n<meta property=\"og:locale\" content=\"en_US\" \/>\n<meta property=\"og:type\" content=\"article\" \/>\n<meta property=\"og:title\" content=\"Espargar\u00f3 to start fourth at Misano - Box Repsol\" \/>\n<meta property=\"og:description\" content=\"The Repsol Honda Team rider will start the Emilia Romagna Grand Prix from the second row of the grid. Marc M\u00e1rquez will take off from seventh after having suffered two crashes\" \/>\n<meta property=\"og:url\" content=\"https:\/\/www.boxrepsol.com\/en\/motogp-en\/espargaro-to-start-fourth-at-misano\/\" \/>\n<meta property=\"og:site_name\" content=\"Box Repsol\" \/>\n<meta property=\"article:publisher\" content=\"https:\/\/www.facebook.com\/BoxRepsol\" \/>\n<meta property=\"article:published_time\" content=\"2021-10-23T02:00:00+00:00\" \/>\n<meta property=\"og:image\" content=\"https:\/\/bxrepsol.s3.eu-west-1.amazonaws.com\/static\/2022\/08\/09140814\/http___repsolmedia.com_repsolmedia_wp-content_uploads_2021_10_Copy-of-RD16_EmiliaRomagna_Espargaro_2021-09567.jpg\" \/>\n\t<meta property=\"og:image:width\" content=\"1280\" \/>\n\t<meta property=\"og:image:height\" content=\"600\" \/>\n\t<meta property=\"og:image:type\" content=\"image\/jpeg\" \/>\n<meta name=\"author\" content=\"bx_ayesa\" \/>\n<meta name=\"twitter:card\" content=\"summary_large_image\" \/>\n<meta name=\"twitter:creator\" content=\"@box_repsol\" \/>\n<meta name=\"twitter:site\" content=\"@box_repsol\" \/>\n<meta name=\"twitter:label1\" content=\"Written by\" \/>\n\t<meta name=\"twitter:data1\" content=\"bx_ayesa\" \/>\n\t<meta name=\"twitter:label2\" content=\"Est. reading time\" \/>\n\t<meta name=\"twitter:data2\" content=\"2 minutes\" \/>\n<script type=\"application\/ld+json\" class=\"yoast-schema-graph\">{\"@context\":\"https:\\\/\\\/schema.org\",\"@graph\":[{\"@type\":\"Article\",\"@id\":\"https:\\\/\\\/www.boxrepsol.com\\\/en\\\/motogp-en\\\/espargaro-to-start-fourth-at-misano\\\/#article\",\"isPartOf\":{\"@id\":\"https:\\\/\\\/www.boxrepsol.com\\\/en\\\/motogp-en\\\/espargaro-to-start-fourth-at-misano\\\/\"},\"author\":{\"name\":\"bx_ayesa\",\"@id\":\"https:\\\/\\\/www.boxrepsol.com\\\/en\\\/#\\\/schema\\\/person\\\/d9d0f442a4332c7d099d31ffda4747a0\"},\"headline\":\"Espargar\u00f3 to start fourth at Misano\",\"datePublished\":\"2021-10-23T02:00:00+00:00\",\"mainEntityOfPage\":{\"@id\":\"https:\\\/\\\/www.boxrepsol.com\\\/en\\\/motogp-en\\\/espargaro-to-start-fourth-at-misano\\\/\"},\"wordCount\":450,\"commentCount\":0,\"publisher\":{\"@id\":\"https:\\\/\\\/www.boxrepsol.com\\\/en\\\/#organization\"},\"image\":{\"@id\":\"https:\\\/\\\/www.boxrepsol.com\\\/en\\\/motogp-en\\\/espargaro-to-start-fourth-at-misano\\\/#primaryimage\"},\"thumbnailUrl\":\"https:\\\/\\\/bxrepsol.s3.eu-west-1.amazonaws.com\\\/static\\\/2022\\\/08\\\/09140814\\\/http___repsolmedia.com_repsolmedia_wp-content_uploads_2021_10_Copy-of-RD16_EmiliaRomagna_Espargaro_2021-09567.jpg\",\"keywords\":[\"2021\",\"Marc M\u00e1rquez\",\"Marc M\u00e1rquez\",\"MotoGP Misano\",\"MotoGP Misano\",\"Pol Espargar\u00f3\"],\"articleSection\":[\"MotoGP\"],\"inLanguage\":\"en-US\",\"potentialAction\":[{\"@type\":\"CommentAction\",\"name\":\"Comment\",\"target\":[\"https:\\\/\\\/www.boxrepsol.com\\\/en\\\/motogp-en\\\/espargaro-to-start-fourth-at-misano\\\/#respond\"]}]},{\"@type\":\"WebPage\",\"@id\":\"https:\\\/\\\/www.boxrepsol.com\\\/en\\\/motogp-en\\\/espargaro-to-start-fourth-at-misano\\\/\",\"url\":\"https:\\\/\\\/www.boxrepsol.com\\\/en\\\/motogp-en\\\/espargaro-to-start-fourth-at-misano\\\/\",\"name\":\"Espargar\u00f3 to start fourth at Misano - Box Repsol\",\"isPartOf\":{\"@id\":\"https:\\\/\\\/www.boxrepsol.com\\\/en\\\/#website\"},\"primaryImageOfPage\":{\"@id\":\"https:\\\/\\\/www.boxrepsol.com\\\/en\\\/motogp-en\\\/espargaro-to-start-fourth-at-misano\\\/#primaryimage\"},\"image\":{\"@id\":\"https:\\\/\\\/www.boxrepsol.com\\\/en\\\/motogp-en\\\/espargaro-to-start-fourth-at-misano\\\/#primaryimage\"},\"thumbnailUrl\":\"https:\\\/\\\/bxrepsol.s3.eu-west-1.amazonaws.com\\\/static\\\/2022\\\/08\\\/09140814\\\/http___repsolmedia.com_repsolmedia_wp-content_uploads_2021_10_Copy-of-RD16_EmiliaRomagna_Espargaro_2021-09567.jpg\",\"datePublished\":\"2021-10-23T02:00:00+00:00\",\"breadcrumb\":{\"@id\":\"https:\\\/\\\/www.boxrepsol.com\\\/en\\\/motogp-en\\\/espargaro-to-start-fourth-at-misano\\\/#breadcrumb\"},\"inLanguage\":\"en-US\",\"potentialAction\":[{\"@type\":\"ReadAction\",\"target\":[\"https:\\\/\\\/www.boxrepsol.com\\\/en\\\/motogp-en\\\/espargaro-to-start-fourth-at-misano\\\/\"]}]},{\"@type\":\"ImageObject\",\"inLanguage\":\"en-US\",\"@id\":\"https:\\\/\\\/www.boxrepsol.com\\\/en\\\/motogp-en\\\/espargaro-to-start-fourth-at-misano\\\/#primaryimage\",\"url\":\"https:\\\/\\\/bxrepsol.s3.eu-west-1.amazonaws.com\\\/static\\\/2022\\\/08\\\/09140814\\\/http___repsolmedia.com_repsolmedia_wp-content_uploads_2021_10_Copy-of-RD16_EmiliaRomagna_Espargaro_2021-09567.jpg\",\"contentUrl\":\"https:\\\/\\\/bxrepsol.s3.eu-west-1.amazonaws.com\\\/static\\\/2022\\\/08\\\/09140814\\\/http___repsolmedia.com_repsolmedia_wp-content_uploads_2021_10_Copy-of-RD16_EmiliaRomagna_Espargaro_2021-09567.jpg\",\"width\":1280,\"height\":600},{\"@type\":\"BreadcrumbList\",\"@id\":\"https:\\\/\\\/www.boxrepsol.com\\\/en\\\/motogp-en\\\/espargaro-to-start-fourth-at-misano\\\/#breadcrumb\",\"itemListElement\":[{\"@type\":\"ListItem\",\"position\":1,\"name\":\"Home\",\"item\":\"https:\\\/\\\/www.boxrepsol.com\\\/en\\\/\"},{\"@type\":\"ListItem\",\"position\":2,\"name\":\"Espargar\u00f3 to start fourth at Misano\"}]},{\"@type\":\"WebSite\",\"@id\":\"https:\\\/\\\/www.boxrepsol.com\\\/en\\\/#website\",\"url\":\"https:\\\/\\\/www.boxrepsol.com\\\/en\\\/\",\"name\":\"Box Repsol\",\"description\":\"Box Repsol Site\",\"publisher\":{\"@id\":\"https:\\\/\\\/www.boxrepsol.com\\\/en\\\/#organization\"},\"potentialAction\":[{\"@type\":\"SearchAction\",\"target\":{\"@type\":\"EntryPoint\",\"urlTemplate\":\"https:\\\/\\\/www.boxrepsol.com\\\/en\\\/?s={search_term_string}\"},\"query-input\":{\"@type\":\"PropertyValueSpecification\",\"valueRequired\":true,\"valueName\":\"search_term_string\"}}],\"inLanguage\":\"en-US\"},{\"@type\":\"Organization\",\"@id\":\"https:\\\/\\\/www.boxrepsol.com\\\/en\\\/#organization\",\"name\":\"Box Repsol\",\"url\":\"https:\\\/\\\/www.boxrepsol.com\\\/en\\\/\",\"logo\":{\"@type\":\"ImageObject\",\"inLanguage\":\"en-US\",\"@id\":\"https:\\\/\\\/www.boxrepsol.com\\\/en\\\/#\\\/schema\\\/logo\\\/image\\\/\",\"url\":\"https:\\\/\\\/bxrepsol.s3.eu-west-1.amazonaws.com\\\/static\\\/2025\\\/07\\\/30083337\\\/favicon-96x96-1.png\",\"contentUrl\":\"https:\\\/\\\/bxrepsol.s3.eu-west-1.amazonaws.com\\\/static\\\/2025\\\/07\\\/30083337\\\/favicon-96x96-1.png\",\"width\":96,\"height\":96,\"caption\":\"Box Repsol\"},\"image\":{\"@id\":\"https:\\\/\\\/www.boxrepsol.com\\\/en\\\/#\\\/schema\\\/logo\\\/image\\\/\"},\"sameAs\":[\"https:\\\/\\\/www.facebook.com\\\/BoxRepsol\",\"https:\\\/\\\/x.com\\\/box_repsol\",\"http:\\\/\\\/instagram.com\\\/box_repsol\",\"https:\\\/\\\/www.youtube.com\\\/user\\\/RepsolCompeticion\",\"https:\\\/\\\/www.flickr.com\\\/photos\\\/box_repsol\\\/\"]},{\"@type\":\"Person\",\"@id\":\"https:\\\/\\\/www.boxrepsol.com\\\/en\\\/#\\\/schema\\\/person\\\/d9d0f442a4332c7d099d31ffda4747a0\",\"name\":\"bx_ayesa\",\"image\":{\"@type\":\"ImageObject\",\"inLanguage\":\"en-US\",\"@id\":\"https:\\\/\\\/secure.gravatar.com\\\/avatar\\\/059e1b9d3585083708845ba70e8dd968f143ff35f5e0e10cf2d1e7afe2c6a878?s=96&d=mm&r=g\",\"url\":\"https:\\\/\\\/secure.gravatar.com\\\/avatar\\\/059e1b9d3585083708845ba70e8dd968f143ff35f5e0e10cf2d1e7afe2c6a878?s=96&d=mm&r=g\",\"contentUrl\":\"https:\\\/\\\/secure.gravatar.com\\\/avatar\\\/059e1b9d3585083708845ba70e8dd968f143ff35f5e0e10cf2d1e7afe2c6a878?s=96&d=mm&r=g\",\"caption\":\"bx_ayesa\"},\"sameAs\":[\"http:\\\/\\\/54.155.157.200\"],\"url\":\"https:\\\/\\\/www.boxrepsol.com\\\/en\\\/author\\\/bx_ayesa\\\/\"}]}<\/script>\n<!-- \/ Yoast SEO plugin. -->","yoast_head_json":{"title":"Espargar\u00f3 to start fourth at Misano - Box Repsol","canonical":"https:\/\/www.boxrepsol.com\/en\/motogp-en\/espargaro-to-start-fourth-at-misano\/","og_locale":"en_US","og_type":"article","og_title":"Espargar\u00f3 to start fourth at Misano - Box Repsol","og_description":"The Repsol Honda Team rider will start the Emilia Romagna Grand Prix from the second row of the grid. Marc M\u00e1rquez will take off from seventh after having suffered two crashes","og_url":"https:\/\/www.boxrepsol.com\/en\/motogp-en\/espargaro-to-start-fourth-at-misano\/","og_site_name":"Box Repsol","article_publisher":"https:\/\/www.facebook.com\/BoxRepsol","article_published_time":"2021-10-23T02:00:00+00:00","og_image":[{"width":1280,"height":600,"url":"https:\/\/bxrepsol.s3.eu-west-1.amazonaws.com\/static\/2022\/08\/09140814\/http___repsolmedia.com_repsolmedia_wp-content_uploads_2021_10_Copy-of-RD16_EmiliaRomagna_Espargaro_2021-09567.jpg","type":"image\/jpeg"}],"author":"bx_ayesa","twitter_card":"summary_large_image","twitter_creator":"@box_repsol","twitter_site":"@box_repsol","twitter_misc":{"Written by":"bx_ayesa","Est. reading time":"2 minutes"},"schema":{"@context":"https:\/\/schema.org","@graph":[{"@type":"Article","@id":"https:\/\/www.boxrepsol.com\/en\/motogp-en\/espargaro-to-start-fourth-at-misano\/#article","isPartOf":{"@id":"https:\/\/www.boxrepsol.com\/en\/motogp-en\/espargaro-to-start-fourth-at-misano\/"},"author":{"name":"bx_ayesa","@id":"https:\/\/www.boxrepsol.com\/en\/#\/schema\/person\/d9d0f442a4332c7d099d31ffda4747a0"},"headline":"Espargar\u00f3 to start fourth at Misano","datePublished":"2021-10-23T02:00:00+00:00","mainEntityOfPage":{"@id":"https:\/\/www.boxrepsol.com\/en\/motogp-en\/espargaro-to-start-fourth-at-misano\/"},"wordCount":450,"commentCount":0,"publisher":{"@id":"https:\/\/www.boxrepsol.com\/en\/#organization"},"image":{"@id":"https:\/\/www.boxrepsol.com\/en\/motogp-en\/espargaro-to-start-fourth-at-misano\/#primaryimage"},"thumbnailUrl":"https:\/\/bxrepsol.s3.eu-west-1.amazonaws.com\/static\/2022\/08\/09140814\/http___repsolmedia.com_repsolmedia_wp-content_uploads_2021_10_Copy-of-RD16_EmiliaRomagna_Espargaro_2021-09567.jpg","keywords":["2021","Marc M\u00e1rquez","Marc M\u00e1rquez","MotoGP Misano","MotoGP Misano","Pol Espargar\u00f3"],"articleSection":["MotoGP"],"inLanguage":"en-US","potentialAction":[{"@type":"CommentAction","name":"Comment","target":["https:\/\/www.boxrepsol.com\/en\/motogp-en\/espargaro-to-start-fourth-at-misano\/#respond"]}]},{"@type":"WebPage","@id":"https:\/\/www.boxrepsol.com\/en\/motogp-en\/espargaro-to-start-fourth-at-misano\/","url":"https:\/\/www.boxrepsol.com\/en\/motogp-en\/espargaro-to-start-fourth-at-misano\/","name":"Espargar\u00f3 to start fourth at Misano - Box Repsol","isPartOf":{"@id":"https:\/\/www.boxrepsol.com\/en\/#website"},"primaryImageOfPage":{"@id":"https:\/\/www.boxrepsol.com\/en\/motogp-en\/espargaro-to-start-fourth-at-misano\/#primaryimage"},"image":{"@id":"https:\/\/www.boxrepsol.com\/en\/motogp-en\/espargaro-to-start-fourth-at-misano\/#primaryimage"},"thumbnailUrl":"https:\/\/bxrepsol.s3.eu-west-1.amazonaws.com\/static\/2022\/08\/09140814\/http___repsolmedia.com_repsolmedia_wp-content_uploads_2021_10_Copy-of-RD16_EmiliaRomagna_Espargaro_2021-09567.jpg","datePublished":"2021-10-23T02:00:00+00:00","breadcrumb":{"@id":"https:\/\/www.boxrepsol.com\/en\/motogp-en\/espargaro-to-start-fourth-at-misano\/#breadcrumb"},"inLanguage":"en-US","potentialAction":[{"@type":"ReadAction","target":["https:\/\/www.boxrepsol.com\/en\/motogp-en\/espargaro-to-start-fourth-at-misano\/"]}]},{"@type":"ImageObject","inLanguage":"en-US","@id":"https:\/\/www.boxrepsol.com\/en\/motogp-en\/espargaro-to-start-fourth-at-misano\/#primaryimage","url":"https:\/\/bxrepsol.s3.eu-west-1.amazonaws.com\/static\/2022\/08\/09140814\/http___repsolmedia.com_repsolmedia_wp-content_uploads_2021_10_Copy-of-RD16_EmiliaRomagna_Espargaro_2021-09567.jpg","contentUrl":"https:\/\/bxrepsol.s3.eu-west-1.amazonaws.com\/static\/2022\/08\/09140814\/http___repsolmedia.com_repsolmedia_wp-content_uploads_2021_10_Copy-of-RD16_EmiliaRomagna_Espargaro_2021-09567.jpg","width":1280,"height":600},{"@type":"BreadcrumbList","@id":"https:\/\/www.boxrepsol.com\/en\/motogp-en\/espargaro-to-start-fourth-at-misano\/#breadcrumb","itemListElement":[{"@type":"ListItem","position":1,"name":"Home","item":"https:\/\/www.boxrepsol.com\/en\/"},{"@type":"ListItem","position":2,"name":"Espargar\u00f3 to start fourth at Misano"}]},{"@type":"WebSite","@id":"https:\/\/www.boxrepsol.com\/en\/#website","url":"https:\/\/www.boxrepsol.com\/en\/","name":"Box Repsol","description":"Box Repsol Site","publisher":{"@id":"https:\/\/www.boxrepsol.com\/en\/#organization"},"potentialAction":[{"@type":"SearchAction","target":{"@type":"EntryPoint","urlTemplate":"https:\/\/www.boxrepsol.com\/en\/?s={search_term_string}"},"query-input":{"@type":"PropertyValueSpecification","valueRequired":true,"valueName":"search_term_string"}}],"inLanguage":"en-US"},{"@type":"Organization","@id":"https:\/\/www.boxrepsol.com\/en\/#organization","name":"Box Repsol","url":"https:\/\/www.boxrepsol.com\/en\/","logo":{"@type":"ImageObject","inLanguage":"en-US","@id":"https:\/\/www.boxrepsol.com\/en\/#\/schema\/logo\/image\/","url":"https:\/\/bxrepsol.s3.eu-west-1.amazonaws.com\/static\/2025\/07\/30083337\/favicon-96x96-1.png","contentUrl":"https:\/\/bxrepsol.s3.eu-west-1.amazonaws.com\/static\/2025\/07\/30083337\/favicon-96x96-1.png","width":96,"height":96,"caption":"Box Repsol"},"image":{"@id":"https:\/\/www.boxrepsol.com\/en\/#\/schema\/logo\/image\/"},"sameAs":["https:\/\/www.facebook.com\/BoxRepsol","https:\/\/x.com\/box_repsol","http:\/\/instagram.com\/box_repsol","https:\/\/www.youtube.com\/user\/RepsolCompeticion","https:\/\/www.flickr.com\/photos\/box_repsol\/"]},{"@type":"Person","@id":"https:\/\/www.boxrepsol.com\/en\/#\/schema\/person\/d9d0f442a4332c7d099d31ffda4747a0","name":"bx_ayesa","image":{"@type":"ImageObject","inLanguage":"en-US","@id":"https:\/\/secure.gravatar.com\/avatar\/059e1b9d3585083708845ba70e8dd968f143ff35f5e0e10cf2d1e7afe2c6a878?s=96&d=mm&r=g","url":"https:\/\/secure.gravatar.com\/avatar\/059e1b9d3585083708845ba70e8dd968f143ff35f5e0e10cf2d1e7afe2c6a878?s=96&d=mm&r=g","contentUrl":"https:\/\/secure.gravatar.com\/avatar\/059e1b9d3585083708845ba70e8dd968f143ff35f5e0e10cf2d1e7afe2c6a878?s=96&d=mm&r=g","caption":"bx_ayesa"},"sameAs":["http:\/\/54.155.157.200"],"url":"https:\/\/www.boxrepsol.com\/en\/author\/bx_ayesa\/"}]}},"_links":{"self":[{"href":"https:\/\/www.boxrepsol.com\/en\/wp-json\/wp\/v2\/posts\/98396","targetHints":{"allow":["GET"]}}],"collection":[{"href":"https:\/\/www.boxrepsol.com\/en\/wp-json\/wp\/v2\/posts"}],"about":[{"href":"https:\/\/www.boxrepsol.com\/en\/wp-json\/wp\/v2\/types\/post"}],"author":[{"embeddable":true,"href":"https:\/\/www.boxrepsol.com\/en\/wp-json\/wp\/v2\/users\/1"}],"replies":[{"embeddable":true,"href":"https:\/\/www.boxrepsol.com\/en\/wp-json\/wp\/v2\/comments?post=98396"}],"version-history":[{"count":0,"href":"https:\/\/www.boxrepsol.com\/en\/wp-json\/wp\/v2\/posts\/98396\/revisions"}],"wp:featuredmedia":[{"embeddable":true,"href":"https:\/\/www.boxrepsol.com\/en\/wp-json\/wp\/v2\/media\/44421"}],"wp:attachment":[{"href":"https:\/\/www.boxrepsol.com\/en\/wp-json\/wp\/v2\/media?parent=98396"}],"wp:term":[{"taxonomy":"category","embeddable":true,"href":"https:\/\/www.boxrepsol.com\/en\/wp-json\/wp\/v2\/categories?post=98396"},{"taxonomy":"post_tag","embeddable":true,"href":"https:\/\/www.boxrepsol.com\/en\/wp-json\/wp\/v2\/tags?post=98396"}],"curies":[{"name":"wp","href":"https:\/\/api.w.org\/{rel}","templated":true}]}}