{"id":98393,"date":"2021-10-20T00:00:00","date_gmt":"2021-10-20T02:00:00","guid":{"rendered":"http:\/\/pre.boxrepsol.com\/uncategorized\/repsol-honda-team-return-to-misano\/"},"modified":"2021-10-20T00:00:00","modified_gmt":"2021-10-20T02:00:00","slug":"repsol-honda-team-return-to-misano","status":"publish","type":"post","link":"https:\/\/www.boxrepsol.com\/en\/motogp-en\/repsol-honda-team-return-to-misano\/","title":{"rendered":"Repsol Honda Team return to Misano"},"content":{"rendered":"<p>This weekend at <strong>Misano<\/strong>, the <strong>Repsol Honda Team<\/strong> will celebrate their <strong>450th Grand Prix<\/strong>. The first riders to wear the energy company&#8217;s colours were <strong>Mick Doohan<\/strong>, <strong>\u00c1lex<\/strong> <strong>Crivill\u00e9<\/strong> and <strong>Shinichi Ito,<\/strong> back in the 1995 season. Some 26 years later, <strong>Marc M\u00e1rquez<\/strong> and <strong>Pol Espargar\u00f3<\/strong> will represent the team at the <strong>EmiliaRomagnaGrand<\/strong> Prix.<\/p>\n<p>After two weeks of racing inactivity following <strong>Marc M\u00e1rquez&#8217;<\/strong> victory at the Grand Prix of The Americas, the Repsol Honda Team rider returns to Misano with the aim of continuing to progress step-by-step.<\/p>\n<p>The eight-time World Champion finished fourth at his last race at Misano, on September 19th. <strong>M\u00e1rquez<\/strong> is seventh in the overall standings and has a chance of finishing in the Top 5 before the end of the <strong>campaign.<\/strong><\/p>\n<p><strong>Pol Espargar\u00f3<\/strong> faces the Emilia Romagna Grand Prix focusing on all the improvements that he made during the two days of testing after the most recent Grand Prix at Misano. One month ago, the Repsol Honda Team rider finished seventh at the track.<\/p>\n<h3>Declaraciones de los pilotos<\/h3>\n<p><a href=\"https:\/\/twitter.com\/search?q=%23MM93&amp;src=hashtag_click\">#MM93<\/a><\/p>\n<p>&#8220;We come back to Misano in a better situation, each weekend we have been able to improve a little bit more. Now we start the last three races of the year so hopefully we can continue the trend of recent rounds and end the season well. Last race here I had a very funny battle with Miller and Mir so hopefully we can be fighting once again. Let\u2019s see what will happen, conditions could be quite different even if it\u2019s just a few weeks later.&#8221;<\/p>\n<p><a href=\"https:\/\/twitter.com\/search?q=%23POL44&amp;src=hashtag_click\">#POL44<\/a><\/p>\n<p>&#8220;It\u2019s time to focus and end the season with a strong last three races. There\u2019s some good potential going into Misano, especially after the test where we were able to try more things. Everyone else has also had a lot of time in Misano so it\u2019s going to be a fast weekend from the start but I think going there a few weeks later could change the situation with the temperature and the weather. Like always, we need to work from Friday and have a good Saturday to be in a position to fight on Sunday.&#8221;<\/p>\n","protected":false},"excerpt":{"rendered":"<p>This coming weekend, Marc M\u00e1rquez and Pol Espargar\u00f3 go back to the Italian track to contest the sixteenth round of the season, the Emilia Romagna Grand Prix.<\/p>\n","protected":false},"author":1,"featured_media":44369,"comment_status":"open","ping_status":"open","sticky":false,"template":"","format":"standard","meta":{"footnotes":""},"categories":[146],"tags":[194,6,283,142,326,128],"class_list":["post-98393","post","type-post","status-publish","format-standard","hentry","category-motogp-en","tag-194","tag-marc-marquez","tag-marc-marquez-en","tag-motogp-misano","tag-motogp-misano-en","tag-pol-espargaro"],"yoast_head":"<!-- This site is optimized with the Yoast SEO plugin v27.3 - https:\/\/yoast.com\/product\/yoast-seo-wordpress\/ -->\n<title>Repsol Honda Team return to Misano - Box Repsol<\/title>\n<link rel=\"canonical\" href=\"https:\/\/www.boxrepsol.com\/en\/motogp-en\/repsol-honda-team-return-to-misano\/\" \/>\n<meta property=\"og:locale\" content=\"en_US\" \/>\n<meta property=\"og:type\" content=\"article\" \/>\n<meta property=\"og:title\" content=\"Repsol Honda Team return to Misano - Box Repsol\" \/>\n<meta property=\"og:description\" content=\"This coming weekend, Marc M\u00e1rquez and Pol Espargar\u00f3 go back to the Italian track to contest the sixteenth round of the season, the Emilia Romagna Grand Prix.\" \/>\n<meta property=\"og:url\" content=\"https:\/\/www.boxrepsol.com\/en\/motogp-en\/repsol-honda-team-return-to-misano\/\" \/>\n<meta property=\"og:site_name\" content=\"Box Repsol\" \/>\n<meta property=\"article:publisher\" content=\"https:\/\/www.facebook.com\/BoxRepsol\" \/>\n<meta property=\"article:published_time\" content=\"2021-10-20T02:00:00+00:00\" \/>\n<meta property=\"og:image\" content=\"https:\/\/bxrepsol.s3.eu-west-1.amazonaws.com\/static\/2022\/08\/09140701\/http___repsolmedia.com_repsolmedia_wp-content_uploads_2021_10_http___repsolmedia.com_repsolmedia_wp-content_uploads_2021_09_Copy-of-RD14_Misano_Espargaro_2021-01319.jpg\" \/>\n\t<meta property=\"og:image:width\" content=\"2500\" \/>\n\t<meta property=\"og:image:height\" content=\"1667\" \/>\n\t<meta property=\"og:image:type\" content=\"image\/jpeg\" \/>\n<meta name=\"author\" content=\"bx_ayesa\" \/>\n<meta name=\"twitter:card\" content=\"summary_large_image\" \/>\n<meta name=\"twitter:creator\" content=\"@box_repsol\" \/>\n<meta name=\"twitter:site\" content=\"@box_repsol\" \/>\n<meta name=\"twitter:label1\" content=\"Written by\" \/>\n\t<meta name=\"twitter:data1\" content=\"bx_ayesa\" \/>\n\t<meta name=\"twitter:label2\" content=\"Est. reading time\" \/>\n\t<meta name=\"twitter:data2\" content=\"2 minutes\" \/>\n<script type=\"application\/ld+json\" class=\"yoast-schema-graph\">{\"@context\":\"https:\\\/\\\/schema.org\",\"@graph\":[{\"@type\":\"Article\",\"@id\":\"https:\\\/\\\/www.boxrepsol.com\\\/en\\\/motogp-en\\\/repsol-honda-team-return-to-misano\\\/#article\",\"isPartOf\":{\"@id\":\"https:\\\/\\\/www.boxrepsol.com\\\/en\\\/motogp-en\\\/repsol-honda-team-return-to-misano\\\/\"},\"author\":{\"name\":\"bx_ayesa\",\"@id\":\"https:\\\/\\\/www.boxrepsol.com\\\/en\\\/#\\\/schema\\\/person\\\/d9d0f442a4332c7d099d31ffda4747a0\"},\"headline\":\"Repsol Honda Team return to Misano\",\"datePublished\":\"2021-10-20T02:00:00+00:00\",\"mainEntityOfPage\":{\"@id\":\"https:\\\/\\\/www.boxrepsol.com\\\/en\\\/motogp-en\\\/repsol-honda-team-return-to-misano\\\/\"},\"wordCount\":366,\"commentCount\":0,\"publisher\":{\"@id\":\"https:\\\/\\\/www.boxrepsol.com\\\/en\\\/#organization\"},\"image\":{\"@id\":\"https:\\\/\\\/www.boxrepsol.com\\\/en\\\/motogp-en\\\/repsol-honda-team-return-to-misano\\\/#primaryimage\"},\"thumbnailUrl\":\"https:\\\/\\\/bxrepsol.s3.eu-west-1.amazonaws.com\\\/static\\\/2022\\\/08\\\/09140701\\\/http___repsolmedia.com_repsolmedia_wp-content_uploads_2021_10_http___repsolmedia.com_repsolmedia_wp-content_uploads_2021_09_Copy-of-RD14_Misano_Espargaro_2021-01319.jpg\",\"keywords\":[\"2021\",\"Marc M\u00e1rquez\",\"Marc M\u00e1rquez\",\"MotoGP Misano\",\"MotoGP Misano\",\"Pol Espargar\u00f3\"],\"articleSection\":[\"MotoGP\"],\"inLanguage\":\"en-US\",\"potentialAction\":[{\"@type\":\"CommentAction\",\"name\":\"Comment\",\"target\":[\"https:\\\/\\\/www.boxrepsol.com\\\/en\\\/motogp-en\\\/repsol-honda-team-return-to-misano\\\/#respond\"]}]},{\"@type\":\"WebPage\",\"@id\":\"https:\\\/\\\/www.boxrepsol.com\\\/en\\\/motogp-en\\\/repsol-honda-team-return-to-misano\\\/\",\"url\":\"https:\\\/\\\/www.boxrepsol.com\\\/en\\\/motogp-en\\\/repsol-honda-team-return-to-misano\\\/\",\"name\":\"Repsol Honda Team return to Misano - Box Repsol\",\"isPartOf\":{\"@id\":\"https:\\\/\\\/www.boxrepsol.com\\\/en\\\/#website\"},\"primaryImageOfPage\":{\"@id\":\"https:\\\/\\\/www.boxrepsol.com\\\/en\\\/motogp-en\\\/repsol-honda-team-return-to-misano\\\/#primaryimage\"},\"image\":{\"@id\":\"https:\\\/\\\/www.boxrepsol.com\\\/en\\\/motogp-en\\\/repsol-honda-team-return-to-misano\\\/#primaryimage\"},\"thumbnailUrl\":\"https:\\\/\\\/bxrepsol.s3.eu-west-1.amazonaws.com\\\/static\\\/2022\\\/08\\\/09140701\\\/http___repsolmedia.com_repsolmedia_wp-content_uploads_2021_10_http___repsolmedia.com_repsolmedia_wp-content_uploads_2021_09_Copy-of-RD14_Misano_Espargaro_2021-01319.jpg\",\"datePublished\":\"2021-10-20T02:00:00+00:00\",\"breadcrumb\":{\"@id\":\"https:\\\/\\\/www.boxrepsol.com\\\/en\\\/motogp-en\\\/repsol-honda-team-return-to-misano\\\/#breadcrumb\"},\"inLanguage\":\"en-US\",\"potentialAction\":[{\"@type\":\"ReadAction\",\"target\":[\"https:\\\/\\\/www.boxrepsol.com\\\/en\\\/motogp-en\\\/repsol-honda-team-return-to-misano\\\/\"]}]},{\"@type\":\"ImageObject\",\"inLanguage\":\"en-US\",\"@id\":\"https:\\\/\\\/www.boxrepsol.com\\\/en\\\/motogp-en\\\/repsol-honda-team-return-to-misano\\\/#primaryimage\",\"url\":\"https:\\\/\\\/bxrepsol.s3.eu-west-1.amazonaws.com\\\/static\\\/2022\\\/08\\\/09140701\\\/http___repsolmedia.com_repsolmedia_wp-content_uploads_2021_10_http___repsolmedia.com_repsolmedia_wp-content_uploads_2021_09_Copy-of-RD14_Misano_Espargaro_2021-01319.jpg\",\"contentUrl\":\"https:\\\/\\\/bxrepsol.s3.eu-west-1.amazonaws.com\\\/static\\\/2022\\\/08\\\/09140701\\\/http___repsolmedia.com_repsolmedia_wp-content_uploads_2021_10_http___repsolmedia.com_repsolmedia_wp-content_uploads_2021_09_Copy-of-RD14_Misano_Espargaro_2021-01319.jpg\",\"width\":2500,\"height\":1667},{\"@type\":\"BreadcrumbList\",\"@id\":\"https:\\\/\\\/www.boxrepsol.com\\\/en\\\/motogp-en\\\/repsol-honda-team-return-to-misano\\\/#breadcrumb\",\"itemListElement\":[{\"@type\":\"ListItem\",\"position\":1,\"name\":\"Home\",\"item\":\"https:\\\/\\\/www.boxrepsol.com\\\/en\\\/\"},{\"@type\":\"ListItem\",\"position\":2,\"name\":\"Repsol Honda Team return to Misano\"}]},{\"@type\":\"WebSite\",\"@id\":\"https:\\\/\\\/www.boxrepsol.com\\\/en\\\/#website\",\"url\":\"https:\\\/\\\/www.boxrepsol.com\\\/en\\\/\",\"name\":\"Box Repsol\",\"description\":\"Box Repsol Site\",\"publisher\":{\"@id\":\"https:\\\/\\\/www.boxrepsol.com\\\/en\\\/#organization\"},\"potentialAction\":[{\"@type\":\"SearchAction\",\"target\":{\"@type\":\"EntryPoint\",\"urlTemplate\":\"https:\\\/\\\/www.boxrepsol.com\\\/en\\\/?s={search_term_string}\"},\"query-input\":{\"@type\":\"PropertyValueSpecification\",\"valueRequired\":true,\"valueName\":\"search_term_string\"}}],\"inLanguage\":\"en-US\"},{\"@type\":\"Organization\",\"@id\":\"https:\\\/\\\/www.boxrepsol.com\\\/en\\\/#organization\",\"name\":\"Box Repsol\",\"url\":\"https:\\\/\\\/www.boxrepsol.com\\\/en\\\/\",\"logo\":{\"@type\":\"ImageObject\",\"inLanguage\":\"en-US\",\"@id\":\"https:\\\/\\\/www.boxrepsol.com\\\/en\\\/#\\\/schema\\\/logo\\\/image\\\/\",\"url\":\"https:\\\/\\\/bxrepsol.s3.eu-west-1.amazonaws.com\\\/static\\\/2025\\\/07\\\/30083337\\\/favicon-96x96-1.png\",\"contentUrl\":\"https:\\\/\\\/bxrepsol.s3.eu-west-1.amazonaws.com\\\/static\\\/2025\\\/07\\\/30083337\\\/favicon-96x96-1.png\",\"width\":96,\"height\":96,\"caption\":\"Box Repsol\"},\"image\":{\"@id\":\"https:\\\/\\\/www.boxrepsol.com\\\/en\\\/#\\\/schema\\\/logo\\\/image\\\/\"},\"sameAs\":[\"https:\\\/\\\/www.facebook.com\\\/BoxRepsol\",\"https:\\\/\\\/x.com\\\/box_repsol\",\"http:\\\/\\\/instagram.com\\\/box_repsol\",\"https:\\\/\\\/www.youtube.com\\\/user\\\/RepsolCompeticion\",\"https:\\\/\\\/www.flickr.com\\\/photos\\\/box_repsol\\\/\"]},{\"@type\":\"Person\",\"@id\":\"https:\\\/\\\/www.boxrepsol.com\\\/en\\\/#\\\/schema\\\/person\\\/d9d0f442a4332c7d099d31ffda4747a0\",\"name\":\"bx_ayesa\",\"image\":{\"@type\":\"ImageObject\",\"inLanguage\":\"en-US\",\"@id\":\"https:\\\/\\\/secure.gravatar.com\\\/avatar\\\/059e1b9d3585083708845ba70e8dd968f143ff35f5e0e10cf2d1e7afe2c6a878?s=96&d=mm&r=g\",\"url\":\"https:\\\/\\\/secure.gravatar.com\\\/avatar\\\/059e1b9d3585083708845ba70e8dd968f143ff35f5e0e10cf2d1e7afe2c6a878?s=96&d=mm&r=g\",\"contentUrl\":\"https:\\\/\\\/secure.gravatar.com\\\/avatar\\\/059e1b9d3585083708845ba70e8dd968f143ff35f5e0e10cf2d1e7afe2c6a878?s=96&d=mm&r=g\",\"caption\":\"bx_ayesa\"},\"sameAs\":[\"http:\\\/\\\/54.155.157.200\"],\"url\":\"https:\\\/\\\/www.boxrepsol.com\\\/en\\\/author\\\/bx_ayesa\\\/\"}]}<\/script>\n<!-- \/ Yoast SEO plugin. -->","yoast_head_json":{"title":"Repsol Honda Team return to Misano - Box Repsol","canonical":"https:\/\/www.boxrepsol.com\/en\/motogp-en\/repsol-honda-team-return-to-misano\/","og_locale":"en_US","og_type":"article","og_title":"Repsol Honda Team return to Misano - Box Repsol","og_description":"This coming weekend, Marc M\u00e1rquez and Pol Espargar\u00f3 go back to the Italian track to contest the sixteenth round of the season, the Emilia Romagna Grand Prix.","og_url":"https:\/\/www.boxrepsol.com\/en\/motogp-en\/repsol-honda-team-return-to-misano\/","og_site_name":"Box Repsol","article_publisher":"https:\/\/www.facebook.com\/BoxRepsol","article_published_time":"2021-10-20T02:00:00+00:00","og_image":[{"width":2500,"height":1667,"url":"https:\/\/bxrepsol.s3.eu-west-1.amazonaws.com\/static\/2022\/08\/09140701\/http___repsolmedia.com_repsolmedia_wp-content_uploads_2021_10_http___repsolmedia.com_repsolmedia_wp-content_uploads_2021_09_Copy-of-RD14_Misano_Espargaro_2021-01319.jpg","type":"image\/jpeg"}],"author":"bx_ayesa","twitter_card":"summary_large_image","twitter_creator":"@box_repsol","twitter_site":"@box_repsol","twitter_misc":{"Written by":"bx_ayesa","Est. reading time":"2 minutes"},"schema":{"@context":"https:\/\/schema.org","@graph":[{"@type":"Article","@id":"https:\/\/www.boxrepsol.com\/en\/motogp-en\/repsol-honda-team-return-to-misano\/#article","isPartOf":{"@id":"https:\/\/www.boxrepsol.com\/en\/motogp-en\/repsol-honda-team-return-to-misano\/"},"author":{"name":"bx_ayesa","@id":"https:\/\/www.boxrepsol.com\/en\/#\/schema\/person\/d9d0f442a4332c7d099d31ffda4747a0"},"headline":"Repsol Honda Team return to Misano","datePublished":"2021-10-20T02:00:00+00:00","mainEntityOfPage":{"@id":"https:\/\/www.boxrepsol.com\/en\/motogp-en\/repsol-honda-team-return-to-misano\/"},"wordCount":366,"commentCount":0,"publisher":{"@id":"https:\/\/www.boxrepsol.com\/en\/#organization"},"image":{"@id":"https:\/\/www.boxrepsol.com\/en\/motogp-en\/repsol-honda-team-return-to-misano\/#primaryimage"},"thumbnailUrl":"https:\/\/bxrepsol.s3.eu-west-1.amazonaws.com\/static\/2022\/08\/09140701\/http___repsolmedia.com_repsolmedia_wp-content_uploads_2021_10_http___repsolmedia.com_repsolmedia_wp-content_uploads_2021_09_Copy-of-RD14_Misano_Espargaro_2021-01319.jpg","keywords":["2021","Marc M\u00e1rquez","Marc M\u00e1rquez","MotoGP Misano","MotoGP Misano","Pol Espargar\u00f3"],"articleSection":["MotoGP"],"inLanguage":"en-US","potentialAction":[{"@type":"CommentAction","name":"Comment","target":["https:\/\/www.boxrepsol.com\/en\/motogp-en\/repsol-honda-team-return-to-misano\/#respond"]}]},{"@type":"WebPage","@id":"https:\/\/www.boxrepsol.com\/en\/motogp-en\/repsol-honda-team-return-to-misano\/","url":"https:\/\/www.boxrepsol.com\/en\/motogp-en\/repsol-honda-team-return-to-misano\/","name":"Repsol Honda Team return to Misano - Box Repsol","isPartOf":{"@id":"https:\/\/www.boxrepsol.com\/en\/#website"},"primaryImageOfPage":{"@id":"https:\/\/www.boxrepsol.com\/en\/motogp-en\/repsol-honda-team-return-to-misano\/#primaryimage"},"image":{"@id":"https:\/\/www.boxrepsol.com\/en\/motogp-en\/repsol-honda-team-return-to-misano\/#primaryimage"},"thumbnailUrl":"https:\/\/bxrepsol.s3.eu-west-1.amazonaws.com\/static\/2022\/08\/09140701\/http___repsolmedia.com_repsolmedia_wp-content_uploads_2021_10_http___repsolmedia.com_repsolmedia_wp-content_uploads_2021_09_Copy-of-RD14_Misano_Espargaro_2021-01319.jpg","datePublished":"2021-10-20T02:00:00+00:00","breadcrumb":{"@id":"https:\/\/www.boxrepsol.com\/en\/motogp-en\/repsol-honda-team-return-to-misano\/#breadcrumb"},"inLanguage":"en-US","potentialAction":[{"@type":"ReadAction","target":["https:\/\/www.boxrepsol.com\/en\/motogp-en\/repsol-honda-team-return-to-misano\/"]}]},{"@type":"ImageObject","inLanguage":"en-US","@id":"https:\/\/www.boxrepsol.com\/en\/motogp-en\/repsol-honda-team-return-to-misano\/#primaryimage","url":"https:\/\/bxrepsol.s3.eu-west-1.amazonaws.com\/static\/2022\/08\/09140701\/http___repsolmedia.com_repsolmedia_wp-content_uploads_2021_10_http___repsolmedia.com_repsolmedia_wp-content_uploads_2021_09_Copy-of-RD14_Misano_Espargaro_2021-01319.jpg","contentUrl":"https:\/\/bxrepsol.s3.eu-west-1.amazonaws.com\/static\/2022\/08\/09140701\/http___repsolmedia.com_repsolmedia_wp-content_uploads_2021_10_http___repsolmedia.com_repsolmedia_wp-content_uploads_2021_09_Copy-of-RD14_Misano_Espargaro_2021-01319.jpg","width":2500,"height":1667},{"@type":"BreadcrumbList","@id":"https:\/\/www.boxrepsol.com\/en\/motogp-en\/repsol-honda-team-return-to-misano\/#breadcrumb","itemListElement":[{"@type":"ListItem","position":1,"name":"Home","item":"https:\/\/www.boxrepsol.com\/en\/"},{"@type":"ListItem","position":2,"name":"Repsol Honda Team return to Misano"}]},{"@type":"WebSite","@id":"https:\/\/www.boxrepsol.com\/en\/#website","url":"https:\/\/www.boxrepsol.com\/en\/","name":"Box Repsol","description":"Box Repsol Site","publisher":{"@id":"https:\/\/www.boxrepsol.com\/en\/#organization"},"potentialAction":[{"@type":"SearchAction","target":{"@type":"EntryPoint","urlTemplate":"https:\/\/www.boxrepsol.com\/en\/?s={search_term_string}"},"query-input":{"@type":"PropertyValueSpecification","valueRequired":true,"valueName":"search_term_string"}}],"inLanguage":"en-US"},{"@type":"Organization","@id":"https:\/\/www.boxrepsol.com\/en\/#organization","name":"Box Repsol","url":"https:\/\/www.boxrepsol.com\/en\/","logo":{"@type":"ImageObject","inLanguage":"en-US","@id":"https:\/\/www.boxrepsol.com\/en\/#\/schema\/logo\/image\/","url":"https:\/\/bxrepsol.s3.eu-west-1.amazonaws.com\/static\/2025\/07\/30083337\/favicon-96x96-1.png","contentUrl":"https:\/\/bxrepsol.s3.eu-west-1.amazonaws.com\/static\/2025\/07\/30083337\/favicon-96x96-1.png","width":96,"height":96,"caption":"Box Repsol"},"image":{"@id":"https:\/\/www.boxrepsol.com\/en\/#\/schema\/logo\/image\/"},"sameAs":["https:\/\/www.facebook.com\/BoxRepsol","https:\/\/x.com\/box_repsol","http:\/\/instagram.com\/box_repsol","https:\/\/www.youtube.com\/user\/RepsolCompeticion","https:\/\/www.flickr.com\/photos\/box_repsol\/"]},{"@type":"Person","@id":"https:\/\/www.boxrepsol.com\/en\/#\/schema\/person\/d9d0f442a4332c7d099d31ffda4747a0","name":"bx_ayesa","image":{"@type":"ImageObject","inLanguage":"en-US","@id":"https:\/\/secure.gravatar.com\/avatar\/059e1b9d3585083708845ba70e8dd968f143ff35f5e0e10cf2d1e7afe2c6a878?s=96&d=mm&r=g","url":"https:\/\/secure.gravatar.com\/avatar\/059e1b9d3585083708845ba70e8dd968f143ff35f5e0e10cf2d1e7afe2c6a878?s=96&d=mm&r=g","contentUrl":"https:\/\/secure.gravatar.com\/avatar\/059e1b9d3585083708845ba70e8dd968f143ff35f5e0e10cf2d1e7afe2c6a878?s=96&d=mm&r=g","caption":"bx_ayesa"},"sameAs":["http:\/\/54.155.157.200"],"url":"https:\/\/www.boxrepsol.com\/en\/author\/bx_ayesa\/"}]}},"_links":{"self":[{"href":"https:\/\/www.boxrepsol.com\/en\/wp-json\/wp\/v2\/posts\/98393","targetHints":{"allow":["GET"]}}],"collection":[{"href":"https:\/\/www.boxrepsol.com\/en\/wp-json\/wp\/v2\/posts"}],"about":[{"href":"https:\/\/www.boxrepsol.com\/en\/wp-json\/wp\/v2\/types\/post"}],"author":[{"embeddable":true,"href":"https:\/\/www.boxrepsol.com\/en\/wp-json\/wp\/v2\/users\/1"}],"replies":[{"embeddable":true,"href":"https:\/\/www.boxrepsol.com\/en\/wp-json\/wp\/v2\/comments?post=98393"}],"version-history":[{"count":0,"href":"https:\/\/www.boxrepsol.com\/en\/wp-json\/wp\/v2\/posts\/98393\/revisions"}],"wp:featuredmedia":[{"embeddable":true,"href":"https:\/\/www.boxrepsol.com\/en\/wp-json\/wp\/v2\/media\/44369"}],"wp:attachment":[{"href":"https:\/\/www.boxrepsol.com\/en\/wp-json\/wp\/v2\/media?parent=98393"}],"wp:term":[{"taxonomy":"category","embeddable":true,"href":"https:\/\/www.boxrepsol.com\/en\/wp-json\/wp\/v2\/categories?post=98393"},{"taxonomy":"post_tag","embeddable":true,"href":"https:\/\/www.boxrepsol.com\/en\/wp-json\/wp\/v2\/tags?post=98393"}],"curies":[{"name":"wp","href":"https:\/\/api.w.org\/{rel}","templated":true}]}}