{"id":98363,"date":"2021-09-14T00:00:00","date_gmt":"2021-09-14T02:00:00","guid":{"rendered":"http:\/\/pre.boxrepsol.com\/uncategorized\/repsol-honda-team-return-to-action-at-misano\/"},"modified":"2021-09-14T00:00:00","modified_gmt":"2021-09-14T02:00:00","slug":"repsol-honda-team-return-to-action-at-misano","status":"publish","type":"post","link":"https:\/\/www.boxrepsol.com\/en\/motogp-en\/repsol-honda-team-return-to-action-at-misano\/","title":{"rendered":"Repsol Honda Team return to action at Misano"},"content":{"rendered":"<p>Following the <strong>Arag\u00f3n Grand Prix<\/strong> this past Sunday, the MotoGP World Championship travels to Misano this week for the <strong>San Marino Grand Prix.<\/strong><\/p>\n<p><strong>Marc M\u00e1rquez<\/strong> arrives at the track with the extra motivation of having achieved a second place at the last race. The<strong> Repsol Honda Team<\/strong> rider has been on the <strong>podium<\/strong> at Misano seven times, achieving six victories (1 in 125cc, 2 in Moto2 and 3 in MotoGP) and a second place in the premier class.<\/p>\n<p>M\u00e1rquez is tenth in the overall standings and, with five Grands Prix remaining before the end of the season, he will try to continue with this good dynamic and adaptation to the Honda RC213V.<\/p>\n<p><strong>Pol Espargar\u00f3<\/strong> arrives in Misano after a difficult weekend in Arag\u00f3n. The Repsol Honda Team rider had several positive practice sessions at MotorLand but was unable to find the same pace in the race itself.<\/p>\n<p>He has been on the <strong>podium<\/strong> at the Italian track three times, taking a victory and a second place in Moto2 and a third place, last season, in MotoGP. At this weekend&#8217;s San Marino Grand Prix, Espargar\u00f3 will try to keep making progress to improve his results in the race.<\/p>\n<hr \/>\n<h3>Rider statements<\/h3>\n<p><a href=\"https:\/\/twitter.com\/search?q=%23MM93&amp;src=typed_query\" target=\"_blank\" rel=\"noopener\">#MM93<\/a><\/p>\n<p>&#8220;After a great race and a great battle like in Aragon, you arrive at the next race with a bit of extra motivation. Let\u2019s see what this weekend will bring, in the past we have had some very good races here but it\u2019s a demanding circuit. Also after the race we have two days of testing which will be very important for us and for HRC as we keep working to improve. It\u2019s going to be a busy week on my Honda.\u201d<\/p>\n<p><a href=\"https:\/\/twitter.com\/search?q=%23POL44&amp;src=typed_query\" target=\"_blank\" rel=\"noopener\">#POL44<\/a><\/p>\n<p>&#8220;The forecast in Misano is looking hot so we know that we will have to work to improve out feeling to be closer to our Silverstone performance than our performance in Arag\u00f3n. We have been making improvements in this area, but we need to keep on working to show our potential and the potential of the bike. I am also looking forward to the test, two days of just riding will be a big help because right now one of our biggest problems is the lack of testing we have had this year. Let\u2019s make the most of it.\u201d<\/p>\n","protected":false},"excerpt":{"rendered":"<p>Marc M\u00e1rquez and Pol Espargar\u00f3 will compete this weekend at the Misano World Circuit Marco Simoncelli, in the fourteenth round of the MotoGP season<\/p>\n","protected":false},"author":1,"featured_media":43963,"comment_status":"open","ping_status":"open","sticky":false,"template":"","format":"standard","meta":{"footnotes":""},"categories":[146],"tags":[194,6,283,142,326,128,237],"class_list":["post-98363","post","type-post","status-publish","format-standard","hentry","category-motogp-en","tag-194","tag-marc-marquez","tag-marc-marquez-en","tag-motogp-misano","tag-motogp-misano-en","tag-pol-espargaro","tag-races-competition"],"yoast_head":"<!-- This site is optimized with the Yoast SEO plugin v27.3 - https:\/\/yoast.com\/product\/yoast-seo-wordpress\/ -->\n<title>Repsol Honda Team return to action at Misano - Box Repsol<\/title>\n<link rel=\"canonical\" href=\"https:\/\/www.boxrepsol.com\/en\/motogp-en\/repsol-honda-team-return-to-action-at-misano\/\" \/>\n<meta property=\"og:locale\" content=\"en_US\" \/>\n<meta property=\"og:type\" content=\"article\" \/>\n<meta property=\"og:title\" content=\"Repsol Honda Team return to action at Misano - Box Repsol\" \/>\n<meta property=\"og:description\" content=\"Marc M\u00e1rquez and Pol Espargar\u00f3 will compete this weekend at the Misano World Circuit Marco Simoncelli, in the fourteenth round of the MotoGP season\" \/>\n<meta property=\"og:url\" content=\"https:\/\/www.boxrepsol.com\/en\/motogp-en\/repsol-honda-team-return-to-action-at-misano\/\" \/>\n<meta property=\"og:site_name\" content=\"Box Repsol\" \/>\n<meta property=\"article:publisher\" content=\"https:\/\/www.facebook.com\/BoxRepsol\" \/>\n<meta property=\"article:published_time\" content=\"2021-09-14T02:00:00+00:00\" \/>\n<meta property=\"og:image\" content=\"https:\/\/bxrepsol.s3.eu-west-1.amazonaws.com\/static\/2022\/08\/09135020\/Copy-of-RD13_Aragon_Marc_2021-07121-1-scaled.jpg\" \/>\n\t<meta property=\"og:image:width\" content=\"2560\" \/>\n\t<meta property=\"og:image:height\" content=\"1200\" \/>\n\t<meta property=\"og:image:type\" content=\"image\/jpeg\" \/>\n<meta name=\"author\" content=\"bx_ayesa\" \/>\n<meta name=\"twitter:card\" content=\"summary_large_image\" \/>\n<meta name=\"twitter:creator\" content=\"@box_repsol\" \/>\n<meta name=\"twitter:site\" content=\"@box_repsol\" \/>\n<meta name=\"twitter:label1\" content=\"Written by\" \/>\n\t<meta name=\"twitter:data1\" content=\"bx_ayesa\" \/>\n\t<meta name=\"twitter:label2\" content=\"Est. reading time\" \/>\n\t<meta name=\"twitter:data2\" content=\"2 minutes\" \/>\n<script type=\"application\/ld+json\" class=\"yoast-schema-graph\">{\"@context\":\"https:\\\/\\\/schema.org\",\"@graph\":[{\"@type\":\"Article\",\"@id\":\"https:\\\/\\\/www.boxrepsol.com\\\/en\\\/motogp-en\\\/repsol-honda-team-return-to-action-at-misano\\\/#article\",\"isPartOf\":{\"@id\":\"https:\\\/\\\/www.boxrepsol.com\\\/en\\\/motogp-en\\\/repsol-honda-team-return-to-action-at-misano\\\/\"},\"author\":{\"name\":\"bx_ayesa\",\"@id\":\"https:\\\/\\\/www.boxrepsol.com\\\/en\\\/#\\\/schema\\\/person\\\/d9d0f442a4332c7d099d31ffda4747a0\"},\"headline\":\"Repsol Honda Team return to action at Misano\",\"datePublished\":\"2021-09-14T02:00:00+00:00\",\"mainEntityOfPage\":{\"@id\":\"https:\\\/\\\/www.boxrepsol.com\\\/en\\\/motogp-en\\\/repsol-honda-team-return-to-action-at-misano\\\/\"},\"wordCount\":398,\"commentCount\":0,\"publisher\":{\"@id\":\"https:\\\/\\\/www.boxrepsol.com\\\/en\\\/#organization\"},\"image\":{\"@id\":\"https:\\\/\\\/www.boxrepsol.com\\\/en\\\/motogp-en\\\/repsol-honda-team-return-to-action-at-misano\\\/#primaryimage\"},\"thumbnailUrl\":\"https:\\\/\\\/bxrepsol.s3.eu-west-1.amazonaws.com\\\/static\\\/2022\\\/08\\\/09135020\\\/Copy-of-RD13_Aragon_Marc_2021-07121-1-scaled.jpg\",\"keywords\":[\"2021\",\"Marc M\u00e1rquez\",\"Marc M\u00e1rquez\",\"MotoGP Misano\",\"MotoGP Misano\",\"Pol Espargar\u00f3\",\"Races &amp; competition\"],\"articleSection\":[\"MotoGP\"],\"inLanguage\":\"en-US\",\"potentialAction\":[{\"@type\":\"CommentAction\",\"name\":\"Comment\",\"target\":[\"https:\\\/\\\/www.boxrepsol.com\\\/en\\\/motogp-en\\\/repsol-honda-team-return-to-action-at-misano\\\/#respond\"]}]},{\"@type\":\"WebPage\",\"@id\":\"https:\\\/\\\/www.boxrepsol.com\\\/en\\\/motogp-en\\\/repsol-honda-team-return-to-action-at-misano\\\/\",\"url\":\"https:\\\/\\\/www.boxrepsol.com\\\/en\\\/motogp-en\\\/repsol-honda-team-return-to-action-at-misano\\\/\",\"name\":\"Repsol Honda Team return to action at Misano - Box Repsol\",\"isPartOf\":{\"@id\":\"https:\\\/\\\/www.boxrepsol.com\\\/en\\\/#website\"},\"primaryImageOfPage\":{\"@id\":\"https:\\\/\\\/www.boxrepsol.com\\\/en\\\/motogp-en\\\/repsol-honda-team-return-to-action-at-misano\\\/#primaryimage\"},\"image\":{\"@id\":\"https:\\\/\\\/www.boxrepsol.com\\\/en\\\/motogp-en\\\/repsol-honda-team-return-to-action-at-misano\\\/#primaryimage\"},\"thumbnailUrl\":\"https:\\\/\\\/bxrepsol.s3.eu-west-1.amazonaws.com\\\/static\\\/2022\\\/08\\\/09135020\\\/Copy-of-RD13_Aragon_Marc_2021-07121-1-scaled.jpg\",\"datePublished\":\"2021-09-14T02:00:00+00:00\",\"breadcrumb\":{\"@id\":\"https:\\\/\\\/www.boxrepsol.com\\\/en\\\/motogp-en\\\/repsol-honda-team-return-to-action-at-misano\\\/#breadcrumb\"},\"inLanguage\":\"en-US\",\"potentialAction\":[{\"@type\":\"ReadAction\",\"target\":[\"https:\\\/\\\/www.boxrepsol.com\\\/en\\\/motogp-en\\\/repsol-honda-team-return-to-action-at-misano\\\/\"]}]},{\"@type\":\"ImageObject\",\"inLanguage\":\"en-US\",\"@id\":\"https:\\\/\\\/www.boxrepsol.com\\\/en\\\/motogp-en\\\/repsol-honda-team-return-to-action-at-misano\\\/#primaryimage\",\"url\":\"https:\\\/\\\/bxrepsol.s3.eu-west-1.amazonaws.com\\\/static\\\/2022\\\/08\\\/09135020\\\/Copy-of-RD13_Aragon_Marc_2021-07121-1-scaled.jpg\",\"contentUrl\":\"https:\\\/\\\/bxrepsol.s3.eu-west-1.amazonaws.com\\\/static\\\/2022\\\/08\\\/09135020\\\/Copy-of-RD13_Aragon_Marc_2021-07121-1-scaled.jpg\",\"width\":2560,\"height\":1200},{\"@type\":\"BreadcrumbList\",\"@id\":\"https:\\\/\\\/www.boxrepsol.com\\\/en\\\/motogp-en\\\/repsol-honda-team-return-to-action-at-misano\\\/#breadcrumb\",\"itemListElement\":[{\"@type\":\"ListItem\",\"position\":1,\"name\":\"Home\",\"item\":\"https:\\\/\\\/www.boxrepsol.com\\\/en\\\/\"},{\"@type\":\"ListItem\",\"position\":2,\"name\":\"Repsol Honda Team return to action at Misano\"}]},{\"@type\":\"WebSite\",\"@id\":\"https:\\\/\\\/www.boxrepsol.com\\\/en\\\/#website\",\"url\":\"https:\\\/\\\/www.boxrepsol.com\\\/en\\\/\",\"name\":\"Box Repsol\",\"description\":\"Box Repsol Site\",\"publisher\":{\"@id\":\"https:\\\/\\\/www.boxrepsol.com\\\/en\\\/#organization\"},\"potentialAction\":[{\"@type\":\"SearchAction\",\"target\":{\"@type\":\"EntryPoint\",\"urlTemplate\":\"https:\\\/\\\/www.boxrepsol.com\\\/en\\\/?s={search_term_string}\"},\"query-input\":{\"@type\":\"PropertyValueSpecification\",\"valueRequired\":true,\"valueName\":\"search_term_string\"}}],\"inLanguage\":\"en-US\"},{\"@type\":\"Organization\",\"@id\":\"https:\\\/\\\/www.boxrepsol.com\\\/en\\\/#organization\",\"name\":\"Box Repsol\",\"url\":\"https:\\\/\\\/www.boxrepsol.com\\\/en\\\/\",\"logo\":{\"@type\":\"ImageObject\",\"inLanguage\":\"en-US\",\"@id\":\"https:\\\/\\\/www.boxrepsol.com\\\/en\\\/#\\\/schema\\\/logo\\\/image\\\/\",\"url\":\"https:\\\/\\\/bxrepsol.s3.eu-west-1.amazonaws.com\\\/static\\\/2025\\\/07\\\/30083337\\\/favicon-96x96-1.png\",\"contentUrl\":\"https:\\\/\\\/bxrepsol.s3.eu-west-1.amazonaws.com\\\/static\\\/2025\\\/07\\\/30083337\\\/favicon-96x96-1.png\",\"width\":96,\"height\":96,\"caption\":\"Box Repsol\"},\"image\":{\"@id\":\"https:\\\/\\\/www.boxrepsol.com\\\/en\\\/#\\\/schema\\\/logo\\\/image\\\/\"},\"sameAs\":[\"https:\\\/\\\/www.facebook.com\\\/BoxRepsol\",\"https:\\\/\\\/x.com\\\/box_repsol\",\"http:\\\/\\\/instagram.com\\\/box_repsol\",\"https:\\\/\\\/www.youtube.com\\\/user\\\/RepsolCompeticion\",\"https:\\\/\\\/www.flickr.com\\\/photos\\\/box_repsol\\\/\"]},{\"@type\":\"Person\",\"@id\":\"https:\\\/\\\/www.boxrepsol.com\\\/en\\\/#\\\/schema\\\/person\\\/d9d0f442a4332c7d099d31ffda4747a0\",\"name\":\"bx_ayesa\",\"image\":{\"@type\":\"ImageObject\",\"inLanguage\":\"en-US\",\"@id\":\"https:\\\/\\\/secure.gravatar.com\\\/avatar\\\/059e1b9d3585083708845ba70e8dd968f143ff35f5e0e10cf2d1e7afe2c6a878?s=96&d=mm&r=g\",\"url\":\"https:\\\/\\\/secure.gravatar.com\\\/avatar\\\/059e1b9d3585083708845ba70e8dd968f143ff35f5e0e10cf2d1e7afe2c6a878?s=96&d=mm&r=g\",\"contentUrl\":\"https:\\\/\\\/secure.gravatar.com\\\/avatar\\\/059e1b9d3585083708845ba70e8dd968f143ff35f5e0e10cf2d1e7afe2c6a878?s=96&d=mm&r=g\",\"caption\":\"bx_ayesa\"},\"sameAs\":[\"http:\\\/\\\/54.155.157.200\"],\"url\":\"https:\\\/\\\/www.boxrepsol.com\\\/en\\\/author\\\/bx_ayesa\\\/\"}]}<\/script>\n<!-- \/ Yoast SEO plugin. -->","yoast_head_json":{"title":"Repsol Honda Team return to action at Misano - Box Repsol","canonical":"https:\/\/www.boxrepsol.com\/en\/motogp-en\/repsol-honda-team-return-to-action-at-misano\/","og_locale":"en_US","og_type":"article","og_title":"Repsol Honda Team return to action at Misano - Box Repsol","og_description":"Marc M\u00e1rquez and Pol Espargar\u00f3 will compete this weekend at the Misano World Circuit Marco Simoncelli, in the fourteenth round of the MotoGP season","og_url":"https:\/\/www.boxrepsol.com\/en\/motogp-en\/repsol-honda-team-return-to-action-at-misano\/","og_site_name":"Box Repsol","article_publisher":"https:\/\/www.facebook.com\/BoxRepsol","article_published_time":"2021-09-14T02:00:00+00:00","og_image":[{"width":2560,"height":1200,"url":"https:\/\/bxrepsol.s3.eu-west-1.amazonaws.com\/static\/2022\/08\/09135020\/Copy-of-RD13_Aragon_Marc_2021-07121-1-scaled.jpg","type":"image\/jpeg"}],"author":"bx_ayesa","twitter_card":"summary_large_image","twitter_creator":"@box_repsol","twitter_site":"@box_repsol","twitter_misc":{"Written by":"bx_ayesa","Est. reading time":"2 minutes"},"schema":{"@context":"https:\/\/schema.org","@graph":[{"@type":"Article","@id":"https:\/\/www.boxrepsol.com\/en\/motogp-en\/repsol-honda-team-return-to-action-at-misano\/#article","isPartOf":{"@id":"https:\/\/www.boxrepsol.com\/en\/motogp-en\/repsol-honda-team-return-to-action-at-misano\/"},"author":{"name":"bx_ayesa","@id":"https:\/\/www.boxrepsol.com\/en\/#\/schema\/person\/d9d0f442a4332c7d099d31ffda4747a0"},"headline":"Repsol Honda Team return to action at Misano","datePublished":"2021-09-14T02:00:00+00:00","mainEntityOfPage":{"@id":"https:\/\/www.boxrepsol.com\/en\/motogp-en\/repsol-honda-team-return-to-action-at-misano\/"},"wordCount":398,"commentCount":0,"publisher":{"@id":"https:\/\/www.boxrepsol.com\/en\/#organization"},"image":{"@id":"https:\/\/www.boxrepsol.com\/en\/motogp-en\/repsol-honda-team-return-to-action-at-misano\/#primaryimage"},"thumbnailUrl":"https:\/\/bxrepsol.s3.eu-west-1.amazonaws.com\/static\/2022\/08\/09135020\/Copy-of-RD13_Aragon_Marc_2021-07121-1-scaled.jpg","keywords":["2021","Marc M\u00e1rquez","Marc M\u00e1rquez","MotoGP Misano","MotoGP Misano","Pol Espargar\u00f3","Races &amp; competition"],"articleSection":["MotoGP"],"inLanguage":"en-US","potentialAction":[{"@type":"CommentAction","name":"Comment","target":["https:\/\/www.boxrepsol.com\/en\/motogp-en\/repsol-honda-team-return-to-action-at-misano\/#respond"]}]},{"@type":"WebPage","@id":"https:\/\/www.boxrepsol.com\/en\/motogp-en\/repsol-honda-team-return-to-action-at-misano\/","url":"https:\/\/www.boxrepsol.com\/en\/motogp-en\/repsol-honda-team-return-to-action-at-misano\/","name":"Repsol Honda Team return to action at Misano - Box Repsol","isPartOf":{"@id":"https:\/\/www.boxrepsol.com\/en\/#website"},"primaryImageOfPage":{"@id":"https:\/\/www.boxrepsol.com\/en\/motogp-en\/repsol-honda-team-return-to-action-at-misano\/#primaryimage"},"image":{"@id":"https:\/\/www.boxrepsol.com\/en\/motogp-en\/repsol-honda-team-return-to-action-at-misano\/#primaryimage"},"thumbnailUrl":"https:\/\/bxrepsol.s3.eu-west-1.amazonaws.com\/static\/2022\/08\/09135020\/Copy-of-RD13_Aragon_Marc_2021-07121-1-scaled.jpg","datePublished":"2021-09-14T02:00:00+00:00","breadcrumb":{"@id":"https:\/\/www.boxrepsol.com\/en\/motogp-en\/repsol-honda-team-return-to-action-at-misano\/#breadcrumb"},"inLanguage":"en-US","potentialAction":[{"@type":"ReadAction","target":["https:\/\/www.boxrepsol.com\/en\/motogp-en\/repsol-honda-team-return-to-action-at-misano\/"]}]},{"@type":"ImageObject","inLanguage":"en-US","@id":"https:\/\/www.boxrepsol.com\/en\/motogp-en\/repsol-honda-team-return-to-action-at-misano\/#primaryimage","url":"https:\/\/bxrepsol.s3.eu-west-1.amazonaws.com\/static\/2022\/08\/09135020\/Copy-of-RD13_Aragon_Marc_2021-07121-1-scaled.jpg","contentUrl":"https:\/\/bxrepsol.s3.eu-west-1.amazonaws.com\/static\/2022\/08\/09135020\/Copy-of-RD13_Aragon_Marc_2021-07121-1-scaled.jpg","width":2560,"height":1200},{"@type":"BreadcrumbList","@id":"https:\/\/www.boxrepsol.com\/en\/motogp-en\/repsol-honda-team-return-to-action-at-misano\/#breadcrumb","itemListElement":[{"@type":"ListItem","position":1,"name":"Home","item":"https:\/\/www.boxrepsol.com\/en\/"},{"@type":"ListItem","position":2,"name":"Repsol Honda Team return to action at Misano"}]},{"@type":"WebSite","@id":"https:\/\/www.boxrepsol.com\/en\/#website","url":"https:\/\/www.boxrepsol.com\/en\/","name":"Box Repsol","description":"Box Repsol Site","publisher":{"@id":"https:\/\/www.boxrepsol.com\/en\/#organization"},"potentialAction":[{"@type":"SearchAction","target":{"@type":"EntryPoint","urlTemplate":"https:\/\/www.boxrepsol.com\/en\/?s={search_term_string}"},"query-input":{"@type":"PropertyValueSpecification","valueRequired":true,"valueName":"search_term_string"}}],"inLanguage":"en-US"},{"@type":"Organization","@id":"https:\/\/www.boxrepsol.com\/en\/#organization","name":"Box Repsol","url":"https:\/\/www.boxrepsol.com\/en\/","logo":{"@type":"ImageObject","inLanguage":"en-US","@id":"https:\/\/www.boxrepsol.com\/en\/#\/schema\/logo\/image\/","url":"https:\/\/bxrepsol.s3.eu-west-1.amazonaws.com\/static\/2025\/07\/30083337\/favicon-96x96-1.png","contentUrl":"https:\/\/bxrepsol.s3.eu-west-1.amazonaws.com\/static\/2025\/07\/30083337\/favicon-96x96-1.png","width":96,"height":96,"caption":"Box Repsol"},"image":{"@id":"https:\/\/www.boxrepsol.com\/en\/#\/schema\/logo\/image\/"},"sameAs":["https:\/\/www.facebook.com\/BoxRepsol","https:\/\/x.com\/box_repsol","http:\/\/instagram.com\/box_repsol","https:\/\/www.youtube.com\/user\/RepsolCompeticion","https:\/\/www.flickr.com\/photos\/box_repsol\/"]},{"@type":"Person","@id":"https:\/\/www.boxrepsol.com\/en\/#\/schema\/person\/d9d0f442a4332c7d099d31ffda4747a0","name":"bx_ayesa","image":{"@type":"ImageObject","inLanguage":"en-US","@id":"https:\/\/secure.gravatar.com\/avatar\/059e1b9d3585083708845ba70e8dd968f143ff35f5e0e10cf2d1e7afe2c6a878?s=96&d=mm&r=g","url":"https:\/\/secure.gravatar.com\/avatar\/059e1b9d3585083708845ba70e8dd968f143ff35f5e0e10cf2d1e7afe2c6a878?s=96&d=mm&r=g","contentUrl":"https:\/\/secure.gravatar.com\/avatar\/059e1b9d3585083708845ba70e8dd968f143ff35f5e0e10cf2d1e7afe2c6a878?s=96&d=mm&r=g","caption":"bx_ayesa"},"sameAs":["http:\/\/54.155.157.200"],"url":"https:\/\/www.boxrepsol.com\/en\/author\/bx_ayesa\/"}]}},"_links":{"self":[{"href":"https:\/\/www.boxrepsol.com\/en\/wp-json\/wp\/v2\/posts\/98363","targetHints":{"allow":["GET"]}}],"collection":[{"href":"https:\/\/www.boxrepsol.com\/en\/wp-json\/wp\/v2\/posts"}],"about":[{"href":"https:\/\/www.boxrepsol.com\/en\/wp-json\/wp\/v2\/types\/post"}],"author":[{"embeddable":true,"href":"https:\/\/www.boxrepsol.com\/en\/wp-json\/wp\/v2\/users\/1"}],"replies":[{"embeddable":true,"href":"https:\/\/www.boxrepsol.com\/en\/wp-json\/wp\/v2\/comments?post=98363"}],"version-history":[{"count":0,"href":"https:\/\/www.boxrepsol.com\/en\/wp-json\/wp\/v2\/posts\/98363\/revisions"}],"wp:featuredmedia":[{"embeddable":true,"href":"https:\/\/www.boxrepsol.com\/en\/wp-json\/wp\/v2\/media\/43963"}],"wp:attachment":[{"href":"https:\/\/www.boxrepsol.com\/en\/wp-json\/wp\/v2\/media?parent=98363"}],"wp:term":[{"taxonomy":"category","embeddable":true,"href":"https:\/\/www.boxrepsol.com\/en\/wp-json\/wp\/v2\/categories?post=98363"},{"taxonomy":"post_tag","embeddable":true,"href":"https:\/\/www.boxrepsol.com\/en\/wp-json\/wp\/v2\/tags?post=98363"}],"curies":[{"name":"wp","href":"https:\/\/api.w.org\/{rel}","templated":true}]}}