{"id":98346,"date":"2021-08-27T00:00:00","date_gmt":"2021-08-27T02:00:00","guid":{"rendered":"http:\/\/pre.boxrepsol.com\/uncategorized\/marquez-suffers-scare-on-positive-first-day-for-repsol-honda-team\/"},"modified":"2021-08-27T00:00:00","modified_gmt":"2021-08-27T02:00:00","slug":"marquez-suffers-scare-on-positive-first-day-for-repsol-honda-team","status":"publish","type":"post","link":"https:\/\/www.boxrepsol.com\/en\/motogp-en\/marquez-suffers-scare-on-positive-first-day-for-repsol-honda-team\/","title":{"rendered":"M\u00e1rquez suffers scare on positive first day for Repsol Honda Team"},"content":{"rendered":"<p>MotoGP action returned to <strong>Silverstone<\/strong> after a two-year absence, with dry conditions on the opening day.<\/p>\n<p><strong>Pol Espargar\u00f3<\/strong> managed to take a step forward with his riding onboard the Honda <strong>RC213V<\/strong>. The <strong>Repsol Honda Team<\/strong> rider started the day with the fourth best time of FP1, repeating this position in FP2 with a 2:00.035, 7 tenths off the top spot.<\/p>\n<p>The time gives him a strong chance of going <strong>straight into Q2<\/strong> on Saturday.<\/p>\n<p><strong>Marc M\u00e1rquez<\/strong> began Friday leading the first Free Practice. With just a few minutes to go before the end of the session, the Repsol Honda Team rider suffered a spectacular crash at a speed of more than 250 km\/h, from which he was thankfully unhurt.<\/p>\n<p>In FP2, M\u00e1rquez set a best time of 2:00.051 thousandths, which allowed him to finish fifth and also virtually ensure a spot in Q2.<\/p>\n<h3>Rider Statements<\/h3>\n<p><a href=\"https:\/\/twitter.com\/search?q=%23MM93&amp;src=hashtag_click\">#MM93<\/a><\/p>\n<p>&#8220;Today I was feeling really good from the start, I went out and I was riding like I wanted to. Unfortunately, at the end of FP1 we had a big crash and I got some dirt inside my eye which caused some crying during FP2 and it was difficult to concentrate well and perform at my best. Even in this situation we were able to perform well but after FP2 the eye felt worse, my vision has always been ok, but I went to the hospital to get it properly cleaned. Now I will take some rest, keep the eye closed and be ready for tomorrow. The aim is to keep this level until Sunday.\u201d<\/p>\n<p><a href=\"https:\/\/twitter.com\/search?q=%23POL44&amp;src=hashtag_click\">#POL44<\/a><\/p>\n<p>&#8220;It was a good day, but not our best day so far. Everything was going quite well today, this is true. With the medium tyres we couldn\u2019t push too much because it has still been quite cold but we found a good direction with the soft in these conditions. There are no complaints today and right now I am feeling good with the bike, the track, the temperature, and everything is coming smoothly to us. It\u2019s all working well but today doesn\u2019t matter in FP3 and it does not matter on Sunday, so we need to keep working to improve. It\u2019s not the time to get excited, it\u2019s the time to work.\u201d<\/p>\n","protected":false},"excerpt":{"rendered":"<p>Espargar\u00f3 and M\u00e1rquez compete in first two Free Practice sessions for the British Grand Prix, finishing fourth and fifth, respectively. M\u00e1rquez suffers a spectacular crash at the end of FP1, escaping unscathed.<\/p>\n","protected":false},"author":1,"featured_media":43747,"comment_status":"open","ping_status":"open","sticky":false,"template":"","format":"standard","meta":{"footnotes":""},"categories":[146],"tags":[194,6,283,314,213,128],"class_list":["post-98346","post","type-post","status-publish","format-standard","hentry","category-motogp-en","tag-194","tag-marc-marquez","tag-marc-marquez-en","tag-motogp-gran-bretana-en","tag-motogp-great-britain","tag-pol-espargaro"],"yoast_head":"<!-- This site is optimized with the Yoast SEO plugin v27.3 - https:\/\/yoast.com\/product\/yoast-seo-wordpress\/ -->\n<title>M\u00e1rquez suffers scare on positive first day for Repsol Honda Team - Box Repsol<\/title>\n<meta name=\"description\" content=\"Espargar\u00f3 and M\u00e1rquez compete in first two Free Practice sessions for the British Grand Prix, finishing fourth and fifth, respectively. M\u00e1rquez suffers a spectacular crash at the end of FP1, escaping unscathed.\" \/>\n<link rel=\"canonical\" href=\"https:\/\/www.boxrepsol.com\/en\/motogp-en\/marquez-suffers-scare-on-positive-first-day-for-repsol-honda-team\/\" \/>\n<meta property=\"og:locale\" content=\"en_US\" \/>\n<meta property=\"og:type\" content=\"article\" \/>\n<meta property=\"og:title\" content=\"M\u00e1rquez suffers scare on positive first day for Repsol Honda Team - Box Repsol\" \/>\n<meta property=\"og:description\" content=\"Espargar\u00f3 and M\u00e1rquez compete in first two Free Practice sessions for the British Grand Prix, finishing fourth and fifth, respectively. M\u00e1rquez suffers a spectacular crash at the end of FP1, escaping unscathed.\" \/>\n<meta property=\"og:url\" content=\"https:\/\/www.boxrepsol.com\/en\/motogp-en\/marquez-suffers-scare-on-positive-first-day-for-repsol-honda-team\/\" \/>\n<meta property=\"og:site_name\" content=\"Box Repsol\" \/>\n<meta property=\"article:publisher\" content=\"https:\/\/www.facebook.com\/BoxRepsol\" \/>\n<meta property=\"article:published_time\" content=\"2021-08-27T02:00:00+00:00\" \/>\n<meta property=\"og:image\" content=\"https:\/\/bxrepsol.s3.eu-west-1.amazonaws.com\/static\/2022\/08\/09134145\/http___repsolmedia.com_repsolmedia_wp-content_uploads_2021_08_OKportada-61-1.jpg\" \/>\n\t<meta property=\"og:image:width\" content=\"1280\" \/>\n\t<meta property=\"og:image:height\" content=\"600\" \/>\n\t<meta property=\"og:image:type\" content=\"image\/jpeg\" \/>\n<meta name=\"author\" content=\"bx_ayesa\" \/>\n<meta name=\"twitter:card\" content=\"summary_large_image\" \/>\n<meta name=\"twitter:creator\" content=\"@box_repsol\" \/>\n<meta name=\"twitter:site\" content=\"@box_repsol\" \/>\n<meta name=\"twitter:label1\" content=\"Written by\" \/>\n\t<meta name=\"twitter:data1\" content=\"bx_ayesa\" \/>\n\t<meta name=\"twitter:label2\" content=\"Est. reading time\" \/>\n\t<meta name=\"twitter:data2\" content=\"2 minutes\" \/>\n<script type=\"application\/ld+json\" class=\"yoast-schema-graph\">{\"@context\":\"https:\\\/\\\/schema.org\",\"@graph\":[{\"@type\":\"Article\",\"@id\":\"https:\\\/\\\/www.boxrepsol.com\\\/en\\\/motogp-en\\\/marquez-suffers-scare-on-positive-first-day-for-repsol-honda-team\\\/#article\",\"isPartOf\":{\"@id\":\"https:\\\/\\\/www.boxrepsol.com\\\/en\\\/motogp-en\\\/marquez-suffers-scare-on-positive-first-day-for-repsol-honda-team\\\/\"},\"author\":{\"name\":\"bx_ayesa\",\"@id\":\"https:\\\/\\\/www.boxrepsol.com\\\/en\\\/#\\\/schema\\\/person\\\/d9d0f442a4332c7d099d31ffda4747a0\"},\"headline\":\"M\u00e1rquez suffers scare on positive first day for Repsol Honda Team\",\"datePublished\":\"2021-08-27T02:00:00+00:00\",\"mainEntityOfPage\":{\"@id\":\"https:\\\/\\\/www.boxrepsol.com\\\/en\\\/motogp-en\\\/marquez-suffers-scare-on-positive-first-day-for-repsol-honda-team\\\/\"},\"wordCount\":391,\"commentCount\":0,\"publisher\":{\"@id\":\"https:\\\/\\\/www.boxrepsol.com\\\/en\\\/#organization\"},\"image\":{\"@id\":\"https:\\\/\\\/www.boxrepsol.com\\\/en\\\/motogp-en\\\/marquez-suffers-scare-on-positive-first-day-for-repsol-honda-team\\\/#primaryimage\"},\"thumbnailUrl\":\"https:\\\/\\\/bxrepsol.s3.eu-west-1.amazonaws.com\\\/static\\\/2022\\\/08\\\/09134145\\\/http___repsolmedia.com_repsolmedia_wp-content_uploads_2021_08_OKportada-61-1.jpg\",\"keywords\":[\"2021\",\"Marc M\u00e1rquez\",\"Marc M\u00e1rquez\",\"MotoGP Gran Breta\u00f1a\",\"MotoGP Great Britain\",\"Pol Espargar\u00f3\"],\"articleSection\":[\"MotoGP\"],\"inLanguage\":\"en-US\",\"potentialAction\":[{\"@type\":\"CommentAction\",\"name\":\"Comment\",\"target\":[\"https:\\\/\\\/www.boxrepsol.com\\\/en\\\/motogp-en\\\/marquez-suffers-scare-on-positive-first-day-for-repsol-honda-team\\\/#respond\"]}]},{\"@type\":\"WebPage\",\"@id\":\"https:\\\/\\\/www.boxrepsol.com\\\/en\\\/motogp-en\\\/marquez-suffers-scare-on-positive-first-day-for-repsol-honda-team\\\/\",\"url\":\"https:\\\/\\\/www.boxrepsol.com\\\/en\\\/motogp-en\\\/marquez-suffers-scare-on-positive-first-day-for-repsol-honda-team\\\/\",\"name\":\"M\u00e1rquez suffers scare on positive first day for Repsol Honda Team - Box Repsol\",\"isPartOf\":{\"@id\":\"https:\\\/\\\/www.boxrepsol.com\\\/en\\\/#website\"},\"primaryImageOfPage\":{\"@id\":\"https:\\\/\\\/www.boxrepsol.com\\\/en\\\/motogp-en\\\/marquez-suffers-scare-on-positive-first-day-for-repsol-honda-team\\\/#primaryimage\"},\"image\":{\"@id\":\"https:\\\/\\\/www.boxrepsol.com\\\/en\\\/motogp-en\\\/marquez-suffers-scare-on-positive-first-day-for-repsol-honda-team\\\/#primaryimage\"},\"thumbnailUrl\":\"https:\\\/\\\/bxrepsol.s3.eu-west-1.amazonaws.com\\\/static\\\/2022\\\/08\\\/09134145\\\/http___repsolmedia.com_repsolmedia_wp-content_uploads_2021_08_OKportada-61-1.jpg\",\"datePublished\":\"2021-08-27T02:00:00+00:00\",\"description\":\"Espargar\u00f3 and M\u00e1rquez compete in first two Free Practice sessions for the British Grand Prix, finishing fourth and fifth, respectively. M\u00e1rquez suffers a spectacular crash at the end of FP1, escaping unscathed.\",\"breadcrumb\":{\"@id\":\"https:\\\/\\\/www.boxrepsol.com\\\/en\\\/motogp-en\\\/marquez-suffers-scare-on-positive-first-day-for-repsol-honda-team\\\/#breadcrumb\"},\"inLanguage\":\"en-US\",\"potentialAction\":[{\"@type\":\"ReadAction\",\"target\":[\"https:\\\/\\\/www.boxrepsol.com\\\/en\\\/motogp-en\\\/marquez-suffers-scare-on-positive-first-day-for-repsol-honda-team\\\/\"]}]},{\"@type\":\"ImageObject\",\"inLanguage\":\"en-US\",\"@id\":\"https:\\\/\\\/www.boxrepsol.com\\\/en\\\/motogp-en\\\/marquez-suffers-scare-on-positive-first-day-for-repsol-honda-team\\\/#primaryimage\",\"url\":\"https:\\\/\\\/bxrepsol.s3.eu-west-1.amazonaws.com\\\/static\\\/2022\\\/08\\\/09134145\\\/http___repsolmedia.com_repsolmedia_wp-content_uploads_2021_08_OKportada-61-1.jpg\",\"contentUrl\":\"https:\\\/\\\/bxrepsol.s3.eu-west-1.amazonaws.com\\\/static\\\/2022\\\/08\\\/09134145\\\/http___repsolmedia.com_repsolmedia_wp-content_uploads_2021_08_OKportada-61-1.jpg\",\"width\":1280,\"height\":600},{\"@type\":\"BreadcrumbList\",\"@id\":\"https:\\\/\\\/www.boxrepsol.com\\\/en\\\/motogp-en\\\/marquez-suffers-scare-on-positive-first-day-for-repsol-honda-team\\\/#breadcrumb\",\"itemListElement\":[{\"@type\":\"ListItem\",\"position\":1,\"name\":\"Home\",\"item\":\"https:\\\/\\\/www.boxrepsol.com\\\/en\\\/\"},{\"@type\":\"ListItem\",\"position\":2,\"name\":\"M\u00e1rquez suffers scare on positive first day for Repsol Honda Team\"}]},{\"@type\":\"WebSite\",\"@id\":\"https:\\\/\\\/www.boxrepsol.com\\\/en\\\/#website\",\"url\":\"https:\\\/\\\/www.boxrepsol.com\\\/en\\\/\",\"name\":\"Box Repsol\",\"description\":\"Box Repsol Site\",\"publisher\":{\"@id\":\"https:\\\/\\\/www.boxrepsol.com\\\/en\\\/#organization\"},\"potentialAction\":[{\"@type\":\"SearchAction\",\"target\":{\"@type\":\"EntryPoint\",\"urlTemplate\":\"https:\\\/\\\/www.boxrepsol.com\\\/en\\\/?s={search_term_string}\"},\"query-input\":{\"@type\":\"PropertyValueSpecification\",\"valueRequired\":true,\"valueName\":\"search_term_string\"}}],\"inLanguage\":\"en-US\"},{\"@type\":\"Organization\",\"@id\":\"https:\\\/\\\/www.boxrepsol.com\\\/en\\\/#organization\",\"name\":\"Box Repsol\",\"url\":\"https:\\\/\\\/www.boxrepsol.com\\\/en\\\/\",\"logo\":{\"@type\":\"ImageObject\",\"inLanguage\":\"en-US\",\"@id\":\"https:\\\/\\\/www.boxrepsol.com\\\/en\\\/#\\\/schema\\\/logo\\\/image\\\/\",\"url\":\"https:\\\/\\\/bxrepsol.s3.eu-west-1.amazonaws.com\\\/static\\\/2025\\\/07\\\/30083337\\\/favicon-96x96-1.png\",\"contentUrl\":\"https:\\\/\\\/bxrepsol.s3.eu-west-1.amazonaws.com\\\/static\\\/2025\\\/07\\\/30083337\\\/favicon-96x96-1.png\",\"width\":96,\"height\":96,\"caption\":\"Box Repsol\"},\"image\":{\"@id\":\"https:\\\/\\\/www.boxrepsol.com\\\/en\\\/#\\\/schema\\\/logo\\\/image\\\/\"},\"sameAs\":[\"https:\\\/\\\/www.facebook.com\\\/BoxRepsol\",\"https:\\\/\\\/x.com\\\/box_repsol\",\"http:\\\/\\\/instagram.com\\\/box_repsol\",\"https:\\\/\\\/www.youtube.com\\\/user\\\/RepsolCompeticion\",\"https:\\\/\\\/www.flickr.com\\\/photos\\\/box_repsol\\\/\"]},{\"@type\":\"Person\",\"@id\":\"https:\\\/\\\/www.boxrepsol.com\\\/en\\\/#\\\/schema\\\/person\\\/d9d0f442a4332c7d099d31ffda4747a0\",\"name\":\"bx_ayesa\",\"image\":{\"@type\":\"ImageObject\",\"inLanguage\":\"en-US\",\"@id\":\"https:\\\/\\\/secure.gravatar.com\\\/avatar\\\/059e1b9d3585083708845ba70e8dd968f143ff35f5e0e10cf2d1e7afe2c6a878?s=96&d=mm&r=g\",\"url\":\"https:\\\/\\\/secure.gravatar.com\\\/avatar\\\/059e1b9d3585083708845ba70e8dd968f143ff35f5e0e10cf2d1e7afe2c6a878?s=96&d=mm&r=g\",\"contentUrl\":\"https:\\\/\\\/secure.gravatar.com\\\/avatar\\\/059e1b9d3585083708845ba70e8dd968f143ff35f5e0e10cf2d1e7afe2c6a878?s=96&d=mm&r=g\",\"caption\":\"bx_ayesa\"},\"sameAs\":[\"http:\\\/\\\/54.155.157.200\"],\"url\":\"https:\\\/\\\/www.boxrepsol.com\\\/en\\\/author\\\/bx_ayesa\\\/\"}]}<\/script>\n<!-- \/ Yoast SEO plugin. -->","yoast_head_json":{"title":"M\u00e1rquez suffers scare on positive first day for Repsol Honda Team - Box Repsol","description":"Espargar\u00f3 and M\u00e1rquez compete in first two Free Practice sessions for the British Grand Prix, finishing fourth and fifth, respectively. M\u00e1rquez suffers a spectacular crash at the end of FP1, escaping unscathed.","canonical":"https:\/\/www.boxrepsol.com\/en\/motogp-en\/marquez-suffers-scare-on-positive-first-day-for-repsol-honda-team\/","og_locale":"en_US","og_type":"article","og_title":"M\u00e1rquez suffers scare on positive first day for Repsol Honda Team - Box Repsol","og_description":"Espargar\u00f3 and M\u00e1rquez compete in first two Free Practice sessions for the British Grand Prix, finishing fourth and fifth, respectively. M\u00e1rquez suffers a spectacular crash at the end of FP1, escaping unscathed.","og_url":"https:\/\/www.boxrepsol.com\/en\/motogp-en\/marquez-suffers-scare-on-positive-first-day-for-repsol-honda-team\/","og_site_name":"Box Repsol","article_publisher":"https:\/\/www.facebook.com\/BoxRepsol","article_published_time":"2021-08-27T02:00:00+00:00","og_image":[{"width":1280,"height":600,"url":"https:\/\/bxrepsol.s3.eu-west-1.amazonaws.com\/static\/2022\/08\/09134145\/http___repsolmedia.com_repsolmedia_wp-content_uploads_2021_08_OKportada-61-1.jpg","type":"image\/jpeg"}],"author":"bx_ayesa","twitter_card":"summary_large_image","twitter_creator":"@box_repsol","twitter_site":"@box_repsol","twitter_misc":{"Written by":"bx_ayesa","Est. reading time":"2 minutes"},"schema":{"@context":"https:\/\/schema.org","@graph":[{"@type":"Article","@id":"https:\/\/www.boxrepsol.com\/en\/motogp-en\/marquez-suffers-scare-on-positive-first-day-for-repsol-honda-team\/#article","isPartOf":{"@id":"https:\/\/www.boxrepsol.com\/en\/motogp-en\/marquez-suffers-scare-on-positive-first-day-for-repsol-honda-team\/"},"author":{"name":"bx_ayesa","@id":"https:\/\/www.boxrepsol.com\/en\/#\/schema\/person\/d9d0f442a4332c7d099d31ffda4747a0"},"headline":"M\u00e1rquez suffers scare on positive first day for Repsol Honda Team","datePublished":"2021-08-27T02:00:00+00:00","mainEntityOfPage":{"@id":"https:\/\/www.boxrepsol.com\/en\/motogp-en\/marquez-suffers-scare-on-positive-first-day-for-repsol-honda-team\/"},"wordCount":391,"commentCount":0,"publisher":{"@id":"https:\/\/www.boxrepsol.com\/en\/#organization"},"image":{"@id":"https:\/\/www.boxrepsol.com\/en\/motogp-en\/marquez-suffers-scare-on-positive-first-day-for-repsol-honda-team\/#primaryimage"},"thumbnailUrl":"https:\/\/bxrepsol.s3.eu-west-1.amazonaws.com\/static\/2022\/08\/09134145\/http___repsolmedia.com_repsolmedia_wp-content_uploads_2021_08_OKportada-61-1.jpg","keywords":["2021","Marc M\u00e1rquez","Marc M\u00e1rquez","MotoGP Gran Breta\u00f1a","MotoGP Great Britain","Pol Espargar\u00f3"],"articleSection":["MotoGP"],"inLanguage":"en-US","potentialAction":[{"@type":"CommentAction","name":"Comment","target":["https:\/\/www.boxrepsol.com\/en\/motogp-en\/marquez-suffers-scare-on-positive-first-day-for-repsol-honda-team\/#respond"]}]},{"@type":"WebPage","@id":"https:\/\/www.boxrepsol.com\/en\/motogp-en\/marquez-suffers-scare-on-positive-first-day-for-repsol-honda-team\/","url":"https:\/\/www.boxrepsol.com\/en\/motogp-en\/marquez-suffers-scare-on-positive-first-day-for-repsol-honda-team\/","name":"M\u00e1rquez suffers scare on positive first day for Repsol Honda Team - Box Repsol","isPartOf":{"@id":"https:\/\/www.boxrepsol.com\/en\/#website"},"primaryImageOfPage":{"@id":"https:\/\/www.boxrepsol.com\/en\/motogp-en\/marquez-suffers-scare-on-positive-first-day-for-repsol-honda-team\/#primaryimage"},"image":{"@id":"https:\/\/www.boxrepsol.com\/en\/motogp-en\/marquez-suffers-scare-on-positive-first-day-for-repsol-honda-team\/#primaryimage"},"thumbnailUrl":"https:\/\/bxrepsol.s3.eu-west-1.amazonaws.com\/static\/2022\/08\/09134145\/http___repsolmedia.com_repsolmedia_wp-content_uploads_2021_08_OKportada-61-1.jpg","datePublished":"2021-08-27T02:00:00+00:00","description":"Espargar\u00f3 and M\u00e1rquez compete in first two Free Practice sessions for the British Grand Prix, finishing fourth and fifth, respectively. M\u00e1rquez suffers a spectacular crash at the end of FP1, escaping unscathed.","breadcrumb":{"@id":"https:\/\/www.boxrepsol.com\/en\/motogp-en\/marquez-suffers-scare-on-positive-first-day-for-repsol-honda-team\/#breadcrumb"},"inLanguage":"en-US","potentialAction":[{"@type":"ReadAction","target":["https:\/\/www.boxrepsol.com\/en\/motogp-en\/marquez-suffers-scare-on-positive-first-day-for-repsol-honda-team\/"]}]},{"@type":"ImageObject","inLanguage":"en-US","@id":"https:\/\/www.boxrepsol.com\/en\/motogp-en\/marquez-suffers-scare-on-positive-first-day-for-repsol-honda-team\/#primaryimage","url":"https:\/\/bxrepsol.s3.eu-west-1.amazonaws.com\/static\/2022\/08\/09134145\/http___repsolmedia.com_repsolmedia_wp-content_uploads_2021_08_OKportada-61-1.jpg","contentUrl":"https:\/\/bxrepsol.s3.eu-west-1.amazonaws.com\/static\/2022\/08\/09134145\/http___repsolmedia.com_repsolmedia_wp-content_uploads_2021_08_OKportada-61-1.jpg","width":1280,"height":600},{"@type":"BreadcrumbList","@id":"https:\/\/www.boxrepsol.com\/en\/motogp-en\/marquez-suffers-scare-on-positive-first-day-for-repsol-honda-team\/#breadcrumb","itemListElement":[{"@type":"ListItem","position":1,"name":"Home","item":"https:\/\/www.boxrepsol.com\/en\/"},{"@type":"ListItem","position":2,"name":"M\u00e1rquez suffers scare on positive first day for Repsol Honda Team"}]},{"@type":"WebSite","@id":"https:\/\/www.boxrepsol.com\/en\/#website","url":"https:\/\/www.boxrepsol.com\/en\/","name":"Box Repsol","description":"Box Repsol Site","publisher":{"@id":"https:\/\/www.boxrepsol.com\/en\/#organization"},"potentialAction":[{"@type":"SearchAction","target":{"@type":"EntryPoint","urlTemplate":"https:\/\/www.boxrepsol.com\/en\/?s={search_term_string}"},"query-input":{"@type":"PropertyValueSpecification","valueRequired":true,"valueName":"search_term_string"}}],"inLanguage":"en-US"},{"@type":"Organization","@id":"https:\/\/www.boxrepsol.com\/en\/#organization","name":"Box Repsol","url":"https:\/\/www.boxrepsol.com\/en\/","logo":{"@type":"ImageObject","inLanguage":"en-US","@id":"https:\/\/www.boxrepsol.com\/en\/#\/schema\/logo\/image\/","url":"https:\/\/bxrepsol.s3.eu-west-1.amazonaws.com\/static\/2025\/07\/30083337\/favicon-96x96-1.png","contentUrl":"https:\/\/bxrepsol.s3.eu-west-1.amazonaws.com\/static\/2025\/07\/30083337\/favicon-96x96-1.png","width":96,"height":96,"caption":"Box Repsol"},"image":{"@id":"https:\/\/www.boxrepsol.com\/en\/#\/schema\/logo\/image\/"},"sameAs":["https:\/\/www.facebook.com\/BoxRepsol","https:\/\/x.com\/box_repsol","http:\/\/instagram.com\/box_repsol","https:\/\/www.youtube.com\/user\/RepsolCompeticion","https:\/\/www.flickr.com\/photos\/box_repsol\/"]},{"@type":"Person","@id":"https:\/\/www.boxrepsol.com\/en\/#\/schema\/person\/d9d0f442a4332c7d099d31ffda4747a0","name":"bx_ayesa","image":{"@type":"ImageObject","inLanguage":"en-US","@id":"https:\/\/secure.gravatar.com\/avatar\/059e1b9d3585083708845ba70e8dd968f143ff35f5e0e10cf2d1e7afe2c6a878?s=96&d=mm&r=g","url":"https:\/\/secure.gravatar.com\/avatar\/059e1b9d3585083708845ba70e8dd968f143ff35f5e0e10cf2d1e7afe2c6a878?s=96&d=mm&r=g","contentUrl":"https:\/\/secure.gravatar.com\/avatar\/059e1b9d3585083708845ba70e8dd968f143ff35f5e0e10cf2d1e7afe2c6a878?s=96&d=mm&r=g","caption":"bx_ayesa"},"sameAs":["http:\/\/54.155.157.200"],"url":"https:\/\/www.boxrepsol.com\/en\/author\/bx_ayesa\/"}]}},"_links":{"self":[{"href":"https:\/\/www.boxrepsol.com\/en\/wp-json\/wp\/v2\/posts\/98346","targetHints":{"allow":["GET"]}}],"collection":[{"href":"https:\/\/www.boxrepsol.com\/en\/wp-json\/wp\/v2\/posts"}],"about":[{"href":"https:\/\/www.boxrepsol.com\/en\/wp-json\/wp\/v2\/types\/post"}],"author":[{"embeddable":true,"href":"https:\/\/www.boxrepsol.com\/en\/wp-json\/wp\/v2\/users\/1"}],"replies":[{"embeddable":true,"href":"https:\/\/www.boxrepsol.com\/en\/wp-json\/wp\/v2\/comments?post=98346"}],"version-history":[{"count":0,"href":"https:\/\/www.boxrepsol.com\/en\/wp-json\/wp\/v2\/posts\/98346\/revisions"}],"wp:featuredmedia":[{"embeddable":true,"href":"https:\/\/www.boxrepsol.com\/en\/wp-json\/wp\/v2\/media\/43747"}],"wp:attachment":[{"href":"https:\/\/www.boxrepsol.com\/en\/wp-json\/wp\/v2\/media?parent=98346"}],"wp:term":[{"taxonomy":"category","embeddable":true,"href":"https:\/\/www.boxrepsol.com\/en\/wp-json\/wp\/v2\/categories?post=98346"},{"taxonomy":"post_tag","embeddable":true,"href":"https:\/\/www.boxrepsol.com\/en\/wp-json\/wp\/v2\/tags?post=98346"}],"curies":[{"name":"wp","href":"https:\/\/api.w.org\/{rel}","templated":true}]}}