{"id":98325,"date":"2021-08-06T00:00:00","date_gmt":"2021-08-06T02:00:00","guid":{"rendered":"http:\/\/pre.boxrepsol.com\/uncategorized\/espargaro-and-marquez-end-first-day-of-styrian-grand-prix-inside-top-10\/"},"modified":"2023-09-25T14:02:32","modified_gmt":"2023-09-25T16:02:32","slug":"espargaro-and-marquez-end-first-day-of-styrian-grand-prix-inside-top-10","status":"publish","type":"post","link":"https:\/\/www.boxrepsol.com\/en\/motogp-en\/espargaro-and-marquez-end-first-day-of-styrian-grand-prix-inside-top-10\/","title":{"rendered":"Espargar\u00f3 and M\u00e1rquez end first day of Styrian Grand Prix inside Top 10"},"content":{"rendered":"<p>The first Free Practice sessions after the summer break for the MotoGP World Championship riders took place at the <strong>Styrian Grand Prix<\/strong> in Spielberg on Friday, with changeable weather conditions; FP1 was a dry session, whilst FP2 was held on a wet track.<\/p>\n<p><strong>Pol Espargar\u00f3<\/strong> started the day by setting a good pace, his feeling subsequently improving throughout the first Free Practice session. In the morning, the <strong>Repsol Honda Team<\/strong> rider set a best time of 1:24.254, which allowed him to place fifth. In the afternoon, the rain hindered his progress and he set the 13th best time.<\/p>\n<p><strong>Marc M\u00e1rquez<\/strong> led the way in part of the first Free Practice for the Styrian Grand Prix, showing further improvement and recovery from his injury. He clocked a 1:24.475 for sixth place, just behind his teammate. Unable to lower his time in the afternoon, like the rest of the premier class field, he ended the second session in tenth.<\/p>\n<h3><strong>Riders quotes:<\/strong><\/h3>\n<p><strong><a href=\"https:\/\/twitter.com\/hashtag\/MM93?src=hash&amp;lang=es\" target=\"_blank\" rel=\"noopener\">#MM93<\/a>:<\/strong><br \/>\n\u201cHonestly speaking I was expecting a lot more from today but I didn\u2019t feel great today, so I accepted it and we keep working. It\u2019s a little frustrating but we are doing what we can, and our times were quite good even though our level wasn\u2019t what we wanted. We will see what happens over the course of the weekend and if my feeling improves. The bike is working well here and the times are quite close after the summer break. Certainly the weather might complicate things a bit later in the weekend, but it\u2019s the same for everyone.\u201d<\/p>\n<p><strong><a href=\"https:\/\/twitter.com\/box_repsol\" target=\"_blank\" rel=\"noopener\">#POL44<\/a>:<\/strong><br \/>\n\u201cThe bike was performing well today when I pushed the lap time was coming. It was great to be back out riding after the summer break but for sure there is still some time from all of us to find. This is the kind of circuit where the bike works well, where we can make the most of our advantages. Our final lap time isn\u2019t too bad, there\u2019s room to work and improve but we are feeling positive in the wet and the dry. Let\u2019s see what the weather does for the rest of the weekend.\u201d<\/p>\n","protected":false},"excerpt":{"rendered":"<p>Pol Espargar\u00f3 and Marc M\u00e1rquez occupy fifth and sixth positions, respectively, at the Austrian track on Friday<\/p>\n","protected":false},"author":1,"featured_media":43532,"comment_status":"open","ping_status":"open","sticky":false,"template":"","format":"standard","meta":{"footnotes":""},"categories":[146],"tags":[194,281,6,283,246,128,8],"class_list":["post-98325","post","type-post","status-publish","format-standard","hentry","category-motogp-en","tag-194","tag-equipo-repsol-honda-en","tag-marc-marquez","tag-marc-marquez-en","tag-motogp-styria","tag-pol-espargaro","tag-repsol-honda-team"],"yoast_head":"<!-- This site is optimized with the Yoast SEO plugin v27.3 - https:\/\/yoast.com\/product\/yoast-seo-wordpress\/ -->\n<title>Espargar\u00f3 and M\u00e1rquez end first day of Styrian Grand Prix inside Top 10 - Box Repsol<\/title>\n<link rel=\"canonical\" href=\"https:\/\/www.boxrepsol.com\/en\/motogp-en\/espargaro-and-marquez-end-first-day-of-styrian-grand-prix-inside-top-10\/\" \/>\n<meta property=\"og:locale\" content=\"en_US\" \/>\n<meta property=\"og:type\" content=\"article\" \/>\n<meta property=\"og:title\" content=\"Espargar\u00f3 and M\u00e1rquez end first day of Styrian Grand Prix inside Top 10 - Box Repsol\" \/>\n<meta property=\"og:description\" content=\"Pol Espargar\u00f3 and Marc M\u00e1rquez occupy fifth and sixth positions, respectively, at the Austrian track on Friday\" \/>\n<meta property=\"og:url\" content=\"https:\/\/www.boxrepsol.com\/en\/motogp-en\/espargaro-and-marquez-end-first-day-of-styrian-grand-prix-inside-top-10\/\" \/>\n<meta property=\"og:site_name\" content=\"Box Repsol\" \/>\n<meta property=\"article:publisher\" content=\"https:\/\/www.facebook.com\/BoxRepsol\" \/>\n<meta property=\"article:published_time\" content=\"2021-08-06T02:00:00+00:00\" \/>\n<meta property=\"article:modified_time\" content=\"2023-09-25T16:02:32+00:00\" \/>\n<meta property=\"og:image\" content=\"https:\/\/bxrepsol.s3.eu-west-1.amazonaws.com\/static\/2022\/08\/09133221\/http___repsolmedia.com_repsolmedia_wp-content_uploads_2021_08_Copy-of-RD10_Styria_Espargaro_2021-2-scaled1-1.jpg\" \/>\n\t<meta property=\"og:image:width\" content=\"2560\" \/>\n\t<meta property=\"og:image:height\" content=\"1707\" \/>\n\t<meta property=\"og:image:type\" content=\"image\/jpeg\" \/>\n<meta name=\"author\" content=\"bx_ayesa\" \/>\n<meta name=\"twitter:card\" content=\"summary_large_image\" \/>\n<meta name=\"twitter:creator\" content=\"@box_repsol\" \/>\n<meta name=\"twitter:site\" content=\"@box_repsol\" \/>\n<meta name=\"twitter:label1\" content=\"Written by\" \/>\n\t<meta name=\"twitter:data1\" content=\"bx_ayesa\" \/>\n\t<meta name=\"twitter:label2\" content=\"Est. reading time\" \/>\n\t<meta name=\"twitter:data2\" content=\"2 minutes\" \/>\n<script type=\"application\/ld+json\" class=\"yoast-schema-graph\">{\"@context\":\"https:\\\/\\\/schema.org\",\"@graph\":[{\"@type\":\"Article\",\"@id\":\"https:\\\/\\\/www.boxrepsol.com\\\/en\\\/motogp-en\\\/espargaro-and-marquez-end-first-day-of-styrian-grand-prix-inside-top-10\\\/#article\",\"isPartOf\":{\"@id\":\"https:\\\/\\\/www.boxrepsol.com\\\/en\\\/motogp-en\\\/espargaro-and-marquez-end-first-day-of-styrian-grand-prix-inside-top-10\\\/\"},\"author\":{\"name\":\"bx_ayesa\",\"@id\":\"https:\\\/\\\/www.boxrepsol.com\\\/en\\\/#\\\/schema\\\/person\\\/d9d0f442a4332c7d099d31ffda4747a0\"},\"headline\":\"Espargar\u00f3 and M\u00e1rquez end first day of Styrian Grand Prix inside Top 10\",\"datePublished\":\"2021-08-06T02:00:00+00:00\",\"dateModified\":\"2023-09-25T16:02:32+00:00\",\"mainEntityOfPage\":{\"@id\":\"https:\\\/\\\/www.boxrepsol.com\\\/en\\\/motogp-en\\\/espargaro-and-marquez-end-first-day-of-styrian-grand-prix-inside-top-10\\\/\"},\"wordCount\":375,\"commentCount\":0,\"publisher\":{\"@id\":\"https:\\\/\\\/www.boxrepsol.com\\\/en\\\/#organization\"},\"image\":{\"@id\":\"https:\\\/\\\/www.boxrepsol.com\\\/en\\\/motogp-en\\\/espargaro-and-marquez-end-first-day-of-styrian-grand-prix-inside-top-10\\\/#primaryimage\"},\"thumbnailUrl\":\"https:\\\/\\\/bxrepsol.s3.eu-west-1.amazonaws.com\\\/static\\\/2022\\\/08\\\/09133221\\\/http___repsolmedia.com_repsolmedia_wp-content_uploads_2021_08_Copy-of-RD10_Styria_Espargaro_2021-2-scaled1-1.jpg\",\"keywords\":[\"2021\",\"Equipo Repsol Honda\",\"Marc M\u00e1rquez\",\"Marc M\u00e1rquez\",\"MotoGP Styria\",\"Pol Espargar\u00f3\",\"Repsol Honda Team\"],\"articleSection\":[\"MotoGP\"],\"inLanguage\":\"en-US\",\"potentialAction\":[{\"@type\":\"CommentAction\",\"name\":\"Comment\",\"target\":[\"https:\\\/\\\/www.boxrepsol.com\\\/en\\\/motogp-en\\\/espargaro-and-marquez-end-first-day-of-styrian-grand-prix-inside-top-10\\\/#respond\"]}]},{\"@type\":\"WebPage\",\"@id\":\"https:\\\/\\\/www.boxrepsol.com\\\/en\\\/motogp-en\\\/espargaro-and-marquez-end-first-day-of-styrian-grand-prix-inside-top-10\\\/\",\"url\":\"https:\\\/\\\/www.boxrepsol.com\\\/en\\\/motogp-en\\\/espargaro-and-marquez-end-first-day-of-styrian-grand-prix-inside-top-10\\\/\",\"name\":\"Espargar\u00f3 and M\u00e1rquez end first day of Styrian Grand Prix inside Top 10 - Box Repsol\",\"isPartOf\":{\"@id\":\"https:\\\/\\\/www.boxrepsol.com\\\/en\\\/#website\"},\"primaryImageOfPage\":{\"@id\":\"https:\\\/\\\/www.boxrepsol.com\\\/en\\\/motogp-en\\\/espargaro-and-marquez-end-first-day-of-styrian-grand-prix-inside-top-10\\\/#primaryimage\"},\"image\":{\"@id\":\"https:\\\/\\\/www.boxrepsol.com\\\/en\\\/motogp-en\\\/espargaro-and-marquez-end-first-day-of-styrian-grand-prix-inside-top-10\\\/#primaryimage\"},\"thumbnailUrl\":\"https:\\\/\\\/bxrepsol.s3.eu-west-1.amazonaws.com\\\/static\\\/2022\\\/08\\\/09133221\\\/http___repsolmedia.com_repsolmedia_wp-content_uploads_2021_08_Copy-of-RD10_Styria_Espargaro_2021-2-scaled1-1.jpg\",\"datePublished\":\"2021-08-06T02:00:00+00:00\",\"dateModified\":\"2023-09-25T16:02:32+00:00\",\"breadcrumb\":{\"@id\":\"https:\\\/\\\/www.boxrepsol.com\\\/en\\\/motogp-en\\\/espargaro-and-marquez-end-first-day-of-styrian-grand-prix-inside-top-10\\\/#breadcrumb\"},\"inLanguage\":\"en-US\",\"potentialAction\":[{\"@type\":\"ReadAction\",\"target\":[\"https:\\\/\\\/www.boxrepsol.com\\\/en\\\/motogp-en\\\/espargaro-and-marquez-end-first-day-of-styrian-grand-prix-inside-top-10\\\/\"]}]},{\"@type\":\"ImageObject\",\"inLanguage\":\"en-US\",\"@id\":\"https:\\\/\\\/www.boxrepsol.com\\\/en\\\/motogp-en\\\/espargaro-and-marquez-end-first-day-of-styrian-grand-prix-inside-top-10\\\/#primaryimage\",\"url\":\"https:\\\/\\\/bxrepsol.s3.eu-west-1.amazonaws.com\\\/static\\\/2022\\\/08\\\/09133221\\\/http___repsolmedia.com_repsolmedia_wp-content_uploads_2021_08_Copy-of-RD10_Styria_Espargaro_2021-2-scaled1-1.jpg\",\"contentUrl\":\"https:\\\/\\\/bxrepsol.s3.eu-west-1.amazonaws.com\\\/static\\\/2022\\\/08\\\/09133221\\\/http___repsolmedia.com_repsolmedia_wp-content_uploads_2021_08_Copy-of-RD10_Styria_Espargaro_2021-2-scaled1-1.jpg\",\"width\":2560,\"height\":1707},{\"@type\":\"BreadcrumbList\",\"@id\":\"https:\\\/\\\/www.boxrepsol.com\\\/en\\\/motogp-en\\\/espargaro-and-marquez-end-first-day-of-styrian-grand-prix-inside-top-10\\\/#breadcrumb\",\"itemListElement\":[{\"@type\":\"ListItem\",\"position\":1,\"name\":\"Home\",\"item\":\"https:\\\/\\\/www.boxrepsol.com\\\/en\\\/\"},{\"@type\":\"ListItem\",\"position\":2,\"name\":\"Espargar\u00f3 and M\u00e1rquez end first day of Styrian Grand Prix inside Top 10\"}]},{\"@type\":\"WebSite\",\"@id\":\"https:\\\/\\\/www.boxrepsol.com\\\/en\\\/#website\",\"url\":\"https:\\\/\\\/www.boxrepsol.com\\\/en\\\/\",\"name\":\"Box Repsol\",\"description\":\"Box Repsol Site\",\"publisher\":{\"@id\":\"https:\\\/\\\/www.boxrepsol.com\\\/en\\\/#organization\"},\"potentialAction\":[{\"@type\":\"SearchAction\",\"target\":{\"@type\":\"EntryPoint\",\"urlTemplate\":\"https:\\\/\\\/www.boxrepsol.com\\\/en\\\/?s={search_term_string}\"},\"query-input\":{\"@type\":\"PropertyValueSpecification\",\"valueRequired\":true,\"valueName\":\"search_term_string\"}}],\"inLanguage\":\"en-US\"},{\"@type\":\"Organization\",\"@id\":\"https:\\\/\\\/www.boxrepsol.com\\\/en\\\/#organization\",\"name\":\"Box Repsol\",\"url\":\"https:\\\/\\\/www.boxrepsol.com\\\/en\\\/\",\"logo\":{\"@type\":\"ImageObject\",\"inLanguage\":\"en-US\",\"@id\":\"https:\\\/\\\/www.boxrepsol.com\\\/en\\\/#\\\/schema\\\/logo\\\/image\\\/\",\"url\":\"https:\\\/\\\/bxrepsol.s3.eu-west-1.amazonaws.com\\\/static\\\/2025\\\/07\\\/30083337\\\/favicon-96x96-1.png\",\"contentUrl\":\"https:\\\/\\\/bxrepsol.s3.eu-west-1.amazonaws.com\\\/static\\\/2025\\\/07\\\/30083337\\\/favicon-96x96-1.png\",\"width\":96,\"height\":96,\"caption\":\"Box Repsol\"},\"image\":{\"@id\":\"https:\\\/\\\/www.boxrepsol.com\\\/en\\\/#\\\/schema\\\/logo\\\/image\\\/\"},\"sameAs\":[\"https:\\\/\\\/www.facebook.com\\\/BoxRepsol\",\"https:\\\/\\\/x.com\\\/box_repsol\",\"http:\\\/\\\/instagram.com\\\/box_repsol\",\"https:\\\/\\\/www.youtube.com\\\/user\\\/RepsolCompeticion\",\"https:\\\/\\\/www.flickr.com\\\/photos\\\/box_repsol\\\/\"]},{\"@type\":\"Person\",\"@id\":\"https:\\\/\\\/www.boxrepsol.com\\\/en\\\/#\\\/schema\\\/person\\\/d9d0f442a4332c7d099d31ffda4747a0\",\"name\":\"bx_ayesa\",\"image\":{\"@type\":\"ImageObject\",\"inLanguage\":\"en-US\",\"@id\":\"https:\\\/\\\/secure.gravatar.com\\\/avatar\\\/059e1b9d3585083708845ba70e8dd968f143ff35f5e0e10cf2d1e7afe2c6a878?s=96&d=mm&r=g\",\"url\":\"https:\\\/\\\/secure.gravatar.com\\\/avatar\\\/059e1b9d3585083708845ba70e8dd968f143ff35f5e0e10cf2d1e7afe2c6a878?s=96&d=mm&r=g\",\"contentUrl\":\"https:\\\/\\\/secure.gravatar.com\\\/avatar\\\/059e1b9d3585083708845ba70e8dd968f143ff35f5e0e10cf2d1e7afe2c6a878?s=96&d=mm&r=g\",\"caption\":\"bx_ayesa\"},\"sameAs\":[\"http:\\\/\\\/54.155.157.200\"],\"url\":\"https:\\\/\\\/www.boxrepsol.com\\\/en\\\/author\\\/bx_ayesa\\\/\"}]}<\/script>\n<!-- \/ Yoast SEO plugin. -->","yoast_head_json":{"title":"Espargar\u00f3 and M\u00e1rquez end first day of Styrian Grand Prix inside Top 10 - Box Repsol","canonical":"https:\/\/www.boxrepsol.com\/en\/motogp-en\/espargaro-and-marquez-end-first-day-of-styrian-grand-prix-inside-top-10\/","og_locale":"en_US","og_type":"article","og_title":"Espargar\u00f3 and M\u00e1rquez end first day of Styrian Grand Prix inside Top 10 - Box Repsol","og_description":"Pol Espargar\u00f3 and Marc M\u00e1rquez occupy fifth and sixth positions, respectively, at the Austrian track on Friday","og_url":"https:\/\/www.boxrepsol.com\/en\/motogp-en\/espargaro-and-marquez-end-first-day-of-styrian-grand-prix-inside-top-10\/","og_site_name":"Box Repsol","article_publisher":"https:\/\/www.facebook.com\/BoxRepsol","article_published_time":"2021-08-06T02:00:00+00:00","article_modified_time":"2023-09-25T16:02:32+00:00","og_image":[{"width":2560,"height":1707,"url":"https:\/\/bxrepsol.s3.eu-west-1.amazonaws.com\/static\/2022\/08\/09133221\/http___repsolmedia.com_repsolmedia_wp-content_uploads_2021_08_Copy-of-RD10_Styria_Espargaro_2021-2-scaled1-1.jpg","type":"image\/jpeg"}],"author":"bx_ayesa","twitter_card":"summary_large_image","twitter_creator":"@box_repsol","twitter_site":"@box_repsol","twitter_misc":{"Written by":"bx_ayesa","Est. reading time":"2 minutes"},"schema":{"@context":"https:\/\/schema.org","@graph":[{"@type":"Article","@id":"https:\/\/www.boxrepsol.com\/en\/motogp-en\/espargaro-and-marquez-end-first-day-of-styrian-grand-prix-inside-top-10\/#article","isPartOf":{"@id":"https:\/\/www.boxrepsol.com\/en\/motogp-en\/espargaro-and-marquez-end-first-day-of-styrian-grand-prix-inside-top-10\/"},"author":{"name":"bx_ayesa","@id":"https:\/\/www.boxrepsol.com\/en\/#\/schema\/person\/d9d0f442a4332c7d099d31ffda4747a0"},"headline":"Espargar\u00f3 and M\u00e1rquez end first day of Styrian Grand Prix inside Top 10","datePublished":"2021-08-06T02:00:00+00:00","dateModified":"2023-09-25T16:02:32+00:00","mainEntityOfPage":{"@id":"https:\/\/www.boxrepsol.com\/en\/motogp-en\/espargaro-and-marquez-end-first-day-of-styrian-grand-prix-inside-top-10\/"},"wordCount":375,"commentCount":0,"publisher":{"@id":"https:\/\/www.boxrepsol.com\/en\/#organization"},"image":{"@id":"https:\/\/www.boxrepsol.com\/en\/motogp-en\/espargaro-and-marquez-end-first-day-of-styrian-grand-prix-inside-top-10\/#primaryimage"},"thumbnailUrl":"https:\/\/bxrepsol.s3.eu-west-1.amazonaws.com\/static\/2022\/08\/09133221\/http___repsolmedia.com_repsolmedia_wp-content_uploads_2021_08_Copy-of-RD10_Styria_Espargaro_2021-2-scaled1-1.jpg","keywords":["2021","Equipo Repsol Honda","Marc M\u00e1rquez","Marc M\u00e1rquez","MotoGP Styria","Pol Espargar\u00f3","Repsol Honda Team"],"articleSection":["MotoGP"],"inLanguage":"en-US","potentialAction":[{"@type":"CommentAction","name":"Comment","target":["https:\/\/www.boxrepsol.com\/en\/motogp-en\/espargaro-and-marquez-end-first-day-of-styrian-grand-prix-inside-top-10\/#respond"]}]},{"@type":"WebPage","@id":"https:\/\/www.boxrepsol.com\/en\/motogp-en\/espargaro-and-marquez-end-first-day-of-styrian-grand-prix-inside-top-10\/","url":"https:\/\/www.boxrepsol.com\/en\/motogp-en\/espargaro-and-marquez-end-first-day-of-styrian-grand-prix-inside-top-10\/","name":"Espargar\u00f3 and M\u00e1rquez end first day of Styrian Grand Prix inside Top 10 - Box Repsol","isPartOf":{"@id":"https:\/\/www.boxrepsol.com\/en\/#website"},"primaryImageOfPage":{"@id":"https:\/\/www.boxrepsol.com\/en\/motogp-en\/espargaro-and-marquez-end-first-day-of-styrian-grand-prix-inside-top-10\/#primaryimage"},"image":{"@id":"https:\/\/www.boxrepsol.com\/en\/motogp-en\/espargaro-and-marquez-end-first-day-of-styrian-grand-prix-inside-top-10\/#primaryimage"},"thumbnailUrl":"https:\/\/bxrepsol.s3.eu-west-1.amazonaws.com\/static\/2022\/08\/09133221\/http___repsolmedia.com_repsolmedia_wp-content_uploads_2021_08_Copy-of-RD10_Styria_Espargaro_2021-2-scaled1-1.jpg","datePublished":"2021-08-06T02:00:00+00:00","dateModified":"2023-09-25T16:02:32+00:00","breadcrumb":{"@id":"https:\/\/www.boxrepsol.com\/en\/motogp-en\/espargaro-and-marquez-end-first-day-of-styrian-grand-prix-inside-top-10\/#breadcrumb"},"inLanguage":"en-US","potentialAction":[{"@type":"ReadAction","target":["https:\/\/www.boxrepsol.com\/en\/motogp-en\/espargaro-and-marquez-end-first-day-of-styrian-grand-prix-inside-top-10\/"]}]},{"@type":"ImageObject","inLanguage":"en-US","@id":"https:\/\/www.boxrepsol.com\/en\/motogp-en\/espargaro-and-marquez-end-first-day-of-styrian-grand-prix-inside-top-10\/#primaryimage","url":"https:\/\/bxrepsol.s3.eu-west-1.amazonaws.com\/static\/2022\/08\/09133221\/http___repsolmedia.com_repsolmedia_wp-content_uploads_2021_08_Copy-of-RD10_Styria_Espargaro_2021-2-scaled1-1.jpg","contentUrl":"https:\/\/bxrepsol.s3.eu-west-1.amazonaws.com\/static\/2022\/08\/09133221\/http___repsolmedia.com_repsolmedia_wp-content_uploads_2021_08_Copy-of-RD10_Styria_Espargaro_2021-2-scaled1-1.jpg","width":2560,"height":1707},{"@type":"BreadcrumbList","@id":"https:\/\/www.boxrepsol.com\/en\/motogp-en\/espargaro-and-marquez-end-first-day-of-styrian-grand-prix-inside-top-10\/#breadcrumb","itemListElement":[{"@type":"ListItem","position":1,"name":"Home","item":"https:\/\/www.boxrepsol.com\/en\/"},{"@type":"ListItem","position":2,"name":"Espargar\u00f3 and M\u00e1rquez end first day of Styrian Grand Prix inside Top 10"}]},{"@type":"WebSite","@id":"https:\/\/www.boxrepsol.com\/en\/#website","url":"https:\/\/www.boxrepsol.com\/en\/","name":"Box Repsol","description":"Box Repsol Site","publisher":{"@id":"https:\/\/www.boxrepsol.com\/en\/#organization"},"potentialAction":[{"@type":"SearchAction","target":{"@type":"EntryPoint","urlTemplate":"https:\/\/www.boxrepsol.com\/en\/?s={search_term_string}"},"query-input":{"@type":"PropertyValueSpecification","valueRequired":true,"valueName":"search_term_string"}}],"inLanguage":"en-US"},{"@type":"Organization","@id":"https:\/\/www.boxrepsol.com\/en\/#organization","name":"Box Repsol","url":"https:\/\/www.boxrepsol.com\/en\/","logo":{"@type":"ImageObject","inLanguage":"en-US","@id":"https:\/\/www.boxrepsol.com\/en\/#\/schema\/logo\/image\/","url":"https:\/\/bxrepsol.s3.eu-west-1.amazonaws.com\/static\/2025\/07\/30083337\/favicon-96x96-1.png","contentUrl":"https:\/\/bxrepsol.s3.eu-west-1.amazonaws.com\/static\/2025\/07\/30083337\/favicon-96x96-1.png","width":96,"height":96,"caption":"Box Repsol"},"image":{"@id":"https:\/\/www.boxrepsol.com\/en\/#\/schema\/logo\/image\/"},"sameAs":["https:\/\/www.facebook.com\/BoxRepsol","https:\/\/x.com\/box_repsol","http:\/\/instagram.com\/box_repsol","https:\/\/www.youtube.com\/user\/RepsolCompeticion","https:\/\/www.flickr.com\/photos\/box_repsol\/"]},{"@type":"Person","@id":"https:\/\/www.boxrepsol.com\/en\/#\/schema\/person\/d9d0f442a4332c7d099d31ffda4747a0","name":"bx_ayesa","image":{"@type":"ImageObject","inLanguage":"en-US","@id":"https:\/\/secure.gravatar.com\/avatar\/059e1b9d3585083708845ba70e8dd968f143ff35f5e0e10cf2d1e7afe2c6a878?s=96&d=mm&r=g","url":"https:\/\/secure.gravatar.com\/avatar\/059e1b9d3585083708845ba70e8dd968f143ff35f5e0e10cf2d1e7afe2c6a878?s=96&d=mm&r=g","contentUrl":"https:\/\/secure.gravatar.com\/avatar\/059e1b9d3585083708845ba70e8dd968f143ff35f5e0e10cf2d1e7afe2c6a878?s=96&d=mm&r=g","caption":"bx_ayesa"},"sameAs":["http:\/\/54.155.157.200"],"url":"https:\/\/www.boxrepsol.com\/en\/author\/bx_ayesa\/"}]}},"_links":{"self":[{"href":"https:\/\/www.boxrepsol.com\/en\/wp-json\/wp\/v2\/posts\/98325","targetHints":{"allow":["GET"]}}],"collection":[{"href":"https:\/\/www.boxrepsol.com\/en\/wp-json\/wp\/v2\/posts"}],"about":[{"href":"https:\/\/www.boxrepsol.com\/en\/wp-json\/wp\/v2\/types\/post"}],"author":[{"embeddable":true,"href":"https:\/\/www.boxrepsol.com\/en\/wp-json\/wp\/v2\/users\/1"}],"replies":[{"embeddable":true,"href":"https:\/\/www.boxrepsol.com\/en\/wp-json\/wp\/v2\/comments?post=98325"}],"version-history":[{"count":1,"href":"https:\/\/www.boxrepsol.com\/en\/wp-json\/wp\/v2\/posts\/98325\/revisions"}],"predecessor-version":[{"id":105666,"href":"https:\/\/www.boxrepsol.com\/en\/wp-json\/wp\/v2\/posts\/98325\/revisions\/105666"}],"wp:featuredmedia":[{"embeddable":true,"href":"https:\/\/www.boxrepsol.com\/en\/wp-json\/wp\/v2\/media\/43532"}],"wp:attachment":[{"href":"https:\/\/www.boxrepsol.com\/en\/wp-json\/wp\/v2\/media?parent=98325"}],"wp:term":[{"taxonomy":"category","embeddable":true,"href":"https:\/\/www.boxrepsol.com\/en\/wp-json\/wp\/v2\/categories?post=98325"},{"taxonomy":"post_tag","embeddable":true,"href":"https:\/\/www.boxrepsol.com\/en\/wp-json\/wp\/v2\/tags?post=98325"}],"curies":[{"name":"wp","href":"https:\/\/api.w.org\/{rel}","templated":true}]}}