{"id":98317,"date":"2021-07-22T00:00:00","date_gmt":"2021-07-22T02:00:00","guid":{"rendered":"http:\/\/pre.boxrepsol.com\/uncategorized\/fim-cev-repsol-visits-aragon-for-fifth-round-of-the-season\/"},"modified":"2021-07-22T00:00:00","modified_gmt":"2021-07-22T02:00:00","slug":"fim-cev-repsol-visits-aragon-for-fifth-round-of-the-season","status":"publish","type":"post","link":"https:\/\/www.boxrepsol.com\/en\/uncategorized\/fim-cev-repsol-visits-aragon-for-fifth-round-of-the-season\/","title":{"rendered":"FIM CEV Repsol visits Arag\u00f3n for fifth round of the season"},"content":{"rendered":"<p>The MotorLand Arag\u00f3n circuit will host the fifth round of the FIM CEV Repsol season this weekend. The track, located next to Alca\u00f1iz, will hold two races for the Moto2 European Championship and two for the European Talent Cup, as well as a single FIM Moto3\u2122 Junior World Championship contest.<\/p>\n<p>After the first half of the season, Daniel Holgado and Ferm\u00edn Aldeguer arrive as standout leaders in the Moto3 and Moto2 classes, respectively. Xabi Zurutuza sits atop the European Talent Cup standings for the first time, after achieving back-to-back victories in the races held in Barcelona and the Algarve.<\/p>\n<p>&nbsp;<\/p>\n<p><strong>Time schedule:<\/strong><\/p>\n<p>11:00 &#8211; Moto2 race 1<\/p>\n<p>12:00 &#8211; European Talent Cup race 1<\/p>\n<p>13:00 &#8211; Moto3 race<\/p>\n<p>14:00 &#8211; Moto2 race 2<\/p>\n<p>15:00 &#8211; European Talent Cup race 2<\/p>\n","protected":false},"excerpt":{"rendered":"<p>Daniel Holgado, Ferm\u00edn Aldeguer and Xabi Zurutuza lead their respective categories.<\/p>\n","protected":false},"author":1,"featured_media":43401,"comment_status":"open","ping_status":"open","sticky":false,"template":"","format":"standard","meta":{"footnotes":""},"categories":[64],"tags":[194,214,277],"class_list":["post-98317","post","type-post","status-publish","format-standard","hentry","category-uncategorized","tag-194","tag-other-events-competitions","tag-otros-eventos-y-competiciones-en"],"yoast_head":"<!-- This site is optimized with the Yoast SEO plugin v27.3 - https:\/\/yoast.com\/product\/yoast-seo-wordpress\/ -->\n<title>FIM CEV Repsol visits Arag\u00f3n for fifth round of the season - Box Repsol<\/title>\n<link rel=\"canonical\" href=\"https:\/\/www.boxrepsol.com\/en\/uncategorized\/fim-cev-repsol-visits-aragon-for-fifth-round-of-the-season\/\" \/>\n<meta property=\"og:locale\" content=\"en_US\" \/>\n<meta property=\"og:type\" content=\"article\" \/>\n<meta property=\"og:title\" content=\"FIM CEV Repsol visits Arag\u00f3n for fifth round of the season - Box Repsol\" \/>\n<meta property=\"og:description\" content=\"Daniel Holgado, Ferm\u00edn Aldeguer and Xabi Zurutuza lead their respective categories.\" \/>\n<meta property=\"og:url\" content=\"https:\/\/www.boxrepsol.com\/en\/uncategorized\/fim-cev-repsol-visits-aragon-for-fifth-round-of-the-season\/\" \/>\n<meta property=\"og:site_name\" content=\"Box Repsol\" \/>\n<meta property=\"article:publisher\" content=\"https:\/\/www.facebook.com\/BoxRepsol\" \/>\n<meta property=\"article:published_time\" content=\"2021-07-22T02:00:00+00:00\" \/>\n<meta property=\"og:image\" content=\"https:\/\/bxrepsol.s3.eu-west-1.amazonaws.com\/static\/2022\/08\/09132952\/4FIM_ETC_4836-1.jpg\" \/>\n\t<meta property=\"og:image:width\" content=\"2500\" \/>\n\t<meta property=\"og:image:height\" content=\"1667\" \/>\n\t<meta property=\"og:image:type\" content=\"image\/jpeg\" \/>\n<meta name=\"author\" content=\"bx_ayesa\" \/>\n<meta name=\"twitter:card\" content=\"summary_large_image\" \/>\n<meta name=\"twitter:creator\" content=\"@box_repsol\" \/>\n<meta name=\"twitter:site\" content=\"@box_repsol\" \/>\n<meta name=\"twitter:label1\" content=\"Written by\" \/>\n\t<meta name=\"twitter:data1\" content=\"bx_ayesa\" \/>\n\t<meta name=\"twitter:label2\" content=\"Est. reading time\" \/>\n\t<meta name=\"twitter:data2\" content=\"1 minute\" \/>\n<script type=\"application\/ld+json\" class=\"yoast-schema-graph\">{\"@context\":\"https:\\\/\\\/schema.org\",\"@graph\":[{\"@type\":\"Article\",\"@id\":\"https:\\\/\\\/www.boxrepsol.com\\\/en\\\/uncategorized\\\/fim-cev-repsol-visits-aragon-for-fifth-round-of-the-season\\\/#article\",\"isPartOf\":{\"@id\":\"https:\\\/\\\/www.boxrepsol.com\\\/en\\\/uncategorized\\\/fim-cev-repsol-visits-aragon-for-fifth-round-of-the-season\\\/\"},\"author\":{\"name\":\"bx_ayesa\",\"@id\":\"https:\\\/\\\/www.boxrepsol.com\\\/en\\\/#\\\/schema\\\/person\\\/d9d0f442a4332c7d099d31ffda4747a0\"},\"headline\":\"FIM CEV Repsol visits Arag\u00f3n for fifth round of the season\",\"datePublished\":\"2021-07-22T02:00:00+00:00\",\"mainEntityOfPage\":{\"@id\":\"https:\\\/\\\/www.boxrepsol.com\\\/en\\\/uncategorized\\\/fim-cev-repsol-visits-aragon-for-fifth-round-of-the-season\\\/\"},\"wordCount\":136,\"commentCount\":0,\"publisher\":{\"@id\":\"https:\\\/\\\/www.boxrepsol.com\\\/en\\\/#organization\"},\"image\":{\"@id\":\"https:\\\/\\\/www.boxrepsol.com\\\/en\\\/uncategorized\\\/fim-cev-repsol-visits-aragon-for-fifth-round-of-the-season\\\/#primaryimage\"},\"thumbnailUrl\":\"https:\\\/\\\/bxrepsol.s3.eu-west-1.amazonaws.com\\\/static\\\/2022\\\/08\\\/09132952\\\/4FIM_ETC_4836-1.jpg\",\"keywords\":[\"2021\",\"Other events &amp; competitions\",\"otros eventos y competiciones\"],\"inLanguage\":\"en-US\",\"potentialAction\":[{\"@type\":\"CommentAction\",\"name\":\"Comment\",\"target\":[\"https:\\\/\\\/www.boxrepsol.com\\\/en\\\/uncategorized\\\/fim-cev-repsol-visits-aragon-for-fifth-round-of-the-season\\\/#respond\"]}]},{\"@type\":\"WebPage\",\"@id\":\"https:\\\/\\\/www.boxrepsol.com\\\/en\\\/uncategorized\\\/fim-cev-repsol-visits-aragon-for-fifth-round-of-the-season\\\/\",\"url\":\"https:\\\/\\\/www.boxrepsol.com\\\/en\\\/uncategorized\\\/fim-cev-repsol-visits-aragon-for-fifth-round-of-the-season\\\/\",\"name\":\"FIM CEV Repsol visits Arag\u00f3n for fifth round of the season - Box Repsol\",\"isPartOf\":{\"@id\":\"https:\\\/\\\/www.boxrepsol.com\\\/en\\\/#website\"},\"primaryImageOfPage\":{\"@id\":\"https:\\\/\\\/www.boxrepsol.com\\\/en\\\/uncategorized\\\/fim-cev-repsol-visits-aragon-for-fifth-round-of-the-season\\\/#primaryimage\"},\"image\":{\"@id\":\"https:\\\/\\\/www.boxrepsol.com\\\/en\\\/uncategorized\\\/fim-cev-repsol-visits-aragon-for-fifth-round-of-the-season\\\/#primaryimage\"},\"thumbnailUrl\":\"https:\\\/\\\/bxrepsol.s3.eu-west-1.amazonaws.com\\\/static\\\/2022\\\/08\\\/09132952\\\/4FIM_ETC_4836-1.jpg\",\"datePublished\":\"2021-07-22T02:00:00+00:00\",\"breadcrumb\":{\"@id\":\"https:\\\/\\\/www.boxrepsol.com\\\/en\\\/uncategorized\\\/fim-cev-repsol-visits-aragon-for-fifth-round-of-the-season\\\/#breadcrumb\"},\"inLanguage\":\"en-US\",\"potentialAction\":[{\"@type\":\"ReadAction\",\"target\":[\"https:\\\/\\\/www.boxrepsol.com\\\/en\\\/uncategorized\\\/fim-cev-repsol-visits-aragon-for-fifth-round-of-the-season\\\/\"]}]},{\"@type\":\"ImageObject\",\"inLanguage\":\"en-US\",\"@id\":\"https:\\\/\\\/www.boxrepsol.com\\\/en\\\/uncategorized\\\/fim-cev-repsol-visits-aragon-for-fifth-round-of-the-season\\\/#primaryimage\",\"url\":\"https:\\\/\\\/bxrepsol.s3.eu-west-1.amazonaws.com\\\/static\\\/2022\\\/08\\\/09132952\\\/4FIM_ETC_4836-1.jpg\",\"contentUrl\":\"https:\\\/\\\/bxrepsol.s3.eu-west-1.amazonaws.com\\\/static\\\/2022\\\/08\\\/09132952\\\/4FIM_ETC_4836-1.jpg\",\"width\":2500,\"height\":1667,\"caption\":\"FIM CEV_ ETC\"},{\"@type\":\"BreadcrumbList\",\"@id\":\"https:\\\/\\\/www.boxrepsol.com\\\/en\\\/uncategorized\\\/fim-cev-repsol-visits-aragon-for-fifth-round-of-the-season\\\/#breadcrumb\",\"itemListElement\":[{\"@type\":\"ListItem\",\"position\":1,\"name\":\"Home\",\"item\":\"https:\\\/\\\/www.boxrepsol.com\\\/en\\\/\"},{\"@type\":\"ListItem\",\"position\":2,\"name\":\"FIM CEV Repsol visits Arag\u00f3n for fifth round of the season\"}]},{\"@type\":\"WebSite\",\"@id\":\"https:\\\/\\\/www.boxrepsol.com\\\/en\\\/#website\",\"url\":\"https:\\\/\\\/www.boxrepsol.com\\\/en\\\/\",\"name\":\"Box Repsol\",\"description\":\"Box Repsol Site\",\"publisher\":{\"@id\":\"https:\\\/\\\/www.boxrepsol.com\\\/en\\\/#organization\"},\"potentialAction\":[{\"@type\":\"SearchAction\",\"target\":{\"@type\":\"EntryPoint\",\"urlTemplate\":\"https:\\\/\\\/www.boxrepsol.com\\\/en\\\/?s={search_term_string}\"},\"query-input\":{\"@type\":\"PropertyValueSpecification\",\"valueRequired\":true,\"valueName\":\"search_term_string\"}}],\"inLanguage\":\"en-US\"},{\"@type\":\"Organization\",\"@id\":\"https:\\\/\\\/www.boxrepsol.com\\\/en\\\/#organization\",\"name\":\"Box Repsol\",\"url\":\"https:\\\/\\\/www.boxrepsol.com\\\/en\\\/\",\"logo\":{\"@type\":\"ImageObject\",\"inLanguage\":\"en-US\",\"@id\":\"https:\\\/\\\/www.boxrepsol.com\\\/en\\\/#\\\/schema\\\/logo\\\/image\\\/\",\"url\":\"https:\\\/\\\/bxrepsol.s3.eu-west-1.amazonaws.com\\\/static\\\/2025\\\/07\\\/30083337\\\/favicon-96x96-1.png\",\"contentUrl\":\"https:\\\/\\\/bxrepsol.s3.eu-west-1.amazonaws.com\\\/static\\\/2025\\\/07\\\/30083337\\\/favicon-96x96-1.png\",\"width\":96,\"height\":96,\"caption\":\"Box Repsol\"},\"image\":{\"@id\":\"https:\\\/\\\/www.boxrepsol.com\\\/en\\\/#\\\/schema\\\/logo\\\/image\\\/\"},\"sameAs\":[\"https:\\\/\\\/www.facebook.com\\\/BoxRepsol\",\"https:\\\/\\\/x.com\\\/box_repsol\",\"http:\\\/\\\/instagram.com\\\/box_repsol\",\"https:\\\/\\\/www.youtube.com\\\/user\\\/RepsolCompeticion\",\"https:\\\/\\\/www.flickr.com\\\/photos\\\/box_repsol\\\/\"]},{\"@type\":\"Person\",\"@id\":\"https:\\\/\\\/www.boxrepsol.com\\\/en\\\/#\\\/schema\\\/person\\\/d9d0f442a4332c7d099d31ffda4747a0\",\"name\":\"bx_ayesa\",\"image\":{\"@type\":\"ImageObject\",\"inLanguage\":\"en-US\",\"@id\":\"https:\\\/\\\/secure.gravatar.com\\\/avatar\\\/059e1b9d3585083708845ba70e8dd968f143ff35f5e0e10cf2d1e7afe2c6a878?s=96&d=mm&r=g\",\"url\":\"https:\\\/\\\/secure.gravatar.com\\\/avatar\\\/059e1b9d3585083708845ba70e8dd968f143ff35f5e0e10cf2d1e7afe2c6a878?s=96&d=mm&r=g\",\"contentUrl\":\"https:\\\/\\\/secure.gravatar.com\\\/avatar\\\/059e1b9d3585083708845ba70e8dd968f143ff35f5e0e10cf2d1e7afe2c6a878?s=96&d=mm&r=g\",\"caption\":\"bx_ayesa\"},\"sameAs\":[\"http:\\\/\\\/54.155.157.200\"],\"url\":\"https:\\\/\\\/www.boxrepsol.com\\\/en\\\/author\\\/bx_ayesa\\\/\"}]}<\/script>\n<!-- \/ Yoast SEO plugin. -->","yoast_head_json":{"title":"FIM CEV Repsol visits Arag\u00f3n for fifth round of the season - Box Repsol","canonical":"https:\/\/www.boxrepsol.com\/en\/uncategorized\/fim-cev-repsol-visits-aragon-for-fifth-round-of-the-season\/","og_locale":"en_US","og_type":"article","og_title":"FIM CEV Repsol visits Arag\u00f3n for fifth round of the season - Box Repsol","og_description":"Daniel Holgado, Ferm\u00edn Aldeguer and Xabi Zurutuza lead their respective categories.","og_url":"https:\/\/www.boxrepsol.com\/en\/uncategorized\/fim-cev-repsol-visits-aragon-for-fifth-round-of-the-season\/","og_site_name":"Box Repsol","article_publisher":"https:\/\/www.facebook.com\/BoxRepsol","article_published_time":"2021-07-22T02:00:00+00:00","og_image":[{"width":2500,"height":1667,"url":"https:\/\/bxrepsol.s3.eu-west-1.amazonaws.com\/static\/2022\/08\/09132952\/4FIM_ETC_4836-1.jpg","type":"image\/jpeg"}],"author":"bx_ayesa","twitter_card":"summary_large_image","twitter_creator":"@box_repsol","twitter_site":"@box_repsol","twitter_misc":{"Written by":"bx_ayesa","Est. reading time":"1 minute"},"schema":{"@context":"https:\/\/schema.org","@graph":[{"@type":"Article","@id":"https:\/\/www.boxrepsol.com\/en\/uncategorized\/fim-cev-repsol-visits-aragon-for-fifth-round-of-the-season\/#article","isPartOf":{"@id":"https:\/\/www.boxrepsol.com\/en\/uncategorized\/fim-cev-repsol-visits-aragon-for-fifth-round-of-the-season\/"},"author":{"name":"bx_ayesa","@id":"https:\/\/www.boxrepsol.com\/en\/#\/schema\/person\/d9d0f442a4332c7d099d31ffda4747a0"},"headline":"FIM CEV Repsol visits Arag\u00f3n for fifth round of the season","datePublished":"2021-07-22T02:00:00+00:00","mainEntityOfPage":{"@id":"https:\/\/www.boxrepsol.com\/en\/uncategorized\/fim-cev-repsol-visits-aragon-for-fifth-round-of-the-season\/"},"wordCount":136,"commentCount":0,"publisher":{"@id":"https:\/\/www.boxrepsol.com\/en\/#organization"},"image":{"@id":"https:\/\/www.boxrepsol.com\/en\/uncategorized\/fim-cev-repsol-visits-aragon-for-fifth-round-of-the-season\/#primaryimage"},"thumbnailUrl":"https:\/\/bxrepsol.s3.eu-west-1.amazonaws.com\/static\/2022\/08\/09132952\/4FIM_ETC_4836-1.jpg","keywords":["2021","Other events &amp; competitions","otros eventos y competiciones"],"inLanguage":"en-US","potentialAction":[{"@type":"CommentAction","name":"Comment","target":["https:\/\/www.boxrepsol.com\/en\/uncategorized\/fim-cev-repsol-visits-aragon-for-fifth-round-of-the-season\/#respond"]}]},{"@type":"WebPage","@id":"https:\/\/www.boxrepsol.com\/en\/uncategorized\/fim-cev-repsol-visits-aragon-for-fifth-round-of-the-season\/","url":"https:\/\/www.boxrepsol.com\/en\/uncategorized\/fim-cev-repsol-visits-aragon-for-fifth-round-of-the-season\/","name":"FIM CEV Repsol visits Arag\u00f3n for fifth round of the season - Box Repsol","isPartOf":{"@id":"https:\/\/www.boxrepsol.com\/en\/#website"},"primaryImageOfPage":{"@id":"https:\/\/www.boxrepsol.com\/en\/uncategorized\/fim-cev-repsol-visits-aragon-for-fifth-round-of-the-season\/#primaryimage"},"image":{"@id":"https:\/\/www.boxrepsol.com\/en\/uncategorized\/fim-cev-repsol-visits-aragon-for-fifth-round-of-the-season\/#primaryimage"},"thumbnailUrl":"https:\/\/bxrepsol.s3.eu-west-1.amazonaws.com\/static\/2022\/08\/09132952\/4FIM_ETC_4836-1.jpg","datePublished":"2021-07-22T02:00:00+00:00","breadcrumb":{"@id":"https:\/\/www.boxrepsol.com\/en\/uncategorized\/fim-cev-repsol-visits-aragon-for-fifth-round-of-the-season\/#breadcrumb"},"inLanguage":"en-US","potentialAction":[{"@type":"ReadAction","target":["https:\/\/www.boxrepsol.com\/en\/uncategorized\/fim-cev-repsol-visits-aragon-for-fifth-round-of-the-season\/"]}]},{"@type":"ImageObject","inLanguage":"en-US","@id":"https:\/\/www.boxrepsol.com\/en\/uncategorized\/fim-cev-repsol-visits-aragon-for-fifth-round-of-the-season\/#primaryimage","url":"https:\/\/bxrepsol.s3.eu-west-1.amazonaws.com\/static\/2022\/08\/09132952\/4FIM_ETC_4836-1.jpg","contentUrl":"https:\/\/bxrepsol.s3.eu-west-1.amazonaws.com\/static\/2022\/08\/09132952\/4FIM_ETC_4836-1.jpg","width":2500,"height":1667,"caption":"FIM CEV_ ETC"},{"@type":"BreadcrumbList","@id":"https:\/\/www.boxrepsol.com\/en\/uncategorized\/fim-cev-repsol-visits-aragon-for-fifth-round-of-the-season\/#breadcrumb","itemListElement":[{"@type":"ListItem","position":1,"name":"Home","item":"https:\/\/www.boxrepsol.com\/en\/"},{"@type":"ListItem","position":2,"name":"FIM CEV Repsol visits Arag\u00f3n for fifth round of the season"}]},{"@type":"WebSite","@id":"https:\/\/www.boxrepsol.com\/en\/#website","url":"https:\/\/www.boxrepsol.com\/en\/","name":"Box Repsol","description":"Box Repsol Site","publisher":{"@id":"https:\/\/www.boxrepsol.com\/en\/#organization"},"potentialAction":[{"@type":"SearchAction","target":{"@type":"EntryPoint","urlTemplate":"https:\/\/www.boxrepsol.com\/en\/?s={search_term_string}"},"query-input":{"@type":"PropertyValueSpecification","valueRequired":true,"valueName":"search_term_string"}}],"inLanguage":"en-US"},{"@type":"Organization","@id":"https:\/\/www.boxrepsol.com\/en\/#organization","name":"Box Repsol","url":"https:\/\/www.boxrepsol.com\/en\/","logo":{"@type":"ImageObject","inLanguage":"en-US","@id":"https:\/\/www.boxrepsol.com\/en\/#\/schema\/logo\/image\/","url":"https:\/\/bxrepsol.s3.eu-west-1.amazonaws.com\/static\/2025\/07\/30083337\/favicon-96x96-1.png","contentUrl":"https:\/\/bxrepsol.s3.eu-west-1.amazonaws.com\/static\/2025\/07\/30083337\/favicon-96x96-1.png","width":96,"height":96,"caption":"Box Repsol"},"image":{"@id":"https:\/\/www.boxrepsol.com\/en\/#\/schema\/logo\/image\/"},"sameAs":["https:\/\/www.facebook.com\/BoxRepsol","https:\/\/x.com\/box_repsol","http:\/\/instagram.com\/box_repsol","https:\/\/www.youtube.com\/user\/RepsolCompeticion","https:\/\/www.flickr.com\/photos\/box_repsol\/"]},{"@type":"Person","@id":"https:\/\/www.boxrepsol.com\/en\/#\/schema\/person\/d9d0f442a4332c7d099d31ffda4747a0","name":"bx_ayesa","image":{"@type":"ImageObject","inLanguage":"en-US","@id":"https:\/\/secure.gravatar.com\/avatar\/059e1b9d3585083708845ba70e8dd968f143ff35f5e0e10cf2d1e7afe2c6a878?s=96&d=mm&r=g","url":"https:\/\/secure.gravatar.com\/avatar\/059e1b9d3585083708845ba70e8dd968f143ff35f5e0e10cf2d1e7afe2c6a878?s=96&d=mm&r=g","contentUrl":"https:\/\/secure.gravatar.com\/avatar\/059e1b9d3585083708845ba70e8dd968f143ff35f5e0e10cf2d1e7afe2c6a878?s=96&d=mm&r=g","caption":"bx_ayesa"},"sameAs":["http:\/\/54.155.157.200"],"url":"https:\/\/www.boxrepsol.com\/en\/author\/bx_ayesa\/"}]}},"_links":{"self":[{"href":"https:\/\/www.boxrepsol.com\/en\/wp-json\/wp\/v2\/posts\/98317","targetHints":{"allow":["GET"]}}],"collection":[{"href":"https:\/\/www.boxrepsol.com\/en\/wp-json\/wp\/v2\/posts"}],"about":[{"href":"https:\/\/www.boxrepsol.com\/en\/wp-json\/wp\/v2\/types\/post"}],"author":[{"embeddable":true,"href":"https:\/\/www.boxrepsol.com\/en\/wp-json\/wp\/v2\/users\/1"}],"replies":[{"embeddable":true,"href":"https:\/\/www.boxrepsol.com\/en\/wp-json\/wp\/v2\/comments?post=98317"}],"version-history":[{"count":0,"href":"https:\/\/www.boxrepsol.com\/en\/wp-json\/wp\/v2\/posts\/98317\/revisions"}],"wp:featuredmedia":[{"embeddable":true,"href":"https:\/\/www.boxrepsol.com\/en\/wp-json\/wp\/v2\/media\/43401"}],"wp:attachment":[{"href":"https:\/\/www.boxrepsol.com\/en\/wp-json\/wp\/v2\/media?parent=98317"}],"wp:term":[{"taxonomy":"category","embeddable":true,"href":"https:\/\/www.boxrepsol.com\/en\/wp-json\/wp\/v2\/categories?post=98317"},{"taxonomy":"post_tag","embeddable":true,"href":"https:\/\/www.boxrepsol.com\/en\/wp-json\/wp\/v2\/tags?post=98317"}],"curies":[{"name":"wp","href":"https:\/\/api.w.org\/{rel}","templated":true}]}}