{"id":98061,"date":"2020-10-17T00:00:00","date_gmt":"2020-10-17T02:00:00","guid":{"rendered":"http:\/\/pre.boxrepsol.com\/uncategorized\/alex-marquez-motorland-pole\/"},"modified":"2024-01-29T08:36:12","modified_gmt":"2024-01-29T10:36:12","slug":"alex-marquez-motorland-pole","status":"publish","type":"post","link":"https:\/\/www.boxrepsol.com\/en\/motogp-en\/alex-marquez-motorland-pole\/","title":{"rendered":"\u00c1lex M\u00e1rquez takes best grid place of the season"},"content":{"rendered":"<p><strong>M\u00e1rquez<\/strong> will start tomorrow&#8217;s race at the MotorLand Arag\u00f3n circuit from the fourth row of the grid. The Repsol Honda Team rookie managed to go straight into Q2, setting a time of 1:48.189 in that session which took him to 11th place.<\/p>\n<p>Teammate <strong>Stefan Bradl<\/strong> will line up 21st. The German set a quickest lap of 1:49.166 on Saturday.<\/p>\n<p>Due to low temperatures, the morning time schedule has been shifted by an hour. The MotoGP race will be held at 3pm CEST.<\/p>\n<p><!-- Imagen relacionada --><br \/>\n<img loading=\"lazy\" decoding=\"async\" width=\"404\" height=\"336\" src=\"https:\/\/bxrepsol.s3.eu-west-1.amazonaws.com\/static\/2022\/08\/05065806\/00_marc_marquez_curva_aragon_motogp_2018-1.jpg\" alt=\"Marc M\u00e1rquez en MotorLand arag\u00f3n\"><br \/>\n<!-- Categor\u00eda --><br \/>\nMotoGP<br \/>\n<!-- T\u00edtulo --><br \/>\n<a href=\"https:\/\/www.boxrepsol.com\/en\/motogp-en\/aragon-gp-timetables-motogp-2020\/\"><\/a><\/p>\n<p><a href=\"https:\/\/www.boxrepsol.com\/en\/motogp-en\/aragon-gp-timetables-motogp-2020\/\"><\/p>\n<h3>Arag\u00f3n GP Timetables MotoGP 2020<\/h3>\n<p><\/a><a href=\"https:\/\/www.boxrepsol.com\/en\/motogp-en\/aragon-gp-timetables-motogp-2020\/\">        <\/a><br \/>\n<!-- Fecha --><br \/>\n1 month ago<\/p>\n<h2>Aragon GP 2020 &#8211; Q2 &#8211; Riders statements<\/h2>\n<p><a href=\"https:\/\/twitter.com\/hashtag\/am73?src=hash&amp;lang=es\">#AM73<\/a><\/p>\n<p><em>\u201cWe have secured our best grid position of the year after coming to Q2 directly, it was a good result as I have been feeling good here since the first session. In the session I was expecting a little more initial grip, so we were looking for a bit more after FP4. But we have a good race pace and we are starting from further ahead than in the last races so I think we can be fighting for the top ten. It\u2019s going to be a long race so we really have to be careful and pay attention for the whole race. We keep making progress and we keep doing our work.\u201d<\/em><\/p>\n<hr>\n<p><a href=\"https:\/\/twitter.com\/hashtag\/sb6?src=hash&amp;lang=es\">#SB6<\/a><\/p>\n<p><em>\u201cIt\u2019s a disappointing result because in Qualifying I couldn\u2019t get one lap together, putting us in a really difficult position for the race tomorrow. We made some big changes to the bike this weekend to try and follow the direction that you need to make the most of the bike. I am still working on adapting my style for this. In FP4 we were consistent and our lap times were good so I am optimistic that we can gain some positions based on this tomorrow.\u201d<br \/>\n<\/em><\/p>\n","protected":false},"excerpt":{"rendered":"<p>The Repsol Honda Team rider sets the eleventh fastest time of the day, his best qualifying performance of the year. Stefan Bradl will take off from 21st.<\/p>\n","protected":false},"author":1,"featured_media":41248,"comment_status":"open","ping_status":"open","sticky":false,"template":"","format":"standard","meta":{"footnotes":""},"categories":[146],"tags":[192,197,196],"class_list":["post-98061","post","type-post","status-publish","format-standard","hentry","category-motogp-en","tag-alex-marquez","tag-motorland-aragon","tag-q2"],"yoast_head":"<!-- This site is optimized with the Yoast SEO plugin v27.3 - https:\/\/yoast.com\/product\/yoast-seo-wordpress\/ -->\n<title>\u00c1lex M\u00e1rquez takes best grid place of the season - Box Repsol<\/title>\n<meta name=\"description\" content=\"The Repsol Honda Team rider sets the eleventh fastest time of the day, his best qualifying performance of the year. Stefan Bradl will take off from 21st.\" \/>\n<link rel=\"canonical\" href=\"https:\/\/www.boxrepsol.com\/en\/motogp-en\/alex-marquez-motorland-pole\/\" \/>\n<meta property=\"og:locale\" content=\"en_US\" \/>\n<meta property=\"og:type\" content=\"article\" \/>\n<meta property=\"og:title\" content=\"\u00c1lex M\u00e1rquez takes best grid place of the season - Box Repsol\" \/>\n<meta property=\"og:description\" content=\"The Repsol Honda Team rider sets the eleventh fastest time of the day, his best qualifying performance of the year. Stefan Bradl will take off from 21st.\" \/>\n<meta property=\"og:url\" content=\"https:\/\/www.boxrepsol.com\/en\/motogp-en\/alex-marquez-motorland-pole\/\" \/>\n<meta property=\"og:site_name\" content=\"Box Repsol\" \/>\n<meta property=\"article:publisher\" content=\"https:\/\/www.facebook.com\/BoxRepsol\" \/>\n<meta property=\"article:published_time\" content=\"2020-10-17T02:00:00+00:00\" \/>\n<meta property=\"article:modified_time\" content=\"2024-01-29T10:36:12+00:00\" \/>\n<meta property=\"og:image\" content=\"https:\/\/bxrepsol.s3.eu-west-1.amazonaws.com\/static\/2022\/08\/09120726\/alex-marquez-motorland-pole.jpg\" \/>\n\t<meta property=\"og:image:width\" content=\"1280\" \/>\n\t<meta property=\"og:image:height\" content=\"720\" \/>\n\t<meta property=\"og:image:type\" content=\"image\/jpeg\" \/>\n<meta name=\"author\" content=\"bx_ayesa\" \/>\n<meta name=\"twitter:card\" content=\"summary_large_image\" \/>\n<meta name=\"twitter:creator\" content=\"@box_repsol\" \/>\n<meta name=\"twitter:site\" content=\"@box_repsol\" \/>\n<meta name=\"twitter:label1\" content=\"Written by\" \/>\n\t<meta name=\"twitter:data1\" content=\"bx_ayesa\" \/>\n\t<meta name=\"twitter:label2\" content=\"Est. reading time\" \/>\n\t<meta name=\"twitter:data2\" content=\"2 minutes\" \/>\n<script type=\"application\/ld+json\" class=\"yoast-schema-graph\">{\"@context\":\"https:\\\/\\\/schema.org\",\"@graph\":[{\"@type\":\"Article\",\"@id\":\"https:\\\/\\\/www.boxrepsol.com\\\/en\\\/motogp-en\\\/alex-marquez-motorland-pole\\\/#article\",\"isPartOf\":{\"@id\":\"https:\\\/\\\/www.boxrepsol.com\\\/en\\\/motogp-en\\\/alex-marquez-motorland-pole\\\/\"},\"author\":{\"name\":\"bx_ayesa\",\"@id\":\"https:\\\/\\\/www.boxrepsol.com\\\/en\\\/#\\\/schema\\\/person\\\/d9d0f442a4332c7d099d31ffda4747a0\"},\"headline\":\"\u00c1lex M\u00e1rquez takes best grid place of the season\",\"datePublished\":\"2020-10-17T02:00:00+00:00\",\"dateModified\":\"2024-01-29T10:36:12+00:00\",\"mainEntityOfPage\":{\"@id\":\"https:\\\/\\\/www.boxrepsol.com\\\/en\\\/motogp-en\\\/alex-marquez-motorland-pole\\\/\"},\"wordCount\":311,\"commentCount\":0,\"publisher\":{\"@id\":\"https:\\\/\\\/www.boxrepsol.com\\\/en\\\/#organization\"},\"image\":{\"@id\":\"https:\\\/\\\/www.boxrepsol.com\\\/en\\\/motogp-en\\\/alex-marquez-motorland-pole\\\/#primaryimage\"},\"thumbnailUrl\":\"https:\\\/\\\/bxrepsol.s3.eu-west-1.amazonaws.com\\\/static\\\/2022\\\/08\\\/09120726\\\/alex-marquez-motorland-pole.jpg\",\"keywords\":[\"\u00c1lex M\u00e1rquez\",\"Motorland-Arag\u00f3n\",\"Q2\"],\"articleSection\":[\"MotoGP\"],\"inLanguage\":\"en-US\",\"potentialAction\":[{\"@type\":\"CommentAction\",\"name\":\"Comment\",\"target\":[\"https:\\\/\\\/www.boxrepsol.com\\\/en\\\/motogp-en\\\/alex-marquez-motorland-pole\\\/#respond\"]}]},{\"@type\":\"WebPage\",\"@id\":\"https:\\\/\\\/www.boxrepsol.com\\\/en\\\/motogp-en\\\/alex-marquez-motorland-pole\\\/\",\"url\":\"https:\\\/\\\/www.boxrepsol.com\\\/en\\\/motogp-en\\\/alex-marquez-motorland-pole\\\/\",\"name\":\"\u00c1lex M\u00e1rquez takes best grid place of the season - Box Repsol\",\"isPartOf\":{\"@id\":\"https:\\\/\\\/www.boxrepsol.com\\\/en\\\/#website\"},\"primaryImageOfPage\":{\"@id\":\"https:\\\/\\\/www.boxrepsol.com\\\/en\\\/motogp-en\\\/alex-marquez-motorland-pole\\\/#primaryimage\"},\"image\":{\"@id\":\"https:\\\/\\\/www.boxrepsol.com\\\/en\\\/motogp-en\\\/alex-marquez-motorland-pole\\\/#primaryimage\"},\"thumbnailUrl\":\"https:\\\/\\\/bxrepsol.s3.eu-west-1.amazonaws.com\\\/static\\\/2022\\\/08\\\/09120726\\\/alex-marquez-motorland-pole.jpg\",\"datePublished\":\"2020-10-17T02:00:00+00:00\",\"dateModified\":\"2024-01-29T10:36:12+00:00\",\"description\":\"The Repsol Honda Team rider sets the eleventh fastest time of the day, his best qualifying performance of the year. Stefan Bradl will take off from 21st.\",\"breadcrumb\":{\"@id\":\"https:\\\/\\\/www.boxrepsol.com\\\/en\\\/motogp-en\\\/alex-marquez-motorland-pole\\\/#breadcrumb\"},\"inLanguage\":\"en-US\",\"potentialAction\":[{\"@type\":\"ReadAction\",\"target\":[\"https:\\\/\\\/www.boxrepsol.com\\\/en\\\/motogp-en\\\/alex-marquez-motorland-pole\\\/\"]}]},{\"@type\":\"ImageObject\",\"inLanguage\":\"en-US\",\"@id\":\"https:\\\/\\\/www.boxrepsol.com\\\/en\\\/motogp-en\\\/alex-marquez-motorland-pole\\\/#primaryimage\",\"url\":\"https:\\\/\\\/bxrepsol.s3.eu-west-1.amazonaws.com\\\/static\\\/2022\\\/08\\\/09120726\\\/alex-marquez-motorland-pole.jpg\",\"contentUrl\":\"https:\\\/\\\/bxrepsol.s3.eu-west-1.amazonaws.com\\\/static\\\/2022\\\/08\\\/09120726\\\/alex-marquez-motorland-pole.jpg\",\"width\":1280,\"height\":720,\"caption\":\"11 Arag\u00f3n GP 16 al 17 de Octubre de 2020. Motorland, Arag\u00f3n, Espa\u00f1a\"},{\"@type\":\"BreadcrumbList\",\"@id\":\"https:\\\/\\\/www.boxrepsol.com\\\/en\\\/motogp-en\\\/alex-marquez-motorland-pole\\\/#breadcrumb\",\"itemListElement\":[{\"@type\":\"ListItem\",\"position\":1,\"name\":\"Home\",\"item\":\"https:\\\/\\\/www.boxrepsol.com\\\/en\\\/\"},{\"@type\":\"ListItem\",\"position\":2,\"name\":\"\u00c1lex M\u00e1rquez takes best grid place of the season\"}]},{\"@type\":\"WebSite\",\"@id\":\"https:\\\/\\\/www.boxrepsol.com\\\/en\\\/#website\",\"url\":\"https:\\\/\\\/www.boxrepsol.com\\\/en\\\/\",\"name\":\"Box Repsol\",\"description\":\"Box Repsol Site\",\"publisher\":{\"@id\":\"https:\\\/\\\/www.boxrepsol.com\\\/en\\\/#organization\"},\"potentialAction\":[{\"@type\":\"SearchAction\",\"target\":{\"@type\":\"EntryPoint\",\"urlTemplate\":\"https:\\\/\\\/www.boxrepsol.com\\\/en\\\/?s={search_term_string}\"},\"query-input\":{\"@type\":\"PropertyValueSpecification\",\"valueRequired\":true,\"valueName\":\"search_term_string\"}}],\"inLanguage\":\"en-US\"},{\"@type\":\"Organization\",\"@id\":\"https:\\\/\\\/www.boxrepsol.com\\\/en\\\/#organization\",\"name\":\"Box Repsol\",\"url\":\"https:\\\/\\\/www.boxrepsol.com\\\/en\\\/\",\"logo\":{\"@type\":\"ImageObject\",\"inLanguage\":\"en-US\",\"@id\":\"https:\\\/\\\/www.boxrepsol.com\\\/en\\\/#\\\/schema\\\/logo\\\/image\\\/\",\"url\":\"https:\\\/\\\/bxrepsol.s3.eu-west-1.amazonaws.com\\\/static\\\/2025\\\/07\\\/30083337\\\/favicon-96x96-1.png\",\"contentUrl\":\"https:\\\/\\\/bxrepsol.s3.eu-west-1.amazonaws.com\\\/static\\\/2025\\\/07\\\/30083337\\\/favicon-96x96-1.png\",\"width\":96,\"height\":96,\"caption\":\"Box Repsol\"},\"image\":{\"@id\":\"https:\\\/\\\/www.boxrepsol.com\\\/en\\\/#\\\/schema\\\/logo\\\/image\\\/\"},\"sameAs\":[\"https:\\\/\\\/www.facebook.com\\\/BoxRepsol\",\"https:\\\/\\\/x.com\\\/box_repsol\",\"http:\\\/\\\/instagram.com\\\/box_repsol\",\"https:\\\/\\\/www.youtube.com\\\/user\\\/RepsolCompeticion\",\"https:\\\/\\\/www.flickr.com\\\/photos\\\/box_repsol\\\/\"]},{\"@type\":\"Person\",\"@id\":\"https:\\\/\\\/www.boxrepsol.com\\\/en\\\/#\\\/schema\\\/person\\\/d9d0f442a4332c7d099d31ffda4747a0\",\"name\":\"bx_ayesa\",\"image\":{\"@type\":\"ImageObject\",\"inLanguage\":\"en-US\",\"@id\":\"https:\\\/\\\/secure.gravatar.com\\\/avatar\\\/059e1b9d3585083708845ba70e8dd968f143ff35f5e0e10cf2d1e7afe2c6a878?s=96&d=mm&r=g\",\"url\":\"https:\\\/\\\/secure.gravatar.com\\\/avatar\\\/059e1b9d3585083708845ba70e8dd968f143ff35f5e0e10cf2d1e7afe2c6a878?s=96&d=mm&r=g\",\"contentUrl\":\"https:\\\/\\\/secure.gravatar.com\\\/avatar\\\/059e1b9d3585083708845ba70e8dd968f143ff35f5e0e10cf2d1e7afe2c6a878?s=96&d=mm&r=g\",\"caption\":\"bx_ayesa\"},\"sameAs\":[\"http:\\\/\\\/54.155.157.200\"],\"url\":\"https:\\\/\\\/www.boxrepsol.com\\\/en\\\/author\\\/bx_ayesa\\\/\"}]}<\/script>\n<!-- \/ Yoast SEO plugin. -->","yoast_head_json":{"title":"\u00c1lex M\u00e1rquez takes best grid place of the season - Box Repsol","description":"The Repsol Honda Team rider sets the eleventh fastest time of the day, his best qualifying performance of the year. Stefan Bradl will take off from 21st.","canonical":"https:\/\/www.boxrepsol.com\/en\/motogp-en\/alex-marquez-motorland-pole\/","og_locale":"en_US","og_type":"article","og_title":"\u00c1lex M\u00e1rquez takes best grid place of the season - Box Repsol","og_description":"The Repsol Honda Team rider sets the eleventh fastest time of the day, his best qualifying performance of the year. Stefan Bradl will take off from 21st.","og_url":"https:\/\/www.boxrepsol.com\/en\/motogp-en\/alex-marquez-motorland-pole\/","og_site_name":"Box Repsol","article_publisher":"https:\/\/www.facebook.com\/BoxRepsol","article_published_time":"2020-10-17T02:00:00+00:00","article_modified_time":"2024-01-29T10:36:12+00:00","og_image":[{"width":1280,"height":720,"url":"https:\/\/bxrepsol.s3.eu-west-1.amazonaws.com\/static\/2022\/08\/09120726\/alex-marquez-motorland-pole.jpg","type":"image\/jpeg"}],"author":"bx_ayesa","twitter_card":"summary_large_image","twitter_creator":"@box_repsol","twitter_site":"@box_repsol","twitter_misc":{"Written by":"bx_ayesa","Est. reading time":"2 minutes"},"schema":{"@context":"https:\/\/schema.org","@graph":[{"@type":"Article","@id":"https:\/\/www.boxrepsol.com\/en\/motogp-en\/alex-marquez-motorland-pole\/#article","isPartOf":{"@id":"https:\/\/www.boxrepsol.com\/en\/motogp-en\/alex-marquez-motorland-pole\/"},"author":{"name":"bx_ayesa","@id":"https:\/\/www.boxrepsol.com\/en\/#\/schema\/person\/d9d0f442a4332c7d099d31ffda4747a0"},"headline":"\u00c1lex M\u00e1rquez takes best grid place of the season","datePublished":"2020-10-17T02:00:00+00:00","dateModified":"2024-01-29T10:36:12+00:00","mainEntityOfPage":{"@id":"https:\/\/www.boxrepsol.com\/en\/motogp-en\/alex-marquez-motorland-pole\/"},"wordCount":311,"commentCount":0,"publisher":{"@id":"https:\/\/www.boxrepsol.com\/en\/#organization"},"image":{"@id":"https:\/\/www.boxrepsol.com\/en\/motogp-en\/alex-marquez-motorland-pole\/#primaryimage"},"thumbnailUrl":"https:\/\/bxrepsol.s3.eu-west-1.amazonaws.com\/static\/2022\/08\/09120726\/alex-marquez-motorland-pole.jpg","keywords":["\u00c1lex M\u00e1rquez","Motorland-Arag\u00f3n","Q2"],"articleSection":["MotoGP"],"inLanguage":"en-US","potentialAction":[{"@type":"CommentAction","name":"Comment","target":["https:\/\/www.boxrepsol.com\/en\/motogp-en\/alex-marquez-motorland-pole\/#respond"]}]},{"@type":"WebPage","@id":"https:\/\/www.boxrepsol.com\/en\/motogp-en\/alex-marquez-motorland-pole\/","url":"https:\/\/www.boxrepsol.com\/en\/motogp-en\/alex-marquez-motorland-pole\/","name":"\u00c1lex M\u00e1rquez takes best grid place of the season - Box Repsol","isPartOf":{"@id":"https:\/\/www.boxrepsol.com\/en\/#website"},"primaryImageOfPage":{"@id":"https:\/\/www.boxrepsol.com\/en\/motogp-en\/alex-marquez-motorland-pole\/#primaryimage"},"image":{"@id":"https:\/\/www.boxrepsol.com\/en\/motogp-en\/alex-marquez-motorland-pole\/#primaryimage"},"thumbnailUrl":"https:\/\/bxrepsol.s3.eu-west-1.amazonaws.com\/static\/2022\/08\/09120726\/alex-marquez-motorland-pole.jpg","datePublished":"2020-10-17T02:00:00+00:00","dateModified":"2024-01-29T10:36:12+00:00","description":"The Repsol Honda Team rider sets the eleventh fastest time of the day, his best qualifying performance of the year. Stefan Bradl will take off from 21st.","breadcrumb":{"@id":"https:\/\/www.boxrepsol.com\/en\/motogp-en\/alex-marquez-motorland-pole\/#breadcrumb"},"inLanguage":"en-US","potentialAction":[{"@type":"ReadAction","target":["https:\/\/www.boxrepsol.com\/en\/motogp-en\/alex-marquez-motorland-pole\/"]}]},{"@type":"ImageObject","inLanguage":"en-US","@id":"https:\/\/www.boxrepsol.com\/en\/motogp-en\/alex-marquez-motorland-pole\/#primaryimage","url":"https:\/\/bxrepsol.s3.eu-west-1.amazonaws.com\/static\/2022\/08\/09120726\/alex-marquez-motorland-pole.jpg","contentUrl":"https:\/\/bxrepsol.s3.eu-west-1.amazonaws.com\/static\/2022\/08\/09120726\/alex-marquez-motorland-pole.jpg","width":1280,"height":720,"caption":"11 Arag\u00f3n GP 16 al 17 de Octubre de 2020. Motorland, Arag\u00f3n, Espa\u00f1a"},{"@type":"BreadcrumbList","@id":"https:\/\/www.boxrepsol.com\/en\/motogp-en\/alex-marquez-motorland-pole\/#breadcrumb","itemListElement":[{"@type":"ListItem","position":1,"name":"Home","item":"https:\/\/www.boxrepsol.com\/en\/"},{"@type":"ListItem","position":2,"name":"\u00c1lex M\u00e1rquez takes best grid place of the season"}]},{"@type":"WebSite","@id":"https:\/\/www.boxrepsol.com\/en\/#website","url":"https:\/\/www.boxrepsol.com\/en\/","name":"Box Repsol","description":"Box Repsol Site","publisher":{"@id":"https:\/\/www.boxrepsol.com\/en\/#organization"},"potentialAction":[{"@type":"SearchAction","target":{"@type":"EntryPoint","urlTemplate":"https:\/\/www.boxrepsol.com\/en\/?s={search_term_string}"},"query-input":{"@type":"PropertyValueSpecification","valueRequired":true,"valueName":"search_term_string"}}],"inLanguage":"en-US"},{"@type":"Organization","@id":"https:\/\/www.boxrepsol.com\/en\/#organization","name":"Box Repsol","url":"https:\/\/www.boxrepsol.com\/en\/","logo":{"@type":"ImageObject","inLanguage":"en-US","@id":"https:\/\/www.boxrepsol.com\/en\/#\/schema\/logo\/image\/","url":"https:\/\/bxrepsol.s3.eu-west-1.amazonaws.com\/static\/2025\/07\/30083337\/favicon-96x96-1.png","contentUrl":"https:\/\/bxrepsol.s3.eu-west-1.amazonaws.com\/static\/2025\/07\/30083337\/favicon-96x96-1.png","width":96,"height":96,"caption":"Box Repsol"},"image":{"@id":"https:\/\/www.boxrepsol.com\/en\/#\/schema\/logo\/image\/"},"sameAs":["https:\/\/www.facebook.com\/BoxRepsol","https:\/\/x.com\/box_repsol","http:\/\/instagram.com\/box_repsol","https:\/\/www.youtube.com\/user\/RepsolCompeticion","https:\/\/www.flickr.com\/photos\/box_repsol\/"]},{"@type":"Person","@id":"https:\/\/www.boxrepsol.com\/en\/#\/schema\/person\/d9d0f442a4332c7d099d31ffda4747a0","name":"bx_ayesa","image":{"@type":"ImageObject","inLanguage":"en-US","@id":"https:\/\/secure.gravatar.com\/avatar\/059e1b9d3585083708845ba70e8dd968f143ff35f5e0e10cf2d1e7afe2c6a878?s=96&d=mm&r=g","url":"https:\/\/secure.gravatar.com\/avatar\/059e1b9d3585083708845ba70e8dd968f143ff35f5e0e10cf2d1e7afe2c6a878?s=96&d=mm&r=g","contentUrl":"https:\/\/secure.gravatar.com\/avatar\/059e1b9d3585083708845ba70e8dd968f143ff35f5e0e10cf2d1e7afe2c6a878?s=96&d=mm&r=g","caption":"bx_ayesa"},"sameAs":["http:\/\/54.155.157.200"],"url":"https:\/\/www.boxrepsol.com\/en\/author\/bx_ayesa\/"}]}},"_links":{"self":[{"href":"https:\/\/www.boxrepsol.com\/en\/wp-json\/wp\/v2\/posts\/98061","targetHints":{"allow":["GET"]}}],"collection":[{"href":"https:\/\/www.boxrepsol.com\/en\/wp-json\/wp\/v2\/posts"}],"about":[{"href":"https:\/\/www.boxrepsol.com\/en\/wp-json\/wp\/v2\/types\/post"}],"author":[{"embeddable":true,"href":"https:\/\/www.boxrepsol.com\/en\/wp-json\/wp\/v2\/users\/1"}],"replies":[{"embeddable":true,"href":"https:\/\/www.boxrepsol.com\/en\/wp-json\/wp\/v2\/comments?post=98061"}],"version-history":[{"count":2,"href":"https:\/\/www.boxrepsol.com\/en\/wp-json\/wp\/v2\/posts\/98061\/revisions"}],"predecessor-version":[{"id":110903,"href":"https:\/\/www.boxrepsol.com\/en\/wp-json\/wp\/v2\/posts\/98061\/revisions\/110903"}],"wp:featuredmedia":[{"embeddable":true,"href":"https:\/\/www.boxrepsol.com\/en\/wp-json\/wp\/v2\/media\/41248"}],"wp:attachment":[{"href":"https:\/\/www.boxrepsol.com\/en\/wp-json\/wp\/v2\/media?parent=98061"}],"wp:term":[{"taxonomy":"category","embeddable":true,"href":"https:\/\/www.boxrepsol.com\/en\/wp-json\/wp\/v2\/categories?post=98061"},{"taxonomy":"post_tag","embeddable":true,"href":"https:\/\/www.boxrepsol.com\/en\/wp-json\/wp\/v2\/tags?post=98061"}],"curies":[{"name":"wp","href":"https:\/\/api.w.org\/{rel}","templated":true}]}}