{"id":98044,"date":"2020-10-06T00:00:00","date_gmt":"2020-10-06T02:00:00","guid":{"rendered":"http:\/\/pre.boxrepsol.com\/uncategorized\/repsol-honda-team-pilots-back-to-business-at-frenchgp\/"},"modified":"2023-09-25T14:13:20","modified_gmt":"2023-09-25T16:13:20","slug":"repsol-honda-team-pilots-back-to-business-at-frenchgp","status":"publish","type":"post","link":"https:\/\/www.boxrepsol.com\/en\/motogp-en\/repsol-honda-team-pilots-back-to-business-at-frenchgp\/","title":{"rendered":"Back to business at Round 10"},"content":{"rendered":"<p>With an informative weekend in Barcelona and a brief chance to rest after another intense three weeks of racing, the <strong>Repsol Honda Team <\/strong>now begin another focused push for the penultimate triple-header of the unique 2020 MotoGP World Championship. A week in<strong> Le Mans<\/strong>, France will be followed by two races in Aragon, Spain. Weather at the French circuit could produce some of the most difficult conditions of the season so far. Last year Marc Marquez raced to victory at the historic French track, claiming Honda\u2019s 300th premier class win as a result.<\/p>\n<p>In 2019, the 4.2-kilometers long Le Mans circuit saw <strong>Alex Marquez<\/strong> take the first of his five wins on his way to the Moto2 World Championship title. The aim of the weekend is to capture the form the MotoGP rookie showed in Misano and at the start of the Barcelona weekend, challenging for a spot in Q2 and battling for the top ten in the race. Alex has traditionally gone well in the wet but is yet to have much time on the Repsol Honda RC213V in the rain. Alex will head to Portimao for a single day to familiarize himself with the new circuit on a road bike.<\/p>\n<p><strong>Stefan Bradl<\/strong> arrives in France from a two-day test in Portimao in preparation for the season-closing round, a demanding schedule for the HRC Test Rider. Traditionally Bradl has achieved consistent results in France, never finishing a premier class race outside of the top ten in Le Mans. Like many riders, Bradl is waiting to see what the weather will do.<\/p>\n<p>This weekend the MotoGP <a href=\"https:\/\/www.boxrepsol.com\/en\/motogp-en\/full-schedule-french-gp-motogp-2021\/\">race is scheduled to start at 13:00 Local Time<\/a> as opposed to the usual 14:00 Local Time.<\/p>\n<p><a href=\"https:\/\/bxrepsol.s3.eu-west-1.amazonaws.com\/static\/2022\/08\/05075409\/alex-y-bradl-pre-francia.jpg\" \n   title=\"\u00c1lex M\u00e1rquez y Stefan Bradl en acci\u00f3n\" \n   data-gallery-thumbnail=\"https:\/\/bxrepsol.s3.eu-west-1.amazonaws.com\/static\/2022\/08\/05075409\/alex-y-bradl-pre-francia.jpg\"\n   data-gallery-title=\"\"\n   data-gallery><\/p>\n<figure>\n        <picture style=\"padding-bottom: 56.25%; background-image: url(https:\/\/bxrepsol.s3.eu-west-1.amazonaws.com\/static\/2022\/08\/05075409\/alex-y-bradl-pre-francia.jpg);\">\n            <img decoding=\"async\" src=\"https:\/\/bxrepsol.s3.eu-west-1.amazonaws.com\/static\/2022\/08\/05075409\/alex-y-bradl-pre-francia.jpg\"><br \/>\n            <img itemprop=\"image\"\n                data-srcset=\"https:\/\/bxrepsol.s3.eu-west-1.amazonaws.com\/static\/2022\/08\/05075409\/alex-y-bradl-pre-francia.jpg 480w, https:\/\/bxrepsol.s3.eu-west-1.amazonaws.com\/static\/2022\/08\/05075409\/alex-y-bradl-pre-francia.jpg 600w, https:\/\/bxrepsol.s3.eu-west-1.amazonaws.com\/static\/2022\/08\/05075409\/alex-y-bradl-pre-francia.jpg 900w, https:\/\/bxrepsol.s3.eu-west-1.amazonaws.com\/static\/2022\/08\/05075409\/alex-y-bradl-pre-francia.jpg 1280w\"\n                data-src=\"https:\/\/bxrepsol.s3.eu-west-1.amazonaws.com\/static\/2022\/08\/05075409\/alex-y-bradl-pre-francia.jpg\"\n                alt=\"\u00c1lex M\u00e1rquez y Stefan Bradl en acci\u00f3n\"\n                title=\"alex-y-bradl-pre-francia\"\/><br \/>\n            <noscript><img decoding=\"async\" src=\"https:\/\/bxrepsol.s3.eu-west-1.amazonaws.com\/static\/2022\/08\/05075409\/alex-y-bradl-pre-francia.jpg\" alt=\"\u00c1lex M\u00e1rquez y Stefan Bradl en acci\u00f3n\"><\/noscript>\n        <\/picture><figcaption>\u00c1lex M\u00e1rquez y Stefan Bradl en acci\u00f3n<\/figcaption><\/figure>\n<p><\/a><\/p>\n<h2>FrenchGP 2020 &#8211; Previous MotoGP &#8211; Riders statements<\/h2>\n<p><a href=\"https:\/\/twitter.com\/hashtag\/AM73?src=hash&#038;lang=es\">#AM73<\/a><\/p>\n<p><em>&#8220;Last year the bike worked very well here in Le Mans and also in Aragon, so I am looking forward to riding there. We will have to look at the weather forecast because right now it does not look so nice, quite cold and wet but these things can change. Whatever the conditions, I arrive really motivated for the second half of the season and to push hard to show the potential we had before the race in Barcelona. In the last week I have been training hard with determination to keep improving.\u201d<br \/>\n<\/em><\/p>\n<hr\/>\n<p><strong>Stefan Bradl<\/strong><\/p>\n<p><em>&#8220;We start another intense period with three races in a row, as well as a test. As always, we will approach each race looking to help HRC as much as possible while pushing for the best result. Le Mans has the potential to be very interesting with the weather, so we need to see what happens with the rain and what the track temperature is like before we can make any firm plans for the weekend. Hopefully we can have a good weekend and make another step.&#8221;<\/em><\/p>\n","protected":false},"excerpt":{"rendered":"<p>A week of rest followed by a test in Portimao and the penultimate triple-header of the year begins the closing stages of the 2020 MotoGP season for a determined Repsol Honda Team.<\/p>\n","protected":false},"author":1,"featured_media":41161,"comment_status":"open","ping_status":"open","sticky":false,"template":"","format":"standard","meta":{"footnotes":""},"categories":[146],"tags":[191,192,279,210,219,297],"class_list":["post-98044","post","type-post","status-publish","format-standard","hentry","category-motogp-en","tag-191","tag-alex-marquez","tag-campeonato-del-mundo-de-motociclismo-en","tag-motocycling-world-championship","tag-motogp-france","tag-motogp-francia-en"],"yoast_head":"<!-- This site is optimized with the Yoast SEO plugin v27.3 - https:\/\/yoast.com\/product\/yoast-seo-wordpress\/ -->\n<title>Back to business at Round 10 - Box Repsol<\/title>\n<meta name=\"description\" content=\"A week of rest followed by a test in Portimao and the penultimate triple-header begins the closing stages of the 2020 season for the Repsol Honda Team.\" \/>\n<link rel=\"canonical\" href=\"https:\/\/www.boxrepsol.com\/en\/motogp-en\/repsol-honda-team-pilots-back-to-business-at-frenchgp\/\" \/>\n<meta property=\"og:locale\" content=\"en_US\" \/>\n<meta property=\"og:type\" content=\"article\" \/>\n<meta property=\"og:title\" content=\"Back to business at Round 10 - Box Repsol\" \/>\n<meta property=\"og:description\" content=\"A week of rest followed by a test in Portimao and the penultimate triple-header begins the closing stages of the 2020 season for the Repsol Honda Team.\" \/>\n<meta property=\"og:url\" content=\"https:\/\/www.boxrepsol.com\/en\/motogp-en\/repsol-honda-team-pilots-back-to-business-at-frenchgp\/\" \/>\n<meta property=\"og:site_name\" content=\"Box Repsol\" \/>\n<meta property=\"article:publisher\" content=\"https:\/\/www.facebook.com\/BoxRepsol\" \/>\n<meta property=\"article:published_time\" content=\"2020-10-06T02:00:00+00:00\" \/>\n<meta property=\"article:modified_time\" content=\"2023-09-25T16:13:20+00:00\" \/>\n<meta property=\"og:image\" content=\"https:\/\/bxrepsol.s3.eu-west-1.amazonaws.com\/static\/2022\/08\/09120612\/alex-pre-francia.jpg\" \/>\n\t<meta property=\"og:image:width\" content=\"1280\" \/>\n\t<meta property=\"og:image:height\" content=\"720\" \/>\n\t<meta property=\"og:image:type\" content=\"image\/jpeg\" \/>\n<meta name=\"author\" content=\"bx_ayesa\" \/>\n<meta name=\"twitter:card\" content=\"summary_large_image\" \/>\n<meta name=\"twitter:creator\" content=\"@box_repsol\" \/>\n<meta name=\"twitter:site\" content=\"@box_repsol\" \/>\n<meta name=\"twitter:label1\" content=\"Written by\" \/>\n\t<meta name=\"twitter:data1\" content=\"bx_ayesa\" \/>\n\t<meta name=\"twitter:label2\" content=\"Est. reading time\" \/>\n\t<meta name=\"twitter:data2\" content=\"2 minutes\" \/>\n<script type=\"application\/ld+json\" class=\"yoast-schema-graph\">{\"@context\":\"https:\\\/\\\/schema.org\",\"@graph\":[{\"@type\":\"Article\",\"@id\":\"https:\\\/\\\/www.boxrepsol.com\\\/en\\\/motogp-en\\\/repsol-honda-team-pilots-back-to-business-at-frenchgp\\\/#article\",\"isPartOf\":{\"@id\":\"https:\\\/\\\/www.boxrepsol.com\\\/en\\\/motogp-en\\\/repsol-honda-team-pilots-back-to-business-at-frenchgp\\\/\"},\"author\":{\"name\":\"bx_ayesa\",\"@id\":\"https:\\\/\\\/www.boxrepsol.com\\\/en\\\/#\\\/schema\\\/person\\\/d9d0f442a4332c7d099d31ffda4747a0\"},\"headline\":\"Back to business at Round 10\",\"datePublished\":\"2020-10-06T02:00:00+00:00\",\"dateModified\":\"2023-09-25T16:13:20+00:00\",\"mainEntityOfPage\":{\"@id\":\"https:\\\/\\\/www.boxrepsol.com\\\/en\\\/motogp-en\\\/repsol-honda-team-pilots-back-to-business-at-frenchgp\\\/\"},\"wordCount\":485,\"commentCount\":0,\"publisher\":{\"@id\":\"https:\\\/\\\/www.boxrepsol.com\\\/en\\\/#organization\"},\"image\":{\"@id\":\"https:\\\/\\\/www.boxrepsol.com\\\/en\\\/motogp-en\\\/repsol-honda-team-pilots-back-to-business-at-frenchgp\\\/#primaryimage\"},\"thumbnailUrl\":\"https:\\\/\\\/bxrepsol.s3.eu-west-1.amazonaws.com\\\/static\\\/2022\\\/08\\\/09120612\\\/alex-pre-francia.jpg\",\"keywords\":[\"2020\",\"\u00c1lex M\u00e1rquez\",\"Campeonato del Mundo de Motociclismo\",\"Motocycling World Championship\",\"MotoGP France\",\"MotoGP Francia\"],\"articleSection\":[\"MotoGP\"],\"inLanguage\":\"en-US\",\"potentialAction\":[{\"@type\":\"CommentAction\",\"name\":\"Comment\",\"target\":[\"https:\\\/\\\/www.boxrepsol.com\\\/en\\\/motogp-en\\\/repsol-honda-team-pilots-back-to-business-at-frenchgp\\\/#respond\"]}]},{\"@type\":\"WebPage\",\"@id\":\"https:\\\/\\\/www.boxrepsol.com\\\/en\\\/motogp-en\\\/repsol-honda-team-pilots-back-to-business-at-frenchgp\\\/\",\"url\":\"https:\\\/\\\/www.boxrepsol.com\\\/en\\\/motogp-en\\\/repsol-honda-team-pilots-back-to-business-at-frenchgp\\\/\",\"name\":\"Back to business at Round 10 - Box Repsol\",\"isPartOf\":{\"@id\":\"https:\\\/\\\/www.boxrepsol.com\\\/en\\\/#website\"},\"primaryImageOfPage\":{\"@id\":\"https:\\\/\\\/www.boxrepsol.com\\\/en\\\/motogp-en\\\/repsol-honda-team-pilots-back-to-business-at-frenchgp\\\/#primaryimage\"},\"image\":{\"@id\":\"https:\\\/\\\/www.boxrepsol.com\\\/en\\\/motogp-en\\\/repsol-honda-team-pilots-back-to-business-at-frenchgp\\\/#primaryimage\"},\"thumbnailUrl\":\"https:\\\/\\\/bxrepsol.s3.eu-west-1.amazonaws.com\\\/static\\\/2022\\\/08\\\/09120612\\\/alex-pre-francia.jpg\",\"datePublished\":\"2020-10-06T02:00:00+00:00\",\"dateModified\":\"2023-09-25T16:13:20+00:00\",\"description\":\"A week of rest followed by a test in Portimao and the penultimate triple-header begins the closing stages of the 2020 season for the Repsol Honda Team.\",\"breadcrumb\":{\"@id\":\"https:\\\/\\\/www.boxrepsol.com\\\/en\\\/motogp-en\\\/repsol-honda-team-pilots-back-to-business-at-frenchgp\\\/#breadcrumb\"},\"inLanguage\":\"en-US\",\"potentialAction\":[{\"@type\":\"ReadAction\",\"target\":[\"https:\\\/\\\/www.boxrepsol.com\\\/en\\\/motogp-en\\\/repsol-honda-team-pilots-back-to-business-at-frenchgp\\\/\"]}]},{\"@type\":\"ImageObject\",\"inLanguage\":\"en-US\",\"@id\":\"https:\\\/\\\/www.boxrepsol.com\\\/en\\\/motogp-en\\\/repsol-honda-team-pilots-back-to-business-at-frenchgp\\\/#primaryimage\",\"url\":\"https:\\\/\\\/bxrepsol.s3.eu-west-1.amazonaws.com\\\/static\\\/2022\\\/08\\\/09120612\\\/alex-pre-francia.jpg\",\"contentUrl\":\"https:\\\/\\\/bxrepsol.s3.eu-west-1.amazonaws.com\\\/static\\\/2022\\\/08\\\/09120612\\\/alex-pre-francia.jpg\",\"width\":1280,\"height\":720,\"caption\":\"\u00c1lex M\u00e1rquez en acci\u00f3n\"},{\"@type\":\"BreadcrumbList\",\"@id\":\"https:\\\/\\\/www.boxrepsol.com\\\/en\\\/motogp-en\\\/repsol-honda-team-pilots-back-to-business-at-frenchgp\\\/#breadcrumb\",\"itemListElement\":[{\"@type\":\"ListItem\",\"position\":1,\"name\":\"Home\",\"item\":\"https:\\\/\\\/www.boxrepsol.com\\\/en\\\/\"},{\"@type\":\"ListItem\",\"position\":2,\"name\":\"Back to business at Round 10\"}]},{\"@type\":\"WebSite\",\"@id\":\"https:\\\/\\\/www.boxrepsol.com\\\/en\\\/#website\",\"url\":\"https:\\\/\\\/www.boxrepsol.com\\\/en\\\/\",\"name\":\"Box Repsol\",\"description\":\"Box Repsol Site\",\"publisher\":{\"@id\":\"https:\\\/\\\/www.boxrepsol.com\\\/en\\\/#organization\"},\"potentialAction\":[{\"@type\":\"SearchAction\",\"target\":{\"@type\":\"EntryPoint\",\"urlTemplate\":\"https:\\\/\\\/www.boxrepsol.com\\\/en\\\/?s={search_term_string}\"},\"query-input\":{\"@type\":\"PropertyValueSpecification\",\"valueRequired\":true,\"valueName\":\"search_term_string\"}}],\"inLanguage\":\"en-US\"},{\"@type\":\"Organization\",\"@id\":\"https:\\\/\\\/www.boxrepsol.com\\\/en\\\/#organization\",\"name\":\"Box Repsol\",\"url\":\"https:\\\/\\\/www.boxrepsol.com\\\/en\\\/\",\"logo\":{\"@type\":\"ImageObject\",\"inLanguage\":\"en-US\",\"@id\":\"https:\\\/\\\/www.boxrepsol.com\\\/en\\\/#\\\/schema\\\/logo\\\/image\\\/\",\"url\":\"https:\\\/\\\/bxrepsol.s3.eu-west-1.amazonaws.com\\\/static\\\/2025\\\/07\\\/30083337\\\/favicon-96x96-1.png\",\"contentUrl\":\"https:\\\/\\\/bxrepsol.s3.eu-west-1.amazonaws.com\\\/static\\\/2025\\\/07\\\/30083337\\\/favicon-96x96-1.png\",\"width\":96,\"height\":96,\"caption\":\"Box Repsol\"},\"image\":{\"@id\":\"https:\\\/\\\/www.boxrepsol.com\\\/en\\\/#\\\/schema\\\/logo\\\/image\\\/\"},\"sameAs\":[\"https:\\\/\\\/www.facebook.com\\\/BoxRepsol\",\"https:\\\/\\\/x.com\\\/box_repsol\",\"http:\\\/\\\/instagram.com\\\/box_repsol\",\"https:\\\/\\\/www.youtube.com\\\/user\\\/RepsolCompeticion\",\"https:\\\/\\\/www.flickr.com\\\/photos\\\/box_repsol\\\/\"]},{\"@type\":\"Person\",\"@id\":\"https:\\\/\\\/www.boxrepsol.com\\\/en\\\/#\\\/schema\\\/person\\\/d9d0f442a4332c7d099d31ffda4747a0\",\"name\":\"bx_ayesa\",\"image\":{\"@type\":\"ImageObject\",\"inLanguage\":\"en-US\",\"@id\":\"https:\\\/\\\/secure.gravatar.com\\\/avatar\\\/059e1b9d3585083708845ba70e8dd968f143ff35f5e0e10cf2d1e7afe2c6a878?s=96&d=mm&r=g\",\"url\":\"https:\\\/\\\/secure.gravatar.com\\\/avatar\\\/059e1b9d3585083708845ba70e8dd968f143ff35f5e0e10cf2d1e7afe2c6a878?s=96&d=mm&r=g\",\"contentUrl\":\"https:\\\/\\\/secure.gravatar.com\\\/avatar\\\/059e1b9d3585083708845ba70e8dd968f143ff35f5e0e10cf2d1e7afe2c6a878?s=96&d=mm&r=g\",\"caption\":\"bx_ayesa\"},\"sameAs\":[\"http:\\\/\\\/54.155.157.200\"],\"url\":\"https:\\\/\\\/www.boxrepsol.com\\\/en\\\/author\\\/bx_ayesa\\\/\"}]}<\/script>\n<!-- \/ Yoast SEO plugin. -->","yoast_head_json":{"title":"Back to business at Round 10 - Box Repsol","description":"A week of rest followed by a test in Portimao and the penultimate triple-header begins the closing stages of the 2020 season for the Repsol Honda Team.","canonical":"https:\/\/www.boxrepsol.com\/en\/motogp-en\/repsol-honda-team-pilots-back-to-business-at-frenchgp\/","og_locale":"en_US","og_type":"article","og_title":"Back to business at Round 10 - Box Repsol","og_description":"A week of rest followed by a test in Portimao and the penultimate triple-header begins the closing stages of the 2020 season for the Repsol Honda Team.","og_url":"https:\/\/www.boxrepsol.com\/en\/motogp-en\/repsol-honda-team-pilots-back-to-business-at-frenchgp\/","og_site_name":"Box Repsol","article_publisher":"https:\/\/www.facebook.com\/BoxRepsol","article_published_time":"2020-10-06T02:00:00+00:00","article_modified_time":"2023-09-25T16:13:20+00:00","og_image":[{"width":1280,"height":720,"url":"https:\/\/bxrepsol.s3.eu-west-1.amazonaws.com\/static\/2022\/08\/09120612\/alex-pre-francia.jpg","type":"image\/jpeg"}],"author":"bx_ayesa","twitter_card":"summary_large_image","twitter_creator":"@box_repsol","twitter_site":"@box_repsol","twitter_misc":{"Written by":"bx_ayesa","Est. reading time":"2 minutes"},"schema":{"@context":"https:\/\/schema.org","@graph":[{"@type":"Article","@id":"https:\/\/www.boxrepsol.com\/en\/motogp-en\/repsol-honda-team-pilots-back-to-business-at-frenchgp\/#article","isPartOf":{"@id":"https:\/\/www.boxrepsol.com\/en\/motogp-en\/repsol-honda-team-pilots-back-to-business-at-frenchgp\/"},"author":{"name":"bx_ayesa","@id":"https:\/\/www.boxrepsol.com\/en\/#\/schema\/person\/d9d0f442a4332c7d099d31ffda4747a0"},"headline":"Back to business at Round 10","datePublished":"2020-10-06T02:00:00+00:00","dateModified":"2023-09-25T16:13:20+00:00","mainEntityOfPage":{"@id":"https:\/\/www.boxrepsol.com\/en\/motogp-en\/repsol-honda-team-pilots-back-to-business-at-frenchgp\/"},"wordCount":485,"commentCount":0,"publisher":{"@id":"https:\/\/www.boxrepsol.com\/en\/#organization"},"image":{"@id":"https:\/\/www.boxrepsol.com\/en\/motogp-en\/repsol-honda-team-pilots-back-to-business-at-frenchgp\/#primaryimage"},"thumbnailUrl":"https:\/\/bxrepsol.s3.eu-west-1.amazonaws.com\/static\/2022\/08\/09120612\/alex-pre-francia.jpg","keywords":["2020","\u00c1lex M\u00e1rquez","Campeonato del Mundo de Motociclismo","Motocycling World Championship","MotoGP France","MotoGP Francia"],"articleSection":["MotoGP"],"inLanguage":"en-US","potentialAction":[{"@type":"CommentAction","name":"Comment","target":["https:\/\/www.boxrepsol.com\/en\/motogp-en\/repsol-honda-team-pilots-back-to-business-at-frenchgp\/#respond"]}]},{"@type":"WebPage","@id":"https:\/\/www.boxrepsol.com\/en\/motogp-en\/repsol-honda-team-pilots-back-to-business-at-frenchgp\/","url":"https:\/\/www.boxrepsol.com\/en\/motogp-en\/repsol-honda-team-pilots-back-to-business-at-frenchgp\/","name":"Back to business at Round 10 - Box Repsol","isPartOf":{"@id":"https:\/\/www.boxrepsol.com\/en\/#website"},"primaryImageOfPage":{"@id":"https:\/\/www.boxrepsol.com\/en\/motogp-en\/repsol-honda-team-pilots-back-to-business-at-frenchgp\/#primaryimage"},"image":{"@id":"https:\/\/www.boxrepsol.com\/en\/motogp-en\/repsol-honda-team-pilots-back-to-business-at-frenchgp\/#primaryimage"},"thumbnailUrl":"https:\/\/bxrepsol.s3.eu-west-1.amazonaws.com\/static\/2022\/08\/09120612\/alex-pre-francia.jpg","datePublished":"2020-10-06T02:00:00+00:00","dateModified":"2023-09-25T16:13:20+00:00","description":"A week of rest followed by a test in Portimao and the penultimate triple-header begins the closing stages of the 2020 season for the Repsol Honda Team.","breadcrumb":{"@id":"https:\/\/www.boxrepsol.com\/en\/motogp-en\/repsol-honda-team-pilots-back-to-business-at-frenchgp\/#breadcrumb"},"inLanguage":"en-US","potentialAction":[{"@type":"ReadAction","target":["https:\/\/www.boxrepsol.com\/en\/motogp-en\/repsol-honda-team-pilots-back-to-business-at-frenchgp\/"]}]},{"@type":"ImageObject","inLanguage":"en-US","@id":"https:\/\/www.boxrepsol.com\/en\/motogp-en\/repsol-honda-team-pilots-back-to-business-at-frenchgp\/#primaryimage","url":"https:\/\/bxrepsol.s3.eu-west-1.amazonaws.com\/static\/2022\/08\/09120612\/alex-pre-francia.jpg","contentUrl":"https:\/\/bxrepsol.s3.eu-west-1.amazonaws.com\/static\/2022\/08\/09120612\/alex-pre-francia.jpg","width":1280,"height":720,"caption":"\u00c1lex M\u00e1rquez en acci\u00f3n"},{"@type":"BreadcrumbList","@id":"https:\/\/www.boxrepsol.com\/en\/motogp-en\/repsol-honda-team-pilots-back-to-business-at-frenchgp\/#breadcrumb","itemListElement":[{"@type":"ListItem","position":1,"name":"Home","item":"https:\/\/www.boxrepsol.com\/en\/"},{"@type":"ListItem","position":2,"name":"Back to business at Round 10"}]},{"@type":"WebSite","@id":"https:\/\/www.boxrepsol.com\/en\/#website","url":"https:\/\/www.boxrepsol.com\/en\/","name":"Box Repsol","description":"Box Repsol Site","publisher":{"@id":"https:\/\/www.boxrepsol.com\/en\/#organization"},"potentialAction":[{"@type":"SearchAction","target":{"@type":"EntryPoint","urlTemplate":"https:\/\/www.boxrepsol.com\/en\/?s={search_term_string}"},"query-input":{"@type":"PropertyValueSpecification","valueRequired":true,"valueName":"search_term_string"}}],"inLanguage":"en-US"},{"@type":"Organization","@id":"https:\/\/www.boxrepsol.com\/en\/#organization","name":"Box Repsol","url":"https:\/\/www.boxrepsol.com\/en\/","logo":{"@type":"ImageObject","inLanguage":"en-US","@id":"https:\/\/www.boxrepsol.com\/en\/#\/schema\/logo\/image\/","url":"https:\/\/bxrepsol.s3.eu-west-1.amazonaws.com\/static\/2025\/07\/30083337\/favicon-96x96-1.png","contentUrl":"https:\/\/bxrepsol.s3.eu-west-1.amazonaws.com\/static\/2025\/07\/30083337\/favicon-96x96-1.png","width":96,"height":96,"caption":"Box Repsol"},"image":{"@id":"https:\/\/www.boxrepsol.com\/en\/#\/schema\/logo\/image\/"},"sameAs":["https:\/\/www.facebook.com\/BoxRepsol","https:\/\/x.com\/box_repsol","http:\/\/instagram.com\/box_repsol","https:\/\/www.youtube.com\/user\/RepsolCompeticion","https:\/\/www.flickr.com\/photos\/box_repsol\/"]},{"@type":"Person","@id":"https:\/\/www.boxrepsol.com\/en\/#\/schema\/person\/d9d0f442a4332c7d099d31ffda4747a0","name":"bx_ayesa","image":{"@type":"ImageObject","inLanguage":"en-US","@id":"https:\/\/secure.gravatar.com\/avatar\/059e1b9d3585083708845ba70e8dd968f143ff35f5e0e10cf2d1e7afe2c6a878?s=96&d=mm&r=g","url":"https:\/\/secure.gravatar.com\/avatar\/059e1b9d3585083708845ba70e8dd968f143ff35f5e0e10cf2d1e7afe2c6a878?s=96&d=mm&r=g","contentUrl":"https:\/\/secure.gravatar.com\/avatar\/059e1b9d3585083708845ba70e8dd968f143ff35f5e0e10cf2d1e7afe2c6a878?s=96&d=mm&r=g","caption":"bx_ayesa"},"sameAs":["http:\/\/54.155.157.200"],"url":"https:\/\/www.boxrepsol.com\/en\/author\/bx_ayesa\/"}]}},"_links":{"self":[{"href":"https:\/\/www.boxrepsol.com\/en\/wp-json\/wp\/v2\/posts\/98044","targetHints":{"allow":["GET"]}}],"collection":[{"href":"https:\/\/www.boxrepsol.com\/en\/wp-json\/wp\/v2\/posts"}],"about":[{"href":"https:\/\/www.boxrepsol.com\/en\/wp-json\/wp\/v2\/types\/post"}],"author":[{"embeddable":true,"href":"https:\/\/www.boxrepsol.com\/en\/wp-json\/wp\/v2\/users\/1"}],"replies":[{"embeddable":true,"href":"https:\/\/www.boxrepsol.com\/en\/wp-json\/wp\/v2\/comments?post=98044"}],"version-history":[{"count":2,"href":"https:\/\/www.boxrepsol.com\/en\/wp-json\/wp\/v2\/posts\/98044\/revisions"}],"predecessor-version":[{"id":105682,"href":"https:\/\/www.boxrepsol.com\/en\/wp-json\/wp\/v2\/posts\/98044\/revisions\/105682"}],"wp:featuredmedia":[{"embeddable":true,"href":"https:\/\/www.boxrepsol.com\/en\/wp-json\/wp\/v2\/media\/41161"}],"wp:attachment":[{"href":"https:\/\/www.boxrepsol.com\/en\/wp-json\/wp\/v2\/media?parent=98044"}],"wp:term":[{"taxonomy":"category","embeddable":true,"href":"https:\/\/www.boxrepsol.com\/en\/wp-json\/wp\/v2\/categories?post=98044"},{"taxonomy":"post_tag","embeddable":true,"href":"https:\/\/www.boxrepsol.com\/en\/wp-json\/wp\/v2\/tags?post=98044"}],"curies":[{"name":"wp","href":"https:\/\/api.w.org\/{rel}","templated":true}]}}