{"id":98001,"date":"2020-08-31T00:00:00","date_gmt":"2020-08-31T02:00:00","guid":{"rendered":"http:\/\/pre.boxrepsol.com\/uncategorized\/the-different-motogp-world-championship-classes\/"},"modified":"2025-06-26T08:14:16","modified_gmt":"2025-06-26T10:14:16","slug":"the-different-motogp-world-championship-classes","status":"publish","type":"post","link":"https:\/\/www.boxrepsol.com\/en\/motogp-en\/the-different-motogp-world-championship-classes\/","title":{"rendered":"The different MotoGP World Championship classes"},"content":{"rendered":"<h2>350cc class<\/h2>\n<p>The former 350cc class was the one that started the Motorcycling World Championship in 1949.<\/p>\n<p>The first race for the newly created Motorcycling World Championship was held on 13 June, 1949 on the Isle of Man. The category disappeared in 1982.<\/p>\n<p>Among the notable champions of this class were: John Surtees, Jim<br \/>Redman, Mike Hailwood, and Giacomo Agostini, who went on to win 7 of their titles with these bikes.<\/p>\n<p>Depending on the era, there were engines of all types, single and multi-cylinder and between 30 and more than 60 horsepower.<\/p>\n<p><img loading=\"lazy\" decoding=\"async\" class=\"alignnone  wp-image-33700\" src=\"https:\/\/bxrepsol.s3.eu-west-1.amazonaws.com\/static\/2022\/08\/08112445\/jim-redman-honda-350cc-1965-300x169.jpg\" alt=\"\" width=\"767\" height=\"432\" srcset=\"https:\/\/bxrepsol.s3.eu-west-1.amazonaws.com\/static\/2022\/08\/08112445\/jim-redman-honda-350cc-1965-300x169.jpg 300w, https:\/\/bxrepsol.s3.eu-west-1.amazonaws.com\/static\/2022\/08\/08112445\/jim-redman-honda-350cc-1965-1024x576.jpg 1024w, https:\/\/bxrepsol.s3.eu-west-1.amazonaws.com\/static\/2022\/08\/08112445\/jim-redman-honda-350cc-1965-768x432.jpg 768w, https:\/\/bxrepsol.s3.eu-west-1.amazonaws.com\/static\/2022\/08\/08112445\/jim-redman-honda-350cc-1965.jpg 1280w\" sizes=\"auto, (max-width: 767px) 100vw, 767px\" \/><\/p>\n<h2>250cc class<\/h2>\n<p>This was the intermediate category until a few years ago and a precursor to the current Moto2. The 250cc class had its first World Championship race on 15 June, 1949 in the same place where the 350cc race was held two days prior, and it had its last race on 8 November, 2009 at the Valencia GP. Although, in 2012 it returned to the World Championship under the new name of Moto3, as a lower category as we will see later.<\/p>\n<p>The engines have gone through different eras, from<br \/>single-cylinder four-stroke engines, to six-cylinder parallel engines and finally, twin-cylinder two-stroke models in more recent times. Power has increased from just over 20 horsepower to close to 90 horsepower.<\/p>\n<p>Sito Pons, Dani Pedrosa, and Daijiro Katoh managed to win World titles in this class sponsored by Repsol.<\/p>\n<h3>250cc gallery<\/h3>\n<p><a href=\"https:\/\/bxrepsol.s3.eu-west-1.amazonaws.com\/static\/2022\/08\/08112447\/1961-kunimitsu-takahasi-honda-250cc.jpg\" data-index=\"0\"><br \/><img decoding=\"async\" title=\"1961-kunimitsu-takahasi-honda-250cc\" src=\"https:\/\/bxrepsol.s3.eu-west-1.amazonaws.com\/static\/2022\/08\/08112447\/1961-kunimitsu-takahasi-honda-250cc.jpg\" srcset=\"https:\/\/bxrepsol.s3.eu-west-1.amazonaws.com\/static\/2022\/08\/08112447\/1961-kunimitsu-takahasi-honda-250cc.jpg 1280w, https:\/\/bxrepsol.s3.eu-west-1.amazonaws.com\/static\/2022\/08\/08112447\/1961-kunimitsu-takahasi-honda-250cc.jpg 900w, https:\/\/bxrepsol.s3.eu-west-1.amazonaws.com\/static\/2022\/08\/08112447\/1961-kunimitsu-takahasi-honda-250cc.jpg 600w, https:\/\/bxrepsol.s3.eu-west-1.amazonaws.com\/static\/2022\/08\/08112447\/1961-kunimitsu-takahasi-honda-250cc.jpg 480w, https:\/\/bxrepsol.s3.eu-west-1.amazonaws.com\/static\/2022\/08\/08112447\/1961-kunimitsu-takahasi-honda-250cc.jpg 32w\" alt=\"Kunimitsu Takahasi pilotando una Honda RC162\" data-title=\"\" \/><br \/><\/a><br \/><a href=\"https:\/\/bxrepsol.s3.eu-west-1.amazonaws.com\/static\/2022\/08\/08112448\/1967-mike-hailwood-250cc.jpg\" data-index=\"1\"><br \/><img decoding=\"async\" title=\"1967-mike-hailwood-250cc\" src=\"https:\/\/bxrepsol.s3.eu-west-1.amazonaws.com\/static\/2022\/08\/08112448\/1967-mike-hailwood-250cc.jpg\" srcset=\"https:\/\/bxrepsol.s3.eu-west-1.amazonaws.com\/static\/2022\/08\/08112448\/1967-mike-hailwood-250cc.jpg 1280w, https:\/\/bxrepsol.s3.eu-west-1.amazonaws.com\/static\/2022\/08\/08112448\/1967-mike-hailwood-250cc.jpg 900w, https:\/\/bxrepsol.s3.eu-west-1.amazonaws.com\/static\/2022\/08\/08112448\/1967-mike-hailwood-250cc.jpg 600w, https:\/\/bxrepsol.s3.eu-west-1.amazonaws.com\/static\/2022\/08\/08112448\/1967-mike-hailwood-250cc.jpg 480w, https:\/\/bxrepsol.s3.eu-west-1.amazonaws.com\/static\/2022\/08\/08112448\/1967-mike-hailwood-250cc.jpg 32w\" alt=\"Mike Hailwood pilotando una Honda RC166\" data-title=\"\" \/><br \/><\/a><br \/><a href=\"https:\/\/bxrepsol.s3.eu-west-1.amazonaws.com\/static\/2022\/08\/08112449\/1972-borje-janson-derbi-gp-francia-250cc.jpg\" data-index=\"2\"><br \/><img decoding=\"async\" title=\"1972-borje-janson-derbi-gp-francia-250cc\" src=\"https:\/\/bxrepsol.s3.eu-west-1.amazonaws.com\/static\/2022\/08\/08112449\/1972-borje-janson-derbi-gp-francia-250cc.jpg\" srcset=\"https:\/\/bxrepsol.s3.eu-west-1.amazonaws.com\/static\/2022\/08\/08112449\/1972-borje-janson-derbi-gp-francia-250cc.jpg 1280w, https:\/\/bxrepsol.s3.eu-west-1.amazonaws.com\/static\/2022\/08\/08112449\/1972-borje-janson-derbi-gp-francia-250cc.jpg 900w, https:\/\/bxrepsol.s3.eu-west-1.amazonaws.com\/static\/2022\/08\/08112449\/1972-borje-janson-derbi-gp-francia-250cc.jpg 600w, https:\/\/bxrepsol.s3.eu-west-1.amazonaws.com\/static\/2022\/08\/08112449\/1972-borje-janson-derbi-gp-francia-250cc.jpg 480w, https:\/\/bxrepsol.s3.eu-west-1.amazonaws.com\/static\/2022\/08\/08112449\/1972-borje-janson-derbi-gp-francia-250cc.jpg 32w\" alt=\"Borje Janson pilotando una Derbi 250cc\" data-title=\"\" \/><br \/><\/a><br \/><a href=\"https:\/\/bxrepsol.s3.eu-west-1.amazonaws.com\/static\/2022\/08\/08112450\/1987-carlos-cardus-gp-italia-monza-250cc.jpg\" data-index=\"3\"><br \/><img decoding=\"async\" title=\"1987-carlos-cardus-gp-italia-monza-250cc\" src=\"https:\/\/bxrepsol.s3.eu-west-1.amazonaws.com\/static\/2022\/08\/08112450\/1987-carlos-cardus-gp-italia-monza-250cc.jpg\" srcset=\"https:\/\/bxrepsol.s3.eu-west-1.amazonaws.com\/static\/2022\/08\/08112450\/1987-carlos-cardus-gp-italia-monza-250cc.jpg 1280w, https:\/\/bxrepsol.s3.eu-west-1.amazonaws.com\/static\/2022\/08\/08112450\/1987-carlos-cardus-gp-italia-monza-250cc.jpg 900w, https:\/\/bxrepsol.s3.eu-west-1.amazonaws.com\/static\/2022\/08\/08112450\/1987-carlos-cardus-gp-italia-monza-250cc.jpg 600w, https:\/\/bxrepsol.s3.eu-west-1.amazonaws.com\/static\/2022\/08\/08112450\/1987-carlos-cardus-gp-italia-monza-250cc.jpg 480w, https:\/\/bxrepsol.s3.eu-west-1.amazonaws.com\/static\/2022\/08\/08112450\/1987-carlos-cardus-gp-italia-monza-250cc.jpg 32w\" alt=\"Carlos Cardus pilotando una 250cc\" data-title=\"\" \/><br \/><\/a><br \/><a href=\"https:\/\/bxrepsol.s3.eu-west-1.amazonaws.com\/static\/2022\/08\/08112451\/1987-sito-pons-gp-portugal-250cc.jpg\" data-index=\"4\"><br \/><img decoding=\"async\" title=\"1987-sito-pons-gp-portugal-250cc\" src=\"https:\/\/bxrepsol.s3.eu-west-1.amazonaws.com\/static\/2022\/08\/08112451\/1987-sito-pons-gp-portugal-250cc.jpg\" srcset=\"https:\/\/bxrepsol.s3.eu-west-1.amazonaws.com\/static\/2022\/08\/08112451\/1987-sito-pons-gp-portugal-250cc.jpg 1280w, https:\/\/bxrepsol.s3.eu-west-1.amazonaws.com\/static\/2022\/08\/08112451\/1987-sito-pons-gp-portugal-250cc.jpg 900w, https:\/\/bxrepsol.s3.eu-west-1.amazonaws.com\/static\/2022\/08\/08112451\/1987-sito-pons-gp-portugal-250cc.jpg 600w, https:\/\/bxrepsol.s3.eu-west-1.amazonaws.com\/static\/2022\/08\/08112451\/1987-sito-pons-gp-portugal-250cc.jpg 480w, https:\/\/bxrepsol.s3.eu-west-1.amazonaws.com\/static\/2022\/08\/08112451\/1987-sito-pons-gp-portugal-250cc.jpg 32w\" alt=\"Sito Pons rodando con otros pilotos de 250cc\" data-title=\"\" \/><br \/><\/a><br \/><a href=\"https:\/\/bxrepsol.s3.eu-west-1.amazonaws.com\/static\/2022\/08\/08112453\/1988-sito-ponsn-gp-inglaterra-250cc.jpg\" data-index=\"5\"><br \/><img decoding=\"async\" title=\"1988-sito-ponsn-gp-inglaterra-250cc\" src=\"https:\/\/bxrepsol.s3.eu-west-1.amazonaws.com\/static\/2022\/08\/08112453\/1988-sito-ponsn-gp-inglaterra-250cc.jpg\" srcset=\"https:\/\/bxrepsol.s3.eu-west-1.amazonaws.com\/static\/2022\/08\/08112453\/1988-sito-ponsn-gp-inglaterra-250cc.jpg 1280w, https:\/\/bxrepsol.s3.eu-west-1.amazonaws.com\/static\/2022\/08\/08112453\/1988-sito-ponsn-gp-inglaterra-250cc.jpg 900w, https:\/\/bxrepsol.s3.eu-west-1.amazonaws.com\/static\/2022\/08\/08112453\/1988-sito-ponsn-gp-inglaterra-250cc.jpg 600w, https:\/\/bxrepsol.s3.eu-west-1.amazonaws.com\/static\/2022\/08\/08112453\/1988-sito-ponsn-gp-inglaterra-250cc.jpg 480w, https:\/\/bxrepsol.s3.eu-west-1.amazonaws.com\/static\/2022\/08\/08112453\/1988-sito-ponsn-gp-inglaterra-250cc.jpg 32w\" alt=\"Sito Pons rodando con otros pilotos de 250cc\" data-title=\"\" \/><br \/><\/a><br \/><a href=\"https:\/\/bxrepsol.s3.eu-west-1.amazonaws.com\/static\/2022\/08\/08112454\/1989-daniel-amatriain-gp-australia-250cc.jpg\" data-index=\"6\"><br \/><img decoding=\"async\" title=\"1989-daniel-amatriain-gp-australia-250cc\" src=\"https:\/\/bxrepsol.s3.eu-west-1.amazonaws.com\/static\/2022\/08\/08112454\/1989-daniel-amatriain-gp-australia-250cc.jpg\" srcset=\"https:\/\/bxrepsol.s3.eu-west-1.amazonaws.com\/static\/2022\/08\/08112454\/1989-daniel-amatriain-gp-australia-250cc.jpg 1280w, https:\/\/bxrepsol.s3.eu-west-1.amazonaws.com\/static\/2022\/08\/08112454\/1989-daniel-amatriain-gp-australia-250cc.jpg 900w, https:\/\/bxrepsol.s3.eu-west-1.amazonaws.com\/static\/2022\/08\/08112454\/1989-daniel-amatriain-gp-australia-250cc.jpg 600w, https:\/\/bxrepsol.s3.eu-west-1.amazonaws.com\/static\/2022\/08\/08112454\/1989-daniel-amatriain-gp-australia-250cc.jpg 480w, https:\/\/bxrepsol.s3.eu-west-1.amazonaws.com\/static\/2022\/08\/08112454\/1989-daniel-amatriain-gp-australia-250cc.jpg 32w\" alt=\"Daniel Amatriain pilotando una 250cc\" data-title=\"\" \/><br \/><\/a><br \/><a href=\"https:\/\/bxrepsol.s3.eu-west-1.amazonaws.com\/static\/2022\/08\/08112455\/1990-carlos-cardus-250cc.jpg\" data-index=\"7\"><br \/><img decoding=\"async\" title=\"1990-carlos-cardus-250cc\" src=\"https:\/\/bxrepsol.s3.eu-west-1.amazonaws.com\/static\/2022\/08\/08112455\/1990-carlos-cardus-250cc.jpg\" srcset=\"https:\/\/bxrepsol.s3.eu-west-1.amazonaws.com\/static\/2022\/08\/08112455\/1990-carlos-cardus-250cc.jpg 1280w, https:\/\/bxrepsol.s3.eu-west-1.amazonaws.com\/static\/2022\/08\/08112455\/1990-carlos-cardus-250cc.jpg 900w, https:\/\/bxrepsol.s3.eu-west-1.amazonaws.com\/static\/2022\/08\/08112455\/1990-carlos-cardus-250cc.jpg 600w, https:\/\/bxrepsol.s3.eu-west-1.amazonaws.com\/static\/2022\/08\/08112455\/1990-carlos-cardus-250cc.jpg 480w, https:\/\/bxrepsol.s3.eu-west-1.amazonaws.com\/static\/2022\/08\/08112455\/1990-carlos-cardus-250cc.jpg 32w\" alt=\"Carlos Cardus junto a otros pilotos pilotando una 250cc\" data-title=\"\" \/><br \/><\/a><br \/><a href=\"https:\/\/bxrepsol.s3.eu-west-1.amazonaws.com\/static\/2022\/08\/08112456\/1990-carlos-cardus-honda-gp-inglaterra-250cc.jpg\" data-index=\"8\"><br \/><img decoding=\"async\" title=\"1990-carlos-cardus-honda-gp-inglaterra-250cc\" src=\"https:\/\/bxrepsol.s3.eu-west-1.amazonaws.com\/static\/2022\/08\/08112456\/1990-carlos-cardus-honda-gp-inglaterra-250cc.jpg\" srcset=\"https:\/\/bxrepsol.s3.eu-west-1.amazonaws.com\/static\/2022\/08\/08112456\/1990-carlos-cardus-honda-gp-inglaterra-250cc.jpg 1280w, https:\/\/bxrepsol.s3.eu-west-1.amazonaws.com\/static\/2022\/08\/08112456\/1990-carlos-cardus-honda-gp-inglaterra-250cc.jpg 900w, https:\/\/bxrepsol.s3.eu-west-1.amazonaws.com\/static\/2022\/08\/08112456\/1990-carlos-cardus-honda-gp-inglaterra-250cc.jpg 600w, https:\/\/bxrepsol.s3.eu-west-1.amazonaws.com\/static\/2022\/08\/08112456\/1990-carlos-cardus-honda-gp-inglaterra-250cc.jpg 480w, https:\/\/bxrepsol.s3.eu-west-1.amazonaws.com\/static\/2022\/08\/08112456\/1990-carlos-cardus-honda-gp-inglaterra-250cc.jpg 32w\" alt=\"Carlos Cardus haciendo un caballito en una NSR250\" data-title=\"\" \/><br \/><\/a><br \/><a href=\"https:\/\/bxrepsol.s3.eu-west-1.amazonaws.com\/static\/2022\/08\/08112457\/1992-carlos-cardus-250cc.jpg\" data-index=\"9\"><br \/><img decoding=\"async\" title=\"1992-carlos-cardus-250cc\" src=\"https:\/\/bxrepsol.s3.eu-west-1.amazonaws.com\/static\/2022\/08\/08112457\/1992-carlos-cardus-250cc.jpg\" srcset=\"https:\/\/bxrepsol.s3.eu-west-1.amazonaws.com\/static\/2022\/08\/08112457\/1992-carlos-cardus-250cc.jpg 1280w, https:\/\/bxrepsol.s3.eu-west-1.amazonaws.com\/static\/2022\/08\/08112457\/1992-carlos-cardus-250cc.jpg 900w, https:\/\/bxrepsol.s3.eu-west-1.amazonaws.com\/static\/2022\/08\/08112457\/1992-carlos-cardus-250cc.jpg 600w, https:\/\/bxrepsol.s3.eu-west-1.amazonaws.com\/static\/2022\/08\/08112457\/1992-carlos-cardus-250cc.jpg 480w, https:\/\/bxrepsol.s3.eu-west-1.amazonaws.com\/static\/2022\/08\/08112457\/1992-carlos-cardus-250cc.jpg 32w\" alt=\"Carlos Cardus junto a otros pilotos pilotando una 250cc\" data-title=\"\" \/><br \/><\/a><br \/><a href=\"https:\/\/bxrepsol.s3.eu-west-1.amazonaws.com\/static\/2022\/08\/08112458\/1993-alberto-puig-gp-republica-checa-250cc.jpg\" data-index=\"10\"><br \/><img decoding=\"async\" title=\"1993-alberto-puig-gp-republica-checa-250cc\" src=\"https:\/\/bxrepsol.s3.eu-west-1.amazonaws.com\/static\/2022\/08\/08112458\/1993-alberto-puig-gp-republica-checa-250cc.jpg\" srcset=\"https:\/\/bxrepsol.s3.eu-west-1.amazonaws.com\/static\/2022\/08\/08112458\/1993-alberto-puig-gp-republica-checa-250cc.jpg 1280w, https:\/\/bxrepsol.s3.eu-west-1.amazonaws.com\/static\/2022\/08\/08112458\/1993-alberto-puig-gp-republica-checa-250cc.jpg 900w, https:\/\/bxrepsol.s3.eu-west-1.amazonaws.com\/static\/2022\/08\/08112458\/1993-alberto-puig-gp-republica-checa-250cc.jpg 600w, https:\/\/bxrepsol.s3.eu-west-1.amazonaws.com\/static\/2022\/08\/08112458\/1993-alberto-puig-gp-republica-checa-250cc.jpg 480w, https:\/\/bxrepsol.s3.eu-west-1.amazonaws.com\/static\/2022\/08\/08112458\/1993-alberto-puig-gp-republica-checa-250cc.jpg 32w\" alt=\"Alberto Puig pilotando una NSR250\" data-title=\"\" \/><br \/><\/a><br \/><a href=\"https:\/\/bxrepsol.s3.eu-west-1.amazonaws.com\/static\/2022\/08\/08112500\/1993-luis-dantin-gp-republica-checa-250cc.jpg\" data-index=\"11\"><br \/><img decoding=\"async\" title=\"1993-luis-dantin-gp-republica-checa-250cc\" src=\"https:\/\/bxrepsol.s3.eu-west-1.amazonaws.com\/static\/2022\/08\/08112500\/1993-luis-dantin-gp-republica-checa-250cc.jpg\" srcset=\"https:\/\/bxrepsol.s3.eu-west-1.amazonaws.com\/static\/2022\/08\/08112500\/1993-luis-dantin-gp-republica-checa-250cc.jpg 1280w, https:\/\/bxrepsol.s3.eu-west-1.amazonaws.com\/static\/2022\/08\/08112500\/1993-luis-dantin-gp-republica-checa-250cc.jpg 900w, https:\/\/bxrepsol.s3.eu-west-1.amazonaws.com\/static\/2022\/08\/08112500\/1993-luis-dantin-gp-republica-checa-250cc.jpg 600w, https:\/\/bxrepsol.s3.eu-west-1.amazonaws.com\/static\/2022\/08\/08112500\/1993-luis-dantin-gp-republica-checa-250cc.jpg 480w, https:\/\/bxrepsol.s3.eu-west-1.amazonaws.com\/static\/2022\/08\/08112500\/1993-luis-dantin-gp-republica-checa-250cc.jpg 32w\" alt=\"Luis Dantin pilotando una 250cc\" data-title=\"\" \/><br \/><\/a><br \/><a href=\"https:\/\/bxrepsol.s3.eu-west-1.amazonaws.com\/static\/2022\/08\/08112502\/1995-jose-luis-cardoso-gp-argentina-250cc.jpg\" data-index=\"12\"><br \/><img decoding=\"async\" title=\"1995-jose-luis-cardoso-gp-argentina-250cc\" src=\"https:\/\/bxrepsol.s3.eu-west-1.amazonaws.com\/static\/2022\/08\/08112502\/1995-jose-luis-cardoso-gp-argentina-250cc.jpg\" srcset=\"https:\/\/bxrepsol.s3.eu-west-1.amazonaws.com\/static\/2022\/08\/08112502\/1995-jose-luis-cardoso-gp-argentina-250cc.jpg 1280w, https:\/\/bxrepsol.s3.eu-west-1.amazonaws.com\/static\/2022\/08\/08112502\/1995-jose-luis-cardoso-gp-argentina-250cc.jpg 900w, https:\/\/bxrepsol.s3.eu-west-1.amazonaws.com\/static\/2022\/08\/08112502\/1995-jose-luis-cardoso-gp-argentina-250cc.jpg 600w, https:\/\/bxrepsol.s3.eu-west-1.amazonaws.com\/static\/2022\/08\/08112502\/1995-jose-luis-cardoso-gp-argentina-250cc.jpg 480w, https:\/\/bxrepsol.s3.eu-west-1.amazonaws.com\/static\/2022\/08\/08112502\/1995-jose-luis-cardoso-gp-argentina-250cc.jpg 32w\" alt=\"Jose Luis Cardoso pilotando una 250cc\" data-title=\"\" \/><br \/><\/a><br \/><a href=\"https:\/\/bxrepsol.s3.eu-west-1.amazonaws.com\/static\/2022\/08\/08112503\/1995-luis-carlos-maurel-gp-argentina-250cc.jpg\" data-index=\"13\"><br \/><img decoding=\"async\" title=\"1995-luis-carlos-maurel-gp-argentina-250cc\" src=\"https:\/\/bxrepsol.s3.eu-west-1.amazonaws.com\/static\/2022\/08\/08112503\/1995-luis-carlos-maurel-gp-argentina-250cc.jpg\" srcset=\"https:\/\/bxrepsol.s3.eu-west-1.amazonaws.com\/static\/2022\/08\/08112503\/1995-luis-carlos-maurel-gp-argentina-250cc.jpg 1280w, https:\/\/bxrepsol.s3.eu-west-1.amazonaws.com\/static\/2022\/08\/08112503\/1995-luis-carlos-maurel-gp-argentina-250cc.jpg 900w, https:\/\/bxrepsol.s3.eu-west-1.amazonaws.com\/static\/2022\/08\/08112503\/1995-luis-carlos-maurel-gp-argentina-250cc.jpg 600w, https:\/\/bxrepsol.s3.eu-west-1.amazonaws.com\/static\/2022\/08\/08112503\/1995-luis-carlos-maurel-gp-argentina-250cc.jpg 480w, https:\/\/bxrepsol.s3.eu-west-1.amazonaws.com\/static\/2022\/08\/08112503\/1995-luis-carlos-maurel-gp-argentina-250cc.jpg 32w\" alt=\"Luis Carlos Maurel pilotando una 250cc\" data-title=\"\" \/><br \/><\/a><br \/><a href=\"https:\/\/bxrepsol.s3.eu-west-1.amazonaws.com\/static\/2022\/08\/08112505\/2002-Team-250-MoviStar.jpg\" data-index=\"14\"><br \/><img decoding=\"async\" title=\"2002-Team-250-MoviStar\" src=\"https:\/\/bxrepsol.s3.eu-west-1.amazonaws.com\/static\/2022\/08\/08112505\/2002-Team-250-MoviStar.jpg\" srcset=\"https:\/\/bxrepsol.s3.eu-west-1.amazonaws.com\/static\/2022\/08\/08112505\/2002-Team-250-MoviStar.jpg 1280w, https:\/\/bxrepsol.s3.eu-west-1.amazonaws.com\/static\/2022\/08\/08112505\/2002-Team-250-MoviStar.jpg 900w, https:\/\/bxrepsol.s3.eu-west-1.amazonaws.com\/static\/2022\/08\/08112505\/2002-Team-250-MoviStar.jpg 600w, https:\/\/bxrepsol.s3.eu-west-1.amazonaws.com\/static\/2022\/08\/08112505\/2002-Team-250-MoviStar.jpg 480w, https:\/\/bxrepsol.s3.eu-west-1.amazonaws.com\/static\/2022\/08\/08112505\/2002-Team-250-MoviStar.jpg 32w\" alt=\"El team Movistar 250cc de 2002\" data-title=\"\" \/><br \/><\/a><br \/><a href=\"https:\/\/bxrepsol.s3.eu-west-1.amazonaws.com\/static\/2022\/08\/08112506\/2004-sebastian-porto-catar-250cc.jpg\" data-index=\"15\"><br \/><img decoding=\"async\" title=\"2004-sebastian-porto-catar-250cc\" src=\"https:\/\/bxrepsol.s3.eu-west-1.amazonaws.com\/static\/2022\/08\/08112506\/2004-sebastian-porto-catar-250cc.jpg\" srcset=\"https:\/\/bxrepsol.s3.eu-west-1.amazonaws.com\/static\/2022\/08\/08112506\/2004-sebastian-porto-catar-250cc.jpg 1280w, https:\/\/bxrepsol.s3.eu-west-1.amazonaws.com\/static\/2022\/08\/08112506\/2004-sebastian-porto-catar-250cc.jpg 900w, https:\/\/bxrepsol.s3.eu-west-1.amazonaws.com\/static\/2022\/08\/08112506\/2004-sebastian-porto-catar-250cc.jpg 600w, https:\/\/bxrepsol.s3.eu-west-1.amazonaws.com\/static\/2022\/08\/08112506\/2004-sebastian-porto-catar-250cc.jpg 480w, https:\/\/bxrepsol.s3.eu-west-1.amazonaws.com\/static\/2022\/08\/08112506\/2004-sebastian-porto-catar-250cc.jpg 32w\" alt=\"Sebastian Porto pilotando una 250cc\" data-title=\"\" \/><br \/><\/a><br \/><a href=\"https:\/\/bxrepsol.s3.eu-west-1.amazonaws.com\/static\/2022\/08\/08112508\/2005-dani-pedrosa-turquia-250cc.jpg\" data-index=\"16\"><br \/><img decoding=\"async\" title=\"2005-dani-pedrosa-turquia-250cc\" src=\"https:\/\/bxrepsol.s3.eu-west-1.amazonaws.com\/static\/2022\/08\/08112508\/2005-dani-pedrosa-turquia-250cc.jpg\" srcset=\"https:\/\/bxrepsol.s3.eu-west-1.amazonaws.com\/static\/2022\/08\/08112508\/2005-dani-pedrosa-turquia-250cc.jpg 1280w, https:\/\/bxrepsol.s3.eu-west-1.amazonaws.com\/static\/2022\/08\/08112508\/2005-dani-pedrosa-turquia-250cc.jpg 900w, https:\/\/bxrepsol.s3.eu-west-1.amazonaws.com\/static\/2022\/08\/08112508\/2005-dani-pedrosa-turquia-250cc.jpg 600w, https:\/\/bxrepsol.s3.eu-west-1.amazonaws.com\/static\/2022\/08\/08112508\/2005-dani-pedrosa-turquia-250cc.jpg 480w, https:\/\/bxrepsol.s3.eu-west-1.amazonaws.com\/static\/2022\/08\/08112508\/2005-dani-pedrosa-turquia-250cc.jpg 32w\" alt=\"Dani Pedrosa pilotando una 250cc\" data-title=\"\" \/><br \/><\/a><br \/><a href=\"https:\/\/bxrepsol.s3.eu-west-1.amazonaws.com\/static\/2022\/08\/08112509\/2006-shuhei-aoyama-jerez-250cc.jpg\" data-index=\"17\"><br \/><img decoding=\"async\" title=\"2006-shuhei-aoyama-jerez-250cc\" src=\"https:\/\/bxrepsol.s3.eu-west-1.amazonaws.com\/static\/2022\/08\/08112509\/2006-shuhei-aoyama-jerez-250cc.jpg\" srcset=\"https:\/\/bxrepsol.s3.eu-west-1.amazonaws.com\/static\/2022\/08\/08112509\/2006-shuhei-aoyama-jerez-250cc.jpg 1280w, https:\/\/bxrepsol.s3.eu-west-1.amazonaws.com\/static\/2022\/08\/08112509\/2006-shuhei-aoyama-jerez-250cc.jpg 900w, https:\/\/bxrepsol.s3.eu-west-1.amazonaws.com\/static\/2022\/08\/08112509\/2006-shuhei-aoyama-jerez-250cc.jpg 600w, https:\/\/bxrepsol.s3.eu-west-1.amazonaws.com\/static\/2022\/08\/08112509\/2006-shuhei-aoyama-jerez-250cc.jpg 480w, https:\/\/bxrepsol.s3.eu-west-1.amazonaws.com\/static\/2022\/08\/08112509\/2006-shuhei-aoyama-jerez-250cc.jpg 32w\" alt=\"Shuhei Aoyama pilotando una 250cc\" data-title=\"\" \/><br \/><\/a><br \/><a href=\"https:\/\/bxrepsol.s3.eu-west-1.amazonaws.com\/static\/2022\/08\/08112510\/2007-aoyama-y-simon-san-marino-250cc.jpg\" data-index=\"18\"><br \/><img decoding=\"async\" title=\"2007-aoyama-y-simon-san-marino-250cc\" src=\"https:\/\/bxrepsol.s3.eu-west-1.amazonaws.com\/static\/2022\/08\/08112510\/2007-aoyama-y-simon-san-marino-250cc.jpg\" srcset=\"https:\/\/bxrepsol.s3.eu-west-1.amazonaws.com\/static\/2022\/08\/08112510\/2007-aoyama-y-simon-san-marino-250cc.jpg 1280w, https:\/\/bxrepsol.s3.eu-west-1.amazonaws.com\/static\/2022\/08\/08112510\/2007-aoyama-y-simon-san-marino-250cc.jpg 900w, https:\/\/bxrepsol.s3.eu-west-1.amazonaws.com\/static\/2022\/08\/08112510\/2007-aoyama-y-simon-san-marino-250cc.jpg 600w, https:\/\/bxrepsol.s3.eu-west-1.amazonaws.com\/static\/2022\/08\/08112510\/2007-aoyama-y-simon-san-marino-250cc.jpg 480w, https:\/\/bxrepsol.s3.eu-west-1.amazonaws.com\/static\/2022\/08\/08112510\/2007-aoyama-y-simon-san-marino-250cc.jpg 32w\" alt=\"Shuhei Aoyama y Juli\u00e1n Sim\u00f3n pilotando motos de 250cc\" data-title=\"\" \/><br \/><\/a><br \/><button data-glide-dir=\"&lt;\"><\/button><\/p>\n<p>\u00a0<\/p>\n<h2>500cc class<\/h2>\n<p>On 17 June, 1949, ending the race week that kicked off the World Motorcycling Championship, the first top class race was held. The Isle of Man was the stage again. This class held races uninterrupted until 2002, when the last 500cc races were met on the track with the new 990cc four-stroke MotoGP.<\/p>\n<p>Originally they had single-cylinder four-stroke engines that produced close to 50 horsepower, but over time the evolution of these engines, as well as the category, was increasing dramatically. Engines of up to six cylinders were seen, the transition to two-stroke two and four-cylinder V engines and more than 200 horsepower, like the Repsol Honda Team Honda NSR500 driven by legends such as Mick Doohan and \u00c1lex Crivill\u00e9.<\/p>\n<p>The category of sidecars disputed since the beginning of the World Championship used four and then two-stroke engines with this displacement since 1951, both in line, V and boxer configurations, having used 600cc engines before.<\/p>\n<h3>500cc gallery<\/h3>\n<p><a href=\"https:\/\/bxrepsol.s3.eu-west-1.amazonaws.com\/static\/2022\/08\/08112512\/mike-hailwood-500c-1966.jpg\" data-index=\"0\"><br \/><img decoding=\"async\" title=\"Honda\u2019s First Golden Age of Grand Prix Racing\" src=\"https:\/\/bxrepsol.s3.eu-west-1.amazonaws.com\/static\/2022\/08\/08112512\/mike-hailwood-500c-1966.jpg\" srcset=\"https:\/\/bxrepsol.s3.eu-west-1.amazonaws.com\/static\/2022\/08\/08112512\/mike-hailwood-500c-1966.jpg 1280w, https:\/\/bxrepsol.s3.eu-west-1.amazonaws.com\/static\/2022\/08\/08112512\/mike-hailwood-500c-1966.jpg 900w, https:\/\/bxrepsol.s3.eu-west-1.amazonaws.com\/static\/2022\/08\/08112512\/mike-hailwood-500c-1966.jpg 600w, https:\/\/bxrepsol.s3.eu-west-1.amazonaws.com\/static\/2022\/08\/08112512\/mike-hailwood-500c-1966.jpg 480w, https:\/\/bxrepsol.s3.eu-west-1.amazonaws.com\/static\/2022\/08\/08112512\/mike-hailwood-500c-1966.jpg 32w\" alt=\"Mike Hailwood en una honda rc181 de 500cc 1966\" data-title=\"\" \/><br \/><\/a><br \/><a href=\"https:\/\/bxrepsol.s3.eu-west-1.amazonaws.com\/static\/2022\/08\/08112513\/1992-alex-criville-gp-francia-500cc.jpg\" data-index=\"1\"><br \/><img decoding=\"async\" title=\"1992-alex-criville-gp-francia-500cc\" src=\"https:\/\/bxrepsol.s3.eu-west-1.amazonaws.com\/static\/2022\/08\/08112513\/1992-alex-criville-gp-francia-500cc.jpg\" srcset=\"https:\/\/bxrepsol.s3.eu-west-1.amazonaws.com\/static\/2022\/08\/08112513\/1992-alex-criville-gp-francia-500cc.jpg 1280w, https:\/\/bxrepsol.s3.eu-west-1.amazonaws.com\/static\/2022\/08\/08112513\/1992-alex-criville-gp-francia-500cc.jpg 900w, https:\/\/bxrepsol.s3.eu-west-1.amazonaws.com\/static\/2022\/08\/08112513\/1992-alex-criville-gp-francia-500cc.jpg 600w, https:\/\/bxrepsol.s3.eu-west-1.amazonaws.com\/static\/2022\/08\/08112513\/1992-alex-criville-gp-francia-500cc.jpg 480w, https:\/\/bxrepsol.s3.eu-west-1.amazonaws.com\/static\/2022\/08\/08112513\/1992-alex-criville-gp-francia-500cc.jpg 32w\" alt=\"\u00c1lex Crivill\u00e9 en una Honda NSR500\" data-title=\"\" \/><br \/><\/a><br \/><a href=\"https:\/\/bxrepsol.s3.eu-west-1.amazonaws.com\/static\/2022\/08\/08112514\/1993-alex-criville-pons-marlboro-500cc.jpg\" data-index=\"2\"><br \/><img decoding=\"async\" title=\"1993-alex-criville-pons-marlboro-500cc\" src=\"https:\/\/bxrepsol.s3.eu-west-1.amazonaws.com\/static\/2022\/08\/08112514\/1993-alex-criville-pons-marlboro-500cc.jpg\" srcset=\"https:\/\/bxrepsol.s3.eu-west-1.amazonaws.com\/static\/2022\/08\/08112514\/1993-alex-criville-pons-marlboro-500cc.jpg 1280w, https:\/\/bxrepsol.s3.eu-west-1.amazonaws.com\/static\/2022\/08\/08112514\/1993-alex-criville-pons-marlboro-500cc.jpg 900w, https:\/\/bxrepsol.s3.eu-west-1.amazonaws.com\/static\/2022\/08\/08112514\/1993-alex-criville-pons-marlboro-500cc.jpg 600w, https:\/\/bxrepsol.s3.eu-west-1.amazonaws.com\/static\/2022\/08\/08112514\/1993-alex-criville-pons-marlboro-500cc.jpg 480w, https:\/\/bxrepsol.s3.eu-west-1.amazonaws.com\/static\/2022\/08\/08112514\/1993-alex-criville-pons-marlboro-500cc.jpg 32w\" alt=\"\u00c1lex Crivill\u00e9 con su equipo de 1993 con la Honda NSR500\" data-title=\"\" \/><br \/><\/a><br \/><a href=\"https:\/\/bxrepsol.s3.eu-west-1.amazonaws.com\/static\/2022\/08\/08112515\/1994_alberto_puig_gp_japon_500cc.jpg\" data-index=\"3\"><br \/><img decoding=\"async\" title=\"1994_alberto_puig_gp_japon_500cc\" src=\"https:\/\/bxrepsol.s3.eu-west-1.amazonaws.com\/static\/2022\/08\/08112515\/1994_alberto_puig_gp_japon_500cc.jpg\" srcset=\"https:\/\/bxrepsol.s3.eu-west-1.amazonaws.com\/static\/2022\/08\/08112515\/1994_alberto_puig_gp_japon_500cc.jpg 1280w, https:\/\/bxrepsol.s3.eu-west-1.amazonaws.com\/static\/2022\/08\/08112515\/1994_alberto_puig_gp_japon_500cc.jpg 900w, https:\/\/bxrepsol.s3.eu-west-1.amazonaws.com\/static\/2022\/08\/08112515\/1994_alberto_puig_gp_japon_500cc.jpg 600w, https:\/\/bxrepsol.s3.eu-west-1.amazonaws.com\/static\/2022\/08\/08112515\/1994_alberto_puig_gp_japon_500cc.jpg 480w, https:\/\/bxrepsol.s3.eu-west-1.amazonaws.com\/static\/2022\/08\/08112515\/1994_alberto_puig_gp_japon_500cc.jpg 32w\" alt=\"Alberto Puig con la Honda NSR500\" data-title=\"\" \/><br \/><\/a><br \/><a href=\"https:\/\/bxrepsol.s3.eu-west-1.amazonaws.com\/static\/2022\/08\/08112517\/1995_carlos_checa_gp_malasia_500cc.jpg\" data-index=\"4\"><br \/><img decoding=\"async\" title=\"1995_carlos_checa_gp_malasia_500cc\" src=\"https:\/\/bxrepsol.s3.eu-west-1.amazonaws.com\/static\/2022\/08\/08112517\/1995_carlos_checa_gp_malasia_500cc.jpg\" srcset=\"https:\/\/bxrepsol.s3.eu-west-1.amazonaws.com\/static\/2022\/08\/08112517\/1995_carlos_checa_gp_malasia_500cc.jpg 1280w, https:\/\/bxrepsol.s3.eu-west-1.amazonaws.com\/static\/2022\/08\/08112517\/1995_carlos_checa_gp_malasia_500cc.jpg 900w, https:\/\/bxrepsol.s3.eu-west-1.amazonaws.com\/static\/2022\/08\/08112517\/1995_carlos_checa_gp_malasia_500cc.jpg 600w, https:\/\/bxrepsol.s3.eu-west-1.amazonaws.com\/static\/2022\/08\/08112517\/1995_carlos_checa_gp_malasia_500cc.jpg 480w, https:\/\/bxrepsol.s3.eu-west-1.amazonaws.com\/static\/2022\/08\/08112517\/1995_carlos_checa_gp_malasia_500cc.jpg 32w\" alt=\"Carlos Checa con la NSR500\" data-title=\"\" \/><br \/><\/a><br \/><a href=\"https:\/\/bxrepsol.s3.eu-west-1.amazonaws.com\/static\/2022\/08\/09120026\/1995_mick_doohan_gp_australia_500cc-1.jpg\" data-index=\"5\"><br \/><img decoding=\"async\" title=\"1995_mick_doohan_gp_australia_500cc\" src=\"https:\/\/bxrepsol.s3.eu-west-1.amazonaws.com\/static\/2022\/08\/09120026\/1995_mick_doohan_gp_australia_500cc-1.jpg\" srcset=\"https:\/\/bxrepsol.s3.eu-west-1.amazonaws.com\/static\/2022\/08\/09120026\/1995_mick_doohan_gp_australia_500cc-1.jpg 1280w, https:\/\/bxrepsol.s3.eu-west-1.amazonaws.com\/static\/2022\/08\/09120026\/1995_mick_doohan_gp_australia_500cc-1.jpg 900w, https:\/\/bxrepsol.s3.eu-west-1.amazonaws.com\/static\/2022\/08\/09120026\/1995_mick_doohan_gp_australia_500cc-1.jpg 600w, https:\/\/bxrepsol.s3.eu-west-1.amazonaws.com\/static\/2022\/08\/09120026\/1995_mick_doohan_gp_australia_500cc-1.jpg 480w, https:\/\/bxrepsol.s3.eu-west-1.amazonaws.com\/static\/2022\/08\/09120026\/1995_mick_doohan_gp_australia_500cc-1.jpg 32w\" alt=\"Mick Doohan haciendo un caballito con una NSR500\" data-title=\"\" \/><br \/><\/a><br \/><a href=\"https:\/\/bxrepsol.s3.eu-west-1.amazonaws.com\/static\/2022\/08\/08112518\/1995-alex-criville-gp-malasia-500cc.jpg\" data-index=\"6\"><br \/><img decoding=\"async\" title=\"1995-alex-criville-gp-malasia-500cc\" src=\"https:\/\/bxrepsol.s3.eu-west-1.amazonaws.com\/static\/2022\/08\/08112518\/1995-alex-criville-gp-malasia-500cc.jpg\" srcset=\"https:\/\/bxrepsol.s3.eu-west-1.amazonaws.com\/static\/2022\/08\/08112518\/1995-alex-criville-gp-malasia-500cc.jpg 1280w, https:\/\/bxrepsol.s3.eu-west-1.amazonaws.com\/static\/2022\/08\/08112518\/1995-alex-criville-gp-malasia-500cc.jpg 900w, https:\/\/bxrepsol.s3.eu-west-1.amazonaws.com\/static\/2022\/08\/08112518\/1995-alex-criville-gp-malasia-500cc.jpg 600w, https:\/\/bxrepsol.s3.eu-west-1.amazonaws.com\/static\/2022\/08\/08112518\/1995-alex-criville-gp-malasia-500cc.jpg 480w, https:\/\/bxrepsol.s3.eu-west-1.amazonaws.com\/static\/2022\/08\/08112518\/1995-alex-criville-gp-malasia-500cc.jpg 32w\" alt=\"\u00c1lex Crivill\u00e9 en una Honda NSR500\" data-title=\"\" \/><br \/><\/a><br \/><a href=\"https:\/\/bxrepsol.s3.eu-west-1.amazonaws.com\/static\/2022\/08\/09120027\/1996_mick_doohan_gp_malasia_500cc-1.jpg\" data-index=\"7\"><br \/><img decoding=\"async\" title=\"1996_mick_doohan_gp_malasia_500cc\" src=\"https:\/\/bxrepsol.s3.eu-west-1.amazonaws.com\/static\/2022\/08\/09120027\/1996_mick_doohan_gp_malasia_500cc-1.jpg\" srcset=\"https:\/\/bxrepsol.s3.eu-west-1.amazonaws.com\/static\/2022\/08\/09120027\/1996_mick_doohan_gp_malasia_500cc-1.jpg 1280w, https:\/\/bxrepsol.s3.eu-west-1.amazonaws.com\/static\/2022\/08\/09120027\/1996_mick_doohan_gp_malasia_500cc-1.jpg 900w, https:\/\/bxrepsol.s3.eu-west-1.amazonaws.com\/static\/2022\/08\/09120027\/1996_mick_doohan_gp_malasia_500cc-1.jpg 600w, https:\/\/bxrepsol.s3.eu-west-1.amazonaws.com\/static\/2022\/08\/09120027\/1996_mick_doohan_gp_malasia_500cc-1.jpg 480w, https:\/\/bxrepsol.s3.eu-west-1.amazonaws.com\/static\/2022\/08\/09120027\/1996_mick_doohan_gp_malasia_500cc-1.jpg 32w\" alt=\"Salida de un GP de la cilindrada de 500cc\" data-title=\"\" \/><br \/><\/a><br \/><a href=\"https:\/\/bxrepsol.s3.eu-west-1.amazonaws.com\/static\/2022\/08\/08112519\/1996-alex-criville-gp-cataluna_500cc.jpg\" data-index=\"8\"><br \/><img decoding=\"async\" title=\"1996-alex-criville-gp-cataluna_500cc\" src=\"https:\/\/bxrepsol.s3.eu-west-1.amazonaws.com\/static\/2022\/08\/08112519\/1996-alex-criville-gp-cataluna_500cc.jpg\" srcset=\"https:\/\/bxrepsol.s3.eu-west-1.amazonaws.com\/static\/2022\/08\/08112519\/1996-alex-criville-gp-cataluna_500cc.jpg 1280w, https:\/\/bxrepsol.s3.eu-west-1.amazonaws.com\/static\/2022\/08\/08112519\/1996-alex-criville-gp-cataluna_500cc.jpg 900w, https:\/\/bxrepsol.s3.eu-west-1.amazonaws.com\/static\/2022\/08\/08112519\/1996-alex-criville-gp-cataluna_500cc.jpg 600w, https:\/\/bxrepsol.s3.eu-west-1.amazonaws.com\/static\/2022\/08\/08112519\/1996-alex-criville-gp-cataluna_500cc.jpg 480w, https:\/\/bxrepsol.s3.eu-west-1.amazonaws.com\/static\/2022\/08\/08112519\/1996-alex-criville-gp-cataluna_500cc.jpg 32w\" alt=\"Carrera de un GP de la cilindrada de 500cc\" data-title=\"\" \/><br \/><\/a><br \/><a href=\"https:\/\/bxrepsol.s3.eu-west-1.amazonaws.com\/static\/2022\/08\/08112521\/1997_alberto_puig_gp_imola_500cc.jpg\" data-index=\"9\"><br \/><img decoding=\"async\" title=\"1997_alberto_puig_gp_imola_500cc\" src=\"https:\/\/bxrepsol.s3.eu-west-1.amazonaws.com\/static\/2022\/08\/08112521\/1997_alberto_puig_gp_imola_500cc.jpg\" srcset=\"https:\/\/bxrepsol.s3.eu-west-1.amazonaws.com\/static\/2022\/08\/08112521\/1997_alberto_puig_gp_imola_500cc.jpg 1280w, https:\/\/bxrepsol.s3.eu-west-1.amazonaws.com\/static\/2022\/08\/08112521\/1997_alberto_puig_gp_imola_500cc.jpg 900w, https:\/\/bxrepsol.s3.eu-west-1.amazonaws.com\/static\/2022\/08\/08112521\/1997_alberto_puig_gp_imola_500cc.jpg 600w, https:\/\/bxrepsol.s3.eu-west-1.amazonaws.com\/static\/2022\/08\/08112521\/1997_alberto_puig_gp_imola_500cc.jpg 480w, https:\/\/bxrepsol.s3.eu-west-1.amazonaws.com\/static\/2022\/08\/08112521\/1997_alberto_puig_gp_imola_500cc.jpg 32w\" alt=\"Alberto Puig con la Honda NSR500\" data-title=\"\" \/><br \/><\/a><br \/><a href=\"https:\/\/bxrepsol.s3.eu-west-1.amazonaws.com\/static\/2022\/08\/08112522\/1997_mick_doohan_gp_holanda_500cc.jpg\" data-index=\"10\"><br \/><img decoding=\"async\" title=\"1997_mick_doohan_gp_holanda_500cc\" src=\"https:\/\/bxrepsol.s3.eu-west-1.amazonaws.com\/static\/2022\/08\/08112522\/1997_mick_doohan_gp_holanda_500cc.jpg\" srcset=\"https:\/\/bxrepsol.s3.eu-west-1.amazonaws.com\/static\/2022\/08\/08112522\/1997_mick_doohan_gp_holanda_500cc.jpg 1280w, https:\/\/bxrepsol.s3.eu-west-1.amazonaws.com\/static\/2022\/08\/08112522\/1997_mick_doohan_gp_holanda_500cc.jpg 900w, https:\/\/bxrepsol.s3.eu-west-1.amazonaws.com\/static\/2022\/08\/08112522\/1997_mick_doohan_gp_holanda_500cc.jpg 600w, https:\/\/bxrepsol.s3.eu-west-1.amazonaws.com\/static\/2022\/08\/08112522\/1997_mick_doohan_gp_holanda_500cc.jpg 480w, https:\/\/bxrepsol.s3.eu-west-1.amazonaws.com\/static\/2022\/08\/08112522\/1997_mick_doohan_gp_holanda_500cc.jpg 32w\" alt=\"Mick Doohan en carrera con una NSR500\" data-title=\"\" \/><br \/><\/a><br \/><a href=\"https:\/\/bxrepsol.s3.eu-west-1.amazonaws.com\/static\/2022\/08\/08112523\/1997_takuma_aoki_gp_imola_500cc.jpg\" data-index=\"11\"><br \/><img decoding=\"async\" title=\"1997_takuma_aoki_gp_imola_500cc\" src=\"https:\/\/bxrepsol.s3.eu-west-1.amazonaws.com\/static\/2022\/08\/08112523\/1997_takuma_aoki_gp_imola_500cc.jpg\" srcset=\"https:\/\/bxrepsol.s3.eu-west-1.amazonaws.com\/static\/2022\/08\/08112523\/1997_takuma_aoki_gp_imola_500cc.jpg 1280w, https:\/\/bxrepsol.s3.eu-west-1.amazonaws.com\/static\/2022\/08\/08112523\/1997_takuma_aoki_gp_imola_500cc.jpg 900w, https:\/\/bxrepsol.s3.eu-west-1.amazonaws.com\/static\/2022\/08\/08112523\/1997_takuma_aoki_gp_imola_500cc.jpg 600w, https:\/\/bxrepsol.s3.eu-west-1.amazonaws.com\/static\/2022\/08\/08112523\/1997_takuma_aoki_gp_imola_500cc.jpg 480w, https:\/\/bxrepsol.s3.eu-west-1.amazonaws.com\/static\/2022\/08\/08112523\/1997_takuma_aoki_gp_imola_500cc.jpg 32w\" alt=\"Takuma Aoki con la Honda NSR500V2\" data-title=\"\" \/><br \/><\/a><br \/><a href=\"https:\/\/bxrepsol.s3.eu-west-1.amazonaws.com\/static\/2022\/08\/08112524\/1998_sete_gibernau_gp_gran_bretana_500cc.jpg\" data-index=\"12\"><br \/><img decoding=\"async\" title=\"1998_sete_gibernau_gp_gran_bretana_500cc\" src=\"https:\/\/bxrepsol.s3.eu-west-1.amazonaws.com\/static\/2022\/08\/08112524\/1998_sete_gibernau_gp_gran_bretana_500cc.jpg\" srcset=\"https:\/\/bxrepsol.s3.eu-west-1.amazonaws.com\/static\/2022\/08\/08112524\/1998_sete_gibernau_gp_gran_bretana_500cc.jpg 1280w, https:\/\/bxrepsol.s3.eu-west-1.amazonaws.com\/static\/2022\/08\/08112524\/1998_sete_gibernau_gp_gran_bretana_500cc.jpg 900w, https:\/\/bxrepsol.s3.eu-west-1.amazonaws.com\/static\/2022\/08\/08112524\/1998_sete_gibernau_gp_gran_bretana_500cc.jpg 600w, https:\/\/bxrepsol.s3.eu-west-1.amazonaws.com\/static\/2022\/08\/08112524\/1998_sete_gibernau_gp_gran_bretana_500cc.jpg 480w, https:\/\/bxrepsol.s3.eu-west-1.amazonaws.com\/static\/2022\/08\/08112524\/1998_sete_gibernau_gp_gran_bretana_500cc.jpg 32w\" alt=\"Sete Gibernau con la Honda NSR500V2\" data-title=\"\" \/><br \/><\/a><br \/><a href=\"https:\/\/bxrepsol.s3.eu-west-1.amazonaws.com\/static\/2022\/08\/08112525\/1998-gp-francia.jpg\" data-index=\"13\"><br \/><img decoding=\"async\" title=\"1998-gp-francia\" src=\"https:\/\/bxrepsol.s3.eu-west-1.amazonaws.com\/static\/2022\/08\/08112525\/1998-gp-francia.jpg\" srcset=\"https:\/\/bxrepsol.s3.eu-west-1.amazonaws.com\/static\/2022\/08\/08112525\/1998-gp-francia.jpg 1280w, https:\/\/bxrepsol.s3.eu-west-1.amazonaws.com\/static\/2022\/08\/08112525\/1998-gp-francia.jpg 900w, https:\/\/bxrepsol.s3.eu-west-1.amazonaws.com\/static\/2022\/08\/08112525\/1998-gp-francia.jpg 600w, https:\/\/bxrepsol.s3.eu-west-1.amazonaws.com\/static\/2022\/08\/08112525\/1998-gp-francia.jpg 480w, https:\/\/bxrepsol.s3.eu-west-1.amazonaws.com\/static\/2022\/08\/08112525\/1998-gp-francia.jpg 32w\" alt=\"GP de la cilindrada de 500cc\" data-title=\"\" \/><br \/><\/a><br \/><a href=\"https:\/\/bxrepsol.s3.eu-west-1.amazonaws.com\/static\/2022\/08\/08112527\/1999_cat_500cc.jpg\" data-index=\"14\"><br \/><img decoding=\"async\" title=\"1999_cat_500cc\" src=\"https:\/\/bxrepsol.s3.eu-west-1.amazonaws.com\/static\/2022\/08\/08112527\/1999_cat_500cc.jpg\" srcset=\"https:\/\/bxrepsol.s3.eu-west-1.amazonaws.com\/static\/2022\/08\/08112527\/1999_cat_500cc.jpg 1280w, https:\/\/bxrepsol.s3.eu-west-1.amazonaws.com\/static\/2022\/08\/08112527\/1999_cat_500cc.jpg 900w, https:\/\/bxrepsol.s3.eu-west-1.amazonaws.com\/static\/2022\/08\/08112527\/1999_cat_500cc.jpg 600w, https:\/\/bxrepsol.s3.eu-west-1.amazonaws.com\/static\/2022\/08\/08112527\/1999_cat_500cc.jpg 480w, https:\/\/bxrepsol.s3.eu-west-1.amazonaws.com\/static\/2022\/08\/08112527\/1999_cat_500cc.jpg 32w\" alt=\"GP de la cilindrada de 500cc\" data-title=\"\" \/><br \/><\/a><br \/><a href=\"https:\/\/bxrepsol.s3.eu-west-1.amazonaws.com\/static\/2022\/08\/08112528\/1999_sur_500cc.jpg\" data-index=\"15\"><br \/><img decoding=\"async\" title=\"1999_sur_500cc\" src=\"https:\/\/bxrepsol.s3.eu-west-1.amazonaws.com\/static\/2022\/08\/08112528\/1999_sur_500cc.jpg\" srcset=\"https:\/\/bxrepsol.s3.eu-west-1.amazonaws.com\/static\/2022\/08\/08112528\/1999_sur_500cc.jpg 1280w, https:\/\/bxrepsol.s3.eu-west-1.amazonaws.com\/static\/2022\/08\/08112528\/1999_sur_500cc.jpg 900w, https:\/\/bxrepsol.s3.eu-west-1.amazonaws.com\/static\/2022\/08\/08112528\/1999_sur_500cc.jpg 600w, https:\/\/bxrepsol.s3.eu-west-1.amazonaws.com\/static\/2022\/08\/08112528\/1999_sur_500cc.jpg 480w, https:\/\/bxrepsol.s3.eu-west-1.amazonaws.com\/static\/2022\/08\/08112528\/1999_sur_500cc.jpg 32w\" alt=\"\u00c1lex Crivill\u00e9 en una Honda NSR500\" data-title=\"\" \/><br \/><\/a><br \/><button data-glide-dir=\"&lt;\"><\/button><\/p>\n<p>\u00a0<\/p>\n<h2>125cc class<\/h2>\n<p>On 3 July, 1949, at the Swedish Grand Prix, the first race of what for years would be the lower category of the World Championship was held until the arrival of the 50cc class. The 125cc class raced in the World Championship until 2011, after which it was replaced by the current Moto3.<\/p>\n<p>The power increased from 15 to close to 50 horsepower, also going through periods of single and multi-cylinder engines as well as from four to two-stroke engines.<\/p>\n<p>It was in this class that Repsol achieved its first World Championship with \u00c1ngel Nieto in 1971 in a Derbi 125 Twin win, and the category for which many champions such as \u00c1lex Crivill\u00e9, Marc M\u00e1rquez and Dani Pedrosa started their journey.<\/p>\n<h3>125cc gallery<\/h3>\n<p><a href=\"https:\/\/bxrepsol.s3.eu-west-1.amazonaws.com\/static\/2022\/08\/08112529\/1961_tom_phillis_honda_rc143_125cc.jpg\" data-index=\"0\"><br \/><img decoding=\"async\" title=\"1961_tom_phillis_honda_rc143_125cc\" src=\"https:\/\/bxrepsol.s3.eu-west-1.amazonaws.com\/static\/2022\/08\/08112529\/1961_tom_phillis_honda_rc143_125cc.jpg\" srcset=\"https:\/\/bxrepsol.s3.eu-west-1.amazonaws.com\/static\/2022\/08\/08112529\/1961_tom_phillis_honda_rc143_125cc.jpg 1280w, https:\/\/bxrepsol.s3.eu-west-1.amazonaws.com\/static\/2022\/08\/08112529\/1961_tom_phillis_honda_rc143_125cc.jpg 900w, https:\/\/bxrepsol.s3.eu-west-1.amazonaws.com\/static\/2022\/08\/08112529\/1961_tom_phillis_honda_rc143_125cc.jpg 600w, https:\/\/bxrepsol.s3.eu-west-1.amazonaws.com\/static\/2022\/08\/08112529\/1961_tom_phillis_honda_rc143_125cc.jpg 480w, https:\/\/bxrepsol.s3.eu-west-1.amazonaws.com\/static\/2022\/08\/08112529\/1961_tom_phillis_honda_rc143_125cc.jpg 32w\" alt=\"Tom Phillis pilotando un Honda RC143 de 125cc\" data-title=\"\" \/><br \/><\/a><br \/><a href=\"https:\/\/bxrepsol.s3.eu-west-1.amazonaws.com\/static\/2022\/08\/08112531\/1971_angel_nieto_barry_sheene_espana_jarama_125cc.jpg\" data-index=\"1\"><br \/><img decoding=\"async\" title=\"1971_angel_nieto_barry_sheene_espana_jarama_125cc\" src=\"https:\/\/bxrepsol.s3.eu-west-1.amazonaws.com\/static\/2022\/08\/08112531\/1971_angel_nieto_barry_sheene_espana_jarama_125cc.jpg\" srcset=\"https:\/\/bxrepsol.s3.eu-west-1.amazonaws.com\/static\/2022\/08\/08112531\/1971_angel_nieto_barry_sheene_espana_jarama_125cc.jpg 1280w, https:\/\/bxrepsol.s3.eu-west-1.amazonaws.com\/static\/2022\/08\/08112531\/1971_angel_nieto_barry_sheene_espana_jarama_125cc.jpg 900w, https:\/\/bxrepsol.s3.eu-west-1.amazonaws.com\/static\/2022\/08\/08112531\/1971_angel_nieto_barry_sheene_espana_jarama_125cc.jpg 600w, https:\/\/bxrepsol.s3.eu-west-1.amazonaws.com\/static\/2022\/08\/08112531\/1971_angel_nieto_barry_sheene_espana_jarama_125cc.jpg 480w, https:\/\/bxrepsol.s3.eu-west-1.amazonaws.com\/static\/2022\/08\/08112531\/1971_angel_nieto_barry_sheene_espana_jarama_125cc.jpg 32w\" alt=\"\u00c1ngel Nieto en carrera con Barry Sheene en la Derbi twin de 125cc\" data-title=\"\" \/><br \/><\/a><br \/><a href=\"https:\/\/bxrepsol.s3.eu-west-1.amazonaws.com\/static\/2022\/08\/08112532\/1972_angel_nieto_gp_espana_montjuic_125cc.jpg\" data-index=\"2\"><br \/><img decoding=\"async\" title=\"1972_angel_nieto_gp_espana_montjuic_125cc\" src=\"https:\/\/bxrepsol.s3.eu-west-1.amazonaws.com\/static\/2022\/08\/08112532\/1972_angel_nieto_gp_espana_montjuic_125cc.jpg\" srcset=\"https:\/\/bxrepsol.s3.eu-west-1.amazonaws.com\/static\/2022\/08\/08112532\/1972_angel_nieto_gp_espana_montjuic_125cc.jpg 1280w, https:\/\/bxrepsol.s3.eu-west-1.amazonaws.com\/static\/2022\/08\/08112532\/1972_angel_nieto_gp_espana_montjuic_125cc.jpg 900w, https:\/\/bxrepsol.s3.eu-west-1.amazonaws.com\/static\/2022\/08\/08112532\/1972_angel_nieto_gp_espana_montjuic_125cc.jpg 600w, https:\/\/bxrepsol.s3.eu-west-1.amazonaws.com\/static\/2022\/08\/08112532\/1972_angel_nieto_gp_espana_montjuic_125cc.jpg 480w, https:\/\/bxrepsol.s3.eu-west-1.amazonaws.com\/static\/2022\/08\/08112532\/1972_angel_nieto_gp_espana_montjuic_125cc.jpg 32w\" alt=\"\u00c1ngel Nieto en la Derbi twin de 125cc\" data-title=\"\" \/><br \/><\/a><br \/><a href=\"https:\/\/bxrepsol.s3.eu-west-1.amazonaws.com\/static\/2022\/08\/08112533\/1972_angel_nieto_parlotti_gp_austria_125cc.jpg\" data-index=\"3\"><br \/><img decoding=\"async\" title=\"1972_angel_nieto_parlotti_gp_austria_125cc\" src=\"https:\/\/bxrepsol.s3.eu-west-1.amazonaws.com\/static\/2022\/08\/08112533\/1972_angel_nieto_parlotti_gp_austria_125cc.jpg\" srcset=\"https:\/\/bxrepsol.s3.eu-west-1.amazonaws.com\/static\/2022\/08\/08112533\/1972_angel_nieto_parlotti_gp_austria_125cc.jpg 1280w, https:\/\/bxrepsol.s3.eu-west-1.amazonaws.com\/static\/2022\/08\/08112533\/1972_angel_nieto_parlotti_gp_austria_125cc.jpg 900w, https:\/\/bxrepsol.s3.eu-west-1.amazonaws.com\/static\/2022\/08\/08112533\/1972_angel_nieto_parlotti_gp_austria_125cc.jpg 600w, https:\/\/bxrepsol.s3.eu-west-1.amazonaws.com\/static\/2022\/08\/08112533\/1972_angel_nieto_parlotti_gp_austria_125cc.jpg 480w, https:\/\/bxrepsol.s3.eu-west-1.amazonaws.com\/static\/2022\/08\/08112533\/1972_angel_nieto_parlotti_gp_austria_125cc.jpg 32w\" alt=\"\u00c1ngel Nieto en carrera con Parlotti en la Derbi twin de 125cc\" data-title=\"\" \/><br \/><\/a><br \/><a href=\"https:\/\/bxrepsol.s3.eu-west-1.amazonaws.com\/static\/2022\/08\/08112535\/1972_juan_pares_1nieto_gp_espana_montjuic_125cc.jpg\" data-index=\"4\"><br \/><img decoding=\"async\" title=\"1972_juan_pares_1nieto_gp_espana_montjuic_125cc\" src=\"https:\/\/bxrepsol.s3.eu-west-1.amazonaws.com\/static\/2022\/08\/08112535\/1972_juan_pares_1nieto_gp_espana_montjuic_125cc.jpg\" srcset=\"https:\/\/bxrepsol.s3.eu-west-1.amazonaws.com\/static\/2022\/08\/08112535\/1972_juan_pares_1nieto_gp_espana_montjuic_125cc.jpg 1280w, https:\/\/bxrepsol.s3.eu-west-1.amazonaws.com\/static\/2022\/08\/08112535\/1972_juan_pares_1nieto_gp_espana_montjuic_125cc.jpg 900w, https:\/\/bxrepsol.s3.eu-west-1.amazonaws.com\/static\/2022\/08\/08112535\/1972_juan_pares_1nieto_gp_espana_montjuic_125cc.jpg 600w, https:\/\/bxrepsol.s3.eu-west-1.amazonaws.com\/static\/2022\/08\/08112535\/1972_juan_pares_1nieto_gp_espana_montjuic_125cc.jpg 480w, https:\/\/bxrepsol.s3.eu-west-1.amazonaws.com\/static\/2022\/08\/08112535\/1972_juan_pares_1nieto_gp_espana_montjuic_125cc.jpg 32w\" alt=\"Carrera de 125cc con \u00c1ngel Nieto y Joan Pares\" data-title=\"\" \/><br \/><\/a><br \/><a href=\"https:\/\/bxrepsol.s3.eu-west-1.amazonaws.com\/static\/2022\/08\/08112536\/1982_angel_nieto_gp_inglaterra_125cc.jpg\" data-index=\"5\"><br \/><img decoding=\"async\" title=\"1982_angel_nieto_gp_inglaterra_125cc\" src=\"https:\/\/bxrepsol.s3.eu-west-1.amazonaws.com\/static\/2022\/08\/08112536\/1982_angel_nieto_gp_inglaterra_125cc.jpg\" srcset=\"https:\/\/bxrepsol.s3.eu-west-1.amazonaws.com\/static\/2022\/08\/08112536\/1982_angel_nieto_gp_inglaterra_125cc.jpg 1280w, https:\/\/bxrepsol.s3.eu-west-1.amazonaws.com\/static\/2022\/08\/08112536\/1982_angel_nieto_gp_inglaterra_125cc.jpg 900w, https:\/\/bxrepsol.s3.eu-west-1.amazonaws.com\/static\/2022\/08\/08112536\/1982_angel_nieto_gp_inglaterra_125cc.jpg 600w, https:\/\/bxrepsol.s3.eu-west-1.amazonaws.com\/static\/2022\/08\/08112536\/1982_angel_nieto_gp_inglaterra_125cc.jpg 480w, https:\/\/bxrepsol.s3.eu-west-1.amazonaws.com\/static\/2022\/08\/08112536\/1982_angel_nieto_gp_inglaterra_125cc.jpg 32w\" alt=\"\u00c1ngel Nieto en la salida de una carrera de la cilindrada 125cc\" data-title=\"\" \/><br \/><\/a><br \/><a href=\"https:\/\/bxrepsol.s3.eu-west-1.amazonaws.com\/static\/2022\/08\/08112537\/1988_aspar_gp_espana_jerez_derbi_125cc.jpg\" data-index=\"6\"><br \/><img decoding=\"async\" title=\"1988_aspar_gp_espa\u00f1a_jerez_derbi_125cc\" src=\"https:\/\/bxrepsol.s3.eu-west-1.amazonaws.com\/static\/2022\/08\/08112537\/1988_aspar_gp_espana_jerez_derbi_125cc.jpg\" srcset=\"https:\/\/bxrepsol.s3.eu-west-1.amazonaws.com\/static\/2022\/08\/08112537\/1988_aspar_gp_espana_jerez_derbi_125cc.jpg 1280w, https:\/\/bxrepsol.s3.eu-west-1.amazonaws.com\/static\/2022\/08\/08112537\/1988_aspar_gp_espana_jerez_derbi_125cc.jpg 900w, https:\/\/bxrepsol.s3.eu-west-1.amazonaws.com\/static\/2022\/08\/08112537\/1988_aspar_gp_espana_jerez_derbi_125cc.jpg 600w, https:\/\/bxrepsol.s3.eu-west-1.amazonaws.com\/static\/2022\/08\/08112537\/1988_aspar_gp_espana_jerez_derbi_125cc.jpg 480w, https:\/\/bxrepsol.s3.eu-west-1.amazonaws.com\/static\/2022\/08\/08112537\/1988_aspar_gp_espana_jerez_derbi_125cc.jpg 32w\" alt=\"Aspar en carrera con una Derbi de 125cc\" data-title=\"\" \/><br \/><\/a><br \/><a href=\"https:\/\/bxrepsol.s3.eu-west-1.amazonaws.com\/static\/2022\/08\/08112539\/1989_alex_criville_gp_austria-125cc.jpg\" data-index=\"7\"><br \/><img decoding=\"async\" title=\"1989_alex_criville_gp_austria-125cc\" src=\"https:\/\/bxrepsol.s3.eu-west-1.amazonaws.com\/static\/2022\/08\/08112539\/1989_alex_criville_gp_austria-125cc.jpg\" srcset=\"https:\/\/bxrepsol.s3.eu-west-1.amazonaws.com\/static\/2022\/08\/08112539\/1989_alex_criville_gp_austria-125cc.jpg 1280w, https:\/\/bxrepsol.s3.eu-west-1.amazonaws.com\/static\/2022\/08\/08112539\/1989_alex_criville_gp_austria-125cc.jpg 900w, https:\/\/bxrepsol.s3.eu-west-1.amazonaws.com\/static\/2022\/08\/08112539\/1989_alex_criville_gp_austria-125cc.jpg 600w, https:\/\/bxrepsol.s3.eu-west-1.amazonaws.com\/static\/2022\/08\/08112539\/1989_alex_criville_gp_austria-125cc.jpg 480w, https:\/\/bxrepsol.s3.eu-west-1.amazonaws.com\/static\/2022\/08\/08112539\/1989_alex_criville_gp_austria-125cc.jpg 32w\" alt=\"\u00c1lex Crivill\u00e9 en carrera con una JJ Cobas de 125cc\" data-title=\"\" \/><br \/><\/a><br \/><a href=\"https:\/\/bxrepsol.s3.eu-west-1.amazonaws.com\/static\/2022\/08\/08112540\/1998_gelete_nieto_gran_bretana_125cc.jpg\" data-index=\"8\"><br \/><img decoding=\"async\" title=\"1998_gelete_nieto_gran_bretana_125cc\" src=\"https:\/\/bxrepsol.s3.eu-west-1.amazonaws.com\/static\/2022\/08\/08112540\/1998_gelete_nieto_gran_bretana_125cc.jpg\" srcset=\"https:\/\/bxrepsol.s3.eu-west-1.amazonaws.com\/static\/2022\/08\/08112540\/1998_gelete_nieto_gran_bretana_125cc.jpg 1280w, https:\/\/bxrepsol.s3.eu-west-1.amazonaws.com\/static\/2022\/08\/08112540\/1998_gelete_nieto_gran_bretana_125cc.jpg 900w, https:\/\/bxrepsol.s3.eu-west-1.amazonaws.com\/static\/2022\/08\/08112540\/1998_gelete_nieto_gran_bretana_125cc.jpg 600w, https:\/\/bxrepsol.s3.eu-west-1.amazonaws.com\/static\/2022\/08\/08112540\/1998_gelete_nieto_gran_bretana_125cc.jpg 480w, https:\/\/bxrepsol.s3.eu-west-1.amazonaws.com\/static\/2022\/08\/08112540\/1998_gelete_nieto_gran_bretana_125cc.jpg 32w\" alt=\"Gelete Nieto en carrera en la cilindrada de 125cc\" data-title=\"\" \/><br \/><\/a><br \/><a href=\"https:\/\/bxrepsol.s3.eu-west-1.amazonaws.com\/static\/2022\/08\/08112541\/1999_Emilio-Alzamora-GP-valencia_125cc.jpg\" data-index=\"9\"><br \/><img decoding=\"async\" title=\"1999_Emilio-Alzamora-GP-valencia_125cc\" src=\"https:\/\/bxrepsol.s3.eu-west-1.amazonaws.com\/static\/2022\/08\/08112541\/1999_Emilio-Alzamora-GP-valencia_125cc.jpg\" srcset=\"https:\/\/bxrepsol.s3.eu-west-1.amazonaws.com\/static\/2022\/08\/08112541\/1999_Emilio-Alzamora-GP-valencia_125cc.jpg 1280w, https:\/\/bxrepsol.s3.eu-west-1.amazonaws.com\/static\/2022\/08\/08112541\/1999_Emilio-Alzamora-GP-valencia_125cc.jpg 900w, https:\/\/bxrepsol.s3.eu-west-1.amazonaws.com\/static\/2022\/08\/08112541\/1999_Emilio-Alzamora-GP-valencia_125cc.jpg 600w, https:\/\/bxrepsol.s3.eu-west-1.amazonaws.com\/static\/2022\/08\/08112541\/1999_Emilio-Alzamora-GP-valencia_125cc.jpg 480w, https:\/\/bxrepsol.s3.eu-west-1.amazonaws.com\/static\/2022\/08\/08112541\/1999_Emilio-Alzamora-GP-valencia_125cc.jpg 32w\" alt=\"Emilio Alzamora en la cilindrada de 125cc\" data-title=\"\" \/><br \/><\/a><br \/><a href=\"https:\/\/bxrepsol.s3.eu-west-1.amazonaws.com\/static\/2022\/08\/08112542\/2002_pedrosa_cataluna_125cc.jpg\" data-index=\"10\"><br \/><img decoding=\"async\" title=\"2002_pedrosa_catalu\u00f1a_125cc\" src=\"https:\/\/bxrepsol.s3.eu-west-1.amazonaws.com\/static\/2022\/08\/08112542\/2002_pedrosa_cataluna_125cc.jpg\" srcset=\"https:\/\/bxrepsol.s3.eu-west-1.amazonaws.com\/static\/2022\/08\/08112542\/2002_pedrosa_cataluna_125cc.jpg 1280w, https:\/\/bxrepsol.s3.eu-west-1.amazonaws.com\/static\/2022\/08\/08112542\/2002_pedrosa_cataluna_125cc.jpg 900w, https:\/\/bxrepsol.s3.eu-west-1.amazonaws.com\/static\/2022\/08\/08112542\/2002_pedrosa_cataluna_125cc.jpg 600w, https:\/\/bxrepsol.s3.eu-west-1.amazonaws.com\/static\/2022\/08\/08112542\/2002_pedrosa_cataluna_125cc.jpg 480w, https:\/\/bxrepsol.s3.eu-west-1.amazonaws.com\/static\/2022\/08\/08112542\/2002_pedrosa_cataluna_125cc.jpg 32w\" alt=\"Dani Pedrosa pilotando una 125cc\" data-title=\"\" \/><br \/><\/a><br \/><a href=\"https:\/\/bxrepsol.s3.eu-west-1.amazonaws.com\/static\/2022\/08\/09043639\/2003_pedrosa-malasia-125cc.jpg\" data-index=\"11\"><br \/><img decoding=\"async\" title=\"2003_pedrosa-malasia-125cc\" src=\"https:\/\/bxrepsol.s3.eu-west-1.amazonaws.com\/static\/2022\/08\/09043639\/2003_pedrosa-malasia-125cc.jpg\" srcset=\"https:\/\/bxrepsol.s3.eu-west-1.amazonaws.com\/static\/2022\/08\/09043639\/2003_pedrosa-malasia-125cc.jpg 1280w, https:\/\/bxrepsol.s3.eu-west-1.amazonaws.com\/static\/2022\/08\/09043639\/2003_pedrosa-malasia-125cc.jpg 900w, https:\/\/bxrepsol.s3.eu-west-1.amazonaws.com\/static\/2022\/08\/09043639\/2003_pedrosa-malasia-125cc.jpg 600w, https:\/\/bxrepsol.s3.eu-west-1.amazonaws.com\/static\/2022\/08\/09043639\/2003_pedrosa-malasia-125cc.jpg 480w, https:\/\/bxrepsol.s3.eu-west-1.amazonaws.com\/static\/2022\/08\/09043639\/2003_pedrosa-malasia-125cc.jpg 32w\" alt=\"Dani Pedrosa pilotando una 125cc\" data-title=\"\" \/><br \/><\/a><br \/><a href=\"https:\/\/bxrepsol.s3.eu-west-1.amazonaws.com\/static\/2022\/08\/09043641\/2005_hector_fauble_malasia_125cc.jpg\" data-index=\"12\"><br \/><img decoding=\"async\" title=\"2005_hector_fauble_malasia_125cc\" src=\"https:\/\/bxrepsol.s3.eu-west-1.amazonaws.com\/static\/2022\/08\/09043641\/2005_hector_fauble_malasia_125cc.jpg\" srcset=\"https:\/\/bxrepsol.s3.eu-west-1.amazonaws.com\/static\/2022\/08\/09043641\/2005_hector_fauble_malasia_125cc.jpg 1280w, https:\/\/bxrepsol.s3.eu-west-1.amazonaws.com\/static\/2022\/08\/09043641\/2005_hector_fauble_malasia_125cc.jpg 900w, https:\/\/bxrepsol.s3.eu-west-1.amazonaws.com\/static\/2022\/08\/09043641\/2005_hector_fauble_malasia_125cc.jpg 600w, https:\/\/bxrepsol.s3.eu-west-1.amazonaws.com\/static\/2022\/08\/09043641\/2005_hector_fauble_malasia_125cc.jpg 480w, https:\/\/bxrepsol.s3.eu-west-1.amazonaws.com\/static\/2022\/08\/09043641\/2005_hector_fauble_malasia_125cc.jpg 32w\" alt=\"Hector Faubel pilotando una 125cc\" data-title=\"\" \/><br \/><\/a><br \/><a href=\"https:\/\/bxrepsol.s3.eu-west-1.amazonaws.com\/static\/2022\/08\/09043642\/2006_bradle-smith-turquia_125cc.jpg\" data-index=\"13\"><br \/><img decoding=\"async\" title=\"2006_bradle-smith-turquia_125cc\" src=\"https:\/\/bxrepsol.s3.eu-west-1.amazonaws.com\/static\/2022\/08\/09043642\/2006_bradle-smith-turquia_125cc.jpg\" srcset=\"https:\/\/bxrepsol.s3.eu-west-1.amazonaws.com\/static\/2022\/08\/09043642\/2006_bradle-smith-turquia_125cc.jpg 1280w, https:\/\/bxrepsol.s3.eu-west-1.amazonaws.com\/static\/2022\/08\/09043642\/2006_bradle-smith-turquia_125cc.jpg 900w, https:\/\/bxrepsol.s3.eu-west-1.amazonaws.com\/static\/2022\/08\/09043642\/2006_bradle-smith-turquia_125cc.jpg 600w, https:\/\/bxrepsol.s3.eu-west-1.amazonaws.com\/static\/2022\/08\/09043642\/2006_bradle-smith-turquia_125cc.jpg 480w, https:\/\/bxrepsol.s3.eu-west-1.amazonaws.com\/static\/2022\/08\/09043642\/2006_bradle-smith-turquia_125cc.jpg 32w\" alt=\"Bradley Smith pilotando una 125cc\" data-title=\"\" \/><br \/><\/a><br \/><a href=\"https:\/\/bxrepsol.s3.eu-west-1.amazonaws.com\/static\/2022\/08\/09043643\/2007_Rabat_san-marino-125cc.jpg\" data-index=\"14\"><br \/><img decoding=\"async\" title=\"2007_Rabat_san-marino-125cc\" src=\"https:\/\/bxrepsol.s3.eu-west-1.amazonaws.com\/static\/2022\/08\/09043643\/2007_Rabat_san-marino-125cc.jpg\" srcset=\"https:\/\/bxrepsol.s3.eu-west-1.amazonaws.com\/static\/2022\/08\/09043643\/2007_Rabat_san-marino-125cc.jpg 1280w, https:\/\/bxrepsol.s3.eu-west-1.amazonaws.com\/static\/2022\/08\/09043643\/2007_Rabat_san-marino-125cc.jpg 900w, https:\/\/bxrepsol.s3.eu-west-1.amazonaws.com\/static\/2022\/08\/09043643\/2007_Rabat_san-marino-125cc.jpg 600w, https:\/\/bxrepsol.s3.eu-west-1.amazonaws.com\/static\/2022\/08\/09043643\/2007_Rabat_san-marino-125cc.jpg 480w, https:\/\/bxrepsol.s3.eu-west-1.amazonaws.com\/static\/2022\/08\/09043643\/2007_Rabat_san-marino-125cc.jpg 32w\" alt=\"Tito Rabat pilotando una 125cc\" data-title=\"\" \/><br \/><\/a><br \/><a href=\"https:\/\/bxrepsol.s3.eu-west-1.amazonaws.com\/static\/2022\/08\/09043645\/2008_Marquez-brno-125cc.jpg\" data-index=\"15\"><br \/><img decoding=\"async\" title=\"2008_Marquez-brno-125cc\" src=\"https:\/\/bxrepsol.s3.eu-west-1.amazonaws.com\/static\/2022\/08\/09043645\/2008_Marquez-brno-125cc.jpg\" srcset=\"https:\/\/bxrepsol.s3.eu-west-1.amazonaws.com\/static\/2022\/08\/09043645\/2008_Marquez-brno-125cc.jpg 1280w, https:\/\/bxrepsol.s3.eu-west-1.amazonaws.com\/static\/2022\/08\/09043645\/2008_Marquez-brno-125cc.jpg 900w, https:\/\/bxrepsol.s3.eu-west-1.amazonaws.com\/static\/2022\/08\/09043645\/2008_Marquez-brno-125cc.jpg 600w, https:\/\/bxrepsol.s3.eu-west-1.amazonaws.com\/static\/2022\/08\/09043645\/2008_Marquez-brno-125cc.jpg 480w, https:\/\/bxrepsol.s3.eu-west-1.amazonaws.com\/static\/2022\/08\/09043645\/2008_Marquez-brno-125cc.jpg 32w\" alt=\"Marc M\u00e1rquez pilotando una KTM de 125cc\" data-title=\"\" \/><br \/><\/a><br \/><a href=\"https:\/\/bxrepsol.s3.eu-west-1.amazonaws.com\/static\/2022\/08\/09043646\/2009_Marquez-malasia_125cc.jpg\" data-index=\"16\"><br \/><img decoding=\"async\" title=\"2009_Marquez-malasia_125cc\" src=\"https:\/\/bxrepsol.s3.eu-west-1.amazonaws.com\/static\/2022\/08\/09043646\/2009_Marquez-malasia_125cc.jpg\" srcset=\"https:\/\/bxrepsol.s3.eu-west-1.amazonaws.com\/static\/2022\/08\/09043646\/2009_Marquez-malasia_125cc.jpg 1280w, https:\/\/bxrepsol.s3.eu-west-1.amazonaws.com\/static\/2022\/08\/09043646\/2009_Marquez-malasia_125cc.jpg 900w, https:\/\/bxrepsol.s3.eu-west-1.amazonaws.com\/static\/2022\/08\/09043646\/2009_Marquez-malasia_125cc.jpg 600w, https:\/\/bxrepsol.s3.eu-west-1.amazonaws.com\/static\/2022\/08\/09043646\/2009_Marquez-malasia_125cc.jpg 480w, https:\/\/bxrepsol.s3.eu-west-1.amazonaws.com\/static\/2022\/08\/09043646\/2009_Marquez-malasia_125cc.jpg 32w\" alt=\"Marc M\u00e1rquez pilotando una KTM de 125cc\" data-title=\"\" \/><br \/><\/a><br \/><a href=\"https:\/\/bxrepsol.s3.eu-west-1.amazonaws.com\/static\/2022\/08\/09043647\/2010_Marquez-malasia-125cc.jpg\" data-index=\"17\"><br \/><img decoding=\"async\" title=\"2010_Marquez-malasia-125cc\" src=\"https:\/\/bxrepsol.s3.eu-west-1.amazonaws.com\/static\/2022\/08\/09043647\/2010_Marquez-malasia-125cc.jpg\" srcset=\"https:\/\/bxrepsol.s3.eu-west-1.amazonaws.com\/static\/2022\/08\/09043647\/2010_Marquez-malasia-125cc.jpg 1280w, https:\/\/bxrepsol.s3.eu-west-1.amazonaws.com\/static\/2022\/08\/09043647\/2010_Marquez-malasia-125cc.jpg 900w, https:\/\/bxrepsol.s3.eu-west-1.amazonaws.com\/static\/2022\/08\/09043647\/2010_Marquez-malasia-125cc.jpg 600w, https:\/\/bxrepsol.s3.eu-west-1.amazonaws.com\/static\/2022\/08\/09043647\/2010_Marquez-malasia-125cc.jpg 480w, https:\/\/bxrepsol.s3.eu-west-1.amazonaws.com\/static\/2022\/08\/09043647\/2010_Marquez-malasia-125cc.jpg 32w\" alt=\"Marc M\u00e1rquez pilotando una Derbi de 125cc\" data-title=\"\" \/><br \/><\/a><br \/><button data-glide-dir=\"&lt;\"><\/button><\/p>\n<p>\u00a0<\/p>\n<h2>50cc class<\/h2>\n<p>On 1 May, 1962, the first 50cc World Championship GP was held at the Spanish GP at Montjuich. The lowest class used in the World Championship.<\/p>\n<p>The class raced continuously until 1983. As in the rest of<br \/>categories, the 50cc underwent major developments throughout the years. Single-cylinder and twin-cylinder engines were used that started with less than 10 horsepower and went up to almost 20. Such progress required the incorporation of gear ratios to take full advantage of the narrow power margin, ending up with gearboxes with more than ten ratios.<\/p>\n<p>\u00c1ngel Nieto achieved six World Champion titles in this class.<\/p>\n<h3>50cc gallery<\/h3>\n<p><a href=\"https:\/\/bxrepsol.s3.eu-west-1.amazonaws.com\/static\/2022\/08\/09043648\/1965_gp-japon-50cc.jpg\" data-index=\"0\"><br \/><img decoding=\"async\" title=\"1965_gp-japon-50cc\" src=\"https:\/\/bxrepsol.s3.eu-west-1.amazonaws.com\/static\/2022\/08\/09043648\/1965_gp-japon-50cc.jpg\" srcset=\"https:\/\/bxrepsol.s3.eu-west-1.amazonaws.com\/static\/2022\/08\/09043648\/1965_gp-japon-50cc.jpg 1280w, https:\/\/bxrepsol.s3.eu-west-1.amazonaws.com\/static\/2022\/08\/09043648\/1965_gp-japon-50cc.jpg 900w, https:\/\/bxrepsol.s3.eu-west-1.amazonaws.com\/static\/2022\/08\/09043648\/1965_gp-japon-50cc.jpg 600w, https:\/\/bxrepsol.s3.eu-west-1.amazonaws.com\/static\/2022\/08\/09043648\/1965_gp-japon-50cc.jpg 480w, https:\/\/bxrepsol.s3.eu-west-1.amazonaws.com\/static\/2022\/08\/09043648\/1965_gp-japon-50cc.jpg 32w\" alt=\"Pilotos de Honda en el GP de Jap\u00f3n de 1965\" data-title=\"\" \/><br \/><\/a><br \/><a href=\"https:\/\/bxrepsol.s3.eu-west-1.amazonaws.com\/static\/2022\/08\/09043649\/1971_angel-nieto-50cc.jpg\" data-index=\"1\"><br \/><img decoding=\"async\" title=\"1971_angel-nieto-50cc\" src=\"https:\/\/bxrepsol.s3.eu-west-1.amazonaws.com\/static\/2022\/08\/09043649\/1971_angel-nieto-50cc.jpg\" srcset=\"https:\/\/bxrepsol.s3.eu-west-1.amazonaws.com\/static\/2022\/08\/09043649\/1971_angel-nieto-50cc.jpg 1280w, https:\/\/bxrepsol.s3.eu-west-1.amazonaws.com\/static\/2022\/08\/09043649\/1971_angel-nieto-50cc.jpg 900w, https:\/\/bxrepsol.s3.eu-west-1.amazonaws.com\/static\/2022\/08\/09043649\/1971_angel-nieto-50cc.jpg 600w, https:\/\/bxrepsol.s3.eu-west-1.amazonaws.com\/static\/2022\/08\/09043649\/1971_angel-nieto-50cc.jpg 480w, https:\/\/bxrepsol.s3.eu-west-1.amazonaws.com\/static\/2022\/08\/09043649\/1971_angel-nieto-50cc.jpg 32w\" alt=\"\u00c1ngel Nieto en la Derbi de 50cc\" data-title=\"\" \/><br \/><\/a><br \/><a href=\"https:\/\/bxrepsol.s3.eu-west-1.amazonaws.com\/static\/2022\/08\/09043651\/1971_jaime-alguersuari-gp-espana-jarama_50cc.jpg\" data-index=\"2\"><br \/><img decoding=\"async\" title=\"1971_jaime-alguersuari-gp-espana-jarama_50cc\" src=\"https:\/\/bxrepsol.s3.eu-west-1.amazonaws.com\/static\/2022\/08\/09043651\/1971_jaime-alguersuari-gp-espana-jarama_50cc.jpg\" srcset=\"https:\/\/bxrepsol.s3.eu-west-1.amazonaws.com\/static\/2022\/08\/09043651\/1971_jaime-alguersuari-gp-espana-jarama_50cc.jpg 1280w, https:\/\/bxrepsol.s3.eu-west-1.amazonaws.com\/static\/2022\/08\/09043651\/1971_jaime-alguersuari-gp-espana-jarama_50cc.jpg 900w, https:\/\/bxrepsol.s3.eu-west-1.amazonaws.com\/static\/2022\/08\/09043651\/1971_jaime-alguersuari-gp-espana-jarama_50cc.jpg 600w, https:\/\/bxrepsol.s3.eu-west-1.amazonaws.com\/static\/2022\/08\/09043651\/1971_jaime-alguersuari-gp-espana-jarama_50cc.jpg 480w, https:\/\/bxrepsol.s3.eu-west-1.amazonaws.com\/static\/2022\/08\/09043651\/1971_jaime-alguersuari-gp-espana-jarama_50cc.jpg 32w\" alt=\"Jaime Alguersuari en la Derbi 50cc\" data-title=\"\" \/><br \/><\/a><br \/><a href=\"https:\/\/bxrepsol.s3.eu-west-1.amazonaws.com\/static\/2022\/08\/09043652\/1971_nieto-pares_50cc.jpg\" data-index=\"3\"><br \/><img decoding=\"async\" title=\"1971_nieto-pares_50cc\" src=\"https:\/\/bxrepsol.s3.eu-west-1.amazonaws.com\/static\/2022\/08\/09043652\/1971_nieto-pares_50cc.jpg\" srcset=\"https:\/\/bxrepsol.s3.eu-west-1.amazonaws.com\/static\/2022\/08\/09043652\/1971_nieto-pares_50cc.jpg 1280w, https:\/\/bxrepsol.s3.eu-west-1.amazonaws.com\/static\/2022\/08\/09043652\/1971_nieto-pares_50cc.jpg 900w, https:\/\/bxrepsol.s3.eu-west-1.amazonaws.com\/static\/2022\/08\/09043652\/1971_nieto-pares_50cc.jpg 600w, https:\/\/bxrepsol.s3.eu-west-1.amazonaws.com\/static\/2022\/08\/09043652\/1971_nieto-pares_50cc.jpg 480w, https:\/\/bxrepsol.s3.eu-west-1.amazonaws.com\/static\/2022\/08\/09043652\/1971_nieto-pares_50cc.jpg 32w\" alt=\"\u00c1ngel Nieto en la Derbi de 50cc\" data-title=\"\" \/><br \/><\/a><br \/><a href=\"https:\/\/bxrepsol.s3.eu-west-1.amazonaws.com\/static\/2022\/08\/09043653\/1972_angel-nieto-gp_belgica-derbi_50cc.jpg\" data-index=\"4\"><br \/><img decoding=\"async\" title=\"1972_angel-nieto-gp_belgica-derbi_50cc\" src=\"https:\/\/bxrepsol.s3.eu-west-1.amazonaws.com\/static\/2022\/08\/09043653\/1972_angel-nieto-gp_belgica-derbi_50cc.jpg\" srcset=\"https:\/\/bxrepsol.s3.eu-west-1.amazonaws.com\/static\/2022\/08\/09043653\/1972_angel-nieto-gp_belgica-derbi_50cc.jpg 1280w, https:\/\/bxrepsol.s3.eu-west-1.amazonaws.com\/static\/2022\/08\/09043653\/1972_angel-nieto-gp_belgica-derbi_50cc.jpg 900w, https:\/\/bxrepsol.s3.eu-west-1.amazonaws.com\/static\/2022\/08\/09043653\/1972_angel-nieto-gp_belgica-derbi_50cc.jpg 600w, https:\/\/bxrepsol.s3.eu-west-1.amazonaws.com\/static\/2022\/08\/09043653\/1972_angel-nieto-gp_belgica-derbi_50cc.jpg 480w, https:\/\/bxrepsol.s3.eu-west-1.amazonaws.com\/static\/2022\/08\/09043653\/1972_angel-nieto-gp_belgica-derbi_50cc.jpg 32w\" alt=\"\u00c1ngel Nieto en la Derbi de 50cc\" data-title=\"\" \/><br \/><\/a><br \/><a href=\"https:\/\/bxrepsol.s3.eu-west-1.amazonaws.com\/static\/2022\/08\/09043654\/1972_angel-nieto-jan-de-vries-gp_holanda-50cc.jpg\" data-index=\"5\"><br \/><img decoding=\"async\" title=\"1972_angel-nieto-jan-de-vries-gp_holanda-50cc\" src=\"https:\/\/bxrepsol.s3.eu-west-1.amazonaws.com\/static\/2022\/08\/09043654\/1972_angel-nieto-jan-de-vries-gp_holanda-50cc.jpg\" srcset=\"https:\/\/bxrepsol.s3.eu-west-1.amazonaws.com\/static\/2022\/08\/09043654\/1972_angel-nieto-jan-de-vries-gp_holanda-50cc.jpg 1280w, https:\/\/bxrepsol.s3.eu-west-1.amazonaws.com\/static\/2022\/08\/09043654\/1972_angel-nieto-jan-de-vries-gp_holanda-50cc.jpg 900w, https:\/\/bxrepsol.s3.eu-west-1.amazonaws.com\/static\/2022\/08\/09043654\/1972_angel-nieto-jan-de-vries-gp_holanda-50cc.jpg 600w, https:\/\/bxrepsol.s3.eu-west-1.amazonaws.com\/static\/2022\/08\/09043654\/1972_angel-nieto-jan-de-vries-gp_holanda-50cc.jpg 480w, https:\/\/bxrepsol.s3.eu-west-1.amazonaws.com\/static\/2022\/08\/09043654\/1972_angel-nieto-jan-de-vries-gp_holanda-50cc.jpg 32w\" alt=\"\u00c1ngel Nieto en la Derbi de 50cc\" data-title=\"\" \/><br \/><\/a><br \/><a href=\"https:\/\/bxrepsol.s3.eu-west-1.amazonaws.com\/static\/2022\/08\/09120028\/1972_angel-nieto-kunz-yugoslavia-50cc-1.jpg\" data-index=\"6\"><br \/><img decoding=\"async\" title=\"1972_angel-nieto-kunz-yugoslavia-50cc\" src=\"https:\/\/bxrepsol.s3.eu-west-1.amazonaws.com\/static\/2022\/08\/09120028\/1972_angel-nieto-kunz-yugoslavia-50cc-1.jpg\" srcset=\"https:\/\/bxrepsol.s3.eu-west-1.amazonaws.com\/static\/2022\/08\/09120028\/1972_angel-nieto-kunz-yugoslavia-50cc-1.jpg 1280w, https:\/\/bxrepsol.s3.eu-west-1.amazonaws.com\/static\/2022\/08\/09120028\/1972_angel-nieto-kunz-yugoslavia-50cc-1.jpg 900w, https:\/\/bxrepsol.s3.eu-west-1.amazonaws.com\/static\/2022\/08\/09120028\/1972_angel-nieto-kunz-yugoslavia-50cc-1.jpg 600w, https:\/\/bxrepsol.s3.eu-west-1.amazonaws.com\/static\/2022\/08\/09120028\/1972_angel-nieto-kunz-yugoslavia-50cc-1.jpg 480w, https:\/\/bxrepsol.s3.eu-west-1.amazonaws.com\/static\/2022\/08\/09120028\/1972_angel-nieto-kunz-yugoslavia-50cc-1.jpg 32w\" alt=\"\u00c1ngel Nieto en la Derbi de 50cc\" data-title=\"\" \/><br \/><\/a><br \/><a href=\"https:\/\/bxrepsol.s3.eu-west-1.amazonaws.com\/static\/2022\/08\/09043655\/1972_benjamin-grau-50cc.jpg\" data-index=\"7\"><br \/><img decoding=\"async\" title=\"1972_benjamin-grau-50cc\" src=\"https:\/\/bxrepsol.s3.eu-west-1.amazonaws.com\/static\/2022\/08\/09043655\/1972_benjamin-grau-50cc.jpg\" srcset=\"https:\/\/bxrepsol.s3.eu-west-1.amazonaws.com\/static\/2022\/08\/09043655\/1972_benjamin-grau-50cc.jpg 1280w, https:\/\/bxrepsol.s3.eu-west-1.amazonaws.com\/static\/2022\/08\/09043655\/1972_benjamin-grau-50cc.jpg 900w, https:\/\/bxrepsol.s3.eu-west-1.amazonaws.com\/static\/2022\/08\/09043655\/1972_benjamin-grau-50cc.jpg 600w, https:\/\/bxrepsol.s3.eu-west-1.amazonaws.com\/static\/2022\/08\/09043655\/1972_benjamin-grau-50cc.jpg 480w, https:\/\/bxrepsol.s3.eu-west-1.amazonaws.com\/static\/2022\/08\/09043655\/1972_benjamin-grau-50cc.jpg 32w\" alt=\"\u00c1ngel Nieto en la Derbi de 50cc\" data-title=\"\" \/><br \/><\/a><br \/><a href=\"https:\/\/bxrepsol.s3.eu-west-1.amazonaws.com\/static\/2022\/08\/09043656\/1972_benjamin-grau-gpbelgica-50cc.jpg\" data-index=\"8\"><br \/><img decoding=\"async\" title=\"1972_benjamin-grau-gpbelgica-50cc\" src=\"https:\/\/bxrepsol.s3.eu-west-1.amazonaws.com\/static\/2022\/08\/09043656\/1972_benjamin-grau-gpbelgica-50cc.jpg\" srcset=\"https:\/\/bxrepsol.s3.eu-west-1.amazonaws.com\/static\/2022\/08\/09043656\/1972_benjamin-grau-gpbelgica-50cc.jpg 1280w, https:\/\/bxrepsol.s3.eu-west-1.amazonaws.com\/static\/2022\/08\/09043656\/1972_benjamin-grau-gpbelgica-50cc.jpg 900w, https:\/\/bxrepsol.s3.eu-west-1.amazonaws.com\/static\/2022\/08\/09043656\/1972_benjamin-grau-gpbelgica-50cc.jpg 600w, https:\/\/bxrepsol.s3.eu-west-1.amazonaws.com\/static\/2022\/08\/09043656\/1972_benjamin-grau-gpbelgica-50cc.jpg 480w, https:\/\/bxrepsol.s3.eu-west-1.amazonaws.com\/static\/2022\/08\/09043656\/1972_benjamin-grau-gpbelgica-50cc.jpg 32w\" alt=\"Benjamin Grau en la Derbi 50cc\" data-title=\"\" \/><br \/><\/a><br \/><button data-glide-dir=\"&lt;\"><\/button><\/p>\n<p>\u00a0<\/p>\n<h2>80cc class<\/h2>\n<p>Replacing the 50cc class, the lowest of the 1984 World Championship changed to 80cc engines until 1989, being the category that raced for the shortest period of time in the World Championship.<\/p>\n<p>The single cylinder two-stroke engine produced around 30 horsepower at over 14\u00a0000\u00a0Rpm.<\/p>\n<p>Jorge Martinez Aspar was one of the Repsol sponsored riders who managed to win three of the six World Championships that were held at this class. He did it on the Derbi GP 80, a machine that Paco Tombas developed, who in his day had prepared \u00c1ngel Nieto&#8217;s bikes at 50 and 125cc.<\/p>\n<h3>80cc gallery<\/h3>\n<p><a href=\"https:\/\/bxrepsol.s3.eu-west-1.amazonaws.com\/static\/2022\/08\/09043657\/1987_herri_torrontegui_gp_jerez-80c.jpg\" data-index=\"0\"><br \/><img decoding=\"async\" title=\"1987_herri_torrontegui_gp_jerez-80c\" src=\"https:\/\/bxrepsol.s3.eu-west-1.amazonaws.com\/static\/2022\/08\/09043657\/1987_herri_torrontegui_gp_jerez-80c.jpg\" srcset=\"https:\/\/bxrepsol.s3.eu-west-1.amazonaws.com\/static\/2022\/08\/09043657\/1987_herri_torrontegui_gp_jerez-80c.jpg 1280w, https:\/\/bxrepsol.s3.eu-west-1.amazonaws.com\/static\/2022\/08\/09043657\/1987_herri_torrontegui_gp_jerez-80c.jpg 900w, https:\/\/bxrepsol.s3.eu-west-1.amazonaws.com\/static\/2022\/08\/09043657\/1987_herri_torrontegui_gp_jerez-80c.jpg 600w, https:\/\/bxrepsol.s3.eu-west-1.amazonaws.com\/static\/2022\/08\/09043657\/1987_herri_torrontegui_gp_jerez-80c.jpg 480w, https:\/\/bxrepsol.s3.eu-west-1.amazonaws.com\/static\/2022\/08\/09043657\/1987_herri_torrontegui_gp_jerez-80c.jpg 32w\" alt=\"Herri Torrontegui en una carrera de la cilindrada de 80cc\" data-title=\"\" \/><br \/><\/a><br \/><a href=\"https:\/\/bxrepsol.s3.eu-west-1.amazonaws.com\/static\/2022\/08\/09043658\/1987_luis_miguel_reyes_gp_assen_198.jpg\" data-index=\"1\"><br \/><img decoding=\"async\" title=\"1987_luis_miguel_reyes_gp_assen_198\" src=\"https:\/\/bxrepsol.s3.eu-west-1.amazonaws.com\/static\/2022\/08\/09043658\/1987_luis_miguel_reyes_gp_assen_198.jpg\" srcset=\"https:\/\/bxrepsol.s3.eu-west-1.amazonaws.com\/static\/2022\/08\/09043658\/1987_luis_miguel_reyes_gp_assen_198.jpg 1280w, https:\/\/bxrepsol.s3.eu-west-1.amazonaws.com\/static\/2022\/08\/09043658\/1987_luis_miguel_reyes_gp_assen_198.jpg 900w, https:\/\/bxrepsol.s3.eu-west-1.amazonaws.com\/static\/2022\/08\/09043658\/1987_luis_miguel_reyes_gp_assen_198.jpg 600w, https:\/\/bxrepsol.s3.eu-west-1.amazonaws.com\/static\/2022\/08\/09043658\/1987_luis_miguel_reyes_gp_assen_198.jpg 480w, https:\/\/bxrepsol.s3.eu-west-1.amazonaws.com\/static\/2022\/08\/09043658\/1987_luis_miguel_reyes_gp_assen_198.jpg 32w\" alt=\"Luis Miguel Reyes en una carrera de la cilindrada de 80cc\" data-title=\"\" \/><br \/><\/a><br \/><a href=\"https:\/\/bxrepsol.s3.eu-west-1.amazonaws.com\/static\/2022\/08\/09120029\/1987_luis_miguel_reyes_gp_inglaterra_80cc-1.jpg\" data-index=\"2\"><br \/><img decoding=\"async\" title=\"1987_luis_miguel_reyes_gp_inglaterra_80cc\" src=\"https:\/\/bxrepsol.s3.eu-west-1.amazonaws.com\/static\/2022\/08\/09120029\/1987_luis_miguel_reyes_gp_inglaterra_80cc-1.jpg\" srcset=\"https:\/\/bxrepsol.s3.eu-west-1.amazonaws.com\/static\/2022\/08\/09120029\/1987_luis_miguel_reyes_gp_inglaterra_80cc-1.jpg 1280w, https:\/\/bxrepsol.s3.eu-west-1.amazonaws.com\/static\/2022\/08\/09120029\/1987_luis_miguel_reyes_gp_inglaterra_80cc-1.jpg 900w, https:\/\/bxrepsol.s3.eu-west-1.amazonaws.com\/static\/2022\/08\/09120029\/1987_luis_miguel_reyes_gp_inglaterra_80cc-1.jpg 600w, https:\/\/bxrepsol.s3.eu-west-1.amazonaws.com\/static\/2022\/08\/09120029\/1987_luis_miguel_reyes_gp_inglaterra_80cc-1.jpg 480w, https:\/\/bxrepsol.s3.eu-west-1.amazonaws.com\/static\/2022\/08\/09120029\/1987_luis_miguel_reyes_gp_inglaterra_80cc-1.jpg 32w\" alt=\"Luis Miguel Reyes en una carrera de la cilindrada de 80cc\" data-title=\"\" \/><br \/><\/a><br \/><a href=\"https:\/\/bxrepsol.s3.eu-west-1.amazonaws.com\/static\/2022\/08\/09043701\/1987_luis_miguel_reyes_gp_jerez_80cc.jpg\" data-index=\"3\"><br \/><img decoding=\"async\" title=\"1987_luis_miguel_reyes_gp_jerez_80cc\" src=\"https:\/\/bxrepsol.s3.eu-west-1.amazonaws.com\/static\/2022\/08\/09043701\/1987_luis_miguel_reyes_gp_jerez_80cc.jpg\" srcset=\"https:\/\/bxrepsol.s3.eu-west-1.amazonaws.com\/static\/2022\/08\/09043701\/1987_luis_miguel_reyes_gp_jerez_80cc.jpg 1280w, https:\/\/bxrepsol.s3.eu-west-1.amazonaws.com\/static\/2022\/08\/09043701\/1987_luis_miguel_reyes_gp_jerez_80cc.jpg 900w, https:\/\/bxrepsol.s3.eu-west-1.amazonaws.com\/static\/2022\/08\/09043701\/1987_luis_miguel_reyes_gp_jerez_80cc.jpg 600w, https:\/\/bxrepsol.s3.eu-west-1.amazonaws.com\/static\/2022\/08\/09043701\/1987_luis_miguel_reyes_gp_jerez_80cc.jpg 480w, https:\/\/bxrepsol.s3.eu-west-1.amazonaws.com\/static\/2022\/08\/09043701\/1987_luis_miguel_reyes_gp_jerez_80cc.jpg 32w\" alt=\"Luis Miguel Reyes en una carrera de la cilindrada de 80cc\" data-title=\"\" \/><br \/><\/a><br \/><a href=\"https:\/\/bxrepsol.s3.eu-west-1.amazonaws.com\/static\/2022\/08\/09043702\/1988_alex_criville_1_gp_espana_jerez_80cc.jpg\" data-index=\"4\"><br \/><img decoding=\"async\" title=\"1988_alex_criville_1_gp_espa\u00f1a_jerez_80cc\" src=\"https:\/\/bxrepsol.s3.eu-west-1.amazonaws.com\/static\/2022\/08\/09043702\/1988_alex_criville_1_gp_espana_jerez_80cc.jpg\" srcset=\"https:\/\/bxrepsol.s3.eu-west-1.amazonaws.com\/static\/2022\/08\/09043702\/1988_alex_criville_1_gp_espana_jerez_80cc.jpg 1280w, https:\/\/bxrepsol.s3.eu-west-1.amazonaws.com\/static\/2022\/08\/09043702\/1988_alex_criville_1_gp_espana_jerez_80cc.jpg 900w, https:\/\/bxrepsol.s3.eu-west-1.amazonaws.com\/static\/2022\/08\/09043702\/1988_alex_criville_1_gp_espana_jerez_80cc.jpg 600w, https:\/\/bxrepsol.s3.eu-west-1.amazonaws.com\/static\/2022\/08\/09043702\/1988_alex_criville_1_gp_espana_jerez_80cc.jpg 480w, https:\/\/bxrepsol.s3.eu-west-1.amazonaws.com\/static\/2022\/08\/09043702\/1988_alex_criville_1_gp_espana_jerez_80cc.jpg 32w\" alt=\"\u00c1lex Crivill\u00e9 en una carrera de la cilindrada de 80cc con la Derbi\" data-title=\"\" \/><br \/><\/a><br \/><a href=\"https:\/\/bxrepsol.s3.eu-west-1.amazonaws.com\/static\/2022\/08\/09043704\/1988_alex_criville_gp_alemania_80cc.jpg\" data-index=\"5\"><br \/><img decoding=\"async\" title=\"1988_alex_criville_gp_alemania_80cc\" src=\"https:\/\/bxrepsol.s3.eu-west-1.amazonaws.com\/static\/2022\/08\/09043704\/1988_alex_criville_gp_alemania_80cc.jpg\" srcset=\"https:\/\/bxrepsol.s3.eu-west-1.amazonaws.com\/static\/2022\/08\/09043704\/1988_alex_criville_gp_alemania_80cc.jpg 1280w, https:\/\/bxrepsol.s3.eu-west-1.amazonaws.com\/static\/2022\/08\/09043704\/1988_alex_criville_gp_alemania_80cc.jpg 900w, https:\/\/bxrepsol.s3.eu-west-1.amazonaws.com\/static\/2022\/08\/09043704\/1988_alex_criville_gp_alemania_80cc.jpg 600w, https:\/\/bxrepsol.s3.eu-west-1.amazonaws.com\/static\/2022\/08\/09043704\/1988_alex_criville_gp_alemania_80cc.jpg 480w, https:\/\/bxrepsol.s3.eu-west-1.amazonaws.com\/static\/2022\/08\/09043704\/1988_alex_criville_gp_alemania_80cc.jpg 32w\" alt=\"\u00c1lex Crivill\u00e9 en una carrera de la cilindrada de 80cc con la Derbi\" data-title=\"\" \/><br \/><\/a><br \/><a href=\"https:\/\/bxrepsol.s3.eu-west-1.amazonaws.com\/static\/2022\/08\/09043705\/1988_alex_criville_gp_yugoslavia_80cc-2.jpg\" data-index=\"6\"><br \/><img decoding=\"async\" title=\"1988_alex_criville_gp_yugoslavia_80cc-2\" src=\"https:\/\/bxrepsol.s3.eu-west-1.amazonaws.com\/static\/2022\/08\/09043705\/1988_alex_criville_gp_yugoslavia_80cc-2.jpg\" srcset=\"https:\/\/bxrepsol.s3.eu-west-1.amazonaws.com\/static\/2022\/08\/09043705\/1988_alex_criville_gp_yugoslavia_80cc-2.jpg 1280w, https:\/\/bxrepsol.s3.eu-west-1.amazonaws.com\/static\/2022\/08\/09043705\/1988_alex_criville_gp_yugoslavia_80cc-2.jpg 900w, https:\/\/bxrepsol.s3.eu-west-1.amazonaws.com\/static\/2022\/08\/09043705\/1988_alex_criville_gp_yugoslavia_80cc-2.jpg 600w, https:\/\/bxrepsol.s3.eu-west-1.amazonaws.com\/static\/2022\/08\/09043705\/1988_alex_criville_gp_yugoslavia_80cc-2.jpg 480w, https:\/\/bxrepsol.s3.eu-west-1.amazonaws.com\/static\/2022\/08\/09043705\/1988_alex_criville_gp_yugoslavia_80cc-2.jpg 32w\" alt=\"\u00c1lex Crivill\u00e9 en una carrera de la cilindrada de 80cc con la Derbi\" data-title=\"\" \/><br \/><\/a><br \/><a href=\"https:\/\/bxrepsol.s3.eu-west-1.amazonaws.com\/static\/2022\/08\/09043707\/1988_alex_criville_gp_yugoslavia_80cc.jpg\" data-index=\"7\"><br \/><img decoding=\"async\" title=\"1988_alex_criville_gp_yugoslavia_80cc\" src=\"https:\/\/bxrepsol.s3.eu-west-1.amazonaws.com\/static\/2022\/08\/09043707\/1988_alex_criville_gp_yugoslavia_80cc.jpg\" srcset=\"https:\/\/bxrepsol.s3.eu-west-1.amazonaws.com\/static\/2022\/08\/09043707\/1988_alex_criville_gp_yugoslavia_80cc.jpg 1280w, https:\/\/bxrepsol.s3.eu-west-1.amazonaws.com\/static\/2022\/08\/09043707\/1988_alex_criville_gp_yugoslavia_80cc.jpg 900w, https:\/\/bxrepsol.s3.eu-west-1.amazonaws.com\/static\/2022\/08\/09043707\/1988_alex_criville_gp_yugoslavia_80cc.jpg 600w, https:\/\/bxrepsol.s3.eu-west-1.amazonaws.com\/static\/2022\/08\/09043707\/1988_alex_criville_gp_yugoslavia_80cc.jpg 480w, https:\/\/bxrepsol.s3.eu-west-1.amazonaws.com\/static\/2022\/08\/09043707\/1988_alex_criville_gp_yugoslavia_80cc.jpg 32w\" alt=\"\u00c1lex Crivill\u00e9 en una carrera de la cilindrada de 80cc con la Derbi\" data-title=\"\" \/><br \/><\/a><br \/><a href=\"https:\/\/bxrepsol.s3.eu-west-1.amazonaws.com\/static\/2022\/08\/09043708\/1988_manuel_champi_herreros_gp_italia_80cc.jpg\" data-index=\"8\"><br \/><img decoding=\"async\" title=\"1988_manuel_champi_herreros_gp_italia_80cc\" src=\"https:\/\/bxrepsol.s3.eu-west-1.amazonaws.com\/static\/2022\/08\/09043708\/1988_manuel_champi_herreros_gp_italia_80cc.jpg\" srcset=\"https:\/\/bxrepsol.s3.eu-west-1.amazonaws.com\/static\/2022\/08\/09043708\/1988_manuel_champi_herreros_gp_italia_80cc.jpg 1280w, https:\/\/bxrepsol.s3.eu-west-1.amazonaws.com\/static\/2022\/08\/09043708\/1988_manuel_champi_herreros_gp_italia_80cc.jpg 900w, https:\/\/bxrepsol.s3.eu-west-1.amazonaws.com\/static\/2022\/08\/09043708\/1988_manuel_champi_herreros_gp_italia_80cc.jpg 600w, https:\/\/bxrepsol.s3.eu-west-1.amazonaws.com\/static\/2022\/08\/09043708\/1988_manuel_champi_herreros_gp_italia_80cc.jpg 480w, https:\/\/bxrepsol.s3.eu-west-1.amazonaws.com\/static\/2022\/08\/09043708\/1988_manuel_champi_herreros_gp_italia_80cc.jpg 32w\" alt=\"Manuel Champi Herreros en la parilla de la cilindrada de 80cc\" data-title=\"\" \/><br \/><\/a><br \/><a href=\"https:\/\/bxrepsol.s3.eu-west-1.amazonaws.com\/static\/2022\/08\/09043709\/1989_herri_torrontegui_gp_alemania_80cc.jpg\" data-index=\"9\"><br \/><img decoding=\"async\" title=\"1989_herri_torrontegui_gp_alemania_80cc\" src=\"https:\/\/bxrepsol.s3.eu-west-1.amazonaws.com\/static\/2022\/08\/09043709\/1989_herri_torrontegui_gp_alemania_80cc.jpg\" srcset=\"https:\/\/bxrepsol.s3.eu-west-1.amazonaws.com\/static\/2022\/08\/09043709\/1989_herri_torrontegui_gp_alemania_80cc.jpg 1280w, https:\/\/bxrepsol.s3.eu-west-1.amazonaws.com\/static\/2022\/08\/09043709\/1989_herri_torrontegui_gp_alemania_80cc.jpg 900w, https:\/\/bxrepsol.s3.eu-west-1.amazonaws.com\/static\/2022\/08\/09043709\/1989_herri_torrontegui_gp_alemania_80cc.jpg 600w, https:\/\/bxrepsol.s3.eu-west-1.amazonaws.com\/static\/2022\/08\/09043709\/1989_herri_torrontegui_gp_alemania_80cc.jpg 480w, https:\/\/bxrepsol.s3.eu-west-1.amazonaws.com\/static\/2022\/08\/09043709\/1989_herri_torrontegui_gp_alemania_80cc.jpg 32w\" alt=\"Herri Torrontegui en la parilla de la cilindrada de 80cc\" data-title=\"\" \/><br \/><\/a><br \/><button data-glide-dir=\"&lt;\"><\/button><\/p>\n<p>\u00a0<\/p>\n<h2>The 990cc class, MotoGP in its early years<\/h2>\n<p>In 2002 the regulations regarding the World Championship&#8217;s Top Category changed to replace the<br \/>polluting 500cc and two-stroke motorcycles with four-stroke 990cc engines.<\/p>\n<p>From then until 2006, the new MotoGP category used that cylinder capacity, the most powerful used to date in the World Championship, with four and five-cylinder engines, as in the case of the Honda RC211V that achieved three World Championships for the Repsol Honda Team with Valentino Rossi and Nicky Hayden.<\/p>\n<p>The engines in the first year produced over 210 horsepower and even exceeded 260 in the last year of races. The evolution that took place in those years marked a before and after in terms of technology and electronics used today in MotoGP.<\/p>\n<h3>990cc gallery<\/h3>\n<p><a href=\"https:\/\/bxrepsol.s3.eu-west-1.amazonaws.com\/static\/2022\/08\/09043710\/2002_rossi-italia-990cc.jpg\" data-index=\"0\"><br \/><img decoding=\"async\" title=\"2002_rossi-italia-990cc\" src=\"https:\/\/bxrepsol.s3.eu-west-1.amazonaws.com\/static\/2022\/08\/09043710\/2002_rossi-italia-990cc.jpg\" srcset=\"https:\/\/bxrepsol.s3.eu-west-1.amazonaws.com\/static\/2022\/08\/09043710\/2002_rossi-italia-990cc.jpg 1280w, https:\/\/bxrepsol.s3.eu-west-1.amazonaws.com\/static\/2022\/08\/09043710\/2002_rossi-italia-990cc.jpg 900w, https:\/\/bxrepsol.s3.eu-west-1.amazonaws.com\/static\/2022\/08\/09043710\/2002_rossi-italia-990cc.jpg 600w, https:\/\/bxrepsol.s3.eu-west-1.amazonaws.com\/static\/2022\/08\/09043710\/2002_rossi-italia-990cc.jpg 480w, https:\/\/bxrepsol.s3.eu-west-1.amazonaws.com\/static\/2022\/08\/09043710\/2002_rossi-italia-990cc.jpg 32w\" alt=\"Valentino Rossi en carrera con la RC211V de 990cc\" data-title=\"\" \/><br \/><\/a><br \/><a href=\"https:\/\/bxrepsol.s3.eu-west-1.amazonaws.com\/static\/2022\/08\/09043712\/2003_hayden-holanda_990cc.jpg\" data-index=\"1\"><br \/><img decoding=\"async\" title=\"2003_hayden-holanda_990cc\" src=\"https:\/\/bxrepsol.s3.eu-west-1.amazonaws.com\/static\/2022\/08\/09043712\/2003_hayden-holanda_990cc.jpg\" srcset=\"https:\/\/bxrepsol.s3.eu-west-1.amazonaws.com\/static\/2022\/08\/09043712\/2003_hayden-holanda_990cc.jpg 1280w, https:\/\/bxrepsol.s3.eu-west-1.amazonaws.com\/static\/2022\/08\/09043712\/2003_hayden-holanda_990cc.jpg 900w, https:\/\/bxrepsol.s3.eu-west-1.amazonaws.com\/static\/2022\/08\/09043712\/2003_hayden-holanda_990cc.jpg 600w, https:\/\/bxrepsol.s3.eu-west-1.amazonaws.com\/static\/2022\/08\/09043712\/2003_hayden-holanda_990cc.jpg 480w, https:\/\/bxrepsol.s3.eu-west-1.amazonaws.com\/static\/2022\/08\/09043712\/2003_hayden-holanda_990cc.jpg 32w\" alt=\"Nicky Hayden haciendo un caballito con la RC211V de 990cc\" data-title=\"\" \/><br \/><\/a><br \/><a href=\"https:\/\/bxrepsol.s3.eu-west-1.amazonaws.com\/static\/2022\/08\/09043713\/2004_barros-portugal_990cc.jpg\" data-index=\"2\"><br \/><img decoding=\"async\" title=\"2004_barros-portugal_990cc\" src=\"https:\/\/bxrepsol.s3.eu-west-1.amazonaws.com\/static\/2022\/08\/09043713\/2004_barros-portugal_990cc.jpg\" srcset=\"https:\/\/bxrepsol.s3.eu-west-1.amazonaws.com\/static\/2022\/08\/09043713\/2004_barros-portugal_990cc.jpg 1280w, https:\/\/bxrepsol.s3.eu-west-1.amazonaws.com\/static\/2022\/08\/09043713\/2004_barros-portugal_990cc.jpg 900w, https:\/\/bxrepsol.s3.eu-west-1.amazonaws.com\/static\/2022\/08\/09043713\/2004_barros-portugal_990cc.jpg 600w, https:\/\/bxrepsol.s3.eu-west-1.amazonaws.com\/static\/2022\/08\/09043713\/2004_barros-portugal_990cc.jpg 480w, https:\/\/bxrepsol.s3.eu-west-1.amazonaws.com\/static\/2022\/08\/09043713\/2004_barros-portugal_990cc.jpg 32w\" alt=\"\u00c1lex Barros en carrera con la RC211V de 990cc\" data-title=\"\" \/><br \/><\/a><br \/><a href=\"https:\/\/bxrepsol.s3.eu-west-1.amazonaws.com\/static\/2022\/08\/09043714\/2004_hayden-uk_990cc.jpg\" data-index=\"3\"><br \/><img decoding=\"async\" title=\"2004_hayden-uk_990cc\" src=\"https:\/\/bxrepsol.s3.eu-west-1.amazonaws.com\/static\/2022\/08\/09043714\/2004_hayden-uk_990cc.jpg\" srcset=\"https:\/\/bxrepsol.s3.eu-west-1.amazonaws.com\/static\/2022\/08\/09043714\/2004_hayden-uk_990cc.jpg 1280w, https:\/\/bxrepsol.s3.eu-west-1.amazonaws.com\/static\/2022\/08\/09043714\/2004_hayden-uk_990cc.jpg 900w, https:\/\/bxrepsol.s3.eu-west-1.amazonaws.com\/static\/2022\/08\/09043714\/2004_hayden-uk_990cc.jpg 600w, https:\/\/bxrepsol.s3.eu-west-1.amazonaws.com\/static\/2022\/08\/09043714\/2004_hayden-uk_990cc.jpg 480w, https:\/\/bxrepsol.s3.eu-west-1.amazonaws.com\/static\/2022\/08\/09043714\/2004_hayden-uk_990cc.jpg 32w\" alt=\"Nicky Hayden en carrera con la RC211V de 990cc\" data-title=\"\" \/><br \/><\/a><br \/><a href=\"https:\/\/bxrepsol.s3.eu-west-1.amazonaws.com\/static\/2022\/08\/09043715\/2004-italia-990cc.jpg\" data-index=\"4\"><br \/><img decoding=\"async\" title=\"2004-italia-990cc\" src=\"https:\/\/bxrepsol.s3.eu-west-1.amazonaws.com\/static\/2022\/08\/09043715\/2004-italia-990cc.jpg\" srcset=\"https:\/\/bxrepsol.s3.eu-west-1.amazonaws.com\/static\/2022\/08\/09043715\/2004-italia-990cc.jpg 1280w, https:\/\/bxrepsol.s3.eu-west-1.amazonaws.com\/static\/2022\/08\/09043715\/2004-italia-990cc.jpg 900w, https:\/\/bxrepsol.s3.eu-west-1.amazonaws.com\/static\/2022\/08\/09043715\/2004-italia-990cc.jpg 600w, https:\/\/bxrepsol.s3.eu-west-1.amazonaws.com\/static\/2022\/08\/09043715\/2004-italia-990cc.jpg 480w, https:\/\/bxrepsol.s3.eu-west-1.amazonaws.com\/static\/2022\/08\/09043715\/2004-italia-990cc.jpg 32w\" alt=\"Nicky Hayden en carrera con la RC211V de 990cc\" data-title=\"\" \/><br \/><\/a><br \/><a href=\"https:\/\/bxrepsol.s3.eu-west-1.amazonaws.com\/static\/2022\/08\/09043717\/2005_biaggi-uk_990cc.jpg\" data-index=\"5\"><br \/><img decoding=\"async\" title=\"2005_biaggi-uk_990cc\" src=\"https:\/\/bxrepsol.s3.eu-west-1.amazonaws.com\/static\/2022\/08\/09043717\/2005_biaggi-uk_990cc.jpg\" srcset=\"https:\/\/bxrepsol.s3.eu-west-1.amazonaws.com\/static\/2022\/08\/09043717\/2005_biaggi-uk_990cc.jpg 1280w, https:\/\/bxrepsol.s3.eu-west-1.amazonaws.com\/static\/2022\/08\/09043717\/2005_biaggi-uk_990cc.jpg 900w, https:\/\/bxrepsol.s3.eu-west-1.amazonaws.com\/static\/2022\/08\/09043717\/2005_biaggi-uk_990cc.jpg 600w, https:\/\/bxrepsol.s3.eu-west-1.amazonaws.com\/static\/2022\/08\/09043717\/2005_biaggi-uk_990cc.jpg 480w, https:\/\/bxrepsol.s3.eu-west-1.amazonaws.com\/static\/2022\/08\/09043717\/2005_biaggi-uk_990cc.jpg 32w\" alt=\"Max Biaggi en carrera con la RC211V de 990cc\" data-title=\"\" \/><br \/><\/a><br \/><a href=\"https:\/\/bxrepsol.s3.eu-west-1.amazonaws.com\/static\/2022\/08\/09043718\/2005_hayden-uk-990cc.jpg\" data-index=\"6\"><br \/><img decoding=\"async\" title=\"2005_hayden-uk-990cc\" src=\"https:\/\/bxrepsol.s3.eu-west-1.amazonaws.com\/static\/2022\/08\/09043718\/2005_hayden-uk-990cc.jpg\" srcset=\"https:\/\/bxrepsol.s3.eu-west-1.amazonaws.com\/static\/2022\/08\/09043718\/2005_hayden-uk-990cc.jpg 1280w, https:\/\/bxrepsol.s3.eu-west-1.amazonaws.com\/static\/2022\/08\/09043718\/2005_hayden-uk-990cc.jpg 900w, https:\/\/bxrepsol.s3.eu-west-1.amazonaws.com\/static\/2022\/08\/09043718\/2005_hayden-uk-990cc.jpg 600w, https:\/\/bxrepsol.s3.eu-west-1.amazonaws.com\/static\/2022\/08\/09043718\/2005_hayden-uk-990cc.jpg 480w, https:\/\/bxrepsol.s3.eu-west-1.amazonaws.com\/static\/2022\/08\/09043718\/2005_hayden-uk-990cc.jpg 32w\" alt=\"Nicky Hayden en carrera con la RC211V de 990cc\" data-title=\"\" \/><br \/><\/a><br \/><a href=\"https:\/\/bxrepsol.s3.eu-west-1.amazonaws.com\/static\/2022\/08\/09043719\/2006_hayden-pedrosa-test-sepang_990cc.jpg\" data-index=\"7\"><br \/><img decoding=\"async\" title=\"2006_hayden-pedrosa-test-sepang_990cc\" src=\"https:\/\/bxrepsol.s3.eu-west-1.amazonaws.com\/static\/2022\/08\/09043719\/2006_hayden-pedrosa-test-sepang_990cc.jpg\" srcset=\"https:\/\/bxrepsol.s3.eu-west-1.amazonaws.com\/static\/2022\/08\/09043719\/2006_hayden-pedrosa-test-sepang_990cc.jpg 1280w, https:\/\/bxrepsol.s3.eu-west-1.amazonaws.com\/static\/2022\/08\/09043719\/2006_hayden-pedrosa-test-sepang_990cc.jpg 900w, https:\/\/bxrepsol.s3.eu-west-1.amazonaws.com\/static\/2022\/08\/09043719\/2006_hayden-pedrosa-test-sepang_990cc.jpg 600w, https:\/\/bxrepsol.s3.eu-west-1.amazonaws.com\/static\/2022\/08\/09043719\/2006_hayden-pedrosa-test-sepang_990cc.jpg 480w, https:\/\/bxrepsol.s3.eu-west-1.amazonaws.com\/static\/2022\/08\/09043719\/2006_hayden-pedrosa-test-sepang_990cc.jpg 32w\" alt=\"Nicky Hayden y Dani Pedrosa con las RC211V de 990cc\" data-title=\"\" \/><br \/><\/a><br \/><a href=\"https:\/\/bxrepsol.s3.eu-west-1.amazonaws.com\/static\/2022\/08\/09043720\/2006_hayden-valencia-990cc.jpg\" data-index=\"8\"><br \/><img decoding=\"async\" title=\"2006_hayden-valencia-990cc\" src=\"https:\/\/bxrepsol.s3.eu-west-1.amazonaws.com\/static\/2022\/08\/09043720\/2006_hayden-valencia-990cc.jpg\" srcset=\"https:\/\/bxrepsol.s3.eu-west-1.amazonaws.com\/static\/2022\/08\/09043720\/2006_hayden-valencia-990cc.jpg 1280w, https:\/\/bxrepsol.s3.eu-west-1.amazonaws.com\/static\/2022\/08\/09043720\/2006_hayden-valencia-990cc.jpg 900w, https:\/\/bxrepsol.s3.eu-west-1.amazonaws.com\/static\/2022\/08\/09043720\/2006_hayden-valencia-990cc.jpg 600w, https:\/\/bxrepsol.s3.eu-west-1.amazonaws.com\/static\/2022\/08\/09043720\/2006_hayden-valencia-990cc.jpg 480w, https:\/\/bxrepsol.s3.eu-west-1.amazonaws.com\/static\/2022\/08\/09043720\/2006_hayden-valencia-990cc.jpg 32w\" alt=\"Nicky Hayden en carrera con la RC211V de 990cc\" data-title=\"\" \/><br \/><\/a><br \/><a href=\"https:\/\/bxrepsol.s3.eu-west-1.amazonaws.com\/static\/2022\/08\/09043722\/2006_Pedrosa-china-990cc.jpg\" data-index=\"9\"><br \/><img decoding=\"async\" title=\"2006_Pedrosa-china-990cc\" src=\"https:\/\/bxrepsol.s3.eu-west-1.amazonaws.com\/static\/2022\/08\/09043722\/2006_Pedrosa-china-990cc.jpg\" srcset=\"https:\/\/bxrepsol.s3.eu-west-1.amazonaws.com\/static\/2022\/08\/09043722\/2006_Pedrosa-china-990cc.jpg 1280w, https:\/\/bxrepsol.s3.eu-west-1.amazonaws.com\/static\/2022\/08\/09043722\/2006_Pedrosa-china-990cc.jpg 900w, https:\/\/bxrepsol.s3.eu-west-1.amazonaws.com\/static\/2022\/08\/09043722\/2006_Pedrosa-china-990cc.jpg 600w, https:\/\/bxrepsol.s3.eu-west-1.amazonaws.com\/static\/2022\/08\/09043722\/2006_Pedrosa-china-990cc.jpg 480w, https:\/\/bxrepsol.s3.eu-west-1.amazonaws.com\/static\/2022\/08\/09043722\/2006_Pedrosa-china-990cc.jpg 32w\" alt=\"Dani Pedrosa en carrera con la RC211V de 990cc\" data-title=\"\" \/><br \/><\/a><br \/><button data-glide-dir=\"&lt;\"><\/button><\/p>\n<p>\u00a0<\/p>\n<h2>800cc class, 2007 MotoGP to 2011<\/h2>\n<p>With the regulation change in 2007, manufacturers were forced to reduce the cylinder capacity of the engines to 800cc. This involved a complete overhaul of all manufacturers&#8217; engines and the adoption of in-line and V-four cylinder engines.<\/p>\n<p>The power decreased to 220 horsepower and then went up to about 230. The implementation of new technologies such as <a href=\"https:\/\/www.boxrepsol.com\/en\/motogp-en\/what-is-the-seamless-gearbox-of-motogp-engine\/\">seamless gearboxes<\/a> and <a href=\"https:\/\/www.boxrepsol.com\/en\/motogp-en\/how-do-the-valves-work-in-motogp-engine\/\">pneumatic valve<\/a> engines, as well as increasingly sophisticated electronics, achieved lap times similar to those of 990cc engines.<\/p>\n<p>Casey Stoner won the World Title in 2011 with the <a href=\"https:\/\/www.boxrepsol.com\/en\/motogp-en\/evolution-of-the-repsol-honda-engine-the-rc212v-and-the-rc213v\/\">Honda RC212V<\/a> with the Repsol Team Honda.<\/p>\n<h3>800cc gallery<\/h3>\n<p><a href=\"https:\/\/bxrepsol.s3.eu-west-1.amazonaws.com\/static\/2022\/08\/09043723\/2007_hayden-san-marino-800cc.jpg\" data-index=\"0\"><br \/><img decoding=\"async\" title=\"2007_hayden-san-marino-800cc\" src=\"https:\/\/bxrepsol.s3.eu-west-1.amazonaws.com\/static\/2022\/08\/09043723\/2007_hayden-san-marino-800cc.jpg\" srcset=\"https:\/\/bxrepsol.s3.eu-west-1.amazonaws.com\/static\/2022\/08\/09043723\/2007_hayden-san-marino-800cc.jpg 1280w, https:\/\/bxrepsol.s3.eu-west-1.amazonaws.com\/static\/2022\/08\/09043723\/2007_hayden-san-marino-800cc.jpg 900w, https:\/\/bxrepsol.s3.eu-west-1.amazonaws.com\/static\/2022\/08\/09043723\/2007_hayden-san-marino-800cc.jpg 600w, https:\/\/bxrepsol.s3.eu-west-1.amazonaws.com\/static\/2022\/08\/09043723\/2007_hayden-san-marino-800cc.jpg 480w, https:\/\/bxrepsol.s3.eu-west-1.amazonaws.com\/static\/2022\/08\/09043723\/2007_hayden-san-marino-800cc.jpg 32w\" alt=\"Nicky Hayden en carrera con la RC212V de 800cc\" data-title=\"\" \/><br \/><\/a><br \/><a href=\"https:\/\/bxrepsol.s3.eu-west-1.amazonaws.com\/static\/2022\/08\/09043724\/2007_pedrosa-francia-800cc.jpg\" data-index=\"1\"><br \/><img decoding=\"async\" title=\"2007_pedrosa-francia-800cc\" src=\"https:\/\/bxrepsol.s3.eu-west-1.amazonaws.com\/static\/2022\/08\/09043724\/2007_pedrosa-francia-800cc.jpg\" srcset=\"https:\/\/bxrepsol.s3.eu-west-1.amazonaws.com\/static\/2022\/08\/09043724\/2007_pedrosa-francia-800cc.jpg 1280w, https:\/\/bxrepsol.s3.eu-west-1.amazonaws.com\/static\/2022\/08\/09043724\/2007_pedrosa-francia-800cc.jpg 900w, https:\/\/bxrepsol.s3.eu-west-1.amazonaws.com\/static\/2022\/08\/09043724\/2007_pedrosa-francia-800cc.jpg 600w, https:\/\/bxrepsol.s3.eu-west-1.amazonaws.com\/static\/2022\/08\/09043724\/2007_pedrosa-francia-800cc.jpg 480w, https:\/\/bxrepsol.s3.eu-west-1.amazonaws.com\/static\/2022\/08\/09043724\/2007_pedrosa-francia-800cc.jpg 32w\" alt=\"Salida de carrera en la cilindrada de 800cc de MotoGP\" data-title=\"\" \/><br \/><\/a><br \/><a href=\"https:\/\/bxrepsol.s3.eu-west-1.amazonaws.com\/static\/2022\/08\/09043725\/2007_pedrosa-porgual-800c.jpg\" data-index=\"2\"><br \/><img decoding=\"async\" title=\"2007_pedrosa-porgual-800c\" src=\"https:\/\/bxrepsol.s3.eu-west-1.amazonaws.com\/static\/2022\/08\/09043725\/2007_pedrosa-porgual-800c.jpg\" srcset=\"https:\/\/bxrepsol.s3.eu-west-1.amazonaws.com\/static\/2022\/08\/09043725\/2007_pedrosa-porgual-800c.jpg 1280w, https:\/\/bxrepsol.s3.eu-west-1.amazonaws.com\/static\/2022\/08\/09043725\/2007_pedrosa-porgual-800c.jpg 900w, https:\/\/bxrepsol.s3.eu-west-1.amazonaws.com\/static\/2022\/08\/09043725\/2007_pedrosa-porgual-800c.jpg 600w, https:\/\/bxrepsol.s3.eu-west-1.amazonaws.com\/static\/2022\/08\/09043725\/2007_pedrosa-porgual-800c.jpg 480w, https:\/\/bxrepsol.s3.eu-west-1.amazonaws.com\/static\/2022\/08\/09043725\/2007_pedrosa-porgual-800c.jpg 32w\" alt=\"Dani Pedrosa en carrera con la RC212V de 800cc\" data-title=\"\" \/><br \/><\/a><br \/><a href=\"https:\/\/bxrepsol.s3.eu-west-1.amazonaws.com\/static\/2022\/08\/09043726\/2008_espana-800cc.jpg\" data-index=\"3\"><br \/><img decoding=\"async\" title=\"2008_espa\u00f1a-800cc\" src=\"https:\/\/bxrepsol.s3.eu-west-1.amazonaws.com\/static\/2022\/08\/09043726\/2008_espana-800cc.jpg\" srcset=\"https:\/\/bxrepsol.s3.eu-west-1.amazonaws.com\/static\/2022\/08\/09043726\/2008_espana-800cc.jpg 1280w, https:\/\/bxrepsol.s3.eu-west-1.amazonaws.com\/static\/2022\/08\/09043726\/2008_espana-800cc.jpg 900w, https:\/\/bxrepsol.s3.eu-west-1.amazonaws.com\/static\/2022\/08\/09043726\/2008_espana-800cc.jpg 600w, https:\/\/bxrepsol.s3.eu-west-1.amazonaws.com\/static\/2022\/08\/09043726\/2008_espana-800cc.jpg 480w, https:\/\/bxrepsol.s3.eu-west-1.amazonaws.com\/static\/2022\/08\/09043726\/2008_espana-800cc.jpg 32w\" alt=\"Dani Pedrosa y Nicky Hayden en la salida de carrera del GP de Espa\u00f1a en la cilindrada de 800cc de MotoGP\" data-title=\"\" \/><br \/><\/a><br \/><a href=\"https:\/\/bxrepsol.s3.eu-west-1.amazonaws.com\/static\/2022\/08\/09043727\/2008_hayden-uk_800cc.jpg\" data-index=\"4\"><br \/><img decoding=\"async\" title=\"2008_hayden-uk_800cc\" src=\"https:\/\/bxrepsol.s3.eu-west-1.amazonaws.com\/static\/2022\/08\/09043727\/2008_hayden-uk_800cc.jpg\" srcset=\"https:\/\/bxrepsol.s3.eu-west-1.amazonaws.com\/static\/2022\/08\/09043727\/2008_hayden-uk_800cc.jpg 1280w, https:\/\/bxrepsol.s3.eu-west-1.amazonaws.com\/static\/2022\/08\/09043727\/2008_hayden-uk_800cc.jpg 900w, https:\/\/bxrepsol.s3.eu-west-1.amazonaws.com\/static\/2022\/08\/09043727\/2008_hayden-uk_800cc.jpg 600w, https:\/\/bxrepsol.s3.eu-west-1.amazonaws.com\/static\/2022\/08\/09043727\/2008_hayden-uk_800cc.jpg 480w, https:\/\/bxrepsol.s3.eu-west-1.amazonaws.com\/static\/2022\/08\/09043727\/2008_hayden-uk_800cc.jpg 32w\" alt=\"Nicky Hayden en carrera con la RC212V de 800cc\" data-title=\"\" \/><br \/><\/a><br \/><a href=\"https:\/\/bxrepsol.s3.eu-west-1.amazonaws.com\/static\/2022\/08\/09043728\/2008_hayden-valencia-800cc.jpg\" data-index=\"5\"><br \/><img decoding=\"async\" title=\"2008_hayden-valencia-800cc\" src=\"https:\/\/bxrepsol.s3.eu-west-1.amazonaws.com\/static\/2022\/08\/09043728\/2008_hayden-valencia-800cc.jpg\" srcset=\"https:\/\/bxrepsol.s3.eu-west-1.amazonaws.com\/static\/2022\/08\/09043728\/2008_hayden-valencia-800cc.jpg 1280w, https:\/\/bxrepsol.s3.eu-west-1.amazonaws.com\/static\/2022\/08\/09043728\/2008_hayden-valencia-800cc.jpg 900w, https:\/\/bxrepsol.s3.eu-west-1.amazonaws.com\/static\/2022\/08\/09043728\/2008_hayden-valencia-800cc.jpg 600w, https:\/\/bxrepsol.s3.eu-west-1.amazonaws.com\/static\/2022\/08\/09043728\/2008_hayden-valencia-800cc.jpg 480w, https:\/\/bxrepsol.s3.eu-west-1.amazonaws.com\/static\/2022\/08\/09043728\/2008_hayden-valencia-800cc.jpg 32w\" alt=\"Nicky Hayden en carrera con la RC212V eidici\u00f3n especial de 2008 de 800cc\" data-title=\"\" \/><br \/><\/a><br \/><a href=\"https:\/\/bxrepsol.s3.eu-west-1.amazonaws.com\/static\/2022\/08\/09120030\/2008_portugal-800cc-1.jpg\" data-index=\"6\"><br \/><img decoding=\"async\" title=\"2008_portugal-800cc\" src=\"https:\/\/bxrepsol.s3.eu-west-1.amazonaws.com\/static\/2022\/08\/09120030\/2008_portugal-800cc-1.jpg\" srcset=\"https:\/\/bxrepsol.s3.eu-west-1.amazonaws.com\/static\/2022\/08\/09120030\/2008_portugal-800cc-1.jpg 1280w, https:\/\/bxrepsol.s3.eu-west-1.amazonaws.com\/static\/2022\/08\/09120030\/2008_portugal-800cc-1.jpg 900w, https:\/\/bxrepsol.s3.eu-west-1.amazonaws.com\/static\/2022\/08\/09120030\/2008_portugal-800cc-1.jpg 600w, https:\/\/bxrepsol.s3.eu-west-1.amazonaws.com\/static\/2022\/08\/09120030\/2008_portugal-800cc-1.jpg 480w, https:\/\/bxrepsol.s3.eu-west-1.amazonaws.com\/static\/2022\/08\/09120030\/2008_portugal-800cc-1.jpg 32w\" alt=\"Carrera en la cilindrada de 800cc\" data-title=\"\" \/><br \/><\/a><br \/><a href=\"https:\/\/bxrepsol.s3.eu-west-1.amazonaws.com\/static\/2022\/08\/09043730\/2010_dovizioso-alemania-800cc.jpg\" data-index=\"7\"><br \/><img decoding=\"async\" title=\"2010_dovizioso-alemania-800cc\" src=\"https:\/\/bxrepsol.s3.eu-west-1.amazonaws.com\/static\/2022\/08\/09043730\/2010_dovizioso-alemania-800cc.jpg\" srcset=\"https:\/\/bxrepsol.s3.eu-west-1.amazonaws.com\/static\/2022\/08\/09043730\/2010_dovizioso-alemania-800cc.jpg 1280w, https:\/\/bxrepsol.s3.eu-west-1.amazonaws.com\/static\/2022\/08\/09043730\/2010_dovizioso-alemania-800cc.jpg 900w, https:\/\/bxrepsol.s3.eu-west-1.amazonaws.com\/static\/2022\/08\/09043730\/2010_dovizioso-alemania-800cc.jpg 600w, https:\/\/bxrepsol.s3.eu-west-1.amazonaws.com\/static\/2022\/08\/09043730\/2010_dovizioso-alemania-800cc.jpg 480w, https:\/\/bxrepsol.s3.eu-west-1.amazonaws.com\/static\/2022\/08\/09043730\/2010_dovizioso-alemania-800cc.jpg 32w\" alt=\"Andrea Dovizioso en carrera con la RC212V de 800cc\" data-title=\"\" \/><br \/><\/a><br \/><a href=\"https:\/\/bxrepsol.s3.eu-west-1.amazonaws.com\/static\/2022\/08\/09043731\/2011_pedrosa-aragon-800cc.jpg\" data-index=\"8\"><br \/><img decoding=\"async\" title=\"2011_pedrosa-aragon-800cc\" src=\"https:\/\/bxrepsol.s3.eu-west-1.amazonaws.com\/static\/2022\/08\/09043731\/2011_pedrosa-aragon-800cc.jpg\" srcset=\"https:\/\/bxrepsol.s3.eu-west-1.amazonaws.com\/static\/2022\/08\/09043731\/2011_pedrosa-aragon-800cc.jpg 1280w, https:\/\/bxrepsol.s3.eu-west-1.amazonaws.com\/static\/2022\/08\/09043731\/2011_pedrosa-aragon-800cc.jpg 900w, https:\/\/bxrepsol.s3.eu-west-1.amazonaws.com\/static\/2022\/08\/09043731\/2011_pedrosa-aragon-800cc.jpg 600w, https:\/\/bxrepsol.s3.eu-west-1.amazonaws.com\/static\/2022\/08\/09043731\/2011_pedrosa-aragon-800cc.jpg 480w, https:\/\/bxrepsol.s3.eu-west-1.amazonaws.com\/static\/2022\/08\/09043731\/2011_pedrosa-aragon-800cc.jpg 32w\" alt=\"Dani Pedrosa en el pitlane con la RC212V eidici\u00f3n especial de 2011 de 800cc\" data-title=\"\" \/><br \/><\/a><br \/><a href=\"https:\/\/bxrepsol.s3.eu-west-1.amazonaws.com\/static\/2022\/08\/09043732\/2011_stoner-australia-800cc.jpg\" data-index=\"9\"><br \/><img decoding=\"async\" title=\"2011_stoner-australia-800cc\" src=\"https:\/\/bxrepsol.s3.eu-west-1.amazonaws.com\/static\/2022\/08\/09043732\/2011_stoner-australia-800cc.jpg\" srcset=\"https:\/\/bxrepsol.s3.eu-west-1.amazonaws.com\/static\/2022\/08\/09043732\/2011_stoner-australia-800cc.jpg 1280w, https:\/\/bxrepsol.s3.eu-west-1.amazonaws.com\/static\/2022\/08\/09043732\/2011_stoner-australia-800cc.jpg 900w, https:\/\/bxrepsol.s3.eu-west-1.amazonaws.com\/static\/2022\/08\/09043732\/2011_stoner-australia-800cc.jpg 600w, https:\/\/bxrepsol.s3.eu-west-1.amazonaws.com\/static\/2022\/08\/09043732\/2011_stoner-australia-800cc.jpg 480w, https:\/\/bxrepsol.s3.eu-west-1.amazonaws.com\/static\/2022\/08\/09043732\/2011_stoner-australia-800cc.jpg 32w\" alt=\"Casey Stoner en carrera con la RC212V de 800cc\" data-title=\"\" \/><br \/><\/a><br \/><button data-glide-dir=\"&lt;\"><\/button><\/p>\n<p>\u00a0<\/p>\n<h2>Moto2 and the 600cc and 750cc classes<\/h2>\n<p>In 2010 the 250cc intermediate class disappeared and gave way to the new &#8220;Moto2&#8221;, a category with free chassis and fairings but that would use 600cc four-cylinder in-line engines and the same characteristics for all participants. These engines were based on the Honda CBR600R street model, with 125 horsepower. In 2019, the regulations were changed and the Triumph 765cc three-cylinder engines were used that produced around 140\u00a0hp.<\/p>\n<p>Although historically there was a 750cc class in the 70s, it never officially became part of the Motorcycling World Championship.<\/p>\n<p>Marc M\u00e1rquez won the World Championship in 2012 on one of these machines and his brother \u00c1lex M\u00e1rquez also did in 2019 with the new Triumph engine.<\/p>\n<h3>Moto2 gallery<\/h3>\n<p><a href=\"https:\/\/bxrepsol.s3.eu-west-1.amazonaws.com\/static\/2022\/08\/09043750\/2011_marquez-japon_moto2.jpg\" data-index=\"0\"><br \/><img decoding=\"async\" title=\"Repsol Honda moto 2\" src=\"https:\/\/bxrepsol.s3.eu-west-1.amazonaws.com\/static\/2022\/08\/09043750\/2011_marquez-japon_moto2.jpg\" srcset=\"https:\/\/bxrepsol.s3.eu-west-1.amazonaws.com\/static\/2022\/08\/09043750\/2011_marquez-japon_moto2.jpg 1280w, https:\/\/bxrepsol.s3.eu-west-1.amazonaws.com\/static\/2022\/08\/09043750\/2011_marquez-japon_moto2.jpg 900w, https:\/\/bxrepsol.s3.eu-west-1.amazonaws.com\/static\/2022\/08\/09043750\/2011_marquez-japon_moto2.jpg 600w, https:\/\/bxrepsol.s3.eu-west-1.amazonaws.com\/static\/2022\/08\/09043750\/2011_marquez-japon_moto2.jpg 480w, https:\/\/bxrepsol.s3.eu-west-1.amazonaws.com\/static\/2022\/08\/09043750\/2011_marquez-japon_moto2.jpg 32w\" alt=\"Repsol Honda moto 2\" data-title=\"\" \/><br \/><\/a><br \/><a href=\"https:\/\/bxrepsol.s3.eu-west-1.amazonaws.com\/static\/2022\/08\/09043751\/2012_marquez-valencia-moto2.jpg\" data-index=\"1\"><br \/><img decoding=\"async\" title=\"Repsol Honda moto 2\" src=\"https:\/\/bxrepsol.s3.eu-west-1.amazonaws.com\/static\/2022\/08\/09043751\/2012_marquez-valencia-moto2.jpg\" srcset=\"https:\/\/bxrepsol.s3.eu-west-1.amazonaws.com\/static\/2022\/08\/09043751\/2012_marquez-valencia-moto2.jpg 1280w, https:\/\/bxrepsol.s3.eu-west-1.amazonaws.com\/static\/2022\/08\/09043751\/2012_marquez-valencia-moto2.jpg 900w, https:\/\/bxrepsol.s3.eu-west-1.amazonaws.com\/static\/2022\/08\/09043751\/2012_marquez-valencia-moto2.jpg 600w, https:\/\/bxrepsol.s3.eu-west-1.amazonaws.com\/static\/2022\/08\/09043751\/2012_marquez-valencia-moto2.jpg 480w, https:\/\/bxrepsol.s3.eu-west-1.amazonaws.com\/static\/2022\/08\/09043751\/2012_marquez-valencia-moto2.jpg 32w\" alt=\"Repsol Honda moto 2\" data-title=\"\" \/><br \/><\/a><br \/><a href=\"https:\/\/bxrepsol.s3.eu-west-1.amazonaws.com\/static\/2022\/08\/09043752\/2012_marc-valencia-moto2.jpg\" data-index=\"2\"><br \/><img decoding=\"async\" title=\"Repsol Honda moto 2\" src=\"https:\/\/bxrepsol.s3.eu-west-1.amazonaws.com\/static\/2022\/08\/09043752\/2012_marc-valencia-moto2.jpg\" srcset=\"https:\/\/bxrepsol.s3.eu-west-1.amazonaws.com\/static\/2022\/08\/09043752\/2012_marc-valencia-moto2.jpg 1280w, https:\/\/bxrepsol.s3.eu-west-1.amazonaws.com\/static\/2022\/08\/09043752\/2012_marc-valencia-moto2.jpg 900w, https:\/\/bxrepsol.s3.eu-west-1.amazonaws.com\/static\/2022\/08\/09043752\/2012_marc-valencia-moto2.jpg 600w, https:\/\/bxrepsol.s3.eu-west-1.amazonaws.com\/static\/2022\/08\/09043752\/2012_marc-valencia-moto2.jpg 480w, https:\/\/bxrepsol.s3.eu-west-1.amazonaws.com\/static\/2022\/08\/09043752\/2012_marc-valencia-moto2.jpg 32w\" alt=\"Repsol Honda moto 2\" data-title=\"\" \/><br \/><\/a><br \/><a href=\"https:\/\/bxrepsol.s3.eu-west-1.amazonaws.com\/static\/2022\/08\/09043754\/2012_marc-malasia-moto2.jpg\" data-index=\"3\"><br \/><img decoding=\"async\" title=\"Repsol Honda moto 2\" src=\"https:\/\/bxrepsol.s3.eu-west-1.amazonaws.com\/static\/2022\/08\/09043754\/2012_marc-malasia-moto2.jpg\" srcset=\"https:\/\/bxrepsol.s3.eu-west-1.amazonaws.com\/static\/2022\/08\/09043754\/2012_marc-malasia-moto2.jpg 1280w, https:\/\/bxrepsol.s3.eu-west-1.amazonaws.com\/static\/2022\/08\/09043754\/2012_marc-malasia-moto2.jpg 900w, https:\/\/bxrepsol.s3.eu-west-1.amazonaws.com\/static\/2022\/08\/09043754\/2012_marc-malasia-moto2.jpg 600w, https:\/\/bxrepsol.s3.eu-west-1.amazonaws.com\/static\/2022\/08\/09043754\/2012_marc-malasia-moto2.jpg 480w, https:\/\/bxrepsol.s3.eu-west-1.amazonaws.com\/static\/2022\/08\/09043754\/2012_marc-malasia-moto2.jpg 32w\" alt=\"Repsol Honda moto 2\" data-title=\"\" \/><br \/><\/a><br \/><a href=\"https:\/\/bxrepsol.s3.eu-west-1.amazonaws.com\/static\/2022\/08\/09043755\/2012_marc-japon-moto2.jpg\" data-index=\"4\"><br \/><img decoding=\"async\" title=\"Repsol Honda moto 2\" src=\"https:\/\/bxrepsol.s3.eu-west-1.amazonaws.com\/static\/2022\/08\/09043755\/2012_marc-japon-moto2.jpg\" srcset=\"https:\/\/bxrepsol.s3.eu-west-1.amazonaws.com\/static\/2022\/08\/09043755\/2012_marc-japon-moto2.jpg 1280w, https:\/\/bxrepsol.s3.eu-west-1.amazonaws.com\/static\/2022\/08\/09043755\/2012_marc-japon-moto2.jpg 900w, https:\/\/bxrepsol.s3.eu-west-1.amazonaws.com\/static\/2022\/08\/09043755\/2012_marc-japon-moto2.jpg 600w, https:\/\/bxrepsol.s3.eu-west-1.amazonaws.com\/static\/2022\/08\/09043755\/2012_marc-japon-moto2.jpg 480w, https:\/\/bxrepsol.s3.eu-west-1.amazonaws.com\/static\/2022\/08\/09043755\/2012_marc-japon-moto2.jpg 32w\" alt=\"Repsol Honda moto 2\" data-title=\"\" \/><br \/><\/a><br \/><a href=\"https:\/\/bxrepsol.s3.eu-west-1.amazonaws.com\/static\/2022\/08\/09043756\/2012_marc-australia-moto2.jpg\" data-index=\"5\"><br \/><img decoding=\"async\" title=\"Repsol Honda moto 2\" src=\"https:\/\/bxrepsol.s3.eu-west-1.amazonaws.com\/static\/2022\/08\/09043756\/2012_marc-australia-moto2.jpg\" srcset=\"https:\/\/bxrepsol.s3.eu-west-1.amazonaws.com\/static\/2022\/08\/09043756\/2012_marc-australia-moto2.jpg 1280w, https:\/\/bxrepsol.s3.eu-west-1.amazonaws.com\/static\/2022\/08\/09043756\/2012_marc-australia-moto2.jpg 900w, https:\/\/bxrepsol.s3.eu-west-1.amazonaws.com\/static\/2022\/08\/09043756\/2012_marc-australia-moto2.jpg 600w, https:\/\/bxrepsol.s3.eu-west-1.amazonaws.com\/static\/2022\/08\/09043756\/2012_marc-australia-moto2.jpg 480w, https:\/\/bxrepsol.s3.eu-west-1.amazonaws.com\/static\/2022\/08\/09043756\/2012_marc-australia-moto2.jpg 32w\" alt=\"Repsol Honda moto 2\" data-title=\"\" \/><br \/><\/a><br \/><a href=\"https:\/\/bxrepsol.s3.eu-west-1.amazonaws.com\/static\/2022\/08\/09043757\/2012_box-japon-moto2.jpg\" data-index=\"6\"><br \/><img decoding=\"async\" title=\"Repsol Honda moto 2\" src=\"https:\/\/bxrepsol.s3.eu-west-1.amazonaws.com\/static\/2022\/08\/09043757\/2012_box-japon-moto2.jpg\" srcset=\"https:\/\/bxrepsol.s3.eu-west-1.amazonaws.com\/static\/2022\/08\/09043757\/2012_box-japon-moto2.jpg 1280w, https:\/\/bxrepsol.s3.eu-west-1.amazonaws.com\/static\/2022\/08\/09043757\/2012_box-japon-moto2.jpg 900w, https:\/\/bxrepsol.s3.eu-west-1.amazonaws.com\/static\/2022\/08\/09043757\/2012_box-japon-moto2.jpg 600w, https:\/\/bxrepsol.s3.eu-west-1.amazonaws.com\/static\/2022\/08\/09043757\/2012_box-japon-moto2.jpg 480w, https:\/\/bxrepsol.s3.eu-west-1.amazonaws.com\/static\/2022\/08\/09043757\/2012_box-japon-moto2.jpg 32w\" alt=\"Repsol Honda moto 2\" data-title=\"\" \/><br \/><\/a><br \/><a href=\"https:\/\/bxrepsol.s3.eu-west-1.amazonaws.com\/static\/2022\/08\/09043758\/2011_Marquez-moto2.jpg\" data-index=\"7\"><br \/><img decoding=\"async\" title=\"Repsol Honda moto 2\" src=\"https:\/\/bxrepsol.s3.eu-west-1.amazonaws.com\/static\/2022\/08\/09043758\/2011_Marquez-moto2.jpg\" srcset=\"https:\/\/bxrepsol.s3.eu-west-1.amazonaws.com\/static\/2022\/08\/09043758\/2011_Marquez-moto2.jpg 1280w, https:\/\/bxrepsol.s3.eu-west-1.amazonaws.com\/static\/2022\/08\/09043758\/2011_Marquez-moto2.jpg 900w, https:\/\/bxrepsol.s3.eu-west-1.amazonaws.com\/static\/2022\/08\/09043758\/2011_Marquez-moto2.jpg 600w, https:\/\/bxrepsol.s3.eu-west-1.amazonaws.com\/static\/2022\/08\/09043758\/2011_Marquez-moto2.jpg 480w, https:\/\/bxrepsol.s3.eu-west-1.amazonaws.com\/static\/2022\/08\/09043758\/2011_Marquez-moto2.jpg 32w\" alt=\"Repsol Honda moto 2\" data-title=\"\" \/><br \/><\/a><br \/><button data-glide-dir=\"&lt;\"><\/button><\/p>\n<p>\u00a0<\/p>\n<h2>Moto3, the new 250cc class<\/h2>\n<p>In 2012, the Moto3 occupied the position of the 125cc and therefore become the new entry category to the Motorcycling World Championship.<\/p>\n<p>The regulation establishes the use of 250cc single cylinder four-stroke prototype engines, with limited electronics, maximum revolutions, and limited specific elements, producing around 50 horsepower.<\/p>\n<p>In 2014, \u00c1lex M\u00e1rquez won the World Championship in this category, after a spellbinding last race at the Valencia GP.<\/p>\n<h3>Moto3 gallery<\/h3>\n<p><a href=\"https:\/\/bxrepsol.s3.eu-west-1.amazonaws.com\/static\/2022\/08\/09043759\/16Australia16M3REPSOL_JOC0594.jpg\" data-index=\"0\"><br \/><img decoding=\"async\" title=\"Repsol Monlau Moto3\" src=\"https:\/\/bxrepsol.s3.eu-west-1.amazonaws.com\/static\/2022\/08\/09043759\/16Australia16M3REPSOL_JOC0594.jpg\" srcset=\"https:\/\/bxrepsol.s3.eu-west-1.amazonaws.com\/static\/2022\/08\/09043759\/16Australia16M3REPSOL_JOC0594.jpg 1280w, https:\/\/bxrepsol.s3.eu-west-1.amazonaws.com\/static\/2022\/08\/09043759\/16Australia16M3REPSOL_JOC0594.jpg 900w, https:\/\/bxrepsol.s3.eu-west-1.amazonaws.com\/static\/2022\/08\/09043759\/16Australia16M3REPSOL_JOC0594.jpg 600w, https:\/\/bxrepsol.s3.eu-west-1.amazonaws.com\/static\/2022\/08\/09043759\/16Australia16M3REPSOL_JOC0594.jpg 480w, https:\/\/bxrepsol.s3.eu-west-1.amazonaws.com\/static\/2022\/08\/09043759\/16Australia16M3REPSOL_JOC0594.jpg 32w\" alt=\"Repsol Monlau Moto3\" data-title=\"\" \/><br \/><\/a><br \/><a href=\"https:\/\/bxrepsol.s3.eu-west-1.amazonaws.com\/static\/2022\/08\/09043801\/17Malasia15M3REPSOL_JOC0808.jpg\" data-index=\"1\"><br \/><img decoding=\"async\" title=\"Repsol Monlau Moto3\" src=\"https:\/\/bxrepsol.s3.eu-west-1.amazonaws.com\/static\/2022\/08\/09043801\/17Malasia15M3REPSOL_JOC0808.jpg\" srcset=\"https:\/\/bxrepsol.s3.eu-west-1.amazonaws.com\/static\/2022\/08\/09043801\/17Malasia15M3REPSOL_JOC0808.jpg 1280w, https:\/\/bxrepsol.s3.eu-west-1.amazonaws.com\/static\/2022\/08\/09043801\/17Malasia15M3REPSOL_JOC0808.jpg 900w, https:\/\/bxrepsol.s3.eu-west-1.amazonaws.com\/static\/2022\/08\/09043801\/17Malasia15M3REPSOL_JOC0808.jpg 600w, https:\/\/bxrepsol.s3.eu-west-1.amazonaws.com\/static\/2022\/08\/09043801\/17Malasia15M3REPSOL_JOC0808.jpg 480w, https:\/\/bxrepsol.s3.eu-west-1.amazonaws.com\/static\/2022\/08\/09043801\/17Malasia15M3REPSOL_JOC0808.jpg 32w\" alt=\"Repsol Monlau Moto3\" data-title=\"\" \/><br \/><\/a><br \/><a href=\"https:\/\/bxrepsol.s3.eu-west-1.amazonaws.com\/static\/2022\/08\/09043802\/2012_rins-valencia_moto3.jpg\" data-index=\"2\"><br \/><img decoding=\"async\" title=\"Repsol Monlau Moto3\" src=\"https:\/\/bxrepsol.s3.eu-west-1.amazonaws.com\/static\/2022\/08\/09043802\/2012_rins-valencia_moto3.jpg\" srcset=\"https:\/\/bxrepsol.s3.eu-west-1.amazonaws.com\/static\/2022\/08\/09043802\/2012_rins-valencia_moto3.jpg 1280w, https:\/\/bxrepsol.s3.eu-west-1.amazonaws.com\/static\/2022\/08\/09043802\/2012_rins-valencia_moto3.jpg 900w, https:\/\/bxrepsol.s3.eu-west-1.amazonaws.com\/static\/2022\/08\/09043802\/2012_rins-valencia_moto3.jpg 600w, https:\/\/bxrepsol.s3.eu-west-1.amazonaws.com\/static\/2022\/08\/09043802\/2012_rins-valencia_moto3.jpg 480w, https:\/\/bxrepsol.s3.eu-west-1.amazonaws.com\/static\/2022\/08\/09043802\/2012_rins-valencia_moto3.jpg 32w\" alt=\"Repsol Monlau Moto3\" data-title=\"\" \/><br \/><\/a><br \/><a href=\"https:\/\/bxrepsol.s3.eu-west-1.amazonaws.com\/static\/2022\/08\/09120032\/2012_vinales-valencia_moto3-1.jpg\" data-index=\"3\"><br \/><img decoding=\"async\" title=\"Repsol Monlau Moto3\" src=\"https:\/\/bxrepsol.s3.eu-west-1.amazonaws.com\/static\/2022\/08\/09120032\/2012_vinales-valencia_moto3-1.jpg\" srcset=\"https:\/\/bxrepsol.s3.eu-west-1.amazonaws.com\/static\/2022\/08\/09120032\/2012_vinales-valencia_moto3-1.jpg 1280w, https:\/\/bxrepsol.s3.eu-west-1.amazonaws.com\/static\/2022\/08\/09120032\/2012_vinales-valencia_moto3-1.jpg 900w, https:\/\/bxrepsol.s3.eu-west-1.amazonaws.com\/static\/2022\/08\/09120032\/2012_vinales-valencia_moto3-1.jpg 600w, https:\/\/bxrepsol.s3.eu-west-1.amazonaws.com\/static\/2022\/08\/09120032\/2012_vinales-valencia_moto3-1.jpg 480w, https:\/\/bxrepsol.s3.eu-west-1.amazonaws.com\/static\/2022\/08\/09120032\/2012_vinales-valencia_moto3-1.jpg 32w\" alt=\"Repsol Monlau Moto3\" data-title=\"\" \/><br \/><\/a><br \/><a href=\"https:\/\/bxrepsol.s3.eu-west-1.amazonaws.com\/static\/2022\/08\/09043805\/2013-alex-m-americas-moto3.jpg\" data-index=\"4\"><br \/><img decoding=\"async\" title=\"Repsol Monlau Moto3\" src=\"https:\/\/bxrepsol.s3.eu-west-1.amazonaws.com\/static\/2022\/08\/09043805\/2013-alex-m-americas-moto3.jpg\" srcset=\"https:\/\/bxrepsol.s3.eu-west-1.amazonaws.com\/static\/2022\/08\/09043805\/2013-alex-m-americas-moto3.jpg 1280w, https:\/\/bxrepsol.s3.eu-west-1.amazonaws.com\/static\/2022\/08\/09043805\/2013-alex-m-americas-moto3.jpg 900w, https:\/\/bxrepsol.s3.eu-west-1.amazonaws.com\/static\/2022\/08\/09043805\/2013-alex-m-americas-moto3.jpg 600w, https:\/\/bxrepsol.s3.eu-west-1.amazonaws.com\/static\/2022\/08\/09043805\/2013-alex-m-americas-moto3.jpg 480w, https:\/\/bxrepsol.s3.eu-west-1.amazonaws.com\/static\/2022\/08\/09043805\/2013-alex-m-americas-moto3.jpg 32w\" alt=\"Repsol Monlau Moto3\" data-title=\"\" \/><br \/><\/a><br \/><a href=\"https:\/\/bxrepsol.s3.eu-west-1.amazonaws.com\/static\/2022\/08\/09043806\/2014_maria-herrera-jerez_moto3.jpg\" data-index=\"5\"><br \/><img decoding=\"async\" title=\"Repsol Monlau Moto3\" src=\"https:\/\/bxrepsol.s3.eu-west-1.amazonaws.com\/static\/2022\/08\/09043806\/2014_maria-herrera-jerez_moto3.jpg\" srcset=\"https:\/\/bxrepsol.s3.eu-west-1.amazonaws.com\/static\/2022\/08\/09043806\/2014_maria-herrera-jerez_moto3.jpg 1280w, https:\/\/bxrepsol.s3.eu-west-1.amazonaws.com\/static\/2022\/08\/09043806\/2014_maria-herrera-jerez_moto3.jpg 900w, https:\/\/bxrepsol.s3.eu-west-1.amazonaws.com\/static\/2022\/08\/09043806\/2014_maria-herrera-jerez_moto3.jpg 600w, https:\/\/bxrepsol.s3.eu-west-1.amazonaws.com\/static\/2022\/08\/09043806\/2014_maria-herrera-jerez_moto3.jpg 480w, https:\/\/bxrepsol.s3.eu-west-1.amazonaws.com\/static\/2022\/08\/09043806\/2014_maria-herrera-jerez_moto3.jpg 32w\" alt=\"Repsol Monlau Moto3\" data-title=\"\" \/><br \/><\/a><br \/><a href=\"https:\/\/bxrepsol.s3.eu-west-1.amazonaws.com\/static\/2022\/08\/09043808\/2015_fabio-brno-moto3.jpg\" data-index=\"6\"><br \/><img decoding=\"async\" title=\"Repsol Monlau Moto3\" src=\"https:\/\/bxrepsol.s3.eu-west-1.amazonaws.com\/static\/2022\/08\/09043808\/2015_fabio-brno-moto3.jpg\" srcset=\"https:\/\/bxrepsol.s3.eu-west-1.amazonaws.com\/static\/2022\/08\/09043808\/2015_fabio-brno-moto3.jpg 1280w, https:\/\/bxrepsol.s3.eu-west-1.amazonaws.com\/static\/2022\/08\/09043808\/2015_fabio-brno-moto3.jpg 900w, https:\/\/bxrepsol.s3.eu-west-1.amazonaws.com\/static\/2022\/08\/09043808\/2015_fabio-brno-moto3.jpg 600w, https:\/\/bxrepsol.s3.eu-west-1.amazonaws.com\/static\/2022\/08\/09043808\/2015_fabio-brno-moto3.jpg 480w, https:\/\/bxrepsol.s3.eu-west-1.amazonaws.com\/static\/2022\/08\/09043808\/2015_fabio-brno-moto3.jpg 32w\" alt=\"Repsol Monlau Moto3\" data-title=\"\" \/><br \/><\/a><br \/><a href=\"https:\/\/bxrepsol.s3.eu-west-1.amazonaws.com\/static\/2022\/08\/09043809\/2017_bastianini-valencia_moto3.jpg\" data-index=\"7\"><br \/><img decoding=\"async\" title=\"Repsol Monlau Moto3\" src=\"https:\/\/bxrepsol.s3.eu-west-1.amazonaws.com\/static\/2022\/08\/09043809\/2017_bastianini-valencia_moto3.jpg\" srcset=\"https:\/\/bxrepsol.s3.eu-west-1.amazonaws.com\/static\/2022\/08\/09043809\/2017_bastianini-valencia_moto3.jpg 1280w, https:\/\/bxrepsol.s3.eu-west-1.amazonaws.com\/static\/2022\/08\/09043809\/2017_bastianini-valencia_moto3.jpg 900w, https:\/\/bxrepsol.s3.eu-west-1.amazonaws.com\/static\/2022\/08\/09043809\/2017_bastianini-valencia_moto3.jpg 600w, https:\/\/bxrepsol.s3.eu-west-1.amazonaws.com\/static\/2022\/08\/09043809\/2017_bastianini-valencia_moto3.jpg 480w, https:\/\/bxrepsol.s3.eu-west-1.amazonaws.com\/static\/2022\/08\/09043809\/2017_bastianini-valencia_moto3.jpg 32w\" alt=\"Repsol Monlau Moto3\" data-title=\"\" \/><br \/><\/a><br \/><a href=\"https:\/\/bxrepsol.s3.eu-west-1.amazonaws.com\/static\/2022\/08\/09043810\/2019_carrera_catar_moto3.jpg\" data-index=\"8\"><br \/><img decoding=\"async\" title=\"Repsol Monlau Moto3\" src=\"https:\/\/bxrepsol.s3.eu-west-1.amazonaws.com\/static\/2022\/08\/09043810\/2019_carrera_catar_moto3.jpg\" srcset=\"https:\/\/bxrepsol.s3.eu-west-1.amazonaws.com\/static\/2022\/08\/09043810\/2019_carrera_catar_moto3.jpg 1280w, https:\/\/bxrepsol.s3.eu-west-1.amazonaws.com\/static\/2022\/08\/09043810\/2019_carrera_catar_moto3.jpg 900w, https:\/\/bxrepsol.s3.eu-west-1.amazonaws.com\/static\/2022\/08\/09043810\/2019_carrera_catar_moto3.jpg 600w, https:\/\/bxrepsol.s3.eu-west-1.amazonaws.com\/static\/2022\/08\/09043810\/2019_carrera_catar_moto3.jpg 480w, https:\/\/bxrepsol.s3.eu-west-1.amazonaws.com\/static\/2022\/08\/09043810\/2019_carrera_catar_moto3.jpg 32w\" alt=\"Repsol Monlau Moto3\" data-title=\"\" \/><br \/><\/a><br \/><button data-glide-dir=\"&lt;\"><\/button><\/p>\n<p>\u00a0<\/p>\n<h2>The 1000cc class: 2012 MotoGP to today<\/h2>\n<p>Changes again in regulations forced manufacturers to seek new solutions. The regulation now allows four-cylinder engines up to 1000cc.<\/p>\n<p>These new engines are four-cylinder in-line or in V at 90\u00ba, producing around 230 horsepower initially. They are currently approaching 260 and are capable of exceeding the 350\u00a0km\/h barrier on some circuits.<\/p>\n<p>This cylinder capacity has seen huge changes in terms of electronics and aerodynamics, using a common control unit for all participants and the addition of aerodynamic appendages to the fairings for better grip.<\/p>\n<p>Marc M\u00e1rquez has won 6 World Championships in this class.<\/p>\n<h3>1000cc gallery<\/h3>\n<p><a href=\"https:\/\/bxrepsol.s3.eu-west-1.amazonaws.com\/static\/2022\/08\/09043811\/2012_jerez-motogp-1000cc.jpg\" data-index=\"0\"><br \/><img decoding=\"async\" title=\"MotoGP Repsol Honda\" src=\"https:\/\/bxrepsol.s3.eu-west-1.amazonaws.com\/static\/2022\/08\/09043811\/2012_jerez-motogp-1000cc.jpg\" srcset=\"https:\/\/bxrepsol.s3.eu-west-1.amazonaws.com\/static\/2022\/08\/09043811\/2012_jerez-motogp-1000cc.jpg 1280w, https:\/\/bxrepsol.s3.eu-west-1.amazonaws.com\/static\/2022\/08\/09043811\/2012_jerez-motogp-1000cc.jpg 900w, https:\/\/bxrepsol.s3.eu-west-1.amazonaws.com\/static\/2022\/08\/09043811\/2012_jerez-motogp-1000cc.jpg 600w, https:\/\/bxrepsol.s3.eu-west-1.amazonaws.com\/static\/2022\/08\/09043811\/2012_jerez-motogp-1000cc.jpg 480w, https:\/\/bxrepsol.s3.eu-west-1.amazonaws.com\/static\/2022\/08\/09043811\/2012_jerez-motogp-1000cc.jpg 32w\" alt=\"MotoGP Repsol Honda\" data-title=\"\" \/><br \/><\/a><br \/><a href=\"https:\/\/bxrepsol.s3.eu-west-1.amazonaws.com\/static\/2022\/08\/09043812\/2012_Pedrosa-jerez-1000cc.jpg\" data-index=\"1\"><br \/><img decoding=\"async\" title=\"MotoGP Repsol Honda\" src=\"https:\/\/bxrepsol.s3.eu-west-1.amazonaws.com\/static\/2022\/08\/09043812\/2012_Pedrosa-jerez-1000cc.jpg\" srcset=\"https:\/\/bxrepsol.s3.eu-west-1.amazonaws.com\/static\/2022\/08\/09043812\/2012_Pedrosa-jerez-1000cc.jpg 1280w, https:\/\/bxrepsol.s3.eu-west-1.amazonaws.com\/static\/2022\/08\/09043812\/2012_Pedrosa-jerez-1000cc.jpg 900w, https:\/\/bxrepsol.s3.eu-west-1.amazonaws.com\/static\/2022\/08\/09043812\/2012_Pedrosa-jerez-1000cc.jpg 600w, https:\/\/bxrepsol.s3.eu-west-1.amazonaws.com\/static\/2022\/08\/09043812\/2012_Pedrosa-jerez-1000cc.jpg 480w, https:\/\/bxrepsol.s3.eu-west-1.amazonaws.com\/static\/2022\/08\/09043812\/2012_Pedrosa-jerez-1000cc.jpg 32w\" alt=\"MotoGP Repsol Honda\" data-title=\"\" \/><br \/><\/a><br \/><a href=\"https:\/\/bxrepsol.s3.eu-west-1.amazonaws.com\/static\/2022\/08\/09043814\/2014_pedrosa-jerez_1000cc.jpg\" data-index=\"2\"><br \/><img decoding=\"async\" title=\"MotoGP Repsol Honda\" src=\"https:\/\/bxrepsol.s3.eu-west-1.amazonaws.com\/static\/2022\/08\/09043814\/2014_pedrosa-jerez_1000cc.jpg\" srcset=\"https:\/\/bxrepsol.s3.eu-west-1.amazonaws.com\/static\/2022\/08\/09043814\/2014_pedrosa-jerez_1000cc.jpg 1280w, https:\/\/bxrepsol.s3.eu-west-1.amazonaws.com\/static\/2022\/08\/09043814\/2014_pedrosa-jerez_1000cc.jpg 900w, https:\/\/bxrepsol.s3.eu-west-1.amazonaws.com\/static\/2022\/08\/09043814\/2014_pedrosa-jerez_1000cc.jpg 600w, https:\/\/bxrepsol.s3.eu-west-1.amazonaws.com\/static\/2022\/08\/09043814\/2014_pedrosa-jerez_1000cc.jpg 480w, https:\/\/bxrepsol.s3.eu-west-1.amazonaws.com\/static\/2022\/08\/09043814\/2014_pedrosa-jerez_1000cc.jpg 32w\" alt=\"MotoGP Repsol Honda\" data-title=\"\" \/><br \/><\/a><br \/><a href=\"https:\/\/bxrepsol.s3.eu-west-1.amazonaws.com\/static\/2022\/08\/09043815\/2013_catar-1000cc.jpg\" data-index=\"3\"><br \/><img decoding=\"async\" title=\"MotoGP Repsol Honda\" src=\"https:\/\/bxrepsol.s3.eu-west-1.amazonaws.com\/static\/2022\/08\/09043815\/2013_catar-1000cc.jpg\" srcset=\"https:\/\/bxrepsol.s3.eu-west-1.amazonaws.com\/static\/2022\/08\/09043815\/2013_catar-1000cc.jpg 1280w, https:\/\/bxrepsol.s3.eu-west-1.amazonaws.com\/static\/2022\/08\/09043815\/2013_catar-1000cc.jpg 900w, https:\/\/bxrepsol.s3.eu-west-1.amazonaws.com\/static\/2022\/08\/09043815\/2013_catar-1000cc.jpg 600w, https:\/\/bxrepsol.s3.eu-west-1.amazonaws.com\/static\/2022\/08\/09043815\/2013_catar-1000cc.jpg 480w, https:\/\/bxrepsol.s3.eu-west-1.amazonaws.com\/static\/2022\/08\/09043815\/2013_catar-1000cc.jpg 32w\" alt=\"MotoGP Repsol Honda\" data-title=\"\" \/><br \/><\/a><br \/><a href=\"https:\/\/bxrepsol.s3.eu-west-1.amazonaws.com\/static\/2022\/08\/09120033\/2015_gp_alemania_1000cc.jpg\" data-index=\"4\"><br \/><img decoding=\"async\" title=\"MotoGP Repsol Honda\" src=\"https:\/\/bxrepsol.s3.eu-west-1.amazonaws.com\/static\/2022\/08\/09120033\/2015_gp_alemania_1000cc.jpg\" srcset=\"https:\/\/bxrepsol.s3.eu-west-1.amazonaws.com\/static\/2022\/08\/09120033\/2015_gp_alemania_1000cc.jpg 1280w, https:\/\/bxrepsol.s3.eu-west-1.amazonaws.com\/static\/2022\/08\/09120033\/2015_gp_alemania_1000cc.jpg 900w, https:\/\/bxrepsol.s3.eu-west-1.amazonaws.com\/static\/2022\/08\/09120033\/2015_gp_alemania_1000cc.jpg 600w, https:\/\/bxrepsol.s3.eu-west-1.amazonaws.com\/static\/2022\/08\/09120033\/2015_gp_alemania_1000cc.jpg 480w, https:\/\/bxrepsol.s3.eu-west-1.amazonaws.com\/static\/2022\/08\/09120033\/2015_gp_alemania_1000cc.jpg 32w\" alt=\"MotoGP Repsol Honda\" data-title=\"\" \/><br \/><\/a><br \/><a href=\"https:\/\/bxrepsol.s3.eu-west-1.amazonaws.com\/static\/2022\/08\/09043816\/2016_gp_argentina_1000cc.jpg\" data-index=\"5\"><br \/><img decoding=\"async\" title=\"MotoGP Repsol Honda\" src=\"https:\/\/bxrepsol.s3.eu-west-1.amazonaws.com\/static\/2022\/08\/09043816\/2016_gp_argentina_1000cc.jpg\" srcset=\"https:\/\/bxrepsol.s3.eu-west-1.amazonaws.com\/static\/2022\/08\/09043816\/2016_gp_argentina_1000cc.jpg 1280w, https:\/\/bxrepsol.s3.eu-west-1.amazonaws.com\/static\/2022\/08\/09043816\/2016_gp_argentina_1000cc.jpg 900w, https:\/\/bxrepsol.s3.eu-west-1.amazonaws.com\/static\/2022\/08\/09043816\/2016_gp_argentina_1000cc.jpg 600w, https:\/\/bxrepsol.s3.eu-west-1.amazonaws.com\/static\/2022\/08\/09043816\/2016_gp_argentina_1000cc.jpg 480w, https:\/\/bxrepsol.s3.eu-west-1.amazonaws.com\/static\/2022\/08\/09043816\/2016_gp_argentina_1000cc.jpg 32w\" alt=\"MotoGP Repsol Honda\" data-title=\"\" \/><br \/><\/a><br \/><a href=\"https:\/\/bxrepsol.s3.eu-west-1.amazonaws.com\/static\/2022\/08\/09120034\/2018_gp_cataluna_1000cc-1.jpg\" data-index=\"6\"><br \/><img decoding=\"async\" title=\"MotoGP Repsol Honda\" src=\"https:\/\/bxrepsol.s3.eu-west-1.amazonaws.com\/static\/2022\/08\/09120034\/2018_gp_cataluna_1000cc-1.jpg\" srcset=\"https:\/\/bxrepsol.s3.eu-west-1.amazonaws.com\/static\/2022\/08\/09120034\/2018_gp_cataluna_1000cc-1.jpg 1280w, https:\/\/bxrepsol.s3.eu-west-1.amazonaws.com\/static\/2022\/08\/09120034\/2018_gp_cataluna_1000cc-1.jpg 900w, https:\/\/bxrepsol.s3.eu-west-1.amazonaws.com\/static\/2022\/08\/09120034\/2018_gp_cataluna_1000cc-1.jpg 600w, https:\/\/bxrepsol.s3.eu-west-1.amazonaws.com\/static\/2022\/08\/09120034\/2018_gp_cataluna_1000cc-1.jpg 480w, https:\/\/bxrepsol.s3.eu-west-1.amazonaws.com\/static\/2022\/08\/09120034\/2018_gp_cataluna_1000cc-1.jpg 32w\" alt=\"MotoGP Repsol Honda\" data-title=\"\" \/><br \/><\/a><br \/><a href=\"https:\/\/bxrepsol.s3.eu-west-1.amazonaws.com\/static\/2022\/08\/05065438\/2017_gp_valencia_1000cc.jpg\" data-index=\"7\"><br \/><img decoding=\"async\" title=\"MotoGP Repsol Honda\" src=\"https:\/\/bxrepsol.s3.eu-west-1.amazonaws.com\/static\/2022\/08\/05065438\/2017_gp_valencia_1000cc.jpg\" srcset=\"https:\/\/bxrepsol.s3.eu-west-1.amazonaws.com\/static\/2022\/08\/05065438\/2017_gp_valencia_1000cc.jpg 1280w, https:\/\/bxrepsol.s3.eu-west-1.amazonaws.com\/static\/2022\/08\/05065438\/2017_gp_valencia_1000cc.jpg 900w, https:\/\/bxrepsol.s3.eu-west-1.amazonaws.com\/static\/2022\/08\/05065438\/2017_gp_valencia_1000cc.jpg 600w, https:\/\/bxrepsol.s3.eu-west-1.amazonaws.com\/static\/2022\/08\/05065438\/2017_gp_valencia_1000cc.jpg 480w, https:\/\/bxrepsol.s3.eu-west-1.amazonaws.com\/static\/2022\/08\/05065438\/2017_gp_valencia_1000cc.jpg 32w\" alt=\"MotoGP Repsol Honda\" data-title=\"\" \/><br \/><\/a><br \/><a href=\"https:\/\/bxrepsol.s3.eu-west-1.amazonaws.com\/static\/2022\/08\/09043818\/2019_rc213v.jpg\" data-index=\"8\"><br \/><img decoding=\"async\" title=\"MotoGP Repsol Honda\" src=\"https:\/\/bxrepsol.s3.eu-west-1.amazonaws.com\/static\/2022\/08\/09043818\/2019_rc213v.jpg\" srcset=\"https:\/\/bxrepsol.s3.eu-west-1.amazonaws.com\/static\/2022\/08\/09043818\/2019_rc213v.jpg 1280w, https:\/\/bxrepsol.s3.eu-west-1.amazonaws.com\/static\/2022\/08\/09043818\/2019_rc213v.jpg 900w, https:\/\/bxrepsol.s3.eu-west-1.amazonaws.com\/static\/2022\/08\/09043818\/2019_rc213v.jpg 600w, https:\/\/bxrepsol.s3.eu-west-1.amazonaws.com\/static\/2022\/08\/09043818\/2019_rc213v.jpg 480w, https:\/\/bxrepsol.s3.eu-west-1.amazonaws.com\/static\/2022\/08\/09043818\/2019_rc213v.jpg 32w\" alt=\"MotoGP Repsol Honda\" data-title=\"\" \/><\/a><button data-glide-dir=\"&lt;\"><\/button><button data-glide-dir=\"&gt;\"><\/button><\/p>\n\n\n<p><\/p>\n","protected":false},"excerpt":{"rendered":"<p>Since its inception, the Motorcycling World Championship has had various categories and classes. From the current 50cc to 1000cc MotoGP, discover the World Championship bikes.<\/p>\n","protected":false},"author":1,"featured_media":40836,"comment_status":"open","ping_status":"open","sticky":false,"template":"","format":"standard","meta":{"footnotes":""},"categories":[146],"tags":[590,210],"class_list":["post-98001","post","type-post","status-publish","format-standard","hentry","category-motogp-en","tag-competicion-en","tag-motocycling-world-championship"],"yoast_head":"<!-- This site is optimized with the Yoast SEO plugin v27.3 - https:\/\/yoast.com\/product\/yoast-seo-wordpress\/ -->\n<title>The different MotoGP World Championship classes - Box Repsol<\/title>\n<meta name=\"description\" content=\"Since its inception, the Motorcycling World Championship has had various categories and classes. From the current 50cc to 1000cc MotoGP.\" \/>\n<link rel=\"canonical\" href=\"https:\/\/www.boxrepsol.com\/en\/motogp-en\/the-different-motogp-world-championship-classes\/\" \/>\n<meta property=\"og:locale\" content=\"en_US\" \/>\n<meta property=\"og:type\" content=\"article\" \/>\n<meta property=\"og:title\" content=\"The different MotoGP World Championship classes - Box Repsol\" \/>\n<meta property=\"og:description\" content=\"Since its inception, the Motorcycling World Championship has had various categories and classes. From the current 50cc to 1000cc MotoGP.\" \/>\n<meta property=\"og:url\" content=\"https:\/\/www.boxrepsol.com\/en\/motogp-en\/the-different-motogp-world-championship-classes\/\" \/>\n<meta property=\"og:site_name\" content=\"Box Repsol\" \/>\n<meta property=\"article:publisher\" content=\"https:\/\/www.facebook.com\/BoxRepsol\" \/>\n<meta property=\"article:published_time\" content=\"2020-08-31T02:00:00+00:00\" \/>\n<meta property=\"article:modified_time\" content=\"2025-06-26T10:14:16+00:00\" \/>\n<meta property=\"og:image\" content=\"https:\/\/bxrepsol.s3.eu-west-1.amazonaws.com\/static\/2022\/08\/09120045\/2018_gp_cataluna_1000cc_5f439102c49e8-2.jpg\" \/>\n\t<meta property=\"og:image:width\" content=\"1280\" \/>\n\t<meta property=\"og:image:height\" content=\"600\" \/>\n\t<meta property=\"og:image:type\" content=\"image\/jpeg\" \/>\n<meta name=\"author\" content=\"bx_ayesa\" \/>\n<meta name=\"twitter:card\" content=\"summary_large_image\" \/>\n<meta name=\"twitter:creator\" content=\"@box_repsol\" \/>\n<meta name=\"twitter:site\" content=\"@box_repsol\" \/>\n<meta name=\"twitter:label1\" content=\"Written by\" \/>\n\t<meta name=\"twitter:data1\" content=\"bx_ayesa\" \/>\n\t<meta name=\"twitter:label2\" content=\"Est. reading time\" \/>\n\t<meta name=\"twitter:data2\" content=\"6 minutes\" \/>\n<script type=\"application\/ld+json\" class=\"yoast-schema-graph\">{\"@context\":\"https:\\\/\\\/schema.org\",\"@graph\":[{\"@type\":\"Article\",\"@id\":\"https:\\\/\\\/www.boxrepsol.com\\\/en\\\/motogp-en\\\/the-different-motogp-world-championship-classes\\\/#article\",\"isPartOf\":{\"@id\":\"https:\\\/\\\/www.boxrepsol.com\\\/en\\\/motogp-en\\\/the-different-motogp-world-championship-classes\\\/\"},\"author\":{\"name\":\"bx_ayesa\",\"@id\":\"https:\\\/\\\/www.boxrepsol.com\\\/en\\\/#\\\/schema\\\/person\\\/d9d0f442a4332c7d099d31ffda4747a0\"},\"headline\":\"The different MotoGP World Championship classes\",\"datePublished\":\"2020-08-31T02:00:00+00:00\",\"dateModified\":\"2025-06-26T10:14:16+00:00\",\"mainEntityOfPage\":{\"@id\":\"https:\\\/\\\/www.boxrepsol.com\\\/en\\\/motogp-en\\\/the-different-motogp-world-championship-classes\\\/\"},\"wordCount\":1207,\"commentCount\":0,\"publisher\":{\"@id\":\"https:\\\/\\\/www.boxrepsol.com\\\/en\\\/#organization\"},\"image\":{\"@id\":\"https:\\\/\\\/www.boxrepsol.com\\\/en\\\/motogp-en\\\/the-different-motogp-world-championship-classes\\\/#primaryimage\"},\"thumbnailUrl\":\"https:\\\/\\\/bxrepsol.s3.eu-west-1.amazonaws.com\\\/static\\\/2022\\\/08\\\/09120045\\\/2018_gp_cataluna_1000cc_5f439102c49e8-2.jpg\",\"keywords\":[\"Competici\u00f3n\",\"Motocycling World Championship\"],\"articleSection\":[\"MotoGP\"],\"inLanguage\":\"en-US\",\"potentialAction\":[{\"@type\":\"CommentAction\",\"name\":\"Comment\",\"target\":[\"https:\\\/\\\/www.boxrepsol.com\\\/en\\\/motogp-en\\\/the-different-motogp-world-championship-classes\\\/#respond\"]}]},{\"@type\":\"WebPage\",\"@id\":\"https:\\\/\\\/www.boxrepsol.com\\\/en\\\/motogp-en\\\/the-different-motogp-world-championship-classes\\\/\",\"url\":\"https:\\\/\\\/www.boxrepsol.com\\\/en\\\/motogp-en\\\/the-different-motogp-world-championship-classes\\\/\",\"name\":\"The different MotoGP World Championship classes - Box Repsol\",\"isPartOf\":{\"@id\":\"https:\\\/\\\/www.boxrepsol.com\\\/en\\\/#website\"},\"primaryImageOfPage\":{\"@id\":\"https:\\\/\\\/www.boxrepsol.com\\\/en\\\/motogp-en\\\/the-different-motogp-world-championship-classes\\\/#primaryimage\"},\"image\":{\"@id\":\"https:\\\/\\\/www.boxrepsol.com\\\/en\\\/motogp-en\\\/the-different-motogp-world-championship-classes\\\/#primaryimage\"},\"thumbnailUrl\":\"https:\\\/\\\/bxrepsol.s3.eu-west-1.amazonaws.com\\\/static\\\/2022\\\/08\\\/09120045\\\/2018_gp_cataluna_1000cc_5f439102c49e8-2.jpg\",\"datePublished\":\"2020-08-31T02:00:00+00:00\",\"dateModified\":\"2025-06-26T10:14:16+00:00\",\"description\":\"Since its inception, the Motorcycling World Championship has had various categories and classes. From the current 50cc to 1000cc MotoGP.\",\"breadcrumb\":{\"@id\":\"https:\\\/\\\/www.boxrepsol.com\\\/en\\\/motogp-en\\\/the-different-motogp-world-championship-classes\\\/#breadcrumb\"},\"inLanguage\":\"en-US\",\"potentialAction\":[{\"@type\":\"ReadAction\",\"target\":[\"https:\\\/\\\/www.boxrepsol.com\\\/en\\\/motogp-en\\\/the-different-motogp-world-championship-classes\\\/\"]}]},{\"@type\":\"ImageObject\",\"inLanguage\":\"en-US\",\"@id\":\"https:\\\/\\\/www.boxrepsol.com\\\/en\\\/motogp-en\\\/the-different-motogp-world-championship-classes\\\/#primaryimage\",\"url\":\"https:\\\/\\\/bxrepsol.s3.eu-west-1.amazonaws.com\\\/static\\\/2022\\\/08\\\/09120045\\\/2018_gp_cataluna_1000cc_5f439102c49e8-2.jpg\",\"contentUrl\":\"https:\\\/\\\/bxrepsol.s3.eu-west-1.amazonaws.com\\\/static\\\/2022\\\/08\\\/09120045\\\/2018_gp_cataluna_1000cc_5f439102c49e8-2.jpg\",\"width\":1280,\"height\":600,\"caption\":\"Marc M\u00e1rquez pilotando la RC213V\"},{\"@type\":\"BreadcrumbList\",\"@id\":\"https:\\\/\\\/www.boxrepsol.com\\\/en\\\/motogp-en\\\/the-different-motogp-world-championship-classes\\\/#breadcrumb\",\"itemListElement\":[{\"@type\":\"ListItem\",\"position\":1,\"name\":\"Home\",\"item\":\"https:\\\/\\\/www.boxrepsol.com\\\/en\\\/\"},{\"@type\":\"ListItem\",\"position\":2,\"name\":\"The different MotoGP World Championship classes\"}]},{\"@type\":\"WebSite\",\"@id\":\"https:\\\/\\\/www.boxrepsol.com\\\/en\\\/#website\",\"url\":\"https:\\\/\\\/www.boxrepsol.com\\\/en\\\/\",\"name\":\"Box Repsol\",\"description\":\"Box Repsol Site\",\"publisher\":{\"@id\":\"https:\\\/\\\/www.boxrepsol.com\\\/en\\\/#organization\"},\"potentialAction\":[{\"@type\":\"SearchAction\",\"target\":{\"@type\":\"EntryPoint\",\"urlTemplate\":\"https:\\\/\\\/www.boxrepsol.com\\\/en\\\/?s={search_term_string}\"},\"query-input\":{\"@type\":\"PropertyValueSpecification\",\"valueRequired\":true,\"valueName\":\"search_term_string\"}}],\"inLanguage\":\"en-US\"},{\"@type\":\"Organization\",\"@id\":\"https:\\\/\\\/www.boxrepsol.com\\\/en\\\/#organization\",\"name\":\"Box Repsol\",\"url\":\"https:\\\/\\\/www.boxrepsol.com\\\/en\\\/\",\"logo\":{\"@type\":\"ImageObject\",\"inLanguage\":\"en-US\",\"@id\":\"https:\\\/\\\/www.boxrepsol.com\\\/en\\\/#\\\/schema\\\/logo\\\/image\\\/\",\"url\":\"https:\\\/\\\/bxrepsol.s3.eu-west-1.amazonaws.com\\\/static\\\/2025\\\/07\\\/30083337\\\/favicon-96x96-1.png\",\"contentUrl\":\"https:\\\/\\\/bxrepsol.s3.eu-west-1.amazonaws.com\\\/static\\\/2025\\\/07\\\/30083337\\\/favicon-96x96-1.png\",\"width\":96,\"height\":96,\"caption\":\"Box Repsol\"},\"image\":{\"@id\":\"https:\\\/\\\/www.boxrepsol.com\\\/en\\\/#\\\/schema\\\/logo\\\/image\\\/\"},\"sameAs\":[\"https:\\\/\\\/www.facebook.com\\\/BoxRepsol\",\"https:\\\/\\\/x.com\\\/box_repsol\",\"http:\\\/\\\/instagram.com\\\/box_repsol\",\"https:\\\/\\\/www.youtube.com\\\/user\\\/RepsolCompeticion\",\"https:\\\/\\\/www.flickr.com\\\/photos\\\/box_repsol\\\/\"]},{\"@type\":\"Person\",\"@id\":\"https:\\\/\\\/www.boxrepsol.com\\\/en\\\/#\\\/schema\\\/person\\\/d9d0f442a4332c7d099d31ffda4747a0\",\"name\":\"bx_ayesa\",\"image\":{\"@type\":\"ImageObject\",\"inLanguage\":\"en-US\",\"@id\":\"https:\\\/\\\/secure.gravatar.com\\\/avatar\\\/059e1b9d3585083708845ba70e8dd968f143ff35f5e0e10cf2d1e7afe2c6a878?s=96&d=mm&r=g\",\"url\":\"https:\\\/\\\/secure.gravatar.com\\\/avatar\\\/059e1b9d3585083708845ba70e8dd968f143ff35f5e0e10cf2d1e7afe2c6a878?s=96&d=mm&r=g\",\"contentUrl\":\"https:\\\/\\\/secure.gravatar.com\\\/avatar\\\/059e1b9d3585083708845ba70e8dd968f143ff35f5e0e10cf2d1e7afe2c6a878?s=96&d=mm&r=g\",\"caption\":\"bx_ayesa\"},\"sameAs\":[\"http:\\\/\\\/54.155.157.200\"],\"url\":\"https:\\\/\\\/www.boxrepsol.com\\\/en\\\/author\\\/bx_ayesa\\\/\"}]}<\/script>\n<!-- \/ Yoast SEO plugin. -->","yoast_head_json":{"title":"The different MotoGP World Championship classes - Box Repsol","description":"Since its inception, the Motorcycling World Championship has had various categories and classes. From the current 50cc to 1000cc MotoGP.","canonical":"https:\/\/www.boxrepsol.com\/en\/motogp-en\/the-different-motogp-world-championship-classes\/","og_locale":"en_US","og_type":"article","og_title":"The different MotoGP World Championship classes - Box Repsol","og_description":"Since its inception, the Motorcycling World Championship has had various categories and classes. From the current 50cc to 1000cc MotoGP.","og_url":"https:\/\/www.boxrepsol.com\/en\/motogp-en\/the-different-motogp-world-championship-classes\/","og_site_name":"Box Repsol","article_publisher":"https:\/\/www.facebook.com\/BoxRepsol","article_published_time":"2020-08-31T02:00:00+00:00","article_modified_time":"2025-06-26T10:14:16+00:00","og_image":[{"width":1280,"height":600,"url":"https:\/\/bxrepsol.s3.eu-west-1.amazonaws.com\/static\/2022\/08\/09120045\/2018_gp_cataluna_1000cc_5f439102c49e8-2.jpg","type":"image\/jpeg"}],"author":"bx_ayesa","twitter_card":"summary_large_image","twitter_creator":"@box_repsol","twitter_site":"@box_repsol","twitter_misc":{"Written by":"bx_ayesa","Est. reading time":"6 minutes"},"schema":{"@context":"https:\/\/schema.org","@graph":[{"@type":"Article","@id":"https:\/\/www.boxrepsol.com\/en\/motogp-en\/the-different-motogp-world-championship-classes\/#article","isPartOf":{"@id":"https:\/\/www.boxrepsol.com\/en\/motogp-en\/the-different-motogp-world-championship-classes\/"},"author":{"name":"bx_ayesa","@id":"https:\/\/www.boxrepsol.com\/en\/#\/schema\/person\/d9d0f442a4332c7d099d31ffda4747a0"},"headline":"The different MotoGP World Championship classes","datePublished":"2020-08-31T02:00:00+00:00","dateModified":"2025-06-26T10:14:16+00:00","mainEntityOfPage":{"@id":"https:\/\/www.boxrepsol.com\/en\/motogp-en\/the-different-motogp-world-championship-classes\/"},"wordCount":1207,"commentCount":0,"publisher":{"@id":"https:\/\/www.boxrepsol.com\/en\/#organization"},"image":{"@id":"https:\/\/www.boxrepsol.com\/en\/motogp-en\/the-different-motogp-world-championship-classes\/#primaryimage"},"thumbnailUrl":"https:\/\/bxrepsol.s3.eu-west-1.amazonaws.com\/static\/2022\/08\/09120045\/2018_gp_cataluna_1000cc_5f439102c49e8-2.jpg","keywords":["Competici\u00f3n","Motocycling World Championship"],"articleSection":["MotoGP"],"inLanguage":"en-US","potentialAction":[{"@type":"CommentAction","name":"Comment","target":["https:\/\/www.boxrepsol.com\/en\/motogp-en\/the-different-motogp-world-championship-classes\/#respond"]}]},{"@type":"WebPage","@id":"https:\/\/www.boxrepsol.com\/en\/motogp-en\/the-different-motogp-world-championship-classes\/","url":"https:\/\/www.boxrepsol.com\/en\/motogp-en\/the-different-motogp-world-championship-classes\/","name":"The different MotoGP World Championship classes - Box Repsol","isPartOf":{"@id":"https:\/\/www.boxrepsol.com\/en\/#website"},"primaryImageOfPage":{"@id":"https:\/\/www.boxrepsol.com\/en\/motogp-en\/the-different-motogp-world-championship-classes\/#primaryimage"},"image":{"@id":"https:\/\/www.boxrepsol.com\/en\/motogp-en\/the-different-motogp-world-championship-classes\/#primaryimage"},"thumbnailUrl":"https:\/\/bxrepsol.s3.eu-west-1.amazonaws.com\/static\/2022\/08\/09120045\/2018_gp_cataluna_1000cc_5f439102c49e8-2.jpg","datePublished":"2020-08-31T02:00:00+00:00","dateModified":"2025-06-26T10:14:16+00:00","description":"Since its inception, the Motorcycling World Championship has had various categories and classes. From the current 50cc to 1000cc MotoGP.","breadcrumb":{"@id":"https:\/\/www.boxrepsol.com\/en\/motogp-en\/the-different-motogp-world-championship-classes\/#breadcrumb"},"inLanguage":"en-US","potentialAction":[{"@type":"ReadAction","target":["https:\/\/www.boxrepsol.com\/en\/motogp-en\/the-different-motogp-world-championship-classes\/"]}]},{"@type":"ImageObject","inLanguage":"en-US","@id":"https:\/\/www.boxrepsol.com\/en\/motogp-en\/the-different-motogp-world-championship-classes\/#primaryimage","url":"https:\/\/bxrepsol.s3.eu-west-1.amazonaws.com\/static\/2022\/08\/09120045\/2018_gp_cataluna_1000cc_5f439102c49e8-2.jpg","contentUrl":"https:\/\/bxrepsol.s3.eu-west-1.amazonaws.com\/static\/2022\/08\/09120045\/2018_gp_cataluna_1000cc_5f439102c49e8-2.jpg","width":1280,"height":600,"caption":"Marc M\u00e1rquez pilotando la RC213V"},{"@type":"BreadcrumbList","@id":"https:\/\/www.boxrepsol.com\/en\/motogp-en\/the-different-motogp-world-championship-classes\/#breadcrumb","itemListElement":[{"@type":"ListItem","position":1,"name":"Home","item":"https:\/\/www.boxrepsol.com\/en\/"},{"@type":"ListItem","position":2,"name":"The different MotoGP World Championship classes"}]},{"@type":"WebSite","@id":"https:\/\/www.boxrepsol.com\/en\/#website","url":"https:\/\/www.boxrepsol.com\/en\/","name":"Box Repsol","description":"Box Repsol Site","publisher":{"@id":"https:\/\/www.boxrepsol.com\/en\/#organization"},"potentialAction":[{"@type":"SearchAction","target":{"@type":"EntryPoint","urlTemplate":"https:\/\/www.boxrepsol.com\/en\/?s={search_term_string}"},"query-input":{"@type":"PropertyValueSpecification","valueRequired":true,"valueName":"search_term_string"}}],"inLanguage":"en-US"},{"@type":"Organization","@id":"https:\/\/www.boxrepsol.com\/en\/#organization","name":"Box Repsol","url":"https:\/\/www.boxrepsol.com\/en\/","logo":{"@type":"ImageObject","inLanguage":"en-US","@id":"https:\/\/www.boxrepsol.com\/en\/#\/schema\/logo\/image\/","url":"https:\/\/bxrepsol.s3.eu-west-1.amazonaws.com\/static\/2025\/07\/30083337\/favicon-96x96-1.png","contentUrl":"https:\/\/bxrepsol.s3.eu-west-1.amazonaws.com\/static\/2025\/07\/30083337\/favicon-96x96-1.png","width":96,"height":96,"caption":"Box Repsol"},"image":{"@id":"https:\/\/www.boxrepsol.com\/en\/#\/schema\/logo\/image\/"},"sameAs":["https:\/\/www.facebook.com\/BoxRepsol","https:\/\/x.com\/box_repsol","http:\/\/instagram.com\/box_repsol","https:\/\/www.youtube.com\/user\/RepsolCompeticion","https:\/\/www.flickr.com\/photos\/box_repsol\/"]},{"@type":"Person","@id":"https:\/\/www.boxrepsol.com\/en\/#\/schema\/person\/d9d0f442a4332c7d099d31ffda4747a0","name":"bx_ayesa","image":{"@type":"ImageObject","inLanguage":"en-US","@id":"https:\/\/secure.gravatar.com\/avatar\/059e1b9d3585083708845ba70e8dd968f143ff35f5e0e10cf2d1e7afe2c6a878?s=96&d=mm&r=g","url":"https:\/\/secure.gravatar.com\/avatar\/059e1b9d3585083708845ba70e8dd968f143ff35f5e0e10cf2d1e7afe2c6a878?s=96&d=mm&r=g","contentUrl":"https:\/\/secure.gravatar.com\/avatar\/059e1b9d3585083708845ba70e8dd968f143ff35f5e0e10cf2d1e7afe2c6a878?s=96&d=mm&r=g","caption":"bx_ayesa"},"sameAs":["http:\/\/54.155.157.200"],"url":"https:\/\/www.boxrepsol.com\/en\/author\/bx_ayesa\/"}]}},"_links":{"self":[{"href":"https:\/\/www.boxrepsol.com\/en\/wp-json\/wp\/v2\/posts\/98001","targetHints":{"allow":["GET"]}}],"collection":[{"href":"https:\/\/www.boxrepsol.com\/en\/wp-json\/wp\/v2\/posts"}],"about":[{"href":"https:\/\/www.boxrepsol.com\/en\/wp-json\/wp\/v2\/types\/post"}],"author":[{"embeddable":true,"href":"https:\/\/www.boxrepsol.com\/en\/wp-json\/wp\/v2\/users\/1"}],"replies":[{"embeddable":true,"href":"https:\/\/www.boxrepsol.com\/en\/wp-json\/wp\/v2\/comments?post=98001"}],"version-history":[{"count":6,"href":"https:\/\/www.boxrepsol.com\/en\/wp-json\/wp\/v2\/posts\/98001\/revisions"}],"predecessor-version":[{"id":121062,"href":"https:\/\/www.boxrepsol.com\/en\/wp-json\/wp\/v2\/posts\/98001\/revisions\/121062"}],"wp:featuredmedia":[{"embeddable":true,"href":"https:\/\/www.boxrepsol.com\/en\/wp-json\/wp\/v2\/media\/40836"}],"wp:attachment":[{"href":"https:\/\/www.boxrepsol.com\/en\/wp-json\/wp\/v2\/media?parent=98001"}],"wp:term":[{"taxonomy":"category","embeddable":true,"href":"https:\/\/www.boxrepsol.com\/en\/wp-json\/wp\/v2\/categories?post=98001"},{"taxonomy":"post_tag","embeddable":true,"href":"https:\/\/www.boxrepsol.com\/en\/wp-json\/wp\/v2\/tags?post=98001"}],"curies":[{"name":"wp","href":"https:\/\/api.w.org\/{rel}","templated":true}]}}