{"id":97971,"date":"2020-08-09T00:00:00","date_gmt":"2020-08-09T02:00:00","guid":{"rendered":"http:\/\/pre.boxrepsol.com\/uncategorized\/czech-gp-race-consistent-alex-marquez-continues-point-scoring-run\/"},"modified":"2023-02-27T07:39:39","modified_gmt":"2023-02-27T09:39:39","slug":"czech-gp-race-consistent-alex-marquez-continues-point-scoring-run","status":"publish","type":"post","link":"https:\/\/www.boxrepsol.com\/en\/motogp-en\/czech-gp-race-consistent-alex-marquez-continues-point-scoring-run\/","title":{"rendered":"Czech GP Race 2020: Consistent Alex Marquez continues point scoring run"},"content":{"rendered":"<p>Blue skies welcomed the MotoGP World Championship to the third race of the 2020 MotoGP World Championship at the Automotodrom Brno. After sweltering conditions in Spain, the 46\u00b0C track temperature seemed pleasant in comparison.<\/p>\n<p>A focused <strong>Alex Marquez<\/strong> put a disappointing qualifying result behind him as his Sunday preparations began. Confirming his feeling on the Honda RC213V in Warm Up, he was prepared for what he knew would be a long 21-lap Czech GP. Consistency and a calm approach saw the MotoGP rookie steadily work his way forward, lap by lap closing the gap to those ahead. 15th place in the race continues his perfect run of point scoring finishes as he continues to learn the MotoGP class. The Red Bull Ring will be another new circuit for Alex to learn, but two races there will allow him and the team to see his progress.<\/p>\n<p>It was a demanding Sunday in the Czech Republic for <strong>Stefan Bradl<\/strong>, the German rider completing his first MotoGP race since the 2019 Austrian GP. Although he did not score points, Bradl did gather important data for himself and for HRC as the non-stop development of the Honda RC213V continues.<\/p>\n<p>Stefan Bradl will join the Repsol Honda Team again at the Motorrad Grand Prix von \u00d6sterreich as World Champion Marc Marquez continues to recover from surgery.<\/p>\n<p>There\u2019s almost no time to wait before the Repsol Honda Team are back out on track, the Austrian Grand Prix starting on Friday, August 14. It\u2019s the first of two back-to-back races held at the Red Bull Ring as the compressed 2020 MotoGP season rapidly progresses.<\/p>\n<p>                <!-- Imagen relacionada --><br \/>\n        <img loading=\"lazy\" decoding=\"async\" width=\"404\" height=\"336\" src=\"https:\/\/bxrepsol.s3.eu-west-1.amazonaws.com\/static\/2022\/08\/09115606\/gp-de-la-republica-checa-moto3-1.jpg\" alt=\"Sergio Garc\u00eda Dols durante la carrera del GP de la Rep\u00fablica Checa Moto3 2020\" \/><br \/>\n                <!-- Categor\u00eda --><br \/>\n            Moto3<br \/>\n        <!-- T\u00edtulo --><br \/>\n        <a href=\"https:\/\/www.boxrepsol.com\/en\/moto-3-en\/czech-gp-race-2020-repsol-moto3-riders-challenge-for-points-at-brno\/\"><\/p>\n<h3>Czech GP Race 2020: Repsol Moto3 riders challenge for points at Brno<\/h3>\n<p>        <\/a><br \/>\n                    <!-- Fecha --><br \/>\n            3 hours ago<br \/>\n                    <a\n                        href=\"https:\/\/bxrepsol.s3.eu-west-1.amazonaws.com\/static\/2022\/08\/09115607\/pit-lane-box-repsol-republica-checa-2020.jpg\"\n                        data-index=\"0\"\n                    ><br \/>\n                        <img decoding=\"async\"\n                            src=\"https:\/\/bxrepsol.s3.eu-west-1.amazonaws.com\/static\/2022\/08\/09115607\/pit-lane-box-repsol-republica-checa-2020.jpg\"\n                            srcset=\"https:\/\/bxrepsol.s3.eu-west-1.amazonaws.com\/static\/2022\/08\/09115607\/pit-lane-box-repsol-republica-checa-2020.jpg 1280w, https:\/\/bxrepsol.s3.eu-west-1.amazonaws.com\/static\/2022\/08\/09115607\/pit-lane-box-repsol-republica-checa-2020.jpg 900w, https:\/\/bxrepsol.s3.eu-west-1.amazonaws.com\/static\/2022\/08\/09115607\/pit-lane-box-repsol-republica-checa-2020.jpg 600w, https:\/\/bxrepsol.s3.eu-west-1.amazonaws.com\/static\/2022\/08\/09115607\/pit-lane-box-repsol-republica-checa-2020.jpg 480w, https:\/\/bxrepsol.s3.eu-west-1.amazonaws.com\/static\/2022\/08\/09115607\/pit-lane-box-repsol-republica-checa-2020.jpg 32w\"\n                            title=\"pit-lane-box-repsol-republica-checa-2020\"\n                            alt=\"El puesto del Equipo Repsol Honda en el pitlane del circuito de Brno\"\n                            data-title=\"\"><br \/>\n                    <\/a><br \/>\n                    <a\n                        href=\"https:\/\/bxrepsol.s3.eu-west-1.amazonaws.com\/static\/2022\/08\/09115608\/bradl-republica-checa-carrera-2020.jpg\"\n                        data-index=\"1\"\n                    ><br \/>\n                        <img decoding=\"async\"\n                            src=\"https:\/\/bxrepsol.s3.eu-west-1.amazonaws.com\/static\/2022\/08\/09115608\/bradl-republica-checa-carrera-2020.jpg\"\n                            srcset=\"https:\/\/bxrepsol.s3.eu-west-1.amazonaws.com\/static\/2022\/08\/09115608\/bradl-republica-checa-carrera-2020.jpg 1280w, https:\/\/bxrepsol.s3.eu-west-1.amazonaws.com\/static\/2022\/08\/09115608\/bradl-republica-checa-carrera-2020.jpg 900w, https:\/\/bxrepsol.s3.eu-west-1.amazonaws.com\/static\/2022\/08\/09115608\/bradl-republica-checa-carrera-2020.jpg 600w, https:\/\/bxrepsol.s3.eu-west-1.amazonaws.com\/static\/2022\/08\/09115608\/bradl-republica-checa-carrera-2020.jpg 480w, https:\/\/bxrepsol.s3.eu-west-1.amazonaws.com\/static\/2022\/08\/09115608\/bradl-republica-checa-carrera-2020.jpg 32w\"\n                            title=\"bradl-republica-checa-carrera-2020\"\n                            alt=\"Stefan Bradl rodando durante la carrera del GP de la Rep\u00fablica Checa 2020\"\n                            data-title=\"\"><br \/>\n                    <\/a><br \/>\n                    <a\n                        href=\"https:\/\/bxrepsol.s3.eu-west-1.amazonaws.com\/static\/2022\/08\/09115610\/alex-marquez-republica-checa-rc213v-2020.jpg\"\n                        data-index=\"2\"\n                    ><br \/>\n                        <img decoding=\"async\"\n                            src=\"https:\/\/bxrepsol.s3.eu-west-1.amazonaws.com\/static\/2022\/08\/09115610\/alex-marquez-republica-checa-rc213v-2020.jpg\"\n                            srcset=\"https:\/\/bxrepsol.s3.eu-west-1.amazonaws.com\/static\/2022\/08\/09115610\/alex-marquez-republica-checa-rc213v-2020.jpg 1280w, https:\/\/bxrepsol.s3.eu-west-1.amazonaws.com\/static\/2022\/08\/09115610\/alex-marquez-republica-checa-rc213v-2020.jpg 900w, https:\/\/bxrepsol.s3.eu-west-1.amazonaws.com\/static\/2022\/08\/09115610\/alex-marquez-republica-checa-rc213v-2020.jpg 600w, https:\/\/bxrepsol.s3.eu-west-1.amazonaws.com\/static\/2022\/08\/09115610\/alex-marquez-republica-checa-rc213v-2020.jpg 480w, https:\/\/bxrepsol.s3.eu-west-1.amazonaws.com\/static\/2022\/08\/09115610\/alex-marquez-republica-checa-rc213v-2020.jpg 32w\"\n                            title=\"alex-marquez-republica-checa-rc213v-2020\"\n                            alt=\"\u00c1lex M\u00e1rquez rodando durante la carrera del GP de la Rep\u00fablica Checa 2020\"\n                            data-title=\"\"><br \/>\n                    <\/a><br \/>\n                    <a\n                        href=\"https:\/\/bxrepsol.s3.eu-west-1.amazonaws.com\/static\/2022\/08\/09115611\/bradl-entrando-rc213v-brno-2020.jpg\"\n                        data-index=\"3\"\n                    ><br \/>\n                        <img decoding=\"async\"\n                            src=\"https:\/\/bxrepsol.s3.eu-west-1.amazonaws.com\/static\/2022\/08\/09115611\/bradl-entrando-rc213v-brno-2020.jpg\"\n                            srcset=\"https:\/\/bxrepsol.s3.eu-west-1.amazonaws.com\/static\/2022\/08\/09115611\/bradl-entrando-rc213v-brno-2020.jpg 1280w, https:\/\/bxrepsol.s3.eu-west-1.amazonaws.com\/static\/2022\/08\/09115611\/bradl-entrando-rc213v-brno-2020.jpg 900w, https:\/\/bxrepsol.s3.eu-west-1.amazonaws.com\/static\/2022\/08\/09115611\/bradl-entrando-rc213v-brno-2020.jpg 600w, https:\/\/bxrepsol.s3.eu-west-1.amazonaws.com\/static\/2022\/08\/09115611\/bradl-entrando-rc213v-brno-2020.jpg 480w, https:\/\/bxrepsol.s3.eu-west-1.amazonaws.com\/static\/2022\/08\/09115611\/bradl-entrando-rc213v-brno-2020.jpg 32w\"\n                            title=\"bradl-entrando-rc213v-brno-2020\"\n                            alt=\"Stefan Bradl rodando durante la carrera del GP de la Rep\u00fablica Checa 2020\"\n                            data-title=\"\"><br \/>\n                    <\/a><br \/>\n                    <a\n                        href=\"https:\/\/bxrepsol.s3.eu-west-1.amazonaws.com\/static\/2022\/08\/09115612\/alex-marquez-republica-checa-brno-20201.jpg\"\n                        data-index=\"4\"\n                    ><br \/>\n                        <img decoding=\"async\"\n                            src=\"https:\/\/bxrepsol.s3.eu-west-1.amazonaws.com\/static\/2022\/08\/09115612\/alex-marquez-republica-checa-brno-20201.jpg\"\n                            srcset=\"https:\/\/bxrepsol.s3.eu-west-1.amazonaws.com\/static\/2022\/08\/09115612\/alex-marquez-republica-checa-brno-20201.jpg 1280w, https:\/\/bxrepsol.s3.eu-west-1.amazonaws.com\/static\/2022\/08\/09115612\/alex-marquez-republica-checa-brno-20201.jpg 900w, https:\/\/bxrepsol.s3.eu-west-1.amazonaws.com\/static\/2022\/08\/09115612\/alex-marquez-republica-checa-brno-20201.jpg 600w, https:\/\/bxrepsol.s3.eu-west-1.amazonaws.com\/static\/2022\/08\/09115612\/alex-marquez-republica-checa-brno-20201.jpg 480w, https:\/\/bxrepsol.s3.eu-west-1.amazonaws.com\/static\/2022\/08\/09115612\/alex-marquez-republica-checa-brno-20201.jpg 32w\"\n                            title=\"alex-marquez-republica-checa-brno-20201\"\n                            alt=\"\u00c1lex M\u00e1rquez rodando durante la carrera del GP de la Rep\u00fablica Checa 2020\"\n                            data-title=\"\"><br \/>\n                    <\/a><br \/>\n                    <a\n                        href=\"https:\/\/bxrepsol.s3.eu-west-1.amazonaws.com\/static\/2022\/08\/09115612\/bradl-entrando-a-box-brrno-2020.jpg\"\n                        data-index=\"5\"\n                    ><br \/>\n                        <img decoding=\"async\"\n                            src=\"https:\/\/bxrepsol.s3.eu-west-1.amazonaws.com\/static\/2022\/08\/09115612\/bradl-entrando-a-box-brrno-2020.jpg\"\n                            srcset=\"https:\/\/bxrepsol.s3.eu-west-1.amazonaws.com\/static\/2022\/08\/09115612\/bradl-entrando-a-box-brrno-2020.jpg 1280w, https:\/\/bxrepsol.s3.eu-west-1.amazonaws.com\/static\/2022\/08\/09115612\/bradl-entrando-a-box-brrno-2020.jpg 900w, https:\/\/bxrepsol.s3.eu-west-1.amazonaws.com\/static\/2022\/08\/09115612\/bradl-entrando-a-box-brrno-2020.jpg 600w, https:\/\/bxrepsol.s3.eu-west-1.amazonaws.com\/static\/2022\/08\/09115612\/bradl-entrando-a-box-brrno-2020.jpg 480w, https:\/\/bxrepsol.s3.eu-west-1.amazonaws.com\/static\/2022\/08\/09115612\/bradl-entrando-a-box-brrno-2020.jpg 32w\"\n                            title=\"bradl-entrando-a-box-brrno-2020\"\n                            alt=\"Stefan Bradl bajandose de la moto durante la carrera del GP de la Rep\u00fablica Checa 2020\"\n                            data-title=\"\"><br \/>\n                    <\/a><br \/>\n                    <a\n                        href=\"https:\/\/bxrepsol.s3.eu-west-1.amazonaws.com\/static\/2022\/08\/09115613\/alex-marquez-brno-20201.jpg\"\n                        data-index=\"6\"\n                    ><br \/>\n                        <img decoding=\"async\"\n                            src=\"https:\/\/bxrepsol.s3.eu-west-1.amazonaws.com\/static\/2022\/08\/09115613\/alex-marquez-brno-20201.jpg\"\n                            srcset=\"https:\/\/bxrepsol.s3.eu-west-1.amazonaws.com\/static\/2022\/08\/09115613\/alex-marquez-brno-20201.jpg 1280w, https:\/\/bxrepsol.s3.eu-west-1.amazonaws.com\/static\/2022\/08\/09115613\/alex-marquez-brno-20201.jpg 900w, https:\/\/bxrepsol.s3.eu-west-1.amazonaws.com\/static\/2022\/08\/09115613\/alex-marquez-brno-20201.jpg 600w, https:\/\/bxrepsol.s3.eu-west-1.amazonaws.com\/static\/2022\/08\/09115613\/alex-marquez-brno-20201.jpg 480w, https:\/\/bxrepsol.s3.eu-west-1.amazonaws.com\/static\/2022\/08\/09115613\/alex-marquez-brno-20201.jpg 32w\"\n                            title=\"alex-marquez-brno-20201\"\n                            alt=\"\u00c1lex M\u00e1rquez rodando durante la carrera del GP de la Rep\u00fablica Checa 2020\"\n                            data-title=\"\"><br \/>\n                    <\/a><br \/>\n                    <a\n                        href=\"https:\/\/bxrepsol.s3.eu-west-1.amazonaws.com\/static\/2022\/08\/09115614\/alex-marquez-republica-checa-20202.jpg\"\n                        data-index=\"7\"\n                    ><br \/>\n                        <img decoding=\"async\"\n                            src=\"https:\/\/bxrepsol.s3.eu-west-1.amazonaws.com\/static\/2022\/08\/09115614\/alex-marquez-republica-checa-20202.jpg\"\n                            srcset=\"https:\/\/bxrepsol.s3.eu-west-1.amazonaws.com\/static\/2022\/08\/09115614\/alex-marquez-republica-checa-20202.jpg 1280w, https:\/\/bxrepsol.s3.eu-west-1.amazonaws.com\/static\/2022\/08\/09115614\/alex-marquez-republica-checa-20202.jpg 900w, https:\/\/bxrepsol.s3.eu-west-1.amazonaws.com\/static\/2022\/08\/09115614\/alex-marquez-republica-checa-20202.jpg 600w, https:\/\/bxrepsol.s3.eu-west-1.amazonaws.com\/static\/2022\/08\/09115614\/alex-marquez-republica-checa-20202.jpg 480w, https:\/\/bxrepsol.s3.eu-west-1.amazonaws.com\/static\/2022\/08\/09115614\/alex-marquez-republica-checa-20202.jpg 32w\"\n                            title=\"alex-marquez-republica-checa-20202\"\n                            alt=\"\u00c1lex M\u00e1rquez rodando durante la carrera del GP de la Rep\u00fablica Checa 2020\"\n                            data-title=\"\"><br \/>\n                    <\/a><br \/>\n        <button data-glide-dir=\"<\"><br \/>\n            <svg role=\"img\"  viewBox=\"0 0 256 512\">\n                <path fill=\"currentColor\" d=\"M238.475 475.535l7.071-7.07c4.686-4.686 4.686-12.284 0-16.971L50.053 256 245.546 60.506c4.686-4.686 4.686-12.284 0-16.971l-7.071-7.07c-4.686-4.686-12.284-4.686-16.97 0L10.454 247.515c-4.686 4.686-4.686 12.284 0 16.971l211.051 211.05c4.686 4.686 12.284 4.686 16.97-.001z\"><\/path>\n            <\/svg><br \/>\n        <\/button><br \/>\n        <button data-glide-dir=\">&#8220;><br \/>\n            <svg role=\"img\"  viewBox=\"0 0 256 512\">\n                <path fill=\"currentColor\" d=\"M17.525 36.465l-7.071 7.07c-4.686 4.686-4.686 12.284 0 16.971L205.947 256 10.454 451.494c-4.686 4.686-4.686 12.284 0 16.971l7.071 7.07c4.686 4.686 12.284 4.686 16.97 0l211.051-211.05c4.686-4.686 4.686-12.284 0-16.971L34.495 36.465c-4.686-4.687-12.284-4.687-16.97 0z\"><\/path>\n            <\/svg><br \/>\n        <\/button><\/p>\n<h2>Czech GP 2020 &#8211; Race &#8211;  Riders statements<\/h2>\n<p><a href=\"https:\/\/twitter.com\/hashtag\/AM73?src=hash&#038;lang=es\">#AM73<\/a><\/p>\n<p><em><strong> I have learned a lot about managing the tyre. <\/strong>&#8220;It was a tough day; I was expecting a lot more from this weekend to be honest. Sometimes when you expect a little too much, you can find yourself here. But anyway, we\u2019ve learned some new things as this was the first race with a lot of change in the tyre. I lost a lot of time overtaking Bradl and Smith, I really lost the race here. After this the pace wasn\u2019t so bad and I have learned a lot about managing the tyre. Not the weekend we expected, but we learned more.\u201d<\/em><\/p>\n<hr\/>\n<p><a href=\"https:\/\/twitter.com\/hashtag\/stefanbradl?src=hash&#038;lang=es\">#SB6<\/a><\/p>\n<p><em><strong>We have a whole weekend of data to understand the bike more.<\/strong> &#8220;It was a pretty tough day honestly. Jumping into a race weekend was always going to be tricky, so we made the most of what we could. In the race I didn\u2019t really feel comfortable on the bike, but I was able to make a good start. On lap seven or eight I unfortunately made a mistake on the brakes into Turn 1 and I ran off. Then it was a race on my own and I did what I could. I\u2019m looking forward to moving on to the next weekend. We have a whole weekend of data to understand the bike more, so let\u2019s see what\u2019s possible.\u201d<\/em><\/p>\n","protected":false},"excerpt":{"rendered":"<p>The Repsol Honda Team took steps forward on Sunday as a difficult Brno weekend came to a close, Alex Marquez and Stefan Bradl ready to come back stronger in Austria next week.<\/p>\n","protected":false},"author":1,"featured_media":40656,"comment_status":"open","ping_status":"open","sticky":false,"template":"","format":"standard","meta":{"footnotes":""},"categories":[146],"tags":[191,192,279,281,210,215,8],"class_list":["post-97971","post","type-post","status-publish","format-standard","hentry","category-motogp-en","tag-191","tag-alex-marquez","tag-campeonato-del-mundo-de-motociclismo-en","tag-equipo-repsol-honda-en","tag-motocycling-world-championship","tag-motogp-czech-republic","tag-repsol-honda-team"],"yoast_head":"<!-- This site is optimized with the Yoast SEO plugin v27.3 - https:\/\/yoast.com\/product\/yoast-seo-wordpress\/ -->\n<title>Czech GP Race 2020: Consistent Alex Marquez continues point scoring run - Box Repsol<\/title>\n<meta name=\"description\" content=\"Czech GP 2020: The Repsol Honda Team took steps forward at a difficult Brno weekend, Alex Marquez and Stefan Bradl ready to come back stronger in Austria.\" \/>\n<link rel=\"canonical\" href=\"https:\/\/www.boxrepsol.com\/en\/motogp-en\/czech-gp-race-consistent-alex-marquez-continues-point-scoring-run\/\" \/>\n<meta property=\"og:locale\" content=\"en_US\" \/>\n<meta property=\"og:type\" content=\"article\" \/>\n<meta property=\"og:title\" content=\"Czech GP Race 2020: Consistent Alex Marquez continues point scoring run - Box Repsol\" \/>\n<meta property=\"og:description\" content=\"Czech GP 2020: The Repsol Honda Team took steps forward at a difficult Brno weekend, Alex Marquez and Stefan Bradl ready to come back stronger in Austria.\" \/>\n<meta property=\"og:url\" content=\"https:\/\/www.boxrepsol.com\/en\/motogp-en\/czech-gp-race-consistent-alex-marquez-continues-point-scoring-run\/\" \/>\n<meta property=\"og:site_name\" content=\"Box Repsol\" \/>\n<meta property=\"article:publisher\" content=\"https:\/\/www.facebook.com\/BoxRepsol\" \/>\n<meta property=\"article:published_time\" content=\"2020-08-09T02:00:00+00:00\" \/>\n<meta property=\"article:modified_time\" content=\"2023-02-27T09:39:39+00:00\" \/>\n<meta property=\"og:image\" content=\"https:\/\/bxrepsol.s3.eu-west-1.amazonaws.com\/static\/2022\/08\/09115616\/alex-marquez-stefan-bradl-republica-checa-rc213v-2020.jpg\" \/>\n\t<meta property=\"og:image:width\" content=\"1280\" \/>\n\t<meta property=\"og:image:height\" content=\"720\" \/>\n\t<meta property=\"og:image:type\" content=\"image\/jpeg\" \/>\n<meta name=\"author\" content=\"bx_ayesa\" \/>\n<meta name=\"twitter:card\" content=\"summary_large_image\" \/>\n<meta name=\"twitter:creator\" content=\"@box_repsol\" \/>\n<meta name=\"twitter:site\" content=\"@box_repsol\" \/>\n<meta name=\"twitter:label1\" content=\"Written by\" \/>\n\t<meta name=\"twitter:data1\" content=\"bx_ayesa\" \/>\n\t<meta name=\"twitter:label2\" content=\"Est. reading time\" \/>\n\t<meta name=\"twitter:data2\" content=\"3 minutes\" \/>\n<script type=\"application\/ld+json\" class=\"yoast-schema-graph\">{\"@context\":\"https:\\\/\\\/schema.org\",\"@graph\":[{\"@type\":\"Article\",\"@id\":\"https:\\\/\\\/www.boxrepsol.com\\\/en\\\/motogp-en\\\/czech-gp-race-consistent-alex-marquez-continues-point-scoring-run\\\/#article\",\"isPartOf\":{\"@id\":\"https:\\\/\\\/www.boxrepsol.com\\\/en\\\/motogp-en\\\/czech-gp-race-consistent-alex-marquez-continues-point-scoring-run\\\/\"},\"author\":{\"name\":\"bx_ayesa\",\"@id\":\"https:\\\/\\\/www.boxrepsol.com\\\/en\\\/#\\\/schema\\\/person\\\/d9d0f442a4332c7d099d31ffda4747a0\"},\"headline\":\"Czech GP Race 2020: Consistent Alex Marquez continues point scoring run\",\"datePublished\":\"2020-08-09T02:00:00+00:00\",\"dateModified\":\"2023-02-27T09:39:39+00:00\",\"mainEntityOfPage\":{\"@id\":\"https:\\\/\\\/www.boxrepsol.com\\\/en\\\/motogp-en\\\/czech-gp-race-consistent-alex-marquez-continues-point-scoring-run\\\/\"},\"wordCount\":527,\"commentCount\":0,\"publisher\":{\"@id\":\"https:\\\/\\\/www.boxrepsol.com\\\/en\\\/#organization\"},\"image\":{\"@id\":\"https:\\\/\\\/www.boxrepsol.com\\\/en\\\/motogp-en\\\/czech-gp-race-consistent-alex-marquez-continues-point-scoring-run\\\/#primaryimage\"},\"thumbnailUrl\":\"https:\\\/\\\/bxrepsol.s3.eu-west-1.amazonaws.com\\\/static\\\/2022\\\/08\\\/09115616\\\/alex-marquez-stefan-bradl-republica-checa-rc213v-2020.jpg\",\"keywords\":[\"2020\",\"\u00c1lex M\u00e1rquez\",\"Campeonato del Mundo de Motociclismo\",\"Equipo Repsol Honda\",\"Motocycling World Championship\",\"MotoGP Czech Republic\",\"Repsol Honda Team\"],\"articleSection\":[\"MotoGP\"],\"inLanguage\":\"en-US\",\"potentialAction\":[{\"@type\":\"CommentAction\",\"name\":\"Comment\",\"target\":[\"https:\\\/\\\/www.boxrepsol.com\\\/en\\\/motogp-en\\\/czech-gp-race-consistent-alex-marquez-continues-point-scoring-run\\\/#respond\"]}]},{\"@type\":\"WebPage\",\"@id\":\"https:\\\/\\\/www.boxrepsol.com\\\/en\\\/motogp-en\\\/czech-gp-race-consistent-alex-marquez-continues-point-scoring-run\\\/\",\"url\":\"https:\\\/\\\/www.boxrepsol.com\\\/en\\\/motogp-en\\\/czech-gp-race-consistent-alex-marquez-continues-point-scoring-run\\\/\",\"name\":\"Czech GP Race 2020: Consistent Alex Marquez continues point scoring run - Box Repsol\",\"isPartOf\":{\"@id\":\"https:\\\/\\\/www.boxrepsol.com\\\/en\\\/#website\"},\"primaryImageOfPage\":{\"@id\":\"https:\\\/\\\/www.boxrepsol.com\\\/en\\\/motogp-en\\\/czech-gp-race-consistent-alex-marquez-continues-point-scoring-run\\\/#primaryimage\"},\"image\":{\"@id\":\"https:\\\/\\\/www.boxrepsol.com\\\/en\\\/motogp-en\\\/czech-gp-race-consistent-alex-marquez-continues-point-scoring-run\\\/#primaryimage\"},\"thumbnailUrl\":\"https:\\\/\\\/bxrepsol.s3.eu-west-1.amazonaws.com\\\/static\\\/2022\\\/08\\\/09115616\\\/alex-marquez-stefan-bradl-republica-checa-rc213v-2020.jpg\",\"datePublished\":\"2020-08-09T02:00:00+00:00\",\"dateModified\":\"2023-02-27T09:39:39+00:00\",\"description\":\"Czech GP 2020: The Repsol Honda Team took steps forward at a difficult Brno weekend, Alex Marquez and Stefan Bradl ready to come back stronger in Austria.\",\"breadcrumb\":{\"@id\":\"https:\\\/\\\/www.boxrepsol.com\\\/en\\\/motogp-en\\\/czech-gp-race-consistent-alex-marquez-continues-point-scoring-run\\\/#breadcrumb\"},\"inLanguage\":\"en-US\",\"potentialAction\":[{\"@type\":\"ReadAction\",\"target\":[\"https:\\\/\\\/www.boxrepsol.com\\\/en\\\/motogp-en\\\/czech-gp-race-consistent-alex-marquez-continues-point-scoring-run\\\/\"]}]},{\"@type\":\"ImageObject\",\"inLanguage\":\"en-US\",\"@id\":\"https:\\\/\\\/www.boxrepsol.com\\\/en\\\/motogp-en\\\/czech-gp-race-consistent-alex-marquez-continues-point-scoring-run\\\/#primaryimage\",\"url\":\"https:\\\/\\\/bxrepsol.s3.eu-west-1.amazonaws.com\\\/static\\\/2022\\\/08\\\/09115616\\\/alex-marquez-stefan-bradl-republica-checa-rc213v-2020.jpg\",\"contentUrl\":\"https:\\\/\\\/bxrepsol.s3.eu-west-1.amazonaws.com\\\/static\\\/2022\\\/08\\\/09115616\\\/alex-marquez-stefan-bradl-republica-checa-rc213v-2020.jpg\",\"width\":1280,\"height\":720,\"caption\":\"\u00c1lex M\u00e1rquez y Stefan Bradl durante la carrera en el el circuito de Brno durante el GP de la Rep\u00fablica Checa 2020\"},{\"@type\":\"BreadcrumbList\",\"@id\":\"https:\\\/\\\/www.boxrepsol.com\\\/en\\\/motogp-en\\\/czech-gp-race-consistent-alex-marquez-continues-point-scoring-run\\\/#breadcrumb\",\"itemListElement\":[{\"@type\":\"ListItem\",\"position\":1,\"name\":\"Home\",\"item\":\"https:\\\/\\\/www.boxrepsol.com\\\/en\\\/\"},{\"@type\":\"ListItem\",\"position\":2,\"name\":\"Czech GP Race 2020: Consistent Alex Marquez continues point scoring run\"}]},{\"@type\":\"WebSite\",\"@id\":\"https:\\\/\\\/www.boxrepsol.com\\\/en\\\/#website\",\"url\":\"https:\\\/\\\/www.boxrepsol.com\\\/en\\\/\",\"name\":\"Box Repsol\",\"description\":\"Box Repsol Site\",\"publisher\":{\"@id\":\"https:\\\/\\\/www.boxrepsol.com\\\/en\\\/#organization\"},\"potentialAction\":[{\"@type\":\"SearchAction\",\"target\":{\"@type\":\"EntryPoint\",\"urlTemplate\":\"https:\\\/\\\/www.boxrepsol.com\\\/en\\\/?s={search_term_string}\"},\"query-input\":{\"@type\":\"PropertyValueSpecification\",\"valueRequired\":true,\"valueName\":\"search_term_string\"}}],\"inLanguage\":\"en-US\"},{\"@type\":\"Organization\",\"@id\":\"https:\\\/\\\/www.boxrepsol.com\\\/en\\\/#organization\",\"name\":\"Box Repsol\",\"url\":\"https:\\\/\\\/www.boxrepsol.com\\\/en\\\/\",\"logo\":{\"@type\":\"ImageObject\",\"inLanguage\":\"en-US\",\"@id\":\"https:\\\/\\\/www.boxrepsol.com\\\/en\\\/#\\\/schema\\\/logo\\\/image\\\/\",\"url\":\"https:\\\/\\\/bxrepsol.s3.eu-west-1.amazonaws.com\\\/static\\\/2025\\\/07\\\/30083337\\\/favicon-96x96-1.png\",\"contentUrl\":\"https:\\\/\\\/bxrepsol.s3.eu-west-1.amazonaws.com\\\/static\\\/2025\\\/07\\\/30083337\\\/favicon-96x96-1.png\",\"width\":96,\"height\":96,\"caption\":\"Box Repsol\"},\"image\":{\"@id\":\"https:\\\/\\\/www.boxrepsol.com\\\/en\\\/#\\\/schema\\\/logo\\\/image\\\/\"},\"sameAs\":[\"https:\\\/\\\/www.facebook.com\\\/BoxRepsol\",\"https:\\\/\\\/x.com\\\/box_repsol\",\"http:\\\/\\\/instagram.com\\\/box_repsol\",\"https:\\\/\\\/www.youtube.com\\\/user\\\/RepsolCompeticion\",\"https:\\\/\\\/www.flickr.com\\\/photos\\\/box_repsol\\\/\"]},{\"@type\":\"Person\",\"@id\":\"https:\\\/\\\/www.boxrepsol.com\\\/en\\\/#\\\/schema\\\/person\\\/d9d0f442a4332c7d099d31ffda4747a0\",\"name\":\"bx_ayesa\",\"image\":{\"@type\":\"ImageObject\",\"inLanguage\":\"en-US\",\"@id\":\"https:\\\/\\\/secure.gravatar.com\\\/avatar\\\/059e1b9d3585083708845ba70e8dd968f143ff35f5e0e10cf2d1e7afe2c6a878?s=96&d=mm&r=g\",\"url\":\"https:\\\/\\\/secure.gravatar.com\\\/avatar\\\/059e1b9d3585083708845ba70e8dd968f143ff35f5e0e10cf2d1e7afe2c6a878?s=96&d=mm&r=g\",\"contentUrl\":\"https:\\\/\\\/secure.gravatar.com\\\/avatar\\\/059e1b9d3585083708845ba70e8dd968f143ff35f5e0e10cf2d1e7afe2c6a878?s=96&d=mm&r=g\",\"caption\":\"bx_ayesa\"},\"sameAs\":[\"http:\\\/\\\/54.155.157.200\"],\"url\":\"https:\\\/\\\/www.boxrepsol.com\\\/en\\\/author\\\/bx_ayesa\\\/\"}]}<\/script>\n<!-- \/ Yoast SEO plugin. -->","yoast_head_json":{"title":"Czech GP Race 2020: Consistent Alex Marquez continues point scoring run - Box Repsol","description":"Czech GP 2020: The Repsol Honda Team took steps forward at a difficult Brno weekend, Alex Marquez and Stefan Bradl ready to come back stronger in Austria.","canonical":"https:\/\/www.boxrepsol.com\/en\/motogp-en\/czech-gp-race-consistent-alex-marquez-continues-point-scoring-run\/","og_locale":"en_US","og_type":"article","og_title":"Czech GP Race 2020: Consistent Alex Marquez continues point scoring run - Box Repsol","og_description":"Czech GP 2020: The Repsol Honda Team took steps forward at a difficult Brno weekend, Alex Marquez and Stefan Bradl ready to come back stronger in Austria.","og_url":"https:\/\/www.boxrepsol.com\/en\/motogp-en\/czech-gp-race-consistent-alex-marquez-continues-point-scoring-run\/","og_site_name":"Box Repsol","article_publisher":"https:\/\/www.facebook.com\/BoxRepsol","article_published_time":"2020-08-09T02:00:00+00:00","article_modified_time":"2023-02-27T09:39:39+00:00","og_image":[{"width":1280,"height":720,"url":"https:\/\/bxrepsol.s3.eu-west-1.amazonaws.com\/static\/2022\/08\/09115616\/alex-marquez-stefan-bradl-republica-checa-rc213v-2020.jpg","type":"image\/jpeg"}],"author":"bx_ayesa","twitter_card":"summary_large_image","twitter_creator":"@box_repsol","twitter_site":"@box_repsol","twitter_misc":{"Written by":"bx_ayesa","Est. reading time":"3 minutes"},"schema":{"@context":"https:\/\/schema.org","@graph":[{"@type":"Article","@id":"https:\/\/www.boxrepsol.com\/en\/motogp-en\/czech-gp-race-consistent-alex-marquez-continues-point-scoring-run\/#article","isPartOf":{"@id":"https:\/\/www.boxrepsol.com\/en\/motogp-en\/czech-gp-race-consistent-alex-marquez-continues-point-scoring-run\/"},"author":{"name":"bx_ayesa","@id":"https:\/\/www.boxrepsol.com\/en\/#\/schema\/person\/d9d0f442a4332c7d099d31ffda4747a0"},"headline":"Czech GP Race 2020: Consistent Alex Marquez continues point scoring run","datePublished":"2020-08-09T02:00:00+00:00","dateModified":"2023-02-27T09:39:39+00:00","mainEntityOfPage":{"@id":"https:\/\/www.boxrepsol.com\/en\/motogp-en\/czech-gp-race-consistent-alex-marquez-continues-point-scoring-run\/"},"wordCount":527,"commentCount":0,"publisher":{"@id":"https:\/\/www.boxrepsol.com\/en\/#organization"},"image":{"@id":"https:\/\/www.boxrepsol.com\/en\/motogp-en\/czech-gp-race-consistent-alex-marquez-continues-point-scoring-run\/#primaryimage"},"thumbnailUrl":"https:\/\/bxrepsol.s3.eu-west-1.amazonaws.com\/static\/2022\/08\/09115616\/alex-marquez-stefan-bradl-republica-checa-rc213v-2020.jpg","keywords":["2020","\u00c1lex M\u00e1rquez","Campeonato del Mundo de Motociclismo","Equipo Repsol Honda","Motocycling World Championship","MotoGP Czech Republic","Repsol Honda Team"],"articleSection":["MotoGP"],"inLanguage":"en-US","potentialAction":[{"@type":"CommentAction","name":"Comment","target":["https:\/\/www.boxrepsol.com\/en\/motogp-en\/czech-gp-race-consistent-alex-marquez-continues-point-scoring-run\/#respond"]}]},{"@type":"WebPage","@id":"https:\/\/www.boxrepsol.com\/en\/motogp-en\/czech-gp-race-consistent-alex-marquez-continues-point-scoring-run\/","url":"https:\/\/www.boxrepsol.com\/en\/motogp-en\/czech-gp-race-consistent-alex-marquez-continues-point-scoring-run\/","name":"Czech GP Race 2020: Consistent Alex Marquez continues point scoring run - Box Repsol","isPartOf":{"@id":"https:\/\/www.boxrepsol.com\/en\/#website"},"primaryImageOfPage":{"@id":"https:\/\/www.boxrepsol.com\/en\/motogp-en\/czech-gp-race-consistent-alex-marquez-continues-point-scoring-run\/#primaryimage"},"image":{"@id":"https:\/\/www.boxrepsol.com\/en\/motogp-en\/czech-gp-race-consistent-alex-marquez-continues-point-scoring-run\/#primaryimage"},"thumbnailUrl":"https:\/\/bxrepsol.s3.eu-west-1.amazonaws.com\/static\/2022\/08\/09115616\/alex-marquez-stefan-bradl-republica-checa-rc213v-2020.jpg","datePublished":"2020-08-09T02:00:00+00:00","dateModified":"2023-02-27T09:39:39+00:00","description":"Czech GP 2020: The Repsol Honda Team took steps forward at a difficult Brno weekend, Alex Marquez and Stefan Bradl ready to come back stronger in Austria.","breadcrumb":{"@id":"https:\/\/www.boxrepsol.com\/en\/motogp-en\/czech-gp-race-consistent-alex-marquez-continues-point-scoring-run\/#breadcrumb"},"inLanguage":"en-US","potentialAction":[{"@type":"ReadAction","target":["https:\/\/www.boxrepsol.com\/en\/motogp-en\/czech-gp-race-consistent-alex-marquez-continues-point-scoring-run\/"]}]},{"@type":"ImageObject","inLanguage":"en-US","@id":"https:\/\/www.boxrepsol.com\/en\/motogp-en\/czech-gp-race-consistent-alex-marquez-continues-point-scoring-run\/#primaryimage","url":"https:\/\/bxrepsol.s3.eu-west-1.amazonaws.com\/static\/2022\/08\/09115616\/alex-marquez-stefan-bradl-republica-checa-rc213v-2020.jpg","contentUrl":"https:\/\/bxrepsol.s3.eu-west-1.amazonaws.com\/static\/2022\/08\/09115616\/alex-marquez-stefan-bradl-republica-checa-rc213v-2020.jpg","width":1280,"height":720,"caption":"\u00c1lex M\u00e1rquez y Stefan Bradl durante la carrera en el el circuito de Brno durante el GP de la Rep\u00fablica Checa 2020"},{"@type":"BreadcrumbList","@id":"https:\/\/www.boxrepsol.com\/en\/motogp-en\/czech-gp-race-consistent-alex-marquez-continues-point-scoring-run\/#breadcrumb","itemListElement":[{"@type":"ListItem","position":1,"name":"Home","item":"https:\/\/www.boxrepsol.com\/en\/"},{"@type":"ListItem","position":2,"name":"Czech GP Race 2020: Consistent Alex Marquez continues point scoring run"}]},{"@type":"WebSite","@id":"https:\/\/www.boxrepsol.com\/en\/#website","url":"https:\/\/www.boxrepsol.com\/en\/","name":"Box Repsol","description":"Box Repsol Site","publisher":{"@id":"https:\/\/www.boxrepsol.com\/en\/#organization"},"potentialAction":[{"@type":"SearchAction","target":{"@type":"EntryPoint","urlTemplate":"https:\/\/www.boxrepsol.com\/en\/?s={search_term_string}"},"query-input":{"@type":"PropertyValueSpecification","valueRequired":true,"valueName":"search_term_string"}}],"inLanguage":"en-US"},{"@type":"Organization","@id":"https:\/\/www.boxrepsol.com\/en\/#organization","name":"Box Repsol","url":"https:\/\/www.boxrepsol.com\/en\/","logo":{"@type":"ImageObject","inLanguage":"en-US","@id":"https:\/\/www.boxrepsol.com\/en\/#\/schema\/logo\/image\/","url":"https:\/\/bxrepsol.s3.eu-west-1.amazonaws.com\/static\/2025\/07\/30083337\/favicon-96x96-1.png","contentUrl":"https:\/\/bxrepsol.s3.eu-west-1.amazonaws.com\/static\/2025\/07\/30083337\/favicon-96x96-1.png","width":96,"height":96,"caption":"Box Repsol"},"image":{"@id":"https:\/\/www.boxrepsol.com\/en\/#\/schema\/logo\/image\/"},"sameAs":["https:\/\/www.facebook.com\/BoxRepsol","https:\/\/x.com\/box_repsol","http:\/\/instagram.com\/box_repsol","https:\/\/www.youtube.com\/user\/RepsolCompeticion","https:\/\/www.flickr.com\/photos\/box_repsol\/"]},{"@type":"Person","@id":"https:\/\/www.boxrepsol.com\/en\/#\/schema\/person\/d9d0f442a4332c7d099d31ffda4747a0","name":"bx_ayesa","image":{"@type":"ImageObject","inLanguage":"en-US","@id":"https:\/\/secure.gravatar.com\/avatar\/059e1b9d3585083708845ba70e8dd968f143ff35f5e0e10cf2d1e7afe2c6a878?s=96&d=mm&r=g","url":"https:\/\/secure.gravatar.com\/avatar\/059e1b9d3585083708845ba70e8dd968f143ff35f5e0e10cf2d1e7afe2c6a878?s=96&d=mm&r=g","contentUrl":"https:\/\/secure.gravatar.com\/avatar\/059e1b9d3585083708845ba70e8dd968f143ff35f5e0e10cf2d1e7afe2c6a878?s=96&d=mm&r=g","caption":"bx_ayesa"},"sameAs":["http:\/\/54.155.157.200"],"url":"https:\/\/www.boxrepsol.com\/en\/author\/bx_ayesa\/"}]}},"_links":{"self":[{"href":"https:\/\/www.boxrepsol.com\/en\/wp-json\/wp\/v2\/posts\/97971","targetHints":{"allow":["GET"]}}],"collection":[{"href":"https:\/\/www.boxrepsol.com\/en\/wp-json\/wp\/v2\/posts"}],"about":[{"href":"https:\/\/www.boxrepsol.com\/en\/wp-json\/wp\/v2\/types\/post"}],"author":[{"embeddable":true,"href":"https:\/\/www.boxrepsol.com\/en\/wp-json\/wp\/v2\/users\/1"}],"replies":[{"embeddable":true,"href":"https:\/\/www.boxrepsol.com\/en\/wp-json\/wp\/v2\/comments?post=97971"}],"version-history":[{"count":1,"href":"https:\/\/www.boxrepsol.com\/en\/wp-json\/wp\/v2\/posts\/97971\/revisions"}],"predecessor-version":[{"id":97972,"href":"https:\/\/www.boxrepsol.com\/en\/wp-json\/wp\/v2\/posts\/97971\/revisions\/97972"}],"wp:featuredmedia":[{"embeddable":true,"href":"https:\/\/www.boxrepsol.com\/en\/wp-json\/wp\/v2\/media\/40656"}],"wp:attachment":[{"href":"https:\/\/www.boxrepsol.com\/en\/wp-json\/wp\/v2\/media?parent=97971"}],"wp:term":[{"taxonomy":"category","embeddable":true,"href":"https:\/\/www.boxrepsol.com\/en\/wp-json\/wp\/v2\/categories?post=97971"},{"taxonomy":"post_tag","embeddable":true,"href":"https:\/\/www.boxrepsol.com\/en\/wp-json\/wp\/v2\/tags?post=97971"}],"curies":[{"name":"wp","href":"https:\/\/api.w.org\/{rel}","templated":true}]}}