{"id":97969,"date":"2020-08-09T00:00:00","date_gmt":"2020-08-09T02:00:00","guid":{"rendered":"http:\/\/pre.boxrepsol.com\/uncategorized\/czech-gp-race-2020-repsol-moto3-riders-challenge-for-points-at-brno\/"},"modified":"2023-02-27T07:39:33","modified_gmt":"2023-02-27T09:39:33","slug":"czech-gp-race-2020-repsol-moto3-riders-challenge-for-points-at-brno","status":"publish","type":"post","link":"https:\/\/www.boxrepsol.com\/en\/moto3-en\/czech-gp-race-2020-repsol-moto3-riders-challenge-for-points-at-brno\/","title":{"rendered":"Czech GP Race 2020: Repsol Moto3 riders challenge for points at Brno"},"content":{"rendered":"<p>Just a few thousandths of a second denied the two Repsol Moto3 riders from finishing the Czech Grand Prix in the points.<strong> Sergio Garc\u00eda Dols<\/strong> had a great race, climbing from the back of the field to 16th and setting the third fastest lap.<\/p>\n<p><strong>Rysusei Yamanaka<\/strong> finished just behind his teammate, in 17th place. He was only half a second off repeating his points-scoring performance from the recent Andalusian Grand Prix.<\/p>\n<p>Garc\u00eda Dols is 16th in the overall standings with 13 points, and Yamanaka currently lies 20th with 7 points.<\/p>\n<p>                <!-- Imagen relacionada --><br \/>\n        <img loading=\"lazy\" decoding=\"async\" width=\"404\" height=\"336\" src=\"https:\/\/bxrepsol.s3.eu-west-1.amazonaws.com\/static\/2022\/08\/09115544\/alex-marquez-y-stefan-bradl-brno-2020-d2-1.jpg\" alt=\"\u00c1lex M\u00e1rquez y Stefan Bradl rodando en el el circuito de Brno durante una FP del GP de la Rep\u00fablica Checa 2020\" \/><br \/>\n                <!-- Categor\u00eda --><br \/>\n            MotoGP<br \/>\n        <!-- T\u00edtulo --><br \/>\n        <a href=\"https:\/\/www.boxrepsol.com\/en\/motogp-en\/czech-gp-2020-testing-day-in-brno-repsol-honda-team\/\"><\/p>\n<h3>Czech GP 2020: Testing day in Brno for Repsol Honda Team<\/h3>\n<p>        <\/a><br \/>\n                    <!-- Fecha --><br \/>\n            20 hours ago<br \/>\n                    <a\n                        href=\"https:\/\/bxrepsol.s3.eu-west-1.amazonaws.com\/static\/2022\/08\/09115545\/gp-de-la-republica-checa-moto3-9.jpg\"\n                        data-index=\"0\"\n                    ><br \/>\n                        <img decoding=\"async\"\n                            src=\"https:\/\/bxrepsol.s3.eu-west-1.amazonaws.com\/static\/2022\/08\/09115545\/gp-de-la-republica-checa-moto3-9.jpg\"\n                            srcset=\"https:\/\/bxrepsol.s3.eu-west-1.amazonaws.com\/static\/2022\/08\/09115545\/gp-de-la-republica-checa-moto3-9.jpg 1280w, https:\/\/bxrepsol.s3.eu-west-1.amazonaws.com\/static\/2022\/08\/09115545\/gp-de-la-republica-checa-moto3-9.jpg 900w, https:\/\/bxrepsol.s3.eu-west-1.amazonaws.com\/static\/2022\/08\/09115545\/gp-de-la-republica-checa-moto3-9.jpg 600w, https:\/\/bxrepsol.s3.eu-west-1.amazonaws.com\/static\/2022\/08\/09115545\/gp-de-la-republica-checa-moto3-9.jpg 480w, https:\/\/bxrepsol.s3.eu-west-1.amazonaws.com\/static\/2022\/08\/09115545\/gp-de-la-republica-checa-moto3-9.jpg 32w\"\n                            title=\"gp-de-la-republica-checa-moto3-9\"\n                            alt=\"Sergio Garc\u00eda Dols en la parrilla durante el GP de la Rep\u00fablica Checa de Moto3 2020\"\n                            data-title=\"\"><br \/>\n                    <\/a><br \/>\n                    <a\n                        href=\"https:\/\/bxrepsol.s3.eu-west-1.amazonaws.com\/static\/2022\/08\/09115546\/gp-de-la-republica-checa-moto3-8.jpg\"\n                        data-index=\"1\"\n                    ><br \/>\n                        <img decoding=\"async\"\n                            src=\"https:\/\/bxrepsol.s3.eu-west-1.amazonaws.com\/static\/2022\/08\/09115546\/gp-de-la-republica-checa-moto3-8.jpg\"\n                            srcset=\"https:\/\/bxrepsol.s3.eu-west-1.amazonaws.com\/static\/2022\/08\/09115546\/gp-de-la-republica-checa-moto3-8.jpg 1280w, https:\/\/bxrepsol.s3.eu-west-1.amazonaws.com\/static\/2022\/08\/09115546\/gp-de-la-republica-checa-moto3-8.jpg 900w, https:\/\/bxrepsol.s3.eu-west-1.amazonaws.com\/static\/2022\/08\/09115546\/gp-de-la-republica-checa-moto3-8.jpg 600w, https:\/\/bxrepsol.s3.eu-west-1.amazonaws.com\/static\/2022\/08\/09115546\/gp-de-la-republica-checa-moto3-8.jpg 480w, https:\/\/bxrepsol.s3.eu-west-1.amazonaws.com\/static\/2022\/08\/09115546\/gp-de-la-republica-checa-moto3-8.jpg 32w\"\n                            title=\"gp-de-la-republica-checa-moto3-8\"\n                            alt=\"Ryusei Yamanaka en pista durante el GP de la Rep\u00fablica Checa de Moto3 2020\"\n                            data-title=\"\"><br \/>\n                    <\/a><br \/>\n                    <a\n                        href=\"https:\/\/bxrepsol.s3.eu-west-1.amazonaws.com\/static\/2022\/08\/09115547\/gp-de-la-republica-checa-moto3-7.jpg\"\n                        data-index=\"2\"\n                    ><br \/>\n                        <img decoding=\"async\"\n                            src=\"https:\/\/bxrepsol.s3.eu-west-1.amazonaws.com\/static\/2022\/08\/09115547\/gp-de-la-republica-checa-moto3-7.jpg\"\n                            srcset=\"https:\/\/bxrepsol.s3.eu-west-1.amazonaws.com\/static\/2022\/08\/09115547\/gp-de-la-republica-checa-moto3-7.jpg 1280w, https:\/\/bxrepsol.s3.eu-west-1.amazonaws.com\/static\/2022\/08\/09115547\/gp-de-la-republica-checa-moto3-7.jpg 900w, https:\/\/bxrepsol.s3.eu-west-1.amazonaws.com\/static\/2022\/08\/09115547\/gp-de-la-republica-checa-moto3-7.jpg 600w, https:\/\/bxrepsol.s3.eu-west-1.amazonaws.com\/static\/2022\/08\/09115547\/gp-de-la-republica-checa-moto3-7.jpg 480w, https:\/\/bxrepsol.s3.eu-west-1.amazonaws.com\/static\/2022\/08\/09115547\/gp-de-la-republica-checa-moto3-7.jpg 32w\"\n                            title=\"gp-de-la-republica-checa-moto3-7\"\n                            alt=\"Ryusei Yamanaka en la parrilla durante el GP de la Rep\u00fablica Checa de Moto3 2020\"\n                            data-title=\"\"><br \/>\n                    <\/a><br \/>\n                    <a\n                        href=\"https:\/\/bxrepsol.s3.eu-west-1.amazonaws.com\/static\/2022\/08\/09115548\/gp-de-la-republica-checa-moto3-6.jpg\"\n                        data-index=\"3\"\n                    ><br \/>\n                        <img decoding=\"async\"\n                            src=\"https:\/\/bxrepsol.s3.eu-west-1.amazonaws.com\/static\/2022\/08\/09115548\/gp-de-la-republica-checa-moto3-6.jpg\"\n                            srcset=\"https:\/\/bxrepsol.s3.eu-west-1.amazonaws.com\/static\/2022\/08\/09115548\/gp-de-la-republica-checa-moto3-6.jpg 1280w, https:\/\/bxrepsol.s3.eu-west-1.amazonaws.com\/static\/2022\/08\/09115548\/gp-de-la-republica-checa-moto3-6.jpg 900w, https:\/\/bxrepsol.s3.eu-west-1.amazonaws.com\/static\/2022\/08\/09115548\/gp-de-la-republica-checa-moto3-6.jpg 600w, https:\/\/bxrepsol.s3.eu-west-1.amazonaws.com\/static\/2022\/08\/09115548\/gp-de-la-republica-checa-moto3-6.jpg 480w, https:\/\/bxrepsol.s3.eu-west-1.amazonaws.com\/static\/2022\/08\/09115548\/gp-de-la-republica-checa-moto3-6.jpg 32w\"\n                            title=\"gp-de-la-republica-checa-moto3-6\"\n                            alt=\"Sergio Garc\u00eda Dols en pista durante el GP de la Rep\u00fablica Checa de Moto3 2020\"\n                            data-title=\"\"><br \/>\n                    <\/a><br \/>\n                    <a\n                        href=\"https:\/\/bxrepsol.s3.eu-west-1.amazonaws.com\/static\/2022\/08\/09115549\/gp-de-la-republica-checa-moto3-5.jpg\"\n                        data-index=\"4\"\n                    ><br \/>\n                        <img decoding=\"async\"\n                            src=\"https:\/\/bxrepsol.s3.eu-west-1.amazonaws.com\/static\/2022\/08\/09115549\/gp-de-la-republica-checa-moto3-5.jpg\"\n                            srcset=\"https:\/\/bxrepsol.s3.eu-west-1.amazonaws.com\/static\/2022\/08\/09115549\/gp-de-la-republica-checa-moto3-5.jpg 1280w, https:\/\/bxrepsol.s3.eu-west-1.amazonaws.com\/static\/2022\/08\/09115549\/gp-de-la-republica-checa-moto3-5.jpg 900w, https:\/\/bxrepsol.s3.eu-west-1.amazonaws.com\/static\/2022\/08\/09115549\/gp-de-la-republica-checa-moto3-5.jpg 600w, https:\/\/bxrepsol.s3.eu-west-1.amazonaws.com\/static\/2022\/08\/09115549\/gp-de-la-republica-checa-moto3-5.jpg 480w, https:\/\/bxrepsol.s3.eu-west-1.amazonaws.com\/static\/2022\/08\/09115549\/gp-de-la-republica-checa-moto3-5.jpg 32w\"\n                            title=\"gp-de-la-republica-checa-moto3-5\"\n                            alt=\"Ryusei Yamanaka en pista durante el GP de la Rep\u00fablica Checa de Moto3 2020\"\n                            data-title=\"\"><br \/>\n                    <\/a><br \/>\n                    <a\n                        href=\"https:\/\/bxrepsol.s3.eu-west-1.amazonaws.com\/static\/2022\/08\/09115550\/gp-de-la-republica-checa-moto3-4.jpg\"\n                        data-index=\"5\"\n                    ><br \/>\n                        <img decoding=\"async\"\n                            src=\"https:\/\/bxrepsol.s3.eu-west-1.amazonaws.com\/static\/2022\/08\/09115550\/gp-de-la-republica-checa-moto3-4.jpg\"\n                            srcset=\"https:\/\/bxrepsol.s3.eu-west-1.amazonaws.com\/static\/2022\/08\/09115550\/gp-de-la-republica-checa-moto3-4.jpg 1280w, https:\/\/bxrepsol.s3.eu-west-1.amazonaws.com\/static\/2022\/08\/09115550\/gp-de-la-republica-checa-moto3-4.jpg 900w, https:\/\/bxrepsol.s3.eu-west-1.amazonaws.com\/static\/2022\/08\/09115550\/gp-de-la-republica-checa-moto3-4.jpg 600w, https:\/\/bxrepsol.s3.eu-west-1.amazonaws.com\/static\/2022\/08\/09115550\/gp-de-la-republica-checa-moto3-4.jpg 480w, https:\/\/bxrepsol.s3.eu-west-1.amazonaws.com\/static\/2022\/08\/09115550\/gp-de-la-republica-checa-moto3-4.jpg 32w\"\n                            title=\"gp-de-la-republica-checa-moto3-4\"\n                            alt=\"Sergio Garc\u00eda Dols en pista durante el GP de la Rep\u00fablica Checa de Moto3 2020\"\n                            data-title=\"\"><br \/>\n                    <\/a><br \/>\n                    <a\n                        href=\"https:\/\/bxrepsol.s3.eu-west-1.amazonaws.com\/static\/2022\/08\/09115551\/gp-de-la-republica-checa-moto3-3.jpg\"\n                        data-index=\"6\"\n                    ><br \/>\n                        <img decoding=\"async\"\n                            src=\"https:\/\/bxrepsol.s3.eu-west-1.amazonaws.com\/static\/2022\/08\/09115551\/gp-de-la-republica-checa-moto3-3.jpg\"\n                            srcset=\"https:\/\/bxrepsol.s3.eu-west-1.amazonaws.com\/static\/2022\/08\/09115551\/gp-de-la-republica-checa-moto3-3.jpg 1280w, https:\/\/bxrepsol.s3.eu-west-1.amazonaws.com\/static\/2022\/08\/09115551\/gp-de-la-republica-checa-moto3-3.jpg 900w, https:\/\/bxrepsol.s3.eu-west-1.amazonaws.com\/static\/2022\/08\/09115551\/gp-de-la-republica-checa-moto3-3.jpg 600w, https:\/\/bxrepsol.s3.eu-west-1.amazonaws.com\/static\/2022\/08\/09115551\/gp-de-la-republica-checa-moto3-3.jpg 480w, https:\/\/bxrepsol.s3.eu-west-1.amazonaws.com\/static\/2022\/08\/09115551\/gp-de-la-republica-checa-moto3-3.jpg 32w\"\n                            title=\"gp-de-la-republica-checa-moto3-3\"\n                            alt=\"Ryusei Yamanaka en pista durante el GP de la Rep\u00fablica Checa de Moto3 2020\"\n                            data-title=\"\"><br \/>\n                    <\/a><br \/>\n                    <a\n                        href=\"https:\/\/bxrepsol.s3.eu-west-1.amazonaws.com\/static\/2022\/08\/09115552\/gp-de-la-republica-checa-moto3-2.jpg\"\n                        data-index=\"7\"\n                    ><br \/>\n                        <img decoding=\"async\"\n                            src=\"https:\/\/bxrepsol.s3.eu-west-1.amazonaws.com\/static\/2022\/08\/09115552\/gp-de-la-republica-checa-moto3-2.jpg\"\n                            srcset=\"https:\/\/bxrepsol.s3.eu-west-1.amazonaws.com\/static\/2022\/08\/09115552\/gp-de-la-republica-checa-moto3-2.jpg 1280w, https:\/\/bxrepsol.s3.eu-west-1.amazonaws.com\/static\/2022\/08\/09115552\/gp-de-la-republica-checa-moto3-2.jpg 900w, https:\/\/bxrepsol.s3.eu-west-1.amazonaws.com\/static\/2022\/08\/09115552\/gp-de-la-republica-checa-moto3-2.jpg 600w, https:\/\/bxrepsol.s3.eu-west-1.amazonaws.com\/static\/2022\/08\/09115552\/gp-de-la-republica-checa-moto3-2.jpg 480w, https:\/\/bxrepsol.s3.eu-west-1.amazonaws.com\/static\/2022\/08\/09115552\/gp-de-la-republica-checa-moto3-2.jpg 32w\"\n                            title=\"gp-de-la-republica-checa-moto3-2\"\n                            alt=\"Ryusei Yamanaka en pista durante el GP de la Rep\u00fablica Checa de Moto3 2020\"\n                            data-title=\"\"><br \/>\n                    <\/a><br \/>\n        <button data-glide-dir=\"<\"><br \/>\n            <svg role=\"img\"  viewBox=\"0 0 256 512\">\n                <path fill=\"currentColor\" d=\"M238.475 475.535l7.071-7.07c4.686-4.686 4.686-12.284 0-16.971L50.053 256 245.546 60.506c4.686-4.686 4.686-12.284 0-16.971l-7.071-7.07c-4.686-4.686-12.284-4.686-16.97 0L10.454 247.515c-4.686 4.686-4.686 12.284 0 16.971l211.051 211.05c4.686 4.686 12.284 4.686 16.97-.001z\"><\/path>\n            <\/svg><br \/>\n        <\/button><br \/>\n        <button data-glide-dir=\">&#8220;><br \/>\n            <svg role=\"img\"  viewBox=\"0 0 256 512\">\n                <path fill=\"currentColor\" d=\"M17.525 36.465l-7.071 7.07c-4.686 4.686-4.686 12.284 0 16.971L205.947 256 10.454 451.494c-4.686 4.686-4.686 12.284 0 16.971l7.071 7.07c4.686 4.686 12.284 4.686 16.97 0l211.051-211.05c4.686-4.686 4.686-12.284 0-16.971L34.495 36.465c-4.686-4.687-12.284-4.687-16.97 0z\"><\/path>\n            <\/svg><br \/>\n        <\/button><\/p>\n<p><strong>Czech GP 2020 &#8211; Moto3 Race &#8211; Riders statements<\/strong><\/p>\n<p><strong>Sergio Garc\u00eda Dols<\/strong><\/p>\n<p><em><strong>The feeling we take away from this race is positive.<\/strong> &#8220;We started far back on the grid today, and at the start there was even contact with some other riders and I lost several positions as a result. At that point I started to fight back, little-by-little, although it was difficult for me to overtake. However, I was up into a good position towards the end of the race. I was in eleventh on the last lap, but contact with another rider took me off-line and I was overtaken. The feeling we take away from this race is positive; we will continue working to get to the level where we should be&#8221;.<br \/>\n<\/em><\/p>\n<hr\/>\n<p><strong>Ryusei Yamanaka<\/strong><\/p>\n<p><em><strong> I was able to gain confidence with my riding.<\/strong> &#8220;I started from seventeenth and we finished the race in that position. I was able to maintain a good pace but I had some problems at the beginning; it is difficult to overtake early on at this track. I think that if I had been further up the order at that moment, I would have finished in a better position -but it wasn&#8217;t like that and I had to fight a lot at the back of the field, until I was able to catch the group at the front by myself. I&#8217;m not happy with the result, but I was able to gain confidence with my riding, especially on the brakes. Next week we go to Austria, a circuit that I like, and I&#8217;m already looking forward to riding there&#8221;..<\/em><\/p>\n","protected":false},"excerpt":{"rendered":"<p>Garc\u00eda Dols finishes 16th after a great comeback, and teammate Yamanaka places 17th.<\/p>\n","protected":false},"author":1,"featured_media":40618,"comment_status":"open","ping_status":"open","sticky":false,"template":"","format":"standard","meta":{"footnotes":""},"categories":[262],"tags":[191,279,14,210,215],"class_list":["post-97969","post","type-post","status-publish","format-standard","hentry","category-moto3-en","tag-191","tag-campeonato-del-mundo-de-motociclismo-en","tag-moto3","tag-motocycling-world-championship","tag-motogp-czech-republic"],"yoast_head":"<!-- This site is optimized with the Yoast SEO plugin v27.3 - https:\/\/yoast.com\/product\/yoast-seo-wordpress\/ -->\n<title>Czech GP Race 2020: Repsol Moto3 riders challenge for points at Brno - Box Repsol<\/title>\n<meta name=\"description\" content=\"Czech GP Race 2020: Sergio Garc\u00eda Dols finishes 16th after a great comeback, and teammate Rysusei Yamanaka places 17th in Brno.\" \/>\n<link rel=\"canonical\" href=\"https:\/\/www.boxrepsol.com\/en\/moto3-en\/czech-gp-race-2020-repsol-moto3-riders-challenge-for-points-at-brno\/\" \/>\n<meta property=\"og:locale\" content=\"en_US\" \/>\n<meta property=\"og:type\" content=\"article\" \/>\n<meta property=\"og:title\" content=\"Czech GP Race 2020: Repsol Moto3 riders challenge for points at Brno - Box Repsol\" \/>\n<meta property=\"og:description\" content=\"Czech GP Race 2020: Sergio Garc\u00eda Dols finishes 16th after a great comeback, and teammate Rysusei Yamanaka places 17th in Brno.\" \/>\n<meta property=\"og:url\" content=\"https:\/\/www.boxrepsol.com\/en\/moto3-en\/czech-gp-race-2020-repsol-moto3-riders-challenge-for-points-at-brno\/\" \/>\n<meta property=\"og:site_name\" content=\"Box Repsol\" \/>\n<meta property=\"article:publisher\" content=\"https:\/\/www.facebook.com\/BoxRepsol\" \/>\n<meta property=\"article:published_time\" content=\"2020-08-09T02:00:00+00:00\" \/>\n<meta property=\"article:modified_time\" content=\"2023-02-27T09:39:33+00:00\" \/>\n<meta property=\"og:image\" content=\"https:\/\/bxrepsol.s3.eu-west-1.amazonaws.com\/static\/2022\/08\/09115554\/gp-de-la-republica-checa-moto3.jpg\" \/>\n\t<meta property=\"og:image:width\" content=\"1280\" \/>\n\t<meta property=\"og:image:height\" content=\"720\" \/>\n\t<meta property=\"og:image:type\" content=\"image\/jpeg\" \/>\n<meta name=\"author\" content=\"bx_ayesa\" \/>\n<meta name=\"twitter:card\" content=\"summary_large_image\" \/>\n<meta name=\"twitter:creator\" content=\"@box_repsol\" \/>\n<meta name=\"twitter:site\" content=\"@box_repsol\" \/>\n<meta name=\"twitter:label1\" content=\"Written by\" \/>\n\t<meta name=\"twitter:data1\" content=\"bx_ayesa\" \/>\n\t<meta name=\"twitter:label2\" content=\"Est. reading time\" \/>\n\t<meta name=\"twitter:data2\" content=\"2 minutes\" \/>\n<script type=\"application\/ld+json\" class=\"yoast-schema-graph\">{\"@context\":\"https:\\\/\\\/schema.org\",\"@graph\":[{\"@type\":\"Article\",\"@id\":\"https:\\\/\\\/www.boxrepsol.com\\\/en\\\/moto3-en\\\/czech-gp-race-2020-repsol-moto3-riders-challenge-for-points-at-brno\\\/#article\",\"isPartOf\":{\"@id\":\"https:\\\/\\\/www.boxrepsol.com\\\/en\\\/moto3-en\\\/czech-gp-race-2020-repsol-moto3-riders-challenge-for-points-at-brno\\\/\"},\"author\":{\"name\":\"bx_ayesa\",\"@id\":\"https:\\\/\\\/www.boxrepsol.com\\\/en\\\/#\\\/schema\\\/person\\\/d9d0f442a4332c7d099d31ffda4747a0\"},\"headline\":\"Czech GP Race 2020: Repsol Moto3 riders challenge for points at Brno\",\"datePublished\":\"2020-08-09T02:00:00+00:00\",\"dateModified\":\"2023-02-27T09:39:33+00:00\",\"mainEntityOfPage\":{\"@id\":\"https:\\\/\\\/www.boxrepsol.com\\\/en\\\/moto3-en\\\/czech-gp-race-2020-repsol-moto3-riders-challenge-for-points-at-brno\\\/\"},\"wordCount\":382,\"commentCount\":0,\"publisher\":{\"@id\":\"https:\\\/\\\/www.boxrepsol.com\\\/en\\\/#organization\"},\"image\":{\"@id\":\"https:\\\/\\\/www.boxrepsol.com\\\/en\\\/moto3-en\\\/czech-gp-race-2020-repsol-moto3-riders-challenge-for-points-at-brno\\\/#primaryimage\"},\"thumbnailUrl\":\"https:\\\/\\\/bxrepsol.s3.eu-west-1.amazonaws.com\\\/static\\\/2022\\\/08\\\/09115554\\\/gp-de-la-republica-checa-moto3.jpg\",\"keywords\":[\"2020\",\"Campeonato del Mundo de Motociclismo\",\"Moto3\",\"Motocycling World Championship\",\"MotoGP Czech Republic\"],\"articleSection\":[\"Moto3\"],\"inLanguage\":\"en-US\",\"potentialAction\":[{\"@type\":\"CommentAction\",\"name\":\"Comment\",\"target\":[\"https:\\\/\\\/www.boxrepsol.com\\\/en\\\/moto3-en\\\/czech-gp-race-2020-repsol-moto3-riders-challenge-for-points-at-brno\\\/#respond\"]}]},{\"@type\":\"WebPage\",\"@id\":\"https:\\\/\\\/www.boxrepsol.com\\\/en\\\/moto3-en\\\/czech-gp-race-2020-repsol-moto3-riders-challenge-for-points-at-brno\\\/\",\"url\":\"https:\\\/\\\/www.boxrepsol.com\\\/en\\\/moto3-en\\\/czech-gp-race-2020-repsol-moto3-riders-challenge-for-points-at-brno\\\/\",\"name\":\"Czech GP Race 2020: Repsol Moto3 riders challenge for points at Brno - Box Repsol\",\"isPartOf\":{\"@id\":\"https:\\\/\\\/www.boxrepsol.com\\\/en\\\/#website\"},\"primaryImageOfPage\":{\"@id\":\"https:\\\/\\\/www.boxrepsol.com\\\/en\\\/moto3-en\\\/czech-gp-race-2020-repsol-moto3-riders-challenge-for-points-at-brno\\\/#primaryimage\"},\"image\":{\"@id\":\"https:\\\/\\\/www.boxrepsol.com\\\/en\\\/moto3-en\\\/czech-gp-race-2020-repsol-moto3-riders-challenge-for-points-at-brno\\\/#primaryimage\"},\"thumbnailUrl\":\"https:\\\/\\\/bxrepsol.s3.eu-west-1.amazonaws.com\\\/static\\\/2022\\\/08\\\/09115554\\\/gp-de-la-republica-checa-moto3.jpg\",\"datePublished\":\"2020-08-09T02:00:00+00:00\",\"dateModified\":\"2023-02-27T09:39:33+00:00\",\"description\":\"Czech GP Race 2020: Sergio Garc\u00eda Dols finishes 16th after a great comeback, and teammate Rysusei Yamanaka places 17th in Brno.\",\"breadcrumb\":{\"@id\":\"https:\\\/\\\/www.boxrepsol.com\\\/en\\\/moto3-en\\\/czech-gp-race-2020-repsol-moto3-riders-challenge-for-points-at-brno\\\/#breadcrumb\"},\"inLanguage\":\"en-US\",\"potentialAction\":[{\"@type\":\"ReadAction\",\"target\":[\"https:\\\/\\\/www.boxrepsol.com\\\/en\\\/moto3-en\\\/czech-gp-race-2020-repsol-moto3-riders-challenge-for-points-at-brno\\\/\"]}]},{\"@type\":\"ImageObject\",\"inLanguage\":\"en-US\",\"@id\":\"https:\\\/\\\/www.boxrepsol.com\\\/en\\\/moto3-en\\\/czech-gp-race-2020-repsol-moto3-riders-challenge-for-points-at-brno\\\/#primaryimage\",\"url\":\"https:\\\/\\\/bxrepsol.s3.eu-west-1.amazonaws.com\\\/static\\\/2022\\\/08\\\/09115554\\\/gp-de-la-republica-checa-moto3.jpg\",\"contentUrl\":\"https:\\\/\\\/bxrepsol.s3.eu-west-1.amazonaws.com\\\/static\\\/2022\\\/08\\\/09115554\\\/gp-de-la-republica-checa-moto3.jpg\",\"width\":1280,\"height\":720,\"caption\":\"Sergio Garc\u00eda Dols durante la carrera del GP de la Rep\u00fablica Checa Moto3 2020\"},{\"@type\":\"BreadcrumbList\",\"@id\":\"https:\\\/\\\/www.boxrepsol.com\\\/en\\\/moto3-en\\\/czech-gp-race-2020-repsol-moto3-riders-challenge-for-points-at-brno\\\/#breadcrumb\",\"itemListElement\":[{\"@type\":\"ListItem\",\"position\":1,\"name\":\"Home\",\"item\":\"https:\\\/\\\/www.boxrepsol.com\\\/en\\\/\"},{\"@type\":\"ListItem\",\"position\":2,\"name\":\"Czech GP Race 2020: Repsol Moto3 riders challenge for points at Brno\"}]},{\"@type\":\"WebSite\",\"@id\":\"https:\\\/\\\/www.boxrepsol.com\\\/en\\\/#website\",\"url\":\"https:\\\/\\\/www.boxrepsol.com\\\/en\\\/\",\"name\":\"Box Repsol\",\"description\":\"Box Repsol Site\",\"publisher\":{\"@id\":\"https:\\\/\\\/www.boxrepsol.com\\\/en\\\/#organization\"},\"potentialAction\":[{\"@type\":\"SearchAction\",\"target\":{\"@type\":\"EntryPoint\",\"urlTemplate\":\"https:\\\/\\\/www.boxrepsol.com\\\/en\\\/?s={search_term_string}\"},\"query-input\":{\"@type\":\"PropertyValueSpecification\",\"valueRequired\":true,\"valueName\":\"search_term_string\"}}],\"inLanguage\":\"en-US\"},{\"@type\":\"Organization\",\"@id\":\"https:\\\/\\\/www.boxrepsol.com\\\/en\\\/#organization\",\"name\":\"Box Repsol\",\"url\":\"https:\\\/\\\/www.boxrepsol.com\\\/en\\\/\",\"logo\":{\"@type\":\"ImageObject\",\"inLanguage\":\"en-US\",\"@id\":\"https:\\\/\\\/www.boxrepsol.com\\\/en\\\/#\\\/schema\\\/logo\\\/image\\\/\",\"url\":\"https:\\\/\\\/bxrepsol.s3.eu-west-1.amazonaws.com\\\/static\\\/2025\\\/07\\\/30083337\\\/favicon-96x96-1.png\",\"contentUrl\":\"https:\\\/\\\/bxrepsol.s3.eu-west-1.amazonaws.com\\\/static\\\/2025\\\/07\\\/30083337\\\/favicon-96x96-1.png\",\"width\":96,\"height\":96,\"caption\":\"Box Repsol\"},\"image\":{\"@id\":\"https:\\\/\\\/www.boxrepsol.com\\\/en\\\/#\\\/schema\\\/logo\\\/image\\\/\"},\"sameAs\":[\"https:\\\/\\\/www.facebook.com\\\/BoxRepsol\",\"https:\\\/\\\/x.com\\\/box_repsol\",\"http:\\\/\\\/instagram.com\\\/box_repsol\",\"https:\\\/\\\/www.youtube.com\\\/user\\\/RepsolCompeticion\",\"https:\\\/\\\/www.flickr.com\\\/photos\\\/box_repsol\\\/\"]},{\"@type\":\"Person\",\"@id\":\"https:\\\/\\\/www.boxrepsol.com\\\/en\\\/#\\\/schema\\\/person\\\/d9d0f442a4332c7d099d31ffda4747a0\",\"name\":\"bx_ayesa\",\"image\":{\"@type\":\"ImageObject\",\"inLanguage\":\"en-US\",\"@id\":\"https:\\\/\\\/secure.gravatar.com\\\/avatar\\\/059e1b9d3585083708845ba70e8dd968f143ff35f5e0e10cf2d1e7afe2c6a878?s=96&d=mm&r=g\",\"url\":\"https:\\\/\\\/secure.gravatar.com\\\/avatar\\\/059e1b9d3585083708845ba70e8dd968f143ff35f5e0e10cf2d1e7afe2c6a878?s=96&d=mm&r=g\",\"contentUrl\":\"https:\\\/\\\/secure.gravatar.com\\\/avatar\\\/059e1b9d3585083708845ba70e8dd968f143ff35f5e0e10cf2d1e7afe2c6a878?s=96&d=mm&r=g\",\"caption\":\"bx_ayesa\"},\"sameAs\":[\"http:\\\/\\\/54.155.157.200\"],\"url\":\"https:\\\/\\\/www.boxrepsol.com\\\/en\\\/author\\\/bx_ayesa\\\/\"}]}<\/script>\n<!-- \/ Yoast SEO plugin. -->","yoast_head_json":{"title":"Czech GP Race 2020: Repsol Moto3 riders challenge for points at Brno - Box Repsol","description":"Czech GP Race 2020: Sergio Garc\u00eda Dols finishes 16th after a great comeback, and teammate Rysusei Yamanaka places 17th in Brno.","canonical":"https:\/\/www.boxrepsol.com\/en\/moto3-en\/czech-gp-race-2020-repsol-moto3-riders-challenge-for-points-at-brno\/","og_locale":"en_US","og_type":"article","og_title":"Czech GP Race 2020: Repsol Moto3 riders challenge for points at Brno - Box Repsol","og_description":"Czech GP Race 2020: Sergio Garc\u00eda Dols finishes 16th after a great comeback, and teammate Rysusei Yamanaka places 17th in Brno.","og_url":"https:\/\/www.boxrepsol.com\/en\/moto3-en\/czech-gp-race-2020-repsol-moto3-riders-challenge-for-points-at-brno\/","og_site_name":"Box Repsol","article_publisher":"https:\/\/www.facebook.com\/BoxRepsol","article_published_time":"2020-08-09T02:00:00+00:00","article_modified_time":"2023-02-27T09:39:33+00:00","og_image":[{"width":1280,"height":720,"url":"https:\/\/bxrepsol.s3.eu-west-1.amazonaws.com\/static\/2022\/08\/09115554\/gp-de-la-republica-checa-moto3.jpg","type":"image\/jpeg"}],"author":"bx_ayesa","twitter_card":"summary_large_image","twitter_creator":"@box_repsol","twitter_site":"@box_repsol","twitter_misc":{"Written by":"bx_ayesa","Est. reading time":"2 minutes"},"schema":{"@context":"https:\/\/schema.org","@graph":[{"@type":"Article","@id":"https:\/\/www.boxrepsol.com\/en\/moto3-en\/czech-gp-race-2020-repsol-moto3-riders-challenge-for-points-at-brno\/#article","isPartOf":{"@id":"https:\/\/www.boxrepsol.com\/en\/moto3-en\/czech-gp-race-2020-repsol-moto3-riders-challenge-for-points-at-brno\/"},"author":{"name":"bx_ayesa","@id":"https:\/\/www.boxrepsol.com\/en\/#\/schema\/person\/d9d0f442a4332c7d099d31ffda4747a0"},"headline":"Czech GP Race 2020: Repsol Moto3 riders challenge for points at Brno","datePublished":"2020-08-09T02:00:00+00:00","dateModified":"2023-02-27T09:39:33+00:00","mainEntityOfPage":{"@id":"https:\/\/www.boxrepsol.com\/en\/moto3-en\/czech-gp-race-2020-repsol-moto3-riders-challenge-for-points-at-brno\/"},"wordCount":382,"commentCount":0,"publisher":{"@id":"https:\/\/www.boxrepsol.com\/en\/#organization"},"image":{"@id":"https:\/\/www.boxrepsol.com\/en\/moto3-en\/czech-gp-race-2020-repsol-moto3-riders-challenge-for-points-at-brno\/#primaryimage"},"thumbnailUrl":"https:\/\/bxrepsol.s3.eu-west-1.amazonaws.com\/static\/2022\/08\/09115554\/gp-de-la-republica-checa-moto3.jpg","keywords":["2020","Campeonato del Mundo de Motociclismo","Moto3","Motocycling World Championship","MotoGP Czech Republic"],"articleSection":["Moto3"],"inLanguage":"en-US","potentialAction":[{"@type":"CommentAction","name":"Comment","target":["https:\/\/www.boxrepsol.com\/en\/moto3-en\/czech-gp-race-2020-repsol-moto3-riders-challenge-for-points-at-brno\/#respond"]}]},{"@type":"WebPage","@id":"https:\/\/www.boxrepsol.com\/en\/moto3-en\/czech-gp-race-2020-repsol-moto3-riders-challenge-for-points-at-brno\/","url":"https:\/\/www.boxrepsol.com\/en\/moto3-en\/czech-gp-race-2020-repsol-moto3-riders-challenge-for-points-at-brno\/","name":"Czech GP Race 2020: Repsol Moto3 riders challenge for points at Brno - Box Repsol","isPartOf":{"@id":"https:\/\/www.boxrepsol.com\/en\/#website"},"primaryImageOfPage":{"@id":"https:\/\/www.boxrepsol.com\/en\/moto3-en\/czech-gp-race-2020-repsol-moto3-riders-challenge-for-points-at-brno\/#primaryimage"},"image":{"@id":"https:\/\/www.boxrepsol.com\/en\/moto3-en\/czech-gp-race-2020-repsol-moto3-riders-challenge-for-points-at-brno\/#primaryimage"},"thumbnailUrl":"https:\/\/bxrepsol.s3.eu-west-1.amazonaws.com\/static\/2022\/08\/09115554\/gp-de-la-republica-checa-moto3.jpg","datePublished":"2020-08-09T02:00:00+00:00","dateModified":"2023-02-27T09:39:33+00:00","description":"Czech GP Race 2020: Sergio Garc\u00eda Dols finishes 16th after a great comeback, and teammate Rysusei Yamanaka places 17th in Brno.","breadcrumb":{"@id":"https:\/\/www.boxrepsol.com\/en\/moto3-en\/czech-gp-race-2020-repsol-moto3-riders-challenge-for-points-at-brno\/#breadcrumb"},"inLanguage":"en-US","potentialAction":[{"@type":"ReadAction","target":["https:\/\/www.boxrepsol.com\/en\/moto3-en\/czech-gp-race-2020-repsol-moto3-riders-challenge-for-points-at-brno\/"]}]},{"@type":"ImageObject","inLanguage":"en-US","@id":"https:\/\/www.boxrepsol.com\/en\/moto3-en\/czech-gp-race-2020-repsol-moto3-riders-challenge-for-points-at-brno\/#primaryimage","url":"https:\/\/bxrepsol.s3.eu-west-1.amazonaws.com\/static\/2022\/08\/09115554\/gp-de-la-republica-checa-moto3.jpg","contentUrl":"https:\/\/bxrepsol.s3.eu-west-1.amazonaws.com\/static\/2022\/08\/09115554\/gp-de-la-republica-checa-moto3.jpg","width":1280,"height":720,"caption":"Sergio Garc\u00eda Dols durante la carrera del GP de la Rep\u00fablica Checa Moto3 2020"},{"@type":"BreadcrumbList","@id":"https:\/\/www.boxrepsol.com\/en\/moto3-en\/czech-gp-race-2020-repsol-moto3-riders-challenge-for-points-at-brno\/#breadcrumb","itemListElement":[{"@type":"ListItem","position":1,"name":"Home","item":"https:\/\/www.boxrepsol.com\/en\/"},{"@type":"ListItem","position":2,"name":"Czech GP Race 2020: Repsol Moto3 riders challenge for points at Brno"}]},{"@type":"WebSite","@id":"https:\/\/www.boxrepsol.com\/en\/#website","url":"https:\/\/www.boxrepsol.com\/en\/","name":"Box Repsol","description":"Box Repsol Site","publisher":{"@id":"https:\/\/www.boxrepsol.com\/en\/#organization"},"potentialAction":[{"@type":"SearchAction","target":{"@type":"EntryPoint","urlTemplate":"https:\/\/www.boxrepsol.com\/en\/?s={search_term_string}"},"query-input":{"@type":"PropertyValueSpecification","valueRequired":true,"valueName":"search_term_string"}}],"inLanguage":"en-US"},{"@type":"Organization","@id":"https:\/\/www.boxrepsol.com\/en\/#organization","name":"Box Repsol","url":"https:\/\/www.boxrepsol.com\/en\/","logo":{"@type":"ImageObject","inLanguage":"en-US","@id":"https:\/\/www.boxrepsol.com\/en\/#\/schema\/logo\/image\/","url":"https:\/\/bxrepsol.s3.eu-west-1.amazonaws.com\/static\/2025\/07\/30083337\/favicon-96x96-1.png","contentUrl":"https:\/\/bxrepsol.s3.eu-west-1.amazonaws.com\/static\/2025\/07\/30083337\/favicon-96x96-1.png","width":96,"height":96,"caption":"Box Repsol"},"image":{"@id":"https:\/\/www.boxrepsol.com\/en\/#\/schema\/logo\/image\/"},"sameAs":["https:\/\/www.facebook.com\/BoxRepsol","https:\/\/x.com\/box_repsol","http:\/\/instagram.com\/box_repsol","https:\/\/www.youtube.com\/user\/RepsolCompeticion","https:\/\/www.flickr.com\/photos\/box_repsol\/"]},{"@type":"Person","@id":"https:\/\/www.boxrepsol.com\/en\/#\/schema\/person\/d9d0f442a4332c7d099d31ffda4747a0","name":"bx_ayesa","image":{"@type":"ImageObject","inLanguage":"en-US","@id":"https:\/\/secure.gravatar.com\/avatar\/059e1b9d3585083708845ba70e8dd968f143ff35f5e0e10cf2d1e7afe2c6a878?s=96&d=mm&r=g","url":"https:\/\/secure.gravatar.com\/avatar\/059e1b9d3585083708845ba70e8dd968f143ff35f5e0e10cf2d1e7afe2c6a878?s=96&d=mm&r=g","contentUrl":"https:\/\/secure.gravatar.com\/avatar\/059e1b9d3585083708845ba70e8dd968f143ff35f5e0e10cf2d1e7afe2c6a878?s=96&d=mm&r=g","caption":"bx_ayesa"},"sameAs":["http:\/\/54.155.157.200"],"url":"https:\/\/www.boxrepsol.com\/en\/author\/bx_ayesa\/"}]}},"_links":{"self":[{"href":"https:\/\/www.boxrepsol.com\/en\/wp-json\/wp\/v2\/posts\/97969","targetHints":{"allow":["GET"]}}],"collection":[{"href":"https:\/\/www.boxrepsol.com\/en\/wp-json\/wp\/v2\/posts"}],"about":[{"href":"https:\/\/www.boxrepsol.com\/en\/wp-json\/wp\/v2\/types\/post"}],"author":[{"embeddable":true,"href":"https:\/\/www.boxrepsol.com\/en\/wp-json\/wp\/v2\/users\/1"}],"replies":[{"embeddable":true,"href":"https:\/\/www.boxrepsol.com\/en\/wp-json\/wp\/v2\/comments?post=97969"}],"version-history":[{"count":1,"href":"https:\/\/www.boxrepsol.com\/en\/wp-json\/wp\/v2\/posts\/97969\/revisions"}],"predecessor-version":[{"id":97970,"href":"https:\/\/www.boxrepsol.com\/en\/wp-json\/wp\/v2\/posts\/97969\/revisions\/97970"}],"wp:featuredmedia":[{"embeddable":true,"href":"https:\/\/www.boxrepsol.com\/en\/wp-json\/wp\/v2\/media\/40618"}],"wp:attachment":[{"href":"https:\/\/www.boxrepsol.com\/en\/wp-json\/wp\/v2\/media?parent=97969"}],"wp:term":[{"taxonomy":"category","embeddable":true,"href":"https:\/\/www.boxrepsol.com\/en\/wp-json\/wp\/v2\/categories?post=97969"},{"taxonomy":"post_tag","embeddable":true,"href":"https:\/\/www.boxrepsol.com\/en\/wp-json\/wp\/v2\/tags?post=97969"}],"curies":[{"name":"wp","href":"https:\/\/api.w.org\/{rel}","templated":true}]}}