{"id":97967,"date":"2020-08-08T00:00:00","date_gmt":"2020-08-08T02:00:00","guid":{"rendered":"http:\/\/pre.boxrepsol.com\/uncategorized\/czech-gp-2020-testing-day-in-brno-repsol-honda-team\/"},"modified":"2023-02-27T07:39:27","modified_gmt":"2023-02-27T09:39:27","slug":"czech-gp-2020-testing-day-in-brno-repsol-honda-team","status":"publish","type":"post","link":"https:\/\/www.boxrepsol.com\/en\/motogp-en\/czech-gp-2020-testing-day-in-brno-repsol-honda-team\/","title":{"rendered":"Czech GP 2020: Testing day in Brno for Repsol Honda Team"},"content":{"rendered":"<p>Saturday in Brno was a day of contrasts for MotoGP rookie <strong>Alex Marquez<\/strong>, the 2019 Moto2 race-winner was pleased with his race pace but continued to search for one-lap speed. Having cut 1.2 seconds off his best time from Friday to Saturday morning, Alex ended Free Practice 3 just 1.298 seconds off first but down in 19th and would enter Q1 as a result. After a few minutes of running in Free Practice 4, Alex Marquez suffered a fall at Turn 8. Unharmed, Alex re-joined the session and showed strong race pace throughout. A difficult Q1 session saw the rookie struggle to put together an ideal lap, he will line up on the seventh row of the grid for tomorrow\u2019s race as a result but is prepared to be aggressive off the line and show his pace.<\/p>\n<p><strong>Stefan Bradl<\/strong> started his Saturday in the Czech Republic with a big step forward, improving his best time from Friday by almost a full second in FP3. The German was just 1.4 seconds off the top spot, but down in 20th place in the session as less than a second split the top 17 premier class riders. His progress was made more impressive as the German test rider spent much of the day assessing a number of different options and settings for HRC. He will start the Czech Grand Prix from 20th.<\/p>\n<p>Tomorrow\u2019s 21-lap <strong>Czech GP<\/strong> begins at 14:00 Local Time, weather forecasts predicting very similar conditions to those seen today.<\/p>\n<p><a href=\"https:\/\/www.boxrepsol.com\/en\/motogp-en\/czech-gp-timetables-motogp-2020\/\">Czech GP Schedule for MotoGP, Moto2, and Moto3.<\/a><\/p>\n<p>                <!-- Imagen relacionada --><br \/>\n        <img loading=\"lazy\" decoding=\"async\" width=\"404\" height=\"336\" src=\"https:\/\/bxrepsol.s3.eu-west-1.amazonaws.com\/static\/2022\/08\/09115524\/alex-marquez-y-stefan-bradl-republica-checa-2020-1.jpg\" alt=\"\u00c1lex M\u00e1rquez y Stefan Bradl rodando en el el circuito de Brno durante una FP del GP de la Rep\u00fablica Checa 2020\" \/><br \/>\n                <!-- Categor\u00eda --><br \/>\n            MotoGP<br \/>\n        <!-- T\u00edtulo --><br \/>\n        <a href=\"https:\/\/www.boxrepsol.com\/en\/motogp-en\/czech-gp-2020-repsol-honda-team-lay-the-foundations-in-brno\/\"><\/p>\n<h3>Czech GP 2020: Repsol Honda Team lay the foundations in Brno<\/h3>\n<p>        <\/a><br \/>\n                    <!-- Fecha --><br \/>\n            2 days ago<br \/>\n                    <a\n                        href=\"https:\/\/bxrepsol.s3.eu-west-1.amazonaws.com\/static\/2022\/08\/09115525\/alex-marquez-republica-checa-brno-2020-d2.jpg\"\n                        data-index=\"0\"\n                    ><br \/>\n                        <img decoding=\"async\"\n                            src=\"https:\/\/bxrepsol.s3.eu-west-1.amazonaws.com\/static\/2022\/08\/09115525\/alex-marquez-republica-checa-brno-2020-d2.jpg\"\n                            srcset=\"https:\/\/bxrepsol.s3.eu-west-1.amazonaws.com\/static\/2022\/08\/09115525\/alex-marquez-republica-checa-brno-2020-d2.jpg 1280w, https:\/\/bxrepsol.s3.eu-west-1.amazonaws.com\/static\/2022\/08\/09115525\/alex-marquez-republica-checa-brno-2020-d2.jpg 900w, https:\/\/bxrepsol.s3.eu-west-1.amazonaws.com\/static\/2022\/08\/09115525\/alex-marquez-republica-checa-brno-2020-d2.jpg 600w, https:\/\/bxrepsol.s3.eu-west-1.amazonaws.com\/static\/2022\/08\/09115525\/alex-marquez-republica-checa-brno-2020-d2.jpg 480w, https:\/\/bxrepsol.s3.eu-west-1.amazonaws.com\/static\/2022\/08\/09115525\/alex-marquez-republica-checa-brno-2020-d2.jpg 32w\"\n                            title=\"alex-marquez-republica-checa-brno-2020-d2\"\n                            alt=\"\u00c1lex M\u00e1rquez rodando durante los entrenamientos del GP de la Rep\u00fablica Checa 2020\"\n                            data-title=\"\"><br \/>\n                    <\/a><br \/>\n                    <a\n                        href=\"https:\/\/bxrepsol.s3.eu-west-1.amazonaws.com\/static\/2022\/08\/05063610\/alex-marquez-republica-checa-2020-d2.jpg\"\n                        data-index=\"1\"\n                    ><br \/>\n                        <img decoding=\"async\"\n                            src=\"https:\/\/bxrepsol.s3.eu-west-1.amazonaws.com\/static\/2022\/08\/05063610\/alex-marquez-republica-checa-2020-d2.jpg\"\n                            srcset=\"https:\/\/bxrepsol.s3.eu-west-1.amazonaws.com\/static\/2022\/08\/05063610\/alex-marquez-republica-checa-2020-d2.jpg 1280w, https:\/\/bxrepsol.s3.eu-west-1.amazonaws.com\/static\/2022\/08\/05063610\/alex-marquez-republica-checa-2020-d2.jpg 900w, https:\/\/bxrepsol.s3.eu-west-1.amazonaws.com\/static\/2022\/08\/05063610\/alex-marquez-republica-checa-2020-d2.jpg 600w, https:\/\/bxrepsol.s3.eu-west-1.amazonaws.com\/static\/2022\/08\/05063610\/alex-marquez-republica-checa-2020-d2.jpg 480w, https:\/\/bxrepsol.s3.eu-west-1.amazonaws.com\/static\/2022\/08\/05063610\/alex-marquez-republica-checa-2020-d2.jpg 32w\"\n                            title=\"alex-marquez-republica-checa-2020-d2\"\n                            alt=\"\u00c1lex M\u00e1rquez rodando durante los entrenamientos del GP de la Rep\u00fablica Checa 2020\"\n                            data-title=\"\"><br \/>\n                    <\/a><br \/>\n                    <a\n                        href=\"https:\/\/bxrepsol.s3.eu-west-1.amazonaws.com\/static\/2022\/08\/09115526\/alex-marquez-brno-2020-d2.jpg\"\n                        data-index=\"2\"\n                    ><br \/>\n                        <img decoding=\"async\"\n                            src=\"https:\/\/bxrepsol.s3.eu-west-1.amazonaws.com\/static\/2022\/08\/09115526\/alex-marquez-brno-2020-d2.jpg\"\n                            srcset=\"https:\/\/bxrepsol.s3.eu-west-1.amazonaws.com\/static\/2022\/08\/09115526\/alex-marquez-brno-2020-d2.jpg 1280w, https:\/\/bxrepsol.s3.eu-west-1.amazonaws.com\/static\/2022\/08\/09115526\/alex-marquez-brno-2020-d2.jpg 900w, https:\/\/bxrepsol.s3.eu-west-1.amazonaws.com\/static\/2022\/08\/09115526\/alex-marquez-brno-2020-d2.jpg 600w, https:\/\/bxrepsol.s3.eu-west-1.amazonaws.com\/static\/2022\/08\/09115526\/alex-marquez-brno-2020-d2.jpg 480w, https:\/\/bxrepsol.s3.eu-west-1.amazonaws.com\/static\/2022\/08\/09115526\/alex-marquez-brno-2020-d2.jpg 32w\"\n                            title=\"alex-marquez-brno-2020-d2\"\n                            alt=\"\u00c1lex M\u00e1rquez rodando durante los entrenamientos del GP de la Rep\u00fablica Checa 2020\"\n                            data-title=\"\"><br \/>\n                    <\/a><br \/>\n                    <a\n                        href=\"https:\/\/bxrepsol.s3.eu-west-1.amazonaws.com\/static\/2022\/08\/09115527\/stefan-bradl-brno-2020-d2.jpg\"\n                        data-index=\"3\"\n                    ><br \/>\n                        <img decoding=\"async\"\n                            src=\"https:\/\/bxrepsol.s3.eu-west-1.amazonaws.com\/static\/2022\/08\/09115527\/stefan-bradl-brno-2020-d2.jpg\"\n                            srcset=\"https:\/\/bxrepsol.s3.eu-west-1.amazonaws.com\/static\/2022\/08\/09115527\/stefan-bradl-brno-2020-d2.jpg 1280w, https:\/\/bxrepsol.s3.eu-west-1.amazonaws.com\/static\/2022\/08\/09115527\/stefan-bradl-brno-2020-d2.jpg 900w, https:\/\/bxrepsol.s3.eu-west-1.amazonaws.com\/static\/2022\/08\/09115527\/stefan-bradl-brno-2020-d2.jpg 600w, https:\/\/bxrepsol.s3.eu-west-1.amazonaws.com\/static\/2022\/08\/09115527\/stefan-bradl-brno-2020-d2.jpg 480w, https:\/\/bxrepsol.s3.eu-west-1.amazonaws.com\/static\/2022\/08\/09115527\/stefan-bradl-brno-2020-d2.jpg 32w\"\n                            title=\"stefan-bradl-brno-2020-d2\"\n                            alt=\"Stefan Bradl rodando durante los entrenamientos del GP de la Rep\u00fablica Checa 2020\"\n                            data-title=\"\"><br \/>\n                    <\/a><br \/>\n                    <a\n                        href=\"https:\/\/bxrepsol.s3.eu-west-1.amazonaws.com\/static\/2022\/08\/09115528\/stefan-bradl-brno-republica-checa-2020-d2.jpg\"\n                        data-index=\"4\"\n                    ><br \/>\n                        <img decoding=\"async\"\n                            src=\"https:\/\/bxrepsol.s3.eu-west-1.amazonaws.com\/static\/2022\/08\/09115528\/stefan-bradl-brno-republica-checa-2020-d2.jpg\"\n                            srcset=\"https:\/\/bxrepsol.s3.eu-west-1.amazonaws.com\/static\/2022\/08\/09115528\/stefan-bradl-brno-republica-checa-2020-d2.jpg 1280w, https:\/\/bxrepsol.s3.eu-west-1.amazonaws.com\/static\/2022\/08\/09115528\/stefan-bradl-brno-republica-checa-2020-d2.jpg 900w, https:\/\/bxrepsol.s3.eu-west-1.amazonaws.com\/static\/2022\/08\/09115528\/stefan-bradl-brno-republica-checa-2020-d2.jpg 600w, https:\/\/bxrepsol.s3.eu-west-1.amazonaws.com\/static\/2022\/08\/09115528\/stefan-bradl-brno-republica-checa-2020-d2.jpg 480w, https:\/\/bxrepsol.s3.eu-west-1.amazonaws.com\/static\/2022\/08\/09115528\/stefan-bradl-brno-republica-checa-2020-d2.jpg 32w\"\n                            title=\"stefan-bradl-brno-republica-checa-2020-d2\"\n                            alt=\"Stefan Bradl rodando durante los entrenamientos del GP de la Rep\u00fablica Checa 2020\"\n                            data-title=\"\"><br \/>\n                    <\/a><br \/>\n                    <a\n                        href=\"https:\/\/bxrepsol.s3.eu-west-1.amazonaws.com\/static\/2022\/08\/09115529\/alex-marquez-brno-curva-2020-d2.jpg\"\n                        data-index=\"5\"\n                    ><br \/>\n                        <img decoding=\"async\"\n                            src=\"https:\/\/bxrepsol.s3.eu-west-1.amazonaws.com\/static\/2022\/08\/09115529\/alex-marquez-brno-curva-2020-d2.jpg\"\n                            srcset=\"https:\/\/bxrepsol.s3.eu-west-1.amazonaws.com\/static\/2022\/08\/09115529\/alex-marquez-brno-curva-2020-d2.jpg 1280w, https:\/\/bxrepsol.s3.eu-west-1.amazonaws.com\/static\/2022\/08\/09115529\/alex-marquez-brno-curva-2020-d2.jpg 900w, https:\/\/bxrepsol.s3.eu-west-1.amazonaws.com\/static\/2022\/08\/09115529\/alex-marquez-brno-curva-2020-d2.jpg 600w, https:\/\/bxrepsol.s3.eu-west-1.amazonaws.com\/static\/2022\/08\/09115529\/alex-marquez-brno-curva-2020-d2.jpg 480w, https:\/\/bxrepsol.s3.eu-west-1.amazonaws.com\/static\/2022\/08\/09115529\/alex-marquez-brno-curva-2020-d2.jpg 32w\"\n                            title=\"alex-marquez-brno-curva-2020-d2\"\n                            alt=\"\u00c1lex M\u00e1rquez rodando durante los entrenamientos del GP de la Rep\u00fablica Checa 2020\"\n                            data-title=\"\"><br \/>\n                    <\/a><br \/>\n                    <a\n                        href=\"https:\/\/bxrepsol.s3.eu-west-1.amazonaws.com\/static\/2022\/08\/09115530\/alex-marquez-brno-republica-checa-2020-d2.jpg\"\n                        data-index=\"6\"\n                    ><br \/>\n                        <img decoding=\"async\"\n                            src=\"https:\/\/bxrepsol.s3.eu-west-1.amazonaws.com\/static\/2022\/08\/09115530\/alex-marquez-brno-republica-checa-2020-d2.jpg\"\n                            srcset=\"https:\/\/bxrepsol.s3.eu-west-1.amazonaws.com\/static\/2022\/08\/09115530\/alex-marquez-brno-republica-checa-2020-d2.jpg 1280w, https:\/\/bxrepsol.s3.eu-west-1.amazonaws.com\/static\/2022\/08\/09115530\/alex-marquez-brno-republica-checa-2020-d2.jpg 900w, https:\/\/bxrepsol.s3.eu-west-1.amazonaws.com\/static\/2022\/08\/09115530\/alex-marquez-brno-republica-checa-2020-d2.jpg 600w, https:\/\/bxrepsol.s3.eu-west-1.amazonaws.com\/static\/2022\/08\/09115530\/alex-marquez-brno-republica-checa-2020-d2.jpg 480w, https:\/\/bxrepsol.s3.eu-west-1.amazonaws.com\/static\/2022\/08\/09115530\/alex-marquez-brno-republica-checa-2020-d2.jpg 32w\"\n                            title=\"alex-marquez-brno-republica-checa-2020-d2\"\n                            alt=\"\u00c1lex M\u00e1rquez rodando durante los entrenamientos del GP de la Rep\u00fablica Checa 2020\"\n                            data-title=\"\"><br \/>\n                    <\/a><br \/>\n                    <a\n                        href=\"https:\/\/bxrepsol.s3.eu-west-1.amazonaws.com\/static\/2022\/08\/09115531\/stefan-bradl-republica-checa-2020-d2.jpg\"\n                        data-index=\"7\"\n                    ><br \/>\n                        <img decoding=\"async\"\n                            src=\"https:\/\/bxrepsol.s3.eu-west-1.amazonaws.com\/static\/2022\/08\/09115531\/stefan-bradl-republica-checa-2020-d2.jpg\"\n                            srcset=\"https:\/\/bxrepsol.s3.eu-west-1.amazonaws.com\/static\/2022\/08\/09115531\/stefan-bradl-republica-checa-2020-d2.jpg 1280w, https:\/\/bxrepsol.s3.eu-west-1.amazonaws.com\/static\/2022\/08\/09115531\/stefan-bradl-republica-checa-2020-d2.jpg 900w, https:\/\/bxrepsol.s3.eu-west-1.amazonaws.com\/static\/2022\/08\/09115531\/stefan-bradl-republica-checa-2020-d2.jpg 600w, https:\/\/bxrepsol.s3.eu-west-1.amazonaws.com\/static\/2022\/08\/09115531\/stefan-bradl-republica-checa-2020-d2.jpg 480w, https:\/\/bxrepsol.s3.eu-west-1.amazonaws.com\/static\/2022\/08\/09115531\/stefan-bradl-republica-checa-2020-d2.jpg 32w\"\n                            title=\"stefan-bradl-republica-checa-2020-d2\"\n                            alt=\"Stefan Bradl rodando durante los entrenamientos del GP de la Rep\u00fablica Checa 2020\"\n                            data-title=\"\"><br \/>\n                    <\/a><br \/>\n        <button data-glide-dir=\"<\"><br \/>\n            <svg role=\"img\"  viewBox=\"0 0 256 512\">\n                <path fill=\"currentColor\" d=\"M238.475 475.535l7.071-7.07c4.686-4.686 4.686-12.284 0-16.971L50.053 256 245.546 60.506c4.686-4.686 4.686-12.284 0-16.971l-7.071-7.07c-4.686-4.686-12.284-4.686-16.97 0L10.454 247.515c-4.686 4.686-4.686 12.284 0 16.971l211.051 211.05c4.686 4.686 12.284 4.686 16.97-.001z\"><\/path>\n            <\/svg><br \/>\n        <\/button><br \/>\n        <button data-glide-dir=\">&#8220;><br \/>\n            <svg role=\"img\"  viewBox=\"0 0 256 512\">\n                <path fill=\"currentColor\" d=\"M17.525 36.465l-7.071 7.07c-4.686 4.686-4.686 12.284 0 16.971L205.947 256 10.454 451.494c-4.686 4.686-4.686 12.284 0 16.971l7.071 7.07c4.686 4.686 12.284 4.686 16.97 0l211.051-211.05c4.686-4.686 4.686-12.284 0-16.971L34.495 36.465c-4.686-4.687-12.284-4.687-16.97 0z\"><\/path>\n            <\/svg><br \/>\n        <\/button><\/p>\n<h2>Czech GP 2020 &#8211; Q2 &#8211;  Riders statements<\/h2>\n<p><a href=\"https:\/\/twitter.com\/hashtag\/AM73?src=hash&#038;lang=es\">#AM73<\/a><\/p>\n<p><em><strong>It will be long race so pace will be important.<\/strong> &#8220;It was a tough day today when we look at the final position. I still need to work on getting the most out of the new tyre. Quali was a negative, but in FP4, apart from the crash, it wasn\u2019t such a bad session and all weekend our pace has been OK. I know starting from the back will make it difficult tomorrow but I am feeling positive and it will be long race so pace will be important. We still need to define our tyre choice, but I think with our race pace we can make up some positions and certainly we will learn a lot.\u201d<\/em><\/p>\n<hr\/>\n<p><a href=\"https:\/\/twitter.com\/hashtag\/stefanbradl?src=hash&#038;lang=es\">#SB6<\/a><\/p>\n<p><em><strong>It\u2019s been a busy day, trying settings and working with HRC<\/strong> &#8220;Today the feeling was coming better on the bike and still we are improving with each lap. We still are searching for some grip around the circuit, but I think many other riders are also working on this area. It\u2019s been a busy day, trying settings and working with HRC so we have not been able to fully concentrate on our one lap speed for Qualifying. Tomorrow\u2019s race will help us a lot and I think it will be the most beneficial time for me to learn and understand the bike more. Let\u2019s see what happens, it will be a long race.\u201d<\/em><\/p>\n","protected":false},"excerpt":{"rendered":"<p>One lap pace eludes Alex Marquez in Brno as Stefan Bradl gains more speed during a busy day, the Repsol Honda Team pair ready to fight forward on Sunday.<\/p>\n","protected":false},"author":1,"featured_media":40580,"comment_status":"open","ping_status":"open","sticky":false,"template":"","format":"standard","meta":{"footnotes":""},"categories":[146],"tags":[191,192,279,210,215,196],"class_list":["post-97967","post","type-post","status-publish","format-standard","hentry","category-motogp-en","tag-191","tag-alex-marquez","tag-campeonato-del-mundo-de-motociclismo-en","tag-motocycling-world-championship","tag-motogp-czech-republic","tag-q2"],"yoast_head":"<!-- This site is optimized with the Yoast SEO plugin v27.3 - https:\/\/yoast.com\/product\/yoast-seo-wordpress\/ -->\n<title>Czech GP 2020: Testing day in Brno for Repsol Honda Team - Box Repsol<\/title>\n<meta name=\"description\" content=\"One lap pace eludes Alex Marquez in Brno as Stefan Bradl gains more speed during a busy day, the Repsol Honda Team pair ready to fight forward on Sunday.\" \/>\n<link rel=\"canonical\" href=\"https:\/\/www.boxrepsol.com\/en\/motogp-en\/czech-gp-2020-testing-day-in-brno-repsol-honda-team\/\" \/>\n<meta property=\"og:locale\" content=\"en_US\" \/>\n<meta property=\"og:type\" content=\"article\" \/>\n<meta property=\"og:title\" content=\"Czech GP 2020: Testing day in Brno for Repsol Honda Team - Box Repsol\" \/>\n<meta property=\"og:description\" content=\"One lap pace eludes Alex Marquez in Brno as Stefan Bradl gains more speed during a busy day, the Repsol Honda Team pair ready to fight forward on Sunday.\" \/>\n<meta property=\"og:url\" content=\"https:\/\/www.boxrepsol.com\/en\/motogp-en\/czech-gp-2020-testing-day-in-brno-repsol-honda-team\/\" \/>\n<meta property=\"og:site_name\" content=\"Box Repsol\" \/>\n<meta property=\"article:publisher\" content=\"https:\/\/www.facebook.com\/BoxRepsol\" \/>\n<meta property=\"article:published_time\" content=\"2020-08-08T02:00:00+00:00\" \/>\n<meta property=\"article:modified_time\" content=\"2023-02-27T09:39:27+00:00\" \/>\n<meta property=\"og:image\" content=\"https:\/\/bxrepsol.s3.eu-west-1.amazonaws.com\/static\/2022\/08\/09115533\/alex-marquez-y-stefan-bradl-brno-2020-d2.jpg\" \/>\n\t<meta property=\"og:image:width\" content=\"1280\" \/>\n\t<meta property=\"og:image:height\" content=\"720\" \/>\n\t<meta property=\"og:image:type\" content=\"image\/jpeg\" \/>\n<meta name=\"author\" content=\"bx_ayesa\" \/>\n<meta name=\"twitter:card\" content=\"summary_large_image\" \/>\n<meta name=\"twitter:creator\" content=\"@box_repsol\" \/>\n<meta name=\"twitter:site\" content=\"@box_repsol\" \/>\n<meta name=\"twitter:label1\" content=\"Written by\" \/>\n\t<meta name=\"twitter:data1\" content=\"bx_ayesa\" \/>\n\t<meta name=\"twitter:label2\" content=\"Est. reading time\" \/>\n\t<meta name=\"twitter:data2\" content=\"3 minutes\" \/>\n<script type=\"application\/ld+json\" class=\"yoast-schema-graph\">{\"@context\":\"https:\\\/\\\/schema.org\",\"@graph\":[{\"@type\":\"Article\",\"@id\":\"https:\\\/\\\/www.boxrepsol.com\\\/en\\\/motogp-en\\\/czech-gp-2020-testing-day-in-brno-repsol-honda-team\\\/#article\",\"isPartOf\":{\"@id\":\"https:\\\/\\\/www.boxrepsol.com\\\/en\\\/motogp-en\\\/czech-gp-2020-testing-day-in-brno-repsol-honda-team\\\/\"},\"author\":{\"name\":\"bx_ayesa\",\"@id\":\"https:\\\/\\\/www.boxrepsol.com\\\/en\\\/#\\\/schema\\\/person\\\/d9d0f442a4332c7d099d31ffda4747a0\"},\"headline\":\"Czech GP 2020: Testing day in Brno for Repsol Honda Team\",\"datePublished\":\"2020-08-08T02:00:00+00:00\",\"dateModified\":\"2023-02-27T09:39:27+00:00\",\"mainEntityOfPage\":{\"@id\":\"https:\\\/\\\/www.boxrepsol.com\\\/en\\\/motogp-en\\\/czech-gp-2020-testing-day-in-brno-repsol-honda-team\\\/\"},\"wordCount\":516,\"commentCount\":0,\"publisher\":{\"@id\":\"https:\\\/\\\/www.boxrepsol.com\\\/en\\\/#organization\"},\"image\":{\"@id\":\"https:\\\/\\\/www.boxrepsol.com\\\/en\\\/motogp-en\\\/czech-gp-2020-testing-day-in-brno-repsol-honda-team\\\/#primaryimage\"},\"thumbnailUrl\":\"https:\\\/\\\/bxrepsol.s3.eu-west-1.amazonaws.com\\\/static\\\/2022\\\/08\\\/09115533\\\/alex-marquez-y-stefan-bradl-brno-2020-d2.jpg\",\"keywords\":[\"2020\",\"\u00c1lex M\u00e1rquez\",\"Campeonato del Mundo de Motociclismo\",\"Motocycling World Championship\",\"MotoGP Czech Republic\",\"Q2\"],\"articleSection\":[\"MotoGP\"],\"inLanguage\":\"en-US\",\"potentialAction\":[{\"@type\":\"CommentAction\",\"name\":\"Comment\",\"target\":[\"https:\\\/\\\/www.boxrepsol.com\\\/en\\\/motogp-en\\\/czech-gp-2020-testing-day-in-brno-repsol-honda-team\\\/#respond\"]}]},{\"@type\":\"WebPage\",\"@id\":\"https:\\\/\\\/www.boxrepsol.com\\\/en\\\/motogp-en\\\/czech-gp-2020-testing-day-in-brno-repsol-honda-team\\\/\",\"url\":\"https:\\\/\\\/www.boxrepsol.com\\\/en\\\/motogp-en\\\/czech-gp-2020-testing-day-in-brno-repsol-honda-team\\\/\",\"name\":\"Czech GP 2020: Testing day in Brno for Repsol Honda Team - Box Repsol\",\"isPartOf\":{\"@id\":\"https:\\\/\\\/www.boxrepsol.com\\\/en\\\/#website\"},\"primaryImageOfPage\":{\"@id\":\"https:\\\/\\\/www.boxrepsol.com\\\/en\\\/motogp-en\\\/czech-gp-2020-testing-day-in-brno-repsol-honda-team\\\/#primaryimage\"},\"image\":{\"@id\":\"https:\\\/\\\/www.boxrepsol.com\\\/en\\\/motogp-en\\\/czech-gp-2020-testing-day-in-brno-repsol-honda-team\\\/#primaryimage\"},\"thumbnailUrl\":\"https:\\\/\\\/bxrepsol.s3.eu-west-1.amazonaws.com\\\/static\\\/2022\\\/08\\\/09115533\\\/alex-marquez-y-stefan-bradl-brno-2020-d2.jpg\",\"datePublished\":\"2020-08-08T02:00:00+00:00\",\"dateModified\":\"2023-02-27T09:39:27+00:00\",\"description\":\"One lap pace eludes Alex Marquez in Brno as Stefan Bradl gains more speed during a busy day, the Repsol Honda Team pair ready to fight forward on Sunday.\",\"breadcrumb\":{\"@id\":\"https:\\\/\\\/www.boxrepsol.com\\\/en\\\/motogp-en\\\/czech-gp-2020-testing-day-in-brno-repsol-honda-team\\\/#breadcrumb\"},\"inLanguage\":\"en-US\",\"potentialAction\":[{\"@type\":\"ReadAction\",\"target\":[\"https:\\\/\\\/www.boxrepsol.com\\\/en\\\/motogp-en\\\/czech-gp-2020-testing-day-in-brno-repsol-honda-team\\\/\"]}]},{\"@type\":\"ImageObject\",\"inLanguage\":\"en-US\",\"@id\":\"https:\\\/\\\/www.boxrepsol.com\\\/en\\\/motogp-en\\\/czech-gp-2020-testing-day-in-brno-repsol-honda-team\\\/#primaryimage\",\"url\":\"https:\\\/\\\/bxrepsol.s3.eu-west-1.amazonaws.com\\\/static\\\/2022\\\/08\\\/09115533\\\/alex-marquez-y-stefan-bradl-brno-2020-d2.jpg\",\"contentUrl\":\"https:\\\/\\\/bxrepsol.s3.eu-west-1.amazonaws.com\\\/static\\\/2022\\\/08\\\/09115533\\\/alex-marquez-y-stefan-bradl-brno-2020-d2.jpg\",\"width\":1280,\"height\":720,\"caption\":\"\u00c1lex M\u00e1rquez y Stefan Bradl rodando en el el circuito de Brno durante una FP del GP de la Rep\u00fablica Checa 2020\"},{\"@type\":\"BreadcrumbList\",\"@id\":\"https:\\\/\\\/www.boxrepsol.com\\\/en\\\/motogp-en\\\/czech-gp-2020-testing-day-in-brno-repsol-honda-team\\\/#breadcrumb\",\"itemListElement\":[{\"@type\":\"ListItem\",\"position\":1,\"name\":\"Home\",\"item\":\"https:\\\/\\\/www.boxrepsol.com\\\/en\\\/\"},{\"@type\":\"ListItem\",\"position\":2,\"name\":\"Czech GP 2020: Testing day in Brno for Repsol Honda Team\"}]},{\"@type\":\"WebSite\",\"@id\":\"https:\\\/\\\/www.boxrepsol.com\\\/en\\\/#website\",\"url\":\"https:\\\/\\\/www.boxrepsol.com\\\/en\\\/\",\"name\":\"Box Repsol\",\"description\":\"Box Repsol Site\",\"publisher\":{\"@id\":\"https:\\\/\\\/www.boxrepsol.com\\\/en\\\/#organization\"},\"potentialAction\":[{\"@type\":\"SearchAction\",\"target\":{\"@type\":\"EntryPoint\",\"urlTemplate\":\"https:\\\/\\\/www.boxrepsol.com\\\/en\\\/?s={search_term_string}\"},\"query-input\":{\"@type\":\"PropertyValueSpecification\",\"valueRequired\":true,\"valueName\":\"search_term_string\"}}],\"inLanguage\":\"en-US\"},{\"@type\":\"Organization\",\"@id\":\"https:\\\/\\\/www.boxrepsol.com\\\/en\\\/#organization\",\"name\":\"Box Repsol\",\"url\":\"https:\\\/\\\/www.boxrepsol.com\\\/en\\\/\",\"logo\":{\"@type\":\"ImageObject\",\"inLanguage\":\"en-US\",\"@id\":\"https:\\\/\\\/www.boxrepsol.com\\\/en\\\/#\\\/schema\\\/logo\\\/image\\\/\",\"url\":\"https:\\\/\\\/bxrepsol.s3.eu-west-1.amazonaws.com\\\/static\\\/2025\\\/07\\\/30083337\\\/favicon-96x96-1.png\",\"contentUrl\":\"https:\\\/\\\/bxrepsol.s3.eu-west-1.amazonaws.com\\\/static\\\/2025\\\/07\\\/30083337\\\/favicon-96x96-1.png\",\"width\":96,\"height\":96,\"caption\":\"Box Repsol\"},\"image\":{\"@id\":\"https:\\\/\\\/www.boxrepsol.com\\\/en\\\/#\\\/schema\\\/logo\\\/image\\\/\"},\"sameAs\":[\"https:\\\/\\\/www.facebook.com\\\/BoxRepsol\",\"https:\\\/\\\/x.com\\\/box_repsol\",\"http:\\\/\\\/instagram.com\\\/box_repsol\",\"https:\\\/\\\/www.youtube.com\\\/user\\\/RepsolCompeticion\",\"https:\\\/\\\/www.flickr.com\\\/photos\\\/box_repsol\\\/\"]},{\"@type\":\"Person\",\"@id\":\"https:\\\/\\\/www.boxrepsol.com\\\/en\\\/#\\\/schema\\\/person\\\/d9d0f442a4332c7d099d31ffda4747a0\",\"name\":\"bx_ayesa\",\"image\":{\"@type\":\"ImageObject\",\"inLanguage\":\"en-US\",\"@id\":\"https:\\\/\\\/secure.gravatar.com\\\/avatar\\\/059e1b9d3585083708845ba70e8dd968f143ff35f5e0e10cf2d1e7afe2c6a878?s=96&d=mm&r=g\",\"url\":\"https:\\\/\\\/secure.gravatar.com\\\/avatar\\\/059e1b9d3585083708845ba70e8dd968f143ff35f5e0e10cf2d1e7afe2c6a878?s=96&d=mm&r=g\",\"contentUrl\":\"https:\\\/\\\/secure.gravatar.com\\\/avatar\\\/059e1b9d3585083708845ba70e8dd968f143ff35f5e0e10cf2d1e7afe2c6a878?s=96&d=mm&r=g\",\"caption\":\"bx_ayesa\"},\"sameAs\":[\"http:\\\/\\\/54.155.157.200\"],\"url\":\"https:\\\/\\\/www.boxrepsol.com\\\/en\\\/author\\\/bx_ayesa\\\/\"}]}<\/script>\n<!-- \/ Yoast SEO plugin. -->","yoast_head_json":{"title":"Czech GP 2020: Testing day in Brno for Repsol Honda Team - Box Repsol","description":"One lap pace eludes Alex Marquez in Brno as Stefan Bradl gains more speed during a busy day, the Repsol Honda Team pair ready to fight forward on Sunday.","canonical":"https:\/\/www.boxrepsol.com\/en\/motogp-en\/czech-gp-2020-testing-day-in-brno-repsol-honda-team\/","og_locale":"en_US","og_type":"article","og_title":"Czech GP 2020: Testing day in Brno for Repsol Honda Team - Box Repsol","og_description":"One lap pace eludes Alex Marquez in Brno as Stefan Bradl gains more speed during a busy day, the Repsol Honda Team pair ready to fight forward on Sunday.","og_url":"https:\/\/www.boxrepsol.com\/en\/motogp-en\/czech-gp-2020-testing-day-in-brno-repsol-honda-team\/","og_site_name":"Box Repsol","article_publisher":"https:\/\/www.facebook.com\/BoxRepsol","article_published_time":"2020-08-08T02:00:00+00:00","article_modified_time":"2023-02-27T09:39:27+00:00","og_image":[{"width":1280,"height":720,"url":"https:\/\/bxrepsol.s3.eu-west-1.amazonaws.com\/static\/2022\/08\/09115533\/alex-marquez-y-stefan-bradl-brno-2020-d2.jpg","type":"image\/jpeg"}],"author":"bx_ayesa","twitter_card":"summary_large_image","twitter_creator":"@box_repsol","twitter_site":"@box_repsol","twitter_misc":{"Written by":"bx_ayesa","Est. reading time":"3 minutes"},"schema":{"@context":"https:\/\/schema.org","@graph":[{"@type":"Article","@id":"https:\/\/www.boxrepsol.com\/en\/motogp-en\/czech-gp-2020-testing-day-in-brno-repsol-honda-team\/#article","isPartOf":{"@id":"https:\/\/www.boxrepsol.com\/en\/motogp-en\/czech-gp-2020-testing-day-in-brno-repsol-honda-team\/"},"author":{"name":"bx_ayesa","@id":"https:\/\/www.boxrepsol.com\/en\/#\/schema\/person\/d9d0f442a4332c7d099d31ffda4747a0"},"headline":"Czech GP 2020: Testing day in Brno for Repsol Honda Team","datePublished":"2020-08-08T02:00:00+00:00","dateModified":"2023-02-27T09:39:27+00:00","mainEntityOfPage":{"@id":"https:\/\/www.boxrepsol.com\/en\/motogp-en\/czech-gp-2020-testing-day-in-brno-repsol-honda-team\/"},"wordCount":516,"commentCount":0,"publisher":{"@id":"https:\/\/www.boxrepsol.com\/en\/#organization"},"image":{"@id":"https:\/\/www.boxrepsol.com\/en\/motogp-en\/czech-gp-2020-testing-day-in-brno-repsol-honda-team\/#primaryimage"},"thumbnailUrl":"https:\/\/bxrepsol.s3.eu-west-1.amazonaws.com\/static\/2022\/08\/09115533\/alex-marquez-y-stefan-bradl-brno-2020-d2.jpg","keywords":["2020","\u00c1lex M\u00e1rquez","Campeonato del Mundo de Motociclismo","Motocycling World Championship","MotoGP Czech Republic","Q2"],"articleSection":["MotoGP"],"inLanguage":"en-US","potentialAction":[{"@type":"CommentAction","name":"Comment","target":["https:\/\/www.boxrepsol.com\/en\/motogp-en\/czech-gp-2020-testing-day-in-brno-repsol-honda-team\/#respond"]}]},{"@type":"WebPage","@id":"https:\/\/www.boxrepsol.com\/en\/motogp-en\/czech-gp-2020-testing-day-in-brno-repsol-honda-team\/","url":"https:\/\/www.boxrepsol.com\/en\/motogp-en\/czech-gp-2020-testing-day-in-brno-repsol-honda-team\/","name":"Czech GP 2020: Testing day in Brno for Repsol Honda Team - Box Repsol","isPartOf":{"@id":"https:\/\/www.boxrepsol.com\/en\/#website"},"primaryImageOfPage":{"@id":"https:\/\/www.boxrepsol.com\/en\/motogp-en\/czech-gp-2020-testing-day-in-brno-repsol-honda-team\/#primaryimage"},"image":{"@id":"https:\/\/www.boxrepsol.com\/en\/motogp-en\/czech-gp-2020-testing-day-in-brno-repsol-honda-team\/#primaryimage"},"thumbnailUrl":"https:\/\/bxrepsol.s3.eu-west-1.amazonaws.com\/static\/2022\/08\/09115533\/alex-marquez-y-stefan-bradl-brno-2020-d2.jpg","datePublished":"2020-08-08T02:00:00+00:00","dateModified":"2023-02-27T09:39:27+00:00","description":"One lap pace eludes Alex Marquez in Brno as Stefan Bradl gains more speed during a busy day, the Repsol Honda Team pair ready to fight forward on Sunday.","breadcrumb":{"@id":"https:\/\/www.boxrepsol.com\/en\/motogp-en\/czech-gp-2020-testing-day-in-brno-repsol-honda-team\/#breadcrumb"},"inLanguage":"en-US","potentialAction":[{"@type":"ReadAction","target":["https:\/\/www.boxrepsol.com\/en\/motogp-en\/czech-gp-2020-testing-day-in-brno-repsol-honda-team\/"]}]},{"@type":"ImageObject","inLanguage":"en-US","@id":"https:\/\/www.boxrepsol.com\/en\/motogp-en\/czech-gp-2020-testing-day-in-brno-repsol-honda-team\/#primaryimage","url":"https:\/\/bxrepsol.s3.eu-west-1.amazonaws.com\/static\/2022\/08\/09115533\/alex-marquez-y-stefan-bradl-brno-2020-d2.jpg","contentUrl":"https:\/\/bxrepsol.s3.eu-west-1.amazonaws.com\/static\/2022\/08\/09115533\/alex-marquez-y-stefan-bradl-brno-2020-d2.jpg","width":1280,"height":720,"caption":"\u00c1lex M\u00e1rquez y Stefan Bradl rodando en el el circuito de Brno durante una FP del GP de la Rep\u00fablica Checa 2020"},{"@type":"BreadcrumbList","@id":"https:\/\/www.boxrepsol.com\/en\/motogp-en\/czech-gp-2020-testing-day-in-brno-repsol-honda-team\/#breadcrumb","itemListElement":[{"@type":"ListItem","position":1,"name":"Home","item":"https:\/\/www.boxrepsol.com\/en\/"},{"@type":"ListItem","position":2,"name":"Czech GP 2020: Testing day in Brno for Repsol Honda Team"}]},{"@type":"WebSite","@id":"https:\/\/www.boxrepsol.com\/en\/#website","url":"https:\/\/www.boxrepsol.com\/en\/","name":"Box Repsol","description":"Box Repsol Site","publisher":{"@id":"https:\/\/www.boxrepsol.com\/en\/#organization"},"potentialAction":[{"@type":"SearchAction","target":{"@type":"EntryPoint","urlTemplate":"https:\/\/www.boxrepsol.com\/en\/?s={search_term_string}"},"query-input":{"@type":"PropertyValueSpecification","valueRequired":true,"valueName":"search_term_string"}}],"inLanguage":"en-US"},{"@type":"Organization","@id":"https:\/\/www.boxrepsol.com\/en\/#organization","name":"Box Repsol","url":"https:\/\/www.boxrepsol.com\/en\/","logo":{"@type":"ImageObject","inLanguage":"en-US","@id":"https:\/\/www.boxrepsol.com\/en\/#\/schema\/logo\/image\/","url":"https:\/\/bxrepsol.s3.eu-west-1.amazonaws.com\/static\/2025\/07\/30083337\/favicon-96x96-1.png","contentUrl":"https:\/\/bxrepsol.s3.eu-west-1.amazonaws.com\/static\/2025\/07\/30083337\/favicon-96x96-1.png","width":96,"height":96,"caption":"Box Repsol"},"image":{"@id":"https:\/\/www.boxrepsol.com\/en\/#\/schema\/logo\/image\/"},"sameAs":["https:\/\/www.facebook.com\/BoxRepsol","https:\/\/x.com\/box_repsol","http:\/\/instagram.com\/box_repsol","https:\/\/www.youtube.com\/user\/RepsolCompeticion","https:\/\/www.flickr.com\/photos\/box_repsol\/"]},{"@type":"Person","@id":"https:\/\/www.boxrepsol.com\/en\/#\/schema\/person\/d9d0f442a4332c7d099d31ffda4747a0","name":"bx_ayesa","image":{"@type":"ImageObject","inLanguage":"en-US","@id":"https:\/\/secure.gravatar.com\/avatar\/059e1b9d3585083708845ba70e8dd968f143ff35f5e0e10cf2d1e7afe2c6a878?s=96&d=mm&r=g","url":"https:\/\/secure.gravatar.com\/avatar\/059e1b9d3585083708845ba70e8dd968f143ff35f5e0e10cf2d1e7afe2c6a878?s=96&d=mm&r=g","contentUrl":"https:\/\/secure.gravatar.com\/avatar\/059e1b9d3585083708845ba70e8dd968f143ff35f5e0e10cf2d1e7afe2c6a878?s=96&d=mm&r=g","caption":"bx_ayesa"},"sameAs":["http:\/\/54.155.157.200"],"url":"https:\/\/www.boxrepsol.com\/en\/author\/bx_ayesa\/"}]}},"_links":{"self":[{"href":"https:\/\/www.boxrepsol.com\/en\/wp-json\/wp\/v2\/posts\/97967","targetHints":{"allow":["GET"]}}],"collection":[{"href":"https:\/\/www.boxrepsol.com\/en\/wp-json\/wp\/v2\/posts"}],"about":[{"href":"https:\/\/www.boxrepsol.com\/en\/wp-json\/wp\/v2\/types\/post"}],"author":[{"embeddable":true,"href":"https:\/\/www.boxrepsol.com\/en\/wp-json\/wp\/v2\/users\/1"}],"replies":[{"embeddable":true,"href":"https:\/\/www.boxrepsol.com\/en\/wp-json\/wp\/v2\/comments?post=97967"}],"version-history":[{"count":1,"href":"https:\/\/www.boxrepsol.com\/en\/wp-json\/wp\/v2\/posts\/97967\/revisions"}],"predecessor-version":[{"id":97968,"href":"https:\/\/www.boxrepsol.com\/en\/wp-json\/wp\/v2\/posts\/97967\/revisions\/97968"}],"wp:featuredmedia":[{"embeddable":true,"href":"https:\/\/www.boxrepsol.com\/en\/wp-json\/wp\/v2\/media\/40580"}],"wp:attachment":[{"href":"https:\/\/www.boxrepsol.com\/en\/wp-json\/wp\/v2\/media?parent=97967"}],"wp:term":[{"taxonomy":"category","embeddable":true,"href":"https:\/\/www.boxrepsol.com\/en\/wp-json\/wp\/v2\/categories?post=97967"},{"taxonomy":"post_tag","embeddable":true,"href":"https:\/\/www.boxrepsol.com\/en\/wp-json\/wp\/v2\/tags?post=97967"}],"curies":[{"name":"wp","href":"https:\/\/api.w.org\/{rel}","templated":true}]}}