{"id":97965,"date":"2020-08-07T00:00:00","date_gmt":"2020-08-07T02:00:00","guid":{"rendered":"http:\/\/pre.boxrepsol.com\/uncategorized\/czech-gp-2020-repsol-honda-team-lay-the-foundations-in-brno\/"},"modified":"2023-11-30T12:32:40","modified_gmt":"2023-11-30T14:32:40","slug":"czech-gp-2020-repsol-honda-team-lay-the-foundations-in-brno","status":"publish","type":"post","link":"https:\/\/www.boxrepsol.com\/en\/uncategorized\/czech-gp-2020-repsol-honda-team-lay-the-foundations-in-brno\/","title":{"rendered":"Czech GP 2020: Repsol Honda Team lay the foundations in Brno"},"content":{"rendered":"<p>The <strong>Czech GP<\/strong> marks the start of the 2020 MotoGP World Championship\u2019s first demanding triple-header, but there was no hesitation as the Repsol Honda Team busily got to work. Although conditions weren\u2019t as hot as the previous two races, rising temperatures throughout the day saw the grip levels continue to change on the Czech track.<\/p>\n<p>With Brno among his favourite circuits on the calendar, <strong>Alex Marquez<\/strong> was eager to head out and try his Honda RC213V around the 5.4-kilometre-long track. Times were as close as ever in Free Practice 1, the Moto2 World Champion ending the first session in 18th and just 1.2 seconds off LCR Honda\u2019s Takaaki Nakagami who was fastest. Alex suffered an electronics issue early in Free Practice 2, the rookie quickly making his way back to the garage and back out on circuit. Less than half a second split Alex from a top ten finish as the flag came out, the rookie setting a best time of 1\u201957.688 on Friday.<\/p>\n<p><strong>Stefan Bradl<\/strong>\u2019s Friday was all about adaption after having last ridden a MotoGP bike during the Sepang Shakedown test in early February. The German rider spent the day reacquainting himself with the Honda RC213V and getting to work with the Repsol Honda Team. Improvements with each exit saw the HRC test rider keep pace with the MotoGP regulars and improve by an impressive 0.769s in the second session. Continued improvements and pushing towards the points scoring positions remain Bradl\u2019s goal for the weekend.<\/p>\n<p><a href=\"https:\/\/www.boxrepsol.com\/en\/motogp-en\/czech-gp-timetables-motogp-2020\/\">Czech GP Schedule for MotoGP, Moto2, and Moto3.<\/a><\/p>\n<p>                <!-- Imagen relacionada --><\/p>\n<p>                <!-- Categor\u00eda --><br \/>\n            MotoGP<br \/>\n        <!-- T\u00edtulo --><br \/>\n        <a href=\"https:\/\/www.boxrepsol.com\/en\/motogp-en\/stefan-bradl-alex-marquez-brno-marc-marquez-recovers\/\"><\/p>\n<h3>Stefan Bradl joins Alex Marquez in Brno while Marc Marquez recovers<\/h3>\n<p>        <\/a><br \/>\n                    <!-- Fecha --><br \/>\n            5 days ago        <\/p>\n<p>        <button data-glide-dir=\"<\"><br \/>\n            <svg role=\"img\"  viewBox=\"0 0 256 512\">\n                <path fill=\"currentColor\" d=\"M238.475 475.535l7.071-7.07c4.686-4.686 4.686-12.284 0-16.971L50.053 256 245.546 60.506c4.686-4.686 4.686-12.284 0-16.971l-7.071-7.07c-4.686-4.686-12.284-4.686-16.97 0L10.454 247.515c-4.686 4.686-4.686 12.284 0 16.971l211.051 211.05c4.686 4.686 12.284 4.686 16.97-.001z\"><\/path>\n            <\/svg><br \/>\n        <\/button><br \/>\n        <button data-glide-dir=\">&#8220;><br \/>\n            <svg role=\"img\"  viewBox=\"0 0 256 512\">\n                <path fill=\"currentColor\" d=\"M17.525 36.465l-7.071 7.07c-4.686 4.686-4.686 12.284 0 16.971L205.947 256 10.454 451.494c-4.686 4.686-4.686 12.284 0 16.971l7.071 7.07c4.686 4.686 12.284 4.686 16.97 0l211.051-211.05c4.686-4.686 4.686-12.284 0-16.971L34.495 36.465c-4.686-4.687-12.284-4.687-16.97 0z\"><\/path>\n            <\/svg><br \/>\n        <\/button><\/p>\n<h2>Czech GP 2020 &#8211; FP2 &#8211;  Riders statements<\/h2>\n<p><a href=\"https:\/\/twitter.com\/hashtag\/AM73?src=hash&#038;lang=es\">#AM73<\/a><\/p>\n<p><em><strong>I still need to work on my one lap pace <\/strong>&#8220;Nice to be back out on the bike and at a circuit I like a lot. It was a good first day aside from the small issue in Free Practice 2, but honestly it did not hurt us too much. The grip was not perfect and there were a lot of crashes, especially in the lower classes so hopefully this improves for tomorrow. I felt really good today, but I still need to work on my one lap pace, the feeling for tomorrow is good and we are building out rhythm. Let\u2019s see what the circuit is like and what is possible.\u201d<\/em><\/p>\n<hr\/>\n<p><a href=\"https:\/\/twitter.com\/hashtag\/stefanbradl?src=hash&#038;lang=es\">#SB6<\/a><\/p>\n<p><em><strong>We are making improvements with each lap.<\/strong>&#8220;Today was about getting the feeling again. No matter how long you have been riding for, when you come back to a MotoGP bike after a break and you accelerate down the straight, the power always seems surprising. It has been six months since I was on this bike, so it took some time to adjust the mind to these speeds and managing everything, this is quite normal. But we are going well, and we are making improvements with each lap. I\u2019m ready for tomorrow and looking forward to it after a positive first day \u2013 so far so good.\u201d<\/em><\/p>\n","protected":false},"excerpt":{"rendered":"<p>Alex Marquez is joined in the Repsol Honda Team garage by Stefan Bradl for the Czech GP weekend as Marc Marquez recovers from injury, the pair gathering good data on the opening day.<\/p>\n","protected":false},"author":1,"featured_media":40548,"comment_status":"open","ping_status":"open","sticky":false,"template":"","format":"standard","meta":{"footnotes":""},"categories":[146,64],"tags":[279],"class_list":["post-97965","post","type-post","status-publish","format-standard","hentry","category-motogp-en","category-uncategorized","tag-campeonato-del-mundo-de-motociclismo-en"],"yoast_head":"<!-- This site is optimized with the Yoast SEO plugin v27.3 - https:\/\/yoast.com\/product\/yoast-seo-wordpress\/ -->\n<title>Czech GP 2020: Repsol Honda Team lay the foundations in Brno - Box Repsol<\/title>\n<meta name=\"description\" content=\"Alex Marquez is joined in the team garage by Stefan Bradl for the Czech GP as Marc Marquez recovers, the pair gathering good data on the opening day.\" \/>\n<link rel=\"canonical\" href=\"https:\/\/www.boxrepsol.com\/en\/uncategorized\/czech-gp-2020-repsol-honda-team-lay-the-foundations-in-brno\/\" \/>\n<meta property=\"og:locale\" content=\"en_US\" \/>\n<meta property=\"og:type\" content=\"article\" \/>\n<meta property=\"og:title\" content=\"Czech GP 2020: Repsol Honda Team lay the foundations in Brno - Box Repsol\" \/>\n<meta property=\"og:description\" content=\"Alex Marquez is joined in the team garage by Stefan Bradl for the Czech GP as Marc Marquez recovers, the pair gathering good data on the opening day.\" \/>\n<meta property=\"og:url\" content=\"https:\/\/www.boxrepsol.com\/en\/uncategorized\/czech-gp-2020-repsol-honda-team-lay-the-foundations-in-brno\/\" \/>\n<meta property=\"og:site_name\" content=\"Box Repsol\" \/>\n<meta property=\"article:publisher\" content=\"https:\/\/www.facebook.com\/BoxRepsol\" \/>\n<meta property=\"article:published_time\" content=\"2020-08-07T02:00:00+00:00\" \/>\n<meta property=\"article:modified_time\" content=\"2023-11-30T14:32:40+00:00\" \/>\n<meta property=\"og:image\" content=\"https:\/\/bxrepsol.s3.eu-west-1.amazonaws.com\/static\/2022\/08\/09115515\/alex-marquez-y-stefan-bradl-republica-checa-2020.jpg\" \/>\n\t<meta property=\"og:image:width\" content=\"1280\" \/>\n\t<meta property=\"og:image:height\" content=\"720\" \/>\n\t<meta property=\"og:image:type\" content=\"image\/jpeg\" \/>\n<meta name=\"author\" content=\"bx_ayesa\" \/>\n<meta name=\"twitter:card\" content=\"summary_large_image\" \/>\n<meta name=\"twitter:creator\" content=\"@box_repsol\" \/>\n<meta name=\"twitter:site\" content=\"@box_repsol\" \/>\n<meta name=\"twitter:label1\" content=\"Written by\" \/>\n\t<meta name=\"twitter:data1\" content=\"bx_ayesa\" \/>\n\t<meta name=\"twitter:label2\" content=\"Est. reading time\" \/>\n\t<meta name=\"twitter:data2\" content=\"2 minutes\" \/>\n<script type=\"application\/ld+json\" class=\"yoast-schema-graph\">{\"@context\":\"https:\\\/\\\/schema.org\",\"@graph\":[{\"@type\":\"Article\",\"@id\":\"https:\\\/\\\/www.boxrepsol.com\\\/en\\\/uncategorized\\\/czech-gp-2020-repsol-honda-team-lay-the-foundations-in-brno\\\/#article\",\"isPartOf\":{\"@id\":\"https:\\\/\\\/www.boxrepsol.com\\\/en\\\/uncategorized\\\/czech-gp-2020-repsol-honda-team-lay-the-foundations-in-brno\\\/\"},\"author\":{\"name\":\"bx_ayesa\",\"@id\":\"https:\\\/\\\/www.boxrepsol.com\\\/en\\\/#\\\/schema\\\/person\\\/d9d0f442a4332c7d099d31ffda4747a0\"},\"headline\":\"Czech GP 2020: Repsol Honda Team lay the foundations in Brno\",\"datePublished\":\"2020-08-07T02:00:00+00:00\",\"dateModified\":\"2023-11-30T14:32:40+00:00\",\"mainEntityOfPage\":{\"@id\":\"https:\\\/\\\/www.boxrepsol.com\\\/en\\\/uncategorized\\\/czech-gp-2020-repsol-honda-team-lay-the-foundations-in-brno\\\/\"},\"wordCount\":509,\"commentCount\":0,\"publisher\":{\"@id\":\"https:\\\/\\\/www.boxrepsol.com\\\/en\\\/#organization\"},\"image\":{\"@id\":\"https:\\\/\\\/www.boxrepsol.com\\\/en\\\/uncategorized\\\/czech-gp-2020-repsol-honda-team-lay-the-foundations-in-brno\\\/#primaryimage\"},\"thumbnailUrl\":\"https:\\\/\\\/bxrepsol.s3.eu-west-1.amazonaws.com\\\/static\\\/2022\\\/08\\\/09115515\\\/alex-marquez-y-stefan-bradl-republica-checa-2020.jpg\",\"keywords\":[\"Campeonato del Mundo de Motociclismo\"],\"articleSection\":[\"MotoGP\"],\"inLanguage\":\"en-US\",\"potentialAction\":[{\"@type\":\"CommentAction\",\"name\":\"Comment\",\"target\":[\"https:\\\/\\\/www.boxrepsol.com\\\/en\\\/uncategorized\\\/czech-gp-2020-repsol-honda-team-lay-the-foundations-in-brno\\\/#respond\"]}]},{\"@type\":\"WebPage\",\"@id\":\"https:\\\/\\\/www.boxrepsol.com\\\/en\\\/uncategorized\\\/czech-gp-2020-repsol-honda-team-lay-the-foundations-in-brno\\\/\",\"url\":\"https:\\\/\\\/www.boxrepsol.com\\\/en\\\/uncategorized\\\/czech-gp-2020-repsol-honda-team-lay-the-foundations-in-brno\\\/\",\"name\":\"Czech GP 2020: Repsol Honda Team lay the foundations in Brno - Box Repsol\",\"isPartOf\":{\"@id\":\"https:\\\/\\\/www.boxrepsol.com\\\/en\\\/#website\"},\"primaryImageOfPage\":{\"@id\":\"https:\\\/\\\/www.boxrepsol.com\\\/en\\\/uncategorized\\\/czech-gp-2020-repsol-honda-team-lay-the-foundations-in-brno\\\/#primaryimage\"},\"image\":{\"@id\":\"https:\\\/\\\/www.boxrepsol.com\\\/en\\\/uncategorized\\\/czech-gp-2020-repsol-honda-team-lay-the-foundations-in-brno\\\/#primaryimage\"},\"thumbnailUrl\":\"https:\\\/\\\/bxrepsol.s3.eu-west-1.amazonaws.com\\\/static\\\/2022\\\/08\\\/09115515\\\/alex-marquez-y-stefan-bradl-republica-checa-2020.jpg\",\"datePublished\":\"2020-08-07T02:00:00+00:00\",\"dateModified\":\"2023-11-30T14:32:40+00:00\",\"description\":\"Alex Marquez is joined in the team garage by Stefan Bradl for the Czech GP as Marc Marquez recovers, the pair gathering good data on the opening day.\",\"breadcrumb\":{\"@id\":\"https:\\\/\\\/www.boxrepsol.com\\\/en\\\/uncategorized\\\/czech-gp-2020-repsol-honda-team-lay-the-foundations-in-brno\\\/#breadcrumb\"},\"inLanguage\":\"en-US\",\"potentialAction\":[{\"@type\":\"ReadAction\",\"target\":[\"https:\\\/\\\/www.boxrepsol.com\\\/en\\\/uncategorized\\\/czech-gp-2020-repsol-honda-team-lay-the-foundations-in-brno\\\/\"]}]},{\"@type\":\"ImageObject\",\"inLanguage\":\"en-US\",\"@id\":\"https:\\\/\\\/www.boxrepsol.com\\\/en\\\/uncategorized\\\/czech-gp-2020-repsol-honda-team-lay-the-foundations-in-brno\\\/#primaryimage\",\"url\":\"https:\\\/\\\/bxrepsol.s3.eu-west-1.amazonaws.com\\\/static\\\/2022\\\/08\\\/09115515\\\/alex-marquez-y-stefan-bradl-republica-checa-2020.jpg\",\"contentUrl\":\"https:\\\/\\\/bxrepsol.s3.eu-west-1.amazonaws.com\\\/static\\\/2022\\\/08\\\/09115515\\\/alex-marquez-y-stefan-bradl-republica-checa-2020.jpg\",\"width\":1280,\"height\":720,\"caption\":\"\u00c1lex M\u00e1rquez y Stefan Bradl rodando en el el circuito de Brno durante una FP del GP de la Rep\u00fablica Checa 2020\"},{\"@type\":\"BreadcrumbList\",\"@id\":\"https:\\\/\\\/www.boxrepsol.com\\\/en\\\/uncategorized\\\/czech-gp-2020-repsol-honda-team-lay-the-foundations-in-brno\\\/#breadcrumb\",\"itemListElement\":[{\"@type\":\"ListItem\",\"position\":1,\"name\":\"Home\",\"item\":\"https:\\\/\\\/www.boxrepsol.com\\\/en\\\/\"},{\"@type\":\"ListItem\",\"position\":2,\"name\":\"Czech GP 2020: Repsol Honda Team lay the foundations in Brno\"}]},{\"@type\":\"WebSite\",\"@id\":\"https:\\\/\\\/www.boxrepsol.com\\\/en\\\/#website\",\"url\":\"https:\\\/\\\/www.boxrepsol.com\\\/en\\\/\",\"name\":\"Box Repsol\",\"description\":\"Box Repsol Site\",\"publisher\":{\"@id\":\"https:\\\/\\\/www.boxrepsol.com\\\/en\\\/#organization\"},\"potentialAction\":[{\"@type\":\"SearchAction\",\"target\":{\"@type\":\"EntryPoint\",\"urlTemplate\":\"https:\\\/\\\/www.boxrepsol.com\\\/en\\\/?s={search_term_string}\"},\"query-input\":{\"@type\":\"PropertyValueSpecification\",\"valueRequired\":true,\"valueName\":\"search_term_string\"}}],\"inLanguage\":\"en-US\"},{\"@type\":\"Organization\",\"@id\":\"https:\\\/\\\/www.boxrepsol.com\\\/en\\\/#organization\",\"name\":\"Box Repsol\",\"url\":\"https:\\\/\\\/www.boxrepsol.com\\\/en\\\/\",\"logo\":{\"@type\":\"ImageObject\",\"inLanguage\":\"en-US\",\"@id\":\"https:\\\/\\\/www.boxrepsol.com\\\/en\\\/#\\\/schema\\\/logo\\\/image\\\/\",\"url\":\"https:\\\/\\\/bxrepsol.s3.eu-west-1.amazonaws.com\\\/static\\\/2025\\\/07\\\/30083337\\\/favicon-96x96-1.png\",\"contentUrl\":\"https:\\\/\\\/bxrepsol.s3.eu-west-1.amazonaws.com\\\/static\\\/2025\\\/07\\\/30083337\\\/favicon-96x96-1.png\",\"width\":96,\"height\":96,\"caption\":\"Box Repsol\"},\"image\":{\"@id\":\"https:\\\/\\\/www.boxrepsol.com\\\/en\\\/#\\\/schema\\\/logo\\\/image\\\/\"},\"sameAs\":[\"https:\\\/\\\/www.facebook.com\\\/BoxRepsol\",\"https:\\\/\\\/x.com\\\/box_repsol\",\"http:\\\/\\\/instagram.com\\\/box_repsol\",\"https:\\\/\\\/www.youtube.com\\\/user\\\/RepsolCompeticion\",\"https:\\\/\\\/www.flickr.com\\\/photos\\\/box_repsol\\\/\"]},{\"@type\":\"Person\",\"@id\":\"https:\\\/\\\/www.boxrepsol.com\\\/en\\\/#\\\/schema\\\/person\\\/d9d0f442a4332c7d099d31ffda4747a0\",\"name\":\"bx_ayesa\",\"image\":{\"@type\":\"ImageObject\",\"inLanguage\":\"en-US\",\"@id\":\"https:\\\/\\\/secure.gravatar.com\\\/avatar\\\/059e1b9d3585083708845ba70e8dd968f143ff35f5e0e10cf2d1e7afe2c6a878?s=96&d=mm&r=g\",\"url\":\"https:\\\/\\\/secure.gravatar.com\\\/avatar\\\/059e1b9d3585083708845ba70e8dd968f143ff35f5e0e10cf2d1e7afe2c6a878?s=96&d=mm&r=g\",\"contentUrl\":\"https:\\\/\\\/secure.gravatar.com\\\/avatar\\\/059e1b9d3585083708845ba70e8dd968f143ff35f5e0e10cf2d1e7afe2c6a878?s=96&d=mm&r=g\",\"caption\":\"bx_ayesa\"},\"sameAs\":[\"http:\\\/\\\/54.155.157.200\"],\"url\":\"https:\\\/\\\/www.boxrepsol.com\\\/en\\\/author\\\/bx_ayesa\\\/\"}]}<\/script>\n<!-- \/ Yoast SEO plugin. -->","yoast_head_json":{"title":"Czech GP 2020: Repsol Honda Team lay the foundations in Brno - Box Repsol","description":"Alex Marquez is joined in the team garage by Stefan Bradl for the Czech GP as Marc Marquez recovers, the pair gathering good data on the opening day.","canonical":"https:\/\/www.boxrepsol.com\/en\/uncategorized\/czech-gp-2020-repsol-honda-team-lay-the-foundations-in-brno\/","og_locale":"en_US","og_type":"article","og_title":"Czech GP 2020: Repsol Honda Team lay the foundations in Brno - Box Repsol","og_description":"Alex Marquez is joined in the team garage by Stefan Bradl for the Czech GP as Marc Marquez recovers, the pair gathering good data on the opening day.","og_url":"https:\/\/www.boxrepsol.com\/en\/uncategorized\/czech-gp-2020-repsol-honda-team-lay-the-foundations-in-brno\/","og_site_name":"Box Repsol","article_publisher":"https:\/\/www.facebook.com\/BoxRepsol","article_published_time":"2020-08-07T02:00:00+00:00","article_modified_time":"2023-11-30T14:32:40+00:00","og_image":[{"width":1280,"height":720,"url":"https:\/\/bxrepsol.s3.eu-west-1.amazonaws.com\/static\/2022\/08\/09115515\/alex-marquez-y-stefan-bradl-republica-checa-2020.jpg","type":"image\/jpeg"}],"author":"bx_ayesa","twitter_card":"summary_large_image","twitter_creator":"@box_repsol","twitter_site":"@box_repsol","twitter_misc":{"Written by":"bx_ayesa","Est. reading time":"2 minutes"},"schema":{"@context":"https:\/\/schema.org","@graph":[{"@type":"Article","@id":"https:\/\/www.boxrepsol.com\/en\/uncategorized\/czech-gp-2020-repsol-honda-team-lay-the-foundations-in-brno\/#article","isPartOf":{"@id":"https:\/\/www.boxrepsol.com\/en\/uncategorized\/czech-gp-2020-repsol-honda-team-lay-the-foundations-in-brno\/"},"author":{"name":"bx_ayesa","@id":"https:\/\/www.boxrepsol.com\/en\/#\/schema\/person\/d9d0f442a4332c7d099d31ffda4747a0"},"headline":"Czech GP 2020: Repsol Honda Team lay the foundations in Brno","datePublished":"2020-08-07T02:00:00+00:00","dateModified":"2023-11-30T14:32:40+00:00","mainEntityOfPage":{"@id":"https:\/\/www.boxrepsol.com\/en\/uncategorized\/czech-gp-2020-repsol-honda-team-lay-the-foundations-in-brno\/"},"wordCount":509,"commentCount":0,"publisher":{"@id":"https:\/\/www.boxrepsol.com\/en\/#organization"},"image":{"@id":"https:\/\/www.boxrepsol.com\/en\/uncategorized\/czech-gp-2020-repsol-honda-team-lay-the-foundations-in-brno\/#primaryimage"},"thumbnailUrl":"https:\/\/bxrepsol.s3.eu-west-1.amazonaws.com\/static\/2022\/08\/09115515\/alex-marquez-y-stefan-bradl-republica-checa-2020.jpg","keywords":["Campeonato del Mundo de Motociclismo"],"articleSection":["MotoGP"],"inLanguage":"en-US","potentialAction":[{"@type":"CommentAction","name":"Comment","target":["https:\/\/www.boxrepsol.com\/en\/uncategorized\/czech-gp-2020-repsol-honda-team-lay-the-foundations-in-brno\/#respond"]}]},{"@type":"WebPage","@id":"https:\/\/www.boxrepsol.com\/en\/uncategorized\/czech-gp-2020-repsol-honda-team-lay-the-foundations-in-brno\/","url":"https:\/\/www.boxrepsol.com\/en\/uncategorized\/czech-gp-2020-repsol-honda-team-lay-the-foundations-in-brno\/","name":"Czech GP 2020: Repsol Honda Team lay the foundations in Brno - Box Repsol","isPartOf":{"@id":"https:\/\/www.boxrepsol.com\/en\/#website"},"primaryImageOfPage":{"@id":"https:\/\/www.boxrepsol.com\/en\/uncategorized\/czech-gp-2020-repsol-honda-team-lay-the-foundations-in-brno\/#primaryimage"},"image":{"@id":"https:\/\/www.boxrepsol.com\/en\/uncategorized\/czech-gp-2020-repsol-honda-team-lay-the-foundations-in-brno\/#primaryimage"},"thumbnailUrl":"https:\/\/bxrepsol.s3.eu-west-1.amazonaws.com\/static\/2022\/08\/09115515\/alex-marquez-y-stefan-bradl-republica-checa-2020.jpg","datePublished":"2020-08-07T02:00:00+00:00","dateModified":"2023-11-30T14:32:40+00:00","description":"Alex Marquez is joined in the team garage by Stefan Bradl for the Czech GP as Marc Marquez recovers, the pair gathering good data on the opening day.","breadcrumb":{"@id":"https:\/\/www.boxrepsol.com\/en\/uncategorized\/czech-gp-2020-repsol-honda-team-lay-the-foundations-in-brno\/#breadcrumb"},"inLanguage":"en-US","potentialAction":[{"@type":"ReadAction","target":["https:\/\/www.boxrepsol.com\/en\/uncategorized\/czech-gp-2020-repsol-honda-team-lay-the-foundations-in-brno\/"]}]},{"@type":"ImageObject","inLanguage":"en-US","@id":"https:\/\/www.boxrepsol.com\/en\/uncategorized\/czech-gp-2020-repsol-honda-team-lay-the-foundations-in-brno\/#primaryimage","url":"https:\/\/bxrepsol.s3.eu-west-1.amazonaws.com\/static\/2022\/08\/09115515\/alex-marquez-y-stefan-bradl-republica-checa-2020.jpg","contentUrl":"https:\/\/bxrepsol.s3.eu-west-1.amazonaws.com\/static\/2022\/08\/09115515\/alex-marquez-y-stefan-bradl-republica-checa-2020.jpg","width":1280,"height":720,"caption":"\u00c1lex M\u00e1rquez y Stefan Bradl rodando en el el circuito de Brno durante una FP del GP de la Rep\u00fablica Checa 2020"},{"@type":"BreadcrumbList","@id":"https:\/\/www.boxrepsol.com\/en\/uncategorized\/czech-gp-2020-repsol-honda-team-lay-the-foundations-in-brno\/#breadcrumb","itemListElement":[{"@type":"ListItem","position":1,"name":"Home","item":"https:\/\/www.boxrepsol.com\/en\/"},{"@type":"ListItem","position":2,"name":"Czech GP 2020: Repsol Honda Team lay the foundations in Brno"}]},{"@type":"WebSite","@id":"https:\/\/www.boxrepsol.com\/en\/#website","url":"https:\/\/www.boxrepsol.com\/en\/","name":"Box Repsol","description":"Box Repsol Site","publisher":{"@id":"https:\/\/www.boxrepsol.com\/en\/#organization"},"potentialAction":[{"@type":"SearchAction","target":{"@type":"EntryPoint","urlTemplate":"https:\/\/www.boxrepsol.com\/en\/?s={search_term_string}"},"query-input":{"@type":"PropertyValueSpecification","valueRequired":true,"valueName":"search_term_string"}}],"inLanguage":"en-US"},{"@type":"Organization","@id":"https:\/\/www.boxrepsol.com\/en\/#organization","name":"Box Repsol","url":"https:\/\/www.boxrepsol.com\/en\/","logo":{"@type":"ImageObject","inLanguage":"en-US","@id":"https:\/\/www.boxrepsol.com\/en\/#\/schema\/logo\/image\/","url":"https:\/\/bxrepsol.s3.eu-west-1.amazonaws.com\/static\/2025\/07\/30083337\/favicon-96x96-1.png","contentUrl":"https:\/\/bxrepsol.s3.eu-west-1.amazonaws.com\/static\/2025\/07\/30083337\/favicon-96x96-1.png","width":96,"height":96,"caption":"Box Repsol"},"image":{"@id":"https:\/\/www.boxrepsol.com\/en\/#\/schema\/logo\/image\/"},"sameAs":["https:\/\/www.facebook.com\/BoxRepsol","https:\/\/x.com\/box_repsol","http:\/\/instagram.com\/box_repsol","https:\/\/www.youtube.com\/user\/RepsolCompeticion","https:\/\/www.flickr.com\/photos\/box_repsol\/"]},{"@type":"Person","@id":"https:\/\/www.boxrepsol.com\/en\/#\/schema\/person\/d9d0f442a4332c7d099d31ffda4747a0","name":"bx_ayesa","image":{"@type":"ImageObject","inLanguage":"en-US","@id":"https:\/\/secure.gravatar.com\/avatar\/059e1b9d3585083708845ba70e8dd968f143ff35f5e0e10cf2d1e7afe2c6a878?s=96&d=mm&r=g","url":"https:\/\/secure.gravatar.com\/avatar\/059e1b9d3585083708845ba70e8dd968f143ff35f5e0e10cf2d1e7afe2c6a878?s=96&d=mm&r=g","contentUrl":"https:\/\/secure.gravatar.com\/avatar\/059e1b9d3585083708845ba70e8dd968f143ff35f5e0e10cf2d1e7afe2c6a878?s=96&d=mm&r=g","caption":"bx_ayesa"},"sameAs":["http:\/\/54.155.157.200"],"url":"https:\/\/www.boxrepsol.com\/en\/author\/bx_ayesa\/"}]}},"_links":{"self":[{"href":"https:\/\/www.boxrepsol.com\/en\/wp-json\/wp\/v2\/posts\/97965","targetHints":{"allow":["GET"]}}],"collection":[{"href":"https:\/\/www.boxrepsol.com\/en\/wp-json\/wp\/v2\/posts"}],"about":[{"href":"https:\/\/www.boxrepsol.com\/en\/wp-json\/wp\/v2\/types\/post"}],"author":[{"embeddable":true,"href":"https:\/\/www.boxrepsol.com\/en\/wp-json\/wp\/v2\/users\/1"}],"replies":[{"embeddable":true,"href":"https:\/\/www.boxrepsol.com\/en\/wp-json\/wp\/v2\/comments?post=97965"}],"version-history":[{"count":14,"href":"https:\/\/www.boxrepsol.com\/en\/wp-json\/wp\/v2\/posts\/97965\/revisions"}],"predecessor-version":[{"id":108894,"href":"https:\/\/www.boxrepsol.com\/en\/wp-json\/wp\/v2\/posts\/97965\/revisions\/108894"}],"wp:featuredmedia":[{"embeddable":true,"href":"https:\/\/www.boxrepsol.com\/en\/wp-json\/wp\/v2\/media\/40548"}],"wp:attachment":[{"href":"https:\/\/www.boxrepsol.com\/en\/wp-json\/wp\/v2\/media?parent=97965"}],"wp:term":[{"taxonomy":"category","embeddable":true,"href":"https:\/\/www.boxrepsol.com\/en\/wp-json\/wp\/v2\/categories?post=97965"},{"taxonomy":"post_tag","embeddable":true,"href":"https:\/\/www.boxrepsol.com\/en\/wp-json\/wp\/v2\/tags?post=97965"}],"curies":[{"name":"wp","href":"https:\/\/api.w.org\/{rel}","templated":true}]}}