{"id":97950,"date":"2020-07-22T00:00:00","date_gmt":"2020-07-22T02:00:00","guid":{"rendered":"http:\/\/pre.boxrepsol.com\/uncategorized\/the-best-images-of-the-spanish-gp-2020\/"},"modified":"2023-11-30T11:01:10","modified_gmt":"2023-11-30T13:01:10","slug":"the-best-images-of-the-spanish-gp-2020","status":"publish","type":"post","link":"https:\/\/www.boxrepsol.com\/en\/motogp-en\/the-best-images-of-the-spanish-gp-2020\/","title":{"rendered":"The best images of the Spanish GP 2020"},"content":{"rendered":"<p><a\n                        href=\"https:\/\/bxrepsol.s3.eu-west-1.amazonaws.com\/static\/2022\/08\/09104049\/marc-marquez-gp-espana-2020-practica-salida-1.jpg\"\n                        data-index=\"0\"\n                    ><br \/>\n                        <img decoding=\"async\"\n                            src=\"https:\/\/bxrepsol.s3.eu-west-1.amazonaws.com\/static\/2022\/08\/09104049\/marc-marquez-gp-espana-2020-practica-salida-1.jpg\"\n                            srcset=\"https:\/\/bxrepsol.s3.eu-west-1.amazonaws.com\/static\/2022\/08\/09104049\/marc-marquez-gp-espana-2020-practica-salida-1.jpg 1280w, https:\/\/bxrepsol.s3.eu-west-1.amazonaws.com\/static\/2022\/08\/09104049\/marc-marquez-gp-espana-2020-practica-salida-1.jpg 900w, https:\/\/bxrepsol.s3.eu-west-1.amazonaws.com\/static\/2022\/08\/09104049\/marc-marquez-gp-espana-2020-practica-salida-1.jpg 600w, https:\/\/bxrepsol.s3.eu-west-1.amazonaws.com\/static\/2022\/08\/09104049\/marc-marquez-gp-espana-2020-practica-salida-1.jpg 480w, https:\/\/bxrepsol.s3.eu-west-1.amazonaws.com\/static\/2022\/08\/09104049\/marc-marquez-gp-espana-2020-practica-salida-1.jpg 32w\"\n                            title=\"marc-marquez-gp-espa\u00f1a-2020-practica-salida\"\n                            alt=\"Marc M\u00e1rquez y \u00c1lex Rins practicando una salida en el GP de Espa\u00f1a 2020\"\n                            data-title=\"\"><br \/>\n                    <\/a><br \/>\n                    <a\n                        href=\"https:\/\/bxrepsol.s3.eu-west-1.amazonaws.com\/static\/2022\/08\/09104051\/marc-marquez-gp-espana-2020-grupo-1.jpg\"\n                        data-index=\"1\"\n                    ><br \/>\n                        <img decoding=\"async\"\n                            src=\"https:\/\/bxrepsol.s3.eu-west-1.amazonaws.com\/static\/2022\/08\/09104051\/marc-marquez-gp-espana-2020-grupo-1.jpg\"\n                            srcset=\"https:\/\/bxrepsol.s3.eu-west-1.amazonaws.com\/static\/2022\/08\/09104051\/marc-marquez-gp-espana-2020-grupo-1.jpg 1280w, https:\/\/bxrepsol.s3.eu-west-1.amazonaws.com\/static\/2022\/08\/09104051\/marc-marquez-gp-espana-2020-grupo-1.jpg 900w, https:\/\/bxrepsol.s3.eu-west-1.amazonaws.com\/static\/2022\/08\/09104051\/marc-marquez-gp-espana-2020-grupo-1.jpg 600w, https:\/\/bxrepsol.s3.eu-west-1.amazonaws.com\/static\/2022\/08\/09104051\/marc-marquez-gp-espana-2020-grupo-1.jpg 480w, https:\/\/bxrepsol.s3.eu-west-1.amazonaws.com\/static\/2022\/08\/09104051\/marc-marquez-gp-espana-2020-grupo-1.jpg 32w\"\n                            title=\"marc-marquez-gp-espa\u00f1a-2020-grupo\"\n                            alt=\"Marc M\u00e1rquez rodando con otros pilotos en el GP de Espa\u00f1a 2020\"\n                            data-title=\"\"><br \/>\n                    <\/a><br \/>\n                    <a\n                        href=\"https:\/\/bxrepsol.s3.eu-west-1.amazonaws.com\/static\/2022\/08\/09104052\/alex-marquez-gp-espana-2020-1.jpg\"\n                        data-index=\"2\"\n                    ><br \/>\n                        <img decoding=\"async\"\n                            src=\"https:\/\/bxrepsol.s3.eu-west-1.amazonaws.com\/static\/2022\/08\/09104052\/alex-marquez-gp-espana-2020-1.jpg\"\n                            srcset=\"https:\/\/bxrepsol.s3.eu-west-1.amazonaws.com\/static\/2022\/08\/09104052\/alex-marquez-gp-espana-2020-1.jpg 1280w, https:\/\/bxrepsol.s3.eu-west-1.amazonaws.com\/static\/2022\/08\/09104052\/alex-marquez-gp-espana-2020-1.jpg 900w, https:\/\/bxrepsol.s3.eu-west-1.amazonaws.com\/static\/2022\/08\/09104052\/alex-marquez-gp-espana-2020-1.jpg 600w, https:\/\/bxrepsol.s3.eu-west-1.amazonaws.com\/static\/2022\/08\/09104052\/alex-marquez-gp-espana-2020-1.jpg 480w, https:\/\/bxrepsol.s3.eu-west-1.amazonaws.com\/static\/2022\/08\/09104052\/alex-marquez-gp-espana-2020-1.jpg 32w\"\n                            title=\"alex-marquez-gp-espa\u00f1a-2020\"\n                            alt=\"\u00c1lex Marquez tumbando la moto en el GP de Espa\u00f1a 2020\"\n                            data-title=\"\"><br \/>\n                    <\/a><br \/>\n                    <a\n                        href=\"https:\/\/bxrepsol.s3.eu-west-1.amazonaws.com\/static\/2022\/08\/09104053\/marc-marquez-gp-espana-2020.jpg\"\n                        data-index=\"3\"\n                    ><br \/>\n                        <img decoding=\"async\"\n                            src=\"https:\/\/bxrepsol.s3.eu-west-1.amazonaws.com\/static\/2022\/08\/09104053\/marc-marquez-gp-espana-2020.jpg\"\n                            srcset=\"https:\/\/bxrepsol.s3.eu-west-1.amazonaws.com\/static\/2022\/08\/09104053\/marc-marquez-gp-espana-2020.jpg 1280w, https:\/\/bxrepsol.s3.eu-west-1.amazonaws.com\/static\/2022\/08\/09104053\/marc-marquez-gp-espana-2020.jpg 900w, https:\/\/bxrepsol.s3.eu-west-1.amazonaws.com\/static\/2022\/08\/09104053\/marc-marquez-gp-espana-2020.jpg 600w, https:\/\/bxrepsol.s3.eu-west-1.amazonaws.com\/static\/2022\/08\/09104053\/marc-marquez-gp-espana-2020.jpg 480w, https:\/\/bxrepsol.s3.eu-west-1.amazonaws.com\/static\/2022\/08\/09104053\/marc-marquez-gp-espana-2020.jpg 32w\"\n                            title=\"marc-marquez-gp-espa\u00f1a-2020\"\n                            alt=\"Marc M\u00e1rquez rodando en el GP de Espa\u00f1a 2020\"\n                            data-title=\"\"><br \/>\n                    <\/a><\/p>\n<p>                    <a\n                        href=\"https:\/\/bxrepsol.s3.eu-west-1.amazonaws.com\/static\/2022\/08\/09104018\/alex-marquez-jerez-2020.jpg\"\n                        data-index=\"5\"\n                    ><br \/>\n                        <img decoding=\"async\"\n                            src=\"https:\/\/bxrepsol.s3.eu-west-1.amazonaws.com\/static\/2022\/08\/09104018\/alex-marquez-jerez-2020.jpg\"\n                            srcset=\"https:\/\/bxrepsol.s3.eu-west-1.amazonaws.com\/static\/2022\/08\/09104018\/alex-marquez-jerez-2020.jpg 1280w, https:\/\/bxrepsol.s3.eu-west-1.amazonaws.com\/static\/2022\/08\/09104018\/alex-marquez-jerez-2020.jpg 900w, https:\/\/bxrepsol.s3.eu-west-1.amazonaws.com\/static\/2022\/08\/09104018\/alex-marquez-jerez-2020.jpg 600w, https:\/\/bxrepsol.s3.eu-west-1.amazonaws.com\/static\/2022\/08\/09104018\/alex-marquez-jerez-2020.jpg 480w, https:\/\/bxrepsol.s3.eu-west-1.amazonaws.com\/static\/2022\/08\/09104018\/alex-marquez-jerez-2020.jpg 32w\"\n                            title=\"alex-marquez-jerez-2020\"\n                            alt=\"\"\n                            data-title=\"\"><br \/>\n                    <\/a><br \/>\n                    <a\n                        href=\"https:\/\/bxrepsol.s3.eu-west-1.amazonaws.com\/static\/2022\/08\/05073812\/marc-marquez-jerez-2020.jpg\"\n                        data-index=\"6\"\n                    ><br \/>\n                        <img decoding=\"async\"\n                            src=\"https:\/\/bxrepsol.s3.eu-west-1.amazonaws.com\/static\/2022\/08\/05073812\/marc-marquez-jerez-2020.jpg\"\n                            srcset=\"https:\/\/bxrepsol.s3.eu-west-1.amazonaws.com\/static\/2022\/08\/05073812\/marc-marquez-jerez-2020.jpg 1280w, https:\/\/bxrepsol.s3.eu-west-1.amazonaws.com\/static\/2022\/08\/05073812\/marc-marquez-jerez-2020.jpg 900w, https:\/\/bxrepsol.s3.eu-west-1.amazonaws.com\/static\/2022\/08\/05073812\/marc-marquez-jerez-2020.jpg 600w, https:\/\/bxrepsol.s3.eu-west-1.amazonaws.com\/static\/2022\/08\/05073812\/marc-marquez-jerez-2020.jpg 480w, https:\/\/bxrepsol.s3.eu-west-1.amazonaws.com\/static\/2022\/08\/05073812\/marc-marquez-jerez-2020.jpg 32w\"\n                            title=\"marc-marquez-jerez-2020\"\n                            alt=\"Marc M\u00e1rquez en pista durante el GP de Espa\u00f1a 2020\"\n                            data-title=\"\"><br \/>\n                    <\/a><br \/>\n                    <a\n                        href=\"https:\/\/bxrepsol.s3.eu-west-1.amazonaws.com\/static\/2022\/08\/05073811\/alex-marquez-jerez-2020-casco.jpg\"\n                        data-index=\"7\"\n                    ><br \/>\n                        <img decoding=\"async\"\n                            src=\"https:\/\/bxrepsol.s3.eu-west-1.amazonaws.com\/static\/2022\/08\/05073811\/alex-marquez-jerez-2020-casco.jpg\"\n                            srcset=\"https:\/\/bxrepsol.s3.eu-west-1.amazonaws.com\/static\/2022\/08\/05073811\/alex-marquez-jerez-2020-casco.jpg 1280w, https:\/\/bxrepsol.s3.eu-west-1.amazonaws.com\/static\/2022\/08\/05073811\/alex-marquez-jerez-2020-casco.jpg 900w, https:\/\/bxrepsol.s3.eu-west-1.amazonaws.com\/static\/2022\/08\/05073811\/alex-marquez-jerez-2020-casco.jpg 600w, https:\/\/bxrepsol.s3.eu-west-1.amazonaws.com\/static\/2022\/08\/05073811\/alex-marquez-jerez-2020-casco.jpg 480w, https:\/\/bxrepsol.s3.eu-west-1.amazonaws.com\/static\/2022\/08\/05073811\/alex-marquez-jerez-2020-casco.jpg 32w\"\n                            title=\"alex-marquez-jerez-2020-casco\"\n                            alt=\"\u00c1lex M\u00e1rquez durante una FP del GP de Espa\u00f1a 2020\"\n                            data-title=\"\"><br \/>\n                    <\/a><br \/>\n                    <a\n                        href=\"https:\/\/bxrepsol.s3.eu-west-1.amazonaws.com\/static\/2022\/08\/09104056\/marc-marquez-gp-espana-2020-pista1-1.jpg\"\n                        data-index=\"8\"\n                    ><br \/>\n                        <img decoding=\"async\"\n                            src=\"https:\/\/bxrepsol.s3.eu-west-1.amazonaws.com\/static\/2022\/08\/09104056\/marc-marquez-gp-espana-2020-pista1-1.jpg\"\n                            srcset=\"https:\/\/bxrepsol.s3.eu-west-1.amazonaws.com\/static\/2022\/08\/09104056\/marc-marquez-gp-espana-2020-pista1-1.jpg 1280w, https:\/\/bxrepsol.s3.eu-west-1.amazonaws.com\/static\/2022\/08\/09104056\/marc-marquez-gp-espana-2020-pista1-1.jpg 900w, https:\/\/bxrepsol.s3.eu-west-1.amazonaws.com\/static\/2022\/08\/09104056\/marc-marquez-gp-espana-2020-pista1-1.jpg 600w, https:\/\/bxrepsol.s3.eu-west-1.amazonaws.com\/static\/2022\/08\/09104056\/marc-marquez-gp-espana-2020-pista1-1.jpg 480w, https:\/\/bxrepsol.s3.eu-west-1.amazonaws.com\/static\/2022\/08\/09104056\/marc-marquez-gp-espana-2020-pista1-1.jpg 32w\"\n                            title=\"marc-marquez-gp-espa\u00f1a-2020-pista1\"\n                            alt=\"Marc M\u00e1rquez en pista en el circuito de Jerez\"\n                            data-title=\"\"><br \/>\n                    <\/a><br \/>\n                    <a\n                        href=\"https:\/\/bxrepsol.s3.eu-west-1.amazonaws.com\/static\/2022\/08\/09104057\/alex-marquez-gp-espana-2020-pista.jpg\"\n                        data-index=\"9\"\n                    ><br \/>\n                        <img decoding=\"async\"\n                            src=\"https:\/\/bxrepsol.s3.eu-west-1.amazonaws.com\/static\/2022\/08\/09104057\/alex-marquez-gp-espana-2020-pista.jpg\"\n                            srcset=\"https:\/\/bxrepsol.s3.eu-west-1.amazonaws.com\/static\/2022\/08\/09104057\/alex-marquez-gp-espana-2020-pista.jpg 1280w, https:\/\/bxrepsol.s3.eu-west-1.amazonaws.com\/static\/2022\/08\/09104057\/alex-marquez-gp-espana-2020-pista.jpg 900w, https:\/\/bxrepsol.s3.eu-west-1.amazonaws.com\/static\/2022\/08\/09104057\/alex-marquez-gp-espana-2020-pista.jpg 600w, https:\/\/bxrepsol.s3.eu-west-1.amazonaws.com\/static\/2022\/08\/09104057\/alex-marquez-gp-espana-2020-pista.jpg 480w, https:\/\/bxrepsol.s3.eu-west-1.amazonaws.com\/static\/2022\/08\/09104057\/alex-marquez-gp-espana-2020-pista.jpg 32w\"\n                            title=\"alex-marquez-gp-espa\u00f1a-2020-pista\"\n                            alt=\"\u00c1lex M\u00e1rquez en pista durante el GP de Espa\u00f1a 2020\"\n                            data-title=\"\"><br \/>\n                    <\/a><br \/>\n                    <a\n                        href=\"https:\/\/bxrepsol.s3.eu-west-1.amazonaws.com\/static\/2022\/08\/09104017\/marc-marquez-gp-espana-2020-pista.jpg\"\n                        data-index=\"10\"\n                    ><br \/>\n                        <img decoding=\"async\"\n                            src=\"https:\/\/bxrepsol.s3.eu-west-1.amazonaws.com\/static\/2022\/08\/09104017\/marc-marquez-gp-espana-2020-pista.jpg\"\n                            srcset=\"https:\/\/bxrepsol.s3.eu-west-1.amazonaws.com\/static\/2022\/08\/09104017\/marc-marquez-gp-espana-2020-pista.jpg 1280w, https:\/\/bxrepsol.s3.eu-west-1.amazonaws.com\/static\/2022\/08\/09104017\/marc-marquez-gp-espana-2020-pista.jpg 900w, https:\/\/bxrepsol.s3.eu-west-1.amazonaws.com\/static\/2022\/08\/09104017\/marc-marquez-gp-espana-2020-pista.jpg 600w, https:\/\/bxrepsol.s3.eu-west-1.amazonaws.com\/static\/2022\/08\/09104017\/marc-marquez-gp-espana-2020-pista.jpg 480w, https:\/\/bxrepsol.s3.eu-west-1.amazonaws.com\/static\/2022\/08\/09104017\/marc-marquez-gp-espana-2020-pista.jpg 32w\"\n                            title=\"marc-marquez-gp-espa\u00f1a-2020-pista\"\n                            alt=\"Marc Marquez en pista durante el GP de Espa\u00f1a 2020\"\n                            data-title=\"\"><br \/>\n                    <\/a><br \/>\n                    <a\n                        href=\"https:\/\/bxrepsol.s3.eu-west-1.amazonaws.com\/static\/2022\/08\/09104058\/marc-marquez-gp-de-espana-20201.jpg\"\n                        data-index=\"11\"\n                    ><br \/>\n                        <img decoding=\"async\"\n                            src=\"https:\/\/bxrepsol.s3.eu-west-1.amazonaws.com\/static\/2022\/08\/09104058\/marc-marquez-gp-de-espana-20201.jpg\"\n                            srcset=\"https:\/\/bxrepsol.s3.eu-west-1.amazonaws.com\/static\/2022\/08\/09104058\/marc-marquez-gp-de-espana-20201.jpg 1280w, https:\/\/bxrepsol.s3.eu-west-1.amazonaws.com\/static\/2022\/08\/09104058\/marc-marquez-gp-de-espana-20201.jpg 900w, https:\/\/bxrepsol.s3.eu-west-1.amazonaws.com\/static\/2022\/08\/09104058\/marc-marquez-gp-de-espana-20201.jpg 600w, https:\/\/bxrepsol.s3.eu-west-1.amazonaws.com\/static\/2022\/08\/09104058\/marc-marquez-gp-de-espana-20201.jpg 480w, https:\/\/bxrepsol.s3.eu-west-1.amazonaws.com\/static\/2022\/08\/09104058\/marc-marquez-gp-de-espana-20201.jpg 32w\"\n                            title=\"marc-marquez-gp-de-espa\u00f1a-20201\"\n                            alt=\"Marc M\u00e1rquez en el GP de Espa\u00f1a 2020\"\n                            data-title=\"\"><br \/>\n                    <\/a><br \/>\n        <button data-glide-dir=\"<\"><br \/>\n            <svg role=\"img\"  viewBox=\"0 0 256 512\">\n                <path fill=\"currentColor\" d=\"M238.475 475.535l7.071-7.07c4.686-4.686 4.686-12.284 0-16.971L50.053 256 245.546 60.506c4.686-4.686 4.686-12.284 0-16.971l-7.071-7.07c-4.686-4.686-12.284-4.686-16.97 0L10.454 247.515c-4.686 4.686-4.686 12.284 0 16.971l211.051 211.05c4.686 4.686 12.284 4.686 16.97-.001z\"><\/path>\n            <\/svg><br \/>\n        <\/button><br \/>\n        <button data-glide-dir=\">&#8220;><br \/>\n            <svg role=\"img\"  viewBox=\"0 0 256 512\">\n                <path fill=\"currentColor\" d=\"M17.525 36.465l-7.071 7.07c-4.686 4.686-4.686 12.284 0 16.971L205.947 256 10.454 451.494c-4.686 4.686-4.686 12.284 0 16.971l7.071 7.07c4.686 4.686 12.284 4.686 16.97 0l211.051-211.05c4.686-4.686 4.686-12.284 0-16.971L34.495 36.465c-4.686-4.687-12.284-4.687-16.97 0z\"><\/path>\n            <\/svg><br \/>\n        <\/button><\/p>\n","protected":false},"excerpt":{"rendered":"<p>Enjoy the impressive images of the Spanish GP that we offer you in boxrepsol.com during each GP.<\/p>\n","protected":false},"author":1,"featured_media":40373,"comment_status":"open","ping_status":"open","sticky":false,"template":"","format":"standard","meta":{"footnotes":""},"categories":[146],"tags":[191,279,210,294,220],"class_list":["post-97950","post","type-post","status-publish","format-standard","hentry","category-motogp-en","tag-191","tag-campeonato-del-mundo-de-motociclismo-en","tag-motocycling-world-championship","tag-motogp-espana-en","tag-motogp-spain"],"yoast_head":"<!-- This site is optimized with the Yoast SEO plugin v27.3 - https:\/\/yoast.com\/product\/yoast-seo-wordpress\/ -->\n<title>The best images of the Spanish GP 2020 - Box Repsol<\/title>\n<meta name=\"description\" content=\"\u00bfTe perdiste el GP? Disfruta de las impresionantes fotos del GP de Espa\u00f1a que te ofrecemos en boxrepsol.com durante cada GP.\" \/>\n<link rel=\"canonical\" href=\"https:\/\/www.boxrepsol.com\/en\/motogp-en\/the-best-images-of-the-spanish-gp-2020\/\" \/>\n<meta property=\"og:locale\" content=\"en_US\" \/>\n<meta property=\"og:type\" content=\"article\" \/>\n<meta property=\"og:title\" content=\"The best images of the Spanish GP 2020 - Box Repsol\" \/>\n<meta property=\"og:description\" content=\"\u00bfTe perdiste el GP? Disfruta de las impresionantes fotos del GP de Espa\u00f1a que te ofrecemos en boxrepsol.com durante cada GP.\" \/>\n<meta property=\"og:url\" content=\"https:\/\/www.boxrepsol.com\/en\/motogp-en\/the-best-images-of-the-spanish-gp-2020\/\" \/>\n<meta property=\"og:site_name\" content=\"Box Repsol\" \/>\n<meta property=\"article:publisher\" content=\"https:\/\/www.facebook.com\/BoxRepsol\" \/>\n<meta property=\"article:published_time\" content=\"2020-07-22T02:00:00+00:00\" \/>\n<meta property=\"article:modified_time\" content=\"2023-11-30T13:01:10+00:00\" \/>\n<meta property=\"og:image\" content=\"https:\/\/bxrepsol.s3.eu-west-1.amazonaws.com\/static\/2022\/08\/09104056\/marc-marquez-gp-espana-2020-pista1-1.jpg\" \/>\n\t<meta property=\"og:image:width\" content=\"1280\" \/>\n\t<meta property=\"og:image:height\" content=\"720\" \/>\n\t<meta property=\"og:image:type\" content=\"image\/jpeg\" \/>\n<meta name=\"author\" content=\"bx_ayesa\" \/>\n<meta name=\"twitter:card\" content=\"summary_large_image\" \/>\n<meta name=\"twitter:creator\" content=\"@box_repsol\" \/>\n<meta name=\"twitter:site\" content=\"@box_repsol\" \/>\n<meta name=\"twitter:label1\" content=\"Written by\" \/>\n\t<meta name=\"twitter:data1\" content=\"bx_ayesa\" \/>\n<script type=\"application\/ld+json\" class=\"yoast-schema-graph\">{\"@context\":\"https:\\\/\\\/schema.org\",\"@graph\":[{\"@type\":\"Article\",\"@id\":\"https:\\\/\\\/www.boxrepsol.com\\\/en\\\/motogp-en\\\/the-best-images-of-the-spanish-gp-2020\\\/#article\",\"isPartOf\":{\"@id\":\"https:\\\/\\\/www.boxrepsol.com\\\/en\\\/motogp-en\\\/the-best-images-of-the-spanish-gp-2020\\\/\"},\"author\":{\"name\":\"bx_ayesa\",\"@id\":\"https:\\\/\\\/www.boxrepsol.com\\\/en\\\/#\\\/schema\\\/person\\\/d9d0f442a4332c7d099d31ffda4747a0\"},\"headline\":\"The best images of the Spanish GP 2020\",\"datePublished\":\"2020-07-22T02:00:00+00:00\",\"dateModified\":\"2023-11-30T13:01:10+00:00\",\"mainEntityOfPage\":{\"@id\":\"https:\\\/\\\/www.boxrepsol.com\\\/en\\\/motogp-en\\\/the-best-images-of-the-spanish-gp-2020\\\/\"},\"wordCount\":7,\"commentCount\":0,\"publisher\":{\"@id\":\"https:\\\/\\\/www.boxrepsol.com\\\/en\\\/#organization\"},\"image\":{\"@id\":\"https:\\\/\\\/www.boxrepsol.com\\\/en\\\/motogp-en\\\/the-best-images-of-the-spanish-gp-2020\\\/#primaryimage\"},\"thumbnailUrl\":\"https:\\\/\\\/bxrepsol.s3.eu-west-1.amazonaws.com\\\/static\\\/2022\\\/08\\\/09104056\\\/marc-marquez-gp-espana-2020-pista1-1.jpg\",\"keywords\":[\"2020\",\"Campeonato del Mundo de Motociclismo\",\"Motocycling World Championship\",\"MotoGP Espa\u00f1a\",\"MotoGP Spain\"],\"articleSection\":[\"MotoGP\"],\"inLanguage\":\"en-US\",\"potentialAction\":[{\"@type\":\"CommentAction\",\"name\":\"Comment\",\"target\":[\"https:\\\/\\\/www.boxrepsol.com\\\/en\\\/motogp-en\\\/the-best-images-of-the-spanish-gp-2020\\\/#respond\"]}]},{\"@type\":\"WebPage\",\"@id\":\"https:\\\/\\\/www.boxrepsol.com\\\/en\\\/motogp-en\\\/the-best-images-of-the-spanish-gp-2020\\\/\",\"url\":\"https:\\\/\\\/www.boxrepsol.com\\\/en\\\/motogp-en\\\/the-best-images-of-the-spanish-gp-2020\\\/\",\"name\":\"The best images of the Spanish GP 2020 - Box Repsol\",\"isPartOf\":{\"@id\":\"https:\\\/\\\/www.boxrepsol.com\\\/en\\\/#website\"},\"primaryImageOfPage\":{\"@id\":\"https:\\\/\\\/www.boxrepsol.com\\\/en\\\/motogp-en\\\/the-best-images-of-the-spanish-gp-2020\\\/#primaryimage\"},\"image\":{\"@id\":\"https:\\\/\\\/www.boxrepsol.com\\\/en\\\/motogp-en\\\/the-best-images-of-the-spanish-gp-2020\\\/#primaryimage\"},\"thumbnailUrl\":\"https:\\\/\\\/bxrepsol.s3.eu-west-1.amazonaws.com\\\/static\\\/2022\\\/08\\\/09104056\\\/marc-marquez-gp-espana-2020-pista1-1.jpg\",\"datePublished\":\"2020-07-22T02:00:00+00:00\",\"dateModified\":\"2023-11-30T13:01:10+00:00\",\"description\":\"\u00bfTe perdiste el GP? Disfruta de las impresionantes fotos del GP de Espa\u00f1a que te ofrecemos en boxrepsol.com durante cada GP.\",\"breadcrumb\":{\"@id\":\"https:\\\/\\\/www.boxrepsol.com\\\/en\\\/motogp-en\\\/the-best-images-of-the-spanish-gp-2020\\\/#breadcrumb\"},\"inLanguage\":\"en-US\",\"potentialAction\":[{\"@type\":\"ReadAction\",\"target\":[\"https:\\\/\\\/www.boxrepsol.com\\\/en\\\/motogp-en\\\/the-best-images-of-the-spanish-gp-2020\\\/\"]}]},{\"@type\":\"ImageObject\",\"inLanguage\":\"en-US\",\"@id\":\"https:\\\/\\\/www.boxrepsol.com\\\/en\\\/motogp-en\\\/the-best-images-of-the-spanish-gp-2020\\\/#primaryimage\",\"url\":\"https:\\\/\\\/bxrepsol.s3.eu-west-1.amazonaws.com\\\/static\\\/2022\\\/08\\\/09104056\\\/marc-marquez-gp-espana-2020-pista1-1.jpg\",\"contentUrl\":\"https:\\\/\\\/bxrepsol.s3.eu-west-1.amazonaws.com\\\/static\\\/2022\\\/08\\\/09104056\\\/marc-marquez-gp-espana-2020-pista1-1.jpg\",\"width\":1280,\"height\":720,\"caption\":\"Marc M\u00e1rquez en pista en el circuito de Jerez\"},{\"@type\":\"BreadcrumbList\",\"@id\":\"https:\\\/\\\/www.boxrepsol.com\\\/en\\\/motogp-en\\\/the-best-images-of-the-spanish-gp-2020\\\/#breadcrumb\",\"itemListElement\":[{\"@type\":\"ListItem\",\"position\":1,\"name\":\"Home\",\"item\":\"https:\\\/\\\/www.boxrepsol.com\\\/en\\\/\"},{\"@type\":\"ListItem\",\"position\":2,\"name\":\"The best images of the Spanish GP 2020\"}]},{\"@type\":\"WebSite\",\"@id\":\"https:\\\/\\\/www.boxrepsol.com\\\/en\\\/#website\",\"url\":\"https:\\\/\\\/www.boxrepsol.com\\\/en\\\/\",\"name\":\"Box Repsol\",\"description\":\"Box Repsol Site\",\"publisher\":{\"@id\":\"https:\\\/\\\/www.boxrepsol.com\\\/en\\\/#organization\"},\"potentialAction\":[{\"@type\":\"SearchAction\",\"target\":{\"@type\":\"EntryPoint\",\"urlTemplate\":\"https:\\\/\\\/www.boxrepsol.com\\\/en\\\/?s={search_term_string}\"},\"query-input\":{\"@type\":\"PropertyValueSpecification\",\"valueRequired\":true,\"valueName\":\"search_term_string\"}}],\"inLanguage\":\"en-US\"},{\"@type\":\"Organization\",\"@id\":\"https:\\\/\\\/www.boxrepsol.com\\\/en\\\/#organization\",\"name\":\"Box Repsol\",\"url\":\"https:\\\/\\\/www.boxrepsol.com\\\/en\\\/\",\"logo\":{\"@type\":\"ImageObject\",\"inLanguage\":\"en-US\",\"@id\":\"https:\\\/\\\/www.boxrepsol.com\\\/en\\\/#\\\/schema\\\/logo\\\/image\\\/\",\"url\":\"https:\\\/\\\/bxrepsol.s3.eu-west-1.amazonaws.com\\\/static\\\/2025\\\/07\\\/30083337\\\/favicon-96x96-1.png\",\"contentUrl\":\"https:\\\/\\\/bxrepsol.s3.eu-west-1.amazonaws.com\\\/static\\\/2025\\\/07\\\/30083337\\\/favicon-96x96-1.png\",\"width\":96,\"height\":96,\"caption\":\"Box Repsol\"},\"image\":{\"@id\":\"https:\\\/\\\/www.boxrepsol.com\\\/en\\\/#\\\/schema\\\/logo\\\/image\\\/\"},\"sameAs\":[\"https:\\\/\\\/www.facebook.com\\\/BoxRepsol\",\"https:\\\/\\\/x.com\\\/box_repsol\",\"http:\\\/\\\/instagram.com\\\/box_repsol\",\"https:\\\/\\\/www.youtube.com\\\/user\\\/RepsolCompeticion\",\"https:\\\/\\\/www.flickr.com\\\/photos\\\/box_repsol\\\/\"]},{\"@type\":\"Person\",\"@id\":\"https:\\\/\\\/www.boxrepsol.com\\\/en\\\/#\\\/schema\\\/person\\\/d9d0f442a4332c7d099d31ffda4747a0\",\"name\":\"bx_ayesa\",\"image\":{\"@type\":\"ImageObject\",\"inLanguage\":\"en-US\",\"@id\":\"https:\\\/\\\/secure.gravatar.com\\\/avatar\\\/059e1b9d3585083708845ba70e8dd968f143ff35f5e0e10cf2d1e7afe2c6a878?s=96&d=mm&r=g\",\"url\":\"https:\\\/\\\/secure.gravatar.com\\\/avatar\\\/059e1b9d3585083708845ba70e8dd968f143ff35f5e0e10cf2d1e7afe2c6a878?s=96&d=mm&r=g\",\"contentUrl\":\"https:\\\/\\\/secure.gravatar.com\\\/avatar\\\/059e1b9d3585083708845ba70e8dd968f143ff35f5e0e10cf2d1e7afe2c6a878?s=96&d=mm&r=g\",\"caption\":\"bx_ayesa\"},\"sameAs\":[\"http:\\\/\\\/54.155.157.200\"],\"url\":\"https:\\\/\\\/www.boxrepsol.com\\\/en\\\/author\\\/bx_ayesa\\\/\"}]}<\/script>\n<!-- \/ Yoast SEO plugin. -->","yoast_head_json":{"title":"The best images of the Spanish GP 2020 - Box Repsol","description":"\u00bfTe perdiste el GP? Disfruta de las impresionantes fotos del GP de Espa\u00f1a que te ofrecemos en boxrepsol.com durante cada GP.","canonical":"https:\/\/www.boxrepsol.com\/en\/motogp-en\/the-best-images-of-the-spanish-gp-2020\/","og_locale":"en_US","og_type":"article","og_title":"The best images of the Spanish GP 2020 - Box Repsol","og_description":"\u00bfTe perdiste el GP? Disfruta de las impresionantes fotos del GP de Espa\u00f1a que te ofrecemos en boxrepsol.com durante cada GP.","og_url":"https:\/\/www.boxrepsol.com\/en\/motogp-en\/the-best-images-of-the-spanish-gp-2020\/","og_site_name":"Box Repsol","article_publisher":"https:\/\/www.facebook.com\/BoxRepsol","article_published_time":"2020-07-22T02:00:00+00:00","article_modified_time":"2023-11-30T13:01:10+00:00","og_image":[{"width":1280,"height":720,"url":"https:\/\/bxrepsol.s3.eu-west-1.amazonaws.com\/static\/2022\/08\/09104056\/marc-marquez-gp-espana-2020-pista1-1.jpg","type":"image\/jpeg"}],"author":"bx_ayesa","twitter_card":"summary_large_image","twitter_creator":"@box_repsol","twitter_site":"@box_repsol","twitter_misc":{"Written by":"bx_ayesa"},"schema":{"@context":"https:\/\/schema.org","@graph":[{"@type":"Article","@id":"https:\/\/www.boxrepsol.com\/en\/motogp-en\/the-best-images-of-the-spanish-gp-2020\/#article","isPartOf":{"@id":"https:\/\/www.boxrepsol.com\/en\/motogp-en\/the-best-images-of-the-spanish-gp-2020\/"},"author":{"name":"bx_ayesa","@id":"https:\/\/www.boxrepsol.com\/en\/#\/schema\/person\/d9d0f442a4332c7d099d31ffda4747a0"},"headline":"The best images of the Spanish GP 2020","datePublished":"2020-07-22T02:00:00+00:00","dateModified":"2023-11-30T13:01:10+00:00","mainEntityOfPage":{"@id":"https:\/\/www.boxrepsol.com\/en\/motogp-en\/the-best-images-of-the-spanish-gp-2020\/"},"wordCount":7,"commentCount":0,"publisher":{"@id":"https:\/\/www.boxrepsol.com\/en\/#organization"},"image":{"@id":"https:\/\/www.boxrepsol.com\/en\/motogp-en\/the-best-images-of-the-spanish-gp-2020\/#primaryimage"},"thumbnailUrl":"https:\/\/bxrepsol.s3.eu-west-1.amazonaws.com\/static\/2022\/08\/09104056\/marc-marquez-gp-espana-2020-pista1-1.jpg","keywords":["2020","Campeonato del Mundo de Motociclismo","Motocycling World Championship","MotoGP Espa\u00f1a","MotoGP Spain"],"articleSection":["MotoGP"],"inLanguage":"en-US","potentialAction":[{"@type":"CommentAction","name":"Comment","target":["https:\/\/www.boxrepsol.com\/en\/motogp-en\/the-best-images-of-the-spanish-gp-2020\/#respond"]}]},{"@type":"WebPage","@id":"https:\/\/www.boxrepsol.com\/en\/motogp-en\/the-best-images-of-the-spanish-gp-2020\/","url":"https:\/\/www.boxrepsol.com\/en\/motogp-en\/the-best-images-of-the-spanish-gp-2020\/","name":"The best images of the Spanish GP 2020 - Box Repsol","isPartOf":{"@id":"https:\/\/www.boxrepsol.com\/en\/#website"},"primaryImageOfPage":{"@id":"https:\/\/www.boxrepsol.com\/en\/motogp-en\/the-best-images-of-the-spanish-gp-2020\/#primaryimage"},"image":{"@id":"https:\/\/www.boxrepsol.com\/en\/motogp-en\/the-best-images-of-the-spanish-gp-2020\/#primaryimage"},"thumbnailUrl":"https:\/\/bxrepsol.s3.eu-west-1.amazonaws.com\/static\/2022\/08\/09104056\/marc-marquez-gp-espana-2020-pista1-1.jpg","datePublished":"2020-07-22T02:00:00+00:00","dateModified":"2023-11-30T13:01:10+00:00","description":"\u00bfTe perdiste el GP? Disfruta de las impresionantes fotos del GP de Espa\u00f1a que te ofrecemos en boxrepsol.com durante cada GP.","breadcrumb":{"@id":"https:\/\/www.boxrepsol.com\/en\/motogp-en\/the-best-images-of-the-spanish-gp-2020\/#breadcrumb"},"inLanguage":"en-US","potentialAction":[{"@type":"ReadAction","target":["https:\/\/www.boxrepsol.com\/en\/motogp-en\/the-best-images-of-the-spanish-gp-2020\/"]}]},{"@type":"ImageObject","inLanguage":"en-US","@id":"https:\/\/www.boxrepsol.com\/en\/motogp-en\/the-best-images-of-the-spanish-gp-2020\/#primaryimage","url":"https:\/\/bxrepsol.s3.eu-west-1.amazonaws.com\/static\/2022\/08\/09104056\/marc-marquez-gp-espana-2020-pista1-1.jpg","contentUrl":"https:\/\/bxrepsol.s3.eu-west-1.amazonaws.com\/static\/2022\/08\/09104056\/marc-marquez-gp-espana-2020-pista1-1.jpg","width":1280,"height":720,"caption":"Marc M\u00e1rquez en pista en el circuito de Jerez"},{"@type":"BreadcrumbList","@id":"https:\/\/www.boxrepsol.com\/en\/motogp-en\/the-best-images-of-the-spanish-gp-2020\/#breadcrumb","itemListElement":[{"@type":"ListItem","position":1,"name":"Home","item":"https:\/\/www.boxrepsol.com\/en\/"},{"@type":"ListItem","position":2,"name":"The best images of the Spanish GP 2020"}]},{"@type":"WebSite","@id":"https:\/\/www.boxrepsol.com\/en\/#website","url":"https:\/\/www.boxrepsol.com\/en\/","name":"Box Repsol","description":"Box Repsol Site","publisher":{"@id":"https:\/\/www.boxrepsol.com\/en\/#organization"},"potentialAction":[{"@type":"SearchAction","target":{"@type":"EntryPoint","urlTemplate":"https:\/\/www.boxrepsol.com\/en\/?s={search_term_string}"},"query-input":{"@type":"PropertyValueSpecification","valueRequired":true,"valueName":"search_term_string"}}],"inLanguage":"en-US"},{"@type":"Organization","@id":"https:\/\/www.boxrepsol.com\/en\/#organization","name":"Box Repsol","url":"https:\/\/www.boxrepsol.com\/en\/","logo":{"@type":"ImageObject","inLanguage":"en-US","@id":"https:\/\/www.boxrepsol.com\/en\/#\/schema\/logo\/image\/","url":"https:\/\/bxrepsol.s3.eu-west-1.amazonaws.com\/static\/2025\/07\/30083337\/favicon-96x96-1.png","contentUrl":"https:\/\/bxrepsol.s3.eu-west-1.amazonaws.com\/static\/2025\/07\/30083337\/favicon-96x96-1.png","width":96,"height":96,"caption":"Box Repsol"},"image":{"@id":"https:\/\/www.boxrepsol.com\/en\/#\/schema\/logo\/image\/"},"sameAs":["https:\/\/www.facebook.com\/BoxRepsol","https:\/\/x.com\/box_repsol","http:\/\/instagram.com\/box_repsol","https:\/\/www.youtube.com\/user\/RepsolCompeticion","https:\/\/www.flickr.com\/photos\/box_repsol\/"]},{"@type":"Person","@id":"https:\/\/www.boxrepsol.com\/en\/#\/schema\/person\/d9d0f442a4332c7d099d31ffda4747a0","name":"bx_ayesa","image":{"@type":"ImageObject","inLanguage":"en-US","@id":"https:\/\/secure.gravatar.com\/avatar\/059e1b9d3585083708845ba70e8dd968f143ff35f5e0e10cf2d1e7afe2c6a878?s=96&d=mm&r=g","url":"https:\/\/secure.gravatar.com\/avatar\/059e1b9d3585083708845ba70e8dd968f143ff35f5e0e10cf2d1e7afe2c6a878?s=96&d=mm&r=g","contentUrl":"https:\/\/secure.gravatar.com\/avatar\/059e1b9d3585083708845ba70e8dd968f143ff35f5e0e10cf2d1e7afe2c6a878?s=96&d=mm&r=g","caption":"bx_ayesa"},"sameAs":["http:\/\/54.155.157.200"],"url":"https:\/\/www.boxrepsol.com\/en\/author\/bx_ayesa\/"}]}},"_links":{"self":[{"href":"https:\/\/www.boxrepsol.com\/en\/wp-json\/wp\/v2\/posts\/97950","targetHints":{"allow":["GET"]}}],"collection":[{"href":"https:\/\/www.boxrepsol.com\/en\/wp-json\/wp\/v2\/posts"}],"about":[{"href":"https:\/\/www.boxrepsol.com\/en\/wp-json\/wp\/v2\/types\/post"}],"author":[{"embeddable":true,"href":"https:\/\/www.boxrepsol.com\/en\/wp-json\/wp\/v2\/users\/1"}],"replies":[{"embeddable":true,"href":"https:\/\/www.boxrepsol.com\/en\/wp-json\/wp\/v2\/comments?post=97950"}],"version-history":[{"count":3,"href":"https:\/\/www.boxrepsol.com\/en\/wp-json\/wp\/v2\/posts\/97950\/revisions"}],"predecessor-version":[{"id":108385,"href":"https:\/\/www.boxrepsol.com\/en\/wp-json\/wp\/v2\/posts\/97950\/revisions\/108385"}],"wp:featuredmedia":[{"embeddable":true,"href":"https:\/\/www.boxrepsol.com\/en\/wp-json\/wp\/v2\/media\/40373"}],"wp:attachment":[{"href":"https:\/\/www.boxrepsol.com\/en\/wp-json\/wp\/v2\/media?parent=97950"}],"wp:term":[{"taxonomy":"category","embeddable":true,"href":"https:\/\/www.boxrepsol.com\/en\/wp-json\/wp\/v2\/categories?post=97950"},{"taxonomy":"post_tag","embeddable":true,"href":"https:\/\/www.boxrepsol.com\/en\/wp-json\/wp\/v2\/tags?post=97950"}],"curies":[{"name":"wp","href":"https:\/\/api.w.org\/{rel}","templated":true}]}}