{"id":97948,"date":"2020-07-21T00:00:00","date_gmt":"2020-07-21T02:00:00","guid":{"rendered":"http:\/\/pre.boxrepsol.com\/uncategorized\/alberto-puig-marc-has-nothing-to-regret\/"},"modified":"2020-07-21T00:00:00","modified_gmt":"2020-07-21T02:00:00","slug":"alberto-puig-marc-has-nothing-to-regret","status":"publish","type":"post","link":"https:\/\/www.boxrepsol.com\/en\/motogp-en\/alberto-puig-marc-has-nothing-to-regret\/","title":{"rendered":"Alberto Puig: Marc has nothing to regret"},"content":{"rendered":"<p>The first round of the 2020 season, the Spanish Grand Prix, saw a momentous comeback by Marc M\u00e1rquez which ended with a big crash, requiring him to undergo surgery on Tuesday morning. On the other side of the box, teammate \u00c1lex M\u00e1rquez claimed his first four points on his MotoGP debut. Alberto Puig, Team Manager of the Repsol Honda Team, analyses the first weekend spent at the Circuito de Jerez &#8211; \u00c1ngel Nieto.<\/p>\n<h3>What was the strategy for the Jerez race?<\/h3>\n<p>&#8220;The strategy was to make a good start when the lights went out and try to go on to lead the race from the front. This is what was happening until Marc had a moment and had to run off track early in the race. We were not expecting this. Alex\u2019s priority was to finish the race and his second priority was to finish near the group of riders ahead of him fighting for points. It\u2019s a good result for his first race and all of us in the box are pleased for him.&#8221;<\/p>\n<h3>Positive points and negative points after race?<\/h3>\n<p>&#8220;Well, the negative point is clear. Marc is injured. This is really a negative. When you have an injured rider almost nothing is positive. But on the other hand, everyone saw and understood the level of Marc today. In Qatar some people doubt about Marc\u2019s performance. Today it\u2019s more than clear that there is no question mark about this. His package, Honda RC213V and himself, are clearly two steps ahead. He was not just a bit quicker, he was much faster than anyone else. And the difference; like it or not is still growing year after year.&#8221;<\/p>\n<h3>The view from pit wall during race?<\/h3>\n<p>&#8220;When Marc ran off track it took him two laps to get his concentration back again. But we saw he was going to catch the riders ahead. If there were 4 or 5 more laps he could have caught Quartararo as Marc was a second a lap faster. We know what type of rider we have. Today, once again, he showed who he is to everyone. But now he is unfortunately injured, and he has to take rest, try to fix his arm and when he is ready, he will return to fight for victory again. These things happen when you are Marc Marquez, he does exceptional things. There is nothing for him to regret, only to show once again that all our team has tremendous respect and admiration for what he does.&#8221;<\/p>\n<h3>Inside story apart from official comments?<\/h3>\n<p>&#8220;It\u2019s been a very strange weekend without people in the grandstand and in the paddock, but we have adapted to this worldwide situation. The organiser did a good job with the protocol against Covid-19. Everybody follows the rules and we are all safe so far in the paddock. The Repsol Honda Team and HRC did well to prepare everything and change our routines where we needed to, we followed the instructions from Dorna. I want to again thank all our partners, friends and the people that follow for their support during this period without racing. Now we are facing the\u00ac\u00ac challenge of Marc\u2019s injury, but this is racing, we are a strong team and somehow, we will overcome.&#8221;<\/p>\n","protected":false},"excerpt":{"rendered":"<p>Alberto Puig watched on at the first race of the year, which saw a big crash for Marc M\u00e1rquez and the first premier class points achieved by \u00c1lex M\u00e1rquez.<\/p>\n","protected":false},"author":1,"featured_media":40345,"comment_status":"open","ping_status":"open","sticky":false,"template":"","format":"standard","meta":{"footnotes":""},"categories":[146],"tags":[191,192,279,6,283,210],"class_list":["post-97948","post","type-post","status-publish","format-standard","hentry","category-motogp-en","tag-191","tag-alex-marquez","tag-campeonato-del-mundo-de-motociclismo-en","tag-marc-marquez","tag-marc-marquez-en","tag-motocycling-world-championship"],"yoast_head":"<!-- This site is optimized with the Yoast SEO plugin v27.3 - https:\/\/yoast.com\/product\/yoast-seo-wordpress\/ -->\n<title>Alberto Puig: Marc has nothing to regret - Box Repsol<\/title>\n<meta name=\"description\" content=\"Alberto Puig watched on at the first race of the year, which saw a big crash for Marc M\u00e1rquez and the first premier class points achieved by \u00c1lex M\u00e1rquez.\" \/>\n<link rel=\"canonical\" href=\"https:\/\/www.boxrepsol.com\/en\/motogp-en\/alberto-puig-marc-has-nothing-to-regret\/\" \/>\n<meta property=\"og:locale\" content=\"en_US\" \/>\n<meta property=\"og:type\" content=\"article\" \/>\n<meta property=\"og:title\" content=\"Alberto Puig: Marc has nothing to regret - Box Repsol\" \/>\n<meta property=\"og:description\" content=\"Alberto Puig watched on at the first race of the year, which saw a big crash for Marc M\u00e1rquez and the first premier class points achieved by \u00c1lex M\u00e1rquez.\" \/>\n<meta property=\"og:url\" content=\"https:\/\/www.boxrepsol.com\/en\/motogp-en\/alberto-puig-marc-has-nothing-to-regret\/\" \/>\n<meta property=\"og:site_name\" content=\"Box Repsol\" \/>\n<meta property=\"article:publisher\" content=\"https:\/\/www.facebook.com\/BoxRepsol\" \/>\n<meta property=\"article:published_time\" content=\"2020-07-21T02:00:00+00:00\" \/>\n<meta property=\"og:image\" content=\"https:\/\/bxrepsol.s3.eu-west-1.amazonaws.com\/static\/2022\/08\/09104013\/Alberto-Puig1-1.jpg\" \/>\n\t<meta property=\"og:image:width\" content=\"1280\" \/>\n\t<meta property=\"og:image:height\" content=\"720\" \/>\n\t<meta property=\"og:image:type\" content=\"image\/jpeg\" \/>\n<meta name=\"author\" content=\"bx_ayesa\" \/>\n<meta name=\"twitter:card\" content=\"summary_large_image\" \/>\n<meta name=\"twitter:creator\" content=\"@box_repsol\" \/>\n<meta name=\"twitter:site\" content=\"@box_repsol\" \/>\n<meta name=\"twitter:label1\" content=\"Written by\" \/>\n\t<meta name=\"twitter:data1\" content=\"bx_ayesa\" \/>\n\t<meta name=\"twitter:label2\" content=\"Est. reading time\" \/>\n\t<meta name=\"twitter:data2\" content=\"3 minutes\" \/>\n<script type=\"application\/ld+json\" class=\"yoast-schema-graph\">{\"@context\":\"https:\\\/\\\/schema.org\",\"@graph\":[{\"@type\":\"Article\",\"@id\":\"https:\\\/\\\/www.boxrepsol.com\\\/en\\\/motogp-en\\\/alberto-puig-marc-has-nothing-to-regret\\\/#article\",\"isPartOf\":{\"@id\":\"https:\\\/\\\/www.boxrepsol.com\\\/en\\\/motogp-en\\\/alberto-puig-marc-has-nothing-to-regret\\\/\"},\"author\":{\"name\":\"bx_ayesa\",\"@id\":\"https:\\\/\\\/www.boxrepsol.com\\\/en\\\/#\\\/schema\\\/person\\\/d9d0f442a4332c7d099d31ffda4747a0\"},\"headline\":\"Alberto Puig: Marc has nothing to regret\",\"datePublished\":\"2020-07-21T02:00:00+00:00\",\"mainEntityOfPage\":{\"@id\":\"https:\\\/\\\/www.boxrepsol.com\\\/en\\\/motogp-en\\\/alberto-puig-marc-has-nothing-to-regret\\\/\"},\"wordCount\":556,\"commentCount\":0,\"publisher\":{\"@id\":\"https:\\\/\\\/www.boxrepsol.com\\\/en\\\/#organization\"},\"image\":{\"@id\":\"https:\\\/\\\/www.boxrepsol.com\\\/en\\\/motogp-en\\\/alberto-puig-marc-has-nothing-to-regret\\\/#primaryimage\"},\"thumbnailUrl\":\"https:\\\/\\\/bxrepsol.s3.eu-west-1.amazonaws.com\\\/static\\\/2022\\\/08\\\/09104013\\\/Alberto-Puig1-1.jpg\",\"keywords\":[\"2020\",\"\u00c1lex M\u00e1rquez\",\"Campeonato del Mundo de Motociclismo\",\"Marc M\u00e1rquez\",\"Marc M\u00e1rquez\",\"Motocycling World Championship\"],\"articleSection\":[\"MotoGP\"],\"inLanguage\":\"en-US\",\"potentialAction\":[{\"@type\":\"CommentAction\",\"name\":\"Comment\",\"target\":[\"https:\\\/\\\/www.boxrepsol.com\\\/en\\\/motogp-en\\\/alberto-puig-marc-has-nothing-to-regret\\\/#respond\"]}]},{\"@type\":\"WebPage\",\"@id\":\"https:\\\/\\\/www.boxrepsol.com\\\/en\\\/motogp-en\\\/alberto-puig-marc-has-nothing-to-regret\\\/\",\"url\":\"https:\\\/\\\/www.boxrepsol.com\\\/en\\\/motogp-en\\\/alberto-puig-marc-has-nothing-to-regret\\\/\",\"name\":\"Alberto Puig: Marc has nothing to regret - Box Repsol\",\"isPartOf\":{\"@id\":\"https:\\\/\\\/www.boxrepsol.com\\\/en\\\/#website\"},\"primaryImageOfPage\":{\"@id\":\"https:\\\/\\\/www.boxrepsol.com\\\/en\\\/motogp-en\\\/alberto-puig-marc-has-nothing-to-regret\\\/#primaryimage\"},\"image\":{\"@id\":\"https:\\\/\\\/www.boxrepsol.com\\\/en\\\/motogp-en\\\/alberto-puig-marc-has-nothing-to-regret\\\/#primaryimage\"},\"thumbnailUrl\":\"https:\\\/\\\/bxrepsol.s3.eu-west-1.amazonaws.com\\\/static\\\/2022\\\/08\\\/09104013\\\/Alberto-Puig1-1.jpg\",\"datePublished\":\"2020-07-21T02:00:00+00:00\",\"description\":\"Alberto Puig watched on at the first race of the year, which saw a big crash for Marc M\u00e1rquez and the first premier class points achieved by \u00c1lex M\u00e1rquez.\",\"breadcrumb\":{\"@id\":\"https:\\\/\\\/www.boxrepsol.com\\\/en\\\/motogp-en\\\/alberto-puig-marc-has-nothing-to-regret\\\/#breadcrumb\"},\"inLanguage\":\"en-US\",\"potentialAction\":[{\"@type\":\"ReadAction\",\"target\":[\"https:\\\/\\\/www.boxrepsol.com\\\/en\\\/motogp-en\\\/alberto-puig-marc-has-nothing-to-regret\\\/\"]}]},{\"@type\":\"ImageObject\",\"inLanguage\":\"en-US\",\"@id\":\"https:\\\/\\\/www.boxrepsol.com\\\/en\\\/motogp-en\\\/alberto-puig-marc-has-nothing-to-regret\\\/#primaryimage\",\"url\":\"https:\\\/\\\/bxrepsol.s3.eu-west-1.amazonaws.com\\\/static\\\/2022\\\/08\\\/09104013\\\/Alberto-Puig1-1.jpg\",\"contentUrl\":\"https:\\\/\\\/bxrepsol.s3.eu-west-1.amazonaws.com\\\/static\\\/2022\\\/08\\\/09104013\\\/Alberto-Puig1-1.jpg\",\"width\":1280,\"height\":720,\"caption\":\"Alberto Puig\"},{\"@type\":\"BreadcrumbList\",\"@id\":\"https:\\\/\\\/www.boxrepsol.com\\\/en\\\/motogp-en\\\/alberto-puig-marc-has-nothing-to-regret\\\/#breadcrumb\",\"itemListElement\":[{\"@type\":\"ListItem\",\"position\":1,\"name\":\"Home\",\"item\":\"https:\\\/\\\/www.boxrepsol.com\\\/en\\\/\"},{\"@type\":\"ListItem\",\"position\":2,\"name\":\"Alberto Puig: Marc has nothing to regret\"}]},{\"@type\":\"WebSite\",\"@id\":\"https:\\\/\\\/www.boxrepsol.com\\\/en\\\/#website\",\"url\":\"https:\\\/\\\/www.boxrepsol.com\\\/en\\\/\",\"name\":\"Box Repsol\",\"description\":\"Box Repsol Site\",\"publisher\":{\"@id\":\"https:\\\/\\\/www.boxrepsol.com\\\/en\\\/#organization\"},\"potentialAction\":[{\"@type\":\"SearchAction\",\"target\":{\"@type\":\"EntryPoint\",\"urlTemplate\":\"https:\\\/\\\/www.boxrepsol.com\\\/en\\\/?s={search_term_string}\"},\"query-input\":{\"@type\":\"PropertyValueSpecification\",\"valueRequired\":true,\"valueName\":\"search_term_string\"}}],\"inLanguage\":\"en-US\"},{\"@type\":\"Organization\",\"@id\":\"https:\\\/\\\/www.boxrepsol.com\\\/en\\\/#organization\",\"name\":\"Box Repsol\",\"url\":\"https:\\\/\\\/www.boxrepsol.com\\\/en\\\/\",\"logo\":{\"@type\":\"ImageObject\",\"inLanguage\":\"en-US\",\"@id\":\"https:\\\/\\\/www.boxrepsol.com\\\/en\\\/#\\\/schema\\\/logo\\\/image\\\/\",\"url\":\"https:\\\/\\\/bxrepsol.s3.eu-west-1.amazonaws.com\\\/static\\\/2025\\\/07\\\/30083337\\\/favicon-96x96-1.png\",\"contentUrl\":\"https:\\\/\\\/bxrepsol.s3.eu-west-1.amazonaws.com\\\/static\\\/2025\\\/07\\\/30083337\\\/favicon-96x96-1.png\",\"width\":96,\"height\":96,\"caption\":\"Box Repsol\"},\"image\":{\"@id\":\"https:\\\/\\\/www.boxrepsol.com\\\/en\\\/#\\\/schema\\\/logo\\\/image\\\/\"},\"sameAs\":[\"https:\\\/\\\/www.facebook.com\\\/BoxRepsol\",\"https:\\\/\\\/x.com\\\/box_repsol\",\"http:\\\/\\\/instagram.com\\\/box_repsol\",\"https:\\\/\\\/www.youtube.com\\\/user\\\/RepsolCompeticion\",\"https:\\\/\\\/www.flickr.com\\\/photos\\\/box_repsol\\\/\"]},{\"@type\":\"Person\",\"@id\":\"https:\\\/\\\/www.boxrepsol.com\\\/en\\\/#\\\/schema\\\/person\\\/d9d0f442a4332c7d099d31ffda4747a0\",\"name\":\"bx_ayesa\",\"image\":{\"@type\":\"ImageObject\",\"inLanguage\":\"en-US\",\"@id\":\"https:\\\/\\\/secure.gravatar.com\\\/avatar\\\/059e1b9d3585083708845ba70e8dd968f143ff35f5e0e10cf2d1e7afe2c6a878?s=96&d=mm&r=g\",\"url\":\"https:\\\/\\\/secure.gravatar.com\\\/avatar\\\/059e1b9d3585083708845ba70e8dd968f143ff35f5e0e10cf2d1e7afe2c6a878?s=96&d=mm&r=g\",\"contentUrl\":\"https:\\\/\\\/secure.gravatar.com\\\/avatar\\\/059e1b9d3585083708845ba70e8dd968f143ff35f5e0e10cf2d1e7afe2c6a878?s=96&d=mm&r=g\",\"caption\":\"bx_ayesa\"},\"sameAs\":[\"http:\\\/\\\/54.155.157.200\"],\"url\":\"https:\\\/\\\/www.boxrepsol.com\\\/en\\\/author\\\/bx_ayesa\\\/\"}]}<\/script>\n<!-- \/ Yoast SEO plugin. -->","yoast_head_json":{"title":"Alberto Puig: Marc has nothing to regret - Box Repsol","description":"Alberto Puig watched on at the first race of the year, which saw a big crash for Marc M\u00e1rquez and the first premier class points achieved by \u00c1lex M\u00e1rquez.","canonical":"https:\/\/www.boxrepsol.com\/en\/motogp-en\/alberto-puig-marc-has-nothing-to-regret\/","og_locale":"en_US","og_type":"article","og_title":"Alberto Puig: Marc has nothing to regret - Box Repsol","og_description":"Alberto Puig watched on at the first race of the year, which saw a big crash for Marc M\u00e1rquez and the first premier class points achieved by \u00c1lex M\u00e1rquez.","og_url":"https:\/\/www.boxrepsol.com\/en\/motogp-en\/alberto-puig-marc-has-nothing-to-regret\/","og_site_name":"Box Repsol","article_publisher":"https:\/\/www.facebook.com\/BoxRepsol","article_published_time":"2020-07-21T02:00:00+00:00","og_image":[{"width":1280,"height":720,"url":"https:\/\/bxrepsol.s3.eu-west-1.amazonaws.com\/static\/2022\/08\/09104013\/Alberto-Puig1-1.jpg","type":"image\/jpeg"}],"author":"bx_ayesa","twitter_card":"summary_large_image","twitter_creator":"@box_repsol","twitter_site":"@box_repsol","twitter_misc":{"Written by":"bx_ayesa","Est. reading time":"3 minutes"},"schema":{"@context":"https:\/\/schema.org","@graph":[{"@type":"Article","@id":"https:\/\/www.boxrepsol.com\/en\/motogp-en\/alberto-puig-marc-has-nothing-to-regret\/#article","isPartOf":{"@id":"https:\/\/www.boxrepsol.com\/en\/motogp-en\/alberto-puig-marc-has-nothing-to-regret\/"},"author":{"name":"bx_ayesa","@id":"https:\/\/www.boxrepsol.com\/en\/#\/schema\/person\/d9d0f442a4332c7d099d31ffda4747a0"},"headline":"Alberto Puig: Marc has nothing to regret","datePublished":"2020-07-21T02:00:00+00:00","mainEntityOfPage":{"@id":"https:\/\/www.boxrepsol.com\/en\/motogp-en\/alberto-puig-marc-has-nothing-to-regret\/"},"wordCount":556,"commentCount":0,"publisher":{"@id":"https:\/\/www.boxrepsol.com\/en\/#organization"},"image":{"@id":"https:\/\/www.boxrepsol.com\/en\/motogp-en\/alberto-puig-marc-has-nothing-to-regret\/#primaryimage"},"thumbnailUrl":"https:\/\/bxrepsol.s3.eu-west-1.amazonaws.com\/static\/2022\/08\/09104013\/Alberto-Puig1-1.jpg","keywords":["2020","\u00c1lex M\u00e1rquez","Campeonato del Mundo de Motociclismo","Marc M\u00e1rquez","Marc M\u00e1rquez","Motocycling World Championship"],"articleSection":["MotoGP"],"inLanguage":"en-US","potentialAction":[{"@type":"CommentAction","name":"Comment","target":["https:\/\/www.boxrepsol.com\/en\/motogp-en\/alberto-puig-marc-has-nothing-to-regret\/#respond"]}]},{"@type":"WebPage","@id":"https:\/\/www.boxrepsol.com\/en\/motogp-en\/alberto-puig-marc-has-nothing-to-regret\/","url":"https:\/\/www.boxrepsol.com\/en\/motogp-en\/alberto-puig-marc-has-nothing-to-regret\/","name":"Alberto Puig: Marc has nothing to regret - Box Repsol","isPartOf":{"@id":"https:\/\/www.boxrepsol.com\/en\/#website"},"primaryImageOfPage":{"@id":"https:\/\/www.boxrepsol.com\/en\/motogp-en\/alberto-puig-marc-has-nothing-to-regret\/#primaryimage"},"image":{"@id":"https:\/\/www.boxrepsol.com\/en\/motogp-en\/alberto-puig-marc-has-nothing-to-regret\/#primaryimage"},"thumbnailUrl":"https:\/\/bxrepsol.s3.eu-west-1.amazonaws.com\/static\/2022\/08\/09104013\/Alberto-Puig1-1.jpg","datePublished":"2020-07-21T02:00:00+00:00","description":"Alberto Puig watched on at the first race of the year, which saw a big crash for Marc M\u00e1rquez and the first premier class points achieved by \u00c1lex M\u00e1rquez.","breadcrumb":{"@id":"https:\/\/www.boxrepsol.com\/en\/motogp-en\/alberto-puig-marc-has-nothing-to-regret\/#breadcrumb"},"inLanguage":"en-US","potentialAction":[{"@type":"ReadAction","target":["https:\/\/www.boxrepsol.com\/en\/motogp-en\/alberto-puig-marc-has-nothing-to-regret\/"]}]},{"@type":"ImageObject","inLanguage":"en-US","@id":"https:\/\/www.boxrepsol.com\/en\/motogp-en\/alberto-puig-marc-has-nothing-to-regret\/#primaryimage","url":"https:\/\/bxrepsol.s3.eu-west-1.amazonaws.com\/static\/2022\/08\/09104013\/Alberto-Puig1-1.jpg","contentUrl":"https:\/\/bxrepsol.s3.eu-west-1.amazonaws.com\/static\/2022\/08\/09104013\/Alberto-Puig1-1.jpg","width":1280,"height":720,"caption":"Alberto Puig"},{"@type":"BreadcrumbList","@id":"https:\/\/www.boxrepsol.com\/en\/motogp-en\/alberto-puig-marc-has-nothing-to-regret\/#breadcrumb","itemListElement":[{"@type":"ListItem","position":1,"name":"Home","item":"https:\/\/www.boxrepsol.com\/en\/"},{"@type":"ListItem","position":2,"name":"Alberto Puig: Marc has nothing to regret"}]},{"@type":"WebSite","@id":"https:\/\/www.boxrepsol.com\/en\/#website","url":"https:\/\/www.boxrepsol.com\/en\/","name":"Box Repsol","description":"Box Repsol Site","publisher":{"@id":"https:\/\/www.boxrepsol.com\/en\/#organization"},"potentialAction":[{"@type":"SearchAction","target":{"@type":"EntryPoint","urlTemplate":"https:\/\/www.boxrepsol.com\/en\/?s={search_term_string}"},"query-input":{"@type":"PropertyValueSpecification","valueRequired":true,"valueName":"search_term_string"}}],"inLanguage":"en-US"},{"@type":"Organization","@id":"https:\/\/www.boxrepsol.com\/en\/#organization","name":"Box Repsol","url":"https:\/\/www.boxrepsol.com\/en\/","logo":{"@type":"ImageObject","inLanguage":"en-US","@id":"https:\/\/www.boxrepsol.com\/en\/#\/schema\/logo\/image\/","url":"https:\/\/bxrepsol.s3.eu-west-1.amazonaws.com\/static\/2025\/07\/30083337\/favicon-96x96-1.png","contentUrl":"https:\/\/bxrepsol.s3.eu-west-1.amazonaws.com\/static\/2025\/07\/30083337\/favicon-96x96-1.png","width":96,"height":96,"caption":"Box Repsol"},"image":{"@id":"https:\/\/www.boxrepsol.com\/en\/#\/schema\/logo\/image\/"},"sameAs":["https:\/\/www.facebook.com\/BoxRepsol","https:\/\/x.com\/box_repsol","http:\/\/instagram.com\/box_repsol","https:\/\/www.youtube.com\/user\/RepsolCompeticion","https:\/\/www.flickr.com\/photos\/box_repsol\/"]},{"@type":"Person","@id":"https:\/\/www.boxrepsol.com\/en\/#\/schema\/person\/d9d0f442a4332c7d099d31ffda4747a0","name":"bx_ayesa","image":{"@type":"ImageObject","inLanguage":"en-US","@id":"https:\/\/secure.gravatar.com\/avatar\/059e1b9d3585083708845ba70e8dd968f143ff35f5e0e10cf2d1e7afe2c6a878?s=96&d=mm&r=g","url":"https:\/\/secure.gravatar.com\/avatar\/059e1b9d3585083708845ba70e8dd968f143ff35f5e0e10cf2d1e7afe2c6a878?s=96&d=mm&r=g","contentUrl":"https:\/\/secure.gravatar.com\/avatar\/059e1b9d3585083708845ba70e8dd968f143ff35f5e0e10cf2d1e7afe2c6a878?s=96&d=mm&r=g","caption":"bx_ayesa"},"sameAs":["http:\/\/54.155.157.200"],"url":"https:\/\/www.boxrepsol.com\/en\/author\/bx_ayesa\/"}]}},"_links":{"self":[{"href":"https:\/\/www.boxrepsol.com\/en\/wp-json\/wp\/v2\/posts\/97948","targetHints":{"allow":["GET"]}}],"collection":[{"href":"https:\/\/www.boxrepsol.com\/en\/wp-json\/wp\/v2\/posts"}],"about":[{"href":"https:\/\/www.boxrepsol.com\/en\/wp-json\/wp\/v2\/types\/post"}],"author":[{"embeddable":true,"href":"https:\/\/www.boxrepsol.com\/en\/wp-json\/wp\/v2\/users\/1"}],"replies":[{"embeddable":true,"href":"https:\/\/www.boxrepsol.com\/en\/wp-json\/wp\/v2\/comments?post=97948"}],"version-history":[{"count":0,"href":"https:\/\/www.boxrepsol.com\/en\/wp-json\/wp\/v2\/posts\/97948\/revisions"}],"wp:featuredmedia":[{"embeddable":true,"href":"https:\/\/www.boxrepsol.com\/en\/wp-json\/wp\/v2\/media\/40345"}],"wp:attachment":[{"href":"https:\/\/www.boxrepsol.com\/en\/wp-json\/wp\/v2\/media?parent=97948"}],"wp:term":[{"taxonomy":"category","embeddable":true,"href":"https:\/\/www.boxrepsol.com\/en\/wp-json\/wp\/v2\/categories?post=97948"},{"taxonomy":"post_tag","embeddable":true,"href":"https:\/\/www.boxrepsol.com\/en\/wp-json\/wp\/v2\/tags?post=97948"}],"curies":[{"name":"wp","href":"https:\/\/api.w.org\/{rel}","templated":true}]}}