{"id":97945,"date":"2020-07-19T00:00:00","date_gmt":"2020-07-19T02:00:00","guid":{"rendered":"http:\/\/pre.boxrepsol.com\/uncategorized\/spanish-gp-crash-halts-marc-fightback\/"},"modified":"2024-10-16T11:14:10","modified_gmt":"2024-10-16T13:14:10","slug":"spanish-gp-crash-halts-marc-fightback","status":"publish","type":"post","link":"https:\/\/www.boxrepsol.com\/en\/motogp-en\/spanish-gp-crash-halts-marc-fightback\/","title":{"rendered":"Spanish GP: Crash halts Marc M\u00e1rquez&#8217;s impressive fightback"},"content":{"rendered":"<p><strong>Marc M\u00e1rquez<\/strong> started with a good pace and moved quickly into the lead. However, not even a third of the race had been completed before the Repsol Honda Team rider suffered a run-off at Turn 4 that relegated him to 16th position.<\/p>\n<p>Back on track and running a very fast pace, he climbed thirteen positions, but when in third -with four laps remaining- he was highsided off his bike. M\u00e1rquez suffered a fractured right humerus and will undergo surgery on Tuesday, July 21st in Barcelona.<\/p>\n<p>Teammate <strong>\u00c1lex M\u00e1rquez<\/strong> finished his first MotoGP race with four points. The Repsol Honda Team rider started from 21st position on the grid and completed his first race in 12th place position, as the best MotoGP rookie.<\/p>\n<p><!-- Imagen relacionada --><br \/>\n<img loading=\"lazy\" decoding=\"async\" src=\"https:\/\/bxrepsol.s3.eu-west-1.amazonaws.com\/static\/2022\/08\/29092626\/carrera-gp-de-espana-2020-moto3.jpg\" alt=\"Sergio Garc\u00eda Dols y\" width=\"404\" height=\"336\" \/><br \/>\n<!-- Categor\u00eda --><br \/>\nMoto3<\/p>\n<h3>Garc\u00eda Dols fightback interrupted by a penalty<\/h3>\n<p><a href=\"https:\/\/bxrepsol.s3.eu-west-1.amazonaws.com\/static\/2022\/08\/09104040\/salida-gp-de-espana-2020.jpg\" data-index=\"0\"><br \/>\n<img decoding=\"async\" title=\"salida-gp-de-espa\u00f1a-2020\" src=\"https:\/\/bxrepsol.s3.eu-west-1.amazonaws.com\/static\/2022\/08\/09104040\/salida-gp-de-espana-2020.jpg\" srcset=\"https:\/\/bxrepsol.s3.eu-west-1.amazonaws.com\/static\/2022\/08\/09104040\/salida-gp-de-espana-2020.jpg 1280w, https:\/\/bxrepsol.s3.eu-west-1.amazonaws.com\/static\/2022\/08\/09104040\/salida-gp-de-espana-2020.jpg 900w, https:\/\/bxrepsol.s3.eu-west-1.amazonaws.com\/static\/2022\/08\/09104040\/salida-gp-de-espana-2020.jpg 600w, https:\/\/bxrepsol.s3.eu-west-1.amazonaws.com\/static\/2022\/08\/09104040\/salida-gp-de-espana-2020.jpg 480w, https:\/\/bxrepsol.s3.eu-west-1.amazonaws.com\/static\/2022\/08\/09104040\/salida-gp-de-espana-2020.jpg 32w\" alt=\"Pilotos en pista a punto de comenzar el GP de Espa\u00f1a 2020\" data-title=\"\" \/><br \/>\n<\/a><br \/>\n<a href=\"https:\/\/bxrepsol.s3.eu-west-1.amazonaws.com\/static\/2022\/08\/29092631\/marc-marquez-gp-de-espana-2020-peloton.jpg\" data-index=\"1\"><br \/>\n<img decoding=\"async\" title=\"marc-marquez-gp-de-espa\u00f1a-2020-peloton\" src=\"https:\/\/bxrepsol.s3.eu-west-1.amazonaws.com\/static\/2022\/08\/29092631\/marc-marquez-gp-de-espana-2020-peloton.jpg\" srcset=\"https:\/\/bxrepsol.s3.eu-west-1.amazonaws.com\/static\/2022\/08\/29092631\/marc-marquez-gp-de-espana-2020-peloton.jpg 1280w, https:\/\/bxrepsol.s3.eu-west-1.amazonaws.com\/static\/2022\/08\/29092631\/marc-marquez-gp-de-espana-2020-peloton.jpg 900w, https:\/\/bxrepsol.s3.eu-west-1.amazonaws.com\/static\/2022\/08\/29092631\/marc-marquez-gp-de-espana-2020-peloton.jpg 600w, https:\/\/bxrepsol.s3.eu-west-1.amazonaws.com\/static\/2022\/08\/29092631\/marc-marquez-gp-de-espana-2020-peloton.jpg 480w, https:\/\/bxrepsol.s3.eu-west-1.amazonaws.com\/static\/2022\/08\/29092631\/marc-marquez-gp-de-espana-2020-peloton.jpg 32w\" alt=\"Marc M\u00e1rquez en el GP de Espa\u00f1a 2020\" data-title=\"\" \/><br \/>\n<\/a><br \/>\n<a href=\"https:\/\/bxrepsol.s3.eu-west-1.amazonaws.com\/static\/2022\/08\/29092632\/alex-marquez-gp-de-espana-2020-meta.jpg\" data-index=\"2\"><br \/>\n<img decoding=\"async\" title=\"alex-marquez-gp-de-espa\u00f1a-2020-meta\" src=\"https:\/\/bxrepsol.s3.eu-west-1.amazonaws.com\/static\/2022\/08\/29092632\/alex-marquez-gp-de-espana-2020-meta.jpg\" srcset=\"https:\/\/bxrepsol.s3.eu-west-1.amazonaws.com\/static\/2022\/08\/29092632\/alex-marquez-gp-de-espana-2020-meta.jpg 1280w, https:\/\/bxrepsol.s3.eu-west-1.amazonaws.com\/static\/2022\/08\/29092632\/alex-marquez-gp-de-espana-2020-meta.jpg 900w, https:\/\/bxrepsol.s3.eu-west-1.amazonaws.com\/static\/2022\/08\/29092632\/alex-marquez-gp-de-espana-2020-meta.jpg 600w, https:\/\/bxrepsol.s3.eu-west-1.amazonaws.com\/static\/2022\/08\/29092632\/alex-marquez-gp-de-espana-2020-meta.jpg 480w, https:\/\/bxrepsol.s3.eu-west-1.amazonaws.com\/static\/2022\/08\/29092632\/alex-marquez-gp-de-espana-2020-meta.jpg 32w\" alt=\"\u00c1lex M\u00e1rquez en el GP de Espa\u00f1a 2020\" data-title=\"\" \/><br \/>\n<\/a><br \/>\n<a href=\"https:\/\/bxrepsol.s3.eu-west-1.amazonaws.com\/static\/2022\/08\/29092634\/marc-marquez-gp-de-espana-2020-meta.jpg\" data-index=\"3\"><br \/>\n<img decoding=\"async\" title=\"marc-marquez-gp-de-espa\u00f1a-2020-meta\" src=\"https:\/\/bxrepsol.s3.eu-west-1.amazonaws.com\/static\/2022\/08\/29092634\/marc-marquez-gp-de-espana-2020-meta.jpg\" srcset=\"https:\/\/bxrepsol.s3.eu-west-1.amazonaws.com\/static\/2022\/08\/29092634\/marc-marquez-gp-de-espana-2020-meta.jpg 1280w, https:\/\/bxrepsol.s3.eu-west-1.amazonaws.com\/static\/2022\/08\/29092634\/marc-marquez-gp-de-espana-2020-meta.jpg 900w, https:\/\/bxrepsol.s3.eu-west-1.amazonaws.com\/static\/2022\/08\/29092634\/marc-marquez-gp-de-espana-2020-meta.jpg 600w, https:\/\/bxrepsol.s3.eu-west-1.amazonaws.com\/static\/2022\/08\/29092634\/marc-marquez-gp-de-espana-2020-meta.jpg 480w, https:\/\/bxrepsol.s3.eu-west-1.amazonaws.com\/static\/2022\/08\/29092634\/marc-marquez-gp-de-espana-2020-meta.jpg 32w\" alt=\"Marc M\u00e1rquez en el GP de Espa\u00f1a 2020\" data-title=\"\" \/><br \/>\n<\/a><br \/>\n<a href=\"https:\/\/bxrepsol.s3.eu-west-1.amazonaws.com\/static\/2022\/08\/29092635\/alex-marquez-gp-de-espana-2020-frenando.jpg\" data-index=\"4\"><br \/>\n<img decoding=\"async\" title=\"alex-marquez-gp-de-espa\u00f1a-2020-frenando\" src=\"https:\/\/bxrepsol.s3.eu-west-1.amazonaws.com\/static\/2022\/08\/29092635\/alex-marquez-gp-de-espana-2020-frenando.jpg\" srcset=\"https:\/\/bxrepsol.s3.eu-west-1.amazonaws.com\/static\/2022\/08\/29092635\/alex-marquez-gp-de-espana-2020-frenando.jpg 1280w, https:\/\/bxrepsol.s3.eu-west-1.amazonaws.com\/static\/2022\/08\/29092635\/alex-marquez-gp-de-espana-2020-frenando.jpg 900w, https:\/\/bxrepsol.s3.eu-west-1.amazonaws.com\/static\/2022\/08\/29092635\/alex-marquez-gp-de-espana-2020-frenando.jpg 600w, https:\/\/bxrepsol.s3.eu-west-1.amazonaws.com\/static\/2022\/08\/29092635\/alex-marquez-gp-de-espana-2020-frenando.jpg 480w, https:\/\/bxrepsol.s3.eu-west-1.amazonaws.com\/static\/2022\/08\/29092635\/alex-marquez-gp-de-espana-2020-frenando.jpg 32w\" alt=\"\u00c1lex M\u00e1rquez en el GP de Espa\u00f1a 2020\" data-title=\"\" \/><br \/>\n<\/a><\/p>\n<p><button data-glide-dir=\"&gt;\"><br \/>\n<\/button><\/p>\n<p>#AM73<\/p>\n<p><em><strong> It was a tricky race for everyone.<\/strong> &#8220;First of all I\u2019d like to wish Marc, Cal and Rins a speedy recovery. It is never good to see other riders get injured. Otherwise, it was a pretty good first race, I think we have a good base to now work from. Today was also a really good test physically because in this heat it was quite tough. It was a tricky race for everyone in the heat. I was fast during the middle of the race but I need to focus on the first five laps and the last four laps. But this is part of being a rookie, learning these sorts of things. Fortunately, we have next week to try it again.\u201d<br \/>\n<\/em><\/p>\n","protected":false},"excerpt":{"rendered":"<p>After running off track when leading the race, he climbed thirteen positions until a sudden crash took him out. \u00c1lex M\u00e1rquez finishes twelfth and claims his first points in MotoGP.<\/p>\n","protected":false},"author":1,"featured_media":64645,"comment_status":"open","ping_status":"open","sticky":false,"template":"","format":"standard","meta":{"footnotes":""},"categories":[146],"tags":[191,192,279,6,283,210,294,220],"class_list":["post-97945","post","type-post","status-publish","format-standard","hentry","category-motogp-en","tag-191","tag-alex-marquez","tag-campeonato-del-mundo-de-motociclismo-en","tag-marc-marquez","tag-marc-marquez-en","tag-motocycling-world-championship","tag-motogp-espana-en","tag-motogp-spain"],"yoast_head":"<!-- This site is optimized with the Yoast SEO plugin v27.3 - https:\/\/yoast.com\/product\/yoast-seo-wordpress\/ -->\n<title>Spanish GP: Crash halts Marc M\u00e1rquez&#039;s impressive fightback - Box Repsol<\/title>\n<meta name=\"description\" content=\"Spanish GP: After running off track when leading the race, he climbed thirteen positions until a sudden crash took him out. \u00c1lex M\u00e1rquez finishes twelfth.\" \/>\n<link rel=\"canonical\" href=\"https:\/\/www.boxrepsol.com\/en\/motogp-en\/spanish-gp-crash-halts-marc-fightback\/\" \/>\n<meta property=\"og:locale\" content=\"en_US\" \/>\n<meta property=\"og:type\" content=\"article\" \/>\n<meta property=\"og:title\" content=\"Spanish GP: Crash halts Marc M\u00e1rquez&#039;s impressive fightback - Box Repsol\" \/>\n<meta property=\"og:description\" content=\"Spanish GP: After running off track when leading the race, he climbed thirteen positions until a sudden crash took him out. \u00c1lex M\u00e1rquez finishes twelfth.\" \/>\n<meta property=\"og:url\" content=\"https:\/\/www.boxrepsol.com\/en\/motogp-en\/spanish-gp-crash-halts-marc-fightback\/\" \/>\n<meta property=\"og:site_name\" content=\"Box Repsol\" \/>\n<meta property=\"article:publisher\" content=\"https:\/\/www.facebook.com\/BoxRepsol\" \/>\n<meta property=\"article:published_time\" content=\"2020-07-19T02:00:00+00:00\" \/>\n<meta property=\"article:modified_time\" content=\"2024-10-16T13:14:10+00:00\" \/>\n<meta property=\"og:image\" content=\"https:\/\/bxrepsol.s3.eu-west-1.amazonaws.com\/static\/2022\/08\/29092639\/marc-marquez-gp-de-espana-2020-600.jpg\" \/>\n\t<meta property=\"og:image:width\" content=\"1280\" \/>\n\t<meta property=\"og:image:height\" content=\"600\" \/>\n\t<meta property=\"og:image:type\" content=\"image\/jpeg\" \/>\n<meta name=\"author\" content=\"bx_ayesa\" \/>\n<meta name=\"twitter:card\" content=\"summary_large_image\" \/>\n<meta name=\"twitter:creator\" content=\"@box_repsol\" \/>\n<meta name=\"twitter:site\" content=\"@box_repsol\" \/>\n<meta name=\"twitter:label1\" content=\"Written by\" \/>\n\t<meta name=\"twitter:data1\" content=\"bx_ayesa\" \/>\n\t<meta name=\"twitter:label2\" content=\"Est. reading time\" \/>\n\t<meta name=\"twitter:data2\" content=\"1 minute\" \/>\n<script type=\"application\/ld+json\" class=\"yoast-schema-graph\">{\"@context\":\"https:\\\/\\\/schema.org\",\"@graph\":[{\"@type\":\"Article\",\"@id\":\"https:\\\/\\\/www.boxrepsol.com\\\/en\\\/motogp-en\\\/spanish-gp-crash-halts-marc-fightback\\\/#article\",\"isPartOf\":{\"@id\":\"https:\\\/\\\/www.boxrepsol.com\\\/en\\\/motogp-en\\\/spanish-gp-crash-halts-marc-fightback\\\/\"},\"author\":{\"name\":\"bx_ayesa\",\"@id\":\"https:\\\/\\\/www.boxrepsol.com\\\/en\\\/#\\\/schema\\\/person\\\/d9d0f442a4332c7d099d31ffda4747a0\"},\"headline\":\"Spanish GP: Crash halts Marc M\u00e1rquez&#8217;s impressive fightback\",\"datePublished\":\"2020-07-19T02:00:00+00:00\",\"dateModified\":\"2024-10-16T13:14:10+00:00\",\"mainEntityOfPage\":{\"@id\":\"https:\\\/\\\/www.boxrepsol.com\\\/en\\\/motogp-en\\\/spanish-gp-crash-halts-marc-fightback\\\/\"},\"wordCount\":267,\"commentCount\":0,\"publisher\":{\"@id\":\"https:\\\/\\\/www.boxrepsol.com\\\/en\\\/#organization\"},\"image\":{\"@id\":\"https:\\\/\\\/www.boxrepsol.com\\\/en\\\/motogp-en\\\/spanish-gp-crash-halts-marc-fightback\\\/#primaryimage\"},\"thumbnailUrl\":\"https:\\\/\\\/bxrepsol.s3.eu-west-1.amazonaws.com\\\/static\\\/2022\\\/08\\\/29092639\\\/marc-marquez-gp-de-espana-2020-600.jpg\",\"keywords\":[\"2020\",\"\u00c1lex M\u00e1rquez\",\"Campeonato del Mundo de Motociclismo\",\"Marc M\u00e1rquez\",\"Marc M\u00e1rquez\",\"Motocycling World Championship\",\"MotoGP Espa\u00f1a\",\"MotoGP Spain\"],\"articleSection\":[\"MotoGP\"],\"inLanguage\":\"en-US\",\"potentialAction\":[{\"@type\":\"CommentAction\",\"name\":\"Comment\",\"target\":[\"https:\\\/\\\/www.boxrepsol.com\\\/en\\\/motogp-en\\\/spanish-gp-crash-halts-marc-fightback\\\/#respond\"]}]},{\"@type\":\"WebPage\",\"@id\":\"https:\\\/\\\/www.boxrepsol.com\\\/en\\\/motogp-en\\\/spanish-gp-crash-halts-marc-fightback\\\/\",\"url\":\"https:\\\/\\\/www.boxrepsol.com\\\/en\\\/motogp-en\\\/spanish-gp-crash-halts-marc-fightback\\\/\",\"name\":\"Spanish GP: Crash halts Marc M\u00e1rquez's impressive fightback - Box Repsol\",\"isPartOf\":{\"@id\":\"https:\\\/\\\/www.boxrepsol.com\\\/en\\\/#website\"},\"primaryImageOfPage\":{\"@id\":\"https:\\\/\\\/www.boxrepsol.com\\\/en\\\/motogp-en\\\/spanish-gp-crash-halts-marc-fightback\\\/#primaryimage\"},\"image\":{\"@id\":\"https:\\\/\\\/www.boxrepsol.com\\\/en\\\/motogp-en\\\/spanish-gp-crash-halts-marc-fightback\\\/#primaryimage\"},\"thumbnailUrl\":\"https:\\\/\\\/bxrepsol.s3.eu-west-1.amazonaws.com\\\/static\\\/2022\\\/08\\\/29092639\\\/marc-marquez-gp-de-espana-2020-600.jpg\",\"datePublished\":\"2020-07-19T02:00:00+00:00\",\"dateModified\":\"2024-10-16T13:14:10+00:00\",\"description\":\"Spanish GP: After running off track when leading the race, he climbed thirteen positions until a sudden crash took him out. \u00c1lex M\u00e1rquez finishes twelfth.\",\"breadcrumb\":{\"@id\":\"https:\\\/\\\/www.boxrepsol.com\\\/en\\\/motogp-en\\\/spanish-gp-crash-halts-marc-fightback\\\/#breadcrumb\"},\"inLanguage\":\"en-US\",\"potentialAction\":[{\"@type\":\"ReadAction\",\"target\":[\"https:\\\/\\\/www.boxrepsol.com\\\/en\\\/motogp-en\\\/spanish-gp-crash-halts-marc-fightback\\\/\"]}]},{\"@type\":\"ImageObject\",\"inLanguage\":\"en-US\",\"@id\":\"https:\\\/\\\/www.boxrepsol.com\\\/en\\\/motogp-en\\\/spanish-gp-crash-halts-marc-fightback\\\/#primaryimage\",\"url\":\"https:\\\/\\\/bxrepsol.s3.eu-west-1.amazonaws.com\\\/static\\\/2022\\\/08\\\/29092639\\\/marc-marquez-gp-de-espana-2020-600.jpg\",\"contentUrl\":\"https:\\\/\\\/bxrepsol.s3.eu-west-1.amazonaws.com\\\/static\\\/2022\\\/08\\\/29092639\\\/marc-marquez-gp-de-espana-2020-600.jpg\",\"width\":1280,\"height\":600,\"caption\":\"Marc M\u00e1rquez en pista durante el GP de Espa\u00f1a 2020\"},{\"@type\":\"BreadcrumbList\",\"@id\":\"https:\\\/\\\/www.boxrepsol.com\\\/en\\\/motogp-en\\\/spanish-gp-crash-halts-marc-fightback\\\/#breadcrumb\",\"itemListElement\":[{\"@type\":\"ListItem\",\"position\":1,\"name\":\"Home\",\"item\":\"https:\\\/\\\/www.boxrepsol.com\\\/en\\\/\"},{\"@type\":\"ListItem\",\"position\":2,\"name\":\"Spanish GP: Crash halts Marc M\u00e1rquez&#8217;s impressive fightback\"}]},{\"@type\":\"WebSite\",\"@id\":\"https:\\\/\\\/www.boxrepsol.com\\\/en\\\/#website\",\"url\":\"https:\\\/\\\/www.boxrepsol.com\\\/en\\\/\",\"name\":\"Box Repsol\",\"description\":\"Box Repsol Site\",\"publisher\":{\"@id\":\"https:\\\/\\\/www.boxrepsol.com\\\/en\\\/#organization\"},\"potentialAction\":[{\"@type\":\"SearchAction\",\"target\":{\"@type\":\"EntryPoint\",\"urlTemplate\":\"https:\\\/\\\/www.boxrepsol.com\\\/en\\\/?s={search_term_string}\"},\"query-input\":{\"@type\":\"PropertyValueSpecification\",\"valueRequired\":true,\"valueName\":\"search_term_string\"}}],\"inLanguage\":\"en-US\"},{\"@type\":\"Organization\",\"@id\":\"https:\\\/\\\/www.boxrepsol.com\\\/en\\\/#organization\",\"name\":\"Box Repsol\",\"url\":\"https:\\\/\\\/www.boxrepsol.com\\\/en\\\/\",\"logo\":{\"@type\":\"ImageObject\",\"inLanguage\":\"en-US\",\"@id\":\"https:\\\/\\\/www.boxrepsol.com\\\/en\\\/#\\\/schema\\\/logo\\\/image\\\/\",\"url\":\"https:\\\/\\\/bxrepsol.s3.eu-west-1.amazonaws.com\\\/static\\\/2025\\\/07\\\/30083337\\\/favicon-96x96-1.png\",\"contentUrl\":\"https:\\\/\\\/bxrepsol.s3.eu-west-1.amazonaws.com\\\/static\\\/2025\\\/07\\\/30083337\\\/favicon-96x96-1.png\",\"width\":96,\"height\":96,\"caption\":\"Box Repsol\"},\"image\":{\"@id\":\"https:\\\/\\\/www.boxrepsol.com\\\/en\\\/#\\\/schema\\\/logo\\\/image\\\/\"},\"sameAs\":[\"https:\\\/\\\/www.facebook.com\\\/BoxRepsol\",\"https:\\\/\\\/x.com\\\/box_repsol\",\"http:\\\/\\\/instagram.com\\\/box_repsol\",\"https:\\\/\\\/www.youtube.com\\\/user\\\/RepsolCompeticion\",\"https:\\\/\\\/www.flickr.com\\\/photos\\\/box_repsol\\\/\"]},{\"@type\":\"Person\",\"@id\":\"https:\\\/\\\/www.boxrepsol.com\\\/en\\\/#\\\/schema\\\/person\\\/d9d0f442a4332c7d099d31ffda4747a0\",\"name\":\"bx_ayesa\",\"image\":{\"@type\":\"ImageObject\",\"inLanguage\":\"en-US\",\"@id\":\"https:\\\/\\\/secure.gravatar.com\\\/avatar\\\/059e1b9d3585083708845ba70e8dd968f143ff35f5e0e10cf2d1e7afe2c6a878?s=96&d=mm&r=g\",\"url\":\"https:\\\/\\\/secure.gravatar.com\\\/avatar\\\/059e1b9d3585083708845ba70e8dd968f143ff35f5e0e10cf2d1e7afe2c6a878?s=96&d=mm&r=g\",\"contentUrl\":\"https:\\\/\\\/secure.gravatar.com\\\/avatar\\\/059e1b9d3585083708845ba70e8dd968f143ff35f5e0e10cf2d1e7afe2c6a878?s=96&d=mm&r=g\",\"caption\":\"bx_ayesa\"},\"sameAs\":[\"http:\\\/\\\/54.155.157.200\"],\"url\":\"https:\\\/\\\/www.boxrepsol.com\\\/en\\\/author\\\/bx_ayesa\\\/\"}]}<\/script>\n<!-- \/ Yoast SEO plugin. -->","yoast_head_json":{"title":"Spanish GP: Crash halts Marc M\u00e1rquez's impressive fightback - Box Repsol","description":"Spanish GP: After running off track when leading the race, he climbed thirteen positions until a sudden crash took him out. \u00c1lex M\u00e1rquez finishes twelfth.","canonical":"https:\/\/www.boxrepsol.com\/en\/motogp-en\/spanish-gp-crash-halts-marc-fightback\/","og_locale":"en_US","og_type":"article","og_title":"Spanish GP: Crash halts Marc M\u00e1rquez's impressive fightback - Box Repsol","og_description":"Spanish GP: After running off track when leading the race, he climbed thirteen positions until a sudden crash took him out. \u00c1lex M\u00e1rquez finishes twelfth.","og_url":"https:\/\/www.boxrepsol.com\/en\/motogp-en\/spanish-gp-crash-halts-marc-fightback\/","og_site_name":"Box Repsol","article_publisher":"https:\/\/www.facebook.com\/BoxRepsol","article_published_time":"2020-07-19T02:00:00+00:00","article_modified_time":"2024-10-16T13:14:10+00:00","og_image":[{"width":1280,"height":600,"url":"https:\/\/bxrepsol.s3.eu-west-1.amazonaws.com\/static\/2022\/08\/29092639\/marc-marquez-gp-de-espana-2020-600.jpg","type":"image\/jpeg"}],"author":"bx_ayesa","twitter_card":"summary_large_image","twitter_creator":"@box_repsol","twitter_site":"@box_repsol","twitter_misc":{"Written by":"bx_ayesa","Est. reading time":"1 minute"},"schema":{"@context":"https:\/\/schema.org","@graph":[{"@type":"Article","@id":"https:\/\/www.boxrepsol.com\/en\/motogp-en\/spanish-gp-crash-halts-marc-fightback\/#article","isPartOf":{"@id":"https:\/\/www.boxrepsol.com\/en\/motogp-en\/spanish-gp-crash-halts-marc-fightback\/"},"author":{"name":"bx_ayesa","@id":"https:\/\/www.boxrepsol.com\/en\/#\/schema\/person\/d9d0f442a4332c7d099d31ffda4747a0"},"headline":"Spanish GP: Crash halts Marc M\u00e1rquez&#8217;s impressive fightback","datePublished":"2020-07-19T02:00:00+00:00","dateModified":"2024-10-16T13:14:10+00:00","mainEntityOfPage":{"@id":"https:\/\/www.boxrepsol.com\/en\/motogp-en\/spanish-gp-crash-halts-marc-fightback\/"},"wordCount":267,"commentCount":0,"publisher":{"@id":"https:\/\/www.boxrepsol.com\/en\/#organization"},"image":{"@id":"https:\/\/www.boxrepsol.com\/en\/motogp-en\/spanish-gp-crash-halts-marc-fightback\/#primaryimage"},"thumbnailUrl":"https:\/\/bxrepsol.s3.eu-west-1.amazonaws.com\/static\/2022\/08\/29092639\/marc-marquez-gp-de-espana-2020-600.jpg","keywords":["2020","\u00c1lex M\u00e1rquez","Campeonato del Mundo de Motociclismo","Marc M\u00e1rquez","Marc M\u00e1rquez","Motocycling World Championship","MotoGP Espa\u00f1a","MotoGP Spain"],"articleSection":["MotoGP"],"inLanguage":"en-US","potentialAction":[{"@type":"CommentAction","name":"Comment","target":["https:\/\/www.boxrepsol.com\/en\/motogp-en\/spanish-gp-crash-halts-marc-fightback\/#respond"]}]},{"@type":"WebPage","@id":"https:\/\/www.boxrepsol.com\/en\/motogp-en\/spanish-gp-crash-halts-marc-fightback\/","url":"https:\/\/www.boxrepsol.com\/en\/motogp-en\/spanish-gp-crash-halts-marc-fightback\/","name":"Spanish GP: Crash halts Marc M\u00e1rquez's impressive fightback - Box Repsol","isPartOf":{"@id":"https:\/\/www.boxrepsol.com\/en\/#website"},"primaryImageOfPage":{"@id":"https:\/\/www.boxrepsol.com\/en\/motogp-en\/spanish-gp-crash-halts-marc-fightback\/#primaryimage"},"image":{"@id":"https:\/\/www.boxrepsol.com\/en\/motogp-en\/spanish-gp-crash-halts-marc-fightback\/#primaryimage"},"thumbnailUrl":"https:\/\/bxrepsol.s3.eu-west-1.amazonaws.com\/static\/2022\/08\/29092639\/marc-marquez-gp-de-espana-2020-600.jpg","datePublished":"2020-07-19T02:00:00+00:00","dateModified":"2024-10-16T13:14:10+00:00","description":"Spanish GP: After running off track when leading the race, he climbed thirteen positions until a sudden crash took him out. \u00c1lex M\u00e1rquez finishes twelfth.","breadcrumb":{"@id":"https:\/\/www.boxrepsol.com\/en\/motogp-en\/spanish-gp-crash-halts-marc-fightback\/#breadcrumb"},"inLanguage":"en-US","potentialAction":[{"@type":"ReadAction","target":["https:\/\/www.boxrepsol.com\/en\/motogp-en\/spanish-gp-crash-halts-marc-fightback\/"]}]},{"@type":"ImageObject","inLanguage":"en-US","@id":"https:\/\/www.boxrepsol.com\/en\/motogp-en\/spanish-gp-crash-halts-marc-fightback\/#primaryimage","url":"https:\/\/bxrepsol.s3.eu-west-1.amazonaws.com\/static\/2022\/08\/29092639\/marc-marquez-gp-de-espana-2020-600.jpg","contentUrl":"https:\/\/bxrepsol.s3.eu-west-1.amazonaws.com\/static\/2022\/08\/29092639\/marc-marquez-gp-de-espana-2020-600.jpg","width":1280,"height":600,"caption":"Marc M\u00e1rquez en pista durante el GP de Espa\u00f1a 2020"},{"@type":"BreadcrumbList","@id":"https:\/\/www.boxrepsol.com\/en\/motogp-en\/spanish-gp-crash-halts-marc-fightback\/#breadcrumb","itemListElement":[{"@type":"ListItem","position":1,"name":"Home","item":"https:\/\/www.boxrepsol.com\/en\/"},{"@type":"ListItem","position":2,"name":"Spanish GP: Crash halts Marc M\u00e1rquez&#8217;s impressive fightback"}]},{"@type":"WebSite","@id":"https:\/\/www.boxrepsol.com\/en\/#website","url":"https:\/\/www.boxrepsol.com\/en\/","name":"Box Repsol","description":"Box Repsol Site","publisher":{"@id":"https:\/\/www.boxrepsol.com\/en\/#organization"},"potentialAction":[{"@type":"SearchAction","target":{"@type":"EntryPoint","urlTemplate":"https:\/\/www.boxrepsol.com\/en\/?s={search_term_string}"},"query-input":{"@type":"PropertyValueSpecification","valueRequired":true,"valueName":"search_term_string"}}],"inLanguage":"en-US"},{"@type":"Organization","@id":"https:\/\/www.boxrepsol.com\/en\/#organization","name":"Box Repsol","url":"https:\/\/www.boxrepsol.com\/en\/","logo":{"@type":"ImageObject","inLanguage":"en-US","@id":"https:\/\/www.boxrepsol.com\/en\/#\/schema\/logo\/image\/","url":"https:\/\/bxrepsol.s3.eu-west-1.amazonaws.com\/static\/2025\/07\/30083337\/favicon-96x96-1.png","contentUrl":"https:\/\/bxrepsol.s3.eu-west-1.amazonaws.com\/static\/2025\/07\/30083337\/favicon-96x96-1.png","width":96,"height":96,"caption":"Box Repsol"},"image":{"@id":"https:\/\/www.boxrepsol.com\/en\/#\/schema\/logo\/image\/"},"sameAs":["https:\/\/www.facebook.com\/BoxRepsol","https:\/\/x.com\/box_repsol","http:\/\/instagram.com\/box_repsol","https:\/\/www.youtube.com\/user\/RepsolCompeticion","https:\/\/www.flickr.com\/photos\/box_repsol\/"]},{"@type":"Person","@id":"https:\/\/www.boxrepsol.com\/en\/#\/schema\/person\/d9d0f442a4332c7d099d31ffda4747a0","name":"bx_ayesa","image":{"@type":"ImageObject","inLanguage":"en-US","@id":"https:\/\/secure.gravatar.com\/avatar\/059e1b9d3585083708845ba70e8dd968f143ff35f5e0e10cf2d1e7afe2c6a878?s=96&d=mm&r=g","url":"https:\/\/secure.gravatar.com\/avatar\/059e1b9d3585083708845ba70e8dd968f143ff35f5e0e10cf2d1e7afe2c6a878?s=96&d=mm&r=g","contentUrl":"https:\/\/secure.gravatar.com\/avatar\/059e1b9d3585083708845ba70e8dd968f143ff35f5e0e10cf2d1e7afe2c6a878?s=96&d=mm&r=g","caption":"bx_ayesa"},"sameAs":["http:\/\/54.155.157.200"],"url":"https:\/\/www.boxrepsol.com\/en\/author\/bx_ayesa\/"}]}},"_links":{"self":[{"href":"https:\/\/www.boxrepsol.com\/en\/wp-json\/wp\/v2\/posts\/97945","targetHints":{"allow":["GET"]}}],"collection":[{"href":"https:\/\/www.boxrepsol.com\/en\/wp-json\/wp\/v2\/posts"}],"about":[{"href":"https:\/\/www.boxrepsol.com\/en\/wp-json\/wp\/v2\/types\/post"}],"author":[{"embeddable":true,"href":"https:\/\/www.boxrepsol.com\/en\/wp-json\/wp\/v2\/users\/1"}],"replies":[{"embeddable":true,"href":"https:\/\/www.boxrepsol.com\/en\/wp-json\/wp\/v2\/comments?post=97945"}],"version-history":[{"count":2,"href":"https:\/\/www.boxrepsol.com\/en\/wp-json\/wp\/v2\/posts\/97945\/revisions"}],"predecessor-version":[{"id":121198,"href":"https:\/\/www.boxrepsol.com\/en\/wp-json\/wp\/v2\/posts\/97945\/revisions\/121198"}],"wp:featuredmedia":[{"embeddable":true,"href":"https:\/\/www.boxrepsol.com\/en\/wp-json\/wp\/v2\/media\/64645"}],"wp:attachment":[{"href":"https:\/\/www.boxrepsol.com\/en\/wp-json\/wp\/v2\/media?parent=97945"}],"wp:term":[{"taxonomy":"category","embeddable":true,"href":"https:\/\/www.boxrepsol.com\/en\/wp-json\/wp\/v2\/categories?post=97945"},{"taxonomy":"post_tag","embeddable":true,"href":"https:\/\/www.boxrepsol.com\/en\/wp-json\/wp\/v2\/tags?post=97945"}],"curies":[{"name":"wp","href":"https:\/\/api.w.org\/{rel}","templated":true}]}}