{"id":97942,"date":"2020-07-19T00:00:00","date_gmt":"2020-07-19T02:00:00","guid":{"rendered":"http:\/\/pre.boxrepsol.com\/uncategorized\/garcia-dols-fightback-interrupted-by-a-penalty\/"},"modified":"2023-02-27T07:28:26","modified_gmt":"2023-02-27T09:28:26","slug":"garcia-dols-fightback-interrupted-by-a-penalty","status":"publish","type":"post","link":"https:\/\/www.boxrepsol.com\/en\/moto3-en\/garcia-dols-fightback-interrupted-by-a-penalty\/","title":{"rendered":"Garc\u00eda Dols fightback interrupted by a penalty"},"content":{"rendered":"<p>Gran salida de <strong>Sergio Garc\u00eda Dols<\/strong>, que saliendo \u00faltimo ha llegado a ponerse noveno en apenas cinco vueltas de la carrera.<\/p>\n<p>El piloto Repsol se ha mantenido en el top 15 durante varias vueltas, hasta que se ha visto penalizado con un \u201clong lap\u201d por haber excedido el l\u00edmite de la pista reiteradamente, terminando finalmente decimos\u00e9ptimo.<\/p>\n<p><strong>Ryusei Yamanaka<\/strong> ha realizado carrera constante, manteniendo un buen ritmo y luchando para acabar entre los quince primeros clasificados. El piloto japon\u00e9s ha terminado finalmente decimosexto a las puertas de sumar puntos.<\/p>\n<p>                <!-- Imagen relacionada --><br \/>\n        <img loading=\"lazy\" decoding=\"async\" width=\"404\" height=\"336\" src=\"https:\/\/bxrepsol.s3.eu-west-1.amazonaws.com\/static\/2022\/08\/09104016\/marc-marquez-gp-espana-2020-pista-2.jpg\" alt=\"Marc M\u00e1rquez en pista durante el GP de Espa\u00f1a 2020\" \/><br \/>\n                <!-- Categor\u00eda --><br \/>\n            MotoGP<br \/>\n        <!-- T\u00edtulo --><br \/>\n        <a href=\"https:\/\/www.boxrepsol.com\/es\/motogp\/gp-de-espana-2020-marc-marquez-primera-fila\/\"><\/p>\n<h3>GP de Espa\u00f1a: Marc M\u00e1rquez estrenar\u00e1 la temporada 2020 desde la primer&#8230;<\/h3>\n<p>        <\/a><br \/>\n                    <!-- Fecha --><br \/>\n            hace 1 hora        <\/p>\n<h2>GP de Espa\u00f1a Moto3 2020 &#8211; Carrera &#8211; Declaraciones de los pilotos<\/h2>\n<h3>Sergio Garc\u00eda Dols<\/h3>\n<p><em><strong>He perdido mucho agarre. <\/strong> \u201cHe rodado en las dos jornadas de entrenamientos sin encontrar el feeling con la moto. Sal\u00edamos \u00faltimos en carrera porque ayer no nos fue bien en la clasificatoria. He salido a dar el m\u00e1ximo y he podido recuperar posiciones hasta llegar a los diez primeros pero, a medida que avanzaba la carrera, iba perdiendo agarre. No pilotaba a gusto y despu\u00e9s me han comunicado la penalizaci\u00f3n -long lap-. Espero que en el pr\u00f3ximo Gran Premio, en este mismo circuito, nos salga todo mejor\u201d.<\/em><\/p>\n<hr\/>\n<h3>Ryusei Yamanaka<\/h3>\n<p><em><strong> Los tiempos no eran malos<\/strong> \u201cEstoy contento del inicio de carrera. He intentado tirar fuerte en cada curva ya que me sent\u00eda c\u00f3modo, pero a mitad de carrera los neum\u00e1ticos han ido perdiendo agarre. Con esto, me ha costado mucho mantenerme en el grupo. La posici\u00f3n no es la mejor, pero lo bueno es que el tiempo de vuelta es muy parecido al del grupo delantero. Veremos la semana que viene; intentaremos lograr mejor posici\u00f3n en la parrilla del domingo\u201d.<br \/>\n<\/em><\/p>\n","protected":false},"excerpt":{"rendered":"<p>The Repsol rider started last and reached the Top 10, but a sanction led him to finish seventeenth -one position behind teammate Ryusei Yamanaka.<\/p>\n","protected":false},"author":1,"featured_media":64632,"comment_status":"open","ping_status":"open","sticky":false,"template":"","format":"standard","meta":{"footnotes":""},"categories":[262],"tags":[191,279,210],"class_list":["post-97942","post","type-post","status-publish","format-standard","hentry","category-moto3-en","tag-191","tag-campeonato-del-mundo-de-motociclismo-en","tag-motocycling-world-championship"],"yoast_head":"<!-- This site is optimized with the Yoast SEO plugin v27.3 - https:\/\/yoast.com\/product\/yoast-seo-wordpress\/ -->\n<title>Garc\u00eda Dols fightback interrupted by a penalty - Box Repsol<\/title>\n<meta name=\"description\" content=\"The Repsol rider started last and reached the Top 10, but a sanction led him to finish seventeenth -one position behind teammate Ryusei Yamanaka.\" \/>\n<link rel=\"canonical\" href=\"https:\/\/www.boxrepsol.com\/en\/moto3-en\/garcia-dols-fightback-interrupted-by-a-penalty\/\" \/>\n<meta property=\"og:locale\" content=\"en_US\" \/>\n<meta property=\"og:type\" content=\"article\" \/>\n<meta property=\"og:title\" content=\"Garc\u00eda Dols fightback interrupted by a penalty - Box Repsol\" \/>\n<meta property=\"og:description\" content=\"The Repsol rider started last and reached the Top 10, but a sanction led him to finish seventeenth -one position behind teammate Ryusei Yamanaka.\" \/>\n<meta property=\"og:url\" content=\"https:\/\/www.boxrepsol.com\/en\/moto3-en\/garcia-dols-fightback-interrupted-by-a-penalty\/\" \/>\n<meta property=\"og:site_name\" content=\"Box Repsol\" \/>\n<meta property=\"article:publisher\" content=\"https:\/\/www.facebook.com\/BoxRepsol\" \/>\n<meta property=\"article:published_time\" content=\"2020-07-19T02:00:00+00:00\" \/>\n<meta property=\"article:modified_time\" content=\"2023-02-27T09:28:26+00:00\" \/>\n<meta property=\"og:image\" content=\"https:\/\/bxrepsol.s3.eu-west-1.amazonaws.com\/static\/2022\/08\/29092626\/carrera-gp-de-espana-2020-moto3.jpg\" \/>\n\t<meta property=\"og:image:width\" content=\"1280\" \/>\n\t<meta property=\"og:image:height\" content=\"721\" \/>\n\t<meta property=\"og:image:type\" content=\"image\/jpeg\" \/>\n<meta name=\"author\" content=\"bx_ayesa\" \/>\n<meta name=\"twitter:card\" content=\"summary_large_image\" \/>\n<meta name=\"twitter:creator\" content=\"@box_repsol\" \/>\n<meta name=\"twitter:site\" content=\"@box_repsol\" \/>\n<meta name=\"twitter:label1\" content=\"Written by\" \/>\n\t<meta name=\"twitter:data1\" content=\"bx_ayesa\" \/>\n\t<meta name=\"twitter:label2\" content=\"Est. reading time\" \/>\n\t<meta name=\"twitter:data2\" content=\"2 minutes\" \/>\n<script type=\"application\/ld+json\" class=\"yoast-schema-graph\">{\"@context\":\"https:\\\/\\\/schema.org\",\"@graph\":[{\"@type\":\"Article\",\"@id\":\"https:\\\/\\\/www.boxrepsol.com\\\/en\\\/moto3-en\\\/garcia-dols-fightback-interrupted-by-a-penalty\\\/#article\",\"isPartOf\":{\"@id\":\"https:\\\/\\\/www.boxrepsol.com\\\/en\\\/moto3-en\\\/garcia-dols-fightback-interrupted-by-a-penalty\\\/\"},\"author\":{\"name\":\"bx_ayesa\",\"@id\":\"https:\\\/\\\/www.boxrepsol.com\\\/en\\\/#\\\/schema\\\/person\\\/d9d0f442a4332c7d099d31ffda4747a0\"},\"headline\":\"Garc\u00eda Dols fightback interrupted by a penalty\",\"datePublished\":\"2020-07-19T02:00:00+00:00\",\"dateModified\":\"2023-02-27T09:28:26+00:00\",\"mainEntityOfPage\":{\"@id\":\"https:\\\/\\\/www.boxrepsol.com\\\/en\\\/moto3-en\\\/garcia-dols-fightback-interrupted-by-a-penalty\\\/\"},\"wordCount\":310,\"commentCount\":0,\"publisher\":{\"@id\":\"https:\\\/\\\/www.boxrepsol.com\\\/en\\\/#organization\"},\"image\":{\"@id\":\"https:\\\/\\\/www.boxrepsol.com\\\/en\\\/moto3-en\\\/garcia-dols-fightback-interrupted-by-a-penalty\\\/#primaryimage\"},\"thumbnailUrl\":\"https:\\\/\\\/bxrepsol.s3.eu-west-1.amazonaws.com\\\/static\\\/2022\\\/08\\\/29092626\\\/carrera-gp-de-espana-2020-moto3.jpg\",\"keywords\":[\"2020\",\"Campeonato del Mundo de Motociclismo\",\"Motocycling World Championship\"],\"articleSection\":[\"Moto3\"],\"inLanguage\":\"en-US\",\"potentialAction\":[{\"@type\":\"CommentAction\",\"name\":\"Comment\",\"target\":[\"https:\\\/\\\/www.boxrepsol.com\\\/en\\\/moto3-en\\\/garcia-dols-fightback-interrupted-by-a-penalty\\\/#respond\"]}]},{\"@type\":\"WebPage\",\"@id\":\"https:\\\/\\\/www.boxrepsol.com\\\/en\\\/moto3-en\\\/garcia-dols-fightback-interrupted-by-a-penalty\\\/\",\"url\":\"https:\\\/\\\/www.boxrepsol.com\\\/en\\\/moto3-en\\\/garcia-dols-fightback-interrupted-by-a-penalty\\\/\",\"name\":\"Garc\u00eda Dols fightback interrupted by a penalty - Box Repsol\",\"isPartOf\":{\"@id\":\"https:\\\/\\\/www.boxrepsol.com\\\/en\\\/#website\"},\"primaryImageOfPage\":{\"@id\":\"https:\\\/\\\/www.boxrepsol.com\\\/en\\\/moto3-en\\\/garcia-dols-fightback-interrupted-by-a-penalty\\\/#primaryimage\"},\"image\":{\"@id\":\"https:\\\/\\\/www.boxrepsol.com\\\/en\\\/moto3-en\\\/garcia-dols-fightback-interrupted-by-a-penalty\\\/#primaryimage\"},\"thumbnailUrl\":\"https:\\\/\\\/bxrepsol.s3.eu-west-1.amazonaws.com\\\/static\\\/2022\\\/08\\\/29092626\\\/carrera-gp-de-espana-2020-moto3.jpg\",\"datePublished\":\"2020-07-19T02:00:00+00:00\",\"dateModified\":\"2023-02-27T09:28:26+00:00\",\"description\":\"The Repsol rider started last and reached the Top 10, but a sanction led him to finish seventeenth -one position behind teammate Ryusei Yamanaka.\",\"breadcrumb\":{\"@id\":\"https:\\\/\\\/www.boxrepsol.com\\\/en\\\/moto3-en\\\/garcia-dols-fightback-interrupted-by-a-penalty\\\/#breadcrumb\"},\"inLanguage\":\"en-US\",\"potentialAction\":[{\"@type\":\"ReadAction\",\"target\":[\"https:\\\/\\\/www.boxrepsol.com\\\/en\\\/moto3-en\\\/garcia-dols-fightback-interrupted-by-a-penalty\\\/\"]}]},{\"@type\":\"ImageObject\",\"inLanguage\":\"en-US\",\"@id\":\"https:\\\/\\\/www.boxrepsol.com\\\/en\\\/moto3-en\\\/garcia-dols-fightback-interrupted-by-a-penalty\\\/#primaryimage\",\"url\":\"https:\\\/\\\/bxrepsol.s3.eu-west-1.amazonaws.com\\\/static\\\/2022\\\/08\\\/29092626\\\/carrera-gp-de-espana-2020-moto3.jpg\",\"contentUrl\":\"https:\\\/\\\/bxrepsol.s3.eu-west-1.amazonaws.com\\\/static\\\/2022\\\/08\\\/29092626\\\/carrera-gp-de-espana-2020-moto3.jpg\",\"width\":1280,\"height\":721,\"caption\":\"Sergio Garc\u00eda Dols y\"},{\"@type\":\"BreadcrumbList\",\"@id\":\"https:\\\/\\\/www.boxrepsol.com\\\/en\\\/moto3-en\\\/garcia-dols-fightback-interrupted-by-a-penalty\\\/#breadcrumb\",\"itemListElement\":[{\"@type\":\"ListItem\",\"position\":1,\"name\":\"Home\",\"item\":\"https:\\\/\\\/www.boxrepsol.com\\\/en\\\/\"},{\"@type\":\"ListItem\",\"position\":2,\"name\":\"Garc\u00eda Dols fightback interrupted by a penalty\"}]},{\"@type\":\"WebSite\",\"@id\":\"https:\\\/\\\/www.boxrepsol.com\\\/en\\\/#website\",\"url\":\"https:\\\/\\\/www.boxrepsol.com\\\/en\\\/\",\"name\":\"Box Repsol\",\"description\":\"Box Repsol Site\",\"publisher\":{\"@id\":\"https:\\\/\\\/www.boxrepsol.com\\\/en\\\/#organization\"},\"potentialAction\":[{\"@type\":\"SearchAction\",\"target\":{\"@type\":\"EntryPoint\",\"urlTemplate\":\"https:\\\/\\\/www.boxrepsol.com\\\/en\\\/?s={search_term_string}\"},\"query-input\":{\"@type\":\"PropertyValueSpecification\",\"valueRequired\":true,\"valueName\":\"search_term_string\"}}],\"inLanguage\":\"en-US\"},{\"@type\":\"Organization\",\"@id\":\"https:\\\/\\\/www.boxrepsol.com\\\/en\\\/#organization\",\"name\":\"Box Repsol\",\"url\":\"https:\\\/\\\/www.boxrepsol.com\\\/en\\\/\",\"logo\":{\"@type\":\"ImageObject\",\"inLanguage\":\"en-US\",\"@id\":\"https:\\\/\\\/www.boxrepsol.com\\\/en\\\/#\\\/schema\\\/logo\\\/image\\\/\",\"url\":\"https:\\\/\\\/bxrepsol.s3.eu-west-1.amazonaws.com\\\/static\\\/2025\\\/07\\\/30083337\\\/favicon-96x96-1.png\",\"contentUrl\":\"https:\\\/\\\/bxrepsol.s3.eu-west-1.amazonaws.com\\\/static\\\/2025\\\/07\\\/30083337\\\/favicon-96x96-1.png\",\"width\":96,\"height\":96,\"caption\":\"Box Repsol\"},\"image\":{\"@id\":\"https:\\\/\\\/www.boxrepsol.com\\\/en\\\/#\\\/schema\\\/logo\\\/image\\\/\"},\"sameAs\":[\"https:\\\/\\\/www.facebook.com\\\/BoxRepsol\",\"https:\\\/\\\/x.com\\\/box_repsol\",\"http:\\\/\\\/instagram.com\\\/box_repsol\",\"https:\\\/\\\/www.youtube.com\\\/user\\\/RepsolCompeticion\",\"https:\\\/\\\/www.flickr.com\\\/photos\\\/box_repsol\\\/\"]},{\"@type\":\"Person\",\"@id\":\"https:\\\/\\\/www.boxrepsol.com\\\/en\\\/#\\\/schema\\\/person\\\/d9d0f442a4332c7d099d31ffda4747a0\",\"name\":\"bx_ayesa\",\"image\":{\"@type\":\"ImageObject\",\"inLanguage\":\"en-US\",\"@id\":\"https:\\\/\\\/secure.gravatar.com\\\/avatar\\\/059e1b9d3585083708845ba70e8dd968f143ff35f5e0e10cf2d1e7afe2c6a878?s=96&d=mm&r=g\",\"url\":\"https:\\\/\\\/secure.gravatar.com\\\/avatar\\\/059e1b9d3585083708845ba70e8dd968f143ff35f5e0e10cf2d1e7afe2c6a878?s=96&d=mm&r=g\",\"contentUrl\":\"https:\\\/\\\/secure.gravatar.com\\\/avatar\\\/059e1b9d3585083708845ba70e8dd968f143ff35f5e0e10cf2d1e7afe2c6a878?s=96&d=mm&r=g\",\"caption\":\"bx_ayesa\"},\"sameAs\":[\"http:\\\/\\\/54.155.157.200\"],\"url\":\"https:\\\/\\\/www.boxrepsol.com\\\/en\\\/author\\\/bx_ayesa\\\/\"}]}<\/script>\n<!-- \/ Yoast SEO plugin. -->","yoast_head_json":{"title":"Garc\u00eda Dols fightback interrupted by a penalty - Box Repsol","description":"The Repsol rider started last and reached the Top 10, but a sanction led him to finish seventeenth -one position behind teammate Ryusei Yamanaka.","canonical":"https:\/\/www.boxrepsol.com\/en\/moto3-en\/garcia-dols-fightback-interrupted-by-a-penalty\/","og_locale":"en_US","og_type":"article","og_title":"Garc\u00eda Dols fightback interrupted by a penalty - Box Repsol","og_description":"The Repsol rider started last and reached the Top 10, but a sanction led him to finish seventeenth -one position behind teammate Ryusei Yamanaka.","og_url":"https:\/\/www.boxrepsol.com\/en\/moto3-en\/garcia-dols-fightback-interrupted-by-a-penalty\/","og_site_name":"Box Repsol","article_publisher":"https:\/\/www.facebook.com\/BoxRepsol","article_published_time":"2020-07-19T02:00:00+00:00","article_modified_time":"2023-02-27T09:28:26+00:00","og_image":[{"width":1280,"height":721,"url":"https:\/\/bxrepsol.s3.eu-west-1.amazonaws.com\/static\/2022\/08\/29092626\/carrera-gp-de-espana-2020-moto3.jpg","type":"image\/jpeg"}],"author":"bx_ayesa","twitter_card":"summary_large_image","twitter_creator":"@box_repsol","twitter_site":"@box_repsol","twitter_misc":{"Written by":"bx_ayesa","Est. reading time":"2 minutes"},"schema":{"@context":"https:\/\/schema.org","@graph":[{"@type":"Article","@id":"https:\/\/www.boxrepsol.com\/en\/moto3-en\/garcia-dols-fightback-interrupted-by-a-penalty\/#article","isPartOf":{"@id":"https:\/\/www.boxrepsol.com\/en\/moto3-en\/garcia-dols-fightback-interrupted-by-a-penalty\/"},"author":{"name":"bx_ayesa","@id":"https:\/\/www.boxrepsol.com\/en\/#\/schema\/person\/d9d0f442a4332c7d099d31ffda4747a0"},"headline":"Garc\u00eda Dols fightback interrupted by a penalty","datePublished":"2020-07-19T02:00:00+00:00","dateModified":"2023-02-27T09:28:26+00:00","mainEntityOfPage":{"@id":"https:\/\/www.boxrepsol.com\/en\/moto3-en\/garcia-dols-fightback-interrupted-by-a-penalty\/"},"wordCount":310,"commentCount":0,"publisher":{"@id":"https:\/\/www.boxrepsol.com\/en\/#organization"},"image":{"@id":"https:\/\/www.boxrepsol.com\/en\/moto3-en\/garcia-dols-fightback-interrupted-by-a-penalty\/#primaryimage"},"thumbnailUrl":"https:\/\/bxrepsol.s3.eu-west-1.amazonaws.com\/static\/2022\/08\/29092626\/carrera-gp-de-espana-2020-moto3.jpg","keywords":["2020","Campeonato del Mundo de Motociclismo","Motocycling World Championship"],"articleSection":["Moto3"],"inLanguage":"en-US","potentialAction":[{"@type":"CommentAction","name":"Comment","target":["https:\/\/www.boxrepsol.com\/en\/moto3-en\/garcia-dols-fightback-interrupted-by-a-penalty\/#respond"]}]},{"@type":"WebPage","@id":"https:\/\/www.boxrepsol.com\/en\/moto3-en\/garcia-dols-fightback-interrupted-by-a-penalty\/","url":"https:\/\/www.boxrepsol.com\/en\/moto3-en\/garcia-dols-fightback-interrupted-by-a-penalty\/","name":"Garc\u00eda Dols fightback interrupted by a penalty - Box Repsol","isPartOf":{"@id":"https:\/\/www.boxrepsol.com\/en\/#website"},"primaryImageOfPage":{"@id":"https:\/\/www.boxrepsol.com\/en\/moto3-en\/garcia-dols-fightback-interrupted-by-a-penalty\/#primaryimage"},"image":{"@id":"https:\/\/www.boxrepsol.com\/en\/moto3-en\/garcia-dols-fightback-interrupted-by-a-penalty\/#primaryimage"},"thumbnailUrl":"https:\/\/bxrepsol.s3.eu-west-1.amazonaws.com\/static\/2022\/08\/29092626\/carrera-gp-de-espana-2020-moto3.jpg","datePublished":"2020-07-19T02:00:00+00:00","dateModified":"2023-02-27T09:28:26+00:00","description":"The Repsol rider started last and reached the Top 10, but a sanction led him to finish seventeenth -one position behind teammate Ryusei Yamanaka.","breadcrumb":{"@id":"https:\/\/www.boxrepsol.com\/en\/moto3-en\/garcia-dols-fightback-interrupted-by-a-penalty\/#breadcrumb"},"inLanguage":"en-US","potentialAction":[{"@type":"ReadAction","target":["https:\/\/www.boxrepsol.com\/en\/moto3-en\/garcia-dols-fightback-interrupted-by-a-penalty\/"]}]},{"@type":"ImageObject","inLanguage":"en-US","@id":"https:\/\/www.boxrepsol.com\/en\/moto3-en\/garcia-dols-fightback-interrupted-by-a-penalty\/#primaryimage","url":"https:\/\/bxrepsol.s3.eu-west-1.amazonaws.com\/static\/2022\/08\/29092626\/carrera-gp-de-espana-2020-moto3.jpg","contentUrl":"https:\/\/bxrepsol.s3.eu-west-1.amazonaws.com\/static\/2022\/08\/29092626\/carrera-gp-de-espana-2020-moto3.jpg","width":1280,"height":721,"caption":"Sergio Garc\u00eda Dols y"},{"@type":"BreadcrumbList","@id":"https:\/\/www.boxrepsol.com\/en\/moto3-en\/garcia-dols-fightback-interrupted-by-a-penalty\/#breadcrumb","itemListElement":[{"@type":"ListItem","position":1,"name":"Home","item":"https:\/\/www.boxrepsol.com\/en\/"},{"@type":"ListItem","position":2,"name":"Garc\u00eda Dols fightback interrupted by a penalty"}]},{"@type":"WebSite","@id":"https:\/\/www.boxrepsol.com\/en\/#website","url":"https:\/\/www.boxrepsol.com\/en\/","name":"Box Repsol","description":"Box Repsol Site","publisher":{"@id":"https:\/\/www.boxrepsol.com\/en\/#organization"},"potentialAction":[{"@type":"SearchAction","target":{"@type":"EntryPoint","urlTemplate":"https:\/\/www.boxrepsol.com\/en\/?s={search_term_string}"},"query-input":{"@type":"PropertyValueSpecification","valueRequired":true,"valueName":"search_term_string"}}],"inLanguage":"en-US"},{"@type":"Organization","@id":"https:\/\/www.boxrepsol.com\/en\/#organization","name":"Box Repsol","url":"https:\/\/www.boxrepsol.com\/en\/","logo":{"@type":"ImageObject","inLanguage":"en-US","@id":"https:\/\/www.boxrepsol.com\/en\/#\/schema\/logo\/image\/","url":"https:\/\/bxrepsol.s3.eu-west-1.amazonaws.com\/static\/2025\/07\/30083337\/favicon-96x96-1.png","contentUrl":"https:\/\/bxrepsol.s3.eu-west-1.amazonaws.com\/static\/2025\/07\/30083337\/favicon-96x96-1.png","width":96,"height":96,"caption":"Box Repsol"},"image":{"@id":"https:\/\/www.boxrepsol.com\/en\/#\/schema\/logo\/image\/"},"sameAs":["https:\/\/www.facebook.com\/BoxRepsol","https:\/\/x.com\/box_repsol","http:\/\/instagram.com\/box_repsol","https:\/\/www.youtube.com\/user\/RepsolCompeticion","https:\/\/www.flickr.com\/photos\/box_repsol\/"]},{"@type":"Person","@id":"https:\/\/www.boxrepsol.com\/en\/#\/schema\/person\/d9d0f442a4332c7d099d31ffda4747a0","name":"bx_ayesa","image":{"@type":"ImageObject","inLanguage":"en-US","@id":"https:\/\/secure.gravatar.com\/avatar\/059e1b9d3585083708845ba70e8dd968f143ff35f5e0e10cf2d1e7afe2c6a878?s=96&d=mm&r=g","url":"https:\/\/secure.gravatar.com\/avatar\/059e1b9d3585083708845ba70e8dd968f143ff35f5e0e10cf2d1e7afe2c6a878?s=96&d=mm&r=g","contentUrl":"https:\/\/secure.gravatar.com\/avatar\/059e1b9d3585083708845ba70e8dd968f143ff35f5e0e10cf2d1e7afe2c6a878?s=96&d=mm&r=g","caption":"bx_ayesa"},"sameAs":["http:\/\/54.155.157.200"],"url":"https:\/\/www.boxrepsol.com\/en\/author\/bx_ayesa\/"}]}},"_links":{"self":[{"href":"https:\/\/www.boxrepsol.com\/en\/wp-json\/wp\/v2\/posts\/97942","targetHints":{"allow":["GET"]}}],"collection":[{"href":"https:\/\/www.boxrepsol.com\/en\/wp-json\/wp\/v2\/posts"}],"about":[{"href":"https:\/\/www.boxrepsol.com\/en\/wp-json\/wp\/v2\/types\/post"}],"author":[{"embeddable":true,"href":"https:\/\/www.boxrepsol.com\/en\/wp-json\/wp\/v2\/users\/1"}],"replies":[{"embeddable":true,"href":"https:\/\/www.boxrepsol.com\/en\/wp-json\/wp\/v2\/comments?post=97942"}],"version-history":[{"count":1,"href":"https:\/\/www.boxrepsol.com\/en\/wp-json\/wp\/v2\/posts\/97942\/revisions"}],"predecessor-version":[{"id":97943,"href":"https:\/\/www.boxrepsol.com\/en\/wp-json\/wp\/v2\/posts\/97942\/revisions\/97943"}],"wp:featuredmedia":[{"embeddable":true,"href":"https:\/\/www.boxrepsol.com\/en\/wp-json\/wp\/v2\/media\/64632"}],"wp:attachment":[{"href":"https:\/\/www.boxrepsol.com\/en\/wp-json\/wp\/v2\/media?parent=97942"}],"wp:term":[{"taxonomy":"category","embeddable":true,"href":"https:\/\/www.boxrepsol.com\/en\/wp-json\/wp\/v2\/categories?post=97942"},{"taxonomy":"post_tag","embeddable":true,"href":"https:\/\/www.boxrepsol.com\/en\/wp-json\/wp\/v2\/tags?post=97942"}],"curies":[{"name":"wp","href":"https:\/\/api.w.org\/{rel}","templated":true}]}}