{"id":97929,"date":"2020-07-08T00:00:00","date_gmt":"2020-07-08T02:00:00","guid":{"rendered":"http:\/\/pre.boxrepsol.com\/uncategorized\/artigas-montella-alonso-winners-fim-cev-repsol\/"},"modified":"2023-02-27T07:27:56","modified_gmt":"2023-02-27T09:27:56","slug":"artigas-montella-alonso-winners-fim-cev-repsol","status":"publish","type":"post","link":"https:\/\/www.boxrepsol.com\/en\/uncategorized\/artigas-montella-alonso-winners-fim-cev-repsol\/","title":{"rendered":"Artigas, Montella and Alonso all winners at first FIM CEV Repsol round of the season"},"content":{"rendered":"<p><strong>Xavier Artigas<\/strong> kicked off the year in the FIM CEV Repsol with a tight victory in the <strong>FIM Moto3\u2122 Junior World Championship<\/strong>, edging out Pedro Acosta and Adri\u00e1n Fern\u00e1ndez by just three tenths of a second in a very tight finale.<\/p>\n<p>In the first race for the Moto2 class, <strong>Yari Montella<\/strong> put in a great performance to beat Niki Tuuli and Lukas Tulovic for the win. The Speed Up rider has proven to be one of the riders to watch out for in 2020, and claimed his triumph from seventh on the grid.<\/p>\n<p>In Race 2, Montella once again dominated from start to finish, this time taking the chequered flag followed by Tuuli and Alessando Zaccone. The three-man group broke away from the fight for fourth place between Alejandro Medina, Xavier Cardel\u00fas and Taiga Hada, and never let them back into contention.<\/p>\n<p>                    <a\n                        href=\"https:\/\/bxrepsol.s3.eu-west-1.amazonaws.com\/static\/2022\/08\/05073659\/yari-montella-estoril-ganadores-fim-cev-repsol.jpg\"\n                        data-index=\"0\"\n                    ><br \/>\n                        <img decoding=\"async\"\n                            src=\"https:\/\/bxrepsol.s3.eu-west-1.amazonaws.com\/static\/2022\/08\/05073659\/yari-montella-estoril-ganadores-fim-cev-repsol.jpg\"\n                            srcset=\"https:\/\/bxrepsol.s3.eu-west-1.amazonaws.com\/static\/2022\/08\/05073659\/yari-montella-estoril-ganadores-fim-cev-repsol.jpg 1280w, https:\/\/bxrepsol.s3.eu-west-1.amazonaws.com\/static\/2022\/08\/05073659\/yari-montella-estoril-ganadores-fim-cev-repsol.jpg 900w, https:\/\/bxrepsol.s3.eu-west-1.amazonaws.com\/static\/2022\/08\/05073659\/yari-montella-estoril-ganadores-fim-cev-repsol.jpg 600w, https:\/\/bxrepsol.s3.eu-west-1.amazonaws.com\/static\/2022\/08\/05073659\/yari-montella-estoril-ganadores-fim-cev-repsol.jpg 480w, https:\/\/bxrepsol.s3.eu-west-1.amazonaws.com\/static\/2022\/08\/05073659\/yari-montella-estoril-ganadores-fim-cev-repsol.jpg 32w\"\n                            title=\"yari-montella-estoril-ganadores-fim-cev-repsol\"\n                            alt=\"Yari Montella en el podio ganadores fim cev repsol 2020\"\n                            data-title=\"\"><br \/>\n                    <\/a><br \/>\n                    <a\n                        href=\"https:\/\/bxrepsol.s3.eu-west-1.amazonaws.com\/static\/2022\/08\/05073701\/fim-cev-repsol-estoril-piloto-2020.jpg\"\n                        data-index=\"1\"\n                    ><br \/>\n                        <img decoding=\"async\"\n                            src=\"https:\/\/bxrepsol.s3.eu-west-1.amazonaws.com\/static\/2022\/08\/05073701\/fim-cev-repsol-estoril-piloto-2020.jpg\"\n                            srcset=\"https:\/\/bxrepsol.s3.eu-west-1.amazonaws.com\/static\/2022\/08\/05073701\/fim-cev-repsol-estoril-piloto-2020.jpg 1280w, https:\/\/bxrepsol.s3.eu-west-1.amazonaws.com\/static\/2022\/08\/05073701\/fim-cev-repsol-estoril-piloto-2020.jpg 900w, https:\/\/bxrepsol.s3.eu-west-1.amazonaws.com\/static\/2022\/08\/05073701\/fim-cev-repsol-estoril-piloto-2020.jpg 600w, https:\/\/bxrepsol.s3.eu-west-1.amazonaws.com\/static\/2022\/08\/05073701\/fim-cev-repsol-estoril-piloto-2020.jpg 480w, https:\/\/bxrepsol.s3.eu-west-1.amazonaws.com\/static\/2022\/08\/05073701\/fim-cev-repsol-estoril-piloto-2020.jpg 32w\"\n                            title=\"fim-cev-repsol-estoril-piloto-2020\"\n                            alt=\"Piloto del fim cev repsol 2020 en pista\"\n                            data-title=\"\"><br \/>\n                    <\/a><br \/>\n                    <a\n                        href=\"https:\/\/bxrepsol.s3.eu-west-1.amazonaws.com\/static\/2022\/08\/05073703\/xavier-artigas-estoril-ganadores-fim-cev-repsol.jpg\"\n                        data-index=\"2\"\n                    ><br \/>\n                        <img decoding=\"async\"\n                            src=\"https:\/\/bxrepsol.s3.eu-west-1.amazonaws.com\/static\/2022\/08\/05073703\/xavier-artigas-estoril-ganadores-fim-cev-repsol.jpg\"\n                            srcset=\"https:\/\/bxrepsol.s3.eu-west-1.amazonaws.com\/static\/2022\/08\/05073703\/xavier-artigas-estoril-ganadores-fim-cev-repsol.jpg 1280w, https:\/\/bxrepsol.s3.eu-west-1.amazonaws.com\/static\/2022\/08\/05073703\/xavier-artigas-estoril-ganadores-fim-cev-repsol.jpg 900w, https:\/\/bxrepsol.s3.eu-west-1.amazonaws.com\/static\/2022\/08\/05073703\/xavier-artigas-estoril-ganadores-fim-cev-repsol.jpg 600w, https:\/\/bxrepsol.s3.eu-west-1.amazonaws.com\/static\/2022\/08\/05073703\/xavier-artigas-estoril-ganadores-fim-cev-repsol.jpg 480w, https:\/\/bxrepsol.s3.eu-west-1.amazonaws.com\/static\/2022\/08\/05073703\/xavier-artigas-estoril-ganadores-fim-cev-repsol.jpg 32w\"\n                            title=\"xavier-artigas-estoril-ganadores-fim-cev-repsol\"\n                            alt=\"Xavier Artigas en el podio ganadores fim cev repsol 2020\"\n                            data-title=\"\"><br \/>\n                    <\/a><br \/>\n                    <a\n                        href=\"https:\/\/bxrepsol.s3.eu-west-1.amazonaws.com\/static\/2022\/08\/05073704\/fim-cev-repsol-estoril-peloton-moto2-2020.jpg\"\n                        data-index=\"3\"\n                    ><br \/>\n                        <img decoding=\"async\"\n                            src=\"https:\/\/bxrepsol.s3.eu-west-1.amazonaws.com\/static\/2022\/08\/05073704\/fim-cev-repsol-estoril-peloton-moto2-2020.jpg\"\n                            srcset=\"https:\/\/bxrepsol.s3.eu-west-1.amazonaws.com\/static\/2022\/08\/05073704\/fim-cev-repsol-estoril-peloton-moto2-2020.jpg 1280w, https:\/\/bxrepsol.s3.eu-west-1.amazonaws.com\/static\/2022\/08\/05073704\/fim-cev-repsol-estoril-peloton-moto2-2020.jpg 900w, https:\/\/bxrepsol.s3.eu-west-1.amazonaws.com\/static\/2022\/08\/05073704\/fim-cev-repsol-estoril-peloton-moto2-2020.jpg 600w, https:\/\/bxrepsol.s3.eu-west-1.amazonaws.com\/static\/2022\/08\/05073704\/fim-cev-repsol-estoril-peloton-moto2-2020.jpg 480w, https:\/\/bxrepsol.s3.eu-west-1.amazonaws.com\/static\/2022\/08\/05073704\/fim-cev-repsol-estoril-peloton-moto2-2020.jpg 32w\"\n                            title=\"fim-cev-repsol-estoril-peloton-moto2-2020\"\n                            alt=\"Grupo de pilotos del fim cev repsol 2020 en pista\"\n                            data-title=\"\"><br \/>\n                    <\/a><br \/>\n                    <a\n                        href=\"https:\/\/bxrepsol.s3.eu-west-1.amazonaws.com\/static\/2022\/08\/05073705\/david-alonso-estoril-ganadores-fim-cev-repsol.jpg\"\n                        data-index=\"4\"\n                    ><br \/>\n                        <img decoding=\"async\"\n                            src=\"https:\/\/bxrepsol.s3.eu-west-1.amazonaws.com\/static\/2022\/08\/05073705\/david-alonso-estoril-ganadores-fim-cev-repsol.jpg\"\n                            srcset=\"https:\/\/bxrepsol.s3.eu-west-1.amazonaws.com\/static\/2022\/08\/05073705\/david-alonso-estoril-ganadores-fim-cev-repsol.jpg 1280w, https:\/\/bxrepsol.s3.eu-west-1.amazonaws.com\/static\/2022\/08\/05073705\/david-alonso-estoril-ganadores-fim-cev-repsol.jpg 900w, https:\/\/bxrepsol.s3.eu-west-1.amazonaws.com\/static\/2022\/08\/05073705\/david-alonso-estoril-ganadores-fim-cev-repsol.jpg 600w, https:\/\/bxrepsol.s3.eu-west-1.amazonaws.com\/static\/2022\/08\/05073705\/david-alonso-estoril-ganadores-fim-cev-repsol.jpg 480w, https:\/\/bxrepsol.s3.eu-west-1.amazonaws.com\/static\/2022\/08\/05073705\/david-alonso-estoril-ganadores-fim-cev-repsol.jpg 32w\"\n                            title=\"david-alonso-estoril-ganadores-fim-cev-repsol\"\n                            alt=\"David Alonso y otros pilotos en el podio del Fim Cev Repsol en Estoril 2020\"\n                            data-title=\"\"><br \/>\n                    <\/a><br \/>\n                    <a\n                        href=\"https:\/\/bxrepsol.s3.eu-west-1.amazonaws.com\/static\/2022\/08\/05073706\/fim-cev-repsol-estoril-2020.jpg\"\n                        data-index=\"5\"\n                    ><br \/>\n                        <img decoding=\"async\"\n                            src=\"https:\/\/bxrepsol.s3.eu-west-1.amazonaws.com\/static\/2022\/08\/05073706\/fim-cev-repsol-estoril-2020.jpg\"\n                            srcset=\"https:\/\/bxrepsol.s3.eu-west-1.amazonaws.com\/static\/2022\/08\/05073706\/fim-cev-repsol-estoril-2020.jpg 1280w, https:\/\/bxrepsol.s3.eu-west-1.amazonaws.com\/static\/2022\/08\/05073706\/fim-cev-repsol-estoril-2020.jpg 900w, https:\/\/bxrepsol.s3.eu-west-1.amazonaws.com\/static\/2022\/08\/05073706\/fim-cev-repsol-estoril-2020.jpg 600w, https:\/\/bxrepsol.s3.eu-west-1.amazonaws.com\/static\/2022\/08\/05073706\/fim-cev-repsol-estoril-2020.jpg 480w, https:\/\/bxrepsol.s3.eu-west-1.amazonaws.com\/static\/2022\/08\/05073706\/fim-cev-repsol-estoril-2020.jpg 32w\"\n                            title=\"fim-cev-repsol-estoril-2020\"\n                            alt=\"Piloto del Fim Cev Repsol en pista\"\n                            data-title=\"\"><br \/>\n                    <\/a><br \/>\n                    <a\n                        href=\"https:\/\/bxrepsol.s3.eu-west-1.amazonaws.com\/static\/2022\/08\/05073707\/fim-cev-repsol-estoril-corralito-2020.jpg\"\n                        data-index=\"6\"\n                    ><br \/>\n                        <img decoding=\"async\"\n                            src=\"https:\/\/bxrepsol.s3.eu-west-1.amazonaws.com\/static\/2022\/08\/05073707\/fim-cev-repsol-estoril-corralito-2020.jpg\"\n                            srcset=\"https:\/\/bxrepsol.s3.eu-west-1.amazonaws.com\/static\/2022\/08\/05073707\/fim-cev-repsol-estoril-corralito-2020.jpg 1280w, https:\/\/bxrepsol.s3.eu-west-1.amazonaws.com\/static\/2022\/08\/05073707\/fim-cev-repsol-estoril-corralito-2020.jpg 900w, https:\/\/bxrepsol.s3.eu-west-1.amazonaws.com\/static\/2022\/08\/05073707\/fim-cev-repsol-estoril-corralito-2020.jpg 600w, https:\/\/bxrepsol.s3.eu-west-1.amazonaws.com\/static\/2022\/08\/05073707\/fim-cev-repsol-estoril-corralito-2020.jpg 480w, https:\/\/bxrepsol.s3.eu-west-1.amazonaws.com\/static\/2022\/08\/05073707\/fim-cev-repsol-estoril-corralito-2020.jpg 32w\"\n                            title=\"fim-cev-repsol-estoril-corralito-2020\"\n                            alt=\"Pilotos del Fim Cev Repsol 2020 en el corralito de Estoril\"\n                            data-title=\"\"><br \/>\n                    <\/a><br \/>\n                    <a\n                        href=\"https:\/\/bxrepsol.s3.eu-west-1.amazonaws.com\/static\/2022\/08\/05073708\/fim-cev-repsol-estoril-moto3-2020.jpg\"\n                        data-index=\"7\"\n                    ><br \/>\n                        <img decoding=\"async\"\n                            src=\"https:\/\/bxrepsol.s3.eu-west-1.amazonaws.com\/static\/2022\/08\/05073708\/fim-cev-repsol-estoril-moto3-2020.jpg\"\n                            srcset=\"https:\/\/bxrepsol.s3.eu-west-1.amazonaws.com\/static\/2022\/08\/05073708\/fim-cev-repsol-estoril-moto3-2020.jpg 1280w, https:\/\/bxrepsol.s3.eu-west-1.amazonaws.com\/static\/2022\/08\/05073708\/fim-cev-repsol-estoril-moto3-2020.jpg 900w, https:\/\/bxrepsol.s3.eu-west-1.amazonaws.com\/static\/2022\/08\/05073708\/fim-cev-repsol-estoril-moto3-2020.jpg 600w, https:\/\/bxrepsol.s3.eu-west-1.amazonaws.com\/static\/2022\/08\/05073708\/fim-cev-repsol-estoril-moto3-2020.jpg 480w, https:\/\/bxrepsol.s3.eu-west-1.amazonaws.com\/static\/2022\/08\/05073708\/fim-cev-repsol-estoril-moto3-2020.jpg 32w\"\n                            title=\"fim-cev-repsol-estoril-moto3-2020\"\n                            alt=\"Pilotos de Moto3 del Fim Cev Repsol rodando en pista\"\n                            data-title=\"\"><br \/>\n                    <\/a><br \/>\n                    <a\n                        href=\"https:\/\/bxrepsol.s3.eu-west-1.amazonaws.com\/static\/2022\/08\/05073709\/fim-cev-repsol-estoril-peloton-2020.jpg\"\n                        data-index=\"8\"\n                    ><br \/>\n                        <img decoding=\"async\"\n                            src=\"https:\/\/bxrepsol.s3.eu-west-1.amazonaws.com\/static\/2022\/08\/05073709\/fim-cev-repsol-estoril-peloton-2020.jpg\"\n                            srcset=\"https:\/\/bxrepsol.s3.eu-west-1.amazonaws.com\/static\/2022\/08\/05073709\/fim-cev-repsol-estoril-peloton-2020.jpg 1280w, https:\/\/bxrepsol.s3.eu-west-1.amazonaws.com\/static\/2022\/08\/05073709\/fim-cev-repsol-estoril-peloton-2020.jpg 900w, https:\/\/bxrepsol.s3.eu-west-1.amazonaws.com\/static\/2022\/08\/05073709\/fim-cev-repsol-estoril-peloton-2020.jpg 600w, https:\/\/bxrepsol.s3.eu-west-1.amazonaws.com\/static\/2022\/08\/05073709\/fim-cev-repsol-estoril-peloton-2020.jpg 480w, https:\/\/bxrepsol.s3.eu-west-1.amazonaws.com\/static\/2022\/08\/05073709\/fim-cev-repsol-estoril-peloton-2020.jpg 32w\"\n                            title=\"fim-cev-repsol-estoril-peloton-2020\"\n                            alt=\"Grupo de pilotos del fim cev repsol 2020 en pista\"\n                            data-title=\"\"><br \/>\n                    <\/a><br \/>\n                    <a\n                        href=\"https:\/\/bxrepsol.s3.eu-west-1.amazonaws.com\/static\/2022\/08\/05073710\/fim-cev-repsol-estoril-ganador-2020.jpg\"\n                        data-index=\"9\"\n                    ><br \/>\n                        <img decoding=\"async\"\n                            src=\"https:\/\/bxrepsol.s3.eu-west-1.amazonaws.com\/static\/2022\/08\/05073710\/fim-cev-repsol-estoril-ganador-2020.jpg\"\n                            srcset=\"https:\/\/bxrepsol.s3.eu-west-1.amazonaws.com\/static\/2022\/08\/05073710\/fim-cev-repsol-estoril-ganador-2020.jpg 1280w, https:\/\/bxrepsol.s3.eu-west-1.amazonaws.com\/static\/2022\/08\/05073710\/fim-cev-repsol-estoril-ganador-2020.jpg 900w, https:\/\/bxrepsol.s3.eu-west-1.amazonaws.com\/static\/2022\/08\/05073710\/fim-cev-repsol-estoril-ganador-2020.jpg 600w, https:\/\/bxrepsol.s3.eu-west-1.amazonaws.com\/static\/2022\/08\/05073710\/fim-cev-repsol-estoril-ganador-2020.jpg 480w, https:\/\/bxrepsol.s3.eu-west-1.amazonaws.com\/static\/2022\/08\/05073710\/fim-cev-repsol-estoril-ganador-2020.jpg 32w\"\n                            title=\"fim-cev-repsol-estoril-ganador-2020\"\n                            alt=\"Piloto del Fim Cev Repsol 2020 en el corralito de Estoril\"\n                            data-title=\"\"><br \/>\n                    <\/a><br \/>\n        <button data-glide-dir=\"<\"><br \/>\n            <svg role=\"img\"  viewBox=\"0 0 256 512\">\n                <path fill=\"currentColor\" d=\"M238.475 475.535l7.071-7.07c4.686-4.686 4.686-12.284 0-16.971L50.053 256 245.546 60.506c4.686-4.686 4.686-12.284 0-16.971l-7.071-7.07c-4.686-4.686-12.284-4.686-16.97 0L10.454 247.515c-4.686 4.686-4.686 12.284 0 16.971l211.051 211.05c4.686 4.686 12.284 4.686 16.97-.001z\"><\/path>\n            <\/svg><br \/>\n        <\/button><br \/>\n        <button data-glide-dir=\">&#8220;><br \/>\n            <svg role=\"img\"  viewBox=\"0 0 256 512\">\n                <path fill=\"currentColor\" d=\"M17.525 36.465l-7.071 7.07c-4.686 4.686-4.686 12.284 0 16.971L205.947 256 10.454 451.494c-4.686 4.686-4.686 12.284 0 16.971l7.071 7.07c4.686 4.686 12.284 4.686 16.97 0l211.051-211.05c4.686-4.686 4.686-12.284 0-16.971L34.495 36.465c-4.686-4.687-12.284-4.687-16.97 0z\"><\/path>\n            <\/svg><br \/>\n        <\/button><\/p>\n<p>In the<strong> European Talent Cup<\/strong>, Dani Alonso of the Openbank Aspar Team set a good pace from the get-go. He claimed the win in Race 1, joined on the podium by Iv\u00e1n Ortol\u00e1 and Alberto Ferr\u00e1ndez.<\/p>\n<p>In the second race Alonso did the double \u00c1ngel Piqueras and Zonta Van Den Goobergh were the closest to catching him at Estoril, with the latter moved up to the rostrum due to a penalty for Ferr\u00e1ndez for exceeding the track limit.<\/p>\n<p>The FIM CEV Repsol will stay on in Portugal, and on Monday, July 13th, the series moves to the Circuito do Algarve.<\/p>\n","protected":false},"excerpt":{"rendered":"<p>Xavier Artigas in Moto3, Yari Montella in Moto2 and David Alonso in the European Talent Cup take a trio of victories at Estoril in Portugal.<\/p>\n","protected":false},"author":1,"featured_media":64534,"comment_status":"open","ping_status":"open","sticky":false,"template":"","format":"standard","meta":{"footnotes":""},"categories":[64],"tags":[191,214,277],"class_list":["post-97929","post","type-post","status-publish","format-standard","hentry","category-uncategorized","tag-191","tag-other-events-competitions","tag-otros-eventos-y-competiciones-en"],"yoast_head":"<!-- This site is optimized with the Yoast SEO plugin v27.3 - https:\/\/yoast.com\/product\/yoast-seo-wordpress\/ -->\n<title>Artigas, Montella and Alonso all winners at first FIM CEV Repsol round of the season - Box Repsol<\/title>\n<meta name=\"description\" content=\"Xavier Artigas in Moto3, Yari Montella in Moto2 and David Alonso in the European Talent Cup take a trio of victories at Estoril in Portugal.\" \/>\n<link rel=\"canonical\" href=\"https:\/\/www.boxrepsol.com\/en\/uncategorized\/artigas-montella-alonso-winners-fim-cev-repsol\/\" \/>\n<meta property=\"og:locale\" content=\"en_US\" \/>\n<meta property=\"og:type\" content=\"article\" \/>\n<meta property=\"og:title\" content=\"Artigas, Montella and Alonso all winners at first FIM CEV Repsol round of the season - Box Repsol\" \/>\n<meta property=\"og:description\" content=\"Xavier Artigas in Moto3, Yari Montella in Moto2 and David Alonso in the European Talent Cup take a trio of victories at Estoril in Portugal.\" \/>\n<meta property=\"og:url\" content=\"https:\/\/www.boxrepsol.com\/en\/uncategorized\/artigas-montella-alonso-winners-fim-cev-repsol\/\" \/>\n<meta property=\"og:site_name\" content=\"Box Repsol\" \/>\n<meta property=\"article:publisher\" content=\"https:\/\/www.facebook.com\/BoxRepsol\" \/>\n<meta property=\"article:published_time\" content=\"2020-07-08T02:00:00+00:00\" \/>\n<meta property=\"article:modified_time\" content=\"2023-02-27T09:27:56+00:00\" \/>\n<meta property=\"og:image\" content=\"https:\/\/bxrepsol.s3.eu-west-1.amazonaws.com\/static\/2022\/08\/29092505\/fim-cev-repsol-estoril-podio-2020.jpg\" \/>\n\t<meta property=\"og:image:width\" content=\"1280\" \/>\n\t<meta property=\"og:image:height\" content=\"720\" \/>\n\t<meta property=\"og:image:type\" content=\"image\/jpeg\" \/>\n<meta name=\"author\" content=\"bx_ayesa\" \/>\n<meta name=\"twitter:card\" content=\"summary_large_image\" \/>\n<meta name=\"twitter:creator\" content=\"@box_repsol\" \/>\n<meta name=\"twitter:site\" content=\"@box_repsol\" \/>\n<meta name=\"twitter:label1\" content=\"Written by\" \/>\n\t<meta name=\"twitter:data1\" content=\"bx_ayesa\" \/>\n\t<meta name=\"twitter:label2\" content=\"Est. reading time\" \/>\n\t<meta name=\"twitter:data2\" content=\"1 minute\" \/>\n<script type=\"application\/ld+json\" class=\"yoast-schema-graph\">{\"@context\":\"https:\\\/\\\/schema.org\",\"@graph\":[{\"@type\":\"Article\",\"@id\":\"https:\\\/\\\/www.boxrepsol.com\\\/en\\\/uncategorized\\\/artigas-montella-alonso-winners-fim-cev-repsol\\\/#article\",\"isPartOf\":{\"@id\":\"https:\\\/\\\/www.boxrepsol.com\\\/en\\\/uncategorized\\\/artigas-montella-alonso-winners-fim-cev-repsol\\\/\"},\"author\":{\"name\":\"bx_ayesa\",\"@id\":\"https:\\\/\\\/www.boxrepsol.com\\\/en\\\/#\\\/schema\\\/person\\\/d9d0f442a4332c7d099d31ffda4747a0\"},\"headline\":\"Artigas, Montella and Alonso all winners at first FIM CEV Repsol round of the season\",\"datePublished\":\"2020-07-08T02:00:00+00:00\",\"dateModified\":\"2023-02-27T09:27:56+00:00\",\"mainEntityOfPage\":{\"@id\":\"https:\\\/\\\/www.boxrepsol.com\\\/en\\\/uncategorized\\\/artigas-montella-alonso-winners-fim-cev-repsol\\\/\"},\"wordCount\":260,\"commentCount\":0,\"publisher\":{\"@id\":\"https:\\\/\\\/www.boxrepsol.com\\\/en\\\/#organization\"},\"image\":{\"@id\":\"https:\\\/\\\/www.boxrepsol.com\\\/en\\\/uncategorized\\\/artigas-montella-alonso-winners-fim-cev-repsol\\\/#primaryimage\"},\"thumbnailUrl\":\"https:\\\/\\\/bxrepsol.s3.eu-west-1.amazonaws.com\\\/static\\\/2022\\\/08\\\/29092505\\\/fim-cev-repsol-estoril-podio-2020.jpg\",\"keywords\":[\"2020\",\"Other events &amp; competitions\",\"otros eventos y competiciones\"],\"inLanguage\":\"en-US\",\"potentialAction\":[{\"@type\":\"CommentAction\",\"name\":\"Comment\",\"target\":[\"https:\\\/\\\/www.boxrepsol.com\\\/en\\\/uncategorized\\\/artigas-montella-alonso-winners-fim-cev-repsol\\\/#respond\"]}]},{\"@type\":\"WebPage\",\"@id\":\"https:\\\/\\\/www.boxrepsol.com\\\/en\\\/uncategorized\\\/artigas-montella-alonso-winners-fim-cev-repsol\\\/\",\"url\":\"https:\\\/\\\/www.boxrepsol.com\\\/en\\\/uncategorized\\\/artigas-montella-alonso-winners-fim-cev-repsol\\\/\",\"name\":\"Artigas, Montella and Alonso all winners at first FIM CEV Repsol round of the season - Box Repsol\",\"isPartOf\":{\"@id\":\"https:\\\/\\\/www.boxrepsol.com\\\/en\\\/#website\"},\"primaryImageOfPage\":{\"@id\":\"https:\\\/\\\/www.boxrepsol.com\\\/en\\\/uncategorized\\\/artigas-montella-alonso-winners-fim-cev-repsol\\\/#primaryimage\"},\"image\":{\"@id\":\"https:\\\/\\\/www.boxrepsol.com\\\/en\\\/uncategorized\\\/artigas-montella-alonso-winners-fim-cev-repsol\\\/#primaryimage\"},\"thumbnailUrl\":\"https:\\\/\\\/bxrepsol.s3.eu-west-1.amazonaws.com\\\/static\\\/2022\\\/08\\\/29092505\\\/fim-cev-repsol-estoril-podio-2020.jpg\",\"datePublished\":\"2020-07-08T02:00:00+00:00\",\"dateModified\":\"2023-02-27T09:27:56+00:00\",\"description\":\"Xavier Artigas in Moto3, Yari Montella in Moto2 and David Alonso in the European Talent Cup take a trio of victories at Estoril in Portugal.\",\"breadcrumb\":{\"@id\":\"https:\\\/\\\/www.boxrepsol.com\\\/en\\\/uncategorized\\\/artigas-montella-alonso-winners-fim-cev-repsol\\\/#breadcrumb\"},\"inLanguage\":\"en-US\",\"potentialAction\":[{\"@type\":\"ReadAction\",\"target\":[\"https:\\\/\\\/www.boxrepsol.com\\\/en\\\/uncategorized\\\/artigas-montella-alonso-winners-fim-cev-repsol\\\/\"]}]},{\"@type\":\"ImageObject\",\"inLanguage\":\"en-US\",\"@id\":\"https:\\\/\\\/www.boxrepsol.com\\\/en\\\/uncategorized\\\/artigas-montella-alonso-winners-fim-cev-repsol\\\/#primaryimage\",\"url\":\"https:\\\/\\\/bxrepsol.s3.eu-west-1.amazonaws.com\\\/static\\\/2022\\\/08\\\/29092505\\\/fim-cev-repsol-estoril-podio-2020.jpg\",\"contentUrl\":\"https:\\\/\\\/bxrepsol.s3.eu-west-1.amazonaws.com\\\/static\\\/2022\\\/08\\\/29092505\\\/fim-cev-repsol-estoril-podio-2020.jpg\",\"width\":1280,\"height\":720,\"caption\":\"podio ganadores fim cev repsol 2020\"},{\"@type\":\"BreadcrumbList\",\"@id\":\"https:\\\/\\\/www.boxrepsol.com\\\/en\\\/uncategorized\\\/artigas-montella-alonso-winners-fim-cev-repsol\\\/#breadcrumb\",\"itemListElement\":[{\"@type\":\"ListItem\",\"position\":1,\"name\":\"Home\",\"item\":\"https:\\\/\\\/www.boxrepsol.com\\\/en\\\/\"},{\"@type\":\"ListItem\",\"position\":2,\"name\":\"Artigas, Montella and Alonso all winners at first FIM CEV Repsol round of the season\"}]},{\"@type\":\"WebSite\",\"@id\":\"https:\\\/\\\/www.boxrepsol.com\\\/en\\\/#website\",\"url\":\"https:\\\/\\\/www.boxrepsol.com\\\/en\\\/\",\"name\":\"Box Repsol\",\"description\":\"Box Repsol Site\",\"publisher\":{\"@id\":\"https:\\\/\\\/www.boxrepsol.com\\\/en\\\/#organization\"},\"potentialAction\":[{\"@type\":\"SearchAction\",\"target\":{\"@type\":\"EntryPoint\",\"urlTemplate\":\"https:\\\/\\\/www.boxrepsol.com\\\/en\\\/?s={search_term_string}\"},\"query-input\":{\"@type\":\"PropertyValueSpecification\",\"valueRequired\":true,\"valueName\":\"search_term_string\"}}],\"inLanguage\":\"en-US\"},{\"@type\":\"Organization\",\"@id\":\"https:\\\/\\\/www.boxrepsol.com\\\/en\\\/#organization\",\"name\":\"Box Repsol\",\"url\":\"https:\\\/\\\/www.boxrepsol.com\\\/en\\\/\",\"logo\":{\"@type\":\"ImageObject\",\"inLanguage\":\"en-US\",\"@id\":\"https:\\\/\\\/www.boxrepsol.com\\\/en\\\/#\\\/schema\\\/logo\\\/image\\\/\",\"url\":\"https:\\\/\\\/bxrepsol.s3.eu-west-1.amazonaws.com\\\/static\\\/2025\\\/07\\\/30083337\\\/favicon-96x96-1.png\",\"contentUrl\":\"https:\\\/\\\/bxrepsol.s3.eu-west-1.amazonaws.com\\\/static\\\/2025\\\/07\\\/30083337\\\/favicon-96x96-1.png\",\"width\":96,\"height\":96,\"caption\":\"Box Repsol\"},\"image\":{\"@id\":\"https:\\\/\\\/www.boxrepsol.com\\\/en\\\/#\\\/schema\\\/logo\\\/image\\\/\"},\"sameAs\":[\"https:\\\/\\\/www.facebook.com\\\/BoxRepsol\",\"https:\\\/\\\/x.com\\\/box_repsol\",\"http:\\\/\\\/instagram.com\\\/box_repsol\",\"https:\\\/\\\/www.youtube.com\\\/user\\\/RepsolCompeticion\",\"https:\\\/\\\/www.flickr.com\\\/photos\\\/box_repsol\\\/\"]},{\"@type\":\"Person\",\"@id\":\"https:\\\/\\\/www.boxrepsol.com\\\/en\\\/#\\\/schema\\\/person\\\/d9d0f442a4332c7d099d31ffda4747a0\",\"name\":\"bx_ayesa\",\"image\":{\"@type\":\"ImageObject\",\"inLanguage\":\"en-US\",\"@id\":\"https:\\\/\\\/secure.gravatar.com\\\/avatar\\\/059e1b9d3585083708845ba70e8dd968f143ff35f5e0e10cf2d1e7afe2c6a878?s=96&d=mm&r=g\",\"url\":\"https:\\\/\\\/secure.gravatar.com\\\/avatar\\\/059e1b9d3585083708845ba70e8dd968f143ff35f5e0e10cf2d1e7afe2c6a878?s=96&d=mm&r=g\",\"contentUrl\":\"https:\\\/\\\/secure.gravatar.com\\\/avatar\\\/059e1b9d3585083708845ba70e8dd968f143ff35f5e0e10cf2d1e7afe2c6a878?s=96&d=mm&r=g\",\"caption\":\"bx_ayesa\"},\"sameAs\":[\"http:\\\/\\\/54.155.157.200\"],\"url\":\"https:\\\/\\\/www.boxrepsol.com\\\/en\\\/author\\\/bx_ayesa\\\/\"}]}<\/script>\n<!-- \/ Yoast SEO plugin. -->","yoast_head_json":{"title":"Artigas, Montella and Alonso all winners at first FIM CEV Repsol round of the season - Box Repsol","description":"Xavier Artigas in Moto3, Yari Montella in Moto2 and David Alonso in the European Talent Cup take a trio of victories at Estoril in Portugal.","canonical":"https:\/\/www.boxrepsol.com\/en\/uncategorized\/artigas-montella-alonso-winners-fim-cev-repsol\/","og_locale":"en_US","og_type":"article","og_title":"Artigas, Montella and Alonso all winners at first FIM CEV Repsol round of the season - Box Repsol","og_description":"Xavier Artigas in Moto3, Yari Montella in Moto2 and David Alonso in the European Talent Cup take a trio of victories at Estoril in Portugal.","og_url":"https:\/\/www.boxrepsol.com\/en\/uncategorized\/artigas-montella-alonso-winners-fim-cev-repsol\/","og_site_name":"Box Repsol","article_publisher":"https:\/\/www.facebook.com\/BoxRepsol","article_published_time":"2020-07-08T02:00:00+00:00","article_modified_time":"2023-02-27T09:27:56+00:00","og_image":[{"width":1280,"height":720,"url":"https:\/\/bxrepsol.s3.eu-west-1.amazonaws.com\/static\/2022\/08\/29092505\/fim-cev-repsol-estoril-podio-2020.jpg","type":"image\/jpeg"}],"author":"bx_ayesa","twitter_card":"summary_large_image","twitter_creator":"@box_repsol","twitter_site":"@box_repsol","twitter_misc":{"Written by":"bx_ayesa","Est. reading time":"1 minute"},"schema":{"@context":"https:\/\/schema.org","@graph":[{"@type":"Article","@id":"https:\/\/www.boxrepsol.com\/en\/uncategorized\/artigas-montella-alonso-winners-fim-cev-repsol\/#article","isPartOf":{"@id":"https:\/\/www.boxrepsol.com\/en\/uncategorized\/artigas-montella-alonso-winners-fim-cev-repsol\/"},"author":{"name":"bx_ayesa","@id":"https:\/\/www.boxrepsol.com\/en\/#\/schema\/person\/d9d0f442a4332c7d099d31ffda4747a0"},"headline":"Artigas, Montella and Alonso all winners at first FIM CEV Repsol round of the season","datePublished":"2020-07-08T02:00:00+00:00","dateModified":"2023-02-27T09:27:56+00:00","mainEntityOfPage":{"@id":"https:\/\/www.boxrepsol.com\/en\/uncategorized\/artigas-montella-alonso-winners-fim-cev-repsol\/"},"wordCount":260,"commentCount":0,"publisher":{"@id":"https:\/\/www.boxrepsol.com\/en\/#organization"},"image":{"@id":"https:\/\/www.boxrepsol.com\/en\/uncategorized\/artigas-montella-alonso-winners-fim-cev-repsol\/#primaryimage"},"thumbnailUrl":"https:\/\/bxrepsol.s3.eu-west-1.amazonaws.com\/static\/2022\/08\/29092505\/fim-cev-repsol-estoril-podio-2020.jpg","keywords":["2020","Other events &amp; competitions","otros eventos y competiciones"],"inLanguage":"en-US","potentialAction":[{"@type":"CommentAction","name":"Comment","target":["https:\/\/www.boxrepsol.com\/en\/uncategorized\/artigas-montella-alonso-winners-fim-cev-repsol\/#respond"]}]},{"@type":"WebPage","@id":"https:\/\/www.boxrepsol.com\/en\/uncategorized\/artigas-montella-alonso-winners-fim-cev-repsol\/","url":"https:\/\/www.boxrepsol.com\/en\/uncategorized\/artigas-montella-alonso-winners-fim-cev-repsol\/","name":"Artigas, Montella and Alonso all winners at first FIM CEV Repsol round of the season - Box Repsol","isPartOf":{"@id":"https:\/\/www.boxrepsol.com\/en\/#website"},"primaryImageOfPage":{"@id":"https:\/\/www.boxrepsol.com\/en\/uncategorized\/artigas-montella-alonso-winners-fim-cev-repsol\/#primaryimage"},"image":{"@id":"https:\/\/www.boxrepsol.com\/en\/uncategorized\/artigas-montella-alonso-winners-fim-cev-repsol\/#primaryimage"},"thumbnailUrl":"https:\/\/bxrepsol.s3.eu-west-1.amazonaws.com\/static\/2022\/08\/29092505\/fim-cev-repsol-estoril-podio-2020.jpg","datePublished":"2020-07-08T02:00:00+00:00","dateModified":"2023-02-27T09:27:56+00:00","description":"Xavier Artigas in Moto3, Yari Montella in Moto2 and David Alonso in the European Talent Cup take a trio of victories at Estoril in Portugal.","breadcrumb":{"@id":"https:\/\/www.boxrepsol.com\/en\/uncategorized\/artigas-montella-alonso-winners-fim-cev-repsol\/#breadcrumb"},"inLanguage":"en-US","potentialAction":[{"@type":"ReadAction","target":["https:\/\/www.boxrepsol.com\/en\/uncategorized\/artigas-montella-alonso-winners-fim-cev-repsol\/"]}]},{"@type":"ImageObject","inLanguage":"en-US","@id":"https:\/\/www.boxrepsol.com\/en\/uncategorized\/artigas-montella-alonso-winners-fim-cev-repsol\/#primaryimage","url":"https:\/\/bxrepsol.s3.eu-west-1.amazonaws.com\/static\/2022\/08\/29092505\/fim-cev-repsol-estoril-podio-2020.jpg","contentUrl":"https:\/\/bxrepsol.s3.eu-west-1.amazonaws.com\/static\/2022\/08\/29092505\/fim-cev-repsol-estoril-podio-2020.jpg","width":1280,"height":720,"caption":"podio ganadores fim cev repsol 2020"},{"@type":"BreadcrumbList","@id":"https:\/\/www.boxrepsol.com\/en\/uncategorized\/artigas-montella-alonso-winners-fim-cev-repsol\/#breadcrumb","itemListElement":[{"@type":"ListItem","position":1,"name":"Home","item":"https:\/\/www.boxrepsol.com\/en\/"},{"@type":"ListItem","position":2,"name":"Artigas, Montella and Alonso all winners at first FIM CEV Repsol round of the season"}]},{"@type":"WebSite","@id":"https:\/\/www.boxrepsol.com\/en\/#website","url":"https:\/\/www.boxrepsol.com\/en\/","name":"Box Repsol","description":"Box Repsol Site","publisher":{"@id":"https:\/\/www.boxrepsol.com\/en\/#organization"},"potentialAction":[{"@type":"SearchAction","target":{"@type":"EntryPoint","urlTemplate":"https:\/\/www.boxrepsol.com\/en\/?s={search_term_string}"},"query-input":{"@type":"PropertyValueSpecification","valueRequired":true,"valueName":"search_term_string"}}],"inLanguage":"en-US"},{"@type":"Organization","@id":"https:\/\/www.boxrepsol.com\/en\/#organization","name":"Box Repsol","url":"https:\/\/www.boxrepsol.com\/en\/","logo":{"@type":"ImageObject","inLanguage":"en-US","@id":"https:\/\/www.boxrepsol.com\/en\/#\/schema\/logo\/image\/","url":"https:\/\/bxrepsol.s3.eu-west-1.amazonaws.com\/static\/2025\/07\/30083337\/favicon-96x96-1.png","contentUrl":"https:\/\/bxrepsol.s3.eu-west-1.amazonaws.com\/static\/2025\/07\/30083337\/favicon-96x96-1.png","width":96,"height":96,"caption":"Box Repsol"},"image":{"@id":"https:\/\/www.boxrepsol.com\/en\/#\/schema\/logo\/image\/"},"sameAs":["https:\/\/www.facebook.com\/BoxRepsol","https:\/\/x.com\/box_repsol","http:\/\/instagram.com\/box_repsol","https:\/\/www.youtube.com\/user\/RepsolCompeticion","https:\/\/www.flickr.com\/photos\/box_repsol\/"]},{"@type":"Person","@id":"https:\/\/www.boxrepsol.com\/en\/#\/schema\/person\/d9d0f442a4332c7d099d31ffda4747a0","name":"bx_ayesa","image":{"@type":"ImageObject","inLanguage":"en-US","@id":"https:\/\/secure.gravatar.com\/avatar\/059e1b9d3585083708845ba70e8dd968f143ff35f5e0e10cf2d1e7afe2c6a878?s=96&d=mm&r=g","url":"https:\/\/secure.gravatar.com\/avatar\/059e1b9d3585083708845ba70e8dd968f143ff35f5e0e10cf2d1e7afe2c6a878?s=96&d=mm&r=g","contentUrl":"https:\/\/secure.gravatar.com\/avatar\/059e1b9d3585083708845ba70e8dd968f143ff35f5e0e10cf2d1e7afe2c6a878?s=96&d=mm&r=g","caption":"bx_ayesa"},"sameAs":["http:\/\/54.155.157.200"],"url":"https:\/\/www.boxrepsol.com\/en\/author\/bx_ayesa\/"}]}},"_links":{"self":[{"href":"https:\/\/www.boxrepsol.com\/en\/wp-json\/wp\/v2\/posts\/97929","targetHints":{"allow":["GET"]}}],"collection":[{"href":"https:\/\/www.boxrepsol.com\/en\/wp-json\/wp\/v2\/posts"}],"about":[{"href":"https:\/\/www.boxrepsol.com\/en\/wp-json\/wp\/v2\/types\/post"}],"author":[{"embeddable":true,"href":"https:\/\/www.boxrepsol.com\/en\/wp-json\/wp\/v2\/users\/1"}],"replies":[{"embeddable":true,"href":"https:\/\/www.boxrepsol.com\/en\/wp-json\/wp\/v2\/comments?post=97929"}],"version-history":[{"count":1,"href":"https:\/\/www.boxrepsol.com\/en\/wp-json\/wp\/v2\/posts\/97929\/revisions"}],"predecessor-version":[{"id":97930,"href":"https:\/\/www.boxrepsol.com\/en\/wp-json\/wp\/v2\/posts\/97929\/revisions\/97930"}],"wp:featuredmedia":[{"embeddable":true,"href":"https:\/\/www.boxrepsol.com\/en\/wp-json\/wp\/v2\/media\/64534"}],"wp:attachment":[{"href":"https:\/\/www.boxrepsol.com\/en\/wp-json\/wp\/v2\/media?parent=97929"}],"wp:term":[{"taxonomy":"category","embeddable":true,"href":"https:\/\/www.boxrepsol.com\/en\/wp-json\/wp\/v2\/categories?post=97929"},{"taxonomy":"post_tag","embeddable":true,"href":"https:\/\/www.boxrepsol.com\/en\/wp-json\/wp\/v2\/tags?post=97929"}],"curies":[{"name":"wp","href":"https:\/\/api.w.org\/{rel}","templated":true}]}}