{"id":97851,"date":"2020-02-27T00:00:00","date_gmt":"2020-02-27T02:00:00","guid":{"rendered":"http:\/\/pre.boxrepsol.com\/uncategorized\/marc-and-alex-marquez-visit-campus-repsol-before-season-start\/"},"modified":"2023-02-27T07:24:54","modified_gmt":"2023-02-27T09:24:54","slug":"marc-and-alex-marquez-visit-campus-repsol-before-season-start","status":"publish","type":"post","link":"https:\/\/www.boxrepsol.com\/en\/motogp-en\/marc-and-alex-marquez-visit-campus-repsol-before-season-start\/","title":{"rendered":"Marc and \u00c1lex M\u00e1rquez visit Campus Repsol before season start"},"content":{"rendered":"<p>Following the conclusion of the 2020 preseason, <strong>Marc and \u00c1lex M\u00e1rquez spoke to the media together in Spain for the first time since the team was formed<\/strong>, in a press call at Campus Repsol, the energy company\u2019s headquarters.<\/p>\n<p>After the press conference, <strong>the new teammates had the opportunity to take part in some enjoyable games <\/strong>with some of the journalists who regularly follow the MotoGP World Championship, joined by two Box Repsol fans. Two teams, each led by one of the Repsol Honda Team riders, were given several fun challenges that rounded off the event.<\/p>\n<p><strong>In one week\u2019s time, Marc and \u00c1lex M\u00e1rquez will be in Qatar for the first Grand Prix of the season,<\/strong> held under the spotlights of the Losail International Circuit.<\/p>\n<p>                <!-- Imagen relacionada --><br \/>\n        <img loading=\"lazy\" decoding=\"async\" width=\"404\" height=\"336\" src=\"https:\/\/bxrepsol.s3.eu-west-1.amazonaws.com\/static\/2022\/08\/05071902\/00_marc_marquez_catar_2020-1.jpg\" alt=\"Marc M\u00e1rquez rodando con la Honda en Catar\" \/><br \/>\n                <!-- Categor\u00eda --><br \/>\n            MotoGP<br \/>\n        <!-- T\u00edtulo --><br \/>\n        <a href=\"https:\/\/www.boxrepsol.com\/en\/motogp-en\/motogp-preseason-comes-to-an-end-in-qatar\/\"><\/p>\n<h3>MotoGP preseason comes to an end in Qatar<\/h3>\n<p>        <\/a><br \/>\n                    <!-- Fecha --><br \/>\n            2 days ago        <\/p>\n<h2>Marc and \u00c1lex M\u00e1rquez visit Campus Repsol &#8211; Rider statements<\/h2>\n<p><a href=\"https:\/\/twitter.com\/search?q=%23MM93&#038;src=hashtag_click\">#MM93<\/a><\/p>\n<p><em><strong>Today was the last official event before we go to Qatar<\/strong>. It is always good to be around the journalists and look at all the latest news for the season that is about to begin. Then we had the most fun part, which was the games with some of the journalists and fans. <\/p>\n<p>It was entertaining to interact with them and have a different relationship between journalist and athlete, beyond the day-to-day \u2018question and answer\u2019 format; it makes everything much more friendly, making the most of this great event at Campus Repsol.<\/em><\/p>\n<p><a href=\"https:\/\/twitter.com\/search?q=%23AM73&#038;src=hashtag_click\">#AM73<\/a><\/p>\n<p><em><strong>It\u2019s a pleasure to be back at Campus Repsol.<\/strong> I remember when I came here in 2014 after becoming World Champion, and it\u2019s always special. Being able to share nice, fun moments is important. I can\u2019t wait for Qatar; I\u2019m looking forward to sitting on the starting grid and really seeing what a weekend as a MotoGP rider is like. I am really excited. <\/p>\n<p><strong>Today\u2019s experience with the journalists was nice,<\/strong> because we have known each other for years and have a professional relationship at the circuits, but there are always some free moments in which you can talk in a more relaxed way. It was fun; it\u2019s a pity that my team lost the game, but we will get our revenge.<\/em><\/p>\n","protected":false},"excerpt":{"rendered":"<p>The Repsol Honda Team riders were in Madrid on Thursday to speak to the media, ahead of the start of the 2020 MotoGP World Championship<\/p>\n","protected":false},"author":1,"featured_media":63888,"comment_status":"open","ping_status":"open","sticky":false,"template":"","format":"standard","meta":{"footnotes":""},"categories":[146],"tags":[279,281,210,8],"class_list":["post-97851","post","type-post","status-publish","format-standard","hentry","category-motogp-en","tag-campeonato-del-mundo-de-motociclismo-en","tag-equipo-repsol-honda-en","tag-motocycling-world-championship","tag-repsol-honda-team"],"yoast_head":"<!-- This site is optimized with the Yoast SEO plugin v27.3 - https:\/\/yoast.com\/product\/yoast-seo-wordpress\/ -->\n<title>Marc and \u00c1lex M\u00e1rquez visit Campus Repsol before season start - Box Repsol<\/title>\n<meta name=\"description\" content=\"The Repsol Honda Team riders were in Madrid on Thursday to speak to the media, ahead of the start of the 2020 MotoGP World Championship\" \/>\n<link rel=\"canonical\" href=\"https:\/\/www.boxrepsol.com\/en\/motogp-en\/marc-and-alex-marquez-visit-campus-repsol-before-season-start\/\" \/>\n<meta property=\"og:locale\" content=\"en_US\" \/>\n<meta property=\"og:type\" content=\"article\" \/>\n<meta property=\"og:title\" content=\"Marc and \u00c1lex M\u00e1rquez visit Campus Repsol before season start - Box Repsol\" \/>\n<meta property=\"og:description\" content=\"The Repsol Honda Team riders were in Madrid on Thursday to speak to the media, ahead of the start of the 2020 MotoGP World Championship\" \/>\n<meta property=\"og:url\" content=\"https:\/\/www.boxrepsol.com\/en\/motogp-en\/marc-and-alex-marquez-visit-campus-repsol-before-season-start\/\" \/>\n<meta property=\"og:site_name\" content=\"Box Repsol\" \/>\n<meta property=\"article:publisher\" content=\"https:\/\/www.facebook.com\/BoxRepsol\" \/>\n<meta property=\"article:published_time\" content=\"2020-02-27T02:00:00+00:00\" \/>\n<meta property=\"article:modified_time\" content=\"2023-02-27T09:24:54+00:00\" \/>\n<meta property=\"og:image\" content=\"https:\/\/bxrepsol.s3.eu-west-1.amazonaws.com\/static\/2022\/08\/29091530\/00_marc_alex_campus_repsol.jpg\" \/>\n\t<meta property=\"og:image:width\" content=\"1280\" \/>\n\t<meta property=\"og:image:height\" content=\"600\" \/>\n\t<meta property=\"og:image:type\" content=\"image\/jpeg\" \/>\n<meta name=\"author\" content=\"bx_ayesa\" \/>\n<meta name=\"twitter:card\" content=\"summary_large_image\" \/>\n<meta name=\"twitter:creator\" content=\"@box_repsol\" \/>\n<meta name=\"twitter:site\" content=\"@box_repsol\" \/>\n<meta name=\"twitter:label1\" content=\"Written by\" \/>\n\t<meta name=\"twitter:data1\" content=\"bx_ayesa\" \/>\n\t<meta name=\"twitter:label2\" content=\"Est. reading time\" \/>\n\t<meta name=\"twitter:data2\" content=\"2 minutes\" \/>\n<script type=\"application\/ld+json\" class=\"yoast-schema-graph\">{\"@context\":\"https:\\\/\\\/schema.org\",\"@graph\":[{\"@type\":\"Article\",\"@id\":\"https:\\\/\\\/www.boxrepsol.com\\\/en\\\/motogp-en\\\/marc-and-alex-marquez-visit-campus-repsol-before-season-start\\\/#article\",\"isPartOf\":{\"@id\":\"https:\\\/\\\/www.boxrepsol.com\\\/en\\\/motogp-en\\\/marc-and-alex-marquez-visit-campus-repsol-before-season-start\\\/\"},\"author\":{\"name\":\"bx_ayesa\",\"@id\":\"https:\\\/\\\/www.boxrepsol.com\\\/en\\\/#\\\/schema\\\/person\\\/d9d0f442a4332c7d099d31ffda4747a0\"},\"headline\":\"Marc and \u00c1lex M\u00e1rquez visit Campus Repsol before season start\",\"datePublished\":\"2020-02-27T02:00:00+00:00\",\"dateModified\":\"2023-02-27T09:24:54+00:00\",\"mainEntityOfPage\":{\"@id\":\"https:\\\/\\\/www.boxrepsol.com\\\/en\\\/motogp-en\\\/marc-and-alex-marquez-visit-campus-repsol-before-season-start\\\/\"},\"wordCount\":381,\"commentCount\":0,\"publisher\":{\"@id\":\"https:\\\/\\\/www.boxrepsol.com\\\/en\\\/#organization\"},\"image\":{\"@id\":\"https:\\\/\\\/www.boxrepsol.com\\\/en\\\/motogp-en\\\/marc-and-alex-marquez-visit-campus-repsol-before-season-start\\\/#primaryimage\"},\"thumbnailUrl\":\"https:\\\/\\\/bxrepsol.s3.eu-west-1.amazonaws.com\\\/static\\\/2022\\\/08\\\/29091530\\\/00_marc_alex_campus_repsol.jpg\",\"keywords\":[\"Campeonato del Mundo de Motociclismo\",\"Equipo Repsol Honda\",\"Motocycling World Championship\",\"Repsol Honda Team\"],\"articleSection\":[\"MotoGP\"],\"inLanguage\":\"en-US\",\"potentialAction\":[{\"@type\":\"CommentAction\",\"name\":\"Comment\",\"target\":[\"https:\\\/\\\/www.boxrepsol.com\\\/en\\\/motogp-en\\\/marc-and-alex-marquez-visit-campus-repsol-before-season-start\\\/#respond\"]}]},{\"@type\":\"WebPage\",\"@id\":\"https:\\\/\\\/www.boxrepsol.com\\\/en\\\/motogp-en\\\/marc-and-alex-marquez-visit-campus-repsol-before-season-start\\\/\",\"url\":\"https:\\\/\\\/www.boxrepsol.com\\\/en\\\/motogp-en\\\/marc-and-alex-marquez-visit-campus-repsol-before-season-start\\\/\",\"name\":\"Marc and \u00c1lex M\u00e1rquez visit Campus Repsol before season start - Box Repsol\",\"isPartOf\":{\"@id\":\"https:\\\/\\\/www.boxrepsol.com\\\/en\\\/#website\"},\"primaryImageOfPage\":{\"@id\":\"https:\\\/\\\/www.boxrepsol.com\\\/en\\\/motogp-en\\\/marc-and-alex-marquez-visit-campus-repsol-before-season-start\\\/#primaryimage\"},\"image\":{\"@id\":\"https:\\\/\\\/www.boxrepsol.com\\\/en\\\/motogp-en\\\/marc-and-alex-marquez-visit-campus-repsol-before-season-start\\\/#primaryimage\"},\"thumbnailUrl\":\"https:\\\/\\\/bxrepsol.s3.eu-west-1.amazonaws.com\\\/static\\\/2022\\\/08\\\/29091530\\\/00_marc_alex_campus_repsol.jpg\",\"datePublished\":\"2020-02-27T02:00:00+00:00\",\"dateModified\":\"2023-02-27T09:24:54+00:00\",\"description\":\"The Repsol Honda Team riders were in Madrid on Thursday to speak to the media, ahead of the start of the 2020 MotoGP World Championship\",\"breadcrumb\":{\"@id\":\"https:\\\/\\\/www.boxrepsol.com\\\/en\\\/motogp-en\\\/marc-and-alex-marquez-visit-campus-repsol-before-season-start\\\/#breadcrumb\"},\"inLanguage\":\"en-US\",\"potentialAction\":[{\"@type\":\"ReadAction\",\"target\":[\"https:\\\/\\\/www.boxrepsol.com\\\/en\\\/motogp-en\\\/marc-and-alex-marquez-visit-campus-repsol-before-season-start\\\/\"]}]},{\"@type\":\"ImageObject\",\"inLanguage\":\"en-US\",\"@id\":\"https:\\\/\\\/www.boxrepsol.com\\\/en\\\/motogp-en\\\/marc-and-alex-marquez-visit-campus-repsol-before-season-start\\\/#primaryimage\",\"url\":\"https:\\\/\\\/bxrepsol.s3.eu-west-1.amazonaws.com\\\/static\\\/2022\\\/08\\\/29091530\\\/00_marc_alex_campus_repsol.jpg\",\"contentUrl\":\"https:\\\/\\\/bxrepsol.s3.eu-west-1.amazonaws.com\\\/static\\\/2022\\\/08\\\/29091530\\\/00_marc_alex_campus_repsol.jpg\",\"width\":1280,\"height\":600,\"caption\":\"Marc M\u00e1rquez y \u00c1lex M\u00e1rquez en Campus Resol\"},{\"@type\":\"BreadcrumbList\",\"@id\":\"https:\\\/\\\/www.boxrepsol.com\\\/en\\\/motogp-en\\\/marc-and-alex-marquez-visit-campus-repsol-before-season-start\\\/#breadcrumb\",\"itemListElement\":[{\"@type\":\"ListItem\",\"position\":1,\"name\":\"Home\",\"item\":\"https:\\\/\\\/www.boxrepsol.com\\\/en\\\/\"},{\"@type\":\"ListItem\",\"position\":2,\"name\":\"Marc and \u00c1lex M\u00e1rquez visit Campus Repsol before season start\"}]},{\"@type\":\"WebSite\",\"@id\":\"https:\\\/\\\/www.boxrepsol.com\\\/en\\\/#website\",\"url\":\"https:\\\/\\\/www.boxrepsol.com\\\/en\\\/\",\"name\":\"Box Repsol\",\"description\":\"Box Repsol Site\",\"publisher\":{\"@id\":\"https:\\\/\\\/www.boxrepsol.com\\\/en\\\/#organization\"},\"potentialAction\":[{\"@type\":\"SearchAction\",\"target\":{\"@type\":\"EntryPoint\",\"urlTemplate\":\"https:\\\/\\\/www.boxrepsol.com\\\/en\\\/?s={search_term_string}\"},\"query-input\":{\"@type\":\"PropertyValueSpecification\",\"valueRequired\":true,\"valueName\":\"search_term_string\"}}],\"inLanguage\":\"en-US\"},{\"@type\":\"Organization\",\"@id\":\"https:\\\/\\\/www.boxrepsol.com\\\/en\\\/#organization\",\"name\":\"Box Repsol\",\"url\":\"https:\\\/\\\/www.boxrepsol.com\\\/en\\\/\",\"logo\":{\"@type\":\"ImageObject\",\"inLanguage\":\"en-US\",\"@id\":\"https:\\\/\\\/www.boxrepsol.com\\\/en\\\/#\\\/schema\\\/logo\\\/image\\\/\",\"url\":\"https:\\\/\\\/bxrepsol.s3.eu-west-1.amazonaws.com\\\/static\\\/2025\\\/07\\\/30083337\\\/favicon-96x96-1.png\",\"contentUrl\":\"https:\\\/\\\/bxrepsol.s3.eu-west-1.amazonaws.com\\\/static\\\/2025\\\/07\\\/30083337\\\/favicon-96x96-1.png\",\"width\":96,\"height\":96,\"caption\":\"Box Repsol\"},\"image\":{\"@id\":\"https:\\\/\\\/www.boxrepsol.com\\\/en\\\/#\\\/schema\\\/logo\\\/image\\\/\"},\"sameAs\":[\"https:\\\/\\\/www.facebook.com\\\/BoxRepsol\",\"https:\\\/\\\/x.com\\\/box_repsol\",\"http:\\\/\\\/instagram.com\\\/box_repsol\",\"https:\\\/\\\/www.youtube.com\\\/user\\\/RepsolCompeticion\",\"https:\\\/\\\/www.flickr.com\\\/photos\\\/box_repsol\\\/\"]},{\"@type\":\"Person\",\"@id\":\"https:\\\/\\\/www.boxrepsol.com\\\/en\\\/#\\\/schema\\\/person\\\/d9d0f442a4332c7d099d31ffda4747a0\",\"name\":\"bx_ayesa\",\"image\":{\"@type\":\"ImageObject\",\"inLanguage\":\"en-US\",\"@id\":\"https:\\\/\\\/secure.gravatar.com\\\/avatar\\\/059e1b9d3585083708845ba70e8dd968f143ff35f5e0e10cf2d1e7afe2c6a878?s=96&d=mm&r=g\",\"url\":\"https:\\\/\\\/secure.gravatar.com\\\/avatar\\\/059e1b9d3585083708845ba70e8dd968f143ff35f5e0e10cf2d1e7afe2c6a878?s=96&d=mm&r=g\",\"contentUrl\":\"https:\\\/\\\/secure.gravatar.com\\\/avatar\\\/059e1b9d3585083708845ba70e8dd968f143ff35f5e0e10cf2d1e7afe2c6a878?s=96&d=mm&r=g\",\"caption\":\"bx_ayesa\"},\"sameAs\":[\"http:\\\/\\\/54.155.157.200\"],\"url\":\"https:\\\/\\\/www.boxrepsol.com\\\/en\\\/author\\\/bx_ayesa\\\/\"}]}<\/script>\n<!-- \/ Yoast SEO plugin. -->","yoast_head_json":{"title":"Marc and \u00c1lex M\u00e1rquez visit Campus Repsol before season start - Box Repsol","description":"The Repsol Honda Team riders were in Madrid on Thursday to speak to the media, ahead of the start of the 2020 MotoGP World Championship","canonical":"https:\/\/www.boxrepsol.com\/en\/motogp-en\/marc-and-alex-marquez-visit-campus-repsol-before-season-start\/","og_locale":"en_US","og_type":"article","og_title":"Marc and \u00c1lex M\u00e1rquez visit Campus Repsol before season start - Box Repsol","og_description":"The Repsol Honda Team riders were in Madrid on Thursday to speak to the media, ahead of the start of the 2020 MotoGP World Championship","og_url":"https:\/\/www.boxrepsol.com\/en\/motogp-en\/marc-and-alex-marquez-visit-campus-repsol-before-season-start\/","og_site_name":"Box Repsol","article_publisher":"https:\/\/www.facebook.com\/BoxRepsol","article_published_time":"2020-02-27T02:00:00+00:00","article_modified_time":"2023-02-27T09:24:54+00:00","og_image":[{"width":1280,"height":600,"url":"https:\/\/bxrepsol.s3.eu-west-1.amazonaws.com\/static\/2022\/08\/29091530\/00_marc_alex_campus_repsol.jpg","type":"image\/jpeg"}],"author":"bx_ayesa","twitter_card":"summary_large_image","twitter_creator":"@box_repsol","twitter_site":"@box_repsol","twitter_misc":{"Written by":"bx_ayesa","Est. reading time":"2 minutes"},"schema":{"@context":"https:\/\/schema.org","@graph":[{"@type":"Article","@id":"https:\/\/www.boxrepsol.com\/en\/motogp-en\/marc-and-alex-marquez-visit-campus-repsol-before-season-start\/#article","isPartOf":{"@id":"https:\/\/www.boxrepsol.com\/en\/motogp-en\/marc-and-alex-marquez-visit-campus-repsol-before-season-start\/"},"author":{"name":"bx_ayesa","@id":"https:\/\/www.boxrepsol.com\/en\/#\/schema\/person\/d9d0f442a4332c7d099d31ffda4747a0"},"headline":"Marc and \u00c1lex M\u00e1rquez visit Campus Repsol before season start","datePublished":"2020-02-27T02:00:00+00:00","dateModified":"2023-02-27T09:24:54+00:00","mainEntityOfPage":{"@id":"https:\/\/www.boxrepsol.com\/en\/motogp-en\/marc-and-alex-marquez-visit-campus-repsol-before-season-start\/"},"wordCount":381,"commentCount":0,"publisher":{"@id":"https:\/\/www.boxrepsol.com\/en\/#organization"},"image":{"@id":"https:\/\/www.boxrepsol.com\/en\/motogp-en\/marc-and-alex-marquez-visit-campus-repsol-before-season-start\/#primaryimage"},"thumbnailUrl":"https:\/\/bxrepsol.s3.eu-west-1.amazonaws.com\/static\/2022\/08\/29091530\/00_marc_alex_campus_repsol.jpg","keywords":["Campeonato del Mundo de Motociclismo","Equipo Repsol Honda","Motocycling World Championship","Repsol Honda Team"],"articleSection":["MotoGP"],"inLanguage":"en-US","potentialAction":[{"@type":"CommentAction","name":"Comment","target":["https:\/\/www.boxrepsol.com\/en\/motogp-en\/marc-and-alex-marquez-visit-campus-repsol-before-season-start\/#respond"]}]},{"@type":"WebPage","@id":"https:\/\/www.boxrepsol.com\/en\/motogp-en\/marc-and-alex-marquez-visit-campus-repsol-before-season-start\/","url":"https:\/\/www.boxrepsol.com\/en\/motogp-en\/marc-and-alex-marquez-visit-campus-repsol-before-season-start\/","name":"Marc and \u00c1lex M\u00e1rquez visit Campus Repsol before season start - Box Repsol","isPartOf":{"@id":"https:\/\/www.boxrepsol.com\/en\/#website"},"primaryImageOfPage":{"@id":"https:\/\/www.boxrepsol.com\/en\/motogp-en\/marc-and-alex-marquez-visit-campus-repsol-before-season-start\/#primaryimage"},"image":{"@id":"https:\/\/www.boxrepsol.com\/en\/motogp-en\/marc-and-alex-marquez-visit-campus-repsol-before-season-start\/#primaryimage"},"thumbnailUrl":"https:\/\/bxrepsol.s3.eu-west-1.amazonaws.com\/static\/2022\/08\/29091530\/00_marc_alex_campus_repsol.jpg","datePublished":"2020-02-27T02:00:00+00:00","dateModified":"2023-02-27T09:24:54+00:00","description":"The Repsol Honda Team riders were in Madrid on Thursday to speak to the media, ahead of the start of the 2020 MotoGP World Championship","breadcrumb":{"@id":"https:\/\/www.boxrepsol.com\/en\/motogp-en\/marc-and-alex-marquez-visit-campus-repsol-before-season-start\/#breadcrumb"},"inLanguage":"en-US","potentialAction":[{"@type":"ReadAction","target":["https:\/\/www.boxrepsol.com\/en\/motogp-en\/marc-and-alex-marquez-visit-campus-repsol-before-season-start\/"]}]},{"@type":"ImageObject","inLanguage":"en-US","@id":"https:\/\/www.boxrepsol.com\/en\/motogp-en\/marc-and-alex-marquez-visit-campus-repsol-before-season-start\/#primaryimage","url":"https:\/\/bxrepsol.s3.eu-west-1.amazonaws.com\/static\/2022\/08\/29091530\/00_marc_alex_campus_repsol.jpg","contentUrl":"https:\/\/bxrepsol.s3.eu-west-1.amazonaws.com\/static\/2022\/08\/29091530\/00_marc_alex_campus_repsol.jpg","width":1280,"height":600,"caption":"Marc M\u00e1rquez y \u00c1lex M\u00e1rquez en Campus Resol"},{"@type":"BreadcrumbList","@id":"https:\/\/www.boxrepsol.com\/en\/motogp-en\/marc-and-alex-marquez-visit-campus-repsol-before-season-start\/#breadcrumb","itemListElement":[{"@type":"ListItem","position":1,"name":"Home","item":"https:\/\/www.boxrepsol.com\/en\/"},{"@type":"ListItem","position":2,"name":"Marc and \u00c1lex M\u00e1rquez visit Campus Repsol before season start"}]},{"@type":"WebSite","@id":"https:\/\/www.boxrepsol.com\/en\/#website","url":"https:\/\/www.boxrepsol.com\/en\/","name":"Box Repsol","description":"Box Repsol Site","publisher":{"@id":"https:\/\/www.boxrepsol.com\/en\/#organization"},"potentialAction":[{"@type":"SearchAction","target":{"@type":"EntryPoint","urlTemplate":"https:\/\/www.boxrepsol.com\/en\/?s={search_term_string}"},"query-input":{"@type":"PropertyValueSpecification","valueRequired":true,"valueName":"search_term_string"}}],"inLanguage":"en-US"},{"@type":"Organization","@id":"https:\/\/www.boxrepsol.com\/en\/#organization","name":"Box Repsol","url":"https:\/\/www.boxrepsol.com\/en\/","logo":{"@type":"ImageObject","inLanguage":"en-US","@id":"https:\/\/www.boxrepsol.com\/en\/#\/schema\/logo\/image\/","url":"https:\/\/bxrepsol.s3.eu-west-1.amazonaws.com\/static\/2025\/07\/30083337\/favicon-96x96-1.png","contentUrl":"https:\/\/bxrepsol.s3.eu-west-1.amazonaws.com\/static\/2025\/07\/30083337\/favicon-96x96-1.png","width":96,"height":96,"caption":"Box Repsol"},"image":{"@id":"https:\/\/www.boxrepsol.com\/en\/#\/schema\/logo\/image\/"},"sameAs":["https:\/\/www.facebook.com\/BoxRepsol","https:\/\/x.com\/box_repsol","http:\/\/instagram.com\/box_repsol","https:\/\/www.youtube.com\/user\/RepsolCompeticion","https:\/\/www.flickr.com\/photos\/box_repsol\/"]},{"@type":"Person","@id":"https:\/\/www.boxrepsol.com\/en\/#\/schema\/person\/d9d0f442a4332c7d099d31ffda4747a0","name":"bx_ayesa","image":{"@type":"ImageObject","inLanguage":"en-US","@id":"https:\/\/secure.gravatar.com\/avatar\/059e1b9d3585083708845ba70e8dd968f143ff35f5e0e10cf2d1e7afe2c6a878?s=96&d=mm&r=g","url":"https:\/\/secure.gravatar.com\/avatar\/059e1b9d3585083708845ba70e8dd968f143ff35f5e0e10cf2d1e7afe2c6a878?s=96&d=mm&r=g","contentUrl":"https:\/\/secure.gravatar.com\/avatar\/059e1b9d3585083708845ba70e8dd968f143ff35f5e0e10cf2d1e7afe2c6a878?s=96&d=mm&r=g","caption":"bx_ayesa"},"sameAs":["http:\/\/54.155.157.200"],"url":"https:\/\/www.boxrepsol.com\/en\/author\/bx_ayesa\/"}]}},"_links":{"self":[{"href":"https:\/\/www.boxrepsol.com\/en\/wp-json\/wp\/v2\/posts\/97851","targetHints":{"allow":["GET"]}}],"collection":[{"href":"https:\/\/www.boxrepsol.com\/en\/wp-json\/wp\/v2\/posts"}],"about":[{"href":"https:\/\/www.boxrepsol.com\/en\/wp-json\/wp\/v2\/types\/post"}],"author":[{"embeddable":true,"href":"https:\/\/www.boxrepsol.com\/en\/wp-json\/wp\/v2\/users\/1"}],"replies":[{"embeddable":true,"href":"https:\/\/www.boxrepsol.com\/en\/wp-json\/wp\/v2\/comments?post=97851"}],"version-history":[{"count":1,"href":"https:\/\/www.boxrepsol.com\/en\/wp-json\/wp\/v2\/posts\/97851\/revisions"}],"predecessor-version":[{"id":97852,"href":"https:\/\/www.boxrepsol.com\/en\/wp-json\/wp\/v2\/posts\/97851\/revisions\/97852"}],"wp:featuredmedia":[{"embeddable":true,"href":"https:\/\/www.boxrepsol.com\/en\/wp-json\/wp\/v2\/media\/63888"}],"wp:attachment":[{"href":"https:\/\/www.boxrepsol.com\/en\/wp-json\/wp\/v2\/media?parent=97851"}],"wp:term":[{"taxonomy":"category","embeddable":true,"href":"https:\/\/www.boxrepsol.com\/en\/wp-json\/wp\/v2\/categories?post=97851"},{"taxonomy":"post_tag","embeddable":true,"href":"https:\/\/www.boxrepsol.com\/en\/wp-json\/wp\/v2\/tags?post=97851"}],"curies":[{"name":"wp","href":"https:\/\/api.w.org\/{rel}","templated":true}]}}