{"id":97805,"date":"2020-01-13T00:00:00","date_gmt":"2020-01-13T02:00:00","guid":{"rendered":"http:\/\/pre.boxrepsol.com\/uncategorized\/isidre-esteve-feels-good-on-the-dunes-again\/"},"modified":"2023-02-27T07:24:10","modified_gmt":"2023-02-27T09:24:10","slug":"isidre-esteve-feels-good-on-the-dunes-again","status":"publish","type":"post","link":"https:\/\/www.boxrepsol.com\/en\/rally-en\/isidre-esteve-feels-good-on-the-dunes-again\/","title":{"rendered":"Isidre Esteve feels good on the dunes again"},"content":{"rendered":"<p>Isidre Esteve has overcome the first dunes stage of the 2020 Dakar without setbacks and has made it to the race&#8217;s halfway point <strong>in 33rd place of the general ranking<\/strong>, the same place he gained in Friday&#8217;s special. After going through the most critical moment of the current edition, <strong>the Repsol Rally Team has gotten its good vibes back<\/strong> right before the rest day, in which members recover in order to continue climbing up the ranking.<\/p>\n<p>The sixth stage began in Ha\u2019il and ended in Saudi Arabia&#8217;s capital, Riyadh. <strong>The racers had to complete a whopping 830 kilometres, which included a timed 477-kilometre stretch<\/strong>. Isidre Esteve and his copilot Txema Villalobos took off with their BV6 in perfect conditions, thanks to the wonderful work of the Repsol Rally Team&#8217;s mechanics in the camp after yesterday&#8217;s problems.<\/p>\n<p><em>\u201cThe team has worked very hard overnight to leave the car in perfect conditions. The oil leak was due to the accident and, luckily, the engine was not harmed\u201d<\/em>, explained Isidre Esteve. For the first time during this Dakar, the BV6 was donned with BF Goodrich sand tyres, which meant it performed better.<\/p>\n<p><a href=\"https:\/\/bxrepsol.s3.eu-west-1.amazonaws.com\/static\/2022\/08\/05071549\/00_Dakar20_E6_Isidre_Esteve_2.jpg\" \n   title=\"El Repsol Rally team compite en el Dakar 2020\" \n   data-gallery-thumbnail=\"https:\/\/bxrepsol.s3.eu-west-1.amazonaws.com\/static\/2022\/08\/05071549\/00_Dakar20_E6_Isidre_Esteve_2.jpg\"\n   data-gallery-title=\"\"\n   data-gallery><\/p>\n<figure>\n        <picture style=\"padding-bottom: 66.613756613757%; background-image: url(https:\/\/bxrepsol.s3.eu-west-1.amazonaws.com\/static\/2022\/08\/05071549\/00_Dakar20_E6_Isidre_Esteve_2.jpg);\">\n            <img decoding=\"async\" src=\"https:\/\/bxrepsol.s3.eu-west-1.amazonaws.com\/static\/2022\/08\/05071549\/00_Dakar20_E6_Isidre_Esteve_2.jpg\"><br \/>\n            <img itemprop=\"image\"\n                data-srcset=\"https:\/\/bxrepsol.s3.eu-west-1.amazonaws.com\/static\/2022\/08\/05071549\/00_Dakar20_E6_Isidre_Esteve_2.jpg 480w, https:\/\/bxrepsol.s3.eu-west-1.amazonaws.com\/static\/2022\/08\/05071549\/00_Dakar20_E6_Isidre_Esteve_2.jpg 600w, https:\/\/bxrepsol.s3.eu-west-1.amazonaws.com\/static\/2022\/08\/05071549\/00_Dakar20_E6_Isidre_Esteve_2.jpg 900w, https:\/\/bxrepsol.s3.eu-west-1.amazonaws.com\/static\/2022\/08\/05071549\/00_Dakar20_E6_Isidre_Esteve_2.jpg 1280w\"\n                data-src=\"https:\/\/bxrepsol.s3.eu-west-1.amazonaws.com\/static\/2022\/08\/05071549\/00_Dakar20_E6_Isidre_Esteve_2.jpg\"\n                alt=\"El Repsol Rally team compite en el Dakar 2020\"\n                title=\"Isidre Esteve rodando por la arena durante el Dakar 2020\"\/><br \/>\n            <noscript><img decoding=\"async\" src=\"https:\/\/bxrepsol.s3.eu-west-1.amazonaws.com\/static\/2022\/08\/05071549\/00_Dakar20_E6_Isidre_Esteve_2.jpg\" alt=\"El Repsol Rally team compite en el Dakar 2020\"><\/noscript>\n        <\/picture><figcaption>El Repsol Rally team compite en el Dakar 2020<\/figcaption><\/figure>\n<p><\/a><\/p>\n<p><em>\u201cThe sensations were very positive and we drove at a good pace throughout the day. At the beginning, since we departed after 100 participants, we suffered bit due to the dust among cars, buggies, and lorries. But when we got to the sand, we were able to accelerate, drive faster, and overtake many people. Txema was once again a wonderful navigator and perfectly interpreted the roadbook, which was given to us 15 minutes before heading out\u201d<\/em>.<\/p>\n<p><strong>The driver from L\u00e9rida complimented the characteristics of the spacial stage<\/strong> and confessed that <em>\u201cwe wanted the dunes stage to arrive because it\u2019s where we are more competitive. We had a lot of fun in a very nice stage. At times it reminded me of the dunes in Mauritania\u201d<\/em>.<\/p>\n<p>His final time was 5 hours, 36 minutes, and 46 seconds. <strong>This means that the Repsol Rally Team came 33rd in the stage<\/strong>, the same placement as in the tight provisional general ranking, in which ten drivers are featured within an hour and a half margin. They are in sixth place in the T1.2 category, reserved for 4X4 modified all-terrain diesel vehicles.<\/p>\n<p><em>\u201cToday we went fast, we enjoyed it, and did not have any problems, so we made it to the rest stage very happy. We are optimistic because there is still one very interesting week ahead of us with lots of sand, and this is where we perform best. We finished the first half of this Dakar and are hopeful, since, with more days like today, we are sure to gain positions in the general ranking\u201d<\/em>, said Isidre Esteve optimistically.<\/p>\n<p>                <!-- Imagen relacionada --><br \/>\n        <img loading=\"lazy\" decoding=\"async\" width=\"404\" height=\"336\" src=\"https:\/\/bxrepsol.s3.eu-west-1.amazonaws.com\/static\/2022\/08\/05071519\/00_Isidre_Esteve_dakar_2020.jpg\" alt=\"Isidre Esteve conduciendo el prototipo adaptado BV6\" \/><br \/>\n                <!-- Categor\u00eda --><br \/>\n            Rally<br \/>\n        <!-- T\u00edtulo --><br \/>\n        <a href=\"https:\/\/www.boxrepsol.com\/en\/rally-en\/isidre-esteves-most-troubling-stage-yet-of-the-2020-dakar\/\"><\/p>\n<h3>Isidre Esteve&#8217;s most troubling stage yet of the 2020 Dakar<\/h3>\n<p>        <\/a><br \/>\n                    <!-- Fecha --><br \/>\n            4 days ago        <\/p>\n<p><em>\u201cHoy hemos ido r\u00e1pido, hemos disfrutado y no hemos tenido ning\u00fan problema, as\u00ed que llegamos a la etapa de descanso muy contentos. Somos optimistas porque todav\u00eda queda una semana por delante muy atractiva y con mucha arena, que es donde nos encontramos mejor. Acabamos la primera mitad de este Dakar muy esperanzados, ya que, con m\u00e1s d\u00edas como el de hoy, seguro que recuperaremos posiciones en la general\u201d<\/em>, sentenciaba un optimista Isidre Esteve.<\/p>\n","protected":false},"excerpt":{"rendered":"<p>The Repsol Rally Team driver performed very well on the Saudi Arabian sands and reached the rest stage full of confidence.<\/p>\n","protected":false},"author":1,"featured_media":63552,"comment_status":"open","ping_status":"open","sticky":false,"template":"","format":"standard","meta":{"footnotes":""},"categories":[257],"tags":[191,29,183],"class_list":["post-97805","post","type-post","status-publish","format-standard","hentry","category-rally-en","tag-191","tag-isidre-esteve","tag-repsol-rally-team"],"yoast_head":"<!-- This site is optimized with the Yoast SEO plugin v27.3 - https:\/\/yoast.com\/product\/yoast-seo-wordpress\/ -->\n<title>Dakar 2020 Stage 6 - Isidre Esteve feels good on the dunes again<\/title>\n<meta name=\"description\" content=\"The Repsol Rally Team driver performed very well on the Saudi Arabian sands and reached the rest stage full of confidence.\" \/>\n<link rel=\"canonical\" href=\"https:\/\/www.boxrepsol.com\/en\/rally-en\/isidre-esteve-feels-good-on-the-dunes-again\/\" \/>\n<meta property=\"og:locale\" content=\"en_US\" \/>\n<meta property=\"og:type\" content=\"article\" \/>\n<meta property=\"og:title\" content=\"Dakar 2020 Stage 6 - Isidre Esteve feels good on the dunes again\" \/>\n<meta property=\"og:description\" content=\"The Repsol Rally Team driver performed very well on the Saudi Arabian sands and reached the rest stage full of confidence.\" \/>\n<meta property=\"og:url\" content=\"https:\/\/www.boxrepsol.com\/en\/rally-en\/isidre-esteve-feels-good-on-the-dunes-again\/\" \/>\n<meta property=\"og:site_name\" content=\"Box Repsol\" \/>\n<meta property=\"article:publisher\" content=\"https:\/\/www.facebook.com\/BoxRepsol\" \/>\n<meta property=\"article:published_time\" content=\"2020-01-13T02:00:00+00:00\" \/>\n<meta property=\"article:modified_time\" content=\"2023-02-27T09:24:10+00:00\" \/>\n<meta property=\"og:image\" content=\"https:\/\/bxrepsol.s3.eu-west-1.amazonaws.com\/static\/2022\/08\/29091214\/00_Dakar20_E6_Isidre_Esteve_4-1.jpg\" \/>\n\t<meta property=\"og:image:width\" content=\"1280\" \/>\n\t<meta property=\"og:image:height\" content=\"600\" \/>\n\t<meta property=\"og:image:type\" content=\"image\/jpeg\" \/>\n<meta name=\"author\" content=\"bx_ayesa\" \/>\n<meta name=\"twitter:card\" content=\"summary_large_image\" \/>\n<meta name=\"twitter:creator\" content=\"@box_repsol\" \/>\n<meta name=\"twitter:site\" content=\"@box_repsol\" \/>\n<meta name=\"twitter:label1\" content=\"Written by\" \/>\n\t<meta name=\"twitter:data1\" content=\"bx_ayesa\" \/>\n\t<meta name=\"twitter:label2\" content=\"Est. reading time\" \/>\n\t<meta name=\"twitter:data2\" content=\"3 minutes\" \/>\n<script type=\"application\/ld+json\" class=\"yoast-schema-graph\">{\"@context\":\"https:\\\/\\\/schema.org\",\"@graph\":[{\"@type\":\"Article\",\"@id\":\"https:\\\/\\\/www.boxrepsol.com\\\/en\\\/rally-en\\\/isidre-esteve-feels-good-on-the-dunes-again\\\/#article\",\"isPartOf\":{\"@id\":\"https:\\\/\\\/www.boxrepsol.com\\\/en\\\/rally-en\\\/isidre-esteve-feels-good-on-the-dunes-again\\\/\"},\"author\":{\"name\":\"bx_ayesa\",\"@id\":\"https:\\\/\\\/www.boxrepsol.com\\\/en\\\/#\\\/schema\\\/person\\\/d9d0f442a4332c7d099d31ffda4747a0\"},\"headline\":\"Isidre Esteve feels good on the dunes again\",\"datePublished\":\"2020-01-13T02:00:00+00:00\",\"dateModified\":\"2023-02-27T09:24:10+00:00\",\"mainEntityOfPage\":{\"@id\":\"https:\\\/\\\/www.boxrepsol.com\\\/en\\\/rally-en\\\/isidre-esteve-feels-good-on-the-dunes-again\\\/\"},\"wordCount\":563,\"commentCount\":0,\"publisher\":{\"@id\":\"https:\\\/\\\/www.boxrepsol.com\\\/en\\\/#organization\"},\"image\":{\"@id\":\"https:\\\/\\\/www.boxrepsol.com\\\/en\\\/rally-en\\\/isidre-esteve-feels-good-on-the-dunes-again\\\/#primaryimage\"},\"thumbnailUrl\":\"https:\\\/\\\/bxrepsol.s3.eu-west-1.amazonaws.com\\\/static\\\/2022\\\/08\\\/29091214\\\/00_Dakar20_E6_Isidre_Esteve_4-1.jpg\",\"keywords\":[\"2020\",\"Isidre Esteve\",\"Repsol Rally Team\"],\"articleSection\":[\"Rally\"],\"inLanguage\":\"en-US\",\"potentialAction\":[{\"@type\":\"CommentAction\",\"name\":\"Comment\",\"target\":[\"https:\\\/\\\/www.boxrepsol.com\\\/en\\\/rally-en\\\/isidre-esteve-feels-good-on-the-dunes-again\\\/#respond\"]}]},{\"@type\":\"WebPage\",\"@id\":\"https:\\\/\\\/www.boxrepsol.com\\\/en\\\/rally-en\\\/isidre-esteve-feels-good-on-the-dunes-again\\\/\",\"url\":\"https:\\\/\\\/www.boxrepsol.com\\\/en\\\/rally-en\\\/isidre-esteve-feels-good-on-the-dunes-again\\\/\",\"name\":\"Dakar 2020 Stage 6 - Isidre Esteve feels good on the dunes again\",\"isPartOf\":{\"@id\":\"https:\\\/\\\/www.boxrepsol.com\\\/en\\\/#website\"},\"primaryImageOfPage\":{\"@id\":\"https:\\\/\\\/www.boxrepsol.com\\\/en\\\/rally-en\\\/isidre-esteve-feels-good-on-the-dunes-again\\\/#primaryimage\"},\"image\":{\"@id\":\"https:\\\/\\\/www.boxrepsol.com\\\/en\\\/rally-en\\\/isidre-esteve-feels-good-on-the-dunes-again\\\/#primaryimage\"},\"thumbnailUrl\":\"https:\\\/\\\/bxrepsol.s3.eu-west-1.amazonaws.com\\\/static\\\/2022\\\/08\\\/29091214\\\/00_Dakar20_E6_Isidre_Esteve_4-1.jpg\",\"datePublished\":\"2020-01-13T02:00:00+00:00\",\"dateModified\":\"2023-02-27T09:24:10+00:00\",\"description\":\"The Repsol Rally Team driver performed very well on the Saudi Arabian sands and reached the rest stage full of confidence.\",\"breadcrumb\":{\"@id\":\"https:\\\/\\\/www.boxrepsol.com\\\/en\\\/rally-en\\\/isidre-esteve-feels-good-on-the-dunes-again\\\/#breadcrumb\"},\"inLanguage\":\"en-US\",\"potentialAction\":[{\"@type\":\"ReadAction\",\"target\":[\"https:\\\/\\\/www.boxrepsol.com\\\/en\\\/rally-en\\\/isidre-esteve-feels-good-on-the-dunes-again\\\/\"]}]},{\"@type\":\"ImageObject\",\"inLanguage\":\"en-US\",\"@id\":\"https:\\\/\\\/www.boxrepsol.com\\\/en\\\/rally-en\\\/isidre-esteve-feels-good-on-the-dunes-again\\\/#primaryimage\",\"url\":\"https:\\\/\\\/bxrepsol.s3.eu-west-1.amazonaws.com\\\/static\\\/2022\\\/08\\\/29091214\\\/00_Dakar20_E6_Isidre_Esteve_4-1.jpg\",\"contentUrl\":\"https:\\\/\\\/bxrepsol.s3.eu-west-1.amazonaws.com\\\/static\\\/2022\\\/08\\\/29091214\\\/00_Dakar20_E6_Isidre_Esteve_4-1.jpg\",\"width\":1280,\"height\":600,\"caption\":\"Isidre Esteve rodando en las dunas saud\u00edes\"},{\"@type\":\"BreadcrumbList\",\"@id\":\"https:\\\/\\\/www.boxrepsol.com\\\/en\\\/rally-en\\\/isidre-esteve-feels-good-on-the-dunes-again\\\/#breadcrumb\",\"itemListElement\":[{\"@type\":\"ListItem\",\"position\":1,\"name\":\"Home\",\"item\":\"https:\\\/\\\/www.boxrepsol.com\\\/en\\\/\"},{\"@type\":\"ListItem\",\"position\":2,\"name\":\"Isidre Esteve feels good on the dunes again\"}]},{\"@type\":\"WebSite\",\"@id\":\"https:\\\/\\\/www.boxrepsol.com\\\/en\\\/#website\",\"url\":\"https:\\\/\\\/www.boxrepsol.com\\\/en\\\/\",\"name\":\"Box Repsol\",\"description\":\"Box Repsol Site\",\"publisher\":{\"@id\":\"https:\\\/\\\/www.boxrepsol.com\\\/en\\\/#organization\"},\"potentialAction\":[{\"@type\":\"SearchAction\",\"target\":{\"@type\":\"EntryPoint\",\"urlTemplate\":\"https:\\\/\\\/www.boxrepsol.com\\\/en\\\/?s={search_term_string}\"},\"query-input\":{\"@type\":\"PropertyValueSpecification\",\"valueRequired\":true,\"valueName\":\"search_term_string\"}}],\"inLanguage\":\"en-US\"},{\"@type\":\"Organization\",\"@id\":\"https:\\\/\\\/www.boxrepsol.com\\\/en\\\/#organization\",\"name\":\"Box Repsol\",\"url\":\"https:\\\/\\\/www.boxrepsol.com\\\/en\\\/\",\"logo\":{\"@type\":\"ImageObject\",\"inLanguage\":\"en-US\",\"@id\":\"https:\\\/\\\/www.boxrepsol.com\\\/en\\\/#\\\/schema\\\/logo\\\/image\\\/\",\"url\":\"https:\\\/\\\/bxrepsol.s3.eu-west-1.amazonaws.com\\\/static\\\/2025\\\/07\\\/30083337\\\/favicon-96x96-1.png\",\"contentUrl\":\"https:\\\/\\\/bxrepsol.s3.eu-west-1.amazonaws.com\\\/static\\\/2025\\\/07\\\/30083337\\\/favicon-96x96-1.png\",\"width\":96,\"height\":96,\"caption\":\"Box Repsol\"},\"image\":{\"@id\":\"https:\\\/\\\/www.boxrepsol.com\\\/en\\\/#\\\/schema\\\/logo\\\/image\\\/\"},\"sameAs\":[\"https:\\\/\\\/www.facebook.com\\\/BoxRepsol\",\"https:\\\/\\\/x.com\\\/box_repsol\",\"http:\\\/\\\/instagram.com\\\/box_repsol\",\"https:\\\/\\\/www.youtube.com\\\/user\\\/RepsolCompeticion\",\"https:\\\/\\\/www.flickr.com\\\/photos\\\/box_repsol\\\/\"]},{\"@type\":\"Person\",\"@id\":\"https:\\\/\\\/www.boxrepsol.com\\\/en\\\/#\\\/schema\\\/person\\\/d9d0f442a4332c7d099d31ffda4747a0\",\"name\":\"bx_ayesa\",\"image\":{\"@type\":\"ImageObject\",\"inLanguage\":\"en-US\",\"@id\":\"https:\\\/\\\/secure.gravatar.com\\\/avatar\\\/059e1b9d3585083708845ba70e8dd968f143ff35f5e0e10cf2d1e7afe2c6a878?s=96&d=mm&r=g\",\"url\":\"https:\\\/\\\/secure.gravatar.com\\\/avatar\\\/059e1b9d3585083708845ba70e8dd968f143ff35f5e0e10cf2d1e7afe2c6a878?s=96&d=mm&r=g\",\"contentUrl\":\"https:\\\/\\\/secure.gravatar.com\\\/avatar\\\/059e1b9d3585083708845ba70e8dd968f143ff35f5e0e10cf2d1e7afe2c6a878?s=96&d=mm&r=g\",\"caption\":\"bx_ayesa\"},\"sameAs\":[\"http:\\\/\\\/54.155.157.200\"],\"url\":\"https:\\\/\\\/www.boxrepsol.com\\\/en\\\/author\\\/bx_ayesa\\\/\"}]}<\/script>\n<!-- \/ Yoast SEO plugin. -->","yoast_head_json":{"title":"Dakar 2020 Stage 6 - Isidre Esteve feels good on the dunes again","description":"The Repsol Rally Team driver performed very well on the Saudi Arabian sands and reached the rest stage full of confidence.","canonical":"https:\/\/www.boxrepsol.com\/en\/rally-en\/isidre-esteve-feels-good-on-the-dunes-again\/","og_locale":"en_US","og_type":"article","og_title":"Dakar 2020 Stage 6 - Isidre Esteve feels good on the dunes again","og_description":"The Repsol Rally Team driver performed very well on the Saudi Arabian sands and reached the rest stage full of confidence.","og_url":"https:\/\/www.boxrepsol.com\/en\/rally-en\/isidre-esteve-feels-good-on-the-dunes-again\/","og_site_name":"Box Repsol","article_publisher":"https:\/\/www.facebook.com\/BoxRepsol","article_published_time":"2020-01-13T02:00:00+00:00","article_modified_time":"2023-02-27T09:24:10+00:00","og_image":[{"width":1280,"height":600,"url":"https:\/\/bxrepsol.s3.eu-west-1.amazonaws.com\/static\/2022\/08\/29091214\/00_Dakar20_E6_Isidre_Esteve_4-1.jpg","type":"image\/jpeg"}],"author":"bx_ayesa","twitter_card":"summary_large_image","twitter_creator":"@box_repsol","twitter_site":"@box_repsol","twitter_misc":{"Written by":"bx_ayesa","Est. reading time":"3 minutes"},"schema":{"@context":"https:\/\/schema.org","@graph":[{"@type":"Article","@id":"https:\/\/www.boxrepsol.com\/en\/rally-en\/isidre-esteve-feels-good-on-the-dunes-again\/#article","isPartOf":{"@id":"https:\/\/www.boxrepsol.com\/en\/rally-en\/isidre-esteve-feels-good-on-the-dunes-again\/"},"author":{"name":"bx_ayesa","@id":"https:\/\/www.boxrepsol.com\/en\/#\/schema\/person\/d9d0f442a4332c7d099d31ffda4747a0"},"headline":"Isidre Esteve feels good on the dunes again","datePublished":"2020-01-13T02:00:00+00:00","dateModified":"2023-02-27T09:24:10+00:00","mainEntityOfPage":{"@id":"https:\/\/www.boxrepsol.com\/en\/rally-en\/isidre-esteve-feels-good-on-the-dunes-again\/"},"wordCount":563,"commentCount":0,"publisher":{"@id":"https:\/\/www.boxrepsol.com\/en\/#organization"},"image":{"@id":"https:\/\/www.boxrepsol.com\/en\/rally-en\/isidre-esteve-feels-good-on-the-dunes-again\/#primaryimage"},"thumbnailUrl":"https:\/\/bxrepsol.s3.eu-west-1.amazonaws.com\/static\/2022\/08\/29091214\/00_Dakar20_E6_Isidre_Esteve_4-1.jpg","keywords":["2020","Isidre Esteve","Repsol Rally Team"],"articleSection":["Rally"],"inLanguage":"en-US","potentialAction":[{"@type":"CommentAction","name":"Comment","target":["https:\/\/www.boxrepsol.com\/en\/rally-en\/isidre-esteve-feels-good-on-the-dunes-again\/#respond"]}]},{"@type":"WebPage","@id":"https:\/\/www.boxrepsol.com\/en\/rally-en\/isidre-esteve-feels-good-on-the-dunes-again\/","url":"https:\/\/www.boxrepsol.com\/en\/rally-en\/isidre-esteve-feels-good-on-the-dunes-again\/","name":"Dakar 2020 Stage 6 - Isidre Esteve feels good on the dunes again","isPartOf":{"@id":"https:\/\/www.boxrepsol.com\/en\/#website"},"primaryImageOfPage":{"@id":"https:\/\/www.boxrepsol.com\/en\/rally-en\/isidre-esteve-feels-good-on-the-dunes-again\/#primaryimage"},"image":{"@id":"https:\/\/www.boxrepsol.com\/en\/rally-en\/isidre-esteve-feels-good-on-the-dunes-again\/#primaryimage"},"thumbnailUrl":"https:\/\/bxrepsol.s3.eu-west-1.amazonaws.com\/static\/2022\/08\/29091214\/00_Dakar20_E6_Isidre_Esteve_4-1.jpg","datePublished":"2020-01-13T02:00:00+00:00","dateModified":"2023-02-27T09:24:10+00:00","description":"The Repsol Rally Team driver performed very well on the Saudi Arabian sands and reached the rest stage full of confidence.","breadcrumb":{"@id":"https:\/\/www.boxrepsol.com\/en\/rally-en\/isidre-esteve-feels-good-on-the-dunes-again\/#breadcrumb"},"inLanguage":"en-US","potentialAction":[{"@type":"ReadAction","target":["https:\/\/www.boxrepsol.com\/en\/rally-en\/isidre-esteve-feels-good-on-the-dunes-again\/"]}]},{"@type":"ImageObject","inLanguage":"en-US","@id":"https:\/\/www.boxrepsol.com\/en\/rally-en\/isidre-esteve-feels-good-on-the-dunes-again\/#primaryimage","url":"https:\/\/bxrepsol.s3.eu-west-1.amazonaws.com\/static\/2022\/08\/29091214\/00_Dakar20_E6_Isidre_Esteve_4-1.jpg","contentUrl":"https:\/\/bxrepsol.s3.eu-west-1.amazonaws.com\/static\/2022\/08\/29091214\/00_Dakar20_E6_Isidre_Esteve_4-1.jpg","width":1280,"height":600,"caption":"Isidre Esteve rodando en las dunas saud\u00edes"},{"@type":"BreadcrumbList","@id":"https:\/\/www.boxrepsol.com\/en\/rally-en\/isidre-esteve-feels-good-on-the-dunes-again\/#breadcrumb","itemListElement":[{"@type":"ListItem","position":1,"name":"Home","item":"https:\/\/www.boxrepsol.com\/en\/"},{"@type":"ListItem","position":2,"name":"Isidre Esteve feels good on the dunes again"}]},{"@type":"WebSite","@id":"https:\/\/www.boxrepsol.com\/en\/#website","url":"https:\/\/www.boxrepsol.com\/en\/","name":"Box Repsol","description":"Box Repsol Site","publisher":{"@id":"https:\/\/www.boxrepsol.com\/en\/#organization"},"potentialAction":[{"@type":"SearchAction","target":{"@type":"EntryPoint","urlTemplate":"https:\/\/www.boxrepsol.com\/en\/?s={search_term_string}"},"query-input":{"@type":"PropertyValueSpecification","valueRequired":true,"valueName":"search_term_string"}}],"inLanguage":"en-US"},{"@type":"Organization","@id":"https:\/\/www.boxrepsol.com\/en\/#organization","name":"Box Repsol","url":"https:\/\/www.boxrepsol.com\/en\/","logo":{"@type":"ImageObject","inLanguage":"en-US","@id":"https:\/\/www.boxrepsol.com\/en\/#\/schema\/logo\/image\/","url":"https:\/\/bxrepsol.s3.eu-west-1.amazonaws.com\/static\/2025\/07\/30083337\/favicon-96x96-1.png","contentUrl":"https:\/\/bxrepsol.s3.eu-west-1.amazonaws.com\/static\/2025\/07\/30083337\/favicon-96x96-1.png","width":96,"height":96,"caption":"Box Repsol"},"image":{"@id":"https:\/\/www.boxrepsol.com\/en\/#\/schema\/logo\/image\/"},"sameAs":["https:\/\/www.facebook.com\/BoxRepsol","https:\/\/x.com\/box_repsol","http:\/\/instagram.com\/box_repsol","https:\/\/www.youtube.com\/user\/RepsolCompeticion","https:\/\/www.flickr.com\/photos\/box_repsol\/"]},{"@type":"Person","@id":"https:\/\/www.boxrepsol.com\/en\/#\/schema\/person\/d9d0f442a4332c7d099d31ffda4747a0","name":"bx_ayesa","image":{"@type":"ImageObject","inLanguage":"en-US","@id":"https:\/\/secure.gravatar.com\/avatar\/059e1b9d3585083708845ba70e8dd968f143ff35f5e0e10cf2d1e7afe2c6a878?s=96&d=mm&r=g","url":"https:\/\/secure.gravatar.com\/avatar\/059e1b9d3585083708845ba70e8dd968f143ff35f5e0e10cf2d1e7afe2c6a878?s=96&d=mm&r=g","contentUrl":"https:\/\/secure.gravatar.com\/avatar\/059e1b9d3585083708845ba70e8dd968f143ff35f5e0e10cf2d1e7afe2c6a878?s=96&d=mm&r=g","caption":"bx_ayesa"},"sameAs":["http:\/\/54.155.157.200"],"url":"https:\/\/www.boxrepsol.com\/en\/author\/bx_ayesa\/"}]}},"_links":{"self":[{"href":"https:\/\/www.boxrepsol.com\/en\/wp-json\/wp\/v2\/posts\/97805","targetHints":{"allow":["GET"]}}],"collection":[{"href":"https:\/\/www.boxrepsol.com\/en\/wp-json\/wp\/v2\/posts"}],"about":[{"href":"https:\/\/www.boxrepsol.com\/en\/wp-json\/wp\/v2\/types\/post"}],"author":[{"embeddable":true,"href":"https:\/\/www.boxrepsol.com\/en\/wp-json\/wp\/v2\/users\/1"}],"replies":[{"embeddable":true,"href":"https:\/\/www.boxrepsol.com\/en\/wp-json\/wp\/v2\/comments?post=97805"}],"version-history":[{"count":1,"href":"https:\/\/www.boxrepsol.com\/en\/wp-json\/wp\/v2\/posts\/97805\/revisions"}],"predecessor-version":[{"id":97806,"href":"https:\/\/www.boxrepsol.com\/en\/wp-json\/wp\/v2\/posts\/97805\/revisions\/97806"}],"wp:featuredmedia":[{"embeddable":true,"href":"https:\/\/www.boxrepsol.com\/en\/wp-json\/wp\/v2\/media\/63552"}],"wp:attachment":[{"href":"https:\/\/www.boxrepsol.com\/en\/wp-json\/wp\/v2\/media?parent=97805"}],"wp:term":[{"taxonomy":"category","embeddable":true,"href":"https:\/\/www.boxrepsol.com\/en\/wp-json\/wp\/v2\/categories?post=97805"},{"taxonomy":"post_tag","embeddable":true,"href":"https:\/\/www.boxrepsol.com\/en\/wp-json\/wp\/v2\/tags?post=97805"}],"curies":[{"name":"wp","href":"https:\/\/api.w.org\/{rel}","templated":true}]}}