{"id":97766,"date":"2019-11-26T00:00:00","date_gmt":"2019-11-26T02:00:00","guid":{"rendered":"http:\/\/pre.boxrepsol.com\/uncategorized\/testing-continues-in-jerez-for-the-repsol-honda-team\/"},"modified":"2023-02-27T07:23:27","modified_gmt":"2023-02-27T09:23:27","slug":"testing-continues-in-jerez-for-the-repsol-honda-team","status":"publish","type":"post","link":"https:\/\/www.boxrepsol.com\/en\/motogp-en\/testing-continues-in-jerez-for-the-repsol-honda-team\/","title":{"rendered":"Testing continues in Jerez for the Repsol Honda Team"},"content":{"rendered":"<p>Joining the on-track action shortly after 11am Local Time, <strong>Marc M\u00e1rquez and \u00c1lex M\u00e1rquez began the final test of 2019 in Jerez<\/strong>. The goal for this final test is to gather the final bits of data ahead of the winter testing ban in order for the 2020 RC213V to be well prepared for the Sepang test in early February 2020.<\/p>\n<p><strong>Marc M\u00e1rquez continued to work on the various new components <\/strong>of the Repsol Honda Team RC213V and completed 69 laps around the 4.4km long Circuito de Jerez\u2013\u00c1ngel Nieto. As in Valencia, lap times were not the focus for the eight-time World Champion as he worked towards defending his premier class crown. <strong>A best time of 1\u201938.227 saw Marc end the first day in sixth position<\/strong>. The reigning champion suffered a crash at Turn 13 but was able to return to track.<\/p>\n<p><strong>The Jerez test allowed rookie \u00c1lex M\u00e1rquez to try the RC213V on a new circuit <\/strong>as he continued to learn the intricacies of a MotoGP machine. With the second test so close to the end of the Valencia test, there was little time to make major changes in his preparation, but <strong>\u00c1lex was again happy with what he was able to learn about the bike<\/strong>. 70 laps later, \u00c1lex ended the day with a best time of 1\u201939.413 \u2013 just over a second back on his teammate. The time saw him finish the day as the leading rookie.<\/p>\n<p>Both Repsol Honda Team riders will be back out Tuesday, November 26 for one final day of running.<\/p>\n<p>                <!-- Imagen relacionada --><br \/>\n        <img loading=\"lazy\" decoding=\"async\" width=\"404\" height=\"336\" src=\"https:\/\/bxrepsol.s3.eu-west-1.amazonaws.com\/static\/2022\/08\/30044931\/01_marc_marquez_alex_marquez_test_valencia_2019-2.jpg\" alt=\"Marc y \u00c1lex pilotan sus RC213V en la pretemporada\" \/><br \/>\n                <!-- Categor\u00eda --><br \/>\n            MotoGP<br \/>\n        <!-- T\u00edtulo --><br \/>\n        <a href=\"https:\/\/www.boxrepsol.com\/en\/motogp-en\/repsol-honda-team-pleased-with-results-at-productive-valencia-test\/\"><\/p>\n<h3>Repsol Honda Team pleased with results at productive Valencia Test<\/h3>\n<p>        <\/a><br \/>\n                    <!-- Fecha --><br \/>\n            5 days ago        <\/p>\n<h2>2019 Jerez test &#8211; Marc M\u00e1rquez and \u00c1lex M\u00e1rquez&#8217;s statements<\/h2>\n<p><a href=\"https:\/\/twitter.com\/hashtag\/mm93?src=hash&#038;lang=en\">#MM93<\/a><\/p>\n<p><em><strong>Again today we tried some different things for 2020<\/strong>, assessing two different directions. It looks like tomorrow the weather could be a little bit tricky, so we had to alter our plan a little bit to make sure we got the most out of today. <strong>This part of the season is very important, so we have to stay very focused here and keep working<\/strong>. <\/p>\n<p>The crash today was my mistake, I ran wide and at that time the outside of the track was a little damp so I lost the front. Fortunately I am OK, I just went to the medical centre for a precautionary check.<\/em><\/p>\n<hr\/>\n<p><a href=\"https:\/\/twitter.com\/hashtag\/am73?src=hash&#038;lang=en\">#AM73<\/a><\/p>\n<p><em><strong>Today we tried to improve and close the distance to the front while learning how to work with my team for next year.<\/strong> Throughout the day we were able to make steady improvements and I was able to work a lot with used tyres, to understand how I need to change my riding to make the most out of them. <\/p>\n<p>We didn\u2019t fit any new tyres at the end as it started raining a little bit, but I am happy. <strong>I think today went better than both days in Valencia as I was more comfortable right away<\/strong>.<\/em><\/p>\n","protected":false},"excerpt":{"rendered":"<p>With another 139 laps completed; the Repsol Honda Team made the most of valuable track time as the final test session of 2019 commences.<\/p>\n","protected":false},"author":1,"featured_media":63219,"comment_status":"open","ping_status":"open","sticky":false,"template":"","format":"standard","meta":{"footnotes":""},"categories":[146],"tags":[209],"class_list":["post-97766","post","type-post","status-publish","format-standard","hentry","category-motogp-en","tag-preseason"],"yoast_head":"<!-- This site is optimized with the Yoast SEO plugin v27.3 - https:\/\/yoast.com\/product\/yoast-seo-wordpress\/ -->\n<title>2019 Jerez test - Testing continues in Jerez for the Repsol Honda Team<\/title>\n<meta name=\"description\" content=\"With another 139 laps completed; the Repsol Honda Team made the most of valuable track time as the final test session of 2019 commences.\" \/>\n<link rel=\"canonical\" href=\"https:\/\/www.boxrepsol.com\/en\/motogp-en\/testing-continues-in-jerez-for-the-repsol-honda-team\/\" \/>\n<meta property=\"og:locale\" content=\"en_US\" \/>\n<meta property=\"og:type\" content=\"article\" \/>\n<meta property=\"og:title\" content=\"2019 Jerez test - Testing continues in Jerez for the Repsol Honda Team\" \/>\n<meta property=\"og:description\" content=\"With another 139 laps completed; the Repsol Honda Team made the most of valuable track time as the final test session of 2019 commences.\" \/>\n<meta property=\"og:url\" content=\"https:\/\/www.boxrepsol.com\/en\/motogp-en\/testing-continues-in-jerez-for-the-repsol-honda-team\/\" \/>\n<meta property=\"og:site_name\" content=\"Box Repsol\" \/>\n<meta property=\"article:publisher\" content=\"https:\/\/www.facebook.com\/BoxRepsol\" \/>\n<meta property=\"article:published_time\" content=\"2019-11-26T02:00:00+00:00\" \/>\n<meta property=\"article:modified_time\" content=\"2023-02-27T09:23:27+00:00\" \/>\n<meta property=\"og:image\" content=\"https:\/\/bxrepsol.s3.eu-west-1.amazonaws.com\/static\/2022\/08\/29090849\/00_marc_marquez_test_jerez_2019_repsol_honda_pit_lane.jpg\" \/>\n\t<meta property=\"og:image:width\" content=\"1280\" \/>\n\t<meta property=\"og:image:height\" content=\"600\" \/>\n\t<meta property=\"og:image:type\" content=\"image\/jpeg\" \/>\n<meta name=\"author\" content=\"bx_ayesa\" \/>\n<meta name=\"twitter:card\" content=\"summary_large_image\" \/>\n<meta name=\"twitter:creator\" content=\"@box_repsol\" \/>\n<meta name=\"twitter:site\" content=\"@box_repsol\" \/>\n<meta name=\"twitter:label1\" content=\"Written by\" \/>\n\t<meta name=\"twitter:data1\" content=\"bx_ayesa\" \/>\n\t<meta name=\"twitter:label2\" content=\"Est. reading time\" \/>\n\t<meta name=\"twitter:data2\" content=\"2 minutes\" \/>\n<script type=\"application\/ld+json\" class=\"yoast-schema-graph\">{\"@context\":\"https:\\\/\\\/schema.org\",\"@graph\":[{\"@type\":\"Article\",\"@id\":\"https:\\\/\\\/www.boxrepsol.com\\\/en\\\/motogp-en\\\/testing-continues-in-jerez-for-the-repsol-honda-team\\\/#article\",\"isPartOf\":{\"@id\":\"https:\\\/\\\/www.boxrepsol.com\\\/en\\\/motogp-en\\\/testing-continues-in-jerez-for-the-repsol-honda-team\\\/\"},\"author\":{\"name\":\"bx_ayesa\",\"@id\":\"https:\\\/\\\/www.boxrepsol.com\\\/en\\\/#\\\/schema\\\/person\\\/d9d0f442a4332c7d099d31ffda4747a0\"},\"headline\":\"Testing continues in Jerez for the Repsol Honda Team\",\"datePublished\":\"2019-11-26T02:00:00+00:00\",\"dateModified\":\"2023-02-27T09:23:27+00:00\",\"mainEntityOfPage\":{\"@id\":\"https:\\\/\\\/www.boxrepsol.com\\\/en\\\/motogp-en\\\/testing-continues-in-jerez-for-the-repsol-honda-team\\\/\"},\"wordCount\":494,\"commentCount\":0,\"publisher\":{\"@id\":\"https:\\\/\\\/www.boxrepsol.com\\\/en\\\/#organization\"},\"image\":{\"@id\":\"https:\\\/\\\/www.boxrepsol.com\\\/en\\\/motogp-en\\\/testing-continues-in-jerez-for-the-repsol-honda-team\\\/#primaryimage\"},\"thumbnailUrl\":\"https:\\\/\\\/bxrepsol.s3.eu-west-1.amazonaws.com\\\/static\\\/2022\\\/08\\\/29090849\\\/00_marc_marquez_test_jerez_2019_repsol_honda_pit_lane.jpg\",\"keywords\":[\"Preseason\"],\"articleSection\":[\"MotoGP\"],\"inLanguage\":\"en-US\",\"potentialAction\":[{\"@type\":\"CommentAction\",\"name\":\"Comment\",\"target\":[\"https:\\\/\\\/www.boxrepsol.com\\\/en\\\/motogp-en\\\/testing-continues-in-jerez-for-the-repsol-honda-team\\\/#respond\"]}]},{\"@type\":\"WebPage\",\"@id\":\"https:\\\/\\\/www.boxrepsol.com\\\/en\\\/motogp-en\\\/testing-continues-in-jerez-for-the-repsol-honda-team\\\/\",\"url\":\"https:\\\/\\\/www.boxrepsol.com\\\/en\\\/motogp-en\\\/testing-continues-in-jerez-for-the-repsol-honda-team\\\/\",\"name\":\"2019 Jerez test - Testing continues in Jerez for the Repsol Honda Team\",\"isPartOf\":{\"@id\":\"https:\\\/\\\/www.boxrepsol.com\\\/en\\\/#website\"},\"primaryImageOfPage\":{\"@id\":\"https:\\\/\\\/www.boxrepsol.com\\\/en\\\/motogp-en\\\/testing-continues-in-jerez-for-the-repsol-honda-team\\\/#primaryimage\"},\"image\":{\"@id\":\"https:\\\/\\\/www.boxrepsol.com\\\/en\\\/motogp-en\\\/testing-continues-in-jerez-for-the-repsol-honda-team\\\/#primaryimage\"},\"thumbnailUrl\":\"https:\\\/\\\/bxrepsol.s3.eu-west-1.amazonaws.com\\\/static\\\/2022\\\/08\\\/29090849\\\/00_marc_marquez_test_jerez_2019_repsol_honda_pit_lane.jpg\",\"datePublished\":\"2019-11-26T02:00:00+00:00\",\"dateModified\":\"2023-02-27T09:23:27+00:00\",\"description\":\"With another 139 laps completed; the Repsol Honda Team made the most of valuable track time as the final test session of 2019 commences.\",\"breadcrumb\":{\"@id\":\"https:\\\/\\\/www.boxrepsol.com\\\/en\\\/motogp-en\\\/testing-continues-in-jerez-for-the-repsol-honda-team\\\/#breadcrumb\"},\"inLanguage\":\"en-US\",\"potentialAction\":[{\"@type\":\"ReadAction\",\"target\":[\"https:\\\/\\\/www.boxrepsol.com\\\/en\\\/motogp-en\\\/testing-continues-in-jerez-for-the-repsol-honda-team\\\/\"]}]},{\"@type\":\"ImageObject\",\"inLanguage\":\"en-US\",\"@id\":\"https:\\\/\\\/www.boxrepsol.com\\\/en\\\/motogp-en\\\/testing-continues-in-jerez-for-the-repsol-honda-team\\\/#primaryimage\",\"url\":\"https:\\\/\\\/bxrepsol.s3.eu-west-1.amazonaws.com\\\/static\\\/2022\\\/08\\\/29090849\\\/00_marc_marquez_test_jerez_2019_repsol_honda_pit_lane.jpg\",\"contentUrl\":\"https:\\\/\\\/bxrepsol.s3.eu-west-1.amazonaws.com\\\/static\\\/2022\\\/08\\\/29090849\\\/00_marc_marquez_test_jerez_2019_repsol_honda_pit_lane.jpg\",\"width\":1280,\"height\":600,\"caption\":\"Marc M\u00e1rquez sacando la moto ayudado por sus mec\u00e1nicos\"},{\"@type\":\"BreadcrumbList\",\"@id\":\"https:\\\/\\\/www.boxrepsol.com\\\/en\\\/motogp-en\\\/testing-continues-in-jerez-for-the-repsol-honda-team\\\/#breadcrumb\",\"itemListElement\":[{\"@type\":\"ListItem\",\"position\":1,\"name\":\"Home\",\"item\":\"https:\\\/\\\/www.boxrepsol.com\\\/en\\\/\"},{\"@type\":\"ListItem\",\"position\":2,\"name\":\"Testing continues in Jerez for the Repsol Honda Team\"}]},{\"@type\":\"WebSite\",\"@id\":\"https:\\\/\\\/www.boxrepsol.com\\\/en\\\/#website\",\"url\":\"https:\\\/\\\/www.boxrepsol.com\\\/en\\\/\",\"name\":\"Box Repsol\",\"description\":\"Box Repsol Site\",\"publisher\":{\"@id\":\"https:\\\/\\\/www.boxrepsol.com\\\/en\\\/#organization\"},\"potentialAction\":[{\"@type\":\"SearchAction\",\"target\":{\"@type\":\"EntryPoint\",\"urlTemplate\":\"https:\\\/\\\/www.boxrepsol.com\\\/en\\\/?s={search_term_string}\"},\"query-input\":{\"@type\":\"PropertyValueSpecification\",\"valueRequired\":true,\"valueName\":\"search_term_string\"}}],\"inLanguage\":\"en-US\"},{\"@type\":\"Organization\",\"@id\":\"https:\\\/\\\/www.boxrepsol.com\\\/en\\\/#organization\",\"name\":\"Box Repsol\",\"url\":\"https:\\\/\\\/www.boxrepsol.com\\\/en\\\/\",\"logo\":{\"@type\":\"ImageObject\",\"inLanguage\":\"en-US\",\"@id\":\"https:\\\/\\\/www.boxrepsol.com\\\/en\\\/#\\\/schema\\\/logo\\\/image\\\/\",\"url\":\"https:\\\/\\\/bxrepsol.s3.eu-west-1.amazonaws.com\\\/static\\\/2025\\\/07\\\/30083337\\\/favicon-96x96-1.png\",\"contentUrl\":\"https:\\\/\\\/bxrepsol.s3.eu-west-1.amazonaws.com\\\/static\\\/2025\\\/07\\\/30083337\\\/favicon-96x96-1.png\",\"width\":96,\"height\":96,\"caption\":\"Box Repsol\"},\"image\":{\"@id\":\"https:\\\/\\\/www.boxrepsol.com\\\/en\\\/#\\\/schema\\\/logo\\\/image\\\/\"},\"sameAs\":[\"https:\\\/\\\/www.facebook.com\\\/BoxRepsol\",\"https:\\\/\\\/x.com\\\/box_repsol\",\"http:\\\/\\\/instagram.com\\\/box_repsol\",\"https:\\\/\\\/www.youtube.com\\\/user\\\/RepsolCompeticion\",\"https:\\\/\\\/www.flickr.com\\\/photos\\\/box_repsol\\\/\"]},{\"@type\":\"Person\",\"@id\":\"https:\\\/\\\/www.boxrepsol.com\\\/en\\\/#\\\/schema\\\/person\\\/d9d0f442a4332c7d099d31ffda4747a0\",\"name\":\"bx_ayesa\",\"image\":{\"@type\":\"ImageObject\",\"inLanguage\":\"en-US\",\"@id\":\"https:\\\/\\\/secure.gravatar.com\\\/avatar\\\/059e1b9d3585083708845ba70e8dd968f143ff35f5e0e10cf2d1e7afe2c6a878?s=96&d=mm&r=g\",\"url\":\"https:\\\/\\\/secure.gravatar.com\\\/avatar\\\/059e1b9d3585083708845ba70e8dd968f143ff35f5e0e10cf2d1e7afe2c6a878?s=96&d=mm&r=g\",\"contentUrl\":\"https:\\\/\\\/secure.gravatar.com\\\/avatar\\\/059e1b9d3585083708845ba70e8dd968f143ff35f5e0e10cf2d1e7afe2c6a878?s=96&d=mm&r=g\",\"caption\":\"bx_ayesa\"},\"sameAs\":[\"http:\\\/\\\/54.155.157.200\"],\"url\":\"https:\\\/\\\/www.boxrepsol.com\\\/en\\\/author\\\/bx_ayesa\\\/\"}]}<\/script>\n<!-- \/ Yoast SEO plugin. -->","yoast_head_json":{"title":"2019 Jerez test - Testing continues in Jerez for the Repsol Honda Team","description":"With another 139 laps completed; the Repsol Honda Team made the most of valuable track time as the final test session of 2019 commences.","canonical":"https:\/\/www.boxrepsol.com\/en\/motogp-en\/testing-continues-in-jerez-for-the-repsol-honda-team\/","og_locale":"en_US","og_type":"article","og_title":"2019 Jerez test - Testing continues in Jerez for the Repsol Honda Team","og_description":"With another 139 laps completed; the Repsol Honda Team made the most of valuable track time as the final test session of 2019 commences.","og_url":"https:\/\/www.boxrepsol.com\/en\/motogp-en\/testing-continues-in-jerez-for-the-repsol-honda-team\/","og_site_name":"Box Repsol","article_publisher":"https:\/\/www.facebook.com\/BoxRepsol","article_published_time":"2019-11-26T02:00:00+00:00","article_modified_time":"2023-02-27T09:23:27+00:00","og_image":[{"width":1280,"height":600,"url":"https:\/\/bxrepsol.s3.eu-west-1.amazonaws.com\/static\/2022\/08\/29090849\/00_marc_marquez_test_jerez_2019_repsol_honda_pit_lane.jpg","type":"image\/jpeg"}],"author":"bx_ayesa","twitter_card":"summary_large_image","twitter_creator":"@box_repsol","twitter_site":"@box_repsol","twitter_misc":{"Written by":"bx_ayesa","Est. reading time":"2 minutes"},"schema":{"@context":"https:\/\/schema.org","@graph":[{"@type":"Article","@id":"https:\/\/www.boxrepsol.com\/en\/motogp-en\/testing-continues-in-jerez-for-the-repsol-honda-team\/#article","isPartOf":{"@id":"https:\/\/www.boxrepsol.com\/en\/motogp-en\/testing-continues-in-jerez-for-the-repsol-honda-team\/"},"author":{"name":"bx_ayesa","@id":"https:\/\/www.boxrepsol.com\/en\/#\/schema\/person\/d9d0f442a4332c7d099d31ffda4747a0"},"headline":"Testing continues in Jerez for the Repsol Honda Team","datePublished":"2019-11-26T02:00:00+00:00","dateModified":"2023-02-27T09:23:27+00:00","mainEntityOfPage":{"@id":"https:\/\/www.boxrepsol.com\/en\/motogp-en\/testing-continues-in-jerez-for-the-repsol-honda-team\/"},"wordCount":494,"commentCount":0,"publisher":{"@id":"https:\/\/www.boxrepsol.com\/en\/#organization"},"image":{"@id":"https:\/\/www.boxrepsol.com\/en\/motogp-en\/testing-continues-in-jerez-for-the-repsol-honda-team\/#primaryimage"},"thumbnailUrl":"https:\/\/bxrepsol.s3.eu-west-1.amazonaws.com\/static\/2022\/08\/29090849\/00_marc_marquez_test_jerez_2019_repsol_honda_pit_lane.jpg","keywords":["Preseason"],"articleSection":["MotoGP"],"inLanguage":"en-US","potentialAction":[{"@type":"CommentAction","name":"Comment","target":["https:\/\/www.boxrepsol.com\/en\/motogp-en\/testing-continues-in-jerez-for-the-repsol-honda-team\/#respond"]}]},{"@type":"WebPage","@id":"https:\/\/www.boxrepsol.com\/en\/motogp-en\/testing-continues-in-jerez-for-the-repsol-honda-team\/","url":"https:\/\/www.boxrepsol.com\/en\/motogp-en\/testing-continues-in-jerez-for-the-repsol-honda-team\/","name":"2019 Jerez test - Testing continues in Jerez for the Repsol Honda Team","isPartOf":{"@id":"https:\/\/www.boxrepsol.com\/en\/#website"},"primaryImageOfPage":{"@id":"https:\/\/www.boxrepsol.com\/en\/motogp-en\/testing-continues-in-jerez-for-the-repsol-honda-team\/#primaryimage"},"image":{"@id":"https:\/\/www.boxrepsol.com\/en\/motogp-en\/testing-continues-in-jerez-for-the-repsol-honda-team\/#primaryimage"},"thumbnailUrl":"https:\/\/bxrepsol.s3.eu-west-1.amazonaws.com\/static\/2022\/08\/29090849\/00_marc_marquez_test_jerez_2019_repsol_honda_pit_lane.jpg","datePublished":"2019-11-26T02:00:00+00:00","dateModified":"2023-02-27T09:23:27+00:00","description":"With another 139 laps completed; the Repsol Honda Team made the most of valuable track time as the final test session of 2019 commences.","breadcrumb":{"@id":"https:\/\/www.boxrepsol.com\/en\/motogp-en\/testing-continues-in-jerez-for-the-repsol-honda-team\/#breadcrumb"},"inLanguage":"en-US","potentialAction":[{"@type":"ReadAction","target":["https:\/\/www.boxrepsol.com\/en\/motogp-en\/testing-continues-in-jerez-for-the-repsol-honda-team\/"]}]},{"@type":"ImageObject","inLanguage":"en-US","@id":"https:\/\/www.boxrepsol.com\/en\/motogp-en\/testing-continues-in-jerez-for-the-repsol-honda-team\/#primaryimage","url":"https:\/\/bxrepsol.s3.eu-west-1.amazonaws.com\/static\/2022\/08\/29090849\/00_marc_marquez_test_jerez_2019_repsol_honda_pit_lane.jpg","contentUrl":"https:\/\/bxrepsol.s3.eu-west-1.amazonaws.com\/static\/2022\/08\/29090849\/00_marc_marquez_test_jerez_2019_repsol_honda_pit_lane.jpg","width":1280,"height":600,"caption":"Marc M\u00e1rquez sacando la moto ayudado por sus mec\u00e1nicos"},{"@type":"BreadcrumbList","@id":"https:\/\/www.boxrepsol.com\/en\/motogp-en\/testing-continues-in-jerez-for-the-repsol-honda-team\/#breadcrumb","itemListElement":[{"@type":"ListItem","position":1,"name":"Home","item":"https:\/\/www.boxrepsol.com\/en\/"},{"@type":"ListItem","position":2,"name":"Testing continues in Jerez for the Repsol Honda Team"}]},{"@type":"WebSite","@id":"https:\/\/www.boxrepsol.com\/en\/#website","url":"https:\/\/www.boxrepsol.com\/en\/","name":"Box Repsol","description":"Box Repsol Site","publisher":{"@id":"https:\/\/www.boxrepsol.com\/en\/#organization"},"potentialAction":[{"@type":"SearchAction","target":{"@type":"EntryPoint","urlTemplate":"https:\/\/www.boxrepsol.com\/en\/?s={search_term_string}"},"query-input":{"@type":"PropertyValueSpecification","valueRequired":true,"valueName":"search_term_string"}}],"inLanguage":"en-US"},{"@type":"Organization","@id":"https:\/\/www.boxrepsol.com\/en\/#organization","name":"Box Repsol","url":"https:\/\/www.boxrepsol.com\/en\/","logo":{"@type":"ImageObject","inLanguage":"en-US","@id":"https:\/\/www.boxrepsol.com\/en\/#\/schema\/logo\/image\/","url":"https:\/\/bxrepsol.s3.eu-west-1.amazonaws.com\/static\/2025\/07\/30083337\/favicon-96x96-1.png","contentUrl":"https:\/\/bxrepsol.s3.eu-west-1.amazonaws.com\/static\/2025\/07\/30083337\/favicon-96x96-1.png","width":96,"height":96,"caption":"Box Repsol"},"image":{"@id":"https:\/\/www.boxrepsol.com\/en\/#\/schema\/logo\/image\/"},"sameAs":["https:\/\/www.facebook.com\/BoxRepsol","https:\/\/x.com\/box_repsol","http:\/\/instagram.com\/box_repsol","https:\/\/www.youtube.com\/user\/RepsolCompeticion","https:\/\/www.flickr.com\/photos\/box_repsol\/"]},{"@type":"Person","@id":"https:\/\/www.boxrepsol.com\/en\/#\/schema\/person\/d9d0f442a4332c7d099d31ffda4747a0","name":"bx_ayesa","image":{"@type":"ImageObject","inLanguage":"en-US","@id":"https:\/\/secure.gravatar.com\/avatar\/059e1b9d3585083708845ba70e8dd968f143ff35f5e0e10cf2d1e7afe2c6a878?s=96&d=mm&r=g","url":"https:\/\/secure.gravatar.com\/avatar\/059e1b9d3585083708845ba70e8dd968f143ff35f5e0e10cf2d1e7afe2c6a878?s=96&d=mm&r=g","contentUrl":"https:\/\/secure.gravatar.com\/avatar\/059e1b9d3585083708845ba70e8dd968f143ff35f5e0e10cf2d1e7afe2c6a878?s=96&d=mm&r=g","caption":"bx_ayesa"},"sameAs":["http:\/\/54.155.157.200"],"url":"https:\/\/www.boxrepsol.com\/en\/author\/bx_ayesa\/"}]}},"_links":{"self":[{"href":"https:\/\/www.boxrepsol.com\/en\/wp-json\/wp\/v2\/posts\/97766","targetHints":{"allow":["GET"]}}],"collection":[{"href":"https:\/\/www.boxrepsol.com\/en\/wp-json\/wp\/v2\/posts"}],"about":[{"href":"https:\/\/www.boxrepsol.com\/en\/wp-json\/wp\/v2\/types\/post"}],"author":[{"embeddable":true,"href":"https:\/\/www.boxrepsol.com\/en\/wp-json\/wp\/v2\/users\/1"}],"replies":[{"embeddable":true,"href":"https:\/\/www.boxrepsol.com\/en\/wp-json\/wp\/v2\/comments?post=97766"}],"version-history":[{"count":1,"href":"https:\/\/www.boxrepsol.com\/en\/wp-json\/wp\/v2\/posts\/97766\/revisions"}],"predecessor-version":[{"id":97767,"href":"https:\/\/www.boxrepsol.com\/en\/wp-json\/wp\/v2\/posts\/97766\/revisions\/97767"}],"wp:featuredmedia":[{"embeddable":true,"href":"https:\/\/www.boxrepsol.com\/en\/wp-json\/wp\/v2\/media\/63219"}],"wp:attachment":[{"href":"https:\/\/www.boxrepsol.com\/en\/wp-json\/wp\/v2\/media?parent=97766"}],"wp:term":[{"taxonomy":"category","embeddable":true,"href":"https:\/\/www.boxrepsol.com\/en\/wp-json\/wp\/v2\/categories?post=97766"},{"taxonomy":"post_tag","embeddable":true,"href":"https:\/\/www.boxrepsol.com\/en\/wp-json\/wp\/v2\/tags?post=97766"}],"curies":[{"name":"wp","href":"https:\/\/api.w.org\/{rel}","templated":true}]}}