{"id":97760,"date":"2019-11-21T00:00:00","date_gmt":"2019-11-21T02:00:00","guid":{"rendered":"http:\/\/pre.boxrepsol.com\/uncategorized\/marquez-anfitrion-la-exposicion-monos-competicion-corte-ingles\/"},"modified":"2019-11-21T00:00:00","modified_gmt":"2019-11-21T02:00:00","slug":"marquez-anfitrion-la-exposicion-monos-competicion-corte-ingles","status":"publish","type":"post","link":"https:\/\/www.boxrepsol.com\/en\/motogp-en\/marquez-anfitrion-la-exposicion-monos-competicion-corte-ingles\/","title":{"rendered":"M\u00e1rquez opens racing leathers exhibition in Madrid\u2019s El Corte Ingl\u00e9s"},"content":{"rendered":"<p><strong>Repsol took its celebration of 50 years in motorsport competition to the streets again<\/strong> this week, this time to the Spanish capital of Madrid. An exhibition of different competition clothing will be displayed in the window of department store El Corte Ingl\u00e9s for the next week, and<strong> it was MotoGP World Champion Marc M\u00e1rquez who inaugurated a collection that includes leathers worn by the likes of \u00c1ngel Nieto and Carlos Sainz<\/strong>.<\/p>\n<p>A few months ago, <a href=\"https:\/\/www.boxrepsol.com\/en\/50-years-of-motorsport\/historic-marquez-la-rosa-and-roma-repsol-vehicles-on-display-in-barcelona\/\">Barcelona saw a show of cars and motorcycles from the last five decades of Repsol\u2019s involvement in competition<\/a>, and now it is Madrid\u2019s turn to host an exhibition. <strong>Ten sets of leathers from various disciplines will take centre stage<\/strong>: Motorcycle World Championship (Marc M\u00e1rquez, Dani Pedrosa, \u00c1lex Crivill\u00e9 and \u00c1ngel Nieto), Formula 1 (Pedro Mart\u00ednez de la Rosa), the World Rally Championship (Carlos Sainz ), the Trial World Championship (Toni Bou and Laia Sanz), the Dakar Rally (Nani Roma) and aviation sports (Juan Velarde).<\/p>\n<p>In the coming months, the exhibition will travel through different El Corte Ingl\u00e9s stores in Spain, stopping in cities such as Valencia, Malaga and Barcelona.<\/p>\n","protected":false},"excerpt":{"rendered":"<p>Eight-time MotoGP World Champion Marc M\u00e1rquez hosted the display of leathers from Repsol\u2019s 50 years in motor sports.<\/p>\n","protected":false},"author":1,"featured_media":63184,"comment_status":"open","ping_status":"open","sticky":false,"template":"","format":"standard","meta":{"footnotes":""},"categories":[146],"tags":[6,283,158],"class_list":["post-97760","post","type-post","status-publish","format-standard","hentry","category-motogp-en","tag-marc-marquez","tag-marc-marquez-en","tag-repsol"],"yoast_head":"<!-- This site is optimized with the Yoast SEO plugin v27.3 - https:\/\/yoast.com\/product\/yoast-seo-wordpress\/ -->\n<title>M\u00e1rquez opens racing leathers exhibition in Madrid\u2019s El Corte Ingl\u00e9s - Box Repsol<\/title>\n<meta name=\"description\" content=\"Eight-time MotoGP World Champion Marc M\u00e1rquez hosted the display of leathers from Repsol\u2019s 50 years in motor sports.\" \/>\n<link rel=\"canonical\" href=\"https:\/\/www.boxrepsol.com\/en\/motogp-en\/marquez-anfitrion-la-exposicion-monos-competicion-corte-ingles\/\" \/>\n<meta property=\"og:locale\" content=\"en_US\" \/>\n<meta property=\"og:type\" content=\"article\" \/>\n<meta property=\"og:title\" content=\"M\u00e1rquez opens racing leathers exhibition in Madrid\u2019s El Corte Ingl\u00e9s - Box Repsol\" \/>\n<meta property=\"og:description\" content=\"Eight-time MotoGP World Champion Marc M\u00e1rquez hosted the display of leathers from Repsol\u2019s 50 years in motor sports.\" \/>\n<meta property=\"og:url\" content=\"https:\/\/www.boxrepsol.com\/en\/motogp-en\/marquez-anfitrion-la-exposicion-monos-competicion-corte-ingles\/\" \/>\n<meta property=\"og:site_name\" content=\"Box Repsol\" \/>\n<meta property=\"article:publisher\" content=\"https:\/\/www.facebook.com\/BoxRepsol\" \/>\n<meta property=\"article:published_time\" content=\"2019-11-21T02:00:00+00:00\" \/>\n<meta property=\"og:image\" content=\"https:\/\/bxrepsol.s3.eu-west-1.amazonaws.com\/static\/2022\/08\/29090821\/00_marc_marquez_exposicion_monos_cayao_corte_ingles.jpg\" \/>\n\t<meta property=\"og:image:width\" content=\"1280\" \/>\n\t<meta property=\"og:image:height\" content=\"600\" \/>\n\t<meta property=\"og:image:type\" content=\"image\/jpeg\" \/>\n<meta name=\"author\" content=\"bx_ayesa\" \/>\n<meta name=\"twitter:card\" content=\"summary_large_image\" \/>\n<meta name=\"twitter:creator\" content=\"@box_repsol\" \/>\n<meta name=\"twitter:site\" content=\"@box_repsol\" \/>\n<meta name=\"twitter:label1\" content=\"Written by\" \/>\n\t<meta name=\"twitter:data1\" content=\"bx_ayesa\" \/>\n\t<meta name=\"twitter:label2\" content=\"Est. reading time\" \/>\n\t<meta name=\"twitter:data2\" content=\"1 minute\" \/>\n<script type=\"application\/ld+json\" class=\"yoast-schema-graph\">{\"@context\":\"https:\\\/\\\/schema.org\",\"@graph\":[{\"@type\":\"Article\",\"@id\":\"https:\\\/\\\/www.boxrepsol.com\\\/en\\\/motogp-en\\\/marquez-anfitrion-la-exposicion-monos-competicion-corte-ingles\\\/#article\",\"isPartOf\":{\"@id\":\"https:\\\/\\\/www.boxrepsol.com\\\/en\\\/motogp-en\\\/marquez-anfitrion-la-exposicion-monos-competicion-corte-ingles\\\/\"},\"author\":{\"name\":\"bx_ayesa\",\"@id\":\"https:\\\/\\\/www.boxrepsol.com\\\/en\\\/#\\\/schema\\\/person\\\/d9d0f442a4332c7d099d31ffda4747a0\"},\"headline\":\"M\u00e1rquez opens racing leathers exhibition in Madrid\u2019s El Corte Ingl\u00e9s\",\"datePublished\":\"2019-11-21T02:00:00+00:00\",\"mainEntityOfPage\":{\"@id\":\"https:\\\/\\\/www.boxrepsol.com\\\/en\\\/motogp-en\\\/marquez-anfitrion-la-exposicion-monos-competicion-corte-ingles\\\/\"},\"wordCount\":201,\"commentCount\":0,\"publisher\":{\"@id\":\"https:\\\/\\\/www.boxrepsol.com\\\/en\\\/#organization\"},\"image\":{\"@id\":\"https:\\\/\\\/www.boxrepsol.com\\\/en\\\/motogp-en\\\/marquez-anfitrion-la-exposicion-monos-competicion-corte-ingles\\\/#primaryimage\"},\"thumbnailUrl\":\"https:\\\/\\\/bxrepsol.s3.eu-west-1.amazonaws.com\\\/static\\\/2022\\\/08\\\/29090821\\\/00_marc_marquez_exposicion_monos_cayao_corte_ingles.jpg\",\"keywords\":[\"Marc M\u00e1rquez\",\"Marc M\u00e1rquez\",\"Repsol\"],\"articleSection\":[\"MotoGP\"],\"inLanguage\":\"en-US\",\"potentialAction\":[{\"@type\":\"CommentAction\",\"name\":\"Comment\",\"target\":[\"https:\\\/\\\/www.boxrepsol.com\\\/en\\\/motogp-en\\\/marquez-anfitrion-la-exposicion-monos-competicion-corte-ingles\\\/#respond\"]}]},{\"@type\":\"WebPage\",\"@id\":\"https:\\\/\\\/www.boxrepsol.com\\\/en\\\/motogp-en\\\/marquez-anfitrion-la-exposicion-monos-competicion-corte-ingles\\\/\",\"url\":\"https:\\\/\\\/www.boxrepsol.com\\\/en\\\/motogp-en\\\/marquez-anfitrion-la-exposicion-monos-competicion-corte-ingles\\\/\",\"name\":\"M\u00e1rquez opens racing leathers exhibition in Madrid\u2019s El Corte Ingl\u00e9s - Box Repsol\",\"isPartOf\":{\"@id\":\"https:\\\/\\\/www.boxrepsol.com\\\/en\\\/#website\"},\"primaryImageOfPage\":{\"@id\":\"https:\\\/\\\/www.boxrepsol.com\\\/en\\\/motogp-en\\\/marquez-anfitrion-la-exposicion-monos-competicion-corte-ingles\\\/#primaryimage\"},\"image\":{\"@id\":\"https:\\\/\\\/www.boxrepsol.com\\\/en\\\/motogp-en\\\/marquez-anfitrion-la-exposicion-monos-competicion-corte-ingles\\\/#primaryimage\"},\"thumbnailUrl\":\"https:\\\/\\\/bxrepsol.s3.eu-west-1.amazonaws.com\\\/static\\\/2022\\\/08\\\/29090821\\\/00_marc_marquez_exposicion_monos_cayao_corte_ingles.jpg\",\"datePublished\":\"2019-11-21T02:00:00+00:00\",\"description\":\"Eight-time MotoGP World Champion Marc M\u00e1rquez hosted the display of leathers from Repsol\u2019s 50 years in motor sports.\",\"breadcrumb\":{\"@id\":\"https:\\\/\\\/www.boxrepsol.com\\\/en\\\/motogp-en\\\/marquez-anfitrion-la-exposicion-monos-competicion-corte-ingles\\\/#breadcrumb\"},\"inLanguage\":\"en-US\",\"potentialAction\":[{\"@type\":\"ReadAction\",\"target\":[\"https:\\\/\\\/www.boxrepsol.com\\\/en\\\/motogp-en\\\/marquez-anfitrion-la-exposicion-monos-competicion-corte-ingles\\\/\"]}]},{\"@type\":\"ImageObject\",\"inLanguage\":\"en-US\",\"@id\":\"https:\\\/\\\/www.boxrepsol.com\\\/en\\\/motogp-en\\\/marquez-anfitrion-la-exposicion-monos-competicion-corte-ingles\\\/#primaryimage\",\"url\":\"https:\\\/\\\/bxrepsol.s3.eu-west-1.amazonaws.com\\\/static\\\/2022\\\/08\\\/29090821\\\/00_marc_marquez_exposicion_monos_cayao_corte_ingles.jpg\",\"contentUrl\":\"https:\\\/\\\/bxrepsol.s3.eu-west-1.amazonaws.com\\\/static\\\/2022\\\/08\\\/29090821\\\/00_marc_marquez_exposicion_monos_cayao_corte_ingles.jpg\",\"width\":1280,\"height\":600,\"caption\":\"Marc M\u00e1rquez haciendo el saludo en V en exposici\u00f3n de monos de competici\u00f3n.\"},{\"@type\":\"BreadcrumbList\",\"@id\":\"https:\\\/\\\/www.boxrepsol.com\\\/en\\\/motogp-en\\\/marquez-anfitrion-la-exposicion-monos-competicion-corte-ingles\\\/#breadcrumb\",\"itemListElement\":[{\"@type\":\"ListItem\",\"position\":1,\"name\":\"Home\",\"item\":\"https:\\\/\\\/www.boxrepsol.com\\\/en\\\/\"},{\"@type\":\"ListItem\",\"position\":2,\"name\":\"M\u00e1rquez opens racing leathers exhibition in Madrid\u2019s El Corte Ingl\u00e9s\"}]},{\"@type\":\"WebSite\",\"@id\":\"https:\\\/\\\/www.boxrepsol.com\\\/en\\\/#website\",\"url\":\"https:\\\/\\\/www.boxrepsol.com\\\/en\\\/\",\"name\":\"Box Repsol\",\"description\":\"Box Repsol Site\",\"publisher\":{\"@id\":\"https:\\\/\\\/www.boxrepsol.com\\\/en\\\/#organization\"},\"potentialAction\":[{\"@type\":\"SearchAction\",\"target\":{\"@type\":\"EntryPoint\",\"urlTemplate\":\"https:\\\/\\\/www.boxrepsol.com\\\/en\\\/?s={search_term_string}\"},\"query-input\":{\"@type\":\"PropertyValueSpecification\",\"valueRequired\":true,\"valueName\":\"search_term_string\"}}],\"inLanguage\":\"en-US\"},{\"@type\":\"Organization\",\"@id\":\"https:\\\/\\\/www.boxrepsol.com\\\/en\\\/#organization\",\"name\":\"Box Repsol\",\"url\":\"https:\\\/\\\/www.boxrepsol.com\\\/en\\\/\",\"logo\":{\"@type\":\"ImageObject\",\"inLanguage\":\"en-US\",\"@id\":\"https:\\\/\\\/www.boxrepsol.com\\\/en\\\/#\\\/schema\\\/logo\\\/image\\\/\",\"url\":\"https:\\\/\\\/bxrepsol.s3.eu-west-1.amazonaws.com\\\/static\\\/2025\\\/07\\\/30083337\\\/favicon-96x96-1.png\",\"contentUrl\":\"https:\\\/\\\/bxrepsol.s3.eu-west-1.amazonaws.com\\\/static\\\/2025\\\/07\\\/30083337\\\/favicon-96x96-1.png\",\"width\":96,\"height\":96,\"caption\":\"Box Repsol\"},\"image\":{\"@id\":\"https:\\\/\\\/www.boxrepsol.com\\\/en\\\/#\\\/schema\\\/logo\\\/image\\\/\"},\"sameAs\":[\"https:\\\/\\\/www.facebook.com\\\/BoxRepsol\",\"https:\\\/\\\/x.com\\\/box_repsol\",\"http:\\\/\\\/instagram.com\\\/box_repsol\",\"https:\\\/\\\/www.youtube.com\\\/user\\\/RepsolCompeticion\",\"https:\\\/\\\/www.flickr.com\\\/photos\\\/box_repsol\\\/\"]},{\"@type\":\"Person\",\"@id\":\"https:\\\/\\\/www.boxrepsol.com\\\/en\\\/#\\\/schema\\\/person\\\/d9d0f442a4332c7d099d31ffda4747a0\",\"name\":\"bx_ayesa\",\"image\":{\"@type\":\"ImageObject\",\"inLanguage\":\"en-US\",\"@id\":\"https:\\\/\\\/secure.gravatar.com\\\/avatar\\\/059e1b9d3585083708845ba70e8dd968f143ff35f5e0e10cf2d1e7afe2c6a878?s=96&d=mm&r=g\",\"url\":\"https:\\\/\\\/secure.gravatar.com\\\/avatar\\\/059e1b9d3585083708845ba70e8dd968f143ff35f5e0e10cf2d1e7afe2c6a878?s=96&d=mm&r=g\",\"contentUrl\":\"https:\\\/\\\/secure.gravatar.com\\\/avatar\\\/059e1b9d3585083708845ba70e8dd968f143ff35f5e0e10cf2d1e7afe2c6a878?s=96&d=mm&r=g\",\"caption\":\"bx_ayesa\"},\"sameAs\":[\"http:\\\/\\\/54.155.157.200\"],\"url\":\"https:\\\/\\\/www.boxrepsol.com\\\/en\\\/author\\\/bx_ayesa\\\/\"}]}<\/script>\n<!-- \/ Yoast SEO plugin. -->","yoast_head_json":{"title":"M\u00e1rquez opens racing leathers exhibition in Madrid\u2019s El Corte Ingl\u00e9s - Box Repsol","description":"Eight-time MotoGP World Champion Marc M\u00e1rquez hosted the display of leathers from Repsol\u2019s 50 years in motor sports.","canonical":"https:\/\/www.boxrepsol.com\/en\/motogp-en\/marquez-anfitrion-la-exposicion-monos-competicion-corte-ingles\/","og_locale":"en_US","og_type":"article","og_title":"M\u00e1rquez opens racing leathers exhibition in Madrid\u2019s El Corte Ingl\u00e9s - Box Repsol","og_description":"Eight-time MotoGP World Champion Marc M\u00e1rquez hosted the display of leathers from Repsol\u2019s 50 years in motor sports.","og_url":"https:\/\/www.boxrepsol.com\/en\/motogp-en\/marquez-anfitrion-la-exposicion-monos-competicion-corte-ingles\/","og_site_name":"Box Repsol","article_publisher":"https:\/\/www.facebook.com\/BoxRepsol","article_published_time":"2019-11-21T02:00:00+00:00","og_image":[{"width":1280,"height":600,"url":"https:\/\/bxrepsol.s3.eu-west-1.amazonaws.com\/static\/2022\/08\/29090821\/00_marc_marquez_exposicion_monos_cayao_corte_ingles.jpg","type":"image\/jpeg"}],"author":"bx_ayesa","twitter_card":"summary_large_image","twitter_creator":"@box_repsol","twitter_site":"@box_repsol","twitter_misc":{"Written by":"bx_ayesa","Est. reading time":"1 minute"},"schema":{"@context":"https:\/\/schema.org","@graph":[{"@type":"Article","@id":"https:\/\/www.boxrepsol.com\/en\/motogp-en\/marquez-anfitrion-la-exposicion-monos-competicion-corte-ingles\/#article","isPartOf":{"@id":"https:\/\/www.boxrepsol.com\/en\/motogp-en\/marquez-anfitrion-la-exposicion-monos-competicion-corte-ingles\/"},"author":{"name":"bx_ayesa","@id":"https:\/\/www.boxrepsol.com\/en\/#\/schema\/person\/d9d0f442a4332c7d099d31ffda4747a0"},"headline":"M\u00e1rquez opens racing leathers exhibition in Madrid\u2019s El Corte Ingl\u00e9s","datePublished":"2019-11-21T02:00:00+00:00","mainEntityOfPage":{"@id":"https:\/\/www.boxrepsol.com\/en\/motogp-en\/marquez-anfitrion-la-exposicion-monos-competicion-corte-ingles\/"},"wordCount":201,"commentCount":0,"publisher":{"@id":"https:\/\/www.boxrepsol.com\/en\/#organization"},"image":{"@id":"https:\/\/www.boxrepsol.com\/en\/motogp-en\/marquez-anfitrion-la-exposicion-monos-competicion-corte-ingles\/#primaryimage"},"thumbnailUrl":"https:\/\/bxrepsol.s3.eu-west-1.amazonaws.com\/static\/2022\/08\/29090821\/00_marc_marquez_exposicion_monos_cayao_corte_ingles.jpg","keywords":["Marc M\u00e1rquez","Marc M\u00e1rquez","Repsol"],"articleSection":["MotoGP"],"inLanguage":"en-US","potentialAction":[{"@type":"CommentAction","name":"Comment","target":["https:\/\/www.boxrepsol.com\/en\/motogp-en\/marquez-anfitrion-la-exposicion-monos-competicion-corte-ingles\/#respond"]}]},{"@type":"WebPage","@id":"https:\/\/www.boxrepsol.com\/en\/motogp-en\/marquez-anfitrion-la-exposicion-monos-competicion-corte-ingles\/","url":"https:\/\/www.boxrepsol.com\/en\/motogp-en\/marquez-anfitrion-la-exposicion-monos-competicion-corte-ingles\/","name":"M\u00e1rquez opens racing leathers exhibition in Madrid\u2019s El Corte Ingl\u00e9s - Box Repsol","isPartOf":{"@id":"https:\/\/www.boxrepsol.com\/en\/#website"},"primaryImageOfPage":{"@id":"https:\/\/www.boxrepsol.com\/en\/motogp-en\/marquez-anfitrion-la-exposicion-monos-competicion-corte-ingles\/#primaryimage"},"image":{"@id":"https:\/\/www.boxrepsol.com\/en\/motogp-en\/marquez-anfitrion-la-exposicion-monos-competicion-corte-ingles\/#primaryimage"},"thumbnailUrl":"https:\/\/bxrepsol.s3.eu-west-1.amazonaws.com\/static\/2022\/08\/29090821\/00_marc_marquez_exposicion_monos_cayao_corte_ingles.jpg","datePublished":"2019-11-21T02:00:00+00:00","description":"Eight-time MotoGP World Champion Marc M\u00e1rquez hosted the display of leathers from Repsol\u2019s 50 years in motor sports.","breadcrumb":{"@id":"https:\/\/www.boxrepsol.com\/en\/motogp-en\/marquez-anfitrion-la-exposicion-monos-competicion-corte-ingles\/#breadcrumb"},"inLanguage":"en-US","potentialAction":[{"@type":"ReadAction","target":["https:\/\/www.boxrepsol.com\/en\/motogp-en\/marquez-anfitrion-la-exposicion-monos-competicion-corte-ingles\/"]}]},{"@type":"ImageObject","inLanguage":"en-US","@id":"https:\/\/www.boxrepsol.com\/en\/motogp-en\/marquez-anfitrion-la-exposicion-monos-competicion-corte-ingles\/#primaryimage","url":"https:\/\/bxrepsol.s3.eu-west-1.amazonaws.com\/static\/2022\/08\/29090821\/00_marc_marquez_exposicion_monos_cayao_corte_ingles.jpg","contentUrl":"https:\/\/bxrepsol.s3.eu-west-1.amazonaws.com\/static\/2022\/08\/29090821\/00_marc_marquez_exposicion_monos_cayao_corte_ingles.jpg","width":1280,"height":600,"caption":"Marc M\u00e1rquez haciendo el saludo en V en exposici\u00f3n de monos de competici\u00f3n."},{"@type":"BreadcrumbList","@id":"https:\/\/www.boxrepsol.com\/en\/motogp-en\/marquez-anfitrion-la-exposicion-monos-competicion-corte-ingles\/#breadcrumb","itemListElement":[{"@type":"ListItem","position":1,"name":"Home","item":"https:\/\/www.boxrepsol.com\/en\/"},{"@type":"ListItem","position":2,"name":"M\u00e1rquez opens racing leathers exhibition in Madrid\u2019s El Corte Ingl\u00e9s"}]},{"@type":"WebSite","@id":"https:\/\/www.boxrepsol.com\/en\/#website","url":"https:\/\/www.boxrepsol.com\/en\/","name":"Box Repsol","description":"Box Repsol Site","publisher":{"@id":"https:\/\/www.boxrepsol.com\/en\/#organization"},"potentialAction":[{"@type":"SearchAction","target":{"@type":"EntryPoint","urlTemplate":"https:\/\/www.boxrepsol.com\/en\/?s={search_term_string}"},"query-input":{"@type":"PropertyValueSpecification","valueRequired":true,"valueName":"search_term_string"}}],"inLanguage":"en-US"},{"@type":"Organization","@id":"https:\/\/www.boxrepsol.com\/en\/#organization","name":"Box Repsol","url":"https:\/\/www.boxrepsol.com\/en\/","logo":{"@type":"ImageObject","inLanguage":"en-US","@id":"https:\/\/www.boxrepsol.com\/en\/#\/schema\/logo\/image\/","url":"https:\/\/bxrepsol.s3.eu-west-1.amazonaws.com\/static\/2025\/07\/30083337\/favicon-96x96-1.png","contentUrl":"https:\/\/bxrepsol.s3.eu-west-1.amazonaws.com\/static\/2025\/07\/30083337\/favicon-96x96-1.png","width":96,"height":96,"caption":"Box Repsol"},"image":{"@id":"https:\/\/www.boxrepsol.com\/en\/#\/schema\/logo\/image\/"},"sameAs":["https:\/\/www.facebook.com\/BoxRepsol","https:\/\/x.com\/box_repsol","http:\/\/instagram.com\/box_repsol","https:\/\/www.youtube.com\/user\/RepsolCompeticion","https:\/\/www.flickr.com\/photos\/box_repsol\/"]},{"@type":"Person","@id":"https:\/\/www.boxrepsol.com\/en\/#\/schema\/person\/d9d0f442a4332c7d099d31ffda4747a0","name":"bx_ayesa","image":{"@type":"ImageObject","inLanguage":"en-US","@id":"https:\/\/secure.gravatar.com\/avatar\/059e1b9d3585083708845ba70e8dd968f143ff35f5e0e10cf2d1e7afe2c6a878?s=96&d=mm&r=g","url":"https:\/\/secure.gravatar.com\/avatar\/059e1b9d3585083708845ba70e8dd968f143ff35f5e0e10cf2d1e7afe2c6a878?s=96&d=mm&r=g","contentUrl":"https:\/\/secure.gravatar.com\/avatar\/059e1b9d3585083708845ba70e8dd968f143ff35f5e0e10cf2d1e7afe2c6a878?s=96&d=mm&r=g","caption":"bx_ayesa"},"sameAs":["http:\/\/54.155.157.200"],"url":"https:\/\/www.boxrepsol.com\/en\/author\/bx_ayesa\/"}]}},"_links":{"self":[{"href":"https:\/\/www.boxrepsol.com\/en\/wp-json\/wp\/v2\/posts\/97760","targetHints":{"allow":["GET"]}}],"collection":[{"href":"https:\/\/www.boxrepsol.com\/en\/wp-json\/wp\/v2\/posts"}],"about":[{"href":"https:\/\/www.boxrepsol.com\/en\/wp-json\/wp\/v2\/types\/post"}],"author":[{"embeddable":true,"href":"https:\/\/www.boxrepsol.com\/en\/wp-json\/wp\/v2\/users\/1"}],"replies":[{"embeddable":true,"href":"https:\/\/www.boxrepsol.com\/en\/wp-json\/wp\/v2\/comments?post=97760"}],"version-history":[{"count":0,"href":"https:\/\/www.boxrepsol.com\/en\/wp-json\/wp\/v2\/posts\/97760\/revisions"}],"wp:featuredmedia":[{"embeddable":true,"href":"https:\/\/www.boxrepsol.com\/en\/wp-json\/wp\/v2\/media\/63184"}],"wp:attachment":[{"href":"https:\/\/www.boxrepsol.com\/en\/wp-json\/wp\/v2\/media?parent=97760"}],"wp:term":[{"taxonomy":"category","embeddable":true,"href":"https:\/\/www.boxrepsol.com\/en\/wp-json\/wp\/v2\/categories?post=97760"},{"taxonomy":"post_tag","embeddable":true,"href":"https:\/\/www.boxrepsol.com\/en\/wp-json\/wp\/v2\/tags?post=97760"}],"curies":[{"name":"wp","href":"https:\/\/api.w.org\/{rel}","templated":true}]}}