{"id":97758,"date":"2019-11-21T00:00:00","date_gmt":"2019-11-21T02:00:00","guid":{"rendered":"http:\/\/pre.boxrepsol.com\/uncategorized\/repsol-honda-team-pleased-with-results-at-productive-valencia-test\/"},"modified":"2023-02-27T07:23:17","modified_gmt":"2023-02-27T09:23:17","slug":"repsol-honda-team-pleased-with-results-at-productive-valencia-test","status":"publish","type":"post","link":"https:\/\/www.boxrepsol.com\/en\/motogp-en\/repsol-honda-team-pleased-with-results-at-productive-valencia-test\/","title":{"rendered":"Repsol Honda Team pleased with results at productive Valencia Test"},"content":{"rendered":"<p><a title=\"T\u00edtulo2019 Valencia test\" href=\"https:\/\/www.flickr.com\/photos\/box_repsol\/albums\/72157711862917732\" target=\"_blank\" rel=\"noopener\"><\/p>\n<p>\n            Featured!\n    <\/p>\n<h2>\n            2019 Valencia test        <\/h2>\n<p>The best images of the first preseason test with brothers M\u00e1rquez and Repsol Honda Team<\/p>\n<p>        <img decoding=\"async\" src=\"https:\/\/bxrepsol.s3.eu-west-1.amazonaws.com\/static\/2022\/08\/05070609\/00_mm93_test_valencia2.jpg\" alt=\"00_mm93_test_valencia2\"><br \/>\n<\/a><\/p>\n<p><strong>The Valencia test drew to a close after two productive days of running <\/strong>in the wake of the final race of the year. Despite some cold mornings, the weather remained dry and sunny across the two days with improvements on the second.<\/p>\n<p><strong>Completing 131 laps over the two days, reigning champion Marc M\u00e1rquez leaves Valencia pleased with the information gathered ahead of the 2020 season<\/strong>. With a variety of parts and settings tested, Marc ended the post-race test as the fifth fastest rider thanks to a 1\u201930.556 set on the second day.<\/p>\n<p>The second day of testing brought <strong>79 more laps aboard the RC213V for MotoGP rookie \u00c1lex M\u00e1rquez<\/strong>, this was the most laps completed by a single rider today. Improving his best lap time by over half a second from day one to day two, \u00c1lex M\u00e1rquez heads to Jerez hungry to continue making progress and furthering his understanding of the MotoGP Machine.<\/p>\n<p>A final pre-winter at Jerez (November 25,26) will offer riders and engineers alike a chance to gather the last pieces of information to help further develop the 2020 machine over winter. The Repsol Honda Team will enjoy a brief rest before returning to track with Marc M\u00e1rquez and \u00c1lex M\u00e1rquez at the Andalusian track.<\/p>\n<p>                <!-- Imagen relacionada --><br \/>\n        <img loading=\"lazy\" decoding=\"async\" width=\"404\" height=\"336\" src=\"https:\/\/bxrepsol.s3.eu-west-1.amazonaws.com\/static\/2022\/08\/30044918\/00_marc_marquez_motogp_alex_marquez_box_repsol_honda-e1574239236996-404x336-2.jpg\" alt=\"\" \/><br \/>\n                <!-- Categor\u00eda --><br \/>\n            MotoGP<br \/>\n        <!-- T\u00edtulo --><br \/>\n        <a href=\"https:\/\/www.boxrepsol.com\/en\/motogp-en\/2020-begins-in-valencia\/\"><\/p>\n<h3>2020 begins in Valencia<\/h3>\n<p>        <\/a><br \/>\n                    <!-- Fecha --><br \/>\n            2 days ago        <\/p>\n<h2>2019 Valencia test &#8211; Rider statements<\/h2>\n<p><a href=\"https:\/\/twitter.com\/hashtag\/mm93?src=hash&#038;lang=en\">#MM93<\/a><\/p>\n<p><em><strong>It has been a good test and we have started to understand the 2020 bike<\/strong>, or at least the first version. We tried some things with the engine and the chassis, like always there were some positives and negatives. <\/p>\n<p><strong>I did my best time today with the prototype bike, this was a positive<\/strong>. Now in five days we will be back to work in Jerez and I think that this will help us even more to understand the bike. I\u2019m looking forward to it. The goal is to confirm our findings from here and make a further plan.<\/em><\/p>\n<hr\/>\n<p><a href=\"https:\/\/twitter.com\/hashtag\/am73?src=hash&#038;lang=en\">#AM73<\/a><\/p>\n<p><em><strong>I\u2019m quite happy with how the test went<\/strong>, lap by lap we are understanding the bike more and more. I did a lot of laps today so physically I am a little tired because I\u2019m still a bit stiff on the bike but this will improve with more laps. We did a lot on used tyres to improve our pace and learn the behaviour more. <\/p>\n<p><strong>Of course, we still need to improve more and work on some things<\/strong>, but I am satisfied with what we have done today and in this test. Now we go to Jerez, I\u2019m looking forward to being on the bike again after really enjoying the bike.<\/em><\/p>\n","protected":false},"excerpt":{"rendered":"<p>Over 250 laps later, the Valencia Test comes to a close for the Repsol Honda Team as they prepare to head for Jerez before officially beginning the winter break.<\/p>\n","protected":false},"author":1,"featured_media":63179,"comment_status":"open","ping_status":"open","sticky":false,"template":"","format":"standard","meta":{"footnotes":""},"categories":[146],"tags":[209],"class_list":["post-97758","post","type-post","status-publish","format-standard","hentry","category-motogp-en","tag-preseason"],"yoast_head":"<!-- This site is optimized with the Yoast SEO plugin v27.3 - https:\/\/yoast.com\/product\/yoast-seo-wordpress\/ -->\n<title>2019 Valencia test - Repsol Honda Team pleased with results at productive Valencia Test<\/title>\n<meta name=\"description\" content=\"Over 250 laps later, the Valencia Test comes to a close for the Repsol Honda Team as they prepare to head for Jerez before officially beginning the break.\" \/>\n<link rel=\"canonical\" href=\"https:\/\/www.boxrepsol.com\/en\/motogp-en\/repsol-honda-team-pleased-with-results-at-productive-valencia-test\/\" \/>\n<meta property=\"og:locale\" content=\"en_US\" \/>\n<meta property=\"og:type\" content=\"article\" \/>\n<meta property=\"og:title\" content=\"2019 Valencia test - Repsol Honda Team pleased with results at productive Valencia Test\" \/>\n<meta property=\"og:description\" content=\"Over 250 laps later, the Valencia Test comes to a close for the Repsol Honda Team as they prepare to head for Jerez before officially beginning the break.\" \/>\n<meta property=\"og:url\" content=\"https:\/\/www.boxrepsol.com\/en\/motogp-en\/repsol-honda-team-pleased-with-results-at-productive-valencia-test\/\" \/>\n<meta property=\"og:site_name\" content=\"Box Repsol\" \/>\n<meta property=\"article:publisher\" content=\"https:\/\/www.facebook.com\/BoxRepsol\" \/>\n<meta property=\"article:published_time\" content=\"2019-11-21T02:00:00+00:00\" \/>\n<meta property=\"article:modified_time\" content=\"2023-02-27T09:23:17+00:00\" \/>\n<meta property=\"og:image\" content=\"https:\/\/bxrepsol.s3.eu-west-1.amazonaws.com\/static\/2022\/08\/29090818\/01_marc_marquez_alex_marquez_test_valencia_2019.jpg\" \/>\n\t<meta property=\"og:image:width\" content=\"1280\" \/>\n\t<meta property=\"og:image:height\" content=\"600\" \/>\n\t<meta property=\"og:image:type\" content=\"image\/jpeg\" \/>\n<meta name=\"author\" content=\"bx_ayesa\" \/>\n<meta name=\"twitter:card\" content=\"summary_large_image\" \/>\n<meta name=\"twitter:creator\" content=\"@box_repsol\" \/>\n<meta name=\"twitter:site\" content=\"@box_repsol\" \/>\n<meta name=\"twitter:label1\" content=\"Written by\" \/>\n\t<meta name=\"twitter:data1\" content=\"bx_ayesa\" \/>\n\t<meta name=\"twitter:label2\" content=\"Est. reading time\" \/>\n\t<meta name=\"twitter:data2\" content=\"2 minutes\" \/>\n<script type=\"application\/ld+json\" class=\"yoast-schema-graph\">{\"@context\":\"https:\\\/\\\/schema.org\",\"@graph\":[{\"@type\":\"Article\",\"@id\":\"https:\\\/\\\/www.boxrepsol.com\\\/en\\\/motogp-en\\\/repsol-honda-team-pleased-with-results-at-productive-valencia-test\\\/#article\",\"isPartOf\":{\"@id\":\"https:\\\/\\\/www.boxrepsol.com\\\/en\\\/motogp-en\\\/repsol-honda-team-pleased-with-results-at-productive-valencia-test\\\/\"},\"author\":{\"name\":\"bx_ayesa\",\"@id\":\"https:\\\/\\\/www.boxrepsol.com\\\/en\\\/#\\\/schema\\\/person\\\/d9d0f442a4332c7d099d31ffda4747a0\"},\"headline\":\"Repsol Honda Team pleased with results at productive Valencia Test\",\"datePublished\":\"2019-11-21T02:00:00+00:00\",\"dateModified\":\"2023-02-27T09:23:17+00:00\",\"mainEntityOfPage\":{\"@id\":\"https:\\\/\\\/www.boxrepsol.com\\\/en\\\/motogp-en\\\/repsol-honda-team-pleased-with-results-at-productive-valencia-test\\\/\"},\"wordCount\":462,\"commentCount\":0,\"publisher\":{\"@id\":\"https:\\\/\\\/www.boxrepsol.com\\\/en\\\/#organization\"},\"image\":{\"@id\":\"https:\\\/\\\/www.boxrepsol.com\\\/en\\\/motogp-en\\\/repsol-honda-team-pleased-with-results-at-productive-valencia-test\\\/#primaryimage\"},\"thumbnailUrl\":\"https:\\\/\\\/bxrepsol.s3.eu-west-1.amazonaws.com\\\/static\\\/2022\\\/08\\\/29090818\\\/01_marc_marquez_alex_marquez_test_valencia_2019.jpg\",\"keywords\":[\"Preseason\"],\"articleSection\":[\"MotoGP\"],\"inLanguage\":\"en-US\",\"potentialAction\":[{\"@type\":\"CommentAction\",\"name\":\"Comment\",\"target\":[\"https:\\\/\\\/www.boxrepsol.com\\\/en\\\/motogp-en\\\/repsol-honda-team-pleased-with-results-at-productive-valencia-test\\\/#respond\"]}]},{\"@type\":\"WebPage\",\"@id\":\"https:\\\/\\\/www.boxrepsol.com\\\/en\\\/motogp-en\\\/repsol-honda-team-pleased-with-results-at-productive-valencia-test\\\/\",\"url\":\"https:\\\/\\\/www.boxrepsol.com\\\/en\\\/motogp-en\\\/repsol-honda-team-pleased-with-results-at-productive-valencia-test\\\/\",\"name\":\"2019 Valencia test - Repsol Honda Team pleased with results at productive Valencia Test\",\"isPartOf\":{\"@id\":\"https:\\\/\\\/www.boxrepsol.com\\\/en\\\/#website\"},\"primaryImageOfPage\":{\"@id\":\"https:\\\/\\\/www.boxrepsol.com\\\/en\\\/motogp-en\\\/repsol-honda-team-pleased-with-results-at-productive-valencia-test\\\/#primaryimage\"},\"image\":{\"@id\":\"https:\\\/\\\/www.boxrepsol.com\\\/en\\\/motogp-en\\\/repsol-honda-team-pleased-with-results-at-productive-valencia-test\\\/#primaryimage\"},\"thumbnailUrl\":\"https:\\\/\\\/bxrepsol.s3.eu-west-1.amazonaws.com\\\/static\\\/2022\\\/08\\\/29090818\\\/01_marc_marquez_alex_marquez_test_valencia_2019.jpg\",\"datePublished\":\"2019-11-21T02:00:00+00:00\",\"dateModified\":\"2023-02-27T09:23:17+00:00\",\"description\":\"Over 250 laps later, the Valencia Test comes to a close for the Repsol Honda Team as they prepare to head for Jerez before officially beginning the break.\",\"breadcrumb\":{\"@id\":\"https:\\\/\\\/www.boxrepsol.com\\\/en\\\/motogp-en\\\/repsol-honda-team-pleased-with-results-at-productive-valencia-test\\\/#breadcrumb\"},\"inLanguage\":\"en-US\",\"potentialAction\":[{\"@type\":\"ReadAction\",\"target\":[\"https:\\\/\\\/www.boxrepsol.com\\\/en\\\/motogp-en\\\/repsol-honda-team-pleased-with-results-at-productive-valencia-test\\\/\"]}]},{\"@type\":\"ImageObject\",\"inLanguage\":\"en-US\",\"@id\":\"https:\\\/\\\/www.boxrepsol.com\\\/en\\\/motogp-en\\\/repsol-honda-team-pleased-with-results-at-productive-valencia-test\\\/#primaryimage\",\"url\":\"https:\\\/\\\/bxrepsol.s3.eu-west-1.amazonaws.com\\\/static\\\/2022\\\/08\\\/29090818\\\/01_marc_marquez_alex_marquez_test_valencia_2019.jpg\",\"contentUrl\":\"https:\\\/\\\/bxrepsol.s3.eu-west-1.amazonaws.com\\\/static\\\/2022\\\/08\\\/29090818\\\/01_marc_marquez_alex_marquez_test_valencia_2019.jpg\",\"width\":1280,\"height\":600,\"caption\":\"Marc y \u00c1lex pilotan sus RC213V en la pretemporada\"},{\"@type\":\"BreadcrumbList\",\"@id\":\"https:\\\/\\\/www.boxrepsol.com\\\/en\\\/motogp-en\\\/repsol-honda-team-pleased-with-results-at-productive-valencia-test\\\/#breadcrumb\",\"itemListElement\":[{\"@type\":\"ListItem\",\"position\":1,\"name\":\"Home\",\"item\":\"https:\\\/\\\/www.boxrepsol.com\\\/en\\\/\"},{\"@type\":\"ListItem\",\"position\":2,\"name\":\"Repsol Honda Team pleased with results at productive Valencia Test\"}]},{\"@type\":\"WebSite\",\"@id\":\"https:\\\/\\\/www.boxrepsol.com\\\/en\\\/#website\",\"url\":\"https:\\\/\\\/www.boxrepsol.com\\\/en\\\/\",\"name\":\"Box Repsol\",\"description\":\"Box Repsol Site\",\"publisher\":{\"@id\":\"https:\\\/\\\/www.boxrepsol.com\\\/en\\\/#organization\"},\"potentialAction\":[{\"@type\":\"SearchAction\",\"target\":{\"@type\":\"EntryPoint\",\"urlTemplate\":\"https:\\\/\\\/www.boxrepsol.com\\\/en\\\/?s={search_term_string}\"},\"query-input\":{\"@type\":\"PropertyValueSpecification\",\"valueRequired\":true,\"valueName\":\"search_term_string\"}}],\"inLanguage\":\"en-US\"},{\"@type\":\"Organization\",\"@id\":\"https:\\\/\\\/www.boxrepsol.com\\\/en\\\/#organization\",\"name\":\"Box Repsol\",\"url\":\"https:\\\/\\\/www.boxrepsol.com\\\/en\\\/\",\"logo\":{\"@type\":\"ImageObject\",\"inLanguage\":\"en-US\",\"@id\":\"https:\\\/\\\/www.boxrepsol.com\\\/en\\\/#\\\/schema\\\/logo\\\/image\\\/\",\"url\":\"https:\\\/\\\/bxrepsol.s3.eu-west-1.amazonaws.com\\\/static\\\/2025\\\/07\\\/30083337\\\/favicon-96x96-1.png\",\"contentUrl\":\"https:\\\/\\\/bxrepsol.s3.eu-west-1.amazonaws.com\\\/static\\\/2025\\\/07\\\/30083337\\\/favicon-96x96-1.png\",\"width\":96,\"height\":96,\"caption\":\"Box Repsol\"},\"image\":{\"@id\":\"https:\\\/\\\/www.boxrepsol.com\\\/en\\\/#\\\/schema\\\/logo\\\/image\\\/\"},\"sameAs\":[\"https:\\\/\\\/www.facebook.com\\\/BoxRepsol\",\"https:\\\/\\\/x.com\\\/box_repsol\",\"http:\\\/\\\/instagram.com\\\/box_repsol\",\"https:\\\/\\\/www.youtube.com\\\/user\\\/RepsolCompeticion\",\"https:\\\/\\\/www.flickr.com\\\/photos\\\/box_repsol\\\/\"]},{\"@type\":\"Person\",\"@id\":\"https:\\\/\\\/www.boxrepsol.com\\\/en\\\/#\\\/schema\\\/person\\\/d9d0f442a4332c7d099d31ffda4747a0\",\"name\":\"bx_ayesa\",\"image\":{\"@type\":\"ImageObject\",\"inLanguage\":\"en-US\",\"@id\":\"https:\\\/\\\/secure.gravatar.com\\\/avatar\\\/059e1b9d3585083708845ba70e8dd968f143ff35f5e0e10cf2d1e7afe2c6a878?s=96&d=mm&r=g\",\"url\":\"https:\\\/\\\/secure.gravatar.com\\\/avatar\\\/059e1b9d3585083708845ba70e8dd968f143ff35f5e0e10cf2d1e7afe2c6a878?s=96&d=mm&r=g\",\"contentUrl\":\"https:\\\/\\\/secure.gravatar.com\\\/avatar\\\/059e1b9d3585083708845ba70e8dd968f143ff35f5e0e10cf2d1e7afe2c6a878?s=96&d=mm&r=g\",\"caption\":\"bx_ayesa\"},\"sameAs\":[\"http:\\\/\\\/54.155.157.200\"],\"url\":\"https:\\\/\\\/www.boxrepsol.com\\\/en\\\/author\\\/bx_ayesa\\\/\"}]}<\/script>\n<!-- \/ Yoast SEO plugin. -->","yoast_head_json":{"title":"2019 Valencia test - Repsol Honda Team pleased with results at productive Valencia Test","description":"Over 250 laps later, the Valencia Test comes to a close for the Repsol Honda Team as they prepare to head for Jerez before officially beginning the break.","canonical":"https:\/\/www.boxrepsol.com\/en\/motogp-en\/repsol-honda-team-pleased-with-results-at-productive-valencia-test\/","og_locale":"en_US","og_type":"article","og_title":"2019 Valencia test - Repsol Honda Team pleased with results at productive Valencia Test","og_description":"Over 250 laps later, the Valencia Test comes to a close for the Repsol Honda Team as they prepare to head for Jerez before officially beginning the break.","og_url":"https:\/\/www.boxrepsol.com\/en\/motogp-en\/repsol-honda-team-pleased-with-results-at-productive-valencia-test\/","og_site_name":"Box Repsol","article_publisher":"https:\/\/www.facebook.com\/BoxRepsol","article_published_time":"2019-11-21T02:00:00+00:00","article_modified_time":"2023-02-27T09:23:17+00:00","og_image":[{"width":1280,"height":600,"url":"https:\/\/bxrepsol.s3.eu-west-1.amazonaws.com\/static\/2022\/08\/29090818\/01_marc_marquez_alex_marquez_test_valencia_2019.jpg","type":"image\/jpeg"}],"author":"bx_ayesa","twitter_card":"summary_large_image","twitter_creator":"@box_repsol","twitter_site":"@box_repsol","twitter_misc":{"Written by":"bx_ayesa","Est. reading time":"2 minutes"},"schema":{"@context":"https:\/\/schema.org","@graph":[{"@type":"Article","@id":"https:\/\/www.boxrepsol.com\/en\/motogp-en\/repsol-honda-team-pleased-with-results-at-productive-valencia-test\/#article","isPartOf":{"@id":"https:\/\/www.boxrepsol.com\/en\/motogp-en\/repsol-honda-team-pleased-with-results-at-productive-valencia-test\/"},"author":{"name":"bx_ayesa","@id":"https:\/\/www.boxrepsol.com\/en\/#\/schema\/person\/d9d0f442a4332c7d099d31ffda4747a0"},"headline":"Repsol Honda Team pleased with results at productive Valencia Test","datePublished":"2019-11-21T02:00:00+00:00","dateModified":"2023-02-27T09:23:17+00:00","mainEntityOfPage":{"@id":"https:\/\/www.boxrepsol.com\/en\/motogp-en\/repsol-honda-team-pleased-with-results-at-productive-valencia-test\/"},"wordCount":462,"commentCount":0,"publisher":{"@id":"https:\/\/www.boxrepsol.com\/en\/#organization"},"image":{"@id":"https:\/\/www.boxrepsol.com\/en\/motogp-en\/repsol-honda-team-pleased-with-results-at-productive-valencia-test\/#primaryimage"},"thumbnailUrl":"https:\/\/bxrepsol.s3.eu-west-1.amazonaws.com\/static\/2022\/08\/29090818\/01_marc_marquez_alex_marquez_test_valencia_2019.jpg","keywords":["Preseason"],"articleSection":["MotoGP"],"inLanguage":"en-US","potentialAction":[{"@type":"CommentAction","name":"Comment","target":["https:\/\/www.boxrepsol.com\/en\/motogp-en\/repsol-honda-team-pleased-with-results-at-productive-valencia-test\/#respond"]}]},{"@type":"WebPage","@id":"https:\/\/www.boxrepsol.com\/en\/motogp-en\/repsol-honda-team-pleased-with-results-at-productive-valencia-test\/","url":"https:\/\/www.boxrepsol.com\/en\/motogp-en\/repsol-honda-team-pleased-with-results-at-productive-valencia-test\/","name":"2019 Valencia test - Repsol Honda Team pleased with results at productive Valencia Test","isPartOf":{"@id":"https:\/\/www.boxrepsol.com\/en\/#website"},"primaryImageOfPage":{"@id":"https:\/\/www.boxrepsol.com\/en\/motogp-en\/repsol-honda-team-pleased-with-results-at-productive-valencia-test\/#primaryimage"},"image":{"@id":"https:\/\/www.boxrepsol.com\/en\/motogp-en\/repsol-honda-team-pleased-with-results-at-productive-valencia-test\/#primaryimage"},"thumbnailUrl":"https:\/\/bxrepsol.s3.eu-west-1.amazonaws.com\/static\/2022\/08\/29090818\/01_marc_marquez_alex_marquez_test_valencia_2019.jpg","datePublished":"2019-11-21T02:00:00+00:00","dateModified":"2023-02-27T09:23:17+00:00","description":"Over 250 laps later, the Valencia Test comes to a close for the Repsol Honda Team as they prepare to head for Jerez before officially beginning the break.","breadcrumb":{"@id":"https:\/\/www.boxrepsol.com\/en\/motogp-en\/repsol-honda-team-pleased-with-results-at-productive-valencia-test\/#breadcrumb"},"inLanguage":"en-US","potentialAction":[{"@type":"ReadAction","target":["https:\/\/www.boxrepsol.com\/en\/motogp-en\/repsol-honda-team-pleased-with-results-at-productive-valencia-test\/"]}]},{"@type":"ImageObject","inLanguage":"en-US","@id":"https:\/\/www.boxrepsol.com\/en\/motogp-en\/repsol-honda-team-pleased-with-results-at-productive-valencia-test\/#primaryimage","url":"https:\/\/bxrepsol.s3.eu-west-1.amazonaws.com\/static\/2022\/08\/29090818\/01_marc_marquez_alex_marquez_test_valencia_2019.jpg","contentUrl":"https:\/\/bxrepsol.s3.eu-west-1.amazonaws.com\/static\/2022\/08\/29090818\/01_marc_marquez_alex_marquez_test_valencia_2019.jpg","width":1280,"height":600,"caption":"Marc y \u00c1lex pilotan sus RC213V en la pretemporada"},{"@type":"BreadcrumbList","@id":"https:\/\/www.boxrepsol.com\/en\/motogp-en\/repsol-honda-team-pleased-with-results-at-productive-valencia-test\/#breadcrumb","itemListElement":[{"@type":"ListItem","position":1,"name":"Home","item":"https:\/\/www.boxrepsol.com\/en\/"},{"@type":"ListItem","position":2,"name":"Repsol Honda Team pleased with results at productive Valencia Test"}]},{"@type":"WebSite","@id":"https:\/\/www.boxrepsol.com\/en\/#website","url":"https:\/\/www.boxrepsol.com\/en\/","name":"Box Repsol","description":"Box Repsol Site","publisher":{"@id":"https:\/\/www.boxrepsol.com\/en\/#organization"},"potentialAction":[{"@type":"SearchAction","target":{"@type":"EntryPoint","urlTemplate":"https:\/\/www.boxrepsol.com\/en\/?s={search_term_string}"},"query-input":{"@type":"PropertyValueSpecification","valueRequired":true,"valueName":"search_term_string"}}],"inLanguage":"en-US"},{"@type":"Organization","@id":"https:\/\/www.boxrepsol.com\/en\/#organization","name":"Box Repsol","url":"https:\/\/www.boxrepsol.com\/en\/","logo":{"@type":"ImageObject","inLanguage":"en-US","@id":"https:\/\/www.boxrepsol.com\/en\/#\/schema\/logo\/image\/","url":"https:\/\/bxrepsol.s3.eu-west-1.amazonaws.com\/static\/2025\/07\/30083337\/favicon-96x96-1.png","contentUrl":"https:\/\/bxrepsol.s3.eu-west-1.amazonaws.com\/static\/2025\/07\/30083337\/favicon-96x96-1.png","width":96,"height":96,"caption":"Box Repsol"},"image":{"@id":"https:\/\/www.boxrepsol.com\/en\/#\/schema\/logo\/image\/"},"sameAs":["https:\/\/www.facebook.com\/BoxRepsol","https:\/\/x.com\/box_repsol","http:\/\/instagram.com\/box_repsol","https:\/\/www.youtube.com\/user\/RepsolCompeticion","https:\/\/www.flickr.com\/photos\/box_repsol\/"]},{"@type":"Person","@id":"https:\/\/www.boxrepsol.com\/en\/#\/schema\/person\/d9d0f442a4332c7d099d31ffda4747a0","name":"bx_ayesa","image":{"@type":"ImageObject","inLanguage":"en-US","@id":"https:\/\/secure.gravatar.com\/avatar\/059e1b9d3585083708845ba70e8dd968f143ff35f5e0e10cf2d1e7afe2c6a878?s=96&d=mm&r=g","url":"https:\/\/secure.gravatar.com\/avatar\/059e1b9d3585083708845ba70e8dd968f143ff35f5e0e10cf2d1e7afe2c6a878?s=96&d=mm&r=g","contentUrl":"https:\/\/secure.gravatar.com\/avatar\/059e1b9d3585083708845ba70e8dd968f143ff35f5e0e10cf2d1e7afe2c6a878?s=96&d=mm&r=g","caption":"bx_ayesa"},"sameAs":["http:\/\/54.155.157.200"],"url":"https:\/\/www.boxrepsol.com\/en\/author\/bx_ayesa\/"}]}},"_links":{"self":[{"href":"https:\/\/www.boxrepsol.com\/en\/wp-json\/wp\/v2\/posts\/97758","targetHints":{"allow":["GET"]}}],"collection":[{"href":"https:\/\/www.boxrepsol.com\/en\/wp-json\/wp\/v2\/posts"}],"about":[{"href":"https:\/\/www.boxrepsol.com\/en\/wp-json\/wp\/v2\/types\/post"}],"author":[{"embeddable":true,"href":"https:\/\/www.boxrepsol.com\/en\/wp-json\/wp\/v2\/users\/1"}],"replies":[{"embeddable":true,"href":"https:\/\/www.boxrepsol.com\/en\/wp-json\/wp\/v2\/comments?post=97758"}],"version-history":[{"count":1,"href":"https:\/\/www.boxrepsol.com\/en\/wp-json\/wp\/v2\/posts\/97758\/revisions"}],"predecessor-version":[{"id":97759,"href":"https:\/\/www.boxrepsol.com\/en\/wp-json\/wp\/v2\/posts\/97758\/revisions\/97759"}],"wp:featuredmedia":[{"embeddable":true,"href":"https:\/\/www.boxrepsol.com\/en\/wp-json\/wp\/v2\/media\/63179"}],"wp:attachment":[{"href":"https:\/\/www.boxrepsol.com\/en\/wp-json\/wp\/v2\/media?parent=97758"}],"wp:term":[{"taxonomy":"category","embeddable":true,"href":"https:\/\/www.boxrepsol.com\/en\/wp-json\/wp\/v2\/categories?post=97758"},{"taxonomy":"post_tag","embeddable":true,"href":"https:\/\/www.boxrepsol.com\/en\/wp-json\/wp\/v2\/tags?post=97758"}],"curies":[{"name":"wp","href":"https:\/\/api.w.org\/{rel}","templated":true}]}}