{"id":97734,"date":"2019-11-11T00:00:00","date_gmt":"2019-11-11T02:00:00","guid":{"rendered":"http:\/\/pre.boxrepsol.com\/uncategorized\/jeremy-alcoba-moto3-junior-world-champion-at-the-fim-cev-repsol\/"},"modified":"2023-02-27T07:22:57","modified_gmt":"2023-02-27T09:22:57","slug":"jeremy-alcoba-moto3-junior-world-champion-at-the-fim-cev-repsol","status":"publish","type":"post","link":"https:\/\/www.boxrepsol.com\/en\/uncategorized\/jeremy-alcoba-moto3-junior-world-champion-at-the-fim-cev-repsol\/","title":{"rendered":"Jeremy Alcoba, Moto3 Junior World Champion at the FIM CEV Repsol"},"content":{"rendered":"<p><strong>Jeremy Alcoba secured the title of FIM Moto3 Junior World Champion<\/strong> in the best possible way, by winning the first race of the day. Jos\u00e9 Juli\u00e1n Garc\u00eda and Aleix Viu completed an all-Spanish podium.<\/p>\n<p>In the second race, <strong>Carlos Tatay was the winner of a race marked by a multiple crash nine laps before the end.<\/strong> Behind the Spanish rider finished the Belgian Barry Baltus and Adri\u00e1n Fern\u00e1ndez, who achieved his first podium in the category.<\/p>\n<p>Over at the Moto2 race, <strong>Edgar Pons \u2013who secured the title in the Albacete round- took his seventh win of the season<\/strong> after overtaking Hector Garz\u00f3 in the last lap. Italy\u2019s Yari Montella completed the podium.<\/p>\n<p><strong>Iv\u00e1n Ortol\u00e1 secured the runner-up position at the European Talent Cup<\/strong> (ETC) after his third win of the year in the only race of the class. Ferm\u00edn Aldeguer finished second and Adri\u00e1n Cruces third.<\/p>\n<p><strong>This round at the Ricardo Tormo circuit finishes the FIM CEV Repsol\u2019s 2019 season,<\/strong> that included a total of 8 rounds, 34 races, 14 different winners and was held in 3 different countries (Spain, Portugal and France).<\/p>\n<p><a href=\"https:\/\/bxrepsol.s3.eu-west-1.amazonaws.com\/static\/2022\/08\/05070535\/00_pilotos_fim_Cev_repsol_valencia_2019.jpg\" \n   title=\"Pilotos en el FIM CEV Repsol Valencia 2019\" \n   data-gallery-thumbnail=\"https:\/\/bxrepsol.s3.eu-west-1.amazonaws.com\/static\/2022\/08\/05070535\/00_pilotos_fim_Cev_repsol_valencia_2019.jpg\"\n   data-gallery-title=\"\"\n   data-gallery><\/p>\n<figure>\n        <picture style=\"padding-bottom: 66.72%; background-image: url(https:\/\/bxrepsol.s3.eu-west-1.amazonaws.com\/static\/2022\/08\/05070535\/00_pilotos_fim_Cev_repsol_valencia_2019.jpg);\">\n            <img decoding=\"async\" src=\"https:\/\/bxrepsol.s3.eu-west-1.amazonaws.com\/static\/2022\/08\/05070535\/00_pilotos_fim_Cev_repsol_valencia_2019.jpg\"><br \/>\n            <img itemprop=\"image\"\n                data-srcset=\"https:\/\/bxrepsol.s3.eu-west-1.amazonaws.com\/static\/2022\/08\/05070535\/00_pilotos_fim_Cev_repsol_valencia_2019.jpg 480w, https:\/\/bxrepsol.s3.eu-west-1.amazonaws.com\/static\/2022\/08\/05070535\/00_pilotos_fim_Cev_repsol_valencia_2019.jpg 600w, https:\/\/bxrepsol.s3.eu-west-1.amazonaws.com\/static\/2022\/08\/05070535\/00_pilotos_fim_Cev_repsol_valencia_2019.jpg 900w\"\n                data-src=\"https:\/\/bxrepsol.s3.eu-west-1.amazonaws.com\/static\/2022\/08\/05070535\/00_pilotos_fim_Cev_repsol_valencia_2019.jpg\"\n                alt=\"Pilotos en el FIM CEV Repsol Valencia 2019\"\n                title=\"Pilotos en el FIM CEV Repsol Valencia 2019\"\/><br \/>\n            <noscript><img decoding=\"async\" src=\"https:\/\/bxrepsol.s3.eu-west-1.amazonaws.com\/static\/2022\/08\/05070535\/00_pilotos_fim_Cev_repsol_valencia_2019.jpg\" alt=\"Pilotos en el FIM CEV Repsol Valencia 2019\"><\/noscript>\n        <\/picture><figcaption>Pilotos en el FIM CEV Repsol Valencia 2019<\/figcaption><\/figure>\n<p><\/a><\/p>\n<h3>JEREMY ALCOBA \u2013 MOTO3 RACE 1 WINNER AND FIM MOTO3 WORLD JUNIOR CHAMPION<\/h3>\n<p><strong>It was amazing, I didn\u2019t expect to win today. <\/strong>I started the race controlling Tatay, but I saw that the group was very big and with riders I didn\u2019t expect to be there. I decided to be in front and be careful, because many of the riders that usually can\u2019t fight for victory were doing their best.  <\/p>\n<p><strong>I tried to be calm, but in the last few laps I felt very strong and pushed to the max. <\/strong>In the end, what a rider wants is to win, so I forgot about the championship and fought for victory. It\u2019s been a spectacular year and I want to dedicate the title to my team, my family and my sponsors. We need to celebrate it big time.\u201d<\/p>\n<hr\/>\n<h3>CARLOS TATAY \u2013 MOTO3 RACE 2 WINNER<\/h3>\n<p><em><strong>It was an amazing season. <\/strong>The Valencia circuit is not one of the best for me and winning with quite an advantage over the second as I did today is something I had never imagined. I pushed from the start and I did it. It\u2019s been great. I want to thank the team for their support and my family, that came to visit me, and everyone that makes this possible.<\/em><\/p>\n<hr\/>\n<h3>EDGAR PONS \u2013 MOTO2 RACE WINNER<\/h3>\n<p><em><strong>I\u2019m very happy to finish the season with a win. <\/strong>It was a difficult weekend, my back was hurting from the first day and it bothered me a lot, especially on the right corners. That made us lose a lot of time, but we\u2019ve been working hard on the bike to cover the areas where I couldn\u2019t. <\/p>\n<p>Hector\u2019s [Garz\u00f3] bike was very fast on the straights and<strong> I knew I had to push in the second sector,<\/strong> as in Turn 4 my braking was much better. I did my best in that point and it worked well. I want to thank my team for their work.<\/em><\/p>\n<hr\/>\n<h3>IV\u00c1N ORTOL\u00c1 \u2013 EUROPEAN TALENT CUP RACE WINNER<\/h3>\n<p><em><strong>I am very happy with the race.<\/strong> At the beginning it was difficult, because there were many overtaking manoeuvres, but in the end, we were able to take the win we deserved since long ago. I\u2019m happy and want to thank my family, my sponsors and specially my team.<\/em><\/p>\n","protected":false},"excerpt":{"rendered":"<p>A victory in the first race of the category allows the Catalan rider to secure the title at the Ricardo Tormo Circuit. Tatay, Pons and Ortol\u00e1 complete an all-Spanish set of victories for the last round of the year.<\/p>\n","protected":false},"author":1,"featured_media":63119,"comment_status":"open","ping_status":"open","sticky":false,"template":"","format":"standard","meta":{"footnotes":""},"categories":[64],"tags":[214,277],"class_list":["post-97734","post","type-post","status-publish","format-standard","hentry","category-uncategorized","tag-other-events-competitions","tag-otros-eventos-y-competiciones-en"],"yoast_head":"<!-- This site is optimized with the Yoast SEO plugin v27.3 - https:\/\/yoast.com\/product\/yoast-seo-wordpress\/ -->\n<title>FIM CEV Repsol Valencia 2019 - Jeremy Alcoba, Moto3 Junior World Champion<\/title>\n<meta name=\"description\" content=\"A victory in the first race of the category allows the Catalan rider to secure the title. Tatay, Pons and Ortol\u00e1 complete an all-Spanish set of victories.\" \/>\n<link rel=\"canonical\" href=\"https:\/\/www.boxrepsol.com\/en\/uncategorized\/jeremy-alcoba-moto3-junior-world-champion-at-the-fim-cev-repsol\/\" \/>\n<meta property=\"og:locale\" content=\"en_US\" \/>\n<meta property=\"og:type\" content=\"article\" \/>\n<meta property=\"og:title\" content=\"FIM CEV Repsol Valencia 2019 - Jeremy Alcoba, Moto3 Junior World Champion\" \/>\n<meta property=\"og:description\" content=\"A victory in the first race of the category allows the Catalan rider to secure the title. Tatay, Pons and Ortol\u00e1 complete an all-Spanish set of victories.\" \/>\n<meta property=\"og:url\" content=\"https:\/\/www.boxrepsol.com\/en\/uncategorized\/jeremy-alcoba-moto3-junior-world-champion-at-the-fim-cev-repsol\/\" \/>\n<meta property=\"og:site_name\" content=\"Box Repsol\" \/>\n<meta property=\"article:publisher\" content=\"https:\/\/www.facebook.com\/BoxRepsol\" \/>\n<meta property=\"article:published_time\" content=\"2019-11-11T02:00:00+00:00\" \/>\n<meta property=\"article:modified_time\" content=\"2023-02-27T09:22:57+00:00\" \/>\n<meta property=\"og:image\" content=\"https:\/\/bxrepsol.s3.eu-west-1.amazonaws.com\/static\/2022\/08\/29090743\/00_ganadores_fim_Cev_repsol_2019.jpg\" \/>\n\t<meta property=\"og:image:width\" content=\"1280\" \/>\n\t<meta property=\"og:image:height\" content=\"600\" \/>\n\t<meta property=\"og:image:type\" content=\"image\/jpeg\" \/>\n<meta name=\"author\" content=\"bx_ayesa\" \/>\n<meta name=\"twitter:card\" content=\"summary_large_image\" \/>\n<meta name=\"twitter:creator\" content=\"@box_repsol\" \/>\n<meta name=\"twitter:site\" content=\"@box_repsol\" \/>\n<meta name=\"twitter:label1\" content=\"Written by\" \/>\n\t<meta name=\"twitter:data1\" content=\"bx_ayesa\" \/>\n\t<meta name=\"twitter:label2\" content=\"Est. reading time\" \/>\n\t<meta name=\"twitter:data2\" content=\"3 minutes\" \/>\n<script type=\"application\/ld+json\" class=\"yoast-schema-graph\">{\"@context\":\"https:\\\/\\\/schema.org\",\"@graph\":[{\"@type\":\"Article\",\"@id\":\"https:\\\/\\\/www.boxrepsol.com\\\/en\\\/uncategorized\\\/jeremy-alcoba-moto3-junior-world-champion-at-the-fim-cev-repsol\\\/#article\",\"isPartOf\":{\"@id\":\"https:\\\/\\\/www.boxrepsol.com\\\/en\\\/uncategorized\\\/jeremy-alcoba-moto3-junior-world-champion-at-the-fim-cev-repsol\\\/\"},\"author\":{\"name\":\"bx_ayesa\",\"@id\":\"https:\\\/\\\/www.boxrepsol.com\\\/en\\\/#\\\/schema\\\/person\\\/d9d0f442a4332c7d099d31ffda4747a0\"},\"headline\":\"Jeremy Alcoba, Moto3 Junior World Champion at the FIM CEV Repsol\",\"datePublished\":\"2019-11-11T02:00:00+00:00\",\"dateModified\":\"2023-02-27T09:22:57+00:00\",\"mainEntityOfPage\":{\"@id\":\"https:\\\/\\\/www.boxrepsol.com\\\/en\\\/uncategorized\\\/jeremy-alcoba-moto3-junior-world-champion-at-the-fim-cev-repsol\\\/\"},\"wordCount\":592,\"commentCount\":0,\"publisher\":{\"@id\":\"https:\\\/\\\/www.boxrepsol.com\\\/en\\\/#organization\"},\"image\":{\"@id\":\"https:\\\/\\\/www.boxrepsol.com\\\/en\\\/uncategorized\\\/jeremy-alcoba-moto3-junior-world-champion-at-the-fim-cev-repsol\\\/#primaryimage\"},\"thumbnailUrl\":\"https:\\\/\\\/bxrepsol.s3.eu-west-1.amazonaws.com\\\/static\\\/2022\\\/08\\\/29090743\\\/00_ganadores_fim_Cev_repsol_2019.jpg\",\"keywords\":[\"Other events &amp; competitions\",\"otros eventos y competiciones\"],\"inLanguage\":\"en-US\",\"potentialAction\":[{\"@type\":\"CommentAction\",\"name\":\"Comment\",\"target\":[\"https:\\\/\\\/www.boxrepsol.com\\\/en\\\/uncategorized\\\/jeremy-alcoba-moto3-junior-world-champion-at-the-fim-cev-repsol\\\/#respond\"]}]},{\"@type\":\"WebPage\",\"@id\":\"https:\\\/\\\/www.boxrepsol.com\\\/en\\\/uncategorized\\\/jeremy-alcoba-moto3-junior-world-champion-at-the-fim-cev-repsol\\\/\",\"url\":\"https:\\\/\\\/www.boxrepsol.com\\\/en\\\/uncategorized\\\/jeremy-alcoba-moto3-junior-world-champion-at-the-fim-cev-repsol\\\/\",\"name\":\"FIM CEV Repsol Valencia 2019 - Jeremy Alcoba, Moto3 Junior World Champion\",\"isPartOf\":{\"@id\":\"https:\\\/\\\/www.boxrepsol.com\\\/en\\\/#website\"},\"primaryImageOfPage\":{\"@id\":\"https:\\\/\\\/www.boxrepsol.com\\\/en\\\/uncategorized\\\/jeremy-alcoba-moto3-junior-world-champion-at-the-fim-cev-repsol\\\/#primaryimage\"},\"image\":{\"@id\":\"https:\\\/\\\/www.boxrepsol.com\\\/en\\\/uncategorized\\\/jeremy-alcoba-moto3-junior-world-champion-at-the-fim-cev-repsol\\\/#primaryimage\"},\"thumbnailUrl\":\"https:\\\/\\\/bxrepsol.s3.eu-west-1.amazonaws.com\\\/static\\\/2022\\\/08\\\/29090743\\\/00_ganadores_fim_Cev_repsol_2019.jpg\",\"datePublished\":\"2019-11-11T02:00:00+00:00\",\"dateModified\":\"2023-02-27T09:22:57+00:00\",\"description\":\"A victory in the first race of the category allows the Catalan rider to secure the title. Tatay, Pons and Ortol\u00e1 complete an all-Spanish set of victories.\",\"breadcrumb\":{\"@id\":\"https:\\\/\\\/www.boxrepsol.com\\\/en\\\/uncategorized\\\/jeremy-alcoba-moto3-junior-world-champion-at-the-fim-cev-repsol\\\/#breadcrumb\"},\"inLanguage\":\"en-US\",\"potentialAction\":[{\"@type\":\"ReadAction\",\"target\":[\"https:\\\/\\\/www.boxrepsol.com\\\/en\\\/uncategorized\\\/jeremy-alcoba-moto3-junior-world-champion-at-the-fim-cev-repsol\\\/\"]}]},{\"@type\":\"ImageObject\",\"inLanguage\":\"en-US\",\"@id\":\"https:\\\/\\\/www.boxrepsol.com\\\/en\\\/uncategorized\\\/jeremy-alcoba-moto3-junior-world-champion-at-the-fim-cev-repsol\\\/#primaryimage\",\"url\":\"https:\\\/\\\/bxrepsol.s3.eu-west-1.amazonaws.com\\\/static\\\/2022\\\/08\\\/29090743\\\/00_ganadores_fim_Cev_repsol_2019.jpg\",\"contentUrl\":\"https:\\\/\\\/bxrepsol.s3.eu-west-1.amazonaws.com\\\/static\\\/2022\\\/08\\\/29090743\\\/00_ganadores_fim_Cev_repsol_2019.jpg\",\"width\":1280,\"height\":600,\"caption\":\"Campeones del FIM CEV Repsol\"},{\"@type\":\"BreadcrumbList\",\"@id\":\"https:\\\/\\\/www.boxrepsol.com\\\/en\\\/uncategorized\\\/jeremy-alcoba-moto3-junior-world-champion-at-the-fim-cev-repsol\\\/#breadcrumb\",\"itemListElement\":[{\"@type\":\"ListItem\",\"position\":1,\"name\":\"Home\",\"item\":\"https:\\\/\\\/www.boxrepsol.com\\\/en\\\/\"},{\"@type\":\"ListItem\",\"position\":2,\"name\":\"Jeremy Alcoba, Moto3 Junior World Champion at the FIM CEV Repsol\"}]},{\"@type\":\"WebSite\",\"@id\":\"https:\\\/\\\/www.boxrepsol.com\\\/en\\\/#website\",\"url\":\"https:\\\/\\\/www.boxrepsol.com\\\/en\\\/\",\"name\":\"Box Repsol\",\"description\":\"Box Repsol Site\",\"publisher\":{\"@id\":\"https:\\\/\\\/www.boxrepsol.com\\\/en\\\/#organization\"},\"potentialAction\":[{\"@type\":\"SearchAction\",\"target\":{\"@type\":\"EntryPoint\",\"urlTemplate\":\"https:\\\/\\\/www.boxrepsol.com\\\/en\\\/?s={search_term_string}\"},\"query-input\":{\"@type\":\"PropertyValueSpecification\",\"valueRequired\":true,\"valueName\":\"search_term_string\"}}],\"inLanguage\":\"en-US\"},{\"@type\":\"Organization\",\"@id\":\"https:\\\/\\\/www.boxrepsol.com\\\/en\\\/#organization\",\"name\":\"Box Repsol\",\"url\":\"https:\\\/\\\/www.boxrepsol.com\\\/en\\\/\",\"logo\":{\"@type\":\"ImageObject\",\"inLanguage\":\"en-US\",\"@id\":\"https:\\\/\\\/www.boxrepsol.com\\\/en\\\/#\\\/schema\\\/logo\\\/image\\\/\",\"url\":\"https:\\\/\\\/bxrepsol.s3.eu-west-1.amazonaws.com\\\/static\\\/2025\\\/07\\\/30083337\\\/favicon-96x96-1.png\",\"contentUrl\":\"https:\\\/\\\/bxrepsol.s3.eu-west-1.amazonaws.com\\\/static\\\/2025\\\/07\\\/30083337\\\/favicon-96x96-1.png\",\"width\":96,\"height\":96,\"caption\":\"Box Repsol\"},\"image\":{\"@id\":\"https:\\\/\\\/www.boxrepsol.com\\\/en\\\/#\\\/schema\\\/logo\\\/image\\\/\"},\"sameAs\":[\"https:\\\/\\\/www.facebook.com\\\/BoxRepsol\",\"https:\\\/\\\/x.com\\\/box_repsol\",\"http:\\\/\\\/instagram.com\\\/box_repsol\",\"https:\\\/\\\/www.youtube.com\\\/user\\\/RepsolCompeticion\",\"https:\\\/\\\/www.flickr.com\\\/photos\\\/box_repsol\\\/\"]},{\"@type\":\"Person\",\"@id\":\"https:\\\/\\\/www.boxrepsol.com\\\/en\\\/#\\\/schema\\\/person\\\/d9d0f442a4332c7d099d31ffda4747a0\",\"name\":\"bx_ayesa\",\"image\":{\"@type\":\"ImageObject\",\"inLanguage\":\"en-US\",\"@id\":\"https:\\\/\\\/secure.gravatar.com\\\/avatar\\\/059e1b9d3585083708845ba70e8dd968f143ff35f5e0e10cf2d1e7afe2c6a878?s=96&d=mm&r=g\",\"url\":\"https:\\\/\\\/secure.gravatar.com\\\/avatar\\\/059e1b9d3585083708845ba70e8dd968f143ff35f5e0e10cf2d1e7afe2c6a878?s=96&d=mm&r=g\",\"contentUrl\":\"https:\\\/\\\/secure.gravatar.com\\\/avatar\\\/059e1b9d3585083708845ba70e8dd968f143ff35f5e0e10cf2d1e7afe2c6a878?s=96&d=mm&r=g\",\"caption\":\"bx_ayesa\"},\"sameAs\":[\"http:\\\/\\\/54.155.157.200\"],\"url\":\"https:\\\/\\\/www.boxrepsol.com\\\/en\\\/author\\\/bx_ayesa\\\/\"}]}<\/script>\n<!-- \/ Yoast SEO plugin. -->","yoast_head_json":{"title":"FIM CEV Repsol Valencia 2019 - Jeremy Alcoba, Moto3 Junior World Champion","description":"A victory in the first race of the category allows the Catalan rider to secure the title. Tatay, Pons and Ortol\u00e1 complete an all-Spanish set of victories.","canonical":"https:\/\/www.boxrepsol.com\/en\/uncategorized\/jeremy-alcoba-moto3-junior-world-champion-at-the-fim-cev-repsol\/","og_locale":"en_US","og_type":"article","og_title":"FIM CEV Repsol Valencia 2019 - Jeremy Alcoba, Moto3 Junior World Champion","og_description":"A victory in the first race of the category allows the Catalan rider to secure the title. Tatay, Pons and Ortol\u00e1 complete an all-Spanish set of victories.","og_url":"https:\/\/www.boxrepsol.com\/en\/uncategorized\/jeremy-alcoba-moto3-junior-world-champion-at-the-fim-cev-repsol\/","og_site_name":"Box Repsol","article_publisher":"https:\/\/www.facebook.com\/BoxRepsol","article_published_time":"2019-11-11T02:00:00+00:00","article_modified_time":"2023-02-27T09:22:57+00:00","og_image":[{"width":1280,"height":600,"url":"https:\/\/bxrepsol.s3.eu-west-1.amazonaws.com\/static\/2022\/08\/29090743\/00_ganadores_fim_Cev_repsol_2019.jpg","type":"image\/jpeg"}],"author":"bx_ayesa","twitter_card":"summary_large_image","twitter_creator":"@box_repsol","twitter_site":"@box_repsol","twitter_misc":{"Written by":"bx_ayesa","Est. reading time":"3 minutes"},"schema":{"@context":"https:\/\/schema.org","@graph":[{"@type":"Article","@id":"https:\/\/www.boxrepsol.com\/en\/uncategorized\/jeremy-alcoba-moto3-junior-world-champion-at-the-fim-cev-repsol\/#article","isPartOf":{"@id":"https:\/\/www.boxrepsol.com\/en\/uncategorized\/jeremy-alcoba-moto3-junior-world-champion-at-the-fim-cev-repsol\/"},"author":{"name":"bx_ayesa","@id":"https:\/\/www.boxrepsol.com\/en\/#\/schema\/person\/d9d0f442a4332c7d099d31ffda4747a0"},"headline":"Jeremy Alcoba, Moto3 Junior World Champion at the FIM CEV Repsol","datePublished":"2019-11-11T02:00:00+00:00","dateModified":"2023-02-27T09:22:57+00:00","mainEntityOfPage":{"@id":"https:\/\/www.boxrepsol.com\/en\/uncategorized\/jeremy-alcoba-moto3-junior-world-champion-at-the-fim-cev-repsol\/"},"wordCount":592,"commentCount":0,"publisher":{"@id":"https:\/\/www.boxrepsol.com\/en\/#organization"},"image":{"@id":"https:\/\/www.boxrepsol.com\/en\/uncategorized\/jeremy-alcoba-moto3-junior-world-champion-at-the-fim-cev-repsol\/#primaryimage"},"thumbnailUrl":"https:\/\/bxrepsol.s3.eu-west-1.amazonaws.com\/static\/2022\/08\/29090743\/00_ganadores_fim_Cev_repsol_2019.jpg","keywords":["Other events &amp; competitions","otros eventos y competiciones"],"inLanguage":"en-US","potentialAction":[{"@type":"CommentAction","name":"Comment","target":["https:\/\/www.boxrepsol.com\/en\/uncategorized\/jeremy-alcoba-moto3-junior-world-champion-at-the-fim-cev-repsol\/#respond"]}]},{"@type":"WebPage","@id":"https:\/\/www.boxrepsol.com\/en\/uncategorized\/jeremy-alcoba-moto3-junior-world-champion-at-the-fim-cev-repsol\/","url":"https:\/\/www.boxrepsol.com\/en\/uncategorized\/jeremy-alcoba-moto3-junior-world-champion-at-the-fim-cev-repsol\/","name":"FIM CEV Repsol Valencia 2019 - Jeremy Alcoba, Moto3 Junior World Champion","isPartOf":{"@id":"https:\/\/www.boxrepsol.com\/en\/#website"},"primaryImageOfPage":{"@id":"https:\/\/www.boxrepsol.com\/en\/uncategorized\/jeremy-alcoba-moto3-junior-world-champion-at-the-fim-cev-repsol\/#primaryimage"},"image":{"@id":"https:\/\/www.boxrepsol.com\/en\/uncategorized\/jeremy-alcoba-moto3-junior-world-champion-at-the-fim-cev-repsol\/#primaryimage"},"thumbnailUrl":"https:\/\/bxrepsol.s3.eu-west-1.amazonaws.com\/static\/2022\/08\/29090743\/00_ganadores_fim_Cev_repsol_2019.jpg","datePublished":"2019-11-11T02:00:00+00:00","dateModified":"2023-02-27T09:22:57+00:00","description":"A victory in the first race of the category allows the Catalan rider to secure the title. Tatay, Pons and Ortol\u00e1 complete an all-Spanish set of victories.","breadcrumb":{"@id":"https:\/\/www.boxrepsol.com\/en\/uncategorized\/jeremy-alcoba-moto3-junior-world-champion-at-the-fim-cev-repsol\/#breadcrumb"},"inLanguage":"en-US","potentialAction":[{"@type":"ReadAction","target":["https:\/\/www.boxrepsol.com\/en\/uncategorized\/jeremy-alcoba-moto3-junior-world-champion-at-the-fim-cev-repsol\/"]}]},{"@type":"ImageObject","inLanguage":"en-US","@id":"https:\/\/www.boxrepsol.com\/en\/uncategorized\/jeremy-alcoba-moto3-junior-world-champion-at-the-fim-cev-repsol\/#primaryimage","url":"https:\/\/bxrepsol.s3.eu-west-1.amazonaws.com\/static\/2022\/08\/29090743\/00_ganadores_fim_Cev_repsol_2019.jpg","contentUrl":"https:\/\/bxrepsol.s3.eu-west-1.amazonaws.com\/static\/2022\/08\/29090743\/00_ganadores_fim_Cev_repsol_2019.jpg","width":1280,"height":600,"caption":"Campeones del FIM CEV Repsol"},{"@type":"BreadcrumbList","@id":"https:\/\/www.boxrepsol.com\/en\/uncategorized\/jeremy-alcoba-moto3-junior-world-champion-at-the-fim-cev-repsol\/#breadcrumb","itemListElement":[{"@type":"ListItem","position":1,"name":"Home","item":"https:\/\/www.boxrepsol.com\/en\/"},{"@type":"ListItem","position":2,"name":"Jeremy Alcoba, Moto3 Junior World Champion at the FIM CEV Repsol"}]},{"@type":"WebSite","@id":"https:\/\/www.boxrepsol.com\/en\/#website","url":"https:\/\/www.boxrepsol.com\/en\/","name":"Box Repsol","description":"Box Repsol Site","publisher":{"@id":"https:\/\/www.boxrepsol.com\/en\/#organization"},"potentialAction":[{"@type":"SearchAction","target":{"@type":"EntryPoint","urlTemplate":"https:\/\/www.boxrepsol.com\/en\/?s={search_term_string}"},"query-input":{"@type":"PropertyValueSpecification","valueRequired":true,"valueName":"search_term_string"}}],"inLanguage":"en-US"},{"@type":"Organization","@id":"https:\/\/www.boxrepsol.com\/en\/#organization","name":"Box Repsol","url":"https:\/\/www.boxrepsol.com\/en\/","logo":{"@type":"ImageObject","inLanguage":"en-US","@id":"https:\/\/www.boxrepsol.com\/en\/#\/schema\/logo\/image\/","url":"https:\/\/bxrepsol.s3.eu-west-1.amazonaws.com\/static\/2025\/07\/30083337\/favicon-96x96-1.png","contentUrl":"https:\/\/bxrepsol.s3.eu-west-1.amazonaws.com\/static\/2025\/07\/30083337\/favicon-96x96-1.png","width":96,"height":96,"caption":"Box Repsol"},"image":{"@id":"https:\/\/www.boxrepsol.com\/en\/#\/schema\/logo\/image\/"},"sameAs":["https:\/\/www.facebook.com\/BoxRepsol","https:\/\/x.com\/box_repsol","http:\/\/instagram.com\/box_repsol","https:\/\/www.youtube.com\/user\/RepsolCompeticion","https:\/\/www.flickr.com\/photos\/box_repsol\/"]},{"@type":"Person","@id":"https:\/\/www.boxrepsol.com\/en\/#\/schema\/person\/d9d0f442a4332c7d099d31ffda4747a0","name":"bx_ayesa","image":{"@type":"ImageObject","inLanguage":"en-US","@id":"https:\/\/secure.gravatar.com\/avatar\/059e1b9d3585083708845ba70e8dd968f143ff35f5e0e10cf2d1e7afe2c6a878?s=96&d=mm&r=g","url":"https:\/\/secure.gravatar.com\/avatar\/059e1b9d3585083708845ba70e8dd968f143ff35f5e0e10cf2d1e7afe2c6a878?s=96&d=mm&r=g","contentUrl":"https:\/\/secure.gravatar.com\/avatar\/059e1b9d3585083708845ba70e8dd968f143ff35f5e0e10cf2d1e7afe2c6a878?s=96&d=mm&r=g","caption":"bx_ayesa"},"sameAs":["http:\/\/54.155.157.200"],"url":"https:\/\/www.boxrepsol.com\/en\/author\/bx_ayesa\/"}]}},"_links":{"self":[{"href":"https:\/\/www.boxrepsol.com\/en\/wp-json\/wp\/v2\/posts\/97734","targetHints":{"allow":["GET"]}}],"collection":[{"href":"https:\/\/www.boxrepsol.com\/en\/wp-json\/wp\/v2\/posts"}],"about":[{"href":"https:\/\/www.boxrepsol.com\/en\/wp-json\/wp\/v2\/types\/post"}],"author":[{"embeddable":true,"href":"https:\/\/www.boxrepsol.com\/en\/wp-json\/wp\/v2\/users\/1"}],"replies":[{"embeddable":true,"href":"https:\/\/www.boxrepsol.com\/en\/wp-json\/wp\/v2\/comments?post=97734"}],"version-history":[{"count":1,"href":"https:\/\/www.boxrepsol.com\/en\/wp-json\/wp\/v2\/posts\/97734\/revisions"}],"predecessor-version":[{"id":97735,"href":"https:\/\/www.boxrepsol.com\/en\/wp-json\/wp\/v2\/posts\/97734\/revisions\/97735"}],"wp:featuredmedia":[{"embeddable":true,"href":"https:\/\/www.boxrepsol.com\/en\/wp-json\/wp\/v2\/media\/63119"}],"wp:attachment":[{"href":"https:\/\/www.boxrepsol.com\/en\/wp-json\/wp\/v2\/media?parent=97734"}],"wp:term":[{"taxonomy":"category","embeddable":true,"href":"https:\/\/www.boxrepsol.com\/en\/wp-json\/wp\/v2\/categories?post=97734"},{"taxonomy":"post_tag","embeddable":true,"href":"https:\/\/www.boxrepsol.com\/en\/wp-json\/wp\/v2\/tags?post=97734"}],"curies":[{"name":"wp","href":"https:\/\/api.w.org\/{rel}","templated":true}]}}