{"id":97732,"date":"2019-11-11T00:00:00","date_gmt":"2019-11-11T02:00:00","guid":{"rendered":"http:\/\/pre.boxrepsol.com\/uncategorized\/marc-marquez-and-brother-alex-celebrate-titles-in-cervera\/"},"modified":"2023-02-27T07:22:56","modified_gmt":"2023-02-27T09:22:56","slug":"marc-marquez-and-brother-alex-celebrate-titles-in-cervera","status":"publish","type":"post","link":"https:\/\/www.boxrepsol.com\/en\/motogp-en\/marc-marquez-and-brother-alex-celebrate-titles-in-cervera\/","title":{"rendered":"Marc M\u00e1rquez and brother \u00c1lex celebrate titles in Cervera"},"content":{"rendered":"<p>In what has become something of a tradition, <strong>Marc M\u00e1rquez shared his eighth World Championship win in his hometown of Cervera this Saturday<\/strong>, with the thousands of fans who flooded the streets once again. The Repsol Honda Team rider was the protagonist, together with his brother \u00c1lex, as the pair celebrated their respective MotoGP and Moto2 world titles.<\/p>\n<p>After a press conference held at the University of Cervera, the MotoGP World Champion began a parade uploaded to the float that his fan club had prepared for the occasion. <strong>M\u00e1rquez was accompanied by the family and team members who helped him to become an eight-time World Champion <\/strong>in the 25th anniversary year of the most successful MotoGP team: Repsol Honda.<\/p>\n<p>The party ended, like every year, with the float arriving at a stage from which the rider addressed the fans. Cervera\u2019s most famous citizen is as popular as ever in his hometown as his success continues.<\/p>\n<p><a title=\"Marc Marquez crowned 2019 MotoGP World Champion\" href=\"https:\/\/www.boxrepsol.com\/en\/motogp-en\/marc-marquez-crowned-2019-motogp-world-champion\/\" target=\"_self\" rel=\"noopener\"><\/p>\n<p>\n            Featured!\n    <\/p>\n<h2>\n            Marc Marquez crowned 2019 MotoGP World Champion        <\/h2>\n<p>The Repsol Honda Team rider claims his eighth world title<\/p>\n<p>        <img decoding=\"async\" src=\"https:\/\/bxrepsol.s3.eu-west-1.amazonaws.com\/static\/2022\/08\/29090325\/meme-Marc-eightball-600x315-1.jpg\" alt=\"Meme Marc 8ball\"><br \/>\n<\/a><\/p>\n<p><em><strong>It\u2019s always nice to celebrate titles in Cervera, but this year I\u2019m especially excited to be able to do so with my brother \u00c1lex<\/strong>, with us both having won World Championships in 2019. It\u2019s eight World Championships that I have now, which is a big achievement that I have to enjoy. 2019 has been my best year in MotoGP and the best of my career; A perfect season that will be very difficult to repeat. <\/p>\n<p>In spite of this,<strong> next year we will approach things in the same way and with the same objective: To become champions again<\/strong>. Winning gives you more motivation and I am never satisfied -quite the opposite, as I always want more and more. I give one hundred percent in everything I do and that is what has led me to be celebrating another title here with my family, my friends, and most importantly, my fans.<\/em><\/p>\n","protected":false},"excerpt":{"rendered":"<p>Fans filled the streets of the Repsol Honda Team rider\u2019s hometown to celebrate both his eighth World Championship and the title won by his brother.<\/p>\n","protected":false},"author":1,"featured_media":63115,"comment_status":"open","ping_status":"open","sticky":false,"template":"","format":"standard","meta":{"footnotes":""},"categories":[146],"tags":[6,283],"class_list":["post-97732","post","type-post","status-publish","format-standard","hentry","category-motogp-en","tag-marc-marquez","tag-marc-marquez-en"],"yoast_head":"<!-- This site is optimized with the Yoast SEO plugin v27.3 - https:\/\/yoast.com\/product\/yoast-seo-wordpress\/ -->\n<title>Cevera celebration 2019 - Marc M\u00e1rquez and brother \u00c1lex celebrate titles in Cervera<\/title>\n<meta name=\"description\" content=\"Fans filled the streets of the Repsol Honda Team rider\u2019s hometown to celebrate both his eighth World Championship and the title won by his brother.\" \/>\n<link rel=\"canonical\" href=\"https:\/\/www.boxrepsol.com\/en\/motogp-en\/marc-marquez-and-brother-alex-celebrate-titles-in-cervera\/\" \/>\n<meta property=\"og:locale\" content=\"en_US\" \/>\n<meta property=\"og:type\" content=\"article\" \/>\n<meta property=\"og:title\" content=\"Cevera celebration 2019 - Marc M\u00e1rquez and brother \u00c1lex celebrate titles in Cervera\" \/>\n<meta property=\"og:description\" content=\"Fans filled the streets of the Repsol Honda Team rider\u2019s hometown to celebrate both his eighth World Championship and the title won by his brother.\" \/>\n<meta property=\"og:url\" content=\"https:\/\/www.boxrepsol.com\/en\/motogp-en\/marc-marquez-and-brother-alex-celebrate-titles-in-cervera\/\" \/>\n<meta property=\"og:site_name\" content=\"Box Repsol\" \/>\n<meta property=\"article:publisher\" content=\"https:\/\/www.facebook.com\/BoxRepsol\" \/>\n<meta property=\"article:published_time\" content=\"2019-11-11T02:00:00+00:00\" \/>\n<meta property=\"article:modified_time\" content=\"2023-02-27T09:22:56+00:00\" \/>\n<meta property=\"og:image\" content=\"https:\/\/bxrepsol.s3.eu-west-1.amazonaws.com\/static\/2022\/08\/29090741\/00_Marc_marquez_alex_marquez_cervera_2019.jpg\" \/>\n\t<meta property=\"og:image:width\" content=\"1280\" \/>\n\t<meta property=\"og:image:height\" content=\"600\" \/>\n\t<meta property=\"og:image:type\" content=\"image\/jpeg\" \/>\n<meta name=\"author\" content=\"bx_ayesa\" \/>\n<meta name=\"twitter:card\" content=\"summary_large_image\" \/>\n<meta name=\"twitter:creator\" content=\"@box_repsol\" \/>\n<meta name=\"twitter:site\" content=\"@box_repsol\" \/>\n<meta name=\"twitter:label1\" content=\"Written by\" \/>\n\t<meta name=\"twitter:data1\" content=\"bx_ayesa\" \/>\n\t<meta name=\"twitter:label2\" content=\"Est. reading time\" \/>\n\t<meta name=\"twitter:data2\" content=\"2 minutes\" \/>\n<script type=\"application\/ld+json\" class=\"yoast-schema-graph\">{\"@context\":\"https:\\\/\\\/schema.org\",\"@graph\":[{\"@type\":\"Article\",\"@id\":\"https:\\\/\\\/www.boxrepsol.com\\\/en\\\/motogp-en\\\/marc-marquez-and-brother-alex-celebrate-titles-in-cervera\\\/#article\",\"isPartOf\":{\"@id\":\"https:\\\/\\\/www.boxrepsol.com\\\/en\\\/motogp-en\\\/marc-marquez-and-brother-alex-celebrate-titles-in-cervera\\\/\"},\"author\":{\"name\":\"bx_ayesa\",\"@id\":\"https:\\\/\\\/www.boxrepsol.com\\\/en\\\/#\\\/schema\\\/person\\\/d9d0f442a4332c7d099d31ffda4747a0\"},\"headline\":\"Marc M\u00e1rquez and brother \u00c1lex celebrate titles in Cervera\",\"datePublished\":\"2019-11-11T02:00:00+00:00\",\"dateModified\":\"2023-02-27T09:22:56+00:00\",\"mainEntityOfPage\":{\"@id\":\"https:\\\/\\\/www.boxrepsol.com\\\/en\\\/motogp-en\\\/marc-marquez-and-brother-alex-celebrate-titles-in-cervera\\\/\"},\"wordCount\":336,\"commentCount\":0,\"publisher\":{\"@id\":\"https:\\\/\\\/www.boxrepsol.com\\\/en\\\/#organization\"},\"image\":{\"@id\":\"https:\\\/\\\/www.boxrepsol.com\\\/en\\\/motogp-en\\\/marc-marquez-and-brother-alex-celebrate-titles-in-cervera\\\/#primaryimage\"},\"thumbnailUrl\":\"https:\\\/\\\/bxrepsol.s3.eu-west-1.amazonaws.com\\\/static\\\/2022\\\/08\\\/29090741\\\/00_Marc_marquez_alex_marquez_cervera_2019.jpg\",\"keywords\":[\"Marc M\u00e1rquez\",\"Marc M\u00e1rquez\"],\"articleSection\":[\"MotoGP\"],\"inLanguage\":\"en-US\",\"potentialAction\":[{\"@type\":\"CommentAction\",\"name\":\"Comment\",\"target\":[\"https:\\\/\\\/www.boxrepsol.com\\\/en\\\/motogp-en\\\/marc-marquez-and-brother-alex-celebrate-titles-in-cervera\\\/#respond\"]}]},{\"@type\":\"WebPage\",\"@id\":\"https:\\\/\\\/www.boxrepsol.com\\\/en\\\/motogp-en\\\/marc-marquez-and-brother-alex-celebrate-titles-in-cervera\\\/\",\"url\":\"https:\\\/\\\/www.boxrepsol.com\\\/en\\\/motogp-en\\\/marc-marquez-and-brother-alex-celebrate-titles-in-cervera\\\/\",\"name\":\"Cevera celebration 2019 - Marc M\u00e1rquez and brother \u00c1lex celebrate titles in Cervera\",\"isPartOf\":{\"@id\":\"https:\\\/\\\/www.boxrepsol.com\\\/en\\\/#website\"},\"primaryImageOfPage\":{\"@id\":\"https:\\\/\\\/www.boxrepsol.com\\\/en\\\/motogp-en\\\/marc-marquez-and-brother-alex-celebrate-titles-in-cervera\\\/#primaryimage\"},\"image\":{\"@id\":\"https:\\\/\\\/www.boxrepsol.com\\\/en\\\/motogp-en\\\/marc-marquez-and-brother-alex-celebrate-titles-in-cervera\\\/#primaryimage\"},\"thumbnailUrl\":\"https:\\\/\\\/bxrepsol.s3.eu-west-1.amazonaws.com\\\/static\\\/2022\\\/08\\\/29090741\\\/00_Marc_marquez_alex_marquez_cervera_2019.jpg\",\"datePublished\":\"2019-11-11T02:00:00+00:00\",\"dateModified\":\"2023-02-27T09:22:56+00:00\",\"description\":\"Fans filled the streets of the Repsol Honda Team rider\u2019s hometown to celebrate both his eighth World Championship and the title won by his brother.\",\"breadcrumb\":{\"@id\":\"https:\\\/\\\/www.boxrepsol.com\\\/en\\\/motogp-en\\\/marc-marquez-and-brother-alex-celebrate-titles-in-cervera\\\/#breadcrumb\"},\"inLanguage\":\"en-US\",\"potentialAction\":[{\"@type\":\"ReadAction\",\"target\":[\"https:\\\/\\\/www.boxrepsol.com\\\/en\\\/motogp-en\\\/marc-marquez-and-brother-alex-celebrate-titles-in-cervera\\\/\"]}]},{\"@type\":\"ImageObject\",\"inLanguage\":\"en-US\",\"@id\":\"https:\\\/\\\/www.boxrepsol.com\\\/en\\\/motogp-en\\\/marc-marquez-and-brother-alex-celebrate-titles-in-cervera\\\/#primaryimage\",\"url\":\"https:\\\/\\\/bxrepsol.s3.eu-west-1.amazonaws.com\\\/static\\\/2022\\\/08\\\/29090741\\\/00_Marc_marquez_alex_marquez_cervera_2019.jpg\",\"contentUrl\":\"https:\\\/\\\/bxrepsol.s3.eu-west-1.amazonaws.com\\\/static\\\/2022\\\/08\\\/29090741\\\/00_Marc_marquez_alex_marquez_cervera_2019.jpg\",\"width\":1280,\"height\":600,\"caption\":\"Alex y Marc M\u00e1rquez celebran en Cervera con los fans\"},{\"@type\":\"BreadcrumbList\",\"@id\":\"https:\\\/\\\/www.boxrepsol.com\\\/en\\\/motogp-en\\\/marc-marquez-and-brother-alex-celebrate-titles-in-cervera\\\/#breadcrumb\",\"itemListElement\":[{\"@type\":\"ListItem\",\"position\":1,\"name\":\"Home\",\"item\":\"https:\\\/\\\/www.boxrepsol.com\\\/en\\\/\"},{\"@type\":\"ListItem\",\"position\":2,\"name\":\"Marc M\u00e1rquez and brother \u00c1lex celebrate titles in Cervera\"}]},{\"@type\":\"WebSite\",\"@id\":\"https:\\\/\\\/www.boxrepsol.com\\\/en\\\/#website\",\"url\":\"https:\\\/\\\/www.boxrepsol.com\\\/en\\\/\",\"name\":\"Box Repsol\",\"description\":\"Box Repsol Site\",\"publisher\":{\"@id\":\"https:\\\/\\\/www.boxrepsol.com\\\/en\\\/#organization\"},\"potentialAction\":[{\"@type\":\"SearchAction\",\"target\":{\"@type\":\"EntryPoint\",\"urlTemplate\":\"https:\\\/\\\/www.boxrepsol.com\\\/en\\\/?s={search_term_string}\"},\"query-input\":{\"@type\":\"PropertyValueSpecification\",\"valueRequired\":true,\"valueName\":\"search_term_string\"}}],\"inLanguage\":\"en-US\"},{\"@type\":\"Organization\",\"@id\":\"https:\\\/\\\/www.boxrepsol.com\\\/en\\\/#organization\",\"name\":\"Box Repsol\",\"url\":\"https:\\\/\\\/www.boxrepsol.com\\\/en\\\/\",\"logo\":{\"@type\":\"ImageObject\",\"inLanguage\":\"en-US\",\"@id\":\"https:\\\/\\\/www.boxrepsol.com\\\/en\\\/#\\\/schema\\\/logo\\\/image\\\/\",\"url\":\"https:\\\/\\\/bxrepsol.s3.eu-west-1.amazonaws.com\\\/static\\\/2025\\\/07\\\/30083337\\\/favicon-96x96-1.png\",\"contentUrl\":\"https:\\\/\\\/bxrepsol.s3.eu-west-1.amazonaws.com\\\/static\\\/2025\\\/07\\\/30083337\\\/favicon-96x96-1.png\",\"width\":96,\"height\":96,\"caption\":\"Box Repsol\"},\"image\":{\"@id\":\"https:\\\/\\\/www.boxrepsol.com\\\/en\\\/#\\\/schema\\\/logo\\\/image\\\/\"},\"sameAs\":[\"https:\\\/\\\/www.facebook.com\\\/BoxRepsol\",\"https:\\\/\\\/x.com\\\/box_repsol\",\"http:\\\/\\\/instagram.com\\\/box_repsol\",\"https:\\\/\\\/www.youtube.com\\\/user\\\/RepsolCompeticion\",\"https:\\\/\\\/www.flickr.com\\\/photos\\\/box_repsol\\\/\"]},{\"@type\":\"Person\",\"@id\":\"https:\\\/\\\/www.boxrepsol.com\\\/en\\\/#\\\/schema\\\/person\\\/d9d0f442a4332c7d099d31ffda4747a0\",\"name\":\"bx_ayesa\",\"image\":{\"@type\":\"ImageObject\",\"inLanguage\":\"en-US\",\"@id\":\"https:\\\/\\\/secure.gravatar.com\\\/avatar\\\/059e1b9d3585083708845ba70e8dd968f143ff35f5e0e10cf2d1e7afe2c6a878?s=96&d=mm&r=g\",\"url\":\"https:\\\/\\\/secure.gravatar.com\\\/avatar\\\/059e1b9d3585083708845ba70e8dd968f143ff35f5e0e10cf2d1e7afe2c6a878?s=96&d=mm&r=g\",\"contentUrl\":\"https:\\\/\\\/secure.gravatar.com\\\/avatar\\\/059e1b9d3585083708845ba70e8dd968f143ff35f5e0e10cf2d1e7afe2c6a878?s=96&d=mm&r=g\",\"caption\":\"bx_ayesa\"},\"sameAs\":[\"http:\\\/\\\/54.155.157.200\"],\"url\":\"https:\\\/\\\/www.boxrepsol.com\\\/en\\\/author\\\/bx_ayesa\\\/\"}]}<\/script>\n<!-- \/ Yoast SEO plugin. -->","yoast_head_json":{"title":"Cevera celebration 2019 - Marc M\u00e1rquez and brother \u00c1lex celebrate titles in Cervera","description":"Fans filled the streets of the Repsol Honda Team rider\u2019s hometown to celebrate both his eighth World Championship and the title won by his brother.","canonical":"https:\/\/www.boxrepsol.com\/en\/motogp-en\/marc-marquez-and-brother-alex-celebrate-titles-in-cervera\/","og_locale":"en_US","og_type":"article","og_title":"Cevera celebration 2019 - Marc M\u00e1rquez and brother \u00c1lex celebrate titles in Cervera","og_description":"Fans filled the streets of the Repsol Honda Team rider\u2019s hometown to celebrate both his eighth World Championship and the title won by his brother.","og_url":"https:\/\/www.boxrepsol.com\/en\/motogp-en\/marc-marquez-and-brother-alex-celebrate-titles-in-cervera\/","og_site_name":"Box Repsol","article_publisher":"https:\/\/www.facebook.com\/BoxRepsol","article_published_time":"2019-11-11T02:00:00+00:00","article_modified_time":"2023-02-27T09:22:56+00:00","og_image":[{"width":1280,"height":600,"url":"https:\/\/bxrepsol.s3.eu-west-1.amazonaws.com\/static\/2022\/08\/29090741\/00_Marc_marquez_alex_marquez_cervera_2019.jpg","type":"image\/jpeg"}],"author":"bx_ayesa","twitter_card":"summary_large_image","twitter_creator":"@box_repsol","twitter_site":"@box_repsol","twitter_misc":{"Written by":"bx_ayesa","Est. reading time":"2 minutes"},"schema":{"@context":"https:\/\/schema.org","@graph":[{"@type":"Article","@id":"https:\/\/www.boxrepsol.com\/en\/motogp-en\/marc-marquez-and-brother-alex-celebrate-titles-in-cervera\/#article","isPartOf":{"@id":"https:\/\/www.boxrepsol.com\/en\/motogp-en\/marc-marquez-and-brother-alex-celebrate-titles-in-cervera\/"},"author":{"name":"bx_ayesa","@id":"https:\/\/www.boxrepsol.com\/en\/#\/schema\/person\/d9d0f442a4332c7d099d31ffda4747a0"},"headline":"Marc M\u00e1rquez and brother \u00c1lex celebrate titles in Cervera","datePublished":"2019-11-11T02:00:00+00:00","dateModified":"2023-02-27T09:22:56+00:00","mainEntityOfPage":{"@id":"https:\/\/www.boxrepsol.com\/en\/motogp-en\/marc-marquez-and-brother-alex-celebrate-titles-in-cervera\/"},"wordCount":336,"commentCount":0,"publisher":{"@id":"https:\/\/www.boxrepsol.com\/en\/#organization"},"image":{"@id":"https:\/\/www.boxrepsol.com\/en\/motogp-en\/marc-marquez-and-brother-alex-celebrate-titles-in-cervera\/#primaryimage"},"thumbnailUrl":"https:\/\/bxrepsol.s3.eu-west-1.amazonaws.com\/static\/2022\/08\/29090741\/00_Marc_marquez_alex_marquez_cervera_2019.jpg","keywords":["Marc M\u00e1rquez","Marc M\u00e1rquez"],"articleSection":["MotoGP"],"inLanguage":"en-US","potentialAction":[{"@type":"CommentAction","name":"Comment","target":["https:\/\/www.boxrepsol.com\/en\/motogp-en\/marc-marquez-and-brother-alex-celebrate-titles-in-cervera\/#respond"]}]},{"@type":"WebPage","@id":"https:\/\/www.boxrepsol.com\/en\/motogp-en\/marc-marquez-and-brother-alex-celebrate-titles-in-cervera\/","url":"https:\/\/www.boxrepsol.com\/en\/motogp-en\/marc-marquez-and-brother-alex-celebrate-titles-in-cervera\/","name":"Cevera celebration 2019 - Marc M\u00e1rquez and brother \u00c1lex celebrate titles in Cervera","isPartOf":{"@id":"https:\/\/www.boxrepsol.com\/en\/#website"},"primaryImageOfPage":{"@id":"https:\/\/www.boxrepsol.com\/en\/motogp-en\/marc-marquez-and-brother-alex-celebrate-titles-in-cervera\/#primaryimage"},"image":{"@id":"https:\/\/www.boxrepsol.com\/en\/motogp-en\/marc-marquez-and-brother-alex-celebrate-titles-in-cervera\/#primaryimage"},"thumbnailUrl":"https:\/\/bxrepsol.s3.eu-west-1.amazonaws.com\/static\/2022\/08\/29090741\/00_Marc_marquez_alex_marquez_cervera_2019.jpg","datePublished":"2019-11-11T02:00:00+00:00","dateModified":"2023-02-27T09:22:56+00:00","description":"Fans filled the streets of the Repsol Honda Team rider\u2019s hometown to celebrate both his eighth World Championship and the title won by his brother.","breadcrumb":{"@id":"https:\/\/www.boxrepsol.com\/en\/motogp-en\/marc-marquez-and-brother-alex-celebrate-titles-in-cervera\/#breadcrumb"},"inLanguage":"en-US","potentialAction":[{"@type":"ReadAction","target":["https:\/\/www.boxrepsol.com\/en\/motogp-en\/marc-marquez-and-brother-alex-celebrate-titles-in-cervera\/"]}]},{"@type":"ImageObject","inLanguage":"en-US","@id":"https:\/\/www.boxrepsol.com\/en\/motogp-en\/marc-marquez-and-brother-alex-celebrate-titles-in-cervera\/#primaryimage","url":"https:\/\/bxrepsol.s3.eu-west-1.amazonaws.com\/static\/2022\/08\/29090741\/00_Marc_marquez_alex_marquez_cervera_2019.jpg","contentUrl":"https:\/\/bxrepsol.s3.eu-west-1.amazonaws.com\/static\/2022\/08\/29090741\/00_Marc_marquez_alex_marquez_cervera_2019.jpg","width":1280,"height":600,"caption":"Alex y Marc M\u00e1rquez celebran en Cervera con los fans"},{"@type":"BreadcrumbList","@id":"https:\/\/www.boxrepsol.com\/en\/motogp-en\/marc-marquez-and-brother-alex-celebrate-titles-in-cervera\/#breadcrumb","itemListElement":[{"@type":"ListItem","position":1,"name":"Home","item":"https:\/\/www.boxrepsol.com\/en\/"},{"@type":"ListItem","position":2,"name":"Marc M\u00e1rquez and brother \u00c1lex celebrate titles in Cervera"}]},{"@type":"WebSite","@id":"https:\/\/www.boxrepsol.com\/en\/#website","url":"https:\/\/www.boxrepsol.com\/en\/","name":"Box Repsol","description":"Box Repsol Site","publisher":{"@id":"https:\/\/www.boxrepsol.com\/en\/#organization"},"potentialAction":[{"@type":"SearchAction","target":{"@type":"EntryPoint","urlTemplate":"https:\/\/www.boxrepsol.com\/en\/?s={search_term_string}"},"query-input":{"@type":"PropertyValueSpecification","valueRequired":true,"valueName":"search_term_string"}}],"inLanguage":"en-US"},{"@type":"Organization","@id":"https:\/\/www.boxrepsol.com\/en\/#organization","name":"Box Repsol","url":"https:\/\/www.boxrepsol.com\/en\/","logo":{"@type":"ImageObject","inLanguage":"en-US","@id":"https:\/\/www.boxrepsol.com\/en\/#\/schema\/logo\/image\/","url":"https:\/\/bxrepsol.s3.eu-west-1.amazonaws.com\/static\/2025\/07\/30083337\/favicon-96x96-1.png","contentUrl":"https:\/\/bxrepsol.s3.eu-west-1.amazonaws.com\/static\/2025\/07\/30083337\/favicon-96x96-1.png","width":96,"height":96,"caption":"Box Repsol"},"image":{"@id":"https:\/\/www.boxrepsol.com\/en\/#\/schema\/logo\/image\/"},"sameAs":["https:\/\/www.facebook.com\/BoxRepsol","https:\/\/x.com\/box_repsol","http:\/\/instagram.com\/box_repsol","https:\/\/www.youtube.com\/user\/RepsolCompeticion","https:\/\/www.flickr.com\/photos\/box_repsol\/"]},{"@type":"Person","@id":"https:\/\/www.boxrepsol.com\/en\/#\/schema\/person\/d9d0f442a4332c7d099d31ffda4747a0","name":"bx_ayesa","image":{"@type":"ImageObject","inLanguage":"en-US","@id":"https:\/\/secure.gravatar.com\/avatar\/059e1b9d3585083708845ba70e8dd968f143ff35f5e0e10cf2d1e7afe2c6a878?s=96&d=mm&r=g","url":"https:\/\/secure.gravatar.com\/avatar\/059e1b9d3585083708845ba70e8dd968f143ff35f5e0e10cf2d1e7afe2c6a878?s=96&d=mm&r=g","contentUrl":"https:\/\/secure.gravatar.com\/avatar\/059e1b9d3585083708845ba70e8dd968f143ff35f5e0e10cf2d1e7afe2c6a878?s=96&d=mm&r=g","caption":"bx_ayesa"},"sameAs":["http:\/\/54.155.157.200"],"url":"https:\/\/www.boxrepsol.com\/en\/author\/bx_ayesa\/"}]}},"_links":{"self":[{"href":"https:\/\/www.boxrepsol.com\/en\/wp-json\/wp\/v2\/posts\/97732","targetHints":{"allow":["GET"]}}],"collection":[{"href":"https:\/\/www.boxrepsol.com\/en\/wp-json\/wp\/v2\/posts"}],"about":[{"href":"https:\/\/www.boxrepsol.com\/en\/wp-json\/wp\/v2\/types\/post"}],"author":[{"embeddable":true,"href":"https:\/\/www.boxrepsol.com\/en\/wp-json\/wp\/v2\/users\/1"}],"replies":[{"embeddable":true,"href":"https:\/\/www.boxrepsol.com\/en\/wp-json\/wp\/v2\/comments?post=97732"}],"version-history":[{"count":1,"href":"https:\/\/www.boxrepsol.com\/en\/wp-json\/wp\/v2\/posts\/97732\/revisions"}],"predecessor-version":[{"id":97733,"href":"https:\/\/www.boxrepsol.com\/en\/wp-json\/wp\/v2\/posts\/97732\/revisions\/97733"}],"wp:featuredmedia":[{"embeddable":true,"href":"https:\/\/www.boxrepsol.com\/en\/wp-json\/wp\/v2\/media\/63115"}],"wp:attachment":[{"href":"https:\/\/www.boxrepsol.com\/en\/wp-json\/wp\/v2\/media?parent=97732"}],"wp:term":[{"taxonomy":"category","embeddable":true,"href":"https:\/\/www.boxrepsol.com\/en\/wp-json\/wp\/v2\/categories?post=97732"},{"taxonomy":"post_tag","embeddable":true,"href":"https:\/\/www.boxrepsol.com\/en\/wp-json\/wp\/v2\/tags?post=97732"}],"curies":[{"name":"wp","href":"https:\/\/api.w.org\/{rel}","templated":true}]}}