{"id":97729,"date":"2019-11-07T00:00:00","date_gmt":"2019-11-07T02:00:00","guid":{"rendered":"http:\/\/pre.boxrepsol.com\/uncategorized\/experience-alex-and-marc-marquezs-celebration-in-cervera-with-box-repsol\/"},"modified":"2023-02-27T07:22:52","modified_gmt":"2023-02-27T09:22:52","slug":"experience-alex-and-marc-marquezs-celebration-in-cervera-with-box-repsol","status":"publish","type":"post","link":"https:\/\/www.boxrepsol.com\/en\/motogp-en\/experience-alex-and-marc-marquezs-celebration-in-cervera-with-box-repsol\/","title":{"rendered":"Experience \u00c1lex and Marc M\u00e1rquez&#8217;s celebration in Cervera with Box Repsol"},"content":{"rendered":"<p>Marc M\u00e1rquez will celebrate his 8th world title surrounded by his fans in his native Cervera. It will be a relaxed event with a fun atmosphere in the best of company, and <strong>Box Repsol will be present as usual<\/strong>. It will be a double celebration as we will also be honouring his brother \u00c1lex&#8217;s 2nd world title. <\/p>\n<p>You can follow us on Twitter and Facebook throughout the day and join the party in the streets of Cervera with the M\u00e1rquez brothers and their teams. <strong>Log on to Facebook at 5 p.m.(GMT+1) to follow the live broadcast of the event <\/strong>and make sure you don&#8217;t miss a thing.<\/p>\n<p>The event is open to everyone, so if you are a die-hard fan of Marc and Alex and you are in Cervera on Saturday 9 November, you can be part of the celebration! If you would prefer to follow it from home, connect and experience all the emotion for yet another year!<\/p>\n<p><a title=\"Marc M\u00e1rquez pots the #8ball!\" href=\"https:\/\/www.boxrepsol.com\/en\/motogp-en\/marc-marquez-pots-the-8ball\/\" target=\"_self\" rel=\"noopener\"><\/p>\n<p>\n            Featured!\n    <\/p>\n<h2>\n            Marc M\u00e1rquez pots the #8ball!        <\/h2>\n<p>The rider from Cervera has done it again. He\u2019s bagged his 8th World Championship and his 6th in the top class, overtaking the legendary Mick Doohan\u2019s five-championship record.<\/p>\n<p>        <img decoding=\"async\" src=\"https:\/\/bxrepsol.s3.eu-west-1.amazonaws.com\/static\/2022\/08\/05070219\/00_marc_marquez_vuelta_de_victoria.jpg\" alt=\"Marc M\u00e1rquez dando la vuelta de victoria en Tailandia 2019\"><br \/>\n<\/a><\/p>\n","protected":false},"excerpt":{"rendered":"<p>This Saturday 9 November will be a very special day in Cervera, the hometown of 8-time World Champion Marc M\u00e1rquez. He and his brother will celebrate their 2019 world titles with their fans.<\/p>\n","protected":false},"author":1,"featured_media":63090,"comment_status":"open","ping_status":"open","sticky":false,"template":"","format":"standard","meta":{"footnotes":""},"categories":[146],"tags":[6,283],"class_list":["post-97729","post","type-post","status-publish","format-standard","hentry","category-motogp-en","tag-marc-marquez","tag-marc-marquez-en"],"yoast_head":"<!-- This site is optimized with the Yoast SEO plugin v27.3 - https:\/\/yoast.com\/product\/yoast-seo-wordpress\/ -->\n<title>Experience \u00c1lex and Marc M\u00e1rquez&#039;s celebration in Cervera with Box Repsol<\/title>\n<meta name=\"description\" content=\"This Saturday 9 November will be a very special day in Cervera, the hometown of 8-time World Champion Marc M\u00e1rquez.\" \/>\n<link rel=\"canonical\" href=\"https:\/\/www.boxrepsol.com\/en\/motogp-en\/experience-alex-and-marc-marquezs-celebration-in-cervera-with-box-repsol\/\" \/>\n<meta property=\"og:locale\" content=\"en_US\" \/>\n<meta property=\"og:type\" content=\"article\" \/>\n<meta property=\"og:title\" content=\"Experience \u00c1lex and Marc M\u00e1rquez&#039;s celebration in Cervera with Box Repsol\" \/>\n<meta property=\"og:description\" content=\"This Saturday 9 November will be a very special day in Cervera, the hometown of 8-time World Champion Marc M\u00e1rquez.\" \/>\n<meta property=\"og:url\" content=\"https:\/\/www.boxrepsol.com\/en\/motogp-en\/experience-alex-and-marc-marquezs-celebration-in-cervera-with-box-repsol\/\" \/>\n<meta property=\"og:site_name\" content=\"Box Repsol\" \/>\n<meta property=\"article:publisher\" content=\"https:\/\/www.facebook.com\/BoxRepsol\" \/>\n<meta property=\"article:published_time\" content=\"2019-11-07T02:00:00+00:00\" \/>\n<meta property=\"article:modified_time\" content=\"2023-02-27T09:22:52+00:00\" \/>\n<meta property=\"og:image\" content=\"https:\/\/bxrepsol.s3.eu-west-1.amazonaws.com\/static\/2022\/08\/29090729\/1280x600Fiesta.jpg\" \/>\n\t<meta property=\"og:image:width\" content=\"1280\" \/>\n\t<meta property=\"og:image:height\" content=\"600\" \/>\n\t<meta property=\"og:image:type\" content=\"image\/jpeg\" \/>\n<meta name=\"author\" content=\"bx_ayesa\" \/>\n<meta name=\"twitter:card\" content=\"summary_large_image\" \/>\n<meta name=\"twitter:creator\" content=\"@box_repsol\" \/>\n<meta name=\"twitter:site\" content=\"@box_repsol\" \/>\n<meta name=\"twitter:label1\" content=\"Written by\" \/>\n\t<meta name=\"twitter:data1\" content=\"bx_ayesa\" \/>\n\t<meta name=\"twitter:label2\" content=\"Est. reading time\" \/>\n\t<meta name=\"twitter:data2\" content=\"1 minute\" \/>\n<script type=\"application\/ld+json\" class=\"yoast-schema-graph\">{\"@context\":\"https:\\\/\\\/schema.org\",\"@graph\":[{\"@type\":\"Article\",\"@id\":\"https:\\\/\\\/www.boxrepsol.com\\\/en\\\/motogp-en\\\/experience-alex-and-marc-marquezs-celebration-in-cervera-with-box-repsol\\\/#article\",\"isPartOf\":{\"@id\":\"https:\\\/\\\/www.boxrepsol.com\\\/en\\\/motogp-en\\\/experience-alex-and-marc-marquezs-celebration-in-cervera-with-box-repsol\\\/\"},\"author\":{\"name\":\"bx_ayesa\",\"@id\":\"https:\\\/\\\/www.boxrepsol.com\\\/en\\\/#\\\/schema\\\/person\\\/d9d0f442a4332c7d099d31ffda4747a0\"},\"headline\":\"Experience \u00c1lex and Marc M\u00e1rquez&#8217;s celebration in Cervera with Box Repsol\",\"datePublished\":\"2019-11-07T02:00:00+00:00\",\"dateModified\":\"2023-02-27T09:22:52+00:00\",\"mainEntityOfPage\":{\"@id\":\"https:\\\/\\\/www.boxrepsol.com\\\/en\\\/motogp-en\\\/experience-alex-and-marc-marquezs-celebration-in-cervera-with-box-repsol\\\/\"},\"wordCount\":213,\"commentCount\":0,\"publisher\":{\"@id\":\"https:\\\/\\\/www.boxrepsol.com\\\/en\\\/#organization\"},\"image\":{\"@id\":\"https:\\\/\\\/www.boxrepsol.com\\\/en\\\/motogp-en\\\/experience-alex-and-marc-marquezs-celebration-in-cervera-with-box-repsol\\\/#primaryimage\"},\"thumbnailUrl\":\"https:\\\/\\\/bxrepsol.s3.eu-west-1.amazonaws.com\\\/static\\\/2022\\\/08\\\/29090729\\\/1280x600Fiesta.jpg\",\"keywords\":[\"Marc M\u00e1rquez\",\"Marc M\u00e1rquez\"],\"articleSection\":[\"MotoGP\"],\"inLanguage\":\"en-US\",\"potentialAction\":[{\"@type\":\"CommentAction\",\"name\":\"Comment\",\"target\":[\"https:\\\/\\\/www.boxrepsol.com\\\/en\\\/motogp-en\\\/experience-alex-and-marc-marquezs-celebration-in-cervera-with-box-repsol\\\/#respond\"]}]},{\"@type\":\"WebPage\",\"@id\":\"https:\\\/\\\/www.boxrepsol.com\\\/en\\\/motogp-en\\\/experience-alex-and-marc-marquezs-celebration-in-cervera-with-box-repsol\\\/\",\"url\":\"https:\\\/\\\/www.boxrepsol.com\\\/en\\\/motogp-en\\\/experience-alex-and-marc-marquezs-celebration-in-cervera-with-box-repsol\\\/\",\"name\":\"Experience \u00c1lex and Marc M\u00e1rquez's celebration in Cervera with Box Repsol\",\"isPartOf\":{\"@id\":\"https:\\\/\\\/www.boxrepsol.com\\\/en\\\/#website\"},\"primaryImageOfPage\":{\"@id\":\"https:\\\/\\\/www.boxrepsol.com\\\/en\\\/motogp-en\\\/experience-alex-and-marc-marquezs-celebration-in-cervera-with-box-repsol\\\/#primaryimage\"},\"image\":{\"@id\":\"https:\\\/\\\/www.boxrepsol.com\\\/en\\\/motogp-en\\\/experience-alex-and-marc-marquezs-celebration-in-cervera-with-box-repsol\\\/#primaryimage\"},\"thumbnailUrl\":\"https:\\\/\\\/bxrepsol.s3.eu-west-1.amazonaws.com\\\/static\\\/2022\\\/08\\\/29090729\\\/1280x600Fiesta.jpg\",\"datePublished\":\"2019-11-07T02:00:00+00:00\",\"dateModified\":\"2023-02-27T09:22:52+00:00\",\"description\":\"This Saturday 9 November will be a very special day in Cervera, the hometown of 8-time World Champion Marc M\u00e1rquez.\",\"breadcrumb\":{\"@id\":\"https:\\\/\\\/www.boxrepsol.com\\\/en\\\/motogp-en\\\/experience-alex-and-marc-marquezs-celebration-in-cervera-with-box-repsol\\\/#breadcrumb\"},\"inLanguage\":\"en-US\",\"potentialAction\":[{\"@type\":\"ReadAction\",\"target\":[\"https:\\\/\\\/www.boxrepsol.com\\\/en\\\/motogp-en\\\/experience-alex-and-marc-marquezs-celebration-in-cervera-with-box-repsol\\\/\"]}]},{\"@type\":\"ImageObject\",\"inLanguage\":\"en-US\",\"@id\":\"https:\\\/\\\/www.boxrepsol.com\\\/en\\\/motogp-en\\\/experience-alex-and-marc-marquezs-celebration-in-cervera-with-box-repsol\\\/#primaryimage\",\"url\":\"https:\\\/\\\/bxrepsol.s3.eu-west-1.amazonaws.com\\\/static\\\/2022\\\/08\\\/29090729\\\/1280x600Fiesta.jpg\",\"contentUrl\":\"https:\\\/\\\/bxrepsol.s3.eu-west-1.amazonaws.com\\\/static\\\/2022\\\/08\\\/29090729\\\/1280x600Fiesta.jpg\",\"width\":1280,\"height\":600,\"caption\":\"Marc M\u00e1rquez celebrando el t\u00edtulo mundial con lo fans\"},{\"@type\":\"BreadcrumbList\",\"@id\":\"https:\\\/\\\/www.boxrepsol.com\\\/en\\\/motogp-en\\\/experience-alex-and-marc-marquezs-celebration-in-cervera-with-box-repsol\\\/#breadcrumb\",\"itemListElement\":[{\"@type\":\"ListItem\",\"position\":1,\"name\":\"Home\",\"item\":\"https:\\\/\\\/www.boxrepsol.com\\\/en\\\/\"},{\"@type\":\"ListItem\",\"position\":2,\"name\":\"Experience \u00c1lex and Marc M\u00e1rquez&#8217;s celebration in Cervera with Box Repsol\"}]},{\"@type\":\"WebSite\",\"@id\":\"https:\\\/\\\/www.boxrepsol.com\\\/en\\\/#website\",\"url\":\"https:\\\/\\\/www.boxrepsol.com\\\/en\\\/\",\"name\":\"Box Repsol\",\"description\":\"Box Repsol Site\",\"publisher\":{\"@id\":\"https:\\\/\\\/www.boxrepsol.com\\\/en\\\/#organization\"},\"potentialAction\":[{\"@type\":\"SearchAction\",\"target\":{\"@type\":\"EntryPoint\",\"urlTemplate\":\"https:\\\/\\\/www.boxrepsol.com\\\/en\\\/?s={search_term_string}\"},\"query-input\":{\"@type\":\"PropertyValueSpecification\",\"valueRequired\":true,\"valueName\":\"search_term_string\"}}],\"inLanguage\":\"en-US\"},{\"@type\":\"Organization\",\"@id\":\"https:\\\/\\\/www.boxrepsol.com\\\/en\\\/#organization\",\"name\":\"Box Repsol\",\"url\":\"https:\\\/\\\/www.boxrepsol.com\\\/en\\\/\",\"logo\":{\"@type\":\"ImageObject\",\"inLanguage\":\"en-US\",\"@id\":\"https:\\\/\\\/www.boxrepsol.com\\\/en\\\/#\\\/schema\\\/logo\\\/image\\\/\",\"url\":\"https:\\\/\\\/bxrepsol.s3.eu-west-1.amazonaws.com\\\/static\\\/2025\\\/07\\\/30083337\\\/favicon-96x96-1.png\",\"contentUrl\":\"https:\\\/\\\/bxrepsol.s3.eu-west-1.amazonaws.com\\\/static\\\/2025\\\/07\\\/30083337\\\/favicon-96x96-1.png\",\"width\":96,\"height\":96,\"caption\":\"Box Repsol\"},\"image\":{\"@id\":\"https:\\\/\\\/www.boxrepsol.com\\\/en\\\/#\\\/schema\\\/logo\\\/image\\\/\"},\"sameAs\":[\"https:\\\/\\\/www.facebook.com\\\/BoxRepsol\",\"https:\\\/\\\/x.com\\\/box_repsol\",\"http:\\\/\\\/instagram.com\\\/box_repsol\",\"https:\\\/\\\/www.youtube.com\\\/user\\\/RepsolCompeticion\",\"https:\\\/\\\/www.flickr.com\\\/photos\\\/box_repsol\\\/\"]},{\"@type\":\"Person\",\"@id\":\"https:\\\/\\\/www.boxrepsol.com\\\/en\\\/#\\\/schema\\\/person\\\/d9d0f442a4332c7d099d31ffda4747a0\",\"name\":\"bx_ayesa\",\"image\":{\"@type\":\"ImageObject\",\"inLanguage\":\"en-US\",\"@id\":\"https:\\\/\\\/secure.gravatar.com\\\/avatar\\\/059e1b9d3585083708845ba70e8dd968f143ff35f5e0e10cf2d1e7afe2c6a878?s=96&d=mm&r=g\",\"url\":\"https:\\\/\\\/secure.gravatar.com\\\/avatar\\\/059e1b9d3585083708845ba70e8dd968f143ff35f5e0e10cf2d1e7afe2c6a878?s=96&d=mm&r=g\",\"contentUrl\":\"https:\\\/\\\/secure.gravatar.com\\\/avatar\\\/059e1b9d3585083708845ba70e8dd968f143ff35f5e0e10cf2d1e7afe2c6a878?s=96&d=mm&r=g\",\"caption\":\"bx_ayesa\"},\"sameAs\":[\"http:\\\/\\\/54.155.157.200\"],\"url\":\"https:\\\/\\\/www.boxrepsol.com\\\/en\\\/author\\\/bx_ayesa\\\/\"}]}<\/script>\n<!-- \/ Yoast SEO plugin. -->","yoast_head_json":{"title":"Experience \u00c1lex and Marc M\u00e1rquez's celebration in Cervera with Box Repsol","description":"This Saturday 9 November will be a very special day in Cervera, the hometown of 8-time World Champion Marc M\u00e1rquez.","canonical":"https:\/\/www.boxrepsol.com\/en\/motogp-en\/experience-alex-and-marc-marquezs-celebration-in-cervera-with-box-repsol\/","og_locale":"en_US","og_type":"article","og_title":"Experience \u00c1lex and Marc M\u00e1rquez's celebration in Cervera with Box Repsol","og_description":"This Saturday 9 November will be a very special day in Cervera, the hometown of 8-time World Champion Marc M\u00e1rquez.","og_url":"https:\/\/www.boxrepsol.com\/en\/motogp-en\/experience-alex-and-marc-marquezs-celebration-in-cervera-with-box-repsol\/","og_site_name":"Box Repsol","article_publisher":"https:\/\/www.facebook.com\/BoxRepsol","article_published_time":"2019-11-07T02:00:00+00:00","article_modified_time":"2023-02-27T09:22:52+00:00","og_image":[{"width":1280,"height":600,"url":"https:\/\/bxrepsol.s3.eu-west-1.amazonaws.com\/static\/2022\/08\/29090729\/1280x600Fiesta.jpg","type":"image\/jpeg"}],"author":"bx_ayesa","twitter_card":"summary_large_image","twitter_creator":"@box_repsol","twitter_site":"@box_repsol","twitter_misc":{"Written by":"bx_ayesa","Est. reading time":"1 minute"},"schema":{"@context":"https:\/\/schema.org","@graph":[{"@type":"Article","@id":"https:\/\/www.boxrepsol.com\/en\/motogp-en\/experience-alex-and-marc-marquezs-celebration-in-cervera-with-box-repsol\/#article","isPartOf":{"@id":"https:\/\/www.boxrepsol.com\/en\/motogp-en\/experience-alex-and-marc-marquezs-celebration-in-cervera-with-box-repsol\/"},"author":{"name":"bx_ayesa","@id":"https:\/\/www.boxrepsol.com\/en\/#\/schema\/person\/d9d0f442a4332c7d099d31ffda4747a0"},"headline":"Experience \u00c1lex and Marc M\u00e1rquez&#8217;s celebration in Cervera with Box Repsol","datePublished":"2019-11-07T02:00:00+00:00","dateModified":"2023-02-27T09:22:52+00:00","mainEntityOfPage":{"@id":"https:\/\/www.boxrepsol.com\/en\/motogp-en\/experience-alex-and-marc-marquezs-celebration-in-cervera-with-box-repsol\/"},"wordCount":213,"commentCount":0,"publisher":{"@id":"https:\/\/www.boxrepsol.com\/en\/#organization"},"image":{"@id":"https:\/\/www.boxrepsol.com\/en\/motogp-en\/experience-alex-and-marc-marquezs-celebration-in-cervera-with-box-repsol\/#primaryimage"},"thumbnailUrl":"https:\/\/bxrepsol.s3.eu-west-1.amazonaws.com\/static\/2022\/08\/29090729\/1280x600Fiesta.jpg","keywords":["Marc M\u00e1rquez","Marc M\u00e1rquez"],"articleSection":["MotoGP"],"inLanguage":"en-US","potentialAction":[{"@type":"CommentAction","name":"Comment","target":["https:\/\/www.boxrepsol.com\/en\/motogp-en\/experience-alex-and-marc-marquezs-celebration-in-cervera-with-box-repsol\/#respond"]}]},{"@type":"WebPage","@id":"https:\/\/www.boxrepsol.com\/en\/motogp-en\/experience-alex-and-marc-marquezs-celebration-in-cervera-with-box-repsol\/","url":"https:\/\/www.boxrepsol.com\/en\/motogp-en\/experience-alex-and-marc-marquezs-celebration-in-cervera-with-box-repsol\/","name":"Experience \u00c1lex and Marc M\u00e1rquez's celebration in Cervera with Box Repsol","isPartOf":{"@id":"https:\/\/www.boxrepsol.com\/en\/#website"},"primaryImageOfPage":{"@id":"https:\/\/www.boxrepsol.com\/en\/motogp-en\/experience-alex-and-marc-marquezs-celebration-in-cervera-with-box-repsol\/#primaryimage"},"image":{"@id":"https:\/\/www.boxrepsol.com\/en\/motogp-en\/experience-alex-and-marc-marquezs-celebration-in-cervera-with-box-repsol\/#primaryimage"},"thumbnailUrl":"https:\/\/bxrepsol.s3.eu-west-1.amazonaws.com\/static\/2022\/08\/29090729\/1280x600Fiesta.jpg","datePublished":"2019-11-07T02:00:00+00:00","dateModified":"2023-02-27T09:22:52+00:00","description":"This Saturday 9 November will be a very special day in Cervera, the hometown of 8-time World Champion Marc M\u00e1rquez.","breadcrumb":{"@id":"https:\/\/www.boxrepsol.com\/en\/motogp-en\/experience-alex-and-marc-marquezs-celebration-in-cervera-with-box-repsol\/#breadcrumb"},"inLanguage":"en-US","potentialAction":[{"@type":"ReadAction","target":["https:\/\/www.boxrepsol.com\/en\/motogp-en\/experience-alex-and-marc-marquezs-celebration-in-cervera-with-box-repsol\/"]}]},{"@type":"ImageObject","inLanguage":"en-US","@id":"https:\/\/www.boxrepsol.com\/en\/motogp-en\/experience-alex-and-marc-marquezs-celebration-in-cervera-with-box-repsol\/#primaryimage","url":"https:\/\/bxrepsol.s3.eu-west-1.amazonaws.com\/static\/2022\/08\/29090729\/1280x600Fiesta.jpg","contentUrl":"https:\/\/bxrepsol.s3.eu-west-1.amazonaws.com\/static\/2022\/08\/29090729\/1280x600Fiesta.jpg","width":1280,"height":600,"caption":"Marc M\u00e1rquez celebrando el t\u00edtulo mundial con lo fans"},{"@type":"BreadcrumbList","@id":"https:\/\/www.boxrepsol.com\/en\/motogp-en\/experience-alex-and-marc-marquezs-celebration-in-cervera-with-box-repsol\/#breadcrumb","itemListElement":[{"@type":"ListItem","position":1,"name":"Home","item":"https:\/\/www.boxrepsol.com\/en\/"},{"@type":"ListItem","position":2,"name":"Experience \u00c1lex and Marc M\u00e1rquez&#8217;s celebration in Cervera with Box Repsol"}]},{"@type":"WebSite","@id":"https:\/\/www.boxrepsol.com\/en\/#website","url":"https:\/\/www.boxrepsol.com\/en\/","name":"Box Repsol","description":"Box Repsol Site","publisher":{"@id":"https:\/\/www.boxrepsol.com\/en\/#organization"},"potentialAction":[{"@type":"SearchAction","target":{"@type":"EntryPoint","urlTemplate":"https:\/\/www.boxrepsol.com\/en\/?s={search_term_string}"},"query-input":{"@type":"PropertyValueSpecification","valueRequired":true,"valueName":"search_term_string"}}],"inLanguage":"en-US"},{"@type":"Organization","@id":"https:\/\/www.boxrepsol.com\/en\/#organization","name":"Box Repsol","url":"https:\/\/www.boxrepsol.com\/en\/","logo":{"@type":"ImageObject","inLanguage":"en-US","@id":"https:\/\/www.boxrepsol.com\/en\/#\/schema\/logo\/image\/","url":"https:\/\/bxrepsol.s3.eu-west-1.amazonaws.com\/static\/2025\/07\/30083337\/favicon-96x96-1.png","contentUrl":"https:\/\/bxrepsol.s3.eu-west-1.amazonaws.com\/static\/2025\/07\/30083337\/favicon-96x96-1.png","width":96,"height":96,"caption":"Box Repsol"},"image":{"@id":"https:\/\/www.boxrepsol.com\/en\/#\/schema\/logo\/image\/"},"sameAs":["https:\/\/www.facebook.com\/BoxRepsol","https:\/\/x.com\/box_repsol","http:\/\/instagram.com\/box_repsol","https:\/\/www.youtube.com\/user\/RepsolCompeticion","https:\/\/www.flickr.com\/photos\/box_repsol\/"]},{"@type":"Person","@id":"https:\/\/www.boxrepsol.com\/en\/#\/schema\/person\/d9d0f442a4332c7d099d31ffda4747a0","name":"bx_ayesa","image":{"@type":"ImageObject","inLanguage":"en-US","@id":"https:\/\/secure.gravatar.com\/avatar\/059e1b9d3585083708845ba70e8dd968f143ff35f5e0e10cf2d1e7afe2c6a878?s=96&d=mm&r=g","url":"https:\/\/secure.gravatar.com\/avatar\/059e1b9d3585083708845ba70e8dd968f143ff35f5e0e10cf2d1e7afe2c6a878?s=96&d=mm&r=g","contentUrl":"https:\/\/secure.gravatar.com\/avatar\/059e1b9d3585083708845ba70e8dd968f143ff35f5e0e10cf2d1e7afe2c6a878?s=96&d=mm&r=g","caption":"bx_ayesa"},"sameAs":["http:\/\/54.155.157.200"],"url":"https:\/\/www.boxrepsol.com\/en\/author\/bx_ayesa\/"}]}},"_links":{"self":[{"href":"https:\/\/www.boxrepsol.com\/en\/wp-json\/wp\/v2\/posts\/97729","targetHints":{"allow":["GET"]}}],"collection":[{"href":"https:\/\/www.boxrepsol.com\/en\/wp-json\/wp\/v2\/posts"}],"about":[{"href":"https:\/\/www.boxrepsol.com\/en\/wp-json\/wp\/v2\/types\/post"}],"author":[{"embeddable":true,"href":"https:\/\/www.boxrepsol.com\/en\/wp-json\/wp\/v2\/users\/1"}],"replies":[{"embeddable":true,"href":"https:\/\/www.boxrepsol.com\/en\/wp-json\/wp\/v2\/comments?post=97729"}],"version-history":[{"count":1,"href":"https:\/\/www.boxrepsol.com\/en\/wp-json\/wp\/v2\/posts\/97729\/revisions"}],"predecessor-version":[{"id":97730,"href":"https:\/\/www.boxrepsol.com\/en\/wp-json\/wp\/v2\/posts\/97729\/revisions\/97730"}],"wp:featuredmedia":[{"embeddable":true,"href":"https:\/\/www.boxrepsol.com\/en\/wp-json\/wp\/v2\/media\/63090"}],"wp:attachment":[{"href":"https:\/\/www.boxrepsol.com\/en\/wp-json\/wp\/v2\/media?parent=97729"}],"wp:term":[{"taxonomy":"category","embeddable":true,"href":"https:\/\/www.boxrepsol.com\/en\/wp-json\/wp\/v2\/categories?post=97729"},{"taxonomy":"post_tag","embeddable":true,"href":"https:\/\/www.boxrepsol.com\/en\/wp-json\/wp\/v2\/tags?post=97729"}],"curies":[{"name":"wp","href":"https:\/\/api.w.org\/{rel}","templated":true}]}}