{"id":97617,"date":"2019-09-22T00:00:00","date_gmt":"2019-09-22T02:00:00","guid":{"rendered":"http:\/\/pre.boxrepsol.com\/uncategorized\/lopez-finishes-fifth-and-garcia-seventh-aragon-gp\/"},"modified":"2023-02-27T07:21:04","modified_gmt":"2023-02-27T09:21:04","slug":"lopez-finishes-fifth-and-garcia-seventh-aragon-gp","status":"publish","type":"post","link":"https:\/\/www.boxrepsol.com\/en\/motogp-en\/lopez-finishes-fifth-and-garcia-seventh-aragon-gp\/","title":{"rendered":"L\u00f3pez finishes fifth and Garc\u00eda seventh in Arag\u00f3n GP"},"content":{"rendered":"<p><strong>Alonso L\u00f3pez<\/strong> made a good start to the Arag\u00f3n GP, moving into third off the line and completing the opening lap in second position.<\/p>\n<p>Teammate <strong>Sergio Garc\u00eda<\/strong> started 29th and gained six places on the first lap. He gradually climbed the order until he reached the front group during the second half of the race, crossing seventh the finish line.<\/p>\n<p>On the final laps, L\u00f3pez fought for second place with Foggia and Ogura, while his teammate Garc\u00eda did likewise for sixth with McPhee and Suzuki.<\/p>\n<p>                <!-- Imagen relacionada --><br \/>\n        <img loading=\"lazy\" decoding=\"async\" width=\"404\" height=\"336\" src=\"https:\/\/bxrepsol.s3.eu-west-1.amazonaws.com\/static\/2022\/08\/29090127\/Pilotos-de-Moto3-en-Aragon-2019.jpg\" alt=\"\" \/><br \/>\n                <!-- Categor\u00eda --><br \/>\n            MotoGP<br \/>\n        <!-- T\u00edtulo --><br \/>\n        <a href=\"https:\/\/www.boxrepsol.com\/en\/motogp-en\/lopez-finishes-fifth-and-garcia-seventh-aragon-gp\/\"><\/p>\n<h3>L\u00f3pez finishes fifth and Garc\u00eda seventh in Arag\u00f3n GP<\/h3>\n<p>        <\/a><br \/>\n                    <!-- Fecha --><br \/>\n            7 hours ago        <\/p>\n<h2>Arag\u00f3n GP 2019 &#8211; Moto3 Race &#8211; Riders statements<\/h2>\n<p><strong>Alonso L\u00f3pez<\/strong><\/p>\n<p><em><strong>I\u2019m very happy with the weekend<\/strong>, because both in wet and dry conditions we were very fast, and that is very positive. Riding alone in practice also helped me a lot to prepare for the race. Off the start I was always in the top three or four, and was quite comfortable in the group. On the last lap I tried to overtake Foggia and Ogura, but they shut me in a little and in the end I couldn\u2019t pass them. What I will take away is the good feeling I had, and I am sure that if we continue like this, we can do a great job at the coming races. I want to thank the team and everybody who came out to support me.<\/em><\/p>\n<hr\/>\n<p><strong>Sergio Garc\u00eda<\/strong><\/p>\n<p><em><strong>I\u2019m very happy, because it was a difficult weekend that we overcame.<\/strong> We found things very hard at Misano and were somewhat lost with the setup of our bike. However, this weekend we worked harder than ever and in the end we succeeded. We still have a little way to go to take another step forward, but in this race I started from 29th and I finished 7th, riding in the front group. I\u2019m more than satisfied. I have to try to ensure that when I get to the first group I move a little further ahead, but we will attempt that during the flyaways. I really enjoyed this race.<\/em><\/p>\n","protected":false},"excerpt":{"rendered":"<p>The two Repsol riders get good results at MotorLand. L\u00f3pez, fifth, places less than 2 tenths off the podium and Garc\u00eda, in seventh, claims his best finish of the season.<\/p>\n","protected":false},"author":1,"featured_media":62538,"comment_status":"open","ping_status":"open","sticky":false,"template":"","format":"standard","meta":{"footnotes":""},"categories":[146],"tags":[141],"class_list":["post-97617","post","type-post","status-publish","format-standard","hentry","category-motogp-en","tag-motogp-aragon"],"yoast_head":"<!-- This site is optimized with the Yoast SEO plugin v27.3 - https:\/\/yoast.com\/product\/yoast-seo-wordpress\/ -->\n<title>Arag\u00f3n GP 2019 - Moto3 Race - L\u00f3pez finishes fifth and Garc\u00eda seventh in Arag\u00f3n GP<\/title>\n<meta name=\"description\" content=\"L\u00f3pez, fifth, places less than 2 tenths off the podium and Garc\u00eda, in seventh, claims his best finish of the season.\" \/>\n<link rel=\"canonical\" href=\"https:\/\/www.boxrepsol.com\/en\/motogp-en\/lopez-finishes-fifth-and-garcia-seventh-aragon-gp\/\" \/>\n<meta property=\"og:locale\" content=\"en_US\" \/>\n<meta property=\"og:type\" content=\"article\" \/>\n<meta property=\"og:title\" content=\"Arag\u00f3n GP 2019 - Moto3 Race - L\u00f3pez finishes fifth and Garc\u00eda seventh in Arag\u00f3n GP\" \/>\n<meta property=\"og:description\" content=\"L\u00f3pez, fifth, places less than 2 tenths off the podium and Garc\u00eda, in seventh, claims his best finish of the season.\" \/>\n<meta property=\"og:url\" content=\"https:\/\/www.boxrepsol.com\/en\/motogp-en\/lopez-finishes-fifth-and-garcia-seventh-aragon-gp\/\" \/>\n<meta property=\"og:site_name\" content=\"Box Repsol\" \/>\n<meta property=\"article:publisher\" content=\"https:\/\/www.facebook.com\/BoxRepsol\" \/>\n<meta property=\"article:published_time\" content=\"2019-09-22T02:00:00+00:00\" \/>\n<meta property=\"article:modified_time\" content=\"2023-02-27T09:21:04+00:00\" \/>\n<meta property=\"og:image\" content=\"https:\/\/bxrepsol.s3.eu-west-1.amazonaws.com\/static\/2022\/08\/29090127\/Pilotos-de-Moto3-en-Aragon-2019.jpg\" \/>\n\t<meta property=\"og:image:width\" content=\"1280\" \/>\n\t<meta property=\"og:image:height\" content=\"600\" \/>\n\t<meta property=\"og:image:type\" content=\"image\/jpeg\" \/>\n<meta name=\"author\" content=\"bx_ayesa\" \/>\n<meta name=\"twitter:card\" content=\"summary_large_image\" \/>\n<meta name=\"twitter:creator\" content=\"@box_repsol\" \/>\n<meta name=\"twitter:site\" content=\"@box_repsol\" \/>\n<meta name=\"twitter:label1\" content=\"Written by\" \/>\n\t<meta name=\"twitter:data1\" content=\"bx_ayesa\" \/>\n\t<meta name=\"twitter:label2\" content=\"Est. reading time\" \/>\n\t<meta name=\"twitter:data2\" content=\"2 minutes\" \/>\n<script type=\"application\/ld+json\" class=\"yoast-schema-graph\">{\"@context\":\"https:\\\/\\\/schema.org\",\"@graph\":[{\"@type\":\"Article\",\"@id\":\"https:\\\/\\\/www.boxrepsol.com\\\/en\\\/motogp-en\\\/lopez-finishes-fifth-and-garcia-seventh-aragon-gp\\\/#article\",\"isPartOf\":{\"@id\":\"https:\\\/\\\/www.boxrepsol.com\\\/en\\\/motogp-en\\\/lopez-finishes-fifth-and-garcia-seventh-aragon-gp\\\/\"},\"author\":{\"name\":\"bx_ayesa\",\"@id\":\"https:\\\/\\\/www.boxrepsol.com\\\/en\\\/#\\\/schema\\\/person\\\/d9d0f442a4332c7d099d31ffda4747a0\"},\"headline\":\"L\u00f3pez finishes fifth and Garc\u00eda seventh in Arag\u00f3n GP\",\"datePublished\":\"2019-09-22T02:00:00+00:00\",\"dateModified\":\"2023-02-27T09:21:04+00:00\",\"mainEntityOfPage\":{\"@id\":\"https:\\\/\\\/www.boxrepsol.com\\\/en\\\/motogp-en\\\/lopez-finishes-fifth-and-garcia-seventh-aragon-gp\\\/\"},\"wordCount\":372,\"commentCount\":0,\"publisher\":{\"@id\":\"https:\\\/\\\/www.boxrepsol.com\\\/en\\\/#organization\"},\"image\":{\"@id\":\"https:\\\/\\\/www.boxrepsol.com\\\/en\\\/motogp-en\\\/lopez-finishes-fifth-and-garcia-seventh-aragon-gp\\\/#primaryimage\"},\"thumbnailUrl\":\"https:\\\/\\\/bxrepsol.s3.eu-west-1.amazonaws.com\\\/static\\\/2022\\\/08\\\/29090127\\\/Pilotos-de-Moto3-en-Aragon-2019.jpg\",\"keywords\":[\"MotoGP Arag\u00f3n\"],\"articleSection\":[\"MotoGP\"],\"inLanguage\":\"en-US\",\"potentialAction\":[{\"@type\":\"CommentAction\",\"name\":\"Comment\",\"target\":[\"https:\\\/\\\/www.boxrepsol.com\\\/en\\\/motogp-en\\\/lopez-finishes-fifth-and-garcia-seventh-aragon-gp\\\/#respond\"]}]},{\"@type\":\"WebPage\",\"@id\":\"https:\\\/\\\/www.boxrepsol.com\\\/en\\\/motogp-en\\\/lopez-finishes-fifth-and-garcia-seventh-aragon-gp\\\/\",\"url\":\"https:\\\/\\\/www.boxrepsol.com\\\/en\\\/motogp-en\\\/lopez-finishes-fifth-and-garcia-seventh-aragon-gp\\\/\",\"name\":\"Arag\u00f3n GP 2019 - Moto3 Race - L\u00f3pez finishes fifth and Garc\u00eda seventh in Arag\u00f3n GP\",\"isPartOf\":{\"@id\":\"https:\\\/\\\/www.boxrepsol.com\\\/en\\\/#website\"},\"primaryImageOfPage\":{\"@id\":\"https:\\\/\\\/www.boxrepsol.com\\\/en\\\/motogp-en\\\/lopez-finishes-fifth-and-garcia-seventh-aragon-gp\\\/#primaryimage\"},\"image\":{\"@id\":\"https:\\\/\\\/www.boxrepsol.com\\\/en\\\/motogp-en\\\/lopez-finishes-fifth-and-garcia-seventh-aragon-gp\\\/#primaryimage\"},\"thumbnailUrl\":\"https:\\\/\\\/bxrepsol.s3.eu-west-1.amazonaws.com\\\/static\\\/2022\\\/08\\\/29090127\\\/Pilotos-de-Moto3-en-Aragon-2019.jpg\",\"datePublished\":\"2019-09-22T02:00:00+00:00\",\"dateModified\":\"2023-02-27T09:21:04+00:00\",\"description\":\"L\u00f3pez, fifth, places less than 2 tenths off the podium and Garc\u00eda, in seventh, claims his best finish of the season.\",\"breadcrumb\":{\"@id\":\"https:\\\/\\\/www.boxrepsol.com\\\/en\\\/motogp-en\\\/lopez-finishes-fifth-and-garcia-seventh-aragon-gp\\\/#breadcrumb\"},\"inLanguage\":\"en-US\",\"potentialAction\":[{\"@type\":\"ReadAction\",\"target\":[\"https:\\\/\\\/www.boxrepsol.com\\\/en\\\/motogp-en\\\/lopez-finishes-fifth-and-garcia-seventh-aragon-gp\\\/\"]}]},{\"@type\":\"ImageObject\",\"inLanguage\":\"en-US\",\"@id\":\"https:\\\/\\\/www.boxrepsol.com\\\/en\\\/motogp-en\\\/lopez-finishes-fifth-and-garcia-seventh-aragon-gp\\\/#primaryimage\",\"url\":\"https:\\\/\\\/bxrepsol.s3.eu-west-1.amazonaws.com\\\/static\\\/2022\\\/08\\\/29090127\\\/Pilotos-de-Moto3-en-Aragon-2019.jpg\",\"contentUrl\":\"https:\\\/\\\/bxrepsol.s3.eu-west-1.amazonaws.com\\\/static\\\/2022\\\/08\\\/29090127\\\/Pilotos-de-Moto3-en-Aragon-2019.jpg\",\"width\":1280,\"height\":600,\"caption\":\"14 Aragon GP 19, 20, 21 y 22 de septiembre de 2019, circuito de Motorland, Alca\u00f1iz, Arag\u00f3n, Espa\u00f1a\"},{\"@type\":\"BreadcrumbList\",\"@id\":\"https:\\\/\\\/www.boxrepsol.com\\\/en\\\/motogp-en\\\/lopez-finishes-fifth-and-garcia-seventh-aragon-gp\\\/#breadcrumb\",\"itemListElement\":[{\"@type\":\"ListItem\",\"position\":1,\"name\":\"Home\",\"item\":\"https:\\\/\\\/www.boxrepsol.com\\\/en\\\/\"},{\"@type\":\"ListItem\",\"position\":2,\"name\":\"L\u00f3pez finishes fifth and Garc\u00eda seventh in Arag\u00f3n GP\"}]},{\"@type\":\"WebSite\",\"@id\":\"https:\\\/\\\/www.boxrepsol.com\\\/en\\\/#website\",\"url\":\"https:\\\/\\\/www.boxrepsol.com\\\/en\\\/\",\"name\":\"Box Repsol\",\"description\":\"Box Repsol Site\",\"publisher\":{\"@id\":\"https:\\\/\\\/www.boxrepsol.com\\\/en\\\/#organization\"},\"potentialAction\":[{\"@type\":\"SearchAction\",\"target\":{\"@type\":\"EntryPoint\",\"urlTemplate\":\"https:\\\/\\\/www.boxrepsol.com\\\/en\\\/?s={search_term_string}\"},\"query-input\":{\"@type\":\"PropertyValueSpecification\",\"valueRequired\":true,\"valueName\":\"search_term_string\"}}],\"inLanguage\":\"en-US\"},{\"@type\":\"Organization\",\"@id\":\"https:\\\/\\\/www.boxrepsol.com\\\/en\\\/#organization\",\"name\":\"Box Repsol\",\"url\":\"https:\\\/\\\/www.boxrepsol.com\\\/en\\\/\",\"logo\":{\"@type\":\"ImageObject\",\"inLanguage\":\"en-US\",\"@id\":\"https:\\\/\\\/www.boxrepsol.com\\\/en\\\/#\\\/schema\\\/logo\\\/image\\\/\",\"url\":\"https:\\\/\\\/bxrepsol.s3.eu-west-1.amazonaws.com\\\/static\\\/2025\\\/07\\\/30083337\\\/favicon-96x96-1.png\",\"contentUrl\":\"https:\\\/\\\/bxrepsol.s3.eu-west-1.amazonaws.com\\\/static\\\/2025\\\/07\\\/30083337\\\/favicon-96x96-1.png\",\"width\":96,\"height\":96,\"caption\":\"Box Repsol\"},\"image\":{\"@id\":\"https:\\\/\\\/www.boxrepsol.com\\\/en\\\/#\\\/schema\\\/logo\\\/image\\\/\"},\"sameAs\":[\"https:\\\/\\\/www.facebook.com\\\/BoxRepsol\",\"https:\\\/\\\/x.com\\\/box_repsol\",\"http:\\\/\\\/instagram.com\\\/box_repsol\",\"https:\\\/\\\/www.youtube.com\\\/user\\\/RepsolCompeticion\",\"https:\\\/\\\/www.flickr.com\\\/photos\\\/box_repsol\\\/\"]},{\"@type\":\"Person\",\"@id\":\"https:\\\/\\\/www.boxrepsol.com\\\/en\\\/#\\\/schema\\\/person\\\/d9d0f442a4332c7d099d31ffda4747a0\",\"name\":\"bx_ayesa\",\"image\":{\"@type\":\"ImageObject\",\"inLanguage\":\"en-US\",\"@id\":\"https:\\\/\\\/secure.gravatar.com\\\/avatar\\\/059e1b9d3585083708845ba70e8dd968f143ff35f5e0e10cf2d1e7afe2c6a878?s=96&d=mm&r=g\",\"url\":\"https:\\\/\\\/secure.gravatar.com\\\/avatar\\\/059e1b9d3585083708845ba70e8dd968f143ff35f5e0e10cf2d1e7afe2c6a878?s=96&d=mm&r=g\",\"contentUrl\":\"https:\\\/\\\/secure.gravatar.com\\\/avatar\\\/059e1b9d3585083708845ba70e8dd968f143ff35f5e0e10cf2d1e7afe2c6a878?s=96&d=mm&r=g\",\"caption\":\"bx_ayesa\"},\"sameAs\":[\"http:\\\/\\\/54.155.157.200\"],\"url\":\"https:\\\/\\\/www.boxrepsol.com\\\/en\\\/author\\\/bx_ayesa\\\/\"}]}<\/script>\n<!-- \/ Yoast SEO plugin. -->","yoast_head_json":{"title":"Arag\u00f3n GP 2019 - Moto3 Race - L\u00f3pez finishes fifth and Garc\u00eda seventh in Arag\u00f3n GP","description":"L\u00f3pez, fifth, places less than 2 tenths off the podium and Garc\u00eda, in seventh, claims his best finish of the season.","canonical":"https:\/\/www.boxrepsol.com\/en\/motogp-en\/lopez-finishes-fifth-and-garcia-seventh-aragon-gp\/","og_locale":"en_US","og_type":"article","og_title":"Arag\u00f3n GP 2019 - Moto3 Race - L\u00f3pez finishes fifth and Garc\u00eda seventh in Arag\u00f3n GP","og_description":"L\u00f3pez, fifth, places less than 2 tenths off the podium and Garc\u00eda, in seventh, claims his best finish of the season.","og_url":"https:\/\/www.boxrepsol.com\/en\/motogp-en\/lopez-finishes-fifth-and-garcia-seventh-aragon-gp\/","og_site_name":"Box Repsol","article_publisher":"https:\/\/www.facebook.com\/BoxRepsol","article_published_time":"2019-09-22T02:00:00+00:00","article_modified_time":"2023-02-27T09:21:04+00:00","og_image":[{"width":1280,"height":600,"url":"https:\/\/bxrepsol.s3.eu-west-1.amazonaws.com\/static\/2022\/08\/29090127\/Pilotos-de-Moto3-en-Aragon-2019.jpg","type":"image\/jpeg"}],"author":"bx_ayesa","twitter_card":"summary_large_image","twitter_creator":"@box_repsol","twitter_site":"@box_repsol","twitter_misc":{"Written by":"bx_ayesa","Est. reading time":"2 minutes"},"schema":{"@context":"https:\/\/schema.org","@graph":[{"@type":"Article","@id":"https:\/\/www.boxrepsol.com\/en\/motogp-en\/lopez-finishes-fifth-and-garcia-seventh-aragon-gp\/#article","isPartOf":{"@id":"https:\/\/www.boxrepsol.com\/en\/motogp-en\/lopez-finishes-fifth-and-garcia-seventh-aragon-gp\/"},"author":{"name":"bx_ayesa","@id":"https:\/\/www.boxrepsol.com\/en\/#\/schema\/person\/d9d0f442a4332c7d099d31ffda4747a0"},"headline":"L\u00f3pez finishes fifth and Garc\u00eda seventh in Arag\u00f3n GP","datePublished":"2019-09-22T02:00:00+00:00","dateModified":"2023-02-27T09:21:04+00:00","mainEntityOfPage":{"@id":"https:\/\/www.boxrepsol.com\/en\/motogp-en\/lopez-finishes-fifth-and-garcia-seventh-aragon-gp\/"},"wordCount":372,"commentCount":0,"publisher":{"@id":"https:\/\/www.boxrepsol.com\/en\/#organization"},"image":{"@id":"https:\/\/www.boxrepsol.com\/en\/motogp-en\/lopez-finishes-fifth-and-garcia-seventh-aragon-gp\/#primaryimage"},"thumbnailUrl":"https:\/\/bxrepsol.s3.eu-west-1.amazonaws.com\/static\/2022\/08\/29090127\/Pilotos-de-Moto3-en-Aragon-2019.jpg","keywords":["MotoGP Arag\u00f3n"],"articleSection":["MotoGP"],"inLanguage":"en-US","potentialAction":[{"@type":"CommentAction","name":"Comment","target":["https:\/\/www.boxrepsol.com\/en\/motogp-en\/lopez-finishes-fifth-and-garcia-seventh-aragon-gp\/#respond"]}]},{"@type":"WebPage","@id":"https:\/\/www.boxrepsol.com\/en\/motogp-en\/lopez-finishes-fifth-and-garcia-seventh-aragon-gp\/","url":"https:\/\/www.boxrepsol.com\/en\/motogp-en\/lopez-finishes-fifth-and-garcia-seventh-aragon-gp\/","name":"Arag\u00f3n GP 2019 - Moto3 Race - L\u00f3pez finishes fifth and Garc\u00eda seventh in Arag\u00f3n GP","isPartOf":{"@id":"https:\/\/www.boxrepsol.com\/en\/#website"},"primaryImageOfPage":{"@id":"https:\/\/www.boxrepsol.com\/en\/motogp-en\/lopez-finishes-fifth-and-garcia-seventh-aragon-gp\/#primaryimage"},"image":{"@id":"https:\/\/www.boxrepsol.com\/en\/motogp-en\/lopez-finishes-fifth-and-garcia-seventh-aragon-gp\/#primaryimage"},"thumbnailUrl":"https:\/\/bxrepsol.s3.eu-west-1.amazonaws.com\/static\/2022\/08\/29090127\/Pilotos-de-Moto3-en-Aragon-2019.jpg","datePublished":"2019-09-22T02:00:00+00:00","dateModified":"2023-02-27T09:21:04+00:00","description":"L\u00f3pez, fifth, places less than 2 tenths off the podium and Garc\u00eda, in seventh, claims his best finish of the season.","breadcrumb":{"@id":"https:\/\/www.boxrepsol.com\/en\/motogp-en\/lopez-finishes-fifth-and-garcia-seventh-aragon-gp\/#breadcrumb"},"inLanguage":"en-US","potentialAction":[{"@type":"ReadAction","target":["https:\/\/www.boxrepsol.com\/en\/motogp-en\/lopez-finishes-fifth-and-garcia-seventh-aragon-gp\/"]}]},{"@type":"ImageObject","inLanguage":"en-US","@id":"https:\/\/www.boxrepsol.com\/en\/motogp-en\/lopez-finishes-fifth-and-garcia-seventh-aragon-gp\/#primaryimage","url":"https:\/\/bxrepsol.s3.eu-west-1.amazonaws.com\/static\/2022\/08\/29090127\/Pilotos-de-Moto3-en-Aragon-2019.jpg","contentUrl":"https:\/\/bxrepsol.s3.eu-west-1.amazonaws.com\/static\/2022\/08\/29090127\/Pilotos-de-Moto3-en-Aragon-2019.jpg","width":1280,"height":600,"caption":"14 Aragon GP 19, 20, 21 y 22 de septiembre de 2019, circuito de Motorland, Alca\u00f1iz, Arag\u00f3n, Espa\u00f1a"},{"@type":"BreadcrumbList","@id":"https:\/\/www.boxrepsol.com\/en\/motogp-en\/lopez-finishes-fifth-and-garcia-seventh-aragon-gp\/#breadcrumb","itemListElement":[{"@type":"ListItem","position":1,"name":"Home","item":"https:\/\/www.boxrepsol.com\/en\/"},{"@type":"ListItem","position":2,"name":"L\u00f3pez finishes fifth and Garc\u00eda seventh in Arag\u00f3n GP"}]},{"@type":"WebSite","@id":"https:\/\/www.boxrepsol.com\/en\/#website","url":"https:\/\/www.boxrepsol.com\/en\/","name":"Box Repsol","description":"Box Repsol Site","publisher":{"@id":"https:\/\/www.boxrepsol.com\/en\/#organization"},"potentialAction":[{"@type":"SearchAction","target":{"@type":"EntryPoint","urlTemplate":"https:\/\/www.boxrepsol.com\/en\/?s={search_term_string}"},"query-input":{"@type":"PropertyValueSpecification","valueRequired":true,"valueName":"search_term_string"}}],"inLanguage":"en-US"},{"@type":"Organization","@id":"https:\/\/www.boxrepsol.com\/en\/#organization","name":"Box Repsol","url":"https:\/\/www.boxrepsol.com\/en\/","logo":{"@type":"ImageObject","inLanguage":"en-US","@id":"https:\/\/www.boxrepsol.com\/en\/#\/schema\/logo\/image\/","url":"https:\/\/bxrepsol.s3.eu-west-1.amazonaws.com\/static\/2025\/07\/30083337\/favicon-96x96-1.png","contentUrl":"https:\/\/bxrepsol.s3.eu-west-1.amazonaws.com\/static\/2025\/07\/30083337\/favicon-96x96-1.png","width":96,"height":96,"caption":"Box Repsol"},"image":{"@id":"https:\/\/www.boxrepsol.com\/en\/#\/schema\/logo\/image\/"},"sameAs":["https:\/\/www.facebook.com\/BoxRepsol","https:\/\/x.com\/box_repsol","http:\/\/instagram.com\/box_repsol","https:\/\/www.youtube.com\/user\/RepsolCompeticion","https:\/\/www.flickr.com\/photos\/box_repsol\/"]},{"@type":"Person","@id":"https:\/\/www.boxrepsol.com\/en\/#\/schema\/person\/d9d0f442a4332c7d099d31ffda4747a0","name":"bx_ayesa","image":{"@type":"ImageObject","inLanguage":"en-US","@id":"https:\/\/secure.gravatar.com\/avatar\/059e1b9d3585083708845ba70e8dd968f143ff35f5e0e10cf2d1e7afe2c6a878?s=96&d=mm&r=g","url":"https:\/\/secure.gravatar.com\/avatar\/059e1b9d3585083708845ba70e8dd968f143ff35f5e0e10cf2d1e7afe2c6a878?s=96&d=mm&r=g","contentUrl":"https:\/\/secure.gravatar.com\/avatar\/059e1b9d3585083708845ba70e8dd968f143ff35f5e0e10cf2d1e7afe2c6a878?s=96&d=mm&r=g","caption":"bx_ayesa"},"sameAs":["http:\/\/54.155.157.200"],"url":"https:\/\/www.boxrepsol.com\/en\/author\/bx_ayesa\/"}]}},"_links":{"self":[{"href":"https:\/\/www.boxrepsol.com\/en\/wp-json\/wp\/v2\/posts\/97617","targetHints":{"allow":["GET"]}}],"collection":[{"href":"https:\/\/www.boxrepsol.com\/en\/wp-json\/wp\/v2\/posts"}],"about":[{"href":"https:\/\/www.boxrepsol.com\/en\/wp-json\/wp\/v2\/types\/post"}],"author":[{"embeddable":true,"href":"https:\/\/www.boxrepsol.com\/en\/wp-json\/wp\/v2\/users\/1"}],"replies":[{"embeddable":true,"href":"https:\/\/www.boxrepsol.com\/en\/wp-json\/wp\/v2\/comments?post=97617"}],"version-history":[{"count":1,"href":"https:\/\/www.boxrepsol.com\/en\/wp-json\/wp\/v2\/posts\/97617\/revisions"}],"predecessor-version":[{"id":97618,"href":"https:\/\/www.boxrepsol.com\/en\/wp-json\/wp\/v2\/posts\/97617\/revisions\/97618"}],"wp:featuredmedia":[{"embeddable":true,"href":"https:\/\/www.boxrepsol.com\/en\/wp-json\/wp\/v2\/media\/62538"}],"wp:attachment":[{"href":"https:\/\/www.boxrepsol.com\/en\/wp-json\/wp\/v2\/media?parent=97617"}],"wp:term":[{"taxonomy":"category","embeddable":true,"href":"https:\/\/www.boxrepsol.com\/en\/wp-json\/wp\/v2\/categories?post=97617"},{"taxonomy":"post_tag","embeddable":true,"href":"https:\/\/www.boxrepsol.com\/en\/wp-json\/wp\/v2\/tags?post=97617"}],"curies":[{"name":"wp","href":"https:\/\/api.w.org\/{rel}","templated":true}]}}