{"id":97604,"date":"2019-09-15T00:00:00","date_gmt":"2019-09-15T02:00:00","guid":{"rendered":"http:\/\/pre.boxrepsol.com\/uncategorized\/sunday-misfortune-for-lopez-and-garcia-at-misano\/"},"modified":"2023-02-27T07:20:53","modified_gmt":"2023-02-27T09:20:53","slug":"sunday-misfortune-for-lopez-and-garcia-at-misano","status":"publish","type":"post","link":"https:\/\/www.boxrepsol.com\/en\/moto3-en\/sunday-misfortune-for-lopez-and-garcia-at-misano\/","title":{"rendered":"Sunday misfortune for L\u00f3pez and Garc\u00eda at Misano"},"content":{"rendered":"<p>Alonso L\u00f3pez, who started from 21st,<strong> suffered a sudden crash at Turn 2 of the third lap<\/strong>, which has forced him to retire from the race.<\/p>\n<p><strong>There was also bad luck for his teammate<\/strong>, Sergio Garc\u00eda, who went down at Turn 8 of the opening lap.<\/p>\n<p><a href=\"https:\/\/www.boxrepsol.com\/en\/2019-motogp-calendar\/\">The Aragon Grand Prix, the next round for the Moto3 World Championship, will be held next weekend, from September 20th to 22nd.<\/a><\/p>\n<p>                <!-- Imagen relacionada --><br \/>\n        <img loading=\"lazy\" decoding=\"async\" width=\"404\" height=\"336\" src=\"https:\/\/bxrepsol.s3.eu-west-1.amazonaws.com\/static\/2022\/08\/05065801\/00_marc_marquez_wheelie_caballito_repsol_honda_misano_2019-1.jpg\" alt=\"Marc M\u00e1rquez entrenamientos GP San Marino 2019\" \/><br \/>\n                <!-- Categor\u00eda --><br \/>\n            MotoGP<br \/>\n        <!-- T\u00edtulo --><br \/>\n        <a href=\"https:\/\/www.boxrepsol.com\/en\/motogp-en\/marc-marquez-to-start-san-marino-gp-from-fifth\/\"><\/p>\n<h3>Marc M\u00e1rquez to start San Marino GP from fifth<\/h3>\n<p>        <\/a><br \/>\n                    <!-- Fecha --><br \/>\n            19 hours ago        <\/p>\n<h2>Moto3 San Marino 2019 &#8211; Rider statements<\/h2>\n<h3>Alonso L\u00f3pez<\/h3>\n<p><em><strong>I\u2019m happy because I think we found the right way to work, <\/strong>but at the same time I\u2019m a little displeased because I think I could have had a very good race and been in one of the first two groups. <\/p>\n<p><strong>It\u2019s a shame about the crash, <\/strong>which happened when overtaking Kornfeil and losing the rear. Now we have to focus on MotorLand, which is a circuit that I like, one of my favourites and a home round.<\/em><\/p>\n<hr\/>\n<h3>Sergio Garc\u00eda<\/h3>\n<p><em>The crash came when I was in the group fighting for points, when I had already passed a lot of riders and was making a good comeback.<strong> I\u2019m happy with the start I made, but at Turn 8 I went down. <\/strong>I still don\u2019t know exactly what happened, but it\u2019s a pity. <\/p>\n<p><strong>We have to keep going, continue working and think about the next race.<\/strong> It\u2019s in Aragon, a circuit that I already know, so I hope everything will be a little easier.<\/em><\/p>\n","protected":false},"excerpt":{"rendered":"<p>The two Repsol riders crash in the early stages of the San Marino Grand Prix race.<\/p>\n","protected":false},"author":1,"featured_media":62509,"comment_status":"open","ping_status":"open","sticky":false,"template":"","format":"standard","meta":{"footnotes":""},"categories":[262],"tags":[14],"class_list":["post-97604","post","type-post","status-publish","format-standard","hentry","category-moto3-en","tag-moto3"],"yoast_head":"<!-- This site is optimized with the Yoast SEO plugin v27.3 - https:\/\/yoast.com\/product\/yoast-seo-wordpress\/ -->\n<title>Moto3 San Marino 2019 - Sunday misfortune for L\u00f3pez and Garc\u00eda at Misano<\/title>\n<meta name=\"description\" content=\"The two Repsol riders crash in the early stages of the San Marino Grand Prix race.\" \/>\n<link rel=\"canonical\" href=\"https:\/\/www.boxrepsol.com\/en\/moto3-en\/sunday-misfortune-for-lopez-and-garcia-at-misano\/\" \/>\n<meta property=\"og:locale\" content=\"en_US\" \/>\n<meta property=\"og:type\" content=\"article\" \/>\n<meta property=\"og:title\" content=\"Moto3 San Marino 2019 - Sunday misfortune for L\u00f3pez and Garc\u00eda at Misano\" \/>\n<meta property=\"og:description\" content=\"The two Repsol riders crash in the early stages of the San Marino Grand Prix race.\" \/>\n<meta property=\"og:url\" content=\"https:\/\/www.boxrepsol.com\/en\/moto3-en\/sunday-misfortune-for-lopez-and-garcia-at-misano\/\" \/>\n<meta property=\"og:site_name\" content=\"Box Repsol\" \/>\n<meta property=\"article:publisher\" content=\"https:\/\/www.facebook.com\/BoxRepsol\" \/>\n<meta property=\"article:published_time\" content=\"2019-09-15T02:00:00+00:00\" \/>\n<meta property=\"article:modified_time\" content=\"2023-02-27T09:20:53+00:00\" \/>\n<meta property=\"og:image\" content=\"https:\/\/bxrepsol.s3.eu-west-1.amazonaws.com\/static\/2022\/08\/29090106\/00_alonso_lopez_repsol_monlau_san_marino.jpg\" \/>\n\t<meta property=\"og:image:width\" content=\"1280\" \/>\n\t<meta property=\"og:image:height\" content=\"600\" \/>\n\t<meta property=\"og:image:type\" content=\"image\/jpeg\" \/>\n<meta name=\"author\" content=\"bx_ayesa\" \/>\n<meta name=\"twitter:card\" content=\"summary_large_image\" \/>\n<meta name=\"twitter:creator\" content=\"@box_repsol\" \/>\n<meta name=\"twitter:site\" content=\"@box_repsol\" \/>\n<meta name=\"twitter:label1\" content=\"Written by\" \/>\n\t<meta name=\"twitter:data1\" content=\"bx_ayesa\" \/>\n\t<meta name=\"twitter:label2\" content=\"Est. reading time\" \/>\n\t<meta name=\"twitter:data2\" content=\"1 minute\" \/>\n<script type=\"application\/ld+json\" class=\"yoast-schema-graph\">{\"@context\":\"https:\\\/\\\/schema.org\",\"@graph\":[{\"@type\":\"Article\",\"@id\":\"https:\\\/\\\/www.boxrepsol.com\\\/en\\\/moto3-en\\\/sunday-misfortune-for-lopez-and-garcia-at-misano\\\/#article\",\"isPartOf\":{\"@id\":\"https:\\\/\\\/www.boxrepsol.com\\\/en\\\/moto3-en\\\/sunday-misfortune-for-lopez-and-garcia-at-misano\\\/\"},\"author\":{\"name\":\"bx_ayesa\",\"@id\":\"https:\\\/\\\/www.boxrepsol.com\\\/en\\\/#\\\/schema\\\/person\\\/d9d0f442a4332c7d099d31ffda4747a0\"},\"headline\":\"Sunday misfortune for L\u00f3pez and Garc\u00eda at Misano\",\"datePublished\":\"2019-09-15T02:00:00+00:00\",\"dateModified\":\"2023-02-27T09:20:53+00:00\",\"mainEntityOfPage\":{\"@id\":\"https:\\\/\\\/www.boxrepsol.com\\\/en\\\/moto3-en\\\/sunday-misfortune-for-lopez-and-garcia-at-misano\\\/\"},\"wordCount\":270,\"commentCount\":0,\"publisher\":{\"@id\":\"https:\\\/\\\/www.boxrepsol.com\\\/en\\\/#organization\"},\"image\":{\"@id\":\"https:\\\/\\\/www.boxrepsol.com\\\/en\\\/moto3-en\\\/sunday-misfortune-for-lopez-and-garcia-at-misano\\\/#primaryimage\"},\"thumbnailUrl\":\"https:\\\/\\\/bxrepsol.s3.eu-west-1.amazonaws.com\\\/static\\\/2022\\\/08\\\/29090106\\\/00_alonso_lopez_repsol_monlau_san_marino.jpg\",\"keywords\":[\"Moto3\"],\"articleSection\":[\"Moto3\"],\"inLanguage\":\"en-US\",\"potentialAction\":[{\"@type\":\"CommentAction\",\"name\":\"Comment\",\"target\":[\"https:\\\/\\\/www.boxrepsol.com\\\/en\\\/moto3-en\\\/sunday-misfortune-for-lopez-and-garcia-at-misano\\\/#respond\"]}]},{\"@type\":\"WebPage\",\"@id\":\"https:\\\/\\\/www.boxrepsol.com\\\/en\\\/moto3-en\\\/sunday-misfortune-for-lopez-and-garcia-at-misano\\\/\",\"url\":\"https:\\\/\\\/www.boxrepsol.com\\\/en\\\/moto3-en\\\/sunday-misfortune-for-lopez-and-garcia-at-misano\\\/\",\"name\":\"Moto3 San Marino 2019 - Sunday misfortune for L\u00f3pez and Garc\u00eda at Misano\",\"isPartOf\":{\"@id\":\"https:\\\/\\\/www.boxrepsol.com\\\/en\\\/#website\"},\"primaryImageOfPage\":{\"@id\":\"https:\\\/\\\/www.boxrepsol.com\\\/en\\\/moto3-en\\\/sunday-misfortune-for-lopez-and-garcia-at-misano\\\/#primaryimage\"},\"image\":{\"@id\":\"https:\\\/\\\/www.boxrepsol.com\\\/en\\\/moto3-en\\\/sunday-misfortune-for-lopez-and-garcia-at-misano\\\/#primaryimage\"},\"thumbnailUrl\":\"https:\\\/\\\/bxrepsol.s3.eu-west-1.amazonaws.com\\\/static\\\/2022\\\/08\\\/29090106\\\/00_alonso_lopez_repsol_monlau_san_marino.jpg\",\"datePublished\":\"2019-09-15T02:00:00+00:00\",\"dateModified\":\"2023-02-27T09:20:53+00:00\",\"description\":\"The two Repsol riders crash in the early stages of the San Marino Grand Prix race.\",\"breadcrumb\":{\"@id\":\"https:\\\/\\\/www.boxrepsol.com\\\/en\\\/moto3-en\\\/sunday-misfortune-for-lopez-and-garcia-at-misano\\\/#breadcrumb\"},\"inLanguage\":\"en-US\",\"potentialAction\":[{\"@type\":\"ReadAction\",\"target\":[\"https:\\\/\\\/www.boxrepsol.com\\\/en\\\/moto3-en\\\/sunday-misfortune-for-lopez-and-garcia-at-misano\\\/\"]}]},{\"@type\":\"ImageObject\",\"inLanguage\":\"en-US\",\"@id\":\"https:\\\/\\\/www.boxrepsol.com\\\/en\\\/moto3-en\\\/sunday-misfortune-for-lopez-and-garcia-at-misano\\\/#primaryimage\",\"url\":\"https:\\\/\\\/bxrepsol.s3.eu-west-1.amazonaws.com\\\/static\\\/2022\\\/08\\\/29090106\\\/00_alonso_lopez_repsol_monlau_san_marino.jpg\",\"contentUrl\":\"https:\\\/\\\/bxrepsol.s3.eu-west-1.amazonaws.com\\\/static\\\/2022\\\/08\\\/29090106\\\/00_alonso_lopez_repsol_monlau_san_marino.jpg\",\"width\":1280,\"height\":600,\"caption\":\"Moto3 San Marino 2019 alonso L\u00f3pez en pista\"},{\"@type\":\"BreadcrumbList\",\"@id\":\"https:\\\/\\\/www.boxrepsol.com\\\/en\\\/moto3-en\\\/sunday-misfortune-for-lopez-and-garcia-at-misano\\\/#breadcrumb\",\"itemListElement\":[{\"@type\":\"ListItem\",\"position\":1,\"name\":\"Home\",\"item\":\"https:\\\/\\\/www.boxrepsol.com\\\/en\\\/\"},{\"@type\":\"ListItem\",\"position\":2,\"name\":\"Sunday misfortune for L\u00f3pez and Garc\u00eda at Misano\"}]},{\"@type\":\"WebSite\",\"@id\":\"https:\\\/\\\/www.boxrepsol.com\\\/en\\\/#website\",\"url\":\"https:\\\/\\\/www.boxrepsol.com\\\/en\\\/\",\"name\":\"Box Repsol\",\"description\":\"Box Repsol Site\",\"publisher\":{\"@id\":\"https:\\\/\\\/www.boxrepsol.com\\\/en\\\/#organization\"},\"potentialAction\":[{\"@type\":\"SearchAction\",\"target\":{\"@type\":\"EntryPoint\",\"urlTemplate\":\"https:\\\/\\\/www.boxrepsol.com\\\/en\\\/?s={search_term_string}\"},\"query-input\":{\"@type\":\"PropertyValueSpecification\",\"valueRequired\":true,\"valueName\":\"search_term_string\"}}],\"inLanguage\":\"en-US\"},{\"@type\":\"Organization\",\"@id\":\"https:\\\/\\\/www.boxrepsol.com\\\/en\\\/#organization\",\"name\":\"Box Repsol\",\"url\":\"https:\\\/\\\/www.boxrepsol.com\\\/en\\\/\",\"logo\":{\"@type\":\"ImageObject\",\"inLanguage\":\"en-US\",\"@id\":\"https:\\\/\\\/www.boxrepsol.com\\\/en\\\/#\\\/schema\\\/logo\\\/image\\\/\",\"url\":\"https:\\\/\\\/bxrepsol.s3.eu-west-1.amazonaws.com\\\/static\\\/2025\\\/07\\\/30083337\\\/favicon-96x96-1.png\",\"contentUrl\":\"https:\\\/\\\/bxrepsol.s3.eu-west-1.amazonaws.com\\\/static\\\/2025\\\/07\\\/30083337\\\/favicon-96x96-1.png\",\"width\":96,\"height\":96,\"caption\":\"Box Repsol\"},\"image\":{\"@id\":\"https:\\\/\\\/www.boxrepsol.com\\\/en\\\/#\\\/schema\\\/logo\\\/image\\\/\"},\"sameAs\":[\"https:\\\/\\\/www.facebook.com\\\/BoxRepsol\",\"https:\\\/\\\/x.com\\\/box_repsol\",\"http:\\\/\\\/instagram.com\\\/box_repsol\",\"https:\\\/\\\/www.youtube.com\\\/user\\\/RepsolCompeticion\",\"https:\\\/\\\/www.flickr.com\\\/photos\\\/box_repsol\\\/\"]},{\"@type\":\"Person\",\"@id\":\"https:\\\/\\\/www.boxrepsol.com\\\/en\\\/#\\\/schema\\\/person\\\/d9d0f442a4332c7d099d31ffda4747a0\",\"name\":\"bx_ayesa\",\"image\":{\"@type\":\"ImageObject\",\"inLanguage\":\"en-US\",\"@id\":\"https:\\\/\\\/secure.gravatar.com\\\/avatar\\\/059e1b9d3585083708845ba70e8dd968f143ff35f5e0e10cf2d1e7afe2c6a878?s=96&d=mm&r=g\",\"url\":\"https:\\\/\\\/secure.gravatar.com\\\/avatar\\\/059e1b9d3585083708845ba70e8dd968f143ff35f5e0e10cf2d1e7afe2c6a878?s=96&d=mm&r=g\",\"contentUrl\":\"https:\\\/\\\/secure.gravatar.com\\\/avatar\\\/059e1b9d3585083708845ba70e8dd968f143ff35f5e0e10cf2d1e7afe2c6a878?s=96&d=mm&r=g\",\"caption\":\"bx_ayesa\"},\"sameAs\":[\"http:\\\/\\\/54.155.157.200\"],\"url\":\"https:\\\/\\\/www.boxrepsol.com\\\/en\\\/author\\\/bx_ayesa\\\/\"}]}<\/script>\n<!-- \/ Yoast SEO plugin. -->","yoast_head_json":{"title":"Moto3 San Marino 2019 - Sunday misfortune for L\u00f3pez and Garc\u00eda at Misano","description":"The two Repsol riders crash in the early stages of the San Marino Grand Prix race.","canonical":"https:\/\/www.boxrepsol.com\/en\/moto3-en\/sunday-misfortune-for-lopez-and-garcia-at-misano\/","og_locale":"en_US","og_type":"article","og_title":"Moto3 San Marino 2019 - Sunday misfortune for L\u00f3pez and Garc\u00eda at Misano","og_description":"The two Repsol riders crash in the early stages of the San Marino Grand Prix race.","og_url":"https:\/\/www.boxrepsol.com\/en\/moto3-en\/sunday-misfortune-for-lopez-and-garcia-at-misano\/","og_site_name":"Box Repsol","article_publisher":"https:\/\/www.facebook.com\/BoxRepsol","article_published_time":"2019-09-15T02:00:00+00:00","article_modified_time":"2023-02-27T09:20:53+00:00","og_image":[{"width":1280,"height":600,"url":"https:\/\/bxrepsol.s3.eu-west-1.amazonaws.com\/static\/2022\/08\/29090106\/00_alonso_lopez_repsol_monlau_san_marino.jpg","type":"image\/jpeg"}],"author":"bx_ayesa","twitter_card":"summary_large_image","twitter_creator":"@box_repsol","twitter_site":"@box_repsol","twitter_misc":{"Written by":"bx_ayesa","Est. reading time":"1 minute"},"schema":{"@context":"https:\/\/schema.org","@graph":[{"@type":"Article","@id":"https:\/\/www.boxrepsol.com\/en\/moto3-en\/sunday-misfortune-for-lopez-and-garcia-at-misano\/#article","isPartOf":{"@id":"https:\/\/www.boxrepsol.com\/en\/moto3-en\/sunday-misfortune-for-lopez-and-garcia-at-misano\/"},"author":{"name":"bx_ayesa","@id":"https:\/\/www.boxrepsol.com\/en\/#\/schema\/person\/d9d0f442a4332c7d099d31ffda4747a0"},"headline":"Sunday misfortune for L\u00f3pez and Garc\u00eda at Misano","datePublished":"2019-09-15T02:00:00+00:00","dateModified":"2023-02-27T09:20:53+00:00","mainEntityOfPage":{"@id":"https:\/\/www.boxrepsol.com\/en\/moto3-en\/sunday-misfortune-for-lopez-and-garcia-at-misano\/"},"wordCount":270,"commentCount":0,"publisher":{"@id":"https:\/\/www.boxrepsol.com\/en\/#organization"},"image":{"@id":"https:\/\/www.boxrepsol.com\/en\/moto3-en\/sunday-misfortune-for-lopez-and-garcia-at-misano\/#primaryimage"},"thumbnailUrl":"https:\/\/bxrepsol.s3.eu-west-1.amazonaws.com\/static\/2022\/08\/29090106\/00_alonso_lopez_repsol_monlau_san_marino.jpg","keywords":["Moto3"],"articleSection":["Moto3"],"inLanguage":"en-US","potentialAction":[{"@type":"CommentAction","name":"Comment","target":["https:\/\/www.boxrepsol.com\/en\/moto3-en\/sunday-misfortune-for-lopez-and-garcia-at-misano\/#respond"]}]},{"@type":"WebPage","@id":"https:\/\/www.boxrepsol.com\/en\/moto3-en\/sunday-misfortune-for-lopez-and-garcia-at-misano\/","url":"https:\/\/www.boxrepsol.com\/en\/moto3-en\/sunday-misfortune-for-lopez-and-garcia-at-misano\/","name":"Moto3 San Marino 2019 - Sunday misfortune for L\u00f3pez and Garc\u00eda at Misano","isPartOf":{"@id":"https:\/\/www.boxrepsol.com\/en\/#website"},"primaryImageOfPage":{"@id":"https:\/\/www.boxrepsol.com\/en\/moto3-en\/sunday-misfortune-for-lopez-and-garcia-at-misano\/#primaryimage"},"image":{"@id":"https:\/\/www.boxrepsol.com\/en\/moto3-en\/sunday-misfortune-for-lopez-and-garcia-at-misano\/#primaryimage"},"thumbnailUrl":"https:\/\/bxrepsol.s3.eu-west-1.amazonaws.com\/static\/2022\/08\/29090106\/00_alonso_lopez_repsol_monlau_san_marino.jpg","datePublished":"2019-09-15T02:00:00+00:00","dateModified":"2023-02-27T09:20:53+00:00","description":"The two Repsol riders crash in the early stages of the San Marino Grand Prix race.","breadcrumb":{"@id":"https:\/\/www.boxrepsol.com\/en\/moto3-en\/sunday-misfortune-for-lopez-and-garcia-at-misano\/#breadcrumb"},"inLanguage":"en-US","potentialAction":[{"@type":"ReadAction","target":["https:\/\/www.boxrepsol.com\/en\/moto3-en\/sunday-misfortune-for-lopez-and-garcia-at-misano\/"]}]},{"@type":"ImageObject","inLanguage":"en-US","@id":"https:\/\/www.boxrepsol.com\/en\/moto3-en\/sunday-misfortune-for-lopez-and-garcia-at-misano\/#primaryimage","url":"https:\/\/bxrepsol.s3.eu-west-1.amazonaws.com\/static\/2022\/08\/29090106\/00_alonso_lopez_repsol_monlau_san_marino.jpg","contentUrl":"https:\/\/bxrepsol.s3.eu-west-1.amazonaws.com\/static\/2022\/08\/29090106\/00_alonso_lopez_repsol_monlau_san_marino.jpg","width":1280,"height":600,"caption":"Moto3 San Marino 2019 alonso L\u00f3pez en pista"},{"@type":"BreadcrumbList","@id":"https:\/\/www.boxrepsol.com\/en\/moto3-en\/sunday-misfortune-for-lopez-and-garcia-at-misano\/#breadcrumb","itemListElement":[{"@type":"ListItem","position":1,"name":"Home","item":"https:\/\/www.boxrepsol.com\/en\/"},{"@type":"ListItem","position":2,"name":"Sunday misfortune for L\u00f3pez and Garc\u00eda at Misano"}]},{"@type":"WebSite","@id":"https:\/\/www.boxrepsol.com\/en\/#website","url":"https:\/\/www.boxrepsol.com\/en\/","name":"Box Repsol","description":"Box Repsol Site","publisher":{"@id":"https:\/\/www.boxrepsol.com\/en\/#organization"},"potentialAction":[{"@type":"SearchAction","target":{"@type":"EntryPoint","urlTemplate":"https:\/\/www.boxrepsol.com\/en\/?s={search_term_string}"},"query-input":{"@type":"PropertyValueSpecification","valueRequired":true,"valueName":"search_term_string"}}],"inLanguage":"en-US"},{"@type":"Organization","@id":"https:\/\/www.boxrepsol.com\/en\/#organization","name":"Box Repsol","url":"https:\/\/www.boxrepsol.com\/en\/","logo":{"@type":"ImageObject","inLanguage":"en-US","@id":"https:\/\/www.boxrepsol.com\/en\/#\/schema\/logo\/image\/","url":"https:\/\/bxrepsol.s3.eu-west-1.amazonaws.com\/static\/2025\/07\/30083337\/favicon-96x96-1.png","contentUrl":"https:\/\/bxrepsol.s3.eu-west-1.amazonaws.com\/static\/2025\/07\/30083337\/favicon-96x96-1.png","width":96,"height":96,"caption":"Box Repsol"},"image":{"@id":"https:\/\/www.boxrepsol.com\/en\/#\/schema\/logo\/image\/"},"sameAs":["https:\/\/www.facebook.com\/BoxRepsol","https:\/\/x.com\/box_repsol","http:\/\/instagram.com\/box_repsol","https:\/\/www.youtube.com\/user\/RepsolCompeticion","https:\/\/www.flickr.com\/photos\/box_repsol\/"]},{"@type":"Person","@id":"https:\/\/www.boxrepsol.com\/en\/#\/schema\/person\/d9d0f442a4332c7d099d31ffda4747a0","name":"bx_ayesa","image":{"@type":"ImageObject","inLanguage":"en-US","@id":"https:\/\/secure.gravatar.com\/avatar\/059e1b9d3585083708845ba70e8dd968f143ff35f5e0e10cf2d1e7afe2c6a878?s=96&d=mm&r=g","url":"https:\/\/secure.gravatar.com\/avatar\/059e1b9d3585083708845ba70e8dd968f143ff35f5e0e10cf2d1e7afe2c6a878?s=96&d=mm&r=g","contentUrl":"https:\/\/secure.gravatar.com\/avatar\/059e1b9d3585083708845ba70e8dd968f143ff35f5e0e10cf2d1e7afe2c6a878?s=96&d=mm&r=g","caption":"bx_ayesa"},"sameAs":["http:\/\/54.155.157.200"],"url":"https:\/\/www.boxrepsol.com\/en\/author\/bx_ayesa\/"}]}},"_links":{"self":[{"href":"https:\/\/www.boxrepsol.com\/en\/wp-json\/wp\/v2\/posts\/97604","targetHints":{"allow":["GET"]}}],"collection":[{"href":"https:\/\/www.boxrepsol.com\/en\/wp-json\/wp\/v2\/posts"}],"about":[{"href":"https:\/\/www.boxrepsol.com\/en\/wp-json\/wp\/v2\/types\/post"}],"author":[{"embeddable":true,"href":"https:\/\/www.boxrepsol.com\/en\/wp-json\/wp\/v2\/users\/1"}],"replies":[{"embeddable":true,"href":"https:\/\/www.boxrepsol.com\/en\/wp-json\/wp\/v2\/comments?post=97604"}],"version-history":[{"count":1,"href":"https:\/\/www.boxrepsol.com\/en\/wp-json\/wp\/v2\/posts\/97604\/revisions"}],"predecessor-version":[{"id":97605,"href":"https:\/\/www.boxrepsol.com\/en\/wp-json\/wp\/v2\/posts\/97604\/revisions\/97605"}],"wp:featuredmedia":[{"embeddable":true,"href":"https:\/\/www.boxrepsol.com\/en\/wp-json\/wp\/v2\/media\/62509"}],"wp:attachment":[{"href":"https:\/\/www.boxrepsol.com\/en\/wp-json\/wp\/v2\/media?parent=97604"}],"wp:term":[{"taxonomy":"category","embeddable":true,"href":"https:\/\/www.boxrepsol.com\/en\/wp-json\/wp\/v2\/categories?post=97604"},{"taxonomy":"post_tag","embeddable":true,"href":"https:\/\/www.boxrepsol.com\/en\/wp-json\/wp\/v2\/tags?post=97604"}],"curies":[{"name":"wp","href":"https:\/\/api.w.org\/{rel}","templated":true}]}}