{"id":97476,"date":"2019-06-12T00:00:00","date_gmt":"2019-06-12T02:00:00","guid":{"rendered":"http:\/\/pre.boxrepsol.com\/uncategorized\/historic-marquez-la-rosa-and-roma-repsol-vehicles-on-display-in-barcelona\/"},"modified":"2019-06-12T00:00:00","modified_gmt":"2019-06-12T02:00:00","slug":"historic-marquez-la-rosa-and-roma-repsol-vehicles-on-display-in-barcelona","status":"publish","type":"post","link":"https:\/\/www.boxrepsol.com\/en\/legend\/historic-marquez-la-rosa-and-roma-repsol-vehicles-on-display-in-barcelona\/","title":{"rendered":"Historic M\u00e1rquez, De la Rosa and Roma Repsol vehicles on display in Barcelona"},"content":{"rendered":"<p>The Catalan GP takes place this weekend in Barcelona and, coinciding with the seventh round of the MotoGP season,<strong> Repsol have put on a 10-day exhibition on Passeig de Gr\u00e0cia street in the city<\/strong>. Unique vehicles such as Honda bikes ridden to victory by riders like Marc M\u00e1rquez, Dani Pedrosa, Mick Doohan and \u00c1lex Crivill\u00e9 are on display and up close for locals and tourists.<\/p>\n<p>Thousands of people pass through the famous Barcelona street on a daily basis, and it is the home of some emblematic shops, multinational businesses, hotels, restaurants, jewellers, perfumeries and furniture stores. During the exhibition, it also hosts some of the most successful machines in motorsport history, <strong>used by legends ranging from \u00c1ngel Nieto to Sito Pons, from Marc Coma to Toni Bou, and many more<\/strong>.<\/p>\n","protected":false},"excerpt":{"rendered":"<p>Since last Thursday, the Spanish city\u2019s Passeig de Gr\u00e0cia street has hosted an unprecedented exhibition recapping Repsol\u2019s 50 years in motorsport.<\/p>\n","protected":false},"author":1,"featured_media":61962,"comment_status":"open","ping_status":"open","sticky":false,"template":"","format":"standard","meta":{"footnotes":""},"categories":[238],"tags":[158],"class_list":["post-97476","post","type-post","status-publish","format-standard","hentry","category-legend","tag-repsol"],"yoast_head":"<!-- This site is optimized with the Yoast SEO plugin v27.3 - https:\/\/yoast.com\/product\/yoast-seo-wordpress\/ -->\n<title>Historic M\u00e1rquez, De la Rosa and Roma Repsol vehicles on display in Barcelona - Box Repsol<\/title>\n<meta name=\"description\" content=\"Since last Thursday, the Spanish city\u2019s Passeig de Gr\u00e0cia street has hosted an unprecedented exhibition recapping Repsol\u2019s 50 years in motorsport.\" \/>\n<link rel=\"canonical\" href=\"https:\/\/www.boxrepsol.com\/en\/legend\/historic-marquez-la-rosa-and-roma-repsol-vehicles-on-display-in-barcelona\/\" \/>\n<meta property=\"og:locale\" content=\"en_US\" \/>\n<meta property=\"og:type\" content=\"article\" \/>\n<meta property=\"og:title\" content=\"Historic M\u00e1rquez, De la Rosa and Roma Repsol vehicles on display in Barcelona - Box Repsol\" \/>\n<meta property=\"og:description\" content=\"Since last Thursday, the Spanish city\u2019s Passeig de Gr\u00e0cia street has hosted an unprecedented exhibition recapping Repsol\u2019s 50 years in motorsport.\" \/>\n<meta property=\"og:url\" content=\"https:\/\/www.boxrepsol.com\/en\/legend\/historic-marquez-la-rosa-and-roma-repsol-vehicles-on-display-in-barcelona\/\" \/>\n<meta property=\"og:site_name\" content=\"Box Repsol\" \/>\n<meta property=\"article:publisher\" content=\"https:\/\/www.facebook.com\/BoxRepsol\" \/>\n<meta property=\"article:published_time\" content=\"2019-06-12T02:00:00+00:00\" \/>\n<meta property=\"og:image\" content=\"https:\/\/bxrepsol.s3.eu-west-1.amazonaws.com\/static\/2022\/08\/29085508\/00_bmw_clasico_repsol.jpg\" \/>\n\t<meta property=\"og:image:width\" content=\"1280\" \/>\n\t<meta property=\"og:image:height\" content=\"600\" \/>\n\t<meta property=\"og:image:type\" content=\"image\/jpeg\" \/>\n<meta name=\"author\" content=\"bx_ayesa\" \/>\n<meta name=\"twitter:card\" content=\"summary_large_image\" \/>\n<meta name=\"twitter:creator\" content=\"@box_repsol\" \/>\n<meta name=\"twitter:site\" content=\"@box_repsol\" \/>\n<meta name=\"twitter:label1\" content=\"Written by\" \/>\n\t<meta name=\"twitter:data1\" content=\"bx_ayesa\" \/>\n\t<meta name=\"twitter:label2\" content=\"Est. reading time\" \/>\n\t<meta name=\"twitter:data2\" content=\"1 minute\" \/>\n<script type=\"application\/ld+json\" class=\"yoast-schema-graph\">{\"@context\":\"https:\\\/\\\/schema.org\",\"@graph\":[{\"@type\":\"Article\",\"@id\":\"https:\\\/\\\/www.boxrepsol.com\\\/en\\\/legend\\\/historic-marquez-la-rosa-and-roma-repsol-vehicles-on-display-in-barcelona\\\/#article\",\"isPartOf\":{\"@id\":\"https:\\\/\\\/www.boxrepsol.com\\\/en\\\/legend\\\/historic-marquez-la-rosa-and-roma-repsol-vehicles-on-display-in-barcelona\\\/\"},\"author\":{\"name\":\"bx_ayesa\",\"@id\":\"https:\\\/\\\/www.boxrepsol.com\\\/en\\\/#\\\/schema\\\/person\\\/d9d0f442a4332c7d099d31ffda4747a0\"},\"headline\":\"Historic M\u00e1rquez, De la Rosa and Roma Repsol vehicles on display in Barcelona\",\"datePublished\":\"2019-06-12T02:00:00+00:00\",\"mainEntityOfPage\":{\"@id\":\"https:\\\/\\\/www.boxrepsol.com\\\/en\\\/legend\\\/historic-marquez-la-rosa-and-roma-repsol-vehicles-on-display-in-barcelona\\\/\"},\"wordCount\":146,\"commentCount\":0,\"publisher\":{\"@id\":\"https:\\\/\\\/www.boxrepsol.com\\\/en\\\/#organization\"},\"image\":{\"@id\":\"https:\\\/\\\/www.boxrepsol.com\\\/en\\\/legend\\\/historic-marquez-la-rosa-and-roma-repsol-vehicles-on-display-in-barcelona\\\/#primaryimage\"},\"thumbnailUrl\":\"https:\\\/\\\/bxrepsol.s3.eu-west-1.amazonaws.com\\\/static\\\/2022\\\/08\\\/29085508\\\/00_bmw_clasico_repsol.jpg\",\"keywords\":[\"Repsol\"],\"articleSection\":[\"Legend\"],\"inLanguage\":\"en-US\",\"potentialAction\":[{\"@type\":\"CommentAction\",\"name\":\"Comment\",\"target\":[\"https:\\\/\\\/www.boxrepsol.com\\\/en\\\/legend\\\/historic-marquez-la-rosa-and-roma-repsol-vehicles-on-display-in-barcelona\\\/#respond\"]}]},{\"@type\":\"WebPage\",\"@id\":\"https:\\\/\\\/www.boxrepsol.com\\\/en\\\/legend\\\/historic-marquez-la-rosa-and-roma-repsol-vehicles-on-display-in-barcelona\\\/\",\"url\":\"https:\\\/\\\/www.boxrepsol.com\\\/en\\\/legend\\\/historic-marquez-la-rosa-and-roma-repsol-vehicles-on-display-in-barcelona\\\/\",\"name\":\"Historic M\u00e1rquez, De la Rosa and Roma Repsol vehicles on display in Barcelona - Box Repsol\",\"isPartOf\":{\"@id\":\"https:\\\/\\\/www.boxrepsol.com\\\/en\\\/#website\"},\"primaryImageOfPage\":{\"@id\":\"https:\\\/\\\/www.boxrepsol.com\\\/en\\\/legend\\\/historic-marquez-la-rosa-and-roma-repsol-vehicles-on-display-in-barcelona\\\/#primaryimage\"},\"image\":{\"@id\":\"https:\\\/\\\/www.boxrepsol.com\\\/en\\\/legend\\\/historic-marquez-la-rosa-and-roma-repsol-vehicles-on-display-in-barcelona\\\/#primaryimage\"},\"thumbnailUrl\":\"https:\\\/\\\/bxrepsol.s3.eu-west-1.amazonaws.com\\\/static\\\/2022\\\/08\\\/29085508\\\/00_bmw_clasico_repsol.jpg\",\"datePublished\":\"2019-06-12T02:00:00+00:00\",\"description\":\"Since last Thursday, the Spanish city\u2019s Passeig de Gr\u00e0cia street has hosted an unprecedented exhibition recapping Repsol\u2019s 50 years in motorsport.\",\"breadcrumb\":{\"@id\":\"https:\\\/\\\/www.boxrepsol.com\\\/en\\\/legend\\\/historic-marquez-la-rosa-and-roma-repsol-vehicles-on-display-in-barcelona\\\/#breadcrumb\"},\"inLanguage\":\"en-US\",\"potentialAction\":[{\"@type\":\"ReadAction\",\"target\":[\"https:\\\/\\\/www.boxrepsol.com\\\/en\\\/legend\\\/historic-marquez-la-rosa-and-roma-repsol-vehicles-on-display-in-barcelona\\\/\"]}]},{\"@type\":\"ImageObject\",\"inLanguage\":\"en-US\",\"@id\":\"https:\\\/\\\/www.boxrepsol.com\\\/en\\\/legend\\\/historic-marquez-la-rosa-and-roma-repsol-vehicles-on-display-in-barcelona\\\/#primaryimage\",\"url\":\"https:\\\/\\\/bxrepsol.s3.eu-west-1.amazonaws.com\\\/static\\\/2022\\\/08\\\/29085508\\\/00_bmw_clasico_repsol.jpg\",\"contentUrl\":\"https:\\\/\\\/bxrepsol.s3.eu-west-1.amazonaws.com\\\/static\\\/2022\\\/08\\\/29085508\\\/00_bmw_clasico_repsol.jpg\",\"width\":1280,\"height\":600,\"caption\":\"Coche Fiat cl\u00e1sico Repsol\"},{\"@type\":\"BreadcrumbList\",\"@id\":\"https:\\\/\\\/www.boxrepsol.com\\\/en\\\/legend\\\/historic-marquez-la-rosa-and-roma-repsol-vehicles-on-display-in-barcelona\\\/#breadcrumb\",\"itemListElement\":[{\"@type\":\"ListItem\",\"position\":1,\"name\":\"Home\",\"item\":\"https:\\\/\\\/www.boxrepsol.com\\\/en\\\/\"},{\"@type\":\"ListItem\",\"position\":2,\"name\":\"Historic M\u00e1rquez, De la Rosa and Roma Repsol vehicles on display in Barcelona\"}]},{\"@type\":\"WebSite\",\"@id\":\"https:\\\/\\\/www.boxrepsol.com\\\/en\\\/#website\",\"url\":\"https:\\\/\\\/www.boxrepsol.com\\\/en\\\/\",\"name\":\"Box Repsol\",\"description\":\"Box Repsol Site\",\"publisher\":{\"@id\":\"https:\\\/\\\/www.boxrepsol.com\\\/en\\\/#organization\"},\"potentialAction\":[{\"@type\":\"SearchAction\",\"target\":{\"@type\":\"EntryPoint\",\"urlTemplate\":\"https:\\\/\\\/www.boxrepsol.com\\\/en\\\/?s={search_term_string}\"},\"query-input\":{\"@type\":\"PropertyValueSpecification\",\"valueRequired\":true,\"valueName\":\"search_term_string\"}}],\"inLanguage\":\"en-US\"},{\"@type\":\"Organization\",\"@id\":\"https:\\\/\\\/www.boxrepsol.com\\\/en\\\/#organization\",\"name\":\"Box Repsol\",\"url\":\"https:\\\/\\\/www.boxrepsol.com\\\/en\\\/\",\"logo\":{\"@type\":\"ImageObject\",\"inLanguage\":\"en-US\",\"@id\":\"https:\\\/\\\/www.boxrepsol.com\\\/en\\\/#\\\/schema\\\/logo\\\/image\\\/\",\"url\":\"https:\\\/\\\/bxrepsol.s3.eu-west-1.amazonaws.com\\\/static\\\/2025\\\/07\\\/30083337\\\/favicon-96x96-1.png\",\"contentUrl\":\"https:\\\/\\\/bxrepsol.s3.eu-west-1.amazonaws.com\\\/static\\\/2025\\\/07\\\/30083337\\\/favicon-96x96-1.png\",\"width\":96,\"height\":96,\"caption\":\"Box Repsol\"},\"image\":{\"@id\":\"https:\\\/\\\/www.boxrepsol.com\\\/en\\\/#\\\/schema\\\/logo\\\/image\\\/\"},\"sameAs\":[\"https:\\\/\\\/www.facebook.com\\\/BoxRepsol\",\"https:\\\/\\\/x.com\\\/box_repsol\",\"http:\\\/\\\/instagram.com\\\/box_repsol\",\"https:\\\/\\\/www.youtube.com\\\/user\\\/RepsolCompeticion\",\"https:\\\/\\\/www.flickr.com\\\/photos\\\/box_repsol\\\/\"]},{\"@type\":\"Person\",\"@id\":\"https:\\\/\\\/www.boxrepsol.com\\\/en\\\/#\\\/schema\\\/person\\\/d9d0f442a4332c7d099d31ffda4747a0\",\"name\":\"bx_ayesa\",\"image\":{\"@type\":\"ImageObject\",\"inLanguage\":\"en-US\",\"@id\":\"https:\\\/\\\/secure.gravatar.com\\\/avatar\\\/059e1b9d3585083708845ba70e8dd968f143ff35f5e0e10cf2d1e7afe2c6a878?s=96&d=mm&r=g\",\"url\":\"https:\\\/\\\/secure.gravatar.com\\\/avatar\\\/059e1b9d3585083708845ba70e8dd968f143ff35f5e0e10cf2d1e7afe2c6a878?s=96&d=mm&r=g\",\"contentUrl\":\"https:\\\/\\\/secure.gravatar.com\\\/avatar\\\/059e1b9d3585083708845ba70e8dd968f143ff35f5e0e10cf2d1e7afe2c6a878?s=96&d=mm&r=g\",\"caption\":\"bx_ayesa\"},\"sameAs\":[\"http:\\\/\\\/54.155.157.200\"],\"url\":\"https:\\\/\\\/www.boxrepsol.com\\\/en\\\/author\\\/bx_ayesa\\\/\"}]}<\/script>\n<!-- \/ Yoast SEO plugin. -->","yoast_head_json":{"title":"Historic M\u00e1rquez, De la Rosa and Roma Repsol vehicles on display in Barcelona - Box Repsol","description":"Since last Thursday, the Spanish city\u2019s Passeig de Gr\u00e0cia street has hosted an unprecedented exhibition recapping Repsol\u2019s 50 years in motorsport.","canonical":"https:\/\/www.boxrepsol.com\/en\/legend\/historic-marquez-la-rosa-and-roma-repsol-vehicles-on-display-in-barcelona\/","og_locale":"en_US","og_type":"article","og_title":"Historic M\u00e1rquez, De la Rosa and Roma Repsol vehicles on display in Barcelona - Box Repsol","og_description":"Since last Thursday, the Spanish city\u2019s Passeig de Gr\u00e0cia street has hosted an unprecedented exhibition recapping Repsol\u2019s 50 years in motorsport.","og_url":"https:\/\/www.boxrepsol.com\/en\/legend\/historic-marquez-la-rosa-and-roma-repsol-vehicles-on-display-in-barcelona\/","og_site_name":"Box Repsol","article_publisher":"https:\/\/www.facebook.com\/BoxRepsol","article_published_time":"2019-06-12T02:00:00+00:00","og_image":[{"width":1280,"height":600,"url":"https:\/\/bxrepsol.s3.eu-west-1.amazonaws.com\/static\/2022\/08\/29085508\/00_bmw_clasico_repsol.jpg","type":"image\/jpeg"}],"author":"bx_ayesa","twitter_card":"summary_large_image","twitter_creator":"@box_repsol","twitter_site":"@box_repsol","twitter_misc":{"Written by":"bx_ayesa","Est. reading time":"1 minute"},"schema":{"@context":"https:\/\/schema.org","@graph":[{"@type":"Article","@id":"https:\/\/www.boxrepsol.com\/en\/legend\/historic-marquez-la-rosa-and-roma-repsol-vehicles-on-display-in-barcelona\/#article","isPartOf":{"@id":"https:\/\/www.boxrepsol.com\/en\/legend\/historic-marquez-la-rosa-and-roma-repsol-vehicles-on-display-in-barcelona\/"},"author":{"name":"bx_ayesa","@id":"https:\/\/www.boxrepsol.com\/en\/#\/schema\/person\/d9d0f442a4332c7d099d31ffda4747a0"},"headline":"Historic M\u00e1rquez, De la Rosa and Roma Repsol vehicles on display in Barcelona","datePublished":"2019-06-12T02:00:00+00:00","mainEntityOfPage":{"@id":"https:\/\/www.boxrepsol.com\/en\/legend\/historic-marquez-la-rosa-and-roma-repsol-vehicles-on-display-in-barcelona\/"},"wordCount":146,"commentCount":0,"publisher":{"@id":"https:\/\/www.boxrepsol.com\/en\/#organization"},"image":{"@id":"https:\/\/www.boxrepsol.com\/en\/legend\/historic-marquez-la-rosa-and-roma-repsol-vehicles-on-display-in-barcelona\/#primaryimage"},"thumbnailUrl":"https:\/\/bxrepsol.s3.eu-west-1.amazonaws.com\/static\/2022\/08\/29085508\/00_bmw_clasico_repsol.jpg","keywords":["Repsol"],"articleSection":["Legend"],"inLanguage":"en-US","potentialAction":[{"@type":"CommentAction","name":"Comment","target":["https:\/\/www.boxrepsol.com\/en\/legend\/historic-marquez-la-rosa-and-roma-repsol-vehicles-on-display-in-barcelona\/#respond"]}]},{"@type":"WebPage","@id":"https:\/\/www.boxrepsol.com\/en\/legend\/historic-marquez-la-rosa-and-roma-repsol-vehicles-on-display-in-barcelona\/","url":"https:\/\/www.boxrepsol.com\/en\/legend\/historic-marquez-la-rosa-and-roma-repsol-vehicles-on-display-in-barcelona\/","name":"Historic M\u00e1rquez, De la Rosa and Roma Repsol vehicles on display in Barcelona - Box Repsol","isPartOf":{"@id":"https:\/\/www.boxrepsol.com\/en\/#website"},"primaryImageOfPage":{"@id":"https:\/\/www.boxrepsol.com\/en\/legend\/historic-marquez-la-rosa-and-roma-repsol-vehicles-on-display-in-barcelona\/#primaryimage"},"image":{"@id":"https:\/\/www.boxrepsol.com\/en\/legend\/historic-marquez-la-rosa-and-roma-repsol-vehicles-on-display-in-barcelona\/#primaryimage"},"thumbnailUrl":"https:\/\/bxrepsol.s3.eu-west-1.amazonaws.com\/static\/2022\/08\/29085508\/00_bmw_clasico_repsol.jpg","datePublished":"2019-06-12T02:00:00+00:00","description":"Since last Thursday, the Spanish city\u2019s Passeig de Gr\u00e0cia street has hosted an unprecedented exhibition recapping Repsol\u2019s 50 years in motorsport.","breadcrumb":{"@id":"https:\/\/www.boxrepsol.com\/en\/legend\/historic-marquez-la-rosa-and-roma-repsol-vehicles-on-display-in-barcelona\/#breadcrumb"},"inLanguage":"en-US","potentialAction":[{"@type":"ReadAction","target":["https:\/\/www.boxrepsol.com\/en\/legend\/historic-marquez-la-rosa-and-roma-repsol-vehicles-on-display-in-barcelona\/"]}]},{"@type":"ImageObject","inLanguage":"en-US","@id":"https:\/\/www.boxrepsol.com\/en\/legend\/historic-marquez-la-rosa-and-roma-repsol-vehicles-on-display-in-barcelona\/#primaryimage","url":"https:\/\/bxrepsol.s3.eu-west-1.amazonaws.com\/static\/2022\/08\/29085508\/00_bmw_clasico_repsol.jpg","contentUrl":"https:\/\/bxrepsol.s3.eu-west-1.amazonaws.com\/static\/2022\/08\/29085508\/00_bmw_clasico_repsol.jpg","width":1280,"height":600,"caption":"Coche Fiat cl\u00e1sico Repsol"},{"@type":"BreadcrumbList","@id":"https:\/\/www.boxrepsol.com\/en\/legend\/historic-marquez-la-rosa-and-roma-repsol-vehicles-on-display-in-barcelona\/#breadcrumb","itemListElement":[{"@type":"ListItem","position":1,"name":"Home","item":"https:\/\/www.boxrepsol.com\/en\/"},{"@type":"ListItem","position":2,"name":"Historic M\u00e1rquez, De la Rosa and Roma Repsol vehicles on display in Barcelona"}]},{"@type":"WebSite","@id":"https:\/\/www.boxrepsol.com\/en\/#website","url":"https:\/\/www.boxrepsol.com\/en\/","name":"Box Repsol","description":"Box Repsol Site","publisher":{"@id":"https:\/\/www.boxrepsol.com\/en\/#organization"},"potentialAction":[{"@type":"SearchAction","target":{"@type":"EntryPoint","urlTemplate":"https:\/\/www.boxrepsol.com\/en\/?s={search_term_string}"},"query-input":{"@type":"PropertyValueSpecification","valueRequired":true,"valueName":"search_term_string"}}],"inLanguage":"en-US"},{"@type":"Organization","@id":"https:\/\/www.boxrepsol.com\/en\/#organization","name":"Box Repsol","url":"https:\/\/www.boxrepsol.com\/en\/","logo":{"@type":"ImageObject","inLanguage":"en-US","@id":"https:\/\/www.boxrepsol.com\/en\/#\/schema\/logo\/image\/","url":"https:\/\/bxrepsol.s3.eu-west-1.amazonaws.com\/static\/2025\/07\/30083337\/favicon-96x96-1.png","contentUrl":"https:\/\/bxrepsol.s3.eu-west-1.amazonaws.com\/static\/2025\/07\/30083337\/favicon-96x96-1.png","width":96,"height":96,"caption":"Box Repsol"},"image":{"@id":"https:\/\/www.boxrepsol.com\/en\/#\/schema\/logo\/image\/"},"sameAs":["https:\/\/www.facebook.com\/BoxRepsol","https:\/\/x.com\/box_repsol","http:\/\/instagram.com\/box_repsol","https:\/\/www.youtube.com\/user\/RepsolCompeticion","https:\/\/www.flickr.com\/photos\/box_repsol\/"]},{"@type":"Person","@id":"https:\/\/www.boxrepsol.com\/en\/#\/schema\/person\/d9d0f442a4332c7d099d31ffda4747a0","name":"bx_ayesa","image":{"@type":"ImageObject","inLanguage":"en-US","@id":"https:\/\/secure.gravatar.com\/avatar\/059e1b9d3585083708845ba70e8dd968f143ff35f5e0e10cf2d1e7afe2c6a878?s=96&d=mm&r=g","url":"https:\/\/secure.gravatar.com\/avatar\/059e1b9d3585083708845ba70e8dd968f143ff35f5e0e10cf2d1e7afe2c6a878?s=96&d=mm&r=g","contentUrl":"https:\/\/secure.gravatar.com\/avatar\/059e1b9d3585083708845ba70e8dd968f143ff35f5e0e10cf2d1e7afe2c6a878?s=96&d=mm&r=g","caption":"bx_ayesa"},"sameAs":["http:\/\/54.155.157.200"],"url":"https:\/\/www.boxrepsol.com\/en\/author\/bx_ayesa\/"}]}},"_links":{"self":[{"href":"https:\/\/www.boxrepsol.com\/en\/wp-json\/wp\/v2\/posts\/97476","targetHints":{"allow":["GET"]}}],"collection":[{"href":"https:\/\/www.boxrepsol.com\/en\/wp-json\/wp\/v2\/posts"}],"about":[{"href":"https:\/\/www.boxrepsol.com\/en\/wp-json\/wp\/v2\/types\/post"}],"author":[{"embeddable":true,"href":"https:\/\/www.boxrepsol.com\/en\/wp-json\/wp\/v2\/users\/1"}],"replies":[{"embeddable":true,"href":"https:\/\/www.boxrepsol.com\/en\/wp-json\/wp\/v2\/comments?post=97476"}],"version-history":[{"count":0,"href":"https:\/\/www.boxrepsol.com\/en\/wp-json\/wp\/v2\/posts\/97476\/revisions"}],"wp:featuredmedia":[{"embeddable":true,"href":"https:\/\/www.boxrepsol.com\/en\/wp-json\/wp\/v2\/media\/61962"}],"wp:attachment":[{"href":"https:\/\/www.boxrepsol.com\/en\/wp-json\/wp\/v2\/media?parent=97476"}],"wp:term":[{"taxonomy":"category","embeddable":true,"href":"https:\/\/www.boxrepsol.com\/en\/wp-json\/wp\/v2\/categories?post=97476"},{"taxonomy":"post_tag","embeddable":true,"href":"https:\/\/www.boxrepsol.com\/en\/wp-json\/wp\/v2\/tags?post=97476"}],"curies":[{"name":"wp","href":"https:\/\/api.w.org\/{rel}","templated":true}]}}