{"id":97380,"date":"2019-04-12T00:00:00","date_gmt":"2019-04-12T02:00:00","guid":{"rendered":"http:\/\/pre.boxrepsol.com\/uncategorized\/marc-marquez-and-jorge-lorenzo-make-progress-during-first-day-at-cota\/"},"modified":"2023-11-30T12:32:26","modified_gmt":"2023-11-30T14:32:26","slug":"marc-marquez-and-jorge-lorenzo-make-progress-during-first-day-at-cota","status":"publish","type":"post","link":"https:\/\/www.boxrepsol.com\/en\/motogp-en\/marc-marquez-and-jorge-lorenzo-make-progress-during-first-day-at-cota\/","title":{"rendered":"Marc M\u00e1rquez and Jorge Lorenzo make progress during first day at COTA"},"content":{"rendered":"<p>Marc M\u00e1rquez made a solid start to the Grand Prix of the Americas, going <strong>fastest in FP1 and much of FP2<\/strong> \u2013 until everybody put on soft tyres in anticipation of the rain forecast for tomorrow.<\/p>\n<p><strong>Jorge Lorenzo improved his lap times by two seconds between FP1 and FP2<\/strong>, and was 1.3 seconds off the pacesetter, in 16th place.<\/p>\n<p>In an emotional act, the number 69 with which the late Nicky Hayden was proclaimed MotoGP World Champion with the Repsol Honda Team in 2006 was retired at the circuit on Friday.<\/p>\n<p>If you want to find out more about the upcoming MotoGP races, take a look at the <a href=\"https:\/\/www.boxrepsol.com\/en\/2019-motogp-world-standings\/\">world standings<\/a> and <a href=\"https:\/\/www.boxrepsol.com\/en\/2019-motogp-calendar\/\">calendar<\/a> on our website.<\/p>\n<p>                <!-- Imagen relacionada --><br \/>\n        <img loading=\"lazy\" decoding=\"async\" width=\"404\" height=\"336\" src=\"https:\/\/bxrepsol.s3.eu-west-1.amazonaws.com\/static\/2022\/08\/05064214\/00_COTA_circuit_of_the_americas_motogp-1.jpg\" alt=\"vista desde el aire de circuito de competici\u00f3n\" \/><br \/>\n                <!-- Categor\u00eda --><br \/>\n            MotoGP<br \/>\n        <!-- T\u00edtulo --><br \/>\n        <a href=\"https:\/\/www.boxrepsol.com\/en\/motogp-en\/the-americas-timetables-motogp-2019\/\"><\/p>\n<h3>The Americas Timetables MotoGP 2019<\/h3>\n<p>        <\/a><br \/>\n                    <!-- Fecha --><br \/>\n            4 hours ago        <\/p>\n<h2>Americas GP FP1 &#038; 2 2019 &#8211; Rider&#8217;s statements<\/h2>\n<p><a href=\"https:\/\/twitter.com\/hashtag\/mm93?src=hash&#038;lang=en\">#MM93<\/a><\/p>\n<p><em>Today was not a straight forward day, the circuit has changed a lot since last year and it\u2019s bumpy so we had to adapt to this. We also had some other areas to work on and some things to try to improve our pace. The rhythm and the pace is there so we are happy and we even tried the soft rear to get a good lap. <\/p>\n<p>Overall it was a productive day and we did what we needed to. Of course this weekend we also have Nicky Hayden in our minds, remembering a great champion.<\/em><\/p>\n<hr\/>\n<p><a href=\"https:\/\/twitter.com\/hashtag\/jl99?src=hash&#038;lang=en\">#JL99<\/a><\/p>\n<p><em>A tricky day today. First of all the track is very bumpy for everyone and we need to improve a little bit to handle this. The circuit for me personally is always very difficult so it is quite complicated but we won\u2019t give up. We\u2019re trying many things to improve the bike and still perfecting the ergonomics to feel comfortable when changing direction. <\/p>\n<p>It was very special to have the ceremony for Nicky today, we all miss him a lot.<\/em><\/p>\n","protected":false},"excerpt":{"rendered":"<p>The reigning MotoGP World Champion headed the timesheets in the first practice session and finished the day with the second fastest time, 44 thousandths off the top spot. Jorge Lorenzo ended Friday sixteenth.<\/p>\n","protected":false},"author":1,"featured_media":61459,"comment_status":"open","ping_status":"open","sticky":false,"template":"","format":"standard","meta":{"footnotes":""},"categories":[146],"tags":[289,221],"class_list":["post-97380","post","type-post","status-publish","format-standard","hentry","category-motogp-en","tag-motogp-americas-en","tag-motogp-las-americas"],"yoast_head":"<!-- This site is optimized with the Yoast SEO plugin v27.3 - https:\/\/yoast.com\/product\/yoast-seo-wordpress\/ -->\n<title>FP 1 y 2 GP de las Am\u00e9ricas 2019 - Marc M\u00e1rquez y Jorge Lorenzo progresan durante el primer d\u00eda en Las Am\u00e9ricas<\/title>\n<meta name=\"description\" content=\"The reigning MotoGP World Champion headed the timesheets in the first practice session and finished the day with the second fastest time.\" \/>\n<link rel=\"canonical\" href=\"https:\/\/www.boxrepsol.com\/en\/motogp-en\/marc-marquez-and-jorge-lorenzo-make-progress-during-first-day-at-cota\/\" \/>\n<meta property=\"og:locale\" content=\"en_US\" \/>\n<meta property=\"og:type\" content=\"article\" \/>\n<meta property=\"og:title\" content=\"FP 1 y 2 GP de las Am\u00e9ricas 2019 - Marc M\u00e1rquez y Jorge Lorenzo progresan durante el primer d\u00eda en Las Am\u00e9ricas\" \/>\n<meta property=\"og:description\" content=\"The reigning MotoGP World Champion headed the timesheets in the first practice session and finished the day with the second fastest time.\" \/>\n<meta property=\"og:url\" content=\"https:\/\/www.boxrepsol.com\/en\/motogp-en\/marc-marquez-and-jorge-lorenzo-make-progress-during-first-day-at-cota\/\" \/>\n<meta property=\"og:site_name\" content=\"Box Repsol\" \/>\n<meta property=\"article:publisher\" content=\"https:\/\/www.facebook.com\/BoxRepsol\" \/>\n<meta property=\"article:published_time\" content=\"2019-04-12T02:00:00+00:00\" \/>\n<meta property=\"article:modified_time\" content=\"2023-11-30T14:32:26+00:00\" \/>\n<meta property=\"og:image\" content=\"https:\/\/bxrepsol.s3.eu-west-1.amazonaws.com\/static\/2022\/08\/29084948\/00_marc_marquez_americas_cota_repsol_honda_motogp.jpg\" \/>\n\t<meta property=\"og:image:width\" content=\"1280\" \/>\n\t<meta property=\"og:image:height\" content=\"600\" \/>\n\t<meta property=\"og:image:type\" content=\"image\/jpeg\" \/>\n<meta name=\"author\" content=\"bx_ayesa\" \/>\n<meta name=\"twitter:card\" content=\"summary_large_image\" \/>\n<meta name=\"twitter:creator\" content=\"@box_repsol\" \/>\n<meta name=\"twitter:site\" content=\"@box_repsol\" \/>\n<meta name=\"twitter:label1\" content=\"Written by\" \/>\n\t<meta name=\"twitter:data1\" content=\"bx_ayesa\" \/>\n\t<meta name=\"twitter:label2\" content=\"Est. reading time\" \/>\n\t<meta name=\"twitter:data2\" content=\"2 minutes\" \/>\n<script type=\"application\/ld+json\" class=\"yoast-schema-graph\">{\"@context\":\"https:\\\/\\\/schema.org\",\"@graph\":[{\"@type\":\"Article\",\"@id\":\"https:\\\/\\\/www.boxrepsol.com\\\/en\\\/motogp-en\\\/marc-marquez-and-jorge-lorenzo-make-progress-during-first-day-at-cota\\\/#article\",\"isPartOf\":{\"@id\":\"https:\\\/\\\/www.boxrepsol.com\\\/en\\\/motogp-en\\\/marc-marquez-and-jorge-lorenzo-make-progress-during-first-day-at-cota\\\/\"},\"author\":{\"name\":\"bx_ayesa\",\"@id\":\"https:\\\/\\\/www.boxrepsol.com\\\/en\\\/#\\\/schema\\\/person\\\/d9d0f442a4332c7d099d31ffda4747a0\"},\"headline\":\"Marc M\u00e1rquez and Jorge Lorenzo make progress during first day at COTA\",\"datePublished\":\"2019-04-12T02:00:00+00:00\",\"dateModified\":\"2023-11-30T14:32:26+00:00\",\"mainEntityOfPage\":{\"@id\":\"https:\\\/\\\/www.boxrepsol.com\\\/en\\\/motogp-en\\\/marc-marquez-and-jorge-lorenzo-make-progress-during-first-day-at-cota\\\/\"},\"wordCount\":320,\"commentCount\":0,\"publisher\":{\"@id\":\"https:\\\/\\\/www.boxrepsol.com\\\/en\\\/#organization\"},\"image\":{\"@id\":\"https:\\\/\\\/www.boxrepsol.com\\\/en\\\/motogp-en\\\/marc-marquez-and-jorge-lorenzo-make-progress-during-first-day-at-cota\\\/#primaryimage\"},\"thumbnailUrl\":\"https:\\\/\\\/bxrepsol.s3.eu-west-1.amazonaws.com\\\/static\\\/2022\\\/08\\\/29084948\\\/00_marc_marquez_americas_cota_repsol_honda_motogp.jpg\",\"keywords\":[\"MotoGP Americas\",\"MotoGP Las Am\u00e9ricas\"],\"articleSection\":[\"MotoGP\"],\"inLanguage\":\"en-US\",\"potentialAction\":[{\"@type\":\"CommentAction\",\"name\":\"Comment\",\"target\":[\"https:\\\/\\\/www.boxrepsol.com\\\/en\\\/motogp-en\\\/marc-marquez-and-jorge-lorenzo-make-progress-during-first-day-at-cota\\\/#respond\"]}]},{\"@type\":\"WebPage\",\"@id\":\"https:\\\/\\\/www.boxrepsol.com\\\/en\\\/motogp-en\\\/marc-marquez-and-jorge-lorenzo-make-progress-during-first-day-at-cota\\\/\",\"url\":\"https:\\\/\\\/www.boxrepsol.com\\\/en\\\/motogp-en\\\/marc-marquez-and-jorge-lorenzo-make-progress-during-first-day-at-cota\\\/\",\"name\":\"FP 1 y 2 GP de las Am\u00e9ricas 2019 - Marc M\u00e1rquez y Jorge Lorenzo progresan durante el primer d\u00eda en Las Am\u00e9ricas\",\"isPartOf\":{\"@id\":\"https:\\\/\\\/www.boxrepsol.com\\\/en\\\/#website\"},\"primaryImageOfPage\":{\"@id\":\"https:\\\/\\\/www.boxrepsol.com\\\/en\\\/motogp-en\\\/marc-marquez-and-jorge-lorenzo-make-progress-during-first-day-at-cota\\\/#primaryimage\"},\"image\":{\"@id\":\"https:\\\/\\\/www.boxrepsol.com\\\/en\\\/motogp-en\\\/marc-marquez-and-jorge-lorenzo-make-progress-during-first-day-at-cota\\\/#primaryimage\"},\"thumbnailUrl\":\"https:\\\/\\\/bxrepsol.s3.eu-west-1.amazonaws.com\\\/static\\\/2022\\\/08\\\/29084948\\\/00_marc_marquez_americas_cota_repsol_honda_motogp.jpg\",\"datePublished\":\"2019-04-12T02:00:00+00:00\",\"dateModified\":\"2023-11-30T14:32:26+00:00\",\"description\":\"The reigning MotoGP World Champion headed the timesheets in the first practice session and finished the day with the second fastest time.\",\"breadcrumb\":{\"@id\":\"https:\\\/\\\/www.boxrepsol.com\\\/en\\\/motogp-en\\\/marc-marquez-and-jorge-lorenzo-make-progress-during-first-day-at-cota\\\/#breadcrumb\"},\"inLanguage\":\"en-US\",\"potentialAction\":[{\"@type\":\"ReadAction\",\"target\":[\"https:\\\/\\\/www.boxrepsol.com\\\/en\\\/motogp-en\\\/marc-marquez-and-jorge-lorenzo-make-progress-during-first-day-at-cota\\\/\"]}]},{\"@type\":\"ImageObject\",\"inLanguage\":\"en-US\",\"@id\":\"https:\\\/\\\/www.boxrepsol.com\\\/en\\\/motogp-en\\\/marc-marquez-and-jorge-lorenzo-make-progress-during-first-day-at-cota\\\/#primaryimage\",\"url\":\"https:\\\/\\\/bxrepsol.s3.eu-west-1.amazonaws.com\\\/static\\\/2022\\\/08\\\/29084948\\\/00_marc_marquez_americas_cota_repsol_honda_motogp.jpg\",\"contentUrl\":\"https:\\\/\\\/bxrepsol.s3.eu-west-1.amazonaws.com\\\/static\\\/2022\\\/08\\\/29084948\\\/00_marc_marquez_americas_cota_repsol_honda_motogp.jpg\",\"width\":1280,\"height\":600,\"caption\":\"Marc M\u00e1rquez en sector de curvas enlazadas en COTA\"},{\"@type\":\"BreadcrumbList\",\"@id\":\"https:\\\/\\\/www.boxrepsol.com\\\/en\\\/motogp-en\\\/marc-marquez-and-jorge-lorenzo-make-progress-during-first-day-at-cota\\\/#breadcrumb\",\"itemListElement\":[{\"@type\":\"ListItem\",\"position\":1,\"name\":\"Home\",\"item\":\"https:\\\/\\\/www.boxrepsol.com\\\/en\\\/\"},{\"@type\":\"ListItem\",\"position\":2,\"name\":\"Marc M\u00e1rquez and Jorge Lorenzo make progress during first day at COTA\"}]},{\"@type\":\"WebSite\",\"@id\":\"https:\\\/\\\/www.boxrepsol.com\\\/en\\\/#website\",\"url\":\"https:\\\/\\\/www.boxrepsol.com\\\/en\\\/\",\"name\":\"Box Repsol\",\"description\":\"Box Repsol Site\",\"publisher\":{\"@id\":\"https:\\\/\\\/www.boxrepsol.com\\\/en\\\/#organization\"},\"potentialAction\":[{\"@type\":\"SearchAction\",\"target\":{\"@type\":\"EntryPoint\",\"urlTemplate\":\"https:\\\/\\\/www.boxrepsol.com\\\/en\\\/?s={search_term_string}\"},\"query-input\":{\"@type\":\"PropertyValueSpecification\",\"valueRequired\":true,\"valueName\":\"search_term_string\"}}],\"inLanguage\":\"en-US\"},{\"@type\":\"Organization\",\"@id\":\"https:\\\/\\\/www.boxrepsol.com\\\/en\\\/#organization\",\"name\":\"Box Repsol\",\"url\":\"https:\\\/\\\/www.boxrepsol.com\\\/en\\\/\",\"logo\":{\"@type\":\"ImageObject\",\"inLanguage\":\"en-US\",\"@id\":\"https:\\\/\\\/www.boxrepsol.com\\\/en\\\/#\\\/schema\\\/logo\\\/image\\\/\",\"url\":\"https:\\\/\\\/bxrepsol.s3.eu-west-1.amazonaws.com\\\/static\\\/2025\\\/07\\\/30083337\\\/favicon-96x96-1.png\",\"contentUrl\":\"https:\\\/\\\/bxrepsol.s3.eu-west-1.amazonaws.com\\\/static\\\/2025\\\/07\\\/30083337\\\/favicon-96x96-1.png\",\"width\":96,\"height\":96,\"caption\":\"Box Repsol\"},\"image\":{\"@id\":\"https:\\\/\\\/www.boxrepsol.com\\\/en\\\/#\\\/schema\\\/logo\\\/image\\\/\"},\"sameAs\":[\"https:\\\/\\\/www.facebook.com\\\/BoxRepsol\",\"https:\\\/\\\/x.com\\\/box_repsol\",\"http:\\\/\\\/instagram.com\\\/box_repsol\",\"https:\\\/\\\/www.youtube.com\\\/user\\\/RepsolCompeticion\",\"https:\\\/\\\/www.flickr.com\\\/photos\\\/box_repsol\\\/\"]},{\"@type\":\"Person\",\"@id\":\"https:\\\/\\\/www.boxrepsol.com\\\/en\\\/#\\\/schema\\\/person\\\/d9d0f442a4332c7d099d31ffda4747a0\",\"name\":\"bx_ayesa\",\"image\":{\"@type\":\"ImageObject\",\"inLanguage\":\"en-US\",\"@id\":\"https:\\\/\\\/secure.gravatar.com\\\/avatar\\\/059e1b9d3585083708845ba70e8dd968f143ff35f5e0e10cf2d1e7afe2c6a878?s=96&d=mm&r=g\",\"url\":\"https:\\\/\\\/secure.gravatar.com\\\/avatar\\\/059e1b9d3585083708845ba70e8dd968f143ff35f5e0e10cf2d1e7afe2c6a878?s=96&d=mm&r=g\",\"contentUrl\":\"https:\\\/\\\/secure.gravatar.com\\\/avatar\\\/059e1b9d3585083708845ba70e8dd968f143ff35f5e0e10cf2d1e7afe2c6a878?s=96&d=mm&r=g\",\"caption\":\"bx_ayesa\"},\"sameAs\":[\"http:\\\/\\\/54.155.157.200\"],\"url\":\"https:\\\/\\\/www.boxrepsol.com\\\/en\\\/author\\\/bx_ayesa\\\/\"}]}<\/script>\n<!-- \/ Yoast SEO plugin. -->","yoast_head_json":{"title":"FP 1 y 2 GP de las Am\u00e9ricas 2019 - Marc M\u00e1rquez y Jorge Lorenzo progresan durante el primer d\u00eda en Las Am\u00e9ricas","description":"The reigning MotoGP World Champion headed the timesheets in the first practice session and finished the day with the second fastest time.","canonical":"https:\/\/www.boxrepsol.com\/en\/motogp-en\/marc-marquez-and-jorge-lorenzo-make-progress-during-first-day-at-cota\/","og_locale":"en_US","og_type":"article","og_title":"FP 1 y 2 GP de las Am\u00e9ricas 2019 - Marc M\u00e1rquez y Jorge Lorenzo progresan durante el primer d\u00eda en Las Am\u00e9ricas","og_description":"The reigning MotoGP World Champion headed the timesheets in the first practice session and finished the day with the second fastest time.","og_url":"https:\/\/www.boxrepsol.com\/en\/motogp-en\/marc-marquez-and-jorge-lorenzo-make-progress-during-first-day-at-cota\/","og_site_name":"Box Repsol","article_publisher":"https:\/\/www.facebook.com\/BoxRepsol","article_published_time":"2019-04-12T02:00:00+00:00","article_modified_time":"2023-11-30T14:32:26+00:00","og_image":[{"width":1280,"height":600,"url":"https:\/\/bxrepsol.s3.eu-west-1.amazonaws.com\/static\/2022\/08\/29084948\/00_marc_marquez_americas_cota_repsol_honda_motogp.jpg","type":"image\/jpeg"}],"author":"bx_ayesa","twitter_card":"summary_large_image","twitter_creator":"@box_repsol","twitter_site":"@box_repsol","twitter_misc":{"Written by":"bx_ayesa","Est. reading time":"2 minutes"},"schema":{"@context":"https:\/\/schema.org","@graph":[{"@type":"Article","@id":"https:\/\/www.boxrepsol.com\/en\/motogp-en\/marc-marquez-and-jorge-lorenzo-make-progress-during-first-day-at-cota\/#article","isPartOf":{"@id":"https:\/\/www.boxrepsol.com\/en\/motogp-en\/marc-marquez-and-jorge-lorenzo-make-progress-during-first-day-at-cota\/"},"author":{"name":"bx_ayesa","@id":"https:\/\/www.boxrepsol.com\/en\/#\/schema\/person\/d9d0f442a4332c7d099d31ffda4747a0"},"headline":"Marc M\u00e1rquez and Jorge Lorenzo make progress during first day at COTA","datePublished":"2019-04-12T02:00:00+00:00","dateModified":"2023-11-30T14:32:26+00:00","mainEntityOfPage":{"@id":"https:\/\/www.boxrepsol.com\/en\/motogp-en\/marc-marquez-and-jorge-lorenzo-make-progress-during-first-day-at-cota\/"},"wordCount":320,"commentCount":0,"publisher":{"@id":"https:\/\/www.boxrepsol.com\/en\/#organization"},"image":{"@id":"https:\/\/www.boxrepsol.com\/en\/motogp-en\/marc-marquez-and-jorge-lorenzo-make-progress-during-first-day-at-cota\/#primaryimage"},"thumbnailUrl":"https:\/\/bxrepsol.s3.eu-west-1.amazonaws.com\/static\/2022\/08\/29084948\/00_marc_marquez_americas_cota_repsol_honda_motogp.jpg","keywords":["MotoGP Americas","MotoGP Las Am\u00e9ricas"],"articleSection":["MotoGP"],"inLanguage":"en-US","potentialAction":[{"@type":"CommentAction","name":"Comment","target":["https:\/\/www.boxrepsol.com\/en\/motogp-en\/marc-marquez-and-jorge-lorenzo-make-progress-during-first-day-at-cota\/#respond"]}]},{"@type":"WebPage","@id":"https:\/\/www.boxrepsol.com\/en\/motogp-en\/marc-marquez-and-jorge-lorenzo-make-progress-during-first-day-at-cota\/","url":"https:\/\/www.boxrepsol.com\/en\/motogp-en\/marc-marquez-and-jorge-lorenzo-make-progress-during-first-day-at-cota\/","name":"FP 1 y 2 GP de las Am\u00e9ricas 2019 - Marc M\u00e1rquez y Jorge Lorenzo progresan durante el primer d\u00eda en Las Am\u00e9ricas","isPartOf":{"@id":"https:\/\/www.boxrepsol.com\/en\/#website"},"primaryImageOfPage":{"@id":"https:\/\/www.boxrepsol.com\/en\/motogp-en\/marc-marquez-and-jorge-lorenzo-make-progress-during-first-day-at-cota\/#primaryimage"},"image":{"@id":"https:\/\/www.boxrepsol.com\/en\/motogp-en\/marc-marquez-and-jorge-lorenzo-make-progress-during-first-day-at-cota\/#primaryimage"},"thumbnailUrl":"https:\/\/bxrepsol.s3.eu-west-1.amazonaws.com\/static\/2022\/08\/29084948\/00_marc_marquez_americas_cota_repsol_honda_motogp.jpg","datePublished":"2019-04-12T02:00:00+00:00","dateModified":"2023-11-30T14:32:26+00:00","description":"The reigning MotoGP World Champion headed the timesheets in the first practice session and finished the day with the second fastest time.","breadcrumb":{"@id":"https:\/\/www.boxrepsol.com\/en\/motogp-en\/marc-marquez-and-jorge-lorenzo-make-progress-during-first-day-at-cota\/#breadcrumb"},"inLanguage":"en-US","potentialAction":[{"@type":"ReadAction","target":["https:\/\/www.boxrepsol.com\/en\/motogp-en\/marc-marquez-and-jorge-lorenzo-make-progress-during-first-day-at-cota\/"]}]},{"@type":"ImageObject","inLanguage":"en-US","@id":"https:\/\/www.boxrepsol.com\/en\/motogp-en\/marc-marquez-and-jorge-lorenzo-make-progress-during-first-day-at-cota\/#primaryimage","url":"https:\/\/bxrepsol.s3.eu-west-1.amazonaws.com\/static\/2022\/08\/29084948\/00_marc_marquez_americas_cota_repsol_honda_motogp.jpg","contentUrl":"https:\/\/bxrepsol.s3.eu-west-1.amazonaws.com\/static\/2022\/08\/29084948\/00_marc_marquez_americas_cota_repsol_honda_motogp.jpg","width":1280,"height":600,"caption":"Marc M\u00e1rquez en sector de curvas enlazadas en COTA"},{"@type":"BreadcrumbList","@id":"https:\/\/www.boxrepsol.com\/en\/motogp-en\/marc-marquez-and-jorge-lorenzo-make-progress-during-first-day-at-cota\/#breadcrumb","itemListElement":[{"@type":"ListItem","position":1,"name":"Home","item":"https:\/\/www.boxrepsol.com\/en\/"},{"@type":"ListItem","position":2,"name":"Marc M\u00e1rquez and Jorge Lorenzo make progress during first day at COTA"}]},{"@type":"WebSite","@id":"https:\/\/www.boxrepsol.com\/en\/#website","url":"https:\/\/www.boxrepsol.com\/en\/","name":"Box Repsol","description":"Box Repsol Site","publisher":{"@id":"https:\/\/www.boxrepsol.com\/en\/#organization"},"potentialAction":[{"@type":"SearchAction","target":{"@type":"EntryPoint","urlTemplate":"https:\/\/www.boxrepsol.com\/en\/?s={search_term_string}"},"query-input":{"@type":"PropertyValueSpecification","valueRequired":true,"valueName":"search_term_string"}}],"inLanguage":"en-US"},{"@type":"Organization","@id":"https:\/\/www.boxrepsol.com\/en\/#organization","name":"Box Repsol","url":"https:\/\/www.boxrepsol.com\/en\/","logo":{"@type":"ImageObject","inLanguage":"en-US","@id":"https:\/\/www.boxrepsol.com\/en\/#\/schema\/logo\/image\/","url":"https:\/\/bxrepsol.s3.eu-west-1.amazonaws.com\/static\/2025\/07\/30083337\/favicon-96x96-1.png","contentUrl":"https:\/\/bxrepsol.s3.eu-west-1.amazonaws.com\/static\/2025\/07\/30083337\/favicon-96x96-1.png","width":96,"height":96,"caption":"Box Repsol"},"image":{"@id":"https:\/\/www.boxrepsol.com\/en\/#\/schema\/logo\/image\/"},"sameAs":["https:\/\/www.facebook.com\/BoxRepsol","https:\/\/x.com\/box_repsol","http:\/\/instagram.com\/box_repsol","https:\/\/www.youtube.com\/user\/RepsolCompeticion","https:\/\/www.flickr.com\/photos\/box_repsol\/"]},{"@type":"Person","@id":"https:\/\/www.boxrepsol.com\/en\/#\/schema\/person\/d9d0f442a4332c7d099d31ffda4747a0","name":"bx_ayesa","image":{"@type":"ImageObject","inLanguage":"en-US","@id":"https:\/\/secure.gravatar.com\/avatar\/059e1b9d3585083708845ba70e8dd968f143ff35f5e0e10cf2d1e7afe2c6a878?s=96&d=mm&r=g","url":"https:\/\/secure.gravatar.com\/avatar\/059e1b9d3585083708845ba70e8dd968f143ff35f5e0e10cf2d1e7afe2c6a878?s=96&d=mm&r=g","contentUrl":"https:\/\/secure.gravatar.com\/avatar\/059e1b9d3585083708845ba70e8dd968f143ff35f5e0e10cf2d1e7afe2c6a878?s=96&d=mm&r=g","caption":"bx_ayesa"},"sameAs":["http:\/\/54.155.157.200"],"url":"https:\/\/www.boxrepsol.com\/en\/author\/bx_ayesa\/"}]}},"_links":{"self":[{"href":"https:\/\/www.boxrepsol.com\/en\/wp-json\/wp\/v2\/posts\/97380","targetHints":{"allow":["GET"]}}],"collection":[{"href":"https:\/\/www.boxrepsol.com\/en\/wp-json\/wp\/v2\/posts"}],"about":[{"href":"https:\/\/www.boxrepsol.com\/en\/wp-json\/wp\/v2\/types\/post"}],"author":[{"embeddable":true,"href":"https:\/\/www.boxrepsol.com\/en\/wp-json\/wp\/v2\/users\/1"}],"replies":[{"embeddable":true,"href":"https:\/\/www.boxrepsol.com\/en\/wp-json\/wp\/v2\/comments?post=97380"}],"version-history":[{"count":2,"href":"https:\/\/www.boxrepsol.com\/en\/wp-json\/wp\/v2\/posts\/97380\/revisions"}],"predecessor-version":[{"id":108874,"href":"https:\/\/www.boxrepsol.com\/en\/wp-json\/wp\/v2\/posts\/97380\/revisions\/108874"}],"wp:featuredmedia":[{"embeddable":true,"href":"https:\/\/www.boxrepsol.com\/en\/wp-json\/wp\/v2\/media\/61459"}],"wp:attachment":[{"href":"https:\/\/www.boxrepsol.com\/en\/wp-json\/wp\/v2\/media?parent=97380"}],"wp:term":[{"taxonomy":"category","embeddable":true,"href":"https:\/\/www.boxrepsol.com\/en\/wp-json\/wp\/v2\/categories?post=97380"},{"taxonomy":"post_tag","embeddable":true,"href":"https:\/\/www.boxrepsol.com\/en\/wp-json\/wp\/v2\/tags?post=97380"}],"curies":[{"name":"wp","href":"https:\/\/api.w.org\/{rel}","templated":true}]}}