{"id":97293,"date":"2019-01-23T00:00:00","date_gmt":"2019-01-23T02:00:00","guid":{"rendered":"http:\/\/pre.boxrepsol.com\/uncategorized\/marquez-and-lorenzo-inaugurate-25th-anniversary-of-repsol-honda-team\/"},"modified":"2023-02-27T07:15:53","modified_gmt":"2023-02-27T09:15:53","slug":"marquez-and-lorenzo-inaugurate-25th-anniversary-of-repsol-honda-team","status":"publish","type":"post","link":"https:\/\/www.boxrepsol.com\/en\/motogp-en\/marquez-and-lorenzo-inaugurate-25th-anniversary-of-repsol-honda-team\/","title":{"rendered":"M\u00e1rquez and Lorenzo inaugurate 25th anniversary of Repsol Honda Team"},"content":{"rendered":"<p>Marc M\u00e1rquez and Jorge Lorenzo took part in their first official event together as teammates on the Repsol Honda team this Wednesday. <strong>The MotoGP World Championship winning riders in eight of the last nine seasons<\/strong> were protagonists in a very special presentation, coinciding with the start of Repsol Honda\u2019s 25th anniversary celebrations. The event also included two legends who were part of the team\u2019s first lineup in 1995: <strong>Mick Doohan<\/strong> and <strong>\u00c1lex Crivill\u00e9<\/strong>.<\/p>\n<p>The presentation included the<strong> Chairman of Repsol, Antonio Brufau<\/strong>, and the <strong>Director of Honda Racing Corporation (HRC), Tetsuhiro Kuwata<\/strong>, who were accompanied during the event by the Director General of Communication and of the Presidency of the energy company, Bego\u00f1a Elices, Dorna CEO Carmelo Ezpeleta, and the presidents of the FIM Jorge Viegas, and the Spanish Motorcycling Federation, Manuel Casado.<\/p>\n<blockquote><p>\n\t<a href=\"http:\/\/twitter.com\/share?text=Marc%3A+%E2%80%9CIt+is+a+privilege+to+be+part+of+the+family+that+is+the+Repsol+Honda+team.%E2%80%9D&#038;url=https%3A%2F%2Fwww.boxrepsol.com%2Fen%2Fmotogp-en%2Fmarquez-and-lorenzo-inaugurate-25th-anniversary-of-repsol-honda-team%2F\" target=\"_blank\" rel=\"noopener\"><\/p>\n<p>Marc: \u201cIt is a privilege to be part of the family that is the Repsol Honda team.\u201d<\/p>\n<p>\t<\/a>\n<\/p><\/blockquote>\n<p><strong>Doohan, Crivill\u00e9, M\u00e1rquez and Lorenzo, representing the past and present of the team<\/strong>, competed in a virtual race, in which the first Honda <a href=\"https:\/\/www.boxrepsol.com\/en\/technology\/the-honda-nsr500-engine-evolution\/\">NSR 500<\/a> and the current <a href=\"https:\/\/www.boxrepsol.com\/en\/motogp-en\/evolution-of-the-repsol-honda-engine-the-rc212v-and-the-rc213v\/\">RC213V<\/a> shared a track in front of more than 150 journalists from a dozen countries, such as Spain, Italy, the United Kingdom, Germany, France and Portugal.<\/p>\n<p><a href=\"https:\/\/www.boxrepsol.com\/en\/motogp-en\/repsol-and-honda-renew-motogp-alliance-to-reach-25-year-anniversary-in-2019\/\">Repsol and Honda form the most successful alliance in MotoGP<\/a> World Championship history, with 401 races contested, 168 victories, 14 World Championships, 427 podiums, 182 fastest laps and 177 pole positions. <strong>This collaboration has become a synonym for success and technological evolution<\/strong>, aided by the close relationship that exists between the Honda research centres in Saitama (Japan) and the Repsol Technology Lab, which is located in M\u00f3stoles (Spain).<\/p>\n<p>The team were behind the four titles for Mick Doohan; the first 500cc World Championship for a Spanish rider with Alex Crivill\u00e9; and the youngest MotoGP championship title win in history, with <a href=\"https:\/\/www.boxrepsol.com\/en\/repsol-team\/marc-marquez\/\">Marc M\u00e1rquez<\/a>.<\/p>\n<p><a href=\"https:\/\/bxrepsol.s3.eu-west-1.amazonaws.com\/static\/2022\/08\/05063625\/01_mick_doohan_alex_criville_marc_marquez_jorge_lorenzo_presentacion_repsol_honda_motogp_2019.jpg\" \n   title=\"Mick Doohan, Marc Marquez, Jorge Lorenzo y \u00c1lex Crivill\u00e9 en atuendo de piloto\" \n   data-gallery-thumbnail=\"https:\/\/bxrepsol.s3.eu-west-1.amazonaws.com\/static\/2022\/08\/05063625\/01_mick_doohan_alex_criville_marc_marquez_jorge_lorenzo_presentacion_repsol_honda_motogp_2019.jpg\"\n   data-gallery-title=\"\"\n   data-gallery><\/p>\n<figure>\n        <picture style=\"padding-bottom: 66.666666666667%; background-image: url(https:\/\/bxrepsol.s3.eu-west-1.amazonaws.com\/static\/2022\/08\/05063625\/01_mick_doohan_alex_criville_marc_marquez_jorge_lorenzo_presentacion_repsol_honda_motogp_2019.jpg);\">\n            <img decoding=\"async\" src=\"https:\/\/bxrepsol.s3.eu-west-1.amazonaws.com\/static\/2022\/08\/05063625\/01_mick_doohan_alex_criville_marc_marquez_jorge_lorenzo_presentacion_repsol_honda_motogp_2019.jpg\"><br \/>\n            <img itemprop=\"image\"\n                data-srcset=\"https:\/\/bxrepsol.s3.eu-west-1.amazonaws.com\/static\/2022\/08\/05063625\/01_mick_doohan_alex_criville_marc_marquez_jorge_lorenzo_presentacion_repsol_honda_motogp_2019.jpg 480w, https:\/\/bxrepsol.s3.eu-west-1.amazonaws.com\/static\/2022\/08\/05063625\/01_mick_doohan_alex_criville_marc_marquez_jorge_lorenzo_presentacion_repsol_honda_motogp_2019.jpg 600w, https:\/\/bxrepsol.s3.eu-west-1.amazonaws.com\/static\/2022\/08\/05063625\/01_mick_doohan_alex_criville_marc_marquez_jorge_lorenzo_presentacion_repsol_honda_motogp_2019.jpg 900w, https:\/\/bxrepsol.s3.eu-west-1.amazonaws.com\/static\/2022\/08\/05063625\/01_mick_doohan_alex_criville_marc_marquez_jorge_lorenzo_presentacion_repsol_honda_motogp_2019.jpg 1280w\"\n                data-src=\"https:\/\/bxrepsol.s3.eu-west-1.amazonaws.com\/static\/2022\/08\/05063625\/01_mick_doohan_alex_criville_marc_marquez_jorge_lorenzo_presentacion_repsol_honda_motogp_2019.jpg\"\n                alt=\"Mick Doohan, Marc Marquez, Jorge Lorenzo y \u00c1lex Crivill\u00e9 en atuendo de piloto\"\n                title=\"Mick Doohan, Marc Marquez, Jorge Lorenzo y \u00c1lex Crivill\u00e9 en la presentaci\u00f3n del Equipo Repsol Honda\"\/><br \/>\n            <noscript><img decoding=\"async\" src=\"https:\/\/bxrepsol.s3.eu-west-1.amazonaws.com\/static\/2022\/08\/05063625\/01_mick_doohan_alex_criville_marc_marquez_jorge_lorenzo_presentacion_repsol_honda_motogp_2019.jpg\" alt=\"Mick Doohan, Marc Marquez, Jorge Lorenzo y \u00c1lex Crivill\u00e9 en atuendo de piloto\"><\/noscript>\n        <\/picture><figcaption>Mick Doohan, Marc Marquez, Jorge Lorenzo y \u00c1lex Crivill\u00e9 en atuendo de piloto<\/figcaption><\/figure>\n<p><\/a><\/p>\n<h2><strong>Half a century of Repsol sport sponsorship<\/strong><\/h2>\n<p>2019 also marks <strong>the 50th anniversary of Repsol\u2019s participation in the world of sports sponsorship<\/strong>. In 1969 Repsol became the first company in Spain to display its logo in motorsport competitions. This was the era of \u00c1ngel Nieto, who in 1971 had an \u201cR\u201d on the fairing of his bike. Following this, Carlos Sainz in the World Rally Championship, <a href=\"https:\/\/www.boxrepsol.com\/en\/motogp-en\/interview-with-pedro-martinez-la-rosa\/\">Pedro Mart\u00ednez de la Rosa<\/a> in Formula 1, <a href=\"https:\/\/www.boxrepsol.com\/en\/motogp-en\/with-how-young-marc-is-i-think-hell-be-able-to-win-ten-titles\/\">Nani Roma<\/a> and <a href=\"https:\/\/www.boxrepsol.com\/en\/motogp-en\/marc-coma-interview-motogp-2018\/\">Marc Coma<\/a> in the Dakar, and the 24 world titles for <a href=\"https:\/\/www.boxrepsol.com\/en\/motogp-en\/toni-bou-marc-no-limits\/\">Toni Bou<\/a> have been among many other successes earned by the partnership.<\/p>\n<p>Repsol lleva medio siglo patrocinando <strong>el segundo deporte con m\u00e1s aficionados en Espa\u00f1a: las competiciones de motor<\/strong>. En todos estos a\u00f1os, la compa\u00f1\u00eda energ\u00e9tica ha estado presente en pr\u00e1cticamente todas las disciplinas y categor\u00edas del motor, apoyando a equipos, pilotos y competiciones, y respaldando de forma constante el deporte de motor desde la base.<\/p>\n<blockquote><p>\n\t<a href=\"http:\/\/twitter.com\/share?text=Jorge%3A+%E2%80%9CIt+is+a+dream+for+any+rider+to+be+part+of+this+team.%E2%80%9D&#038;url=https%3A%2F%2Fwww.boxrepsol.com%2Fen%2Fmotogp-en%2Fmarquez-and-lorenzo-inaugurate-25th-anniversary-of-repsol-honda-team%2F\" target=\"_blank\" rel=\"noopener\"><\/p>\n<p>Jorge: \u201cIt is a dream for any rider to be part of this team.\u201d<\/p>\n<p>\t<\/a>\n<\/p><\/blockquote>\n<p>The company\u2019s involvement goes well beyond sport. Researchers from the<strong> Repsol Technology Lab<\/strong> have been working since the mid-90s on the preparation of the <strong>best fuels and lubricants<\/strong>. In 2018 they dedicated around 10,000 hours to the competition program. For this season, 6,000 litres of lubricant and approximately 40,000 litres of fuel have been manufactured for the Repsol Honda Team.<strong> The high competition allows them evolve, in extreme conditions, the products that will later be made available to customers.<\/strong><\/p>\n<hr \/>\n<h2>Marc M\u00e1rquez<\/h2>\n<p><em><strong>It is a privilege to be part of the family that is the Repsol Honda team<\/strong>. When I was young and I watched races from the sofa at my house I wanted to be here wearing these colours. It was a privilege to start collaborating with Repsol and have their support in the Spanish Championship and, later, to work with them in the World Championship.<\/em><\/p>\n<p><em>And now I\u2019m here, helping Repsol and Honda win more titles, making their history even more successful. It\u2019s something that makes me very happy. When I was in Moto2 I knew that I wanted to ride for Repsol Honda and I wanted to win the MotoGP title. That\u2019s why, when journalists ask me if I\u2019m going to change teams, I think: <strong>Why would I change if I\u2019m already part of an incredible team? <\/strong><\/em><\/p>\n<p><em>Here we are a family, <strong>the relationship with Repsol and Honda is fantastic and this is something very important for achieving our goals<\/strong>, year after year. I hope that by the end of 2019 we can celebrate something beautiful together.<\/em><\/p>\n<hr \/>\n<h2>Jorge Lorenzo<\/h2>\n<p><em><strong>Repsol Honda are on a different level in every way<\/strong>. I could see it at the Valencia test, when I had many people around me listening to what I was saying. It is a dream for any rider to be part of this team.<strong> I am very demanding on myself and always try to get the best out of each situation<\/strong>; I want to repay the team for all the trust they have given me with good results. <\/em><\/p>\n<p><em><strong>I am very proud to be on a team with as many victories and as much history as Repsol Honda<\/strong>. I like the bike a lot, it turns in very well and is very docile; In addition, the team gave me a very warm welcome from my first day here. My main objective for 2019 is, first of all, to recover one hundred percent and be able to demonstrate on track that <strong>we really are the Dream Team that people are talking about<\/strong>.<\/em><\/p>\n<hr \/>\n<h2>Antonio Brufau<\/h2>\n<p><em>We are proud to celebrate the 25th anniversary of the collaboration between Repsol and Honda. This alliance is a way of demonstrating that every year we improve both our fuel and our lubricants, thanks to the collaboration between the engineers and everybody involved in the team. <\/em><\/p>\n<p><em><strong>This is a very competitive field and our alliance has been very successful<\/strong>, so we would like to thank Honda for all their effort, talent and contribution to this team. I hope we can celebrate a great 2019 and that this collaboration between Repsol and Honda continues to be as strong as ever.<\/em><\/p>\n<hr \/>\n<h2>Tetsuhiro Kuwata<\/h2>\n<p><em><strong>Repsol and Honda have worked together for years, 25 in fact, to achieve excellence<\/strong>; for our customers, for our fans and for our riders. In this long period we have maintained our determination and target of improving our products, raising the bar once again. And year on year we are getting closer and we are chasing our dreams of a better product constantly. <\/em><\/p>\n<p><em><strong>Today, we are happy to reveal the new Repsol Honda team with two riders that have demonstrated the excellence in all areas<\/strong> that riders need to be the best. The Repsol Honda team is always looking for this excellent, it\u2019s our duty to give the riders the best we can possibly can, and we believe<strong> there is no better combination than Repsol and Honda for this task<\/strong>.<\/em><\/p>\n","protected":false},"excerpt":{"rendered":"<p>2019 rider lineup presents the team\u2019s project for the coming season at Repsol\u2019s Madrid headquarters.<\/p>\n","protected":false},"author":1,"featured_media":60849,"comment_status":"open","ping_status":"open","sticky":false,"template":"","format":"standard","meta":{"footnotes":""},"categories":[146],"tags":[281,8],"class_list":["post-97293","post","type-post","status-publish","format-standard","hentry","category-motogp-en","tag-equipo-repsol-honda-en","tag-repsol-honda-team"],"yoast_head":"<!-- This site is optimized with the Yoast SEO plugin v27.3 - https:\/\/yoast.com\/product\/yoast-seo-wordpress\/ -->\n<title>Repsol Honda 2019 presentation - M\u00e1rquez and Lorenzo inaugurate 25th anniversary of Repsol Honda Team<\/title>\n<meta name=\"description\" content=\"2019 rider lineup presents the team\u2019s project for the coming season at Repsol\u2019s Madrid headquarters.\" \/>\n<link rel=\"canonical\" href=\"https:\/\/www.boxrepsol.com\/en\/motogp-en\/marquez-and-lorenzo-inaugurate-25th-anniversary-of-repsol-honda-team\/\" \/>\n<meta property=\"og:locale\" content=\"en_US\" \/>\n<meta property=\"og:type\" content=\"article\" \/>\n<meta property=\"og:title\" content=\"Repsol Honda 2019 presentation - M\u00e1rquez and Lorenzo inaugurate 25th anniversary of Repsol Honda Team\" \/>\n<meta property=\"og:description\" content=\"2019 rider lineup presents the team\u2019s project for the coming season at Repsol\u2019s Madrid headquarters.\" \/>\n<meta property=\"og:url\" content=\"https:\/\/www.boxrepsol.com\/en\/motogp-en\/marquez-and-lorenzo-inaugurate-25th-anniversary-of-repsol-honda-team\/\" \/>\n<meta property=\"og:site_name\" content=\"Box Repsol\" \/>\n<meta property=\"article:publisher\" content=\"https:\/\/www.facebook.com\/BoxRepsol\" \/>\n<meta property=\"article:published_time\" content=\"2019-01-23T02:00:00+00:00\" \/>\n<meta property=\"article:modified_time\" content=\"2023-02-27T09:15:53+00:00\" \/>\n<meta property=\"og:image\" content=\"https:\/\/bxrepsol.s3.eu-west-1.amazonaws.com\/static\/2022\/08\/29084343\/00_jorge_lorenzo_marc_marquez_dandose_la_mano_presentacion_repsol_honda_2019.jpg\" \/>\n\t<meta property=\"og:image:width\" content=\"1280\" \/>\n\t<meta property=\"og:image:height\" content=\"600\" \/>\n\t<meta property=\"og:image:type\" content=\"image\/jpeg\" \/>\n<meta name=\"author\" content=\"bx_ayesa\" \/>\n<meta name=\"twitter:card\" content=\"summary_large_image\" \/>\n<meta name=\"twitter:creator\" content=\"@box_repsol\" \/>\n<meta name=\"twitter:site\" content=\"@box_repsol\" \/>\n<meta name=\"twitter:label1\" content=\"Written by\" \/>\n\t<meta name=\"twitter:data1\" content=\"bx_ayesa\" \/>\n\t<meta name=\"twitter:label2\" content=\"Est. reading time\" \/>\n\t<meta name=\"twitter:data2\" content=\"6 minutes\" \/>\n<script type=\"application\/ld+json\" class=\"yoast-schema-graph\">{\"@context\":\"https:\\\/\\\/schema.org\",\"@graph\":[{\"@type\":\"Article\",\"@id\":\"https:\\\/\\\/www.boxrepsol.com\\\/en\\\/motogp-en\\\/marquez-and-lorenzo-inaugurate-25th-anniversary-of-repsol-honda-team\\\/#article\",\"isPartOf\":{\"@id\":\"https:\\\/\\\/www.boxrepsol.com\\\/en\\\/motogp-en\\\/marquez-and-lorenzo-inaugurate-25th-anniversary-of-repsol-honda-team\\\/\"},\"author\":{\"name\":\"bx_ayesa\",\"@id\":\"https:\\\/\\\/www.boxrepsol.com\\\/en\\\/#\\\/schema\\\/person\\\/d9d0f442a4332c7d099d31ffda4747a0\"},\"headline\":\"M\u00e1rquez and Lorenzo inaugurate 25th anniversary of Repsol Honda Team\",\"datePublished\":\"2019-01-23T02:00:00+00:00\",\"dateModified\":\"2023-02-27T09:15:53+00:00\",\"mainEntityOfPage\":{\"@id\":\"https:\\\/\\\/www.boxrepsol.com\\\/en\\\/motogp-en\\\/marquez-and-lorenzo-inaugurate-25th-anniversary-of-repsol-honda-team\\\/\"},\"wordCount\":1157,\"commentCount\":0,\"publisher\":{\"@id\":\"https:\\\/\\\/www.boxrepsol.com\\\/en\\\/#organization\"},\"image\":{\"@id\":\"https:\\\/\\\/www.boxrepsol.com\\\/en\\\/motogp-en\\\/marquez-and-lorenzo-inaugurate-25th-anniversary-of-repsol-honda-team\\\/#primaryimage\"},\"thumbnailUrl\":\"https:\\\/\\\/bxrepsol.s3.eu-west-1.amazonaws.com\\\/static\\\/2022\\\/08\\\/29084343\\\/00_jorge_lorenzo_marc_marquez_dandose_la_mano_presentacion_repsol_honda_2019.jpg\",\"keywords\":[\"Equipo Repsol Honda\",\"Repsol Honda Team\"],\"articleSection\":[\"MotoGP\"],\"inLanguage\":\"en-US\",\"potentialAction\":[{\"@type\":\"CommentAction\",\"name\":\"Comment\",\"target\":[\"https:\\\/\\\/www.boxrepsol.com\\\/en\\\/motogp-en\\\/marquez-and-lorenzo-inaugurate-25th-anniversary-of-repsol-honda-team\\\/#respond\"]}]},{\"@type\":\"WebPage\",\"@id\":\"https:\\\/\\\/www.boxrepsol.com\\\/en\\\/motogp-en\\\/marquez-and-lorenzo-inaugurate-25th-anniversary-of-repsol-honda-team\\\/\",\"url\":\"https:\\\/\\\/www.boxrepsol.com\\\/en\\\/motogp-en\\\/marquez-and-lorenzo-inaugurate-25th-anniversary-of-repsol-honda-team\\\/\",\"name\":\"Repsol Honda 2019 presentation - M\u00e1rquez and Lorenzo inaugurate 25th anniversary of Repsol Honda Team\",\"isPartOf\":{\"@id\":\"https:\\\/\\\/www.boxrepsol.com\\\/en\\\/#website\"},\"primaryImageOfPage\":{\"@id\":\"https:\\\/\\\/www.boxrepsol.com\\\/en\\\/motogp-en\\\/marquez-and-lorenzo-inaugurate-25th-anniversary-of-repsol-honda-team\\\/#primaryimage\"},\"image\":{\"@id\":\"https:\\\/\\\/www.boxrepsol.com\\\/en\\\/motogp-en\\\/marquez-and-lorenzo-inaugurate-25th-anniversary-of-repsol-honda-team\\\/#primaryimage\"},\"thumbnailUrl\":\"https:\\\/\\\/bxrepsol.s3.eu-west-1.amazonaws.com\\\/static\\\/2022\\\/08\\\/29084343\\\/00_jorge_lorenzo_marc_marquez_dandose_la_mano_presentacion_repsol_honda_2019.jpg\",\"datePublished\":\"2019-01-23T02:00:00+00:00\",\"dateModified\":\"2023-02-27T09:15:53+00:00\",\"description\":\"2019 rider lineup presents the team\u2019s project for the coming season at Repsol\u2019s Madrid headquarters.\",\"breadcrumb\":{\"@id\":\"https:\\\/\\\/www.boxrepsol.com\\\/en\\\/motogp-en\\\/marquez-and-lorenzo-inaugurate-25th-anniversary-of-repsol-honda-team\\\/#breadcrumb\"},\"inLanguage\":\"en-US\",\"potentialAction\":[{\"@type\":\"ReadAction\",\"target\":[\"https:\\\/\\\/www.boxrepsol.com\\\/en\\\/motogp-en\\\/marquez-and-lorenzo-inaugurate-25th-anniversary-of-repsol-honda-team\\\/\"]}]},{\"@type\":\"ImageObject\",\"inLanguage\":\"en-US\",\"@id\":\"https:\\\/\\\/www.boxrepsol.com\\\/en\\\/motogp-en\\\/marquez-and-lorenzo-inaugurate-25th-anniversary-of-repsol-honda-team\\\/#primaryimage\",\"url\":\"https:\\\/\\\/bxrepsol.s3.eu-west-1.amazonaws.com\\\/static\\\/2022\\\/08\\\/29084343\\\/00_jorge_lorenzo_marc_marquez_dandose_la_mano_presentacion_repsol_honda_2019.jpg\",\"contentUrl\":\"https:\\\/\\\/bxrepsol.s3.eu-west-1.amazonaws.com\\\/static\\\/2022\\\/08\\\/29084343\\\/00_jorge_lorenzo_marc_marquez_dandose_la_mano_presentacion_repsol_honda_2019.jpg\",\"width\":1280,\"height\":600,\"caption\":\"Marc M\u00e1rquez y Jorge Lorenzo salud\u00e1ndose\"},{\"@type\":\"BreadcrumbList\",\"@id\":\"https:\\\/\\\/www.boxrepsol.com\\\/en\\\/motogp-en\\\/marquez-and-lorenzo-inaugurate-25th-anniversary-of-repsol-honda-team\\\/#breadcrumb\",\"itemListElement\":[{\"@type\":\"ListItem\",\"position\":1,\"name\":\"Home\",\"item\":\"https:\\\/\\\/www.boxrepsol.com\\\/en\\\/\"},{\"@type\":\"ListItem\",\"position\":2,\"name\":\"M\u00e1rquez and Lorenzo inaugurate 25th anniversary of Repsol Honda Team\"}]},{\"@type\":\"WebSite\",\"@id\":\"https:\\\/\\\/www.boxrepsol.com\\\/en\\\/#website\",\"url\":\"https:\\\/\\\/www.boxrepsol.com\\\/en\\\/\",\"name\":\"Box Repsol\",\"description\":\"Box Repsol Site\",\"publisher\":{\"@id\":\"https:\\\/\\\/www.boxrepsol.com\\\/en\\\/#organization\"},\"potentialAction\":[{\"@type\":\"SearchAction\",\"target\":{\"@type\":\"EntryPoint\",\"urlTemplate\":\"https:\\\/\\\/www.boxrepsol.com\\\/en\\\/?s={search_term_string}\"},\"query-input\":{\"@type\":\"PropertyValueSpecification\",\"valueRequired\":true,\"valueName\":\"search_term_string\"}}],\"inLanguage\":\"en-US\"},{\"@type\":\"Organization\",\"@id\":\"https:\\\/\\\/www.boxrepsol.com\\\/en\\\/#organization\",\"name\":\"Box Repsol\",\"url\":\"https:\\\/\\\/www.boxrepsol.com\\\/en\\\/\",\"logo\":{\"@type\":\"ImageObject\",\"inLanguage\":\"en-US\",\"@id\":\"https:\\\/\\\/www.boxrepsol.com\\\/en\\\/#\\\/schema\\\/logo\\\/image\\\/\",\"url\":\"https:\\\/\\\/bxrepsol.s3.eu-west-1.amazonaws.com\\\/static\\\/2025\\\/07\\\/30083337\\\/favicon-96x96-1.png\",\"contentUrl\":\"https:\\\/\\\/bxrepsol.s3.eu-west-1.amazonaws.com\\\/static\\\/2025\\\/07\\\/30083337\\\/favicon-96x96-1.png\",\"width\":96,\"height\":96,\"caption\":\"Box Repsol\"},\"image\":{\"@id\":\"https:\\\/\\\/www.boxrepsol.com\\\/en\\\/#\\\/schema\\\/logo\\\/image\\\/\"},\"sameAs\":[\"https:\\\/\\\/www.facebook.com\\\/BoxRepsol\",\"https:\\\/\\\/x.com\\\/box_repsol\",\"http:\\\/\\\/instagram.com\\\/box_repsol\",\"https:\\\/\\\/www.youtube.com\\\/user\\\/RepsolCompeticion\",\"https:\\\/\\\/www.flickr.com\\\/photos\\\/box_repsol\\\/\"]},{\"@type\":\"Person\",\"@id\":\"https:\\\/\\\/www.boxrepsol.com\\\/en\\\/#\\\/schema\\\/person\\\/d9d0f442a4332c7d099d31ffda4747a0\",\"name\":\"bx_ayesa\",\"image\":{\"@type\":\"ImageObject\",\"inLanguage\":\"en-US\",\"@id\":\"https:\\\/\\\/secure.gravatar.com\\\/avatar\\\/059e1b9d3585083708845ba70e8dd968f143ff35f5e0e10cf2d1e7afe2c6a878?s=96&d=mm&r=g\",\"url\":\"https:\\\/\\\/secure.gravatar.com\\\/avatar\\\/059e1b9d3585083708845ba70e8dd968f143ff35f5e0e10cf2d1e7afe2c6a878?s=96&d=mm&r=g\",\"contentUrl\":\"https:\\\/\\\/secure.gravatar.com\\\/avatar\\\/059e1b9d3585083708845ba70e8dd968f143ff35f5e0e10cf2d1e7afe2c6a878?s=96&d=mm&r=g\",\"caption\":\"bx_ayesa\"},\"sameAs\":[\"http:\\\/\\\/54.155.157.200\"],\"url\":\"https:\\\/\\\/www.boxrepsol.com\\\/en\\\/author\\\/bx_ayesa\\\/\"}]}<\/script>\n<!-- \/ Yoast SEO plugin. -->","yoast_head_json":{"title":"Repsol Honda 2019 presentation - M\u00e1rquez and Lorenzo inaugurate 25th anniversary of Repsol Honda Team","description":"2019 rider lineup presents the team\u2019s project for the coming season at Repsol\u2019s Madrid headquarters.","canonical":"https:\/\/www.boxrepsol.com\/en\/motogp-en\/marquez-and-lorenzo-inaugurate-25th-anniversary-of-repsol-honda-team\/","og_locale":"en_US","og_type":"article","og_title":"Repsol Honda 2019 presentation - M\u00e1rquez and Lorenzo inaugurate 25th anniversary of Repsol Honda Team","og_description":"2019 rider lineup presents the team\u2019s project for the coming season at Repsol\u2019s Madrid headquarters.","og_url":"https:\/\/www.boxrepsol.com\/en\/motogp-en\/marquez-and-lorenzo-inaugurate-25th-anniversary-of-repsol-honda-team\/","og_site_name":"Box Repsol","article_publisher":"https:\/\/www.facebook.com\/BoxRepsol","article_published_time":"2019-01-23T02:00:00+00:00","article_modified_time":"2023-02-27T09:15:53+00:00","og_image":[{"width":1280,"height":600,"url":"https:\/\/bxrepsol.s3.eu-west-1.amazonaws.com\/static\/2022\/08\/29084343\/00_jorge_lorenzo_marc_marquez_dandose_la_mano_presentacion_repsol_honda_2019.jpg","type":"image\/jpeg"}],"author":"bx_ayesa","twitter_card":"summary_large_image","twitter_creator":"@box_repsol","twitter_site":"@box_repsol","twitter_misc":{"Written by":"bx_ayesa","Est. reading time":"6 minutes"},"schema":{"@context":"https:\/\/schema.org","@graph":[{"@type":"Article","@id":"https:\/\/www.boxrepsol.com\/en\/motogp-en\/marquez-and-lorenzo-inaugurate-25th-anniversary-of-repsol-honda-team\/#article","isPartOf":{"@id":"https:\/\/www.boxrepsol.com\/en\/motogp-en\/marquez-and-lorenzo-inaugurate-25th-anniversary-of-repsol-honda-team\/"},"author":{"name":"bx_ayesa","@id":"https:\/\/www.boxrepsol.com\/en\/#\/schema\/person\/d9d0f442a4332c7d099d31ffda4747a0"},"headline":"M\u00e1rquez and Lorenzo inaugurate 25th anniversary of Repsol Honda Team","datePublished":"2019-01-23T02:00:00+00:00","dateModified":"2023-02-27T09:15:53+00:00","mainEntityOfPage":{"@id":"https:\/\/www.boxrepsol.com\/en\/motogp-en\/marquez-and-lorenzo-inaugurate-25th-anniversary-of-repsol-honda-team\/"},"wordCount":1157,"commentCount":0,"publisher":{"@id":"https:\/\/www.boxrepsol.com\/en\/#organization"},"image":{"@id":"https:\/\/www.boxrepsol.com\/en\/motogp-en\/marquez-and-lorenzo-inaugurate-25th-anniversary-of-repsol-honda-team\/#primaryimage"},"thumbnailUrl":"https:\/\/bxrepsol.s3.eu-west-1.amazonaws.com\/static\/2022\/08\/29084343\/00_jorge_lorenzo_marc_marquez_dandose_la_mano_presentacion_repsol_honda_2019.jpg","keywords":["Equipo Repsol Honda","Repsol Honda Team"],"articleSection":["MotoGP"],"inLanguage":"en-US","potentialAction":[{"@type":"CommentAction","name":"Comment","target":["https:\/\/www.boxrepsol.com\/en\/motogp-en\/marquez-and-lorenzo-inaugurate-25th-anniversary-of-repsol-honda-team\/#respond"]}]},{"@type":"WebPage","@id":"https:\/\/www.boxrepsol.com\/en\/motogp-en\/marquez-and-lorenzo-inaugurate-25th-anniversary-of-repsol-honda-team\/","url":"https:\/\/www.boxrepsol.com\/en\/motogp-en\/marquez-and-lorenzo-inaugurate-25th-anniversary-of-repsol-honda-team\/","name":"Repsol Honda 2019 presentation - M\u00e1rquez and Lorenzo inaugurate 25th anniversary of Repsol Honda Team","isPartOf":{"@id":"https:\/\/www.boxrepsol.com\/en\/#website"},"primaryImageOfPage":{"@id":"https:\/\/www.boxrepsol.com\/en\/motogp-en\/marquez-and-lorenzo-inaugurate-25th-anniversary-of-repsol-honda-team\/#primaryimage"},"image":{"@id":"https:\/\/www.boxrepsol.com\/en\/motogp-en\/marquez-and-lorenzo-inaugurate-25th-anniversary-of-repsol-honda-team\/#primaryimage"},"thumbnailUrl":"https:\/\/bxrepsol.s3.eu-west-1.amazonaws.com\/static\/2022\/08\/29084343\/00_jorge_lorenzo_marc_marquez_dandose_la_mano_presentacion_repsol_honda_2019.jpg","datePublished":"2019-01-23T02:00:00+00:00","dateModified":"2023-02-27T09:15:53+00:00","description":"2019 rider lineup presents the team\u2019s project for the coming season at Repsol\u2019s Madrid headquarters.","breadcrumb":{"@id":"https:\/\/www.boxrepsol.com\/en\/motogp-en\/marquez-and-lorenzo-inaugurate-25th-anniversary-of-repsol-honda-team\/#breadcrumb"},"inLanguage":"en-US","potentialAction":[{"@type":"ReadAction","target":["https:\/\/www.boxrepsol.com\/en\/motogp-en\/marquez-and-lorenzo-inaugurate-25th-anniversary-of-repsol-honda-team\/"]}]},{"@type":"ImageObject","inLanguage":"en-US","@id":"https:\/\/www.boxrepsol.com\/en\/motogp-en\/marquez-and-lorenzo-inaugurate-25th-anniversary-of-repsol-honda-team\/#primaryimage","url":"https:\/\/bxrepsol.s3.eu-west-1.amazonaws.com\/static\/2022\/08\/29084343\/00_jorge_lorenzo_marc_marquez_dandose_la_mano_presentacion_repsol_honda_2019.jpg","contentUrl":"https:\/\/bxrepsol.s3.eu-west-1.amazonaws.com\/static\/2022\/08\/29084343\/00_jorge_lorenzo_marc_marquez_dandose_la_mano_presentacion_repsol_honda_2019.jpg","width":1280,"height":600,"caption":"Marc M\u00e1rquez y Jorge Lorenzo salud\u00e1ndose"},{"@type":"BreadcrumbList","@id":"https:\/\/www.boxrepsol.com\/en\/motogp-en\/marquez-and-lorenzo-inaugurate-25th-anniversary-of-repsol-honda-team\/#breadcrumb","itemListElement":[{"@type":"ListItem","position":1,"name":"Home","item":"https:\/\/www.boxrepsol.com\/en\/"},{"@type":"ListItem","position":2,"name":"M\u00e1rquez and Lorenzo inaugurate 25th anniversary of Repsol Honda Team"}]},{"@type":"WebSite","@id":"https:\/\/www.boxrepsol.com\/en\/#website","url":"https:\/\/www.boxrepsol.com\/en\/","name":"Box Repsol","description":"Box Repsol Site","publisher":{"@id":"https:\/\/www.boxrepsol.com\/en\/#organization"},"potentialAction":[{"@type":"SearchAction","target":{"@type":"EntryPoint","urlTemplate":"https:\/\/www.boxrepsol.com\/en\/?s={search_term_string}"},"query-input":{"@type":"PropertyValueSpecification","valueRequired":true,"valueName":"search_term_string"}}],"inLanguage":"en-US"},{"@type":"Organization","@id":"https:\/\/www.boxrepsol.com\/en\/#organization","name":"Box Repsol","url":"https:\/\/www.boxrepsol.com\/en\/","logo":{"@type":"ImageObject","inLanguage":"en-US","@id":"https:\/\/www.boxrepsol.com\/en\/#\/schema\/logo\/image\/","url":"https:\/\/bxrepsol.s3.eu-west-1.amazonaws.com\/static\/2025\/07\/30083337\/favicon-96x96-1.png","contentUrl":"https:\/\/bxrepsol.s3.eu-west-1.amazonaws.com\/static\/2025\/07\/30083337\/favicon-96x96-1.png","width":96,"height":96,"caption":"Box Repsol"},"image":{"@id":"https:\/\/www.boxrepsol.com\/en\/#\/schema\/logo\/image\/"},"sameAs":["https:\/\/www.facebook.com\/BoxRepsol","https:\/\/x.com\/box_repsol","http:\/\/instagram.com\/box_repsol","https:\/\/www.youtube.com\/user\/RepsolCompeticion","https:\/\/www.flickr.com\/photos\/box_repsol\/"]},{"@type":"Person","@id":"https:\/\/www.boxrepsol.com\/en\/#\/schema\/person\/d9d0f442a4332c7d099d31ffda4747a0","name":"bx_ayesa","image":{"@type":"ImageObject","inLanguage":"en-US","@id":"https:\/\/secure.gravatar.com\/avatar\/059e1b9d3585083708845ba70e8dd968f143ff35f5e0e10cf2d1e7afe2c6a878?s=96&d=mm&r=g","url":"https:\/\/secure.gravatar.com\/avatar\/059e1b9d3585083708845ba70e8dd968f143ff35f5e0e10cf2d1e7afe2c6a878?s=96&d=mm&r=g","contentUrl":"https:\/\/secure.gravatar.com\/avatar\/059e1b9d3585083708845ba70e8dd968f143ff35f5e0e10cf2d1e7afe2c6a878?s=96&d=mm&r=g","caption":"bx_ayesa"},"sameAs":["http:\/\/54.155.157.200"],"url":"https:\/\/www.boxrepsol.com\/en\/author\/bx_ayesa\/"}]}},"_links":{"self":[{"href":"https:\/\/www.boxrepsol.com\/en\/wp-json\/wp\/v2\/posts\/97293","targetHints":{"allow":["GET"]}}],"collection":[{"href":"https:\/\/www.boxrepsol.com\/en\/wp-json\/wp\/v2\/posts"}],"about":[{"href":"https:\/\/www.boxrepsol.com\/en\/wp-json\/wp\/v2\/types\/post"}],"author":[{"embeddable":true,"href":"https:\/\/www.boxrepsol.com\/en\/wp-json\/wp\/v2\/users\/1"}],"replies":[{"embeddable":true,"href":"https:\/\/www.boxrepsol.com\/en\/wp-json\/wp\/v2\/comments?post=97293"}],"version-history":[{"count":1,"href":"https:\/\/www.boxrepsol.com\/en\/wp-json\/wp\/v2\/posts\/97293\/revisions"}],"predecessor-version":[{"id":97294,"href":"https:\/\/www.boxrepsol.com\/en\/wp-json\/wp\/v2\/posts\/97293\/revisions\/97294"}],"wp:featuredmedia":[{"embeddable":true,"href":"https:\/\/www.boxrepsol.com\/en\/wp-json\/wp\/v2\/media\/60849"}],"wp:attachment":[{"href":"https:\/\/www.boxrepsol.com\/en\/wp-json\/wp\/v2\/media?parent=97293"}],"wp:term":[{"taxonomy":"category","embeddable":true,"href":"https:\/\/www.boxrepsol.com\/en\/wp-json\/wp\/v2\/categories?post=97293"},{"taxonomy":"post_tag","embeddable":true,"href":"https:\/\/www.boxrepsol.com\/en\/wp-json\/wp\/v2\/tags?post=97293"}],"curies":[{"name":"wp","href":"https:\/\/api.w.org\/{rel}","templated":true}]}}