{"id":97150,"date":"2018-10-21T00:00:00","date_gmt":"2018-10-21T02:00:00","guid":{"rendered":"http:\/\/pre.boxrepsol.com\/uncategorized\/level7-image-gallery\/"},"modified":"2023-02-27T07:12:47","modified_gmt":"2023-02-27T09:12:47","slug":"level7-image-gallery","status":"publish","type":"post","link":"https:\/\/www.boxrepsol.com\/en\/motogp-en\/level7-image-gallery\/","title":{"rendered":"#Level7 Image gallery"},"content":{"rendered":"<p><a href=\"https:\/\/bxrepsol.s3.eu-west-1.amazonaws.com\/static\/2022\/08\/05061922\/2010_valencia2.jpg\" \n   title=\"Marc M\u00e1rquez junto a su moto con un 1\" \n   data-gallery-thumbnail=\"https:\/\/bxrepsol.s3.eu-west-1.amazonaws.com\/static\/2022\/08\/05061922\/2010_valencia2.jpg\"\n   data-gallery-title=\"1st World Championship 2010\"\n   data-gallery><\/p>\n<figure>\n<p>1<\/p>\n<picture style=\"padding-bottom: 66.666666666667%; background-image: url(https:\/\/bxrepsol.s3.eu-west-1.amazonaws.com\/static\/2022\/08\/05061922\/2010_valencia2.jpg);\">\n            <img decoding=\"async\" src=\"https:\/\/bxrepsol.s3.eu-west-1.amazonaws.com\/static\/2022\/08\/05061922\/2010_valencia2.jpg\"><br \/>\n            <img itemprop=\"image\"\n                data-srcset=\"https:\/\/bxrepsol.s3.eu-west-1.amazonaws.com\/static\/2022\/08\/05061922\/2010_valencia2.jpg 480w, https:\/\/bxrepsol.s3.eu-west-1.amazonaws.com\/static\/2022\/08\/05061922\/2010_valencia2.jpg 600w, https:\/\/bxrepsol.s3.eu-west-1.amazonaws.com\/static\/2022\/08\/05061922\/2010_valencia2.jpg 900w, https:\/\/bxrepsol.s3.eu-west-1.amazonaws.com\/static\/2022\/08\/05061922\/2010_valencia2.jpg 1280w\"\n                data-src=\"https:\/\/bxrepsol.s3.eu-west-1.amazonaws.com\/static\/2022\/08\/05061922\/2010_valencia2.jpg\"\n                alt=\"Marc M\u00e1rquez junto a su moto con un 1\"\n                title=\"Marc M\u00e1rquez se\u00f1ala el 1 de campe\u00f3n en su moto de 125cc.\"\/><br \/>\n            <noscript><img decoding=\"async\" src=\"https:\/\/bxrepsol.s3.eu-west-1.amazonaws.com\/static\/2022\/08\/05061922\/2010_valencia2.jpg\" alt=\"Marc M\u00e1rquez junto a su moto con un 1\"><\/noscript>\n        <\/picture><figcaption>Marc M\u00e1rquez junto a su moto con un 1<\/figcaption><\/figure>\n<p><\/a><\/p>\n<p style=\"font-size: 11px; text-align: left; width: 100%;\"><em>1st World Championship 2010<\/em><\/p>\n<p><a href=\"https:\/\/bxrepsol.s3.eu-west-1.amazonaws.com\/static\/2022\/08\/05061923\/2012_australia.jpg\" \n   title=\"Marc M\u00e1rquez en el podio con camiseta de campe\u00f3n\" \n   data-gallery-thumbnail=\"https:\/\/bxrepsol.s3.eu-west-1.amazonaws.com\/static\/2022\/08\/05061923\/2012_australia.jpg\"\n   data-gallery-title=\"2nd World Championship 2012\"\n   data-gallery><\/p>\n<figure>\n<p>2<\/p>\n<picture style=\"padding-bottom: 66.666666666667%; background-image: url(https:\/\/bxrepsol.s3.eu-west-1.amazonaws.com\/static\/2022\/08\/05061923\/2012_australia.jpg);\">\n            <img decoding=\"async\" src=\"https:\/\/bxrepsol.s3.eu-west-1.amazonaws.com\/static\/2022\/08\/05061923\/2012_australia.jpg\"><br \/>\n            <img itemprop=\"image\"\n                data-srcset=\"https:\/\/bxrepsol.s3.eu-west-1.amazonaws.com\/static\/2022\/08\/05061923\/2012_australia.jpg 480w, https:\/\/bxrepsol.s3.eu-west-1.amazonaws.com\/static\/2022\/08\/05061923\/2012_australia.jpg 600w, https:\/\/bxrepsol.s3.eu-west-1.amazonaws.com\/static\/2022\/08\/05061923\/2012_australia.jpg 900w, https:\/\/bxrepsol.s3.eu-west-1.amazonaws.com\/static\/2022\/08\/05061923\/2012_australia.jpg 1280w\"\n                data-src=\"https:\/\/bxrepsol.s3.eu-west-1.amazonaws.com\/static\/2022\/08\/05061923\/2012_australia.jpg\"\n                alt=\"Marc M\u00e1rquez en el podio con camiseta de campe\u00f3n\"\n                title=\"Marc M\u00e1rquez gana el Mundial de 2012 en el GP de Australia\"\/><br \/>\n            <noscript><img decoding=\"async\" src=\"https:\/\/bxrepsol.s3.eu-west-1.amazonaws.com\/static\/2022\/08\/05061923\/2012_australia.jpg\" alt=\"Marc M\u00e1rquez en el podio con camiseta de campe\u00f3n\"><\/noscript>\n        <\/picture><figcaption>Marc M\u00e1rquez en el podio con camiseta de campe\u00f3n<\/figcaption><\/figure>\n<p><\/a><\/p>\n<p style=\"font-size: 11px; text-align: left; width: 100%;\"><em>2nd World Championship 2012<\/em><\/p>\n<p><a href=\"https:\/\/bxrepsol.s3.eu-west-1.amazonaws.com\/static\/2022\/08\/05061924\/2013_valencia2.jpg\" \n   title=\"Contrapicado de Marc M\u00e1rquez levantando los brazos\" \n   data-gallery-thumbnail=\"https:\/\/bxrepsol.s3.eu-west-1.amazonaws.com\/static\/2022\/08\/05061924\/2013_valencia2.jpg\"\n   data-gallery-title=\"3rd World Championship 2013\"\n   data-gallery><\/p>\n<figure>\n<p>3<\/p>\n<picture style=\"padding-bottom: 66.666666666667%; background-image: url(https:\/\/bxrepsol.s3.eu-west-1.amazonaws.com\/static\/2022\/08\/05061924\/2013_valencia2.jpg);\">\n            <img decoding=\"async\" src=\"https:\/\/bxrepsol.s3.eu-west-1.amazonaws.com\/static\/2022\/08\/05061924\/2013_valencia2.jpg\"><br \/>\n            <img itemprop=\"image\"\n                data-srcset=\"https:\/\/bxrepsol.s3.eu-west-1.amazonaws.com\/static\/2022\/08\/05061924\/2013_valencia2.jpg 480w, https:\/\/bxrepsol.s3.eu-west-1.amazonaws.com\/static\/2022\/08\/05061924\/2013_valencia2.jpg 600w, https:\/\/bxrepsol.s3.eu-west-1.amazonaws.com\/static\/2022\/08\/05061924\/2013_valencia2.jpg 900w, https:\/\/bxrepsol.s3.eu-west-1.amazonaws.com\/static\/2022\/08\/05061924\/2013_valencia2.jpg 1280w\"\n                data-src=\"https:\/\/bxrepsol.s3.eu-west-1.amazonaws.com\/static\/2022\/08\/05061924\/2013_valencia2.jpg\"\n                alt=\"Contrapicado de Marc M\u00e1rquez levantando los brazos\"\n                title=\"Contrapicado de Marc M\u00e1rquez celebrando su primer t\u00edtulo de MotoGP\"\/><br \/>\n            <noscript><img decoding=\"async\" src=\"https:\/\/bxrepsol.s3.eu-west-1.amazonaws.com\/static\/2022\/08\/05061924\/2013_valencia2.jpg\" alt=\"Contrapicado de Marc M\u00e1rquez levantando los brazos\"><\/noscript>\n        <\/picture><figcaption>Contrapicado de Marc M\u00e1rquez levantando los brazos<\/figcaption><\/figure>\n<p><\/a><\/p>\n<p style=\"font-size: 11px; text-align: left; width: 100%;\"><em>3rd World Championship 2013<\/em><\/p>\n<p><a href=\"https:\/\/bxrepsol.s3.eu-west-1.amazonaws.com\/static\/2022\/08\/05061925\/2014_japon2.jpg\" \n   title=\"Marc M\u00e1rquez se\u00f1alando al cielo con camiseta de Campe\u00f3n\" \n   data-gallery-thumbnail=\"https:\/\/bxrepsol.s3.eu-west-1.amazonaws.com\/static\/2022\/08\/05061925\/2014_japon2.jpg\"\n   data-gallery-title=\"4th World Championship 2014\"\n   data-gallery><\/p>\n<figure>\n<p>4<\/p>\n<picture style=\"padding-bottom: 66.666666666667%; background-image: url(https:\/\/bxrepsol.s3.eu-west-1.amazonaws.com\/static\/2022\/08\/05061925\/2014_japon2.jpg);\">\n            <img decoding=\"async\" src=\"https:\/\/bxrepsol.s3.eu-west-1.amazonaws.com\/static\/2022\/08\/05061925\/2014_japon2.jpg\"><br \/>\n            <img itemprop=\"image\"\n                data-srcset=\"https:\/\/bxrepsol.s3.eu-west-1.amazonaws.com\/static\/2022\/08\/05061925\/2014_japon2.jpg 480w, https:\/\/bxrepsol.s3.eu-west-1.amazonaws.com\/static\/2022\/08\/05061925\/2014_japon2.jpg 600w, https:\/\/bxrepsol.s3.eu-west-1.amazonaws.com\/static\/2022\/08\/05061925\/2014_japon2.jpg 900w, https:\/\/bxrepsol.s3.eu-west-1.amazonaws.com\/static\/2022\/08\/05061925\/2014_japon2.jpg 1280w\"\n                data-src=\"https:\/\/bxrepsol.s3.eu-west-1.amazonaws.com\/static\/2022\/08\/05061925\/2014_japon2.jpg\"\n                alt=\"Marc M\u00e1rquez se\u00f1alando al cielo con camiseta de Campe\u00f3n\"\n                title=\"Marc M\u00e1rquez celebrando su cuarto t\u00edtulo en Jap\u00f3n\"\/><br \/>\n            <noscript><img decoding=\"async\" src=\"https:\/\/bxrepsol.s3.eu-west-1.amazonaws.com\/static\/2022\/08\/05061925\/2014_japon2.jpg\" alt=\"Marc M\u00e1rquez se\u00f1alando al cielo con camiseta de Campe\u00f3n\"><\/noscript>\n        <\/picture><figcaption>Marc M\u00e1rquez se\u00f1alando al cielo con camiseta de Campe\u00f3n<\/figcaption><\/figure>\n<p><\/a><\/p>\n<p style=\"font-size: 11px; text-align: left; width: 100%;\"><em>4th World Championship 2014<\/em><\/p>\n<p><a href=\"https:\/\/bxrepsol.s3.eu-west-1.amazonaws.com\/static\/2022\/08\/05061926\/2016_japon2.jpg\" \n   title=\"Marc M\u00e1rquez con camiseta &quot;Give me 5&quot;\" \n   data-gallery-thumbnail=\"https:\/\/bxrepsol.s3.eu-west-1.amazonaws.com\/static\/2022\/08\/05061926\/2016_japon2.jpg\"\n   data-gallery-title=\"5th World Championship Mundial 2016\"\n   data-gallery><\/p>\n<figure>\n<p>5<\/p>\n<picture style=\"padding-bottom: 66.666666666667%; background-image: url(https:\/\/bxrepsol.s3.eu-west-1.amazonaws.com\/static\/2022\/08\/05061926\/2016_japon2.jpg);\">\n            <img decoding=\"async\" src=\"https:\/\/bxrepsol.s3.eu-west-1.amazonaws.com\/static\/2022\/08\/05061926\/2016_japon2.jpg\"><br \/>\n            <img itemprop=\"image\"\n                data-srcset=\"https:\/\/bxrepsol.s3.eu-west-1.amazonaws.com\/static\/2022\/08\/05061926\/2016_japon2.jpg 480w, https:\/\/bxrepsol.s3.eu-west-1.amazonaws.com\/static\/2022\/08\/05061926\/2016_japon2.jpg 600w, https:\/\/bxrepsol.s3.eu-west-1.amazonaws.com\/static\/2022\/08\/05061926\/2016_japon2.jpg 900w, https:\/\/bxrepsol.s3.eu-west-1.amazonaws.com\/static\/2022\/08\/05061926\/2016_japon2.jpg 1280w\"\n                data-src=\"https:\/\/bxrepsol.s3.eu-west-1.amazonaws.com\/static\/2022\/08\/05061926\/2016_japon2.jpg\"\n                alt=\"Marc M\u00e1rquez con camiseta &quot;Give me 5&quot;\"\n                title=\"Marc M\u00e1rquez celebra con su hermano \u00c1lex su 5\u00ba Mundial\"\/><br \/>\n            <noscript><img decoding=\"async\" src=\"https:\/\/bxrepsol.s3.eu-west-1.amazonaws.com\/static\/2022\/08\/05061926\/2016_japon2.jpg\" alt=\"Marc M\u00e1rquez con camiseta &quot;Give me 5&quot;\"><\/noscript>\n        <\/picture><figcaption>Marc M\u00e1rquez con camiseta &quot;Give me 5&quot;<\/figcaption><\/figure>\n<p><\/a><\/p>\n<p style=\"font-size: 11px; text-align: left; width: 100%;\"><em>5th World Championship Mundial 2016<\/em><\/p>\n<p><a href=\"https:\/\/bxrepsol.s3.eu-west-1.amazonaws.com\/static\/2022\/08\/05061927\/2017_valencia.jpg\" \n   title=\"Marc M\u00e1rquez echando champ\u00e1n desde el podio\" \n   data-gallery-thumbnail=\"https:\/\/bxrepsol.s3.eu-west-1.amazonaws.com\/static\/2022\/08\/05061927\/2017_valencia.jpg\"\n   data-gallery-title=\"6th World Championship 2017\"\n   data-gallery><\/p>\n<figure>\n<p>6<\/p>\n<picture style=\"padding-bottom: 66.666666666667%; background-image: url(https:\/\/bxrepsol.s3.eu-west-1.amazonaws.com\/static\/2022\/08\/05061927\/2017_valencia.jpg);\">\n            <img decoding=\"async\" src=\"https:\/\/bxrepsol.s3.eu-west-1.amazonaws.com\/static\/2022\/08\/05061927\/2017_valencia.jpg\"><br \/>\n            <img itemprop=\"image\"\n                data-srcset=\"https:\/\/bxrepsol.s3.eu-west-1.amazonaws.com\/static\/2022\/08\/05061927\/2017_valencia.jpg 480w, https:\/\/bxrepsol.s3.eu-west-1.amazonaws.com\/static\/2022\/08\/05061927\/2017_valencia.jpg 600w, https:\/\/bxrepsol.s3.eu-west-1.amazonaws.com\/static\/2022\/08\/05061927\/2017_valencia.jpg 900w, https:\/\/bxrepsol.s3.eu-west-1.amazonaws.com\/static\/2022\/08\/05061927\/2017_valencia.jpg 1280w\"\n                data-src=\"https:\/\/bxrepsol.s3.eu-west-1.amazonaws.com\/static\/2022\/08\/05061927\/2017_valencia.jpg\"\n                alt=\"Marc M\u00e1rquez echando champ\u00e1n desde el podio\"\n                title=\"Marc M\u00e1rquez celebra en el podio de Valencia su 6\u00ba Mundial\"\/><br \/>\n            <noscript><img decoding=\"async\" src=\"https:\/\/bxrepsol.s3.eu-west-1.amazonaws.com\/static\/2022\/08\/05061927\/2017_valencia.jpg\" alt=\"Marc M\u00e1rquez echando champ\u00e1n desde el podio\"><\/noscript>\n        <\/picture><figcaption>Marc M\u00e1rquez echando champ\u00e1n desde el podio<\/figcaption><\/figure>\n<p><\/a><\/p>\n<p style=\"font-size: 11px; text-align: left; width: 100%;\"><em>6th World Championship 2017<\/em><\/p>\n<p><a href=\"https:\/\/bxrepsol.s3.eu-west-1.amazonaws.com\/static\/2022\/08\/05061928\/99_marc_marquez_7_titulos_repsol_motogp.jpg\" \n   title=\"Marc M\u00e1rquez celebra con el casco de campe\u00f3n\" \n   data-gallery-thumbnail=\"https:\/\/bxrepsol.s3.eu-west-1.amazonaws.com\/static\/2022\/08\/05061928\/99_marc_marquez_7_titulos_repsol_motogp.jpg\"\n   data-gallery-title=\"7th World Championship 2018\"\n   data-gallery><\/p>\n<figure>\n<p>7<\/p>\n<picture style=\"padding-bottom: 66.666666666667%; background-image: url(https:\/\/bxrepsol.s3.eu-west-1.amazonaws.com\/static\/2022\/08\/05061928\/99_marc_marquez_7_titulos_repsol_motogp.jpg);\">\n            <img decoding=\"async\" src=\"https:\/\/bxrepsol.s3.eu-west-1.amazonaws.com\/static\/2022\/08\/05061928\/99_marc_marquez_7_titulos_repsol_motogp.jpg\"><br \/>\n            <img itemprop=\"image\"\n                data-srcset=\"https:\/\/bxrepsol.s3.eu-west-1.amazonaws.com\/static\/2022\/08\/05061928\/99_marc_marquez_7_titulos_repsol_motogp.jpg 480w, https:\/\/bxrepsol.s3.eu-west-1.amazonaws.com\/static\/2022\/08\/05061928\/99_marc_marquez_7_titulos_repsol_motogp.jpg 600w, https:\/\/bxrepsol.s3.eu-west-1.amazonaws.com\/static\/2022\/08\/05061928\/99_marc_marquez_7_titulos_repsol_motogp.jpg 900w, https:\/\/bxrepsol.s3.eu-west-1.amazonaws.com\/static\/2022\/08\/05061928\/99_marc_marquez_7_titulos_repsol_motogp.jpg 1280w\"\n                data-src=\"https:\/\/bxrepsol.s3.eu-west-1.amazonaws.com\/static\/2022\/08\/05061928\/99_marc_marquez_7_titulos_repsol_motogp.jpg\"\n                alt=\"Marc M\u00e1rquez celebra con el casco de campe\u00f3n\"\n                title=\"99_marc_marquez_7_titulos_repsol_motogp\"\/><br \/>\n            <noscript><img decoding=\"async\" src=\"https:\/\/bxrepsol.s3.eu-west-1.amazonaws.com\/static\/2022\/08\/05061928\/99_marc_marquez_7_titulos_repsol_motogp.jpg\" alt=\"Marc M\u00e1rquez celebra con el casco de campe\u00f3n\"><\/noscript>\n        <\/picture><figcaption>Marc M\u00e1rquez celebra con el casco de campe\u00f3n<\/figcaption><\/figure>\n<p><\/a><\/p>\n<p style=\"font-size: 11px; text-align: left; width: 100%;\"><em>7th World Championship 2018<\/em><\/p>\n","protected":false},"excerpt":{"rendered":"<p>Relive with us Marc M\u00e1rquez&#8217;s 7 World Champion Titles.<\/p>\n","protected":false},"author":1,"featured_media":59677,"comment_status":"open","ping_status":"open","sticky":false,"template":"","format":"standard","meta":{"footnotes":""},"categories":[146],"tags":[6,283],"class_list":["post-97150","post","type-post","status-publish","format-standard","hentry","category-motogp-en","tag-marc-marquez","tag-marc-marquez-en"],"yoast_head":"<!-- This site is optimized with the Yoast SEO plugin v27.3 - https:\/\/yoast.com\/product\/yoast-seo-wordpress\/ -->\n<title>#Level7 Image gallery - Box Repsol<\/title>\n<meta name=\"description\" content=\"Relive with us Marc M\u00e1rquez&#039;s 7 World Champion Titles.\" \/>\n<link rel=\"canonical\" href=\"https:\/\/www.boxrepsol.com\/en\/motogp-en\/level7-image-gallery\/\" \/>\n<meta property=\"og:locale\" content=\"en_US\" \/>\n<meta property=\"og:type\" content=\"article\" \/>\n<meta property=\"og:title\" content=\"#Level7 Image gallery - Box Repsol\" \/>\n<meta property=\"og:description\" content=\"Relive with us Marc M\u00e1rquez&#039;s 7 World Champion Titles.\" \/>\n<meta property=\"og:url\" content=\"https:\/\/www.boxrepsol.com\/en\/motogp-en\/level7-image-gallery\/\" \/>\n<meta property=\"og:site_name\" content=\"Box Repsol\" \/>\n<meta property=\"article:publisher\" content=\"https:\/\/www.facebook.com\/BoxRepsol\" \/>\n<meta property=\"article:published_time\" content=\"2018-10-21T02:00:00+00:00\" \/>\n<meta property=\"article:modified_time\" content=\"2023-02-27T09:12:47+00:00\" \/>\n<meta property=\"og:image\" content=\"https:\/\/bxrepsol.s3.eu-west-1.amazonaws.com\/static\/2022\/08\/29083057\/2014_valencia.jpg\" \/>\n\t<meta property=\"og:image:width\" content=\"1296\" \/>\n\t<meta property=\"og:image:height\" content=\"864\" \/>\n\t<meta property=\"og:image:type\" content=\"image\/jpeg\" \/>\n<meta name=\"author\" content=\"bx_ayesa\" \/>\n<meta name=\"twitter:card\" content=\"summary_large_image\" \/>\n<meta name=\"twitter:creator\" content=\"@box_repsol\" \/>\n<meta name=\"twitter:site\" content=\"@box_repsol\" \/>\n<meta name=\"twitter:label1\" content=\"Written by\" \/>\n\t<meta name=\"twitter:data1\" content=\"bx_ayesa\" \/>\n<script type=\"application\/ld+json\" class=\"yoast-schema-graph\">{\"@context\":\"https:\\\/\\\/schema.org\",\"@graph\":[{\"@type\":\"Article\",\"@id\":\"https:\\\/\\\/www.boxrepsol.com\\\/en\\\/motogp-en\\\/level7-image-gallery\\\/#article\",\"isPartOf\":{\"@id\":\"https:\\\/\\\/www.boxrepsol.com\\\/en\\\/motogp-en\\\/level7-image-gallery\\\/\"},\"author\":{\"name\":\"bx_ayesa\",\"@id\":\"https:\\\/\\\/www.boxrepsol.com\\\/en\\\/#\\\/schema\\\/person\\\/d9d0f442a4332c7d099d31ffda4747a0\"},\"headline\":\"#Level7 Image gallery\",\"datePublished\":\"2018-10-21T02:00:00+00:00\",\"dateModified\":\"2023-02-27T09:12:47+00:00\",\"mainEntityOfPage\":{\"@id\":\"https:\\\/\\\/www.boxrepsol.com\\\/en\\\/motogp-en\\\/level7-image-gallery\\\/\"},\"wordCount\":93,\"commentCount\":0,\"publisher\":{\"@id\":\"https:\\\/\\\/www.boxrepsol.com\\\/en\\\/#organization\"},\"image\":{\"@id\":\"https:\\\/\\\/www.boxrepsol.com\\\/en\\\/motogp-en\\\/level7-image-gallery\\\/#primaryimage\"},\"thumbnailUrl\":\"https:\\\/\\\/bxrepsol.s3.eu-west-1.amazonaws.com\\\/static\\\/2022\\\/08\\\/29083057\\\/2014_valencia.jpg\",\"keywords\":[\"Marc M\u00e1rquez\",\"Marc M\u00e1rquez\"],\"articleSection\":[\"MotoGP\"],\"inLanguage\":\"en-US\",\"potentialAction\":[{\"@type\":\"CommentAction\",\"name\":\"Comment\",\"target\":[\"https:\\\/\\\/www.boxrepsol.com\\\/en\\\/motogp-en\\\/level7-image-gallery\\\/#respond\"]}]},{\"@type\":\"WebPage\",\"@id\":\"https:\\\/\\\/www.boxrepsol.com\\\/en\\\/motogp-en\\\/level7-image-gallery\\\/\",\"url\":\"https:\\\/\\\/www.boxrepsol.com\\\/en\\\/motogp-en\\\/level7-image-gallery\\\/\",\"name\":\"#Level7 Image gallery - Box Repsol\",\"isPartOf\":{\"@id\":\"https:\\\/\\\/www.boxrepsol.com\\\/en\\\/#website\"},\"primaryImageOfPage\":{\"@id\":\"https:\\\/\\\/www.boxrepsol.com\\\/en\\\/motogp-en\\\/level7-image-gallery\\\/#primaryimage\"},\"image\":{\"@id\":\"https:\\\/\\\/www.boxrepsol.com\\\/en\\\/motogp-en\\\/level7-image-gallery\\\/#primaryimage\"},\"thumbnailUrl\":\"https:\\\/\\\/bxrepsol.s3.eu-west-1.amazonaws.com\\\/static\\\/2022\\\/08\\\/29083057\\\/2014_valencia.jpg\",\"datePublished\":\"2018-10-21T02:00:00+00:00\",\"dateModified\":\"2023-02-27T09:12:47+00:00\",\"description\":\"Relive with us Marc M\u00e1rquez's 7 World Champion Titles.\",\"breadcrumb\":{\"@id\":\"https:\\\/\\\/www.boxrepsol.com\\\/en\\\/motogp-en\\\/level7-image-gallery\\\/#breadcrumb\"},\"inLanguage\":\"en-US\",\"potentialAction\":[{\"@type\":\"ReadAction\",\"target\":[\"https:\\\/\\\/www.boxrepsol.com\\\/en\\\/motogp-en\\\/level7-image-gallery\\\/\"]}]},{\"@type\":\"ImageObject\",\"inLanguage\":\"en-US\",\"@id\":\"https:\\\/\\\/www.boxrepsol.com\\\/en\\\/motogp-en\\\/level7-image-gallery\\\/#primaryimage\",\"url\":\"https:\\\/\\\/bxrepsol.s3.eu-west-1.amazonaws.com\\\/static\\\/2022\\\/08\\\/29083057\\\/2014_valencia.jpg\",\"contentUrl\":\"https:\\\/\\\/bxrepsol.s3.eu-west-1.amazonaws.com\\\/static\\\/2022\\\/08\\\/29083057\\\/2014_valencia.jpg\",\"width\":1296,\"height\":864,\"caption\":\"Marc M\u00e1rquez con casco dorado levantado sobre la moto\"},{\"@type\":\"BreadcrumbList\",\"@id\":\"https:\\\/\\\/www.boxrepsol.com\\\/en\\\/motogp-en\\\/level7-image-gallery\\\/#breadcrumb\",\"itemListElement\":[{\"@type\":\"ListItem\",\"position\":1,\"name\":\"Home\",\"item\":\"https:\\\/\\\/www.boxrepsol.com\\\/en\\\/\"},{\"@type\":\"ListItem\",\"position\":2,\"name\":\"#Level7 Image gallery\"}]},{\"@type\":\"WebSite\",\"@id\":\"https:\\\/\\\/www.boxrepsol.com\\\/en\\\/#website\",\"url\":\"https:\\\/\\\/www.boxrepsol.com\\\/en\\\/\",\"name\":\"Box Repsol\",\"description\":\"Box Repsol Site\",\"publisher\":{\"@id\":\"https:\\\/\\\/www.boxrepsol.com\\\/en\\\/#organization\"},\"potentialAction\":[{\"@type\":\"SearchAction\",\"target\":{\"@type\":\"EntryPoint\",\"urlTemplate\":\"https:\\\/\\\/www.boxrepsol.com\\\/en\\\/?s={search_term_string}\"},\"query-input\":{\"@type\":\"PropertyValueSpecification\",\"valueRequired\":true,\"valueName\":\"search_term_string\"}}],\"inLanguage\":\"en-US\"},{\"@type\":\"Organization\",\"@id\":\"https:\\\/\\\/www.boxrepsol.com\\\/en\\\/#organization\",\"name\":\"Box Repsol\",\"url\":\"https:\\\/\\\/www.boxrepsol.com\\\/en\\\/\",\"logo\":{\"@type\":\"ImageObject\",\"inLanguage\":\"en-US\",\"@id\":\"https:\\\/\\\/www.boxrepsol.com\\\/en\\\/#\\\/schema\\\/logo\\\/image\\\/\",\"url\":\"https:\\\/\\\/bxrepsol.s3.eu-west-1.amazonaws.com\\\/static\\\/2025\\\/07\\\/30083337\\\/favicon-96x96-1.png\",\"contentUrl\":\"https:\\\/\\\/bxrepsol.s3.eu-west-1.amazonaws.com\\\/static\\\/2025\\\/07\\\/30083337\\\/favicon-96x96-1.png\",\"width\":96,\"height\":96,\"caption\":\"Box Repsol\"},\"image\":{\"@id\":\"https:\\\/\\\/www.boxrepsol.com\\\/en\\\/#\\\/schema\\\/logo\\\/image\\\/\"},\"sameAs\":[\"https:\\\/\\\/www.facebook.com\\\/BoxRepsol\",\"https:\\\/\\\/x.com\\\/box_repsol\",\"http:\\\/\\\/instagram.com\\\/box_repsol\",\"https:\\\/\\\/www.youtube.com\\\/user\\\/RepsolCompeticion\",\"https:\\\/\\\/www.flickr.com\\\/photos\\\/box_repsol\\\/\"]},{\"@type\":\"Person\",\"@id\":\"https:\\\/\\\/www.boxrepsol.com\\\/en\\\/#\\\/schema\\\/person\\\/d9d0f442a4332c7d099d31ffda4747a0\",\"name\":\"bx_ayesa\",\"image\":{\"@type\":\"ImageObject\",\"inLanguage\":\"en-US\",\"@id\":\"https:\\\/\\\/secure.gravatar.com\\\/avatar\\\/059e1b9d3585083708845ba70e8dd968f143ff35f5e0e10cf2d1e7afe2c6a878?s=96&d=mm&r=g\",\"url\":\"https:\\\/\\\/secure.gravatar.com\\\/avatar\\\/059e1b9d3585083708845ba70e8dd968f143ff35f5e0e10cf2d1e7afe2c6a878?s=96&d=mm&r=g\",\"contentUrl\":\"https:\\\/\\\/secure.gravatar.com\\\/avatar\\\/059e1b9d3585083708845ba70e8dd968f143ff35f5e0e10cf2d1e7afe2c6a878?s=96&d=mm&r=g\",\"caption\":\"bx_ayesa\"},\"sameAs\":[\"http:\\\/\\\/54.155.157.200\"],\"url\":\"https:\\\/\\\/www.boxrepsol.com\\\/en\\\/author\\\/bx_ayesa\\\/\"}]}<\/script>\n<!-- \/ Yoast SEO plugin. -->","yoast_head_json":{"title":"#Level7 Image gallery - Box Repsol","description":"Relive with us Marc M\u00e1rquez's 7 World Champion Titles.","canonical":"https:\/\/www.boxrepsol.com\/en\/motogp-en\/level7-image-gallery\/","og_locale":"en_US","og_type":"article","og_title":"#Level7 Image gallery - Box Repsol","og_description":"Relive with us Marc M\u00e1rquez's 7 World Champion Titles.","og_url":"https:\/\/www.boxrepsol.com\/en\/motogp-en\/level7-image-gallery\/","og_site_name":"Box Repsol","article_publisher":"https:\/\/www.facebook.com\/BoxRepsol","article_published_time":"2018-10-21T02:00:00+00:00","article_modified_time":"2023-02-27T09:12:47+00:00","og_image":[{"width":1296,"height":864,"url":"https:\/\/bxrepsol.s3.eu-west-1.amazonaws.com\/static\/2022\/08\/29083057\/2014_valencia.jpg","type":"image\/jpeg"}],"author":"bx_ayesa","twitter_card":"summary_large_image","twitter_creator":"@box_repsol","twitter_site":"@box_repsol","twitter_misc":{"Written by":"bx_ayesa"},"schema":{"@context":"https:\/\/schema.org","@graph":[{"@type":"Article","@id":"https:\/\/www.boxrepsol.com\/en\/motogp-en\/level7-image-gallery\/#article","isPartOf":{"@id":"https:\/\/www.boxrepsol.com\/en\/motogp-en\/level7-image-gallery\/"},"author":{"name":"bx_ayesa","@id":"https:\/\/www.boxrepsol.com\/en\/#\/schema\/person\/d9d0f442a4332c7d099d31ffda4747a0"},"headline":"#Level7 Image gallery","datePublished":"2018-10-21T02:00:00+00:00","dateModified":"2023-02-27T09:12:47+00:00","mainEntityOfPage":{"@id":"https:\/\/www.boxrepsol.com\/en\/motogp-en\/level7-image-gallery\/"},"wordCount":93,"commentCount":0,"publisher":{"@id":"https:\/\/www.boxrepsol.com\/en\/#organization"},"image":{"@id":"https:\/\/www.boxrepsol.com\/en\/motogp-en\/level7-image-gallery\/#primaryimage"},"thumbnailUrl":"https:\/\/bxrepsol.s3.eu-west-1.amazonaws.com\/static\/2022\/08\/29083057\/2014_valencia.jpg","keywords":["Marc M\u00e1rquez","Marc M\u00e1rquez"],"articleSection":["MotoGP"],"inLanguage":"en-US","potentialAction":[{"@type":"CommentAction","name":"Comment","target":["https:\/\/www.boxrepsol.com\/en\/motogp-en\/level7-image-gallery\/#respond"]}]},{"@type":"WebPage","@id":"https:\/\/www.boxrepsol.com\/en\/motogp-en\/level7-image-gallery\/","url":"https:\/\/www.boxrepsol.com\/en\/motogp-en\/level7-image-gallery\/","name":"#Level7 Image gallery - Box Repsol","isPartOf":{"@id":"https:\/\/www.boxrepsol.com\/en\/#website"},"primaryImageOfPage":{"@id":"https:\/\/www.boxrepsol.com\/en\/motogp-en\/level7-image-gallery\/#primaryimage"},"image":{"@id":"https:\/\/www.boxrepsol.com\/en\/motogp-en\/level7-image-gallery\/#primaryimage"},"thumbnailUrl":"https:\/\/bxrepsol.s3.eu-west-1.amazonaws.com\/static\/2022\/08\/29083057\/2014_valencia.jpg","datePublished":"2018-10-21T02:00:00+00:00","dateModified":"2023-02-27T09:12:47+00:00","description":"Relive with us Marc M\u00e1rquez's 7 World Champion Titles.","breadcrumb":{"@id":"https:\/\/www.boxrepsol.com\/en\/motogp-en\/level7-image-gallery\/#breadcrumb"},"inLanguage":"en-US","potentialAction":[{"@type":"ReadAction","target":["https:\/\/www.boxrepsol.com\/en\/motogp-en\/level7-image-gallery\/"]}]},{"@type":"ImageObject","inLanguage":"en-US","@id":"https:\/\/www.boxrepsol.com\/en\/motogp-en\/level7-image-gallery\/#primaryimage","url":"https:\/\/bxrepsol.s3.eu-west-1.amazonaws.com\/static\/2022\/08\/29083057\/2014_valencia.jpg","contentUrl":"https:\/\/bxrepsol.s3.eu-west-1.amazonaws.com\/static\/2022\/08\/29083057\/2014_valencia.jpg","width":1296,"height":864,"caption":"Marc M\u00e1rquez con casco dorado levantado sobre la moto"},{"@type":"BreadcrumbList","@id":"https:\/\/www.boxrepsol.com\/en\/motogp-en\/level7-image-gallery\/#breadcrumb","itemListElement":[{"@type":"ListItem","position":1,"name":"Home","item":"https:\/\/www.boxrepsol.com\/en\/"},{"@type":"ListItem","position":2,"name":"#Level7 Image gallery"}]},{"@type":"WebSite","@id":"https:\/\/www.boxrepsol.com\/en\/#website","url":"https:\/\/www.boxrepsol.com\/en\/","name":"Box Repsol","description":"Box Repsol Site","publisher":{"@id":"https:\/\/www.boxrepsol.com\/en\/#organization"},"potentialAction":[{"@type":"SearchAction","target":{"@type":"EntryPoint","urlTemplate":"https:\/\/www.boxrepsol.com\/en\/?s={search_term_string}"},"query-input":{"@type":"PropertyValueSpecification","valueRequired":true,"valueName":"search_term_string"}}],"inLanguage":"en-US"},{"@type":"Organization","@id":"https:\/\/www.boxrepsol.com\/en\/#organization","name":"Box Repsol","url":"https:\/\/www.boxrepsol.com\/en\/","logo":{"@type":"ImageObject","inLanguage":"en-US","@id":"https:\/\/www.boxrepsol.com\/en\/#\/schema\/logo\/image\/","url":"https:\/\/bxrepsol.s3.eu-west-1.amazonaws.com\/static\/2025\/07\/30083337\/favicon-96x96-1.png","contentUrl":"https:\/\/bxrepsol.s3.eu-west-1.amazonaws.com\/static\/2025\/07\/30083337\/favicon-96x96-1.png","width":96,"height":96,"caption":"Box Repsol"},"image":{"@id":"https:\/\/www.boxrepsol.com\/en\/#\/schema\/logo\/image\/"},"sameAs":["https:\/\/www.facebook.com\/BoxRepsol","https:\/\/x.com\/box_repsol","http:\/\/instagram.com\/box_repsol","https:\/\/www.youtube.com\/user\/RepsolCompeticion","https:\/\/www.flickr.com\/photos\/box_repsol\/"]},{"@type":"Person","@id":"https:\/\/www.boxrepsol.com\/en\/#\/schema\/person\/d9d0f442a4332c7d099d31ffda4747a0","name":"bx_ayesa","image":{"@type":"ImageObject","inLanguage":"en-US","@id":"https:\/\/secure.gravatar.com\/avatar\/059e1b9d3585083708845ba70e8dd968f143ff35f5e0e10cf2d1e7afe2c6a878?s=96&d=mm&r=g","url":"https:\/\/secure.gravatar.com\/avatar\/059e1b9d3585083708845ba70e8dd968f143ff35f5e0e10cf2d1e7afe2c6a878?s=96&d=mm&r=g","contentUrl":"https:\/\/secure.gravatar.com\/avatar\/059e1b9d3585083708845ba70e8dd968f143ff35f5e0e10cf2d1e7afe2c6a878?s=96&d=mm&r=g","caption":"bx_ayesa"},"sameAs":["http:\/\/54.155.157.200"],"url":"https:\/\/www.boxrepsol.com\/en\/author\/bx_ayesa\/"}]}},"_links":{"self":[{"href":"https:\/\/www.boxrepsol.com\/en\/wp-json\/wp\/v2\/posts\/97150","targetHints":{"allow":["GET"]}}],"collection":[{"href":"https:\/\/www.boxrepsol.com\/en\/wp-json\/wp\/v2\/posts"}],"about":[{"href":"https:\/\/www.boxrepsol.com\/en\/wp-json\/wp\/v2\/types\/post"}],"author":[{"embeddable":true,"href":"https:\/\/www.boxrepsol.com\/en\/wp-json\/wp\/v2\/users\/1"}],"replies":[{"embeddable":true,"href":"https:\/\/www.boxrepsol.com\/en\/wp-json\/wp\/v2\/comments?post=97150"}],"version-history":[{"count":1,"href":"https:\/\/www.boxrepsol.com\/en\/wp-json\/wp\/v2\/posts\/97150\/revisions"}],"predecessor-version":[{"id":97151,"href":"https:\/\/www.boxrepsol.com\/en\/wp-json\/wp\/v2\/posts\/97150\/revisions\/97151"}],"wp:featuredmedia":[{"embeddable":true,"href":"https:\/\/www.boxrepsol.com\/en\/wp-json\/wp\/v2\/media\/59677"}],"wp:attachment":[{"href":"https:\/\/www.boxrepsol.com\/en\/wp-json\/wp\/v2\/media?parent=97150"}],"wp:term":[{"taxonomy":"category","embeddable":true,"href":"https:\/\/www.boxrepsol.com\/en\/wp-json\/wp\/v2\/categories?post=97150"},{"taxonomy":"post_tag","embeddable":true,"href":"https:\/\/www.boxrepsol.com\/en\/wp-json\/wp\/v2\/tags?post=97150"}],"curies":[{"name":"wp","href":"https:\/\/api.w.org\/{rel}","templated":true}]}}