{"id":97139,"date":"2018-10-15T00:00:00","date_gmt":"2018-10-15T02:00:00","guid":{"rendered":"http:\/\/pre.boxrepsol.com\/uncategorized\/jesko-raffin-se-proclama-campeon-europa-moto2-albacete\/"},"modified":"2023-11-30T12:32:20","modified_gmt":"2023-11-30T14:32:20","slug":"jesko-raffin-se-proclama-campeon-europa-moto2-albacete","status":"publish","type":"post","link":"https:\/\/www.boxrepsol.com\/en\/uncategorized\/jesko-raffin-se-proclama-campeon-europa-moto2-albacete\/","title":{"rendered":"Jesko Raffin takes the Moto2 European Championship title in Albacete"},"content":{"rendered":"<p><strong>Ra\u00fal Fern\u00e1ndez won the race of the Moto3 Junior World Championship<\/strong> which he started from pole position and dominated from flag to flag.<\/p>\n<p>With this result, Ra\u00fal Fern\u00e1ndez increased his advantage in the lead by 17 points \u2013now he has 49\u2013.<\/p>\n<p><strong>H\u00e9ctor Garz\u00f3 achieved his first victory in Moto2 after a first race that was decided in an exciting end<\/strong>. The Moto2 race was cut to 13 laps due to the heavy rain that started falling a few minutes before the start.<\/p>\n<p><strong>Luis Pomares was the winner of the second stint in Moto2<\/strong>. The contest was cancelled 10 laps from the end due to the\u00a0bad weather and only half the amount of points has been awarded.<\/p>\n<p><strong>Jesko Raffin is now Champion of the Moto2 European Championship<\/strong> in the FIM CEV Repsol after finishing the seventh round in Albacete 46,5 points ahead of his closest rival in the overall standings.<\/p>\n<p><strong>Alex Mill\u00e1n took his first win at the FIM CEV Repsol in a demanding race of the European Talent Cup<\/strong>. The Catalan rider signed a perfect weekend after taking the pole position on Saturday.<\/p>\n<p>On top of the overall standings, Xavier Artigas keeps the lead of the category, 19 points ahead of V\u00edctor Rodr\u00edguez.<\/p>\n<p><a href=\"https:\/\/bxrepsol.s3.eu-west-1.amazonaws.com\/static\/2022\/08\/05061905\/00_carrera_moto2_fim_cev_repsol_albacete_lluvia_intensa.jpg\" \n   title=\"Carrera de Moto2 en lluvia intensa\" \n   data-gallery-thumbnail=\"https:\/\/bxrepsol.s3.eu-west-1.amazonaws.com\/static\/2022\/08\/05061905\/00_carrera_moto2_fim_cev_repsol_albacete_lluvia_intensa.jpg\"\n   data-gallery-title=\"\"\n   data-gallery><\/p>\n<figure>\n        <picture style=\"padding-bottom: 66.72%; background-image: url(https:\/\/bxrepsol.s3.eu-west-1.amazonaws.com\/static\/2022\/08\/05061905\/00_carrera_moto2_fim_cev_repsol_albacete_lluvia_intensa.jpg);\">\n            <img decoding=\"async\" src=\"https:\/\/bxrepsol.s3.eu-west-1.amazonaws.com\/static\/2022\/08\/05061905\/00_carrera_moto2_fim_cev_repsol_albacete_lluvia_intensa.jpg\"><br \/>\n            <img itemprop=\"image\"\n                data-srcset=\"https:\/\/bxrepsol.s3.eu-west-1.amazonaws.com\/static\/2022\/08\/05061905\/00_carrera_moto2_fim_cev_repsol_albacete_lluvia_intensa.jpg 480w, https:\/\/bxrepsol.s3.eu-west-1.amazonaws.com\/static\/2022\/08\/05061905\/00_carrera_moto2_fim_cev_repsol_albacete_lluvia_intensa.jpg 600w, https:\/\/bxrepsol.s3.eu-west-1.amazonaws.com\/static\/2022\/08\/05061905\/00_carrera_moto2_fim_cev_repsol_albacete_lluvia_intensa.jpg 900w\"\n                data-src=\"https:\/\/bxrepsol.s3.eu-west-1.amazonaws.com\/static\/2022\/08\/05061905\/00_carrera_moto2_fim_cev_repsol_albacete_lluvia_intensa.jpg\"\n                alt=\"Carrera de Moto2 en lluvia intensa\"\n                title=\"Carrera de Moto2 en el FIM CEV Repsol Albacete\"\/><br \/>\n            <noscript><img decoding=\"async\" src=\"https:\/\/bxrepsol.s3.eu-west-1.amazonaws.com\/static\/2022\/08\/05061905\/00_carrera_moto2_fim_cev_repsol_albacete_lluvia_intensa.jpg\" alt=\"Carrera de Moto2 en lluvia intensa\"><\/noscript>\n        <\/picture><figcaption>Carrera de Moto2 en lluvia intensa<\/figcaption><\/figure>\n<p><\/a><\/p>\n<h3><strong>Ra\u00fal Fern\u00e1ndez \u2013 Moto3 race winner<\/strong><\/h3>\n<p><em>\u201cIt was an amazing race. We had a very good pace during the weekend, the setup of the bike was good. Yesterday I did a fast lap that gave me the pole position and today the only thing I wanted is that it didn\u2019t rain. <\/em><\/p>\n<p><em>In the end it rained but we were able to win. I want to thank my whole family because they always support me and also my team.\u201d<\/em><\/p>\n<hr \/>\n<h3><strong>H\u00e9ctor Garz\u00f3 \u2013 1st Moto2 race winner<\/strong><\/h3>\n<p><em>\u201cIt was a difficult race. I tried to manage it right, but at the beginning it was difficult. I tried to push at the start to see if I could build some advantage over the second group. In the end, it worked, although I took some risks, but it\u2019s what I had to do. I\u2019m very happy with this win.\u201d<\/em><\/p>\n<hr \/>\n<h3><strong>Luis Pomares \u2013\u00a0<\/strong><strong>2nd Moto2 race winner<\/strong><\/h3>\n<p><em>\u201cThe second race was crazy. At the beginning there was a dry line on the track and thirteen laps before the end I saw that some riders stopped to change to the rain tyre. <\/em><\/p>\n<p><em>The strategy we had agreed with my team was not to stop to change the tyre until I got the signal from my Team Manager, so I continued until the red flag went out. It was a good weekend.\u201d<\/em><\/p>\n<hr \/>\n<h3><strong>Jesko Raffin\u2013 Moto2 European Champion<\/strong><\/h3>\n<p><em>\u201cBeing the Champion is incredible. It was a very long Sunday and many things happened, so we were in doubt until the last moment. This title feels even better than the first because I could show to everyone that had doubts that I can be fast and win, and that gave me even more motivation. <\/em><\/p>\n<p><em>I want to thank the team, they did a great job the whole season, and also my family, my friends and my fans. I\u2019m very happy.\u201d<\/em><\/p>\n<hr \/>\n<h3><strong>Alex Mill\u00e1n \u2013 European Talent Cup race winner<\/strong><\/h3>\n<p><em>\u201cIt was difficult to get the pole position, but we worked hard for it. The race was crazy; I dropped to the tenth place but then I was able to recover and win in the end. I want to thank the team, my family, and all those who support me.\u201d<\/em><\/p>\n","protected":false},"excerpt":{"rendered":"<p>The Swiss rider secured again the title he already won in 2014. Ra\u00fal Fern\u00e1ndez, H\u00e9ctor Garz\u00f3, Luis Pomares and Alex Mill\u00e1n won the different races of Round 7.<\/p>\n","protected":false},"author":1,"featured_media":59647,"comment_status":"open","ping_status":"open","sticky":false,"template":"","format":"standard","meta":{"footnotes":""},"categories":[64],"tags":[214,277],"class_list":["post-97139","post","type-post","status-publish","format-standard","hentry","category-uncategorized","tag-other-events-competitions","tag-otros-eventos-y-competiciones-en"],"yoast_head":"<!-- This site is optimized with the Yoast SEO plugin v27.3 - https:\/\/yoast.com\/product\/yoast-seo-wordpress\/ -->\n<title>Jesko Raffin Moto2 European Champion - Box Repsol<\/title>\n<meta name=\"description\" content=\"The Swiss rider secured again the title he already won in 2014. Ra\u00fal Fern\u00e1ndez, H\u00e9ctor Garz\u00f3, Luis Pomares and Alex Mill\u00e1n won the different races.\" \/>\n<link rel=\"canonical\" href=\"https:\/\/www.boxrepsol.com\/en\/uncategorized\/jesko-raffin-se-proclama-campeon-europa-moto2-albacete\/\" \/>\n<meta property=\"og:locale\" content=\"en_US\" \/>\n<meta property=\"og:type\" content=\"article\" \/>\n<meta property=\"og:title\" content=\"Jesko Raffin Moto2 European Champion - Box Repsol\" \/>\n<meta property=\"og:description\" content=\"The Swiss rider secured again the title he already won in 2014. Ra\u00fal Fern\u00e1ndez, H\u00e9ctor Garz\u00f3, Luis Pomares and Alex Mill\u00e1n won the different races.\" \/>\n<meta property=\"og:url\" content=\"https:\/\/www.boxrepsol.com\/en\/uncategorized\/jesko-raffin-se-proclama-campeon-europa-moto2-albacete\/\" \/>\n<meta property=\"og:site_name\" content=\"Box Repsol\" \/>\n<meta property=\"article:publisher\" content=\"https:\/\/www.facebook.com\/BoxRepsol\" \/>\n<meta property=\"article:published_time\" content=\"2018-10-15T02:00:00+00:00\" \/>\n<meta property=\"article:modified_time\" content=\"2023-11-30T14:32:20+00:00\" \/>\n<meta property=\"og:image\" content=\"https:\/\/bxrepsol.s3.eu-west-1.amazonaws.com\/static\/2022\/08\/29083039\/00_jesko_raffin_moto2_fim_cev_repsol.jpg\" \/>\n\t<meta property=\"og:image:width\" content=\"1280\" \/>\n\t<meta property=\"og:image:height\" content=\"600\" \/>\n\t<meta property=\"og:image:type\" content=\"image\/jpeg\" \/>\n<meta name=\"author\" content=\"bx_ayesa\" \/>\n<meta name=\"twitter:card\" content=\"summary_large_image\" \/>\n<meta name=\"twitter:creator\" content=\"@box_repsol\" \/>\n<meta name=\"twitter:site\" content=\"@box_repsol\" \/>\n<meta name=\"twitter:label1\" content=\"Written by\" \/>\n\t<meta name=\"twitter:data1\" content=\"bx_ayesa\" \/>\n\t<meta name=\"twitter:label2\" content=\"Est. reading time\" \/>\n\t<meta name=\"twitter:data2\" content=\"3 minutes\" \/>\n<script type=\"application\/ld+json\" class=\"yoast-schema-graph\">{\"@context\":\"https:\\\/\\\/schema.org\",\"@graph\":[{\"@type\":\"Article\",\"@id\":\"https:\\\/\\\/www.boxrepsol.com\\\/en\\\/uncategorized\\\/jesko-raffin-se-proclama-campeon-europa-moto2-albacete\\\/#article\",\"isPartOf\":{\"@id\":\"https:\\\/\\\/www.boxrepsol.com\\\/en\\\/uncategorized\\\/jesko-raffin-se-proclama-campeon-europa-moto2-albacete\\\/\"},\"author\":{\"name\":\"bx_ayesa\",\"@id\":\"https:\\\/\\\/www.boxrepsol.com\\\/en\\\/#\\\/schema\\\/person\\\/d9d0f442a4332c7d099d31ffda4747a0\"},\"headline\":\"Jesko Raffin takes the Moto2 European Championship title in Albacete\",\"datePublished\":\"2018-10-15T02:00:00+00:00\",\"dateModified\":\"2023-11-30T14:32:20+00:00\",\"mainEntityOfPage\":{\"@id\":\"https:\\\/\\\/www.boxrepsol.com\\\/en\\\/uncategorized\\\/jesko-raffin-se-proclama-campeon-europa-moto2-albacete\\\/\"},\"wordCount\":595,\"commentCount\":0,\"publisher\":{\"@id\":\"https:\\\/\\\/www.boxrepsol.com\\\/en\\\/#organization\"},\"image\":{\"@id\":\"https:\\\/\\\/www.boxrepsol.com\\\/en\\\/uncategorized\\\/jesko-raffin-se-proclama-campeon-europa-moto2-albacete\\\/#primaryimage\"},\"thumbnailUrl\":\"https:\\\/\\\/bxrepsol.s3.eu-west-1.amazonaws.com\\\/static\\\/2022\\\/08\\\/29083039\\\/00_jesko_raffin_moto2_fim_cev_repsol.jpg\",\"keywords\":[\"Other events &amp; competitions\",\"otros eventos y competiciones\"],\"inLanguage\":\"en-US\",\"potentialAction\":[{\"@type\":\"CommentAction\",\"name\":\"Comment\",\"target\":[\"https:\\\/\\\/www.boxrepsol.com\\\/en\\\/uncategorized\\\/jesko-raffin-se-proclama-campeon-europa-moto2-albacete\\\/#respond\"]}]},{\"@type\":\"WebPage\",\"@id\":\"https:\\\/\\\/www.boxrepsol.com\\\/en\\\/uncategorized\\\/jesko-raffin-se-proclama-campeon-europa-moto2-albacete\\\/\",\"url\":\"https:\\\/\\\/www.boxrepsol.com\\\/en\\\/uncategorized\\\/jesko-raffin-se-proclama-campeon-europa-moto2-albacete\\\/\",\"name\":\"Jesko Raffin Moto2 European Champion - Box Repsol\",\"isPartOf\":{\"@id\":\"https:\\\/\\\/www.boxrepsol.com\\\/en\\\/#website\"},\"primaryImageOfPage\":{\"@id\":\"https:\\\/\\\/www.boxrepsol.com\\\/en\\\/uncategorized\\\/jesko-raffin-se-proclama-campeon-europa-moto2-albacete\\\/#primaryimage\"},\"image\":{\"@id\":\"https:\\\/\\\/www.boxrepsol.com\\\/en\\\/uncategorized\\\/jesko-raffin-se-proclama-campeon-europa-moto2-albacete\\\/#primaryimage\"},\"thumbnailUrl\":\"https:\\\/\\\/bxrepsol.s3.eu-west-1.amazonaws.com\\\/static\\\/2022\\\/08\\\/29083039\\\/00_jesko_raffin_moto2_fim_cev_repsol.jpg\",\"datePublished\":\"2018-10-15T02:00:00+00:00\",\"dateModified\":\"2023-11-30T14:32:20+00:00\",\"description\":\"The Swiss rider secured again the title he already won in 2014. Ra\u00fal Fern\u00e1ndez, H\u00e9ctor Garz\u00f3, Luis Pomares and Alex Mill\u00e1n won the different races.\",\"breadcrumb\":{\"@id\":\"https:\\\/\\\/www.boxrepsol.com\\\/en\\\/uncategorized\\\/jesko-raffin-se-proclama-campeon-europa-moto2-albacete\\\/#breadcrumb\"},\"inLanguage\":\"en-US\",\"potentialAction\":[{\"@type\":\"ReadAction\",\"target\":[\"https:\\\/\\\/www.boxrepsol.com\\\/en\\\/uncategorized\\\/jesko-raffin-se-proclama-campeon-europa-moto2-albacete\\\/\"]}]},{\"@type\":\"ImageObject\",\"inLanguage\":\"en-US\",\"@id\":\"https:\\\/\\\/www.boxrepsol.com\\\/en\\\/uncategorized\\\/jesko-raffin-se-proclama-campeon-europa-moto2-albacete\\\/#primaryimage\",\"url\":\"https:\\\/\\\/bxrepsol.s3.eu-west-1.amazonaws.com\\\/static\\\/2022\\\/08\\\/29083039\\\/00_jesko_raffin_moto2_fim_cev_repsol.jpg\",\"contentUrl\":\"https:\\\/\\\/bxrepsol.s3.eu-west-1.amazonaws.com\\\/static\\\/2022\\\/08\\\/29083039\\\/00_jesko_raffin_moto2_fim_cev_repsol.jpg\",\"width\":1280,\"height\":600,\"caption\":\"Jesko Raffin rodando en lluvia intensa\"},{\"@type\":\"BreadcrumbList\",\"@id\":\"https:\\\/\\\/www.boxrepsol.com\\\/en\\\/uncategorized\\\/jesko-raffin-se-proclama-campeon-europa-moto2-albacete\\\/#breadcrumb\",\"itemListElement\":[{\"@type\":\"ListItem\",\"position\":1,\"name\":\"Home\",\"item\":\"https:\\\/\\\/www.boxrepsol.com\\\/en\\\/\"},{\"@type\":\"ListItem\",\"position\":2,\"name\":\"Jesko Raffin takes the Moto2 European Championship title in Albacete\"}]},{\"@type\":\"WebSite\",\"@id\":\"https:\\\/\\\/www.boxrepsol.com\\\/en\\\/#website\",\"url\":\"https:\\\/\\\/www.boxrepsol.com\\\/en\\\/\",\"name\":\"Box Repsol\",\"description\":\"Box Repsol Site\",\"publisher\":{\"@id\":\"https:\\\/\\\/www.boxrepsol.com\\\/en\\\/#organization\"},\"potentialAction\":[{\"@type\":\"SearchAction\",\"target\":{\"@type\":\"EntryPoint\",\"urlTemplate\":\"https:\\\/\\\/www.boxrepsol.com\\\/en\\\/?s={search_term_string}\"},\"query-input\":{\"@type\":\"PropertyValueSpecification\",\"valueRequired\":true,\"valueName\":\"search_term_string\"}}],\"inLanguage\":\"en-US\"},{\"@type\":\"Organization\",\"@id\":\"https:\\\/\\\/www.boxrepsol.com\\\/en\\\/#organization\",\"name\":\"Box Repsol\",\"url\":\"https:\\\/\\\/www.boxrepsol.com\\\/en\\\/\",\"logo\":{\"@type\":\"ImageObject\",\"inLanguage\":\"en-US\",\"@id\":\"https:\\\/\\\/www.boxrepsol.com\\\/en\\\/#\\\/schema\\\/logo\\\/image\\\/\",\"url\":\"https:\\\/\\\/bxrepsol.s3.eu-west-1.amazonaws.com\\\/static\\\/2025\\\/07\\\/30083337\\\/favicon-96x96-1.png\",\"contentUrl\":\"https:\\\/\\\/bxrepsol.s3.eu-west-1.amazonaws.com\\\/static\\\/2025\\\/07\\\/30083337\\\/favicon-96x96-1.png\",\"width\":96,\"height\":96,\"caption\":\"Box Repsol\"},\"image\":{\"@id\":\"https:\\\/\\\/www.boxrepsol.com\\\/en\\\/#\\\/schema\\\/logo\\\/image\\\/\"},\"sameAs\":[\"https:\\\/\\\/www.facebook.com\\\/BoxRepsol\",\"https:\\\/\\\/x.com\\\/box_repsol\",\"http:\\\/\\\/instagram.com\\\/box_repsol\",\"https:\\\/\\\/www.youtube.com\\\/user\\\/RepsolCompeticion\",\"https:\\\/\\\/www.flickr.com\\\/photos\\\/box_repsol\\\/\"]},{\"@type\":\"Person\",\"@id\":\"https:\\\/\\\/www.boxrepsol.com\\\/en\\\/#\\\/schema\\\/person\\\/d9d0f442a4332c7d099d31ffda4747a0\",\"name\":\"bx_ayesa\",\"image\":{\"@type\":\"ImageObject\",\"inLanguage\":\"en-US\",\"@id\":\"https:\\\/\\\/secure.gravatar.com\\\/avatar\\\/059e1b9d3585083708845ba70e8dd968f143ff35f5e0e10cf2d1e7afe2c6a878?s=96&d=mm&r=g\",\"url\":\"https:\\\/\\\/secure.gravatar.com\\\/avatar\\\/059e1b9d3585083708845ba70e8dd968f143ff35f5e0e10cf2d1e7afe2c6a878?s=96&d=mm&r=g\",\"contentUrl\":\"https:\\\/\\\/secure.gravatar.com\\\/avatar\\\/059e1b9d3585083708845ba70e8dd968f143ff35f5e0e10cf2d1e7afe2c6a878?s=96&d=mm&r=g\",\"caption\":\"bx_ayesa\"},\"sameAs\":[\"http:\\\/\\\/54.155.157.200\"],\"url\":\"https:\\\/\\\/www.boxrepsol.com\\\/en\\\/author\\\/bx_ayesa\\\/\"}]}<\/script>\n<!-- \/ Yoast SEO plugin. -->","yoast_head_json":{"title":"Jesko Raffin Moto2 European Champion - Box Repsol","description":"The Swiss rider secured again the title he already won in 2014. Ra\u00fal Fern\u00e1ndez, H\u00e9ctor Garz\u00f3, Luis Pomares and Alex Mill\u00e1n won the different races.","canonical":"https:\/\/www.boxrepsol.com\/en\/uncategorized\/jesko-raffin-se-proclama-campeon-europa-moto2-albacete\/","og_locale":"en_US","og_type":"article","og_title":"Jesko Raffin Moto2 European Champion - Box Repsol","og_description":"The Swiss rider secured again the title he already won in 2014. Ra\u00fal Fern\u00e1ndez, H\u00e9ctor Garz\u00f3, Luis Pomares and Alex Mill\u00e1n won the different races.","og_url":"https:\/\/www.boxrepsol.com\/en\/uncategorized\/jesko-raffin-se-proclama-campeon-europa-moto2-albacete\/","og_site_name":"Box Repsol","article_publisher":"https:\/\/www.facebook.com\/BoxRepsol","article_published_time":"2018-10-15T02:00:00+00:00","article_modified_time":"2023-11-30T14:32:20+00:00","og_image":[{"width":1280,"height":600,"url":"https:\/\/bxrepsol.s3.eu-west-1.amazonaws.com\/static\/2022\/08\/29083039\/00_jesko_raffin_moto2_fim_cev_repsol.jpg","type":"image\/jpeg"}],"author":"bx_ayesa","twitter_card":"summary_large_image","twitter_creator":"@box_repsol","twitter_site":"@box_repsol","twitter_misc":{"Written by":"bx_ayesa","Est. reading time":"3 minutes"},"schema":{"@context":"https:\/\/schema.org","@graph":[{"@type":"Article","@id":"https:\/\/www.boxrepsol.com\/en\/uncategorized\/jesko-raffin-se-proclama-campeon-europa-moto2-albacete\/#article","isPartOf":{"@id":"https:\/\/www.boxrepsol.com\/en\/uncategorized\/jesko-raffin-se-proclama-campeon-europa-moto2-albacete\/"},"author":{"name":"bx_ayesa","@id":"https:\/\/www.boxrepsol.com\/en\/#\/schema\/person\/d9d0f442a4332c7d099d31ffda4747a0"},"headline":"Jesko Raffin takes the Moto2 European Championship title in Albacete","datePublished":"2018-10-15T02:00:00+00:00","dateModified":"2023-11-30T14:32:20+00:00","mainEntityOfPage":{"@id":"https:\/\/www.boxrepsol.com\/en\/uncategorized\/jesko-raffin-se-proclama-campeon-europa-moto2-albacete\/"},"wordCount":595,"commentCount":0,"publisher":{"@id":"https:\/\/www.boxrepsol.com\/en\/#organization"},"image":{"@id":"https:\/\/www.boxrepsol.com\/en\/uncategorized\/jesko-raffin-se-proclama-campeon-europa-moto2-albacete\/#primaryimage"},"thumbnailUrl":"https:\/\/bxrepsol.s3.eu-west-1.amazonaws.com\/static\/2022\/08\/29083039\/00_jesko_raffin_moto2_fim_cev_repsol.jpg","keywords":["Other events &amp; competitions","otros eventos y competiciones"],"inLanguage":"en-US","potentialAction":[{"@type":"CommentAction","name":"Comment","target":["https:\/\/www.boxrepsol.com\/en\/uncategorized\/jesko-raffin-se-proclama-campeon-europa-moto2-albacete\/#respond"]}]},{"@type":"WebPage","@id":"https:\/\/www.boxrepsol.com\/en\/uncategorized\/jesko-raffin-se-proclama-campeon-europa-moto2-albacete\/","url":"https:\/\/www.boxrepsol.com\/en\/uncategorized\/jesko-raffin-se-proclama-campeon-europa-moto2-albacete\/","name":"Jesko Raffin Moto2 European Champion - Box Repsol","isPartOf":{"@id":"https:\/\/www.boxrepsol.com\/en\/#website"},"primaryImageOfPage":{"@id":"https:\/\/www.boxrepsol.com\/en\/uncategorized\/jesko-raffin-se-proclama-campeon-europa-moto2-albacete\/#primaryimage"},"image":{"@id":"https:\/\/www.boxrepsol.com\/en\/uncategorized\/jesko-raffin-se-proclama-campeon-europa-moto2-albacete\/#primaryimage"},"thumbnailUrl":"https:\/\/bxrepsol.s3.eu-west-1.amazonaws.com\/static\/2022\/08\/29083039\/00_jesko_raffin_moto2_fim_cev_repsol.jpg","datePublished":"2018-10-15T02:00:00+00:00","dateModified":"2023-11-30T14:32:20+00:00","description":"The Swiss rider secured again the title he already won in 2014. Ra\u00fal Fern\u00e1ndez, H\u00e9ctor Garz\u00f3, Luis Pomares and Alex Mill\u00e1n won the different races.","breadcrumb":{"@id":"https:\/\/www.boxrepsol.com\/en\/uncategorized\/jesko-raffin-se-proclama-campeon-europa-moto2-albacete\/#breadcrumb"},"inLanguage":"en-US","potentialAction":[{"@type":"ReadAction","target":["https:\/\/www.boxrepsol.com\/en\/uncategorized\/jesko-raffin-se-proclama-campeon-europa-moto2-albacete\/"]}]},{"@type":"ImageObject","inLanguage":"en-US","@id":"https:\/\/www.boxrepsol.com\/en\/uncategorized\/jesko-raffin-se-proclama-campeon-europa-moto2-albacete\/#primaryimage","url":"https:\/\/bxrepsol.s3.eu-west-1.amazonaws.com\/static\/2022\/08\/29083039\/00_jesko_raffin_moto2_fim_cev_repsol.jpg","contentUrl":"https:\/\/bxrepsol.s3.eu-west-1.amazonaws.com\/static\/2022\/08\/29083039\/00_jesko_raffin_moto2_fim_cev_repsol.jpg","width":1280,"height":600,"caption":"Jesko Raffin rodando en lluvia intensa"},{"@type":"BreadcrumbList","@id":"https:\/\/www.boxrepsol.com\/en\/uncategorized\/jesko-raffin-se-proclama-campeon-europa-moto2-albacete\/#breadcrumb","itemListElement":[{"@type":"ListItem","position":1,"name":"Home","item":"https:\/\/www.boxrepsol.com\/en\/"},{"@type":"ListItem","position":2,"name":"Jesko Raffin takes the Moto2 European Championship title in Albacete"}]},{"@type":"WebSite","@id":"https:\/\/www.boxrepsol.com\/en\/#website","url":"https:\/\/www.boxrepsol.com\/en\/","name":"Box Repsol","description":"Box Repsol Site","publisher":{"@id":"https:\/\/www.boxrepsol.com\/en\/#organization"},"potentialAction":[{"@type":"SearchAction","target":{"@type":"EntryPoint","urlTemplate":"https:\/\/www.boxrepsol.com\/en\/?s={search_term_string}"},"query-input":{"@type":"PropertyValueSpecification","valueRequired":true,"valueName":"search_term_string"}}],"inLanguage":"en-US"},{"@type":"Organization","@id":"https:\/\/www.boxrepsol.com\/en\/#organization","name":"Box Repsol","url":"https:\/\/www.boxrepsol.com\/en\/","logo":{"@type":"ImageObject","inLanguage":"en-US","@id":"https:\/\/www.boxrepsol.com\/en\/#\/schema\/logo\/image\/","url":"https:\/\/bxrepsol.s3.eu-west-1.amazonaws.com\/static\/2025\/07\/30083337\/favicon-96x96-1.png","contentUrl":"https:\/\/bxrepsol.s3.eu-west-1.amazonaws.com\/static\/2025\/07\/30083337\/favicon-96x96-1.png","width":96,"height":96,"caption":"Box Repsol"},"image":{"@id":"https:\/\/www.boxrepsol.com\/en\/#\/schema\/logo\/image\/"},"sameAs":["https:\/\/www.facebook.com\/BoxRepsol","https:\/\/x.com\/box_repsol","http:\/\/instagram.com\/box_repsol","https:\/\/www.youtube.com\/user\/RepsolCompeticion","https:\/\/www.flickr.com\/photos\/box_repsol\/"]},{"@type":"Person","@id":"https:\/\/www.boxrepsol.com\/en\/#\/schema\/person\/d9d0f442a4332c7d099d31ffda4747a0","name":"bx_ayesa","image":{"@type":"ImageObject","inLanguage":"en-US","@id":"https:\/\/secure.gravatar.com\/avatar\/059e1b9d3585083708845ba70e8dd968f143ff35f5e0e10cf2d1e7afe2c6a878?s=96&d=mm&r=g","url":"https:\/\/secure.gravatar.com\/avatar\/059e1b9d3585083708845ba70e8dd968f143ff35f5e0e10cf2d1e7afe2c6a878?s=96&d=mm&r=g","contentUrl":"https:\/\/secure.gravatar.com\/avatar\/059e1b9d3585083708845ba70e8dd968f143ff35f5e0e10cf2d1e7afe2c6a878?s=96&d=mm&r=g","caption":"bx_ayesa"},"sameAs":["http:\/\/54.155.157.200"],"url":"https:\/\/www.boxrepsol.com\/en\/author\/bx_ayesa\/"}]}},"_links":{"self":[{"href":"https:\/\/www.boxrepsol.com\/en\/wp-json\/wp\/v2\/posts\/97139","targetHints":{"allow":["GET"]}}],"collection":[{"href":"https:\/\/www.boxrepsol.com\/en\/wp-json\/wp\/v2\/posts"}],"about":[{"href":"https:\/\/www.boxrepsol.com\/en\/wp-json\/wp\/v2\/types\/post"}],"author":[{"embeddable":true,"href":"https:\/\/www.boxrepsol.com\/en\/wp-json\/wp\/v2\/users\/1"}],"replies":[{"embeddable":true,"href":"https:\/\/www.boxrepsol.com\/en\/wp-json\/wp\/v2\/comments?post=97139"}],"version-history":[{"count":2,"href":"https:\/\/www.boxrepsol.com\/en\/wp-json\/wp\/v2\/posts\/97139\/revisions"}],"predecessor-version":[{"id":108865,"href":"https:\/\/www.boxrepsol.com\/en\/wp-json\/wp\/v2\/posts\/97139\/revisions\/108865"}],"wp:featuredmedia":[{"embeddable":true,"href":"https:\/\/www.boxrepsol.com\/en\/wp-json\/wp\/v2\/media\/59647"}],"wp:attachment":[{"href":"https:\/\/www.boxrepsol.com\/en\/wp-json\/wp\/v2\/media?parent=97139"}],"wp:term":[{"taxonomy":"category","embeddable":true,"href":"https:\/\/www.boxrepsol.com\/en\/wp-json\/wp\/v2\/categories?post=97139"},{"taxonomy":"post_tag","embeddable":true,"href":"https:\/\/www.boxrepsol.com\/en\/wp-json\/wp\/v2\/tags?post=97139"}],"curies":[{"name":"wp","href":"https:\/\/api.w.org\/{rel}","templated":true}]}}