{"id":97091,"date":"2018-09-22T00:00:00","date_gmt":"2018-09-22T02:00:00","guid":{"rendered":"http:\/\/pre.boxrepsol.com\/uncategorized\/marquez-to-start-from-third-place-and-pedrosa-from-the-second-row-at-aragon\/"},"modified":"2018-09-22T00:00:00","modified_gmt":"2018-09-22T02:00:00","slug":"marquez-to-start-from-third-place-and-pedrosa-from-the-second-row-at-aragon","status":"publish","type":"post","link":"https:\/\/www.boxrepsol.com\/en\/motogp-en\/marquez-to-start-from-third-place-and-pedrosa-from-the-second-row-at-aragon\/","title":{"rendered":"M\u00e1rquez to start from third place and Pedrosa from the second row at Aragon"},"content":{"rendered":"<p>Marc M\u00e1rquez was fifth in FP3 and seventh in FP4, in which he had a crash at Turn 7.<\/p>\n<p>The current MotoGP World Championship <strong>led the first half of the qualifying<\/strong> session, but could not improve with his second tyre and finished 79 thousandths off the best time.<\/p>\n<p>Dani Pedrosa, sixth in FP3 and eighth in FP4, earned sixth position in the qualifying session, just <strong>3 tenths off pole<\/strong> position.<\/p>\n<h3>Marc M\u00e1rquez<\/h3>\n<p><em>Today I\u00a0was able to\u00a0fight for the pole,\u00a0and actually the lap times are very close. Here,\u00a0the slipstream counts a lot\u00a0and\u00a0at a certain point everyone was waiting for one;\u00a0given that I was on top after the first run,\u00a0I\u00a0also\u00a0waited\u00a0before pushing for\u00a0the\u00a0final try. On my last lap\u00a0I\u00a0was coming very fast\u00a0behind Dovi,\u00a0but I made a couple of mistakes, one in particular in turn 12. I\u00a0missed the line a little bit\u00a0and\u00a0lost my chances there.\u00a0Anyway,\u00a0a front-row start was our goal and\u00a0we were able to achieve\u00a0that.\u00a0It seems it\u2019s\u00a0again\u00a0me and the Ducatis,\u00a0like it has been\u00a0at\u00a0the recent races,\u00a0so\u00a0tomorrow\u00a0we\u2019ll see\u00a0how it goes. In FP4 I had a crash because\u00a0I braked\u00a0a\u00a0bit too late,\u00a0but\u00a0until then\u00a0our pace was competitive\u00a0on a\u00a0used\u00a0tyre, which\u00a0is good.\u00a0That\u00a0was\u00a0also a good warning because I found the limit in that corner.\u00a0It will be a long race, but we\u2019re there;\u00a0I\u00a0also\u00a0felt at ease on my bike in the other sessions,\u00a0so tomorrow,\u00a0if possible, we\u2019ll fight\u00a0until the end.<\/em><\/p>\n<hr \/>\n<h3>Dani Pedrosa<\/h3>\n<p><em>Lap times were very tight\u00a0at the\u00a0front,\u00a0and the smallest mistake could have you losing two or three positions. Here in Aragon it\u2019s\u00a0important to be\u00a0at least on\u00a0the\u00a0second row because\u00a0the first corner is very close to the start and makes things a little tricky. We\u2019ll need to start well and find a good line between the first two corners.\u00a0We don\u2019t know yet how the pace will be tomorrow,\u00a0but overall our race rhythm has\u00a0been better than usual so we\u2019ll try to adjust some more little things and then see how it goes.<\/em><\/p>\n","protected":false},"excerpt":{"rendered":"<p>The Repsol Honda team riders finished a tight qualifying session with Marquez third, less than a tenth off pole, and Pedrosa sixth -3 tenths down.<\/p>\n","protected":false},"author":1,"featured_media":59347,"comment_status":"open","ping_status":"open","sticky":false,"template":"","format":"standard","meta":{"footnotes":""},"categories":[146],"tags":[141],"class_list":["post-97091","post","type-post","status-publish","format-standard","hentry","category-motogp-en","tag-motogp-aragon"],"yoast_head":"<!-- This site is optimized with the Yoast SEO plugin v27.3 - https:\/\/yoast.com\/product\/yoast-seo-wordpress\/ -->\n<title>GP de Arag\u00f3n Q2: M\u00e1rquez to start from third place and Pedrosa from the second row<\/title>\n<meta name=\"description\" content=\"Los pilotos del equipo Repsol Honda han terminado una ajustada sesi\u00f3n cronometrada con M\u00e1rquez tercero, a menos de una d\u00e9cima del m\u00e1s r\u00e1pido.\" \/>\n<link rel=\"canonical\" href=\"https:\/\/www.boxrepsol.com\/en\/motogp-en\/marquez-to-start-from-third-place-and-pedrosa-from-the-second-row-at-aragon\/\" \/>\n<meta property=\"og:locale\" content=\"en_US\" \/>\n<meta property=\"og:type\" content=\"article\" \/>\n<meta property=\"og:title\" content=\"GP de Arag\u00f3n Q2: M\u00e1rquez to start from third place and Pedrosa from the second row\" \/>\n<meta property=\"og:description\" content=\"Los pilotos del equipo Repsol Honda han terminado una ajustada sesi\u00f3n cronometrada con M\u00e1rquez tercero, a menos de una d\u00e9cima del m\u00e1s r\u00e1pido.\" \/>\n<meta property=\"og:url\" content=\"https:\/\/www.boxrepsol.com\/en\/motogp-en\/marquez-to-start-from-third-place-and-pedrosa-from-the-second-row-at-aragon\/\" \/>\n<meta property=\"og:site_name\" content=\"Box Repsol\" \/>\n<meta property=\"article:publisher\" content=\"https:\/\/www.facebook.com\/BoxRepsol\" \/>\n<meta property=\"article:published_time\" content=\"2018-09-22T02:00:00+00:00\" \/>\n<meta property=\"og:image\" content=\"https:\/\/bxrepsol.s3.eu-west-1.amazonaws.com\/static\/2022\/08\/29082722\/01_Marc_marquez_gp_aragon_q2.jpg\" \/>\n\t<meta property=\"og:image:width\" content=\"1280\" \/>\n\t<meta property=\"og:image:height\" content=\"600\" \/>\n\t<meta property=\"og:image:type\" content=\"image\/jpeg\" \/>\n<meta name=\"author\" content=\"bx_ayesa\" \/>\n<meta name=\"twitter:card\" content=\"summary_large_image\" \/>\n<meta name=\"twitter:creator\" content=\"@box_repsol\" \/>\n<meta name=\"twitter:site\" content=\"@box_repsol\" \/>\n<meta name=\"twitter:label1\" content=\"Written by\" \/>\n\t<meta name=\"twitter:data1\" content=\"bx_ayesa\" \/>\n\t<meta name=\"twitter:label2\" content=\"Est. reading time\" \/>\n\t<meta name=\"twitter:data2\" content=\"2 minutes\" \/>\n<script type=\"application\/ld+json\" class=\"yoast-schema-graph\">{\"@context\":\"https:\\\/\\\/schema.org\",\"@graph\":[{\"@type\":\"Article\",\"@id\":\"https:\\\/\\\/www.boxrepsol.com\\\/en\\\/motogp-en\\\/marquez-to-start-from-third-place-and-pedrosa-from-the-second-row-at-aragon\\\/#article\",\"isPartOf\":{\"@id\":\"https:\\\/\\\/www.boxrepsol.com\\\/en\\\/motogp-en\\\/marquez-to-start-from-third-place-and-pedrosa-from-the-second-row-at-aragon\\\/\"},\"author\":{\"name\":\"bx_ayesa\",\"@id\":\"https:\\\/\\\/www.boxrepsol.com\\\/en\\\/#\\\/schema\\\/person\\\/d9d0f442a4332c7d099d31ffda4747a0\"},\"headline\":\"M\u00e1rquez to start from third place and Pedrosa from the second row at Aragon\",\"datePublished\":\"2018-09-22T02:00:00+00:00\",\"mainEntityOfPage\":{\"@id\":\"https:\\\/\\\/www.boxrepsol.com\\\/en\\\/motogp-en\\\/marquez-to-start-from-third-place-and-pedrosa-from-the-second-row-at-aragon\\\/\"},\"wordCount\":390,\"commentCount\":0,\"publisher\":{\"@id\":\"https:\\\/\\\/www.boxrepsol.com\\\/en\\\/#organization\"},\"image\":{\"@id\":\"https:\\\/\\\/www.boxrepsol.com\\\/en\\\/motogp-en\\\/marquez-to-start-from-third-place-and-pedrosa-from-the-second-row-at-aragon\\\/#primaryimage\"},\"thumbnailUrl\":\"https:\\\/\\\/bxrepsol.s3.eu-west-1.amazonaws.com\\\/static\\\/2022\\\/08\\\/29082722\\\/01_Marc_marquez_gp_aragon_q2.jpg\",\"keywords\":[\"MotoGP Arag\u00f3n\"],\"articleSection\":[\"MotoGP\"],\"inLanguage\":\"en-US\",\"potentialAction\":[{\"@type\":\"CommentAction\",\"name\":\"Comment\",\"target\":[\"https:\\\/\\\/www.boxrepsol.com\\\/en\\\/motogp-en\\\/marquez-to-start-from-third-place-and-pedrosa-from-the-second-row-at-aragon\\\/#respond\"]}]},{\"@type\":\"WebPage\",\"@id\":\"https:\\\/\\\/www.boxrepsol.com\\\/en\\\/motogp-en\\\/marquez-to-start-from-third-place-and-pedrosa-from-the-second-row-at-aragon\\\/\",\"url\":\"https:\\\/\\\/www.boxrepsol.com\\\/en\\\/motogp-en\\\/marquez-to-start-from-third-place-and-pedrosa-from-the-second-row-at-aragon\\\/\",\"name\":\"GP de Arag\u00f3n Q2: M\u00e1rquez to start from third place and Pedrosa from the second row\",\"isPartOf\":{\"@id\":\"https:\\\/\\\/www.boxrepsol.com\\\/en\\\/#website\"},\"primaryImageOfPage\":{\"@id\":\"https:\\\/\\\/www.boxrepsol.com\\\/en\\\/motogp-en\\\/marquez-to-start-from-third-place-and-pedrosa-from-the-second-row-at-aragon\\\/#primaryimage\"},\"image\":{\"@id\":\"https:\\\/\\\/www.boxrepsol.com\\\/en\\\/motogp-en\\\/marquez-to-start-from-third-place-and-pedrosa-from-the-second-row-at-aragon\\\/#primaryimage\"},\"thumbnailUrl\":\"https:\\\/\\\/bxrepsol.s3.eu-west-1.amazonaws.com\\\/static\\\/2022\\\/08\\\/29082722\\\/01_Marc_marquez_gp_aragon_q2.jpg\",\"datePublished\":\"2018-09-22T02:00:00+00:00\",\"description\":\"Los pilotos del equipo Repsol Honda han terminado una ajustada sesi\u00f3n cronometrada con M\u00e1rquez tercero, a menos de una d\u00e9cima del m\u00e1s r\u00e1pido.\",\"breadcrumb\":{\"@id\":\"https:\\\/\\\/www.boxrepsol.com\\\/en\\\/motogp-en\\\/marquez-to-start-from-third-place-and-pedrosa-from-the-second-row-at-aragon\\\/#breadcrumb\"},\"inLanguage\":\"en-US\",\"potentialAction\":[{\"@type\":\"ReadAction\",\"target\":[\"https:\\\/\\\/www.boxrepsol.com\\\/en\\\/motogp-en\\\/marquez-to-start-from-third-place-and-pedrosa-from-the-second-row-at-aragon\\\/\"]}]},{\"@type\":\"ImageObject\",\"inLanguage\":\"en-US\",\"@id\":\"https:\\\/\\\/www.boxrepsol.com\\\/en\\\/motogp-en\\\/marquez-to-start-from-third-place-and-pedrosa-from-the-second-row-at-aragon\\\/#primaryimage\",\"url\":\"https:\\\/\\\/bxrepsol.s3.eu-west-1.amazonaws.com\\\/static\\\/2022\\\/08\\\/29082722\\\/01_Marc_marquez_gp_aragon_q2.jpg\",\"contentUrl\":\"https:\\\/\\\/bxrepsol.s3.eu-west-1.amazonaws.com\\\/static\\\/2022\\\/08\\\/29082722\\\/01_Marc_marquez_gp_aragon_q2.jpg\",\"width\":1280,\"height\":600,\"caption\":\"Marc m\u00e1rquez sobre su RC213V levantando el brazo\"},{\"@type\":\"BreadcrumbList\",\"@id\":\"https:\\\/\\\/www.boxrepsol.com\\\/en\\\/motogp-en\\\/marquez-to-start-from-third-place-and-pedrosa-from-the-second-row-at-aragon\\\/#breadcrumb\",\"itemListElement\":[{\"@type\":\"ListItem\",\"position\":1,\"name\":\"Home\",\"item\":\"https:\\\/\\\/www.boxrepsol.com\\\/en\\\/\"},{\"@type\":\"ListItem\",\"position\":2,\"name\":\"M\u00e1rquez to start from third place and Pedrosa from the second row at Aragon\"}]},{\"@type\":\"WebSite\",\"@id\":\"https:\\\/\\\/www.boxrepsol.com\\\/en\\\/#website\",\"url\":\"https:\\\/\\\/www.boxrepsol.com\\\/en\\\/\",\"name\":\"Box Repsol\",\"description\":\"Box Repsol Site\",\"publisher\":{\"@id\":\"https:\\\/\\\/www.boxrepsol.com\\\/en\\\/#organization\"},\"potentialAction\":[{\"@type\":\"SearchAction\",\"target\":{\"@type\":\"EntryPoint\",\"urlTemplate\":\"https:\\\/\\\/www.boxrepsol.com\\\/en\\\/?s={search_term_string}\"},\"query-input\":{\"@type\":\"PropertyValueSpecification\",\"valueRequired\":true,\"valueName\":\"search_term_string\"}}],\"inLanguage\":\"en-US\"},{\"@type\":\"Organization\",\"@id\":\"https:\\\/\\\/www.boxrepsol.com\\\/en\\\/#organization\",\"name\":\"Box Repsol\",\"url\":\"https:\\\/\\\/www.boxrepsol.com\\\/en\\\/\",\"logo\":{\"@type\":\"ImageObject\",\"inLanguage\":\"en-US\",\"@id\":\"https:\\\/\\\/www.boxrepsol.com\\\/en\\\/#\\\/schema\\\/logo\\\/image\\\/\",\"url\":\"https:\\\/\\\/bxrepsol.s3.eu-west-1.amazonaws.com\\\/static\\\/2025\\\/07\\\/30083337\\\/favicon-96x96-1.png\",\"contentUrl\":\"https:\\\/\\\/bxrepsol.s3.eu-west-1.amazonaws.com\\\/static\\\/2025\\\/07\\\/30083337\\\/favicon-96x96-1.png\",\"width\":96,\"height\":96,\"caption\":\"Box Repsol\"},\"image\":{\"@id\":\"https:\\\/\\\/www.boxrepsol.com\\\/en\\\/#\\\/schema\\\/logo\\\/image\\\/\"},\"sameAs\":[\"https:\\\/\\\/www.facebook.com\\\/BoxRepsol\",\"https:\\\/\\\/x.com\\\/box_repsol\",\"http:\\\/\\\/instagram.com\\\/box_repsol\",\"https:\\\/\\\/www.youtube.com\\\/user\\\/RepsolCompeticion\",\"https:\\\/\\\/www.flickr.com\\\/photos\\\/box_repsol\\\/\"]},{\"@type\":\"Person\",\"@id\":\"https:\\\/\\\/www.boxrepsol.com\\\/en\\\/#\\\/schema\\\/person\\\/d9d0f442a4332c7d099d31ffda4747a0\",\"name\":\"bx_ayesa\",\"image\":{\"@type\":\"ImageObject\",\"inLanguage\":\"en-US\",\"@id\":\"https:\\\/\\\/secure.gravatar.com\\\/avatar\\\/059e1b9d3585083708845ba70e8dd968f143ff35f5e0e10cf2d1e7afe2c6a878?s=96&d=mm&r=g\",\"url\":\"https:\\\/\\\/secure.gravatar.com\\\/avatar\\\/059e1b9d3585083708845ba70e8dd968f143ff35f5e0e10cf2d1e7afe2c6a878?s=96&d=mm&r=g\",\"contentUrl\":\"https:\\\/\\\/secure.gravatar.com\\\/avatar\\\/059e1b9d3585083708845ba70e8dd968f143ff35f5e0e10cf2d1e7afe2c6a878?s=96&d=mm&r=g\",\"caption\":\"bx_ayesa\"},\"sameAs\":[\"http:\\\/\\\/54.155.157.200\"],\"url\":\"https:\\\/\\\/www.boxrepsol.com\\\/en\\\/author\\\/bx_ayesa\\\/\"}]}<\/script>\n<!-- \/ Yoast SEO plugin. -->","yoast_head_json":{"title":"GP de Arag\u00f3n Q2: M\u00e1rquez to start from third place and Pedrosa from the second row","description":"Los pilotos del equipo Repsol Honda han terminado una ajustada sesi\u00f3n cronometrada con M\u00e1rquez tercero, a menos de una d\u00e9cima del m\u00e1s r\u00e1pido.","canonical":"https:\/\/www.boxrepsol.com\/en\/motogp-en\/marquez-to-start-from-third-place-and-pedrosa-from-the-second-row-at-aragon\/","og_locale":"en_US","og_type":"article","og_title":"GP de Arag\u00f3n Q2: M\u00e1rquez to start from third place and Pedrosa from the second row","og_description":"Los pilotos del equipo Repsol Honda han terminado una ajustada sesi\u00f3n cronometrada con M\u00e1rquez tercero, a menos de una d\u00e9cima del m\u00e1s r\u00e1pido.","og_url":"https:\/\/www.boxrepsol.com\/en\/motogp-en\/marquez-to-start-from-third-place-and-pedrosa-from-the-second-row-at-aragon\/","og_site_name":"Box Repsol","article_publisher":"https:\/\/www.facebook.com\/BoxRepsol","article_published_time":"2018-09-22T02:00:00+00:00","og_image":[{"width":1280,"height":600,"url":"https:\/\/bxrepsol.s3.eu-west-1.amazonaws.com\/static\/2022\/08\/29082722\/01_Marc_marquez_gp_aragon_q2.jpg","type":"image\/jpeg"}],"author":"bx_ayesa","twitter_card":"summary_large_image","twitter_creator":"@box_repsol","twitter_site":"@box_repsol","twitter_misc":{"Written by":"bx_ayesa","Est. reading time":"2 minutes"},"schema":{"@context":"https:\/\/schema.org","@graph":[{"@type":"Article","@id":"https:\/\/www.boxrepsol.com\/en\/motogp-en\/marquez-to-start-from-third-place-and-pedrosa-from-the-second-row-at-aragon\/#article","isPartOf":{"@id":"https:\/\/www.boxrepsol.com\/en\/motogp-en\/marquez-to-start-from-third-place-and-pedrosa-from-the-second-row-at-aragon\/"},"author":{"name":"bx_ayesa","@id":"https:\/\/www.boxrepsol.com\/en\/#\/schema\/person\/d9d0f442a4332c7d099d31ffda4747a0"},"headline":"M\u00e1rquez to start from third place and Pedrosa from the second row at Aragon","datePublished":"2018-09-22T02:00:00+00:00","mainEntityOfPage":{"@id":"https:\/\/www.boxrepsol.com\/en\/motogp-en\/marquez-to-start-from-third-place-and-pedrosa-from-the-second-row-at-aragon\/"},"wordCount":390,"commentCount":0,"publisher":{"@id":"https:\/\/www.boxrepsol.com\/en\/#organization"},"image":{"@id":"https:\/\/www.boxrepsol.com\/en\/motogp-en\/marquez-to-start-from-third-place-and-pedrosa-from-the-second-row-at-aragon\/#primaryimage"},"thumbnailUrl":"https:\/\/bxrepsol.s3.eu-west-1.amazonaws.com\/static\/2022\/08\/29082722\/01_Marc_marquez_gp_aragon_q2.jpg","keywords":["MotoGP Arag\u00f3n"],"articleSection":["MotoGP"],"inLanguage":"en-US","potentialAction":[{"@type":"CommentAction","name":"Comment","target":["https:\/\/www.boxrepsol.com\/en\/motogp-en\/marquez-to-start-from-third-place-and-pedrosa-from-the-second-row-at-aragon\/#respond"]}]},{"@type":"WebPage","@id":"https:\/\/www.boxrepsol.com\/en\/motogp-en\/marquez-to-start-from-third-place-and-pedrosa-from-the-second-row-at-aragon\/","url":"https:\/\/www.boxrepsol.com\/en\/motogp-en\/marquez-to-start-from-third-place-and-pedrosa-from-the-second-row-at-aragon\/","name":"GP de Arag\u00f3n Q2: M\u00e1rquez to start from third place and Pedrosa from the second row","isPartOf":{"@id":"https:\/\/www.boxrepsol.com\/en\/#website"},"primaryImageOfPage":{"@id":"https:\/\/www.boxrepsol.com\/en\/motogp-en\/marquez-to-start-from-third-place-and-pedrosa-from-the-second-row-at-aragon\/#primaryimage"},"image":{"@id":"https:\/\/www.boxrepsol.com\/en\/motogp-en\/marquez-to-start-from-third-place-and-pedrosa-from-the-second-row-at-aragon\/#primaryimage"},"thumbnailUrl":"https:\/\/bxrepsol.s3.eu-west-1.amazonaws.com\/static\/2022\/08\/29082722\/01_Marc_marquez_gp_aragon_q2.jpg","datePublished":"2018-09-22T02:00:00+00:00","description":"Los pilotos del equipo Repsol Honda han terminado una ajustada sesi\u00f3n cronometrada con M\u00e1rquez tercero, a menos de una d\u00e9cima del m\u00e1s r\u00e1pido.","breadcrumb":{"@id":"https:\/\/www.boxrepsol.com\/en\/motogp-en\/marquez-to-start-from-third-place-and-pedrosa-from-the-second-row-at-aragon\/#breadcrumb"},"inLanguage":"en-US","potentialAction":[{"@type":"ReadAction","target":["https:\/\/www.boxrepsol.com\/en\/motogp-en\/marquez-to-start-from-third-place-and-pedrosa-from-the-second-row-at-aragon\/"]}]},{"@type":"ImageObject","inLanguage":"en-US","@id":"https:\/\/www.boxrepsol.com\/en\/motogp-en\/marquez-to-start-from-third-place-and-pedrosa-from-the-second-row-at-aragon\/#primaryimage","url":"https:\/\/bxrepsol.s3.eu-west-1.amazonaws.com\/static\/2022\/08\/29082722\/01_Marc_marquez_gp_aragon_q2.jpg","contentUrl":"https:\/\/bxrepsol.s3.eu-west-1.amazonaws.com\/static\/2022\/08\/29082722\/01_Marc_marquez_gp_aragon_q2.jpg","width":1280,"height":600,"caption":"Marc m\u00e1rquez sobre su RC213V levantando el brazo"},{"@type":"BreadcrumbList","@id":"https:\/\/www.boxrepsol.com\/en\/motogp-en\/marquez-to-start-from-third-place-and-pedrosa-from-the-second-row-at-aragon\/#breadcrumb","itemListElement":[{"@type":"ListItem","position":1,"name":"Home","item":"https:\/\/www.boxrepsol.com\/en\/"},{"@type":"ListItem","position":2,"name":"M\u00e1rquez to start from third place and Pedrosa from the second row at Aragon"}]},{"@type":"WebSite","@id":"https:\/\/www.boxrepsol.com\/en\/#website","url":"https:\/\/www.boxrepsol.com\/en\/","name":"Box Repsol","description":"Box Repsol Site","publisher":{"@id":"https:\/\/www.boxrepsol.com\/en\/#organization"},"potentialAction":[{"@type":"SearchAction","target":{"@type":"EntryPoint","urlTemplate":"https:\/\/www.boxrepsol.com\/en\/?s={search_term_string}"},"query-input":{"@type":"PropertyValueSpecification","valueRequired":true,"valueName":"search_term_string"}}],"inLanguage":"en-US"},{"@type":"Organization","@id":"https:\/\/www.boxrepsol.com\/en\/#organization","name":"Box Repsol","url":"https:\/\/www.boxrepsol.com\/en\/","logo":{"@type":"ImageObject","inLanguage":"en-US","@id":"https:\/\/www.boxrepsol.com\/en\/#\/schema\/logo\/image\/","url":"https:\/\/bxrepsol.s3.eu-west-1.amazonaws.com\/static\/2025\/07\/30083337\/favicon-96x96-1.png","contentUrl":"https:\/\/bxrepsol.s3.eu-west-1.amazonaws.com\/static\/2025\/07\/30083337\/favicon-96x96-1.png","width":96,"height":96,"caption":"Box Repsol"},"image":{"@id":"https:\/\/www.boxrepsol.com\/en\/#\/schema\/logo\/image\/"},"sameAs":["https:\/\/www.facebook.com\/BoxRepsol","https:\/\/x.com\/box_repsol","http:\/\/instagram.com\/box_repsol","https:\/\/www.youtube.com\/user\/RepsolCompeticion","https:\/\/www.flickr.com\/photos\/box_repsol\/"]},{"@type":"Person","@id":"https:\/\/www.boxrepsol.com\/en\/#\/schema\/person\/d9d0f442a4332c7d099d31ffda4747a0","name":"bx_ayesa","image":{"@type":"ImageObject","inLanguage":"en-US","@id":"https:\/\/secure.gravatar.com\/avatar\/059e1b9d3585083708845ba70e8dd968f143ff35f5e0e10cf2d1e7afe2c6a878?s=96&d=mm&r=g","url":"https:\/\/secure.gravatar.com\/avatar\/059e1b9d3585083708845ba70e8dd968f143ff35f5e0e10cf2d1e7afe2c6a878?s=96&d=mm&r=g","contentUrl":"https:\/\/secure.gravatar.com\/avatar\/059e1b9d3585083708845ba70e8dd968f143ff35f5e0e10cf2d1e7afe2c6a878?s=96&d=mm&r=g","caption":"bx_ayesa"},"sameAs":["http:\/\/54.155.157.200"],"url":"https:\/\/www.boxrepsol.com\/en\/author\/bx_ayesa\/"}]}},"_links":{"self":[{"href":"https:\/\/www.boxrepsol.com\/en\/wp-json\/wp\/v2\/posts\/97091","targetHints":{"allow":["GET"]}}],"collection":[{"href":"https:\/\/www.boxrepsol.com\/en\/wp-json\/wp\/v2\/posts"}],"about":[{"href":"https:\/\/www.boxrepsol.com\/en\/wp-json\/wp\/v2\/types\/post"}],"author":[{"embeddable":true,"href":"https:\/\/www.boxrepsol.com\/en\/wp-json\/wp\/v2\/users\/1"}],"replies":[{"embeddable":true,"href":"https:\/\/www.boxrepsol.com\/en\/wp-json\/wp\/v2\/comments?post=97091"}],"version-history":[{"count":0,"href":"https:\/\/www.boxrepsol.com\/en\/wp-json\/wp\/v2\/posts\/97091\/revisions"}],"wp:featuredmedia":[{"embeddable":true,"href":"https:\/\/www.boxrepsol.com\/en\/wp-json\/wp\/v2\/media\/59347"}],"wp:attachment":[{"href":"https:\/\/www.boxrepsol.com\/en\/wp-json\/wp\/v2\/media?parent=97091"}],"wp:term":[{"taxonomy":"category","embeddable":true,"href":"https:\/\/www.boxrepsol.com\/en\/wp-json\/wp\/v2\/categories?post=97091"},{"taxonomy":"post_tag","embeddable":true,"href":"https:\/\/www.boxrepsol.com\/en\/wp-json\/wp\/v2\/tags?post=97091"}],"curies":[{"name":"wp","href":"https:\/\/api.w.org\/{rel}","templated":true}]}}