{"id":97024,"date":"2018-08-01T00:00:00","date_gmt":"2018-08-01T02:00:00","guid":{"rendered":"http:\/\/pre.boxrepsol.com\/uncategorized\/double-win-for-pons-and-victories-for-fernandez-rueda-and-munoz-in-aragon\/"},"modified":"2018-08-01T00:00:00","modified_gmt":"2018-08-01T02:00:00","slug":"double-win-for-pons-and-victories-for-fernandez-rueda-and-munoz-in-aragon","status":"publish","type":"post","link":"https:\/\/www.boxrepsol.com\/en\/uncategorized\/double-win-for-pons-and-victories-for-fernandez-rueda-and-munoz-in-aragon\/","title":{"rendered":"Double win for Pons and victories for Fern\u00e1ndez, Rueda and Mu\u00f1oz in Arag\u00f3n"},"content":{"rendered":"<blockquote>\n<p>We need to keep working on this path and the good results will arrive<\/p>\n<p>            <a href=\"http:\/\/twitter.com\/share?text=We+need+to+keep+working+on+this+path+and+the+good+results+will+arrive&#038;url=https%3A%2F%2Fwww.boxrepsol.com%2Fen%2Fcev-en%2Fdouble-win-for-pons-and-victories-for-fernandez-rueda-and-munoz-in-aragon%2F&#038;hashtags=\" target=\"_blank\" data-datalayer='{\"event\": \"socialInteraction\", \"socialNetwork\": \"Twitter\", \"socialAction\": \"Compartir\", \"socialTarget\": \"Frase\"}' rel=\"noopener\"><br \/>\n            twittear        <\/a><\/p>\n<footer>Edgar Pons<\/footer>\n<\/blockquote>\n<p>Ra\u00fal Fern\u00e1ndez won the only race of the Moto3 Junior World Championship, reaching his second victory this season.<\/p>\n<p>With this result, and the crash of Manuel Pagliani, second in the overall standings, the rider from Madrid increases to 28 points his advantage in the lead of the championship.<\/p>\n<p>Edgar Pons, who started from pole position, won the two races of the Moto2 European Championship.<\/p>\n<p>Jesko Raffin, second in both races, keeps the lead of the category with a 50-point advantage over the second.<\/p>\n<p>The second Moto2 leg was cut down to 10 laps after an incident at the beginning of the contest that forced the race to be stopped and repeat the start.<\/p>\n<p>Jos\u00e9 Antonio Rueda and David Mu\u00f1oz shared the two victories at the European Talent Cup. Matteo Patacca, who did not compete due to an injury, keeps the lead of the overall standings, tied with Xavier Artigas with 82 points.<\/p>\n<p>The FIM CEV Repsol will resume after the summer break on September 29-30th in Jerez, where the Moto3 Junior World Championship and the European Talent Cup will have two races, while Moto2 will have one.<\/p>\n<hr \/>\n<p><strong>RA\u00daL FERN\u00c1NDEZ\u00a0\u2013 MOTO3 RACE WINNER<\/strong><\/p>\n<p><em>\u201cIt was a very exciting race. I felt strong and I was quite fast this morning during the warm-up, so I knew that I could win today. In the end, I try to think about a strategy and I was able to do it. I want to thank my team, they did a great job this weekend, and thank my family for their support. I want to dedicate this victory to Andreas P\u00e9rez, today we competed for him, my thoughts are with his family.\u201d<\/em><\/p>\n<hr \/>\n<p><strong>EDGAR PONS\u00a0\u2013 MOTO2 FIRST RACE WINNER<\/strong><\/p>\n<p><em>\u201cIt was a very tough race; the tyres suffered a lot with the heat and it was easy to crash. I didn\u2019t have a good start and Jesko [Raffin] passed me. Luckily, I was able to overtake him quickly and then I tried to push hard and to focus in managing my advantage without making mistakes. I was very happy because we were working well. Thanks to the team, because they\u2019re doing a great job and I feel better and better.\u201d<\/em><\/p>\n<hr \/>\n<p><strong>EDGAR PONS\u00a0\u2013 MOTO2 SECOND RACE WINNER<\/strong><\/p>\n<p><em>\u201cI\u2019m very happy with this victory. In the second leg we were able to start well and take the lead, which was important, being such a short race, and from then on, we tried to push to the maximum. I saw Jesko [Raffin] always at the same distance, but with this heat and the tyres worn, you take risks on every corner, so I didn\u2019t want to push harder. I want to thank the team and everyone that supports me. We need to keep working on this path and the good results will arrive.\u201d<\/em><\/p>\n<hr \/>\n<p><strong>JOS\u00c9 ANTONIO RUEDA \u2013 EUROPEAN TALENT CUP FIRST RACE WINNER<\/strong><\/p>\n<p><em>\u201cIt was a difficult race because there were many riders ahead and you needed to close spaces or you would be overtaken very easily. As laps went by, everything got more complicated because of the tyres wear. In the last lap I was overtaken by several riders, but luckily, at the straight I was able to pass them.\u201d<\/em><\/p>\n<hr \/>\n<p><strong>DAVID MU\u00d1OZ \u2013 EUROPEAN TALENT CUP SECOND RACE WINNER<\/strong><\/p>\n<p><em>\u201cIt was a very important race for me, as I was fighting lap after lap with V\u00edctor [Rodriguez] and Daniel [Mu\u00f1oz]. I felt very comfortable from the start of the race, both with the bike and with my riding. It was a very good weekend, because we did a good job and I want to thank my team.\u201d<\/em><\/p>\n","protected":false},"excerpt":{"rendered":"<p>The FIM CEV Repsol reaches his summer break with Ra\u00fal Fern\u00e1ndez, Jesko Raffin and Matteo Patacca in the lead of the Junior World Championship, Moto2 and the European Talent Cup, respectively.<\/p>\n","protected":false},"author":1,"featured_media":58907,"comment_status":"open","ping_status":"open","sticky":false,"template":"","format":"standard","meta":{"footnotes":""},"categories":[64],"tags":[214,277],"class_list":["post-97024","post","type-post","status-publish","format-standard","hentry","category-uncategorized","tag-other-events-competitions","tag-otros-eventos-y-competiciones-en"],"yoast_head":"<!-- This site is optimized with the Yoast SEO plugin v27.3 - https:\/\/yoast.com\/product\/yoast-seo-wordpress\/ -->\n<title>Double win for Pons and victories for Fern\u00e1ndez, Rueda and Mu\u00f1oz in Arag\u00f3n - Box Repsol<\/title>\n<meta name=\"description\" content=\"The FIM CEV Repsol reaches his summer break with Fern\u00e1ndez, Raffin and Patacca in the lead of the Junior World Championship, Moto2 and the ETC.\" \/>\n<link rel=\"canonical\" href=\"https:\/\/www.boxrepsol.com\/en\/uncategorized\/double-win-for-pons-and-victories-for-fernandez-rueda-and-munoz-in-aragon\/\" \/>\n<meta property=\"og:locale\" content=\"en_US\" \/>\n<meta property=\"og:type\" content=\"article\" \/>\n<meta property=\"og:title\" content=\"Double win for Pons and victories for Fern\u00e1ndez, Rueda and Mu\u00f1oz in Arag\u00f3n - Box Repsol\" \/>\n<meta property=\"og:description\" content=\"The FIM CEV Repsol reaches his summer break with Fern\u00e1ndez, Raffin and Patacca in the lead of the Junior World Championship, Moto2 and the ETC.\" \/>\n<meta property=\"og:url\" content=\"https:\/\/www.boxrepsol.com\/en\/uncategorized\/double-win-for-pons-and-victories-for-fernandez-rueda-and-munoz-in-aragon\/\" \/>\n<meta property=\"og:site_name\" content=\"Box Repsol\" \/>\n<meta property=\"article:publisher\" content=\"https:\/\/www.facebook.com\/BoxRepsol\" \/>\n<meta property=\"article:published_time\" content=\"2018-08-01T02:00:00+00:00\" \/>\n<meta property=\"og:image\" content=\"https:\/\/bxrepsol.s3.eu-west-1.amazonaws.com\/static\/2022\/08\/29082258\/20180730_motorland_fim_cev_repsol.jpg\" \/>\n\t<meta property=\"og:image:width\" content=\"995\" \/>\n\t<meta property=\"og:image:height\" content=\"560\" \/>\n\t<meta property=\"og:image:type\" content=\"image\/jpeg\" \/>\n<meta name=\"author\" content=\"bx_ayesa\" \/>\n<meta name=\"twitter:card\" content=\"summary_large_image\" \/>\n<meta name=\"twitter:creator\" content=\"@box_repsol\" \/>\n<meta name=\"twitter:site\" content=\"@box_repsol\" \/>\n<meta name=\"twitter:label1\" content=\"Written by\" \/>\n\t<meta name=\"twitter:data1\" content=\"bx_ayesa\" \/>\n\t<meta name=\"twitter:label2\" content=\"Est. reading time\" \/>\n\t<meta name=\"twitter:data2\" content=\"3 minutes\" \/>\n<script type=\"application\/ld+json\" class=\"yoast-schema-graph\">{\"@context\":\"https:\\\/\\\/schema.org\",\"@graph\":[{\"@type\":\"Article\",\"@id\":\"https:\\\/\\\/www.boxrepsol.com\\\/en\\\/uncategorized\\\/double-win-for-pons-and-victories-for-fernandez-rueda-and-munoz-in-aragon\\\/#article\",\"isPartOf\":{\"@id\":\"https:\\\/\\\/www.boxrepsol.com\\\/en\\\/uncategorized\\\/double-win-for-pons-and-victories-for-fernandez-rueda-and-munoz-in-aragon\\\/\"},\"author\":{\"name\":\"bx_ayesa\",\"@id\":\"https:\\\/\\\/www.boxrepsol.com\\\/en\\\/#\\\/schema\\\/person\\\/d9d0f442a4332c7d099d31ffda4747a0\"},\"headline\":\"Double win for Pons and victories for Fern\u00e1ndez, Rueda and Mu\u00f1oz in Arag\u00f3n\",\"datePublished\":\"2018-08-01T02:00:00+00:00\",\"mainEntityOfPage\":{\"@id\":\"https:\\\/\\\/www.boxrepsol.com\\\/en\\\/uncategorized\\\/double-win-for-pons-and-victories-for-fernandez-rueda-and-munoz-in-aragon\\\/\"},\"wordCount\":640,\"commentCount\":0,\"publisher\":{\"@id\":\"https:\\\/\\\/www.boxrepsol.com\\\/en\\\/#organization\"},\"image\":{\"@id\":\"https:\\\/\\\/www.boxrepsol.com\\\/en\\\/uncategorized\\\/double-win-for-pons-and-victories-for-fernandez-rueda-and-munoz-in-aragon\\\/#primaryimage\"},\"thumbnailUrl\":\"https:\\\/\\\/bxrepsol.s3.eu-west-1.amazonaws.com\\\/static\\\/2022\\\/08\\\/29082258\\\/20180730_motorland_fim_cev_repsol.jpg\",\"keywords\":[\"Other events &amp; competitions\",\"otros eventos y competiciones\"],\"inLanguage\":\"en-US\",\"potentialAction\":[{\"@type\":\"CommentAction\",\"name\":\"Comment\",\"target\":[\"https:\\\/\\\/www.boxrepsol.com\\\/en\\\/uncategorized\\\/double-win-for-pons-and-victories-for-fernandez-rueda-and-munoz-in-aragon\\\/#respond\"]}]},{\"@type\":\"WebPage\",\"@id\":\"https:\\\/\\\/www.boxrepsol.com\\\/en\\\/uncategorized\\\/double-win-for-pons-and-victories-for-fernandez-rueda-and-munoz-in-aragon\\\/\",\"url\":\"https:\\\/\\\/www.boxrepsol.com\\\/en\\\/uncategorized\\\/double-win-for-pons-and-victories-for-fernandez-rueda-and-munoz-in-aragon\\\/\",\"name\":\"Double win for Pons and victories for Fern\u00e1ndez, Rueda and Mu\u00f1oz in Arag\u00f3n - Box Repsol\",\"isPartOf\":{\"@id\":\"https:\\\/\\\/www.boxrepsol.com\\\/en\\\/#website\"},\"primaryImageOfPage\":{\"@id\":\"https:\\\/\\\/www.boxrepsol.com\\\/en\\\/uncategorized\\\/double-win-for-pons-and-victories-for-fernandez-rueda-and-munoz-in-aragon\\\/#primaryimage\"},\"image\":{\"@id\":\"https:\\\/\\\/www.boxrepsol.com\\\/en\\\/uncategorized\\\/double-win-for-pons-and-victories-for-fernandez-rueda-and-munoz-in-aragon\\\/#primaryimage\"},\"thumbnailUrl\":\"https:\\\/\\\/bxrepsol.s3.eu-west-1.amazonaws.com\\\/static\\\/2022\\\/08\\\/29082258\\\/20180730_motorland_fim_cev_repsol.jpg\",\"datePublished\":\"2018-08-01T02:00:00+00:00\",\"description\":\"The FIM CEV Repsol reaches his summer break with Fern\u00e1ndez, Raffin and Patacca in the lead of the Junior World Championship, Moto2 and the ETC.\",\"breadcrumb\":{\"@id\":\"https:\\\/\\\/www.boxrepsol.com\\\/en\\\/uncategorized\\\/double-win-for-pons-and-victories-for-fernandez-rueda-and-munoz-in-aragon\\\/#breadcrumb\"},\"inLanguage\":\"en-US\",\"potentialAction\":[{\"@type\":\"ReadAction\",\"target\":[\"https:\\\/\\\/www.boxrepsol.com\\\/en\\\/uncategorized\\\/double-win-for-pons-and-victories-for-fernandez-rueda-and-munoz-in-aragon\\\/\"]}]},{\"@type\":\"ImageObject\",\"inLanguage\":\"en-US\",\"@id\":\"https:\\\/\\\/www.boxrepsol.com\\\/en\\\/uncategorized\\\/double-win-for-pons-and-victories-for-fernandez-rueda-and-munoz-in-aragon\\\/#primaryimage\",\"url\":\"https:\\\/\\\/bxrepsol.s3.eu-west-1.amazonaws.com\\\/static\\\/2022\\\/08\\\/29082258\\\/20180730_motorland_fim_cev_repsol.jpg\",\"contentUrl\":\"https:\\\/\\\/bxrepsol.s3.eu-west-1.amazonaws.com\\\/static\\\/2022\\\/08\\\/29082258\\\/20180730_motorland_fim_cev_repsol.jpg\",\"width\":995,\"height\":560,\"caption\":\"podion ifim cev repsol\"},{\"@type\":\"BreadcrumbList\",\"@id\":\"https:\\\/\\\/www.boxrepsol.com\\\/en\\\/uncategorized\\\/double-win-for-pons-and-victories-for-fernandez-rueda-and-munoz-in-aragon\\\/#breadcrumb\",\"itemListElement\":[{\"@type\":\"ListItem\",\"position\":1,\"name\":\"Home\",\"item\":\"https:\\\/\\\/www.boxrepsol.com\\\/en\\\/\"},{\"@type\":\"ListItem\",\"position\":2,\"name\":\"Double win for Pons and victories for Fern\u00e1ndez, Rueda and Mu\u00f1oz in Arag\u00f3n\"}]},{\"@type\":\"WebSite\",\"@id\":\"https:\\\/\\\/www.boxrepsol.com\\\/en\\\/#website\",\"url\":\"https:\\\/\\\/www.boxrepsol.com\\\/en\\\/\",\"name\":\"Box Repsol\",\"description\":\"Box Repsol Site\",\"publisher\":{\"@id\":\"https:\\\/\\\/www.boxrepsol.com\\\/en\\\/#organization\"},\"potentialAction\":[{\"@type\":\"SearchAction\",\"target\":{\"@type\":\"EntryPoint\",\"urlTemplate\":\"https:\\\/\\\/www.boxrepsol.com\\\/en\\\/?s={search_term_string}\"},\"query-input\":{\"@type\":\"PropertyValueSpecification\",\"valueRequired\":true,\"valueName\":\"search_term_string\"}}],\"inLanguage\":\"en-US\"},{\"@type\":\"Organization\",\"@id\":\"https:\\\/\\\/www.boxrepsol.com\\\/en\\\/#organization\",\"name\":\"Box Repsol\",\"url\":\"https:\\\/\\\/www.boxrepsol.com\\\/en\\\/\",\"logo\":{\"@type\":\"ImageObject\",\"inLanguage\":\"en-US\",\"@id\":\"https:\\\/\\\/www.boxrepsol.com\\\/en\\\/#\\\/schema\\\/logo\\\/image\\\/\",\"url\":\"https:\\\/\\\/bxrepsol.s3.eu-west-1.amazonaws.com\\\/static\\\/2025\\\/07\\\/30083337\\\/favicon-96x96-1.png\",\"contentUrl\":\"https:\\\/\\\/bxrepsol.s3.eu-west-1.amazonaws.com\\\/static\\\/2025\\\/07\\\/30083337\\\/favicon-96x96-1.png\",\"width\":96,\"height\":96,\"caption\":\"Box Repsol\"},\"image\":{\"@id\":\"https:\\\/\\\/www.boxrepsol.com\\\/en\\\/#\\\/schema\\\/logo\\\/image\\\/\"},\"sameAs\":[\"https:\\\/\\\/www.facebook.com\\\/BoxRepsol\",\"https:\\\/\\\/x.com\\\/box_repsol\",\"http:\\\/\\\/instagram.com\\\/box_repsol\",\"https:\\\/\\\/www.youtube.com\\\/user\\\/RepsolCompeticion\",\"https:\\\/\\\/www.flickr.com\\\/photos\\\/box_repsol\\\/\"]},{\"@type\":\"Person\",\"@id\":\"https:\\\/\\\/www.boxrepsol.com\\\/en\\\/#\\\/schema\\\/person\\\/d9d0f442a4332c7d099d31ffda4747a0\",\"name\":\"bx_ayesa\",\"image\":{\"@type\":\"ImageObject\",\"inLanguage\":\"en-US\",\"@id\":\"https:\\\/\\\/secure.gravatar.com\\\/avatar\\\/059e1b9d3585083708845ba70e8dd968f143ff35f5e0e10cf2d1e7afe2c6a878?s=96&d=mm&r=g\",\"url\":\"https:\\\/\\\/secure.gravatar.com\\\/avatar\\\/059e1b9d3585083708845ba70e8dd968f143ff35f5e0e10cf2d1e7afe2c6a878?s=96&d=mm&r=g\",\"contentUrl\":\"https:\\\/\\\/secure.gravatar.com\\\/avatar\\\/059e1b9d3585083708845ba70e8dd968f143ff35f5e0e10cf2d1e7afe2c6a878?s=96&d=mm&r=g\",\"caption\":\"bx_ayesa\"},\"sameAs\":[\"http:\\\/\\\/54.155.157.200\"],\"url\":\"https:\\\/\\\/www.boxrepsol.com\\\/en\\\/author\\\/bx_ayesa\\\/\"}]}<\/script>\n<!-- \/ Yoast SEO plugin. -->","yoast_head_json":{"title":"Double win for Pons and victories for Fern\u00e1ndez, Rueda and Mu\u00f1oz in Arag\u00f3n - Box Repsol","description":"The FIM CEV Repsol reaches his summer break with Fern\u00e1ndez, Raffin and Patacca in the lead of the Junior World Championship, Moto2 and the ETC.","canonical":"https:\/\/www.boxrepsol.com\/en\/uncategorized\/double-win-for-pons-and-victories-for-fernandez-rueda-and-munoz-in-aragon\/","og_locale":"en_US","og_type":"article","og_title":"Double win for Pons and victories for Fern\u00e1ndez, Rueda and Mu\u00f1oz in Arag\u00f3n - Box Repsol","og_description":"The FIM CEV Repsol reaches his summer break with Fern\u00e1ndez, Raffin and Patacca in the lead of the Junior World Championship, Moto2 and the ETC.","og_url":"https:\/\/www.boxrepsol.com\/en\/uncategorized\/double-win-for-pons-and-victories-for-fernandez-rueda-and-munoz-in-aragon\/","og_site_name":"Box Repsol","article_publisher":"https:\/\/www.facebook.com\/BoxRepsol","article_published_time":"2018-08-01T02:00:00+00:00","og_image":[{"width":995,"height":560,"url":"https:\/\/bxrepsol.s3.eu-west-1.amazonaws.com\/static\/2022\/08\/29082258\/20180730_motorland_fim_cev_repsol.jpg","type":"image\/jpeg"}],"author":"bx_ayesa","twitter_card":"summary_large_image","twitter_creator":"@box_repsol","twitter_site":"@box_repsol","twitter_misc":{"Written by":"bx_ayesa","Est. reading time":"3 minutes"},"schema":{"@context":"https:\/\/schema.org","@graph":[{"@type":"Article","@id":"https:\/\/www.boxrepsol.com\/en\/uncategorized\/double-win-for-pons-and-victories-for-fernandez-rueda-and-munoz-in-aragon\/#article","isPartOf":{"@id":"https:\/\/www.boxrepsol.com\/en\/uncategorized\/double-win-for-pons-and-victories-for-fernandez-rueda-and-munoz-in-aragon\/"},"author":{"name":"bx_ayesa","@id":"https:\/\/www.boxrepsol.com\/en\/#\/schema\/person\/d9d0f442a4332c7d099d31ffda4747a0"},"headline":"Double win for Pons and victories for Fern\u00e1ndez, Rueda and Mu\u00f1oz in Arag\u00f3n","datePublished":"2018-08-01T02:00:00+00:00","mainEntityOfPage":{"@id":"https:\/\/www.boxrepsol.com\/en\/uncategorized\/double-win-for-pons-and-victories-for-fernandez-rueda-and-munoz-in-aragon\/"},"wordCount":640,"commentCount":0,"publisher":{"@id":"https:\/\/www.boxrepsol.com\/en\/#organization"},"image":{"@id":"https:\/\/www.boxrepsol.com\/en\/uncategorized\/double-win-for-pons-and-victories-for-fernandez-rueda-and-munoz-in-aragon\/#primaryimage"},"thumbnailUrl":"https:\/\/bxrepsol.s3.eu-west-1.amazonaws.com\/static\/2022\/08\/29082258\/20180730_motorland_fim_cev_repsol.jpg","keywords":["Other events &amp; competitions","otros eventos y competiciones"],"inLanguage":"en-US","potentialAction":[{"@type":"CommentAction","name":"Comment","target":["https:\/\/www.boxrepsol.com\/en\/uncategorized\/double-win-for-pons-and-victories-for-fernandez-rueda-and-munoz-in-aragon\/#respond"]}]},{"@type":"WebPage","@id":"https:\/\/www.boxrepsol.com\/en\/uncategorized\/double-win-for-pons-and-victories-for-fernandez-rueda-and-munoz-in-aragon\/","url":"https:\/\/www.boxrepsol.com\/en\/uncategorized\/double-win-for-pons-and-victories-for-fernandez-rueda-and-munoz-in-aragon\/","name":"Double win for Pons and victories for Fern\u00e1ndez, Rueda and Mu\u00f1oz in Arag\u00f3n - Box Repsol","isPartOf":{"@id":"https:\/\/www.boxrepsol.com\/en\/#website"},"primaryImageOfPage":{"@id":"https:\/\/www.boxrepsol.com\/en\/uncategorized\/double-win-for-pons-and-victories-for-fernandez-rueda-and-munoz-in-aragon\/#primaryimage"},"image":{"@id":"https:\/\/www.boxrepsol.com\/en\/uncategorized\/double-win-for-pons-and-victories-for-fernandez-rueda-and-munoz-in-aragon\/#primaryimage"},"thumbnailUrl":"https:\/\/bxrepsol.s3.eu-west-1.amazonaws.com\/static\/2022\/08\/29082258\/20180730_motorland_fim_cev_repsol.jpg","datePublished":"2018-08-01T02:00:00+00:00","description":"The FIM CEV Repsol reaches his summer break with Fern\u00e1ndez, Raffin and Patacca in the lead of the Junior World Championship, Moto2 and the ETC.","breadcrumb":{"@id":"https:\/\/www.boxrepsol.com\/en\/uncategorized\/double-win-for-pons-and-victories-for-fernandez-rueda-and-munoz-in-aragon\/#breadcrumb"},"inLanguage":"en-US","potentialAction":[{"@type":"ReadAction","target":["https:\/\/www.boxrepsol.com\/en\/uncategorized\/double-win-for-pons-and-victories-for-fernandez-rueda-and-munoz-in-aragon\/"]}]},{"@type":"ImageObject","inLanguage":"en-US","@id":"https:\/\/www.boxrepsol.com\/en\/uncategorized\/double-win-for-pons-and-victories-for-fernandez-rueda-and-munoz-in-aragon\/#primaryimage","url":"https:\/\/bxrepsol.s3.eu-west-1.amazonaws.com\/static\/2022\/08\/29082258\/20180730_motorland_fim_cev_repsol.jpg","contentUrl":"https:\/\/bxrepsol.s3.eu-west-1.amazonaws.com\/static\/2022\/08\/29082258\/20180730_motorland_fim_cev_repsol.jpg","width":995,"height":560,"caption":"podion ifim cev repsol"},{"@type":"BreadcrumbList","@id":"https:\/\/www.boxrepsol.com\/en\/uncategorized\/double-win-for-pons-and-victories-for-fernandez-rueda-and-munoz-in-aragon\/#breadcrumb","itemListElement":[{"@type":"ListItem","position":1,"name":"Home","item":"https:\/\/www.boxrepsol.com\/en\/"},{"@type":"ListItem","position":2,"name":"Double win for Pons and victories for Fern\u00e1ndez, Rueda and Mu\u00f1oz in Arag\u00f3n"}]},{"@type":"WebSite","@id":"https:\/\/www.boxrepsol.com\/en\/#website","url":"https:\/\/www.boxrepsol.com\/en\/","name":"Box Repsol","description":"Box Repsol Site","publisher":{"@id":"https:\/\/www.boxrepsol.com\/en\/#organization"},"potentialAction":[{"@type":"SearchAction","target":{"@type":"EntryPoint","urlTemplate":"https:\/\/www.boxrepsol.com\/en\/?s={search_term_string}"},"query-input":{"@type":"PropertyValueSpecification","valueRequired":true,"valueName":"search_term_string"}}],"inLanguage":"en-US"},{"@type":"Organization","@id":"https:\/\/www.boxrepsol.com\/en\/#organization","name":"Box Repsol","url":"https:\/\/www.boxrepsol.com\/en\/","logo":{"@type":"ImageObject","inLanguage":"en-US","@id":"https:\/\/www.boxrepsol.com\/en\/#\/schema\/logo\/image\/","url":"https:\/\/bxrepsol.s3.eu-west-1.amazonaws.com\/static\/2025\/07\/30083337\/favicon-96x96-1.png","contentUrl":"https:\/\/bxrepsol.s3.eu-west-1.amazonaws.com\/static\/2025\/07\/30083337\/favicon-96x96-1.png","width":96,"height":96,"caption":"Box Repsol"},"image":{"@id":"https:\/\/www.boxrepsol.com\/en\/#\/schema\/logo\/image\/"},"sameAs":["https:\/\/www.facebook.com\/BoxRepsol","https:\/\/x.com\/box_repsol","http:\/\/instagram.com\/box_repsol","https:\/\/www.youtube.com\/user\/RepsolCompeticion","https:\/\/www.flickr.com\/photos\/box_repsol\/"]},{"@type":"Person","@id":"https:\/\/www.boxrepsol.com\/en\/#\/schema\/person\/d9d0f442a4332c7d099d31ffda4747a0","name":"bx_ayesa","image":{"@type":"ImageObject","inLanguage":"en-US","@id":"https:\/\/secure.gravatar.com\/avatar\/059e1b9d3585083708845ba70e8dd968f143ff35f5e0e10cf2d1e7afe2c6a878?s=96&d=mm&r=g","url":"https:\/\/secure.gravatar.com\/avatar\/059e1b9d3585083708845ba70e8dd968f143ff35f5e0e10cf2d1e7afe2c6a878?s=96&d=mm&r=g","contentUrl":"https:\/\/secure.gravatar.com\/avatar\/059e1b9d3585083708845ba70e8dd968f143ff35f5e0e10cf2d1e7afe2c6a878?s=96&d=mm&r=g","caption":"bx_ayesa"},"sameAs":["http:\/\/54.155.157.200"],"url":"https:\/\/www.boxrepsol.com\/en\/author\/bx_ayesa\/"}]}},"_links":{"self":[{"href":"https:\/\/www.boxrepsol.com\/en\/wp-json\/wp\/v2\/posts\/97024","targetHints":{"allow":["GET"]}}],"collection":[{"href":"https:\/\/www.boxrepsol.com\/en\/wp-json\/wp\/v2\/posts"}],"about":[{"href":"https:\/\/www.boxrepsol.com\/en\/wp-json\/wp\/v2\/types\/post"}],"author":[{"embeddable":true,"href":"https:\/\/www.boxrepsol.com\/en\/wp-json\/wp\/v2\/users\/1"}],"replies":[{"embeddable":true,"href":"https:\/\/www.boxrepsol.com\/en\/wp-json\/wp\/v2\/comments?post=97024"}],"version-history":[{"count":0,"href":"https:\/\/www.boxrepsol.com\/en\/wp-json\/wp\/v2\/posts\/97024\/revisions"}],"wp:featuredmedia":[{"embeddable":true,"href":"https:\/\/www.boxrepsol.com\/en\/wp-json\/wp\/v2\/media\/58907"}],"wp:attachment":[{"href":"https:\/\/www.boxrepsol.com\/en\/wp-json\/wp\/v2\/media?parent=97024"}],"wp:term":[{"taxonomy":"category","embeddable":true,"href":"https:\/\/www.boxrepsol.com\/en\/wp-json\/wp\/v2\/categories?post=97024"},{"taxonomy":"post_tag","embeddable":true,"href":"https:\/\/www.boxrepsol.com\/en\/wp-json\/wp\/v2\/tags?post=97024"}],"curies":[{"name":"wp","href":"https:\/\/api.w.org\/{rel}","templated":true}]}}