{"id":96853,"date":"2018-04-30T00:00:00","date_gmt":"2018-04-30T02:00:00","guid":{"rendered":"http:\/\/pre.boxrepsol.com\/uncategorized\/garcia-fernandez-raffin-gomez-and-patacca-win-at-the-fim-cev-repsol\/"},"modified":"2018-04-30T00:00:00","modified_gmt":"2018-04-30T02:00:00","slug":"garcia-fernandez-raffin-gomez-and-patacca-win-at-the-fim-cev-repsol","status":"publish","type":"post","link":"https:\/\/www.boxrepsol.com\/en\/uncategorized\/garcia-fernandez-raffin-gomez-and-patacca-win-at-the-fim-cev-repsol\/","title":{"rendered":"Garc\u00eda, Fern\u00e1ndez, Raffin, G\u00f3mez and Patacca win at the FIM CEV Repsol"},"content":{"rendered":"<blockquote>\n<p> It\u2019s amazing to win again after such a difficult season as I had last year.<\/p>\n<p>            <a href=\"http:\/\/twitter.com\/share?text=+It%E2%80%99s+amazing+to+win+again+after+such+a+difficult+season+as+I+had+last+year.&#038;url=https%3A%2F%2Fwww.boxrepsol.com%2Fen%2Fcev-en%2Fgarcia-fernandez-raffin-gomez-and-patacca-win-at-the-fim-cev-repsol%2F&#038;hashtags=\" target=\"_blank\" data-datalayer='{\"event\": \"socialInteraction\", \"socialNetwork\": \"Twitter\", \"socialAction\": \"Compartir\", \"socialTarget\": \"Frase\"}' rel=\"noopener\"><br \/>\n            twittear        <\/a><\/p>\n<footer>Ra\u00fal Fern\u00e1ndez<\/footer>\n<\/blockquote>\n<p>Sergio Garc\u00eda and Ra\u00fal Fernandez achieved victory in each of the Moto3 races, after crossing the finish line alone. The rider\u00a0from Madrid is now the new leader of the overall standings.<\/p>\n<p>The second race of the Junior World Championship was cut to 12 laps after an incident in the first lap that forced the race to be stopped and to repeat the start.<\/p>\n<p>Jesko Raffin won with authority the only race of the Moto2 European Championship. With this new victory, the Swiss rider increased his advantage on top of the championship classification.<\/p>\n<p>At the European Talent Cup, Francisco G\u00f3mez won the first race and Matteo Patacca the second, taking the overall lead.<\/p>\n<p>The first race finished with red flag due to a multiple accident just four laps before the end.<\/p>\n<p>The high wind at the Ricardo Tormo Circuit had a great effect on all races of the FIM CEV Repsol\u2019s second round.<\/p>\n<p>The championship will resume next May 19<sup>th<\/sup>\u00a0at the Le Mans Circuit \u2013 at the same time as the MotoGP French GP \u2013 with the participation of the Moto3 Junior World Championship riders.<\/p>\n<hr \/>\n<p><strong>SERGIO GARC\u00cdA\u00a0\u2013 MOTO3 FIRST RACE WINNER<\/strong><\/p>\n<p><em>\u201cIt was a very complicated race because, after the start, I had to put a lot of effort to keep focused riding alone and to be able to keep some distance from the group following me. But it was fun and I enjoyed this first race a lot.\u201d<\/em><\/p>\n<hr \/>\n<p><strong>RA\u00daL FERN\u00c1NDEZ\u00a0\u2013 MOTO3 SECOND RACE WINNER<\/strong><\/p>\n<p><em>\u201cIt was very difficult, I had a good start and then the race was stopped. I thought I\u2019d be able to take the lead and push, until I saw the red flag. The second start didn\u2019t go so well for me. I\u2019ve been behind another rider for 5 laps and I couldn\u2019t pass him. It\u2019s amazing to win again after such a difficult season as I had last year. I want to thank all my sponsors, the team, that\u2019s working so hard, and my family.\u201d<\/em><\/p>\n<hr \/>\n<p><strong>JESKO RAFFIN\u00a0\u2013 MOTO2 RACE WINNER<\/strong><\/p>\n<p><em>\u201cIt was a very difficult race due to the high wind. At the beginning it looked as if the wind had stopped a bit, but during the race it got higher and higher. It was difficult to keep the line and avoid mistakes. You never know how the wind\u2019s going to be and it\u2019s easy that it takes you out of the right line. But I\u2019m really happy about this win and want to thank the team for their good work.\u201d<\/em><\/p>\n<hr \/>\n<p><strong>FRANCISCO G\u00d3MEZ\u00a0\u2013 EUROPEAN TALENT CUP FIRST RACE WINNER<\/strong><\/p>\n<p><em>\u201cIt was a difficult race because we started with disadvantatge from the other riders, but I was able to manage that difference, even though I nearly crashed by half race. This win feels as if I had won three races. I didn\u2019t expect it, I thought I\u2019d be out of contention due to mechanics. I\u2019m very happy\u201d.<\/em><\/p>\n<hr \/>\n<p><strong>MATTEO PATACCA\u00a0\u2013 EUROPEAN TALENT CUP SECOND RACE WINNER<\/strong><\/p>\n<p><em>\u201cThis is my first win and my first podium, so I\u2019m very happy. It was a difficult race, but the team gave its all. The bike was perfect and that allowed me to be fast. I want to thank everyone that supports me, specially my family\u201d.<\/em><\/p>\n","protected":false},"excerpt":{"rendered":"<p>Sergio Garc\u00eda and Ra\u00fal Fern\u00e1ndez won the races of the Junior World Championship in Valencia, Jesko Raffin had a commanding victory in Moto2 and Francisco G\u00f3mez and Matteo Patacca won at the European Talent Cup.<\/p>\n","protected":false},"author":1,"featured_media":57785,"comment_status":"open","ping_status":"open","sticky":false,"template":"","format":"standard","meta":{"footnotes":""},"categories":[64],"tags":[214,277],"class_list":["post-96853","post","type-post","status-publish","format-standard","hentry","category-uncategorized","tag-other-events-competitions","tag-otros-eventos-y-competiciones-en"],"yoast_head":"<!-- This site is optimized with the Yoast SEO plugin v27.3 - https:\/\/yoast.com\/product\/yoast-seo-wordpress\/ -->\n<title>Garc\u00eda, Fern\u00e1ndez, Raffin, G\u00f3mez and Patacca win at the FIM CEV Repsol - Box Repsol<\/title>\n<link rel=\"canonical\" href=\"https:\/\/www.boxrepsol.com\/en\/uncategorized\/garcia-fernandez-raffin-gomez-and-patacca-win-at-the-fim-cev-repsol\/\" \/>\n<meta property=\"og:locale\" content=\"en_US\" \/>\n<meta property=\"og:type\" content=\"article\" \/>\n<meta property=\"og:title\" content=\"Garc\u00eda, Fern\u00e1ndez, Raffin, G\u00f3mez and Patacca win at the FIM CEV Repsol - Box Repsol\" \/>\n<meta property=\"og:description\" content=\"Sergio Garc\u00eda and Ra\u00fal Fern\u00e1ndez won the races of the Junior World Championship in Valencia, Jesko Raffin had a commanding victory in Moto2 and Francisco G\u00f3mez and Matteo Patacca won at the European Talent Cup.\" \/>\n<meta property=\"og:url\" content=\"https:\/\/www.boxrepsol.com\/en\/uncategorized\/garcia-fernandez-raffin-gomez-and-patacca-win-at-the-fim-cev-repsol\/\" \/>\n<meta property=\"og:site_name\" content=\"Box Repsol\" \/>\n<meta property=\"article:publisher\" content=\"https:\/\/www.facebook.com\/BoxRepsol\" \/>\n<meta property=\"article:published_time\" content=\"2018-04-30T02:00:00+00:00\" \/>\n<meta property=\"og:image\" content=\"https:\/\/bxrepsol.s3.eu-west-1.amazonaws.com\/static\/2022\/08\/29081036\/podio-CVE-Valencia.jpg\" \/>\n\t<meta property=\"og:image:width\" content=\"2500\" \/>\n\t<meta property=\"og:image:height\" content=\"1667\" \/>\n\t<meta property=\"og:image:type\" content=\"image\/jpeg\" \/>\n<meta name=\"author\" content=\"bx_ayesa\" \/>\n<meta name=\"twitter:card\" content=\"summary_large_image\" \/>\n<meta name=\"twitter:creator\" content=\"@box_repsol\" \/>\n<meta name=\"twitter:site\" content=\"@box_repsol\" \/>\n<meta name=\"twitter:label1\" content=\"Written by\" \/>\n\t<meta name=\"twitter:data1\" content=\"bx_ayesa\" \/>\n\t<meta name=\"twitter:label2\" content=\"Est. reading time\" \/>\n\t<meta name=\"twitter:data2\" content=\"3 minutes\" \/>\n<script type=\"application\/ld+json\" class=\"yoast-schema-graph\">{\"@context\":\"https:\\\/\\\/schema.org\",\"@graph\":[{\"@type\":\"Article\",\"@id\":\"https:\\\/\\\/www.boxrepsol.com\\\/en\\\/uncategorized\\\/garcia-fernandez-raffin-gomez-and-patacca-win-at-the-fim-cev-repsol\\\/#article\",\"isPartOf\":{\"@id\":\"https:\\\/\\\/www.boxrepsol.com\\\/en\\\/uncategorized\\\/garcia-fernandez-raffin-gomez-and-patacca-win-at-the-fim-cev-repsol\\\/\"},\"author\":{\"name\":\"bx_ayesa\",\"@id\":\"https:\\\/\\\/www.boxrepsol.com\\\/en\\\/#\\\/schema\\\/person\\\/d9d0f442a4332c7d099d31ffda4747a0\"},\"headline\":\"Garc\u00eda, Fern\u00e1ndez, Raffin, G\u00f3mez and Patacca win at the FIM CEV Repsol\",\"datePublished\":\"2018-04-30T02:00:00+00:00\",\"mainEntityOfPage\":{\"@id\":\"https:\\\/\\\/www.boxrepsol.com\\\/en\\\/uncategorized\\\/garcia-fernandez-raffin-gomez-and-patacca-win-at-the-fim-cev-repsol\\\/\"},\"wordCount\":589,\"commentCount\":0,\"publisher\":{\"@id\":\"https:\\\/\\\/www.boxrepsol.com\\\/en\\\/#organization\"},\"image\":{\"@id\":\"https:\\\/\\\/www.boxrepsol.com\\\/en\\\/uncategorized\\\/garcia-fernandez-raffin-gomez-and-patacca-win-at-the-fim-cev-repsol\\\/#primaryimage\"},\"thumbnailUrl\":\"https:\\\/\\\/bxrepsol.s3.eu-west-1.amazonaws.com\\\/static\\\/2022\\\/08\\\/29081036\\\/podio-CVE-Valencia.jpg\",\"keywords\":[\"Other events &amp; competitions\",\"otros eventos y competiciones\"],\"inLanguage\":\"en-US\",\"potentialAction\":[{\"@type\":\"CommentAction\",\"name\":\"Comment\",\"target\":[\"https:\\\/\\\/www.boxrepsol.com\\\/en\\\/uncategorized\\\/garcia-fernandez-raffin-gomez-and-patacca-win-at-the-fim-cev-repsol\\\/#respond\"]}]},{\"@type\":\"WebPage\",\"@id\":\"https:\\\/\\\/www.boxrepsol.com\\\/en\\\/uncategorized\\\/garcia-fernandez-raffin-gomez-and-patacca-win-at-the-fim-cev-repsol\\\/\",\"url\":\"https:\\\/\\\/www.boxrepsol.com\\\/en\\\/uncategorized\\\/garcia-fernandez-raffin-gomez-and-patacca-win-at-the-fim-cev-repsol\\\/\",\"name\":\"Garc\u00eda, Fern\u00e1ndez, Raffin, G\u00f3mez and Patacca win at the FIM CEV Repsol - Box Repsol\",\"isPartOf\":{\"@id\":\"https:\\\/\\\/www.boxrepsol.com\\\/en\\\/#website\"},\"primaryImageOfPage\":{\"@id\":\"https:\\\/\\\/www.boxrepsol.com\\\/en\\\/uncategorized\\\/garcia-fernandez-raffin-gomez-and-patacca-win-at-the-fim-cev-repsol\\\/#primaryimage\"},\"image\":{\"@id\":\"https:\\\/\\\/www.boxrepsol.com\\\/en\\\/uncategorized\\\/garcia-fernandez-raffin-gomez-and-patacca-win-at-the-fim-cev-repsol\\\/#primaryimage\"},\"thumbnailUrl\":\"https:\\\/\\\/bxrepsol.s3.eu-west-1.amazonaws.com\\\/static\\\/2022\\\/08\\\/29081036\\\/podio-CVE-Valencia.jpg\",\"datePublished\":\"2018-04-30T02:00:00+00:00\",\"breadcrumb\":{\"@id\":\"https:\\\/\\\/www.boxrepsol.com\\\/en\\\/uncategorized\\\/garcia-fernandez-raffin-gomez-and-patacca-win-at-the-fim-cev-repsol\\\/#breadcrumb\"},\"inLanguage\":\"en-US\",\"potentialAction\":[{\"@type\":\"ReadAction\",\"target\":[\"https:\\\/\\\/www.boxrepsol.com\\\/en\\\/uncategorized\\\/garcia-fernandez-raffin-gomez-and-patacca-win-at-the-fim-cev-repsol\\\/\"]}]},{\"@type\":\"ImageObject\",\"inLanguage\":\"en-US\",\"@id\":\"https:\\\/\\\/www.boxrepsol.com\\\/en\\\/uncategorized\\\/garcia-fernandez-raffin-gomez-and-patacca-win-at-the-fim-cev-repsol\\\/#primaryimage\",\"url\":\"https:\\\/\\\/bxrepsol.s3.eu-west-1.amazonaws.com\\\/static\\\/2022\\\/08\\\/29081036\\\/podio-CVE-Valencia.jpg\",\"contentUrl\":\"https:\\\/\\\/bxrepsol.s3.eu-west-1.amazonaws.com\\\/static\\\/2022\\\/08\\\/29081036\\\/podio-CVE-Valencia.jpg\",\"width\":2500,\"height\":1667,\"caption\":\"FIM CEV Repsol pilots in the podium\"},{\"@type\":\"BreadcrumbList\",\"@id\":\"https:\\\/\\\/www.boxrepsol.com\\\/en\\\/uncategorized\\\/garcia-fernandez-raffin-gomez-and-patacca-win-at-the-fim-cev-repsol\\\/#breadcrumb\",\"itemListElement\":[{\"@type\":\"ListItem\",\"position\":1,\"name\":\"Home\",\"item\":\"https:\\\/\\\/www.boxrepsol.com\\\/en\\\/\"},{\"@type\":\"ListItem\",\"position\":2,\"name\":\"Garc\u00eda, Fern\u00e1ndez, Raffin, G\u00f3mez and Patacca win at the FIM CEV Repsol\"}]},{\"@type\":\"WebSite\",\"@id\":\"https:\\\/\\\/www.boxrepsol.com\\\/en\\\/#website\",\"url\":\"https:\\\/\\\/www.boxrepsol.com\\\/en\\\/\",\"name\":\"Box Repsol\",\"description\":\"Box Repsol Site\",\"publisher\":{\"@id\":\"https:\\\/\\\/www.boxrepsol.com\\\/en\\\/#organization\"},\"potentialAction\":[{\"@type\":\"SearchAction\",\"target\":{\"@type\":\"EntryPoint\",\"urlTemplate\":\"https:\\\/\\\/www.boxrepsol.com\\\/en\\\/?s={search_term_string}\"},\"query-input\":{\"@type\":\"PropertyValueSpecification\",\"valueRequired\":true,\"valueName\":\"search_term_string\"}}],\"inLanguage\":\"en-US\"},{\"@type\":\"Organization\",\"@id\":\"https:\\\/\\\/www.boxrepsol.com\\\/en\\\/#organization\",\"name\":\"Box Repsol\",\"url\":\"https:\\\/\\\/www.boxrepsol.com\\\/en\\\/\",\"logo\":{\"@type\":\"ImageObject\",\"inLanguage\":\"en-US\",\"@id\":\"https:\\\/\\\/www.boxrepsol.com\\\/en\\\/#\\\/schema\\\/logo\\\/image\\\/\",\"url\":\"https:\\\/\\\/bxrepsol.s3.eu-west-1.amazonaws.com\\\/static\\\/2025\\\/07\\\/30083337\\\/favicon-96x96-1.png\",\"contentUrl\":\"https:\\\/\\\/bxrepsol.s3.eu-west-1.amazonaws.com\\\/static\\\/2025\\\/07\\\/30083337\\\/favicon-96x96-1.png\",\"width\":96,\"height\":96,\"caption\":\"Box Repsol\"},\"image\":{\"@id\":\"https:\\\/\\\/www.boxrepsol.com\\\/en\\\/#\\\/schema\\\/logo\\\/image\\\/\"},\"sameAs\":[\"https:\\\/\\\/www.facebook.com\\\/BoxRepsol\",\"https:\\\/\\\/x.com\\\/box_repsol\",\"http:\\\/\\\/instagram.com\\\/box_repsol\",\"https:\\\/\\\/www.youtube.com\\\/user\\\/RepsolCompeticion\",\"https:\\\/\\\/www.flickr.com\\\/photos\\\/box_repsol\\\/\"]},{\"@type\":\"Person\",\"@id\":\"https:\\\/\\\/www.boxrepsol.com\\\/en\\\/#\\\/schema\\\/person\\\/d9d0f442a4332c7d099d31ffda4747a0\",\"name\":\"bx_ayesa\",\"image\":{\"@type\":\"ImageObject\",\"inLanguage\":\"en-US\",\"@id\":\"https:\\\/\\\/secure.gravatar.com\\\/avatar\\\/059e1b9d3585083708845ba70e8dd968f143ff35f5e0e10cf2d1e7afe2c6a878?s=96&d=mm&r=g\",\"url\":\"https:\\\/\\\/secure.gravatar.com\\\/avatar\\\/059e1b9d3585083708845ba70e8dd968f143ff35f5e0e10cf2d1e7afe2c6a878?s=96&d=mm&r=g\",\"contentUrl\":\"https:\\\/\\\/secure.gravatar.com\\\/avatar\\\/059e1b9d3585083708845ba70e8dd968f143ff35f5e0e10cf2d1e7afe2c6a878?s=96&d=mm&r=g\",\"caption\":\"bx_ayesa\"},\"sameAs\":[\"http:\\\/\\\/54.155.157.200\"],\"url\":\"https:\\\/\\\/www.boxrepsol.com\\\/en\\\/author\\\/bx_ayesa\\\/\"}]}<\/script>\n<!-- \/ Yoast SEO plugin. -->","yoast_head_json":{"title":"Garc\u00eda, Fern\u00e1ndez, Raffin, G\u00f3mez and Patacca win at the FIM CEV Repsol - Box Repsol","canonical":"https:\/\/www.boxrepsol.com\/en\/uncategorized\/garcia-fernandez-raffin-gomez-and-patacca-win-at-the-fim-cev-repsol\/","og_locale":"en_US","og_type":"article","og_title":"Garc\u00eda, Fern\u00e1ndez, Raffin, G\u00f3mez and Patacca win at the FIM CEV Repsol - Box Repsol","og_description":"Sergio Garc\u00eda and Ra\u00fal Fern\u00e1ndez won the races of the Junior World Championship in Valencia, Jesko Raffin had a commanding victory in Moto2 and Francisco G\u00f3mez and Matteo Patacca won at the European Talent Cup.","og_url":"https:\/\/www.boxrepsol.com\/en\/uncategorized\/garcia-fernandez-raffin-gomez-and-patacca-win-at-the-fim-cev-repsol\/","og_site_name":"Box Repsol","article_publisher":"https:\/\/www.facebook.com\/BoxRepsol","article_published_time":"2018-04-30T02:00:00+00:00","og_image":[{"width":2500,"height":1667,"url":"https:\/\/bxrepsol.s3.eu-west-1.amazonaws.com\/static\/2022\/08\/29081036\/podio-CVE-Valencia.jpg","type":"image\/jpeg"}],"author":"bx_ayesa","twitter_card":"summary_large_image","twitter_creator":"@box_repsol","twitter_site":"@box_repsol","twitter_misc":{"Written by":"bx_ayesa","Est. reading time":"3 minutes"},"schema":{"@context":"https:\/\/schema.org","@graph":[{"@type":"Article","@id":"https:\/\/www.boxrepsol.com\/en\/uncategorized\/garcia-fernandez-raffin-gomez-and-patacca-win-at-the-fim-cev-repsol\/#article","isPartOf":{"@id":"https:\/\/www.boxrepsol.com\/en\/uncategorized\/garcia-fernandez-raffin-gomez-and-patacca-win-at-the-fim-cev-repsol\/"},"author":{"name":"bx_ayesa","@id":"https:\/\/www.boxrepsol.com\/en\/#\/schema\/person\/d9d0f442a4332c7d099d31ffda4747a0"},"headline":"Garc\u00eda, Fern\u00e1ndez, Raffin, G\u00f3mez and Patacca win at the FIM CEV Repsol","datePublished":"2018-04-30T02:00:00+00:00","mainEntityOfPage":{"@id":"https:\/\/www.boxrepsol.com\/en\/uncategorized\/garcia-fernandez-raffin-gomez-and-patacca-win-at-the-fim-cev-repsol\/"},"wordCount":589,"commentCount":0,"publisher":{"@id":"https:\/\/www.boxrepsol.com\/en\/#organization"},"image":{"@id":"https:\/\/www.boxrepsol.com\/en\/uncategorized\/garcia-fernandez-raffin-gomez-and-patacca-win-at-the-fim-cev-repsol\/#primaryimage"},"thumbnailUrl":"https:\/\/bxrepsol.s3.eu-west-1.amazonaws.com\/static\/2022\/08\/29081036\/podio-CVE-Valencia.jpg","keywords":["Other events &amp; competitions","otros eventos y competiciones"],"inLanguage":"en-US","potentialAction":[{"@type":"CommentAction","name":"Comment","target":["https:\/\/www.boxrepsol.com\/en\/uncategorized\/garcia-fernandez-raffin-gomez-and-patacca-win-at-the-fim-cev-repsol\/#respond"]}]},{"@type":"WebPage","@id":"https:\/\/www.boxrepsol.com\/en\/uncategorized\/garcia-fernandez-raffin-gomez-and-patacca-win-at-the-fim-cev-repsol\/","url":"https:\/\/www.boxrepsol.com\/en\/uncategorized\/garcia-fernandez-raffin-gomez-and-patacca-win-at-the-fim-cev-repsol\/","name":"Garc\u00eda, Fern\u00e1ndez, Raffin, G\u00f3mez and Patacca win at the FIM CEV Repsol - Box Repsol","isPartOf":{"@id":"https:\/\/www.boxrepsol.com\/en\/#website"},"primaryImageOfPage":{"@id":"https:\/\/www.boxrepsol.com\/en\/uncategorized\/garcia-fernandez-raffin-gomez-and-patacca-win-at-the-fim-cev-repsol\/#primaryimage"},"image":{"@id":"https:\/\/www.boxrepsol.com\/en\/uncategorized\/garcia-fernandez-raffin-gomez-and-patacca-win-at-the-fim-cev-repsol\/#primaryimage"},"thumbnailUrl":"https:\/\/bxrepsol.s3.eu-west-1.amazonaws.com\/static\/2022\/08\/29081036\/podio-CVE-Valencia.jpg","datePublished":"2018-04-30T02:00:00+00:00","breadcrumb":{"@id":"https:\/\/www.boxrepsol.com\/en\/uncategorized\/garcia-fernandez-raffin-gomez-and-patacca-win-at-the-fim-cev-repsol\/#breadcrumb"},"inLanguage":"en-US","potentialAction":[{"@type":"ReadAction","target":["https:\/\/www.boxrepsol.com\/en\/uncategorized\/garcia-fernandez-raffin-gomez-and-patacca-win-at-the-fim-cev-repsol\/"]}]},{"@type":"ImageObject","inLanguage":"en-US","@id":"https:\/\/www.boxrepsol.com\/en\/uncategorized\/garcia-fernandez-raffin-gomez-and-patacca-win-at-the-fim-cev-repsol\/#primaryimage","url":"https:\/\/bxrepsol.s3.eu-west-1.amazonaws.com\/static\/2022\/08\/29081036\/podio-CVE-Valencia.jpg","contentUrl":"https:\/\/bxrepsol.s3.eu-west-1.amazonaws.com\/static\/2022\/08\/29081036\/podio-CVE-Valencia.jpg","width":2500,"height":1667,"caption":"FIM CEV Repsol pilots in the podium"},{"@type":"BreadcrumbList","@id":"https:\/\/www.boxrepsol.com\/en\/uncategorized\/garcia-fernandez-raffin-gomez-and-patacca-win-at-the-fim-cev-repsol\/#breadcrumb","itemListElement":[{"@type":"ListItem","position":1,"name":"Home","item":"https:\/\/www.boxrepsol.com\/en\/"},{"@type":"ListItem","position":2,"name":"Garc\u00eda, Fern\u00e1ndez, Raffin, G\u00f3mez and Patacca win at the FIM CEV Repsol"}]},{"@type":"WebSite","@id":"https:\/\/www.boxrepsol.com\/en\/#website","url":"https:\/\/www.boxrepsol.com\/en\/","name":"Box Repsol","description":"Box Repsol Site","publisher":{"@id":"https:\/\/www.boxrepsol.com\/en\/#organization"},"potentialAction":[{"@type":"SearchAction","target":{"@type":"EntryPoint","urlTemplate":"https:\/\/www.boxrepsol.com\/en\/?s={search_term_string}"},"query-input":{"@type":"PropertyValueSpecification","valueRequired":true,"valueName":"search_term_string"}}],"inLanguage":"en-US"},{"@type":"Organization","@id":"https:\/\/www.boxrepsol.com\/en\/#organization","name":"Box Repsol","url":"https:\/\/www.boxrepsol.com\/en\/","logo":{"@type":"ImageObject","inLanguage":"en-US","@id":"https:\/\/www.boxrepsol.com\/en\/#\/schema\/logo\/image\/","url":"https:\/\/bxrepsol.s3.eu-west-1.amazonaws.com\/static\/2025\/07\/30083337\/favicon-96x96-1.png","contentUrl":"https:\/\/bxrepsol.s3.eu-west-1.amazonaws.com\/static\/2025\/07\/30083337\/favicon-96x96-1.png","width":96,"height":96,"caption":"Box Repsol"},"image":{"@id":"https:\/\/www.boxrepsol.com\/en\/#\/schema\/logo\/image\/"},"sameAs":["https:\/\/www.facebook.com\/BoxRepsol","https:\/\/x.com\/box_repsol","http:\/\/instagram.com\/box_repsol","https:\/\/www.youtube.com\/user\/RepsolCompeticion","https:\/\/www.flickr.com\/photos\/box_repsol\/"]},{"@type":"Person","@id":"https:\/\/www.boxrepsol.com\/en\/#\/schema\/person\/d9d0f442a4332c7d099d31ffda4747a0","name":"bx_ayesa","image":{"@type":"ImageObject","inLanguage":"en-US","@id":"https:\/\/secure.gravatar.com\/avatar\/059e1b9d3585083708845ba70e8dd968f143ff35f5e0e10cf2d1e7afe2c6a878?s=96&d=mm&r=g","url":"https:\/\/secure.gravatar.com\/avatar\/059e1b9d3585083708845ba70e8dd968f143ff35f5e0e10cf2d1e7afe2c6a878?s=96&d=mm&r=g","contentUrl":"https:\/\/secure.gravatar.com\/avatar\/059e1b9d3585083708845ba70e8dd968f143ff35f5e0e10cf2d1e7afe2c6a878?s=96&d=mm&r=g","caption":"bx_ayesa"},"sameAs":["http:\/\/54.155.157.200"],"url":"https:\/\/www.boxrepsol.com\/en\/author\/bx_ayesa\/"}]}},"_links":{"self":[{"href":"https:\/\/www.boxrepsol.com\/en\/wp-json\/wp\/v2\/posts\/96853","targetHints":{"allow":["GET"]}}],"collection":[{"href":"https:\/\/www.boxrepsol.com\/en\/wp-json\/wp\/v2\/posts"}],"about":[{"href":"https:\/\/www.boxrepsol.com\/en\/wp-json\/wp\/v2\/types\/post"}],"author":[{"embeddable":true,"href":"https:\/\/www.boxrepsol.com\/en\/wp-json\/wp\/v2\/users\/1"}],"replies":[{"embeddable":true,"href":"https:\/\/www.boxrepsol.com\/en\/wp-json\/wp\/v2\/comments?post=96853"}],"version-history":[{"count":0,"href":"https:\/\/www.boxrepsol.com\/en\/wp-json\/wp\/v2\/posts\/96853\/revisions"}],"wp:featuredmedia":[{"embeddable":true,"href":"https:\/\/www.boxrepsol.com\/en\/wp-json\/wp\/v2\/media\/57785"}],"wp:attachment":[{"href":"https:\/\/www.boxrepsol.com\/en\/wp-json\/wp\/v2\/media?parent=96853"}],"wp:term":[{"taxonomy":"category","embeddable":true,"href":"https:\/\/www.boxrepsol.com\/en\/wp-json\/wp\/v2\/categories?post=96853"},{"taxonomy":"post_tag","embeddable":true,"href":"https:\/\/www.boxrepsol.com\/en\/wp-json\/wp\/v2\/tags?post=96853"}],"curies":[{"name":"wp","href":"https:\/\/api.w.org\/{rel}","templated":true}]}}