{"id":96785,"date":"2018-03-05T00:00:00","date_gmt":"2018-03-05T02:00:00","guid":{"rendered":"http:\/\/pre.boxrepsol.com\/uncategorized\/aron-canet-and-alonso-lopez-present-sports-plans-for-the-2018-season\/"},"modified":"2018-03-05T00:00:00","modified_gmt":"2018-03-05T02:00:00","slug":"aron-canet-and-alonso-lopez-present-sports-plans-for-the-2018-season","status":"publish","type":"post","link":"https:\/\/www.boxrepsol.com\/en\/motogp-en\/aron-canet-and-alonso-lopez-present-sports-plans-for-the-2018-season\/","title":{"rendered":"Ar\u00f3n Canet and Alonso L\u00f3pez present sports plans for the 2018 season"},"content":{"rendered":"<blockquote>\n<p>My goal this season is to give one hundred percent in every race<\/p>\n<p>            <a href=\"http:\/\/twitter.com\/share?text=My+goal+this+season+is+to+give+one+hundred+percent+in+every+race&#038;url=https%3A%2F%2Fwww.boxrepsol.com%2Fen%2Fmoto-3-en%2Faron-canet-and-alonso-lopez-present-sports-plans-for-the-2018-season%2F&#038;hashtags=\" target=\"_blank\" data-datalayer='{\"event\": \"socialInteraction\", \"socialNetwork\": \"Twitter\", \"socialAction\": \"Compartir\", \"socialTarget\": \"Frase\"}' rel=\"noopener\"><br \/>\n            twittear        <\/a><\/p>\n<footer>Ar\u00f3n Canet<\/footer>\n<\/blockquote>\n<p>The Monlau Repsol Technical School\u00a0Moto3 World Championship project for 2018 was officially presented at the historic Circuito del Jarama in Madrid on Monday. Ar\u00f3n Canet, the rider who finished third in the World Championship last season, will be joined by\u00a0FIM CEV Repsol graduate Alonso L\u00f3pez\u00a0-third in the Junior World Championship in 2017.<\/p>\n<p>With three wins and a further three podium finishes\u00a0to his name, 18 year old\u00a0Ar\u00f3n Canet will be the team\u2019s \u2018veteran\u2019 and will contest\u00a0his third season in the World Championship. Joining him will be Alonso L\u00f3pez, who, like Canet and many other Repsol riders before them, will debut on the world stage\u00a0after shining in the FIM CEV Repsol. Last season he won three races in the series.<\/p>\n<p>The boxes at the\u00a0circuit were also opened for the presentation of the riders\u00a0who will be supported by the Monlau Repsol Technical School in the\u00a0Junior World Championship, the European Talent Cup in the FIM CEV Repsol and the RFME Spanish \u200b\u200bChampionship. These eight young talents will have the opportunity to develop\u00a0thanks to the alliance of Repsol and Monlau, two companies that carry competition, teamwork and innovation in their DNA, and whose project allows the formation of future riders, mechanics and engineers.<\/p>\n<hr \/>\n<h3>Ar\u00f3n Canet<\/h3>\n<p><em>&#8220;My goal this season is to give one hundred percent in every\u00a0race, in every practice session and in every qualifying session, to try to take as many points as possible. We will see if at the end of the season we are in a position to fight for the championship, but for now we have to concentrate on going step by step and fighting for victories. From what I\u2019ve seen,\u00a0it will be a very tough year. I think a rival\u00a0for the title will be Jorge Mart\u00edn \u2013 who I\u2019ve known\u00a0since we are children and we both know each other\u2019s\u00a0strong and weak points \u2013 and also Bastianini, who was my teammate last year.&#8221;<\/em><\/p>\n<hr \/>\n<h3>Alonso L\u00f3pez<\/h3>\n<p><em>&#8220;I am very happy to be here and to be starting my World Championship adventure, which is about to get underway. I had a very good pace during preseason, but I need to take a step forward to improve on my\u00a0fastest laps. I have learned\u00a0some circuits in Spain, which could be good for me, but others like Japan\u00a0-which does not look like any of the tracks we have here- will be a little trickier. Having a teammate like Ar\u00f3n [Canet] is perfect, since you can watch him\u00a0and, if you have any doubts, he can solve them. My objective this season is to learn as much as possible from my teammate. This year I would like to have more consistency, give one hundred percent in each practice session and be able to work on my race\u00a0pace.&#8221;<\/em><\/p>\n","protected":false},"excerpt":{"rendered":"<p>Circuito del Jarama hosts Repsol and Monlau\u2019s 2018 Moto3 World Championship lineup presentation.<\/p>\n","protected":false},"author":1,"featured_media":57253,"comment_status":"open","ping_status":"open","sticky":false,"template":"","format":"standard","meta":{"footnotes":""},"categories":[146],"tags":[14],"class_list":["post-96785","post","type-post","status-publish","format-standard","hentry","category-motogp-en","tag-moto3"],"yoast_head":"<!-- This site is optimized with the Yoast SEO plugin v27.3 - https:\/\/yoast.com\/product\/yoast-seo-wordpress\/ -->\n<title>Ar\u00f3n Canet and Alonso L\u00f3pez present sports plans for the 2018 season - Box Repsol<\/title>\n<meta name=\"description\" content=\"Circuito del Jarama hosts Repsol and Monlau\u2019s 2018 Moto3 World Championship lineup presentation.\" \/>\n<link rel=\"canonical\" href=\"https:\/\/www.boxrepsol.com\/en\/motogp-en\/aron-canet-and-alonso-lopez-present-sports-plans-for-the-2018-season\/\" \/>\n<meta property=\"og:locale\" content=\"en_US\" \/>\n<meta property=\"og:type\" content=\"article\" \/>\n<meta property=\"og:title\" content=\"Ar\u00f3n Canet and Alonso L\u00f3pez present sports plans for the 2018 season - Box Repsol\" \/>\n<meta property=\"og:description\" content=\"Circuito del Jarama hosts Repsol and Monlau\u2019s 2018 Moto3 World Championship lineup presentation.\" \/>\n<meta property=\"og:url\" content=\"https:\/\/www.boxrepsol.com\/en\/motogp-en\/aron-canet-and-alonso-lopez-present-sports-plans-for-the-2018-season\/\" \/>\n<meta property=\"og:site_name\" content=\"Box Repsol\" \/>\n<meta property=\"article:publisher\" content=\"https:\/\/www.facebook.com\/BoxRepsol\" \/>\n<meta property=\"article:published_time\" content=\"2018-03-05T02:00:00+00:00\" \/>\n<meta property=\"og:image\" content=\"https:\/\/bxrepsol.s3.eu-west-1.amazonaws.com\/static\/2022\/08\/29080238\/00_aron_canet_estrella_galicia_monlau_respol_alonso_lopez_moto3.jpg\" \/>\n\t<meta property=\"og:image:width\" content=\"995\" \/>\n\t<meta property=\"og:image:height\" content=\"560\" \/>\n\t<meta property=\"og:image:type\" content=\"image\/jpeg\" \/>\n<meta name=\"author\" content=\"bx_ayesa\" \/>\n<meta name=\"twitter:card\" content=\"summary_large_image\" \/>\n<meta name=\"twitter:creator\" content=\"@box_repsol\" \/>\n<meta name=\"twitter:site\" content=\"@box_repsol\" \/>\n<meta name=\"twitter:label1\" content=\"Written by\" \/>\n\t<meta name=\"twitter:data1\" content=\"bx_ayesa\" \/>\n\t<meta name=\"twitter:label2\" content=\"Est. reading time\" \/>\n\t<meta name=\"twitter:data2\" content=\"2 minutes\" \/>\n<script type=\"application\/ld+json\" class=\"yoast-schema-graph\">{\"@context\":\"https:\\\/\\\/schema.org\",\"@graph\":[{\"@type\":\"Article\",\"@id\":\"https:\\\/\\\/www.boxrepsol.com\\\/en\\\/motogp-en\\\/aron-canet-and-alonso-lopez-present-sports-plans-for-the-2018-season\\\/#article\",\"isPartOf\":{\"@id\":\"https:\\\/\\\/www.boxrepsol.com\\\/en\\\/motogp-en\\\/aron-canet-and-alonso-lopez-present-sports-plans-for-the-2018-season\\\/\"},\"author\":{\"name\":\"bx_ayesa\",\"@id\":\"https:\\\/\\\/www.boxrepsol.com\\\/en\\\/#\\\/schema\\\/person\\\/d9d0f442a4332c7d099d31ffda4747a0\"},\"headline\":\"Ar\u00f3n Canet and Alonso L\u00f3pez present sports plans for the 2018 season\",\"datePublished\":\"2018-03-05T02:00:00+00:00\",\"mainEntityOfPage\":{\"@id\":\"https:\\\/\\\/www.boxrepsol.com\\\/en\\\/motogp-en\\\/aron-canet-and-alonso-lopez-present-sports-plans-for-the-2018-season\\\/\"},\"wordCount\":507,\"commentCount\":0,\"publisher\":{\"@id\":\"https:\\\/\\\/www.boxrepsol.com\\\/en\\\/#organization\"},\"image\":{\"@id\":\"https:\\\/\\\/www.boxrepsol.com\\\/en\\\/motogp-en\\\/aron-canet-and-alonso-lopez-present-sports-plans-for-the-2018-season\\\/#primaryimage\"},\"thumbnailUrl\":\"https:\\\/\\\/bxrepsol.s3.eu-west-1.amazonaws.com\\\/static\\\/2022\\\/08\\\/29080238\\\/00_aron_canet_estrella_galicia_monlau_respol_alonso_lopez_moto3.jpg\",\"keywords\":[\"Moto3\"],\"articleSection\":[\"MotoGP\"],\"inLanguage\":\"en-US\",\"potentialAction\":[{\"@type\":\"CommentAction\",\"name\":\"Comment\",\"target\":[\"https:\\\/\\\/www.boxrepsol.com\\\/en\\\/motogp-en\\\/aron-canet-and-alonso-lopez-present-sports-plans-for-the-2018-season\\\/#respond\"]}]},{\"@type\":\"WebPage\",\"@id\":\"https:\\\/\\\/www.boxrepsol.com\\\/en\\\/motogp-en\\\/aron-canet-and-alonso-lopez-present-sports-plans-for-the-2018-season\\\/\",\"url\":\"https:\\\/\\\/www.boxrepsol.com\\\/en\\\/motogp-en\\\/aron-canet-and-alonso-lopez-present-sports-plans-for-the-2018-season\\\/\",\"name\":\"Ar\u00f3n Canet and Alonso L\u00f3pez present sports plans for the 2018 season - Box Repsol\",\"isPartOf\":{\"@id\":\"https:\\\/\\\/www.boxrepsol.com\\\/en\\\/#website\"},\"primaryImageOfPage\":{\"@id\":\"https:\\\/\\\/www.boxrepsol.com\\\/en\\\/motogp-en\\\/aron-canet-and-alonso-lopez-present-sports-plans-for-the-2018-season\\\/#primaryimage\"},\"image\":{\"@id\":\"https:\\\/\\\/www.boxrepsol.com\\\/en\\\/motogp-en\\\/aron-canet-and-alonso-lopez-present-sports-plans-for-the-2018-season\\\/#primaryimage\"},\"thumbnailUrl\":\"https:\\\/\\\/bxrepsol.s3.eu-west-1.amazonaws.com\\\/static\\\/2022\\\/08\\\/29080238\\\/00_aron_canet_estrella_galicia_monlau_respol_alonso_lopez_moto3.jpg\",\"datePublished\":\"2018-03-05T02:00:00+00:00\",\"description\":\"Circuito del Jarama hosts Repsol and Monlau\u2019s 2018 Moto3 World Championship lineup presentation.\",\"breadcrumb\":{\"@id\":\"https:\\\/\\\/www.boxrepsol.com\\\/en\\\/motogp-en\\\/aron-canet-and-alonso-lopez-present-sports-plans-for-the-2018-season\\\/#breadcrumb\"},\"inLanguage\":\"en-US\",\"potentialAction\":[{\"@type\":\"ReadAction\",\"target\":[\"https:\\\/\\\/www.boxrepsol.com\\\/en\\\/motogp-en\\\/aron-canet-and-alonso-lopez-present-sports-plans-for-the-2018-season\\\/\"]}]},{\"@type\":\"ImageObject\",\"inLanguage\":\"en-US\",\"@id\":\"https:\\\/\\\/www.boxrepsol.com\\\/en\\\/motogp-en\\\/aron-canet-and-alonso-lopez-present-sports-plans-for-the-2018-season\\\/#primaryimage\",\"url\":\"https:\\\/\\\/bxrepsol.s3.eu-west-1.amazonaws.com\\\/static\\\/2022\\\/08\\\/29080238\\\/00_aron_canet_estrella_galicia_monlau_respol_alonso_lopez_moto3.jpg\",\"contentUrl\":\"https:\\\/\\\/bxrepsol.s3.eu-west-1.amazonaws.com\\\/static\\\/2022\\\/08\\\/29080238\\\/00_aron_canet_estrella_galicia_monlau_respol_alonso_lopez_moto3.jpg\",\"width\":995,\"height\":560,\"caption\":\"Alonso L\u00f3pez y Ar\u00f3n Canet d\u00e1ndose la mano\"},{\"@type\":\"BreadcrumbList\",\"@id\":\"https:\\\/\\\/www.boxrepsol.com\\\/en\\\/motogp-en\\\/aron-canet-and-alonso-lopez-present-sports-plans-for-the-2018-season\\\/#breadcrumb\",\"itemListElement\":[{\"@type\":\"ListItem\",\"position\":1,\"name\":\"Home\",\"item\":\"https:\\\/\\\/www.boxrepsol.com\\\/en\\\/\"},{\"@type\":\"ListItem\",\"position\":2,\"name\":\"Ar\u00f3n Canet and Alonso L\u00f3pez present sports plans for the 2018 season\"}]},{\"@type\":\"WebSite\",\"@id\":\"https:\\\/\\\/www.boxrepsol.com\\\/en\\\/#website\",\"url\":\"https:\\\/\\\/www.boxrepsol.com\\\/en\\\/\",\"name\":\"Box Repsol\",\"description\":\"Box Repsol Site\",\"publisher\":{\"@id\":\"https:\\\/\\\/www.boxrepsol.com\\\/en\\\/#organization\"},\"potentialAction\":[{\"@type\":\"SearchAction\",\"target\":{\"@type\":\"EntryPoint\",\"urlTemplate\":\"https:\\\/\\\/www.boxrepsol.com\\\/en\\\/?s={search_term_string}\"},\"query-input\":{\"@type\":\"PropertyValueSpecification\",\"valueRequired\":true,\"valueName\":\"search_term_string\"}}],\"inLanguage\":\"en-US\"},{\"@type\":\"Organization\",\"@id\":\"https:\\\/\\\/www.boxrepsol.com\\\/en\\\/#organization\",\"name\":\"Box Repsol\",\"url\":\"https:\\\/\\\/www.boxrepsol.com\\\/en\\\/\",\"logo\":{\"@type\":\"ImageObject\",\"inLanguage\":\"en-US\",\"@id\":\"https:\\\/\\\/www.boxrepsol.com\\\/en\\\/#\\\/schema\\\/logo\\\/image\\\/\",\"url\":\"https:\\\/\\\/bxrepsol.s3.eu-west-1.amazonaws.com\\\/static\\\/2025\\\/07\\\/30083337\\\/favicon-96x96-1.png\",\"contentUrl\":\"https:\\\/\\\/bxrepsol.s3.eu-west-1.amazonaws.com\\\/static\\\/2025\\\/07\\\/30083337\\\/favicon-96x96-1.png\",\"width\":96,\"height\":96,\"caption\":\"Box Repsol\"},\"image\":{\"@id\":\"https:\\\/\\\/www.boxrepsol.com\\\/en\\\/#\\\/schema\\\/logo\\\/image\\\/\"},\"sameAs\":[\"https:\\\/\\\/www.facebook.com\\\/BoxRepsol\",\"https:\\\/\\\/x.com\\\/box_repsol\",\"http:\\\/\\\/instagram.com\\\/box_repsol\",\"https:\\\/\\\/www.youtube.com\\\/user\\\/RepsolCompeticion\",\"https:\\\/\\\/www.flickr.com\\\/photos\\\/box_repsol\\\/\"]},{\"@type\":\"Person\",\"@id\":\"https:\\\/\\\/www.boxrepsol.com\\\/en\\\/#\\\/schema\\\/person\\\/d9d0f442a4332c7d099d31ffda4747a0\",\"name\":\"bx_ayesa\",\"image\":{\"@type\":\"ImageObject\",\"inLanguage\":\"en-US\",\"@id\":\"https:\\\/\\\/secure.gravatar.com\\\/avatar\\\/059e1b9d3585083708845ba70e8dd968f143ff35f5e0e10cf2d1e7afe2c6a878?s=96&d=mm&r=g\",\"url\":\"https:\\\/\\\/secure.gravatar.com\\\/avatar\\\/059e1b9d3585083708845ba70e8dd968f143ff35f5e0e10cf2d1e7afe2c6a878?s=96&d=mm&r=g\",\"contentUrl\":\"https:\\\/\\\/secure.gravatar.com\\\/avatar\\\/059e1b9d3585083708845ba70e8dd968f143ff35f5e0e10cf2d1e7afe2c6a878?s=96&d=mm&r=g\",\"caption\":\"bx_ayesa\"},\"sameAs\":[\"http:\\\/\\\/54.155.157.200\"],\"url\":\"https:\\\/\\\/www.boxrepsol.com\\\/en\\\/author\\\/bx_ayesa\\\/\"}]}<\/script>\n<!-- \/ Yoast SEO plugin. -->","yoast_head_json":{"title":"Ar\u00f3n Canet and Alonso L\u00f3pez present sports plans for the 2018 season - Box Repsol","description":"Circuito del Jarama hosts Repsol and Monlau\u2019s 2018 Moto3 World Championship lineup presentation.","canonical":"https:\/\/www.boxrepsol.com\/en\/motogp-en\/aron-canet-and-alonso-lopez-present-sports-plans-for-the-2018-season\/","og_locale":"en_US","og_type":"article","og_title":"Ar\u00f3n Canet and Alonso L\u00f3pez present sports plans for the 2018 season - Box Repsol","og_description":"Circuito del Jarama hosts Repsol and Monlau\u2019s 2018 Moto3 World Championship lineup presentation.","og_url":"https:\/\/www.boxrepsol.com\/en\/motogp-en\/aron-canet-and-alonso-lopez-present-sports-plans-for-the-2018-season\/","og_site_name":"Box Repsol","article_publisher":"https:\/\/www.facebook.com\/BoxRepsol","article_published_time":"2018-03-05T02:00:00+00:00","og_image":[{"width":995,"height":560,"url":"https:\/\/bxrepsol.s3.eu-west-1.amazonaws.com\/static\/2022\/08\/29080238\/00_aron_canet_estrella_galicia_monlau_respol_alonso_lopez_moto3.jpg","type":"image\/jpeg"}],"author":"bx_ayesa","twitter_card":"summary_large_image","twitter_creator":"@box_repsol","twitter_site":"@box_repsol","twitter_misc":{"Written by":"bx_ayesa","Est. reading time":"2 minutes"},"schema":{"@context":"https:\/\/schema.org","@graph":[{"@type":"Article","@id":"https:\/\/www.boxrepsol.com\/en\/motogp-en\/aron-canet-and-alonso-lopez-present-sports-plans-for-the-2018-season\/#article","isPartOf":{"@id":"https:\/\/www.boxrepsol.com\/en\/motogp-en\/aron-canet-and-alonso-lopez-present-sports-plans-for-the-2018-season\/"},"author":{"name":"bx_ayesa","@id":"https:\/\/www.boxrepsol.com\/en\/#\/schema\/person\/d9d0f442a4332c7d099d31ffda4747a0"},"headline":"Ar\u00f3n Canet and Alonso L\u00f3pez present sports plans for the 2018 season","datePublished":"2018-03-05T02:00:00+00:00","mainEntityOfPage":{"@id":"https:\/\/www.boxrepsol.com\/en\/motogp-en\/aron-canet-and-alonso-lopez-present-sports-plans-for-the-2018-season\/"},"wordCount":507,"commentCount":0,"publisher":{"@id":"https:\/\/www.boxrepsol.com\/en\/#organization"},"image":{"@id":"https:\/\/www.boxrepsol.com\/en\/motogp-en\/aron-canet-and-alonso-lopez-present-sports-plans-for-the-2018-season\/#primaryimage"},"thumbnailUrl":"https:\/\/bxrepsol.s3.eu-west-1.amazonaws.com\/static\/2022\/08\/29080238\/00_aron_canet_estrella_galicia_monlau_respol_alonso_lopez_moto3.jpg","keywords":["Moto3"],"articleSection":["MotoGP"],"inLanguage":"en-US","potentialAction":[{"@type":"CommentAction","name":"Comment","target":["https:\/\/www.boxrepsol.com\/en\/motogp-en\/aron-canet-and-alonso-lopez-present-sports-plans-for-the-2018-season\/#respond"]}]},{"@type":"WebPage","@id":"https:\/\/www.boxrepsol.com\/en\/motogp-en\/aron-canet-and-alonso-lopez-present-sports-plans-for-the-2018-season\/","url":"https:\/\/www.boxrepsol.com\/en\/motogp-en\/aron-canet-and-alonso-lopez-present-sports-plans-for-the-2018-season\/","name":"Ar\u00f3n Canet and Alonso L\u00f3pez present sports plans for the 2018 season - Box Repsol","isPartOf":{"@id":"https:\/\/www.boxrepsol.com\/en\/#website"},"primaryImageOfPage":{"@id":"https:\/\/www.boxrepsol.com\/en\/motogp-en\/aron-canet-and-alonso-lopez-present-sports-plans-for-the-2018-season\/#primaryimage"},"image":{"@id":"https:\/\/www.boxrepsol.com\/en\/motogp-en\/aron-canet-and-alonso-lopez-present-sports-plans-for-the-2018-season\/#primaryimage"},"thumbnailUrl":"https:\/\/bxrepsol.s3.eu-west-1.amazonaws.com\/static\/2022\/08\/29080238\/00_aron_canet_estrella_galicia_monlau_respol_alonso_lopez_moto3.jpg","datePublished":"2018-03-05T02:00:00+00:00","description":"Circuito del Jarama hosts Repsol and Monlau\u2019s 2018 Moto3 World Championship lineup presentation.","breadcrumb":{"@id":"https:\/\/www.boxrepsol.com\/en\/motogp-en\/aron-canet-and-alonso-lopez-present-sports-plans-for-the-2018-season\/#breadcrumb"},"inLanguage":"en-US","potentialAction":[{"@type":"ReadAction","target":["https:\/\/www.boxrepsol.com\/en\/motogp-en\/aron-canet-and-alonso-lopez-present-sports-plans-for-the-2018-season\/"]}]},{"@type":"ImageObject","inLanguage":"en-US","@id":"https:\/\/www.boxrepsol.com\/en\/motogp-en\/aron-canet-and-alonso-lopez-present-sports-plans-for-the-2018-season\/#primaryimage","url":"https:\/\/bxrepsol.s3.eu-west-1.amazonaws.com\/static\/2022\/08\/29080238\/00_aron_canet_estrella_galicia_monlau_respol_alonso_lopez_moto3.jpg","contentUrl":"https:\/\/bxrepsol.s3.eu-west-1.amazonaws.com\/static\/2022\/08\/29080238\/00_aron_canet_estrella_galicia_monlau_respol_alonso_lopez_moto3.jpg","width":995,"height":560,"caption":"Alonso L\u00f3pez y Ar\u00f3n Canet d\u00e1ndose la mano"},{"@type":"BreadcrumbList","@id":"https:\/\/www.boxrepsol.com\/en\/motogp-en\/aron-canet-and-alonso-lopez-present-sports-plans-for-the-2018-season\/#breadcrumb","itemListElement":[{"@type":"ListItem","position":1,"name":"Home","item":"https:\/\/www.boxrepsol.com\/en\/"},{"@type":"ListItem","position":2,"name":"Ar\u00f3n Canet and Alonso L\u00f3pez present sports plans for the 2018 season"}]},{"@type":"WebSite","@id":"https:\/\/www.boxrepsol.com\/en\/#website","url":"https:\/\/www.boxrepsol.com\/en\/","name":"Box Repsol","description":"Box Repsol Site","publisher":{"@id":"https:\/\/www.boxrepsol.com\/en\/#organization"},"potentialAction":[{"@type":"SearchAction","target":{"@type":"EntryPoint","urlTemplate":"https:\/\/www.boxrepsol.com\/en\/?s={search_term_string}"},"query-input":{"@type":"PropertyValueSpecification","valueRequired":true,"valueName":"search_term_string"}}],"inLanguage":"en-US"},{"@type":"Organization","@id":"https:\/\/www.boxrepsol.com\/en\/#organization","name":"Box Repsol","url":"https:\/\/www.boxrepsol.com\/en\/","logo":{"@type":"ImageObject","inLanguage":"en-US","@id":"https:\/\/www.boxrepsol.com\/en\/#\/schema\/logo\/image\/","url":"https:\/\/bxrepsol.s3.eu-west-1.amazonaws.com\/static\/2025\/07\/30083337\/favicon-96x96-1.png","contentUrl":"https:\/\/bxrepsol.s3.eu-west-1.amazonaws.com\/static\/2025\/07\/30083337\/favicon-96x96-1.png","width":96,"height":96,"caption":"Box Repsol"},"image":{"@id":"https:\/\/www.boxrepsol.com\/en\/#\/schema\/logo\/image\/"},"sameAs":["https:\/\/www.facebook.com\/BoxRepsol","https:\/\/x.com\/box_repsol","http:\/\/instagram.com\/box_repsol","https:\/\/www.youtube.com\/user\/RepsolCompeticion","https:\/\/www.flickr.com\/photos\/box_repsol\/"]},{"@type":"Person","@id":"https:\/\/www.boxrepsol.com\/en\/#\/schema\/person\/d9d0f442a4332c7d099d31ffda4747a0","name":"bx_ayesa","image":{"@type":"ImageObject","inLanguage":"en-US","@id":"https:\/\/secure.gravatar.com\/avatar\/059e1b9d3585083708845ba70e8dd968f143ff35f5e0e10cf2d1e7afe2c6a878?s=96&d=mm&r=g","url":"https:\/\/secure.gravatar.com\/avatar\/059e1b9d3585083708845ba70e8dd968f143ff35f5e0e10cf2d1e7afe2c6a878?s=96&d=mm&r=g","contentUrl":"https:\/\/secure.gravatar.com\/avatar\/059e1b9d3585083708845ba70e8dd968f143ff35f5e0e10cf2d1e7afe2c6a878?s=96&d=mm&r=g","caption":"bx_ayesa"},"sameAs":["http:\/\/54.155.157.200"],"url":"https:\/\/www.boxrepsol.com\/en\/author\/bx_ayesa\/"}]}},"_links":{"self":[{"href":"https:\/\/www.boxrepsol.com\/en\/wp-json\/wp\/v2\/posts\/96785","targetHints":{"allow":["GET"]}}],"collection":[{"href":"https:\/\/www.boxrepsol.com\/en\/wp-json\/wp\/v2\/posts"}],"about":[{"href":"https:\/\/www.boxrepsol.com\/en\/wp-json\/wp\/v2\/types\/post"}],"author":[{"embeddable":true,"href":"https:\/\/www.boxrepsol.com\/en\/wp-json\/wp\/v2\/users\/1"}],"replies":[{"embeddable":true,"href":"https:\/\/www.boxrepsol.com\/en\/wp-json\/wp\/v2\/comments?post=96785"}],"version-history":[{"count":0,"href":"https:\/\/www.boxrepsol.com\/en\/wp-json\/wp\/v2\/posts\/96785\/revisions"}],"wp:featuredmedia":[{"embeddable":true,"href":"https:\/\/www.boxrepsol.com\/en\/wp-json\/wp\/v2\/media\/57253"}],"wp:attachment":[{"href":"https:\/\/www.boxrepsol.com\/en\/wp-json\/wp\/v2\/media?parent=96785"}],"wp:term":[{"taxonomy":"category","embeddable":true,"href":"https:\/\/www.boxrepsol.com\/en\/wp-json\/wp\/v2\/categories?post=96785"},{"taxonomy":"post_tag","embeddable":true,"href":"https:\/\/www.boxrepsol.com\/en\/wp-json\/wp\/v2\/tags?post=96785"}],"curies":[{"name":"wp","href":"https:\/\/api.w.org\/{rel}","templated":true}]}}