{"id":96749,"date":"2018-02-08T00:00:00","date_gmt":"2018-02-08T02:00:00","guid":{"rendered":"http:\/\/pre.boxrepsol.com\/uncategorized\/marquez-pedrosa-want-to-fly-high-this-season\/"},"modified":"2023-02-27T07:05:10","modified_gmt":"2023-02-27T09:05:10","slug":"marquez-pedrosa-want-to-fly-high-this-season","status":"publish","type":"post","link":"https:\/\/www.boxrepsol.com\/en\/motogp-en\/marquez-pedrosa-want-to-fly-high-this-season\/","title":{"rendered":"Marc M\u00e1rquez and Dani Pedrosa want to fly high this season"},"content":{"rendered":"<blockquote>\n<p>El viento, y m\u00e1s concretamente c\u00f3mo afecta en el comportamiento de las MotoGP, es uno de los elementos clave en esta competici\u00f3n.<\/p>\n<p>            <a href=\"http:\/\/twitter.com\/share?text=El+viento%2C+y+m%C3%A1s+concretamente+c%C3%B3mo+afecta+en+el+comportamiento+de+las+MotoGP%2C+es+uno+de+los+elementos+clave+en+esta+competici%C3%B3n.&#038;url=https%3A%2F%2Fwww.boxrepsol.com%2Fes%2F%3Fp%3D17386%2F&#038;hashtags=%23EquipoRepsol\" target=\"_blank\" data-datalayer='{\"event\": \"socialInteraction\", \"socialNetwork\": \"Twitter\", \"socialAction\": \"Compartir\", \"socialTarget\": \"Frase\"}' rel=\"noopener\"><br \/>\n            twittear        <\/a><\/p>\n<footer>Box Repsol<\/footer>\n<\/blockquote>\n<p>Una semana despu\u00e9s de los primeros entrenamientos de la pretemporada 2018, Marc M\u00e1rquez y Dani Pedrosa han vivido una experiencia diferente en Madrid, donde han disfrutado de la sensaci\u00f3n de volar en el mayor t\u00fanel del viento de Europa. Los pilotos del equipo Repsol Honda han sentido lo que es flotar en el aire, como si hubieran saltado de un avi\u00f3n sin paraca\u00eddas. Posteriormente, han explicado en un t\u00fanel del viento horizontal la importancia que tiene la aerodin\u00e1mica en muchos deportes, entre ellos el motociclismo.<\/p>\n<p>Acostumbrados a alcanzar velocidades superiores a los 300 km\/h y pr\u00e1cticamente volar raso sobre los circuitos, hoy Marc M\u00e1rquez y Dani Pedrosa se han puesto los monos de paracaidista y han echado a volar de verdad. En una c\u00e1mara de 4,6 metros de ancho y 17 de alto, y gracias a cuatro potentes motores que generan una corriente vertical de velocidad regulable entre los 180 y los 300 km\/h, los pilotos del equipo Repsol Honda han podido sentir en sus cuerpos el efecto del viento, capaz de sustentarles y hacerles flotar.<\/p>\n<p>\t\t\t\t<img decoding=\"async\" src=\"https:\/\/bxrepsol.s3.eu-west-1.amazonaws.com\/static\/2022\/08\/05052408\/EventoMediosREPSOL18_JOC1278-scaled.jpg\" alt=\"Dia de MEDIOS REPSOL Madrid FLY 8 de febrero de 2018\" itemprop=\"image\"  \/><\/p>\n<p>El viento, y m\u00e1s concretamente c\u00f3mo afecta en el comportamiento de las MotoGP, es uno de los elementos clave en esta competici\u00f3n, donde la aerodin\u00e1mica se ha convertido en un aspecto muy importante en el desarrollo de las motos. Honda dispone de su propio t\u00fanel del viento en Jap\u00f3n desde la d\u00e9cada de los 70 y all\u00ed, M\u00e1rquez y Pedrosa trabajan junto a los ingenieros de HRC para optimizar par\u00e1metros como la resistencia al viento o la carga aerodin\u00e1mica, \u00edndices que afectan tanto a la velocidad punta como a las aceleraciones.<\/p>\n<p>En los primeros entrenamientos del a\u00f1o en el trazado de Sepang (Malasia), M\u00e1rquez y Pedrosa pudieron probar las \u00faltimas evoluciones de Honda en ese sentido, un trabajo que continuar\u00e1 dentro de ocho d\u00edas en Tailandia, en los segundos entrenamientos oficiales de la pretemporada 2018<\/p>\n","protected":false},"excerpt":{"rendered":"<p>The Repsol Honda team riders were able to experience free fall in the biggest wind tunnel in Europe.<\/p>\n","protected":false},"author":1,"featured_media":56775,"comment_status":"open","ping_status":"open","sticky":false,"template":"","format":"standard","meta":{"footnotes":""},"categories":[146],"tags":[281,8],"class_list":["post-96749","post","type-post","status-publish","format-standard","hentry","category-motogp-en","tag-equipo-repsol-honda-en","tag-repsol-honda-team"],"yoast_head":"<!-- This site is optimized with the Yoast SEO plugin v27.3 - https:\/\/yoast.com\/product\/yoast-seo-wordpress\/ -->\n<title>Marc M\u00e1rquez and Dani Pedrosa want to fly high this season - Box Repsol<\/title>\n<meta name=\"description\" content=\"The Repsol Honda team riders were able to experience free fall in the biggest wind tunnel in Europe.\" \/>\n<link rel=\"canonical\" href=\"https:\/\/www.boxrepsol.com\/en\/motogp-en\/marquez-pedrosa-want-to-fly-high-this-season\/\" \/>\n<meta property=\"og:locale\" content=\"en_US\" \/>\n<meta property=\"og:type\" content=\"article\" \/>\n<meta property=\"og:title\" content=\"Marc M\u00e1rquez and Dani Pedrosa want to fly high this season - Box Repsol\" \/>\n<meta property=\"og:description\" content=\"The Repsol Honda team riders were able to experience free fall in the biggest wind tunnel in Europe.\" \/>\n<meta property=\"og:url\" content=\"https:\/\/www.boxrepsol.com\/en\/motogp-en\/marquez-pedrosa-want-to-fly-high-this-season\/\" \/>\n<meta property=\"og:site_name\" content=\"Box Repsol\" \/>\n<meta property=\"article:publisher\" content=\"https:\/\/www.facebook.com\/BoxRepsol\" \/>\n<meta property=\"article:published_time\" content=\"2018-02-08T02:00:00+00:00\" \/>\n<meta property=\"article:modified_time\" content=\"2023-02-27T09:05:10+00:00\" \/>\n<meta property=\"og:image\" content=\"https:\/\/bxrepsol.s3.eu-west-1.amazonaws.com\/static\/2022\/08\/29075613\/EventoMediosREPSOL18_JOC1101Apertura.jpg\" \/>\n\t<meta property=\"og:image:width\" content=\"986\" \/>\n\t<meta property=\"og:image:height\" content=\"555\" \/>\n\t<meta property=\"og:image:type\" content=\"image\/jpeg\" \/>\n<meta name=\"author\" content=\"bx_ayesa\" \/>\n<meta name=\"twitter:card\" content=\"summary_large_image\" \/>\n<meta name=\"twitter:creator\" content=\"@box_repsol\" \/>\n<meta name=\"twitter:site\" content=\"@box_repsol\" \/>\n<meta name=\"twitter:label1\" content=\"Written by\" \/>\n\t<meta name=\"twitter:data1\" content=\"bx_ayesa\" \/>\n\t<meta name=\"twitter:label2\" content=\"Est. reading time\" \/>\n\t<meta name=\"twitter:data2\" content=\"2 minutes\" \/>\n<script type=\"application\/ld+json\" class=\"yoast-schema-graph\">{\"@context\":\"https:\\\/\\\/schema.org\",\"@graph\":[{\"@type\":\"Article\",\"@id\":\"https:\\\/\\\/www.boxrepsol.com\\\/en\\\/motogp-en\\\/marquez-pedrosa-want-to-fly-high-this-season\\\/#article\",\"isPartOf\":{\"@id\":\"https:\\\/\\\/www.boxrepsol.com\\\/en\\\/motogp-en\\\/marquez-pedrosa-want-to-fly-high-this-season\\\/\"},\"author\":{\"name\":\"bx_ayesa\",\"@id\":\"https:\\\/\\\/www.boxrepsol.com\\\/en\\\/#\\\/schema\\\/person\\\/d9d0f442a4332c7d099d31ffda4747a0\"},\"headline\":\"Marc M\u00e1rquez and Dani Pedrosa want to fly high this season\",\"datePublished\":\"2018-02-08T02:00:00+00:00\",\"dateModified\":\"2023-02-27T09:05:10+00:00\",\"mainEntityOfPage\":{\"@id\":\"https:\\\/\\\/www.boxrepsol.com\\\/en\\\/motogp-en\\\/marquez-pedrosa-want-to-fly-high-this-season\\\/\"},\"wordCount\":369,\"commentCount\":0,\"publisher\":{\"@id\":\"https:\\\/\\\/www.boxrepsol.com\\\/en\\\/#organization\"},\"image\":{\"@id\":\"https:\\\/\\\/www.boxrepsol.com\\\/en\\\/motogp-en\\\/marquez-pedrosa-want-to-fly-high-this-season\\\/#primaryimage\"},\"thumbnailUrl\":\"https:\\\/\\\/bxrepsol.s3.eu-west-1.amazonaws.com\\\/static\\\/2022\\\/08\\\/29075613\\\/EventoMediosREPSOL18_JOC1101Apertura.jpg\",\"keywords\":[\"Equipo Repsol Honda\",\"Repsol Honda Team\"],\"articleSection\":[\"MotoGP\"],\"inLanguage\":\"en-US\",\"potentialAction\":[{\"@type\":\"CommentAction\",\"name\":\"Comment\",\"target\":[\"https:\\\/\\\/www.boxrepsol.com\\\/en\\\/motogp-en\\\/marquez-pedrosa-want-to-fly-high-this-season\\\/#respond\"]}]},{\"@type\":\"WebPage\",\"@id\":\"https:\\\/\\\/www.boxrepsol.com\\\/en\\\/motogp-en\\\/marquez-pedrosa-want-to-fly-high-this-season\\\/\",\"url\":\"https:\\\/\\\/www.boxrepsol.com\\\/en\\\/motogp-en\\\/marquez-pedrosa-want-to-fly-high-this-season\\\/\",\"name\":\"Marc M\u00e1rquez and Dani Pedrosa want to fly high this season - Box Repsol\",\"isPartOf\":{\"@id\":\"https:\\\/\\\/www.boxrepsol.com\\\/en\\\/#website\"},\"primaryImageOfPage\":{\"@id\":\"https:\\\/\\\/www.boxrepsol.com\\\/en\\\/motogp-en\\\/marquez-pedrosa-want-to-fly-high-this-season\\\/#primaryimage\"},\"image\":{\"@id\":\"https:\\\/\\\/www.boxrepsol.com\\\/en\\\/motogp-en\\\/marquez-pedrosa-want-to-fly-high-this-season\\\/#primaryimage\"},\"thumbnailUrl\":\"https:\\\/\\\/bxrepsol.s3.eu-west-1.amazonaws.com\\\/static\\\/2022\\\/08\\\/29075613\\\/EventoMediosREPSOL18_JOC1101Apertura.jpg\",\"datePublished\":\"2018-02-08T02:00:00+00:00\",\"dateModified\":\"2023-02-27T09:05:10+00:00\",\"description\":\"The Repsol Honda team riders were able to experience free fall in the biggest wind tunnel in Europe.\",\"breadcrumb\":{\"@id\":\"https:\\\/\\\/www.boxrepsol.com\\\/en\\\/motogp-en\\\/marquez-pedrosa-want-to-fly-high-this-season\\\/#breadcrumb\"},\"inLanguage\":\"en-US\",\"potentialAction\":[{\"@type\":\"ReadAction\",\"target\":[\"https:\\\/\\\/www.boxrepsol.com\\\/en\\\/motogp-en\\\/marquez-pedrosa-want-to-fly-high-this-season\\\/\"]}]},{\"@type\":\"ImageObject\",\"inLanguage\":\"en-US\",\"@id\":\"https:\\\/\\\/www.boxrepsol.com\\\/en\\\/motogp-en\\\/marquez-pedrosa-want-to-fly-high-this-season\\\/#primaryimage\",\"url\":\"https:\\\/\\\/bxrepsol.s3.eu-west-1.amazonaws.com\\\/static\\\/2022\\\/08\\\/29075613\\\/EventoMediosREPSOL18_JOC1101Apertura.jpg\",\"contentUrl\":\"https:\\\/\\\/bxrepsol.s3.eu-west-1.amazonaws.com\\\/static\\\/2022\\\/08\\\/29075613\\\/EventoMediosREPSOL18_JOC1101Apertura.jpg\",\"width\":986,\"height\":555,\"caption\":\"Dia de MEDIOS REPSOL Madrid FLY 8 de febrero de 2018\"},{\"@type\":\"BreadcrumbList\",\"@id\":\"https:\\\/\\\/www.boxrepsol.com\\\/en\\\/motogp-en\\\/marquez-pedrosa-want-to-fly-high-this-season\\\/#breadcrumb\",\"itemListElement\":[{\"@type\":\"ListItem\",\"position\":1,\"name\":\"Home\",\"item\":\"https:\\\/\\\/www.boxrepsol.com\\\/en\\\/\"},{\"@type\":\"ListItem\",\"position\":2,\"name\":\"Marc M\u00e1rquez and Dani Pedrosa want to fly high this season\"}]},{\"@type\":\"WebSite\",\"@id\":\"https:\\\/\\\/www.boxrepsol.com\\\/en\\\/#website\",\"url\":\"https:\\\/\\\/www.boxrepsol.com\\\/en\\\/\",\"name\":\"Box Repsol\",\"description\":\"Box Repsol Site\",\"publisher\":{\"@id\":\"https:\\\/\\\/www.boxrepsol.com\\\/en\\\/#organization\"},\"potentialAction\":[{\"@type\":\"SearchAction\",\"target\":{\"@type\":\"EntryPoint\",\"urlTemplate\":\"https:\\\/\\\/www.boxrepsol.com\\\/en\\\/?s={search_term_string}\"},\"query-input\":{\"@type\":\"PropertyValueSpecification\",\"valueRequired\":true,\"valueName\":\"search_term_string\"}}],\"inLanguage\":\"en-US\"},{\"@type\":\"Organization\",\"@id\":\"https:\\\/\\\/www.boxrepsol.com\\\/en\\\/#organization\",\"name\":\"Box Repsol\",\"url\":\"https:\\\/\\\/www.boxrepsol.com\\\/en\\\/\",\"logo\":{\"@type\":\"ImageObject\",\"inLanguage\":\"en-US\",\"@id\":\"https:\\\/\\\/www.boxrepsol.com\\\/en\\\/#\\\/schema\\\/logo\\\/image\\\/\",\"url\":\"https:\\\/\\\/bxrepsol.s3.eu-west-1.amazonaws.com\\\/static\\\/2025\\\/07\\\/30083337\\\/favicon-96x96-1.png\",\"contentUrl\":\"https:\\\/\\\/bxrepsol.s3.eu-west-1.amazonaws.com\\\/static\\\/2025\\\/07\\\/30083337\\\/favicon-96x96-1.png\",\"width\":96,\"height\":96,\"caption\":\"Box Repsol\"},\"image\":{\"@id\":\"https:\\\/\\\/www.boxrepsol.com\\\/en\\\/#\\\/schema\\\/logo\\\/image\\\/\"},\"sameAs\":[\"https:\\\/\\\/www.facebook.com\\\/BoxRepsol\",\"https:\\\/\\\/x.com\\\/box_repsol\",\"http:\\\/\\\/instagram.com\\\/box_repsol\",\"https:\\\/\\\/www.youtube.com\\\/user\\\/RepsolCompeticion\",\"https:\\\/\\\/www.flickr.com\\\/photos\\\/box_repsol\\\/\"]},{\"@type\":\"Person\",\"@id\":\"https:\\\/\\\/www.boxrepsol.com\\\/en\\\/#\\\/schema\\\/person\\\/d9d0f442a4332c7d099d31ffda4747a0\",\"name\":\"bx_ayesa\",\"image\":{\"@type\":\"ImageObject\",\"inLanguage\":\"en-US\",\"@id\":\"https:\\\/\\\/secure.gravatar.com\\\/avatar\\\/059e1b9d3585083708845ba70e8dd968f143ff35f5e0e10cf2d1e7afe2c6a878?s=96&d=mm&r=g\",\"url\":\"https:\\\/\\\/secure.gravatar.com\\\/avatar\\\/059e1b9d3585083708845ba70e8dd968f143ff35f5e0e10cf2d1e7afe2c6a878?s=96&d=mm&r=g\",\"contentUrl\":\"https:\\\/\\\/secure.gravatar.com\\\/avatar\\\/059e1b9d3585083708845ba70e8dd968f143ff35f5e0e10cf2d1e7afe2c6a878?s=96&d=mm&r=g\",\"caption\":\"bx_ayesa\"},\"sameAs\":[\"http:\\\/\\\/54.155.157.200\"],\"url\":\"https:\\\/\\\/www.boxrepsol.com\\\/en\\\/author\\\/bx_ayesa\\\/\"}]}<\/script>\n<!-- \/ Yoast SEO plugin. -->","yoast_head_json":{"title":"Marc M\u00e1rquez and Dani Pedrosa want to fly high this season - Box Repsol","description":"The Repsol Honda team riders were able to experience free fall in the biggest wind tunnel in Europe.","canonical":"https:\/\/www.boxrepsol.com\/en\/motogp-en\/marquez-pedrosa-want-to-fly-high-this-season\/","og_locale":"en_US","og_type":"article","og_title":"Marc M\u00e1rquez and Dani Pedrosa want to fly high this season - Box Repsol","og_description":"The Repsol Honda team riders were able to experience free fall in the biggest wind tunnel in Europe.","og_url":"https:\/\/www.boxrepsol.com\/en\/motogp-en\/marquez-pedrosa-want-to-fly-high-this-season\/","og_site_name":"Box Repsol","article_publisher":"https:\/\/www.facebook.com\/BoxRepsol","article_published_time":"2018-02-08T02:00:00+00:00","article_modified_time":"2023-02-27T09:05:10+00:00","og_image":[{"width":986,"height":555,"url":"https:\/\/bxrepsol.s3.eu-west-1.amazonaws.com\/static\/2022\/08\/29075613\/EventoMediosREPSOL18_JOC1101Apertura.jpg","type":"image\/jpeg"}],"author":"bx_ayesa","twitter_card":"summary_large_image","twitter_creator":"@box_repsol","twitter_site":"@box_repsol","twitter_misc":{"Written by":"bx_ayesa","Est. reading time":"2 minutes"},"schema":{"@context":"https:\/\/schema.org","@graph":[{"@type":"Article","@id":"https:\/\/www.boxrepsol.com\/en\/motogp-en\/marquez-pedrosa-want-to-fly-high-this-season\/#article","isPartOf":{"@id":"https:\/\/www.boxrepsol.com\/en\/motogp-en\/marquez-pedrosa-want-to-fly-high-this-season\/"},"author":{"name":"bx_ayesa","@id":"https:\/\/www.boxrepsol.com\/en\/#\/schema\/person\/d9d0f442a4332c7d099d31ffda4747a0"},"headline":"Marc M\u00e1rquez and Dani Pedrosa want to fly high this season","datePublished":"2018-02-08T02:00:00+00:00","dateModified":"2023-02-27T09:05:10+00:00","mainEntityOfPage":{"@id":"https:\/\/www.boxrepsol.com\/en\/motogp-en\/marquez-pedrosa-want-to-fly-high-this-season\/"},"wordCount":369,"commentCount":0,"publisher":{"@id":"https:\/\/www.boxrepsol.com\/en\/#organization"},"image":{"@id":"https:\/\/www.boxrepsol.com\/en\/motogp-en\/marquez-pedrosa-want-to-fly-high-this-season\/#primaryimage"},"thumbnailUrl":"https:\/\/bxrepsol.s3.eu-west-1.amazonaws.com\/static\/2022\/08\/29075613\/EventoMediosREPSOL18_JOC1101Apertura.jpg","keywords":["Equipo Repsol Honda","Repsol Honda Team"],"articleSection":["MotoGP"],"inLanguage":"en-US","potentialAction":[{"@type":"CommentAction","name":"Comment","target":["https:\/\/www.boxrepsol.com\/en\/motogp-en\/marquez-pedrosa-want-to-fly-high-this-season\/#respond"]}]},{"@type":"WebPage","@id":"https:\/\/www.boxrepsol.com\/en\/motogp-en\/marquez-pedrosa-want-to-fly-high-this-season\/","url":"https:\/\/www.boxrepsol.com\/en\/motogp-en\/marquez-pedrosa-want-to-fly-high-this-season\/","name":"Marc M\u00e1rquez and Dani Pedrosa want to fly high this season - Box Repsol","isPartOf":{"@id":"https:\/\/www.boxrepsol.com\/en\/#website"},"primaryImageOfPage":{"@id":"https:\/\/www.boxrepsol.com\/en\/motogp-en\/marquez-pedrosa-want-to-fly-high-this-season\/#primaryimage"},"image":{"@id":"https:\/\/www.boxrepsol.com\/en\/motogp-en\/marquez-pedrosa-want-to-fly-high-this-season\/#primaryimage"},"thumbnailUrl":"https:\/\/bxrepsol.s3.eu-west-1.amazonaws.com\/static\/2022\/08\/29075613\/EventoMediosREPSOL18_JOC1101Apertura.jpg","datePublished":"2018-02-08T02:00:00+00:00","dateModified":"2023-02-27T09:05:10+00:00","description":"The Repsol Honda team riders were able to experience free fall in the biggest wind tunnel in Europe.","breadcrumb":{"@id":"https:\/\/www.boxrepsol.com\/en\/motogp-en\/marquez-pedrosa-want-to-fly-high-this-season\/#breadcrumb"},"inLanguage":"en-US","potentialAction":[{"@type":"ReadAction","target":["https:\/\/www.boxrepsol.com\/en\/motogp-en\/marquez-pedrosa-want-to-fly-high-this-season\/"]}]},{"@type":"ImageObject","inLanguage":"en-US","@id":"https:\/\/www.boxrepsol.com\/en\/motogp-en\/marquez-pedrosa-want-to-fly-high-this-season\/#primaryimage","url":"https:\/\/bxrepsol.s3.eu-west-1.amazonaws.com\/static\/2022\/08\/29075613\/EventoMediosREPSOL18_JOC1101Apertura.jpg","contentUrl":"https:\/\/bxrepsol.s3.eu-west-1.amazonaws.com\/static\/2022\/08\/29075613\/EventoMediosREPSOL18_JOC1101Apertura.jpg","width":986,"height":555,"caption":"Dia de MEDIOS REPSOL Madrid FLY 8 de febrero de 2018"},{"@type":"BreadcrumbList","@id":"https:\/\/www.boxrepsol.com\/en\/motogp-en\/marquez-pedrosa-want-to-fly-high-this-season\/#breadcrumb","itemListElement":[{"@type":"ListItem","position":1,"name":"Home","item":"https:\/\/www.boxrepsol.com\/en\/"},{"@type":"ListItem","position":2,"name":"Marc M\u00e1rquez and Dani Pedrosa want to fly high this season"}]},{"@type":"WebSite","@id":"https:\/\/www.boxrepsol.com\/en\/#website","url":"https:\/\/www.boxrepsol.com\/en\/","name":"Box Repsol","description":"Box Repsol Site","publisher":{"@id":"https:\/\/www.boxrepsol.com\/en\/#organization"},"potentialAction":[{"@type":"SearchAction","target":{"@type":"EntryPoint","urlTemplate":"https:\/\/www.boxrepsol.com\/en\/?s={search_term_string}"},"query-input":{"@type":"PropertyValueSpecification","valueRequired":true,"valueName":"search_term_string"}}],"inLanguage":"en-US"},{"@type":"Organization","@id":"https:\/\/www.boxrepsol.com\/en\/#organization","name":"Box Repsol","url":"https:\/\/www.boxrepsol.com\/en\/","logo":{"@type":"ImageObject","inLanguage":"en-US","@id":"https:\/\/www.boxrepsol.com\/en\/#\/schema\/logo\/image\/","url":"https:\/\/bxrepsol.s3.eu-west-1.amazonaws.com\/static\/2025\/07\/30083337\/favicon-96x96-1.png","contentUrl":"https:\/\/bxrepsol.s3.eu-west-1.amazonaws.com\/static\/2025\/07\/30083337\/favicon-96x96-1.png","width":96,"height":96,"caption":"Box Repsol"},"image":{"@id":"https:\/\/www.boxrepsol.com\/en\/#\/schema\/logo\/image\/"},"sameAs":["https:\/\/www.facebook.com\/BoxRepsol","https:\/\/x.com\/box_repsol","http:\/\/instagram.com\/box_repsol","https:\/\/www.youtube.com\/user\/RepsolCompeticion","https:\/\/www.flickr.com\/photos\/box_repsol\/"]},{"@type":"Person","@id":"https:\/\/www.boxrepsol.com\/en\/#\/schema\/person\/d9d0f442a4332c7d099d31ffda4747a0","name":"bx_ayesa","image":{"@type":"ImageObject","inLanguage":"en-US","@id":"https:\/\/secure.gravatar.com\/avatar\/059e1b9d3585083708845ba70e8dd968f143ff35f5e0e10cf2d1e7afe2c6a878?s=96&d=mm&r=g","url":"https:\/\/secure.gravatar.com\/avatar\/059e1b9d3585083708845ba70e8dd968f143ff35f5e0e10cf2d1e7afe2c6a878?s=96&d=mm&r=g","contentUrl":"https:\/\/secure.gravatar.com\/avatar\/059e1b9d3585083708845ba70e8dd968f143ff35f5e0e10cf2d1e7afe2c6a878?s=96&d=mm&r=g","caption":"bx_ayesa"},"sameAs":["http:\/\/54.155.157.200"],"url":"https:\/\/www.boxrepsol.com\/en\/author\/bx_ayesa\/"}]}},"_links":{"self":[{"href":"https:\/\/www.boxrepsol.com\/en\/wp-json\/wp\/v2\/posts\/96749","targetHints":{"allow":["GET"]}}],"collection":[{"href":"https:\/\/www.boxrepsol.com\/en\/wp-json\/wp\/v2\/posts"}],"about":[{"href":"https:\/\/www.boxrepsol.com\/en\/wp-json\/wp\/v2\/types\/post"}],"author":[{"embeddable":true,"href":"https:\/\/www.boxrepsol.com\/en\/wp-json\/wp\/v2\/users\/1"}],"replies":[{"embeddable":true,"href":"https:\/\/www.boxrepsol.com\/en\/wp-json\/wp\/v2\/comments?post=96749"}],"version-history":[{"count":1,"href":"https:\/\/www.boxrepsol.com\/en\/wp-json\/wp\/v2\/posts\/96749\/revisions"}],"predecessor-version":[{"id":96750,"href":"https:\/\/www.boxrepsol.com\/en\/wp-json\/wp\/v2\/posts\/96749\/revisions\/96750"}],"wp:featuredmedia":[{"embeddable":true,"href":"https:\/\/www.boxrepsol.com\/en\/wp-json\/wp\/v2\/media\/56775"}],"wp:attachment":[{"href":"https:\/\/www.boxrepsol.com\/en\/wp-json\/wp\/v2\/media?parent=96749"}],"wp:term":[{"taxonomy":"category","embeddable":true,"href":"https:\/\/www.boxrepsol.com\/en\/wp-json\/wp\/v2\/categories?post=96749"},{"taxonomy":"post_tag","embeddable":true,"href":"https:\/\/www.boxrepsol.com\/en\/wp-json\/wp\/v2\/tags?post=96749"}],"curies":[{"name":"wp","href":"https:\/\/api.w.org\/{rel}","templated":true}]}}