{"id":96744,"date":"2018-02-02T00:00:00","date_gmt":"2018-02-02T02:00:00","guid":{"rendered":"http:\/\/pre.boxrepsol.com\/uncategorized\/juan-velarde-the-spanish-participant-in-formula-1-in-the-sky\/"},"modified":"2023-02-27T07:05:04","modified_gmt":"2023-02-27T09:05:04","slug":"juan-velarde-the-spanish-participant-in-formula-1-in-the-sky","status":"publish","type":"post","link":"https:\/\/www.boxrepsol.com\/en\/red-bull-air-race-en\/juan-velarde-the-spanish-participant-in-formula-1-in-the-sky\/","title":{"rendered":"Juan Velarde: The Spanish participant in \u201cFormula 1 in the sky\u201d"},"content":{"rendered":"<blockquote>\n<p>Today sees the first qualifying session, with the first race taking place tomorrow.<\/p>\n<p>            <a href=\"http:\/\/twitter.com\/share?text=Today+sees+the+first+qualifying+session%2C+with+the+first+race+taking+place+tomorrow.&#038;url=https%3A%2F%2Fwww.boxrepsol.com%2Fen%2F%3Fp%3D17214%2F&#038;hashtags=\" target=\"_blank\" data-datalayer='{\"event\": \"socialInteraction\", \"socialNetwork\": \"Twitter\", \"socialAction\": \"Compartir\", \"socialTarget\": \"Frase\"}' rel=\"noopener\"><br \/>\n            twittear        <\/a>\n        <\/p><\/blockquote>\n<p>This weekend sees the start of a new season of the world\u2019s fastest sky sport competition, the Red Bull Air Race, in Abu Dhabi. The series will once again have among its participants a single Spanish pilot: Juan Velarde. With the support of Repsol, this will be his fifth season in the competition and for the fourth time he will be competing in the Master Class, the top category established by the\u00a0F\u00e9d\u00e9ration A\u00e9ronautique Internationale (FAI). Last year he placed on the podium in both the first and last events of the year.<\/p>\n<p>The calendar consists of eight races, in which the objective is to complete a circuit of around 6 kilometres in length -marked by 25-metre-high air pylons, in the shortest time possible. They must also pass through five straight gates, two of which can be taken on with \u201cVertical Turning Manoeuvre\u201d \u2013 in which they must fly through the gates and turn as quickly and efficiently as possible without pulling more than 10G in their raceplane \u2013 and three individual pylons in chicane form.<\/p>\n<p>After a day of free practice and another of qualifying, in the race the fourteen participants face each other in three rounds. After the first of these rounds, eight pilots compete in the secound round to determine the four finalists.<\/p>\n<p>\t\t\t\t<img decoding=\"async\" src=\"https:\/\/bxrepsol.s3.eu-west-1.amazonaws.com\/static\/2022\/08\/30042658\/infografia_Juan_Velarde_ENG-2-scaled.jpg\" alt=\"infografia_Juan_Velarde_ENG\" itemprop=\"image\"  \/><\/p>\n<p>Velarde, 43, started in aerobatics in 1999 and is currently part of the Bravo 3 Repsol\u00a0 team, with which he performs exhibitions with Castor Fantoba and Anselmo G\u00e1mez. In the Red Bull Air Race he pilots a Zivko Edge 540 V2, a plane made of carbon and composite materials, which stands out for its light weight (just 540 kg), speed (exceeding 400 km\/h) and power (more than 300 HP ), giving it great maneuverability and a weight\/power ratio that provides great acrobatic capacity -ideal for competing in this competition.<\/p>\n<p>Today sees the first qualifying session, with the first race taking place tomorrow.<\/p>\n","protected":false},"excerpt":{"rendered":"<p>The Repsol rider begins his fifth season in the World Championship of aircraft racing, the Red Bull Air Race -a competition in which he took two podiums last year.<\/p>\n","protected":false},"author":1,"featured_media":47915,"comment_status":"open","ping_status":"open","sticky":false,"template":"","format":"standard","meta":{"footnotes":""},"categories":[261],"tags":[171,327],"class_list":["post-96744","post","type-post","status-publish","format-standard","hentry","category-red-bull-air-race-en","tag-juan-velarde","tag-juan-velarde-en"],"yoast_head":"<!-- This site is optimized with the Yoast SEO plugin v27.3 - https:\/\/yoast.com\/product\/yoast-seo-wordpress\/ -->\n<title>Juan Velarde: The Spanish participant in \u201cFormula 1 in the sky\u201d - Box Repsol<\/title>\n<meta name=\"description\" content=\"The Repsol rider begins his fifth season in the World Championship of the Red Bull Air Race -a competition in which he took two podiums last year.\" \/>\n<link rel=\"canonical\" href=\"https:\/\/www.boxrepsol.com\/en\/red-bull-air-race-en\/juan-velarde-the-spanish-participant-in-formula-1-in-the-sky\/\" \/>\n<meta property=\"og:locale\" content=\"en_US\" \/>\n<meta property=\"og:type\" content=\"article\" \/>\n<meta property=\"og:title\" content=\"Juan Velarde: The Spanish participant in \u201cFormula 1 in the sky\u201d - Box Repsol\" \/>\n<meta property=\"og:description\" content=\"The Repsol rider begins his fifth season in the World Championship of the Red Bull Air Race -a competition in which he took two podiums last year.\" \/>\n<meta property=\"og:url\" content=\"https:\/\/www.boxrepsol.com\/en\/red-bull-air-race-en\/juan-velarde-the-spanish-participant-in-formula-1-in-the-sky\/\" \/>\n<meta property=\"og:site_name\" content=\"Box Repsol\" \/>\n<meta property=\"article:publisher\" content=\"https:\/\/www.facebook.com\/BoxRepsol\" \/>\n<meta property=\"article:published_time\" content=\"2018-02-02T02:00:00+00:00\" \/>\n<meta property=\"article:modified_time\" content=\"2023-02-27T09:05:04+00:00\" \/>\n<meta property=\"og:image\" content=\"https:\/\/bxrepsol.s3.eu-west-1.amazonaws.com\/static\/2018\/02\/12091200\/AD9_Joerg-Mitter-scaled.jpg\" \/>\n\t<meta property=\"og:image:width\" content=\"2560\" \/>\n\t<meta property=\"og:image:height\" content=\"1706\" \/>\n\t<meta property=\"og:image:type\" content=\"image\/jpeg\" \/>\n<meta name=\"author\" content=\"bx_ayesa\" \/>\n<meta name=\"twitter:card\" content=\"summary_large_image\" \/>\n<meta name=\"twitter:creator\" content=\"@box_repsol\" \/>\n<meta name=\"twitter:site\" content=\"@box_repsol\" \/>\n<meta name=\"twitter:label1\" content=\"Written by\" \/>\n\t<meta name=\"twitter:data1\" content=\"bx_ayesa\" \/>\n\t<meta name=\"twitter:label2\" content=\"Est. reading time\" \/>\n\t<meta name=\"twitter:data2\" content=\"2 minutes\" \/>\n<script type=\"application\/ld+json\" class=\"yoast-schema-graph\">{\"@context\":\"https:\\\/\\\/schema.org\",\"@graph\":[{\"@type\":\"Article\",\"@id\":\"https:\\\/\\\/www.boxrepsol.com\\\/en\\\/red-bull-air-race-en\\\/juan-velarde-the-spanish-participant-in-formula-1-in-the-sky\\\/#article\",\"isPartOf\":{\"@id\":\"https:\\\/\\\/www.boxrepsol.com\\\/en\\\/red-bull-air-race-en\\\/juan-velarde-the-spanish-participant-in-formula-1-in-the-sky\\\/\"},\"author\":{\"name\":\"bx_ayesa\",\"@id\":\"https:\\\/\\\/www.boxrepsol.com\\\/en\\\/#\\\/schema\\\/person\\\/d9d0f442a4332c7d099d31ffda4747a0\"},\"headline\":\"Juan Velarde: The Spanish participant in \u201cFormula 1 in the sky\u201d\",\"datePublished\":\"2018-02-02T02:00:00+00:00\",\"dateModified\":\"2023-02-27T09:05:04+00:00\",\"mainEntityOfPage\":{\"@id\":\"https:\\\/\\\/www.boxrepsol.com\\\/en\\\/red-bull-air-race-en\\\/juan-velarde-the-spanish-participant-in-formula-1-in-the-sky\\\/\"},\"wordCount\":338,\"commentCount\":0,\"publisher\":{\"@id\":\"https:\\\/\\\/www.boxrepsol.com\\\/en\\\/#organization\"},\"image\":{\"@id\":\"https:\\\/\\\/www.boxrepsol.com\\\/en\\\/red-bull-air-race-en\\\/juan-velarde-the-spanish-participant-in-formula-1-in-the-sky\\\/#primaryimage\"},\"thumbnailUrl\":\"https:\\\/\\\/bxrepsol.s3.eu-west-1.amazonaws.com\\\/static\\\/2018\\\/02\\\/12091200\\\/AD9_Joerg-Mitter-scaled.jpg\",\"keywords\":[\"Juan Velarde\",\"Juan Velarde\"],\"articleSection\":[\"Red Bull Air Race\"],\"inLanguage\":\"en-US\",\"potentialAction\":[{\"@type\":\"CommentAction\",\"name\":\"Comment\",\"target\":[\"https:\\\/\\\/www.boxrepsol.com\\\/en\\\/red-bull-air-race-en\\\/juan-velarde-the-spanish-participant-in-formula-1-in-the-sky\\\/#respond\"]}]},{\"@type\":\"WebPage\",\"@id\":\"https:\\\/\\\/www.boxrepsol.com\\\/en\\\/red-bull-air-race-en\\\/juan-velarde-the-spanish-participant-in-formula-1-in-the-sky\\\/\",\"url\":\"https:\\\/\\\/www.boxrepsol.com\\\/en\\\/red-bull-air-race-en\\\/juan-velarde-the-spanish-participant-in-formula-1-in-the-sky\\\/\",\"name\":\"Juan Velarde: The Spanish participant in \u201cFormula 1 in the sky\u201d - Box Repsol\",\"isPartOf\":{\"@id\":\"https:\\\/\\\/www.boxrepsol.com\\\/en\\\/#website\"},\"primaryImageOfPage\":{\"@id\":\"https:\\\/\\\/www.boxrepsol.com\\\/en\\\/red-bull-air-race-en\\\/juan-velarde-the-spanish-participant-in-formula-1-in-the-sky\\\/#primaryimage\"},\"image\":{\"@id\":\"https:\\\/\\\/www.boxrepsol.com\\\/en\\\/red-bull-air-race-en\\\/juan-velarde-the-spanish-participant-in-formula-1-in-the-sky\\\/#primaryimage\"},\"thumbnailUrl\":\"https:\\\/\\\/bxrepsol.s3.eu-west-1.amazonaws.com\\\/static\\\/2018\\\/02\\\/12091200\\\/AD9_Joerg-Mitter-scaled.jpg\",\"datePublished\":\"2018-02-02T02:00:00+00:00\",\"dateModified\":\"2023-02-27T09:05:04+00:00\",\"description\":\"The Repsol rider begins his fifth season in the World Championship of the Red Bull Air Race -a competition in which he took two podiums last year.\",\"breadcrumb\":{\"@id\":\"https:\\\/\\\/www.boxrepsol.com\\\/en\\\/red-bull-air-race-en\\\/juan-velarde-the-spanish-participant-in-formula-1-in-the-sky\\\/#breadcrumb\"},\"inLanguage\":\"en-US\",\"potentialAction\":[{\"@type\":\"ReadAction\",\"target\":[\"https:\\\/\\\/www.boxrepsol.com\\\/en\\\/red-bull-air-race-en\\\/juan-velarde-the-spanish-participant-in-formula-1-in-the-sky\\\/\"]}]},{\"@type\":\"ImageObject\",\"inLanguage\":\"en-US\",\"@id\":\"https:\\\/\\\/www.boxrepsol.com\\\/en\\\/red-bull-air-race-en\\\/juan-velarde-the-spanish-participant-in-formula-1-in-the-sky\\\/#primaryimage\",\"url\":\"https:\\\/\\\/bxrepsol.s3.eu-west-1.amazonaws.com\\\/static\\\/2018\\\/02\\\/12091200\\\/AD9_Joerg-Mitter-scaled.jpg\",\"contentUrl\":\"https:\\\/\\\/bxrepsol.s3.eu-west-1.amazonaws.com\\\/static\\\/2018\\\/02\\\/12091200\\\/AD9_Joerg-Mitter-scaled.jpg\",\"width\":2560,\"height\":1706},{\"@type\":\"BreadcrumbList\",\"@id\":\"https:\\\/\\\/www.boxrepsol.com\\\/en\\\/red-bull-air-race-en\\\/juan-velarde-the-spanish-participant-in-formula-1-in-the-sky\\\/#breadcrumb\",\"itemListElement\":[{\"@type\":\"ListItem\",\"position\":1,\"name\":\"Home\",\"item\":\"https:\\\/\\\/www.boxrepsol.com\\\/en\\\/\"},{\"@type\":\"ListItem\",\"position\":2,\"name\":\"Juan Velarde: The Spanish participant in \u201cFormula 1 in the sky\u201d\"}]},{\"@type\":\"WebSite\",\"@id\":\"https:\\\/\\\/www.boxrepsol.com\\\/en\\\/#website\",\"url\":\"https:\\\/\\\/www.boxrepsol.com\\\/en\\\/\",\"name\":\"Box Repsol\",\"description\":\"Box Repsol Site\",\"publisher\":{\"@id\":\"https:\\\/\\\/www.boxrepsol.com\\\/en\\\/#organization\"},\"potentialAction\":[{\"@type\":\"SearchAction\",\"target\":{\"@type\":\"EntryPoint\",\"urlTemplate\":\"https:\\\/\\\/www.boxrepsol.com\\\/en\\\/?s={search_term_string}\"},\"query-input\":{\"@type\":\"PropertyValueSpecification\",\"valueRequired\":true,\"valueName\":\"search_term_string\"}}],\"inLanguage\":\"en-US\"},{\"@type\":\"Organization\",\"@id\":\"https:\\\/\\\/www.boxrepsol.com\\\/en\\\/#organization\",\"name\":\"Box Repsol\",\"url\":\"https:\\\/\\\/www.boxrepsol.com\\\/en\\\/\",\"logo\":{\"@type\":\"ImageObject\",\"inLanguage\":\"en-US\",\"@id\":\"https:\\\/\\\/www.boxrepsol.com\\\/en\\\/#\\\/schema\\\/logo\\\/image\\\/\",\"url\":\"https:\\\/\\\/bxrepsol.s3.eu-west-1.amazonaws.com\\\/static\\\/2025\\\/07\\\/30083337\\\/favicon-96x96-1.png\",\"contentUrl\":\"https:\\\/\\\/bxrepsol.s3.eu-west-1.amazonaws.com\\\/static\\\/2025\\\/07\\\/30083337\\\/favicon-96x96-1.png\",\"width\":96,\"height\":96,\"caption\":\"Box Repsol\"},\"image\":{\"@id\":\"https:\\\/\\\/www.boxrepsol.com\\\/en\\\/#\\\/schema\\\/logo\\\/image\\\/\"},\"sameAs\":[\"https:\\\/\\\/www.facebook.com\\\/BoxRepsol\",\"https:\\\/\\\/x.com\\\/box_repsol\",\"http:\\\/\\\/instagram.com\\\/box_repsol\",\"https:\\\/\\\/www.youtube.com\\\/user\\\/RepsolCompeticion\",\"https:\\\/\\\/www.flickr.com\\\/photos\\\/box_repsol\\\/\"]},{\"@type\":\"Person\",\"@id\":\"https:\\\/\\\/www.boxrepsol.com\\\/en\\\/#\\\/schema\\\/person\\\/d9d0f442a4332c7d099d31ffda4747a0\",\"name\":\"bx_ayesa\",\"image\":{\"@type\":\"ImageObject\",\"inLanguage\":\"en-US\",\"@id\":\"https:\\\/\\\/secure.gravatar.com\\\/avatar\\\/059e1b9d3585083708845ba70e8dd968f143ff35f5e0e10cf2d1e7afe2c6a878?s=96&d=mm&r=g\",\"url\":\"https:\\\/\\\/secure.gravatar.com\\\/avatar\\\/059e1b9d3585083708845ba70e8dd968f143ff35f5e0e10cf2d1e7afe2c6a878?s=96&d=mm&r=g\",\"contentUrl\":\"https:\\\/\\\/secure.gravatar.com\\\/avatar\\\/059e1b9d3585083708845ba70e8dd968f143ff35f5e0e10cf2d1e7afe2c6a878?s=96&d=mm&r=g\",\"caption\":\"bx_ayesa\"},\"sameAs\":[\"http:\\\/\\\/54.155.157.200\"],\"url\":\"https:\\\/\\\/www.boxrepsol.com\\\/en\\\/author\\\/bx_ayesa\\\/\"}]}<\/script>\n<!-- \/ Yoast SEO plugin. -->","yoast_head_json":{"title":"Juan Velarde: The Spanish participant in \u201cFormula 1 in the sky\u201d - Box Repsol","description":"The Repsol rider begins his fifth season in the World Championship of the Red Bull Air Race -a competition in which he took two podiums last year.","canonical":"https:\/\/www.boxrepsol.com\/en\/red-bull-air-race-en\/juan-velarde-the-spanish-participant-in-formula-1-in-the-sky\/","og_locale":"en_US","og_type":"article","og_title":"Juan Velarde: The Spanish participant in \u201cFormula 1 in the sky\u201d - Box Repsol","og_description":"The Repsol rider begins his fifth season in the World Championship of the Red Bull Air Race -a competition in which he took two podiums last year.","og_url":"https:\/\/www.boxrepsol.com\/en\/red-bull-air-race-en\/juan-velarde-the-spanish-participant-in-formula-1-in-the-sky\/","og_site_name":"Box Repsol","article_publisher":"https:\/\/www.facebook.com\/BoxRepsol","article_published_time":"2018-02-02T02:00:00+00:00","article_modified_time":"2023-02-27T09:05:04+00:00","og_image":[{"width":2560,"height":1706,"url":"https:\/\/bxrepsol.s3.eu-west-1.amazonaws.com\/static\/2018\/02\/12091200\/AD9_Joerg-Mitter-scaled.jpg","type":"image\/jpeg"}],"author":"bx_ayesa","twitter_card":"summary_large_image","twitter_creator":"@box_repsol","twitter_site":"@box_repsol","twitter_misc":{"Written by":"bx_ayesa","Est. reading time":"2 minutes"},"schema":{"@context":"https:\/\/schema.org","@graph":[{"@type":"Article","@id":"https:\/\/www.boxrepsol.com\/en\/red-bull-air-race-en\/juan-velarde-the-spanish-participant-in-formula-1-in-the-sky\/#article","isPartOf":{"@id":"https:\/\/www.boxrepsol.com\/en\/red-bull-air-race-en\/juan-velarde-the-spanish-participant-in-formula-1-in-the-sky\/"},"author":{"name":"bx_ayesa","@id":"https:\/\/www.boxrepsol.com\/en\/#\/schema\/person\/d9d0f442a4332c7d099d31ffda4747a0"},"headline":"Juan Velarde: The Spanish participant in \u201cFormula 1 in the sky\u201d","datePublished":"2018-02-02T02:00:00+00:00","dateModified":"2023-02-27T09:05:04+00:00","mainEntityOfPage":{"@id":"https:\/\/www.boxrepsol.com\/en\/red-bull-air-race-en\/juan-velarde-the-spanish-participant-in-formula-1-in-the-sky\/"},"wordCount":338,"commentCount":0,"publisher":{"@id":"https:\/\/www.boxrepsol.com\/en\/#organization"},"image":{"@id":"https:\/\/www.boxrepsol.com\/en\/red-bull-air-race-en\/juan-velarde-the-spanish-participant-in-formula-1-in-the-sky\/#primaryimage"},"thumbnailUrl":"https:\/\/bxrepsol.s3.eu-west-1.amazonaws.com\/static\/2018\/02\/12091200\/AD9_Joerg-Mitter-scaled.jpg","keywords":["Juan Velarde","Juan Velarde"],"articleSection":["Red Bull Air Race"],"inLanguage":"en-US","potentialAction":[{"@type":"CommentAction","name":"Comment","target":["https:\/\/www.boxrepsol.com\/en\/red-bull-air-race-en\/juan-velarde-the-spanish-participant-in-formula-1-in-the-sky\/#respond"]}]},{"@type":"WebPage","@id":"https:\/\/www.boxrepsol.com\/en\/red-bull-air-race-en\/juan-velarde-the-spanish-participant-in-formula-1-in-the-sky\/","url":"https:\/\/www.boxrepsol.com\/en\/red-bull-air-race-en\/juan-velarde-the-spanish-participant-in-formula-1-in-the-sky\/","name":"Juan Velarde: The Spanish participant in \u201cFormula 1 in the sky\u201d - Box Repsol","isPartOf":{"@id":"https:\/\/www.boxrepsol.com\/en\/#website"},"primaryImageOfPage":{"@id":"https:\/\/www.boxrepsol.com\/en\/red-bull-air-race-en\/juan-velarde-the-spanish-participant-in-formula-1-in-the-sky\/#primaryimage"},"image":{"@id":"https:\/\/www.boxrepsol.com\/en\/red-bull-air-race-en\/juan-velarde-the-spanish-participant-in-formula-1-in-the-sky\/#primaryimage"},"thumbnailUrl":"https:\/\/bxrepsol.s3.eu-west-1.amazonaws.com\/static\/2018\/02\/12091200\/AD9_Joerg-Mitter-scaled.jpg","datePublished":"2018-02-02T02:00:00+00:00","dateModified":"2023-02-27T09:05:04+00:00","description":"The Repsol rider begins his fifth season in the World Championship of the Red Bull Air Race -a competition in which he took two podiums last year.","breadcrumb":{"@id":"https:\/\/www.boxrepsol.com\/en\/red-bull-air-race-en\/juan-velarde-the-spanish-participant-in-formula-1-in-the-sky\/#breadcrumb"},"inLanguage":"en-US","potentialAction":[{"@type":"ReadAction","target":["https:\/\/www.boxrepsol.com\/en\/red-bull-air-race-en\/juan-velarde-the-spanish-participant-in-formula-1-in-the-sky\/"]}]},{"@type":"ImageObject","inLanguage":"en-US","@id":"https:\/\/www.boxrepsol.com\/en\/red-bull-air-race-en\/juan-velarde-the-spanish-participant-in-formula-1-in-the-sky\/#primaryimage","url":"https:\/\/bxrepsol.s3.eu-west-1.amazonaws.com\/static\/2018\/02\/12091200\/AD9_Joerg-Mitter-scaled.jpg","contentUrl":"https:\/\/bxrepsol.s3.eu-west-1.amazonaws.com\/static\/2018\/02\/12091200\/AD9_Joerg-Mitter-scaled.jpg","width":2560,"height":1706},{"@type":"BreadcrumbList","@id":"https:\/\/www.boxrepsol.com\/en\/red-bull-air-race-en\/juan-velarde-the-spanish-participant-in-formula-1-in-the-sky\/#breadcrumb","itemListElement":[{"@type":"ListItem","position":1,"name":"Home","item":"https:\/\/www.boxrepsol.com\/en\/"},{"@type":"ListItem","position":2,"name":"Juan Velarde: The Spanish participant in \u201cFormula 1 in the sky\u201d"}]},{"@type":"WebSite","@id":"https:\/\/www.boxrepsol.com\/en\/#website","url":"https:\/\/www.boxrepsol.com\/en\/","name":"Box Repsol","description":"Box Repsol Site","publisher":{"@id":"https:\/\/www.boxrepsol.com\/en\/#organization"},"potentialAction":[{"@type":"SearchAction","target":{"@type":"EntryPoint","urlTemplate":"https:\/\/www.boxrepsol.com\/en\/?s={search_term_string}"},"query-input":{"@type":"PropertyValueSpecification","valueRequired":true,"valueName":"search_term_string"}}],"inLanguage":"en-US"},{"@type":"Organization","@id":"https:\/\/www.boxrepsol.com\/en\/#organization","name":"Box Repsol","url":"https:\/\/www.boxrepsol.com\/en\/","logo":{"@type":"ImageObject","inLanguage":"en-US","@id":"https:\/\/www.boxrepsol.com\/en\/#\/schema\/logo\/image\/","url":"https:\/\/bxrepsol.s3.eu-west-1.amazonaws.com\/static\/2025\/07\/30083337\/favicon-96x96-1.png","contentUrl":"https:\/\/bxrepsol.s3.eu-west-1.amazonaws.com\/static\/2025\/07\/30083337\/favicon-96x96-1.png","width":96,"height":96,"caption":"Box Repsol"},"image":{"@id":"https:\/\/www.boxrepsol.com\/en\/#\/schema\/logo\/image\/"},"sameAs":["https:\/\/www.facebook.com\/BoxRepsol","https:\/\/x.com\/box_repsol","http:\/\/instagram.com\/box_repsol","https:\/\/www.youtube.com\/user\/RepsolCompeticion","https:\/\/www.flickr.com\/photos\/box_repsol\/"]},{"@type":"Person","@id":"https:\/\/www.boxrepsol.com\/en\/#\/schema\/person\/d9d0f442a4332c7d099d31ffda4747a0","name":"bx_ayesa","image":{"@type":"ImageObject","inLanguage":"en-US","@id":"https:\/\/secure.gravatar.com\/avatar\/059e1b9d3585083708845ba70e8dd968f143ff35f5e0e10cf2d1e7afe2c6a878?s=96&d=mm&r=g","url":"https:\/\/secure.gravatar.com\/avatar\/059e1b9d3585083708845ba70e8dd968f143ff35f5e0e10cf2d1e7afe2c6a878?s=96&d=mm&r=g","contentUrl":"https:\/\/secure.gravatar.com\/avatar\/059e1b9d3585083708845ba70e8dd968f143ff35f5e0e10cf2d1e7afe2c6a878?s=96&d=mm&r=g","caption":"bx_ayesa"},"sameAs":["http:\/\/54.155.157.200"],"url":"https:\/\/www.boxrepsol.com\/en\/author\/bx_ayesa\/"}]}},"_links":{"self":[{"href":"https:\/\/www.boxrepsol.com\/en\/wp-json\/wp\/v2\/posts\/96744","targetHints":{"allow":["GET"]}}],"collection":[{"href":"https:\/\/www.boxrepsol.com\/en\/wp-json\/wp\/v2\/posts"}],"about":[{"href":"https:\/\/www.boxrepsol.com\/en\/wp-json\/wp\/v2\/types\/post"}],"author":[{"embeddable":true,"href":"https:\/\/www.boxrepsol.com\/en\/wp-json\/wp\/v2\/users\/1"}],"replies":[{"embeddable":true,"href":"https:\/\/www.boxrepsol.com\/en\/wp-json\/wp\/v2\/comments?post=96744"}],"version-history":[{"count":1,"href":"https:\/\/www.boxrepsol.com\/en\/wp-json\/wp\/v2\/posts\/96744\/revisions"}],"predecessor-version":[{"id":96745,"href":"https:\/\/www.boxrepsol.com\/en\/wp-json\/wp\/v2\/posts\/96744\/revisions\/96745"}],"wp:featuredmedia":[{"embeddable":true,"href":"https:\/\/www.boxrepsol.com\/en\/wp-json\/wp\/v2\/media\/47915"}],"wp:attachment":[{"href":"https:\/\/www.boxrepsol.com\/en\/wp-json\/wp\/v2\/media?parent=96744"}],"wp:term":[{"taxonomy":"category","embeddable":true,"href":"https:\/\/www.boxrepsol.com\/en\/wp-json\/wp\/v2\/categories?post=96744"},{"taxonomy":"post_tag","embeddable":true,"href":"https:\/\/www.boxrepsol.com\/en\/wp-json\/wp\/v2\/tags?post=96744"}],"curies":[{"name":"wp","href":"https:\/\/api.w.org\/{rel}","templated":true}]}}