{"id":96558,"date":"2017-09-19T00:00:00","date_gmt":"2017-09-19T02:00:00","guid":{"rendered":"http:\/\/pre.boxrepsol.com\/uncategorized\/marquez-and-pedrosa-head-to-aragon-for-last-challenge-before-flyaway-rounds\/"},"modified":"2023-02-27T07:01:37","modified_gmt":"2023-02-27T09:01:37","slug":"marquez-and-pedrosa-head-to-aragon-for-last-challenge-before-flyaway-rounds","status":"publish","type":"post","link":"https:\/\/www.boxrepsol.com\/en\/motogp-en\/marquez-and-pedrosa-head-to-aragon-for-last-challenge-before-flyaway-rounds\/","title":{"rendered":"M\u00e1rquez and Pedrosa head to Arag\u00f3n for last challenge before flyaway rounds"},"content":{"rendered":"<blockquote>\n<p>I really enjoy going to Arag\u00f3n and I\u2019m looking forward to racing in front of my fan club<\/p>\n<p>            <a href=\"http:\/\/twitter.com\/share?text=I+really+enjoy+going+to+Arag%C3%B3n+and+I%E2%80%99m+looking+forward+to+racing+in+front+of+my+fan+club&#038;url=https%3A%2F%2Fwww.boxrepsol.com%2Fen%2Fmotogp-en%2Faragon-ultimo-reto-marquez-pedrosa-la-gira-asiatica%2F&#038;hashtags=\" target=\"_blank\" rel=\"noopener\"><br \/>\n            twittear        <\/a><\/p>\n<footer>Dani Pedrosa<\/footer>\n<\/blockquote>\n<p>Marc M\u00e1rquez has always taken pole at MotorLand since his MotoGP debut: Four times between 2013 and 2016. He has also earned three victories: One in Moto2 and two in MotoGP.<\/p>\n<p>Dani Pedrosa will look for his second win in Arag\u00f3n, where he has also taken three podiums in the class: In 2010, 2011 and 2015.<\/p>\n<p>M\u00e1rquez has twice achieved a podium finish in all four Spanish races -in 2013 and 2016. This season he has been on the rostrum in the two rounds held so far: The Spanish GP and the Catalan GP.<\/p>\n<p>\t\t\t\t<img decoding=\"async\" src=\"https:\/\/bxrepsol.s3.eu-west-1.amazonaws.com\/static\/2022\/08\/29053433\/AragonJPG.jpg\" alt=\"AragonJPG\" itemprop=\"image\"  \/><\/p>\n<h3>Marc M\u00e1rquez<\/h3>\n<p><em>&#8220;This Championship is amazing, so close! At Misano we returned to the top of the Championship, equal on points with Dovi, and our other title rivals aren\u2019t far away at all. The last five races will be very intense and hard-fought; we must keep working hard. I\u2019m happy to go to Arag\u00f3n this weekend. This is one of my favourite tracks on the calendar, and we\u2019ll try to give 100% in front of our home fans and fight for the victory like we did at Misano. We\u2019ll push from FP1 until the last lap of the race!&#8221;<\/em><\/p>\n<hr \/>\n<h3>Dani Pedrosa<\/h3>\n<p><em>&#8220;It was a disappointing weekend in Misano two weeks ago but we\u2019ve already put it behind us and are looking forward to the next race in Arag\u00f3n. We know that we can be much faster if we are able to have positive practice sessions, finding a good setup for our bike and making the tyres work as best as possible for us. I really enjoy going to Arag\u00f3n and I\u2019m looking forward to racing in front of my fan club and my home crowd. I hope the weather will be kind to us and I can be in the battle for the podium again!&#8221;<\/em><\/p>\n","protected":false},"excerpt":{"rendered":"<p>The Repsol Honda Team face the Arag\u00f3n GP this weekend, a third Spanish round of the season and the last before the decisive triple flyaway.<\/p>\n","protected":false},"author":1,"featured_media":51513,"comment_status":"open","ping_status":"open","sticky":false,"template":"","format":"standard","meta":{"footnotes":""},"categories":[146],"tags":[141],"class_list":["post-96558","post","type-post","status-publish","format-standard","hentry","category-motogp-en","tag-motogp-aragon"],"yoast_head":"<!-- This site is optimized with the Yoast SEO plugin v27.3 - https:\/\/yoast.com\/product\/yoast-seo-wordpress\/ -->\n<title>M\u00e1rquez and Pedrosa head to Arag\u00f3n for last challenge before flyaway rounds - Box Repsol<\/title>\n<meta name=\"description\" content=\"The Repsol Honda Team face the Arag\u00f3n GP this weekend, a third Spanish round of the season and the last before the decisive triple flyaway.\" \/>\n<link rel=\"canonical\" href=\"https:\/\/www.boxrepsol.com\/en\/motogp-en\/marquez-and-pedrosa-head-to-aragon-for-last-challenge-before-flyaway-rounds\/\" \/>\n<meta property=\"og:locale\" content=\"en_US\" \/>\n<meta property=\"og:type\" content=\"article\" \/>\n<meta property=\"og:title\" content=\"M\u00e1rquez and Pedrosa head to Arag\u00f3n for last challenge before flyaway rounds - Box Repsol\" \/>\n<meta property=\"og:description\" content=\"The Repsol Honda Team face the Arag\u00f3n GP this weekend, a third Spanish round of the season and the last before the decisive triple flyaway.\" \/>\n<meta property=\"og:url\" content=\"https:\/\/www.boxrepsol.com\/en\/motogp-en\/marquez-and-pedrosa-head-to-aragon-for-last-challenge-before-flyaway-rounds\/\" \/>\n<meta property=\"og:site_name\" content=\"Box Repsol\" \/>\n<meta property=\"article:publisher\" content=\"https:\/\/www.facebook.com\/BoxRepsol\" \/>\n<meta property=\"article:published_time\" content=\"2017-09-19T02:00:00+00:00\" \/>\n<meta property=\"article:modified_time\" content=\"2023-02-27T09:01:37+00:00\" \/>\n<meta property=\"og:image\" content=\"https:\/\/bxrepsol.s3.eu-west-1.amazonaws.com\/static\/2022\/08\/29053434\/00_dani_pedrosa_motorland_aragon_repsol_honda_motogp_samurai_26.jpg\" \/>\n\t<meta property=\"og:image:width\" content=\"995\" \/>\n\t<meta property=\"og:image:height\" content=\"560\" \/>\n\t<meta property=\"og:image:type\" content=\"image\/jpeg\" \/>\n<meta name=\"author\" content=\"bx_ayesa\" \/>\n<meta name=\"twitter:card\" content=\"summary_large_image\" \/>\n<meta name=\"twitter:creator\" content=\"@box_repsol\" \/>\n<meta name=\"twitter:site\" content=\"@box_repsol\" \/>\n<meta name=\"twitter:label1\" content=\"Written by\" \/>\n\t<meta name=\"twitter:data1\" content=\"bx_ayesa\" \/>\n\t<meta name=\"twitter:label2\" content=\"Est. reading time\" \/>\n\t<meta name=\"twitter:data2\" content=\"2 minutes\" \/>\n<script type=\"application\/ld+json\" class=\"yoast-schema-graph\">{\"@context\":\"https:\\\/\\\/schema.org\",\"@graph\":[{\"@type\":\"Article\",\"@id\":\"https:\\\/\\\/www.boxrepsol.com\\\/en\\\/motogp-en\\\/marquez-and-pedrosa-head-to-aragon-for-last-challenge-before-flyaway-rounds\\\/#article\",\"isPartOf\":{\"@id\":\"https:\\\/\\\/www.boxrepsol.com\\\/en\\\/motogp-en\\\/marquez-and-pedrosa-head-to-aragon-for-last-challenge-before-flyaway-rounds\\\/\"},\"author\":{\"name\":\"bx_ayesa\",\"@id\":\"https:\\\/\\\/www.boxrepsol.com\\\/en\\\/#\\\/schema\\\/person\\\/d9d0f442a4332c7d099d31ffda4747a0\"},\"headline\":\"M\u00e1rquez and Pedrosa head to Arag\u00f3n for last challenge before flyaway rounds\",\"datePublished\":\"2017-09-19T02:00:00+00:00\",\"dateModified\":\"2023-02-27T09:01:37+00:00\",\"mainEntityOfPage\":{\"@id\":\"https:\\\/\\\/www.boxrepsol.com\\\/en\\\/motogp-en\\\/marquez-and-pedrosa-head-to-aragon-for-last-challenge-before-flyaway-rounds\\\/\"},\"wordCount\":341,\"commentCount\":0,\"publisher\":{\"@id\":\"https:\\\/\\\/www.boxrepsol.com\\\/en\\\/#organization\"},\"image\":{\"@id\":\"https:\\\/\\\/www.boxrepsol.com\\\/en\\\/motogp-en\\\/marquez-and-pedrosa-head-to-aragon-for-last-challenge-before-flyaway-rounds\\\/#primaryimage\"},\"thumbnailUrl\":\"https:\\\/\\\/bxrepsol.s3.eu-west-1.amazonaws.com\\\/static\\\/2022\\\/08\\\/29053434\\\/00_dani_pedrosa_motorland_aragon_repsol_honda_motogp_samurai_26.jpg\",\"keywords\":[\"MotoGP Arag\u00f3n\"],\"articleSection\":[\"MotoGP\"],\"inLanguage\":\"en-US\",\"potentialAction\":[{\"@type\":\"CommentAction\",\"name\":\"Comment\",\"target\":[\"https:\\\/\\\/www.boxrepsol.com\\\/en\\\/motogp-en\\\/marquez-and-pedrosa-head-to-aragon-for-last-challenge-before-flyaway-rounds\\\/#respond\"]}]},{\"@type\":\"WebPage\",\"@id\":\"https:\\\/\\\/www.boxrepsol.com\\\/en\\\/motogp-en\\\/marquez-and-pedrosa-head-to-aragon-for-last-challenge-before-flyaway-rounds\\\/\",\"url\":\"https:\\\/\\\/www.boxrepsol.com\\\/en\\\/motogp-en\\\/marquez-and-pedrosa-head-to-aragon-for-last-challenge-before-flyaway-rounds\\\/\",\"name\":\"M\u00e1rquez and Pedrosa head to Arag\u00f3n for last challenge before flyaway rounds - Box Repsol\",\"isPartOf\":{\"@id\":\"https:\\\/\\\/www.boxrepsol.com\\\/en\\\/#website\"},\"primaryImageOfPage\":{\"@id\":\"https:\\\/\\\/www.boxrepsol.com\\\/en\\\/motogp-en\\\/marquez-and-pedrosa-head-to-aragon-for-last-challenge-before-flyaway-rounds\\\/#primaryimage\"},\"image\":{\"@id\":\"https:\\\/\\\/www.boxrepsol.com\\\/en\\\/motogp-en\\\/marquez-and-pedrosa-head-to-aragon-for-last-challenge-before-flyaway-rounds\\\/#primaryimage\"},\"thumbnailUrl\":\"https:\\\/\\\/bxrepsol.s3.eu-west-1.amazonaws.com\\\/static\\\/2022\\\/08\\\/29053434\\\/00_dani_pedrosa_motorland_aragon_repsol_honda_motogp_samurai_26.jpg\",\"datePublished\":\"2017-09-19T02:00:00+00:00\",\"dateModified\":\"2023-02-27T09:01:37+00:00\",\"description\":\"The Repsol Honda Team face the Arag\u00f3n GP this weekend, a third Spanish round of the season and the last before the decisive triple flyaway.\",\"breadcrumb\":{\"@id\":\"https:\\\/\\\/www.boxrepsol.com\\\/en\\\/motogp-en\\\/marquez-and-pedrosa-head-to-aragon-for-last-challenge-before-flyaway-rounds\\\/#breadcrumb\"},\"inLanguage\":\"en-US\",\"potentialAction\":[{\"@type\":\"ReadAction\",\"target\":[\"https:\\\/\\\/www.boxrepsol.com\\\/en\\\/motogp-en\\\/marquez-and-pedrosa-head-to-aragon-for-last-challenge-before-flyaway-rounds\\\/\"]}]},{\"@type\":\"ImageObject\",\"inLanguage\":\"en-US\",\"@id\":\"https:\\\/\\\/www.boxrepsol.com\\\/en\\\/motogp-en\\\/marquez-and-pedrosa-head-to-aragon-for-last-challenge-before-flyaway-rounds\\\/#primaryimage\",\"url\":\"https:\\\/\\\/bxrepsol.s3.eu-west-1.amazonaws.com\\\/static\\\/2022\\\/08\\\/29053434\\\/00_dani_pedrosa_motorland_aragon_repsol_honda_motogp_samurai_26.jpg\",\"contentUrl\":\"https:\\\/\\\/bxrepsol.s3.eu-west-1.amazonaws.com\\\/static\\\/2022\\\/08\\\/29053434\\\/00_dani_pedrosa_motorland_aragon_repsol_honda_motogp_samurai_26.jpg\",\"width\":995,\"height\":560,\"caption\":\"Dani Pedrosa en MotorLand\"},{\"@type\":\"BreadcrumbList\",\"@id\":\"https:\\\/\\\/www.boxrepsol.com\\\/en\\\/motogp-en\\\/marquez-and-pedrosa-head-to-aragon-for-last-challenge-before-flyaway-rounds\\\/#breadcrumb\",\"itemListElement\":[{\"@type\":\"ListItem\",\"position\":1,\"name\":\"Home\",\"item\":\"https:\\\/\\\/www.boxrepsol.com\\\/en\\\/\"},{\"@type\":\"ListItem\",\"position\":2,\"name\":\"M\u00e1rquez and Pedrosa head to Arag\u00f3n for last challenge before flyaway rounds\"}]},{\"@type\":\"WebSite\",\"@id\":\"https:\\\/\\\/www.boxrepsol.com\\\/en\\\/#website\",\"url\":\"https:\\\/\\\/www.boxrepsol.com\\\/en\\\/\",\"name\":\"Box Repsol\",\"description\":\"Box Repsol Site\",\"publisher\":{\"@id\":\"https:\\\/\\\/www.boxrepsol.com\\\/en\\\/#organization\"},\"potentialAction\":[{\"@type\":\"SearchAction\",\"target\":{\"@type\":\"EntryPoint\",\"urlTemplate\":\"https:\\\/\\\/www.boxrepsol.com\\\/en\\\/?s={search_term_string}\"},\"query-input\":{\"@type\":\"PropertyValueSpecification\",\"valueRequired\":true,\"valueName\":\"search_term_string\"}}],\"inLanguage\":\"en-US\"},{\"@type\":\"Organization\",\"@id\":\"https:\\\/\\\/www.boxrepsol.com\\\/en\\\/#organization\",\"name\":\"Box Repsol\",\"url\":\"https:\\\/\\\/www.boxrepsol.com\\\/en\\\/\",\"logo\":{\"@type\":\"ImageObject\",\"inLanguage\":\"en-US\",\"@id\":\"https:\\\/\\\/www.boxrepsol.com\\\/en\\\/#\\\/schema\\\/logo\\\/image\\\/\",\"url\":\"https:\\\/\\\/bxrepsol.s3.eu-west-1.amazonaws.com\\\/static\\\/2025\\\/07\\\/30083337\\\/favicon-96x96-1.png\",\"contentUrl\":\"https:\\\/\\\/bxrepsol.s3.eu-west-1.amazonaws.com\\\/static\\\/2025\\\/07\\\/30083337\\\/favicon-96x96-1.png\",\"width\":96,\"height\":96,\"caption\":\"Box Repsol\"},\"image\":{\"@id\":\"https:\\\/\\\/www.boxrepsol.com\\\/en\\\/#\\\/schema\\\/logo\\\/image\\\/\"},\"sameAs\":[\"https:\\\/\\\/www.facebook.com\\\/BoxRepsol\",\"https:\\\/\\\/x.com\\\/box_repsol\",\"http:\\\/\\\/instagram.com\\\/box_repsol\",\"https:\\\/\\\/www.youtube.com\\\/user\\\/RepsolCompeticion\",\"https:\\\/\\\/www.flickr.com\\\/photos\\\/box_repsol\\\/\"]},{\"@type\":\"Person\",\"@id\":\"https:\\\/\\\/www.boxrepsol.com\\\/en\\\/#\\\/schema\\\/person\\\/d9d0f442a4332c7d099d31ffda4747a0\",\"name\":\"bx_ayesa\",\"image\":{\"@type\":\"ImageObject\",\"inLanguage\":\"en-US\",\"@id\":\"https:\\\/\\\/secure.gravatar.com\\\/avatar\\\/059e1b9d3585083708845ba70e8dd968f143ff35f5e0e10cf2d1e7afe2c6a878?s=96&d=mm&r=g\",\"url\":\"https:\\\/\\\/secure.gravatar.com\\\/avatar\\\/059e1b9d3585083708845ba70e8dd968f143ff35f5e0e10cf2d1e7afe2c6a878?s=96&d=mm&r=g\",\"contentUrl\":\"https:\\\/\\\/secure.gravatar.com\\\/avatar\\\/059e1b9d3585083708845ba70e8dd968f143ff35f5e0e10cf2d1e7afe2c6a878?s=96&d=mm&r=g\",\"caption\":\"bx_ayesa\"},\"sameAs\":[\"http:\\\/\\\/54.155.157.200\"],\"url\":\"https:\\\/\\\/www.boxrepsol.com\\\/en\\\/author\\\/bx_ayesa\\\/\"}]}<\/script>\n<!-- \/ Yoast SEO plugin. -->","yoast_head_json":{"title":"M\u00e1rquez and Pedrosa head to Arag\u00f3n for last challenge before flyaway rounds - Box Repsol","description":"The Repsol Honda Team face the Arag\u00f3n GP this weekend, a third Spanish round of the season and the last before the decisive triple flyaway.","canonical":"https:\/\/www.boxrepsol.com\/en\/motogp-en\/marquez-and-pedrosa-head-to-aragon-for-last-challenge-before-flyaway-rounds\/","og_locale":"en_US","og_type":"article","og_title":"M\u00e1rquez and Pedrosa head to Arag\u00f3n for last challenge before flyaway rounds - Box Repsol","og_description":"The Repsol Honda Team face the Arag\u00f3n GP this weekend, a third Spanish round of the season and the last before the decisive triple flyaway.","og_url":"https:\/\/www.boxrepsol.com\/en\/motogp-en\/marquez-and-pedrosa-head-to-aragon-for-last-challenge-before-flyaway-rounds\/","og_site_name":"Box Repsol","article_publisher":"https:\/\/www.facebook.com\/BoxRepsol","article_published_time":"2017-09-19T02:00:00+00:00","article_modified_time":"2023-02-27T09:01:37+00:00","og_image":[{"width":995,"height":560,"url":"https:\/\/bxrepsol.s3.eu-west-1.amazonaws.com\/static\/2022\/08\/29053434\/00_dani_pedrosa_motorland_aragon_repsol_honda_motogp_samurai_26.jpg","type":"image\/jpeg"}],"author":"bx_ayesa","twitter_card":"summary_large_image","twitter_creator":"@box_repsol","twitter_site":"@box_repsol","twitter_misc":{"Written by":"bx_ayesa","Est. reading time":"2 minutes"},"schema":{"@context":"https:\/\/schema.org","@graph":[{"@type":"Article","@id":"https:\/\/www.boxrepsol.com\/en\/motogp-en\/marquez-and-pedrosa-head-to-aragon-for-last-challenge-before-flyaway-rounds\/#article","isPartOf":{"@id":"https:\/\/www.boxrepsol.com\/en\/motogp-en\/marquez-and-pedrosa-head-to-aragon-for-last-challenge-before-flyaway-rounds\/"},"author":{"name":"bx_ayesa","@id":"https:\/\/www.boxrepsol.com\/en\/#\/schema\/person\/d9d0f442a4332c7d099d31ffda4747a0"},"headline":"M\u00e1rquez and Pedrosa head to Arag\u00f3n for last challenge before flyaway rounds","datePublished":"2017-09-19T02:00:00+00:00","dateModified":"2023-02-27T09:01:37+00:00","mainEntityOfPage":{"@id":"https:\/\/www.boxrepsol.com\/en\/motogp-en\/marquez-and-pedrosa-head-to-aragon-for-last-challenge-before-flyaway-rounds\/"},"wordCount":341,"commentCount":0,"publisher":{"@id":"https:\/\/www.boxrepsol.com\/en\/#organization"},"image":{"@id":"https:\/\/www.boxrepsol.com\/en\/motogp-en\/marquez-and-pedrosa-head-to-aragon-for-last-challenge-before-flyaway-rounds\/#primaryimage"},"thumbnailUrl":"https:\/\/bxrepsol.s3.eu-west-1.amazonaws.com\/static\/2022\/08\/29053434\/00_dani_pedrosa_motorland_aragon_repsol_honda_motogp_samurai_26.jpg","keywords":["MotoGP Arag\u00f3n"],"articleSection":["MotoGP"],"inLanguage":"en-US","potentialAction":[{"@type":"CommentAction","name":"Comment","target":["https:\/\/www.boxrepsol.com\/en\/motogp-en\/marquez-and-pedrosa-head-to-aragon-for-last-challenge-before-flyaway-rounds\/#respond"]}]},{"@type":"WebPage","@id":"https:\/\/www.boxrepsol.com\/en\/motogp-en\/marquez-and-pedrosa-head-to-aragon-for-last-challenge-before-flyaway-rounds\/","url":"https:\/\/www.boxrepsol.com\/en\/motogp-en\/marquez-and-pedrosa-head-to-aragon-for-last-challenge-before-flyaway-rounds\/","name":"M\u00e1rquez and Pedrosa head to Arag\u00f3n for last challenge before flyaway rounds - Box Repsol","isPartOf":{"@id":"https:\/\/www.boxrepsol.com\/en\/#website"},"primaryImageOfPage":{"@id":"https:\/\/www.boxrepsol.com\/en\/motogp-en\/marquez-and-pedrosa-head-to-aragon-for-last-challenge-before-flyaway-rounds\/#primaryimage"},"image":{"@id":"https:\/\/www.boxrepsol.com\/en\/motogp-en\/marquez-and-pedrosa-head-to-aragon-for-last-challenge-before-flyaway-rounds\/#primaryimage"},"thumbnailUrl":"https:\/\/bxrepsol.s3.eu-west-1.amazonaws.com\/static\/2022\/08\/29053434\/00_dani_pedrosa_motorland_aragon_repsol_honda_motogp_samurai_26.jpg","datePublished":"2017-09-19T02:00:00+00:00","dateModified":"2023-02-27T09:01:37+00:00","description":"The Repsol Honda Team face the Arag\u00f3n GP this weekend, a third Spanish round of the season and the last before the decisive triple flyaway.","breadcrumb":{"@id":"https:\/\/www.boxrepsol.com\/en\/motogp-en\/marquez-and-pedrosa-head-to-aragon-for-last-challenge-before-flyaway-rounds\/#breadcrumb"},"inLanguage":"en-US","potentialAction":[{"@type":"ReadAction","target":["https:\/\/www.boxrepsol.com\/en\/motogp-en\/marquez-and-pedrosa-head-to-aragon-for-last-challenge-before-flyaway-rounds\/"]}]},{"@type":"ImageObject","inLanguage":"en-US","@id":"https:\/\/www.boxrepsol.com\/en\/motogp-en\/marquez-and-pedrosa-head-to-aragon-for-last-challenge-before-flyaway-rounds\/#primaryimage","url":"https:\/\/bxrepsol.s3.eu-west-1.amazonaws.com\/static\/2022\/08\/29053434\/00_dani_pedrosa_motorland_aragon_repsol_honda_motogp_samurai_26.jpg","contentUrl":"https:\/\/bxrepsol.s3.eu-west-1.amazonaws.com\/static\/2022\/08\/29053434\/00_dani_pedrosa_motorland_aragon_repsol_honda_motogp_samurai_26.jpg","width":995,"height":560,"caption":"Dani Pedrosa en MotorLand"},{"@type":"BreadcrumbList","@id":"https:\/\/www.boxrepsol.com\/en\/motogp-en\/marquez-and-pedrosa-head-to-aragon-for-last-challenge-before-flyaway-rounds\/#breadcrumb","itemListElement":[{"@type":"ListItem","position":1,"name":"Home","item":"https:\/\/www.boxrepsol.com\/en\/"},{"@type":"ListItem","position":2,"name":"M\u00e1rquez and Pedrosa head to Arag\u00f3n for last challenge before flyaway rounds"}]},{"@type":"WebSite","@id":"https:\/\/www.boxrepsol.com\/en\/#website","url":"https:\/\/www.boxrepsol.com\/en\/","name":"Box Repsol","description":"Box Repsol Site","publisher":{"@id":"https:\/\/www.boxrepsol.com\/en\/#organization"},"potentialAction":[{"@type":"SearchAction","target":{"@type":"EntryPoint","urlTemplate":"https:\/\/www.boxrepsol.com\/en\/?s={search_term_string}"},"query-input":{"@type":"PropertyValueSpecification","valueRequired":true,"valueName":"search_term_string"}}],"inLanguage":"en-US"},{"@type":"Organization","@id":"https:\/\/www.boxrepsol.com\/en\/#organization","name":"Box Repsol","url":"https:\/\/www.boxrepsol.com\/en\/","logo":{"@type":"ImageObject","inLanguage":"en-US","@id":"https:\/\/www.boxrepsol.com\/en\/#\/schema\/logo\/image\/","url":"https:\/\/bxrepsol.s3.eu-west-1.amazonaws.com\/static\/2025\/07\/30083337\/favicon-96x96-1.png","contentUrl":"https:\/\/bxrepsol.s3.eu-west-1.amazonaws.com\/static\/2025\/07\/30083337\/favicon-96x96-1.png","width":96,"height":96,"caption":"Box Repsol"},"image":{"@id":"https:\/\/www.boxrepsol.com\/en\/#\/schema\/logo\/image\/"},"sameAs":["https:\/\/www.facebook.com\/BoxRepsol","https:\/\/x.com\/box_repsol","http:\/\/instagram.com\/box_repsol","https:\/\/www.youtube.com\/user\/RepsolCompeticion","https:\/\/www.flickr.com\/photos\/box_repsol\/"]},{"@type":"Person","@id":"https:\/\/www.boxrepsol.com\/en\/#\/schema\/person\/d9d0f442a4332c7d099d31ffda4747a0","name":"bx_ayesa","image":{"@type":"ImageObject","inLanguage":"en-US","@id":"https:\/\/secure.gravatar.com\/avatar\/059e1b9d3585083708845ba70e8dd968f143ff35f5e0e10cf2d1e7afe2c6a878?s=96&d=mm&r=g","url":"https:\/\/secure.gravatar.com\/avatar\/059e1b9d3585083708845ba70e8dd968f143ff35f5e0e10cf2d1e7afe2c6a878?s=96&d=mm&r=g","contentUrl":"https:\/\/secure.gravatar.com\/avatar\/059e1b9d3585083708845ba70e8dd968f143ff35f5e0e10cf2d1e7afe2c6a878?s=96&d=mm&r=g","caption":"bx_ayesa"},"sameAs":["http:\/\/54.155.157.200"],"url":"https:\/\/www.boxrepsol.com\/en\/author\/bx_ayesa\/"}]}},"_links":{"self":[{"href":"https:\/\/www.boxrepsol.com\/en\/wp-json\/wp\/v2\/posts\/96558","targetHints":{"allow":["GET"]}}],"collection":[{"href":"https:\/\/www.boxrepsol.com\/en\/wp-json\/wp\/v2\/posts"}],"about":[{"href":"https:\/\/www.boxrepsol.com\/en\/wp-json\/wp\/v2\/types\/post"}],"author":[{"embeddable":true,"href":"https:\/\/www.boxrepsol.com\/en\/wp-json\/wp\/v2\/users\/1"}],"replies":[{"embeddable":true,"href":"https:\/\/www.boxrepsol.com\/en\/wp-json\/wp\/v2\/comments?post=96558"}],"version-history":[{"count":1,"href":"https:\/\/www.boxrepsol.com\/en\/wp-json\/wp\/v2\/posts\/96558\/revisions"}],"predecessor-version":[{"id":96559,"href":"https:\/\/www.boxrepsol.com\/en\/wp-json\/wp\/v2\/posts\/96558\/revisions\/96559"}],"wp:featuredmedia":[{"embeddable":true,"href":"https:\/\/www.boxrepsol.com\/en\/wp-json\/wp\/v2\/media\/51513"}],"wp:attachment":[{"href":"https:\/\/www.boxrepsol.com\/en\/wp-json\/wp\/v2\/media?parent=96558"}],"wp:term":[{"taxonomy":"category","embeddable":true,"href":"https:\/\/www.boxrepsol.com\/en\/wp-json\/wp\/v2\/categories?post=96558"},{"taxonomy":"post_tag","embeddable":true,"href":"https:\/\/www.boxrepsol.com\/en\/wp-json\/wp\/v2\/tags?post=96558"}],"curies":[{"name":"wp","href":"https:\/\/api.w.org\/{rel}","templated":true}]}}