{"id":95975,"date":"2016-06-07T00:00:00","date_gmt":"2016-06-07T02:00:00","guid":{"rendered":"http:\/\/pre.boxrepsol.com\/uncategorized\/repsol-honda-follow-up-catalunya-gp-weekend-with-one-day-test\/"},"modified":"2023-02-27T06:51:22","modified_gmt":"2023-02-27T08:51:22","slug":"repsol-honda-follow-up-catalunya-gp-weekend-with-one-day-test","status":"publish","type":"post","link":"https:\/\/www.boxrepsol.com\/en\/motogp-en\/repsol-honda-follow-up-catalunya-gp-weekend-with-one-day-test\/","title":{"rendered":"Repsol Honda follow up Catalunya GP weekend with one-day test"},"content":{"rendered":"<blockquote><p>M\u00e1rquez ha encontrado algunos puntos positivos y ha obtenido numerosa informaci\u00f3n #TestMontmel\u00f3<\/p>\n<p><a href=\"http:\/\/twitter.com\/share?text=M%C3%A1rquez+ha+encontrado+algunos+puntos+positivos+y+ha+obtenido+numerosa+informaci%C3%B3n+%23TestMontmel%C3%B3+&amp;url=http%3A%2F%2F34.249.211.158%2Fes%2Fmotogp%2Fel-equipo-repsol-honda-concluye-los-entrenamientos-en-montmelo%2F&amp;hashtags=\" target=\"_blank\" rel=\"noopener\"><br \/>\ntwittear <\/a><\/p><\/blockquote>\n<p>Los dos pilotos del Equipo Repsol Honda han completado un programa de pruebas similar en el Circuit de Barcelona-Catalunya, que <strong>ha incluido reglajes de la electr\u00f3nica para mejorar la entrega de potencia en la salida de las curvas<\/strong>, un nuevo chasis y un nuevo escape. M\u00e1rquez ha encontrado algunos <strong>puntos positivos<\/strong> y ha obtenido numerosa informaci\u00f3n que cree que los ingenieros de HRC podr\u00e1n aprovechar para las siguientes carreras. Su compa\u00f1ero en el equipo Repsol Honda, Dani Pedrosa, que ya prob\u00f3 durante el fin de semana el nuevo chasis y corri\u00f3 con \u00e9l, ha seguido realizando algunas comparaciones en sus pruebas.<\/p>\n<p>Los dos pilotos han sufrido peque\u00f1as ca\u00eddas, Pedrosa en la curva 2 alrededor de las 13.30 horas, y M\u00e1rquez m\u00e1s tarde en la curva 5. Ninguna de las dos ca\u00eddas ha provocado consecuencias f\u00edsicas en los pilotos, pero no les han permitido completar el plan de pruebas de neum\u00e1ticos traseros previsto por Michelin.<\/p>\n<p>Marc M\u00e1rquez ha marcado el octavo mejor tiempo del d\u00eda \u20131 minuto, 45 segundos y 29 mil\u00e9simas en la vuelta 42 de las 77 que ha completado. Su compa\u00f1ero Dani Pedrosa ha marcado el d\u00e9cimo mejor tiempo \u20131 minuto, 45 segundos y 379 mil\u00e9simas- en la vuelta 21 de las 39 que ha dado.<\/p>\n<p><img decoding=\"async\" src=\"https:\/\/bxrepsol.s3.eu-west-1.amazonaws.com\/static\/2022\/08\/29044614\/24-marc-marquez-motogp-scaled.jpg\" alt=\"24-marc-marquez-motogp\" \/><\/p>\n<p><strong>Marc M\u00e1rquez 8\u00ba 1:45.029 77 vueltas 358 km<br \/>\n<\/strong><\/p>\n<p>&#8220;He probado bastantes cosas, entre ellas un chasis y algunas soluciones electr\u00f3nicas y, en general, hemos dado alg\u00fan peque\u00f1o paso adelante. En un test siempre se obtiene mucha informaci\u00f3n de cara a poder seguir avanzando en el futuro. Con lo que hemos aprendido aqu\u00ed, Honda podr\u00e1 analizarlo y aplicarlo en el nuevo chasis. El que he probado va mejor en algunos puntos, pero en otros no se adapta del todo a mi estilo, as\u00ed que tendremos que seguir trabajando en el futuro. Ahora vienen dos carreras en las que siempre me he sentido muy c\u00f3modo, as\u00ed que soy optimista en este sentido. Adem\u00e1s, hay dos semanas entre cada una de ellas y entre medio hay tiempo para buscar m\u00e1s mejoras&#8221;.<\/p>\n<p><strong>Dani Pedrosa 10\u00ba 1:45.379 39 vueltas 181 km<\/strong><\/p>\n<p>&#8220;Hemos estado probando varias cosas, especialmente del chasis, y tambi\u00e9n alguna configuraci\u00f3n de la electr\u00f3nica y del motor, para mejorar la salida de las curvas. Algunas pruebas han ido bien y otras no tanto, pero nos ayudan a tener m\u00e1s ideas de cara al futuro, porque hemos tenido alguna experiencia positiva. Intentaremos seguir trabajando de cara al futuro, primero pensando a corto plazo en la pr\u00f3xima carrera en Assen. All\u00ed intentaremos utilizar algunas de las ideas que nos llevamos de los entrenamientos,\u00a0 para ver si tambi\u00e9n son positivas tanto en ese trazado como en los siguientes. Desafortunadamente he tenido una ca\u00edda a mediod\u00eda, con lo que s\u00f3lo he podido seguir con una moto y no he podido hacer muchas m\u00e1s vueltas&#8221;.<\/p>\n","protected":false},"excerpt":{"rendered":"<p>Following yesterday\u2019s double podium finish, Championship leader Marc Marquez and teammate Dani Pedrosa were back on track today for a one-day official post-race test<\/p>\n","protected":false},"author":1,"featured_media":48774,"comment_status":"open","ping_status":"open","sticky":false,"template":"","format":"standard","meta":{"footnotes":""},"categories":[146],"tags":[281,8],"class_list":["post-95975","post","type-post","status-publish","format-standard","hentry","category-motogp-en","tag-equipo-repsol-honda-en","tag-repsol-honda-team"],"yoast_head":"<!-- This site is optimized with the Yoast SEO plugin v27.3 - https:\/\/yoast.com\/product\/yoast-seo-wordpress\/ -->\n<title>Repsol Honda follow up Catalunya GP weekend with one-day test - Box Repsol<\/title>\n<meta name=\"description\" content=\"Following yesterday\u2019s double podium finish, Championship leader Marc Marquez and teammate Dani Pedrosa were back on track...\" \/>\n<link rel=\"canonical\" href=\"https:\/\/www.boxrepsol.com\/en\/motogp-en\/repsol-honda-follow-up-catalunya-gp-weekend-with-one-day-test\/\" \/>\n<meta property=\"og:locale\" content=\"en_US\" \/>\n<meta property=\"og:type\" content=\"article\" \/>\n<meta property=\"og:title\" content=\"Repsol Honda follow up Catalunya GP weekend with one-day test - Box Repsol\" \/>\n<meta property=\"og:description\" content=\"Following yesterday\u2019s double podium finish, Championship leader Marc Marquez and teammate Dani Pedrosa were back on track...\" \/>\n<meta property=\"og:url\" content=\"https:\/\/www.boxrepsol.com\/en\/motogp-en\/repsol-honda-follow-up-catalunya-gp-weekend-with-one-day-test\/\" \/>\n<meta property=\"og:site_name\" content=\"Box Repsol\" \/>\n<meta property=\"article:publisher\" content=\"https:\/\/www.facebook.com\/BoxRepsol\" \/>\n<meta property=\"article:published_time\" content=\"2016-06-07T02:00:00+00:00\" \/>\n<meta property=\"article:modified_time\" content=\"2023-02-27T08:51:22+00:00\" \/>\n<meta property=\"og:image\" content=\"https:\/\/bxrepsol.s3.eu-west-1.amazonaws.com\/static\/2022\/08\/29044619\/23-marc-marquez-repsol-honda-box-repsol.jpg\" \/>\n\t<meta property=\"og:image:width\" content=\"1024\" \/>\n\t<meta property=\"og:image:height\" content=\"429\" \/>\n\t<meta property=\"og:image:type\" content=\"image\/jpeg\" \/>\n<meta name=\"author\" content=\"bx_ayesa\" \/>\n<meta name=\"twitter:card\" content=\"summary_large_image\" \/>\n<meta name=\"twitter:creator\" content=\"@box_repsol\" \/>\n<meta name=\"twitter:site\" content=\"@box_repsol\" \/>\n<meta name=\"twitter:label1\" content=\"Written by\" \/>\n\t<meta name=\"twitter:data1\" content=\"bx_ayesa\" \/>\n\t<meta name=\"twitter:label2\" content=\"Est. reading time\" \/>\n\t<meta name=\"twitter:data2\" content=\"2 minutes\" \/>\n<script type=\"application\/ld+json\" class=\"yoast-schema-graph\">{\"@context\":\"https:\\\/\\\/schema.org\",\"@graph\":[{\"@type\":\"Article\",\"@id\":\"https:\\\/\\\/www.boxrepsol.com\\\/en\\\/motogp-en\\\/repsol-honda-follow-up-catalunya-gp-weekend-with-one-day-test\\\/#article\",\"isPartOf\":{\"@id\":\"https:\\\/\\\/www.boxrepsol.com\\\/en\\\/motogp-en\\\/repsol-honda-follow-up-catalunya-gp-weekend-with-one-day-test\\\/\"},\"author\":{\"name\":\"bx_ayesa\",\"@id\":\"https:\\\/\\\/www.boxrepsol.com\\\/en\\\/#\\\/schema\\\/person\\\/d9d0f442a4332c7d099d31ffda4747a0\"},\"headline\":\"Repsol Honda follow up Catalunya GP weekend with one-day test\",\"datePublished\":\"2016-06-07T02:00:00+00:00\",\"dateModified\":\"2023-02-27T08:51:22+00:00\",\"mainEntityOfPage\":{\"@id\":\"https:\\\/\\\/www.boxrepsol.com\\\/en\\\/motogp-en\\\/repsol-honda-follow-up-catalunya-gp-weekend-with-one-day-test\\\/\"},\"wordCount\":505,\"commentCount\":0,\"publisher\":{\"@id\":\"https:\\\/\\\/www.boxrepsol.com\\\/en\\\/#organization\"},\"image\":{\"@id\":\"https:\\\/\\\/www.boxrepsol.com\\\/en\\\/motogp-en\\\/repsol-honda-follow-up-catalunya-gp-weekend-with-one-day-test\\\/#primaryimage\"},\"thumbnailUrl\":\"https:\\\/\\\/bxrepsol.s3.eu-west-1.amazonaws.com\\\/static\\\/2022\\\/08\\\/29044619\\\/23-marc-marquez-repsol-honda-box-repsol.jpg\",\"keywords\":[\"Equipo Repsol Honda\",\"Repsol Honda Team\"],\"articleSection\":[\"MotoGP\"],\"inLanguage\":\"en-US\",\"potentialAction\":[{\"@type\":\"CommentAction\",\"name\":\"Comment\",\"target\":[\"https:\\\/\\\/www.boxrepsol.com\\\/en\\\/motogp-en\\\/repsol-honda-follow-up-catalunya-gp-weekend-with-one-day-test\\\/#respond\"]}]},{\"@type\":\"WebPage\",\"@id\":\"https:\\\/\\\/www.boxrepsol.com\\\/en\\\/motogp-en\\\/repsol-honda-follow-up-catalunya-gp-weekend-with-one-day-test\\\/\",\"url\":\"https:\\\/\\\/www.boxrepsol.com\\\/en\\\/motogp-en\\\/repsol-honda-follow-up-catalunya-gp-weekend-with-one-day-test\\\/\",\"name\":\"Repsol Honda follow up Catalunya GP weekend with one-day test - Box Repsol\",\"isPartOf\":{\"@id\":\"https:\\\/\\\/www.boxrepsol.com\\\/en\\\/#website\"},\"primaryImageOfPage\":{\"@id\":\"https:\\\/\\\/www.boxrepsol.com\\\/en\\\/motogp-en\\\/repsol-honda-follow-up-catalunya-gp-weekend-with-one-day-test\\\/#primaryimage\"},\"image\":{\"@id\":\"https:\\\/\\\/www.boxrepsol.com\\\/en\\\/motogp-en\\\/repsol-honda-follow-up-catalunya-gp-weekend-with-one-day-test\\\/#primaryimage\"},\"thumbnailUrl\":\"https:\\\/\\\/bxrepsol.s3.eu-west-1.amazonaws.com\\\/static\\\/2022\\\/08\\\/29044619\\\/23-marc-marquez-repsol-honda-box-repsol.jpg\",\"datePublished\":\"2016-06-07T02:00:00+00:00\",\"dateModified\":\"2023-02-27T08:51:22+00:00\",\"description\":\"Following yesterday\u2019s double podium finish, Championship leader Marc Marquez and teammate Dani Pedrosa were back on track...\",\"breadcrumb\":{\"@id\":\"https:\\\/\\\/www.boxrepsol.com\\\/en\\\/motogp-en\\\/repsol-honda-follow-up-catalunya-gp-weekend-with-one-day-test\\\/#breadcrumb\"},\"inLanguage\":\"en-US\",\"potentialAction\":[{\"@type\":\"ReadAction\",\"target\":[\"https:\\\/\\\/www.boxrepsol.com\\\/en\\\/motogp-en\\\/repsol-honda-follow-up-catalunya-gp-weekend-with-one-day-test\\\/\"]}]},{\"@type\":\"ImageObject\",\"inLanguage\":\"en-US\",\"@id\":\"https:\\\/\\\/www.boxrepsol.com\\\/en\\\/motogp-en\\\/repsol-honda-follow-up-catalunya-gp-weekend-with-one-day-test\\\/#primaryimage\",\"url\":\"https:\\\/\\\/bxrepsol.s3.eu-west-1.amazonaws.com\\\/static\\\/2022\\\/08\\\/29044619\\\/23-marc-marquez-repsol-honda-box-repsol.jpg\",\"contentUrl\":\"https:\\\/\\\/bxrepsol.s3.eu-west-1.amazonaws.com\\\/static\\\/2022\\\/08\\\/29044619\\\/23-marc-marquez-repsol-honda-box-repsol.jpg\",\"width\":1024,\"height\":429,\"caption\":\"Marc M\u00e1rquez dando explicaciones al Equipo\"},{\"@type\":\"BreadcrumbList\",\"@id\":\"https:\\\/\\\/www.boxrepsol.com\\\/en\\\/motogp-en\\\/repsol-honda-follow-up-catalunya-gp-weekend-with-one-day-test\\\/#breadcrumb\",\"itemListElement\":[{\"@type\":\"ListItem\",\"position\":1,\"name\":\"Home\",\"item\":\"https:\\\/\\\/www.boxrepsol.com\\\/en\\\/\"},{\"@type\":\"ListItem\",\"position\":2,\"name\":\"Repsol Honda follow up Catalunya GP weekend with one-day test\"}]},{\"@type\":\"WebSite\",\"@id\":\"https:\\\/\\\/www.boxrepsol.com\\\/en\\\/#website\",\"url\":\"https:\\\/\\\/www.boxrepsol.com\\\/en\\\/\",\"name\":\"Box Repsol\",\"description\":\"Box Repsol Site\",\"publisher\":{\"@id\":\"https:\\\/\\\/www.boxrepsol.com\\\/en\\\/#organization\"},\"potentialAction\":[{\"@type\":\"SearchAction\",\"target\":{\"@type\":\"EntryPoint\",\"urlTemplate\":\"https:\\\/\\\/www.boxrepsol.com\\\/en\\\/?s={search_term_string}\"},\"query-input\":{\"@type\":\"PropertyValueSpecification\",\"valueRequired\":true,\"valueName\":\"search_term_string\"}}],\"inLanguage\":\"en-US\"},{\"@type\":\"Organization\",\"@id\":\"https:\\\/\\\/www.boxrepsol.com\\\/en\\\/#organization\",\"name\":\"Box Repsol\",\"url\":\"https:\\\/\\\/www.boxrepsol.com\\\/en\\\/\",\"logo\":{\"@type\":\"ImageObject\",\"inLanguage\":\"en-US\",\"@id\":\"https:\\\/\\\/www.boxrepsol.com\\\/en\\\/#\\\/schema\\\/logo\\\/image\\\/\",\"url\":\"https:\\\/\\\/bxrepsol.s3.eu-west-1.amazonaws.com\\\/static\\\/2025\\\/07\\\/30083337\\\/favicon-96x96-1.png\",\"contentUrl\":\"https:\\\/\\\/bxrepsol.s3.eu-west-1.amazonaws.com\\\/static\\\/2025\\\/07\\\/30083337\\\/favicon-96x96-1.png\",\"width\":96,\"height\":96,\"caption\":\"Box Repsol\"},\"image\":{\"@id\":\"https:\\\/\\\/www.boxrepsol.com\\\/en\\\/#\\\/schema\\\/logo\\\/image\\\/\"},\"sameAs\":[\"https:\\\/\\\/www.facebook.com\\\/BoxRepsol\",\"https:\\\/\\\/x.com\\\/box_repsol\",\"http:\\\/\\\/instagram.com\\\/box_repsol\",\"https:\\\/\\\/www.youtube.com\\\/user\\\/RepsolCompeticion\",\"https:\\\/\\\/www.flickr.com\\\/photos\\\/box_repsol\\\/\"]},{\"@type\":\"Person\",\"@id\":\"https:\\\/\\\/www.boxrepsol.com\\\/en\\\/#\\\/schema\\\/person\\\/d9d0f442a4332c7d099d31ffda4747a0\",\"name\":\"bx_ayesa\",\"image\":{\"@type\":\"ImageObject\",\"inLanguage\":\"en-US\",\"@id\":\"https:\\\/\\\/secure.gravatar.com\\\/avatar\\\/059e1b9d3585083708845ba70e8dd968f143ff35f5e0e10cf2d1e7afe2c6a878?s=96&d=mm&r=g\",\"url\":\"https:\\\/\\\/secure.gravatar.com\\\/avatar\\\/059e1b9d3585083708845ba70e8dd968f143ff35f5e0e10cf2d1e7afe2c6a878?s=96&d=mm&r=g\",\"contentUrl\":\"https:\\\/\\\/secure.gravatar.com\\\/avatar\\\/059e1b9d3585083708845ba70e8dd968f143ff35f5e0e10cf2d1e7afe2c6a878?s=96&d=mm&r=g\",\"caption\":\"bx_ayesa\"},\"sameAs\":[\"http:\\\/\\\/54.155.157.200\"],\"url\":\"https:\\\/\\\/www.boxrepsol.com\\\/en\\\/author\\\/bx_ayesa\\\/\"}]}<\/script>\n<!-- \/ Yoast SEO plugin. -->","yoast_head_json":{"title":"Repsol Honda follow up Catalunya GP weekend with one-day test - Box Repsol","description":"Following yesterday\u2019s double podium finish, Championship leader Marc Marquez and teammate Dani Pedrosa were back on track...","canonical":"https:\/\/www.boxrepsol.com\/en\/motogp-en\/repsol-honda-follow-up-catalunya-gp-weekend-with-one-day-test\/","og_locale":"en_US","og_type":"article","og_title":"Repsol Honda follow up Catalunya GP weekend with one-day test - Box Repsol","og_description":"Following yesterday\u2019s double podium finish, Championship leader Marc Marquez and teammate Dani Pedrosa were back on track...","og_url":"https:\/\/www.boxrepsol.com\/en\/motogp-en\/repsol-honda-follow-up-catalunya-gp-weekend-with-one-day-test\/","og_site_name":"Box Repsol","article_publisher":"https:\/\/www.facebook.com\/BoxRepsol","article_published_time":"2016-06-07T02:00:00+00:00","article_modified_time":"2023-02-27T08:51:22+00:00","og_image":[{"width":1024,"height":429,"url":"https:\/\/bxrepsol.s3.eu-west-1.amazonaws.com\/static\/2022\/08\/29044619\/23-marc-marquez-repsol-honda-box-repsol.jpg","type":"image\/jpeg"}],"author":"bx_ayesa","twitter_card":"summary_large_image","twitter_creator":"@box_repsol","twitter_site":"@box_repsol","twitter_misc":{"Written by":"bx_ayesa","Est. reading time":"2 minutes"},"schema":{"@context":"https:\/\/schema.org","@graph":[{"@type":"Article","@id":"https:\/\/www.boxrepsol.com\/en\/motogp-en\/repsol-honda-follow-up-catalunya-gp-weekend-with-one-day-test\/#article","isPartOf":{"@id":"https:\/\/www.boxrepsol.com\/en\/motogp-en\/repsol-honda-follow-up-catalunya-gp-weekend-with-one-day-test\/"},"author":{"name":"bx_ayesa","@id":"https:\/\/www.boxrepsol.com\/en\/#\/schema\/person\/d9d0f442a4332c7d099d31ffda4747a0"},"headline":"Repsol Honda follow up Catalunya GP weekend with one-day test","datePublished":"2016-06-07T02:00:00+00:00","dateModified":"2023-02-27T08:51:22+00:00","mainEntityOfPage":{"@id":"https:\/\/www.boxrepsol.com\/en\/motogp-en\/repsol-honda-follow-up-catalunya-gp-weekend-with-one-day-test\/"},"wordCount":505,"commentCount":0,"publisher":{"@id":"https:\/\/www.boxrepsol.com\/en\/#organization"},"image":{"@id":"https:\/\/www.boxrepsol.com\/en\/motogp-en\/repsol-honda-follow-up-catalunya-gp-weekend-with-one-day-test\/#primaryimage"},"thumbnailUrl":"https:\/\/bxrepsol.s3.eu-west-1.amazonaws.com\/static\/2022\/08\/29044619\/23-marc-marquez-repsol-honda-box-repsol.jpg","keywords":["Equipo Repsol Honda","Repsol Honda Team"],"articleSection":["MotoGP"],"inLanguage":"en-US","potentialAction":[{"@type":"CommentAction","name":"Comment","target":["https:\/\/www.boxrepsol.com\/en\/motogp-en\/repsol-honda-follow-up-catalunya-gp-weekend-with-one-day-test\/#respond"]}]},{"@type":"WebPage","@id":"https:\/\/www.boxrepsol.com\/en\/motogp-en\/repsol-honda-follow-up-catalunya-gp-weekend-with-one-day-test\/","url":"https:\/\/www.boxrepsol.com\/en\/motogp-en\/repsol-honda-follow-up-catalunya-gp-weekend-with-one-day-test\/","name":"Repsol Honda follow up Catalunya GP weekend with one-day test - Box Repsol","isPartOf":{"@id":"https:\/\/www.boxrepsol.com\/en\/#website"},"primaryImageOfPage":{"@id":"https:\/\/www.boxrepsol.com\/en\/motogp-en\/repsol-honda-follow-up-catalunya-gp-weekend-with-one-day-test\/#primaryimage"},"image":{"@id":"https:\/\/www.boxrepsol.com\/en\/motogp-en\/repsol-honda-follow-up-catalunya-gp-weekend-with-one-day-test\/#primaryimage"},"thumbnailUrl":"https:\/\/bxrepsol.s3.eu-west-1.amazonaws.com\/static\/2022\/08\/29044619\/23-marc-marquez-repsol-honda-box-repsol.jpg","datePublished":"2016-06-07T02:00:00+00:00","dateModified":"2023-02-27T08:51:22+00:00","description":"Following yesterday\u2019s double podium finish, Championship leader Marc Marquez and teammate Dani Pedrosa were back on track...","breadcrumb":{"@id":"https:\/\/www.boxrepsol.com\/en\/motogp-en\/repsol-honda-follow-up-catalunya-gp-weekend-with-one-day-test\/#breadcrumb"},"inLanguage":"en-US","potentialAction":[{"@type":"ReadAction","target":["https:\/\/www.boxrepsol.com\/en\/motogp-en\/repsol-honda-follow-up-catalunya-gp-weekend-with-one-day-test\/"]}]},{"@type":"ImageObject","inLanguage":"en-US","@id":"https:\/\/www.boxrepsol.com\/en\/motogp-en\/repsol-honda-follow-up-catalunya-gp-weekend-with-one-day-test\/#primaryimage","url":"https:\/\/bxrepsol.s3.eu-west-1.amazonaws.com\/static\/2022\/08\/29044619\/23-marc-marquez-repsol-honda-box-repsol.jpg","contentUrl":"https:\/\/bxrepsol.s3.eu-west-1.amazonaws.com\/static\/2022\/08\/29044619\/23-marc-marquez-repsol-honda-box-repsol.jpg","width":1024,"height":429,"caption":"Marc M\u00e1rquez dando explicaciones al Equipo"},{"@type":"BreadcrumbList","@id":"https:\/\/www.boxrepsol.com\/en\/motogp-en\/repsol-honda-follow-up-catalunya-gp-weekend-with-one-day-test\/#breadcrumb","itemListElement":[{"@type":"ListItem","position":1,"name":"Home","item":"https:\/\/www.boxrepsol.com\/en\/"},{"@type":"ListItem","position":2,"name":"Repsol Honda follow up Catalunya GP weekend with one-day test"}]},{"@type":"WebSite","@id":"https:\/\/www.boxrepsol.com\/en\/#website","url":"https:\/\/www.boxrepsol.com\/en\/","name":"Box Repsol","description":"Box Repsol Site","publisher":{"@id":"https:\/\/www.boxrepsol.com\/en\/#organization"},"potentialAction":[{"@type":"SearchAction","target":{"@type":"EntryPoint","urlTemplate":"https:\/\/www.boxrepsol.com\/en\/?s={search_term_string}"},"query-input":{"@type":"PropertyValueSpecification","valueRequired":true,"valueName":"search_term_string"}}],"inLanguage":"en-US"},{"@type":"Organization","@id":"https:\/\/www.boxrepsol.com\/en\/#organization","name":"Box Repsol","url":"https:\/\/www.boxrepsol.com\/en\/","logo":{"@type":"ImageObject","inLanguage":"en-US","@id":"https:\/\/www.boxrepsol.com\/en\/#\/schema\/logo\/image\/","url":"https:\/\/bxrepsol.s3.eu-west-1.amazonaws.com\/static\/2025\/07\/30083337\/favicon-96x96-1.png","contentUrl":"https:\/\/bxrepsol.s3.eu-west-1.amazonaws.com\/static\/2025\/07\/30083337\/favicon-96x96-1.png","width":96,"height":96,"caption":"Box Repsol"},"image":{"@id":"https:\/\/www.boxrepsol.com\/en\/#\/schema\/logo\/image\/"},"sameAs":["https:\/\/www.facebook.com\/BoxRepsol","https:\/\/x.com\/box_repsol","http:\/\/instagram.com\/box_repsol","https:\/\/www.youtube.com\/user\/RepsolCompeticion","https:\/\/www.flickr.com\/photos\/box_repsol\/"]},{"@type":"Person","@id":"https:\/\/www.boxrepsol.com\/en\/#\/schema\/person\/d9d0f442a4332c7d099d31ffda4747a0","name":"bx_ayesa","image":{"@type":"ImageObject","inLanguage":"en-US","@id":"https:\/\/secure.gravatar.com\/avatar\/059e1b9d3585083708845ba70e8dd968f143ff35f5e0e10cf2d1e7afe2c6a878?s=96&d=mm&r=g","url":"https:\/\/secure.gravatar.com\/avatar\/059e1b9d3585083708845ba70e8dd968f143ff35f5e0e10cf2d1e7afe2c6a878?s=96&d=mm&r=g","contentUrl":"https:\/\/secure.gravatar.com\/avatar\/059e1b9d3585083708845ba70e8dd968f143ff35f5e0e10cf2d1e7afe2c6a878?s=96&d=mm&r=g","caption":"bx_ayesa"},"sameAs":["http:\/\/54.155.157.200"],"url":"https:\/\/www.boxrepsol.com\/en\/author\/bx_ayesa\/"}]}},"_links":{"self":[{"href":"https:\/\/www.boxrepsol.com\/en\/wp-json\/wp\/v2\/posts\/95975","targetHints":{"allow":["GET"]}}],"collection":[{"href":"https:\/\/www.boxrepsol.com\/en\/wp-json\/wp\/v2\/posts"}],"about":[{"href":"https:\/\/www.boxrepsol.com\/en\/wp-json\/wp\/v2\/types\/post"}],"author":[{"embeddable":true,"href":"https:\/\/www.boxrepsol.com\/en\/wp-json\/wp\/v2\/users\/1"}],"replies":[{"embeddable":true,"href":"https:\/\/www.boxrepsol.com\/en\/wp-json\/wp\/v2\/comments?post=95975"}],"version-history":[{"count":1,"href":"https:\/\/www.boxrepsol.com\/en\/wp-json\/wp\/v2\/posts\/95975\/revisions"}],"predecessor-version":[{"id":95976,"href":"https:\/\/www.boxrepsol.com\/en\/wp-json\/wp\/v2\/posts\/95975\/revisions\/95976"}],"wp:featuredmedia":[{"embeddable":true,"href":"https:\/\/www.boxrepsol.com\/en\/wp-json\/wp\/v2\/media\/48774"}],"wp:attachment":[{"href":"https:\/\/www.boxrepsol.com\/en\/wp-json\/wp\/v2\/media?parent=95975"}],"wp:term":[{"taxonomy":"category","embeddable":true,"href":"https:\/\/www.boxrepsol.com\/en\/wp-json\/wp\/v2\/categories?post=95975"},{"taxonomy":"post_tag","embeddable":true,"href":"https:\/\/www.boxrepsol.com\/en\/wp-json\/wp\/v2\/tags?post=95975"}],"curies":[{"name":"wp","href":"https:\/\/api.w.org\/{rel}","templated":true}]}}