{"id":123573,"date":"2025-01-17T11:53:38","date_gmt":"2025-01-17T13:53:38","guid":{"rendered":"https:\/\/www.boxrepsol.com\/uncategorized\/los-combustibles-renovables-repsol-protagonistas-del-dakar-2025-con-cuatro-victorias-de-etapa\/"},"modified":"2025-01-20T12:19:27","modified_gmt":"2025-01-20T14:19:27","slug":"los-combustibles-renovables-repsol-protagonistas-del-dakar-2025-con-cuatro-victorias-de-etapa","status":"publish","type":"post","link":"https:\/\/www.boxrepsol.com\/en\/rally-en\/los-combustibles-renovables-repsol-protagonistas-del-dakar-2025-con-cuatro-victorias-de-etapa\/","title":{"rendered":"Repsol renewable fuels take centre stage at Dakar 2025 with four stage wins"},"content":{"rendered":"<figure class=\"wp-block-post-featured-image\"><img loading=\"lazy\" decoding=\"async\" width=\"1200\" height=\"600\" src=\"https:\/\/bxrepsol.s3.eu-west-1.amazonaws.com\/static\/2025\/01\/20115801\/Ferreira-Etapa-6-2-scaled-1.jpg\" class=\"attachment-post-thumbnail size-post-thumbnail wp-post-image\" alt=\"\" style=\"object-fit:cover;\" srcset=\"https:\/\/bxrepsol.s3.eu-west-1.amazonaws.com\/static\/2025\/01\/20115801\/Ferreira-Etapa-6-2-scaled-1.jpg 1200w, https:\/\/bxrepsol.s3.eu-west-1.amazonaws.com\/static\/2025\/01\/20115801\/Ferreira-Etapa-6-2-scaled-1-300x150.jpg 300w, https:\/\/bxrepsol.s3.eu-west-1.amazonaws.com\/static\/2025\/01\/20115801\/Ferreira-Etapa-6-2-scaled-1-1024x512.jpg 1024w, https:\/\/bxrepsol.s3.eu-west-1.amazonaws.com\/static\/2025\/01\/20115801\/Ferreira-Etapa-6-2-scaled-1-768x384.jpg 768w\" sizes=\"auto, (max-width: 1200px) 100vw, 1200px\" \/><\/figure>\n\n\n<figure class=\"wp-block-table\"><table class=\"has-fixed-layout\"><tbody><tr><td><\/td><\/tr><\/tbody><\/table><\/figure>\n\n\n\n<p>The toughest race on the planet, the Dakar, concluded on Friday in Saudi Arabia, and the four Repsol drivers who were taking on the challenge with renewable fuels \u2013Joao Ferreira, Seth Quintero, Lucas Moraes and Isidre Esteve\u2013 reached the finish line with very positive results.<\/p>\n\n\n\n<p>There were four stage wins for Repsol renewable fuels, with Lucas Moraes and Seth Quintero taking two each, in addition to Joao Ferreira finishing eighth overall, and Isidre Esteve&#8217;s great comeback after a tough start to the Rally. The products developed by the multi-energy company proved to have very high quality in extreme conditions, showing that they are capable of offering remarkable levels of performance and efficiency.<\/p>\n\n\n\n<p>On a sporting level, the best overall result was achieved by Joao Ferreira. The young Portuguese driver had an impeccable rally, displaying speed and consistency, taking eighth place overall and earning a second place on Stage 6. Accompanied by co-driver and compatriot, Filipe Palmeiro, he completed his third Dakar with the X-RAID MINI JCW TEAM powered by the 100% Renewable Nexa Diesel, the same fuel that is already found in more than 800 service stations in the Iberian Peninsula.<\/p>\n\n\n\n<p>Also noteworthy were the four stage victories achieved as a result of the technological alliance with the Toyota Gazoo Racing team, with its two Toyota GR DKR Hilux EVO powered by a fuel that contains 70% renewable materials. Seth Quintero \u2013accompanied by Dennis Zenz\u2013 won the first stage and took another partial victory, ending the Rally in ninth position. Meanwhile, Lucas Moraes \u2013with co-driver Armand Monle\u00f3n\u2013 managed to win both the seventh stage and the last stage of the race, finishing fifteenth overall.<\/p>\n\n\n\n<p>Isidre Esteve, accompanied by Txema Villalobos, finished 32nd in the legendary desert race. The Repsol Toyota Rally Team driver made a commendable comeback during the stages, after finishing the first day in 69th position due to the effects of flu. This was his twentieth participation in the race. Esteve has been involved in the development of the renewable fuels project since 2021 and, in this edition, was also able to compete with Repsol&#8217;s renewable lubricant.<\/p>\n\n\n\n<div id=\"0c90f11d-2ae8-4694-9158-ce1c80331188\" class=\"br-slider-box\"><div class=\"wp-block-create-block-repsol-carousel br-slider\"><a target=\"_blank\" href=\"https:\/\/bxrepsol.s3.eu-west-1.amazonaws.com\/static\/2025\/01\/20115816\/Seth-Quintero-Etapa-7p-scaled-1.jpg\" data-index=\"0\" rel=\"noopener\"><img decoding=\"async\" src=\"https:\/\/bxrepsol.s3.eu-west-1.amazonaws.com\/static\/2025\/01\/20115816\/Seth-Quintero-Etapa-7p-scaled-1.jpg\"\/><\/a><a target=\"_blank\" href=\"https:\/\/bxrepsol.s3.eu-west-1.amazonaws.com\/static\/2025\/01\/20115815\/Isidre-Esteve-Etapa-8.-jpg-scaled-1.jpg\" data-index=\"1\" rel=\"noopener\"><img decoding=\"async\" src=\"https:\/\/bxrepsol.s3.eu-west-1.amazonaws.com\/static\/2025\/01\/20115815\/Isidre-Esteve-Etapa-8.-jpg-scaled-1.jpg\"\/><\/a><a target=\"_blank\" href=\"https:\/\/bxrepsol.s3.eu-west-1.amazonaws.com\/static\/2025\/01\/20115811\/Isidre-Esteve-Etapa-7-2-scaled-1.jpg\" data-index=\"2\" rel=\"noopener\"><img decoding=\"async\" src=\"https:\/\/bxrepsol.s3.eu-west-1.amazonaws.com\/static\/2025\/01\/20115811\/Isidre-Esteve-Etapa-7-2-scaled-1.jpg\"\/><\/a><a target=\"_blank\" href=\"https:\/\/bxrepsol.s3.eu-west-1.amazonaws.com\/static\/2025\/01\/20115808\/Ferreira-Etapa-9-scaled-1.jpg\" data-index=\"3\" rel=\"noopener\"><img decoding=\"async\" src=\"https:\/\/bxrepsol.s3.eu-west-1.amazonaws.com\/static\/2025\/01\/20115808\/Ferreira-Etapa-9-scaled-1.jpg\"\/><\/a><a target=\"_blank\" href=\"https:\/\/bxrepsol.s3.eu-west-1.amazonaws.com\/static\/2025\/01\/20115805\/Ferreira-Etapa-6-scaled-1.jpg\" data-index=\"4\" rel=\"noopener\"><img decoding=\"async\" src=\"https:\/\/bxrepsol.s3.eu-west-1.amazonaws.com\/static\/2025\/01\/20115805\/Ferreira-Etapa-6-scaled-1.jpg\"\/><\/a><\/div><div class=\"br-slider-buttons\"><button class=\"arrow rds-icon arrow--left rds-icon-Arrow_left\"><\/button><button class=\"arrow rds-icon arrow--right rds-icon-Arrow_right\"><\/button><\/div><\/div>\n\n\n\n<p><\/p>\n","protected":false},"excerpt":{"rendered":"<p>Ferreira, Quintero, Moraes and Esteve reach the finish line of Dakar 2025 with their cars powered by renewable fuel, achieving four stage wins and having two drivers placed in the Top 10. <\/p>\n","protected":false},"author":43146,"featured_media":123560,"comment_status":"open","ping_status":"closed","sticky":false,"template":"","format":"standard","meta":{"footnotes":""},"categories":[257],"tags":[522],"class_list":["post-123573","post","type-post","status-publish","format-standard","hentry","category-rally-en","tag-joao-ferreira"],"yoast_head":"<!-- This site is optimized with the Yoast SEO plugin v27.3 - https:\/\/yoast.com\/product\/yoast-seo-wordpress\/ -->\n<title>Repsol renewable fuels take centre stage at Dakar 2025 with four stage wins - Box Repsol<\/title>\n<link rel=\"canonical\" href=\"https:\/\/www.boxrepsol.com\/en\/rally-en\/los-combustibles-renovables-repsol-protagonistas-del-dakar-2025-con-cuatro-victorias-de-etapa\/\" \/>\n<meta property=\"og:locale\" content=\"en_US\" \/>\n<meta property=\"og:type\" content=\"article\" \/>\n<meta property=\"og:title\" content=\"Repsol renewable fuels take centre stage at Dakar 2025 with four stage wins - Box Repsol\" \/>\n<meta property=\"og:description\" content=\"Ferreira, Quintero, Moraes and Esteve reach the finish line of Dakar 2025 with their cars powered by renewable fuel, achieving four stage wins and having two drivers placed in the Top 10.\" \/>\n<meta property=\"og:url\" content=\"https:\/\/www.boxrepsol.com\/en\/rally-en\/los-combustibles-renovables-repsol-protagonistas-del-dakar-2025-con-cuatro-victorias-de-etapa\/\" \/>\n<meta property=\"og:site_name\" content=\"Box Repsol\" \/>\n<meta property=\"article:publisher\" content=\"https:\/\/www.facebook.com\/BoxRepsol\" \/>\n<meta property=\"article:author\" content=\"https:\/\/www.facebook.com\/BoxRepsol\/\" \/>\n<meta property=\"article:published_time\" content=\"2025-01-17T13:53:38+00:00\" \/>\n<meta property=\"article:modified_time\" content=\"2025-01-20T14:19:27+00:00\" \/>\n<meta property=\"og:image\" content=\"https:\/\/bxrepsol.s3.eu-west-1.amazonaws.com\/static\/2025\/01\/20115801\/Ferreira-Etapa-6-2-scaled-1.jpg\" \/>\n\t<meta property=\"og:image:width\" content=\"1200\" \/>\n\t<meta property=\"og:image:height\" content=\"600\" \/>\n\t<meta property=\"og:image:type\" content=\"image\/jpeg\" \/>\n<meta name=\"author\" content=\"Redacci\u00f3n Box Repsol\" \/>\n<meta name=\"twitter:card\" content=\"summary_large_image\" \/>\n<meta name=\"twitter:creator\" content=\"@https:\/\/twitter.com\/box_repsol\" \/>\n<meta name=\"twitter:site\" content=\"@box_repsol\" \/>\n<meta name=\"twitter:label1\" content=\"Written by\" \/>\n\t<meta name=\"twitter:data1\" content=\"Redacci\u00f3n Box Repsol\" \/>\n\t<meta name=\"twitter:label2\" content=\"Est. reading time\" \/>\n\t<meta name=\"twitter:data2\" content=\"2 minutes\" \/>\n<script type=\"application\/ld+json\" class=\"yoast-schema-graph\">{\"@context\":\"https:\\\/\\\/schema.org\",\"@graph\":[{\"@type\":\"Article\",\"@id\":\"https:\\\/\\\/www.boxrepsol.com\\\/en\\\/rally-en\\\/los-combustibles-renovables-repsol-protagonistas-del-dakar-2025-con-cuatro-victorias-de-etapa\\\/#article\",\"isPartOf\":{\"@id\":\"https:\\\/\\\/www.boxrepsol.com\\\/en\\\/rally-en\\\/los-combustibles-renovables-repsol-protagonistas-del-dakar-2025-con-cuatro-victorias-de-etapa\\\/\"},\"author\":{\"name\":\"Redacci\u00f3n Box Repsol\",\"@id\":\"https:\\\/\\\/www.boxrepsol.com\\\/en\\\/#\\\/schema\\\/person\\\/c5c2138f2cca251b0ad92b7086bb60b7\"},\"headline\":\"Repsol renewable fuels take centre stage at Dakar 2025 with four stage wins\",\"datePublished\":\"2025-01-17T13:53:38+00:00\",\"dateModified\":\"2025-01-20T14:19:27+00:00\",\"mainEntityOfPage\":{\"@id\":\"https:\\\/\\\/www.boxrepsol.com\\\/en\\\/rally-en\\\/los-combustibles-renovables-repsol-protagonistas-del-dakar-2025-con-cuatro-victorias-de-etapa\\\/\"},\"wordCount\":359,\"commentCount\":0,\"publisher\":{\"@id\":\"https:\\\/\\\/www.boxrepsol.com\\\/en\\\/#organization\"},\"image\":{\"@id\":\"https:\\\/\\\/www.boxrepsol.com\\\/en\\\/rally-en\\\/los-combustibles-renovables-repsol-protagonistas-del-dakar-2025-con-cuatro-victorias-de-etapa\\\/#primaryimage\"},\"thumbnailUrl\":\"https:\\\/\\\/bxrepsol.s3.eu-west-1.amazonaws.com\\\/static\\\/2025\\\/01\\\/20115801\\\/Ferreira-Etapa-6-2-scaled-1.jpg\",\"keywords\":[\"Joao Ferreira\"],\"articleSection\":[\"Rally\"],\"inLanguage\":\"en-US\",\"potentialAction\":[{\"@type\":\"CommentAction\",\"name\":\"Comment\",\"target\":[\"https:\\\/\\\/www.boxrepsol.com\\\/en\\\/rally-en\\\/los-combustibles-renovables-repsol-protagonistas-del-dakar-2025-con-cuatro-victorias-de-etapa\\\/#respond\"]}]},{\"@type\":\"WebPage\",\"@id\":\"https:\\\/\\\/www.boxrepsol.com\\\/en\\\/rally-en\\\/los-combustibles-renovables-repsol-protagonistas-del-dakar-2025-con-cuatro-victorias-de-etapa\\\/\",\"url\":\"https:\\\/\\\/www.boxrepsol.com\\\/en\\\/rally-en\\\/los-combustibles-renovables-repsol-protagonistas-del-dakar-2025-con-cuatro-victorias-de-etapa\\\/\",\"name\":\"Repsol renewable fuels take centre stage at Dakar 2025 with four stage wins - Box Repsol\",\"isPartOf\":{\"@id\":\"https:\\\/\\\/www.boxrepsol.com\\\/en\\\/#website\"},\"primaryImageOfPage\":{\"@id\":\"https:\\\/\\\/www.boxrepsol.com\\\/en\\\/rally-en\\\/los-combustibles-renovables-repsol-protagonistas-del-dakar-2025-con-cuatro-victorias-de-etapa\\\/#primaryimage\"},\"image\":{\"@id\":\"https:\\\/\\\/www.boxrepsol.com\\\/en\\\/rally-en\\\/los-combustibles-renovables-repsol-protagonistas-del-dakar-2025-con-cuatro-victorias-de-etapa\\\/#primaryimage\"},\"thumbnailUrl\":\"https:\\\/\\\/bxrepsol.s3.eu-west-1.amazonaws.com\\\/static\\\/2025\\\/01\\\/20115801\\\/Ferreira-Etapa-6-2-scaled-1.jpg\",\"datePublished\":\"2025-01-17T13:53:38+00:00\",\"dateModified\":\"2025-01-20T14:19:27+00:00\",\"breadcrumb\":{\"@id\":\"https:\\\/\\\/www.boxrepsol.com\\\/en\\\/rally-en\\\/los-combustibles-renovables-repsol-protagonistas-del-dakar-2025-con-cuatro-victorias-de-etapa\\\/#breadcrumb\"},\"inLanguage\":\"en-US\",\"potentialAction\":[{\"@type\":\"ReadAction\",\"target\":[\"https:\\\/\\\/www.boxrepsol.com\\\/en\\\/rally-en\\\/los-combustibles-renovables-repsol-protagonistas-del-dakar-2025-con-cuatro-victorias-de-etapa\\\/\"]}]},{\"@type\":\"ImageObject\",\"inLanguage\":\"en-US\",\"@id\":\"https:\\\/\\\/www.boxrepsol.com\\\/en\\\/rally-en\\\/los-combustibles-renovables-repsol-protagonistas-del-dakar-2025-con-cuatro-victorias-de-etapa\\\/#primaryimage\",\"url\":\"https:\\\/\\\/bxrepsol.s3.eu-west-1.amazonaws.com\\\/static\\\/2025\\\/01\\\/20115801\\\/Ferreira-Etapa-6-2-scaled-1.jpg\",\"contentUrl\":\"https:\\\/\\\/bxrepsol.s3.eu-west-1.amazonaws.com\\\/static\\\/2025\\\/01\\\/20115801\\\/Ferreira-Etapa-6-2-scaled-1.jpg\",\"width\":1200,\"height\":600},{\"@type\":\"BreadcrumbList\",\"@id\":\"https:\\\/\\\/www.boxrepsol.com\\\/en\\\/rally-en\\\/los-combustibles-renovables-repsol-protagonistas-del-dakar-2025-con-cuatro-victorias-de-etapa\\\/#breadcrumb\",\"itemListElement\":[{\"@type\":\"ListItem\",\"position\":1,\"name\":\"Home\",\"item\":\"https:\\\/\\\/www.boxrepsol.com\\\/en\\\/\"},{\"@type\":\"ListItem\",\"position\":2,\"name\":\"Repsol renewable fuels take centre stage at Dakar 2025 with four stage wins\"}]},{\"@type\":\"WebSite\",\"@id\":\"https:\\\/\\\/www.boxrepsol.com\\\/en\\\/#website\",\"url\":\"https:\\\/\\\/www.boxrepsol.com\\\/en\\\/\",\"name\":\"Box Repsol\",\"description\":\"Box Repsol Site\",\"publisher\":{\"@id\":\"https:\\\/\\\/www.boxrepsol.com\\\/en\\\/#organization\"},\"potentialAction\":[{\"@type\":\"SearchAction\",\"target\":{\"@type\":\"EntryPoint\",\"urlTemplate\":\"https:\\\/\\\/www.boxrepsol.com\\\/en\\\/?s={search_term_string}\"},\"query-input\":{\"@type\":\"PropertyValueSpecification\",\"valueRequired\":true,\"valueName\":\"search_term_string\"}}],\"inLanguage\":\"en-US\"},{\"@type\":\"Organization\",\"@id\":\"https:\\\/\\\/www.boxrepsol.com\\\/en\\\/#organization\",\"name\":\"Box Repsol\",\"url\":\"https:\\\/\\\/www.boxrepsol.com\\\/en\\\/\",\"logo\":{\"@type\":\"ImageObject\",\"inLanguage\":\"en-US\",\"@id\":\"https:\\\/\\\/www.boxrepsol.com\\\/en\\\/#\\\/schema\\\/logo\\\/image\\\/\",\"url\":\"https:\\\/\\\/bxrepsol.s3.eu-west-1.amazonaws.com\\\/static\\\/2025\\\/07\\\/30083337\\\/favicon-96x96-1.png\",\"contentUrl\":\"https:\\\/\\\/bxrepsol.s3.eu-west-1.amazonaws.com\\\/static\\\/2025\\\/07\\\/30083337\\\/favicon-96x96-1.png\",\"width\":96,\"height\":96,\"caption\":\"Box Repsol\"},\"image\":{\"@id\":\"https:\\\/\\\/www.boxrepsol.com\\\/en\\\/#\\\/schema\\\/logo\\\/image\\\/\"},\"sameAs\":[\"https:\\\/\\\/www.facebook.com\\\/BoxRepsol\",\"https:\\\/\\\/x.com\\\/box_repsol\",\"http:\\\/\\\/instagram.com\\\/box_repsol\",\"https:\\\/\\\/www.youtube.com\\\/user\\\/RepsolCompeticion\",\"https:\\\/\\\/www.flickr.com\\\/photos\\\/box_repsol\\\/\"]},{\"@type\":\"Person\",\"@id\":\"https:\\\/\\\/www.boxrepsol.com\\\/en\\\/#\\\/schema\\\/person\\\/c5c2138f2cca251b0ad92b7086bb60b7\",\"name\":\"Redacci\u00f3n Box Repsol\",\"image\":{\"@type\":\"ImageObject\",\"inLanguage\":\"en-US\",\"@id\":\"https:\\\/\\\/secure.gravatar.com\\\/avatar\\\/adf7b77e38b4419baf32c7e9c21dde01f4e40df611f0978e3006fc4ba0aaab7e?s=96&d=mm&r=g\",\"url\":\"https:\\\/\\\/secure.gravatar.com\\\/avatar\\\/adf7b77e38b4419baf32c7e9c21dde01f4e40df611f0978e3006fc4ba0aaab7e?s=96&d=mm&r=g\",\"contentUrl\":\"https:\\\/\\\/secure.gravatar.com\\\/avatar\\\/adf7b77e38b4419baf32c7e9c21dde01f4e40df611f0978e3006fc4ba0aaab7e?s=96&d=mm&r=g\",\"caption\":\"Redacci\u00f3n Box Repsol\"},\"description\":\"Box Repsol lo forma un equipo de periodistas, community managers, dise\u00f1adores y fot\u00f3grafos con m\u00e1s de 20 a\u00f1os de experiencia en el mundo del motorsport. Hemos vivido el primer mundial de un espa\u00f1ol en la categor\u00eda reina de motociclismo con \u00c1lex Crivill\u00e9, estuvimos en las victorias de Pedrosa y los t\u00edtulos de M\u00e1rquez, acompa\u00f1amos en \u00c1frica a Nani Roma y Marc Coma en sus conquistas del Dakar y hemos vibrado con los t\u00edtulos de Toni Bou en Trial. Adem\u00e1s, en nuestro equipo contamos con expertos en el mundo de las dos y cuatro ruedas tanto de la calle y las carreteras, como de los circuitos. Periodistas que han trabajado en revistas y publicaciones para hacerte llegar desde rutas y consejos de mantenimiento, a curiosidades y trucos de pilotaje.\",\"sameAs\":[\"https:\\\/\\\/www.facebook.com\\\/BoxRepsol\\\/\",\"https:\\\/\\\/www.instagram.com\\\/box_repsol\\\/\",\"https:\\\/\\\/x.com\\\/https:\\\/\\\/twitter.com\\\/box_repsol\",\"https:\\\/\\\/www.youtube.com\\\/@Boxrepsol\"],\"url\":\"https:\\\/\\\/www.boxrepsol.com\\\/en\\\/author\\\/redaccion-box-repsol\\\/\"}]}<\/script>\n<!-- \/ Yoast SEO plugin. -->","yoast_head_json":{"title":"Repsol renewable fuels take centre stage at Dakar 2025 with four stage wins - Box Repsol","canonical":"https:\/\/www.boxrepsol.com\/en\/rally-en\/los-combustibles-renovables-repsol-protagonistas-del-dakar-2025-con-cuatro-victorias-de-etapa\/","og_locale":"en_US","og_type":"article","og_title":"Repsol renewable fuels take centre stage at Dakar 2025 with four stage wins - Box Repsol","og_description":"Ferreira, Quintero, Moraes and Esteve reach the finish line of Dakar 2025 with their cars powered by renewable fuel, achieving four stage wins and having two drivers placed in the Top 10.","og_url":"https:\/\/www.boxrepsol.com\/en\/rally-en\/los-combustibles-renovables-repsol-protagonistas-del-dakar-2025-con-cuatro-victorias-de-etapa\/","og_site_name":"Box Repsol","article_publisher":"https:\/\/www.facebook.com\/BoxRepsol","article_author":"https:\/\/www.facebook.com\/BoxRepsol\/","article_published_time":"2025-01-17T13:53:38+00:00","article_modified_time":"2025-01-20T14:19:27+00:00","og_image":[{"width":1200,"height":600,"url":"https:\/\/bxrepsol.s3.eu-west-1.amazonaws.com\/static\/2025\/01\/20115801\/Ferreira-Etapa-6-2-scaled-1.jpg","type":"image\/jpeg"}],"author":"Redacci\u00f3n Box Repsol","twitter_card":"summary_large_image","twitter_creator":"@https:\/\/twitter.com\/box_repsol","twitter_site":"@box_repsol","twitter_misc":{"Written by":"Redacci\u00f3n Box Repsol","Est. reading time":"2 minutes"},"schema":{"@context":"https:\/\/schema.org","@graph":[{"@type":"Article","@id":"https:\/\/www.boxrepsol.com\/en\/rally-en\/los-combustibles-renovables-repsol-protagonistas-del-dakar-2025-con-cuatro-victorias-de-etapa\/#article","isPartOf":{"@id":"https:\/\/www.boxrepsol.com\/en\/rally-en\/los-combustibles-renovables-repsol-protagonistas-del-dakar-2025-con-cuatro-victorias-de-etapa\/"},"author":{"name":"Redacci\u00f3n Box Repsol","@id":"https:\/\/www.boxrepsol.com\/en\/#\/schema\/person\/c5c2138f2cca251b0ad92b7086bb60b7"},"headline":"Repsol renewable fuels take centre stage at Dakar 2025 with four stage wins","datePublished":"2025-01-17T13:53:38+00:00","dateModified":"2025-01-20T14:19:27+00:00","mainEntityOfPage":{"@id":"https:\/\/www.boxrepsol.com\/en\/rally-en\/los-combustibles-renovables-repsol-protagonistas-del-dakar-2025-con-cuatro-victorias-de-etapa\/"},"wordCount":359,"commentCount":0,"publisher":{"@id":"https:\/\/www.boxrepsol.com\/en\/#organization"},"image":{"@id":"https:\/\/www.boxrepsol.com\/en\/rally-en\/los-combustibles-renovables-repsol-protagonistas-del-dakar-2025-con-cuatro-victorias-de-etapa\/#primaryimage"},"thumbnailUrl":"https:\/\/bxrepsol.s3.eu-west-1.amazonaws.com\/static\/2025\/01\/20115801\/Ferreira-Etapa-6-2-scaled-1.jpg","keywords":["Joao Ferreira"],"articleSection":["Rally"],"inLanguage":"en-US","potentialAction":[{"@type":"CommentAction","name":"Comment","target":["https:\/\/www.boxrepsol.com\/en\/rally-en\/los-combustibles-renovables-repsol-protagonistas-del-dakar-2025-con-cuatro-victorias-de-etapa\/#respond"]}]},{"@type":"WebPage","@id":"https:\/\/www.boxrepsol.com\/en\/rally-en\/los-combustibles-renovables-repsol-protagonistas-del-dakar-2025-con-cuatro-victorias-de-etapa\/","url":"https:\/\/www.boxrepsol.com\/en\/rally-en\/los-combustibles-renovables-repsol-protagonistas-del-dakar-2025-con-cuatro-victorias-de-etapa\/","name":"Repsol renewable fuels take centre stage at Dakar 2025 with four stage wins - Box Repsol","isPartOf":{"@id":"https:\/\/www.boxrepsol.com\/en\/#website"},"primaryImageOfPage":{"@id":"https:\/\/www.boxrepsol.com\/en\/rally-en\/los-combustibles-renovables-repsol-protagonistas-del-dakar-2025-con-cuatro-victorias-de-etapa\/#primaryimage"},"image":{"@id":"https:\/\/www.boxrepsol.com\/en\/rally-en\/los-combustibles-renovables-repsol-protagonistas-del-dakar-2025-con-cuatro-victorias-de-etapa\/#primaryimage"},"thumbnailUrl":"https:\/\/bxrepsol.s3.eu-west-1.amazonaws.com\/static\/2025\/01\/20115801\/Ferreira-Etapa-6-2-scaled-1.jpg","datePublished":"2025-01-17T13:53:38+00:00","dateModified":"2025-01-20T14:19:27+00:00","breadcrumb":{"@id":"https:\/\/www.boxrepsol.com\/en\/rally-en\/los-combustibles-renovables-repsol-protagonistas-del-dakar-2025-con-cuatro-victorias-de-etapa\/#breadcrumb"},"inLanguage":"en-US","potentialAction":[{"@type":"ReadAction","target":["https:\/\/www.boxrepsol.com\/en\/rally-en\/los-combustibles-renovables-repsol-protagonistas-del-dakar-2025-con-cuatro-victorias-de-etapa\/"]}]},{"@type":"ImageObject","inLanguage":"en-US","@id":"https:\/\/www.boxrepsol.com\/en\/rally-en\/los-combustibles-renovables-repsol-protagonistas-del-dakar-2025-con-cuatro-victorias-de-etapa\/#primaryimage","url":"https:\/\/bxrepsol.s3.eu-west-1.amazonaws.com\/static\/2025\/01\/20115801\/Ferreira-Etapa-6-2-scaled-1.jpg","contentUrl":"https:\/\/bxrepsol.s3.eu-west-1.amazonaws.com\/static\/2025\/01\/20115801\/Ferreira-Etapa-6-2-scaled-1.jpg","width":1200,"height":600},{"@type":"BreadcrumbList","@id":"https:\/\/www.boxrepsol.com\/en\/rally-en\/los-combustibles-renovables-repsol-protagonistas-del-dakar-2025-con-cuatro-victorias-de-etapa\/#breadcrumb","itemListElement":[{"@type":"ListItem","position":1,"name":"Home","item":"https:\/\/www.boxrepsol.com\/en\/"},{"@type":"ListItem","position":2,"name":"Repsol renewable fuels take centre stage at Dakar 2025 with four stage wins"}]},{"@type":"WebSite","@id":"https:\/\/www.boxrepsol.com\/en\/#website","url":"https:\/\/www.boxrepsol.com\/en\/","name":"Box Repsol","description":"Box Repsol Site","publisher":{"@id":"https:\/\/www.boxrepsol.com\/en\/#organization"},"potentialAction":[{"@type":"SearchAction","target":{"@type":"EntryPoint","urlTemplate":"https:\/\/www.boxrepsol.com\/en\/?s={search_term_string}"},"query-input":{"@type":"PropertyValueSpecification","valueRequired":true,"valueName":"search_term_string"}}],"inLanguage":"en-US"},{"@type":"Organization","@id":"https:\/\/www.boxrepsol.com\/en\/#organization","name":"Box Repsol","url":"https:\/\/www.boxrepsol.com\/en\/","logo":{"@type":"ImageObject","inLanguage":"en-US","@id":"https:\/\/www.boxrepsol.com\/en\/#\/schema\/logo\/image\/","url":"https:\/\/bxrepsol.s3.eu-west-1.amazonaws.com\/static\/2025\/07\/30083337\/favicon-96x96-1.png","contentUrl":"https:\/\/bxrepsol.s3.eu-west-1.amazonaws.com\/static\/2025\/07\/30083337\/favicon-96x96-1.png","width":96,"height":96,"caption":"Box Repsol"},"image":{"@id":"https:\/\/www.boxrepsol.com\/en\/#\/schema\/logo\/image\/"},"sameAs":["https:\/\/www.facebook.com\/BoxRepsol","https:\/\/x.com\/box_repsol","http:\/\/instagram.com\/box_repsol","https:\/\/www.youtube.com\/user\/RepsolCompeticion","https:\/\/www.flickr.com\/photos\/box_repsol\/"]},{"@type":"Person","@id":"https:\/\/www.boxrepsol.com\/en\/#\/schema\/person\/c5c2138f2cca251b0ad92b7086bb60b7","name":"Redacci\u00f3n Box Repsol","image":{"@type":"ImageObject","inLanguage":"en-US","@id":"https:\/\/secure.gravatar.com\/avatar\/adf7b77e38b4419baf32c7e9c21dde01f4e40df611f0978e3006fc4ba0aaab7e?s=96&d=mm&r=g","url":"https:\/\/secure.gravatar.com\/avatar\/adf7b77e38b4419baf32c7e9c21dde01f4e40df611f0978e3006fc4ba0aaab7e?s=96&d=mm&r=g","contentUrl":"https:\/\/secure.gravatar.com\/avatar\/adf7b77e38b4419baf32c7e9c21dde01f4e40df611f0978e3006fc4ba0aaab7e?s=96&d=mm&r=g","caption":"Redacci\u00f3n Box Repsol"},"description":"Box Repsol lo forma un equipo de periodistas, community managers, dise\u00f1adores y fot\u00f3grafos con m\u00e1s de 20 a\u00f1os de experiencia en el mundo del motorsport. Hemos vivido el primer mundial de un espa\u00f1ol en la categor\u00eda reina de motociclismo con \u00c1lex Crivill\u00e9, estuvimos en las victorias de Pedrosa y los t\u00edtulos de M\u00e1rquez, acompa\u00f1amos en \u00c1frica a Nani Roma y Marc Coma en sus conquistas del Dakar y hemos vibrado con los t\u00edtulos de Toni Bou en Trial. Adem\u00e1s, en nuestro equipo contamos con expertos en el mundo de las dos y cuatro ruedas tanto de la calle y las carreteras, como de los circuitos. Periodistas que han trabajado en revistas y publicaciones para hacerte llegar desde rutas y consejos de mantenimiento, a curiosidades y trucos de pilotaje.","sameAs":["https:\/\/www.facebook.com\/BoxRepsol\/","https:\/\/www.instagram.com\/box_repsol\/","https:\/\/x.com\/https:\/\/twitter.com\/box_repsol","https:\/\/www.youtube.com\/@Boxrepsol"],"url":"https:\/\/www.boxrepsol.com\/en\/author\/redaccion-box-repsol\/"}]}},"_links":{"self":[{"href":"https:\/\/www.boxrepsol.com\/en\/wp-json\/wp\/v2\/posts\/123573","targetHints":{"allow":["GET"]}}],"collection":[{"href":"https:\/\/www.boxrepsol.com\/en\/wp-json\/wp\/v2\/posts"}],"about":[{"href":"https:\/\/www.boxrepsol.com\/en\/wp-json\/wp\/v2\/types\/post"}],"author":[{"embeddable":true,"href":"https:\/\/www.boxrepsol.com\/en\/wp-json\/wp\/v2\/users\/43146"}],"replies":[{"embeddable":true,"href":"https:\/\/www.boxrepsol.com\/en\/wp-json\/wp\/v2\/comments?post=123573"}],"version-history":[{"count":1,"href":"https:\/\/www.boxrepsol.com\/en\/wp-json\/wp\/v2\/posts\/123573\/revisions"}],"predecessor-version":[{"id":123575,"href":"https:\/\/www.boxrepsol.com\/en\/wp-json\/wp\/v2\/posts\/123573\/revisions\/123575"}],"wp:featuredmedia":[{"embeddable":true,"href":"https:\/\/www.boxrepsol.com\/en\/wp-json\/wp\/v2\/media\/123560"}],"wp:attachment":[{"href":"https:\/\/www.boxrepsol.com\/en\/wp-json\/wp\/v2\/media?parent=123573"}],"wp:term":[{"taxonomy":"category","embeddable":true,"href":"https:\/\/www.boxrepsol.com\/en\/wp-json\/wp\/v2\/categories?post=123573"},{"taxonomy":"post_tag","embeddable":true,"href":"https:\/\/www.boxrepsol.com\/en\/wp-json\/wp\/v2\/tags?post=123573"}],"curies":[{"name":"wp","href":"https:\/\/api.w.org\/{rel}","templated":true}]}}