{"id":122213,"date":"2024-11-16T14:06:30","date_gmt":"2024-11-16T16:06:30","guid":{"rendered":"https:\/\/www.boxrepsol.com\/?p=122213"},"modified":"2024-11-16T15:06:18","modified_gmt":"2024-11-16T17:06:18","slug":"2024-solidarity-gp-sprint-race-results","status":"publish","type":"post","link":"https:\/\/www.boxrepsol.com\/en\/motogp-en\/2024-solidarity-gp-sprint-race-results\/","title":{"rendered":"2024 Solidarity GP Sprint Race Results"},"content":{"rendered":"<figure class=\"wp-block-post-featured-image\"><img loading=\"lazy\" decoding=\"async\" width=\"1200\" height=\"650\" src=\"https:\/\/bxrepsol.s3.eu-west-1.amazonaws.com\/static\/2024\/11\/16133812\/NotiWebSprint.jpg\" class=\"attachment-post-thumbnail size-post-thumbnail wp-post-image\" alt=\"Repsol Honda, s\u00e1bado, GP Solidario (web)\" style=\"object-fit:cover;\" srcset=\"https:\/\/bxrepsol.s3.eu-west-1.amazonaws.com\/static\/2024\/11\/16133812\/NotiWebSprint.jpg 1200w, https:\/\/bxrepsol.s3.eu-west-1.amazonaws.com\/static\/2024\/11\/16133812\/NotiWebSprint-300x163.jpg 300w, https:\/\/bxrepsol.s3.eu-west-1.amazonaws.com\/static\/2024\/11\/16133812\/NotiWebSprint-1024x555.jpg 1024w, https:\/\/bxrepsol.s3.eu-west-1.amazonaws.com\/static\/2024\/11\/16133812\/NotiWebSprint-768x416.jpg 768w\" sizes=\"auto, (max-width: 1200px) 100vw, 1200px\" \/><\/figure>\n\n\n<p><strong>&#8216;Pecco&#8217; Bagnaia<\/strong> took his seventh sprint race victory of the season at the Circuit de Barcelona-Catalunya, winning from pole position after pulling away from his rivals. He benefitted from an early crash involving <strong>Marc M\u00e1rquez<\/strong> and <strong>Pedro Acosta <\/strong>that stretched the field, and laid down a consistent fast pace through to the chequered flag.<\/p>\n\n\n\n<p>The fight for second place was decided on the last lap in favour of <strong>Enea Bastianini<\/strong>, leaving <strong>Jorge Mart\u00edn <\/strong>to complete the podium positions. The results for the two title contenders mean that the 2024 World Champion will be crowned in Sunday&#8217;s race.<\/p>\n\n\n\n<p><\/p>\n\n\n\n<div id=\"ez-toc-container\" class=\"ez-toc-v2_0_82_2 counter-hierarchy ez-toc-counter ez-toc-grey ez-toc-container-direction\">\n<div class=\"ez-toc-title-container\">\n<p class=\"ez-toc-title\" style=\"cursor:inherit\">\u00cdndice<\/p>\n<span class=\"ez-toc-title-toggle\"><a href=\"#\" class=\"ez-toc-pull-right ez-toc-btn ez-toc-btn-xs ez-toc-btn-default ez-toc-toggle\" aria-label=\"Toggle Table of Content\"><span class=\"ez-toc-js-icon-con\"><span class=\"\"><span class=\"eztoc-hide\" style=\"display:none;\">Toggle<\/span><span class=\"ez-toc-icon-toggle-span\"><svg style=\"fill: #999;color:#999\" xmlns=\"http:\/\/www.w3.org\/2000\/svg\" class=\"list-377408\" width=\"20px\" height=\"20px\" viewBox=\"0 0 24 24\" fill=\"none\"><path d=\"M6 6H4v2h2V6zm14 0H8v2h12V6zM4 11h2v2H4v-2zm16 0H8v2h12v-2zM4 16h2v2H4v-2zm16 0H8v2h12v-2z\" fill=\"currentColor\"><\/path><\/svg><svg style=\"fill: #999;color:#999\" class=\"arrow-unsorted-368013\" xmlns=\"http:\/\/www.w3.org\/2000\/svg\" width=\"10px\" height=\"10px\" viewBox=\"0 0 24 24\" version=\"1.2\" baseProfile=\"tiny\"><path d=\"M18.2 9.3l-6.2-6.3-6.2 6.3c-.2.2-.3.4-.3.7s.1.5.3.7c.2.2.4.3.7.3h11c.3 0 .5-.1.7-.3.2-.2.3-.5.3-.7s-.1-.5-.3-.7zM5.8 14.7l6.2 6.3 6.2-6.3c.2-.2.3-.5.3-.7s-.1-.5-.3-.7c-.2-.2-.4-.3-.7-.3h-11c-.3 0-.5.1-.7.3-.2.2-.3.5-.3.7s.1.5.3.7z\"\/><\/svg><\/span><\/span><\/span><\/a><\/span><\/div>\n<nav><ul class='ez-toc-list ez-toc-list-level-1 ' ><li class='ez-toc-page-1 ez-toc-heading-level-2'><a class=\"ez-toc-link ez-toc-heading-1\" href=\"https:\/\/www.boxrepsol.com\/en\/motogp-en\/2024-solidarity-gp-sprint-race-results\/#Top_15_for_Repsol_Honda_at_Montmelo\" >Top 15 for Repsol Honda at Montmel\u00f3<\/a><\/li><li class='ez-toc-page-1 ez-toc-heading-level-2'><a class=\"ez-toc-link ez-toc-heading-2\" href=\"https:\/\/www.boxrepsol.com\/en\/motogp-en\/2024-solidarity-gp-sprint-race-results\/#Solidarity_GP_Sprint_Race_Results_12_laps\" >Solidarity GP: Sprint Race Results (12 laps)<\/a><\/li><li class='ez-toc-page-1 ez-toc-heading-level-2'><a class=\"ez-toc-link ez-toc-heading-3\" href=\"https:\/\/www.boxrepsol.com\/en\/motogp-en\/2024-solidarity-gp-sprint-race-results\/#General_Standings\" >General Standings<\/a><\/li><li class='ez-toc-page-1 ez-toc-heading-level-2'><a class=\"ez-toc-link ez-toc-heading-4\" href=\"https:\/\/www.boxrepsol.com\/en\/motogp-en\/2024-solidarity-gp-sprint-race-results\/#Statements\" >Statements<\/a><ul class='ez-toc-list-level-3' ><li class='ez-toc-heading-level-3'><a class=\"ez-toc-link ez-toc-heading-5\" href=\"https:\/\/www.boxrepsol.com\/en\/motogp-en\/2024-solidarity-gp-sprint-race-results\/#Joan_Mir\" >Joan Mir<\/a><\/li><li class='ez-toc-page-1 ez-toc-heading-level-3'><a class=\"ez-toc-link ez-toc-heading-6\" href=\"https:\/\/www.boxrepsol.com\/en\/motogp-en\/2024-solidarity-gp-sprint-race-results\/#Luca_Marini\" >Luca Marini<\/a><\/li><\/ul><\/li><\/ul><\/nav><\/div>\n<h2 class=\"wp-block-heading\"><span class=\"ez-toc-section\" id=\"Top_15_for_Repsol_Honda_at_Montmelo\"><\/span><strong>Top 15 for Repsol Honda at Montmel\u00f3<\/strong><span class=\"ez-toc-section-end\"><\/span><\/h2>\n\n\n\n<p>A <strong>13th <\/strong>place for<strong> Joan Mir<\/strong> completed a sprint race in which he made steady progress at the Circuit de Barcelona-Catalunya. He got off to a good start to climb up to 11th, a position in which he rode for much of the race. However, in the final stretch the group that he had been leading were able to find some extra pace, and <strong>Johann Zarco<\/strong> and <strong>Maverick Vi\u00f1ales<\/strong> overtook him.<\/p>\n\n\n\n<p><strong>Luca Marini <\/strong>also made a good start, but was unable to make up more than one position. He ended up completing the last sprint of the year by rounding off the <strong>Top 15<\/strong>.<\/p>\n\n\n\n<p>On Sunday <strong>at 2:00 p.m. local time<\/strong>, the twentieth and final race of the 2024 MotoGP season will take place.<\/p>\n\n\n\n<p><\/p>\n\n\n\n<p><\/p>\n\n\n\n<h2 class=\"wp-block-heading\"><span class=\"ez-toc-section\" id=\"Solidarity_GP_Sprint_Race_Results_12_laps\"><\/span><strong>Solidarity GP: Sprint Race Results (12 laps)<\/strong><span class=\"ez-toc-section-end\"><\/span><\/h2>\n\n\n\n<figure class=\"wp-block-table is-style-stripes\"><table><tbody><tr><td><strong>RIDER<\/strong><\/td><td><strong>TEAM<\/strong><\/td><td><strong>TIME<\/strong><\/td><\/tr><tr><td>1. &#8216;Pecco&#8217; Bagnaia<\/td><td>DUCATI<\/td><td>20:03.173<\/td><\/tr><tr><td>2. Enea Bastianini<\/td><td>DUCATI<\/td><td>+0.942<\/td><\/tr><tr><td>3. Jorge Mart\u00edn<\/td><td>DUCATI<\/td><td>+1.270<\/td><\/tr><tr><td>4. Aleix Espargar\u00f3<\/td><td>APRILIA<\/td><td>+1.857<\/td><\/tr><tr><td>5. \u00c1lex M\u00e1rquez<\/td><td>DUCATI<\/td><td>+1.942<\/td><\/tr><tr><td>6. Franco Morbidelli<\/td><td>DUCATI<\/td><td>+5.263<\/td><\/tr><tr><td>7. Marc M\u00e1rquez<\/td><td>DUCATI<\/td><td>+5.303<\/td><\/tr><tr><td>8. Marco Bezzecchi<\/td><td>DUCATI<\/td><td>+5.507<\/td><\/tr><tr><td>9. Brad Binder<\/td><td>KTM<\/td><td>+5.573<\/td><\/tr><tr><td>10. Fabio Quartararo<\/td><td>YAMAHA<\/td><td>+5.937<\/td><\/tr><tr><td>11. Johann Zarco<\/td><td>HONDA<\/td><td>+7.413<\/td><\/tr><tr><td>12. Maverick Vi\u00f1ales<\/td><td>APRILIA<\/td><td>+8.344<\/td><\/tr><tr><td><strong>13. Joan Mir<\/strong><\/td><td><strong>REPSOL HONDA<\/strong><\/td><td><strong>+9.387<\/strong><\/td><\/tr><tr><td>14. Ra\u00fal Fern\u00e1ndez<\/td><td>APRILIA<\/td><td>+9.652<\/td><\/tr><tr><td><strong>15. Luca Marini<\/strong><\/td><td><strong>REPSOL HONDA<\/strong><\/td><td><strong>+11.838<\/strong><\/td><\/tr><tr><td>16. \u00c0lex Rins<\/td><td>YAMAHA<\/td><td>+13.217<\/td><\/tr><tr><td>17. Takaaki Nakagami<\/td><td>HONDA<\/td><td>+17.017<\/td><\/tr><tr><td>18. Miguel Oliveira<\/td><td>APRILIA<\/td><td>+17.746<\/td><\/tr><tr><td>19. Jack Miller<\/td><td>KTM<\/td><td>+18.533<\/td><\/tr><tr><td>20. Augusto Fern\u00e1ndez<\/td><td>GASGAS<\/td><td>+20.153<\/td><\/tr><tr><td>21. Michele Pirro<\/td><td>DUCATI<\/td><td>+20.547<\/td><\/tr><tr><td>22. Stefan Bradl <\/td><td>HONDA<\/td><td>+24.604<\/td><\/tr><\/tbody><\/table><\/figure>\n\n\n\n<p><\/p>\n\n\n\n<h2 class=\"wp-block-heading\"><span class=\"ez-toc-section\" id=\"General_Standings\"><\/span><strong>General<\/strong> <strong>Standings<\/strong><span class=\"ez-toc-section-end\"><\/span><\/h2>\n\n\n\n<figure class=\"wp-block-table is-style-stripes\"><table><tbody><tr><td><strong>RIDER<\/strong><\/td><td><strong>TEAM<\/strong><\/td><td><strong>POINTS<\/strong><\/td><\/tr><tr><td>1. Jorge Mart\u00edn<\/td><td>DUCATI<\/td><td>492<\/td><\/tr><tr><td>2.  &#8216;Pecco&#8217; Bagnaia<\/td><td>DUCATI<\/td><td>473<\/td><\/tr><tr><td>3. Enea Bastianini<\/td><td>DUCATI<\/td><td>377<\/td><\/tr><tr><td>4. Marc M\u00e1rquez<\/td><td>DUCATI<\/td><td>372<\/td><\/tr><tr><td>5. Pedro Acosta<\/td><td>KTM<\/td><td>209<\/td><\/tr><tr><td>6. Brad Binder<\/td><td>GASGAS<\/td><td>207<\/td><\/tr><tr><td>7.  Maverick Vi\u00f1ales<\/td><td>APRILIA<\/td><td>189<\/td><\/tr><tr><td>8. Fabio Di Giannantonio<\/td><td>DUCATI<\/td><td>165<\/td><\/tr><tr><td>9. Franco Morbidelli<\/td><td>DUCATI<\/td><td>165<\/td><\/tr><tr><td>10. \u00c1lex M\u00e1rquez<\/td><td>APRILIA<\/td><td>160<\/td><\/tr><tr><td>11. Aleix Espargar\u00f3<\/td><td>DUCATI<\/td><td>152<\/td><\/tr><tr><td>12. Marco Bezzecchi<\/td><td>DUCATI<\/td><td>146<\/td><\/tr><tr><td>13. Fabio Quartararo<\/td><td>YAMAHA<\/td><td>108<\/td><\/tr><tr><td>14. Jack Miller<\/td><td>KTM<\/td><td>84<\/td><\/tr><tr><td>15. Miguel Oliveira<\/td><td>APRILIA<\/td><td>71<\/td><\/tr><tr><td>16. Ra\u00fal Fern\u00e1ndez<\/td><td>APRILIA<\/td><td>66<\/td><\/tr><tr><td>17. Johann Zarco<\/td><td>HONDA<\/td><td>53<\/td><\/tr><tr><td>18. \u00c0lex Rins<\/td><td>HONDA<\/td><td>31<\/td><\/tr><tr><td>19. Takaaki Nakagami<\/td><td>YAMAHA<\/td><td>31<\/td><\/tr><tr><td>20. Augusto Fern\u00e1ndez<\/td><td>GASGAS<\/td><td>27<\/td><\/tr><tr><td><strong>21. Joan Mir<\/strong><\/td><td><strong>REPSOL HONDA<\/strong><\/td><td><strong>21<\/strong><\/td><\/tr><tr><td><strong>22. Luca Marini<\/strong><\/td><td><strong>REPSOL HONDA<\/strong><\/td><td><strong>1<\/strong>4<\/td><\/tr><tr><td>23. Pol Espargar\u00f3<\/td><td>KTM<\/td><td>12<\/td><\/tr><tr><td>24. Dani Pedrosa<\/td><td>KTM<\/td><td>7<\/td><\/tr><tr><td>25. Stefan Bradl<\/td><td>HONDA<\/td><td>2<\/td><\/tr><tr><td>26. Remy Gardner<\/td><td>YAMAHA<\/td><td>0<\/td><\/tr><tr><td>27. Andrea Iannone<\/td><td>DUCATI<\/td><td>0<\/td><\/tr><tr><td>28. Lorenzo Savadori<\/td><td>APRILIA<\/td><td>0<\/td><\/tr><tr><td>29. Michele Pirro<\/td><td>DUCATI<\/td><td>0<\/td><\/tr><\/tbody><\/table><\/figure>\n\n\n\n<p><\/p>\n\n\n\n<div id=\"9a69b9d0-53e0-4559-bcd5-a6628c6c6c28\" class=\"br-slider-box\"><div class=\"wp-block-create-block-repsol-carousel br-slider\"><a target=\"_blank\" href=\"https:\/\/bxrepsol.s3.eu-west-1.amazonaws.com\/static\/2024\/11\/16150403\/Recap5-1.jpg\" data-index=\"0\" rel=\"noopener\"><img decoding=\"async\" src=\"https:\/\/bxrepsol.s3.eu-west-1.amazonaws.com\/static\/2024\/11\/16150403\/Recap5-1.jpg\"\/><\/a><a target=\"_blank\" href=\"https:\/\/bxrepsol.s3.eu-west-1.amazonaws.com\/static\/2024\/11\/16150401\/Recap4-1.jpg\" data-index=\"1\" rel=\"noopener\"><img decoding=\"async\" src=\"https:\/\/bxrepsol.s3.eu-west-1.amazonaws.com\/static\/2024\/11\/16150401\/Recap4-1.jpg\"\/><\/a><a target=\"_blank\" href=\"https:\/\/bxrepsol.s3.eu-west-1.amazonaws.com\/static\/2024\/11\/16150428\/Recap6.png\" data-index=\"2\" rel=\"noopener\"><img decoding=\"async\" src=\"https:\/\/bxrepsol.s3.eu-west-1.amazonaws.com\/static\/2024\/11\/16150428\/Recap6.png\"\/><\/a><a target=\"_blank\" href=\"https:\/\/bxrepsol.s3.eu-west-1.amazonaws.com\/static\/2024\/11\/16150349\/Recap1-1.jpg\" data-index=\"3\" rel=\"noopener\"><img decoding=\"async\" src=\"https:\/\/bxrepsol.s3.eu-west-1.amazonaws.com\/static\/2024\/11\/16150349\/Recap1-1.jpg\"\/><\/a><a target=\"_blank\" href=\"https:\/\/bxrepsol.s3.eu-west-1.amazonaws.com\/static\/2024\/11\/16150355\/Recap3-1.jpg\" data-index=\"4\" rel=\"noopener\"><img decoding=\"async\" src=\"https:\/\/bxrepsol.s3.eu-west-1.amazonaws.com\/static\/2024\/11\/16150355\/Recap3-1.jpg\"\/><\/a><\/div><div class=\"br-slider-buttons\"><button class=\"arrow rds-icon arrow--left rds-icon-Arrow_left\"><\/button><button class=\"arrow rds-icon arrow--right rds-icon-Arrow_right\"><\/button><\/div><\/div>\n\n\n\n<p><\/p>\n\n\n\n<h2 class=\"wp-block-heading\"><span class=\"ez-toc-section\" id=\"Statements\"><\/span><strong>Statements<\/strong><span class=\"ez-toc-section-end\"><\/span><\/h2>\n\n\n\n<h3 class=\"wp-block-heading\"><span class=\"ez-toc-section\" id=\"Joan_Mir\"><\/span><strong>Joan Mir<\/strong><span class=\"ez-toc-section-end\"><\/span><\/h3>\n\n\n\n<p>\u00abWe have had a positive day today and that\u2019s what we need to focus on more than anything, we made a step forward and in Qualifying we were really competitive. I made some small mistakes on the lap which cost us Q2, but honestly it was a big boost to be that competitive after some tough races in Asia. In the race I was able to make a great start, moving into the top ten on the first lap. Unfortunately, in the race we had the same vibrations that have been there throughout the year so we dropped back. But honestly, I am happy because this weekend I have been able to see where we have improved the bike over the course of the year. One more day, one more chance to end well!\u00bb<\/p>\n\n\n\n<h3 class=\"wp-block-heading\"><span class=\"ez-toc-section\" id=\"Luca_Marini\"><\/span><strong>Luca Marini<\/strong><span class=\"ez-toc-section-end\"><\/span><\/h3>\n\n\n\n<p>\u00abI was expecting a little more from the race today, especially at the start \u2013 I wasn\u2019t able to make use of the extra grip of the tyre to attack at the start. After the first two laps my pace was ok, we need to find more rear traction to turn more. There is work to do, but we can see that there is space to do it and we will keep on trying until the final race of tomorrow. Coming back to Barcelona allows us to check the difference that we have made throughout the year which is very positive.\u00bb<\/p>\n","protected":false},"excerpt":{"rendered":"<p>There was a clear victory in the sprint race for &#8216;Pecco&#8217; Bagnaia, to extend the fight for the title until the final race. Enea Bastianini and Jorge Mart\u00edn complete the podium in Barcelona.<\/p>\n","protected":false},"author":43146,"featured_media":122227,"comment_status":"open","ping_status":"closed","sticky":false,"template":"","format":"standard","meta":{"footnotes":""},"categories":[146],"tags":[282,423,440,533],"class_list":["post-122213","post","type-post","status-publish","format-standard","hentry","category-motogp-en","tag-joan-mir-en","tag-luca-marini-en","tag-motogp-2024-en","tag-solidarity-gp"],"yoast_head":"<!-- This site is optimized with the Yoast SEO plugin v27.3 - https:\/\/yoast.com\/product\/yoast-seo-wordpress\/ -->\n<title>2024 Solidarity GP Sprint Race Results - Box Repsol<\/title>\n<meta name=\"description\" content=\"Results of the sprint race of the Solidarity Grand Prix of MotoGP 2024 held in Barcelona-Catalunya track.\" \/>\n<link rel=\"canonical\" href=\"https:\/\/www.boxrepsol.com\/en\/motogp-en\/2024-solidarity-gp-sprint-race-results\/\" \/>\n<meta property=\"og:locale\" content=\"en_US\" \/>\n<meta property=\"og:type\" content=\"article\" \/>\n<meta property=\"og:title\" content=\"2024 Solidarity GP Sprint Race Results - Box Repsol\" \/>\n<meta property=\"og:description\" content=\"Results of the sprint race of the Solidarity Grand Prix of MotoGP 2024 held in Barcelona-Catalunya track.\" \/>\n<meta property=\"og:url\" content=\"https:\/\/www.boxrepsol.com\/en\/motogp-en\/2024-solidarity-gp-sprint-race-results\/\" \/>\n<meta property=\"og:site_name\" content=\"Box Repsol\" \/>\n<meta property=\"article:publisher\" content=\"https:\/\/www.facebook.com\/BoxRepsol\" \/>\n<meta property=\"article:author\" content=\"https:\/\/www.facebook.com\/BoxRepsol\/\" \/>\n<meta property=\"article:published_time\" content=\"2024-11-16T16:06:30+00:00\" \/>\n<meta property=\"article:modified_time\" content=\"2024-11-16T17:06:18+00:00\" \/>\n<meta property=\"og:image\" content=\"https:\/\/bxrepsol.s3.eu-west-1.amazonaws.com\/static\/2024\/11\/16133812\/NotiWebSprint.jpg\" \/>\n\t<meta property=\"og:image:width\" content=\"1200\" \/>\n\t<meta property=\"og:image:height\" content=\"650\" \/>\n\t<meta property=\"og:image:type\" content=\"image\/jpeg\" \/>\n<meta name=\"author\" content=\"Redacci\u00f3n Box Repsol\" \/>\n<meta name=\"twitter:card\" content=\"summary_large_image\" \/>\n<meta name=\"twitter:creator\" content=\"@https:\/\/twitter.com\/box_repsol\" \/>\n<meta name=\"twitter:site\" content=\"@box_repsol\" \/>\n<meta name=\"twitter:label1\" content=\"Written by\" \/>\n\t<meta name=\"twitter:data1\" content=\"Redacci\u00f3n Box Repsol\" \/>\n\t<meta name=\"twitter:label2\" content=\"Est. reading time\" \/>\n\t<meta name=\"twitter:data2\" content=\"3 minutes\" \/>\n<script type=\"application\/ld+json\" class=\"yoast-schema-graph\">{\"@context\":\"https:\\\/\\\/schema.org\",\"@graph\":[{\"@type\":\"Article\",\"@id\":\"https:\\\/\\\/www.boxrepsol.com\\\/en\\\/motogp-en\\\/2024-solidarity-gp-sprint-race-results\\\/#article\",\"isPartOf\":{\"@id\":\"https:\\\/\\\/www.boxrepsol.com\\\/en\\\/motogp-en\\\/2024-solidarity-gp-sprint-race-results\\\/\"},\"author\":{\"name\":\"Redacci\u00f3n Box Repsol\",\"@id\":\"https:\\\/\\\/www.boxrepsol.com\\\/en\\\/#\\\/schema\\\/person\\\/c5c2138f2cca251b0ad92b7086bb60b7\"},\"headline\":\"2024 Solidarity GP Sprint Race Results\",\"datePublished\":\"2024-11-16T16:06:30+00:00\",\"dateModified\":\"2024-11-16T17:06:18+00:00\",\"mainEntityOfPage\":{\"@id\":\"https:\\\/\\\/www.boxrepsol.com\\\/en\\\/motogp-en\\\/2024-solidarity-gp-sprint-race-results\\\/\"},\"wordCount\":660,\"commentCount\":0,\"publisher\":{\"@id\":\"https:\\\/\\\/www.boxrepsol.com\\\/en\\\/#organization\"},\"image\":{\"@id\":\"https:\\\/\\\/www.boxrepsol.com\\\/en\\\/motogp-en\\\/2024-solidarity-gp-sprint-race-results\\\/#primaryimage\"},\"thumbnailUrl\":\"https:\\\/\\\/bxrepsol.s3.eu-west-1.amazonaws.com\\\/static\\\/2024\\\/11\\\/16133812\\\/NotiWebSprint.jpg\",\"keywords\":[\"Joan Mir\",\"Luca Marini\",\"MotoGP 2024\",\"Solidarity GP\"],\"articleSection\":[\"MotoGP\"],\"inLanguage\":\"en-US\",\"potentialAction\":[{\"@type\":\"CommentAction\",\"name\":\"Comment\",\"target\":[\"https:\\\/\\\/www.boxrepsol.com\\\/en\\\/motogp-en\\\/2024-solidarity-gp-sprint-race-results\\\/#respond\"]}]},{\"@type\":\"WebPage\",\"@id\":\"https:\\\/\\\/www.boxrepsol.com\\\/en\\\/motogp-en\\\/2024-solidarity-gp-sprint-race-results\\\/\",\"url\":\"https:\\\/\\\/www.boxrepsol.com\\\/en\\\/motogp-en\\\/2024-solidarity-gp-sprint-race-results\\\/\",\"name\":\"2024 Solidarity GP Sprint Race Results - Box Repsol\",\"isPartOf\":{\"@id\":\"https:\\\/\\\/www.boxrepsol.com\\\/en\\\/#website\"},\"primaryImageOfPage\":{\"@id\":\"https:\\\/\\\/www.boxrepsol.com\\\/en\\\/motogp-en\\\/2024-solidarity-gp-sprint-race-results\\\/#primaryimage\"},\"image\":{\"@id\":\"https:\\\/\\\/www.boxrepsol.com\\\/en\\\/motogp-en\\\/2024-solidarity-gp-sprint-race-results\\\/#primaryimage\"},\"thumbnailUrl\":\"https:\\\/\\\/bxrepsol.s3.eu-west-1.amazonaws.com\\\/static\\\/2024\\\/11\\\/16133812\\\/NotiWebSprint.jpg\",\"datePublished\":\"2024-11-16T16:06:30+00:00\",\"dateModified\":\"2024-11-16T17:06:18+00:00\",\"description\":\"Results of the sprint race of the Solidarity Grand Prix of MotoGP 2024 held in Barcelona-Catalunya track.\",\"breadcrumb\":{\"@id\":\"https:\\\/\\\/www.boxrepsol.com\\\/en\\\/motogp-en\\\/2024-solidarity-gp-sprint-race-results\\\/#breadcrumb\"},\"inLanguage\":\"en-US\",\"potentialAction\":[{\"@type\":\"ReadAction\",\"target\":[\"https:\\\/\\\/www.boxrepsol.com\\\/en\\\/motogp-en\\\/2024-solidarity-gp-sprint-race-results\\\/\"]}]},{\"@type\":\"ImageObject\",\"inLanguage\":\"en-US\",\"@id\":\"https:\\\/\\\/www.boxrepsol.com\\\/en\\\/motogp-en\\\/2024-solidarity-gp-sprint-race-results\\\/#primaryimage\",\"url\":\"https:\\\/\\\/bxrepsol.s3.eu-west-1.amazonaws.com\\\/static\\\/2024\\\/11\\\/16133812\\\/NotiWebSprint.jpg\",\"contentUrl\":\"https:\\\/\\\/bxrepsol.s3.eu-west-1.amazonaws.com\\\/static\\\/2024\\\/11\\\/16133812\\\/NotiWebSprint.jpg\",\"width\":1200,\"height\":650,\"caption\":\"Repsol Honda, s\u00e1bado, GP Solidario (web)\"},{\"@type\":\"BreadcrumbList\",\"@id\":\"https:\\\/\\\/www.boxrepsol.com\\\/en\\\/motogp-en\\\/2024-solidarity-gp-sprint-race-results\\\/#breadcrumb\",\"itemListElement\":[{\"@type\":\"ListItem\",\"position\":1,\"name\":\"Home\",\"item\":\"https:\\\/\\\/www.boxrepsol.com\\\/en\\\/\"},{\"@type\":\"ListItem\",\"position\":2,\"name\":\"2024 Solidarity GP Sprint Race Results\"}]},{\"@type\":\"WebSite\",\"@id\":\"https:\\\/\\\/www.boxrepsol.com\\\/en\\\/#website\",\"url\":\"https:\\\/\\\/www.boxrepsol.com\\\/en\\\/\",\"name\":\"Box Repsol\",\"description\":\"Box Repsol Site\",\"publisher\":{\"@id\":\"https:\\\/\\\/www.boxrepsol.com\\\/en\\\/#organization\"},\"potentialAction\":[{\"@type\":\"SearchAction\",\"target\":{\"@type\":\"EntryPoint\",\"urlTemplate\":\"https:\\\/\\\/www.boxrepsol.com\\\/en\\\/?s={search_term_string}\"},\"query-input\":{\"@type\":\"PropertyValueSpecification\",\"valueRequired\":true,\"valueName\":\"search_term_string\"}}],\"inLanguage\":\"en-US\"},{\"@type\":\"Organization\",\"@id\":\"https:\\\/\\\/www.boxrepsol.com\\\/en\\\/#organization\",\"name\":\"Box Repsol\",\"url\":\"https:\\\/\\\/www.boxrepsol.com\\\/en\\\/\",\"logo\":{\"@type\":\"ImageObject\",\"inLanguage\":\"en-US\",\"@id\":\"https:\\\/\\\/www.boxrepsol.com\\\/en\\\/#\\\/schema\\\/logo\\\/image\\\/\",\"url\":\"https:\\\/\\\/bxrepsol.s3.eu-west-1.amazonaws.com\\\/static\\\/2025\\\/07\\\/30083337\\\/favicon-96x96-1.png\",\"contentUrl\":\"https:\\\/\\\/bxrepsol.s3.eu-west-1.amazonaws.com\\\/static\\\/2025\\\/07\\\/30083337\\\/favicon-96x96-1.png\",\"width\":96,\"height\":96,\"caption\":\"Box Repsol\"},\"image\":{\"@id\":\"https:\\\/\\\/www.boxrepsol.com\\\/en\\\/#\\\/schema\\\/logo\\\/image\\\/\"},\"sameAs\":[\"https:\\\/\\\/www.facebook.com\\\/BoxRepsol\",\"https:\\\/\\\/x.com\\\/box_repsol\",\"http:\\\/\\\/instagram.com\\\/box_repsol\",\"https:\\\/\\\/www.youtube.com\\\/user\\\/RepsolCompeticion\",\"https:\\\/\\\/www.flickr.com\\\/photos\\\/box_repsol\\\/\"]},{\"@type\":\"Person\",\"@id\":\"https:\\\/\\\/www.boxrepsol.com\\\/en\\\/#\\\/schema\\\/person\\\/c5c2138f2cca251b0ad92b7086bb60b7\",\"name\":\"Redacci\u00f3n Box Repsol\",\"image\":{\"@type\":\"ImageObject\",\"inLanguage\":\"en-US\",\"@id\":\"https:\\\/\\\/secure.gravatar.com\\\/avatar\\\/adf7b77e38b4419baf32c7e9c21dde01f4e40df611f0978e3006fc4ba0aaab7e?s=96&d=mm&r=g\",\"url\":\"https:\\\/\\\/secure.gravatar.com\\\/avatar\\\/adf7b77e38b4419baf32c7e9c21dde01f4e40df611f0978e3006fc4ba0aaab7e?s=96&d=mm&r=g\",\"contentUrl\":\"https:\\\/\\\/secure.gravatar.com\\\/avatar\\\/adf7b77e38b4419baf32c7e9c21dde01f4e40df611f0978e3006fc4ba0aaab7e?s=96&d=mm&r=g\",\"caption\":\"Redacci\u00f3n Box Repsol\"},\"description\":\"Box Repsol lo forma un equipo de periodistas, community managers, dise\u00f1adores y fot\u00f3grafos con m\u00e1s de 20 a\u00f1os de experiencia en el mundo del motorsport. Hemos vivido el primer mundial de un espa\u00f1ol en la categor\u00eda reina de motociclismo con \u00c1lex Crivill\u00e9, estuvimos en las victorias de Pedrosa y los t\u00edtulos de M\u00e1rquez, acompa\u00f1amos en \u00c1frica a Nani Roma y Marc Coma en sus conquistas del Dakar y hemos vibrado con los t\u00edtulos de Toni Bou en Trial. Adem\u00e1s, en nuestro equipo contamos con expertos en el mundo de las dos y cuatro ruedas tanto de la calle y las carreteras, como de los circuitos. Periodistas que han trabajado en revistas y publicaciones para hacerte llegar desde rutas y consejos de mantenimiento, a curiosidades y trucos de pilotaje.\",\"sameAs\":[\"https:\\\/\\\/www.facebook.com\\\/BoxRepsol\\\/\",\"https:\\\/\\\/www.instagram.com\\\/box_repsol\\\/\",\"https:\\\/\\\/x.com\\\/https:\\\/\\\/twitter.com\\\/box_repsol\",\"https:\\\/\\\/www.youtube.com\\\/@Boxrepsol\"],\"url\":\"https:\\\/\\\/www.boxrepsol.com\\\/en\\\/author\\\/redaccion-box-repsol\\\/\"}]}<\/script>\n<!-- \/ Yoast SEO plugin. -->","yoast_head_json":{"title":"2024 Solidarity GP Sprint Race Results - Box Repsol","description":"Results of the sprint race of the Solidarity Grand Prix of MotoGP 2024 held in Barcelona-Catalunya track.","canonical":"https:\/\/www.boxrepsol.com\/en\/motogp-en\/2024-solidarity-gp-sprint-race-results\/","og_locale":"en_US","og_type":"article","og_title":"2024 Solidarity GP Sprint Race Results - Box Repsol","og_description":"Results of the sprint race of the Solidarity Grand Prix of MotoGP 2024 held in Barcelona-Catalunya track.","og_url":"https:\/\/www.boxrepsol.com\/en\/motogp-en\/2024-solidarity-gp-sprint-race-results\/","og_site_name":"Box Repsol","article_publisher":"https:\/\/www.facebook.com\/BoxRepsol","article_author":"https:\/\/www.facebook.com\/BoxRepsol\/","article_published_time":"2024-11-16T16:06:30+00:00","article_modified_time":"2024-11-16T17:06:18+00:00","og_image":[{"width":1200,"height":650,"url":"https:\/\/bxrepsol.s3.eu-west-1.amazonaws.com\/static\/2024\/11\/16133812\/NotiWebSprint.jpg","type":"image\/jpeg"}],"author":"Redacci\u00f3n Box Repsol","twitter_card":"summary_large_image","twitter_creator":"@https:\/\/twitter.com\/box_repsol","twitter_site":"@box_repsol","twitter_misc":{"Written by":"Redacci\u00f3n Box Repsol","Est. reading time":"3 minutes"},"schema":{"@context":"https:\/\/schema.org","@graph":[{"@type":"Article","@id":"https:\/\/www.boxrepsol.com\/en\/motogp-en\/2024-solidarity-gp-sprint-race-results\/#article","isPartOf":{"@id":"https:\/\/www.boxrepsol.com\/en\/motogp-en\/2024-solidarity-gp-sprint-race-results\/"},"author":{"name":"Redacci\u00f3n Box Repsol","@id":"https:\/\/www.boxrepsol.com\/en\/#\/schema\/person\/c5c2138f2cca251b0ad92b7086bb60b7"},"headline":"2024 Solidarity GP Sprint Race Results","datePublished":"2024-11-16T16:06:30+00:00","dateModified":"2024-11-16T17:06:18+00:00","mainEntityOfPage":{"@id":"https:\/\/www.boxrepsol.com\/en\/motogp-en\/2024-solidarity-gp-sprint-race-results\/"},"wordCount":660,"commentCount":0,"publisher":{"@id":"https:\/\/www.boxrepsol.com\/en\/#organization"},"image":{"@id":"https:\/\/www.boxrepsol.com\/en\/motogp-en\/2024-solidarity-gp-sprint-race-results\/#primaryimage"},"thumbnailUrl":"https:\/\/bxrepsol.s3.eu-west-1.amazonaws.com\/static\/2024\/11\/16133812\/NotiWebSprint.jpg","keywords":["Joan Mir","Luca Marini","MotoGP 2024","Solidarity GP"],"articleSection":["MotoGP"],"inLanguage":"en-US","potentialAction":[{"@type":"CommentAction","name":"Comment","target":["https:\/\/www.boxrepsol.com\/en\/motogp-en\/2024-solidarity-gp-sprint-race-results\/#respond"]}]},{"@type":"WebPage","@id":"https:\/\/www.boxrepsol.com\/en\/motogp-en\/2024-solidarity-gp-sprint-race-results\/","url":"https:\/\/www.boxrepsol.com\/en\/motogp-en\/2024-solidarity-gp-sprint-race-results\/","name":"2024 Solidarity GP Sprint Race Results - Box Repsol","isPartOf":{"@id":"https:\/\/www.boxrepsol.com\/en\/#website"},"primaryImageOfPage":{"@id":"https:\/\/www.boxrepsol.com\/en\/motogp-en\/2024-solidarity-gp-sprint-race-results\/#primaryimage"},"image":{"@id":"https:\/\/www.boxrepsol.com\/en\/motogp-en\/2024-solidarity-gp-sprint-race-results\/#primaryimage"},"thumbnailUrl":"https:\/\/bxrepsol.s3.eu-west-1.amazonaws.com\/static\/2024\/11\/16133812\/NotiWebSprint.jpg","datePublished":"2024-11-16T16:06:30+00:00","dateModified":"2024-11-16T17:06:18+00:00","description":"Results of the sprint race of the Solidarity Grand Prix of MotoGP 2024 held in Barcelona-Catalunya track.","breadcrumb":{"@id":"https:\/\/www.boxrepsol.com\/en\/motogp-en\/2024-solidarity-gp-sprint-race-results\/#breadcrumb"},"inLanguage":"en-US","potentialAction":[{"@type":"ReadAction","target":["https:\/\/www.boxrepsol.com\/en\/motogp-en\/2024-solidarity-gp-sprint-race-results\/"]}]},{"@type":"ImageObject","inLanguage":"en-US","@id":"https:\/\/www.boxrepsol.com\/en\/motogp-en\/2024-solidarity-gp-sprint-race-results\/#primaryimage","url":"https:\/\/bxrepsol.s3.eu-west-1.amazonaws.com\/static\/2024\/11\/16133812\/NotiWebSprint.jpg","contentUrl":"https:\/\/bxrepsol.s3.eu-west-1.amazonaws.com\/static\/2024\/11\/16133812\/NotiWebSprint.jpg","width":1200,"height":650,"caption":"Repsol Honda, s\u00e1bado, GP Solidario (web)"},{"@type":"BreadcrumbList","@id":"https:\/\/www.boxrepsol.com\/en\/motogp-en\/2024-solidarity-gp-sprint-race-results\/#breadcrumb","itemListElement":[{"@type":"ListItem","position":1,"name":"Home","item":"https:\/\/www.boxrepsol.com\/en\/"},{"@type":"ListItem","position":2,"name":"2024 Solidarity GP Sprint Race Results"}]},{"@type":"WebSite","@id":"https:\/\/www.boxrepsol.com\/en\/#website","url":"https:\/\/www.boxrepsol.com\/en\/","name":"Box Repsol","description":"Box Repsol Site","publisher":{"@id":"https:\/\/www.boxrepsol.com\/en\/#organization"},"potentialAction":[{"@type":"SearchAction","target":{"@type":"EntryPoint","urlTemplate":"https:\/\/www.boxrepsol.com\/en\/?s={search_term_string}"},"query-input":{"@type":"PropertyValueSpecification","valueRequired":true,"valueName":"search_term_string"}}],"inLanguage":"en-US"},{"@type":"Organization","@id":"https:\/\/www.boxrepsol.com\/en\/#organization","name":"Box Repsol","url":"https:\/\/www.boxrepsol.com\/en\/","logo":{"@type":"ImageObject","inLanguage":"en-US","@id":"https:\/\/www.boxrepsol.com\/en\/#\/schema\/logo\/image\/","url":"https:\/\/bxrepsol.s3.eu-west-1.amazonaws.com\/static\/2025\/07\/30083337\/favicon-96x96-1.png","contentUrl":"https:\/\/bxrepsol.s3.eu-west-1.amazonaws.com\/static\/2025\/07\/30083337\/favicon-96x96-1.png","width":96,"height":96,"caption":"Box Repsol"},"image":{"@id":"https:\/\/www.boxrepsol.com\/en\/#\/schema\/logo\/image\/"},"sameAs":["https:\/\/www.facebook.com\/BoxRepsol","https:\/\/x.com\/box_repsol","http:\/\/instagram.com\/box_repsol","https:\/\/www.youtube.com\/user\/RepsolCompeticion","https:\/\/www.flickr.com\/photos\/box_repsol\/"]},{"@type":"Person","@id":"https:\/\/www.boxrepsol.com\/en\/#\/schema\/person\/c5c2138f2cca251b0ad92b7086bb60b7","name":"Redacci\u00f3n Box Repsol","image":{"@type":"ImageObject","inLanguage":"en-US","@id":"https:\/\/secure.gravatar.com\/avatar\/adf7b77e38b4419baf32c7e9c21dde01f4e40df611f0978e3006fc4ba0aaab7e?s=96&d=mm&r=g","url":"https:\/\/secure.gravatar.com\/avatar\/adf7b77e38b4419baf32c7e9c21dde01f4e40df611f0978e3006fc4ba0aaab7e?s=96&d=mm&r=g","contentUrl":"https:\/\/secure.gravatar.com\/avatar\/adf7b77e38b4419baf32c7e9c21dde01f4e40df611f0978e3006fc4ba0aaab7e?s=96&d=mm&r=g","caption":"Redacci\u00f3n Box Repsol"},"description":"Box Repsol lo forma un equipo de periodistas, community managers, dise\u00f1adores y fot\u00f3grafos con m\u00e1s de 20 a\u00f1os de experiencia en el mundo del motorsport. Hemos vivido el primer mundial de un espa\u00f1ol en la categor\u00eda reina de motociclismo con \u00c1lex Crivill\u00e9, estuvimos en las victorias de Pedrosa y los t\u00edtulos de M\u00e1rquez, acompa\u00f1amos en \u00c1frica a Nani Roma y Marc Coma en sus conquistas del Dakar y hemos vibrado con los t\u00edtulos de Toni Bou en Trial. Adem\u00e1s, en nuestro equipo contamos con expertos en el mundo de las dos y cuatro ruedas tanto de la calle y las carreteras, como de los circuitos. Periodistas que han trabajado en revistas y publicaciones para hacerte llegar desde rutas y consejos de mantenimiento, a curiosidades y trucos de pilotaje.","sameAs":["https:\/\/www.facebook.com\/BoxRepsol\/","https:\/\/www.instagram.com\/box_repsol\/","https:\/\/x.com\/https:\/\/twitter.com\/box_repsol","https:\/\/www.youtube.com\/@Boxrepsol"],"url":"https:\/\/www.boxrepsol.com\/en\/author\/redaccion-box-repsol\/"}]}},"_links":{"self":[{"href":"https:\/\/www.boxrepsol.com\/en\/wp-json\/wp\/v2\/posts\/122213","targetHints":{"allow":["GET"]}}],"collection":[{"href":"https:\/\/www.boxrepsol.com\/en\/wp-json\/wp\/v2\/posts"}],"about":[{"href":"https:\/\/www.boxrepsol.com\/en\/wp-json\/wp\/v2\/types\/post"}],"author":[{"embeddable":true,"href":"https:\/\/www.boxrepsol.com\/en\/wp-json\/wp\/v2\/users\/43146"}],"replies":[{"embeddable":true,"href":"https:\/\/www.boxrepsol.com\/en\/wp-json\/wp\/v2\/comments?post=122213"}],"version-history":[{"count":9,"href":"https:\/\/www.boxrepsol.com\/en\/wp-json\/wp\/v2\/posts\/122213\/revisions"}],"predecessor-version":[{"id":122256,"href":"https:\/\/www.boxrepsol.com\/en\/wp-json\/wp\/v2\/posts\/122213\/revisions\/122256"}],"wp:featuredmedia":[{"embeddable":true,"href":"https:\/\/www.boxrepsol.com\/en\/wp-json\/wp\/v2\/media\/122227"}],"wp:attachment":[{"href":"https:\/\/www.boxrepsol.com\/en\/wp-json\/wp\/v2\/media?parent=122213"}],"wp:term":[{"taxonomy":"category","embeddable":true,"href":"https:\/\/www.boxrepsol.com\/en\/wp-json\/wp\/v2\/categories?post=122213"},{"taxonomy":"post_tag","embeddable":true,"href":"https:\/\/www.boxrepsol.com\/en\/wp-json\/wp\/v2\/tags?post=122213"}],"curies":[{"name":"wp","href":"https:\/\/api.w.org\/{rel}","templated":true}]}}