{"id":120604,"date":"2024-10-06T12:00:00","date_gmt":"2024-10-06T14:00:00","guid":{"rendered":"https:\/\/www.boxrepsol.com\/?p=120604"},"modified":"2024-10-07T10:07:30","modified_gmt":"2024-10-07T12:07:30","slug":"repsol-drivers-put-renewable-fuels-to-the-test-in-rally-of-morocco","status":"publish","type":"post","link":"https:\/\/www.boxrepsol.com\/en\/rally-en\/repsol-drivers-put-renewable-fuels-to-the-test-in-rally-of-morocco\/","title":{"rendered":"Repsol drivers put renewable fuels to the test in Rally of Morocco"},"content":{"rendered":"<figure class=\"wp-block-post-featured-image\"><img loading=\"lazy\" decoding=\"async\" width=\"1280\" height=\"650\" src=\"https:\/\/bxrepsol.s3.eu-west-1.amazonaws.com\/static\/2024\/10\/07094358\/7.jpg\" class=\"attachment-post-thumbnail size-post-thumbnail wp-post-image\" alt=\"El Repsol Toyota Rally Team, preparado para el Rally de Marruecos\" style=\"object-fit:cover;\" srcset=\"https:\/\/bxrepsol.s3.eu-west-1.amazonaws.com\/static\/2024\/10\/07094358\/7.jpg 1280w, https:\/\/bxrepsol.s3.eu-west-1.amazonaws.com\/static\/2024\/10\/07094358\/7-300x152.jpg 300w, https:\/\/bxrepsol.s3.eu-west-1.amazonaws.com\/static\/2024\/10\/07094358\/7-1024x520.jpg 1024w, https:\/\/bxrepsol.s3.eu-west-1.amazonaws.com\/static\/2024\/10\/07094358\/7-768x390.jpg 768w\" sizes=\"auto, (max-width: 1280px) 100vw, 1280px\" \/><\/figure>\n\n\n<p>This weekend the <strong>Rally of Morocco <\/strong>gets underway, and the Repsol will be present with up to four cars, with which it will put its renewable fuels to the test. The <strong>Repsol Toyota Rally Team<\/strong> driver, <strong>Isidre Esteve<\/strong>, is in his third year with the Toyota Hilux T1+, the same car used by the official drivers of the T<strong>oyota Gazoo Rally Team<\/strong>, <strong>Lucas Moraes <\/strong>and <strong>Seth Quintero<\/strong>. All of them will use fuel with <strong>70% renewable origins<\/strong>, which is the latest evolution of the fuel they used in the last Dakar Rally. Also joining them will be <strong>Joao Ferreira<\/strong>, a Portuguese driver who will use <strong>100% renewable diesel fuel <\/strong>at the wheel of a Mini John Cooper Works Plus. Repsol already have both renewable gasoline and diesel developed at the Repsol Technology Lab.<\/p>\n\n\n\n<figure class=\"wp-block-embed is-type-video is-provider-youtube wp-block-embed-youtube wp-embed-aspect-16-9 wp-has-aspect-ratio\"><div class=\"wp-block-embed__wrapper\">\n<iframe loading=\"lazy\" title=\"Los pilotos Repsol ponen a prueba sus combustibles renovables en el Rally de Marruecos\" width=\"500\" height=\"281\" src=\"https:\/\/www.youtube.com\/embed\/gVR_ixqgxMY?feature=oembed\" frameborder=\"0\" allow=\"accelerometer; autoplay; clipboard-write; encrypted-media; gyroscope; picture-in-picture; web-share\" referrerpolicy=\"strict-origin-when-cross-origin\" allowfullscreen><\/iframe>\n<\/div><\/figure>\n\n\n\n<p>The event begins with a prologue stage on Sunday, October 6, and will then consist <strong>of 5 stages<\/strong>, until Friday, October 11. It will count towards the World Rally Championship. However, the true value is the information that will be obtained to prepare for the 2025 Dakar Rally. <strong>The Rally of Morocco<\/strong> offers Repsol and its drivers the ideal setting to continue with the development of renewable fuels in a highly demanding environment, similar to the one they will find in the legendary event <strong>in Saudi Arabia <\/strong>at the beginning of 2025.<\/p>\n\n\n\n<div id=\"76d3c410-a5db-4c7a-92eb-17a60d49c62a\" class=\"br-slider-box\"><div class=\"wp-block-create-block-repsol-carousel br-slider\"><a target=\"_blank\" href=\"https:\/\/bxrepsol.s3.eu-west-1.amazonaws.com\/static\/2024\/10\/07095203\/2.jpg\" data-index=\"0\" rel=\"noopener\"><img decoding=\"async\" src=\"https:\/\/bxrepsol.s3.eu-west-1.amazonaws.com\/static\/2024\/10\/07095203\/2.jpg\"\/><\/a><a target=\"_blank\" href=\"https:\/\/bxrepsol.s3.eu-west-1.amazonaws.com\/static\/2024\/10\/07095216\/4-1.jpg\" data-index=\"1\" rel=\"noopener\"><img decoding=\"async\" src=\"https:\/\/bxrepsol.s3.eu-west-1.amazonaws.com\/static\/2024\/10\/07095216\/4-1.jpg\"\/><\/a><a target=\"_blank\" href=\"https:\/\/bxrepsol.s3.eu-west-1.amazonaws.com\/static\/2024\/10\/07095202\/1.jpg\" data-index=\"2\" rel=\"noopener\"><img decoding=\"async\" src=\"https:\/\/bxrepsol.s3.eu-west-1.amazonaws.com\/static\/2024\/10\/07095202\/1.jpg\"\/><\/a><a target=\"_blank\" href=\"https:\/\/bxrepsol.s3.eu-west-1.amazonaws.com\/static\/2024\/10\/07095333\/6-1.jpg\" data-index=\"3\" rel=\"noopener\"><img decoding=\"async\" src=\"https:\/\/bxrepsol.s3.eu-west-1.amazonaws.com\/static\/2024\/10\/07095333\/6-1.jpg\"\/><\/a><a target=\"_blank\" href=\"https:\/\/bxrepsol.s3.eu-west-1.amazonaws.com\/static\/2024\/10\/07095204\/3.jpg\" data-index=\"4\" rel=\"noopener\"><img decoding=\"async\" src=\"https:\/\/bxrepsol.s3.eu-west-1.amazonaws.com\/static\/2024\/10\/07095204\/3.jpg\"\/><\/a><\/div><div class=\"br-slider-buttons\"><button class=\"arrow rds-icon arrow--left rds-icon-Arrow_left\"><\/button><button class=\"arrow rds-icon arrow--right rds-icon-Arrow_right\"><\/button><\/div><\/div>\n\n\n\n<p>Renewable fuels are one of the main levers of Repsol&#8217;s strategy to accelerate the reduction of emissions from transport and achieve the goal of becoming <strong>a net zero emissions company by 2050<\/strong>. They are, from the point of view of quality and engine performance, equivalent to conventional fuels. The difference between the two is that they are manufactured by replacing the raw material of mineral origin with organic waste, such as <strong>used cooking oil, oils from agro-food waste and agricultural and forestry waste<\/strong>. These 100% renewable fuels can be used in<strong> aeroplanes, ships, buses, trucks and cars<\/strong>, taking advantage of the existing refueling infrastructure.<\/p>\n\n\n\n<p><\/p>\n","protected":false},"excerpt":{"rendered":"<p>The last round of the World Rally Championship begins in Marrakech, where Isidre Esteve, Lucas Moraes, Seth Quintero and Joao Ferreira will be putting the finishing touches to their preparations for the Dakar Rally. <\/p>\n","protected":false},"author":43146,"featured_media":120607,"comment_status":"open","ping_status":"open","sticky":false,"template":"","format":"standard","meta":{"footnotes":""},"categories":[257],"tags":[519,522,520,529,521],"class_list":["post-120604","post","type-post","status-publish","format-standard","hentry","category-rally-en","tag-isidre-esteve-2","tag-joao-ferreira","tag-lucas-moraes-2","tag-rally-of-morocco-2024","tag-seth-quintero-2"],"yoast_head":"<!-- This site is optimized with the Yoast SEO plugin v27.3 - https:\/\/yoast.com\/product\/yoast-seo-wordpress\/ -->\n<title>Repsol drivers put renewable fuels to the test in Rally of Morocco - Box Repsol<\/title>\n<meta name=\"description\" content=\"The last round of the World Rally Championship begins in Marrakech, where Isidre Esteve, Lucas Moraes, Seth Quintero and Joao Ferreira will be putting the finishing touches to their preparations for the Dakar Rally.\" \/>\n<link rel=\"canonical\" href=\"https:\/\/www.boxrepsol.com\/en\/rally-en\/repsol-drivers-put-renewable-fuels-to-the-test-in-rally-of-morocco\/\" \/>\n<meta property=\"og:locale\" content=\"en_US\" \/>\n<meta property=\"og:type\" content=\"article\" \/>\n<meta property=\"og:title\" content=\"Repsol drivers put renewable fuels to the test in Rally of Morocco - Box Repsol\" \/>\n<meta property=\"og:description\" content=\"The last round of the World Rally Championship begins in Marrakech, where Isidre Esteve, Lucas Moraes, Seth Quintero and Joao Ferreira will be putting the finishing touches to their preparations for the Dakar Rally.\" \/>\n<meta property=\"og:url\" content=\"https:\/\/www.boxrepsol.com\/en\/rally-en\/repsol-drivers-put-renewable-fuels-to-the-test-in-rally-of-morocco\/\" \/>\n<meta property=\"og:site_name\" content=\"Box Repsol\" \/>\n<meta property=\"article:publisher\" content=\"https:\/\/www.facebook.com\/BoxRepsol\" \/>\n<meta property=\"article:author\" content=\"https:\/\/www.facebook.com\/BoxRepsol\/\" \/>\n<meta property=\"article:published_time\" content=\"2024-10-06T14:00:00+00:00\" \/>\n<meta property=\"article:modified_time\" content=\"2024-10-07T12:07:30+00:00\" \/>\n<meta property=\"og:image\" content=\"https:\/\/bxrepsol.s3.eu-west-1.amazonaws.com\/static\/2024\/10\/07094358\/7.jpg\" \/>\n\t<meta property=\"og:image:width\" content=\"1280\" \/>\n\t<meta property=\"og:image:height\" content=\"650\" \/>\n\t<meta property=\"og:image:type\" content=\"image\/jpeg\" \/>\n<meta name=\"author\" content=\"Redacci\u00f3n Box Repsol\" \/>\n<meta name=\"twitter:card\" content=\"summary_large_image\" \/>\n<meta name=\"twitter:creator\" content=\"@https:\/\/twitter.com\/box_repsol\" \/>\n<meta name=\"twitter:site\" content=\"@box_repsol\" \/>\n<meta name=\"twitter:label1\" content=\"Written by\" \/>\n\t<meta name=\"twitter:data1\" content=\"Redacci\u00f3n Box Repsol\" \/>\n\t<meta name=\"twitter:label2\" content=\"Est. reading time\" \/>\n\t<meta name=\"twitter:data2\" content=\"2 minutes\" \/>\n<script type=\"application\/ld+json\" class=\"yoast-schema-graph\">{\"@context\":\"https:\\\/\\\/schema.org\",\"@graph\":[{\"@type\":\"Article\",\"@id\":\"https:\\\/\\\/www.boxrepsol.com\\\/en\\\/rally-en\\\/repsol-drivers-put-renewable-fuels-to-the-test-in-rally-of-morocco\\\/#article\",\"isPartOf\":{\"@id\":\"https:\\\/\\\/www.boxrepsol.com\\\/en\\\/rally-en\\\/repsol-drivers-put-renewable-fuels-to-the-test-in-rally-of-morocco\\\/\"},\"author\":{\"name\":\"Redacci\u00f3n Box Repsol\",\"@id\":\"https:\\\/\\\/www.boxrepsol.com\\\/en\\\/#\\\/schema\\\/person\\\/c5c2138f2cca251b0ad92b7086bb60b7\"},\"headline\":\"Repsol drivers put renewable fuels to the test in Rally of Morocco\",\"datePublished\":\"2024-10-06T14:00:00+00:00\",\"dateModified\":\"2024-10-07T12:07:30+00:00\",\"mainEntityOfPage\":{\"@id\":\"https:\\\/\\\/www.boxrepsol.com\\\/en\\\/rally-en\\\/repsol-drivers-put-renewable-fuels-to-the-test-in-rally-of-morocco\\\/\"},\"wordCount\":341,\"commentCount\":0,\"publisher\":{\"@id\":\"https:\\\/\\\/www.boxrepsol.com\\\/en\\\/#organization\"},\"image\":{\"@id\":\"https:\\\/\\\/www.boxrepsol.com\\\/en\\\/rally-en\\\/repsol-drivers-put-renewable-fuels-to-the-test-in-rally-of-morocco\\\/#primaryimage\"},\"thumbnailUrl\":\"https:\\\/\\\/bxrepsol.s3.eu-west-1.amazonaws.com\\\/static\\\/2024\\\/10\\\/07094358\\\/7.jpg\",\"keywords\":[\"Isidre Esteve\",\"Joao Ferreira\",\"Lucas Moraes\",\"Rally of Morocco 2024\",\"Seth Quintero\"],\"articleSection\":[\"Rally\"],\"inLanguage\":\"en-US\",\"potentialAction\":[{\"@type\":\"CommentAction\",\"name\":\"Comment\",\"target\":[\"https:\\\/\\\/www.boxrepsol.com\\\/en\\\/rally-en\\\/repsol-drivers-put-renewable-fuels-to-the-test-in-rally-of-morocco\\\/#respond\"]}]},{\"@type\":\"WebPage\",\"@id\":\"https:\\\/\\\/www.boxrepsol.com\\\/en\\\/rally-en\\\/repsol-drivers-put-renewable-fuels-to-the-test-in-rally-of-morocco\\\/\",\"url\":\"https:\\\/\\\/www.boxrepsol.com\\\/en\\\/rally-en\\\/repsol-drivers-put-renewable-fuels-to-the-test-in-rally-of-morocco\\\/\",\"name\":\"Repsol drivers put renewable fuels to the test in Rally of Morocco - Box Repsol\",\"isPartOf\":{\"@id\":\"https:\\\/\\\/www.boxrepsol.com\\\/en\\\/#website\"},\"primaryImageOfPage\":{\"@id\":\"https:\\\/\\\/www.boxrepsol.com\\\/en\\\/rally-en\\\/repsol-drivers-put-renewable-fuels-to-the-test-in-rally-of-morocco\\\/#primaryimage\"},\"image\":{\"@id\":\"https:\\\/\\\/www.boxrepsol.com\\\/en\\\/rally-en\\\/repsol-drivers-put-renewable-fuels-to-the-test-in-rally-of-morocco\\\/#primaryimage\"},\"thumbnailUrl\":\"https:\\\/\\\/bxrepsol.s3.eu-west-1.amazonaws.com\\\/static\\\/2024\\\/10\\\/07094358\\\/7.jpg\",\"datePublished\":\"2024-10-06T14:00:00+00:00\",\"dateModified\":\"2024-10-07T12:07:30+00:00\",\"description\":\"The last round of the World Rally Championship begins in Marrakech, where Isidre Esteve, Lucas Moraes, Seth Quintero and Joao Ferreira will be putting the finishing touches to their preparations for the Dakar Rally.\",\"breadcrumb\":{\"@id\":\"https:\\\/\\\/www.boxrepsol.com\\\/en\\\/rally-en\\\/repsol-drivers-put-renewable-fuels-to-the-test-in-rally-of-morocco\\\/#breadcrumb\"},\"inLanguage\":\"en-US\",\"potentialAction\":[{\"@type\":\"ReadAction\",\"target\":[\"https:\\\/\\\/www.boxrepsol.com\\\/en\\\/rally-en\\\/repsol-drivers-put-renewable-fuels-to-the-test-in-rally-of-morocco\\\/\"]}]},{\"@type\":\"ImageObject\",\"inLanguage\":\"en-US\",\"@id\":\"https:\\\/\\\/www.boxrepsol.com\\\/en\\\/rally-en\\\/repsol-drivers-put-renewable-fuels-to-the-test-in-rally-of-morocco\\\/#primaryimage\",\"url\":\"https:\\\/\\\/bxrepsol.s3.eu-west-1.amazonaws.com\\\/static\\\/2024\\\/10\\\/07094358\\\/7.jpg\",\"contentUrl\":\"https:\\\/\\\/bxrepsol.s3.eu-west-1.amazonaws.com\\\/static\\\/2024\\\/10\\\/07094358\\\/7.jpg\",\"width\":1280,\"height\":650,\"caption\":\"El Repsol Toyota Rally Team, preparado para el Rally de Marruecos\"},{\"@type\":\"BreadcrumbList\",\"@id\":\"https:\\\/\\\/www.boxrepsol.com\\\/en\\\/rally-en\\\/repsol-drivers-put-renewable-fuels-to-the-test-in-rally-of-morocco\\\/#breadcrumb\",\"itemListElement\":[{\"@type\":\"ListItem\",\"position\":1,\"name\":\"Home\",\"item\":\"https:\\\/\\\/www.boxrepsol.com\\\/en\\\/\"},{\"@type\":\"ListItem\",\"position\":2,\"name\":\"Repsol drivers put renewable fuels to the test in Rally of Morocco\"}]},{\"@type\":\"WebSite\",\"@id\":\"https:\\\/\\\/www.boxrepsol.com\\\/en\\\/#website\",\"url\":\"https:\\\/\\\/www.boxrepsol.com\\\/en\\\/\",\"name\":\"Box Repsol\",\"description\":\"Box Repsol Site\",\"publisher\":{\"@id\":\"https:\\\/\\\/www.boxrepsol.com\\\/en\\\/#organization\"},\"potentialAction\":[{\"@type\":\"SearchAction\",\"target\":{\"@type\":\"EntryPoint\",\"urlTemplate\":\"https:\\\/\\\/www.boxrepsol.com\\\/en\\\/?s={search_term_string}\"},\"query-input\":{\"@type\":\"PropertyValueSpecification\",\"valueRequired\":true,\"valueName\":\"search_term_string\"}}],\"inLanguage\":\"en-US\"},{\"@type\":\"Organization\",\"@id\":\"https:\\\/\\\/www.boxrepsol.com\\\/en\\\/#organization\",\"name\":\"Box Repsol\",\"url\":\"https:\\\/\\\/www.boxrepsol.com\\\/en\\\/\",\"logo\":{\"@type\":\"ImageObject\",\"inLanguage\":\"en-US\",\"@id\":\"https:\\\/\\\/www.boxrepsol.com\\\/en\\\/#\\\/schema\\\/logo\\\/image\\\/\",\"url\":\"https:\\\/\\\/bxrepsol.s3.eu-west-1.amazonaws.com\\\/static\\\/2025\\\/07\\\/30083337\\\/favicon-96x96-1.png\",\"contentUrl\":\"https:\\\/\\\/bxrepsol.s3.eu-west-1.amazonaws.com\\\/static\\\/2025\\\/07\\\/30083337\\\/favicon-96x96-1.png\",\"width\":96,\"height\":96,\"caption\":\"Box Repsol\"},\"image\":{\"@id\":\"https:\\\/\\\/www.boxrepsol.com\\\/en\\\/#\\\/schema\\\/logo\\\/image\\\/\"},\"sameAs\":[\"https:\\\/\\\/www.facebook.com\\\/BoxRepsol\",\"https:\\\/\\\/x.com\\\/box_repsol\",\"http:\\\/\\\/instagram.com\\\/box_repsol\",\"https:\\\/\\\/www.youtube.com\\\/user\\\/RepsolCompeticion\",\"https:\\\/\\\/www.flickr.com\\\/photos\\\/box_repsol\\\/\"]},{\"@type\":\"Person\",\"@id\":\"https:\\\/\\\/www.boxrepsol.com\\\/en\\\/#\\\/schema\\\/person\\\/c5c2138f2cca251b0ad92b7086bb60b7\",\"name\":\"Redacci\u00f3n Box Repsol\",\"image\":{\"@type\":\"ImageObject\",\"inLanguage\":\"en-US\",\"@id\":\"https:\\\/\\\/secure.gravatar.com\\\/avatar\\\/adf7b77e38b4419baf32c7e9c21dde01f4e40df611f0978e3006fc4ba0aaab7e?s=96&d=mm&r=g\",\"url\":\"https:\\\/\\\/secure.gravatar.com\\\/avatar\\\/adf7b77e38b4419baf32c7e9c21dde01f4e40df611f0978e3006fc4ba0aaab7e?s=96&d=mm&r=g\",\"contentUrl\":\"https:\\\/\\\/secure.gravatar.com\\\/avatar\\\/adf7b77e38b4419baf32c7e9c21dde01f4e40df611f0978e3006fc4ba0aaab7e?s=96&d=mm&r=g\",\"caption\":\"Redacci\u00f3n Box Repsol\"},\"description\":\"Box Repsol lo forma un equipo de periodistas, community managers, dise\u00f1adores y fot\u00f3grafos con m\u00e1s de 20 a\u00f1os de experiencia en el mundo del motorsport. Hemos vivido el primer mundial de un espa\u00f1ol en la categor\u00eda reina de motociclismo con \u00c1lex Crivill\u00e9, estuvimos en las victorias de Pedrosa y los t\u00edtulos de M\u00e1rquez, acompa\u00f1amos en \u00c1frica a Nani Roma y Marc Coma en sus conquistas del Dakar y hemos vibrado con los t\u00edtulos de Toni Bou en Trial. Adem\u00e1s, en nuestro equipo contamos con expertos en el mundo de las dos y cuatro ruedas tanto de la calle y las carreteras, como de los circuitos. Periodistas que han trabajado en revistas y publicaciones para hacerte llegar desde rutas y consejos de mantenimiento, a curiosidades y trucos de pilotaje.\",\"sameAs\":[\"https:\\\/\\\/www.facebook.com\\\/BoxRepsol\\\/\",\"https:\\\/\\\/www.instagram.com\\\/box_repsol\\\/\",\"https:\\\/\\\/x.com\\\/https:\\\/\\\/twitter.com\\\/box_repsol\",\"https:\\\/\\\/www.youtube.com\\\/@Boxrepsol\"],\"url\":\"https:\\\/\\\/www.boxrepsol.com\\\/en\\\/author\\\/redaccion-box-repsol\\\/\"}]}<\/script>\n<!-- \/ Yoast SEO plugin. -->","yoast_head_json":{"title":"Repsol drivers put renewable fuels to the test in Rally of Morocco - Box Repsol","description":"The last round of the World Rally Championship begins in Marrakech, where Isidre Esteve, Lucas Moraes, Seth Quintero and Joao Ferreira will be putting the finishing touches to their preparations for the Dakar Rally.","canonical":"https:\/\/www.boxrepsol.com\/en\/rally-en\/repsol-drivers-put-renewable-fuels-to-the-test-in-rally-of-morocco\/","og_locale":"en_US","og_type":"article","og_title":"Repsol drivers put renewable fuels to the test in Rally of Morocco - Box Repsol","og_description":"The last round of the World Rally Championship begins in Marrakech, where Isidre Esteve, Lucas Moraes, Seth Quintero and Joao Ferreira will be putting the finishing touches to their preparations for the Dakar Rally.","og_url":"https:\/\/www.boxrepsol.com\/en\/rally-en\/repsol-drivers-put-renewable-fuels-to-the-test-in-rally-of-morocco\/","og_site_name":"Box Repsol","article_publisher":"https:\/\/www.facebook.com\/BoxRepsol","article_author":"https:\/\/www.facebook.com\/BoxRepsol\/","article_published_time":"2024-10-06T14:00:00+00:00","article_modified_time":"2024-10-07T12:07:30+00:00","og_image":[{"width":1280,"height":650,"url":"https:\/\/bxrepsol.s3.eu-west-1.amazonaws.com\/static\/2024\/10\/07094358\/7.jpg","type":"image\/jpeg"}],"author":"Redacci\u00f3n Box Repsol","twitter_card":"summary_large_image","twitter_creator":"@https:\/\/twitter.com\/box_repsol","twitter_site":"@box_repsol","twitter_misc":{"Written by":"Redacci\u00f3n Box Repsol","Est. reading time":"2 minutes"},"schema":{"@context":"https:\/\/schema.org","@graph":[{"@type":"Article","@id":"https:\/\/www.boxrepsol.com\/en\/rally-en\/repsol-drivers-put-renewable-fuels-to-the-test-in-rally-of-morocco\/#article","isPartOf":{"@id":"https:\/\/www.boxrepsol.com\/en\/rally-en\/repsol-drivers-put-renewable-fuels-to-the-test-in-rally-of-morocco\/"},"author":{"name":"Redacci\u00f3n Box Repsol","@id":"https:\/\/www.boxrepsol.com\/en\/#\/schema\/person\/c5c2138f2cca251b0ad92b7086bb60b7"},"headline":"Repsol drivers put renewable fuels to the test in Rally of Morocco","datePublished":"2024-10-06T14:00:00+00:00","dateModified":"2024-10-07T12:07:30+00:00","mainEntityOfPage":{"@id":"https:\/\/www.boxrepsol.com\/en\/rally-en\/repsol-drivers-put-renewable-fuels-to-the-test-in-rally-of-morocco\/"},"wordCount":341,"commentCount":0,"publisher":{"@id":"https:\/\/www.boxrepsol.com\/en\/#organization"},"image":{"@id":"https:\/\/www.boxrepsol.com\/en\/rally-en\/repsol-drivers-put-renewable-fuels-to-the-test-in-rally-of-morocco\/#primaryimage"},"thumbnailUrl":"https:\/\/bxrepsol.s3.eu-west-1.amazonaws.com\/static\/2024\/10\/07094358\/7.jpg","keywords":["Isidre Esteve","Joao Ferreira","Lucas Moraes","Rally of Morocco 2024","Seth Quintero"],"articleSection":["Rally"],"inLanguage":"en-US","potentialAction":[{"@type":"CommentAction","name":"Comment","target":["https:\/\/www.boxrepsol.com\/en\/rally-en\/repsol-drivers-put-renewable-fuels-to-the-test-in-rally-of-morocco\/#respond"]}]},{"@type":"WebPage","@id":"https:\/\/www.boxrepsol.com\/en\/rally-en\/repsol-drivers-put-renewable-fuels-to-the-test-in-rally-of-morocco\/","url":"https:\/\/www.boxrepsol.com\/en\/rally-en\/repsol-drivers-put-renewable-fuels-to-the-test-in-rally-of-morocco\/","name":"Repsol drivers put renewable fuels to the test in Rally of Morocco - Box Repsol","isPartOf":{"@id":"https:\/\/www.boxrepsol.com\/en\/#website"},"primaryImageOfPage":{"@id":"https:\/\/www.boxrepsol.com\/en\/rally-en\/repsol-drivers-put-renewable-fuels-to-the-test-in-rally-of-morocco\/#primaryimage"},"image":{"@id":"https:\/\/www.boxrepsol.com\/en\/rally-en\/repsol-drivers-put-renewable-fuels-to-the-test-in-rally-of-morocco\/#primaryimage"},"thumbnailUrl":"https:\/\/bxrepsol.s3.eu-west-1.amazonaws.com\/static\/2024\/10\/07094358\/7.jpg","datePublished":"2024-10-06T14:00:00+00:00","dateModified":"2024-10-07T12:07:30+00:00","description":"The last round of the World Rally Championship begins in Marrakech, where Isidre Esteve, Lucas Moraes, Seth Quintero and Joao Ferreira will be putting the finishing touches to their preparations for the Dakar Rally.","breadcrumb":{"@id":"https:\/\/www.boxrepsol.com\/en\/rally-en\/repsol-drivers-put-renewable-fuels-to-the-test-in-rally-of-morocco\/#breadcrumb"},"inLanguage":"en-US","potentialAction":[{"@type":"ReadAction","target":["https:\/\/www.boxrepsol.com\/en\/rally-en\/repsol-drivers-put-renewable-fuels-to-the-test-in-rally-of-morocco\/"]}]},{"@type":"ImageObject","inLanguage":"en-US","@id":"https:\/\/www.boxrepsol.com\/en\/rally-en\/repsol-drivers-put-renewable-fuels-to-the-test-in-rally-of-morocco\/#primaryimage","url":"https:\/\/bxrepsol.s3.eu-west-1.amazonaws.com\/static\/2024\/10\/07094358\/7.jpg","contentUrl":"https:\/\/bxrepsol.s3.eu-west-1.amazonaws.com\/static\/2024\/10\/07094358\/7.jpg","width":1280,"height":650,"caption":"El Repsol Toyota Rally Team, preparado para el Rally de Marruecos"},{"@type":"BreadcrumbList","@id":"https:\/\/www.boxrepsol.com\/en\/rally-en\/repsol-drivers-put-renewable-fuels-to-the-test-in-rally-of-morocco\/#breadcrumb","itemListElement":[{"@type":"ListItem","position":1,"name":"Home","item":"https:\/\/www.boxrepsol.com\/en\/"},{"@type":"ListItem","position":2,"name":"Repsol drivers put renewable fuels to the test in Rally of Morocco"}]},{"@type":"WebSite","@id":"https:\/\/www.boxrepsol.com\/en\/#website","url":"https:\/\/www.boxrepsol.com\/en\/","name":"Box Repsol","description":"Box Repsol Site","publisher":{"@id":"https:\/\/www.boxrepsol.com\/en\/#organization"},"potentialAction":[{"@type":"SearchAction","target":{"@type":"EntryPoint","urlTemplate":"https:\/\/www.boxrepsol.com\/en\/?s={search_term_string}"},"query-input":{"@type":"PropertyValueSpecification","valueRequired":true,"valueName":"search_term_string"}}],"inLanguage":"en-US"},{"@type":"Organization","@id":"https:\/\/www.boxrepsol.com\/en\/#organization","name":"Box Repsol","url":"https:\/\/www.boxrepsol.com\/en\/","logo":{"@type":"ImageObject","inLanguage":"en-US","@id":"https:\/\/www.boxrepsol.com\/en\/#\/schema\/logo\/image\/","url":"https:\/\/bxrepsol.s3.eu-west-1.amazonaws.com\/static\/2025\/07\/30083337\/favicon-96x96-1.png","contentUrl":"https:\/\/bxrepsol.s3.eu-west-1.amazonaws.com\/static\/2025\/07\/30083337\/favicon-96x96-1.png","width":96,"height":96,"caption":"Box Repsol"},"image":{"@id":"https:\/\/www.boxrepsol.com\/en\/#\/schema\/logo\/image\/"},"sameAs":["https:\/\/www.facebook.com\/BoxRepsol","https:\/\/x.com\/box_repsol","http:\/\/instagram.com\/box_repsol","https:\/\/www.youtube.com\/user\/RepsolCompeticion","https:\/\/www.flickr.com\/photos\/box_repsol\/"]},{"@type":"Person","@id":"https:\/\/www.boxrepsol.com\/en\/#\/schema\/person\/c5c2138f2cca251b0ad92b7086bb60b7","name":"Redacci\u00f3n Box Repsol","image":{"@type":"ImageObject","inLanguage":"en-US","@id":"https:\/\/secure.gravatar.com\/avatar\/adf7b77e38b4419baf32c7e9c21dde01f4e40df611f0978e3006fc4ba0aaab7e?s=96&d=mm&r=g","url":"https:\/\/secure.gravatar.com\/avatar\/adf7b77e38b4419baf32c7e9c21dde01f4e40df611f0978e3006fc4ba0aaab7e?s=96&d=mm&r=g","contentUrl":"https:\/\/secure.gravatar.com\/avatar\/adf7b77e38b4419baf32c7e9c21dde01f4e40df611f0978e3006fc4ba0aaab7e?s=96&d=mm&r=g","caption":"Redacci\u00f3n Box Repsol"},"description":"Box Repsol lo forma un equipo de periodistas, community managers, dise\u00f1adores y fot\u00f3grafos con m\u00e1s de 20 a\u00f1os de experiencia en el mundo del motorsport. Hemos vivido el primer mundial de un espa\u00f1ol en la categor\u00eda reina de motociclismo con \u00c1lex Crivill\u00e9, estuvimos en las victorias de Pedrosa y los t\u00edtulos de M\u00e1rquez, acompa\u00f1amos en \u00c1frica a Nani Roma y Marc Coma en sus conquistas del Dakar y hemos vibrado con los t\u00edtulos de Toni Bou en Trial. Adem\u00e1s, en nuestro equipo contamos con expertos en el mundo de las dos y cuatro ruedas tanto de la calle y las carreteras, como de los circuitos. Periodistas que han trabajado en revistas y publicaciones para hacerte llegar desde rutas y consejos de mantenimiento, a curiosidades y trucos de pilotaje.","sameAs":["https:\/\/www.facebook.com\/BoxRepsol\/","https:\/\/www.instagram.com\/box_repsol\/","https:\/\/x.com\/https:\/\/twitter.com\/box_repsol","https:\/\/www.youtube.com\/@Boxrepsol"],"url":"https:\/\/www.boxrepsol.com\/en\/author\/redaccion-box-repsol\/"}]}},"_links":{"self":[{"href":"https:\/\/www.boxrepsol.com\/en\/wp-json\/wp\/v2\/posts\/120604","targetHints":{"allow":["GET"]}}],"collection":[{"href":"https:\/\/www.boxrepsol.com\/en\/wp-json\/wp\/v2\/posts"}],"about":[{"href":"https:\/\/www.boxrepsol.com\/en\/wp-json\/wp\/v2\/types\/post"}],"author":[{"embeddable":true,"href":"https:\/\/www.boxrepsol.com\/en\/wp-json\/wp\/v2\/users\/43146"}],"replies":[{"embeddable":true,"href":"https:\/\/www.boxrepsol.com\/en\/wp-json\/wp\/v2\/comments?post=120604"}],"version-history":[{"count":8,"href":"https:\/\/www.boxrepsol.com\/en\/wp-json\/wp\/v2\/posts\/120604\/revisions"}],"predecessor-version":[{"id":120641,"href":"https:\/\/www.boxrepsol.com\/en\/wp-json\/wp\/v2\/posts\/120604\/revisions\/120641"}],"wp:featuredmedia":[{"embeddable":true,"href":"https:\/\/www.boxrepsol.com\/en\/wp-json\/wp\/v2\/media\/120607"}],"wp:attachment":[{"href":"https:\/\/www.boxrepsol.com\/en\/wp-json\/wp\/v2\/media?parent=120604"}],"wp:term":[{"taxonomy":"category","embeddable":true,"href":"https:\/\/www.boxrepsol.com\/en\/wp-json\/wp\/v2\/categories?post=120604"},{"taxonomy":"post_tag","embeddable":true,"href":"https:\/\/www.boxrepsol.com\/en\/wp-json\/wp\/v2\/tags?post=120604"}],"curies":[{"name":"wp","href":"https:\/\/api.w.org\/{rel}","templated":true}]}}