{"id":119882,"date":"2024-09-22T10:36:30","date_gmt":"2024-09-22T12:36:30","guid":{"rendered":"https:\/\/www.boxrepsol.com\/?p=119882"},"modified":"2024-09-24T13:24:41","modified_gmt":"2024-09-24T15:24:41","slug":"2024-emilia-romagna-gp-race-results","status":"publish","type":"post","link":"https:\/\/www.boxrepsol.com\/en\/motogp-en\/2024-emilia-romagna-gp-race-results\/","title":{"rendered":"2024 Emilia Romagna GP Race Results"},"content":{"rendered":"<figure class=\"wp-block-post-featured-image\"><img loading=\"lazy\" decoding=\"async\" width=\"1250\" height=\"650\" src=\"https:\/\/bxrepsol.s3.eu-west-1.amazonaws.com\/static\/2024\/09\/22103621\/Joan_Mir_Luca_Marini_Emilia_Romagna_2024.jpg\" class=\"attachment-post-thumbnail size-post-thumbnail wp-post-image\" alt=\"\" style=\"object-fit:cover;\" srcset=\"https:\/\/bxrepsol.s3.eu-west-1.amazonaws.com\/static\/2024\/09\/22103621\/Joan_Mir_Luca_Marini_Emilia_Romagna_2024.jpg 1250w, https:\/\/bxrepsol.s3.eu-west-1.amazonaws.com\/static\/2024\/09\/22103621\/Joan_Mir_Luca_Marini_Emilia_Romagna_2024-300x156.jpg 300w, https:\/\/bxrepsol.s3.eu-west-1.amazonaws.com\/static\/2024\/09\/22103621\/Joan_Mir_Luca_Marini_Emilia_Romagna_2024-1024x532.jpg 1024w, https:\/\/bxrepsol.s3.eu-west-1.amazonaws.com\/static\/2024\/09\/22103621\/Joan_Mir_Luca_Marini_Emilia_Romagna_2024-768x399.jpg 768w\" sizes=\"auto, (max-width: 1250px) 100vw, 1250px\" \/><\/figure>\n\n\n<p>The <strong>Emilia Romagna Grand Prix<\/strong> offered great excitement right through to the last lap, when <strong>Enea Bastianini managed to take the win<\/strong>. The Italian scored Ducati&#8217;s 100th victory in the premier class and secured the constructors&#8217; title for the manufacturer for a third consecutive year.<\/p>\n\n\n\n<p>There was an <strong>important second position for Jorge Mart\u00edn<\/strong>, who led for almost the entire race, until he was overtaken on the last lap by Bastianini. However, a fall by Pecco Bagnaia when he was riding alone in third position, trying to make up ground on the leaders, allowed <strong>the Spaniard to extend his lead in the overall standings<\/strong>.<\/p>\n\n\n\n<p>Bagnaia&#8217;s crash allowed <strong>Marc M\u00e1rquez<\/strong> to get onto the <strong>podium <\/strong>at Misano. Behind him, Bezzechi, Morbidelli, Vi\u00f1ales, Quartararo, Espargar\u00f3, \u00c1lex M\u00e1rquez and Oliveira completed the Top 10.<\/p>\n\n\n\n<p><\/p>\n\n\n\n<h2 class=\"wp-block-heading\"><strong>Good work by Repsol Honda Team<\/strong><\/h2>\n\n\n\n<p>Joan Mir and Luca Marini made progress on Sunday at Misano. The <strong>Repsol Honda Team<\/strong> riders improved on their results from Saturday, both finishing in the points.<\/p>\n\n\n\n<p><strong>Mir<\/strong>, who started from sixteenth position, gained a couple of places off the line, although he was unable to maintain his pace in the first half of the race and dropped to eighteenth position. Lap by lap, Mir managed to force his way up the order, enter the points, and take the chequered flag in a positive <strong>eleventh <\/strong>place.<\/p>\n\n\n\n<p>Also improving as the race went on was <strong>Luca Marini<\/strong>. Despite not having a good start, he managed to maintain his pace, recover ground and climb from 21st on the second lap to <strong>12th at the finale<\/strong>.<\/p>\n\n\n\n<p>The <strong>next round of the MotoGP World Championship<\/strong> takes place next weekend in <strong>Indonesia<\/strong>, starting off the final stretch of the <a href=\"https:\/\/www.boxrepsol.com\/en\/calendario-gp\/motogp-2024-calendar\/\">calendar <\/a>that includes Asian rounds and the closer in Valencia.<\/p>\n\n\n\n<p><\/p>\n\n\n\n<p><\/p>\n\n\n\n<h2 class=\"wp-block-heading\"><strong>Race results: 2024 Emilia Romagna GP (27 vueltas<\/strong>)<\/h2>\n\n\n\n<figure class=\"wp-block-table is-style-stripes\"><table><tbody><tr><td><strong>RIDER<\/strong><\/td><td><strong>TEAM<\/strong><\/td><td><strong>TIME<\/strong><\/td><\/tr><tr><td>1. Enea Bastianini<\/td><td>DUCATI<\/td><td>41&#8217;14.653<\/td><\/tr><tr><td>2. Jorge Mart\u00edn<\/td><td>DUCATI<\/td><td>+5.002<\/td><\/tr><tr><td>3. Marc M\u00e1rquez<\/td><td>DUCATI<\/td><td>+7.848<\/td><\/tr><tr><td>4. Marco Bezzecchi<\/td><td>DUCATI<\/td><td>+9.200<\/td><\/tr><tr><td>5. Franco Morbidelli<\/td><td>DUCATI<\/td><td>+13.601<\/td><\/tr><tr><td>6. Maverick Vi\u00f1ales<\/td><td>APRILIA<\/td><td>+15.484<\/td><\/tr><tr><td>7. Fabio Quartararo<\/td><td>YAMAHA<\/td><td>+20.922<\/td><\/tr><tr><td>8. Aleix Espargar\u00f3<\/td><td>APRILIA<\/td><td>+22.795<\/td><\/tr><tr><td>9. \u00c1lex M\u00e1rquez<\/td><td>DUCATI<\/td><td>+27.704<\/td><\/tr><tr><td>10. Miguel Oliveira<\/td><td>APRILIA<\/td><td>+31.891<\/td><\/tr><tr><td><strong>11. Joan Mir<\/strong><\/td><td>REPSOL HONDA<\/td><td>+33.062<\/td><\/tr><tr><td><strong>12. Luca Marini<\/strong><\/td><td>REPSOL HONDA<\/td><td>+35.411<\/td><\/tr><tr><td>13. Ra\u00fal Fern\u00e1ndez<\/td><td>APRILIA<\/td><td>+36.335<\/td><\/tr><tr><td>14. Fabio Di Giannantonio<\/td><td>DUCATI<\/td><td>+37.395<\/td><\/tr><tr><td>15. Johann Zarco<\/td><td>HONDA<\/td><td>+38.909<\/td><\/tr><tr><td>16. Jack Miller<\/td><td>KTM<\/td><td>+40.454<\/td><\/tr><tr><td>17. Takaaki Nakagami<\/td><td>HONDA<\/td><td>+46.394<\/td><\/tr><tr><td>18. Augusto Fern\u00e1ndez<\/td><td>GAS GAS<\/td><td>+47.755<\/td><\/tr><tr><td>19. Brad Binder<\/td><td>KTM<\/td><td>+1&#8217;25.918<\/td><\/tr><\/tbody><\/table><\/figure>\n\n\n\n<p><\/p>\n\n\n\n<h2 class=\"wp-block-heading\"><strong>General standings<\/strong><\/h2>\n\n\n\n<figure class=\"wp-block-table is-style-stripes\"><table><tbody><tr><td><strong>RIDER<\/strong><\/td><td><strong>TEAM<\/strong><\/td><td><strong>POINTS<\/strong><\/td><\/tr><tr><td>1. Jorge Mart\u00edn<\/td><td>DUCATI<\/td><td>341<\/td><\/tr><tr><td>2.  &#8216;Pecco&#8217; Bagnaia<\/td><td>DUCATI<\/td><td>317<\/td><\/tr><tr><td>3. Enea Bastianini<\/td><td>DUCATI<\/td><td>282<\/td><\/tr><tr><td>4. Marc M\u00e1rquez<\/td><td>DUCATI<\/td><td>281<\/td><\/tr><tr><td>5. Brad Binder<\/td><td>KTM<\/td><td>165<\/td><\/tr><tr><td>6. Pedro Acosta<\/td><td>GASGAS<\/td><td>157<\/td><\/tr><tr><td>7.  Maverick Vi\u00f1ales<\/td><td>APRILIA<\/td><td>149<\/td><\/tr><tr><td>8. Aleix Espargar\u00f3<\/td><td>APRILIA<\/td><td>127<\/td><\/tr><tr><td>9. \u00c1lex M\u00e1rquez<\/td><td>DUCATI<\/td><td>121<\/td><\/tr><tr><td>10. Fabio Di Giannantonio<\/td><td>DUCATI<\/td><td>121<\/td><\/tr><tr><td>11. Marco Bezzecchi<\/td><td>DUCATI<\/td><td>108<\/td><\/tr><tr><td>12. Franco Morbidelli<\/td><td>DUCATI<\/td><td>102<\/td><\/tr><tr><td>13. Fabio Quartararo<\/td><td>YAMAHA<\/td><td>73<\/td><\/tr><tr><td>14. Miguel Oliveira<\/td><td>APRILIA<\/td><td>71<\/td><\/tr><tr><td>15. Jack Miller<\/td><td>KTM<\/td><td>58<\/td><\/tr><tr><td>16. Ra\u00fal Fern\u00e1ndez<\/td><td>APRILIA<\/td><td>49<\/td><\/tr><tr><td>17. Johann Zarco<\/td><td>HONDA<\/td><td>22<\/td><\/tr><tr><td>18. Takaaki Nakagami<\/td><td>HONDA<\/td><td>21<\/td><\/tr><tr><td><strong>19. Joan Mir<\/strong><\/td><td><strong>REPSOL HONDA<\/strong><\/td><td><strong>20<\/strong><\/td><\/tr><tr><td>20. Augusto Fern\u00e1ndez<\/td><td>GAS GAS<\/td><td>20<\/td><\/tr><tr><td>21. \u00c1lex Rins<\/td><td>YAMAHA<\/td><td>15<\/td><\/tr><tr><td>22. Pol Espargar\u00f3<\/td><td>KTM<\/td><td>12<\/td><\/tr><tr><td>23. Dani Pedrosa<\/td><td>KTM<\/td><td>7<\/td><\/tr><tr><td><strong>24. Luca Marini<\/strong><\/td><td><strong>REPSOL HONDA<\/strong><\/td><td><strong>5<\/strong><\/td><\/tr><tr><td>25. Stefan Bradl<\/td><td>HONDA<\/td><td>2<\/td><\/tr><\/tbody><\/table><\/figure>\n\n\n\n<p><\/p>\n\n\n<div id=\"30b35ed1-e56d-47ba-b16b-a1527dfaf031\" class=\"br-slider-box\">\n<div class=\"wp-block-create-block-repsol-carousel br-slider\"><a href=\"https:\/\/bxrepsol.s3.eu-west-1.amazonaws.com\/static\/2024\/09\/22131012\/266131011_RB_0199-scaled.jpg\" target=\"_blank\" rel=\"noopener\" data-index=\"0\"><img decoding=\"async\" src=\"https:\/\/bxrepsol.s3.eu-west-1.amazonaws.com\/static\/2024\/09\/22131012\/266131011_RB_0199-scaled.jpg\" \/><\/a><a href=\"https:\/\/bxrepsol.s3.eu-west-1.amazonaws.com\/static\/2024\/09\/22131017\/266132433_RB_0451-scaled.jpg\" target=\"_blank\" rel=\"noopener\" data-index=\"1\"><img decoding=\"async\" src=\"https:\/\/bxrepsol.s3.eu-west-1.amazonaws.com\/static\/2024\/09\/22131017\/266132433_RB_0451-scaled.jpg\" \/><\/a><a href=\"https:\/\/bxrepsol.s3.eu-west-1.amazonaws.com\/static\/2024\/09\/22131022\/266132130_RB_0369-2-scaled.jpg\" target=\"_blank\" rel=\"noopener\" data-index=\"2\"><img decoding=\"async\" src=\"https:\/\/bxrepsol.s3.eu-west-1.amazonaws.com\/static\/2024\/09\/22131022\/266132130_RB_0369-2-scaled.jpg\" \/><\/a><\/div>\n<div class=\"br-slider-buttons\">\u00a0<\/div>\n<\/div>\n\n\n<h2 class=\"wp-block-heading\"><strong>Statements<\/strong><\/h2>\n\n\n\n<h3 class=\"wp-block-heading\"><strong>Joan Mir<\/strong><\/h3>\n\n\n\n<p>&#8220;A really good race, the first time I could really push and really ride and enjoy being on the bike. I made a good start but then Raul was quite optimistic into the opening corners, so I went wide and dropped down to last. Then I got my head down and started to overtake, especially in the second half of the race I was really pleased with my performance. Not just the overtaking, but also the lap times which were the same as those guys in the top ten. 11th is a good result from where we are coming from and it\u2019s really good to see improvements over the weekend. I have to also say thank you to my team for their work this weekend, my first in Misano, they did a good job to improve the feeling overnight. It\u2019s encouraging and gives us all a boost as we head to Asia.\u201d<\/p>\n\n\n\n<h3 class=\"wp-block-heading\"><strong>Luca Marini <\/strong><\/h3>\n\n\n\n<p>&#8220;I am really happy with this weekend. I fully enjoyed it and there are a lot of positives to take away from it. We have found a good package with the upgrades the Japanese have made; all of the engineers have been making a good effort and now we are starting to see it in the results. The first three laps with the rear are quite complicated still, we need to work on this because even starting in 15th, we are missing something in the first laps and it stops us fighting with the others. The new aero has helped a lot, but we have also improved a lot of other small areas in the last few outings. We can head to Indonesia with optimism to continue in this way. Thank you to everyone in the team who has been working hard and staying focused all year.\u201d<\/p>\n","protected":false},"excerpt":{"rendered":"<p>Enea Bastianini takes victory with a last-lap overtake on Jorge Mart\u00edn. He extends his lead in the standings over Pecco Bagnaia, who crashed<\/p>\n","protected":false},"author":43146,"featured_media":119894,"comment_status":"open","ping_status":"open","sticky":false,"template":"","format":"standard","meta":{"footnotes":""},"categories":[146],"tags":[590,511,282,423,440],"class_list":["post-119882","post","type-post","status-publish","format-standard","hentry","category-motogp-en","tag-competicion-en","tag-emilia-romagna-gp","tag-joan-mir-en","tag-luca-marini-en","tag-motogp-2024-en"],"yoast_head":"<!-- This site is optimized with the Yoast SEO plugin v27.3 - https:\/\/yoast.com\/product\/yoast-seo-wordpress\/ -->\n<title>2024 Emilia Romagna GP Race Results - Box Repsol<\/title>\n<meta name=\"description\" content=\"Resultados de la carrera sprint: GP de la Emilia Romagna (13 vueltas)\" \/>\n<link rel=\"canonical\" href=\"https:\/\/www.boxrepsol.com\/en\/motogp-en\/2024-emilia-romagna-gp-race-results\/\" \/>\n<meta property=\"og:locale\" content=\"en_US\" \/>\n<meta property=\"og:type\" content=\"article\" \/>\n<meta property=\"og:title\" content=\"2024 Emilia Romagna GP Race Results - Box Repsol\" \/>\n<meta property=\"og:description\" content=\"Resultados de la carrera sprint: GP de la Emilia Romagna (13 vueltas)\" \/>\n<meta property=\"og:url\" content=\"https:\/\/www.boxrepsol.com\/en\/motogp-en\/2024-emilia-romagna-gp-race-results\/\" \/>\n<meta property=\"og:site_name\" content=\"Box Repsol\" \/>\n<meta property=\"article:publisher\" content=\"https:\/\/www.facebook.com\/BoxRepsol\" \/>\n<meta property=\"article:author\" content=\"https:\/\/www.facebook.com\/BoxRepsol\/\" \/>\n<meta property=\"article:published_time\" content=\"2024-09-22T12:36:30+00:00\" \/>\n<meta property=\"article:modified_time\" content=\"2024-09-24T15:24:41+00:00\" \/>\n<meta property=\"og:image\" content=\"https:\/\/bxrepsol.s3.eu-west-1.amazonaws.com\/static\/2024\/09\/22103621\/Joan_Mir_Luca_Marini_Emilia_Romagna_2024.jpg\" \/>\n\t<meta property=\"og:image:width\" content=\"1250\" \/>\n\t<meta property=\"og:image:height\" content=\"650\" \/>\n\t<meta property=\"og:image:type\" content=\"image\/jpeg\" \/>\n<meta name=\"author\" content=\"Redacci\u00f3n Box Repsol\" \/>\n<meta name=\"twitter:card\" content=\"summary_large_image\" \/>\n<meta name=\"twitter:creator\" content=\"@https:\/\/twitter.com\/box_repsol\" \/>\n<meta name=\"twitter:site\" content=\"@box_repsol\" \/>\n<meta name=\"twitter:label1\" content=\"Written by\" \/>\n\t<meta name=\"twitter:data1\" content=\"Redacci\u00f3n Box Repsol\" \/>\n\t<meta name=\"twitter:label2\" content=\"Est. reading time\" \/>\n\t<meta name=\"twitter:data2\" content=\"4 minutes\" \/>\n<script type=\"application\/ld+json\" class=\"yoast-schema-graph\">{\"@context\":\"https:\\\/\\\/schema.org\",\"@graph\":[{\"@type\":\"Article\",\"@id\":\"https:\\\/\\\/www.boxrepsol.com\\\/en\\\/motogp-en\\\/2024-emilia-romagna-gp-race-results\\\/#article\",\"isPartOf\":{\"@id\":\"https:\\\/\\\/www.boxrepsol.com\\\/en\\\/motogp-en\\\/2024-emilia-romagna-gp-race-results\\\/\"},\"author\":{\"name\":\"Redacci\u00f3n Box Repsol\",\"@id\":\"https:\\\/\\\/www.boxrepsol.com\\\/en\\\/#\\\/schema\\\/person\\\/c5c2138f2cca251b0ad92b7086bb60b7\"},\"headline\":\"2024 Emilia Romagna GP Race Results\",\"datePublished\":\"2024-09-22T12:36:30+00:00\",\"dateModified\":\"2024-09-24T15:24:41+00:00\",\"mainEntityOfPage\":{\"@id\":\"https:\\\/\\\/www.boxrepsol.com\\\/en\\\/motogp-en\\\/2024-emilia-romagna-gp-race-results\\\/\"},\"wordCount\":775,\"commentCount\":1,\"publisher\":{\"@id\":\"https:\\\/\\\/www.boxrepsol.com\\\/en\\\/#organization\"},\"image\":{\"@id\":\"https:\\\/\\\/www.boxrepsol.com\\\/en\\\/motogp-en\\\/2024-emilia-romagna-gp-race-results\\\/#primaryimage\"},\"thumbnailUrl\":\"https:\\\/\\\/bxrepsol.s3.eu-west-1.amazonaws.com\\\/static\\\/2024\\\/09\\\/22103621\\\/Joan_Mir_Luca_Marini_Emilia_Romagna_2024.jpg\",\"keywords\":[\"Competici\u00f3n\",\"Emilia Romagna GP\",\"Joan Mir\",\"Luca Marini\",\"MotoGP 2024\"],\"articleSection\":[\"MotoGP\"],\"inLanguage\":\"en-US\",\"potentialAction\":[{\"@type\":\"CommentAction\",\"name\":\"Comment\",\"target\":[\"https:\\\/\\\/www.boxrepsol.com\\\/en\\\/motogp-en\\\/2024-emilia-romagna-gp-race-results\\\/#respond\"]}]},{\"@type\":\"WebPage\",\"@id\":\"https:\\\/\\\/www.boxrepsol.com\\\/en\\\/motogp-en\\\/2024-emilia-romagna-gp-race-results\\\/\",\"url\":\"https:\\\/\\\/www.boxrepsol.com\\\/en\\\/motogp-en\\\/2024-emilia-romagna-gp-race-results\\\/\",\"name\":\"2024 Emilia Romagna GP Race Results - Box Repsol\",\"isPartOf\":{\"@id\":\"https:\\\/\\\/www.boxrepsol.com\\\/en\\\/#website\"},\"primaryImageOfPage\":{\"@id\":\"https:\\\/\\\/www.boxrepsol.com\\\/en\\\/motogp-en\\\/2024-emilia-romagna-gp-race-results\\\/#primaryimage\"},\"image\":{\"@id\":\"https:\\\/\\\/www.boxrepsol.com\\\/en\\\/motogp-en\\\/2024-emilia-romagna-gp-race-results\\\/#primaryimage\"},\"thumbnailUrl\":\"https:\\\/\\\/bxrepsol.s3.eu-west-1.amazonaws.com\\\/static\\\/2024\\\/09\\\/22103621\\\/Joan_Mir_Luca_Marini_Emilia_Romagna_2024.jpg\",\"datePublished\":\"2024-09-22T12:36:30+00:00\",\"dateModified\":\"2024-09-24T15:24:41+00:00\",\"description\":\"Resultados de la carrera sprint: GP de la Emilia Romagna (13 vueltas)\",\"breadcrumb\":{\"@id\":\"https:\\\/\\\/www.boxrepsol.com\\\/en\\\/motogp-en\\\/2024-emilia-romagna-gp-race-results\\\/#breadcrumb\"},\"inLanguage\":\"en-US\",\"potentialAction\":[{\"@type\":\"ReadAction\",\"target\":[\"https:\\\/\\\/www.boxrepsol.com\\\/en\\\/motogp-en\\\/2024-emilia-romagna-gp-race-results\\\/\"]}]},{\"@type\":\"ImageObject\",\"inLanguage\":\"en-US\",\"@id\":\"https:\\\/\\\/www.boxrepsol.com\\\/en\\\/motogp-en\\\/2024-emilia-romagna-gp-race-results\\\/#primaryimage\",\"url\":\"https:\\\/\\\/bxrepsol.s3.eu-west-1.amazonaws.com\\\/static\\\/2024\\\/09\\\/22103621\\\/Joan_Mir_Luca_Marini_Emilia_Romagna_2024.jpg\",\"contentUrl\":\"https:\\\/\\\/bxrepsol.s3.eu-west-1.amazonaws.com\\\/static\\\/2024\\\/09\\\/22103621\\\/Joan_Mir_Luca_Marini_Emilia_Romagna_2024.jpg\",\"width\":1250,\"height\":650},{\"@type\":\"BreadcrumbList\",\"@id\":\"https:\\\/\\\/www.boxrepsol.com\\\/en\\\/motogp-en\\\/2024-emilia-romagna-gp-race-results\\\/#breadcrumb\",\"itemListElement\":[{\"@type\":\"ListItem\",\"position\":1,\"name\":\"Home\",\"item\":\"https:\\\/\\\/www.boxrepsol.com\\\/en\\\/\"},{\"@type\":\"ListItem\",\"position\":2,\"name\":\"2024 Emilia Romagna GP Race Results\"}]},{\"@type\":\"WebSite\",\"@id\":\"https:\\\/\\\/www.boxrepsol.com\\\/en\\\/#website\",\"url\":\"https:\\\/\\\/www.boxrepsol.com\\\/en\\\/\",\"name\":\"Box Repsol\",\"description\":\"Box Repsol Site\",\"publisher\":{\"@id\":\"https:\\\/\\\/www.boxrepsol.com\\\/en\\\/#organization\"},\"potentialAction\":[{\"@type\":\"SearchAction\",\"target\":{\"@type\":\"EntryPoint\",\"urlTemplate\":\"https:\\\/\\\/www.boxrepsol.com\\\/en\\\/?s={search_term_string}\"},\"query-input\":{\"@type\":\"PropertyValueSpecification\",\"valueRequired\":true,\"valueName\":\"search_term_string\"}}],\"inLanguage\":\"en-US\"},{\"@type\":\"Organization\",\"@id\":\"https:\\\/\\\/www.boxrepsol.com\\\/en\\\/#organization\",\"name\":\"Box Repsol\",\"url\":\"https:\\\/\\\/www.boxrepsol.com\\\/en\\\/\",\"logo\":{\"@type\":\"ImageObject\",\"inLanguage\":\"en-US\",\"@id\":\"https:\\\/\\\/www.boxrepsol.com\\\/en\\\/#\\\/schema\\\/logo\\\/image\\\/\",\"url\":\"https:\\\/\\\/bxrepsol.s3.eu-west-1.amazonaws.com\\\/static\\\/2025\\\/07\\\/30083337\\\/favicon-96x96-1.png\",\"contentUrl\":\"https:\\\/\\\/bxrepsol.s3.eu-west-1.amazonaws.com\\\/static\\\/2025\\\/07\\\/30083337\\\/favicon-96x96-1.png\",\"width\":96,\"height\":96,\"caption\":\"Box Repsol\"},\"image\":{\"@id\":\"https:\\\/\\\/www.boxrepsol.com\\\/en\\\/#\\\/schema\\\/logo\\\/image\\\/\"},\"sameAs\":[\"https:\\\/\\\/www.facebook.com\\\/BoxRepsol\",\"https:\\\/\\\/x.com\\\/box_repsol\",\"http:\\\/\\\/instagram.com\\\/box_repsol\",\"https:\\\/\\\/www.youtube.com\\\/user\\\/RepsolCompeticion\",\"https:\\\/\\\/www.flickr.com\\\/photos\\\/box_repsol\\\/\"]},{\"@type\":\"Person\",\"@id\":\"https:\\\/\\\/www.boxrepsol.com\\\/en\\\/#\\\/schema\\\/person\\\/c5c2138f2cca251b0ad92b7086bb60b7\",\"name\":\"Redacci\u00f3n Box Repsol\",\"image\":{\"@type\":\"ImageObject\",\"inLanguage\":\"en-US\",\"@id\":\"https:\\\/\\\/secure.gravatar.com\\\/avatar\\\/adf7b77e38b4419baf32c7e9c21dde01f4e40df611f0978e3006fc4ba0aaab7e?s=96&d=mm&r=g\",\"url\":\"https:\\\/\\\/secure.gravatar.com\\\/avatar\\\/adf7b77e38b4419baf32c7e9c21dde01f4e40df611f0978e3006fc4ba0aaab7e?s=96&d=mm&r=g\",\"contentUrl\":\"https:\\\/\\\/secure.gravatar.com\\\/avatar\\\/adf7b77e38b4419baf32c7e9c21dde01f4e40df611f0978e3006fc4ba0aaab7e?s=96&d=mm&r=g\",\"caption\":\"Redacci\u00f3n Box Repsol\"},\"description\":\"Box Repsol lo forma un equipo de periodistas, community managers, dise\u00f1adores y fot\u00f3grafos con m\u00e1s de 20 a\u00f1os de experiencia en el mundo del motorsport. Hemos vivido el primer mundial de un espa\u00f1ol en la categor\u00eda reina de motociclismo con \u00c1lex Crivill\u00e9, estuvimos en las victorias de Pedrosa y los t\u00edtulos de M\u00e1rquez, acompa\u00f1amos en \u00c1frica a Nani Roma y Marc Coma en sus conquistas del Dakar y hemos vibrado con los t\u00edtulos de Toni Bou en Trial. Adem\u00e1s, en nuestro equipo contamos con expertos en el mundo de las dos y cuatro ruedas tanto de la calle y las carreteras, como de los circuitos. Periodistas que han trabajado en revistas y publicaciones para hacerte llegar desde rutas y consejos de mantenimiento, a curiosidades y trucos de pilotaje.\",\"sameAs\":[\"https:\\\/\\\/www.facebook.com\\\/BoxRepsol\\\/\",\"https:\\\/\\\/www.instagram.com\\\/box_repsol\\\/\",\"https:\\\/\\\/x.com\\\/https:\\\/\\\/twitter.com\\\/box_repsol\",\"https:\\\/\\\/www.youtube.com\\\/@Boxrepsol\"],\"url\":\"https:\\\/\\\/www.boxrepsol.com\\\/en\\\/author\\\/redaccion-box-repsol\\\/\"}]}<\/script>\n<!-- \/ Yoast SEO plugin. -->","yoast_head_json":{"title":"2024 Emilia Romagna GP Race Results - Box Repsol","description":"Resultados de la carrera sprint: GP de la Emilia Romagna (13 vueltas)","canonical":"https:\/\/www.boxrepsol.com\/en\/motogp-en\/2024-emilia-romagna-gp-race-results\/","og_locale":"en_US","og_type":"article","og_title":"2024 Emilia Romagna GP Race Results - Box Repsol","og_description":"Resultados de la carrera sprint: GP de la Emilia Romagna (13 vueltas)","og_url":"https:\/\/www.boxrepsol.com\/en\/motogp-en\/2024-emilia-romagna-gp-race-results\/","og_site_name":"Box Repsol","article_publisher":"https:\/\/www.facebook.com\/BoxRepsol","article_author":"https:\/\/www.facebook.com\/BoxRepsol\/","article_published_time":"2024-09-22T12:36:30+00:00","article_modified_time":"2024-09-24T15:24:41+00:00","og_image":[{"width":1250,"height":650,"url":"https:\/\/bxrepsol.s3.eu-west-1.amazonaws.com\/static\/2024\/09\/22103621\/Joan_Mir_Luca_Marini_Emilia_Romagna_2024.jpg","type":"image\/jpeg"}],"author":"Redacci\u00f3n Box Repsol","twitter_card":"summary_large_image","twitter_creator":"@https:\/\/twitter.com\/box_repsol","twitter_site":"@box_repsol","twitter_misc":{"Written by":"Redacci\u00f3n Box Repsol","Est. reading time":"4 minutes"},"schema":{"@context":"https:\/\/schema.org","@graph":[{"@type":"Article","@id":"https:\/\/www.boxrepsol.com\/en\/motogp-en\/2024-emilia-romagna-gp-race-results\/#article","isPartOf":{"@id":"https:\/\/www.boxrepsol.com\/en\/motogp-en\/2024-emilia-romagna-gp-race-results\/"},"author":{"name":"Redacci\u00f3n Box Repsol","@id":"https:\/\/www.boxrepsol.com\/en\/#\/schema\/person\/c5c2138f2cca251b0ad92b7086bb60b7"},"headline":"2024 Emilia Romagna GP Race Results","datePublished":"2024-09-22T12:36:30+00:00","dateModified":"2024-09-24T15:24:41+00:00","mainEntityOfPage":{"@id":"https:\/\/www.boxrepsol.com\/en\/motogp-en\/2024-emilia-romagna-gp-race-results\/"},"wordCount":775,"commentCount":1,"publisher":{"@id":"https:\/\/www.boxrepsol.com\/en\/#organization"},"image":{"@id":"https:\/\/www.boxrepsol.com\/en\/motogp-en\/2024-emilia-romagna-gp-race-results\/#primaryimage"},"thumbnailUrl":"https:\/\/bxrepsol.s3.eu-west-1.amazonaws.com\/static\/2024\/09\/22103621\/Joan_Mir_Luca_Marini_Emilia_Romagna_2024.jpg","keywords":["Competici\u00f3n","Emilia Romagna GP","Joan Mir","Luca Marini","MotoGP 2024"],"articleSection":["MotoGP"],"inLanguage":"en-US","potentialAction":[{"@type":"CommentAction","name":"Comment","target":["https:\/\/www.boxrepsol.com\/en\/motogp-en\/2024-emilia-romagna-gp-race-results\/#respond"]}]},{"@type":"WebPage","@id":"https:\/\/www.boxrepsol.com\/en\/motogp-en\/2024-emilia-romagna-gp-race-results\/","url":"https:\/\/www.boxrepsol.com\/en\/motogp-en\/2024-emilia-romagna-gp-race-results\/","name":"2024 Emilia Romagna GP Race Results - Box Repsol","isPartOf":{"@id":"https:\/\/www.boxrepsol.com\/en\/#website"},"primaryImageOfPage":{"@id":"https:\/\/www.boxrepsol.com\/en\/motogp-en\/2024-emilia-romagna-gp-race-results\/#primaryimage"},"image":{"@id":"https:\/\/www.boxrepsol.com\/en\/motogp-en\/2024-emilia-romagna-gp-race-results\/#primaryimage"},"thumbnailUrl":"https:\/\/bxrepsol.s3.eu-west-1.amazonaws.com\/static\/2024\/09\/22103621\/Joan_Mir_Luca_Marini_Emilia_Romagna_2024.jpg","datePublished":"2024-09-22T12:36:30+00:00","dateModified":"2024-09-24T15:24:41+00:00","description":"Resultados de la carrera sprint: GP de la Emilia Romagna (13 vueltas)","breadcrumb":{"@id":"https:\/\/www.boxrepsol.com\/en\/motogp-en\/2024-emilia-romagna-gp-race-results\/#breadcrumb"},"inLanguage":"en-US","potentialAction":[{"@type":"ReadAction","target":["https:\/\/www.boxrepsol.com\/en\/motogp-en\/2024-emilia-romagna-gp-race-results\/"]}]},{"@type":"ImageObject","inLanguage":"en-US","@id":"https:\/\/www.boxrepsol.com\/en\/motogp-en\/2024-emilia-romagna-gp-race-results\/#primaryimage","url":"https:\/\/bxrepsol.s3.eu-west-1.amazonaws.com\/static\/2024\/09\/22103621\/Joan_Mir_Luca_Marini_Emilia_Romagna_2024.jpg","contentUrl":"https:\/\/bxrepsol.s3.eu-west-1.amazonaws.com\/static\/2024\/09\/22103621\/Joan_Mir_Luca_Marini_Emilia_Romagna_2024.jpg","width":1250,"height":650},{"@type":"BreadcrumbList","@id":"https:\/\/www.boxrepsol.com\/en\/motogp-en\/2024-emilia-romagna-gp-race-results\/#breadcrumb","itemListElement":[{"@type":"ListItem","position":1,"name":"Home","item":"https:\/\/www.boxrepsol.com\/en\/"},{"@type":"ListItem","position":2,"name":"2024 Emilia Romagna GP Race Results"}]},{"@type":"WebSite","@id":"https:\/\/www.boxrepsol.com\/en\/#website","url":"https:\/\/www.boxrepsol.com\/en\/","name":"Box Repsol","description":"Box Repsol Site","publisher":{"@id":"https:\/\/www.boxrepsol.com\/en\/#organization"},"potentialAction":[{"@type":"SearchAction","target":{"@type":"EntryPoint","urlTemplate":"https:\/\/www.boxrepsol.com\/en\/?s={search_term_string}"},"query-input":{"@type":"PropertyValueSpecification","valueRequired":true,"valueName":"search_term_string"}}],"inLanguage":"en-US"},{"@type":"Organization","@id":"https:\/\/www.boxrepsol.com\/en\/#organization","name":"Box Repsol","url":"https:\/\/www.boxrepsol.com\/en\/","logo":{"@type":"ImageObject","inLanguage":"en-US","@id":"https:\/\/www.boxrepsol.com\/en\/#\/schema\/logo\/image\/","url":"https:\/\/bxrepsol.s3.eu-west-1.amazonaws.com\/static\/2025\/07\/30083337\/favicon-96x96-1.png","contentUrl":"https:\/\/bxrepsol.s3.eu-west-1.amazonaws.com\/static\/2025\/07\/30083337\/favicon-96x96-1.png","width":96,"height":96,"caption":"Box Repsol"},"image":{"@id":"https:\/\/www.boxrepsol.com\/en\/#\/schema\/logo\/image\/"},"sameAs":["https:\/\/www.facebook.com\/BoxRepsol","https:\/\/x.com\/box_repsol","http:\/\/instagram.com\/box_repsol","https:\/\/www.youtube.com\/user\/RepsolCompeticion","https:\/\/www.flickr.com\/photos\/box_repsol\/"]},{"@type":"Person","@id":"https:\/\/www.boxrepsol.com\/en\/#\/schema\/person\/c5c2138f2cca251b0ad92b7086bb60b7","name":"Redacci\u00f3n Box Repsol","image":{"@type":"ImageObject","inLanguage":"en-US","@id":"https:\/\/secure.gravatar.com\/avatar\/adf7b77e38b4419baf32c7e9c21dde01f4e40df611f0978e3006fc4ba0aaab7e?s=96&d=mm&r=g","url":"https:\/\/secure.gravatar.com\/avatar\/adf7b77e38b4419baf32c7e9c21dde01f4e40df611f0978e3006fc4ba0aaab7e?s=96&d=mm&r=g","contentUrl":"https:\/\/secure.gravatar.com\/avatar\/adf7b77e38b4419baf32c7e9c21dde01f4e40df611f0978e3006fc4ba0aaab7e?s=96&d=mm&r=g","caption":"Redacci\u00f3n Box Repsol"},"description":"Box Repsol lo forma un equipo de periodistas, community managers, dise\u00f1adores y fot\u00f3grafos con m\u00e1s de 20 a\u00f1os de experiencia en el mundo del motorsport. Hemos vivido el primer mundial de un espa\u00f1ol en la categor\u00eda reina de motociclismo con \u00c1lex Crivill\u00e9, estuvimos en las victorias de Pedrosa y los t\u00edtulos de M\u00e1rquez, acompa\u00f1amos en \u00c1frica a Nani Roma y Marc Coma en sus conquistas del Dakar y hemos vibrado con los t\u00edtulos de Toni Bou en Trial. Adem\u00e1s, en nuestro equipo contamos con expertos en el mundo de las dos y cuatro ruedas tanto de la calle y las carreteras, como de los circuitos. Periodistas que han trabajado en revistas y publicaciones para hacerte llegar desde rutas y consejos de mantenimiento, a curiosidades y trucos de pilotaje.","sameAs":["https:\/\/www.facebook.com\/BoxRepsol\/","https:\/\/www.instagram.com\/box_repsol\/","https:\/\/x.com\/https:\/\/twitter.com\/box_repsol","https:\/\/www.youtube.com\/@Boxrepsol"],"url":"https:\/\/www.boxrepsol.com\/en\/author\/redaccion-box-repsol\/"}]}},"_links":{"self":[{"href":"https:\/\/www.boxrepsol.com\/en\/wp-json\/wp\/v2\/posts\/119882","targetHints":{"allow":["GET"]}}],"collection":[{"href":"https:\/\/www.boxrepsol.com\/en\/wp-json\/wp\/v2\/posts"}],"about":[{"href":"https:\/\/www.boxrepsol.com\/en\/wp-json\/wp\/v2\/types\/post"}],"author":[{"embeddable":true,"href":"https:\/\/www.boxrepsol.com\/en\/wp-json\/wp\/v2\/users\/43146"}],"replies":[{"embeddable":true,"href":"https:\/\/www.boxrepsol.com\/en\/wp-json\/wp\/v2\/comments?post=119882"}],"version-history":[{"count":7,"href":"https:\/\/www.boxrepsol.com\/en\/wp-json\/wp\/v2\/posts\/119882\/revisions"}],"predecessor-version":[{"id":119945,"href":"https:\/\/www.boxrepsol.com\/en\/wp-json\/wp\/v2\/posts\/119882\/revisions\/119945"}],"wp:featuredmedia":[{"embeddable":true,"href":"https:\/\/www.boxrepsol.com\/en\/wp-json\/wp\/v2\/media\/119894"}],"wp:attachment":[{"href":"https:\/\/www.boxrepsol.com\/en\/wp-json\/wp\/v2\/media?parent=119882"}],"wp:term":[{"taxonomy":"category","embeddable":true,"href":"https:\/\/www.boxrepsol.com\/en\/wp-json\/wp\/v2\/categories?post=119882"},{"taxonomy":"post_tag","embeddable":true,"href":"https:\/\/www.boxrepsol.com\/en\/wp-json\/wp\/v2\/tags?post=119882"}],"curies":[{"name":"wp","href":"https:\/\/api.w.org\/{rel}","templated":true}]}}