{"id":119751,"date":"2024-09-18T06:43:21","date_gmt":"2024-09-18T08:43:21","guid":{"rendered":"https:\/\/www.boxrepsol.com\/uncategorized\/gp-emilia-romagna-motogp-horarios-y-donde-ver\/"},"modified":"2025-07-24T06:43:34","modified_gmt":"2025-07-24T08:43:34","slug":"gp-emilia-romagna-motogp-horarios-y-donde-ver","status":"publish","type":"post","link":"https:\/\/www.boxrepsol.com\/en\/motogp-en\/gp-emilia-romagna-motogp-horarios-y-donde-ver\/","title":{"rendered":"Horarios MotoGP Emilia Romagna 2024: fechas y d\u00f3nde ver por TV y online"},"content":{"rendered":"<figure class=\"wp-block-post-featured-image\"><img loading=\"lazy\" decoding=\"async\" width=\"1280\" height=\"650\" src=\"https:\/\/bxrepsol.s3.eu-west-1.amazonaws.com\/static\/2024\/09\/18063707\/portada-web.png\" class=\"attachment-post-thumbnail size-post-thumbnail wp-post-image\" alt=\"\" style=\"object-fit:cover;\" srcset=\"https:\/\/bxrepsol.s3.eu-west-1.amazonaws.com\/static\/2024\/09\/18063707\/portada-web.png 1280w, https:\/\/bxrepsol.s3.eu-west-1.amazonaws.com\/static\/2024\/09\/18063707\/portada-web-300x152.png 300w, https:\/\/bxrepsol.s3.eu-west-1.amazonaws.com\/static\/2024\/09\/18063707\/portada-web-1024x520.png 1024w, https:\/\/bxrepsol.s3.eu-west-1.amazonaws.com\/static\/2024\/09\/18063707\/portada-web-768x390.png 768w\" sizes=\"auto, (max-width: 1280px) 100vw, 1280px\" \/><\/figure>\n\n\n<p><\/p>\n\n\n\n<h2 class=\"wp-block-heading\"><strong>Sigue en directo el MotoGP de Emilia Romagna 2024 con DAZN&nbsp;<\/strong><\/h2>\n\n\n\n<p>Si quieres vivir de cerca el fin de semana de competici\u00f3n de MotoGP en el circuito de Misano, una de las opciones a las que puedes recurrir para ver este <strong>Gran Premio<\/strong>, as\u00ed como el resto del Mundial, es DAZN, la plataforma con los derechos de emisi\u00f3n del campeonato de MotoGP.<\/p>\n\n\n\n<p>DAZN ofrece una larga lista de contenidos que puedes consumir tanto en directo como a la carta y, adem\u00e1s, te permite escoger c\u00f3mo ver las carreras: a trav\u00e9s de <strong>TV, dispositivos m\u00f3viles o PC<\/strong>.<\/p>\n\n\n\n<p>Desde su&nbsp;<a href=\"https:\/\/www.dazn.com\/es-ES\/account\/payment-plan\">p\u00e1gina web<\/a>&nbsp;podr\u00e1s consultar sus planes y escoger el que mejor se adapte a ti. Tanto es as\u00ed que la plataforma ofrece dos planes diferentes que contienen <strong>MotoGP<\/strong>, Total y Esencial, desde <strong>29,99\u20ac<\/strong> al mes y <strong>19,99\u20ac, <\/strong>respectivamente, en sus modalidades con permanencia de 12 meses con pago fraccionado. Si deseas la opci\u00f3n de pago mensual sin permanencia, el importe final <strong>aumenta en 10\u20ac m\u00e1s<\/strong> al mes.<\/p>\n\n\n\n<h3 class=\"wp-block-heading\"><strong>C\u00f3mo ver el GP de Emilia Romagna en Movistar+ y otras plataformas&nbsp;<\/strong><\/h3>\n\n\n\n<p>M\u00e1s all\u00e1 de DAZN, tambi\u00e9n se pueden seguir todas las sesiones del fin de semana de Misano por otras v\u00edas. Una de ellas <strong>es hacerlo mediante Movistar+,<\/strong> siempre y cuando tengas el paquete principal de Movistar Plus+ u otros como el paquete <strong>Motor<\/strong> o el de <strong>Deportes Total<\/strong>.<\/p>\n\n\n\n<p>Sin embargo, <strong>Amazon Prime Video,&nbsp;Yoigo,&nbsp;Orange TV,&nbsp;M\u00e1sM\u00f3vil,&nbsp;Virgin Telco&nbsp;y&nbsp;Telecable<\/strong> son otras de las plataformas disponibles para no quedarse desconectado y poder vivir de cerca la competici\u00f3n gracias a los acuerdos a los que han llegado con DAZN para reproducir su emisi\u00f3n.<\/p>\n\n\n\n<h3 class=\"wp-block-heading\"><strong>Ver MotoGP Online en MotoGP.com<\/strong><\/h3>\n\n\n\n<p>Obviando todas estas plataformas, cabe recordar que tambi\u00e9n existe el <strong>canal oficial de MotoGP <\/strong>(motogp.com) para seguir el <strong>GP de San Marino de MotoGP 2024<\/strong>. La organizaci\u00f3n del Mundial brinda sus propios medios a trav\u00e9s de una plataforma web donde se <strong>puede seguir en directo y sin anuncios<\/strong> todas las sesiones de cada Gran Premio, as\u00ed como contenido \u00fanico y exclusivo de la marca (resultados, declaraciones de los pilotos, im\u00e1genes exclusivas, reportajes, etc).<\/p>\n\n\n\n<p>Con la primera mitad de temporada ya disputada, la plataforma solo ofrece la opci\u00f3n del<strong> TimingPass<\/strong>. Esta te permite acceder a los cortometrajes en directo de todas y cada una de las sesiones que se disputan en vivo y en directo, con los datos referentes a todos y cada uno de los pilotos que est\u00e1n en pista. Su coste, con ocho Grandes Premios de 2024 aun por disputar, es de tan solo <strong>8.99\u20ac.<\/strong><\/p>\n\n\n\n<h3 class=\"wp-block-heading\"><strong>Sigue la segunda semana de competici\u00f3n en el Misano World Circuit con la APP y RRSS de Box Repsol&nbsp;<\/strong><\/h3>\n\n\n\n<p>Por supuesto, desde Box Repsol tambi\u00e9n te damos la opci\u00f3n de <strong>seguir en directo el Gran Premio de la Emilia Romagna<\/strong> para no perderte nada y mantenerte al corriente de todo lo que suceda en cualquier momento y desde cualquier lugar.<\/p>\n\n\n\n<p>S\u00edguenos en X, <a href=\"https:\/\/twitter.com\/box_repsol\">@Box_Repsol<\/a>, para conocer de primera mano los resultados de cada entrenamiento oficial, as\u00ed como las mejores im\u00e1genes y declaraciones de nuestros pilotos durante los cuatro d\u00edas de Gran Premio. Adem\u00e1s, en la <a href=\"https:\/\/boxrepsol.page.link\/qL6j\">App de Box Repsol<\/a> puedes seguir el \u2018vuelta a vuelta\u2019 en directo de las carreras del s\u00e1bado y del domingo y <strong>mantenerte actualizado de todos los resultados, clasificaciones y horarios<\/strong>, entre otras varias opciones. &nbsp;<\/p>\n\n\n\n<p><strong>Horarios del Gran Premio de la Emilia Romagna de MotoGP 2024 (Hora CEST)&nbsp;<\/strong><\/p>\n\n\n\n<p><strong>La decimocuarta de las veinte<\/strong> <strong>citas<\/strong> que albergar\u00e1 el Mundial de MotoGP 2024 tendr\u00e1 lugar, <strong>por segunda vez consecutiva<\/strong>, en el circuito de Misano, Italia. Esta vez, eso s\u00ed, no habr\u00e1 Gran Premio ni para la <strong>Red Bull Rookies Cup ni <\/strong>para <strong>MotoE<\/strong>: ambas categor\u00edas finalizaron su temporada hace dos semanas.<\/p>\n\n\n\n<p><strong>Para no perderte nada de lo que suceda en el trazado de la Emilia Romagna, <\/strong>ap\u00fantate los horarios para poder estar al d\u00eda de todo lo que acontezca en el Gran Premio de Misano de MotoGP. La carrera Sprint del s\u00e1bado ser\u00e1 a las 15:00, mientras que las carreras del domingo empezar\u00e1n con <strong>Moto3<\/strong> a las 10:00, <strong>Moto2<\/strong> a las 11:15 y <strong>MotoGP<\/strong>, como plato fuerte de la jornada, a partir de las 13:00h.<\/p>\n\n\n\n<p><strong>VIERNES 20 DE SEPTIEMBRE&nbsp;<\/strong><\/p>\n\n\n\n<p>09:00\u2013 09:35 FP Moto3<\/p>\n\n\n\n<p>09:50 \u2013 10:30 FP Moto2<\/p>\n\n\n\n<p>10:45 \u2013 11:30 FP1 MotoGP&nbsp;<\/p>\n\n\n\n<p>13:15 \u2013 13:50 P1 Moto3<\/p>\n\n\n\n<p>14:05 \u2013 14:45 P1 Moto2&nbsp;<\/p>\n\n\n\n<p>15:00 \u2013 16:00 PR MotoGP&nbsp;<\/p>\n\n\n\n<p><strong>S\u00c1BADO 21 DE SEPTIEMBRE&nbsp;<\/strong><\/p>\n\n\n\n<p>08:40 \u2013 09:10 P2 Moto3&nbsp;<\/p>\n\n\n\n<p>09:25 \u2013 09:55 P2 Moto2&nbsp;<\/p>\n\n\n\n<p>10:10 \u2013 10:40 FP2 MotoGP&nbsp;<\/p>\n\n\n\n<p>10:50 \u2013 11:05 Q1 MotoGP&nbsp;<\/p>\n\n\n\n<p>11:15 \u2013 11:30 Q2 MotoGP&nbsp;<\/p>\n\n\n\n<p>12:50 \u2013 13:05 Q1 Moto3&nbsp;<\/p>\n\n\n\n<p>13:15 \u2013 13:30 Q2 Moto3&nbsp;<\/p>\n\n\n\n<p>13:45 \u2013 14:00 Q1 Moto2&nbsp;<\/p>\n\n\n\n<p>14:10 \u2013 14:25 Q2 Moto2&nbsp;<\/p>\n\n\n\n<p>15:00 Sprint Race MotoGP&nbsp;(13 vueltas)<\/p>\n\n\n\n<p><strong>DOMINGO 22 DE SEPTIEMBRE&nbsp;<\/strong><\/p>\n\n\n\n<p>08:40 \u2013 08:50 Warm Up MotoGP&nbsp;<\/p>\n\n\n\n<p>09:00 \u2013 09:35 Talk Show&nbsp;<\/p>\n\n\n\n<p>10:00 Carrera Moto3&nbsp;(20 vueltas)<\/p>\n\n\n\n<p>11:15 Carrera Moto2&nbsp;(22 vueltas)<\/p>\n\n\n\n<p>13:00 Carrera MotoGP&nbsp;(27 vueltas)<\/p>\n\n\n\n<p><strong>HORARIOS MOTOGP CARRERAS COLOMBIA&nbsp;<\/strong><\/p>\n\n\n\n<p><strong>S\u00c1BADO 21 DE SEPTIEMBRE<\/strong><\/p>\n\n\n\n<p>08:00 Carrera Sprint&nbsp;<\/p>\n\n\n\n<p><strong>DOMINGO 22 DE SEPTIEMBRE<\/strong><\/p>\n\n\n\n<p>03:00 Moto3&nbsp;<\/p>\n\n\n\n<p>04:15 Moto2&nbsp;<\/p>\n\n\n\n<p>06:00 MotoGP&nbsp;<\/p>\n\n\n\n<p><strong>HORARIOS MOTOGP CARRERAS M\u00c9XICO&nbsp;<\/strong><\/p>\n\n\n\n<p><strong>S\u00c1BADO 21 DE SEMPTIEMBRE<\/strong><\/p>\n\n\n\n<p>07:00 Carrera Sprint&nbsp;<\/p>\n\n\n\n<p><strong>DOMINGO 22 DE SEPTIEMBRE<\/strong><\/p>\n\n\n\n<p>02:00 Moto3&nbsp;<\/p>\n\n\n\n<p>03:15 Moto2&nbsp;<\/p>\n\n\n\n<p>05:00 MotoGP&nbsp;<\/p>\n\n\n\n<p><strong>HORARIOS MOTOGP CARRERAS CHILE&nbsp;<\/strong><\/p>\n\n\n\n<p><strong>S\u00c1BADO 21 DE SEPTIEMBRE<\/strong><\/p>\n\n\n\n<p>10:00 Carrera Sprint&nbsp;<\/p>\n\n\n\n<p><strong>DOMINGO 22 DE SEPTIEMBRE<\/strong><\/p>\n\n\n\n<p>05:00 Moto3&nbsp;<\/p>\n\n\n\n<p>06:15 Moto2&nbsp;<\/p>\n\n\n\n<p>08:00 MotoGP&nbsp;<\/p>\n\n\n\n<p><strong>HORARIOS MOTOGP CARRERAS ARGENTINA Y URUGUAY&nbsp;<\/strong><\/p>\n\n\n\n<p><strong>S\u00c1BADO 21 DE SEPTIEMBRE<\/strong><\/p>\n\n\n\n<p>10:00 Carrera Sprint&nbsp;<\/p>\n\n\n\n<p><strong>DOMINGO 22 DE SEPTIEMBRE<\/strong><\/p>\n\n\n\n<p>05:00 Moto3&nbsp;<\/p>\n\n\n\n<p>06:15 Moto2&nbsp;<\/p>\n\n\n\n<p>08:00 MotoGP&nbsp;<\/p>\n\n\n\n<h2 class=\"wp-block-heading\"><strong>Vuelta al ruedo para el Repsol Honda en Misano<\/strong><\/h2>\n\n\n\n<p>Tras un inicio de mes algo complicado en el <a href=\"https:\/\/www.boxrepsol.com\/en\/motogp-en\/2024-aragon-gp-race-results\/\">GP de MotorLand<\/a>, el <strong>Repsol Honda<\/strong> volver\u00e1 a por todas en Misano para disputar <strong>el segundo Gran Premio consecutivo en tierras italianas<\/strong>, aunque, pr\u00e1cticamente para ambos, se tratar\u00e1 del primero.<\/p>\n\n\n\n<p>Tras un <strong>Gran Premio de San Marino<\/strong> complicado donde <strong>ninguno pudo disputar la carrera larga del domingo<\/strong>, ambos llegan a esta segunda prueba italiana con algo m\u00e1s de certezas tras el <strong>test IRTA<\/strong> realizado el pasado lunes 09 de septiembre. &nbsp;<\/p>\n\n\n\n<p>As\u00ed pues, tanto <strong>Joan Mir<\/strong> como <strong>Luca Marini<\/strong> rodaron para probar nuevo material, sobre todo en la vertiente aerodin\u00e1mica. De hecho, tanto el balear como el <strong>italiano acabaron satisfechos de las pruebas, <\/strong>dejando claro que la estabilidad de la moto en curva hab\u00eda mejorado con los nuevos componentes: <strong>nuevas aletas, un carenado m\u00e1s ligero y un motor con mayor potencia.<\/strong><\/p>\n\n\n\n<p>Aunque este \u00faltimo Gran Premio de Misano no haya sido el mejor para ninguno de los dos en la Emilia Romagna, ambos tienen grandes recuerdos del trazado italiano, ya que entre ambos suman una victoria y cinco podios:<\/p>\n\n\n\n<ul class=\"wp-block-list\">\n<li><strong>Joan Mir<\/strong>, en Moto3, consigui\u00f3 la P3 en 2016 y la P2 en 2017, mientras que en la categor\u00eda reina moj\u00f3 por partida doble en el a\u00f1o de su corona (2020), cuando firm\u00f3 una P3 y una P2 en las dos citas disputadas en el circuito de Misano<\/li>\n<\/ul>\n\n\n\n<ul class=\"wp-block-list\">\n<li>A su lado, <strong>Luca Marini,<\/strong> no ha logrado tantos podios en su carrera de casa pero s\u00ed ha logrado algo que Joan no: <strong>ganar<\/strong>. El italiano <strong>sali\u00f3 victorioso<\/strong> en 2020 como piloto de la categor\u00eda intermedia. Ya en MotoGP, su mejor carrera se sald\u00f3 con un cuarto puesto en 2022.<\/li>\n<\/ul>\n","protected":false},"excerpt":{"rendered":"<p>El Misano World Circuit Marco Simoncelli ser\u00e1, por segunda vez consecutiva, sede de una cita mundialista de la temporada 2024, la decimocuarta para los pilotos de MotoGP. Tras el GP de San Marino, el Gran Premio de Emilio Romagna se convierte en la quinta cita mundialista correspondiente a la segunda mitad de curso, iniciada en Silverstone a principios de agosto. Tras un GP de San Marino con sorpresas, veremos hasta d\u00f3nde son capaces de llegar los pilotos de MotoGP en esta segunda prueba de fuego en el trazado italiano. <\/p>\n","protected":false},"author":43146,"featured_media":119746,"comment_status":"open","ping_status":"open","sticky":false,"template":"","format":"standard","meta":{"footnotes":""},"categories":[146],"tags":[590,510,282,423,440],"class_list":["post-119751","post","type-post","status-publish","format-standard","hentry","category-motogp-en","tag-competicion-en","tag-gp-emilia-romagna-en","tag-joan-mir-en","tag-luca-marini-en","tag-motogp-2024-en"],"yoast_head":"<!-- This site is optimized with the Yoast SEO plugin v27.3 - https:\/\/yoast.com\/product\/yoast-seo-wordpress\/ -->\n<title>Horarios MotoGP Misano II 2024: fechas y d\u00f3nde ver por TV y online - Box Repsol<\/title>\n<meta name=\"description\" content=\"Consulta los horarios y canales para ver el GP de la Emilia Romagna 2024 de MotoGP. No te pierdas ni un solo detalle de esta segunda ronda en Misano.\" \/>\n<link rel=\"canonical\" href=\"https:\/\/www.boxrepsol.com\/en\/motogp-en\/gp-emilia-romagna-motogp-horarios-y-donde-ver\/\" \/>\n<meta property=\"og:locale\" content=\"en_US\" \/>\n<meta property=\"og:type\" content=\"article\" \/>\n<meta property=\"og:title\" content=\"Horarios MotoGP Misano II 2024: fechas y d\u00f3nde ver por TV y online - Box Repsol\" \/>\n<meta property=\"og:description\" content=\"Consulta los horarios y canales para ver el GP de la Emilia Romagna 2024 de MotoGP. No te pierdas ni un solo detalle de esta segunda ronda en Misano.\" \/>\n<meta property=\"og:url\" content=\"https:\/\/www.boxrepsol.com\/en\/motogp-en\/gp-emilia-romagna-motogp-horarios-y-donde-ver\/\" \/>\n<meta property=\"og:site_name\" content=\"Box Repsol\" \/>\n<meta property=\"article:publisher\" content=\"https:\/\/www.facebook.com\/BoxRepsol\" \/>\n<meta property=\"article:author\" content=\"https:\/\/www.facebook.com\/BoxRepsol\/\" \/>\n<meta property=\"article:published_time\" content=\"2024-09-18T08:43:21+00:00\" \/>\n<meta property=\"article:modified_time\" content=\"2025-07-24T08:43:34+00:00\" \/>\n<meta property=\"og:image\" content=\"https:\/\/bxrepsol.s3.eu-west-1.amazonaws.com\/static\/2024\/09\/18063707\/portada-web.png\" \/>\n\t<meta property=\"og:image:width\" content=\"1280\" \/>\n\t<meta property=\"og:image:height\" content=\"650\" \/>\n\t<meta property=\"og:image:type\" content=\"image\/png\" \/>\n<meta name=\"author\" content=\"Redacci\u00f3n Box Repsol\" \/>\n<meta name=\"twitter:card\" content=\"summary_large_image\" \/>\n<meta name=\"twitter:creator\" content=\"@https:\/\/twitter.com\/box_repsol\" \/>\n<meta name=\"twitter:site\" content=\"@box_repsol\" \/>\n<meta name=\"twitter:label1\" content=\"Written by\" \/>\n\t<meta name=\"twitter:data1\" content=\"Redacci\u00f3n Box Repsol\" \/>\n\t<meta name=\"twitter:label2\" content=\"Est. reading time\" \/>\n\t<meta name=\"twitter:data2\" content=\"6 minutes\" \/>\n<script type=\"application\/ld+json\" class=\"yoast-schema-graph\">{\"@context\":\"https:\\\/\\\/schema.org\",\"@graph\":[{\"@type\":\"Article\",\"@id\":\"https:\\\/\\\/www.boxrepsol.com\\\/en\\\/motogp-en\\\/gp-emilia-romagna-motogp-horarios-y-donde-ver\\\/#article\",\"isPartOf\":{\"@id\":\"https:\\\/\\\/www.boxrepsol.com\\\/en\\\/motogp-en\\\/gp-emilia-romagna-motogp-horarios-y-donde-ver\\\/\"},\"author\":{\"name\":\"Redacci\u00f3n Box Repsol\",\"@id\":\"https:\\\/\\\/www.boxrepsol.com\\\/en\\\/#\\\/schema\\\/person\\\/c5c2138f2cca251b0ad92b7086bb60b7\"},\"headline\":\"Horarios MotoGP Emilia Romagna 2024: fechas y d\u00f3nde ver por TV y online\",\"datePublished\":\"2024-09-18T08:43:21+00:00\",\"dateModified\":\"2025-07-24T08:43:34+00:00\",\"mainEntityOfPage\":{\"@id\":\"https:\\\/\\\/www.boxrepsol.com\\\/en\\\/motogp-en\\\/gp-emilia-romagna-motogp-horarios-y-donde-ver\\\/\"},\"wordCount\":1194,\"commentCount\":0,\"publisher\":{\"@id\":\"https:\\\/\\\/www.boxrepsol.com\\\/en\\\/#organization\"},\"image\":{\"@id\":\"https:\\\/\\\/www.boxrepsol.com\\\/en\\\/motogp-en\\\/gp-emilia-romagna-motogp-horarios-y-donde-ver\\\/#primaryimage\"},\"thumbnailUrl\":\"https:\\\/\\\/bxrepsol.s3.eu-west-1.amazonaws.com\\\/static\\\/2024\\\/09\\\/18063707\\\/portada-web.png\",\"keywords\":[\"Competici\u00f3n\",\"GP Emilia Romagna\",\"Joan Mir\",\"Luca Marini\",\"MotoGP 2024\"],\"articleSection\":[\"MotoGP\"],\"inLanguage\":\"en-US\",\"potentialAction\":[{\"@type\":\"CommentAction\",\"name\":\"Comment\",\"target\":[\"https:\\\/\\\/www.boxrepsol.com\\\/en\\\/motogp-en\\\/gp-emilia-romagna-motogp-horarios-y-donde-ver\\\/#respond\"]}]},{\"@type\":\"WebPage\",\"@id\":\"https:\\\/\\\/www.boxrepsol.com\\\/en\\\/motogp-en\\\/gp-emilia-romagna-motogp-horarios-y-donde-ver\\\/\",\"url\":\"https:\\\/\\\/www.boxrepsol.com\\\/en\\\/motogp-en\\\/gp-emilia-romagna-motogp-horarios-y-donde-ver\\\/\",\"name\":\"Horarios MotoGP Misano II 2024: fechas y d\u00f3nde ver por TV y online - Box Repsol\",\"isPartOf\":{\"@id\":\"https:\\\/\\\/www.boxrepsol.com\\\/en\\\/#website\"},\"primaryImageOfPage\":{\"@id\":\"https:\\\/\\\/www.boxrepsol.com\\\/en\\\/motogp-en\\\/gp-emilia-romagna-motogp-horarios-y-donde-ver\\\/#primaryimage\"},\"image\":{\"@id\":\"https:\\\/\\\/www.boxrepsol.com\\\/en\\\/motogp-en\\\/gp-emilia-romagna-motogp-horarios-y-donde-ver\\\/#primaryimage\"},\"thumbnailUrl\":\"https:\\\/\\\/bxrepsol.s3.eu-west-1.amazonaws.com\\\/static\\\/2024\\\/09\\\/18063707\\\/portada-web.png\",\"datePublished\":\"2024-09-18T08:43:21+00:00\",\"dateModified\":\"2025-07-24T08:43:34+00:00\",\"description\":\"Consulta los horarios y canales para ver el GP de la Emilia Romagna 2024 de MotoGP. No te pierdas ni un solo detalle de esta segunda ronda en Misano.\",\"breadcrumb\":{\"@id\":\"https:\\\/\\\/www.boxrepsol.com\\\/en\\\/motogp-en\\\/gp-emilia-romagna-motogp-horarios-y-donde-ver\\\/#breadcrumb\"},\"inLanguage\":\"en-US\",\"potentialAction\":[{\"@type\":\"ReadAction\",\"target\":[\"https:\\\/\\\/www.boxrepsol.com\\\/en\\\/motogp-en\\\/gp-emilia-romagna-motogp-horarios-y-donde-ver\\\/\"]}]},{\"@type\":\"ImageObject\",\"inLanguage\":\"en-US\",\"@id\":\"https:\\\/\\\/www.boxrepsol.com\\\/en\\\/motogp-en\\\/gp-emilia-romagna-motogp-horarios-y-donde-ver\\\/#primaryimage\",\"url\":\"https:\\\/\\\/bxrepsol.s3.eu-west-1.amazonaws.com\\\/static\\\/2024\\\/09\\\/18063707\\\/portada-web.png\",\"contentUrl\":\"https:\\\/\\\/bxrepsol.s3.eu-west-1.amazonaws.com\\\/static\\\/2024\\\/09\\\/18063707\\\/portada-web.png\",\"width\":1280,\"height\":650},{\"@type\":\"BreadcrumbList\",\"@id\":\"https:\\\/\\\/www.boxrepsol.com\\\/en\\\/motogp-en\\\/gp-emilia-romagna-motogp-horarios-y-donde-ver\\\/#breadcrumb\",\"itemListElement\":[{\"@type\":\"ListItem\",\"position\":1,\"name\":\"Home\",\"item\":\"https:\\\/\\\/www.boxrepsol.com\\\/en\\\/\"},{\"@type\":\"ListItem\",\"position\":2,\"name\":\"Horarios MotoGP Emilia Romagna 2024: fechas y d\u00f3nde ver por TV y online\"}]},{\"@type\":\"WebSite\",\"@id\":\"https:\\\/\\\/www.boxrepsol.com\\\/en\\\/#website\",\"url\":\"https:\\\/\\\/www.boxrepsol.com\\\/en\\\/\",\"name\":\"Box Repsol\",\"description\":\"Box Repsol Site\",\"publisher\":{\"@id\":\"https:\\\/\\\/www.boxrepsol.com\\\/en\\\/#organization\"},\"potentialAction\":[{\"@type\":\"SearchAction\",\"target\":{\"@type\":\"EntryPoint\",\"urlTemplate\":\"https:\\\/\\\/www.boxrepsol.com\\\/en\\\/?s={search_term_string}\"},\"query-input\":{\"@type\":\"PropertyValueSpecification\",\"valueRequired\":true,\"valueName\":\"search_term_string\"}}],\"inLanguage\":\"en-US\"},{\"@type\":\"Organization\",\"@id\":\"https:\\\/\\\/www.boxrepsol.com\\\/en\\\/#organization\",\"name\":\"Box Repsol\",\"url\":\"https:\\\/\\\/www.boxrepsol.com\\\/en\\\/\",\"logo\":{\"@type\":\"ImageObject\",\"inLanguage\":\"en-US\",\"@id\":\"https:\\\/\\\/www.boxrepsol.com\\\/en\\\/#\\\/schema\\\/logo\\\/image\\\/\",\"url\":\"https:\\\/\\\/bxrepsol.s3.eu-west-1.amazonaws.com\\\/static\\\/2025\\\/07\\\/30083337\\\/favicon-96x96-1.png\",\"contentUrl\":\"https:\\\/\\\/bxrepsol.s3.eu-west-1.amazonaws.com\\\/static\\\/2025\\\/07\\\/30083337\\\/favicon-96x96-1.png\",\"width\":96,\"height\":96,\"caption\":\"Box Repsol\"},\"image\":{\"@id\":\"https:\\\/\\\/www.boxrepsol.com\\\/en\\\/#\\\/schema\\\/logo\\\/image\\\/\"},\"sameAs\":[\"https:\\\/\\\/www.facebook.com\\\/BoxRepsol\",\"https:\\\/\\\/x.com\\\/box_repsol\",\"http:\\\/\\\/instagram.com\\\/box_repsol\",\"https:\\\/\\\/www.youtube.com\\\/user\\\/RepsolCompeticion\",\"https:\\\/\\\/www.flickr.com\\\/photos\\\/box_repsol\\\/\"]},{\"@type\":\"Person\",\"@id\":\"https:\\\/\\\/www.boxrepsol.com\\\/en\\\/#\\\/schema\\\/person\\\/c5c2138f2cca251b0ad92b7086bb60b7\",\"name\":\"Redacci\u00f3n Box Repsol\",\"image\":{\"@type\":\"ImageObject\",\"inLanguage\":\"en-US\",\"@id\":\"https:\\\/\\\/secure.gravatar.com\\\/avatar\\\/adf7b77e38b4419baf32c7e9c21dde01f4e40df611f0978e3006fc4ba0aaab7e?s=96&d=mm&r=g\",\"url\":\"https:\\\/\\\/secure.gravatar.com\\\/avatar\\\/adf7b77e38b4419baf32c7e9c21dde01f4e40df611f0978e3006fc4ba0aaab7e?s=96&d=mm&r=g\",\"contentUrl\":\"https:\\\/\\\/secure.gravatar.com\\\/avatar\\\/adf7b77e38b4419baf32c7e9c21dde01f4e40df611f0978e3006fc4ba0aaab7e?s=96&d=mm&r=g\",\"caption\":\"Redacci\u00f3n Box Repsol\"},\"description\":\"Box Repsol lo forma un equipo de periodistas, community managers, dise\u00f1adores y fot\u00f3grafos con m\u00e1s de 20 a\u00f1os de experiencia en el mundo del motorsport. Hemos vivido el primer mundial de un espa\u00f1ol en la categor\u00eda reina de motociclismo con \u00c1lex Crivill\u00e9, estuvimos en las victorias de Pedrosa y los t\u00edtulos de M\u00e1rquez, acompa\u00f1amos en \u00c1frica a Nani Roma y Marc Coma en sus conquistas del Dakar y hemos vibrado con los t\u00edtulos de Toni Bou en Trial. Adem\u00e1s, en nuestro equipo contamos con expertos en el mundo de las dos y cuatro ruedas tanto de la calle y las carreteras, como de los circuitos. Periodistas que han trabajado en revistas y publicaciones para hacerte llegar desde rutas y consejos de mantenimiento, a curiosidades y trucos de pilotaje.\",\"sameAs\":[\"https:\\\/\\\/www.facebook.com\\\/BoxRepsol\\\/\",\"https:\\\/\\\/www.instagram.com\\\/box_repsol\\\/\",\"https:\\\/\\\/x.com\\\/https:\\\/\\\/twitter.com\\\/box_repsol\",\"https:\\\/\\\/www.youtube.com\\\/@Boxrepsol\"],\"url\":\"https:\\\/\\\/www.boxrepsol.com\\\/en\\\/author\\\/redaccion-box-repsol\\\/\"}]}<\/script>\n<!-- \/ Yoast SEO plugin. -->","yoast_head_json":{"title":"Horarios MotoGP Misano II 2024: fechas y d\u00f3nde ver por TV y online - Box Repsol","description":"Consulta los horarios y canales para ver el GP de la Emilia Romagna 2024 de MotoGP. No te pierdas ni un solo detalle de esta segunda ronda en Misano.","canonical":"https:\/\/www.boxrepsol.com\/en\/motogp-en\/gp-emilia-romagna-motogp-horarios-y-donde-ver\/","og_locale":"en_US","og_type":"article","og_title":"Horarios MotoGP Misano II 2024: fechas y d\u00f3nde ver por TV y online - Box Repsol","og_description":"Consulta los horarios y canales para ver el GP de la Emilia Romagna 2024 de MotoGP. No te pierdas ni un solo detalle de esta segunda ronda en Misano.","og_url":"https:\/\/www.boxrepsol.com\/en\/motogp-en\/gp-emilia-romagna-motogp-horarios-y-donde-ver\/","og_site_name":"Box Repsol","article_publisher":"https:\/\/www.facebook.com\/BoxRepsol","article_author":"https:\/\/www.facebook.com\/BoxRepsol\/","article_published_time":"2024-09-18T08:43:21+00:00","article_modified_time":"2025-07-24T08:43:34+00:00","og_image":[{"width":1280,"height":650,"url":"https:\/\/bxrepsol.s3.eu-west-1.amazonaws.com\/static\/2024\/09\/18063707\/portada-web.png","type":"image\/png"}],"author":"Redacci\u00f3n Box Repsol","twitter_card":"summary_large_image","twitter_creator":"@https:\/\/twitter.com\/box_repsol","twitter_site":"@box_repsol","twitter_misc":{"Written by":"Redacci\u00f3n Box Repsol","Est. reading time":"6 minutes"},"schema":{"@context":"https:\/\/schema.org","@graph":[{"@type":"Article","@id":"https:\/\/www.boxrepsol.com\/en\/motogp-en\/gp-emilia-romagna-motogp-horarios-y-donde-ver\/#article","isPartOf":{"@id":"https:\/\/www.boxrepsol.com\/en\/motogp-en\/gp-emilia-romagna-motogp-horarios-y-donde-ver\/"},"author":{"name":"Redacci\u00f3n Box Repsol","@id":"https:\/\/www.boxrepsol.com\/en\/#\/schema\/person\/c5c2138f2cca251b0ad92b7086bb60b7"},"headline":"Horarios MotoGP Emilia Romagna 2024: fechas y d\u00f3nde ver por TV y online","datePublished":"2024-09-18T08:43:21+00:00","dateModified":"2025-07-24T08:43:34+00:00","mainEntityOfPage":{"@id":"https:\/\/www.boxrepsol.com\/en\/motogp-en\/gp-emilia-romagna-motogp-horarios-y-donde-ver\/"},"wordCount":1194,"commentCount":0,"publisher":{"@id":"https:\/\/www.boxrepsol.com\/en\/#organization"},"image":{"@id":"https:\/\/www.boxrepsol.com\/en\/motogp-en\/gp-emilia-romagna-motogp-horarios-y-donde-ver\/#primaryimage"},"thumbnailUrl":"https:\/\/bxrepsol.s3.eu-west-1.amazonaws.com\/static\/2024\/09\/18063707\/portada-web.png","keywords":["Competici\u00f3n","GP Emilia Romagna","Joan Mir","Luca Marini","MotoGP 2024"],"articleSection":["MotoGP"],"inLanguage":"en-US","potentialAction":[{"@type":"CommentAction","name":"Comment","target":["https:\/\/www.boxrepsol.com\/en\/motogp-en\/gp-emilia-romagna-motogp-horarios-y-donde-ver\/#respond"]}]},{"@type":"WebPage","@id":"https:\/\/www.boxrepsol.com\/en\/motogp-en\/gp-emilia-romagna-motogp-horarios-y-donde-ver\/","url":"https:\/\/www.boxrepsol.com\/en\/motogp-en\/gp-emilia-romagna-motogp-horarios-y-donde-ver\/","name":"Horarios MotoGP Misano II 2024: fechas y d\u00f3nde ver por TV y online - Box Repsol","isPartOf":{"@id":"https:\/\/www.boxrepsol.com\/en\/#website"},"primaryImageOfPage":{"@id":"https:\/\/www.boxrepsol.com\/en\/motogp-en\/gp-emilia-romagna-motogp-horarios-y-donde-ver\/#primaryimage"},"image":{"@id":"https:\/\/www.boxrepsol.com\/en\/motogp-en\/gp-emilia-romagna-motogp-horarios-y-donde-ver\/#primaryimage"},"thumbnailUrl":"https:\/\/bxrepsol.s3.eu-west-1.amazonaws.com\/static\/2024\/09\/18063707\/portada-web.png","datePublished":"2024-09-18T08:43:21+00:00","dateModified":"2025-07-24T08:43:34+00:00","description":"Consulta los horarios y canales para ver el GP de la Emilia Romagna 2024 de MotoGP. No te pierdas ni un solo detalle de esta segunda ronda en Misano.","breadcrumb":{"@id":"https:\/\/www.boxrepsol.com\/en\/motogp-en\/gp-emilia-romagna-motogp-horarios-y-donde-ver\/#breadcrumb"},"inLanguage":"en-US","potentialAction":[{"@type":"ReadAction","target":["https:\/\/www.boxrepsol.com\/en\/motogp-en\/gp-emilia-romagna-motogp-horarios-y-donde-ver\/"]}]},{"@type":"ImageObject","inLanguage":"en-US","@id":"https:\/\/www.boxrepsol.com\/en\/motogp-en\/gp-emilia-romagna-motogp-horarios-y-donde-ver\/#primaryimage","url":"https:\/\/bxrepsol.s3.eu-west-1.amazonaws.com\/static\/2024\/09\/18063707\/portada-web.png","contentUrl":"https:\/\/bxrepsol.s3.eu-west-1.amazonaws.com\/static\/2024\/09\/18063707\/portada-web.png","width":1280,"height":650},{"@type":"BreadcrumbList","@id":"https:\/\/www.boxrepsol.com\/en\/motogp-en\/gp-emilia-romagna-motogp-horarios-y-donde-ver\/#breadcrumb","itemListElement":[{"@type":"ListItem","position":1,"name":"Home","item":"https:\/\/www.boxrepsol.com\/en\/"},{"@type":"ListItem","position":2,"name":"Horarios MotoGP Emilia Romagna 2024: fechas y d\u00f3nde ver por TV y online"}]},{"@type":"WebSite","@id":"https:\/\/www.boxrepsol.com\/en\/#website","url":"https:\/\/www.boxrepsol.com\/en\/","name":"Box Repsol","description":"Box Repsol Site","publisher":{"@id":"https:\/\/www.boxrepsol.com\/en\/#organization"},"potentialAction":[{"@type":"SearchAction","target":{"@type":"EntryPoint","urlTemplate":"https:\/\/www.boxrepsol.com\/en\/?s={search_term_string}"},"query-input":{"@type":"PropertyValueSpecification","valueRequired":true,"valueName":"search_term_string"}}],"inLanguage":"en-US"},{"@type":"Organization","@id":"https:\/\/www.boxrepsol.com\/en\/#organization","name":"Box Repsol","url":"https:\/\/www.boxrepsol.com\/en\/","logo":{"@type":"ImageObject","inLanguage":"en-US","@id":"https:\/\/www.boxrepsol.com\/en\/#\/schema\/logo\/image\/","url":"https:\/\/bxrepsol.s3.eu-west-1.amazonaws.com\/static\/2025\/07\/30083337\/favicon-96x96-1.png","contentUrl":"https:\/\/bxrepsol.s3.eu-west-1.amazonaws.com\/static\/2025\/07\/30083337\/favicon-96x96-1.png","width":96,"height":96,"caption":"Box Repsol"},"image":{"@id":"https:\/\/www.boxrepsol.com\/en\/#\/schema\/logo\/image\/"},"sameAs":["https:\/\/www.facebook.com\/BoxRepsol","https:\/\/x.com\/box_repsol","http:\/\/instagram.com\/box_repsol","https:\/\/www.youtube.com\/user\/RepsolCompeticion","https:\/\/www.flickr.com\/photos\/box_repsol\/"]},{"@type":"Person","@id":"https:\/\/www.boxrepsol.com\/en\/#\/schema\/person\/c5c2138f2cca251b0ad92b7086bb60b7","name":"Redacci\u00f3n Box Repsol","image":{"@type":"ImageObject","inLanguage":"en-US","@id":"https:\/\/secure.gravatar.com\/avatar\/adf7b77e38b4419baf32c7e9c21dde01f4e40df611f0978e3006fc4ba0aaab7e?s=96&d=mm&r=g","url":"https:\/\/secure.gravatar.com\/avatar\/adf7b77e38b4419baf32c7e9c21dde01f4e40df611f0978e3006fc4ba0aaab7e?s=96&d=mm&r=g","contentUrl":"https:\/\/secure.gravatar.com\/avatar\/adf7b77e38b4419baf32c7e9c21dde01f4e40df611f0978e3006fc4ba0aaab7e?s=96&d=mm&r=g","caption":"Redacci\u00f3n Box Repsol"},"description":"Box Repsol lo forma un equipo de periodistas, community managers, dise\u00f1adores y fot\u00f3grafos con m\u00e1s de 20 a\u00f1os de experiencia en el mundo del motorsport. Hemos vivido el primer mundial de un espa\u00f1ol en la categor\u00eda reina de motociclismo con \u00c1lex Crivill\u00e9, estuvimos en las victorias de Pedrosa y los t\u00edtulos de M\u00e1rquez, acompa\u00f1amos en \u00c1frica a Nani Roma y Marc Coma en sus conquistas del Dakar y hemos vibrado con los t\u00edtulos de Toni Bou en Trial. Adem\u00e1s, en nuestro equipo contamos con expertos en el mundo de las dos y cuatro ruedas tanto de la calle y las carreteras, como de los circuitos. Periodistas que han trabajado en revistas y publicaciones para hacerte llegar desde rutas y consejos de mantenimiento, a curiosidades y trucos de pilotaje.","sameAs":["https:\/\/www.facebook.com\/BoxRepsol\/","https:\/\/www.instagram.com\/box_repsol\/","https:\/\/x.com\/https:\/\/twitter.com\/box_repsol","https:\/\/www.youtube.com\/@Boxrepsol"],"url":"https:\/\/www.boxrepsol.com\/en\/author\/redaccion-box-repsol\/"}]}},"_links":{"self":[{"href":"https:\/\/www.boxrepsol.com\/en\/wp-json\/wp\/v2\/posts\/119751","targetHints":{"allow":["GET"]}}],"collection":[{"href":"https:\/\/www.boxrepsol.com\/en\/wp-json\/wp\/v2\/posts"}],"about":[{"href":"https:\/\/www.boxrepsol.com\/en\/wp-json\/wp\/v2\/types\/post"}],"author":[{"embeddable":true,"href":"https:\/\/www.boxrepsol.com\/en\/wp-json\/wp\/v2\/users\/43146"}],"replies":[{"embeddable":true,"href":"https:\/\/www.boxrepsol.com\/en\/wp-json\/wp\/v2\/comments?post=119751"}],"version-history":[{"count":3,"href":"https:\/\/www.boxrepsol.com\/en\/wp-json\/wp\/v2\/posts\/119751\/revisions"}],"predecessor-version":[{"id":120699,"href":"https:\/\/www.boxrepsol.com\/en\/wp-json\/wp\/v2\/posts\/119751\/revisions\/120699"}],"wp:featuredmedia":[{"embeddable":true,"href":"https:\/\/www.boxrepsol.com\/en\/wp-json\/wp\/v2\/media\/119746"}],"wp:attachment":[{"href":"https:\/\/www.boxrepsol.com\/en\/wp-json\/wp\/v2\/media?parent=119751"}],"wp:term":[{"taxonomy":"category","embeddable":true,"href":"https:\/\/www.boxrepsol.com\/en\/wp-json\/wp\/v2\/categories?post=119751"},{"taxonomy":"post_tag","embeddable":true,"href":"https:\/\/www.boxrepsol.com\/en\/wp-json\/wp\/v2\/tags?post=119751"}],"curies":[{"name":"wp","href":"https:\/\/api.w.org\/{rel}","templated":true}]}}