{"id":117428,"date":"2024-06-29T12:02:59","date_gmt":"2024-06-29T14:02:59","guid":{"rendered":"https:\/\/www.boxrepsol.com\/?p=117428"},"modified":"2024-06-29T13:48:46","modified_gmt":"2024-06-29T15:48:46","slug":"2024-dutch-gp-motogp-sprint-results-2024","status":"publish","type":"post","link":"https:\/\/www.boxrepsol.com\/en\/motogp-en\/2024-dutch-gp-motogp-sprint-results-2024\/","title":{"rendered":"2024 Dutch GP MotoGP Sprint Race Results"},"content":{"rendered":"\n<p>The sprint race for the <strong>Dutch TT <\/strong>was won by the victor of the last two races: The poleman and pacesetter at Assen, <strong>Pecco Bagnaia<\/strong>. The two-time MotoGP World Champion took his first <strong>sprint race win <\/strong>since last season, and reduced the gap to Jorge Martin in the overall standings to 15 points. Martin was second, with Maverick Vi\u00f1ales on the podium for the first time since the French Grand Prix.<\/p>\n\n\n\n<p>Completing the points were Enea Bastianini, Fabio Di Giannantonio, Brad Binder, Fabio Quartararo, \u00c1lex M\u00e1rquez and Franco Morbidelli.<\/p>\n\n\n\n<div id=\"ez-toc-container\" class=\"ez-toc-v2_0_82_2 counter-hierarchy ez-toc-counter ez-toc-grey ez-toc-container-direction\">\n<div class=\"ez-toc-title-container\">\n<p class=\"ez-toc-title\" style=\"cursor:inherit\">\u00cdndice<\/p>\n<span class=\"ez-toc-title-toggle\"><a href=\"#\" class=\"ez-toc-pull-right ez-toc-btn ez-toc-btn-xs ez-toc-btn-default ez-toc-toggle\" aria-label=\"Toggle Table of Content\"><span class=\"ez-toc-js-icon-con\"><span class=\"\"><span class=\"eztoc-hide\" style=\"display:none;\">Toggle<\/span><span class=\"ez-toc-icon-toggle-span\"><svg style=\"fill: #999;color:#999\" xmlns=\"http:\/\/www.w3.org\/2000\/svg\" class=\"list-377408\" width=\"20px\" height=\"20px\" viewBox=\"0 0 24 24\" fill=\"none\"><path d=\"M6 6H4v2h2V6zm14 0H8v2h12V6zM4 11h2v2H4v-2zm16 0H8v2h12v-2zM4 16h2v2H4v-2zm16 0H8v2h12v-2z\" fill=\"currentColor\"><\/path><\/svg><svg style=\"fill: #999;color:#999\" class=\"arrow-unsorted-368013\" xmlns=\"http:\/\/www.w3.org\/2000\/svg\" width=\"10px\" height=\"10px\" viewBox=\"0 0 24 24\" version=\"1.2\" baseProfile=\"tiny\"><path d=\"M18.2 9.3l-6.2-6.3-6.2 6.3c-.2.2-.3.4-.3.7s.1.5.3.7c.2.2.4.3.7.3h11c.3 0 .5-.1.7-.3.2-.2.3-.5.3-.7s-.1-.5-.3-.7zM5.8 14.7l6.2 6.3 6.2-6.3c.2-.2.3-.5.3-.7s-.1-.5-.3-.7c-.2-.2-.4-.3-.7-.3h-11c-.3 0-.5.1-.7.3-.2.2-.3.5-.3.7s.1.5.3.7z\"\/><\/svg><\/span><\/span><\/span><\/a><\/span><\/div>\n<nav><ul class='ez-toc-list ez-toc-list-level-1 ' ><ul class='ez-toc-list-level-3' ><li class='ez-toc-heading-level-3'><a class=\"ez-toc-link ez-toc-heading-1\" href=\"https:\/\/www.boxrepsol.com\/en\/motogp-en\/2024-dutch-gp-motogp-sprint-results-2024\/#Step_forward_for_Joan_Mir\" >Step forward for Joan Mir<\/a><\/li><li class='ez-toc-page-1 ez-toc-heading-level-3'><a class=\"ez-toc-link ez-toc-heading-2\" href=\"https:\/\/www.boxrepsol.com\/en\/motogp-en\/2024-dutch-gp-motogp-sprint-results-2024\/#Dutch_GP_Sprint_Race_Results_13_laps\" >Dutch GP: Sprint Race Results (13 laps)<\/a><\/li><li class='ez-toc-page-1 ez-toc-heading-level-3'><a class=\"ez-toc-link ez-toc-heading-3\" href=\"https:\/\/www.boxrepsol.com\/en\/motogp-en\/2024-dutch-gp-motogp-sprint-results-2024\/#General_Standings\" >General Standings<\/a><\/li><\/ul><\/li><li class='ez-toc-page-1 ez-toc-heading-level-2'><a class=\"ez-toc-link ez-toc-heading-4\" href=\"https:\/\/www.boxrepsol.com\/en\/motogp-en\/2024-dutch-gp-motogp-sprint-results-2024\/#Statements\" >Statements<\/a><ul class='ez-toc-list-level-3' ><li class='ez-toc-heading-level-3'><a class=\"ez-toc-link ez-toc-heading-5\" href=\"https:\/\/www.boxrepsol.com\/en\/motogp-en\/2024-dutch-gp-motogp-sprint-results-2024\/#Joan_Mir\" >Joan Mir<\/a><\/li><li class='ez-toc-page-1 ez-toc-heading-level-3'><a class=\"ez-toc-link ez-toc-heading-6\" href=\"https:\/\/www.boxrepsol.com\/en\/motogp-en\/2024-dutch-gp-motogp-sprint-results-2024\/#Luca_Marini\" >Luca Marini<\/a><\/li><\/ul><\/li><\/ul><\/nav><\/div>\n<h3 class=\"wp-block-heading\"><span class=\"ez-toc-section\" id=\"Step_forward_for_Joan_Mir\"><\/span><strong>Step forward for Joan Mir<\/strong><span class=\"ez-toc-section-end\"><\/span><\/h3>\n\n\n\n<p>The first race of the weekend allowed <strong>Joan Mir<\/strong> to increase his performance. The Repsol Honda team rider started from twentieth position on the grid, gained two positions off the line, then managed to maintain the pace and cross the finish line in <strong>14th<\/strong>.<\/p>\n\n\n\n<p>His Repsol Honda teammate, <strong>Luca Marini<\/strong>, was unable to complete the race. From 21st, he gave up a couple of positions on the first lap, then was unable to keep up his pace and <strong>retired <\/strong>with a mechanical issue on the fourth lap.<\/p>\n\n\n\n<p>The eighth full race of the season will take place on Sunday at 2pm.<\/p>\n\n\n\n<h3 class=\"wp-block-heading\"><span class=\"ez-toc-section\" id=\"Dutch_GP_Sprint_Race_Results_13_laps\"><\/span><strong>Dutch GP: Sprint Race Results (13 laps)<\/strong><span class=\"ez-toc-section-end\"><\/span><\/h3>\n\n\n\n<figure class=\"wp-block-table is-style-stripes\"><table><tbody><tr><td><strong>RIDER<\/strong><\/td><td><strong>TEAM<\/strong><\/td><td><strong>TIME<\/strong><\/td><\/tr><tr><td>1. Pecco Bagnaia<\/td><td>DUCATI<\/td><td>19:58.090<\/td><\/tr><tr><td>2. Jorge Mart\u00edn<\/td><td>DUCATI<\/td><td>+2.355<\/td><\/tr><tr><td>3. Maverick Vi\u00f1ales<\/td><td>APRILIA<\/td><td>+4.103<\/td><\/tr><tr><td>4. Enea Bastianini<\/td><td>DUCATI<\/td><td>+6.377<\/td><\/tr><tr><td>5. Fabio Di Giannantonio<\/td><td>DUCATI<\/td><td>+8.869<\/td><\/tr><tr><td>6. Brad Binder<\/td><td>KTM<\/td><td>+9.727<\/td><\/tr><tr><td>7. Fabio Quartararo<\/td><td>YAMAHA<\/td><td>+10.828<\/td><\/tr><tr><td>8. \u00c1lex M\u00e1rquez<\/td><td>DUCATI<\/td><td>+13.169<\/td><\/tr><tr><td>9. Franco Morbidelli<\/td><td>DUCATI<\/td><td>+13.560<\/td><\/tr><tr><td>10. Pedro Acosta<\/td><td>GASGAS<\/td><td>+15.972<\/td><\/tr><tr><td>11. Marco Bezzecchi<\/td><td>DUCATI<\/td><td>+16.036<\/td><\/tr><tr><td>12. Miguel Oliveira<\/td><td>APRILIA<\/td><td>+16.082<\/td><\/tr><tr><td>13. Jack Miller<\/td><td>KTM<\/td><td>+18.739<\/td><\/tr><tr><td><strong>14. Joan Mir<\/strong><\/td><td><strong>REPSOL HONDA<\/strong><\/td><td>+21.791<\/td><\/tr><tr><td>15. Augusto Fern\u00e1ndez<\/td><td>GASGAS<\/td><td>+22.450<\/td><\/tr><tr><td>16. Johann Zarco<\/td><td>HONDA<\/td><td>+23.690<\/td><\/tr><tr><td>17. Ra\u00fal Fern\u00e1ndez<\/td><td>APRILIA<\/td><td>+24.430<\/td><\/tr><tr><td>18. Takaaki Nakagami<\/td><td>HONDA<\/td><td>+29.568<\/td><\/tr><tr><td>19. \u00c1lex Rins<\/td><td>YAMAHA<\/td><td>+1&#8217;23.553<\/td><\/tr><\/tbody><\/table><\/figure>\n\n\n\n<p><\/p>\n\n\n\n<h3 class=\"wp-block-heading\"><span class=\"ez-toc-section\" id=\"General_Standings\"><\/span><strong>General Standings<\/strong><span class=\"ez-toc-section-end\"><\/span><\/h3>\n\n\n\n<figure class=\"wp-block-table is-style-stripes\"><table><tbody><tr><td><strong>RIDER<\/strong><\/td><td><strong>TEAM<\/strong><\/td><td><strong>POINTS<\/strong><\/td><\/tr><tr><td>1. Jorge Mart\u00edn<\/td><td>DUCATI<\/td><td>180<\/td><\/tr><tr><td>2. Pecco Bagnaia<\/td><td>DUCATI<\/td><td>165<\/td><\/tr><tr><td>3. Marc M\u00e1rquez<\/td><td>DUCATI<\/td><td>136<\/td><\/tr><tr><td>4. Enea Bastianini<\/td><td>DUCATI<\/td><td>120<\/td><\/tr><tr><td>5. Maverick Vi\u00f1ales<\/td><td>APRILIA<\/td><td>107<\/td><\/tr><tr><td>6. Pedro Acosta<\/td><td>GASGAS<\/td><td>101<\/td><\/tr><tr><td>7.  Brad Binder<\/td><td>APRILIA<\/td><td>89<\/td><\/tr><tr><td>8. Aleix Espargar\u00f3<\/td><td>KTM<\/td><td>82<\/td><\/tr><tr><td>9. Fabio Di Giannantonio<\/td><td>DUCATI<\/td><td>79<\/td><\/tr><tr><td>10. \u00c1lex M\u00e1rquez<\/td><td>DUCATI<\/td><td>53<\/td><\/tr><tr><td>11. Marco Bezzecchi<\/td><td>DUCATI<\/td><td>45<\/td><\/tr><tr><td>12. Fabio Quartararo<\/td><td>YAMAHA<\/td><td>35<\/td><\/tr><tr><td>13. Franco Morbidelli<\/td><td>DUCATI<\/td><td>32<\/td><\/tr><tr><td>14. Ra\u00fal Fern\u00e1ndez<\/td><td>APRILIA<\/td><td>32<\/td><\/tr><tr><td>15. Miguel Oliveira<\/td><td>APRILIA<\/td><td>31<\/td><\/tr><tr><td>16. Jack Miller<\/td><td>KTM<\/td><td>27<\/td><\/tr><tr><td>17. Augusto Fern\u00e1ndez<\/td><td>GASGAS<\/td><td>13<\/td><\/tr><tr><td><strong>18. Joan Mir<\/strong><\/td><td><strong>REPSOL HONDA<\/strong><\/td><td><strong>13<\/strong><\/td><\/tr><tr><td>19. Johann Zarco<\/td><td>HONDA<\/td><td>9<\/td><\/tr><tr><td>20. \u00c1lex Rins<\/td><td>YAMAHA<\/td><td>8<\/td><\/tr><tr><td>21. Takaaki Nakagami<\/td><td>HONDA<\/td><td>8<\/td><\/tr><tr><td>22. Dani Pedrosa<\/td><td>KTM<\/td><td>7<\/td><\/tr><tr><td><strong>23. Luca Marini<\/strong><\/td><td><strong>REPSOL HONDA<\/strong><\/td><td><strong>0<\/strong><\/td><\/tr><\/tbody><\/table><\/figure>\n\n\n\n<p><\/p>\n\n\n\n<div id=\"19de41f7-ba4a-4003-802e-a81893d36e3d\" class=\"br-slider-box\"><div class=\"wp-block-create-block-repsol-carousel br-slider\"><a target=\"_blank\" href=\"https:\/\/bxrepsol.s3.eu-west-1.amazonaws.com\/static\/2024\/06\/29134520\/181103745_A938847.jpg\" data-index=\"0\" rel=\"noopener\"><img decoding=\"async\" src=\"https:\/\/bxrepsol.s3.eu-west-1.amazonaws.com\/static\/2024\/06\/29134520\/181103745_A938847.jpg\"\/><\/a><a target=\"_blank\" href=\"https:\/\/bxrepsol.s3.eu-west-1.amazonaws.com\/static\/2024\/06\/29134522\/181104220_A939085.jpg\" data-index=\"1\" rel=\"noopener\"><img decoding=\"async\" src=\"https:\/\/bxrepsol.s3.eu-west-1.amazonaws.com\/static\/2024\/06\/29134522\/181104220_A939085.jpg\"\/><\/a><a target=\"_blank\" href=\"https:\/\/bxrepsol.s3.eu-west-1.amazonaws.com\/static\/2024\/06\/29134524\/181111920_0JR1346.jpg\" data-index=\"2\" rel=\"noopener\"><img decoding=\"async\" src=\"https:\/\/bxrepsol.s3.eu-west-1.amazonaws.com\/static\/2024\/06\/29134524\/181111920_0JR1346.jpg\"\/><\/a><a target=\"_blank\" href=\"https:\/\/bxrepsol.s3.eu-west-1.amazonaws.com\/static\/2024\/06\/29134526\/181144740_0JR2000.jpg\" data-index=\"3\" rel=\"noopener\"><img decoding=\"async\" src=\"https:\/\/bxrepsol.s3.eu-west-1.amazonaws.com\/static\/2024\/06\/29134526\/181144740_0JR2000.jpg\"\/><\/a><a target=\"_blank\" href=\"https:\/\/bxrepsol.s3.eu-west-1.amazonaws.com\/static\/2024\/06\/29134528\/181150533_A1J6155.jpg\" data-index=\"4\" rel=\"noopener\"><img decoding=\"async\" src=\"https:\/\/bxrepsol.s3.eu-west-1.amazonaws.com\/static\/2024\/06\/29134528\/181150533_A1J6155.jpg\"\/><\/a><\/div><div class=\"br-slider-buttons\"><button class=\"arrow rds-icon arrow--left rds-icon-Arrow_left\"><\/button><button class=\"arrow rds-icon arrow--right rds-icon-Arrow_right\"><\/button><\/div><\/div>\n\n\n\n<h2 class=\"wp-block-heading\"><span class=\"ez-toc-section\" id=\"Statements\"><\/span><strong>Statements<\/strong><span class=\"ez-toc-section-end\"><\/span><\/h2>\n\n\n\n<h3 class=\"wp-block-heading\"><span class=\"ez-toc-section\" id=\"Joan_Mir\"><\/span><strong>Joan Mir<\/strong><span class=\"ez-toc-section-end\"><\/span><\/h3>\n\n\n\n<p>&#8220;We had a solid race today; our pace was quite consistent, and I felt like I put in a lot of effort. We know the areas we have to improve and at the moment it\u2019s about giving the best of myself each time we\u2019re on the bike. Right now it\u2019s very important to finish races, get information and work for things to come in the future. Another chance to go again tomorrow in the full race and see we can do over the longer distance, the conditions could change a lot.\u201d<\/p>\n\n\n\n<h3 class=\"wp-block-heading\"><span class=\"ez-toc-section\" id=\"Luca_Marini\"><\/span><strong>Luca Marini<\/strong><span class=\"ez-toc-section-end\"><\/span><\/h3>\n\n\n\n<p>&#8220;At the start I already felt something strange with the bike and after a lap I had to come back to the pit. I wanted to understand the hard front, so I tried to continue but it was clear we weren\u2019t able to. The team will investigate what happened deeply, but we already know it won\u2019t be a problem tomorrow \u2013 this is always positive. We can learn a lot from the Sprint so we just two laps we miss out on some data, especially in regard to the tyres. Let\u2019s see what we can do tomorrow.\u201d<\/p>\n","protected":false},"excerpt":{"rendered":"<p>Bagnaia takes pole and sprint race victory <\/p>\n","protected":false},"author":43146,"featured_media":117430,"comment_status":"open","ping_status":"open","sticky":false,"template":"","format":"standard","meta":{"footnotes":""},"categories":[146],"tags":[282,423,440],"class_list":["post-117428","post","type-post","status-publish","format-standard","hentry","category-motogp-en","tag-joan-mir-en","tag-luca-marini-en","tag-motogp-2024-en"],"yoast_head":"<!-- This site is optimized with the Yoast SEO plugin v27.3 - https:\/\/yoast.com\/product\/yoast-seo-wordpress\/ -->\n<title>2024 Dutch GP MotoGP Sprint Race Results - Box Repsol<\/title>\n<meta name=\"description\" content=\"MotoGP results for the 2024 Sprint GP, held at Assen.\" \/>\n<link rel=\"canonical\" href=\"https:\/\/www.boxrepsol.com\/en\/motogp-en\/2024-dutch-gp-motogp-sprint-results-2024\/\" \/>\n<meta property=\"og:locale\" content=\"en_US\" \/>\n<meta property=\"og:type\" content=\"article\" \/>\n<meta property=\"og:title\" content=\"2024 Dutch GP MotoGP Sprint Race Results - Box Repsol\" \/>\n<meta property=\"og:description\" content=\"MotoGP results for the 2024 Sprint GP, held at Assen.\" \/>\n<meta property=\"og:url\" content=\"https:\/\/www.boxrepsol.com\/en\/motogp-en\/2024-dutch-gp-motogp-sprint-results-2024\/\" \/>\n<meta property=\"og:site_name\" content=\"Box Repsol\" \/>\n<meta property=\"article:publisher\" content=\"https:\/\/www.facebook.com\/BoxRepsol\" \/>\n<meta property=\"article:author\" content=\"https:\/\/www.facebook.com\/BoxRepsol\/\" \/>\n<meta property=\"article:published_time\" content=\"2024-06-29T14:02:59+00:00\" \/>\n<meta property=\"article:modified_time\" content=\"2024-06-29T15:48:46+00:00\" \/>\n<meta property=\"og:image\" content=\"https:\/\/bxrepsol.s3.eu-west-1.amazonaws.com\/static\/2024\/06\/29113645\/joan_mir_assen_sabado.jpg\" \/>\n\t<meta property=\"og:image:width\" content=\"1250\" \/>\n\t<meta property=\"og:image:height\" content=\"700\" \/>\n\t<meta property=\"og:image:type\" content=\"image\/jpeg\" \/>\n<meta name=\"author\" content=\"Redacci\u00f3n Box Repsol\" \/>\n<meta name=\"twitter:card\" content=\"summary_large_image\" \/>\n<meta name=\"twitter:creator\" content=\"@https:\/\/twitter.com\/box_repsol\" \/>\n<meta name=\"twitter:site\" content=\"@box_repsol\" \/>\n<meta name=\"twitter:label1\" content=\"Written by\" \/>\n\t<meta name=\"twitter:data1\" content=\"Redacci\u00f3n Box Repsol\" \/>\n\t<meta name=\"twitter:label2\" content=\"Est. reading time\" \/>\n\t<meta name=\"twitter:data2\" content=\"3 minutes\" \/>\n<script type=\"application\/ld+json\" class=\"yoast-schema-graph\">{\"@context\":\"https:\\\/\\\/schema.org\",\"@graph\":[{\"@type\":\"Article\",\"@id\":\"https:\\\/\\\/www.boxrepsol.com\\\/en\\\/motogp-en\\\/2024-dutch-gp-motogp-sprint-results-2024\\\/#article\",\"isPartOf\":{\"@id\":\"https:\\\/\\\/www.boxrepsol.com\\\/en\\\/motogp-en\\\/2024-dutch-gp-motogp-sprint-results-2024\\\/\"},\"author\":{\"name\":\"Redacci\u00f3n Box Repsol\",\"@id\":\"https:\\\/\\\/www.boxrepsol.com\\\/en\\\/#\\\/schema\\\/person\\\/c5c2138f2cca251b0ad92b7086bb60b7\"},\"headline\":\"2024 Dutch GP MotoGP Sprint Race Results\",\"datePublished\":\"2024-06-29T14:02:59+00:00\",\"dateModified\":\"2024-06-29T15:48:46+00:00\",\"mainEntityOfPage\":{\"@id\":\"https:\\\/\\\/www.boxrepsol.com\\\/en\\\/motogp-en\\\/2024-dutch-gp-motogp-sprint-results-2024\\\/\"},\"wordCount\":558,\"commentCount\":0,\"publisher\":{\"@id\":\"https:\\\/\\\/www.boxrepsol.com\\\/en\\\/#organization\"},\"image\":{\"@id\":\"https:\\\/\\\/www.boxrepsol.com\\\/en\\\/motogp-en\\\/2024-dutch-gp-motogp-sprint-results-2024\\\/#primaryimage\"},\"thumbnailUrl\":\"https:\\\/\\\/bxrepsol.s3.eu-west-1.amazonaws.com\\\/static\\\/2024\\\/06\\\/29113645\\\/joan_mir_assen_sabado.jpg\",\"keywords\":[\"Joan Mir\",\"Luca Marini\",\"MotoGP 2024\"],\"articleSection\":[\"MotoGP\"],\"inLanguage\":\"en-US\",\"potentialAction\":[{\"@type\":\"CommentAction\",\"name\":\"Comment\",\"target\":[\"https:\\\/\\\/www.boxrepsol.com\\\/en\\\/motogp-en\\\/2024-dutch-gp-motogp-sprint-results-2024\\\/#respond\"]}]},{\"@type\":\"WebPage\",\"@id\":\"https:\\\/\\\/www.boxrepsol.com\\\/en\\\/motogp-en\\\/2024-dutch-gp-motogp-sprint-results-2024\\\/\",\"url\":\"https:\\\/\\\/www.boxrepsol.com\\\/en\\\/motogp-en\\\/2024-dutch-gp-motogp-sprint-results-2024\\\/\",\"name\":\"2024 Dutch GP MotoGP Sprint Race Results - Box Repsol\",\"isPartOf\":{\"@id\":\"https:\\\/\\\/www.boxrepsol.com\\\/en\\\/#website\"},\"primaryImageOfPage\":{\"@id\":\"https:\\\/\\\/www.boxrepsol.com\\\/en\\\/motogp-en\\\/2024-dutch-gp-motogp-sprint-results-2024\\\/#primaryimage\"},\"image\":{\"@id\":\"https:\\\/\\\/www.boxrepsol.com\\\/en\\\/motogp-en\\\/2024-dutch-gp-motogp-sprint-results-2024\\\/#primaryimage\"},\"thumbnailUrl\":\"https:\\\/\\\/bxrepsol.s3.eu-west-1.amazonaws.com\\\/static\\\/2024\\\/06\\\/29113645\\\/joan_mir_assen_sabado.jpg\",\"datePublished\":\"2024-06-29T14:02:59+00:00\",\"dateModified\":\"2024-06-29T15:48:46+00:00\",\"description\":\"MotoGP results for the 2024 Sprint GP, held at Assen.\",\"breadcrumb\":{\"@id\":\"https:\\\/\\\/www.boxrepsol.com\\\/en\\\/motogp-en\\\/2024-dutch-gp-motogp-sprint-results-2024\\\/#breadcrumb\"},\"inLanguage\":\"en-US\",\"potentialAction\":[{\"@type\":\"ReadAction\",\"target\":[\"https:\\\/\\\/www.boxrepsol.com\\\/en\\\/motogp-en\\\/2024-dutch-gp-motogp-sprint-results-2024\\\/\"]}]},{\"@type\":\"ImageObject\",\"inLanguage\":\"en-US\",\"@id\":\"https:\\\/\\\/www.boxrepsol.com\\\/en\\\/motogp-en\\\/2024-dutch-gp-motogp-sprint-results-2024\\\/#primaryimage\",\"url\":\"https:\\\/\\\/bxrepsol.s3.eu-west-1.amazonaws.com\\\/static\\\/2024\\\/06\\\/29113645\\\/joan_mir_assen_sabado.jpg\",\"contentUrl\":\"https:\\\/\\\/bxrepsol.s3.eu-west-1.amazonaws.com\\\/static\\\/2024\\\/06\\\/29113645\\\/joan_mir_assen_sabado.jpg\",\"width\":1250,\"height\":700},{\"@type\":\"BreadcrumbList\",\"@id\":\"https:\\\/\\\/www.boxrepsol.com\\\/en\\\/motogp-en\\\/2024-dutch-gp-motogp-sprint-results-2024\\\/#breadcrumb\",\"itemListElement\":[{\"@type\":\"ListItem\",\"position\":1,\"name\":\"Home\",\"item\":\"https:\\\/\\\/www.boxrepsol.com\\\/en\\\/\"},{\"@type\":\"ListItem\",\"position\":2,\"name\":\"2024 Dutch GP MotoGP Sprint Race Results\"}]},{\"@type\":\"WebSite\",\"@id\":\"https:\\\/\\\/www.boxrepsol.com\\\/en\\\/#website\",\"url\":\"https:\\\/\\\/www.boxrepsol.com\\\/en\\\/\",\"name\":\"Box Repsol\",\"description\":\"Box Repsol Site\",\"publisher\":{\"@id\":\"https:\\\/\\\/www.boxrepsol.com\\\/en\\\/#organization\"},\"potentialAction\":[{\"@type\":\"SearchAction\",\"target\":{\"@type\":\"EntryPoint\",\"urlTemplate\":\"https:\\\/\\\/www.boxrepsol.com\\\/en\\\/?s={search_term_string}\"},\"query-input\":{\"@type\":\"PropertyValueSpecification\",\"valueRequired\":true,\"valueName\":\"search_term_string\"}}],\"inLanguage\":\"en-US\"},{\"@type\":\"Organization\",\"@id\":\"https:\\\/\\\/www.boxrepsol.com\\\/en\\\/#organization\",\"name\":\"Box Repsol\",\"url\":\"https:\\\/\\\/www.boxrepsol.com\\\/en\\\/\",\"logo\":{\"@type\":\"ImageObject\",\"inLanguage\":\"en-US\",\"@id\":\"https:\\\/\\\/www.boxrepsol.com\\\/en\\\/#\\\/schema\\\/logo\\\/image\\\/\",\"url\":\"https:\\\/\\\/bxrepsol.s3.eu-west-1.amazonaws.com\\\/static\\\/2025\\\/07\\\/30083337\\\/favicon-96x96-1.png\",\"contentUrl\":\"https:\\\/\\\/bxrepsol.s3.eu-west-1.amazonaws.com\\\/static\\\/2025\\\/07\\\/30083337\\\/favicon-96x96-1.png\",\"width\":96,\"height\":96,\"caption\":\"Box Repsol\"},\"image\":{\"@id\":\"https:\\\/\\\/www.boxrepsol.com\\\/en\\\/#\\\/schema\\\/logo\\\/image\\\/\"},\"sameAs\":[\"https:\\\/\\\/www.facebook.com\\\/BoxRepsol\",\"https:\\\/\\\/x.com\\\/box_repsol\",\"http:\\\/\\\/instagram.com\\\/box_repsol\",\"https:\\\/\\\/www.youtube.com\\\/user\\\/RepsolCompeticion\",\"https:\\\/\\\/www.flickr.com\\\/photos\\\/box_repsol\\\/\"]},{\"@type\":\"Person\",\"@id\":\"https:\\\/\\\/www.boxrepsol.com\\\/en\\\/#\\\/schema\\\/person\\\/c5c2138f2cca251b0ad92b7086bb60b7\",\"name\":\"Redacci\u00f3n Box Repsol\",\"image\":{\"@type\":\"ImageObject\",\"inLanguage\":\"en-US\",\"@id\":\"https:\\\/\\\/secure.gravatar.com\\\/avatar\\\/adf7b77e38b4419baf32c7e9c21dde01f4e40df611f0978e3006fc4ba0aaab7e?s=96&d=mm&r=g\",\"url\":\"https:\\\/\\\/secure.gravatar.com\\\/avatar\\\/adf7b77e38b4419baf32c7e9c21dde01f4e40df611f0978e3006fc4ba0aaab7e?s=96&d=mm&r=g\",\"contentUrl\":\"https:\\\/\\\/secure.gravatar.com\\\/avatar\\\/adf7b77e38b4419baf32c7e9c21dde01f4e40df611f0978e3006fc4ba0aaab7e?s=96&d=mm&r=g\",\"caption\":\"Redacci\u00f3n Box Repsol\"},\"description\":\"Box Repsol lo forma un equipo de periodistas, community managers, dise\u00f1adores y fot\u00f3grafos con m\u00e1s de 20 a\u00f1os de experiencia en el mundo del motorsport. Hemos vivido el primer mundial de un espa\u00f1ol en la categor\u00eda reina de motociclismo con \u00c1lex Crivill\u00e9, estuvimos en las victorias de Pedrosa y los t\u00edtulos de M\u00e1rquez, acompa\u00f1amos en \u00c1frica a Nani Roma y Marc Coma en sus conquistas del Dakar y hemos vibrado con los t\u00edtulos de Toni Bou en Trial. Adem\u00e1s, en nuestro equipo contamos con expertos en el mundo de las dos y cuatro ruedas tanto de la calle y las carreteras, como de los circuitos. Periodistas que han trabajado en revistas y publicaciones para hacerte llegar desde rutas y consejos de mantenimiento, a curiosidades y trucos de pilotaje.\",\"sameAs\":[\"https:\\\/\\\/www.facebook.com\\\/BoxRepsol\\\/\",\"https:\\\/\\\/www.instagram.com\\\/box_repsol\\\/\",\"https:\\\/\\\/x.com\\\/https:\\\/\\\/twitter.com\\\/box_repsol\",\"https:\\\/\\\/www.youtube.com\\\/@Boxrepsol\"],\"url\":\"https:\\\/\\\/www.boxrepsol.com\\\/en\\\/author\\\/redaccion-box-repsol\\\/\"}]}<\/script>\n<!-- \/ Yoast SEO plugin. -->","yoast_head_json":{"title":"2024 Dutch GP MotoGP Sprint Race Results - Box Repsol","description":"MotoGP results for the 2024 Sprint GP, held at Assen.","canonical":"https:\/\/www.boxrepsol.com\/en\/motogp-en\/2024-dutch-gp-motogp-sprint-results-2024\/","og_locale":"en_US","og_type":"article","og_title":"2024 Dutch GP MotoGP Sprint Race Results - Box Repsol","og_description":"MotoGP results for the 2024 Sprint GP, held at Assen.","og_url":"https:\/\/www.boxrepsol.com\/en\/motogp-en\/2024-dutch-gp-motogp-sprint-results-2024\/","og_site_name":"Box Repsol","article_publisher":"https:\/\/www.facebook.com\/BoxRepsol","article_author":"https:\/\/www.facebook.com\/BoxRepsol\/","article_published_time":"2024-06-29T14:02:59+00:00","article_modified_time":"2024-06-29T15:48:46+00:00","og_image":[{"width":1250,"height":700,"url":"https:\/\/bxrepsol.s3.eu-west-1.amazonaws.com\/static\/2024\/06\/29113645\/joan_mir_assen_sabado.jpg","type":"image\/jpeg"}],"author":"Redacci\u00f3n Box Repsol","twitter_card":"summary_large_image","twitter_creator":"@https:\/\/twitter.com\/box_repsol","twitter_site":"@box_repsol","twitter_misc":{"Written by":"Redacci\u00f3n Box Repsol","Est. reading time":"3 minutes"},"schema":{"@context":"https:\/\/schema.org","@graph":[{"@type":"Article","@id":"https:\/\/www.boxrepsol.com\/en\/motogp-en\/2024-dutch-gp-motogp-sprint-results-2024\/#article","isPartOf":{"@id":"https:\/\/www.boxrepsol.com\/en\/motogp-en\/2024-dutch-gp-motogp-sprint-results-2024\/"},"author":{"name":"Redacci\u00f3n Box Repsol","@id":"https:\/\/www.boxrepsol.com\/en\/#\/schema\/person\/c5c2138f2cca251b0ad92b7086bb60b7"},"headline":"2024 Dutch GP MotoGP Sprint Race Results","datePublished":"2024-06-29T14:02:59+00:00","dateModified":"2024-06-29T15:48:46+00:00","mainEntityOfPage":{"@id":"https:\/\/www.boxrepsol.com\/en\/motogp-en\/2024-dutch-gp-motogp-sprint-results-2024\/"},"wordCount":558,"commentCount":0,"publisher":{"@id":"https:\/\/www.boxrepsol.com\/en\/#organization"},"image":{"@id":"https:\/\/www.boxrepsol.com\/en\/motogp-en\/2024-dutch-gp-motogp-sprint-results-2024\/#primaryimage"},"thumbnailUrl":"https:\/\/bxrepsol.s3.eu-west-1.amazonaws.com\/static\/2024\/06\/29113645\/joan_mir_assen_sabado.jpg","keywords":["Joan Mir","Luca Marini","MotoGP 2024"],"articleSection":["MotoGP"],"inLanguage":"en-US","potentialAction":[{"@type":"CommentAction","name":"Comment","target":["https:\/\/www.boxrepsol.com\/en\/motogp-en\/2024-dutch-gp-motogp-sprint-results-2024\/#respond"]}]},{"@type":"WebPage","@id":"https:\/\/www.boxrepsol.com\/en\/motogp-en\/2024-dutch-gp-motogp-sprint-results-2024\/","url":"https:\/\/www.boxrepsol.com\/en\/motogp-en\/2024-dutch-gp-motogp-sprint-results-2024\/","name":"2024 Dutch GP MotoGP Sprint Race Results - Box Repsol","isPartOf":{"@id":"https:\/\/www.boxrepsol.com\/en\/#website"},"primaryImageOfPage":{"@id":"https:\/\/www.boxrepsol.com\/en\/motogp-en\/2024-dutch-gp-motogp-sprint-results-2024\/#primaryimage"},"image":{"@id":"https:\/\/www.boxrepsol.com\/en\/motogp-en\/2024-dutch-gp-motogp-sprint-results-2024\/#primaryimage"},"thumbnailUrl":"https:\/\/bxrepsol.s3.eu-west-1.amazonaws.com\/static\/2024\/06\/29113645\/joan_mir_assen_sabado.jpg","datePublished":"2024-06-29T14:02:59+00:00","dateModified":"2024-06-29T15:48:46+00:00","description":"MotoGP results for the 2024 Sprint GP, held at Assen.","breadcrumb":{"@id":"https:\/\/www.boxrepsol.com\/en\/motogp-en\/2024-dutch-gp-motogp-sprint-results-2024\/#breadcrumb"},"inLanguage":"en-US","potentialAction":[{"@type":"ReadAction","target":["https:\/\/www.boxrepsol.com\/en\/motogp-en\/2024-dutch-gp-motogp-sprint-results-2024\/"]}]},{"@type":"ImageObject","inLanguage":"en-US","@id":"https:\/\/www.boxrepsol.com\/en\/motogp-en\/2024-dutch-gp-motogp-sprint-results-2024\/#primaryimage","url":"https:\/\/bxrepsol.s3.eu-west-1.amazonaws.com\/static\/2024\/06\/29113645\/joan_mir_assen_sabado.jpg","contentUrl":"https:\/\/bxrepsol.s3.eu-west-1.amazonaws.com\/static\/2024\/06\/29113645\/joan_mir_assen_sabado.jpg","width":1250,"height":700},{"@type":"BreadcrumbList","@id":"https:\/\/www.boxrepsol.com\/en\/motogp-en\/2024-dutch-gp-motogp-sprint-results-2024\/#breadcrumb","itemListElement":[{"@type":"ListItem","position":1,"name":"Home","item":"https:\/\/www.boxrepsol.com\/en\/"},{"@type":"ListItem","position":2,"name":"2024 Dutch GP MotoGP Sprint Race Results"}]},{"@type":"WebSite","@id":"https:\/\/www.boxrepsol.com\/en\/#website","url":"https:\/\/www.boxrepsol.com\/en\/","name":"Box Repsol","description":"Box Repsol Site","publisher":{"@id":"https:\/\/www.boxrepsol.com\/en\/#organization"},"potentialAction":[{"@type":"SearchAction","target":{"@type":"EntryPoint","urlTemplate":"https:\/\/www.boxrepsol.com\/en\/?s={search_term_string}"},"query-input":{"@type":"PropertyValueSpecification","valueRequired":true,"valueName":"search_term_string"}}],"inLanguage":"en-US"},{"@type":"Organization","@id":"https:\/\/www.boxrepsol.com\/en\/#organization","name":"Box Repsol","url":"https:\/\/www.boxrepsol.com\/en\/","logo":{"@type":"ImageObject","inLanguage":"en-US","@id":"https:\/\/www.boxrepsol.com\/en\/#\/schema\/logo\/image\/","url":"https:\/\/bxrepsol.s3.eu-west-1.amazonaws.com\/static\/2025\/07\/30083337\/favicon-96x96-1.png","contentUrl":"https:\/\/bxrepsol.s3.eu-west-1.amazonaws.com\/static\/2025\/07\/30083337\/favicon-96x96-1.png","width":96,"height":96,"caption":"Box Repsol"},"image":{"@id":"https:\/\/www.boxrepsol.com\/en\/#\/schema\/logo\/image\/"},"sameAs":["https:\/\/www.facebook.com\/BoxRepsol","https:\/\/x.com\/box_repsol","http:\/\/instagram.com\/box_repsol","https:\/\/www.youtube.com\/user\/RepsolCompeticion","https:\/\/www.flickr.com\/photos\/box_repsol\/"]},{"@type":"Person","@id":"https:\/\/www.boxrepsol.com\/en\/#\/schema\/person\/c5c2138f2cca251b0ad92b7086bb60b7","name":"Redacci\u00f3n Box Repsol","image":{"@type":"ImageObject","inLanguage":"en-US","@id":"https:\/\/secure.gravatar.com\/avatar\/adf7b77e38b4419baf32c7e9c21dde01f4e40df611f0978e3006fc4ba0aaab7e?s=96&d=mm&r=g","url":"https:\/\/secure.gravatar.com\/avatar\/adf7b77e38b4419baf32c7e9c21dde01f4e40df611f0978e3006fc4ba0aaab7e?s=96&d=mm&r=g","contentUrl":"https:\/\/secure.gravatar.com\/avatar\/adf7b77e38b4419baf32c7e9c21dde01f4e40df611f0978e3006fc4ba0aaab7e?s=96&d=mm&r=g","caption":"Redacci\u00f3n Box Repsol"},"description":"Box Repsol lo forma un equipo de periodistas, community managers, dise\u00f1adores y fot\u00f3grafos con m\u00e1s de 20 a\u00f1os de experiencia en el mundo del motorsport. Hemos vivido el primer mundial de un espa\u00f1ol en la categor\u00eda reina de motociclismo con \u00c1lex Crivill\u00e9, estuvimos en las victorias de Pedrosa y los t\u00edtulos de M\u00e1rquez, acompa\u00f1amos en \u00c1frica a Nani Roma y Marc Coma en sus conquistas del Dakar y hemos vibrado con los t\u00edtulos de Toni Bou en Trial. Adem\u00e1s, en nuestro equipo contamos con expertos en el mundo de las dos y cuatro ruedas tanto de la calle y las carreteras, como de los circuitos. Periodistas que han trabajado en revistas y publicaciones para hacerte llegar desde rutas y consejos de mantenimiento, a curiosidades y trucos de pilotaje.","sameAs":["https:\/\/www.facebook.com\/BoxRepsol\/","https:\/\/www.instagram.com\/box_repsol\/","https:\/\/x.com\/https:\/\/twitter.com\/box_repsol","https:\/\/www.youtube.com\/@Boxrepsol"],"url":"https:\/\/www.boxrepsol.com\/en\/author\/redaccion-box-repsol\/"}]}},"_links":{"self":[{"href":"https:\/\/www.boxrepsol.com\/en\/wp-json\/wp\/v2\/posts\/117428","targetHints":{"allow":["GET"]}}],"collection":[{"href":"https:\/\/www.boxrepsol.com\/en\/wp-json\/wp\/v2\/posts"}],"about":[{"href":"https:\/\/www.boxrepsol.com\/en\/wp-json\/wp\/v2\/types\/post"}],"author":[{"embeddable":true,"href":"https:\/\/www.boxrepsol.com\/en\/wp-json\/wp\/v2\/users\/43146"}],"replies":[{"embeddable":true,"href":"https:\/\/www.boxrepsol.com\/en\/wp-json\/wp\/v2\/comments?post=117428"}],"version-history":[{"count":4,"href":"https:\/\/www.boxrepsol.com\/en\/wp-json\/wp\/v2\/posts\/117428\/revisions"}],"predecessor-version":[{"id":117453,"href":"https:\/\/www.boxrepsol.com\/en\/wp-json\/wp\/v2\/posts\/117428\/revisions\/117453"}],"wp:featuredmedia":[{"embeddable":true,"href":"https:\/\/www.boxrepsol.com\/en\/wp-json\/wp\/v2\/media\/117430"}],"wp:attachment":[{"href":"https:\/\/www.boxrepsol.com\/en\/wp-json\/wp\/v2\/media?parent=117428"}],"wp:term":[{"taxonomy":"category","embeddable":true,"href":"https:\/\/www.boxrepsol.com\/en\/wp-json\/wp\/v2\/categories?post=117428"},{"taxonomy":"post_tag","embeddable":true,"href":"https:\/\/www.boxrepsol.com\/en\/wp-json\/wp\/v2\/tags?post=117428"}],"curies":[{"name":"wp","href":"https:\/\/api.w.org\/{rel}","templated":true}]}}