{"id":107745,"date":"2023-11-24T13:20:26","date_gmt":"2023-11-24T15:20:26","guid":{"rendered":"https:\/\/www.boxrepsol.com\/uncategorized\/resultados-de-los-entrenamientos-del-gp-de-valencia-de-motogp\/"},"modified":"2023-11-24T15:49:48","modified_gmt":"2023-11-24T17:49:48","slug":"valencian-gp-practice-results","status":"publish","type":"post","link":"https:\/\/www.boxrepsol.com\/en\/motogp-en\/valencian-gp-practice-results\/","title":{"rendered":"Valencian GP Practice Results"},"content":{"rendered":"<figure class=\"wp-block-post-featured-image\"><img loading=\"lazy\" decoding=\"async\" width=\"1280\" height=\"600\" src=\"https:\/\/bxrepsol.s3.eu-west-1.amazonaws.com\/static\/2023\/11\/24095611\/A1J6202.png\" class=\"attachment-post-thumbnail size-post-thumbnail wp-post-image\" alt=\"\" style=\"object-fit:cover;\" srcset=\"https:\/\/bxrepsol.s3.eu-west-1.amazonaws.com\/static\/2023\/11\/24095611\/A1J6202.png 1280w, https:\/\/bxrepsol.s3.eu-west-1.amazonaws.com\/static\/2023\/11\/24095611\/A1J6202-300x141.png 300w, https:\/\/bxrepsol.s3.eu-west-1.amazonaws.com\/static\/2023\/11\/24095611\/A1J6202-1024x480.png 1024w, https:\/\/bxrepsol.s3.eu-west-1.amazonaws.com\/static\/2023\/11\/24095611\/A1J6202-768x360.png 768w\" sizes=\"auto, (max-width: 1280px) 100vw, 1280px\" \/><\/figure>\n\n\n<p>The <strong>Circuit Ricardo Tormo<\/strong> hosts the <a href=\"https:\/\/www.boxrepsol.com\/en\/calendario-gp\/motogp-2023-calendar\/\">last event<\/a> of the MotoGP season this weekend\u00a0<strong>Maverick Vi\u00f1ales (Aprilia) <\/strong>set the best time on the Friday in the afternoon, with a <strong>1:29.142<\/strong>. Jorge Mart\u00edn and Johann Zarco closed the <strong>Top 3 <\/strong>of the first day in Valencia.<\/p>\n\n\n\n<p>The rest of the riders who completed the <strong>Top 10<\/strong>, moving into Q2 tomorrow, were Fabio Di Giannantonio, Marco Bezzecchi, Brad Binder, <strong>Marc M\u00e1rquez<\/strong>, Ra\u00fal Fern\u00e1ndez, Jack Miller and Aleix Espargar\u00f3.<\/p>\n\n\n\n<p>Tomorrow the action for the premier class riders will begin at <strong>10:10am<\/strong> with <strong>FP2<\/strong>, and will continue with qualifying at <strong>10:50am<\/strong>. The last <a href=\"https:\/\/www.boxrepsol.com\/en\/motogp-en\/sprint-races-the-evolution-of-motogp\/\">sprint race<\/a> of the season will take place at<strong> 3pm<\/strong>, in which the fight for the world title could be decided. <\/p>\n\n\n\n<div id=\"ez-toc-container\" class=\"ez-toc-v2_0_82_2 counter-hierarchy ez-toc-counter ez-toc-grey ez-toc-container-direction\">\n<div class=\"ez-toc-title-container\">\n<p class=\"ez-toc-title\" style=\"cursor:inherit\">\u00cdndice<\/p>\n<span class=\"ez-toc-title-toggle\"><a href=\"#\" class=\"ez-toc-pull-right ez-toc-btn ez-toc-btn-xs ez-toc-btn-default ez-toc-toggle\" aria-label=\"Toggle Table of Content\"><span class=\"ez-toc-js-icon-con\"><span class=\"\"><span class=\"eztoc-hide\" style=\"display:none;\">Toggle<\/span><span class=\"ez-toc-icon-toggle-span\"><svg style=\"fill: #999;color:#999\" xmlns=\"http:\/\/www.w3.org\/2000\/svg\" class=\"list-377408\" width=\"20px\" height=\"20px\" viewBox=\"0 0 24 24\" fill=\"none\"><path d=\"M6 6H4v2h2V6zm14 0H8v2h12V6zM4 11h2v2H4v-2zm16 0H8v2h12v-2zM4 16h2v2H4v-2zm16 0H8v2h12v-2z\" fill=\"currentColor\"><\/path><\/svg><svg style=\"fill: #999;color:#999\" class=\"arrow-unsorted-368013\" xmlns=\"http:\/\/www.w3.org\/2000\/svg\" width=\"10px\" height=\"10px\" viewBox=\"0 0 24 24\" version=\"1.2\" baseProfile=\"tiny\"><path d=\"M18.2 9.3l-6.2-6.3-6.2 6.3c-.2.2-.3.4-.3.7s.1.5.3.7c.2.2.4.3.7.3h11c.3 0 .5-.1.7-.3.2-.2.3-.5.3-.7s-.1-.5-.3-.7zM5.8 14.7l6.2 6.3 6.2-6.3c.2-.2.3-.5.3-.7s-.1-.5-.3-.7c-.2-.2-.4-.3-.7-.3h-11c-.3 0-.5.1-.7.3-.2.2-.3.5-.3.7s.1.5.3.7z\"\/><\/svg><\/span><\/span><\/span><\/a><\/span><\/div>\n<nav><ul class='ez-toc-list ez-toc-list-level-1 ' ><li class='ez-toc-page-1 ez-toc-heading-level-2'><a class=\"ez-toc-link ez-toc-heading-1\" href=\"https:\/\/www.boxrepsol.com\/en\/motogp-en\/valencian-gp-practice-results\/#Strong_seventh_position_for_Marc_Marquez\" >Strong seventh position for Marc M\u00e1rquez<\/a><ul class='ez-toc-list-level-3' ><li class='ez-toc-heading-level-3'><a class=\"ez-toc-link ez-toc-heading-2\" href=\"https:\/\/www.boxrepsol.com\/en\/motogp-en\/valencian-gp-practice-results\/#Valencian_GP_Practice_Results\" >Valencian GP Practice Results<\/a><\/li><\/ul><\/li><li class='ez-toc-page-1 ez-toc-heading-level-2'><a class=\"ez-toc-link ez-toc-heading-3\" href=\"https:\/\/www.boxrepsol.com\/en\/motogp-en\/valencian-gp-practice-results\/#Statements\" >Statements<\/a><ul class='ez-toc-list-level-3' ><li class='ez-toc-heading-level-3'><a class=\"ez-toc-link ez-toc-heading-4\" href=\"https:\/\/www.boxrepsol.com\/en\/motogp-en\/valencian-gp-practice-results\/#Marc_Marquez\" >Marc M\u00e1rquez<\/a><\/li><\/ul><\/li><\/ul><\/nav><\/div>\n<h2 class=\"wp-block-heading\"><span class=\"ez-toc-section\" id=\"Strong_seventh_position_for_Marc_Marquez\"><\/span><strong>Strong seventh position for Marc M\u00e1rquez<\/strong><span class=\"ez-toc-section-end\"><\/span><\/h2>\n\n\n\n<p>Kicking off a very special weekend, <strong>Marc M\u00e1rquez <\/strong>had a good feeling from the morning onwards, placing first at one point and finally finishing in <strong>seventh<\/strong>.<\/p>\n\n\n\n<p>During the afternoon, the <strong>Repsol Honda Team<\/strong> rider confirmed his good performance and remained in the Top 5 for most of the session. Again leading the timesheets for several moments, he placed seventh once more. With this result, he goes straight into Q2.<\/p>\n\n\n\n<p><strong>Joan Mir<\/strong> did not start Friday in the best way. The <strong>Repsol Honda Team<\/strong> rider suffered a heavy crash that took him out of morning session. After being taken to hospital and confirming that he had no fractures, he sat out FP2. The Spaniard will be checked first thing on Saturday morning to decide on his participation in the rest of the <strong>Valencian Grand Prix<\/strong>.<\/p>\n\n\n\n<h3 class=\"wp-block-heading\"><span class=\"ez-toc-section\" id=\"Valencian_GP_Practice_Results\"><\/span><strong>Valencian GP Practice Results<\/strong><span class=\"ez-toc-section-end\"><\/span><\/h3>\n\n\n\n<figure class=\"wp-block-table is-style-stripes\"><table><tbody><tr><td><strong>RIDER<\/strong><\/td><td><strong>TEAM<\/strong><\/td><td><strong>TIME<\/strong><\/td><\/tr><tr><td>1. Maverick Vi\u00f1ales<\/td><td>APRILIA<\/td><td>1:29.142<\/td><\/tr><tr><td>2. Jorge Mart\u00edn<\/td><td>DUCATI<\/td><td>+0.147<\/td><\/tr><tr><td>3. Johann Zarco<\/td><td>DUCATI<\/td><td>+0.154<\/td><\/tr><tr><td>4. Fabio Di Giannantonio<\/td><td>DUCATI<\/td><td>+0.253<\/td><\/tr><tr><td>5. Marco Bezzecchi<\/td><td>DUCATI<\/td><td>+0.254<\/td><\/tr><tr><td>6. Brad Binder<\/td><td>KTM<\/td><td>+0.260<\/td><\/tr><tr><td><strong>7. Marc M\u00e1rquez<\/strong><\/td><td><strong>REPSOL HONDA<\/strong><\/td><td><strong>+0.317<\/strong><\/td><\/tr><tr><td>8. Ra\u00fal Ferm\u00e1ndez<\/td><td>APRILIA<\/td><td>+0.328<\/td><\/tr><tr><td>9. Jack Miller<\/td><td>KTM<\/td><td>+0.339<\/td><\/tr><tr><td>10. Aleix Espargar\u00f3<\/td><td>APRILIA<\/td><td>+0.429<\/td><\/tr><\/tbody><\/table><\/figure>\n\n\n\n<div id=\"995a896a-2073-4afa-9522-30c1237f71d9\" class=\"br-slider-box\"><div class=\"wp-block-create-block-repsol-carousel br-slider\"><a target=\"_blank\" href=\"https:\/\/bxrepsol.s3.eu-west-1.amazonaws.com\/static\/2023\/11\/24144915\/JRB3508-scaled.jpg\" data-index=\"0\" rel=\"noopener\"><img decoding=\"async\" src=\"https:\/\/bxrepsol.s3.eu-west-1.amazonaws.com\/static\/2023\/11\/24144915\/JRB3508-scaled.jpg\"\/><\/a><a target=\"_blank\" href=\"https:\/\/bxrepsol.s3.eu-west-1.amazonaws.com\/static\/2023\/11\/24144921\/JRB3417-scaled.jpg\" data-index=\"1\" rel=\"noopener\"><img decoding=\"async\" src=\"https:\/\/bxrepsol.s3.eu-west-1.amazonaws.com\/static\/2023\/11\/24144921\/JRB3417-scaled.jpg\"\/><\/a><a target=\"_blank\" href=\"https:\/\/bxrepsol.s3.eu-west-1.amazonaws.com\/static\/2023\/11\/24144946\/JRB3259-scaled.jpg\" data-index=\"2\" rel=\"noopener\"><img decoding=\"async\" src=\"https:\/\/bxrepsol.s3.eu-west-1.amazonaws.com\/static\/2023\/11\/24144946\/JRB3259-scaled.jpg\"\/><\/a><a target=\"_blank\" href=\"https:\/\/bxrepsol.s3.eu-west-1.amazonaws.com\/static\/2023\/11\/24145011\/A9X4510-scaled.jpg\" data-index=\"3\" rel=\"noopener\"><img decoding=\"async\" src=\"https:\/\/bxrepsol.s3.eu-west-1.amazonaws.com\/static\/2023\/11\/24145011\/A9X4510-scaled.jpg\"\/><\/a><a target=\"_blank\" href=\"https:\/\/bxrepsol.s3.eu-west-1.amazonaws.com\/static\/2023\/11\/24145044\/A1J5281-scaled.jpg\" data-index=\"4\" rel=\"noopener\"><img decoding=\"async\" src=\"https:\/\/bxrepsol.s3.eu-west-1.amazonaws.com\/static\/2023\/11\/24145044\/A1J5281-scaled.jpg\"\/><\/a><\/div><div class=\"br-slider-buttons\"><button class=\"arrow rds-icon arrow--left rds-icon-Arrow_left\"><\/button><button class=\"arrow rds-icon arrow--right rds-icon-Arrow_right\"><\/button><\/div><\/div>\n\n\n\n<h2 class=\"wp-block-heading\"><span class=\"ez-toc-section\" id=\"Statements\"><\/span><strong>Statements<\/strong><span class=\"ez-toc-section-end\"><\/span><\/h2>\n\n\n\n<h3 class=\"wp-block-heading\"><span class=\"ez-toc-section\" id=\"Marc_Marquez\"><\/span><strong>Marc M\u00e1rquez<\/strong><span class=\"ez-toc-section-end\"><\/span><\/h3>\n\n\n\n<p>&#8220;Today I felt good on the bike, and I decided to take some extra risks. Even in the morning I was quite convinced of my possibilities, and I changed my mentality a bit to take a lot more risks, but I feel it\u2019s the way to do it this weekend. My concentration is 100% on riding to the best of my abilities on the Repsol Honda Team RC213V. I was able to do the time attack alone, which is something that has been quite complicated this season. Tomorrow, we aim to follow the same plan, we will see what possibilities we have after Qualifying because it\u2019s always very tricky to overtake here.\u201d<\/p>\n","protected":false},"excerpt":{"rendered":"<p>Maverick Vi\u00f1ales closes first day in Valencia as fastest rider<\/p>\n","protected":false},"author":420,"featured_media":107740,"comment_status":"open","ping_status":"open","sticky":false,"template":"","format":"standard","meta":{"footnotes":""},"categories":[146],"tags":[415,282,283,335],"class_list":["post-107745","post","type-post","status-publish","format-standard","hentry","category-motogp-en","tag-gp-valencia-en","tag-joan-mir-en","tag-marc-marquez-en","tag-motogp-2023-en"],"yoast_head":"<!-- This site is optimized with the Yoast SEO plugin v27.3 - https:\/\/yoast.com\/product\/yoast-seo-wordpress\/ -->\n<title>Valencian GP Practice Results - Box Repsol<\/title>\n<meta name=\"description\" content=\"Friday practice results for the 2023 Valencian GP, held at the Ricardo Tormo Circuit.\" \/>\n<link rel=\"canonical\" href=\"https:\/\/www.boxrepsol.com\/en\/motogp-en\/valencian-gp-practice-results\/\" \/>\n<meta property=\"og:locale\" content=\"en_US\" \/>\n<meta property=\"og:type\" content=\"article\" \/>\n<meta property=\"og:title\" content=\"Valencian GP Practice Results - Box Repsol\" \/>\n<meta property=\"og:description\" content=\"Friday practice results for the 2023 Valencian GP, held at the Ricardo Tormo Circuit.\" \/>\n<meta property=\"og:url\" content=\"https:\/\/www.boxrepsol.com\/en\/motogp-en\/valencian-gp-practice-results\/\" \/>\n<meta property=\"og:site_name\" content=\"Box Repsol\" \/>\n<meta property=\"article:publisher\" content=\"https:\/\/www.facebook.com\/BoxRepsol\" \/>\n<meta property=\"article:published_time\" content=\"2023-11-24T15:20:26+00:00\" \/>\n<meta property=\"article:modified_time\" content=\"2023-11-24T17:49:48+00:00\" \/>\n<meta property=\"og:image\" content=\"https:\/\/bxrepsol.s3.eu-west-1.amazonaws.com\/static\/2023\/11\/24095611\/A1J6202.png\" \/>\n\t<meta property=\"og:image:width\" content=\"1280\" \/>\n\t<meta property=\"og:image:height\" content=\"600\" \/>\n\t<meta property=\"og:image:type\" content=\"image\/png\" \/>\n<meta name=\"author\" content=\"Box Repsol\" \/>\n<meta name=\"twitter:card\" content=\"summary_large_image\" \/>\n<meta name=\"twitter:creator\" content=\"@box_repsol\" \/>\n<meta name=\"twitter:site\" content=\"@box_repsol\" \/>\n<meta name=\"twitter:label1\" content=\"Written by\" \/>\n\t<meta name=\"twitter:data1\" content=\"Box Repsol\" \/>\n\t<meta name=\"twitter:label2\" content=\"Est. reading time\" \/>\n\t<meta name=\"twitter:data2\" content=\"2 minutes\" \/>\n<script type=\"application\/ld+json\" class=\"yoast-schema-graph\">{\"@context\":\"https:\\\/\\\/schema.org\",\"@graph\":[{\"@type\":\"Article\",\"@id\":\"https:\\\/\\\/www.boxrepsol.com\\\/en\\\/motogp-en\\\/valencian-gp-practice-results\\\/#article\",\"isPartOf\":{\"@id\":\"https:\\\/\\\/www.boxrepsol.com\\\/en\\\/motogp-en\\\/valencian-gp-practice-results\\\/\"},\"author\":{\"name\":\"Box Repsol\",\"@id\":\"https:\\\/\\\/www.boxrepsol.com\\\/en\\\/#\\\/schema\\\/person\\\/a304b5b3c460915ddb7f228f02936d04\"},\"headline\":\"Valencian GP Practice Results\",\"datePublished\":\"2023-11-24T15:20:26+00:00\",\"dateModified\":\"2023-11-24T17:49:48+00:00\",\"mainEntityOfPage\":{\"@id\":\"https:\\\/\\\/www.boxrepsol.com\\\/en\\\/motogp-en\\\/valencian-gp-practice-results\\\/\"},\"wordCount\":429,\"commentCount\":0,\"publisher\":{\"@id\":\"https:\\\/\\\/www.boxrepsol.com\\\/en\\\/#organization\"},\"image\":{\"@id\":\"https:\\\/\\\/www.boxrepsol.com\\\/en\\\/motogp-en\\\/valencian-gp-practice-results\\\/#primaryimage\"},\"thumbnailUrl\":\"https:\\\/\\\/bxrepsol.s3.eu-west-1.amazonaws.com\\\/static\\\/2023\\\/11\\\/24095611\\\/A1J6202.png\",\"keywords\":[\"GP Valencia\",\"Joan Mir\",\"Marc M\u00e1rquez\",\"MotoGP 2023\"],\"articleSection\":[\"MotoGP\"],\"inLanguage\":\"en-US\",\"potentialAction\":[{\"@type\":\"CommentAction\",\"name\":\"Comment\",\"target\":[\"https:\\\/\\\/www.boxrepsol.com\\\/en\\\/motogp-en\\\/valencian-gp-practice-results\\\/#respond\"]}]},{\"@type\":\"WebPage\",\"@id\":\"https:\\\/\\\/www.boxrepsol.com\\\/en\\\/motogp-en\\\/valencian-gp-practice-results\\\/\",\"url\":\"https:\\\/\\\/www.boxrepsol.com\\\/en\\\/motogp-en\\\/valencian-gp-practice-results\\\/\",\"name\":\"Valencian GP Practice Results - Box Repsol\",\"isPartOf\":{\"@id\":\"https:\\\/\\\/www.boxrepsol.com\\\/en\\\/#website\"},\"primaryImageOfPage\":{\"@id\":\"https:\\\/\\\/www.boxrepsol.com\\\/en\\\/motogp-en\\\/valencian-gp-practice-results\\\/#primaryimage\"},\"image\":{\"@id\":\"https:\\\/\\\/www.boxrepsol.com\\\/en\\\/motogp-en\\\/valencian-gp-practice-results\\\/#primaryimage\"},\"thumbnailUrl\":\"https:\\\/\\\/bxrepsol.s3.eu-west-1.amazonaws.com\\\/static\\\/2023\\\/11\\\/24095611\\\/A1J6202.png\",\"datePublished\":\"2023-11-24T15:20:26+00:00\",\"dateModified\":\"2023-11-24T17:49:48+00:00\",\"description\":\"Friday practice results for the 2023 Valencian GP, held at the Ricardo Tormo Circuit.\",\"breadcrumb\":{\"@id\":\"https:\\\/\\\/www.boxrepsol.com\\\/en\\\/motogp-en\\\/valencian-gp-practice-results\\\/#breadcrumb\"},\"inLanguage\":\"en-US\",\"potentialAction\":[{\"@type\":\"ReadAction\",\"target\":[\"https:\\\/\\\/www.boxrepsol.com\\\/en\\\/motogp-en\\\/valencian-gp-practice-results\\\/\"]}]},{\"@type\":\"ImageObject\",\"inLanguage\":\"en-US\",\"@id\":\"https:\\\/\\\/www.boxrepsol.com\\\/en\\\/motogp-en\\\/valencian-gp-practice-results\\\/#primaryimage\",\"url\":\"https:\\\/\\\/bxrepsol.s3.eu-west-1.amazonaws.com\\\/static\\\/2023\\\/11\\\/24095611\\\/A1J6202.png\",\"contentUrl\":\"https:\\\/\\\/bxrepsol.s3.eu-west-1.amazonaws.com\\\/static\\\/2023\\\/11\\\/24095611\\\/A1J6202.png\",\"width\":1280,\"height\":600},{\"@type\":\"BreadcrumbList\",\"@id\":\"https:\\\/\\\/www.boxrepsol.com\\\/en\\\/motogp-en\\\/valencian-gp-practice-results\\\/#breadcrumb\",\"itemListElement\":[{\"@type\":\"ListItem\",\"position\":1,\"name\":\"Home\",\"item\":\"https:\\\/\\\/www.boxrepsol.com\\\/en\\\/\"},{\"@type\":\"ListItem\",\"position\":2,\"name\":\"Valencian GP Practice Results\"}]},{\"@type\":\"WebSite\",\"@id\":\"https:\\\/\\\/www.boxrepsol.com\\\/en\\\/#website\",\"url\":\"https:\\\/\\\/www.boxrepsol.com\\\/en\\\/\",\"name\":\"Box Repsol\",\"description\":\"Box Repsol Site\",\"publisher\":{\"@id\":\"https:\\\/\\\/www.boxrepsol.com\\\/en\\\/#organization\"},\"potentialAction\":[{\"@type\":\"SearchAction\",\"target\":{\"@type\":\"EntryPoint\",\"urlTemplate\":\"https:\\\/\\\/www.boxrepsol.com\\\/en\\\/?s={search_term_string}\"},\"query-input\":{\"@type\":\"PropertyValueSpecification\",\"valueRequired\":true,\"valueName\":\"search_term_string\"}}],\"inLanguage\":\"en-US\"},{\"@type\":\"Organization\",\"@id\":\"https:\\\/\\\/www.boxrepsol.com\\\/en\\\/#organization\",\"name\":\"Box Repsol\",\"url\":\"https:\\\/\\\/www.boxrepsol.com\\\/en\\\/\",\"logo\":{\"@type\":\"ImageObject\",\"inLanguage\":\"en-US\",\"@id\":\"https:\\\/\\\/www.boxrepsol.com\\\/en\\\/#\\\/schema\\\/logo\\\/image\\\/\",\"url\":\"https:\\\/\\\/bxrepsol.s3.eu-west-1.amazonaws.com\\\/static\\\/2025\\\/07\\\/30083337\\\/favicon-96x96-1.png\",\"contentUrl\":\"https:\\\/\\\/bxrepsol.s3.eu-west-1.amazonaws.com\\\/static\\\/2025\\\/07\\\/30083337\\\/favicon-96x96-1.png\",\"width\":96,\"height\":96,\"caption\":\"Box Repsol\"},\"image\":{\"@id\":\"https:\\\/\\\/www.boxrepsol.com\\\/en\\\/#\\\/schema\\\/logo\\\/image\\\/\"},\"sameAs\":[\"https:\\\/\\\/www.facebook.com\\\/BoxRepsol\",\"https:\\\/\\\/x.com\\\/box_repsol\",\"http:\\\/\\\/instagram.com\\\/box_repsol\",\"https:\\\/\\\/www.youtube.com\\\/user\\\/RepsolCompeticion\",\"https:\\\/\\\/www.flickr.com\\\/photos\\\/box_repsol\\\/\"]},{\"@type\":\"Person\",\"@id\":\"https:\\\/\\\/www.boxrepsol.com\\\/en\\\/#\\\/schema\\\/person\\\/a304b5b3c460915ddb7f228f02936d04\",\"name\":\"Box Repsol\",\"image\":{\"@type\":\"ImageObject\",\"inLanguage\":\"en-US\",\"@id\":\"https:\\\/\\\/secure.gravatar.com\\\/avatar\\\/9ae0581d29a1ca8b367925254de91c0e8e82366e47ed92bc1f4e871c6772a796?s=96&d=mm&r=g\",\"url\":\"https:\\\/\\\/secure.gravatar.com\\\/avatar\\\/9ae0581d29a1ca8b367925254de91c0e8e82366e47ed92bc1f4e871c6772a796?s=96&d=mm&r=g\",\"contentUrl\":\"https:\\\/\\\/secure.gravatar.com\\\/avatar\\\/9ae0581d29a1ca8b367925254de91c0e8e82366e47ed92bc1f4e871c6772a796?s=96&d=mm&r=g\",\"caption\":\"Box Repsol\"},\"sameAs\":[\"https:\\\/\\\/www.boxrepsol.com\\\/es\\\/\"],\"url\":\"https:\\\/\\\/www.boxrepsol.com\\\/en\\\/author\\\/paznar\\\/\"}]}<\/script>\n<!-- \/ Yoast SEO plugin. -->","yoast_head_json":{"title":"Valencian GP Practice Results - Box Repsol","description":"Friday practice results for the 2023 Valencian GP, held at the Ricardo Tormo Circuit.","canonical":"https:\/\/www.boxrepsol.com\/en\/motogp-en\/valencian-gp-practice-results\/","og_locale":"en_US","og_type":"article","og_title":"Valencian GP Practice Results - Box Repsol","og_description":"Friday practice results for the 2023 Valencian GP, held at the Ricardo Tormo Circuit.","og_url":"https:\/\/www.boxrepsol.com\/en\/motogp-en\/valencian-gp-practice-results\/","og_site_name":"Box Repsol","article_publisher":"https:\/\/www.facebook.com\/BoxRepsol","article_published_time":"2023-11-24T15:20:26+00:00","article_modified_time":"2023-11-24T17:49:48+00:00","og_image":[{"width":1280,"height":600,"url":"https:\/\/bxrepsol.s3.eu-west-1.amazonaws.com\/static\/2023\/11\/24095611\/A1J6202.png","type":"image\/png"}],"author":"Box Repsol","twitter_card":"summary_large_image","twitter_creator":"@box_repsol","twitter_site":"@box_repsol","twitter_misc":{"Written by":"Box Repsol","Est. reading time":"2 minutes"},"schema":{"@context":"https:\/\/schema.org","@graph":[{"@type":"Article","@id":"https:\/\/www.boxrepsol.com\/en\/motogp-en\/valencian-gp-practice-results\/#article","isPartOf":{"@id":"https:\/\/www.boxrepsol.com\/en\/motogp-en\/valencian-gp-practice-results\/"},"author":{"name":"Box Repsol","@id":"https:\/\/www.boxrepsol.com\/en\/#\/schema\/person\/a304b5b3c460915ddb7f228f02936d04"},"headline":"Valencian GP Practice Results","datePublished":"2023-11-24T15:20:26+00:00","dateModified":"2023-11-24T17:49:48+00:00","mainEntityOfPage":{"@id":"https:\/\/www.boxrepsol.com\/en\/motogp-en\/valencian-gp-practice-results\/"},"wordCount":429,"commentCount":0,"publisher":{"@id":"https:\/\/www.boxrepsol.com\/en\/#organization"},"image":{"@id":"https:\/\/www.boxrepsol.com\/en\/motogp-en\/valencian-gp-practice-results\/#primaryimage"},"thumbnailUrl":"https:\/\/bxrepsol.s3.eu-west-1.amazonaws.com\/static\/2023\/11\/24095611\/A1J6202.png","keywords":["GP Valencia","Joan Mir","Marc M\u00e1rquez","MotoGP 2023"],"articleSection":["MotoGP"],"inLanguage":"en-US","potentialAction":[{"@type":"CommentAction","name":"Comment","target":["https:\/\/www.boxrepsol.com\/en\/motogp-en\/valencian-gp-practice-results\/#respond"]}]},{"@type":"WebPage","@id":"https:\/\/www.boxrepsol.com\/en\/motogp-en\/valencian-gp-practice-results\/","url":"https:\/\/www.boxrepsol.com\/en\/motogp-en\/valencian-gp-practice-results\/","name":"Valencian GP Practice Results - Box Repsol","isPartOf":{"@id":"https:\/\/www.boxrepsol.com\/en\/#website"},"primaryImageOfPage":{"@id":"https:\/\/www.boxrepsol.com\/en\/motogp-en\/valencian-gp-practice-results\/#primaryimage"},"image":{"@id":"https:\/\/www.boxrepsol.com\/en\/motogp-en\/valencian-gp-practice-results\/#primaryimage"},"thumbnailUrl":"https:\/\/bxrepsol.s3.eu-west-1.amazonaws.com\/static\/2023\/11\/24095611\/A1J6202.png","datePublished":"2023-11-24T15:20:26+00:00","dateModified":"2023-11-24T17:49:48+00:00","description":"Friday practice results for the 2023 Valencian GP, held at the Ricardo Tormo Circuit.","breadcrumb":{"@id":"https:\/\/www.boxrepsol.com\/en\/motogp-en\/valencian-gp-practice-results\/#breadcrumb"},"inLanguage":"en-US","potentialAction":[{"@type":"ReadAction","target":["https:\/\/www.boxrepsol.com\/en\/motogp-en\/valencian-gp-practice-results\/"]}]},{"@type":"ImageObject","inLanguage":"en-US","@id":"https:\/\/www.boxrepsol.com\/en\/motogp-en\/valencian-gp-practice-results\/#primaryimage","url":"https:\/\/bxrepsol.s3.eu-west-1.amazonaws.com\/static\/2023\/11\/24095611\/A1J6202.png","contentUrl":"https:\/\/bxrepsol.s3.eu-west-1.amazonaws.com\/static\/2023\/11\/24095611\/A1J6202.png","width":1280,"height":600},{"@type":"BreadcrumbList","@id":"https:\/\/www.boxrepsol.com\/en\/motogp-en\/valencian-gp-practice-results\/#breadcrumb","itemListElement":[{"@type":"ListItem","position":1,"name":"Home","item":"https:\/\/www.boxrepsol.com\/en\/"},{"@type":"ListItem","position":2,"name":"Valencian GP Practice Results"}]},{"@type":"WebSite","@id":"https:\/\/www.boxrepsol.com\/en\/#website","url":"https:\/\/www.boxrepsol.com\/en\/","name":"Box Repsol","description":"Box Repsol Site","publisher":{"@id":"https:\/\/www.boxrepsol.com\/en\/#organization"},"potentialAction":[{"@type":"SearchAction","target":{"@type":"EntryPoint","urlTemplate":"https:\/\/www.boxrepsol.com\/en\/?s={search_term_string}"},"query-input":{"@type":"PropertyValueSpecification","valueRequired":true,"valueName":"search_term_string"}}],"inLanguage":"en-US"},{"@type":"Organization","@id":"https:\/\/www.boxrepsol.com\/en\/#organization","name":"Box Repsol","url":"https:\/\/www.boxrepsol.com\/en\/","logo":{"@type":"ImageObject","inLanguage":"en-US","@id":"https:\/\/www.boxrepsol.com\/en\/#\/schema\/logo\/image\/","url":"https:\/\/bxrepsol.s3.eu-west-1.amazonaws.com\/static\/2025\/07\/30083337\/favicon-96x96-1.png","contentUrl":"https:\/\/bxrepsol.s3.eu-west-1.amazonaws.com\/static\/2025\/07\/30083337\/favicon-96x96-1.png","width":96,"height":96,"caption":"Box Repsol"},"image":{"@id":"https:\/\/www.boxrepsol.com\/en\/#\/schema\/logo\/image\/"},"sameAs":["https:\/\/www.facebook.com\/BoxRepsol","https:\/\/x.com\/box_repsol","http:\/\/instagram.com\/box_repsol","https:\/\/www.youtube.com\/user\/RepsolCompeticion","https:\/\/www.flickr.com\/photos\/box_repsol\/"]},{"@type":"Person","@id":"https:\/\/www.boxrepsol.com\/en\/#\/schema\/person\/a304b5b3c460915ddb7f228f02936d04","name":"Box Repsol","image":{"@type":"ImageObject","inLanguage":"en-US","@id":"https:\/\/secure.gravatar.com\/avatar\/9ae0581d29a1ca8b367925254de91c0e8e82366e47ed92bc1f4e871c6772a796?s=96&d=mm&r=g","url":"https:\/\/secure.gravatar.com\/avatar\/9ae0581d29a1ca8b367925254de91c0e8e82366e47ed92bc1f4e871c6772a796?s=96&d=mm&r=g","contentUrl":"https:\/\/secure.gravatar.com\/avatar\/9ae0581d29a1ca8b367925254de91c0e8e82366e47ed92bc1f4e871c6772a796?s=96&d=mm&r=g","caption":"Box Repsol"},"sameAs":["https:\/\/www.boxrepsol.com\/es\/"],"url":"https:\/\/www.boxrepsol.com\/en\/author\/paznar\/"}]}},"_links":{"self":[{"href":"https:\/\/www.boxrepsol.com\/en\/wp-json\/wp\/v2\/posts\/107745","targetHints":{"allow":["GET"]}}],"collection":[{"href":"https:\/\/www.boxrepsol.com\/en\/wp-json\/wp\/v2\/posts"}],"about":[{"href":"https:\/\/www.boxrepsol.com\/en\/wp-json\/wp\/v2\/types\/post"}],"author":[{"embeddable":true,"href":"https:\/\/www.boxrepsol.com\/en\/wp-json\/wp\/v2\/users\/420"}],"replies":[{"embeddable":true,"href":"https:\/\/www.boxrepsol.com\/en\/wp-json\/wp\/v2\/comments?post=107745"}],"version-history":[{"count":3,"href":"https:\/\/www.boxrepsol.com\/en\/wp-json\/wp\/v2\/posts\/107745\/revisions"}],"predecessor-version":[{"id":107765,"href":"https:\/\/www.boxrepsol.com\/en\/wp-json\/wp\/v2\/posts\/107745\/revisions\/107765"}],"wp:featuredmedia":[{"embeddable":true,"href":"https:\/\/www.boxrepsol.com\/en\/wp-json\/wp\/v2\/media\/107740"}],"wp:attachment":[{"href":"https:\/\/www.boxrepsol.com\/en\/wp-json\/wp\/v2\/media?parent=107745"}],"wp:term":[{"taxonomy":"category","embeddable":true,"href":"https:\/\/www.boxrepsol.com\/en\/wp-json\/wp\/v2\/categories?post=107745"},{"taxonomy":"post_tag","embeddable":true,"href":"https:\/\/www.boxrepsol.com\/en\/wp-json\/wp\/v2\/tags?post=107745"}],"curies":[{"name":"wp","href":"https:\/\/api.w.org\/{rel}","templated":true}]}}