{"id":104717,"date":"2023-08-20T10:56:48","date_gmt":"2023-08-20T12:56:48","guid":{"rendered":"https:\/\/www.boxrepsol.com\/?p=104717"},"modified":"2023-08-20T13:38:43","modified_gmt":"2023-08-20T15:38:43","slug":"2023-austrian-gp-results","status":"publish","type":"post","link":"https:\/\/www.boxrepsol.com\/en\/motogp-en\/2023-austrian-gp-results\/","title":{"rendered":"2023 Austrian GP Results"},"content":{"rendered":"<figure class=\"wp-block-post-featured-image\"><img loading=\"lazy\" decoding=\"async\" width=\"1280\" height=\"600\" src=\"https:\/\/bxrepsol.s3.eu-west-1.amazonaws.com\/static\/2023\/08\/20090928\/A1X2270-copia.jpg\" class=\"attachment-post-thumbnail size-post-thumbnail wp-post-image\" alt=\"\" style=\"object-fit:cover;\" srcset=\"https:\/\/bxrepsol.s3.eu-west-1.amazonaws.com\/static\/2023\/08\/20090928\/A1X2270-copia.jpg 1280w, https:\/\/bxrepsol.s3.eu-west-1.amazonaws.com\/static\/2023\/08\/20090928\/A1X2270-copia-300x141.jpg 300w, https:\/\/bxrepsol.s3.eu-west-1.amazonaws.com\/static\/2023\/08\/20090928\/A1X2270-copia-1024x480.jpg 1024w, https:\/\/bxrepsol.s3.eu-west-1.amazonaws.com\/static\/2023\/08\/20090928\/A1X2270-copia-768x360.jpg 768w\" sizes=\"auto, (max-width: 1280px) 100vw, 1280px\" \/><\/figure>\n\n\n<p><strong>Pecco Bagnaia (Ducati) <\/strong>won the Austrian GP in a race led from the start by the Italian rider. Brad Binder (KTM) and Marco Bezzecchi (Ducati) closed out the podium at the Red Bull Ring.<\/p>\n\n\n\n<p>Luca Marini (Ducati), \u00c1lex M\u00e1rquez (Ducati), Maverick Vi\u00f1ales (Aprilia), Jorge Mart\u00edn (Ducati), Fabio Quartararo (Yamaha), Aleix Espargar\u00f3 (Aprilia) and Enea Bastianini (Ducati) completed the<strong> Top 10 <\/strong>at the Austrian round.<\/p>\n\n\n\n<p>With this result, Bagnaia continues to increase the gap over his main title rival, Jorge Mart\u00edn, which now stands at 62 points.<\/p>\n\n\n\n<p>The <a href=\"https:\/\/www.boxrepsol.com\/en\/calendario-gp\/motogp-2023-calendar\/\">next round<\/a> of the MotoGP World Championship will be in two weeks&#8217; time, at the <strong>Circuit de Barcelona-Catalunya.<\/strong><\/p>\n\n\n\n<h3 class=\"wp-block-heading\"><strong>Ups and downs for Repsol Honda Team<\/strong><\/h3>\n\n\n\n<p>After a positive <a href=\"https:\/\/www.boxrepsol.com\/en\/motogp-en\/austrian-gp-sprint-race-results\/\">sprint race<\/a> for the two <strong>Repsol Honda Team<\/strong> riders, the objective in the main race was to manage the race well in order to achieve good results, on which to work for the remainder of the season.<\/p>\n\n\n\n<p><strong>Marc M\u00e1rquez<\/strong>, starting from 18th position, crossed the finish line in<strong> 12th place<\/strong>. The Repsol Honda Team rider started the race with a good pace that allowed him to stay in the points. Over the course of the race, he managed his strategy in order to finish without taking excessive risks and scoring his first points of the season in a Sunday race.<\/p>\n\n\n\n<p><strong>Joan Mir<\/strong> also had a good start that allowed him to enjoy a solid early phase of the race. However, he suffered a small crash on Lap 13 that ended his day prematurely.<\/p>\n\n\n\n<h3 class=\"wp-block-heading\"><strong>Austrian GP: Race Results (28 laps)<\/strong><\/h3>\n\n\n\n<figure class=\"wp-block-table is-style-stripes\"><table><tbody><tr><td><strong>RIDER<\/strong><\/td><td><strong>TEAM<\/strong><\/td><td><strong>TIME<\/strong><\/td><\/tr><tr><td>1. Pecco Bagnaia <\/td><td>DUCATI<\/td><td>42:23.315<\/td><\/tr><tr><td>2. Brad Binder<\/td><td>KTM<\/td><td>+5.191<\/td><\/tr><tr><td>3. Marco Bezzecchi<\/td><td>DUCATI<\/td><td>+7.708<\/td><\/tr><tr><td>4. Luca Marini<\/td><td>DUCATI<\/td><td>+10.343<\/td><\/tr><tr><td>5. \u00c1lex M\u00e1rquez<\/td><td>DUCATI<\/td><td>+11.039<\/td><\/tr><tr><td>6. Maverick Vi\u00f1ales<\/td><td>APRILIA<\/td><td>+11.724<\/td><\/tr><tr><td>7. Jorge Mart\u00edn<\/td><td>DUCATI<\/td><td>+12.917<\/td><\/tr><tr><td>8. Fabio Quartararo<\/td><td>YAMAHA<\/td><td>+19.509<\/td><\/tr><tr><td>9. Aleix Espargar\u00f3<\/td><td>APRILIA<\/td><td>+20.231<\/td><\/tr><tr><td>10. Enea Bastianini<\/td><td>DUCATI<\/td><td>+20.729<\/td><\/tr><tr><td><strong>12. Marc M\u00e1rquez<\/strong><\/td><td><strong>REPSOL HONDA<\/strong><\/td><td><strong>+23.027<\/strong><\/td><\/tr><tr><td><strong>Joan Mir<\/strong><\/td><td><strong>REPSOL HONDA<\/strong><\/td><td><strong>DNF<\/strong><\/td><\/tr><\/tbody><\/table><\/figure>\n\n\n\n<h3 class=\"wp-block-heading\"><strong>General<\/strong> <strong>Standings<\/strong><\/h3>\n\n\n\n<figure class=\"wp-block-table is-style-stripes\"><table><tbody><tr><td><strong>RIDER<\/strong><\/td><td><strong>TEAM<\/strong><\/td><td><strong>TIME<\/strong><\/td><\/tr><tr><td>1. Pecco Bagnaia<\/td><td>DUCATI<\/td><td>251<\/td><\/tr><tr><td>2. Jorge Mart\u00edn<\/td><td>DUCATI<\/td><td>189<\/td><\/tr><tr><td>3. Marco Bezzecchi<\/td><td>DUCATI<\/td><td>183<\/td><\/tr><tr><td>4. Brad Binder<\/td><td>KTM<\/td><td>160<\/td><\/tr><tr><td>5. Johann Zarco<\/td><td>DUCATI<\/td><td>125<\/td><\/tr><tr><td>6. Luca Marini<\/td><td>DUCATI<\/td><td>120<\/td><\/tr><tr><td>7. Aleix Espargar\u00f3<\/td><td>APRILIA<\/td><td>117<\/td><\/tr><tr><td>8. Jack Miller<\/td><td>KTM<\/td><td>96<\/td><\/tr><tr><td>9. \u00c1lex M\u00e1rquez<\/td><td>DUCATI<\/td><td>92<\/td><\/tr><tr><td>10. Maverick Vi\u00f1ales<\/td><td>APRILIA<\/td><td>86<\/td><\/tr><tr><td><strong>19<\/strong>. <strong>Marc M\u00e1rquez<\/strong><\/td><td><strong>REPSOL HONDA<\/strong><\/td><td><strong>19<\/strong><\/td><\/tr><tr><td><strong>26. Joan Mir<\/strong><\/td><td><strong>REPSOL HONDA<\/strong><\/td><td><strong>5<\/strong><\/td><\/tr><\/tbody><\/table><\/figure>\n\n\n\n<div id=\"6a18998b-e4c8-44f4-8041-a2b1bd2f177d\" class=\"br-slider-box\"><div class=\"wp-block-create-block-repsol-carousel br-slider\"><a target=\"_blank\" href=\"https:\/\/bxrepsol.s3.eu-west-1.amazonaws.com\/static\/2023\/08\/20123741\/JRB8009-scaled.jpg\" data-index=\"0\" rel=\"noopener\"><img decoding=\"async\" src=\"https:\/\/bxrepsol.s3.eu-west-1.amazonaws.com\/static\/2023\/08\/20123741\/JRB8009-scaled.jpg\"\/><\/a><a target=\"_blank\" href=\"https:\/\/bxrepsol.s3.eu-west-1.amazonaws.com\/static\/2023\/08\/20123746\/JRB8681-scaled.jpg\" data-index=\"1\" rel=\"noopener\"><img decoding=\"async\" src=\"https:\/\/bxrepsol.s3.eu-west-1.amazonaws.com\/static\/2023\/08\/20123746\/JRB8681-scaled.jpg\"\/><\/a><a target=\"_blank\" href=\"https:\/\/bxrepsol.s3.eu-west-1.amazonaws.com\/static\/2023\/08\/20123803\/JRB5686-scaled.jpg\" data-index=\"2\" rel=\"noopener\"><img decoding=\"async\" src=\"https:\/\/bxrepsol.s3.eu-west-1.amazonaws.com\/static\/2023\/08\/20123803\/JRB5686-scaled.jpg\"\/><\/a><a target=\"_blank\" href=\"https:\/\/bxrepsol.s3.eu-west-1.amazonaws.com\/static\/2023\/08\/20123809\/JRB8440-scaled.jpg\" data-index=\"3\" rel=\"noopener\"><img decoding=\"async\" src=\"https:\/\/bxrepsol.s3.eu-west-1.amazonaws.com\/static\/2023\/08\/20123809\/JRB8440-scaled.jpg\"\/><\/a><a target=\"_blank\" href=\"https:\/\/bxrepsol.s3.eu-west-1.amazonaws.com\/static\/2023\/08\/20123815\/JRB8635-scaled.jpg\" data-index=\"4\" rel=\"noopener\"><img decoding=\"async\" src=\"https:\/\/bxrepsol.s3.eu-west-1.amazonaws.com\/static\/2023\/08\/20123815\/JRB8635-scaled.jpg\"\/><\/a><\/div><div class=\"br-slider-buttons\"><button class=\"arrow rds-icon arrow--left rds-icon-Arrow_left\"><\/button><button class=\"arrow rds-icon arrow--right rds-icon-Arrow_right\"><\/button><\/div><\/div>\n\n\n\n<h2 class=\"wp-block-heading\"><strong>Statements<\/strong><\/h2>\n\n\n\n<h3 class=\"wp-block-heading\"><strong>Marc M\u00e1rquez<\/strong><\/h3>\n\n\n\n<p>&#8220;The result of this Grand Prix was a culmination of the new approach we are taking as in Silverstone. We are trying to understand many things with the bike and avoid falling, finally we finished a race. At one point in the race my times were quite good, but I was the only one with the soft rear. It\u2019s good to finish a race but obviously we are aiming for more and we need to keep on working. It\u2019s been a busy weekend here in Austria and now we see what\u2019s possible in Montmel\u00f3.\u201d<\/p>\n\n\n\n<h3 class=\"wp-block-heading\"><strong>Joan Mir<\/strong><\/h3>\n\n\n\n<p>&#8220;I\u2019m not happy about today, I felt that we were doing a solid weekend for our situation. It\u2019s a shame to fall and miss out on more laps. I had something with the brakes, which can always be a critical point here, and then I went wide and lost the front. When you\u2019re riding on the limit and have a small problem, it\u2019s difficult to stay on a bike. The positives are that I was able to fighting with Marc across the weekend and I was not as far behind as previous races. We improved our confidence too so we need to carry this feeling into the next races.\u201d<\/p>\n","protected":false},"excerpt":{"rendered":"<p>Pecco Bagnaia wins at Red Bull Ring<\/p>\n","protected":false},"author":420,"featured_media":104718,"comment_status":"open","ping_status":"open","sticky":false,"template":"","format":"standard","meta":{"footnotes":""},"categories":[146],"tags":[275,282,283,319,284],"class_list":["post-104717","post","type-post","status-publish","format-standard","hentry","category-motogp-en","tag-2023-en","tag-joan-mir-en","tag-marc-marquez-en","tag-motogp-austria-2","tag-repsol-honda-team-en"],"yoast_head":"<!-- This site is optimized with the Yoast SEO plugin v27.3 - https:\/\/yoast.com\/product\/yoast-seo-wordpress\/ -->\n<title>2023 Austrian GP Results - Box Repsol<\/title>\n<meta name=\"description\" content=\"MotoGP results for the 2023 Austrian, held at the Red Bull Ring.\" \/>\n<link rel=\"canonical\" href=\"https:\/\/www.boxrepsol.com\/en\/motogp-en\/2023-austrian-gp-results\/\" \/>\n<meta property=\"og:locale\" content=\"en_US\" \/>\n<meta property=\"og:type\" content=\"article\" \/>\n<meta property=\"og:title\" content=\"2023 Austrian GP Results - Box Repsol\" \/>\n<meta property=\"og:description\" content=\"MotoGP results for the 2023 Austrian, held at the Red Bull Ring.\" \/>\n<meta property=\"og:url\" content=\"https:\/\/www.boxrepsol.com\/en\/motogp-en\/2023-austrian-gp-results\/\" \/>\n<meta property=\"og:site_name\" content=\"Box Repsol\" \/>\n<meta property=\"article:publisher\" content=\"https:\/\/www.facebook.com\/BoxRepsol\" \/>\n<meta property=\"article:published_time\" content=\"2023-08-20T12:56:48+00:00\" \/>\n<meta property=\"article:modified_time\" content=\"2023-08-20T15:38:43+00:00\" \/>\n<meta property=\"og:image\" content=\"https:\/\/bxrepsol.s3.eu-west-1.amazonaws.com\/static\/2023\/08\/20090928\/A1X2270-copia.jpg\" \/>\n\t<meta property=\"og:image:width\" content=\"1280\" \/>\n\t<meta property=\"og:image:height\" content=\"600\" \/>\n\t<meta property=\"og:image:type\" content=\"image\/jpeg\" \/>\n<meta name=\"author\" content=\"Box Repsol\" \/>\n<meta name=\"twitter:card\" content=\"summary_large_image\" \/>\n<meta name=\"twitter:creator\" content=\"@box_repsol\" \/>\n<meta name=\"twitter:site\" content=\"@box_repsol\" \/>\n<meta name=\"twitter:label1\" content=\"Written by\" \/>\n\t<meta name=\"twitter:data1\" content=\"Box Repsol\" \/>\n\t<meta name=\"twitter:label2\" content=\"Est. reading time\" \/>\n\t<meta name=\"twitter:data2\" content=\"3 minutes\" \/>\n<script type=\"application\/ld+json\" class=\"yoast-schema-graph\">{\"@context\":\"https:\\\/\\\/schema.org\",\"@graph\":[{\"@type\":\"Article\",\"@id\":\"https:\\\/\\\/www.boxrepsol.com\\\/en\\\/motogp-en\\\/2023-austrian-gp-results\\\/#article\",\"isPartOf\":{\"@id\":\"https:\\\/\\\/www.boxrepsol.com\\\/en\\\/motogp-en\\\/2023-austrian-gp-results\\\/\"},\"author\":{\"name\":\"Box Repsol\",\"@id\":\"https:\\\/\\\/www.boxrepsol.com\\\/en\\\/#\\\/schema\\\/person\\\/a304b5b3c460915ddb7f228f02936d04\"},\"headline\":\"2023 Austrian GP Results\",\"datePublished\":\"2023-08-20T12:56:48+00:00\",\"dateModified\":\"2023-08-20T15:38:43+00:00\",\"mainEntityOfPage\":{\"@id\":\"https:\\\/\\\/www.boxrepsol.com\\\/en\\\/motogp-en\\\/2023-austrian-gp-results\\\/\"},\"wordCount\":567,\"commentCount\":0,\"publisher\":{\"@id\":\"https:\\\/\\\/www.boxrepsol.com\\\/en\\\/#organization\"},\"image\":{\"@id\":\"https:\\\/\\\/www.boxrepsol.com\\\/en\\\/motogp-en\\\/2023-austrian-gp-results\\\/#primaryimage\"},\"thumbnailUrl\":\"https:\\\/\\\/bxrepsol.s3.eu-west-1.amazonaws.com\\\/static\\\/2023\\\/08\\\/20090928\\\/A1X2270-copia.jpg\",\"keywords\":[\"2023\",\"Joan Mir\",\"Marc M\u00e1rquez\",\"MotoGP Austria\",\"Repsol Honda Team\"],\"articleSection\":[\"MotoGP\"],\"inLanguage\":\"en-US\",\"potentialAction\":[{\"@type\":\"CommentAction\",\"name\":\"Comment\",\"target\":[\"https:\\\/\\\/www.boxrepsol.com\\\/en\\\/motogp-en\\\/2023-austrian-gp-results\\\/#respond\"]}]},{\"@type\":\"WebPage\",\"@id\":\"https:\\\/\\\/www.boxrepsol.com\\\/en\\\/motogp-en\\\/2023-austrian-gp-results\\\/\",\"url\":\"https:\\\/\\\/www.boxrepsol.com\\\/en\\\/motogp-en\\\/2023-austrian-gp-results\\\/\",\"name\":\"2023 Austrian GP Results - Box Repsol\",\"isPartOf\":{\"@id\":\"https:\\\/\\\/www.boxrepsol.com\\\/en\\\/#website\"},\"primaryImageOfPage\":{\"@id\":\"https:\\\/\\\/www.boxrepsol.com\\\/en\\\/motogp-en\\\/2023-austrian-gp-results\\\/#primaryimage\"},\"image\":{\"@id\":\"https:\\\/\\\/www.boxrepsol.com\\\/en\\\/motogp-en\\\/2023-austrian-gp-results\\\/#primaryimage\"},\"thumbnailUrl\":\"https:\\\/\\\/bxrepsol.s3.eu-west-1.amazonaws.com\\\/static\\\/2023\\\/08\\\/20090928\\\/A1X2270-copia.jpg\",\"datePublished\":\"2023-08-20T12:56:48+00:00\",\"dateModified\":\"2023-08-20T15:38:43+00:00\",\"description\":\"MotoGP results for the 2023 Austrian, held at the Red Bull Ring.\",\"breadcrumb\":{\"@id\":\"https:\\\/\\\/www.boxrepsol.com\\\/en\\\/motogp-en\\\/2023-austrian-gp-results\\\/#breadcrumb\"},\"inLanguage\":\"en-US\",\"potentialAction\":[{\"@type\":\"ReadAction\",\"target\":[\"https:\\\/\\\/www.boxrepsol.com\\\/en\\\/motogp-en\\\/2023-austrian-gp-results\\\/\"]}]},{\"@type\":\"ImageObject\",\"inLanguage\":\"en-US\",\"@id\":\"https:\\\/\\\/www.boxrepsol.com\\\/en\\\/motogp-en\\\/2023-austrian-gp-results\\\/#primaryimage\",\"url\":\"https:\\\/\\\/bxrepsol.s3.eu-west-1.amazonaws.com\\\/static\\\/2023\\\/08\\\/20090928\\\/A1X2270-copia.jpg\",\"contentUrl\":\"https:\\\/\\\/bxrepsol.s3.eu-west-1.amazonaws.com\\\/static\\\/2023\\\/08\\\/20090928\\\/A1X2270-copia.jpg\",\"width\":1280,\"height\":600},{\"@type\":\"BreadcrumbList\",\"@id\":\"https:\\\/\\\/www.boxrepsol.com\\\/en\\\/motogp-en\\\/2023-austrian-gp-results\\\/#breadcrumb\",\"itemListElement\":[{\"@type\":\"ListItem\",\"position\":1,\"name\":\"Home\",\"item\":\"https:\\\/\\\/www.boxrepsol.com\\\/en\\\/\"},{\"@type\":\"ListItem\",\"position\":2,\"name\":\"2023 Austrian GP Results\"}]},{\"@type\":\"WebSite\",\"@id\":\"https:\\\/\\\/www.boxrepsol.com\\\/en\\\/#website\",\"url\":\"https:\\\/\\\/www.boxrepsol.com\\\/en\\\/\",\"name\":\"Box Repsol\",\"description\":\"Box Repsol Site\",\"publisher\":{\"@id\":\"https:\\\/\\\/www.boxrepsol.com\\\/en\\\/#organization\"},\"potentialAction\":[{\"@type\":\"SearchAction\",\"target\":{\"@type\":\"EntryPoint\",\"urlTemplate\":\"https:\\\/\\\/www.boxrepsol.com\\\/en\\\/?s={search_term_string}\"},\"query-input\":{\"@type\":\"PropertyValueSpecification\",\"valueRequired\":true,\"valueName\":\"search_term_string\"}}],\"inLanguage\":\"en-US\"},{\"@type\":\"Organization\",\"@id\":\"https:\\\/\\\/www.boxrepsol.com\\\/en\\\/#organization\",\"name\":\"Box Repsol\",\"url\":\"https:\\\/\\\/www.boxrepsol.com\\\/en\\\/\",\"logo\":{\"@type\":\"ImageObject\",\"inLanguage\":\"en-US\",\"@id\":\"https:\\\/\\\/www.boxrepsol.com\\\/en\\\/#\\\/schema\\\/logo\\\/image\\\/\",\"url\":\"https:\\\/\\\/bxrepsol.s3.eu-west-1.amazonaws.com\\\/static\\\/2025\\\/07\\\/30083337\\\/favicon-96x96-1.png\",\"contentUrl\":\"https:\\\/\\\/bxrepsol.s3.eu-west-1.amazonaws.com\\\/static\\\/2025\\\/07\\\/30083337\\\/favicon-96x96-1.png\",\"width\":96,\"height\":96,\"caption\":\"Box Repsol\"},\"image\":{\"@id\":\"https:\\\/\\\/www.boxrepsol.com\\\/en\\\/#\\\/schema\\\/logo\\\/image\\\/\"},\"sameAs\":[\"https:\\\/\\\/www.facebook.com\\\/BoxRepsol\",\"https:\\\/\\\/x.com\\\/box_repsol\",\"http:\\\/\\\/instagram.com\\\/box_repsol\",\"https:\\\/\\\/www.youtube.com\\\/user\\\/RepsolCompeticion\",\"https:\\\/\\\/www.flickr.com\\\/photos\\\/box_repsol\\\/\"]},{\"@type\":\"Person\",\"@id\":\"https:\\\/\\\/www.boxrepsol.com\\\/en\\\/#\\\/schema\\\/person\\\/a304b5b3c460915ddb7f228f02936d04\",\"name\":\"Box Repsol\",\"image\":{\"@type\":\"ImageObject\",\"inLanguage\":\"en-US\",\"@id\":\"https:\\\/\\\/secure.gravatar.com\\\/avatar\\\/9ae0581d29a1ca8b367925254de91c0e8e82366e47ed92bc1f4e871c6772a796?s=96&d=mm&r=g\",\"url\":\"https:\\\/\\\/secure.gravatar.com\\\/avatar\\\/9ae0581d29a1ca8b367925254de91c0e8e82366e47ed92bc1f4e871c6772a796?s=96&d=mm&r=g\",\"contentUrl\":\"https:\\\/\\\/secure.gravatar.com\\\/avatar\\\/9ae0581d29a1ca8b367925254de91c0e8e82366e47ed92bc1f4e871c6772a796?s=96&d=mm&r=g\",\"caption\":\"Box Repsol\"},\"sameAs\":[\"https:\\\/\\\/www.boxrepsol.com\\\/es\\\/\"],\"url\":\"https:\\\/\\\/www.boxrepsol.com\\\/en\\\/author\\\/paznar\\\/\"}]}<\/script>\n<!-- \/ Yoast SEO plugin. -->","yoast_head_json":{"title":"2023 Austrian GP Results - Box Repsol","description":"MotoGP results for the 2023 Austrian, held at the Red Bull Ring.","canonical":"https:\/\/www.boxrepsol.com\/en\/motogp-en\/2023-austrian-gp-results\/","og_locale":"en_US","og_type":"article","og_title":"2023 Austrian GP Results - Box Repsol","og_description":"MotoGP results for the 2023 Austrian, held at the Red Bull Ring.","og_url":"https:\/\/www.boxrepsol.com\/en\/motogp-en\/2023-austrian-gp-results\/","og_site_name":"Box Repsol","article_publisher":"https:\/\/www.facebook.com\/BoxRepsol","article_published_time":"2023-08-20T12:56:48+00:00","article_modified_time":"2023-08-20T15:38:43+00:00","og_image":[{"width":1280,"height":600,"url":"https:\/\/bxrepsol.s3.eu-west-1.amazonaws.com\/static\/2023\/08\/20090928\/A1X2270-copia.jpg","type":"image\/jpeg"}],"author":"Box Repsol","twitter_card":"summary_large_image","twitter_creator":"@box_repsol","twitter_site":"@box_repsol","twitter_misc":{"Written by":"Box Repsol","Est. reading time":"3 minutes"},"schema":{"@context":"https:\/\/schema.org","@graph":[{"@type":"Article","@id":"https:\/\/www.boxrepsol.com\/en\/motogp-en\/2023-austrian-gp-results\/#article","isPartOf":{"@id":"https:\/\/www.boxrepsol.com\/en\/motogp-en\/2023-austrian-gp-results\/"},"author":{"name":"Box Repsol","@id":"https:\/\/www.boxrepsol.com\/en\/#\/schema\/person\/a304b5b3c460915ddb7f228f02936d04"},"headline":"2023 Austrian GP Results","datePublished":"2023-08-20T12:56:48+00:00","dateModified":"2023-08-20T15:38:43+00:00","mainEntityOfPage":{"@id":"https:\/\/www.boxrepsol.com\/en\/motogp-en\/2023-austrian-gp-results\/"},"wordCount":567,"commentCount":0,"publisher":{"@id":"https:\/\/www.boxrepsol.com\/en\/#organization"},"image":{"@id":"https:\/\/www.boxrepsol.com\/en\/motogp-en\/2023-austrian-gp-results\/#primaryimage"},"thumbnailUrl":"https:\/\/bxrepsol.s3.eu-west-1.amazonaws.com\/static\/2023\/08\/20090928\/A1X2270-copia.jpg","keywords":["2023","Joan Mir","Marc M\u00e1rquez","MotoGP Austria","Repsol Honda Team"],"articleSection":["MotoGP"],"inLanguage":"en-US","potentialAction":[{"@type":"CommentAction","name":"Comment","target":["https:\/\/www.boxrepsol.com\/en\/motogp-en\/2023-austrian-gp-results\/#respond"]}]},{"@type":"WebPage","@id":"https:\/\/www.boxrepsol.com\/en\/motogp-en\/2023-austrian-gp-results\/","url":"https:\/\/www.boxrepsol.com\/en\/motogp-en\/2023-austrian-gp-results\/","name":"2023 Austrian GP Results - Box Repsol","isPartOf":{"@id":"https:\/\/www.boxrepsol.com\/en\/#website"},"primaryImageOfPage":{"@id":"https:\/\/www.boxrepsol.com\/en\/motogp-en\/2023-austrian-gp-results\/#primaryimage"},"image":{"@id":"https:\/\/www.boxrepsol.com\/en\/motogp-en\/2023-austrian-gp-results\/#primaryimage"},"thumbnailUrl":"https:\/\/bxrepsol.s3.eu-west-1.amazonaws.com\/static\/2023\/08\/20090928\/A1X2270-copia.jpg","datePublished":"2023-08-20T12:56:48+00:00","dateModified":"2023-08-20T15:38:43+00:00","description":"MotoGP results for the 2023 Austrian, held at the Red Bull Ring.","breadcrumb":{"@id":"https:\/\/www.boxrepsol.com\/en\/motogp-en\/2023-austrian-gp-results\/#breadcrumb"},"inLanguage":"en-US","potentialAction":[{"@type":"ReadAction","target":["https:\/\/www.boxrepsol.com\/en\/motogp-en\/2023-austrian-gp-results\/"]}]},{"@type":"ImageObject","inLanguage":"en-US","@id":"https:\/\/www.boxrepsol.com\/en\/motogp-en\/2023-austrian-gp-results\/#primaryimage","url":"https:\/\/bxrepsol.s3.eu-west-1.amazonaws.com\/static\/2023\/08\/20090928\/A1X2270-copia.jpg","contentUrl":"https:\/\/bxrepsol.s3.eu-west-1.amazonaws.com\/static\/2023\/08\/20090928\/A1X2270-copia.jpg","width":1280,"height":600},{"@type":"BreadcrumbList","@id":"https:\/\/www.boxrepsol.com\/en\/motogp-en\/2023-austrian-gp-results\/#breadcrumb","itemListElement":[{"@type":"ListItem","position":1,"name":"Home","item":"https:\/\/www.boxrepsol.com\/en\/"},{"@type":"ListItem","position":2,"name":"2023 Austrian GP Results"}]},{"@type":"WebSite","@id":"https:\/\/www.boxrepsol.com\/en\/#website","url":"https:\/\/www.boxrepsol.com\/en\/","name":"Box Repsol","description":"Box Repsol Site","publisher":{"@id":"https:\/\/www.boxrepsol.com\/en\/#organization"},"potentialAction":[{"@type":"SearchAction","target":{"@type":"EntryPoint","urlTemplate":"https:\/\/www.boxrepsol.com\/en\/?s={search_term_string}"},"query-input":{"@type":"PropertyValueSpecification","valueRequired":true,"valueName":"search_term_string"}}],"inLanguage":"en-US"},{"@type":"Organization","@id":"https:\/\/www.boxrepsol.com\/en\/#organization","name":"Box Repsol","url":"https:\/\/www.boxrepsol.com\/en\/","logo":{"@type":"ImageObject","inLanguage":"en-US","@id":"https:\/\/www.boxrepsol.com\/en\/#\/schema\/logo\/image\/","url":"https:\/\/bxrepsol.s3.eu-west-1.amazonaws.com\/static\/2025\/07\/30083337\/favicon-96x96-1.png","contentUrl":"https:\/\/bxrepsol.s3.eu-west-1.amazonaws.com\/static\/2025\/07\/30083337\/favicon-96x96-1.png","width":96,"height":96,"caption":"Box Repsol"},"image":{"@id":"https:\/\/www.boxrepsol.com\/en\/#\/schema\/logo\/image\/"},"sameAs":["https:\/\/www.facebook.com\/BoxRepsol","https:\/\/x.com\/box_repsol","http:\/\/instagram.com\/box_repsol","https:\/\/www.youtube.com\/user\/RepsolCompeticion","https:\/\/www.flickr.com\/photos\/box_repsol\/"]},{"@type":"Person","@id":"https:\/\/www.boxrepsol.com\/en\/#\/schema\/person\/a304b5b3c460915ddb7f228f02936d04","name":"Box Repsol","image":{"@type":"ImageObject","inLanguage":"en-US","@id":"https:\/\/secure.gravatar.com\/avatar\/9ae0581d29a1ca8b367925254de91c0e8e82366e47ed92bc1f4e871c6772a796?s=96&d=mm&r=g","url":"https:\/\/secure.gravatar.com\/avatar\/9ae0581d29a1ca8b367925254de91c0e8e82366e47ed92bc1f4e871c6772a796?s=96&d=mm&r=g","contentUrl":"https:\/\/secure.gravatar.com\/avatar\/9ae0581d29a1ca8b367925254de91c0e8e82366e47ed92bc1f4e871c6772a796?s=96&d=mm&r=g","caption":"Box Repsol"},"sameAs":["https:\/\/www.boxrepsol.com\/es\/"],"url":"https:\/\/www.boxrepsol.com\/en\/author\/paznar\/"}]}},"_links":{"self":[{"href":"https:\/\/www.boxrepsol.com\/en\/wp-json\/wp\/v2\/posts\/104717","targetHints":{"allow":["GET"]}}],"collection":[{"href":"https:\/\/www.boxrepsol.com\/en\/wp-json\/wp\/v2\/posts"}],"about":[{"href":"https:\/\/www.boxrepsol.com\/en\/wp-json\/wp\/v2\/types\/post"}],"author":[{"embeddable":true,"href":"https:\/\/www.boxrepsol.com\/en\/wp-json\/wp\/v2\/users\/420"}],"replies":[{"embeddable":true,"href":"https:\/\/www.boxrepsol.com\/en\/wp-json\/wp\/v2\/comments?post=104717"}],"version-history":[{"count":7,"href":"https:\/\/www.boxrepsol.com\/en\/wp-json\/wp\/v2\/posts\/104717\/revisions"}],"predecessor-version":[{"id":104750,"href":"https:\/\/www.boxrepsol.com\/en\/wp-json\/wp\/v2\/posts\/104717\/revisions\/104750"}],"wp:featuredmedia":[{"embeddable":true,"href":"https:\/\/www.boxrepsol.com\/en\/wp-json\/wp\/v2\/media\/104718"}],"wp:attachment":[{"href":"https:\/\/www.boxrepsol.com\/en\/wp-json\/wp\/v2\/media?parent=104717"}],"wp:term":[{"taxonomy":"category","embeddable":true,"href":"https:\/\/www.boxrepsol.com\/en\/wp-json\/wp\/v2\/categories?post=104717"},{"taxonomy":"post_tag","embeddable":true,"href":"https:\/\/www.boxrepsol.com\/en\/wp-json\/wp\/v2\/tags?post=104717"}],"curies":[{"name":"wp","href":"https:\/\/api.w.org\/{rel}","templated":true}]}}