{"id":103700,"date":"2023-06-25T10:57:14","date_gmt":"2023-06-25T12:57:14","guid":{"rendered":"https:\/\/www.boxrepsol.com\/uncategorized\/resultados-del-gp-de-los-paises-bajos-de-motogp-2023\/"},"modified":"2023-06-25T12:33:45","modified_gmt":"2023-06-25T14:33:45","slug":"2023-dutch-gp-results","status":"publish","type":"post","link":"https:\/\/www.boxrepsol.com\/en\/motogp-en\/2023-dutch-gp-results\/","title":{"rendered":"2023 Dutch GP Results"},"content":{"rendered":"<figure class=\"wp-block-post-featured-image\"><img loading=\"lazy\" decoding=\"async\" width=\"1280\" height=\"600\" src=\"https:\/\/bxrepsol.s3.eu-west-1.amazonaws.com\/static\/2023\/06\/25073724\/JRB2552-copia.jpg\" class=\"attachment-post-thumbnail size-post-thumbnail wp-post-image\" alt=\"\" style=\"object-fit:cover;\" srcset=\"https:\/\/bxrepsol.s3.eu-west-1.amazonaws.com\/static\/2023\/06\/25073724\/JRB2552-copia.jpg 1280w, https:\/\/bxrepsol.s3.eu-west-1.amazonaws.com\/static\/2023\/06\/25073724\/JRB2552-copia-300x141.jpg 300w, https:\/\/bxrepsol.s3.eu-west-1.amazonaws.com\/static\/2023\/06\/25073724\/JRB2552-copia-1024x480.jpg 1024w, https:\/\/bxrepsol.s3.eu-west-1.amazonaws.com\/static\/2023\/06\/25073724\/JRB2552-copia-768x360.jpg 768w\" sizes=\"auto, (max-width: 1280px) 100vw, 1280px\" \/><\/figure>\n\n\n<p><strong>Pecco Bagnaia (Ducati)<\/strong> won the Dutch TT in a race affected by crashes and retirements. Marco Bezzecchi (Ducati) and Aleix Espargar\u00f3 (Aprilia) rounded off the podium at <strong>Assen<\/strong>.<\/p>\n\n\n\n<p>Brad Binder (KTM), Jorge Mart\u00edn (Ducati), \u00c1lex M\u00e1rquez (Ducati), Luca Marini (Ducati), Takaaki Nakagami (Honda), Franco Morbidelli (Yamaha) and Augusto Fern\u00e1ndez (KTM) completed the <strong>Top 10<\/strong> in the Netherlands.<\/p>\n\n\n\n<p>The next <a href=\"https:\/\/www.boxrepsol.com\/en\/calendario-gp\/motogp-2023-calendar\/\"><strong>MotoGP World Championship <\/strong>round<\/a> will be in August, after the summer break, at the <strong>Silverstone Circuit<\/strong> in the United Kingdom.<\/p>\n\n\n\n<h3 class=\"wp-block-heading\"><strong>Ups and downs for Repsol Honda Team<\/strong><\/h3>\n\n\n\n<p>After riding in all the sessions during the weekend, Marc M\u00e1rquez was declared unfit for the race and was <a href=\"https:\/\/www.boxrepsol.com\/en\/motogp-en\/marquez-to-miss-dutch-gp\/\">withdrawn from the Dutch TT<\/a>. The<strong> Repsol Honda Team <\/strong>rider will focus on recovering during the summer break to return at Silverstone 100% fit.<\/p>\n\n\n\n<p><strong>Iker Lecuona<\/strong> retired early in his second weekend as a <strong>substitute rider for the Repsol Honda Team<\/strong>, after challenging for points. Technical problems ended his Sunday early, but he concludes the visit to Assen satisfied with how his performance has evolved throughout the weekend.<\/p>\n\n\n\n<h3 class=\"wp-block-heading\"><strong><strong>Dutch GP: Race Results (26 laps)<\/strong><\/strong><\/h3>\n\n\n\n<figure class=\"wp-block-table is-style-stripes\"><table><tbody><tr><td><strong>RIDER<\/strong><\/td><td><strong>TEAM<\/strong><\/td><td><strong>TIME<\/strong><\/td><\/tr><tr><td>1. Pecco Bagnaia<\/td><td>DUCATI<\/td><td>40:37.640<\/td><\/tr><tr><td>2. Marco Bezzecchi<\/td><td>DUCATI<\/td><td>+1.223<\/td><\/tr><tr><td>3. Aleix Espargar\u00f3<\/td><td>APRILIA<\/td><td>+1.925<\/td><\/tr><tr><td>4. Brad Binder<\/td><td>KTM<\/td><td>+1.528<\/td><\/tr><tr><td>5. Jorge Mart\u00edn<\/td><td>DUCATI<\/td><td>+1.934<\/td><\/tr><tr><td>6. \u00c1lex M\u00e1rquez<\/td><td>DUCATI<\/td><td>+12.437<\/td><\/tr><tr><td>7. Luca Marini<\/td><td>DUCATI<\/td><td>+14.174<\/td><\/tr><tr><td>8. Takaaki Nakagami<\/td><td>HONDA<\/td><td>+14.616<\/td><\/tr><tr><td>9. Franco Morbidelli<\/td><td>YAMAHA<\/td><td>+29.335<\/td><\/tr><tr><td>10. Augusto Fern\u00e1ndez<\/td><td>KTM<\/td><td>+33.736<\/td><\/tr><tr><td><strong>Iker Lecuona<\/strong><\/td><td><strong>REPSOL HONDA<\/strong><\/td><td><strong>DNF<\/strong><\/td><\/tr><\/tbody><\/table><\/figure>\n\n\n\n<h3 class=\"wp-block-heading\"><strong>Full Standings<\/strong><\/h3>\n\n\n\n<figure class=\"wp-block-table is-style-stripes\"><table><tbody><tr><td><strong>RIDER<\/strong><\/td><td><strong>TEAM<\/strong><\/td><td><strong>POINTS<\/strong><\/td><\/tr><tr><td>1. Pecco Bagnaia<\/td><td>DUCATI<\/td><td>194<\/td><\/tr><tr><td>2. Jorge Mart\u00edn<\/td><td>DUCATI<\/td><td>159<\/td><\/tr><tr><td>3. Marco Bezzecchi<\/td><td>DUCATI<\/td><td>158<\/td><\/tr><tr><td>4. Brad Binder<\/td><td>KTM<\/td><td>114<\/td><\/tr><tr><td>5. Johann Zarco<\/td><td>DUCATI<\/td><td>109<\/td><\/tr><tr><td>6. Luca Marini<\/td><td>DUCATI<\/td><td>98<\/td><\/tr><tr><td>7. Jack Miller<\/td><td>KTM<\/td><td>79<\/td><\/tr><tr><td>8.  Aleix Espargar\u00f3<\/td><td>APRILIA<\/td><td>77<\/td><\/tr><tr><td>9. Fabio Quartararo<\/td><td>YAMAHA<\/td><td>61<\/td><\/tr><tr><td>10. \u00c1lex M\u00e1rquez<\/td><td>DUCATI<\/td><td>63<\/td><\/tr><tr><td><strong>19<\/strong>. <strong>Marc M\u00e1rquez<\/strong><\/td><td><strong>REPSOL HONDA<\/strong><\/td><td>15<\/td><\/tr><tr><td><strong>26. Joan Mir<\/strong><\/td><td><strong>REPSOL HONDA <\/strong><\/td><td>5<\/td><\/tr><\/tbody><\/table><\/figure>\n\n\n\n<div id=\"cf62f114-bdd2-426f-a9d3-7f68af14b573\" class=\"br-slider-box\"><div class=\"wp-block-create-block-repsol-carousel br-slider\"><a target=\"_blank\" href=\"https:\/\/bxrepsol.s3.eu-west-1.amazonaws.com\/static\/2023\/06\/25122846\/JRB7056-1-scaled.jpg\" data-index=\"0\" rel=\"noopener\"><img decoding=\"async\" src=\"https:\/\/bxrepsol.s3.eu-west-1.amazonaws.com\/static\/2023\/06\/25122846\/JRB7056-1-scaled.jpg\"\/><\/a><a target=\"_blank\" href=\"https:\/\/bxrepsol.s3.eu-west-1.amazonaws.com\/static\/2023\/06\/25122910\/JRB6531-1-scaled.jpg\" data-index=\"1\" rel=\"noopener\"><img decoding=\"async\" src=\"https:\/\/bxrepsol.s3.eu-west-1.amazonaws.com\/static\/2023\/06\/25122910\/JRB6531-1-scaled.jpg\"\/><\/a><a target=\"_blank\" href=\"https:\/\/bxrepsol.s3.eu-west-1.amazonaws.com\/static\/2023\/06\/25122815\/JRB7912-scaled.jpg\" data-index=\"2\" rel=\"noopener\"><img decoding=\"async\" src=\"https:\/\/bxrepsol.s3.eu-west-1.amazonaws.com\/static\/2023\/06\/25122815\/JRB7912-scaled.jpg\"\/><\/a><a target=\"_blank\" href=\"https:\/\/bxrepsol.s3.eu-west-1.amazonaws.com\/static\/2023\/06\/25122840\/A1X0200-1-scaled.jpg\" data-index=\"3\" rel=\"noopener\"><img decoding=\"async\" src=\"https:\/\/bxrepsol.s3.eu-west-1.amazonaws.com\/static\/2023\/06\/25122840\/A1X0200-1-scaled.jpg\"\/><\/a><a target=\"_blank\" href=\"https:\/\/www.boxrepsol.com\/wp-content\/uploads\/2023\/06\/A1X7254-1.jpg\" data-index=\"4\" rel=\"noopener\"><img decoding=\"async\" src=\"https:\/\/www.boxrepsol.com\/wp-content\/uploads\/2023\/06\/A1X7254-1.jpg\"\/><\/a><\/div><div class=\"br-slider-buttons\"><button class=\"arrow rds-icon arrow--left rds-icon-Arrow_left\"><\/button><button class=\"arrow rds-icon arrow--right rds-icon-Arrow_right\"><\/button><\/div><\/div>\n\n\n\n<h2 class=\"wp-block-heading\"><strong>Statements<\/strong><\/h2>\n\n\n\n<h3 class=\"wp-block-heading\"><strong>Marc M\u00e1rquez<\/strong><\/h3>\n\n\n\n<p>&#8220;We arrived here in a difficult condition and it only worsened as the weekend went on. Last night I suffered a lot trying to sleep, when I woke up the pain was very high and I went straight to the medical center. Checks revealed the break in the rib had shifted so we had to miss the race. Now is the time to rest and recover and come back after the summer break fit and ready to keep working.\u201d<\/p>\n\n\n\n<h3 class=\"wp-block-heading\"><strong>Iker Lecuona<\/strong><\/h3>\n\n\n\n<p>&#8220;From Jerez to here was a big improvement in how I felt with the bike. Overall we have had a great weekend, constantly getting faster and improving each time we left the garage. The race we were having today was really good, I was careful at the start and avoided any problems. After this I was able to settle into my own pace and I was able to put my best on track, my confidence was growing with each lap and I was feeling really good. Finally, I was fighting for the top ten and it felt great to be there. I want to thank the entire Repsol Honda Team for their work this weekend.\u201d<\/p>\n","protected":false},"excerpt":{"rendered":"<p>Bagnaia takes another victory in Assen<\/p>\n","protected":false},"author":420,"featured_media":103695,"comment_status":"open","ping_status":"open","sticky":false,"template":"","format":"standard","meta":{"footnotes":""},"categories":[146],"tags":[275,281,311,283,284],"class_list":["post-103700","post","type-post","status-publish","format-standard","hentry","category-motogp-en","tag-2023-en","tag-equipo-repsol-honda-en","tag-iker-lecuona-en","tag-marc-marquez-en","tag-repsol-honda-team-en"],"yoast_head":"<!-- This site is optimized with the Yoast SEO plugin v27.3 - https:\/\/yoast.com\/product\/yoast-seo-wordpress\/ -->\n<title>2023 Dutch GP Results - Box Repsol<\/title>\n<meta name=\"description\" content=\"MotoGP results for the 2023 Dutch GP, held at Assen\" \/>\n<link rel=\"canonical\" href=\"https:\/\/www.boxrepsol.com\/en\/motogp-en\/2023-dutch-gp-results\/\" \/>\n<meta property=\"og:locale\" content=\"en_US\" \/>\n<meta property=\"og:type\" content=\"article\" \/>\n<meta property=\"og:title\" content=\"2023 Dutch GP Results - Box Repsol\" \/>\n<meta property=\"og:description\" content=\"MotoGP results for the 2023 Dutch GP, held at Assen\" \/>\n<meta property=\"og:url\" content=\"https:\/\/www.boxrepsol.com\/en\/motogp-en\/2023-dutch-gp-results\/\" \/>\n<meta property=\"og:site_name\" content=\"Box Repsol\" \/>\n<meta property=\"article:publisher\" content=\"https:\/\/www.facebook.com\/BoxRepsol\" \/>\n<meta property=\"article:published_time\" content=\"2023-06-25T12:57:14+00:00\" \/>\n<meta property=\"article:modified_time\" content=\"2023-06-25T14:33:45+00:00\" \/>\n<meta property=\"og:image\" content=\"https:\/\/bxrepsol.s3.eu-west-1.amazonaws.com\/static\/2023\/06\/25073724\/JRB2552-copia.jpg\" \/>\n\t<meta property=\"og:image:width\" content=\"1280\" \/>\n\t<meta property=\"og:image:height\" content=\"600\" \/>\n\t<meta property=\"og:image:type\" content=\"image\/jpeg\" \/>\n<meta name=\"author\" content=\"Box Repsol\" \/>\n<meta name=\"twitter:card\" content=\"summary_large_image\" \/>\n<meta name=\"twitter:creator\" content=\"@box_repsol\" \/>\n<meta name=\"twitter:site\" content=\"@box_repsol\" \/>\n<meta name=\"twitter:label1\" content=\"Written by\" \/>\n\t<meta name=\"twitter:data1\" content=\"Box Repsol\" \/>\n\t<meta name=\"twitter:label2\" content=\"Est. reading time\" \/>\n\t<meta name=\"twitter:data2\" content=\"2 minutes\" \/>\n<script type=\"application\/ld+json\" class=\"yoast-schema-graph\">{\"@context\":\"https:\\\/\\\/schema.org\",\"@graph\":[{\"@type\":\"Article\",\"@id\":\"https:\\\/\\\/www.boxrepsol.com\\\/en\\\/motogp-en\\\/2023-dutch-gp-results\\\/#article\",\"isPartOf\":{\"@id\":\"https:\\\/\\\/www.boxrepsol.com\\\/en\\\/motogp-en\\\/2023-dutch-gp-results\\\/\"},\"author\":{\"name\":\"Box Repsol\",\"@id\":\"https:\\\/\\\/www.boxrepsol.com\\\/en\\\/#\\\/schema\\\/person\\\/a304b5b3c460915ddb7f228f02936d04\"},\"headline\":\"2023 Dutch GP Results\",\"datePublished\":\"2023-06-25T12:57:14+00:00\",\"dateModified\":\"2023-06-25T14:33:45+00:00\",\"mainEntityOfPage\":{\"@id\":\"https:\\\/\\\/www.boxrepsol.com\\\/en\\\/motogp-en\\\/2023-dutch-gp-results\\\/\"},\"wordCount\":470,\"commentCount\":0,\"publisher\":{\"@id\":\"https:\\\/\\\/www.boxrepsol.com\\\/en\\\/#organization\"},\"image\":{\"@id\":\"https:\\\/\\\/www.boxrepsol.com\\\/en\\\/motogp-en\\\/2023-dutch-gp-results\\\/#primaryimage\"},\"thumbnailUrl\":\"https:\\\/\\\/bxrepsol.s3.eu-west-1.amazonaws.com\\\/static\\\/2023\\\/06\\\/25073724\\\/JRB2552-copia.jpg\",\"keywords\":[\"2023\",\"Equipo Repsol Honda\",\"Iker Lecuona\",\"Marc M\u00e1rquez\",\"Repsol Honda Team\"],\"articleSection\":[\"MotoGP\"],\"inLanguage\":\"en-US\",\"potentialAction\":[{\"@type\":\"CommentAction\",\"name\":\"Comment\",\"target\":[\"https:\\\/\\\/www.boxrepsol.com\\\/en\\\/motogp-en\\\/2023-dutch-gp-results\\\/#respond\"]}]},{\"@type\":\"WebPage\",\"@id\":\"https:\\\/\\\/www.boxrepsol.com\\\/en\\\/motogp-en\\\/2023-dutch-gp-results\\\/\",\"url\":\"https:\\\/\\\/www.boxrepsol.com\\\/en\\\/motogp-en\\\/2023-dutch-gp-results\\\/\",\"name\":\"2023 Dutch GP Results - Box Repsol\",\"isPartOf\":{\"@id\":\"https:\\\/\\\/www.boxrepsol.com\\\/en\\\/#website\"},\"primaryImageOfPage\":{\"@id\":\"https:\\\/\\\/www.boxrepsol.com\\\/en\\\/motogp-en\\\/2023-dutch-gp-results\\\/#primaryimage\"},\"image\":{\"@id\":\"https:\\\/\\\/www.boxrepsol.com\\\/en\\\/motogp-en\\\/2023-dutch-gp-results\\\/#primaryimage\"},\"thumbnailUrl\":\"https:\\\/\\\/bxrepsol.s3.eu-west-1.amazonaws.com\\\/static\\\/2023\\\/06\\\/25073724\\\/JRB2552-copia.jpg\",\"datePublished\":\"2023-06-25T12:57:14+00:00\",\"dateModified\":\"2023-06-25T14:33:45+00:00\",\"description\":\"MotoGP results for the 2023 Dutch GP, held at Assen\",\"breadcrumb\":{\"@id\":\"https:\\\/\\\/www.boxrepsol.com\\\/en\\\/motogp-en\\\/2023-dutch-gp-results\\\/#breadcrumb\"},\"inLanguage\":\"en-US\",\"potentialAction\":[{\"@type\":\"ReadAction\",\"target\":[\"https:\\\/\\\/www.boxrepsol.com\\\/en\\\/motogp-en\\\/2023-dutch-gp-results\\\/\"]}]},{\"@type\":\"ImageObject\",\"inLanguage\":\"en-US\",\"@id\":\"https:\\\/\\\/www.boxrepsol.com\\\/en\\\/motogp-en\\\/2023-dutch-gp-results\\\/#primaryimage\",\"url\":\"https:\\\/\\\/bxrepsol.s3.eu-west-1.amazonaws.com\\\/static\\\/2023\\\/06\\\/25073724\\\/JRB2552-copia.jpg\",\"contentUrl\":\"https:\\\/\\\/bxrepsol.s3.eu-west-1.amazonaws.com\\\/static\\\/2023\\\/06\\\/25073724\\\/JRB2552-copia.jpg\",\"width\":1280,\"height\":600},{\"@type\":\"BreadcrumbList\",\"@id\":\"https:\\\/\\\/www.boxrepsol.com\\\/en\\\/motogp-en\\\/2023-dutch-gp-results\\\/#breadcrumb\",\"itemListElement\":[{\"@type\":\"ListItem\",\"position\":1,\"name\":\"Home\",\"item\":\"https:\\\/\\\/www.boxrepsol.com\\\/en\\\/\"},{\"@type\":\"ListItem\",\"position\":2,\"name\":\"2023 Dutch GP Results\"}]},{\"@type\":\"WebSite\",\"@id\":\"https:\\\/\\\/www.boxrepsol.com\\\/en\\\/#website\",\"url\":\"https:\\\/\\\/www.boxrepsol.com\\\/en\\\/\",\"name\":\"Box Repsol\",\"description\":\"Box Repsol Site\",\"publisher\":{\"@id\":\"https:\\\/\\\/www.boxrepsol.com\\\/en\\\/#organization\"},\"potentialAction\":[{\"@type\":\"SearchAction\",\"target\":{\"@type\":\"EntryPoint\",\"urlTemplate\":\"https:\\\/\\\/www.boxrepsol.com\\\/en\\\/?s={search_term_string}\"},\"query-input\":{\"@type\":\"PropertyValueSpecification\",\"valueRequired\":true,\"valueName\":\"search_term_string\"}}],\"inLanguage\":\"en-US\"},{\"@type\":\"Organization\",\"@id\":\"https:\\\/\\\/www.boxrepsol.com\\\/en\\\/#organization\",\"name\":\"Box Repsol\",\"url\":\"https:\\\/\\\/www.boxrepsol.com\\\/en\\\/\",\"logo\":{\"@type\":\"ImageObject\",\"inLanguage\":\"en-US\",\"@id\":\"https:\\\/\\\/www.boxrepsol.com\\\/en\\\/#\\\/schema\\\/logo\\\/image\\\/\",\"url\":\"https:\\\/\\\/bxrepsol.s3.eu-west-1.amazonaws.com\\\/static\\\/2025\\\/07\\\/30083337\\\/favicon-96x96-1.png\",\"contentUrl\":\"https:\\\/\\\/bxrepsol.s3.eu-west-1.amazonaws.com\\\/static\\\/2025\\\/07\\\/30083337\\\/favicon-96x96-1.png\",\"width\":96,\"height\":96,\"caption\":\"Box Repsol\"},\"image\":{\"@id\":\"https:\\\/\\\/www.boxrepsol.com\\\/en\\\/#\\\/schema\\\/logo\\\/image\\\/\"},\"sameAs\":[\"https:\\\/\\\/www.facebook.com\\\/BoxRepsol\",\"https:\\\/\\\/x.com\\\/box_repsol\",\"http:\\\/\\\/instagram.com\\\/box_repsol\",\"https:\\\/\\\/www.youtube.com\\\/user\\\/RepsolCompeticion\",\"https:\\\/\\\/www.flickr.com\\\/photos\\\/box_repsol\\\/\"]},{\"@type\":\"Person\",\"@id\":\"https:\\\/\\\/www.boxrepsol.com\\\/en\\\/#\\\/schema\\\/person\\\/a304b5b3c460915ddb7f228f02936d04\",\"name\":\"Box Repsol\",\"image\":{\"@type\":\"ImageObject\",\"inLanguage\":\"en-US\",\"@id\":\"https:\\\/\\\/secure.gravatar.com\\\/avatar\\\/9ae0581d29a1ca8b367925254de91c0e8e82366e47ed92bc1f4e871c6772a796?s=96&d=mm&r=g\",\"url\":\"https:\\\/\\\/secure.gravatar.com\\\/avatar\\\/9ae0581d29a1ca8b367925254de91c0e8e82366e47ed92bc1f4e871c6772a796?s=96&d=mm&r=g\",\"contentUrl\":\"https:\\\/\\\/secure.gravatar.com\\\/avatar\\\/9ae0581d29a1ca8b367925254de91c0e8e82366e47ed92bc1f4e871c6772a796?s=96&d=mm&r=g\",\"caption\":\"Box Repsol\"},\"sameAs\":[\"https:\\\/\\\/www.boxrepsol.com\\\/es\\\/\"],\"url\":\"https:\\\/\\\/www.boxrepsol.com\\\/en\\\/author\\\/paznar\\\/\"}]}<\/script>\n<!-- \/ Yoast SEO plugin. -->","yoast_head_json":{"title":"2023 Dutch GP Results - Box Repsol","description":"MotoGP results for the 2023 Dutch GP, held at Assen","canonical":"https:\/\/www.boxrepsol.com\/en\/motogp-en\/2023-dutch-gp-results\/","og_locale":"en_US","og_type":"article","og_title":"2023 Dutch GP Results - Box Repsol","og_description":"MotoGP results for the 2023 Dutch GP, held at Assen","og_url":"https:\/\/www.boxrepsol.com\/en\/motogp-en\/2023-dutch-gp-results\/","og_site_name":"Box Repsol","article_publisher":"https:\/\/www.facebook.com\/BoxRepsol","article_published_time":"2023-06-25T12:57:14+00:00","article_modified_time":"2023-06-25T14:33:45+00:00","og_image":[{"width":1280,"height":600,"url":"https:\/\/bxrepsol.s3.eu-west-1.amazonaws.com\/static\/2023\/06\/25073724\/JRB2552-copia.jpg","type":"image\/jpeg"}],"author":"Box Repsol","twitter_card":"summary_large_image","twitter_creator":"@box_repsol","twitter_site":"@box_repsol","twitter_misc":{"Written by":"Box Repsol","Est. reading time":"2 minutes"},"schema":{"@context":"https:\/\/schema.org","@graph":[{"@type":"Article","@id":"https:\/\/www.boxrepsol.com\/en\/motogp-en\/2023-dutch-gp-results\/#article","isPartOf":{"@id":"https:\/\/www.boxrepsol.com\/en\/motogp-en\/2023-dutch-gp-results\/"},"author":{"name":"Box Repsol","@id":"https:\/\/www.boxrepsol.com\/en\/#\/schema\/person\/a304b5b3c460915ddb7f228f02936d04"},"headline":"2023 Dutch GP Results","datePublished":"2023-06-25T12:57:14+00:00","dateModified":"2023-06-25T14:33:45+00:00","mainEntityOfPage":{"@id":"https:\/\/www.boxrepsol.com\/en\/motogp-en\/2023-dutch-gp-results\/"},"wordCount":470,"commentCount":0,"publisher":{"@id":"https:\/\/www.boxrepsol.com\/en\/#organization"},"image":{"@id":"https:\/\/www.boxrepsol.com\/en\/motogp-en\/2023-dutch-gp-results\/#primaryimage"},"thumbnailUrl":"https:\/\/bxrepsol.s3.eu-west-1.amazonaws.com\/static\/2023\/06\/25073724\/JRB2552-copia.jpg","keywords":["2023","Equipo Repsol Honda","Iker Lecuona","Marc M\u00e1rquez","Repsol Honda Team"],"articleSection":["MotoGP"],"inLanguage":"en-US","potentialAction":[{"@type":"CommentAction","name":"Comment","target":["https:\/\/www.boxrepsol.com\/en\/motogp-en\/2023-dutch-gp-results\/#respond"]}]},{"@type":"WebPage","@id":"https:\/\/www.boxrepsol.com\/en\/motogp-en\/2023-dutch-gp-results\/","url":"https:\/\/www.boxrepsol.com\/en\/motogp-en\/2023-dutch-gp-results\/","name":"2023 Dutch GP Results - Box Repsol","isPartOf":{"@id":"https:\/\/www.boxrepsol.com\/en\/#website"},"primaryImageOfPage":{"@id":"https:\/\/www.boxrepsol.com\/en\/motogp-en\/2023-dutch-gp-results\/#primaryimage"},"image":{"@id":"https:\/\/www.boxrepsol.com\/en\/motogp-en\/2023-dutch-gp-results\/#primaryimage"},"thumbnailUrl":"https:\/\/bxrepsol.s3.eu-west-1.amazonaws.com\/static\/2023\/06\/25073724\/JRB2552-copia.jpg","datePublished":"2023-06-25T12:57:14+00:00","dateModified":"2023-06-25T14:33:45+00:00","description":"MotoGP results for the 2023 Dutch GP, held at Assen","breadcrumb":{"@id":"https:\/\/www.boxrepsol.com\/en\/motogp-en\/2023-dutch-gp-results\/#breadcrumb"},"inLanguage":"en-US","potentialAction":[{"@type":"ReadAction","target":["https:\/\/www.boxrepsol.com\/en\/motogp-en\/2023-dutch-gp-results\/"]}]},{"@type":"ImageObject","inLanguage":"en-US","@id":"https:\/\/www.boxrepsol.com\/en\/motogp-en\/2023-dutch-gp-results\/#primaryimage","url":"https:\/\/bxrepsol.s3.eu-west-1.amazonaws.com\/static\/2023\/06\/25073724\/JRB2552-copia.jpg","contentUrl":"https:\/\/bxrepsol.s3.eu-west-1.amazonaws.com\/static\/2023\/06\/25073724\/JRB2552-copia.jpg","width":1280,"height":600},{"@type":"BreadcrumbList","@id":"https:\/\/www.boxrepsol.com\/en\/motogp-en\/2023-dutch-gp-results\/#breadcrumb","itemListElement":[{"@type":"ListItem","position":1,"name":"Home","item":"https:\/\/www.boxrepsol.com\/en\/"},{"@type":"ListItem","position":2,"name":"2023 Dutch GP Results"}]},{"@type":"WebSite","@id":"https:\/\/www.boxrepsol.com\/en\/#website","url":"https:\/\/www.boxrepsol.com\/en\/","name":"Box Repsol","description":"Box Repsol Site","publisher":{"@id":"https:\/\/www.boxrepsol.com\/en\/#organization"},"potentialAction":[{"@type":"SearchAction","target":{"@type":"EntryPoint","urlTemplate":"https:\/\/www.boxrepsol.com\/en\/?s={search_term_string}"},"query-input":{"@type":"PropertyValueSpecification","valueRequired":true,"valueName":"search_term_string"}}],"inLanguage":"en-US"},{"@type":"Organization","@id":"https:\/\/www.boxrepsol.com\/en\/#organization","name":"Box Repsol","url":"https:\/\/www.boxrepsol.com\/en\/","logo":{"@type":"ImageObject","inLanguage":"en-US","@id":"https:\/\/www.boxrepsol.com\/en\/#\/schema\/logo\/image\/","url":"https:\/\/bxrepsol.s3.eu-west-1.amazonaws.com\/static\/2025\/07\/30083337\/favicon-96x96-1.png","contentUrl":"https:\/\/bxrepsol.s3.eu-west-1.amazonaws.com\/static\/2025\/07\/30083337\/favicon-96x96-1.png","width":96,"height":96,"caption":"Box Repsol"},"image":{"@id":"https:\/\/www.boxrepsol.com\/en\/#\/schema\/logo\/image\/"},"sameAs":["https:\/\/www.facebook.com\/BoxRepsol","https:\/\/x.com\/box_repsol","http:\/\/instagram.com\/box_repsol","https:\/\/www.youtube.com\/user\/RepsolCompeticion","https:\/\/www.flickr.com\/photos\/box_repsol\/"]},{"@type":"Person","@id":"https:\/\/www.boxrepsol.com\/en\/#\/schema\/person\/a304b5b3c460915ddb7f228f02936d04","name":"Box Repsol","image":{"@type":"ImageObject","inLanguage":"en-US","@id":"https:\/\/secure.gravatar.com\/avatar\/9ae0581d29a1ca8b367925254de91c0e8e82366e47ed92bc1f4e871c6772a796?s=96&d=mm&r=g","url":"https:\/\/secure.gravatar.com\/avatar\/9ae0581d29a1ca8b367925254de91c0e8e82366e47ed92bc1f4e871c6772a796?s=96&d=mm&r=g","contentUrl":"https:\/\/secure.gravatar.com\/avatar\/9ae0581d29a1ca8b367925254de91c0e8e82366e47ed92bc1f4e871c6772a796?s=96&d=mm&r=g","caption":"Box Repsol"},"sameAs":["https:\/\/www.boxrepsol.com\/es\/"],"url":"https:\/\/www.boxrepsol.com\/en\/author\/paznar\/"}]}},"_links":{"self":[{"href":"https:\/\/www.boxrepsol.com\/en\/wp-json\/wp\/v2\/posts\/103700","targetHints":{"allow":["GET"]}}],"collection":[{"href":"https:\/\/www.boxrepsol.com\/en\/wp-json\/wp\/v2\/posts"}],"about":[{"href":"https:\/\/www.boxrepsol.com\/en\/wp-json\/wp\/v2\/types\/post"}],"author":[{"embeddable":true,"href":"https:\/\/www.boxrepsol.com\/en\/wp-json\/wp\/v2\/users\/420"}],"replies":[{"embeddable":true,"href":"https:\/\/www.boxrepsol.com\/en\/wp-json\/wp\/v2\/comments?post=103700"}],"version-history":[{"count":3,"href":"https:\/\/www.boxrepsol.com\/en\/wp-json\/wp\/v2\/posts\/103700\/revisions"}],"predecessor-version":[{"id":103728,"href":"https:\/\/www.boxrepsol.com\/en\/wp-json\/wp\/v2\/posts\/103700\/revisions\/103728"}],"wp:featuredmedia":[{"embeddable":true,"href":"https:\/\/www.boxrepsol.com\/en\/wp-json\/wp\/v2\/media\/103695"}],"wp:attachment":[{"href":"https:\/\/www.boxrepsol.com\/en\/wp-json\/wp\/v2\/media?parent=103700"}],"wp:term":[{"taxonomy":"category","embeddable":true,"href":"https:\/\/www.boxrepsol.com\/en\/wp-json\/wp\/v2\/categories?post=103700"},{"taxonomy":"post_tag","embeddable":true,"href":"https:\/\/www.boxrepsol.com\/en\/wp-json\/wp\/v2\/tags?post=103700"}],"curies":[{"name":"wp","href":"https:\/\/api.w.org\/{rel}","templated":true}]}}